{"id":292284,"date":"2023-12-07T09:28:05","date_gmt":"2023-12-07T05:28:05","guid":{"rendered":"https:\/\/www.meydan.tv\/?p=292284"},"modified":"2023-12-07T09:28:08","modified_gmt":"2023-12-07T05:28:08","slug":"baki-ve-etraf-rayonlar-seher-saatlarinda-silkelendi","status":"publish","type":"post","link":"https:\/\/www.meydan.tv\/az\/article\/baki-ve-etraf-rayonlar-seher-saatlarinda-silkelendi\/","title":{"rendered":"Bak\u0131 v\u0259 \u0259traf rayonlar s\u0259h\u0259r saatlar\u0131nda silk\u0259l\u0259ndi"},"content":{"rendered":"\n<p><strong><em>X\u0259z\u0259rd\u0259 z\u0259lz\u0259l\u0259 qeyd\u0259 al\u0131n\u0131b<\/em><\/strong><\/p>\n\n\n\n<p>Bu g\u00fcn yerli vaxtla saat 08:16-da X\u0259z\u0259r d\u0259nizind\u0259 maqnitudas\u0131 5.6 olan z\u0259lz\u0259l\u0259 ba\u015f verib.<\/p>\n\n\n\n<p>Respublika Seysmoloji Xidm\u0259t M\u0259rk\u0259zinin m\u0259lumat\u0131na g\u00f6r\u0259, z\u0259lz\u0259l\u0259 X\u0259z\u0259r d\u0259nizin\u0259 yax\u0131n olan rayonlarda v\u0259 Ab\u015feron yar\u0131madas\u0131nda b\u0259zi yerl\u0259rd\u0259 5 bal, b\u0259zi yerl\u0259rd\u0259 is\u0259 3 bala q\u0259d\u0259r hiss olunub. Z\u0259lz\u0259l\u0259 oca\u011f\u0131n\u0131n d\u0259rinliyi 68 km-dir.<\/p>\n\n\n\n<p>Z\u0259lz\u0259l\u0259nin episentri Siy\u0259z\u0259n stansiyas\u0131ndan 60 km \u015f\u0259rqd\u0259 X\u0259z\u0259r d\u0259nizind\u0259 olub.<\/p>\n\n\n\n<p>D\u0130N-in m\u0259tbuat xidm\u0259tind\u0259n bildirilib ki, z\u0259lz\u0259l\u0259 il\u0259 ba\u011fl\u0131 Bak\u0131 \u015f\u0259h\u0259ri v\u0259 \u0259traf \u0259razil\u0259rd\u0259n h\u0259r hans\u0131 da\u011f\u0131nt\u0131 v\u0259 t\u0259lafatla bar\u0259d\u0259 Daxili \u0130\u015fl\u0259r Nazirliyin\u0259 m\u0259lumat daxil olmay\u0131b.<\/p>\n\n\n\n<p>Bak\u0131 \u015f\u0259h\u0259r D\u00f6vl\u0259t Yol Polisi \u0130dar\u0259si b\u00fct\u00fcn h\u0259r\u0259k\u0259t i\u015ftirak\u00e7\u0131lar\u0131n\u0131 yollarda son d\u0259r\u0259c\u0259 diqq\u0259tli v\u0259 t\u0259mkinli olma\u011fa \u00e7a\u011f\u0131r\u0131r:<\/p>\n\n\n\n<p><em>\u201cBa\u015f vermi\u015f z\u0259lz\u0259l\u0259d\u0259n sonra k\u00fc\u00e7\u0259 v\u0259 prospektl\u0259rd\u0259 h\u0259r\u0259k\u0259tliliyin daha da artd\u0131\u011f\u0131n\u0131 n\u0259z\u0259r\u0259 alaraq polis \u0259m\u0259kda\u015flar\u0131 z\u0259ruri t\u0259dbirl\u0259ri \u0259razi \u00fczr\u0259, el\u0259c\u0259 d\u0259 yollarda h\u0259r\u0259k\u0259tin fasil\u0259sizliyi v\u0259 t\u0259hl\u00fck\u0259sizliyini tam g\u00fccl\u0259ndirilmi\u015f qaydada n\u0259zar\u0259t alt\u0131nda t\u0259nziml\u0259yir\u201d<\/em>.<\/p>\n","protected":false},"excerpt":{"rendered":"<p>X\u0259z\u0259rd\u0259 z\u0259lz\u0259l\u0259 qeyd\u0259 al\u0131n\u0131b Bu g\u00fcn yerli vaxtla saat 08:16-da &#8230; <\/p>\n<p class=\"read-more-container\"><a title=\"Bak\u0131 v\u0259 \u0259traf rayonlar s\u0259h\u0259r saatlar\u0131nda silk\u0259l\u0259ndi\" class=\"read-more button\" href=\"https:\/\/www.meydan.tv\/az\/article\/baki-ve-etraf-rayonlar-seher-saatlarinda-silkelendi\/#more-292284\" aria-label=\"Read more about Bak\u0131 v\u0259 \u0259traf rayonlar s\u0259h\u0259r saatlar\u0131nda silk\u0259l\u0259ndi\">Davam\u0131<\/a><\/p>\n","protected":false},"author":21,"featured_media":67145,"comment_status":"closed","ping_status":"closed","sticky":false,"template":"","format":"standard","meta":{"_acf_changed":false,"_sitemap_exclude":false,"_sitemap_priority":"","_sitemap_frequency":"","footnotes":""},"categories":[62,56],"tags":[],"class_list":["post-292284","post","type-post","status-publish","format-standard","has-post-thumbnail","hentry","category-sosial","category-xeberler","infinite-scroll-item","generate-columns","tablet-grid-50","mobile-grid-100","grid-parent","grid-33","no-featured-image-padding"],"acf":[],"yoast_head":"<!-- This site is optimized with the Yoast SEO plugin v27.5 - https:\/\/yoast.com\/product\/yoast-seo-wordpress\/ -->\n<title>Bak\u0131 v\u0259 \u0259traf rayonlar s\u0259h\u0259r saatlar\u0131nda silk\u0259l\u0259ndi - MEYDAN.TV<\/title>\n<meta name=\"robots\" content=\"index, follow, max-snippet:-1, max-image-preview:large, max-video-preview:-1\" \/>\n<link rel=\"canonical\" href=\"https:\/\/www.meydan.tv\/az\/article\/baki-ve-etraf-rayonlar-seher-saatlarinda-silkelendi\/\" \/>\n<meta property=\"og:locale\" content=\"az_AZ\" \/>\n<meta property=\"og:type\" content=\"article\" \/>\n<meta property=\"og:title\" content=\"Bak\u0131 v\u0259 \u0259traf rayonlar s\u0259h\u0259r saatlar\u0131nda silk\u0259l\u0259ndi - MEYDAN.TV\" \/>\n<meta property=\"og:description\" content=\"X\u0259z\u0259rd\u0259 z\u0259lz\u0259l\u0259 qeyd\u0259 al\u0131n\u0131b Bu g\u00fcn yerli vaxtla saat 08:16-da ... Davam\u0131\" \/>\n<meta property=\"og:url\" content=\"https:\/\/www.meydan.tv\/az\/article\/baki-ve-etraf-rayonlar-seher-saatlarinda-silkelendi\/\" \/>\n<meta property=\"og:site_name\" content=\"MEYDAN.TV\" \/>\n<meta property=\"article:published_time\" content=\"2023-12-07T05:28:05+00:00\" \/>\n<meta property=\"article:modified_time\" content=\"2023-12-07T05:28:08+00:00\" \/>\n<meta property=\"og:image\" content=\"https:\/\/www.meydan.tv\/wp-content\/uploads\/25671.jpg\" \/>\n\t<meta property=\"og:image:width\" content=\"1280\" \/>\n\t<meta property=\"og:image:height\" content=\"720\" \/>\n\t<meta property=\"og:image:type\" content=\"image\/jpeg\" \/>\n<meta name=\"author\" content=\"mahmud\" \/>\n<meta name=\"twitter:card\" content=\"summary_large_image\" \/>\n<script type=\"application\/ld+json\" class=\"yoast-schema-graph\">{\"@context\":\"https:\\\/\\\/schema.org\",\"@graph\":[{\"@type\":\"Article\",\"@id\":\"https:\\\/\\\/www.meydan.tv\\\/az\\\/article\\\/baki-ve-etraf-rayonlar-seher-saatlarinda-silkelendi\\\/#article\",\"isPartOf\":{\"@id\":\"https:\\\/\\\/www.meydan.tv\\\/az\\\/article\\\/baki-ve-etraf-rayonlar-seher-saatlarinda-silkelendi\\\/\"},\"author\":{\"name\":\"mahmud\",\"@id\":\"https:\\\/\\\/www.meydan.tv\\\/az\\\/#\\\/schema\\\/person\\\/09863e516102a829e72bedcf3f84c6b0\"},\"headline\":\"Bak\u0131 v\u0259 \u0259traf rayonlar s\u0259h\u0259r saatlar\u0131nda silk\u0259l\u0259ndi\",\"datePublished\":\"2023-12-07T05:28:05+00:00\",\"dateModified\":\"2023-12-07T05:28:08+00:00\",\"mainEntityOfPage\":{\"@id\":\"https:\\\/\\\/www.meydan.tv\\\/az\\\/article\\\/baki-ve-etraf-rayonlar-seher-saatlarinda-silkelendi\\\/\"},\"wordCount\":255,\"publisher\":{\"@id\":\"https:\\\/\\\/www.meydan.tv\\\/az\\\/#organization\"},\"image\":{\"@id\":\"https:\\\/\\\/www.meydan.tv\\\/az\\\/article\\\/baki-ve-etraf-rayonlar-seher-saatlarinda-silkelendi\\\/#primaryimage\"},\"thumbnailUrl\":\"https:\\\/\\\/www.meydan.tv\\\/wp-content\\\/uploads\\\/25671.jpg\",\"articleSection\":[\"Sosial\",\"X\u0259b\u0259rl\u0259r\"],\"inLanguage\":\"az\"},{\"@type\":\"WebPage\",\"@id\":\"https:\\\/\\\/www.meydan.tv\\\/az\\\/article\\\/baki-ve-etraf-rayonlar-seher-saatlarinda-silkelendi\\\/\",\"url\":\"https:\\\/\\\/www.meydan.tv\\\/az\\\/article\\\/baki-ve-etraf-rayonlar-seher-saatlarinda-silkelendi\\\/\",\"name\":\"Bak\u0131 v\u0259 \u0259traf rayonlar s\u0259h\u0259r saatlar\u0131nda silk\u0259l\u0259ndi - MEYDAN.TV\",\"isPartOf\":{\"@id\":\"https:\\\/\\\/www.meydan.tv\\\/az\\\/#website\"},\"primaryImageOfPage\":{\"@id\":\"https:\\\/\\\/www.meydan.tv\\\/az\\\/article\\\/baki-ve-etraf-rayonlar-seher-saatlarinda-silkelendi\\\/#primaryimage\"},\"image\":{\"@id\":\"https:\\\/\\\/www.meydan.tv\\\/az\\\/article\\\/baki-ve-etraf-rayonlar-seher-saatlarinda-silkelendi\\\/#primaryimage\"},\"thumbnailUrl\":\"https:\\\/\\\/www.meydan.tv\\\/wp-content\\\/uploads\\\/25671.jpg\",\"datePublished\":\"2023-12-07T05:28:05+00:00\",\"dateModified\":\"2023-12-07T05:28:08+00:00\",\"breadcrumb\":{\"@id\":\"https:\\\/\\\/www.meydan.tv\\\/az\\\/article\\\/baki-ve-etraf-rayonlar-seher-saatlarinda-silkelendi\\\/#breadcrumb\"},\"inLanguage\":\"az\",\"potentialAction\":[{\"@type\":\"ReadAction\",\"target\":[\"https:\\\/\\\/www.meydan.tv\\\/az\\\/article\\\/baki-ve-etraf-rayonlar-seher-saatlarinda-silkelendi\\\/\"]}]},{\"@type\":\"ImageObject\",\"inLanguage\":\"az\",\"@id\":\"https:\\\/\\\/www.meydan.tv\\\/az\\\/article\\\/baki-ve-etraf-rayonlar-seher-saatlarinda-silkelendi\\\/#primaryimage\",\"url\":\"https:\\\/\\\/www.meydan.tv\\\/wp-content\\\/uploads\\\/25671.jpg\",\"contentUrl\":\"https:\\\/\\\/www.meydan.tv\\\/wp-content\\\/uploads\\\/25671.jpg\",\"width\":1280,\"height\":720,\"caption\":\"Source:\"},{\"@type\":\"BreadcrumbList\",\"@id\":\"https:\\\/\\\/www.meydan.tv\\\/az\\\/article\\\/baki-ve-etraf-rayonlar-seher-saatlarinda-silkelendi\\\/#breadcrumb\",\"itemListElement\":[{\"@type\":\"ListItem\",\"position\":1,\"name\":\"Ana s\u0259hif\u0259\",\"item\":\"https:\\\/\\\/www.meydan.tv\\\/az\\\/\"},{\"@type\":\"ListItem\",\"position\":2,\"name\":\"Sosial\",\"item\":\"https:\\\/\\\/www.meydan.tv\\\/az\\\/section\\\/sosial\\\/\"},{\"@type\":\"ListItem\",\"position\":3,\"name\":\"Bak\u0131 v\u0259 \u0259traf rayonlar s\u0259h\u0259r saatlar\u0131nda silk\u0259l\u0259ndi\"}]},{\"@type\":\"WebSite\",\"@id\":\"https:\\\/\\\/www.meydan.tv\\\/az\\\/#website\",\"url\":\"https:\\\/\\\/www.meydan.tv\\\/az\\\/\",\"name\":\"MEYDAN.TV\",\"description\":\"Meydan TV Az\u0259rbaycan\u0131n media m\u0259kan\u0131ndak\u0131 alternativ s\u0259sidir\",\"publisher\":{\"@id\":\"https:\\\/\\\/www.meydan.tv\\\/az\\\/#organization\"},\"potentialAction\":[{\"@type\":\"SearchAction\",\"target\":{\"@type\":\"EntryPoint\",\"urlTemplate\":\"https:\\\/\\\/www.meydan.tv\\\/az\\\/?s={search_term_string}\"},\"query-input\":{\"@type\":\"PropertyValueSpecification\",\"valueRequired\":true,\"valueName\":\"search_term_string\"}}],\"inLanguage\":\"az\"},{\"@type\":\"Organization\",\"@id\":\"https:\\\/\\\/www.meydan.tv\\\/az\\\/#organization\",\"name\":\"Meydan TV\",\"url\":\"https:\\\/\\\/www.meydan.tv\\\/az\\\/\",\"logo\":{\"@type\":\"ImageObject\",\"inLanguage\":\"az\",\"@id\":\"https:\\\/\\\/www.meydan.tv\\\/az\\\/#\\\/schema\\\/logo\\\/image\\\/\",\"url\":\"https:\\\/\\\/www.meydan.tv\\\/wp-content\\\/uploads\\\/2021\\\/07\\\/meydan-logo.svg\",\"contentUrl\":\"https:\\\/\\\/www.meydan.tv\\\/wp-content\\\/uploads\\\/2021\\\/07\\\/meydan-logo.svg\",\"width\":195,\"height\":46,\"caption\":\"Meydan TV\"},\"image\":{\"@id\":\"https:\\\/\\\/www.meydan.tv\\\/az\\\/#\\\/schema\\\/logo\\\/image\\\/\"}},{\"@type\":\"Person\",\"@id\":\"https:\\\/\\\/www.meydan.tv\\\/az\\\/#\\\/schema\\\/person\\\/09863e516102a829e72bedcf3f84c6b0\",\"name\":\"mahmud\"}]}<\/script>\n<!-- \/ Yoast SEO plugin. -->","yoast_head_json":{"title":"Bak\u0131 v\u0259 \u0259traf rayonlar s\u0259h\u0259r saatlar\u0131nda silk\u0259l\u0259ndi - MEYDAN.TV","robots":{"index":"index","follow":"follow","max-snippet":"max-snippet:-1","max-image-preview":"max-image-preview:large","max-video-preview":"max-video-preview:-1"},"canonical":"https:\/\/www.meydan.tv\/az\/article\/baki-ve-etraf-rayonlar-seher-saatlarinda-silkelendi\/","og_locale":"az_AZ","og_type":"article","og_title":"Bak\u0131 v\u0259 \u0259traf rayonlar s\u0259h\u0259r saatlar\u0131nda silk\u0259l\u0259ndi - MEYDAN.TV","og_description":"X\u0259z\u0259rd\u0259 z\u0259lz\u0259l\u0259 qeyd\u0259 al\u0131n\u0131b Bu g\u00fcn yerli vaxtla saat 08:16-da ... Davam\u0131","og_url":"https:\/\/www.meydan.tv\/az\/article\/baki-ve-etraf-rayonlar-seher-saatlarinda-silkelendi\/","og_site_name":"MEYDAN.TV","article_published_time":"2023-12-07T05:28:05+00:00","article_modified_time":"2023-12-07T05:28:08+00:00","og_image":[{"width":1280,"height":720,"url":"https:\/\/www.meydan.tv\/wp-content\/uploads\/25671.jpg","type":"image\/jpeg"}],"author":"mahmud","twitter_card":"summary_large_image","schema":{"@context":"https:\/\/schema.org","@graph":[{"@type":"Article","@id":"https:\/\/www.meydan.tv\/az\/article\/baki-ve-etraf-rayonlar-seher-saatlarinda-silkelendi\/#article","isPartOf":{"@id":"https:\/\/www.meydan.tv\/az\/article\/baki-ve-etraf-rayonlar-seher-saatlarinda-silkelendi\/"},"author":{"name":"mahmud","@id":"https:\/\/www.meydan.tv\/az\/#\/schema\/person\/09863e516102a829e72bedcf3f84c6b0"},"headline":"Bak\u0131 v\u0259 \u0259traf rayonlar s\u0259h\u0259r saatlar\u0131nda silk\u0259l\u0259ndi","datePublished":"2023-12-07T05:28:05+00:00","dateModified":"2023-12-07T05:28:08+00:00","mainEntityOfPage":{"@id":"https:\/\/www.meydan.tv\/az\/article\/baki-ve-etraf-rayonlar-seher-saatlarinda-silkelendi\/"},"wordCount":255,"publisher":{"@id":"https:\/\/www.meydan.tv\/az\/#organization"},"image":{"@id":"https:\/\/www.meydan.tv\/az\/article\/baki-ve-etraf-rayonlar-seher-saatlarinda-silkelendi\/#primaryimage"},"thumbnailUrl":"https:\/\/www.meydan.tv\/wp-content\/uploads\/25671.jpg","articleSection":["Sosial","X\u0259b\u0259rl\u0259r"],"inLanguage":"az"},{"@type":"WebPage","@id":"https:\/\/www.meydan.tv\/az\/article\/baki-ve-etraf-rayonlar-seher-saatlarinda-silkelendi\/","url":"https:\/\/www.meydan.tv\/az\/article\/baki-ve-etraf-rayonlar-seher-saatlarinda-silkelendi\/","name":"Bak\u0131 v\u0259 \u0259traf rayonlar s\u0259h\u0259r saatlar\u0131nda silk\u0259l\u0259ndi - MEYDAN.TV","isPartOf":{"@id":"https:\/\/www.meydan.tv\/az\/#website"},"primaryImageOfPage":{"@id":"https:\/\/www.meydan.tv\/az\/article\/baki-ve-etraf-rayonlar-seher-saatlarinda-silkelendi\/#primaryimage"},"image":{"@id":"https:\/\/www.meydan.tv\/az\/article\/baki-ve-etraf-rayonlar-seher-saatlarinda-silkelendi\/#primaryimage"},"thumbnailUrl":"https:\/\/www.meydan.tv\/wp-content\/uploads\/25671.jpg","datePublished":"2023-12-07T05:28:05+00:00","dateModified":"2023-12-07T05:28:08+00:00","breadcrumb":{"@id":"https:\/\/www.meydan.tv\/az\/article\/baki-ve-etraf-rayonlar-seher-saatlarinda-silkelendi\/#breadcrumb"},"inLanguage":"az","potentialAction":[{"@type":"ReadAction","target":["https:\/\/www.meydan.tv\/az\/article\/baki-ve-etraf-rayonlar-seher-saatlarinda-silkelendi\/"]}]},{"@type":"ImageObject","inLanguage":"az","@id":"https:\/\/www.meydan.tv\/az\/article\/baki-ve-etraf-rayonlar-seher-saatlarinda-silkelendi\/#primaryimage","url":"https:\/\/www.meydan.tv\/wp-content\/uploads\/25671.jpg","contentUrl":"https:\/\/www.meydan.tv\/wp-content\/uploads\/25671.jpg","width":1280,"height":720,"caption":"Source:"},{"@type":"BreadcrumbList","@id":"https:\/\/www.meydan.tv\/az\/article\/baki-ve-etraf-rayonlar-seher-saatlarinda-silkelendi\/#breadcrumb","itemListElement":[{"@type":"ListItem","position":1,"name":"Ana s\u0259hif\u0259","item":"https:\/\/www.meydan.tv\/az\/"},{"@type":"ListItem","position":2,"name":"Sosial","item":"https:\/\/www.meydan.tv\/az\/section\/sosial\/"},{"@type":"ListItem","position":3,"name":"Bak\u0131 v\u0259 \u0259traf rayonlar s\u0259h\u0259r saatlar\u0131nda silk\u0259l\u0259ndi"}]},{"@type":"WebSite","@id":"https:\/\/www.meydan.tv\/az\/#website","url":"https:\/\/www.meydan.tv\/az\/","name":"MEYDAN.TV","description":"Meydan TV Az\u0259rbaycan\u0131n media m\u0259kan\u0131ndak\u0131 alternativ s\u0259sidir","publisher":{"@id":"https:\/\/www.meydan.tv\/az\/#organization"},"potentialAction":[{"@type":"SearchAction","target":{"@type":"EntryPoint","urlTemplate":"https:\/\/www.meydan.tv\/az\/?s={search_term_string}"},"query-input":{"@type":"PropertyValueSpecification","valueRequired":true,"valueName":"search_term_string"}}],"inLanguage":"az"},{"@type":"Organization","@id":"https:\/\/www.meydan.tv\/az\/#organization","name":"Meydan TV","url":"https:\/\/www.meydan.tv\/az\/","logo":{"@type":"ImageObject","inLanguage":"az","@id":"https:\/\/www.meydan.tv\/az\/#\/schema\/logo\/image\/","url":"https:\/\/www.meydan.tv\/wp-content\/uploads\/2021\/07\/meydan-logo.svg","contentUrl":"https:\/\/www.meydan.tv\/wp-content\/uploads\/2021\/07\/meydan-logo.svg","width":195,"height":46,"caption":"Meydan TV"},"image":{"@id":"https:\/\/www.meydan.tv\/az\/#\/schema\/logo\/image\/"}},{"@type":"Person","@id":"https:\/\/www.meydan.tv\/az\/#\/schema\/person\/09863e516102a829e72bedcf3f84c6b0","name":"mahmud"}]}},"_links":{"self":[{"href":"https:\/\/www.meydan.tv\/az\/wp-json\/wp\/v2\/posts\/292284","targetHints":{"allow":["GET"]}}],"collection":[{"href":"https:\/\/www.meydan.tv\/az\/wp-json\/wp\/v2\/posts"}],"about":[{"href":"https:\/\/www.meydan.tv\/az\/wp-json\/wp\/v2\/types\/post"}],"author":[{"embeddable":true,"href":"https:\/\/www.meydan.tv\/az\/wp-json\/wp\/v2\/users\/21"}],"replies":[{"embeddable":true,"href":"https:\/\/www.meydan.tv\/az\/wp-json\/wp\/v2\/comments?post=292284"}],"version-history":[{"count":1,"href":"https:\/\/www.meydan.tv\/az\/wp-json\/wp\/v2\/posts\/292284\/revisions"}],"predecessor-version":[{"id":292287,"href":"https:\/\/www.meydan.tv\/az\/wp-json\/wp\/v2\/posts\/292284\/revisions\/292287"}],"wp:featuredmedia":[{"embeddable":true,"href":"https:\/\/www.meydan.tv\/az\/wp-json\/wp\/v2\/media\/67145"}],"wp:attachment":[{"href":"https:\/\/www.meydan.tv\/az\/wp-json\/wp\/v2\/media?parent=292284"}],"wp:term":[{"taxonomy":"category","embeddable":true,"href":"https:\/\/www.meydan.tv\/az\/wp-json\/wp\/v2\/categories?post=292284"},{"taxonomy":"post_tag","embeddable":true,"href":"https:\/\/www.meydan.tv\/az\/wp-json\/wp\/v2\/tags?post=292284"}],"curies":[{"name":"wp","href":"https:\/\/api.w.org\/{rel}","templated":true}]}}