{"id":292242,"date":"2023-12-06T18:27:46","date_gmt":"2023-12-06T14:27:46","guid":{"rendered":"https:\/\/www.meydan.tv\/?p=292242"},"modified":"2023-12-06T18:27:54","modified_gmt":"2023-12-06T14:27:54","slug":"rejissor-nizami-kinoteatrindan-pulunu-ala-bilmediyini-deyir","status":"publish","type":"post","link":"https:\/\/www.meydan.tv\/az\/article\/rejissor-nizami-kinoteatrindan-pulunu-ala-bilmediyini-deyir\/","title":{"rendered":"Rejissor \u201cNizami\u201d kinoteatr\u0131ndan pulunu ala bilm\u0259diyini deyir"},"content":{"rendered":"\n<p><\/p>\n\n\n\n<p><em><strong>\u201cGetdim, pulumu alma\u011fa, dedil\u0259r ki, s\u0259nin puluna kinoteatr\u0131n i\u015f\u0131qpulunu \u00f6d\u0259mi\u015fik\u201d<\/strong><\/em><\/p>\n\n\n\n<p>Kinorejissor Emil Quliyev \u201cNizami\u201d Kino M\u0259rk\u0259zind\u0259n gileyl\u0259nib. O, \u201cFacebook\u201dda payla\u015f\u0131m ed\u0259r\u0259k bildirib ki, kinoteatr bir il \u00f6nc\u0259 rejissoru oldu\u011fu \u201cM\u0259n burada t\u0259k olmu\u015fam\u201d filminin prokat\u0131ndan ona \u00f6d\u0259ni\u015f etm\u0259yib.<\/p>\n\n\n\n<p><em>\u201cProkat d\u00f6vr\u00fc \u0259rzind\u0259 m\u00fc\u0259yy\u0259n bir m\u0259bl\u0259\u011f y\u0131\u011f\u0131ld\u0131. Getdim, pulumu alma\u011fa, dedil\u0259r ki, s\u0259nin puluna kinoteatr\u0131n i\u015f\u0131qpulunu \u00f6d\u0259mi\u015fik. Onlar\u0131n yerin\u0259 m\u0259n utand\u0131m. H\u0259l\u0259 d\u0259 pulumu ala bilm\u0259mi\u015f\u0259m. \u018fslind\u0259, he\u00e7 almaq fikrim d\u0259 yoxdur. Kinomuzun i\u015f\u0131\u011f\u0131 olmasa da, kinoteatr\u0131m\u0131z i\u015f\u0131ql\u0131 olsun\u201d, <\/em>-Emil Quliyev <a href=\"https:\/\/www.facebook.com\/photo.php?fbid=7379563835422370&amp;set=a.307407519304739&amp;type=3&amp;ref=embed_post\">bildirib.&nbsp;<\/a><\/p>\n\n\n<div class=\"wp-block-image\">\n<figure class=\"aligncenter size-large is-resized\"><img decoding=\"async\" width=\"1095\" height=\"821\" data-src=\"https:\/\/www.meydan.tv\/wp-content\/uploads\/5af9c22b91b83-1095x821.jpg\" alt=\"\" class=\"wp-image-292244 lazyload\" style=\"--smush-placeholder-width: 1095px; --smush-placeholder-aspect-ratio: 1095\/821;width:785px;height:auto\" src=\"data:image\/svg+xml;base64,PHN2ZyB3aWR0aD0iMSIgaGVpZ2h0PSIxIiB4bWxucz0iaHR0cDovL3d3dy53My5vcmcvMjAwMC9zdmciPjwvc3ZnPg==\" \/><figcaption class=\"wp-element-caption\">Emil Quliyev. Foto: &#8220;Facebook&#8221;<\/figcaption><\/figure>\n<\/div>\n\n\n<p>Sosial \u015f\u0259b\u0259k\u0259d\u0259 geni\u015f m\u00fczakir\u0259 olunan m\u00f6vzuya prod\u00fcser, rejissor Fehruz \u015eam\u0131yev d\u0259 m\u00fcnasib\u0259t bildirib:<\/p>\n\n\n\n<p>\u201c<em>M\u0259n statusda yaz\u0131lan m\u0259nada utanmal\u0131 bir m\u0259s\u0259l\u0259 g\u00f6rm\u00fcr\u0259m. \u201cNizami\u201d onsuz da h\u0259r g\u00fcn h\u0259r rejissorun \u0259v\u0259zin\u0259 utan\u0131r, h\u0259r prod\u00fcserin \u0259v\u0259zin\u0259 \u0259zilib, s\u0131x\u0131l\u0131r ki, onlar\u0131n v\u0259saitini qaytara bilmir. \u201cNizami\u201d rejissorun, prod\u00fcserin pulunu sa\u011fa- sola x\u0259rcl\u0259mir, sad\u0259c\u0259, kino cami\u0259sinin ticar\u0259t m\u0259rk\u0259zl\u0259rind\u0259, hans\u0131sa d\u0259xlisiz zallarda toplanmas\u0131na imkan verm\u0259m\u0259k \u00fc\u00e7\u00fcn binan\u0131n f\u0259aliyy\u0259tini davam etdirm\u0259yin\u0259 <a href=\"https:\/\/www.facebook.com\/fehruzshamiyev\/posts\/10160340887232753?ref=embed_post\">x\u0259rcl\u0259yir\u201d. <\/a><\/em><\/p>\n\n\n<div class=\"wp-block-image\">\n<figure class=\"aligncenter size-large\"><img decoding=\"async\" width=\"848\" height=\"821\" data-src=\"https:\/\/www.meydan.tv\/wp-content\/uploads\/135133409_10158320746957753_3225451912372653548_n-848x821.jpg\" alt=\"\" class=\"wp-image-242687 lazyload\" src=\"data:image\/svg+xml;base64,PHN2ZyB3aWR0aD0iMSIgaGVpZ2h0PSIxIiB4bWxucz0iaHR0cDovL3d3dy53My5vcmcvMjAwMC9zdmciPjwvc3ZnPg==\" style=\"--smush-placeholder-width: 848px; --smush-placeholder-aspect-ratio: 848\/821;\" \/><figcaption class=\"wp-element-caption\">Foto: Fehruz \u015eamiyevin \u015f\u0259xsi arxivind\u0259n<\/figcaption><\/figure>\n<\/div>\n\n\n<p>\u201c<em>\u201cNizami\u201d Kino M\u0259rk\u0259zind\u0259 h\u0259r il d\u00f6vl\u0259t idar\u0259l\u0259rin\u0259 m\u0259xsus onlarla t\u0259dbir, film t\u0259qdimatlar\u0131 ke\u00e7irilir. Amma \u00e7oxunun x\u0259b\u0259ri yoxdur ki, bu t\u0259dbirl\u0259r \u00fc\u00e7\u00fcn \u201cNizami\u201d Kino M\u0259rk\u0259zin\u0259 he\u00e7 bir manat da \u00f6d\u0259nilmir. \u00c7\u00fcnki Maliyy\u0259 Nazirliyi v\u0259 \u0130qtisadiyyat Nazirliyi buna icaz\u0259 vermir. Nazirlik \u0259sas g\u0259tirir ki, m\u0259rk\u0259z M\u0259d\u0259niyy\u0259t Nazirliyinin balans\u0131ndad\u0131r v\u0259 o da film t\u0259qdimatlar\u0131 v\u0259 t\u0259dbirl\u0259ri \u00fc\u00e7\u00fcn \u00f6z idar\u0259sin\u0259 v\u0259sait k\u00f6\u00e7\u00fcr\u0259 bilm\u0259z. Dig\u0259r t\u0259r\u0259fd\u0259n, \u201cNizami\u201d Kino M\u0259rk\u0259zi t\u0259s\u0259rr\u00fcfat hesabl\u0131 idar\u0259dir. M\u0259rk\u0259z bu qar\u0131\u015f\u0131ql\u0131qda borc i\u00e7ind\u0259 bo\u011fulur v\u0259 problem ne\u00e7\u0259 ildir davam edir\u201d,<\/em> &#8211; rejissor \u0259lav\u0259 edib.<\/p>\n\n\n\n<p>\u201cNizami\u201d Kino M\u0259rk\u0259zinin kino i\u015fl\u0259ri \u00fczr\u0259 direktor m\u00fcavini Arzu \u018fh\u0259dova Meydan TV-y\u0259 m\u0259s\u0259l\u0259ni t\u0259sdiql\u0259yib:<\/p>\n\n\n<div class=\"wp-block-image\">\n<figure class=\"aligncenter size-large\"><img decoding=\"async\" width=\"1200\" height=\"675\" data-src=\"https:\/\/www.meydan.tv\/wp-content\/uploads\/1-29-1200x675.jpg\" alt=\"\" class=\"wp-image-292251 lazyload\" src=\"data:image\/svg+xml;base64,PHN2ZyB3aWR0aD0iMSIgaGVpZ2h0PSIxIiB4bWxucz0iaHR0cDovL3d3dy53My5vcmcvMjAwMC9zdmciPjwvc3ZnPg==\" style=\"--smush-placeholder-width: 1200px; --smush-placeholder-aspect-ratio: 1200\/675;\" \/><figcaption class=\"wp-element-caption\"> Arzu \u018fh\u0259dova. Foto: &#8220;Nizami&#8221; Kinoteatr\u0131<\/figcaption><\/figure>\n<\/div>\n\n\n<p><em>\u201cEl\u0259 bir b\u00f6y\u00fck problem yoxdur. Pandemiyadan sonra kinoteatrlar\u0131n f\u0259aliyy\u0259ti z\u0259ifl\u0259yib. Tama\u015fa\u00e7\u0131 say\u0131 azal\u0131b. Biz tam t\u0259s\u0259rr\u00fcfat hesabl\u0131 qurumuq. Ona g\u00f6r\u0259 s\u00f6zs\u00fcz ki, \u00e7\u0259tinlikl\u0259rimiz var. Amma m\u00fcqavil\u0259 \u0259sas\u0131nda biz o pulu \u00f6d\u0259y\u0259c\u0259yik. Rejissor biziml\u0259 m\u00fcqavil\u0259 ba\u011flay\u0131b v\u0259 h\u0259min pulu \u00f6d\u0259y\u0259c\u0259yik. Borc bizimdir, inkar etmirik\u201d.<\/em><\/p>\n\n\n\n<p>Haz\u0131rda Bak\u0131da d\u00f6vl\u0259t balans\u0131nda yaln\u0131z bir kinoteatr var, o da \u201cNizami\u201d Kino M\u0259rk\u0259zidir. <\/p>\n\n\n\n<p>\u201cNizami\u201d kinoteatr\u0131 1937-ci ild\u0259 istifad\u0259y\u0259 verilib. 2006-c\u0131 ild\u0259n kinoteatrlar \u00f6z\u0259ll\u0259\u015fdirilm\u0259y\u0259 verildikd\u0259n sonra onlar\u0131n \u0259ks\u0259riyy\u0259ti ke\u00e7mi\u015f M\u0259d\u0259niyy\u0259t v\u0259 Turizm Nazirliyinin balans\u0131ndan \u00e7\u0131xar\u0131laraq, sahibkarlar t\u0259r\u0259find\u0259n \u00f6z\u0259ll\u0259\u015fdirilib. Sahibkarlar is\u0259 h\u0259min kinoteatrlar\u0131 t\u0259mir etm\u0259k \u0259v\u0259zin\u0259, onlardan biznes v\u0259 ba\u015fqa t\u0259yinatl\u0131 obyektl\u0259r kimi istifad\u0259 edibl\u0259r. \u201cNizami\u201d kinoteatr\u0131 da h\u0259m\u00e7inin. Teatr yenid\u0259n \u0259sasl\u0131 t\u0259mir edil\u0259r\u0259k, 2011-ci ild\u0259 yenid\u0259n istifad\u0259y\u0259 verilib. Kinoteatr\u0131n birinci m\u0259rt\u0259b\u0259sind\u0259 50 v\u0259 80 yerlik iki, ikinci m\u0259rt\u0259b\u0259d\u0259 500 n\u0259f\u0259rlik b\u00f6y\u00fck, be\u015finci m\u0259rt\u0259b\u0259d\u0259 is\u0259 24 n\u0259f\u0259rlik V\u0130P kinozallar\u0131 yarad\u0131l\u0131b. Binada Almaniyada, Yaponiyada v\u0259 B\u00f6y\u00fck Britaniyada istehsal olunmu\u015f m\u00fcasir kinoqur\u011fular, s\u0259s, i\u015f\u0131q, havaland\u0131rma, yan\u011f\u0131ndan m\u00fchafiz\u0259 sisteml\u0259ri qura\u015fd\u0131r\u0131l\u0131b. Birinci m\u0259rt\u0259b\u0259d\u0259 ticar\u0259t k\u00f6\u015fkl\u0259ri, ikinci m\u0259rt\u0259b\u0259d\u0259 kafe, d\u00f6rd\u00fcnc\u00fc m\u0259rt\u0259b\u0259d\u0259 kafe-klub, m\u0259tbuat m\u0259rk\u0259zi, be\u015finci v\u0259 alt\u0131nc\u0131 m\u0259rt\u0259b\u0259l\u0259rd\u0259 250 yerlik restoran, h\u0259m\u00e7inin inzibati otaqlar yarad\u0131l\u0131b. <\/p>\n\n\n\n<p>Kinoteatr\u0131n direktoru Leyli Mirz\u0259yevad\u0131r.<\/p>\n","protected":false},"excerpt":{"rendered":"<p>\u201cGetdim, pulumu alma\u011fa, dedil\u0259r ki, s\u0259nin puluna kinoteatr\u0131n i\u015f\u0131qpulunu \u00f6d\u0259mi\u015fik\u201d &#8230; <\/p>\n<p class=\"read-more-container\"><a title=\"Rejissor \u201cNizami\u201d kinoteatr\u0131ndan pulunu ala bilm\u0259diyini deyir\" class=\"read-more button\" href=\"https:\/\/www.meydan.tv\/az\/article\/rejissor-nizami-kinoteatrindan-pulunu-ala-bilmediyini-deyir\/#more-292242\" aria-label=\"Read more about Rejissor \u201cNizami\u201d kinoteatr\u0131ndan pulunu ala bilm\u0259diyini deyir\">Davam\u0131<\/a><\/p>\n","protected":false},"author":8,"featured_media":292254,"comment_status":"closed","ping_status":"closed","sticky":false,"template":"","format":"standard","meta":{"_acf_changed":false,"_sitemap_exclude":false,"_sitemap_priority":"","_sitemap_frequency":"","footnotes":""},"categories":[52,56],"tags":[],"class_list":["post-292242","post","type-post","status-publish","format-standard","has-post-thumbnail","hentry","category-medeniyyet","category-xeberler","infinite-scroll-item","generate-columns","tablet-grid-50","mobile-grid-100","grid-parent","grid-33","no-featured-image-padding"],"acf":[],"yoast_head":"<!-- This site is optimized with the Yoast SEO plugin v27.4 - https:\/\/yoast.com\/product\/yoast-seo-wordpress\/ -->\n<title>Rejissor \u201cNizami\u201d kinoteatr\u0131ndan pulunu ala bilm\u0259diyini deyir - MEYDAN.TV<\/title>\n<meta name=\"robots\" content=\"index, follow, max-snippet:-1, max-image-preview:large, max-video-preview:-1\" \/>\n<link rel=\"canonical\" href=\"https:\/\/www.meydan.tv\/az\/article\/rejissor-nizami-kinoteatrindan-pulunu-ala-bilmediyini-deyir\/\" \/>\n<meta property=\"og:locale\" content=\"az_AZ\" \/>\n<meta property=\"og:type\" content=\"article\" \/>\n<meta property=\"og:title\" content=\"Rejissor \u201cNizami\u201d kinoteatr\u0131ndan pulunu ala bilm\u0259diyini deyir - MEYDAN.TV\" \/>\n<meta property=\"og:description\" content=\"\u201cGetdim, pulumu alma\u011fa, dedil\u0259r ki, s\u0259nin puluna kinoteatr\u0131n i\u015f\u0131qpulunu \u00f6d\u0259mi\u015fik\u201d ... Davam\u0131\" \/>\n<meta property=\"og:url\" content=\"https:\/\/www.meydan.tv\/az\/article\/rejissor-nizami-kinoteatrindan-pulunu-ala-bilmediyini-deyir\/\" \/>\n<meta property=\"og:site_name\" content=\"MEYDAN.TV\" \/>\n<meta property=\"article:published_time\" content=\"2023-12-06T14:27:46+00:00\" \/>\n<meta property=\"article:modified_time\" content=\"2023-12-06T14:27:54+00:00\" \/>\n<meta property=\"og:image\" content=\"https:\/\/www.meydan.tv\/wp-content\/uploads\/164319305492576479_1200x630.jpg\" \/>\n\t<meta property=\"og:image:width\" content=\"1200\" \/>\n\t<meta property=\"og:image:height\" content=\"819\" \/>\n\t<meta property=\"og:image:type\" content=\"image\/jpeg\" \/>\n<meta name=\"author\" content=\"elli\" \/>\n<meta name=\"twitter:card\" content=\"summary_large_image\" \/>\n<meta name=\"twitter:creator\" content=\"@elli\" \/>\n<script type=\"application\/ld+json\" class=\"yoast-schema-graph\">{\"@context\":\"https:\\\/\\\/schema.org\",\"@graph\":[{\"@type\":\"Article\",\"@id\":\"https:\\\/\\\/www.meydan.tv\\\/az\\\/article\\\/rejissor-nizami-kinoteatrindan-pulunu-ala-bilmediyini-deyir\\\/#article\",\"isPartOf\":{\"@id\":\"https:\\\/\\\/www.meydan.tv\\\/az\\\/article\\\/rejissor-nizami-kinoteatrindan-pulunu-ala-bilmediyini-deyir\\\/\"},\"author\":{\"name\":\"elli\",\"@id\":\"https:\\\/\\\/www.meydan.tv\\\/az\\\/#\\\/schema\\\/person\\\/9cdbecf90d17180ce1dfbd95b08dcf47\"},\"headline\":\"Rejissor \u201cNizami\u201d kinoteatr\u0131ndan pulunu ala bilm\u0259diyini deyir\",\"datePublished\":\"2023-12-06T14:27:46+00:00\",\"dateModified\":\"2023-12-06T14:27:54+00:00\",\"mainEntityOfPage\":{\"@id\":\"https:\\\/\\\/www.meydan.tv\\\/az\\\/article\\\/rejissor-nizami-kinoteatrindan-pulunu-ala-bilmediyini-deyir\\\/\"},\"wordCount\":726,\"publisher\":{\"@id\":\"https:\\\/\\\/www.meydan.tv\\\/az\\\/#organization\"},\"image\":{\"@id\":\"https:\\\/\\\/www.meydan.tv\\\/az\\\/article\\\/rejissor-nizami-kinoteatrindan-pulunu-ala-bilmediyini-deyir\\\/#primaryimage\"},\"thumbnailUrl\":\"https:\\\/\\\/www.meydan.tv\\\/wp-content\\\/uploads\\\/164319305492576479_1200x630.jpg\",\"articleSection\":[\"M\u0259d\u0259niyy\u0259t\",\"X\u0259b\u0259rl\u0259r\"],\"inLanguage\":\"az\"},{\"@type\":\"WebPage\",\"@id\":\"https:\\\/\\\/www.meydan.tv\\\/az\\\/article\\\/rejissor-nizami-kinoteatrindan-pulunu-ala-bilmediyini-deyir\\\/\",\"url\":\"https:\\\/\\\/www.meydan.tv\\\/az\\\/article\\\/rejissor-nizami-kinoteatrindan-pulunu-ala-bilmediyini-deyir\\\/\",\"name\":\"Rejissor \u201cNizami\u201d kinoteatr\u0131ndan pulunu ala bilm\u0259diyini deyir - MEYDAN.TV\",\"isPartOf\":{\"@id\":\"https:\\\/\\\/www.meydan.tv\\\/az\\\/#website\"},\"primaryImageOfPage\":{\"@id\":\"https:\\\/\\\/www.meydan.tv\\\/az\\\/article\\\/rejissor-nizami-kinoteatrindan-pulunu-ala-bilmediyini-deyir\\\/#primaryimage\"},\"image\":{\"@id\":\"https:\\\/\\\/www.meydan.tv\\\/az\\\/article\\\/rejissor-nizami-kinoteatrindan-pulunu-ala-bilmediyini-deyir\\\/#primaryimage\"},\"thumbnailUrl\":\"https:\\\/\\\/www.meydan.tv\\\/wp-content\\\/uploads\\\/164319305492576479_1200x630.jpg\",\"datePublished\":\"2023-12-06T14:27:46+00:00\",\"dateModified\":\"2023-12-06T14:27:54+00:00\",\"breadcrumb\":{\"@id\":\"https:\\\/\\\/www.meydan.tv\\\/az\\\/article\\\/rejissor-nizami-kinoteatrindan-pulunu-ala-bilmediyini-deyir\\\/#breadcrumb\"},\"inLanguage\":\"az\",\"potentialAction\":[{\"@type\":\"ReadAction\",\"target\":[\"https:\\\/\\\/www.meydan.tv\\\/az\\\/article\\\/rejissor-nizami-kinoteatrindan-pulunu-ala-bilmediyini-deyir\\\/\"]}]},{\"@type\":\"ImageObject\",\"inLanguage\":\"az\",\"@id\":\"https:\\\/\\\/www.meydan.tv\\\/az\\\/article\\\/rejissor-nizami-kinoteatrindan-pulunu-ala-bilmediyini-deyir\\\/#primaryimage\",\"url\":\"https:\\\/\\\/www.meydan.tv\\\/wp-content\\\/uploads\\\/164319305492576479_1200x630.jpg\",\"contentUrl\":\"https:\\\/\\\/www.meydan.tv\\\/wp-content\\\/uploads\\\/164319305492576479_1200x630.jpg\",\"width\":1200,\"height\":819,\"caption\":\"\u201cNizami\u201d Kino M\u0259rk\u0259zi. Foto: \\\"Az\u0259rtac\\\"\"},{\"@type\":\"BreadcrumbList\",\"@id\":\"https:\\\/\\\/www.meydan.tv\\\/az\\\/article\\\/rejissor-nizami-kinoteatrindan-pulunu-ala-bilmediyini-deyir\\\/#breadcrumb\",\"itemListElement\":[{\"@type\":\"ListItem\",\"position\":1,\"name\":\"Ana s\u0259hif\u0259\",\"item\":\"https:\\\/\\\/www.meydan.tv\\\/az\\\/\"},{\"@type\":\"ListItem\",\"position\":2,\"name\":\"M\u0259d\u0259niyy\u0259t\",\"item\":\"https:\\\/\\\/www.meydan.tv\\\/az\\\/section\\\/medeniyyet\\\/\"},{\"@type\":\"ListItem\",\"position\":3,\"name\":\"Rejissor \u201cNizami\u201d kinoteatr\u0131ndan pulunu ala bilm\u0259diyini deyir\"}]},{\"@type\":\"WebSite\",\"@id\":\"https:\\\/\\\/www.meydan.tv\\\/az\\\/#website\",\"url\":\"https:\\\/\\\/www.meydan.tv\\\/az\\\/\",\"name\":\"MEYDAN.TV\",\"description\":\"Meydan TV Az\u0259rbaycan\u0131n media m\u0259kan\u0131ndak\u0131 alternativ s\u0259sidir\",\"publisher\":{\"@id\":\"https:\\\/\\\/www.meydan.tv\\\/az\\\/#organization\"},\"potentialAction\":[{\"@type\":\"SearchAction\",\"target\":{\"@type\":\"EntryPoint\",\"urlTemplate\":\"https:\\\/\\\/www.meydan.tv\\\/az\\\/?s={search_term_string}\"},\"query-input\":{\"@type\":\"PropertyValueSpecification\",\"valueRequired\":true,\"valueName\":\"search_term_string\"}}],\"inLanguage\":\"az\"},{\"@type\":\"Organization\",\"@id\":\"https:\\\/\\\/www.meydan.tv\\\/az\\\/#organization\",\"name\":\"Meydan TV\",\"url\":\"https:\\\/\\\/www.meydan.tv\\\/az\\\/\",\"logo\":{\"@type\":\"ImageObject\",\"inLanguage\":\"az\",\"@id\":\"https:\\\/\\\/www.meydan.tv\\\/az\\\/#\\\/schema\\\/logo\\\/image\\\/\",\"url\":\"https:\\\/\\\/www.meydan.tv\\\/wp-content\\\/uploads\\\/2021\\\/07\\\/meydan-logo.svg\",\"contentUrl\":\"https:\\\/\\\/www.meydan.tv\\\/wp-content\\\/uploads\\\/2021\\\/07\\\/meydan-logo.svg\",\"width\":195,\"height\":46,\"caption\":\"Meydan TV\"},\"image\":{\"@id\":\"https:\\\/\\\/www.meydan.tv\\\/az\\\/#\\\/schema\\\/logo\\\/image\\\/\"}},{\"@type\":\"Person\",\"@id\":\"https:\\\/\\\/www.meydan.tv\\\/az\\\/#\\\/schema\\\/person\\\/9cdbecf90d17180ce1dfbd95b08dcf47\",\"name\":\"elli\",\"sameAs\":[\"https:\\\/\\\/x.com\\\/elli\"]}]}<\/script>\n<!-- \/ Yoast SEO plugin. -->","yoast_head_json":{"title":"Rejissor \u201cNizami\u201d kinoteatr\u0131ndan pulunu ala bilm\u0259diyini deyir - MEYDAN.TV","robots":{"index":"index","follow":"follow","max-snippet":"max-snippet:-1","max-image-preview":"max-image-preview:large","max-video-preview":"max-video-preview:-1"},"canonical":"https:\/\/www.meydan.tv\/az\/article\/rejissor-nizami-kinoteatrindan-pulunu-ala-bilmediyini-deyir\/","og_locale":"az_AZ","og_type":"article","og_title":"Rejissor \u201cNizami\u201d kinoteatr\u0131ndan pulunu ala bilm\u0259diyini deyir - MEYDAN.TV","og_description":"\u201cGetdim, pulumu alma\u011fa, dedil\u0259r ki, s\u0259nin puluna kinoteatr\u0131n i\u015f\u0131qpulunu \u00f6d\u0259mi\u015fik\u201d ... Davam\u0131","og_url":"https:\/\/www.meydan.tv\/az\/article\/rejissor-nizami-kinoteatrindan-pulunu-ala-bilmediyini-deyir\/","og_site_name":"MEYDAN.TV","article_published_time":"2023-12-06T14:27:46+00:00","article_modified_time":"2023-12-06T14:27:54+00:00","og_image":[{"width":1200,"height":819,"url":"https:\/\/www.meydan.tv\/wp-content\/uploads\/164319305492576479_1200x630.jpg","type":"image\/jpeg"}],"author":"elli","twitter_card":"summary_large_image","twitter_creator":"@elli","schema":{"@context":"https:\/\/schema.org","@graph":[{"@type":"Article","@id":"https:\/\/www.meydan.tv\/az\/article\/rejissor-nizami-kinoteatrindan-pulunu-ala-bilmediyini-deyir\/#article","isPartOf":{"@id":"https:\/\/www.meydan.tv\/az\/article\/rejissor-nizami-kinoteatrindan-pulunu-ala-bilmediyini-deyir\/"},"author":{"name":"elli","@id":"https:\/\/www.meydan.tv\/az\/#\/schema\/person\/9cdbecf90d17180ce1dfbd95b08dcf47"},"headline":"Rejissor \u201cNizami\u201d kinoteatr\u0131ndan pulunu ala bilm\u0259diyini deyir","datePublished":"2023-12-06T14:27:46+00:00","dateModified":"2023-12-06T14:27:54+00:00","mainEntityOfPage":{"@id":"https:\/\/www.meydan.tv\/az\/article\/rejissor-nizami-kinoteatrindan-pulunu-ala-bilmediyini-deyir\/"},"wordCount":726,"publisher":{"@id":"https:\/\/www.meydan.tv\/az\/#organization"},"image":{"@id":"https:\/\/www.meydan.tv\/az\/article\/rejissor-nizami-kinoteatrindan-pulunu-ala-bilmediyini-deyir\/#primaryimage"},"thumbnailUrl":"https:\/\/www.meydan.tv\/wp-content\/uploads\/164319305492576479_1200x630.jpg","articleSection":["M\u0259d\u0259niyy\u0259t","X\u0259b\u0259rl\u0259r"],"inLanguage":"az"},{"@type":"WebPage","@id":"https:\/\/www.meydan.tv\/az\/article\/rejissor-nizami-kinoteatrindan-pulunu-ala-bilmediyini-deyir\/","url":"https:\/\/www.meydan.tv\/az\/article\/rejissor-nizami-kinoteatrindan-pulunu-ala-bilmediyini-deyir\/","name":"Rejissor \u201cNizami\u201d kinoteatr\u0131ndan pulunu ala bilm\u0259diyini deyir - MEYDAN.TV","isPartOf":{"@id":"https:\/\/www.meydan.tv\/az\/#website"},"primaryImageOfPage":{"@id":"https:\/\/www.meydan.tv\/az\/article\/rejissor-nizami-kinoteatrindan-pulunu-ala-bilmediyini-deyir\/#primaryimage"},"image":{"@id":"https:\/\/www.meydan.tv\/az\/article\/rejissor-nizami-kinoteatrindan-pulunu-ala-bilmediyini-deyir\/#primaryimage"},"thumbnailUrl":"https:\/\/www.meydan.tv\/wp-content\/uploads\/164319305492576479_1200x630.jpg","datePublished":"2023-12-06T14:27:46+00:00","dateModified":"2023-12-06T14:27:54+00:00","breadcrumb":{"@id":"https:\/\/www.meydan.tv\/az\/article\/rejissor-nizami-kinoteatrindan-pulunu-ala-bilmediyini-deyir\/#breadcrumb"},"inLanguage":"az","potentialAction":[{"@type":"ReadAction","target":["https:\/\/www.meydan.tv\/az\/article\/rejissor-nizami-kinoteatrindan-pulunu-ala-bilmediyini-deyir\/"]}]},{"@type":"ImageObject","inLanguage":"az","@id":"https:\/\/www.meydan.tv\/az\/article\/rejissor-nizami-kinoteatrindan-pulunu-ala-bilmediyini-deyir\/#primaryimage","url":"https:\/\/www.meydan.tv\/wp-content\/uploads\/164319305492576479_1200x630.jpg","contentUrl":"https:\/\/www.meydan.tv\/wp-content\/uploads\/164319305492576479_1200x630.jpg","width":1200,"height":819,"caption":"\u201cNizami\u201d Kino M\u0259rk\u0259zi. Foto: \"Az\u0259rtac\""},{"@type":"BreadcrumbList","@id":"https:\/\/www.meydan.tv\/az\/article\/rejissor-nizami-kinoteatrindan-pulunu-ala-bilmediyini-deyir\/#breadcrumb","itemListElement":[{"@type":"ListItem","position":1,"name":"Ana s\u0259hif\u0259","item":"https:\/\/www.meydan.tv\/az\/"},{"@type":"ListItem","position":2,"name":"M\u0259d\u0259niyy\u0259t","item":"https:\/\/www.meydan.tv\/az\/section\/medeniyyet\/"},{"@type":"ListItem","position":3,"name":"Rejissor \u201cNizami\u201d kinoteatr\u0131ndan pulunu ala bilm\u0259diyini deyir"}]},{"@type":"WebSite","@id":"https:\/\/www.meydan.tv\/az\/#website","url":"https:\/\/www.meydan.tv\/az\/","name":"MEYDAN.TV","description":"Meydan TV Az\u0259rbaycan\u0131n media m\u0259kan\u0131ndak\u0131 alternativ s\u0259sidir","publisher":{"@id":"https:\/\/www.meydan.tv\/az\/#organization"},"potentialAction":[{"@type":"SearchAction","target":{"@type":"EntryPoint","urlTemplate":"https:\/\/www.meydan.tv\/az\/?s={search_term_string}"},"query-input":{"@type":"PropertyValueSpecification","valueRequired":true,"valueName":"search_term_string"}}],"inLanguage":"az"},{"@type":"Organization","@id":"https:\/\/www.meydan.tv\/az\/#organization","name":"Meydan TV","url":"https:\/\/www.meydan.tv\/az\/","logo":{"@type":"ImageObject","inLanguage":"az","@id":"https:\/\/www.meydan.tv\/az\/#\/schema\/logo\/image\/","url":"https:\/\/www.meydan.tv\/wp-content\/uploads\/2021\/07\/meydan-logo.svg","contentUrl":"https:\/\/www.meydan.tv\/wp-content\/uploads\/2021\/07\/meydan-logo.svg","width":195,"height":46,"caption":"Meydan TV"},"image":{"@id":"https:\/\/www.meydan.tv\/az\/#\/schema\/logo\/image\/"}},{"@type":"Person","@id":"https:\/\/www.meydan.tv\/az\/#\/schema\/person\/9cdbecf90d17180ce1dfbd95b08dcf47","name":"elli","sameAs":["https:\/\/x.com\/elli"]}]}},"_links":{"self":[{"href":"https:\/\/www.meydan.tv\/az\/wp-json\/wp\/v2\/posts\/292242","targetHints":{"allow":["GET"]}}],"collection":[{"href":"https:\/\/www.meydan.tv\/az\/wp-json\/wp\/v2\/posts"}],"about":[{"href":"https:\/\/www.meydan.tv\/az\/wp-json\/wp\/v2\/types\/post"}],"author":[{"embeddable":true,"href":"https:\/\/www.meydan.tv\/az\/wp-json\/wp\/v2\/users\/8"}],"replies":[{"embeddable":true,"href":"https:\/\/www.meydan.tv\/az\/wp-json\/wp\/v2\/comments?post=292242"}],"version-history":[{"count":2,"href":"https:\/\/www.meydan.tv\/az\/wp-json\/wp\/v2\/posts\/292242\/revisions"}],"predecessor-version":[{"id":292263,"href":"https:\/\/www.meydan.tv\/az\/wp-json\/wp\/v2\/posts\/292242\/revisions\/292263"}],"wp:featuredmedia":[{"embeddable":true,"href":"https:\/\/www.meydan.tv\/az\/wp-json\/wp\/v2\/media\/292254"}],"wp:attachment":[{"href":"https:\/\/www.meydan.tv\/az\/wp-json\/wp\/v2\/media?parent=292242"}],"wp:term":[{"taxonomy":"category","embeddable":true,"href":"https:\/\/www.meydan.tv\/az\/wp-json\/wp\/v2\/categories?post=292242"},{"taxonomy":"post_tag","embeddable":true,"href":"https:\/\/www.meydan.tv\/az\/wp-json\/wp\/v2\/tags?post=292242"}],"curies":[{"name":"wp","href":"https:\/\/api.w.org\/{rel}","templated":true}]}}