{"id":292233,"date":"2023-12-06T17:17:34","date_gmt":"2023-12-06T13:17:34","guid":{"rendered":"https:\/\/www.meydan.tv\/?p=292233"},"modified":"2023-12-06T17:17:37","modified_gmt":"2023-12-06T13:17:37","slug":"ejder-ol-ali-mehkemede-isine-baxilmasini-istemir","status":"publish","type":"post","link":"https:\/\/www.meydan.tv\/az\/article\/ejder-ol-ali-mehkemede-isine-baxilmasini-istemir\/","title":{"rendered":"\u018fjd\u0259r Ol Ali M\u0259hk\u0259m\u0259d\u0259 i\u015fin\u0259 bax\u0131lmas\u0131n\u0131 ist\u0259mir"},"content":{"rendered":"\n<p><strong><em>Ke\u00e7mi\u015f Aparat r\u0259hb\u0259ri \u015fikay\u0259tini geri g\u00f6t\u00fcr\u00fcb<\/em><\/strong><\/p>\n\n\n\n<p>2013-2018-ci ill\u0259rd\u0259 \u018fm\u0259k v\u0259 \u018fhalinin Sosial M\u00fcdafi\u0259 Nazirliyinin Aparat r\u0259hb\u0259ri v\u0259zif\u0259sind\u0259 \u00e7al\u0131\u015fm\u0131\u015f, \u201c\u018fjd\u0259r Ol\u201d t\u0259x\u0259ll\u00fcs\u00fcyl\u0259 tan\u0131nan \u015fair \u018fjd\u0259r C\u0259biyevin v\u0259kili onun haqq\u0131nda \u00e7\u0131xar\u0131lm\u0131\u015f h\u00f6kml\u0259 \u0259laq\u0259dar Ali M\u0259hk\u0259m\u0259y\u0259 \u015fikay\u0259t vermi\u015fdi. V\u0259kil Teymur Balo\u011flanovun verdiyi kassasiya \u015fikay\u0259ti \u00fczr\u0259 dekabr\u0131n 6-da Ali M\u0259hk\u0259m\u0259d\u0259 hakim Tahir Kaz\u0131movun s\u0259drliyil\u0259 m\u0259hk\u0259m\u0259 iclas\u0131 ke\u00e7irilib.<\/p>\n\n\n\n<p>Bak\u0131 A\u011f\u0131r Cinay\u0259tl\u0259r M\u0259hk\u0259m\u0259sinin h\u00f6km\u00fcyl\u0259 \u018fjd\u0259r C\u0259biyev\u0259 8 il 6 ay azadl\u0131qdan m\u0259hrumetm\u0259 c\u0259zas\u0131 verilmi\u015fdi. Apelyasiya m\u0259hk\u0259m\u0259si bu c\u0259zan\u0131 3 ay azaltsa da, \u00f6z\u00fc v\u0259 v\u0259kili bu n\u0259tic\u0259 il\u0259 raz\u0131la\u015fm\u0131rd\u0131. Bak\u0131 Apelyasiya M\u0259hk\u0259m\u0259sinin bu q\u0259rar\u0131ndan Ali M\u0259hk\u0259m\u0259y\u0259 \u015fikay\u0259t verilmi\u015fdi.<\/p>\n\n\n\n<p>Dekabr\u0131n 5-d\u0259 m\u0259hk\u0259m\u0259d\u0259 m\u0259lum olub ki, \u018fjd\u0259r C\u0259biyev Ali M\u0259hk\u0259m\u0259d\u0259 i\u015fin\u0259 bax\u0131lmas\u0131n\u0131 ist\u0259mir. O, v\u0259kilinin verdiyi \u015fikay\u0259ti geri g\u00f6t\u00fcr\u00fcb. Bu bar\u0259d\u0259 m\u0259hk\u0259m\u0259y\u0259 \u0259riz\u0259 g\u00f6nd\u0259rib.<\/p>\n\n\n\n<p>\u018friz\u0259y\u0259 m\u00fcnasib\u0259t bildir\u0259n prokuror deyib ki, \u015fikay\u0259tini geri g\u00f6t\u00fcrm\u0259k \u015f\u0259xsin prosessual h\u00fcququdur v\u0259 t\u0259min olunmal\u0131d\u0131r.<\/p>\n\n\n\n<p>Hakiml\u0259r d\u0259 onun \u0259riz\u0259sini t\u0259min ed\u0259r\u0259k, \u015fikay\u0259t\u0259 bax\u0131lmamas\u0131na q\u0259rar verib.<\/p>\n\n\n\n<p>\u018fjd\u0259r C\u0259biyev k\u00fclli miqdarda m\u0259nims\u0259m\u0259, v\u0259zif\u0259 s\u0259lahiyy\u0259tl\u0259rind\u0259n sui-istifad\u0259 etm\u0259, r\u00fc\u015fv\u0259t alma kimi \u0259m\u0259ll\u0259rd\u0259 t\u0259qsirl\u0259ndirilir.<\/p>\n\n\n\n<p>\u018fjd\u0259r C\u0259biyev 2004-2013-c\u00fc ill\u0259rd\u0259 is\u0259 D\u00f6vl\u0259t Sosial M\u00fcdafi\u0259 Fondunun, 2013-2018-ci ill\u0259rd\u0259 \u018fm\u0259k v\u0259 \u018fhalinin Sosial M\u00fcdafi\u0259si Nazirliyinin Aparat r\u0259hb\u0259ri i\u015fl\u0259yib. Bu ill\u0259rd\u0259 S\u0259lim M\u00fcsl\u00fcmov da ad\u0131\u00e7\u0259kil\u0259n qurumlara r\u0259hb\u0259rlik edib.<\/p>\n\n\n\n<p>\u0130ttihama \u0259sas\u0259n, \u018fjd\u0259r C\u0259biyev Fondda i\u015fl\u0259diyi d\u00f6vrd\u0259 bu qurumun m\u00fcxt\u0259lif rayonlar \u00fczr\u0259 \u015f\u00f6b\u0259l\u0259rind\u0259 i\u015f\u0259 g\u00f6t\u00fcrm\u0259k \u00fc\u00e7\u00fcn ayr\u0131-ayr\u0131 adamlardan r\u00fc\u015fv\u0259t al\u0131b, m\u00fcxt\u0259lif yollarla yeyintil\u0259r\u0259 yol verib. \u018fjd\u0259r C\u0259biyev h\u0259m\u00e7inin nazirliyin tabeliyind\u0259ki obyektl\u0259rin, \u015f\u0259hid ail\u0259l\u0259ri, m\u00fcharib\u0259 \u0259lill\u0259ri \u00fc\u00e7\u00fcn binalar\u0131n tikintisi, avadandanl\u0131qlar\u0131n al\u0131nmas\u0131 zaman\u0131 qiym\u0259tl\u0259rin \u015fi\u015firdilm\u0259si, art\u0131q k\u00f6\u00e7\u00fcr\u00fcl\u0259n v\u0259saitl\u0259rin geri qaytar\u0131lmas\u0131 yoluyla k\u00fclli miqdarda v\u0259saitl\u0259rin m\u0259nims\u0259nilm\u0259sind\u0259 t\u0259qsirl\u0259ndirilir. \u0130ddia olunur ki, sabiq Aparat r\u0259hb\u0259ri b\u00fct\u00fcn bunlar\u0131 nazir S\u0259lim M\u00fcsl\u00fcmovla \u0259lbir olaraq h\u0259yata ke\u00e7irib.<\/p>\n\n\n\n<p>\u018fjd\u0259r Ol haqq\u0131nda cinay\u0259t i\u015find\u0259 korrupsiya n\u0259tic\u0259sind\u0259 d\u0259ymi\u015f ziyan\u0131n \u00fcmumi m\u0259bl\u0259\u011finin 500 min manatdan art\u0131q oldu\u011fu bildirilir. M\u0259hk\u0259m\u0259d\u0259 m\u0259lum olub ki, yeyinti n\u0259tic\u0259sind\u0259 d\u0259ymi\u015f ziyan \u00f6d\u0259nilib.<\/p>\n\n\n\n<p>Sabiq Aparat r\u0259hb\u0259ri m\u0259hk\u0259m\u0259d\u0259 \u00f6z\u00fcn\u00fc t\u0259qsirli bilib: <em>\u201cHe\u00e7 n\u0259y\u0259 etiraz etmir\u0259m. Yaln\u0131z onu dem\u0259k ist\u0259yir\u0259m ki, S\u0259lim M\u00fcsl\u00fcmovla \u0259lbir olmam\u0131\u015fam&#8230;\u201d<\/em><\/p>\n\n\n\n<p>O, \u0259lav\u0259 edib ki, \u0259ld\u0259 olunan v\u0259saitl\u0259ri \u00f6z\u00fcn\u0259 yox, nazirlikd\u0259 ba\u015fqa x\u0259rcl\u0259r\u0259 s\u0259rf edib.<\/p>\n\n\n\n<p>\u018fjd\u0259r C\u0259biyev 2021-ci ilin fevral\u0131nda &#8211; S\u0259lim M\u00fcsl\u00fcmovun h\u0259bsind\u0259n az sonra tutulub. Onlar\u0131n h\u0259r ikisinin i\u015fi \u00fczr\u0259 istintaq D\u00f6vl\u0259t T\u0259hl\u00fck\u0259sizliyi Xidm\u0259tinin \u0130stintaq Ba\u015f \u0130dar\u0259sind\u0259 apar\u0131l\u0131b. Sabiq Aparat r\u0259hb\u0259ri haqq\u0131nda cinay\u0259t i\u015fi dekabrda ke\u00e7mi\u015f nazirin i\u015find\u0259n ayr\u0131laraq, m\u0259hk\u0259m\u0259y\u0259 g\u00f6nd\u0259rilib.<\/p>\n\n\n\n<p>S\u0259lim M\u00fcsl\u00fcmov il yar\u0131ma yax\u0131n DTX-n\u0131n istintaq t\u0259cridxanas\u0131nda h\u0259bsd\u0259 saxland\u0131qdan sonra 2022-ci il may\u0131n 26-da ev dustaql\u0131\u011f\u0131na burax\u0131l\u0131b. \u0130l yar\u0131md\u0131r ki, Bak\u0131 A\u011f\u0131r Cinay\u0259tl\u0259r M\u0259hk\u0259m\u0259sind\u0259 ke\u00e7mi\u015f nazirin m\u0259hk\u0259m\u0259si gedir. O, 27 milyonluq yeyinti v\u0259 r\u00fc\u015fv\u0259talmada t\u0259qsirl\u0259ndirilir. Sabiq nazir m\u0259hk\u0259m\u0259d\u0259 \u00f6z\u00fcn\u00fc qism\u0259n t\u0259qsirli bildiyini deyib.<\/p>\n","protected":false},"excerpt":{"rendered":"<p>Ke\u00e7mi\u015f Aparat r\u0259hb\u0259ri \u015fikay\u0259tini geri g\u00f6t\u00fcr\u00fcb 2013-2018-ci ill\u0259rd\u0259 \u018fm\u0259k v\u0259 &#8230; <\/p>\n<p class=\"read-more-container\"><a title=\"\u018fjd\u0259r Ol Ali M\u0259hk\u0259m\u0259d\u0259 i\u015fin\u0259 bax\u0131lmas\u0131n\u0131 ist\u0259mir\" class=\"read-more button\" href=\"https:\/\/www.meydan.tv\/az\/article\/ejder-ol-ali-mehkemede-isine-baxilmasini-istemir\/#more-292233\" aria-label=\"Read more about \u018fjd\u0259r Ol Ali M\u0259hk\u0259m\u0259d\u0259 i\u015fin\u0259 bax\u0131lmas\u0131n\u0131 ist\u0259mir\">Davam\u0131<\/a><\/p>\n","protected":false},"author":8,"featured_media":231105,"comment_status":"closed","ping_status":"closed","sticky":false,"template":"","format":"standard","meta":{"_acf_changed":false,"_sitemap_exclude":false,"_sitemap_priority":"","_sitemap_frequency":"","footnotes":""},"categories":[62,56],"tags":[],"class_list":["post-292233","post","type-post","status-publish","format-standard","has-post-thumbnail","hentry","category-sosial","category-xeberler","infinite-scroll-item","generate-columns","tablet-grid-50","mobile-grid-100","grid-parent","grid-33","no-featured-image-padding"],"acf":[],"yoast_head":"<!-- This site is optimized with the Yoast SEO plugin v27.5 - https:\/\/yoast.com\/product\/yoast-seo-wordpress\/ -->\n<title>\u018fjd\u0259r Ol Ali M\u0259hk\u0259m\u0259d\u0259 i\u015fin\u0259 bax\u0131lmas\u0131n\u0131 ist\u0259mir - MEYDAN.TV<\/title>\n<meta name=\"robots\" content=\"index, follow, max-snippet:-1, max-image-preview:large, max-video-preview:-1\" \/>\n<link rel=\"canonical\" href=\"https:\/\/www.meydan.tv\/az\/article\/ejder-ol-ali-mehkemede-isine-baxilmasini-istemir\/\" \/>\n<meta property=\"og:locale\" content=\"az_AZ\" \/>\n<meta property=\"og:type\" content=\"article\" \/>\n<meta property=\"og:title\" content=\"\u018fjd\u0259r Ol Ali M\u0259hk\u0259m\u0259d\u0259 i\u015fin\u0259 bax\u0131lmas\u0131n\u0131 ist\u0259mir - MEYDAN.TV\" \/>\n<meta property=\"og:description\" content=\"Ke\u00e7mi\u015f Aparat r\u0259hb\u0259ri \u015fikay\u0259tini geri g\u00f6t\u00fcr\u00fcb 2013-2018-ci ill\u0259rd\u0259 \u018fm\u0259k v\u0259 ... Davam\u0131\" \/>\n<meta property=\"og:url\" content=\"https:\/\/www.meydan.tv\/az\/article\/ejder-ol-ali-mehkemede-isine-baxilmasini-istemir\/\" \/>\n<meta property=\"og:site_name\" content=\"MEYDAN.TV\" \/>\n<meta property=\"article:published_time\" content=\"2023-12-06T13:17:34+00:00\" \/>\n<meta property=\"article:modified_time\" content=\"2023-12-06T13:17:37+00:00\" \/>\n<meta property=\"og:image\" content=\"https:\/\/www.meydan.tv\/wp-content\/uploads\/ejder-1-e1641491608351.jpg\" \/>\n\t<meta property=\"og:image:width\" content=\"1394\" \/>\n\t<meta property=\"og:image:height\" content=\"791\" \/>\n\t<meta property=\"og:image:type\" content=\"image\/jpeg\" \/>\n<meta name=\"author\" content=\"elli\" \/>\n<meta name=\"twitter:card\" content=\"summary_large_image\" \/>\n<meta name=\"twitter:creator\" content=\"@elli\" \/>\n<script type=\"application\/ld+json\" class=\"yoast-schema-graph\">{\"@context\":\"https:\\\/\\\/schema.org\",\"@graph\":[{\"@type\":\"Article\",\"@id\":\"https:\\\/\\\/www.meydan.tv\\\/az\\\/article\\\/ejder-ol-ali-mehkemede-isine-baxilmasini-istemir\\\/#article\",\"isPartOf\":{\"@id\":\"https:\\\/\\\/www.meydan.tv\\\/az\\\/article\\\/ejder-ol-ali-mehkemede-isine-baxilmasini-istemir\\\/\"},\"author\":{\"name\":\"elli\",\"@id\":\"https:\\\/\\\/www.meydan.tv\\\/az\\\/#\\\/schema\\\/person\\\/9cdbecf90d17180ce1dfbd95b08dcf47\"},\"headline\":\"\u018fjd\u0259r Ol Ali M\u0259hk\u0259m\u0259d\u0259 i\u015fin\u0259 bax\u0131lmas\u0131n\u0131 ist\u0259mir\",\"datePublished\":\"2023-12-06T13:17:34+00:00\",\"dateModified\":\"2023-12-06T13:17:37+00:00\",\"mainEntityOfPage\":{\"@id\":\"https:\\\/\\\/www.meydan.tv\\\/az\\\/article\\\/ejder-ol-ali-mehkemede-isine-baxilmasini-istemir\\\/\"},\"wordCount\":746,\"publisher\":{\"@id\":\"https:\\\/\\\/www.meydan.tv\\\/az\\\/#organization\"},\"image\":{\"@id\":\"https:\\\/\\\/www.meydan.tv\\\/az\\\/article\\\/ejder-ol-ali-mehkemede-isine-baxilmasini-istemir\\\/#primaryimage\"},\"thumbnailUrl\":\"https:\\\/\\\/www.meydan.tv\\\/wp-content\\\/uploads\\\/ejder-1-e1641491608351.jpg\",\"articleSection\":[\"Sosial\",\"X\u0259b\u0259rl\u0259r\"],\"inLanguage\":\"az\"},{\"@type\":\"WebPage\",\"@id\":\"https:\\\/\\\/www.meydan.tv\\\/az\\\/article\\\/ejder-ol-ali-mehkemede-isine-baxilmasini-istemir\\\/\",\"url\":\"https:\\\/\\\/www.meydan.tv\\\/az\\\/article\\\/ejder-ol-ali-mehkemede-isine-baxilmasini-istemir\\\/\",\"name\":\"\u018fjd\u0259r Ol Ali M\u0259hk\u0259m\u0259d\u0259 i\u015fin\u0259 bax\u0131lmas\u0131n\u0131 ist\u0259mir - MEYDAN.TV\",\"isPartOf\":{\"@id\":\"https:\\\/\\\/www.meydan.tv\\\/az\\\/#website\"},\"primaryImageOfPage\":{\"@id\":\"https:\\\/\\\/www.meydan.tv\\\/az\\\/article\\\/ejder-ol-ali-mehkemede-isine-baxilmasini-istemir\\\/#primaryimage\"},\"image\":{\"@id\":\"https:\\\/\\\/www.meydan.tv\\\/az\\\/article\\\/ejder-ol-ali-mehkemede-isine-baxilmasini-istemir\\\/#primaryimage\"},\"thumbnailUrl\":\"https:\\\/\\\/www.meydan.tv\\\/wp-content\\\/uploads\\\/ejder-1-e1641491608351.jpg\",\"datePublished\":\"2023-12-06T13:17:34+00:00\",\"dateModified\":\"2023-12-06T13:17:37+00:00\",\"breadcrumb\":{\"@id\":\"https:\\\/\\\/www.meydan.tv\\\/az\\\/article\\\/ejder-ol-ali-mehkemede-isine-baxilmasini-istemir\\\/#breadcrumb\"},\"inLanguage\":\"az\",\"potentialAction\":[{\"@type\":\"ReadAction\",\"target\":[\"https:\\\/\\\/www.meydan.tv\\\/az\\\/article\\\/ejder-ol-ali-mehkemede-isine-baxilmasini-istemir\\\/\"]}]},{\"@type\":\"ImageObject\",\"inLanguage\":\"az\",\"@id\":\"https:\\\/\\\/www.meydan.tv\\\/az\\\/article\\\/ejder-ol-ali-mehkemede-isine-baxilmasini-istemir\\\/#primaryimage\",\"url\":\"https:\\\/\\\/www.meydan.tv\\\/wp-content\\\/uploads\\\/ejder-1-e1641491608351.jpg\",\"contentUrl\":\"https:\\\/\\\/www.meydan.tv\\\/wp-content\\\/uploads\\\/ejder-1-e1641491608351.jpg\",\"width\":1394,\"height\":791,\"caption\":\"\u018fjd\u0259r C\u0259biyev, Foto: https:\\\/\\\/www.ejderol.net\\\/\"},{\"@type\":\"BreadcrumbList\",\"@id\":\"https:\\\/\\\/www.meydan.tv\\\/az\\\/article\\\/ejder-ol-ali-mehkemede-isine-baxilmasini-istemir\\\/#breadcrumb\",\"itemListElement\":[{\"@type\":\"ListItem\",\"position\":1,\"name\":\"Ana s\u0259hif\u0259\",\"item\":\"https:\\\/\\\/www.meydan.tv\\\/az\\\/\"},{\"@type\":\"ListItem\",\"position\":2,\"name\":\"Sosial\",\"item\":\"https:\\\/\\\/www.meydan.tv\\\/az\\\/section\\\/sosial\\\/\"},{\"@type\":\"ListItem\",\"position\":3,\"name\":\"\u018fjd\u0259r Ol Ali M\u0259hk\u0259m\u0259d\u0259 i\u015fin\u0259 bax\u0131lmas\u0131n\u0131 ist\u0259mir\"}]},{\"@type\":\"WebSite\",\"@id\":\"https:\\\/\\\/www.meydan.tv\\\/az\\\/#website\",\"url\":\"https:\\\/\\\/www.meydan.tv\\\/az\\\/\",\"name\":\"MEYDAN.TV\",\"description\":\"Meydan TV Az\u0259rbaycan\u0131n media m\u0259kan\u0131ndak\u0131 alternativ s\u0259sidir\",\"publisher\":{\"@id\":\"https:\\\/\\\/www.meydan.tv\\\/az\\\/#organization\"},\"potentialAction\":[{\"@type\":\"SearchAction\",\"target\":{\"@type\":\"EntryPoint\",\"urlTemplate\":\"https:\\\/\\\/www.meydan.tv\\\/az\\\/?s={search_term_string}\"},\"query-input\":{\"@type\":\"PropertyValueSpecification\",\"valueRequired\":true,\"valueName\":\"search_term_string\"}}],\"inLanguage\":\"az\"},{\"@type\":\"Organization\",\"@id\":\"https:\\\/\\\/www.meydan.tv\\\/az\\\/#organization\",\"name\":\"Meydan TV\",\"url\":\"https:\\\/\\\/www.meydan.tv\\\/az\\\/\",\"logo\":{\"@type\":\"ImageObject\",\"inLanguage\":\"az\",\"@id\":\"https:\\\/\\\/www.meydan.tv\\\/az\\\/#\\\/schema\\\/logo\\\/image\\\/\",\"url\":\"https:\\\/\\\/www.meydan.tv\\\/wp-content\\\/uploads\\\/2021\\\/07\\\/meydan-logo.svg\",\"contentUrl\":\"https:\\\/\\\/www.meydan.tv\\\/wp-content\\\/uploads\\\/2021\\\/07\\\/meydan-logo.svg\",\"width\":195,\"height\":46,\"caption\":\"Meydan TV\"},\"image\":{\"@id\":\"https:\\\/\\\/www.meydan.tv\\\/az\\\/#\\\/schema\\\/logo\\\/image\\\/\"}},{\"@type\":\"Person\",\"@id\":\"https:\\\/\\\/www.meydan.tv\\\/az\\\/#\\\/schema\\\/person\\\/9cdbecf90d17180ce1dfbd95b08dcf47\",\"name\":\"elli\",\"sameAs\":[\"https:\\\/\\\/x.com\\\/elli\"]}]}<\/script>\n<!-- \/ Yoast SEO plugin. -->","yoast_head_json":{"title":"\u018fjd\u0259r Ol Ali M\u0259hk\u0259m\u0259d\u0259 i\u015fin\u0259 bax\u0131lmas\u0131n\u0131 ist\u0259mir - MEYDAN.TV","robots":{"index":"index","follow":"follow","max-snippet":"max-snippet:-1","max-image-preview":"max-image-preview:large","max-video-preview":"max-video-preview:-1"},"canonical":"https:\/\/www.meydan.tv\/az\/article\/ejder-ol-ali-mehkemede-isine-baxilmasini-istemir\/","og_locale":"az_AZ","og_type":"article","og_title":"\u018fjd\u0259r Ol Ali M\u0259hk\u0259m\u0259d\u0259 i\u015fin\u0259 bax\u0131lmas\u0131n\u0131 ist\u0259mir - MEYDAN.TV","og_description":"Ke\u00e7mi\u015f Aparat r\u0259hb\u0259ri \u015fikay\u0259tini geri g\u00f6t\u00fcr\u00fcb 2013-2018-ci ill\u0259rd\u0259 \u018fm\u0259k v\u0259 ... Davam\u0131","og_url":"https:\/\/www.meydan.tv\/az\/article\/ejder-ol-ali-mehkemede-isine-baxilmasini-istemir\/","og_site_name":"MEYDAN.TV","article_published_time":"2023-12-06T13:17:34+00:00","article_modified_time":"2023-12-06T13:17:37+00:00","og_image":[{"width":1394,"height":791,"url":"https:\/\/www.meydan.tv\/wp-content\/uploads\/ejder-1-e1641491608351.jpg","type":"image\/jpeg"}],"author":"elli","twitter_card":"summary_large_image","twitter_creator":"@elli","schema":{"@context":"https:\/\/schema.org","@graph":[{"@type":"Article","@id":"https:\/\/www.meydan.tv\/az\/article\/ejder-ol-ali-mehkemede-isine-baxilmasini-istemir\/#article","isPartOf":{"@id":"https:\/\/www.meydan.tv\/az\/article\/ejder-ol-ali-mehkemede-isine-baxilmasini-istemir\/"},"author":{"name":"elli","@id":"https:\/\/www.meydan.tv\/az\/#\/schema\/person\/9cdbecf90d17180ce1dfbd95b08dcf47"},"headline":"\u018fjd\u0259r Ol Ali M\u0259hk\u0259m\u0259d\u0259 i\u015fin\u0259 bax\u0131lmas\u0131n\u0131 ist\u0259mir","datePublished":"2023-12-06T13:17:34+00:00","dateModified":"2023-12-06T13:17:37+00:00","mainEntityOfPage":{"@id":"https:\/\/www.meydan.tv\/az\/article\/ejder-ol-ali-mehkemede-isine-baxilmasini-istemir\/"},"wordCount":746,"publisher":{"@id":"https:\/\/www.meydan.tv\/az\/#organization"},"image":{"@id":"https:\/\/www.meydan.tv\/az\/article\/ejder-ol-ali-mehkemede-isine-baxilmasini-istemir\/#primaryimage"},"thumbnailUrl":"https:\/\/www.meydan.tv\/wp-content\/uploads\/ejder-1-e1641491608351.jpg","articleSection":["Sosial","X\u0259b\u0259rl\u0259r"],"inLanguage":"az"},{"@type":"WebPage","@id":"https:\/\/www.meydan.tv\/az\/article\/ejder-ol-ali-mehkemede-isine-baxilmasini-istemir\/","url":"https:\/\/www.meydan.tv\/az\/article\/ejder-ol-ali-mehkemede-isine-baxilmasini-istemir\/","name":"\u018fjd\u0259r Ol Ali M\u0259hk\u0259m\u0259d\u0259 i\u015fin\u0259 bax\u0131lmas\u0131n\u0131 ist\u0259mir - MEYDAN.TV","isPartOf":{"@id":"https:\/\/www.meydan.tv\/az\/#website"},"primaryImageOfPage":{"@id":"https:\/\/www.meydan.tv\/az\/article\/ejder-ol-ali-mehkemede-isine-baxilmasini-istemir\/#primaryimage"},"image":{"@id":"https:\/\/www.meydan.tv\/az\/article\/ejder-ol-ali-mehkemede-isine-baxilmasini-istemir\/#primaryimage"},"thumbnailUrl":"https:\/\/www.meydan.tv\/wp-content\/uploads\/ejder-1-e1641491608351.jpg","datePublished":"2023-12-06T13:17:34+00:00","dateModified":"2023-12-06T13:17:37+00:00","breadcrumb":{"@id":"https:\/\/www.meydan.tv\/az\/article\/ejder-ol-ali-mehkemede-isine-baxilmasini-istemir\/#breadcrumb"},"inLanguage":"az","potentialAction":[{"@type":"ReadAction","target":["https:\/\/www.meydan.tv\/az\/article\/ejder-ol-ali-mehkemede-isine-baxilmasini-istemir\/"]}]},{"@type":"ImageObject","inLanguage":"az","@id":"https:\/\/www.meydan.tv\/az\/article\/ejder-ol-ali-mehkemede-isine-baxilmasini-istemir\/#primaryimage","url":"https:\/\/www.meydan.tv\/wp-content\/uploads\/ejder-1-e1641491608351.jpg","contentUrl":"https:\/\/www.meydan.tv\/wp-content\/uploads\/ejder-1-e1641491608351.jpg","width":1394,"height":791,"caption":"\u018fjd\u0259r C\u0259biyev, Foto: https:\/\/www.ejderol.net\/"},{"@type":"BreadcrumbList","@id":"https:\/\/www.meydan.tv\/az\/article\/ejder-ol-ali-mehkemede-isine-baxilmasini-istemir\/#breadcrumb","itemListElement":[{"@type":"ListItem","position":1,"name":"Ana s\u0259hif\u0259","item":"https:\/\/www.meydan.tv\/az\/"},{"@type":"ListItem","position":2,"name":"Sosial","item":"https:\/\/www.meydan.tv\/az\/section\/sosial\/"},{"@type":"ListItem","position":3,"name":"\u018fjd\u0259r Ol Ali M\u0259hk\u0259m\u0259d\u0259 i\u015fin\u0259 bax\u0131lmas\u0131n\u0131 ist\u0259mir"}]},{"@type":"WebSite","@id":"https:\/\/www.meydan.tv\/az\/#website","url":"https:\/\/www.meydan.tv\/az\/","name":"MEYDAN.TV","description":"Meydan TV Az\u0259rbaycan\u0131n media m\u0259kan\u0131ndak\u0131 alternativ s\u0259sidir","publisher":{"@id":"https:\/\/www.meydan.tv\/az\/#organization"},"potentialAction":[{"@type":"SearchAction","target":{"@type":"EntryPoint","urlTemplate":"https:\/\/www.meydan.tv\/az\/?s={search_term_string}"},"query-input":{"@type":"PropertyValueSpecification","valueRequired":true,"valueName":"search_term_string"}}],"inLanguage":"az"},{"@type":"Organization","@id":"https:\/\/www.meydan.tv\/az\/#organization","name":"Meydan TV","url":"https:\/\/www.meydan.tv\/az\/","logo":{"@type":"ImageObject","inLanguage":"az","@id":"https:\/\/www.meydan.tv\/az\/#\/schema\/logo\/image\/","url":"https:\/\/www.meydan.tv\/wp-content\/uploads\/2021\/07\/meydan-logo.svg","contentUrl":"https:\/\/www.meydan.tv\/wp-content\/uploads\/2021\/07\/meydan-logo.svg","width":195,"height":46,"caption":"Meydan TV"},"image":{"@id":"https:\/\/www.meydan.tv\/az\/#\/schema\/logo\/image\/"}},{"@type":"Person","@id":"https:\/\/www.meydan.tv\/az\/#\/schema\/person\/9cdbecf90d17180ce1dfbd95b08dcf47","name":"elli","sameAs":["https:\/\/x.com\/elli"]}]}},"_links":{"self":[{"href":"https:\/\/www.meydan.tv\/az\/wp-json\/wp\/v2\/posts\/292233","targetHints":{"allow":["GET"]}}],"collection":[{"href":"https:\/\/www.meydan.tv\/az\/wp-json\/wp\/v2\/posts"}],"about":[{"href":"https:\/\/www.meydan.tv\/az\/wp-json\/wp\/v2\/types\/post"}],"author":[{"embeddable":true,"href":"https:\/\/www.meydan.tv\/az\/wp-json\/wp\/v2\/users\/8"}],"replies":[{"embeddable":true,"href":"https:\/\/www.meydan.tv\/az\/wp-json\/wp\/v2\/comments?post=292233"}],"version-history":[{"count":3,"href":"https:\/\/www.meydan.tv\/az\/wp-json\/wp\/v2\/posts\/292233\/revisions"}],"predecessor-version":[{"id":292237,"href":"https:\/\/www.meydan.tv\/az\/wp-json\/wp\/v2\/posts\/292233\/revisions\/292237"}],"wp:featuredmedia":[{"embeddable":true,"href":"https:\/\/www.meydan.tv\/az\/wp-json\/wp\/v2\/media\/231105"}],"wp:attachment":[{"href":"https:\/\/www.meydan.tv\/az\/wp-json\/wp\/v2\/media?parent=292233"}],"wp:term":[{"taxonomy":"category","embeddable":true,"href":"https:\/\/www.meydan.tv\/az\/wp-json\/wp\/v2\/categories?post=292233"},{"taxonomy":"post_tag","embeddable":true,"href":"https:\/\/www.meydan.tv\/az\/wp-json\/wp\/v2\/tags?post=292233"}],"curies":[{"name":"wp","href":"https:\/\/api.w.org\/{rel}","templated":true}]}}