{"id":292229,"date":"2023-12-06T17:22:56","date_gmt":"2023-12-06T13:22:56","guid":{"rendered":"https:\/\/www.meydan.tv\/?p=292229"},"modified":"2023-12-06T17:23:03","modified_gmt":"2023-12-06T13:23:03","slug":"herbcilerin-xidmet-muddeti-ve-pensiya-elavesi-artirilir","status":"publish","type":"post","link":"https:\/\/www.meydan.tv\/az\/article\/herbcilerin-xidmet-muddeti-ve-pensiya-elavesi-artirilir\/","title":{"rendered":"H\u0259rb\u00e7il\u0259rin xidm\u0259t m\u00fcdd\u0259ti v\u0259 pensiya \u0259lav\u0259si art\u0131r\u0131l\u0131r"},"content":{"rendered":"\n<p><\/p>\n\n\n\n<p><strong><em>Ekspertl\u0259r f\u0259rqli d\u00fc\u015f\u00fcn\u00fcr, ordudan getm\u0259k ist\u0259y\u0259nl\u0259rin olaca\u011f\u0131n\u0131 proqnozla\u015fd\u0131ran da var<\/em><\/strong><\/p>\n\n\n\n<p>Milli M\u0259clisin dekabr\u0131n 5-d\u0259 ke\u00e7iril\u0259n iclas\u0131nda \u201cH\u0259rbi qulluq\u00e7ular\u0131n statusu haqq\u0131nda\u201d, h\u0259m\u00e7inin \u201c\u018fm\u0259k pensiyalar\u0131 haqq\u0131nda\u201d qanunlara edil\u0259n d\u0259yi\u015fiklikd\u0259n sonra Az\u0259rbaycanda h\u0259rb\u00e7il\u0259rin pensiya ya\u015f\u0131 art\u0131r\u0131l\u0131b.<\/p>\n\n\n\n<p>\u0130ndiy\u0259d\u0259k h\u0259rbi qulluq\u00e7ular 20 il h\u0259rbi xidm\u0259t ke\u00e7\u0259nd\u0259n sonra pensiyaya \u00e7\u0131xmaq h\u00fcququ \u0259ld\u0259 edirdil\u0259rs\u0259, d\u0259yi\u015fiklikd\u0259n sonra h\u0259min m\u00fcdd\u0259t be\u015f il art\u0131r\u0131laraq 25 il\u0259 \u00e7atd\u0131r\u0131lacaq. Qanun layih\u0259sind\u0259 h\u0259m\u00e7inin m\u00fcdd\u0259td\u0259n art\u0131q h\u0259qiqi h\u0259rbi xidm\u0259t h\u0259rbi qulluq\u00e7ular\u0131, gizirl\u0259r v\u0259 mi\u00e7manlar \u00fc\u00e7\u00fcn dinc d\u00f6vrd\u0259 h\u0259qiqi h\u0259rbi xidm\u0259td\u0259 olma\u011f\u0131n son ya\u015f h\u0259ddi 45-d\u0259n 48-\u0259 art\u0131r\u0131l\u0131b. Xidm\u0259t m\u00fcdd\u0259tin\u0259 g\u00f6r\u0259 d\u0259 pensiya \u0259lav\u0259si 50 deyil, 65 faiz olacaq. D\u0259yi\u015fiklik h\u0259rbi qulluq\u00e7ular\u0131n formala\u015fm\u0131\u015f t\u0259cr\u00fcb\u0259sind\u0259n daha uzun m\u00fcdd\u0259t istifad\u0259 etm\u0259kl\u0259 \u0259laq\u0259l\u0259ndirilib.<\/p>\n\n\n<div class=\"wp-block-image\">\n<figure class=\"aligncenter size-large\"><img decoding=\"async\" width=\"1200\" height=\"800\" data-src=\"https:\/\/www.meydan.tv\/wp-content\/uploads\/016_5b5au2r-1200x800.jpg\" alt=\"Milli M\u0259clis\" class=\"wp-image-144857 lazyload\" src=\"data:image\/svg+xml;base64,PHN2ZyB3aWR0aD0iMSIgaGVpZ2h0PSIxIiB4bWxucz0iaHR0cDovL3d3dy53My5vcmcvMjAwMC9zdmciPjwvc3ZnPg==\" style=\"--smush-placeholder-width: 1200px; --smush-placeholder-aspect-ratio: 1200\/800;\" \/><figcaption class=\"wp-element-caption\">Foto: president.az<\/figcaption><\/figure>\n<\/div>\n\n\n<p>H\u0259rbi ekspert \u00dczeyir C\u0259f\u0259rov Meydan TV-y\u0259 deyir ki, qanuna edil\u0259n d\u0259yi\u015fiklik orduya mara\u011f\u0131 azaldacaq. H\u0259m d\u0259 ordudan \u00e7\u0131xmaq ist\u0259y\u0259n insanlar\u0131n say\u0131n\u0131 art\u0131racaq:<\/p>\n\n\n\n<p>\u201c<em>Milli M\u0259clisd\u0259 h\u0259rb\u00e7il\u0259rin yerin\u0259 art\u0131q m\u0259s\u0259l\u0259ni h\u0259ll edibl\u0259r. \u018fsasland\u0131rma\u011fa \u00e7al\u0131\u015f\u0131rlar ki, h\u0259r \u015fey yax\u015f\u0131 olacaq. Ziyaf\u0259t \u018fsg\u0259rov deyir ki, bu, \u00e7ox g\u00f6z\u0259l t\u0259klifdir. He\u00e7 bir g\u00f6z\u0259lliyi yoxdur. Bu q\u0259rar \u00e7ox b\u00f6y\u00fck naraz\u0131l\u0131q yarad\u0131b. He\u00e7 bir elmi \u0259sasland\u0131rma yoxdur. Ba\u015flay\u0131blar ki, h\u0259rbid\u0259 pe\u015f\u0259karlar 20 yox, 25 il\u0259 yaran\u0131r. M\u0259n bel\u0259 d\u00fc\u015f\u00fcnm\u00fcr\u0259m v\u0259 hesab edir\u0259m ki, bu q\u0259rar\u0131n q\u0259bul olunmas\u0131, \u00fcmumilikd\u0259 orduya mara\u011f\u0131 azaldacaq. D\u00fcnyada elmi t\u0259dqiqatlar var. Tibb sah\u0259sind\u0259 d\u0259 s\u00fcbut olunmu\u015f bir faktd\u0131r ki, 20 il insan orqanizmi davaml\u0131 \u015f\u0259kild\u0259 d\u00f6z\u00fcr v\u0259 onu keyfiyy\u0259tli \u015f\u0259kild\u0259 yerin\u0259 yetirm\u0259y\u0259 imkan yarad\u0131r. H\u0259rb\u00e7i 20 il bazar, n\u0259 bayram, n\u0259 seyran bilir, n\u00f6vb\u0259y\u0259 gedir, poliqonda ya\u015fay\u0131r. Be\u015f il az m\u00fcdd\u0259t deyil\u201d.<\/em><\/p>\n\n\n<div class=\"wp-block-image\">\n<figure class=\"alignright size-full is-resized\"><img decoding=\"async\" width=\"739\" height=\"489\" data-src=\"https:\/\/www.meydan.tv\/wp-content\/uploads\/1574677076_1463806037_jfxigyu.jpg\" alt=\"\u00dczeyr C\u0259f\u0259rov\" class=\"wp-image-213614 lazyload\" style=\"--smush-placeholder-width: 739px; --smush-placeholder-aspect-ratio: 739\/489;width:410px;height:auto\" src=\"data:image\/svg+xml;base64,PHN2ZyB3aWR0aD0iMSIgaGVpZ2h0PSIxIiB4bWxucz0iaHR0cDovL3d3dy53My5vcmcvMjAwMC9zdmciPjwvc3ZnPg==\" \/><figcaption class=\"wp-element-caption\">\u00dczeyir C\u0259f\u0259rovun \u015f\u0259xsi arxivind\u0259n<\/figcaption><\/figure>\n<\/div>\n\n\n<p>\u00dczeyir C\u0259f\u0259rov h\u0259rb\u00e7il\u0259rin pensiya ya\u015f\u0131n\u0131n art\u0131r\u0131lmas\u0131n\u0131 h\u00f6kum\u0259tin pensiya \u015f\u0259rtl\u0259rini a\u011f\u0131rla\u015fd\u0131raraq, b\u00fcdc\u0259 v\u0259saitl\u0259rin\u0259 q\u0259na\u0259t etm\u0259k kimi d\u0259y\u0259rl\u0259ndirir:<\/p>\n\n\n\n<p><em>\u201c\u018fm\u0259k v\u0259 \u018fhalinin Sosial M\u00fcdafi\u0259si Nazirliyinin t\u0259kidi il\u0259 hans\u0131sa be\u015f-on manata q\u0259na\u0259t etm\u0259k m\u0259qs\u0259dil\u0259 bu q\u0259rar\u0131 q\u0259bul etm\u0259y\u0259 \u00e7al\u0131\u015f\u0131rlar. M\u0259n bu q\u0259rar\u0131n \u0259leyhin\u0259y\u0259m v\u0259 hesab edir\u0259m ki, yanl\u0131\u015f q\u0259rard\u0131r. Az\u0259rbaycan Silahl\u0131 Q\u00fcvv\u0259l\u0259rin\u0259 o q\u0259d\u0259r d\u0259 xeyir g\u0259tirm\u0259y\u0259c\u0259k\u201d.<\/em><\/p>\n\n\n\n<p>Mill\u0259t v\u0259kili V\u00fcqar Bayramov <a href=\"https:\/\/www.facebook.com\/photo.php?fbid=10232826574704703&amp;set=a.10226828978608549&amp;type=3&amp;ref=embed_post\">deyir ki<\/a>, yeni qanun 17, 18 v\u0259 ya 19 il xidm\u0259t ed\u0259nl\u0259r\u0259 \u015famil olunmayacaq:<\/p>\n\n\n<div class=\"wp-block-image\">\n<figure class=\"alignleft size-full is-resized\"><img decoding=\"async\" width=\"600\" height=\"400\" data-src=\"https:\/\/www.meydan.tv\/wp-content\/uploads\/42732.jpg\" alt=\"V\u00fcqar Bayramov\" class=\"wp-image-107601 lazyload\" style=\"--smush-placeholder-width: 600px; --smush-placeholder-aspect-ratio: 600\/400;width:333px;height:auto\" src=\"data:image\/svg+xml;base64,PHN2ZyB3aWR0aD0iMSIgaGVpZ2h0PSIxIiB4bWxucz0iaHR0cDovL3d3dy53My5vcmcvMjAwMC9zdmciPjwvc3ZnPg==\" \/><figcaption class=\"wp-element-caption\">M\u0259nb\u0259: Meydan TV<\/figcaption><\/figure>\n<\/div>\n\n\n<p>\u201c<em>2024-c\u00fc il yanvar\u0131n 1-d\u0259k xidm\u0259t m\u00fcdd\u0259tinin \u0259n az\u0131 17 ili tamam olan h\u0259rb\u00e7il\u0259r 20 il tamam olandan sonra pensiyaya \u00e7\u0131xa bil\u0259rl\u0259r. Y\u0259ni, \u0259g\u0259r h\u0259rb\u00e7i 17, 18 v\u0259 ya 19 il qulluq edibs\u0259 v\u0259 yeni d\u0259yi\u015fiklikl\u0259rd\u0259n sonra 25 deyil, 20 xidm\u0259t ilind\u0259n sonra pensiyaya \u00e7\u0131xmaq ist\u0259yirs\u0259, qanun buna imkan yaradacaq. Bu zaman h\u0259rb\u00e7i \u00f6z ist\u0259yind\u0259n as\u0131l\u0131 olaraq, ya 20 xidm\u0259t ili tamam olanda da pensiyaya \u00e7\u0131xa v\u0259 ya 25 il qulluq edib daha y\u00fcks\u0259k m\u0259bl\u0259\u011f il\u0259 pensiya h\u00fcququ qazana bil\u0259r\u201d. <\/em><\/p>\n\n\n\n<p>\u0130qtisad\u00e7\u0131 Natiq C\u0259f\u0259rli d\u0259 Meydan TV-y\u0259 deyir ki, Az\u0259rbaycanda ya\u015fa g\u00f6r\u0259 \u0259m\u0259k pensiyas\u0131 \u0259n \u00e7ox m\u00fczakir\u0259 olunan m\u0259s\u0259l\u0259l\u0259rd\u0259ndir. \u0130nsanlar\u0131 narahat ed\u0259n bu m\u0259s\u0259l\u0259 qanunvericiliy\u0259 d\u00fcz\u0259li\u015fl\u0259r \u015f\u0259klind\u0259 bird\u0259f\u0259lik h\u0259llini tapmal\u0131d\u0131r:&nbsp;<\/p>\n\n\n<div class=\"wp-block-image\">\n<figure class=\"alignright size-large is-resized\"><img decoding=\"async\" data-src=\"https:\/\/www.meydan.tv\/wp-content\/uploads\/natiq_cafarli-1200x800.jpg\" alt=\"Natiq C\u0259f\u0259rli\" class=\"wp-image-209935 lazyload\" style=\"--smush-placeholder-width: 1200px; --smush-placeholder-aspect-ratio: 1200\/800;width:389px;height:auto\" src=\"data:image\/svg+xml;base64,PHN2ZyB3aWR0aD0iMSIgaGVpZ2h0PSIxIiB4bWxucz0iaHR0cDovL3d3dy53My5vcmcvMjAwMC9zdmciPjwvc3ZnPg==\" \/><figcaption class=\"wp-element-caption\">Foto: Meydan.TV<\/figcaption><\/figure>\n<\/div>\n\n\n<p>\u201c<em>Tez-tez bu sah\u0259d\u0259 ciddi qanun d\u0259yi\u015fiklikl\u0259rin\u0259 yol verirl\u0259r. B\u0259zi hallarda insanlar, h\u0259tta pensiya ya\u015f\u0131na \u00e7atanda bel\u0259 hans\u0131 qaydalara uy\u011fun t\u0259qa\u00fcd\u0259 \u00e7\u0131xacaqlar\u0131n\u0131 bel\u0259 bilmirl\u0259r. \u00c7\u00fcnki obrazl\u0131 des\u0259k, oyun qaydalar\u0131 tez-tez d\u0259yi\u015fir. H\u0259rb\u00e7il\u0259r\u0259 m\u00fcnasib\u0259td\u0259 is\u0259 bu, \u00fcmumiyy\u0259tl\u0259, yolverilm\u0259zdir. H\u0259rb\u00e7il\u0259rin h\u0259yat t\u0259hl\u00fck\u0259sini, i\u015f t\u0259cr\u00fcb\u0259sini n\u0259z\u0259r\u0259 alaraq, onlar\u0131n pensiya ya\u015f\u0131n\u0131n art\u0131r\u0131lmas\u0131, m\u0259nc\u0259, do\u011fru v\u0259 m\u0259ntiqli deyil\u201d.<\/em>\u00a0<\/p>\n\n\n\n<p>H\u0259rbi ekspert \u018fdal\u0259t Verdiyev is\u0259 Meydan TV-y\u0259 deyir ki, pensiya ya\u015f\u0131n\u0131n art\u0131r\u0131lmas\u0131, zabitl\u0259r\u0259 daha uzun m\u00fcdd\u0259t v\u0259zif\u0259l\u0259rd\u0259 qalma\u011fa v\u0259 sonrak\u0131 r\u00fctb\u0259l\u0259r\u0259 y\u00fcks\u0259lm\u0259y\u0259 imkan yaradacaq:<\/p>\n\n\n<div class=\"wp-block-image\">\n<figure class=\"alignleft size-large is-resized\"><img decoding=\"async\" data-src=\"https:\/\/www.meydan.tv\/wp-content\/uploads\/edalet-e1617183922851-1200x675.jpg\" alt=\"\u018fdal\u0259t Verdiyev, foto: https:\/\/yenicag.az\/\" class=\"wp-image-210711 lazyload\" style=\"--smush-placeholder-width: 1200px; --smush-placeholder-aspect-ratio: 1200\/675;width:379px;height:auto\" src=\"data:image\/svg+xml;base64,PHN2ZyB3aWR0aD0iMSIgaGVpZ2h0PSIxIiB4bWxucz0iaHR0cDovL3d3dy53My5vcmcvMjAwMC9zdmciPjwvc3ZnPg==\" \/><figcaption class=\"wp-element-caption\">\u018fdal\u0259t Verdiyev, foto: https:\/\/yenicag.az\/<\/figcaption><\/figure>\n<\/div>\n\n\n<p><em>\u201cUzun m\u00fcdd\u0259t xidm\u0259t &#8211; n\u00f6vb\u0259ti r\u00fctb\u0259 v\u0259 v\u0259zif\u0259l\u0259r dem\u0259kdir. Haz\u0131rda Az\u0259rbaycan ordusunda 25 il m\u00fcdd\u0259td\u0259 xidm\u0259t ed\u0259nl\u0259rin say\u0131 kifay\u0259t q\u0259d\u0259rdir. Birinci v\u0259 \u0130kinci Qaraba\u011f m\u00fcharib\u0259sind\u0259 i\u015ftirak ed\u0259n \u0259ks\u0259r zabitl\u0259rin xidm\u0259t m\u00fcdd\u0259ti \u0259n az\u0131ndan 30 ilin \u00fcz\u0259rind\u0259dir. Ona g\u00f6r\u0259 d\u0259 d\u0259yi\u015fiklik daha \u00e7ox zabitl\u0259rin karyeras\u0131nda m\u00fcsb\u0259t add\u0131m kimi d\u0259y\u0259rl\u0259ndiril\u0259 bil\u0259r\u201d.<\/em><\/p>\n","protected":false},"excerpt":{"rendered":"<p>Ekspertl\u0259r f\u0259rqli d\u00fc\u015f\u00fcn\u00fcr, ordudan getm\u0259k ist\u0259y\u0259nl\u0259rin olaca\u011f\u0131n\u0131 proqnozla\u015fd\u0131ran da var &#8230; <\/p>\n<p class=\"read-more-container\"><a title=\"H\u0259rb\u00e7il\u0259rin xidm\u0259t m\u00fcdd\u0259ti v\u0259 pensiya \u0259lav\u0259si art\u0131r\u0131l\u0131r\" class=\"read-more button\" href=\"https:\/\/www.meydan.tv\/az\/article\/herbcilerin-xidmet-muddeti-ve-pensiya-elavesi-artirilir\/#more-292229\" aria-label=\"Read more about H\u0259rb\u00e7il\u0259rin xidm\u0259t m\u00fcdd\u0259ti v\u0259 pensiya \u0259lav\u0259si art\u0131r\u0131l\u0131r\">Davam\u0131<\/a><\/p>\n","protected":false},"author":8,"featured_media":148226,"comment_status":"closed","ping_status":"closed","sticky":false,"template":"","format":"standard","meta":{"_acf_changed":false,"_sitemap_exclude":false,"_sitemap_priority":"","_sitemap_frequency":"","footnotes":""},"categories":[62,56],"tags":[],"class_list":["post-292229","post","type-post","status-publish","format-standard","has-post-thumbnail","hentry","category-sosial","category-xeberler","infinite-scroll-item","generate-columns","tablet-grid-50","mobile-grid-100","grid-parent","grid-33","no-featured-image-padding"],"acf":[],"yoast_head":"<!-- This site is optimized with the Yoast SEO plugin v27.5 - https:\/\/yoast.com\/product\/yoast-seo-wordpress\/ -->\n<title>H\u0259rb\u00e7il\u0259rin xidm\u0259t m\u00fcdd\u0259ti v\u0259 pensiya \u0259lav\u0259si art\u0131r\u0131l\u0131r - MEYDAN.TV<\/title>\n<meta name=\"robots\" content=\"index, follow, max-snippet:-1, max-image-preview:large, max-video-preview:-1\" \/>\n<link rel=\"canonical\" href=\"https:\/\/www.meydan.tv\/az\/article\/herbcilerin-xidmet-muddeti-ve-pensiya-elavesi-artirilir\/\" \/>\n<meta property=\"og:locale\" content=\"az_AZ\" \/>\n<meta property=\"og:type\" content=\"article\" \/>\n<meta property=\"og:title\" content=\"H\u0259rb\u00e7il\u0259rin xidm\u0259t m\u00fcdd\u0259ti v\u0259 pensiya \u0259lav\u0259si art\u0131r\u0131l\u0131r - MEYDAN.TV\" \/>\n<meta property=\"og:description\" content=\"Ekspertl\u0259r f\u0259rqli d\u00fc\u015f\u00fcn\u00fcr, ordudan getm\u0259k ist\u0259y\u0259nl\u0259rin olaca\u011f\u0131n\u0131 proqnozla\u015fd\u0131ran da var ... Davam\u0131\" \/>\n<meta property=\"og:url\" content=\"https:\/\/www.meydan.tv\/az\/article\/herbcilerin-xidmet-muddeti-ve-pensiya-elavesi-artirilir\/\" \/>\n<meta property=\"og:site_name\" content=\"MEYDAN.TV\" \/>\n<meta property=\"article:published_time\" content=\"2023-12-06T13:22:56+00:00\" \/>\n<meta property=\"article:modified_time\" content=\"2023-12-06T13:23:03+00:00\" \/>\n<meta property=\"og:image\" content=\"https:\/\/www.meydan.tv\/wp-content\/uploads\/soldier_andicme_binegedi_280814_1_280814_10.jpg\" \/>\n\t<meta property=\"og:image:width\" content=\"1200\" \/>\n\t<meta property=\"og:image:height\" content=\"801\" \/>\n\t<meta property=\"og:image:type\" content=\"image\/jpeg\" \/>\n<meta name=\"author\" content=\"elli\" \/>\n<meta name=\"twitter:card\" content=\"summary_large_image\" \/>\n<meta name=\"twitter:creator\" content=\"@elli\" \/>\n<script type=\"application\/ld+json\" class=\"yoast-schema-graph\">{\"@context\":\"https:\\\/\\\/schema.org\",\"@graph\":[{\"@type\":\"Article\",\"@id\":\"https:\\\/\\\/www.meydan.tv\\\/az\\\/article\\\/herbcilerin-xidmet-muddeti-ve-pensiya-elavesi-artirilir\\\/#article\",\"isPartOf\":{\"@id\":\"https:\\\/\\\/www.meydan.tv\\\/az\\\/article\\\/herbcilerin-xidmet-muddeti-ve-pensiya-elavesi-artirilir\\\/\"},\"author\":{\"name\":\"elli\",\"@id\":\"https:\\\/\\\/www.meydan.tv\\\/az\\\/#\\\/schema\\\/person\\\/9cdbecf90d17180ce1dfbd95b08dcf47\"},\"headline\":\"H\u0259rb\u00e7il\u0259rin xidm\u0259t m\u00fcdd\u0259ti v\u0259 pensiya \u0259lav\u0259si art\u0131r\u0131l\u0131r\",\"datePublished\":\"2023-12-06T13:22:56+00:00\",\"dateModified\":\"2023-12-06T13:23:03+00:00\",\"mainEntityOfPage\":{\"@id\":\"https:\\\/\\\/www.meydan.tv\\\/az\\\/article\\\/herbcilerin-xidmet-muddeti-ve-pensiya-elavesi-artirilir\\\/\"},\"wordCount\":954,\"publisher\":{\"@id\":\"https:\\\/\\\/www.meydan.tv\\\/az\\\/#organization\"},\"image\":{\"@id\":\"https:\\\/\\\/www.meydan.tv\\\/az\\\/article\\\/herbcilerin-xidmet-muddeti-ve-pensiya-elavesi-artirilir\\\/#primaryimage\"},\"thumbnailUrl\":\"https:\\\/\\\/www.meydan.tv\\\/wp-content\\\/uploads\\\/soldier_andicme_binegedi_280814_1_280814_10.jpg\",\"articleSection\":[\"Sosial\",\"X\u0259b\u0259rl\u0259r\"],\"inLanguage\":\"az\"},{\"@type\":\"WebPage\",\"@id\":\"https:\\\/\\\/www.meydan.tv\\\/az\\\/article\\\/herbcilerin-xidmet-muddeti-ve-pensiya-elavesi-artirilir\\\/\",\"url\":\"https:\\\/\\\/www.meydan.tv\\\/az\\\/article\\\/herbcilerin-xidmet-muddeti-ve-pensiya-elavesi-artirilir\\\/\",\"name\":\"H\u0259rb\u00e7il\u0259rin xidm\u0259t m\u00fcdd\u0259ti v\u0259 pensiya \u0259lav\u0259si art\u0131r\u0131l\u0131r - MEYDAN.TV\",\"isPartOf\":{\"@id\":\"https:\\\/\\\/www.meydan.tv\\\/az\\\/#website\"},\"primaryImageOfPage\":{\"@id\":\"https:\\\/\\\/www.meydan.tv\\\/az\\\/article\\\/herbcilerin-xidmet-muddeti-ve-pensiya-elavesi-artirilir\\\/#primaryimage\"},\"image\":{\"@id\":\"https:\\\/\\\/www.meydan.tv\\\/az\\\/article\\\/herbcilerin-xidmet-muddeti-ve-pensiya-elavesi-artirilir\\\/#primaryimage\"},\"thumbnailUrl\":\"https:\\\/\\\/www.meydan.tv\\\/wp-content\\\/uploads\\\/soldier_andicme_binegedi_280814_1_280814_10.jpg\",\"datePublished\":\"2023-12-06T13:22:56+00:00\",\"dateModified\":\"2023-12-06T13:23:03+00:00\",\"breadcrumb\":{\"@id\":\"https:\\\/\\\/www.meydan.tv\\\/az\\\/article\\\/herbcilerin-xidmet-muddeti-ve-pensiya-elavesi-artirilir\\\/#breadcrumb\"},\"inLanguage\":\"az\",\"potentialAction\":[{\"@type\":\"ReadAction\",\"target\":[\"https:\\\/\\\/www.meydan.tv\\\/az\\\/article\\\/herbcilerin-xidmet-muddeti-ve-pensiya-elavesi-artirilir\\\/\"]}]},{\"@type\":\"ImageObject\",\"inLanguage\":\"az\",\"@id\":\"https:\\\/\\\/www.meydan.tv\\\/az\\\/article\\\/herbcilerin-xidmet-muddeti-ve-pensiya-elavesi-artirilir\\\/#primaryimage\",\"url\":\"https:\\\/\\\/www.meydan.tv\\\/wp-content\\\/uploads\\\/soldier_andicme_binegedi_280814_1_280814_10.jpg\",\"contentUrl\":\"https:\\\/\\\/www.meydan.tv\\\/wp-content\\\/uploads\\\/soldier_andicme_binegedi_280814_1_280814_10.jpg\",\"width\":1200,\"height\":801,\"caption\":\"Foto: Meydan TV\"},{\"@type\":\"BreadcrumbList\",\"@id\":\"https:\\\/\\\/www.meydan.tv\\\/az\\\/article\\\/herbcilerin-xidmet-muddeti-ve-pensiya-elavesi-artirilir\\\/#breadcrumb\",\"itemListElement\":[{\"@type\":\"ListItem\",\"position\":1,\"name\":\"Ana s\u0259hif\u0259\",\"item\":\"https:\\\/\\\/www.meydan.tv\\\/az\\\/\"},{\"@type\":\"ListItem\",\"position\":2,\"name\":\"Sosial\",\"item\":\"https:\\\/\\\/www.meydan.tv\\\/az\\\/section\\\/sosial\\\/\"},{\"@type\":\"ListItem\",\"position\":3,\"name\":\"H\u0259rb\u00e7il\u0259rin xidm\u0259t m\u00fcdd\u0259ti v\u0259 pensiya \u0259lav\u0259si art\u0131r\u0131l\u0131r\"}]},{\"@type\":\"WebSite\",\"@id\":\"https:\\\/\\\/www.meydan.tv\\\/az\\\/#website\",\"url\":\"https:\\\/\\\/www.meydan.tv\\\/az\\\/\",\"name\":\"MEYDAN.TV\",\"description\":\"Meydan TV Az\u0259rbaycan\u0131n media m\u0259kan\u0131ndak\u0131 alternativ s\u0259sidir\",\"publisher\":{\"@id\":\"https:\\\/\\\/www.meydan.tv\\\/az\\\/#organization\"},\"potentialAction\":[{\"@type\":\"SearchAction\",\"target\":{\"@type\":\"EntryPoint\",\"urlTemplate\":\"https:\\\/\\\/www.meydan.tv\\\/az\\\/?s={search_term_string}\"},\"query-input\":{\"@type\":\"PropertyValueSpecification\",\"valueRequired\":true,\"valueName\":\"search_term_string\"}}],\"inLanguage\":\"az\"},{\"@type\":\"Organization\",\"@id\":\"https:\\\/\\\/www.meydan.tv\\\/az\\\/#organization\",\"name\":\"Meydan TV\",\"url\":\"https:\\\/\\\/www.meydan.tv\\\/az\\\/\",\"logo\":{\"@type\":\"ImageObject\",\"inLanguage\":\"az\",\"@id\":\"https:\\\/\\\/www.meydan.tv\\\/az\\\/#\\\/schema\\\/logo\\\/image\\\/\",\"url\":\"https:\\\/\\\/www.meydan.tv\\\/wp-content\\\/uploads\\\/2021\\\/07\\\/meydan-logo.svg\",\"contentUrl\":\"https:\\\/\\\/www.meydan.tv\\\/wp-content\\\/uploads\\\/2021\\\/07\\\/meydan-logo.svg\",\"width\":195,\"height\":46,\"caption\":\"Meydan TV\"},\"image\":{\"@id\":\"https:\\\/\\\/www.meydan.tv\\\/az\\\/#\\\/schema\\\/logo\\\/image\\\/\"}},{\"@type\":\"Person\",\"@id\":\"https:\\\/\\\/www.meydan.tv\\\/az\\\/#\\\/schema\\\/person\\\/9cdbecf90d17180ce1dfbd95b08dcf47\",\"name\":\"elli\",\"sameAs\":[\"https:\\\/\\\/x.com\\\/elli\"]}]}<\/script>\n<!-- \/ Yoast SEO plugin. -->","yoast_head_json":{"title":"H\u0259rb\u00e7il\u0259rin xidm\u0259t m\u00fcdd\u0259ti v\u0259 pensiya \u0259lav\u0259si art\u0131r\u0131l\u0131r - MEYDAN.TV","robots":{"index":"index","follow":"follow","max-snippet":"max-snippet:-1","max-image-preview":"max-image-preview:large","max-video-preview":"max-video-preview:-1"},"canonical":"https:\/\/www.meydan.tv\/az\/article\/herbcilerin-xidmet-muddeti-ve-pensiya-elavesi-artirilir\/","og_locale":"az_AZ","og_type":"article","og_title":"H\u0259rb\u00e7il\u0259rin xidm\u0259t m\u00fcdd\u0259ti v\u0259 pensiya \u0259lav\u0259si art\u0131r\u0131l\u0131r - MEYDAN.TV","og_description":"Ekspertl\u0259r f\u0259rqli d\u00fc\u015f\u00fcn\u00fcr, ordudan getm\u0259k ist\u0259y\u0259nl\u0259rin olaca\u011f\u0131n\u0131 proqnozla\u015fd\u0131ran da var ... Davam\u0131","og_url":"https:\/\/www.meydan.tv\/az\/article\/herbcilerin-xidmet-muddeti-ve-pensiya-elavesi-artirilir\/","og_site_name":"MEYDAN.TV","article_published_time":"2023-12-06T13:22:56+00:00","article_modified_time":"2023-12-06T13:23:03+00:00","og_image":[{"width":1200,"height":801,"url":"https:\/\/www.meydan.tv\/wp-content\/uploads\/soldier_andicme_binegedi_280814_1_280814_10.jpg","type":"image\/jpeg"}],"author":"elli","twitter_card":"summary_large_image","twitter_creator":"@elli","schema":{"@context":"https:\/\/schema.org","@graph":[{"@type":"Article","@id":"https:\/\/www.meydan.tv\/az\/article\/herbcilerin-xidmet-muddeti-ve-pensiya-elavesi-artirilir\/#article","isPartOf":{"@id":"https:\/\/www.meydan.tv\/az\/article\/herbcilerin-xidmet-muddeti-ve-pensiya-elavesi-artirilir\/"},"author":{"name":"elli","@id":"https:\/\/www.meydan.tv\/az\/#\/schema\/person\/9cdbecf90d17180ce1dfbd95b08dcf47"},"headline":"H\u0259rb\u00e7il\u0259rin xidm\u0259t m\u00fcdd\u0259ti v\u0259 pensiya \u0259lav\u0259si art\u0131r\u0131l\u0131r","datePublished":"2023-12-06T13:22:56+00:00","dateModified":"2023-12-06T13:23:03+00:00","mainEntityOfPage":{"@id":"https:\/\/www.meydan.tv\/az\/article\/herbcilerin-xidmet-muddeti-ve-pensiya-elavesi-artirilir\/"},"wordCount":954,"publisher":{"@id":"https:\/\/www.meydan.tv\/az\/#organization"},"image":{"@id":"https:\/\/www.meydan.tv\/az\/article\/herbcilerin-xidmet-muddeti-ve-pensiya-elavesi-artirilir\/#primaryimage"},"thumbnailUrl":"https:\/\/www.meydan.tv\/wp-content\/uploads\/soldier_andicme_binegedi_280814_1_280814_10.jpg","articleSection":["Sosial","X\u0259b\u0259rl\u0259r"],"inLanguage":"az"},{"@type":"WebPage","@id":"https:\/\/www.meydan.tv\/az\/article\/herbcilerin-xidmet-muddeti-ve-pensiya-elavesi-artirilir\/","url":"https:\/\/www.meydan.tv\/az\/article\/herbcilerin-xidmet-muddeti-ve-pensiya-elavesi-artirilir\/","name":"H\u0259rb\u00e7il\u0259rin xidm\u0259t m\u00fcdd\u0259ti v\u0259 pensiya \u0259lav\u0259si art\u0131r\u0131l\u0131r - MEYDAN.TV","isPartOf":{"@id":"https:\/\/www.meydan.tv\/az\/#website"},"primaryImageOfPage":{"@id":"https:\/\/www.meydan.tv\/az\/article\/herbcilerin-xidmet-muddeti-ve-pensiya-elavesi-artirilir\/#primaryimage"},"image":{"@id":"https:\/\/www.meydan.tv\/az\/article\/herbcilerin-xidmet-muddeti-ve-pensiya-elavesi-artirilir\/#primaryimage"},"thumbnailUrl":"https:\/\/www.meydan.tv\/wp-content\/uploads\/soldier_andicme_binegedi_280814_1_280814_10.jpg","datePublished":"2023-12-06T13:22:56+00:00","dateModified":"2023-12-06T13:23:03+00:00","breadcrumb":{"@id":"https:\/\/www.meydan.tv\/az\/article\/herbcilerin-xidmet-muddeti-ve-pensiya-elavesi-artirilir\/#breadcrumb"},"inLanguage":"az","potentialAction":[{"@type":"ReadAction","target":["https:\/\/www.meydan.tv\/az\/article\/herbcilerin-xidmet-muddeti-ve-pensiya-elavesi-artirilir\/"]}]},{"@type":"ImageObject","inLanguage":"az","@id":"https:\/\/www.meydan.tv\/az\/article\/herbcilerin-xidmet-muddeti-ve-pensiya-elavesi-artirilir\/#primaryimage","url":"https:\/\/www.meydan.tv\/wp-content\/uploads\/soldier_andicme_binegedi_280814_1_280814_10.jpg","contentUrl":"https:\/\/www.meydan.tv\/wp-content\/uploads\/soldier_andicme_binegedi_280814_1_280814_10.jpg","width":1200,"height":801,"caption":"Foto: Meydan TV"},{"@type":"BreadcrumbList","@id":"https:\/\/www.meydan.tv\/az\/article\/herbcilerin-xidmet-muddeti-ve-pensiya-elavesi-artirilir\/#breadcrumb","itemListElement":[{"@type":"ListItem","position":1,"name":"Ana s\u0259hif\u0259","item":"https:\/\/www.meydan.tv\/az\/"},{"@type":"ListItem","position":2,"name":"Sosial","item":"https:\/\/www.meydan.tv\/az\/section\/sosial\/"},{"@type":"ListItem","position":3,"name":"H\u0259rb\u00e7il\u0259rin xidm\u0259t m\u00fcdd\u0259ti v\u0259 pensiya \u0259lav\u0259si art\u0131r\u0131l\u0131r"}]},{"@type":"WebSite","@id":"https:\/\/www.meydan.tv\/az\/#website","url":"https:\/\/www.meydan.tv\/az\/","name":"MEYDAN.TV","description":"Meydan TV Az\u0259rbaycan\u0131n media m\u0259kan\u0131ndak\u0131 alternativ s\u0259sidir","publisher":{"@id":"https:\/\/www.meydan.tv\/az\/#organization"},"potentialAction":[{"@type":"SearchAction","target":{"@type":"EntryPoint","urlTemplate":"https:\/\/www.meydan.tv\/az\/?s={search_term_string}"},"query-input":{"@type":"PropertyValueSpecification","valueRequired":true,"valueName":"search_term_string"}}],"inLanguage":"az"},{"@type":"Organization","@id":"https:\/\/www.meydan.tv\/az\/#organization","name":"Meydan TV","url":"https:\/\/www.meydan.tv\/az\/","logo":{"@type":"ImageObject","inLanguage":"az","@id":"https:\/\/www.meydan.tv\/az\/#\/schema\/logo\/image\/","url":"https:\/\/www.meydan.tv\/wp-content\/uploads\/2021\/07\/meydan-logo.svg","contentUrl":"https:\/\/www.meydan.tv\/wp-content\/uploads\/2021\/07\/meydan-logo.svg","width":195,"height":46,"caption":"Meydan TV"},"image":{"@id":"https:\/\/www.meydan.tv\/az\/#\/schema\/logo\/image\/"}},{"@type":"Person","@id":"https:\/\/www.meydan.tv\/az\/#\/schema\/person\/9cdbecf90d17180ce1dfbd95b08dcf47","name":"elli","sameAs":["https:\/\/x.com\/elli"]}]}},"_links":{"self":[{"href":"https:\/\/www.meydan.tv\/az\/wp-json\/wp\/v2\/posts\/292229","targetHints":{"allow":["GET"]}}],"collection":[{"href":"https:\/\/www.meydan.tv\/az\/wp-json\/wp\/v2\/posts"}],"about":[{"href":"https:\/\/www.meydan.tv\/az\/wp-json\/wp\/v2\/types\/post"}],"author":[{"embeddable":true,"href":"https:\/\/www.meydan.tv\/az\/wp-json\/wp\/v2\/users\/8"}],"replies":[{"embeddable":true,"href":"https:\/\/www.meydan.tv\/az\/wp-json\/wp\/v2\/comments?post=292229"}],"version-history":[{"count":3,"href":"https:\/\/www.meydan.tv\/az\/wp-json\/wp\/v2\/posts\/292229\/revisions"}],"predecessor-version":[{"id":292239,"href":"https:\/\/www.meydan.tv\/az\/wp-json\/wp\/v2\/posts\/292229\/revisions\/292239"}],"wp:featuredmedia":[{"embeddable":true,"href":"https:\/\/www.meydan.tv\/az\/wp-json\/wp\/v2\/media\/148226"}],"wp:attachment":[{"href":"https:\/\/www.meydan.tv\/az\/wp-json\/wp\/v2\/media?parent=292229"}],"wp:term":[{"taxonomy":"category","embeddable":true,"href":"https:\/\/www.meydan.tv\/az\/wp-json\/wp\/v2\/categories?post=292229"},{"taxonomy":"post_tag","embeddable":true,"href":"https:\/\/www.meydan.tv\/az\/wp-json\/wp\/v2\/tags?post=292229"}],"curies":[{"name":"wp","href":"https:\/\/api.w.org\/{rel}","templated":true}]}}