{"id":292205,"date":"2023-12-06T15:37:57","date_gmt":"2023-12-06T11:37:57","guid":{"rendered":"https:\/\/www.meydan.tv\/?p=292205"},"modified":"2023-12-06T16:27:47","modified_gmt":"2023-12-06T12:27:47","slug":"bas-nazir-qarabag-ve-serqi-zengezur-iqtisadi-rayonuna-ayrilan-vesaitden-danisdi","status":"publish","type":"post","link":"https:\/\/www.meydan.tv\/az\/article\/bas-nazir-qarabag-ve-serqi-zengezur-iqtisadi-rayonuna-ayrilan-vesaitden-danisdi\/","title":{"rendered":"Ba\u015f nazir Qaraba\u011f v\u0259 \u015e\u0259rqi Z\u0259ng\u0259zur iqtisadi rayonuna ayr\u0131lan v\u0259saitd\u0259n dan\u0131\u015fd\u0131"},"content":{"rendered":"\n<p><\/p>\n\n\n\n<p><strong><em>Natiq C\u0259f\u0259rli: \u201cHaradan alaca\u011f\u0131q o pullar\u0131?\u201d<\/em><\/strong><\/p>\n\n\n\n<p>M\u00fcharib\u0259d\u0259n sonrak\u0131 \u00fc\u00e7 il m\u00fcdd\u0259tind\u0259 Qaraba\u011f v\u0259 \u015e\u0259rqi Z\u0259ng\u0259zur iqtisadi rayonundak\u0131 b\u0259rpa-quruculuq i\u015fl\u0259rin\u0259 d\u00f6vl\u0259t b\u00fcdc\u0259sind\u0259n 12 milyard manat ayr\u0131l\u0131b. 2024-c\u00fc ilin d\u00f6vl\u0259t b\u00fcdc\u0259sind\u0259 is\u0259 4 milyard manat v\u0259sait n\u0259z\u0259rd\u0259 tutulub. Az\u0259rbaycan\u0131n Ba\u015f naziri \u018fli \u018fs\u0259dov Milli M\u0259clisd\u0259 \u00e7\u0131x\u0131\u015f zaman\u0131 bel\u0259<a href=\"https:\/\/nk.gov.az\/en\/xeberler\/matbuat-xidmatinin-malumati\/bas-nazir-eli-esedov-milli-meclisin-plenar-iclasin-3024\"> deyib<\/a>.<\/p>\n\n\n\n<p>&nbsp;Onun s\u00f6zl\u0259rin\u0259 g\u00f6r\u0259, \u201cB\u00f6y\u00fck Qay\u0131d\u0131\u015fa dair I D\u00f6vl\u0259t Proqram\u0131\u201dn\u0131n icras\u0131 \u00fc\u00e7\u00fcn sonrak\u0131 ill\u0259rd\u0259 14,5 milyard manat v\u0259sait n\u0259z\u0259r\u0259 al\u0131nmaqla 2022-2026-c\u0131 ill\u0259rd\u0259 \u00fcmumilikd\u0259 t\u0259qrib\u0259n 30,5 milyard manat m\u0259bl\u0259\u011find\u0259 v\u0259sait t\u0259l\u0259b olunur.<\/p>\n\n\n\n<p><em>&nbsp;\u201c2026-c\u0131 il\u0259d\u0259k 34,500 ail\u0259nin v\u0259 ya 140 min v\u0259t\u0259nda\u015f\u0131n k\u00f6\u00e7\u00fcr\u00fclm\u0259si n\u0259z\u0259rd\u0259 tutulub. Qaraba\u011f iqtisadi rayonunun \u0259razil\u0259ri &#8211; Xank\u0259ndi, A\u011fd\u0259r\u0259, Xocal\u0131, Xocav\u0259nd v\u0259 b\u00fct\u00f6vl\u00fckd\u0259 i\u015f\u011faldan azad olunmu\u015f rayon v\u0259 \u015f\u0259h\u0259rl\u0259rin yerli x\u0259rcl\u0259ri \u00fczr\u0259 b\u00fcdc\u0259d\u0259 50 milyon manatdan art\u0131q v\u0259sait n\u0259z\u0259rd\u0259 tutulub\u201d.<\/em><\/p>\n\n\n\n<p>M\u00fcdafi\u0259 v\u0259 milli t\u0259hl\u00fck\u0259sizlik x\u0259rcl\u0259rin\u0259 g\u0259linc\u0259, \u018fli \u018fs\u0259dov bildirib ki, bunun \u00fc\u00e7\u00fcn 2024-c\u00fc ilin d\u00f6vl\u0259t b\u00fcdc\u0259si x\u0259rcl\u0259rinin 17,5 faizi h\u0259cmind\u0259 v\u0259 ya 6,4 milyard manatdan art\u0131q v\u0259sait n\u0259z\u0259rd\u0259 tutulub. Bu r\u0259q\u0259m 2023-c\u00fc il\u0259 baxanda 366 milyon manat v\u0259 ya 6 faiz \u00e7oxdur.<\/p>\n\n\n<div class=\"wp-block-image\">\n<figure class=\"aligncenter size-large\"><img decoding=\"async\" width=\"1184\" height=\"821\" data-src=\"https:\/\/www.meydan.tv\/wp-content\/uploads\/656ef83c946f4-1184x821.jpg\" alt=\"\" class=\"wp-image-292209 lazyload\" src=\"data:image\/svg+xml;base64,PHN2ZyB3aWR0aD0iMSIgaGVpZ2h0PSIxIiB4bWxucz0iaHR0cDovL3d3dy53My5vcmcvMjAwMC9zdmciPjwvc3ZnPg==\" style=\"--smush-placeholder-width: 1184px; --smush-placeholder-aspect-ratio: 1184\/821;\" \/><figcaption class=\"wp-element-caption\">\u018fli \u018fs\u0259dov. Foto: &#8220;nk.gov.az&#8221;<\/figcaption><\/figure>\n<\/div>\n\n\n<p>\u0130qtisad\u00e7\u0131 Natiq C\u0259f\u0259rli deyir ki, i\u015f\u011faldan azad edilmi\u015f regionlar\u0131n g\u0259l\u0259c\u0259yi, t\u0259hl\u00fck\u0259sizliyi v\u0259 iqtisadi effektivliyi \u00fc\u00e7\u00fcn ora az\u0131 1,5 milyon v\u0259t\u0259nda\u015f k\u00f6\u00e7\u00fcr\u00fclm\u0259lidir. Onun s\u00f6zl\u0259rin\u0259 g\u00f6r\u0259, indiy\u0259d\u0259k x\u0259rcl\u0259n\u0259n v\u0259sait g\u0259l\u0259c\u0259y\u0259 proyeksiya edils\u0259, yax\u0131n 10 il\u0259 t\u0259qrib\u0259n, 150 milyard manata ehtiyac olacaq:<\/p>\n\n\n\n<p><em>\u201cBa\u015f nazir \u00e7\u0131x\u0131\u015f ed\u0259nd\u0259 m\u0259hz bundan dan\u0131\u015fmal\u0131 idi \u2013 haradan alaca\u011f\u0131q o pullar\u0131? \u00d6lk\u0259 nec\u0259 pul qazanacaq? \u018fhalinin ora orqanik, t\u0259bii, qal\u0131c\u0131 k\u00f6\u00e7\u00fc \u00fc\u00e7\u00fcn n\u0259 add\u0131mlar at\u0131lacaq? Anlay\u0131ram, ilk ill\u0259r kommunikasiyalara, yollara, infrastruktura daha \u00e7ox pul gedib, amma bu i\u015fl\u0259r d\u0259 h\u0259l\u0259 ba\u015fa \u00e7atmay\u0131b ax\u0131, davam edir. Nazir deyib ki, 2026-c\u0131 il\u0259 b\u00f6lg\u0259y\u0259 140 min insan k\u00f6\u00e7\u00fcr\u00fcl\u0259c\u0259k \u2013 y\u0259ni, 31 milyard manata yax\u0131n pul x\u0259rcl\u0259n\u0259c\u0259k. Bu g\u00fcn\u0259 q\u0259d\u0259r k\u00f6\u00e7\u00fcr\u00fcl\u0259nl\u0259r\u0259 ayl\u0131q pul verib orda saxlay\u0131rlar, h\u0259l\u0259 ki, saylar\u0131 4 mindir, yax\u015f\u0131, 150 min, 1,5 milyon olanda n\u0259 ed\u0259c\u0259kl\u0259r, pul ver\u0259c\u0259kl\u0259r ki, Bak\u0131ya geri k\u00f6\u00e7m\u0259sinl\u0259r?\u201d.<\/em><\/p>\n\n\n<div class=\"wp-block-image\">\n<figure class=\"alignright size-large is-resized\"><img decoding=\"async\" width=\"1200\" height=\"696\" data-src=\"https:\/\/www.meydan.tv\/wp-content\/uploads\/image_from_ios_178-scaled-e1648798569981-1200x696.jpg\" alt=\"Natiq C\u0259f\u0259rli\" class=\"wp-image-210013 lazyload\" style=\"--smush-placeholder-width: 1200px; --smush-placeholder-aspect-ratio: 1200\/696;width:436px;height:auto\" src=\"data:image\/svg+xml;base64,PHN2ZyB3aWR0aD0iMSIgaGVpZ2h0PSIxIiB4bWxucz0iaHR0cDovL3d3dy53My5vcmcvMjAwMC9zdmciPjwvc3ZnPg==\" \/><figcaption class=\"wp-element-caption\">Natiq C\u0259f\u0259rli, Foto: Meydan TV<\/figcaption><\/figure>\n<\/div>\n\n\n<p>\u0130qtisad\u00e7\u0131 deyir ki, \u00f6lk\u0259nin qar\u015f\u0131s\u0131nda b\u00f6y\u00fck \u00e7a\u011f\u0131r\u0131\u015flar var, h\u0259rbi q\u0259l\u0259b\u0259ni qal\u0131c\u0131 etm\u0259k, i\u015f\u011faldan azad edil\u0259n b\u00f6lg\u0259l\u0259ri iqtisadi inki\u015faf\u0131n motoruna \u00e7evirm\u0259k ist\u0259yirl\u0259rs\u0259, &#8220;oyun qaydalar\u0131&#8221; d\u0259yi\u015fm\u0259lidir:<\/p>\n\n\n\n<p><em>\u201cBu sisteml\u0259 olmayacaq, sad\u0259c\u0259 m\u00fcmk\u00fcn deyil, iqtisadiyyat elmdir, \u0259mrl\u0259, \u201cd\u0259y\u0259n\u0259kl\u0259\u201d idar\u0259 olunmur&#8230;\u201d.<\/em><\/p>\n\n\n\n<p>1988-ci ild\u0259 ba\u015flayan Qaraba\u011f m\u00fcnaqi\u015f\u0259si Az\u0259rbaycan v\u0259 Erm\u0259nistan aras\u0131nda silahl\u0131 toqqu\u015fmalara s\u0259b\u0259b olub. Birinci Qaraba\u011f m\u00fcharib\u0259si zaman\u0131 Az\u0259rbaycan \u0259traf 7 rayona v\u0259 Da\u011fl\u0131q Qaraba\u011fa n\u0259zar\u0259ti itirib. 2020-ci ilin sentyabr\u0131nda ba\u015flayan v\u0259 44 g\u00fcn \u00e7\u0259k\u0259n \u0130kinci Qaraba\u011f m\u00fcharib\u0259si zaman\u0131 Az\u0259rbaycan h\u0259min 7 rayona, Qaraba\u011f\u0131n is\u0259 bir hiss\u0259sin\u0259 n\u0259zar\u0259tini b\u0259rpa edib. Az\u0259rbaycan, Rusiya v\u0259 Erm\u0259nistan aras\u0131nda raz\u0131la\u015fma il\u0259 La\u00e7\u0131n d\u0259hlizin\u0259 v\u0259 Qaraba\u011fda t\u0259mas x\u0259ttin\u0259 Rusiya h\u0259rb\u00e7il\u0259ri yerl\u0259\u015fdirilib. Bu il sentyabr\u0131n 19-20-d\u0259 is\u0259 Bak\u0131 Qaraba\u011fda &#8220;lokal anti-terror t\u0259dbirl\u0259ri&#8221; elan edib. Yerevan bunu &#8220;etnik t\u0259mizl\u0259nm\u0259&#8221; v\u0259 &#8220;t\u0259cav\u00fcz&#8221; adland\u0131r\u0131b.<\/p>\n\n\n\n<p>Sentyabr\u0131n 20-d\u0259 Qaraba\u011f separat\u00e7\u0131lar\u0131 Bak\u0131n\u0131n \u015f\u0259rtl\u0259rin\u0259 raz\u0131la\u015fd\u0131qlar\u0131n\u0131 bildiribl\u0259r. Daha sonra Qaraba\u011fdan Erm\u0259nistana \u0259hali k\u00f6\u00e7\u00fc ba\u015flay\u0131b. Sentyabr\u0131n 28-d\u0259 tan\u0131nmayan qurum f\u0259aliyy\u0259tini dayand\u0131raca\u011f\u0131n\u0131 elan edib. Separat\u00e7\u0131 qurumun bir \u00e7ox liderl\u0259ri saxlanaraq Bak\u0131ya g\u0259tirilib.<\/p>\n","protected":false},"excerpt":{"rendered":"<p>Natiq C\u0259f\u0259rli: \u201cHaradan alaca\u011f\u0131q o pullar\u0131?\u201d M\u00fcharib\u0259d\u0259n sonrak\u0131 \u00fc\u00e7 il &#8230; <\/p>\n<p class=\"read-more-container\"><a title=\"Ba\u015f nazir Qaraba\u011f v\u0259 \u015e\u0259rqi Z\u0259ng\u0259zur iqtisadi rayonuna ayr\u0131lan v\u0259saitd\u0259n dan\u0131\u015fd\u0131\" class=\"read-more button\" href=\"https:\/\/www.meydan.tv\/az\/article\/bas-nazir-qarabag-ve-serqi-zengezur-iqtisadi-rayonuna-ayrilan-vesaitden-danisdi\/#more-292205\" aria-label=\"Read more about Ba\u015f nazir Qaraba\u011f v\u0259 \u015e\u0259rqi Z\u0259ng\u0259zur iqtisadi rayonuna ayr\u0131lan v\u0259saitd\u0259n dan\u0131\u015fd\u0131\">Davam\u0131<\/a><\/p>\n","protected":false},"author":8,"featured_media":271920,"comment_status":"closed","ping_status":"closed","sticky":false,"template":"","format":"standard","meta":{"_acf_changed":false,"_sitemap_exclude":false,"_sitemap_priority":"","_sitemap_frequency":"","footnotes":""},"categories":[53,56],"tags":[],"class_list":["post-292205","post","type-post","status-publish","format-standard","has-post-thumbnail","hentry","category-iqtisadiyyat","category-xeberler","infinite-scroll-item","generate-columns","tablet-grid-50","mobile-grid-100","grid-parent","grid-33","no-featured-image-padding"],"acf":[],"yoast_head":"<!-- This site is optimized with the Yoast SEO plugin v27.4 - https:\/\/yoast.com\/product\/yoast-seo-wordpress\/ -->\n<title>Ba\u015f nazir Qaraba\u011f v\u0259 \u015e\u0259rqi Z\u0259ng\u0259zur iqtisadi rayonuna ayr\u0131lan v\u0259saitd\u0259n dan\u0131\u015fd\u0131 - MEYDAN.TV<\/title>\n<meta name=\"robots\" content=\"index, follow, max-snippet:-1, max-image-preview:large, max-video-preview:-1\" \/>\n<link rel=\"canonical\" href=\"https:\/\/www.meydan.tv\/az\/article\/bas-nazir-qarabag-ve-serqi-zengezur-iqtisadi-rayonuna-ayrilan-vesaitden-danisdi\/\" \/>\n<meta property=\"og:locale\" content=\"az_AZ\" \/>\n<meta property=\"og:type\" content=\"article\" \/>\n<meta property=\"og:title\" content=\"Ba\u015f nazir Qaraba\u011f v\u0259 \u015e\u0259rqi Z\u0259ng\u0259zur iqtisadi rayonuna ayr\u0131lan v\u0259saitd\u0259n dan\u0131\u015fd\u0131 - MEYDAN.TV\" \/>\n<meta property=\"og:description\" content=\"Natiq C\u0259f\u0259rli: \u201cHaradan alaca\u011f\u0131q o pullar\u0131?\u201d M\u00fcharib\u0259d\u0259n sonrak\u0131 \u00fc\u00e7 il ... Davam\u0131\" \/>\n<meta property=\"og:url\" content=\"https:\/\/www.meydan.tv\/az\/article\/bas-nazir-qarabag-ve-serqi-zengezur-iqtisadi-rayonuna-ayrilan-vesaitden-danisdi\/\" \/>\n<meta property=\"og:site_name\" content=\"MEYDAN.TV\" \/>\n<meta property=\"article:published_time\" content=\"2023-12-06T11:37:57+00:00\" \/>\n<meta property=\"article:modified_time\" content=\"2023-12-06T12:27:47+00:00\" \/>\n<meta property=\"og:image\" content=\"https:\/\/www.meydan.tv\/wp-content\/uploads\/462694-1.jpg\" \/>\n\t<meta property=\"og:image:width\" content=\"1200\" \/>\n\t<meta property=\"og:image:height\" content=\"675\" \/>\n\t<meta property=\"og:image:type\" content=\"image\/jpeg\" \/>\n<meta name=\"author\" content=\"elli\" \/>\n<meta name=\"twitter:card\" content=\"summary_large_image\" \/>\n<meta name=\"twitter:creator\" content=\"@elli\" \/>\n<script type=\"application\/ld+json\" class=\"yoast-schema-graph\">{\"@context\":\"https:\\\/\\\/schema.org\",\"@graph\":[{\"@type\":\"Article\",\"@id\":\"https:\\\/\\\/www.meydan.tv\\\/az\\\/article\\\/bas-nazir-qarabag-ve-serqi-zengezur-iqtisadi-rayonuna-ayrilan-vesaitden-danisdi\\\/#article\",\"isPartOf\":{\"@id\":\"https:\\\/\\\/www.meydan.tv\\\/az\\\/article\\\/bas-nazir-qarabag-ve-serqi-zengezur-iqtisadi-rayonuna-ayrilan-vesaitden-danisdi\\\/\"},\"author\":{\"name\":\"elli\",\"@id\":\"https:\\\/\\\/www.meydan.tv\\\/az\\\/#\\\/schema\\\/person\\\/9cdbecf90d17180ce1dfbd95b08dcf47\"},\"headline\":\"Ba\u015f nazir Qaraba\u011f v\u0259 \u015e\u0259rqi Z\u0259ng\u0259zur iqtisadi rayonuna ayr\u0131lan v\u0259saitd\u0259n dan\u0131\u015fd\u0131\",\"datePublished\":\"2023-12-06T11:37:57+00:00\",\"dateModified\":\"2023-12-06T12:27:47+00:00\",\"mainEntityOfPage\":{\"@id\":\"https:\\\/\\\/www.meydan.tv\\\/az\\\/article\\\/bas-nazir-qarabag-ve-serqi-zengezur-iqtisadi-rayonuna-ayrilan-vesaitden-danisdi\\\/\"},\"wordCount\":744,\"publisher\":{\"@id\":\"https:\\\/\\\/www.meydan.tv\\\/az\\\/#organization\"},\"image\":{\"@id\":\"https:\\\/\\\/www.meydan.tv\\\/az\\\/article\\\/bas-nazir-qarabag-ve-serqi-zengezur-iqtisadi-rayonuna-ayrilan-vesaitden-danisdi\\\/#primaryimage\"},\"thumbnailUrl\":\"https:\\\/\\\/www.meydan.tv\\\/wp-content\\\/uploads\\\/462694-1.jpg\",\"articleSection\":[\"\u0130qtisadiyyat\",\"X\u0259b\u0259rl\u0259r\"],\"inLanguage\":\"az\"},{\"@type\":\"WebPage\",\"@id\":\"https:\\\/\\\/www.meydan.tv\\\/az\\\/article\\\/bas-nazir-qarabag-ve-serqi-zengezur-iqtisadi-rayonuna-ayrilan-vesaitden-danisdi\\\/\",\"url\":\"https:\\\/\\\/www.meydan.tv\\\/az\\\/article\\\/bas-nazir-qarabag-ve-serqi-zengezur-iqtisadi-rayonuna-ayrilan-vesaitden-danisdi\\\/\",\"name\":\"Ba\u015f nazir Qaraba\u011f v\u0259 \u015e\u0259rqi Z\u0259ng\u0259zur iqtisadi rayonuna ayr\u0131lan v\u0259saitd\u0259n dan\u0131\u015fd\u0131 - MEYDAN.TV\",\"isPartOf\":{\"@id\":\"https:\\\/\\\/www.meydan.tv\\\/az\\\/#website\"},\"primaryImageOfPage\":{\"@id\":\"https:\\\/\\\/www.meydan.tv\\\/az\\\/article\\\/bas-nazir-qarabag-ve-serqi-zengezur-iqtisadi-rayonuna-ayrilan-vesaitden-danisdi\\\/#primaryimage\"},\"image\":{\"@id\":\"https:\\\/\\\/www.meydan.tv\\\/az\\\/article\\\/bas-nazir-qarabag-ve-serqi-zengezur-iqtisadi-rayonuna-ayrilan-vesaitden-danisdi\\\/#primaryimage\"},\"thumbnailUrl\":\"https:\\\/\\\/www.meydan.tv\\\/wp-content\\\/uploads\\\/462694-1.jpg\",\"datePublished\":\"2023-12-06T11:37:57+00:00\",\"dateModified\":\"2023-12-06T12:27:47+00:00\",\"breadcrumb\":{\"@id\":\"https:\\\/\\\/www.meydan.tv\\\/az\\\/article\\\/bas-nazir-qarabag-ve-serqi-zengezur-iqtisadi-rayonuna-ayrilan-vesaitden-danisdi\\\/#breadcrumb\"},\"inLanguage\":\"az\",\"potentialAction\":[{\"@type\":\"ReadAction\",\"target\":[\"https:\\\/\\\/www.meydan.tv\\\/az\\\/article\\\/bas-nazir-qarabag-ve-serqi-zengezur-iqtisadi-rayonuna-ayrilan-vesaitden-danisdi\\\/\"]}]},{\"@type\":\"ImageObject\",\"inLanguage\":\"az\",\"@id\":\"https:\\\/\\\/www.meydan.tv\\\/az\\\/article\\\/bas-nazir-qarabag-ve-serqi-zengezur-iqtisadi-rayonuna-ayrilan-vesaitden-danisdi\\\/#primaryimage\",\"url\":\"https:\\\/\\\/www.meydan.tv\\\/wp-content\\\/uploads\\\/462694-1.jpg\",\"contentUrl\":\"https:\\\/\\\/www.meydan.tv\\\/wp-content\\\/uploads\\\/462694-1.jpg\",\"width\":1200,\"height\":675,\"caption\":\"\u0130\u015f\u011faldan azad olunmu\u015f \u0259razil\u0259r. Foto: AAYDA\"},{\"@type\":\"BreadcrumbList\",\"@id\":\"https:\\\/\\\/www.meydan.tv\\\/az\\\/article\\\/bas-nazir-qarabag-ve-serqi-zengezur-iqtisadi-rayonuna-ayrilan-vesaitden-danisdi\\\/#breadcrumb\",\"itemListElement\":[{\"@type\":\"ListItem\",\"position\":1,\"name\":\"Ana s\u0259hif\u0259\",\"item\":\"https:\\\/\\\/www.meydan.tv\\\/az\\\/\"},{\"@type\":\"ListItem\",\"position\":2,\"name\":\"\u0130qtisadiyyat\",\"item\":\"https:\\\/\\\/www.meydan.tv\\\/az\\\/section\\\/iqtisadiyyat\\\/\"},{\"@type\":\"ListItem\",\"position\":3,\"name\":\"Ba\u015f nazir Qaraba\u011f v\u0259 \u015e\u0259rqi Z\u0259ng\u0259zur iqtisadi rayonuna ayr\u0131lan v\u0259saitd\u0259n dan\u0131\u015fd\u0131\"}]},{\"@type\":\"WebSite\",\"@id\":\"https:\\\/\\\/www.meydan.tv\\\/az\\\/#website\",\"url\":\"https:\\\/\\\/www.meydan.tv\\\/az\\\/\",\"name\":\"MEYDAN.TV\",\"description\":\"Meydan TV Az\u0259rbaycan\u0131n media m\u0259kan\u0131ndak\u0131 alternativ s\u0259sidir\",\"publisher\":{\"@id\":\"https:\\\/\\\/www.meydan.tv\\\/az\\\/#organization\"},\"potentialAction\":[{\"@type\":\"SearchAction\",\"target\":{\"@type\":\"EntryPoint\",\"urlTemplate\":\"https:\\\/\\\/www.meydan.tv\\\/az\\\/?s={search_term_string}\"},\"query-input\":{\"@type\":\"PropertyValueSpecification\",\"valueRequired\":true,\"valueName\":\"search_term_string\"}}],\"inLanguage\":\"az\"},{\"@type\":\"Organization\",\"@id\":\"https:\\\/\\\/www.meydan.tv\\\/az\\\/#organization\",\"name\":\"Meydan TV\",\"url\":\"https:\\\/\\\/www.meydan.tv\\\/az\\\/\",\"logo\":{\"@type\":\"ImageObject\",\"inLanguage\":\"az\",\"@id\":\"https:\\\/\\\/www.meydan.tv\\\/az\\\/#\\\/schema\\\/logo\\\/image\\\/\",\"url\":\"https:\\\/\\\/www.meydan.tv\\\/wp-content\\\/uploads\\\/2021\\\/07\\\/meydan-logo.svg\",\"contentUrl\":\"https:\\\/\\\/www.meydan.tv\\\/wp-content\\\/uploads\\\/2021\\\/07\\\/meydan-logo.svg\",\"width\":195,\"height\":46,\"caption\":\"Meydan TV\"},\"image\":{\"@id\":\"https:\\\/\\\/www.meydan.tv\\\/az\\\/#\\\/schema\\\/logo\\\/image\\\/\"}},{\"@type\":\"Person\",\"@id\":\"https:\\\/\\\/www.meydan.tv\\\/az\\\/#\\\/schema\\\/person\\\/9cdbecf90d17180ce1dfbd95b08dcf47\",\"name\":\"elli\",\"sameAs\":[\"https:\\\/\\\/x.com\\\/elli\"]}]}<\/script>\n<!-- \/ Yoast SEO plugin. -->","yoast_head_json":{"title":"Ba\u015f nazir Qaraba\u011f v\u0259 \u015e\u0259rqi Z\u0259ng\u0259zur iqtisadi rayonuna ayr\u0131lan v\u0259saitd\u0259n dan\u0131\u015fd\u0131 - MEYDAN.TV","robots":{"index":"index","follow":"follow","max-snippet":"max-snippet:-1","max-image-preview":"max-image-preview:large","max-video-preview":"max-video-preview:-1"},"canonical":"https:\/\/www.meydan.tv\/az\/article\/bas-nazir-qarabag-ve-serqi-zengezur-iqtisadi-rayonuna-ayrilan-vesaitden-danisdi\/","og_locale":"az_AZ","og_type":"article","og_title":"Ba\u015f nazir Qaraba\u011f v\u0259 \u015e\u0259rqi Z\u0259ng\u0259zur iqtisadi rayonuna ayr\u0131lan v\u0259saitd\u0259n dan\u0131\u015fd\u0131 - MEYDAN.TV","og_description":"Natiq C\u0259f\u0259rli: \u201cHaradan alaca\u011f\u0131q o pullar\u0131?\u201d M\u00fcharib\u0259d\u0259n sonrak\u0131 \u00fc\u00e7 il ... Davam\u0131","og_url":"https:\/\/www.meydan.tv\/az\/article\/bas-nazir-qarabag-ve-serqi-zengezur-iqtisadi-rayonuna-ayrilan-vesaitden-danisdi\/","og_site_name":"MEYDAN.TV","article_published_time":"2023-12-06T11:37:57+00:00","article_modified_time":"2023-12-06T12:27:47+00:00","og_image":[{"width":1200,"height":675,"url":"https:\/\/www.meydan.tv\/wp-content\/uploads\/462694-1.jpg","type":"image\/jpeg"}],"author":"elli","twitter_card":"summary_large_image","twitter_creator":"@elli","schema":{"@context":"https:\/\/schema.org","@graph":[{"@type":"Article","@id":"https:\/\/www.meydan.tv\/az\/article\/bas-nazir-qarabag-ve-serqi-zengezur-iqtisadi-rayonuna-ayrilan-vesaitden-danisdi\/#article","isPartOf":{"@id":"https:\/\/www.meydan.tv\/az\/article\/bas-nazir-qarabag-ve-serqi-zengezur-iqtisadi-rayonuna-ayrilan-vesaitden-danisdi\/"},"author":{"name":"elli","@id":"https:\/\/www.meydan.tv\/az\/#\/schema\/person\/9cdbecf90d17180ce1dfbd95b08dcf47"},"headline":"Ba\u015f nazir Qaraba\u011f v\u0259 \u015e\u0259rqi Z\u0259ng\u0259zur iqtisadi rayonuna ayr\u0131lan v\u0259saitd\u0259n dan\u0131\u015fd\u0131","datePublished":"2023-12-06T11:37:57+00:00","dateModified":"2023-12-06T12:27:47+00:00","mainEntityOfPage":{"@id":"https:\/\/www.meydan.tv\/az\/article\/bas-nazir-qarabag-ve-serqi-zengezur-iqtisadi-rayonuna-ayrilan-vesaitden-danisdi\/"},"wordCount":744,"publisher":{"@id":"https:\/\/www.meydan.tv\/az\/#organization"},"image":{"@id":"https:\/\/www.meydan.tv\/az\/article\/bas-nazir-qarabag-ve-serqi-zengezur-iqtisadi-rayonuna-ayrilan-vesaitden-danisdi\/#primaryimage"},"thumbnailUrl":"https:\/\/www.meydan.tv\/wp-content\/uploads\/462694-1.jpg","articleSection":["\u0130qtisadiyyat","X\u0259b\u0259rl\u0259r"],"inLanguage":"az"},{"@type":"WebPage","@id":"https:\/\/www.meydan.tv\/az\/article\/bas-nazir-qarabag-ve-serqi-zengezur-iqtisadi-rayonuna-ayrilan-vesaitden-danisdi\/","url":"https:\/\/www.meydan.tv\/az\/article\/bas-nazir-qarabag-ve-serqi-zengezur-iqtisadi-rayonuna-ayrilan-vesaitden-danisdi\/","name":"Ba\u015f nazir Qaraba\u011f v\u0259 \u015e\u0259rqi Z\u0259ng\u0259zur iqtisadi rayonuna ayr\u0131lan v\u0259saitd\u0259n dan\u0131\u015fd\u0131 - MEYDAN.TV","isPartOf":{"@id":"https:\/\/www.meydan.tv\/az\/#website"},"primaryImageOfPage":{"@id":"https:\/\/www.meydan.tv\/az\/article\/bas-nazir-qarabag-ve-serqi-zengezur-iqtisadi-rayonuna-ayrilan-vesaitden-danisdi\/#primaryimage"},"image":{"@id":"https:\/\/www.meydan.tv\/az\/article\/bas-nazir-qarabag-ve-serqi-zengezur-iqtisadi-rayonuna-ayrilan-vesaitden-danisdi\/#primaryimage"},"thumbnailUrl":"https:\/\/www.meydan.tv\/wp-content\/uploads\/462694-1.jpg","datePublished":"2023-12-06T11:37:57+00:00","dateModified":"2023-12-06T12:27:47+00:00","breadcrumb":{"@id":"https:\/\/www.meydan.tv\/az\/article\/bas-nazir-qarabag-ve-serqi-zengezur-iqtisadi-rayonuna-ayrilan-vesaitden-danisdi\/#breadcrumb"},"inLanguage":"az","potentialAction":[{"@type":"ReadAction","target":["https:\/\/www.meydan.tv\/az\/article\/bas-nazir-qarabag-ve-serqi-zengezur-iqtisadi-rayonuna-ayrilan-vesaitden-danisdi\/"]}]},{"@type":"ImageObject","inLanguage":"az","@id":"https:\/\/www.meydan.tv\/az\/article\/bas-nazir-qarabag-ve-serqi-zengezur-iqtisadi-rayonuna-ayrilan-vesaitden-danisdi\/#primaryimage","url":"https:\/\/www.meydan.tv\/wp-content\/uploads\/462694-1.jpg","contentUrl":"https:\/\/www.meydan.tv\/wp-content\/uploads\/462694-1.jpg","width":1200,"height":675,"caption":"\u0130\u015f\u011faldan azad olunmu\u015f \u0259razil\u0259r. Foto: AAYDA"},{"@type":"BreadcrumbList","@id":"https:\/\/www.meydan.tv\/az\/article\/bas-nazir-qarabag-ve-serqi-zengezur-iqtisadi-rayonuna-ayrilan-vesaitden-danisdi\/#breadcrumb","itemListElement":[{"@type":"ListItem","position":1,"name":"Ana s\u0259hif\u0259","item":"https:\/\/www.meydan.tv\/az\/"},{"@type":"ListItem","position":2,"name":"\u0130qtisadiyyat","item":"https:\/\/www.meydan.tv\/az\/section\/iqtisadiyyat\/"},{"@type":"ListItem","position":3,"name":"Ba\u015f nazir Qaraba\u011f v\u0259 \u015e\u0259rqi Z\u0259ng\u0259zur iqtisadi rayonuna ayr\u0131lan v\u0259saitd\u0259n dan\u0131\u015fd\u0131"}]},{"@type":"WebSite","@id":"https:\/\/www.meydan.tv\/az\/#website","url":"https:\/\/www.meydan.tv\/az\/","name":"MEYDAN.TV","description":"Meydan TV Az\u0259rbaycan\u0131n media m\u0259kan\u0131ndak\u0131 alternativ s\u0259sidir","publisher":{"@id":"https:\/\/www.meydan.tv\/az\/#organization"},"potentialAction":[{"@type":"SearchAction","target":{"@type":"EntryPoint","urlTemplate":"https:\/\/www.meydan.tv\/az\/?s={search_term_string}"},"query-input":{"@type":"PropertyValueSpecification","valueRequired":true,"valueName":"search_term_string"}}],"inLanguage":"az"},{"@type":"Organization","@id":"https:\/\/www.meydan.tv\/az\/#organization","name":"Meydan TV","url":"https:\/\/www.meydan.tv\/az\/","logo":{"@type":"ImageObject","inLanguage":"az","@id":"https:\/\/www.meydan.tv\/az\/#\/schema\/logo\/image\/","url":"https:\/\/www.meydan.tv\/wp-content\/uploads\/2021\/07\/meydan-logo.svg","contentUrl":"https:\/\/www.meydan.tv\/wp-content\/uploads\/2021\/07\/meydan-logo.svg","width":195,"height":46,"caption":"Meydan TV"},"image":{"@id":"https:\/\/www.meydan.tv\/az\/#\/schema\/logo\/image\/"}},{"@type":"Person","@id":"https:\/\/www.meydan.tv\/az\/#\/schema\/person\/9cdbecf90d17180ce1dfbd95b08dcf47","name":"elli","sameAs":["https:\/\/x.com\/elli"]}]}},"_links":{"self":[{"href":"https:\/\/www.meydan.tv\/az\/wp-json\/wp\/v2\/posts\/292205","targetHints":{"allow":["GET"]}}],"collection":[{"href":"https:\/\/www.meydan.tv\/az\/wp-json\/wp\/v2\/posts"}],"about":[{"href":"https:\/\/www.meydan.tv\/az\/wp-json\/wp\/v2\/types\/post"}],"author":[{"embeddable":true,"href":"https:\/\/www.meydan.tv\/az\/wp-json\/wp\/v2\/users\/8"}],"replies":[{"embeddable":true,"href":"https:\/\/www.meydan.tv\/az\/wp-json\/wp\/v2\/comments?post=292205"}],"version-history":[{"count":4,"href":"https:\/\/www.meydan.tv\/az\/wp-json\/wp\/v2\/posts\/292205\/revisions"}],"predecessor-version":[{"id":292225,"href":"https:\/\/www.meydan.tv\/az\/wp-json\/wp\/v2\/posts\/292205\/revisions\/292225"}],"wp:featuredmedia":[{"embeddable":true,"href":"https:\/\/www.meydan.tv\/az\/wp-json\/wp\/v2\/media\/271920"}],"wp:attachment":[{"href":"https:\/\/www.meydan.tv\/az\/wp-json\/wp\/v2\/media?parent=292205"}],"wp:term":[{"taxonomy":"category","embeddable":true,"href":"https:\/\/www.meydan.tv\/az\/wp-json\/wp\/v2\/categories?post=292205"},{"taxonomy":"post_tag","embeddable":true,"href":"https:\/\/www.meydan.tv\/az\/wp-json\/wp\/v2\/tags?post=292205"}],"curies":[{"name":"wp","href":"https:\/\/api.w.org\/{rel}","templated":true}]}}