{"id":292179,"date":"2023-12-06T13:32:43","date_gmt":"2023-12-06T09:32:43","guid":{"rendered":"https:\/\/www.meydan.tv\/?p=292179"},"modified":"2023-12-06T13:32:48","modified_gmt":"2023-12-06T09:32:48","slug":"azerbaycan-mekteblileri-qiymetlendirildi-en-yaxsi-netice-riyaziyyat-uzre-56-ci-yer","status":"publish","type":"post","link":"https:\/\/www.meydan.tv\/az\/article\/azerbaycan-mekteblileri-qiymetlendirildi-en-yaxsi-netice-riyaziyyat-uzre-56-ci-yer\/","title":{"rendered":"Az\u0259rbaycan m\u0259kt\u0259blil\u0259ri qiym\u0259tl\u0259ndirildi: \u018fn yax\u015f\u0131 n\u0259tic\u0259 riyaziyyat \u00fczr\u0259 &#8211; 56-c\u0131 yer"},"content":{"rendered":"\n<p><\/p>\n\n\n\n<p><strong><em>Qiym\u0259tl\u0259ndirm\u0259y\u0259 yaln\u0131z paytaxt m\u0259kt\u0259bl\u0259rind\u0259n qat\u0131l\u0131blar<\/em><\/strong><\/p>\n\n\n\n<p>PISA (Beyn\u0259lxalq \u015eagird Qiym\u0259tl\u0259ndirm\u0259 Proqram\u0131) 2022-ci ild\u0259ki qiym\u0259tl\u0259ndirm\u0259sinin n\u0259tic\u0259l\u0259rini <a href=\"https:\/\/www.oecd.org\/pisa\/\">a\u00e7\u0131qlay\u0131b<\/a>.<\/p>\n\n\n\n<p>H\u0259min qiym\u0259tl\u0259ndirm\u0259 \u00f6lk\u0259l\u0259rin t\u0259hsil sistemini m\u00fcqayis\u0259 etm\u0259k \u00fc\u00e7\u00fcn istifad\u0259 edil\u0259n n\u00fcfuzlu mexanizml\u0259rd\u0259n biridir.<\/p>\n\n\n\n<p>N\u0259tic\u0259l\u0259rd\u0259 Az\u0259rbaycanla ba\u011fl\u0131 hiss\u0259 d\u0259 yer al\u0131b. M\u0259lum olub ki, Az\u0259rbaycandan qiym\u0259tl\u0259ndirm\u0259y\u0259 qat\u0131lan \u015fagirdl\u0259r b\u00fct\u00fcn \u00f6lk\u0259d\u0259n yox, sad\u0259c\u0259 paytaxtdan se\u00e7ilib.<\/p>\n\n\n\n<p>Bel\u0259likl\u0259, Az\u0259rbaycan m\u0259kt\u0259blil\u0259ri 2022-ci ild\u0259 81 \u00f6lk\u0259 aras\u0131nda oxu bacar\u0131qlar\u0131 \u00fczr\u0259 &#8211; 69-cu yer, t\u0259bi\u0259t elml\u0259ri \u00fczr\u0259 &#8211; 68-ci yer, riyaziyyat \u00fczr\u0259 &#8211; 56-c\u0131 yeri tutublar.<\/p>\n\n\n\n<p>Az\u0259rbaycan m\u0259kt\u0259blil\u0259ri PISA qiym\u0259tl\u0259ndirm\u0259sind\u0259, \u0259n yax\u015f\u0131 n\u0259tic\u0259ni riyaziyyat \u00fczr\u0259 g\u00f6st\u0259ribl\u0259r.<\/p>\n\n\n\n<p>\u0130qtisad\u00e7\u0131 F\u0259rid Mehral\u0131zad\u0259 deyir ki, qiym\u0259tl\u0259ndirm\u0259d\u0259 b\u00fct\u00fcn \u00f6lk\u0259 \u0259razisind\u0259n \u015fagirdl\u0259r olsayd\u0131, n\u0259tic\u0259l\u0259r bir q\u0259d\u0259r d\u0259 a\u015fa\u011f\u0131 olacaqd\u0131.<\/p>\n\n\n\n<p><em>\u201c2006-c\u0131 ild\u0259ki qiym\u0259tl\u0259ndirm\u0259d\u0259 Az\u0259rbaycan 57 \u00f6lk\u0259 aras\u0131nda 33-c\u00fc, 2009-cu ild\u0259 65 \u00f6lk\u0259 aras\u0131nda 45-ci olmu\u015fdu. T\u0259bi\u0259t elml\u0259ri \u00fczr\u0259 qiym\u0259tl\u0259ndirm\u0259d\u0259 Az\u0259rbaycan m\u0259kt\u0259blil\u0259ri 2006-c\u0131 ild\u0259 57 \u00f6lk\u0259 aras\u0131nda 55-ci, 2009-cu ild\u0259 is\u0259 65 \u00f6lk\u0259 aras\u0131nda 63-c\u00fc olmu\u015fdular\u201d.<\/em><\/p>\n\n\n\n<p>Az\u0259rbaycan 2012-2015-ci ill\u0259r qiym\u0259tl\u0259ndirm\u0259y\u0259 qat\u0131lmay\u0131b. H\u0259min vaxt t\u0259hsil naziri olan Misir M\u0259rdanov bunu ikili standartlarla \u0259laq\u0259l\u0259ndirmi\u015fdi. Onun s\u00f6zl\u0259rind\u0259n bel\u0259 anla\u015f\u0131lm\u0131\u015fd\u0131 ki, Az\u0259rbaycan\u0131n sonuncu yerl\u0259rd\u0259 olmas\u0131n\u0131n s\u0259b\u0259bi t\u0259hsil sistemi yox, ona qar\u015f\u0131 d\u00fcnyadak\u0131 ikili standartlard\u0131r.<\/p>\n\n\n\n<p>Qiym\u0259tl\u0259ndirm\u0259 15 ya\u015fl\u0131 \u015fagirdl\u0259r aras\u0131nda ke\u00e7irilir. Onlar\u0131n oxu, riyaziyyat, t\u0259bi\u0259t elml\u0259ri v\u0259 yarad\u0131c\u0131 d\u00fc\u015f\u00fcnm\u0259 \u00fczr\u0259 bilik v\u0259 bacar\u0131qlar\u0131 qiym\u0259tl\u0259ndirilir. \u018fsas m\u0259qs\u0259d \u015fagirdl\u0259rin ald\u0131\u011f\u0131 bilik v\u0259 yiy\u0259l\u0259ndikl\u0259ri bacar\u0131qlar\u0131 real h\u0259yatda istifad\u0259 etm\u0259k qabiliyy\u0259tl\u0259rini m\u00fc\u0259yy\u0259nl\u0259\u015fdirm\u0259kdir.<\/p>\n\n\n<div class=\"wp-block-image\">\n<figure class=\"alignleft size-large is-resized\"><img decoding=\"async\" width=\"1200\" height=\"669\" data-src=\"https:\/\/www.meydan.tv\/wp-content\/uploads\/screenshot_at_dec_20_12-55-01-1200x669.png\" alt=\"\" class=\"wp-image-229766 lazyload\" style=\"--smush-placeholder-width: 1200px; --smush-placeholder-aspect-ratio: 1200\/669;width:373px;height:auto\" src=\"data:image\/svg+xml;base64,PHN2ZyB3aWR0aD0iMSIgaGVpZ2h0PSIxIiB4bWxucz0iaHR0cDovL3d3dy53My5vcmcvMjAwMC9zdmciPjwvc3ZnPg==\" \/><figcaption class=\"wp-element-caption\">F\u0259rid Mehral\u0131zad\u0259, Foto: \u018fkin\u00e7i<\/figcaption><\/figure>\n<\/div>\n\n\n<p>F\u0259rid Mehral\u0131zad\u0259 deyir ki, Az\u0259rbaycan\u0131n n\u0259tic\u0259l\u0259ri \u00fcr\u0259ka\u00e7an deyil. H\u0259tta, 2018-l\u0259 m\u00fcqayis\u0259d\u0259 h\u0259r \u00fc\u00e7 istiqam\u0259td\u0259 orta ballarda azalma var.<\/p>\n\n\n\n<p><em>\u201c\u0130ndiy\u0259d\u0259k Az\u0259rbaycan 4 d\u0259f\u0259 (2006, 2009, 2018 v\u0259 2022) bu qiym\u0259tl\u0259ndirm\u0259d\u0259 i\u015ftirak edib. 2009-dan sonra o d\u00f6vr\u00fcn t\u0259hsil naziri demi\u015fdi ki, n\u0259tic\u0259l\u0259rd\u0259 Az\u0259rbaycana qar\u015f\u0131 ikili standartlar var dey\u0259 art\u0131q qat\u0131lmayaca\u011f\u0131q\u201d.<\/em><\/p>\n\n\n\n<p>H\u0259r \u00fc\u00e7 sah\u0259 \u00fczr\u0259 \u0259n yax\u015f\u0131 g\u00f6st\u0259rici Sinqapur m\u0259kt\u0259blil\u0259rin\u0259 aiddir. N\u00f6vb\u0259ti yerl\u0259rd\u0259 \u00c7in, C\u0259nubi Koreya, Yaponiya g\u0259lir.<\/p>\n","protected":false},"excerpt":{"rendered":"<p>Qiym\u0259tl\u0259ndirm\u0259y\u0259 yaln\u0131z paytaxt m\u0259kt\u0259bl\u0259rind\u0259n qat\u0131l\u0131blar PISA (Beyn\u0259lxalq \u015eagird Qiym\u0259tl\u0259ndirm\u0259 Proqram\u0131) &#8230; <\/p>\n<p class=\"read-more-container\"><a title=\"Az\u0259rbaycan m\u0259kt\u0259blil\u0259ri qiym\u0259tl\u0259ndirildi: \u018fn yax\u015f\u0131 n\u0259tic\u0259 riyaziyyat \u00fczr\u0259 &#8211; 56-c\u0131 yer\" class=\"read-more button\" href=\"https:\/\/www.meydan.tv\/az\/article\/azerbaycan-mekteblileri-qiymetlendirildi-en-yaxsi-netice-riyaziyyat-uzre-56-ci-yer\/#more-292179\" aria-label=\"Read more about Az\u0259rbaycan m\u0259kt\u0259blil\u0259ri qiym\u0259tl\u0259ndirildi: \u018fn yax\u015f\u0131 n\u0259tic\u0259 riyaziyyat \u00fczr\u0259 &#8211; 56-c\u0131 yer\">Davam\u0131<\/a><\/p>\n","protected":false},"author":8,"featured_media":121530,"comment_status":"closed","ping_status":"closed","sticky":false,"template":"","format":"standard","meta":{"_acf_changed":false,"_sitemap_exclude":false,"_sitemap_priority":"","_sitemap_frequency":"","footnotes":""},"categories":[62,56],"tags":[],"class_list":["post-292179","post","type-post","status-publish","format-standard","has-post-thumbnail","hentry","category-sosial","category-xeberler","infinite-scroll-item","generate-columns","tablet-grid-50","mobile-grid-100","grid-parent","grid-33","no-featured-image-padding"],"acf":[],"yoast_head":"<!-- This site is optimized with the Yoast SEO plugin v27.5 - https:\/\/yoast.com\/product\/yoast-seo-wordpress\/ -->\n<title>Az\u0259rbaycan m\u0259kt\u0259blil\u0259ri qiym\u0259tl\u0259ndirildi: \u018fn yax\u015f\u0131 n\u0259tic\u0259 riyaziyyat \u00fczr\u0259 - 56-c\u0131 yer - MEYDAN.TV<\/title>\n<meta name=\"robots\" content=\"index, follow, max-snippet:-1, max-image-preview:large, max-video-preview:-1\" \/>\n<link rel=\"canonical\" href=\"https:\/\/www.meydan.tv\/az\/article\/azerbaycan-mekteblileri-qiymetlendirildi-en-yaxsi-netice-riyaziyyat-uzre-56-ci-yer\/\" \/>\n<meta property=\"og:locale\" content=\"az_AZ\" \/>\n<meta property=\"og:type\" content=\"article\" \/>\n<meta property=\"og:title\" content=\"Az\u0259rbaycan m\u0259kt\u0259blil\u0259ri qiym\u0259tl\u0259ndirildi: \u018fn yax\u015f\u0131 n\u0259tic\u0259 riyaziyyat \u00fczr\u0259 - 56-c\u0131 yer - MEYDAN.TV\" \/>\n<meta property=\"og:description\" content=\"Qiym\u0259tl\u0259ndirm\u0259y\u0259 yaln\u0131z paytaxt m\u0259kt\u0259bl\u0259rind\u0259n qat\u0131l\u0131blar PISA (Beyn\u0259lxalq \u015eagird Qiym\u0259tl\u0259ndirm\u0259 Proqram\u0131) ... Davam\u0131\" \/>\n<meta property=\"og:url\" content=\"https:\/\/www.meydan.tv\/az\/article\/azerbaycan-mekteblileri-qiymetlendirildi-en-yaxsi-netice-riyaziyyat-uzre-56-ci-yer\/\" \/>\n<meta property=\"og:site_name\" content=\"MEYDAN.TV\" \/>\n<meta property=\"article:published_time\" content=\"2023-12-06T09:32:43+00:00\" \/>\n<meta property=\"article:modified_time\" content=\"2023-12-06T09:32:48+00:00\" \/>\n<meta property=\"og:image\" content=\"https:\/\/www.meydan.tv\/wp-content\/uploads\/mktb.jpg\" \/>\n\t<meta property=\"og:image:width\" content=\"1000\" \/>\n\t<meta property=\"og:image:height\" content=\"697\" \/>\n\t<meta property=\"og:image:type\" content=\"image\/jpeg\" \/>\n<meta name=\"author\" content=\"elli\" \/>\n<meta name=\"twitter:card\" content=\"summary_large_image\" \/>\n<meta name=\"twitter:creator\" content=\"@elli\" \/>\n<script type=\"application\/ld+json\" class=\"yoast-schema-graph\">{\"@context\":\"https:\\\/\\\/schema.org\",\"@graph\":[{\"@type\":\"Article\",\"@id\":\"https:\\\/\\\/www.meydan.tv\\\/az\\\/article\\\/azerbaycan-mekteblileri-qiymetlendirildi-en-yaxsi-netice-riyaziyyat-uzre-56-ci-yer\\\/#article\",\"isPartOf\":{\"@id\":\"https:\\\/\\\/www.meydan.tv\\\/az\\\/article\\\/azerbaycan-mekteblileri-qiymetlendirildi-en-yaxsi-netice-riyaziyyat-uzre-56-ci-yer\\\/\"},\"author\":{\"name\":\"elli\",\"@id\":\"https:\\\/\\\/www.meydan.tv\\\/az\\\/#\\\/schema\\\/person\\\/9cdbecf90d17180ce1dfbd95b08dcf47\"},\"headline\":\"Az\u0259rbaycan m\u0259kt\u0259blil\u0259ri qiym\u0259tl\u0259ndirildi: \u018fn yax\u015f\u0131 n\u0259tic\u0259 riyaziyyat \u00fczr\u0259 &#8211; 56-c\u0131 yer\",\"datePublished\":\"2023-12-06T09:32:43+00:00\",\"dateModified\":\"2023-12-06T09:32:48+00:00\",\"mainEntityOfPage\":{\"@id\":\"https:\\\/\\\/www.meydan.tv\\\/az\\\/article\\\/azerbaycan-mekteblileri-qiymetlendirildi-en-yaxsi-netice-riyaziyyat-uzre-56-ci-yer\\\/\"},\"wordCount\":494,\"publisher\":{\"@id\":\"https:\\\/\\\/www.meydan.tv\\\/az\\\/#organization\"},\"image\":{\"@id\":\"https:\\\/\\\/www.meydan.tv\\\/az\\\/article\\\/azerbaycan-mekteblileri-qiymetlendirildi-en-yaxsi-netice-riyaziyyat-uzre-56-ci-yer\\\/#primaryimage\"},\"thumbnailUrl\":\"https:\\\/\\\/www.meydan.tv\\\/wp-content\\\/uploads\\\/mktb.jpg\",\"articleSection\":[\"Sosial\",\"X\u0259b\u0259rl\u0259r\"],\"inLanguage\":\"az\"},{\"@type\":\"WebPage\",\"@id\":\"https:\\\/\\\/www.meydan.tv\\\/az\\\/article\\\/azerbaycan-mekteblileri-qiymetlendirildi-en-yaxsi-netice-riyaziyyat-uzre-56-ci-yer\\\/\",\"url\":\"https:\\\/\\\/www.meydan.tv\\\/az\\\/article\\\/azerbaycan-mekteblileri-qiymetlendirildi-en-yaxsi-netice-riyaziyyat-uzre-56-ci-yer\\\/\",\"name\":\"Az\u0259rbaycan m\u0259kt\u0259blil\u0259ri qiym\u0259tl\u0259ndirildi: \u018fn yax\u015f\u0131 n\u0259tic\u0259 riyaziyyat \u00fczr\u0259 - 56-c\u0131 yer - MEYDAN.TV\",\"isPartOf\":{\"@id\":\"https:\\\/\\\/www.meydan.tv\\\/az\\\/#website\"},\"primaryImageOfPage\":{\"@id\":\"https:\\\/\\\/www.meydan.tv\\\/az\\\/article\\\/azerbaycan-mekteblileri-qiymetlendirildi-en-yaxsi-netice-riyaziyyat-uzre-56-ci-yer\\\/#primaryimage\"},\"image\":{\"@id\":\"https:\\\/\\\/www.meydan.tv\\\/az\\\/article\\\/azerbaycan-mekteblileri-qiymetlendirildi-en-yaxsi-netice-riyaziyyat-uzre-56-ci-yer\\\/#primaryimage\"},\"thumbnailUrl\":\"https:\\\/\\\/www.meydan.tv\\\/wp-content\\\/uploads\\\/mktb.jpg\",\"datePublished\":\"2023-12-06T09:32:43+00:00\",\"dateModified\":\"2023-12-06T09:32:48+00:00\",\"breadcrumb\":{\"@id\":\"https:\\\/\\\/www.meydan.tv\\\/az\\\/article\\\/azerbaycan-mekteblileri-qiymetlendirildi-en-yaxsi-netice-riyaziyyat-uzre-56-ci-yer\\\/#breadcrumb\"},\"inLanguage\":\"az\",\"potentialAction\":[{\"@type\":\"ReadAction\",\"target\":[\"https:\\\/\\\/www.meydan.tv\\\/az\\\/article\\\/azerbaycan-mekteblileri-qiymetlendirildi-en-yaxsi-netice-riyaziyyat-uzre-56-ci-yer\\\/\"]}]},{\"@type\":\"ImageObject\",\"inLanguage\":\"az\",\"@id\":\"https:\\\/\\\/www.meydan.tv\\\/az\\\/article\\\/azerbaycan-mekteblileri-qiymetlendirildi-en-yaxsi-netice-riyaziyyat-uzre-56-ci-yer\\\/#primaryimage\",\"url\":\"https:\\\/\\\/www.meydan.tv\\\/wp-content\\\/uploads\\\/mktb.jpg\",\"contentUrl\":\"https:\\\/\\\/www.meydan.tv\\\/wp-content\\\/uploads\\\/mktb.jpg\",\"width\":1000,\"height\":697,\"caption\":\"\u015e\u0259rti \u015f\u0259kil. Foto: arxiv\"},{\"@type\":\"BreadcrumbList\",\"@id\":\"https:\\\/\\\/www.meydan.tv\\\/az\\\/article\\\/azerbaycan-mekteblileri-qiymetlendirildi-en-yaxsi-netice-riyaziyyat-uzre-56-ci-yer\\\/#breadcrumb\",\"itemListElement\":[{\"@type\":\"ListItem\",\"position\":1,\"name\":\"Ana s\u0259hif\u0259\",\"item\":\"https:\\\/\\\/www.meydan.tv\\\/az\\\/\"},{\"@type\":\"ListItem\",\"position\":2,\"name\":\"Sosial\",\"item\":\"https:\\\/\\\/www.meydan.tv\\\/az\\\/section\\\/sosial\\\/\"},{\"@type\":\"ListItem\",\"position\":3,\"name\":\"Az\u0259rbaycan m\u0259kt\u0259blil\u0259ri qiym\u0259tl\u0259ndirildi: \u018fn yax\u015f\u0131 n\u0259tic\u0259 riyaziyyat \u00fczr\u0259 &#8211; 56-c\u0131 yer\"}]},{\"@type\":\"WebSite\",\"@id\":\"https:\\\/\\\/www.meydan.tv\\\/az\\\/#website\",\"url\":\"https:\\\/\\\/www.meydan.tv\\\/az\\\/\",\"name\":\"MEYDAN.TV\",\"description\":\"Meydan TV Az\u0259rbaycan\u0131n media m\u0259kan\u0131ndak\u0131 alternativ s\u0259sidir\",\"publisher\":{\"@id\":\"https:\\\/\\\/www.meydan.tv\\\/az\\\/#organization\"},\"potentialAction\":[{\"@type\":\"SearchAction\",\"target\":{\"@type\":\"EntryPoint\",\"urlTemplate\":\"https:\\\/\\\/www.meydan.tv\\\/az\\\/?s={search_term_string}\"},\"query-input\":{\"@type\":\"PropertyValueSpecification\",\"valueRequired\":true,\"valueName\":\"search_term_string\"}}],\"inLanguage\":\"az\"},{\"@type\":\"Organization\",\"@id\":\"https:\\\/\\\/www.meydan.tv\\\/az\\\/#organization\",\"name\":\"Meydan TV\",\"url\":\"https:\\\/\\\/www.meydan.tv\\\/az\\\/\",\"logo\":{\"@type\":\"ImageObject\",\"inLanguage\":\"az\",\"@id\":\"https:\\\/\\\/www.meydan.tv\\\/az\\\/#\\\/schema\\\/logo\\\/image\\\/\",\"url\":\"https:\\\/\\\/www.meydan.tv\\\/wp-content\\\/uploads\\\/2021\\\/07\\\/meydan-logo.svg\",\"contentUrl\":\"https:\\\/\\\/www.meydan.tv\\\/wp-content\\\/uploads\\\/2021\\\/07\\\/meydan-logo.svg\",\"width\":195,\"height\":46,\"caption\":\"Meydan TV\"},\"image\":{\"@id\":\"https:\\\/\\\/www.meydan.tv\\\/az\\\/#\\\/schema\\\/logo\\\/image\\\/\"}},{\"@type\":\"Person\",\"@id\":\"https:\\\/\\\/www.meydan.tv\\\/az\\\/#\\\/schema\\\/person\\\/9cdbecf90d17180ce1dfbd95b08dcf47\",\"name\":\"elli\",\"sameAs\":[\"https:\\\/\\\/x.com\\\/elli\"]}]}<\/script>\n<!-- \/ Yoast SEO plugin. -->","yoast_head_json":{"title":"Az\u0259rbaycan m\u0259kt\u0259blil\u0259ri qiym\u0259tl\u0259ndirildi: \u018fn yax\u015f\u0131 n\u0259tic\u0259 riyaziyyat \u00fczr\u0259 - 56-c\u0131 yer - MEYDAN.TV","robots":{"index":"index","follow":"follow","max-snippet":"max-snippet:-1","max-image-preview":"max-image-preview:large","max-video-preview":"max-video-preview:-1"},"canonical":"https:\/\/www.meydan.tv\/az\/article\/azerbaycan-mekteblileri-qiymetlendirildi-en-yaxsi-netice-riyaziyyat-uzre-56-ci-yer\/","og_locale":"az_AZ","og_type":"article","og_title":"Az\u0259rbaycan m\u0259kt\u0259blil\u0259ri qiym\u0259tl\u0259ndirildi: \u018fn yax\u015f\u0131 n\u0259tic\u0259 riyaziyyat \u00fczr\u0259 - 56-c\u0131 yer - MEYDAN.TV","og_description":"Qiym\u0259tl\u0259ndirm\u0259y\u0259 yaln\u0131z paytaxt m\u0259kt\u0259bl\u0259rind\u0259n qat\u0131l\u0131blar PISA (Beyn\u0259lxalq \u015eagird Qiym\u0259tl\u0259ndirm\u0259 Proqram\u0131) ... Davam\u0131","og_url":"https:\/\/www.meydan.tv\/az\/article\/azerbaycan-mekteblileri-qiymetlendirildi-en-yaxsi-netice-riyaziyyat-uzre-56-ci-yer\/","og_site_name":"MEYDAN.TV","article_published_time":"2023-12-06T09:32:43+00:00","article_modified_time":"2023-12-06T09:32:48+00:00","og_image":[{"width":1000,"height":697,"url":"https:\/\/www.meydan.tv\/wp-content\/uploads\/mktb.jpg","type":"image\/jpeg"}],"author":"elli","twitter_card":"summary_large_image","twitter_creator":"@elli","schema":{"@context":"https:\/\/schema.org","@graph":[{"@type":"Article","@id":"https:\/\/www.meydan.tv\/az\/article\/azerbaycan-mekteblileri-qiymetlendirildi-en-yaxsi-netice-riyaziyyat-uzre-56-ci-yer\/#article","isPartOf":{"@id":"https:\/\/www.meydan.tv\/az\/article\/azerbaycan-mekteblileri-qiymetlendirildi-en-yaxsi-netice-riyaziyyat-uzre-56-ci-yer\/"},"author":{"name":"elli","@id":"https:\/\/www.meydan.tv\/az\/#\/schema\/person\/9cdbecf90d17180ce1dfbd95b08dcf47"},"headline":"Az\u0259rbaycan m\u0259kt\u0259blil\u0259ri qiym\u0259tl\u0259ndirildi: \u018fn yax\u015f\u0131 n\u0259tic\u0259 riyaziyyat \u00fczr\u0259 &#8211; 56-c\u0131 yer","datePublished":"2023-12-06T09:32:43+00:00","dateModified":"2023-12-06T09:32:48+00:00","mainEntityOfPage":{"@id":"https:\/\/www.meydan.tv\/az\/article\/azerbaycan-mekteblileri-qiymetlendirildi-en-yaxsi-netice-riyaziyyat-uzre-56-ci-yer\/"},"wordCount":494,"publisher":{"@id":"https:\/\/www.meydan.tv\/az\/#organization"},"image":{"@id":"https:\/\/www.meydan.tv\/az\/article\/azerbaycan-mekteblileri-qiymetlendirildi-en-yaxsi-netice-riyaziyyat-uzre-56-ci-yer\/#primaryimage"},"thumbnailUrl":"https:\/\/www.meydan.tv\/wp-content\/uploads\/mktb.jpg","articleSection":["Sosial","X\u0259b\u0259rl\u0259r"],"inLanguage":"az"},{"@type":"WebPage","@id":"https:\/\/www.meydan.tv\/az\/article\/azerbaycan-mekteblileri-qiymetlendirildi-en-yaxsi-netice-riyaziyyat-uzre-56-ci-yer\/","url":"https:\/\/www.meydan.tv\/az\/article\/azerbaycan-mekteblileri-qiymetlendirildi-en-yaxsi-netice-riyaziyyat-uzre-56-ci-yer\/","name":"Az\u0259rbaycan m\u0259kt\u0259blil\u0259ri qiym\u0259tl\u0259ndirildi: \u018fn yax\u015f\u0131 n\u0259tic\u0259 riyaziyyat \u00fczr\u0259 - 56-c\u0131 yer - MEYDAN.TV","isPartOf":{"@id":"https:\/\/www.meydan.tv\/az\/#website"},"primaryImageOfPage":{"@id":"https:\/\/www.meydan.tv\/az\/article\/azerbaycan-mekteblileri-qiymetlendirildi-en-yaxsi-netice-riyaziyyat-uzre-56-ci-yer\/#primaryimage"},"image":{"@id":"https:\/\/www.meydan.tv\/az\/article\/azerbaycan-mekteblileri-qiymetlendirildi-en-yaxsi-netice-riyaziyyat-uzre-56-ci-yer\/#primaryimage"},"thumbnailUrl":"https:\/\/www.meydan.tv\/wp-content\/uploads\/mktb.jpg","datePublished":"2023-12-06T09:32:43+00:00","dateModified":"2023-12-06T09:32:48+00:00","breadcrumb":{"@id":"https:\/\/www.meydan.tv\/az\/article\/azerbaycan-mekteblileri-qiymetlendirildi-en-yaxsi-netice-riyaziyyat-uzre-56-ci-yer\/#breadcrumb"},"inLanguage":"az","potentialAction":[{"@type":"ReadAction","target":["https:\/\/www.meydan.tv\/az\/article\/azerbaycan-mekteblileri-qiymetlendirildi-en-yaxsi-netice-riyaziyyat-uzre-56-ci-yer\/"]}]},{"@type":"ImageObject","inLanguage":"az","@id":"https:\/\/www.meydan.tv\/az\/article\/azerbaycan-mekteblileri-qiymetlendirildi-en-yaxsi-netice-riyaziyyat-uzre-56-ci-yer\/#primaryimage","url":"https:\/\/www.meydan.tv\/wp-content\/uploads\/mktb.jpg","contentUrl":"https:\/\/www.meydan.tv\/wp-content\/uploads\/mktb.jpg","width":1000,"height":697,"caption":"\u015e\u0259rti \u015f\u0259kil. Foto: arxiv"},{"@type":"BreadcrumbList","@id":"https:\/\/www.meydan.tv\/az\/article\/azerbaycan-mekteblileri-qiymetlendirildi-en-yaxsi-netice-riyaziyyat-uzre-56-ci-yer\/#breadcrumb","itemListElement":[{"@type":"ListItem","position":1,"name":"Ana s\u0259hif\u0259","item":"https:\/\/www.meydan.tv\/az\/"},{"@type":"ListItem","position":2,"name":"Sosial","item":"https:\/\/www.meydan.tv\/az\/section\/sosial\/"},{"@type":"ListItem","position":3,"name":"Az\u0259rbaycan m\u0259kt\u0259blil\u0259ri qiym\u0259tl\u0259ndirildi: \u018fn yax\u015f\u0131 n\u0259tic\u0259 riyaziyyat \u00fczr\u0259 &#8211; 56-c\u0131 yer"}]},{"@type":"WebSite","@id":"https:\/\/www.meydan.tv\/az\/#website","url":"https:\/\/www.meydan.tv\/az\/","name":"MEYDAN.TV","description":"Meydan TV Az\u0259rbaycan\u0131n media m\u0259kan\u0131ndak\u0131 alternativ s\u0259sidir","publisher":{"@id":"https:\/\/www.meydan.tv\/az\/#organization"},"potentialAction":[{"@type":"SearchAction","target":{"@type":"EntryPoint","urlTemplate":"https:\/\/www.meydan.tv\/az\/?s={search_term_string}"},"query-input":{"@type":"PropertyValueSpecification","valueRequired":true,"valueName":"search_term_string"}}],"inLanguage":"az"},{"@type":"Organization","@id":"https:\/\/www.meydan.tv\/az\/#organization","name":"Meydan TV","url":"https:\/\/www.meydan.tv\/az\/","logo":{"@type":"ImageObject","inLanguage":"az","@id":"https:\/\/www.meydan.tv\/az\/#\/schema\/logo\/image\/","url":"https:\/\/www.meydan.tv\/wp-content\/uploads\/2021\/07\/meydan-logo.svg","contentUrl":"https:\/\/www.meydan.tv\/wp-content\/uploads\/2021\/07\/meydan-logo.svg","width":195,"height":46,"caption":"Meydan TV"},"image":{"@id":"https:\/\/www.meydan.tv\/az\/#\/schema\/logo\/image\/"}},{"@type":"Person","@id":"https:\/\/www.meydan.tv\/az\/#\/schema\/person\/9cdbecf90d17180ce1dfbd95b08dcf47","name":"elli","sameAs":["https:\/\/x.com\/elli"]}]}},"_links":{"self":[{"href":"https:\/\/www.meydan.tv\/az\/wp-json\/wp\/v2\/posts\/292179","targetHints":{"allow":["GET"]}}],"collection":[{"href":"https:\/\/www.meydan.tv\/az\/wp-json\/wp\/v2\/posts"}],"about":[{"href":"https:\/\/www.meydan.tv\/az\/wp-json\/wp\/v2\/types\/post"}],"author":[{"embeddable":true,"href":"https:\/\/www.meydan.tv\/az\/wp-json\/wp\/v2\/users\/8"}],"replies":[{"embeddable":true,"href":"https:\/\/www.meydan.tv\/az\/wp-json\/wp\/v2\/comments?post=292179"}],"version-history":[{"count":2,"href":"https:\/\/www.meydan.tv\/az\/wp-json\/wp\/v2\/posts\/292179\/revisions"}],"predecessor-version":[{"id":292185,"href":"https:\/\/www.meydan.tv\/az\/wp-json\/wp\/v2\/posts\/292179\/revisions\/292185"}],"wp:featuredmedia":[{"embeddable":true,"href":"https:\/\/www.meydan.tv\/az\/wp-json\/wp\/v2\/media\/121530"}],"wp:attachment":[{"href":"https:\/\/www.meydan.tv\/az\/wp-json\/wp\/v2\/media?parent=292179"}],"wp:term":[{"taxonomy":"category","embeddable":true,"href":"https:\/\/www.meydan.tv\/az\/wp-json\/wp\/v2\/categories?post=292179"},{"taxonomy":"post_tag","embeddable":true,"href":"https:\/\/www.meydan.tv\/az\/wp-json\/wp\/v2\/tags?post=292179"}],"curies":[{"name":"wp","href":"https:\/\/api.w.org\/{rel}","templated":true}]}}