{"id":292174,"date":"2023-12-06T13:29:17","date_gmt":"2023-12-06T09:29:17","guid":{"rendered":"https:\/\/www.meydan.tv\/?p=292174"},"modified":"2023-12-06T13:29:22","modified_gmt":"2023-12-06T09:29:22","slug":"usaq-siginacaginda-40-a-yaxin-usagin-qizilcaya-yoluxdugu-bildirilir","status":"publish","type":"post","link":"https:\/\/www.meydan.tv\/az\/article\/usaq-siginacaginda-40-a-yaxin-usagin-qizilcaya-yoluxdugu-bildirilir\/","title":{"rendered":"U\u015faq s\u0131\u011f\u0131naca\u011f\u0131nda 40-a yax\u0131n u\u015fa\u011f\u0131n q\u0131z\u0131lcaya yoluxdu\u011fu bildirilir"},"content":{"rendered":"\n<p><\/p>\n\n\n\n<p><strong><em>\u0130ndiy\u0259d\u0259k 20 u\u015faq x\u0259st\u0259xanaya yerl\u0259\u015fdirilib<\/em><\/strong><\/p>\n\n\n\n<p>Son iki h\u0259ft\u0259d\u0259 Az\u0259rbaycan U\u015faqlar\u0131 \u0130ctimai Birliyinin s\u0131\u011f\u0131naca\u011f\u0131nda 40-a yax\u0131n azya\u015fl\u0131n\u0131n q\u0131z\u0131lcaya yoluxdu\u011fu bildirilir.<\/p>\n\n\n\n<p>S\u0131\u011f\u0131naca\u011f\u0131n r\u0259hb\u0259ri K\u0259mal\u0259 A\u011fazad\u0259 d\u0259 bunu t\u0259sdiql\u0259yib. Onun s\u00f6zl\u0259rin\u0259 g\u00f6r\u0259, haz\u0131rda bir ne\u00e7\u0259 u\u015fa\u011f\u0131n v\u0259ziyy\u0259ti daha a\u011f\u0131rd\u0131r. \u0130ndiy\u0259d\u0259k 20 u\u015faq x\u0259st\u0259xanaya yerl\u0259\u015fdirilib.<\/p>\n\n\n\n<p>S\u0131\u011f\u0131nacaq r\u0259hb\u0259rinin s\u00f6zl\u0259rin\u0259 g\u00f6r\u0259, u\u015faqlar peyv\u0259nd edilm\u0259yibl\u0259r. Aralar\u0131nda k\u00f6rp\u0259 d\u0259 var. U\u015faqlar haz\u0131rda 1 sayl\u0131 U\u015faq Yoluxucu X\u0259st\u0259likl\u0259r x\u0259st\u0259xanas\u0131nda m\u00fcalic\u0259 al\u0131rlar.<\/p>\n\n\n\n<p>K.A\u011fazad\u0259 s\u0131\u011f\u0131naca\u011f\u0131n daha iki day\u0259y\u0259 ehtiyac\u0131 yarand\u0131\u011f\u0131n\u0131 da qeyd edib.<\/p>\n\n\n<div class=\"wp-block-image\">\n<figure class=\"aligncenter size-full\"><img decoding=\"async\" width=\"1000\" height=\"541\" data-src=\"https:\/\/www.meydan.tv\/wp-content\/uploads\/41143.jpg\" alt=\"K\u0259mal\u0259 A\u011fazad\u0259\" class=\"wp-image-103737 lazyload\" src=\"data:image\/svg+xml;base64,PHN2ZyB3aWR0aD0iMSIgaGVpZ2h0PSIxIiB4bWxucz0iaHR0cDovL3d3dy53My5vcmcvMjAwMC9zdmciPjwvc3ZnPg==\" style=\"--smush-placeholder-width: 1000px; --smush-placeholder-aspect-ratio: 1000\/541;\" \/><figcaption class=\"wp-element-caption\">Foto: K\u0259mal\u0259 A\u011fazad\u0259nin \u015f\u0259xsi arxivind\u0259n<\/figcaption><\/figure>\n<\/div>\n\n\n<p>R\u0259smi m\u0259lumatlara \u0259sas\u0259n, indiy\u0259d\u0259k 5 u\u015faq q\u0131z\u0131lcadan \u00f6l\u00fcb, onlarla u\u015faq q\u0131z\u0131lcaya yoluxub. Elm v\u0259 t\u0259hsil naziri Emin \u018fmrullayev \u00f6t\u0259n h\u0259ft\u0259 ke\u00e7irdiyi m\u0259tbuat konfrans\u0131nda m\u0259kt\u0259bl\u0259rd\u0259 karantin elan edil\u0259c\u0259yinin planla\u015fd\u0131r\u0131lmad\u0131\u011f\u0131n\u0131 deyib.<\/p>\n\n\n\n<p>S\u0259hiyy\u0259 Nazirliyind\u0259n is\u0259 bildirilib ki, 2023-c\u00fc ilin \u0259vv\u0259ll\u0259rind\u0259n Avropa regionunda, h\u0259m\u00e7inin qon\u015fu \u00f6lk\u0259l\u0259r olan T\u00fcrkiy\u0259, Rusiya, \u0130ran, Qazax\u0131stan v\u0259 G\u00fcrc\u00fcstanda q\u0131z\u0131lca x\u0259st\u0259liyinin alovlanmalar\u0131 m\u00fc\u015fahid\u0259 olunur.<\/p>\n\n\n\n<p><em>\u201cBununla yana\u015f\u0131, son aylarda dig\u0259r \u00f6lk\u0259l\u0259rd\u0259n g\u0259tirilm\u0259 hadis\u0259l\u0259rl\u0259 \u0259laq\u0259li yoluxma hallar\u0131 Az\u0259rbaycan\u0131n m\u00fcxt\u0259lif regionlar\u0131nda infeksiyan\u0131n yerli yay\u0131lmas\u0131na s\u0259b\u0259b olub. \u00d6lk\u0259 \u0259razisind\u0259 qeyd\u0259 al\u0131nm\u0131\u015f q\u0131z\u0131lca hadis\u0259l\u0259ri aras\u0131nda b\u0259z\u0259n risk qrupuna aid u\u015faqlarda a\u011f\u0131rla\u015fmalar, yana\u015f\u0131 bakterial infeksiyalar\u0131n inki\u015faf\u0131, gecikmi\u015f m\u00fcraci\u0259tl\u0259r v\u0259 ya yanl\u0131\u015f diaqnostika hallar\u0131na rast g\u0259linir\u201d, <\/em>&#8211; qurumdan bildirilir.<\/p>\n\n\n<div class=\"wp-block-image\">\n<figure class=\"aligncenter size-large\"><img decoding=\"async\" width=\"1097\" height=\"821\" data-src=\"https:\/\/www.meydan.tv\/wp-content\/uploads\/1559127068_09-1097x821.jpg\" alt=\"S\u0259hiyy\u0259 Nazirliyi\" class=\"wp-image-136842 lazyload\" src=\"data:image\/svg+xml;base64,PHN2ZyB3aWR0aD0iMSIgaGVpZ2h0PSIxIiB4bWxucz0iaHR0cDovL3d3dy53My5vcmcvMjAwMC9zdmciPjwvc3ZnPg==\" style=\"--smush-placeholder-width: 1097px; --smush-placeholder-aspect-ratio: 1097\/821;\" \/><figcaption class=\"wp-element-caption\">S\u0259hiyy\u0259 Nazirliyi, Foto: Meydan TV<\/figcaption><\/figure>\n<\/div>\n\n\n<p><em>\u201cValideynl\u0259rin n\u0259z\u0259rin\u0259 \u00e7atd\u0131rmaq ist\u0259yirik ki, u\u015faqlar\u0131n sa\u011flaml\u0131\u011f\u0131n\u0131n qorunmas\u0131 v\u0259 yoluxma hallar\u0131n\u0131n qar\u015f\u0131s\u0131n\u0131n al\u0131nmas\u0131 m\u0259qs\u0259di il\u0259 \u00f6lk\u0259d\u0259 q\u00fcvv\u0259d\u0259 olan \u201cProfilaktik peyv\u0259ndl\u0259r t\u0259qvimi\u201dn\u0259 \u0259sas\u0259n 1 v\u0259 6 ya\u015flar\u0131nda olan b\u00fct\u00fcn u\u015faqlar 2 d\u0259f\u0259 q\u0131z\u0131lca, epidemik parotit v\u0259 m\u0259xm\u0259r\u0259k infeksiyalar\u0131na qar\u015f\u0131 vaksinasiya olunmal\u0131d\u0131rlar\u201d, <\/em>&#8211; nazirliyin a\u00e7\u0131qlamas\u0131nda vur\u011fulan\u0131r.<\/p>\n\n\n\n<p>O da qeyd olunur ki, peyv\u0259ndin 1-ci dozas\u0131n\u0131 vaxt\u0131nda almayan u\u015faqlar tez bir zamanda vaksinasiya olunmal\u0131, 6 ya\u015f\u0131na \u00e7atd\u0131qda is\u0259 peyv\u0259ndin 2-ci dozas\u0131n\u0131 almal\u0131d\u0131rlar.<\/p>\n\n\n\n<p>H\u0259r hans\u0131 s\u0259b\u0259bd\u0259n peyv\u0259ndin 2-ci dozas\u0131n\u0131 vaxt\u0131nda almayan 10 ya\u015fa q\u0259d\u0259r u\u015faqlar tez bir zamanda peyv\u0259ndin 2-ci dozas\u0131n\u0131 almal\u0131d\u0131rlar.<\/p>\n\n\n\n<p>Peyv\u0259ndin h\u0259r iki dozas\u0131n\u0131 vaxt\u0131nda almayan 10 ya\u015fa q\u0259d\u0259r u\u015faqlar minimum 4 h\u0259ft\u0259 intervalla peyv\u0259ndin 1-ci v\u0259 2-ci dozas\u0131n\u0131 almal\u0131d\u0131rlar.<\/p>\n\n\n\n<p>U\u015faqlar\u0131n vaksinasiyas\u0131 \u00fc\u00e7\u00fcn ya\u015fay\u0131\u015f yeri \u00fczr\u0259 u\u015faq \u0259halisin\u0259 ambulator-poliklinik xidm\u0259t g\u00f6st\u0259r\u0259n tibb m\u00fc\u0259ssis\u0259l\u0259rin\u0259 m\u00fcraci\u0259t edilm\u0259si t\u00f6vsiy\u0259 olunur.<\/p>\n","protected":false},"excerpt":{"rendered":"<p>\u0130ndiy\u0259d\u0259k 20 u\u015faq x\u0259st\u0259xanaya yerl\u0259\u015fdirilib Son iki h\u0259ft\u0259d\u0259 Az\u0259rbaycan U\u015faqlar\u0131 &#8230; <\/p>\n<p class=\"read-more-container\"><a title=\"U\u015faq s\u0131\u011f\u0131naca\u011f\u0131nda 40-a yax\u0131n u\u015fa\u011f\u0131n q\u0131z\u0131lcaya yoluxdu\u011fu bildirilir\" class=\"read-more button\" href=\"https:\/\/www.meydan.tv\/az\/article\/usaq-siginacaginda-40-a-yaxin-usagin-qizilcaya-yoluxdugu-bildirilir\/#more-292174\" aria-label=\"Read more about U\u015faq s\u0131\u011f\u0131naca\u011f\u0131nda 40-a yax\u0131n u\u015fa\u011f\u0131n q\u0131z\u0131lcaya yoluxdu\u011fu bildirilir\">Davam\u0131<\/a><\/p>\n","protected":false},"author":8,"featured_media":292175,"comment_status":"closed","ping_status":"closed","sticky":false,"template":"","format":"standard","meta":{"_acf_changed":false,"_sitemap_exclude":false,"_sitemap_priority":"","_sitemap_frequency":"","footnotes":""},"categories":[54,79,56],"tags":[],"class_list":["post-292174","post","type-post","status-publish","format-standard","has-post-thumbnail","hentry","category-sagliq","category-featured","category-xeberler","infinite-scroll-item","generate-columns","tablet-grid-50","mobile-grid-100","grid-parent","grid-33","no-featured-image-padding"],"acf":[],"yoast_head":"<!-- This site is optimized with the Yoast SEO plugin v27.4 - https:\/\/yoast.com\/product\/yoast-seo-wordpress\/ -->\n<title>U\u015faq s\u0131\u011f\u0131naca\u011f\u0131nda 40-a yax\u0131n u\u015fa\u011f\u0131n q\u0131z\u0131lcaya yoluxdu\u011fu bildirilir - MEYDAN.TV<\/title>\n<meta name=\"robots\" content=\"index, follow, max-snippet:-1, max-image-preview:large, max-video-preview:-1\" \/>\n<link rel=\"canonical\" href=\"https:\/\/www.meydan.tv\/az\/article\/usaq-siginacaginda-40-a-yaxin-usagin-qizilcaya-yoluxdugu-bildirilir\/\" \/>\n<meta property=\"og:locale\" content=\"az_AZ\" \/>\n<meta property=\"og:type\" content=\"article\" \/>\n<meta property=\"og:title\" content=\"U\u015faq s\u0131\u011f\u0131naca\u011f\u0131nda 40-a yax\u0131n u\u015fa\u011f\u0131n q\u0131z\u0131lcaya yoluxdu\u011fu bildirilir - MEYDAN.TV\" \/>\n<meta property=\"og:description\" content=\"\u0130ndiy\u0259d\u0259k 20 u\u015faq x\u0259st\u0259xanaya yerl\u0259\u015fdirilib Son iki h\u0259ft\u0259d\u0259 Az\u0259rbaycan U\u015faqlar\u0131 ... Davam\u0131\" \/>\n<meta property=\"og:url\" content=\"https:\/\/www.meydan.tv\/az\/article\/usaq-siginacaginda-40-a-yaxin-usagin-qizilcaya-yoluxdugu-bildirilir\/\" \/>\n<meta property=\"og:site_name\" content=\"MEYDAN.TV\" \/>\n<meta property=\"article:published_time\" content=\"2023-12-06T09:29:17+00:00\" \/>\n<meta property=\"article:modified_time\" content=\"2023-12-06T09:29:22+00:00\" \/>\n<meta property=\"og:image\" content=\"https:\/\/www.meydan.tv\/wp-content\/uploads\/17007379756287711257_1200x630.jpg\" \/>\n\t<meta property=\"og:image:width\" content=\"1200\" \/>\n\t<meta property=\"og:image:height\" content=\"820\" \/>\n\t<meta property=\"og:image:type\" content=\"image\/jpeg\" \/>\n<meta name=\"author\" content=\"elli\" \/>\n<meta name=\"twitter:card\" content=\"summary_large_image\" \/>\n<meta name=\"twitter:creator\" content=\"@elli\" \/>\n<script type=\"application\/ld+json\" class=\"yoast-schema-graph\">{\"@context\":\"https:\\\/\\\/schema.org\",\"@graph\":[{\"@type\":\"Article\",\"@id\":\"https:\\\/\\\/www.meydan.tv\\\/az\\\/article\\\/usaq-siginacaginda-40-a-yaxin-usagin-qizilcaya-yoluxdugu-bildirilir\\\/#article\",\"isPartOf\":{\"@id\":\"https:\\\/\\\/www.meydan.tv\\\/az\\\/article\\\/usaq-siginacaginda-40-a-yaxin-usagin-qizilcaya-yoluxdugu-bildirilir\\\/\"},\"author\":{\"name\":\"elli\",\"@id\":\"https:\\\/\\\/www.meydan.tv\\\/az\\\/#\\\/schema\\\/person\\\/9cdbecf90d17180ce1dfbd95b08dcf47\"},\"headline\":\"U\u015faq s\u0131\u011f\u0131naca\u011f\u0131nda 40-a yax\u0131n u\u015fa\u011f\u0131n q\u0131z\u0131lcaya yoluxdu\u011fu bildirilir\",\"datePublished\":\"2023-12-06T09:29:17+00:00\",\"dateModified\":\"2023-12-06T09:29:22+00:00\",\"mainEntityOfPage\":{\"@id\":\"https:\\\/\\\/www.meydan.tv\\\/az\\\/article\\\/usaq-siginacaginda-40-a-yaxin-usagin-qizilcaya-yoluxdugu-bildirilir\\\/\"},\"wordCount\":570,\"publisher\":{\"@id\":\"https:\\\/\\\/www.meydan.tv\\\/az\\\/#organization\"},\"image\":{\"@id\":\"https:\\\/\\\/www.meydan.tv\\\/az\\\/article\\\/usaq-siginacaginda-40-a-yaxin-usagin-qizilcaya-yoluxdugu-bildirilir\\\/#primaryimage\"},\"thumbnailUrl\":\"https:\\\/\\\/www.meydan.tv\\\/wp-content\\\/uploads\\\/17007379756287711257_1200x630.jpg\",\"articleSection\":[\"Sa\u011fl\u0131q\",\"T\u00f6vsiy\u0259\",\"X\u0259b\u0259rl\u0259r\"],\"inLanguage\":\"az\"},{\"@type\":\"WebPage\",\"@id\":\"https:\\\/\\\/www.meydan.tv\\\/az\\\/article\\\/usaq-siginacaginda-40-a-yaxin-usagin-qizilcaya-yoluxdugu-bildirilir\\\/\",\"url\":\"https:\\\/\\\/www.meydan.tv\\\/az\\\/article\\\/usaq-siginacaginda-40-a-yaxin-usagin-qizilcaya-yoluxdugu-bildirilir\\\/\",\"name\":\"U\u015faq s\u0131\u011f\u0131naca\u011f\u0131nda 40-a yax\u0131n u\u015fa\u011f\u0131n q\u0131z\u0131lcaya yoluxdu\u011fu bildirilir - MEYDAN.TV\",\"isPartOf\":{\"@id\":\"https:\\\/\\\/www.meydan.tv\\\/az\\\/#website\"},\"primaryImageOfPage\":{\"@id\":\"https:\\\/\\\/www.meydan.tv\\\/az\\\/article\\\/usaq-siginacaginda-40-a-yaxin-usagin-qizilcaya-yoluxdugu-bildirilir\\\/#primaryimage\"},\"image\":{\"@id\":\"https:\\\/\\\/www.meydan.tv\\\/az\\\/article\\\/usaq-siginacaginda-40-a-yaxin-usagin-qizilcaya-yoluxdugu-bildirilir\\\/#primaryimage\"},\"thumbnailUrl\":\"https:\\\/\\\/www.meydan.tv\\\/wp-content\\\/uploads\\\/17007379756287711257_1200x630.jpg\",\"datePublished\":\"2023-12-06T09:29:17+00:00\",\"dateModified\":\"2023-12-06T09:29:22+00:00\",\"breadcrumb\":{\"@id\":\"https:\\\/\\\/www.meydan.tv\\\/az\\\/article\\\/usaq-siginacaginda-40-a-yaxin-usagin-qizilcaya-yoluxdugu-bildirilir\\\/#breadcrumb\"},\"inLanguage\":\"az\",\"potentialAction\":[{\"@type\":\"ReadAction\",\"target\":[\"https:\\\/\\\/www.meydan.tv\\\/az\\\/article\\\/usaq-siginacaginda-40-a-yaxin-usagin-qizilcaya-yoluxdugu-bildirilir\\\/\"]}]},{\"@type\":\"ImageObject\",\"inLanguage\":\"az\",\"@id\":\"https:\\\/\\\/www.meydan.tv\\\/az\\\/article\\\/usaq-siginacaginda-40-a-yaxin-usagin-qizilcaya-yoluxdugu-bildirilir\\\/#primaryimage\",\"url\":\"https:\\\/\\\/www.meydan.tv\\\/wp-content\\\/uploads\\\/17007379756287711257_1200x630.jpg\",\"contentUrl\":\"https:\\\/\\\/www.meydan.tv\\\/wp-content\\\/uploads\\\/17007379756287711257_1200x630.jpg\",\"width\":1200,\"height\":820,\"caption\":\"Q\u0131z\u0131lca. Foto: Az\u0259rtac\"},{\"@type\":\"BreadcrumbList\",\"@id\":\"https:\\\/\\\/www.meydan.tv\\\/az\\\/article\\\/usaq-siginacaginda-40-a-yaxin-usagin-qizilcaya-yoluxdugu-bildirilir\\\/#breadcrumb\",\"itemListElement\":[{\"@type\":\"ListItem\",\"position\":1,\"name\":\"Ana s\u0259hif\u0259\",\"item\":\"https:\\\/\\\/www.meydan.tv\\\/az\\\/\"},{\"@type\":\"ListItem\",\"position\":2,\"name\":\"Sa\u011fl\u0131q\",\"item\":\"https:\\\/\\\/www.meydan.tv\\\/az\\\/section\\\/sagliq\\\/\"},{\"@type\":\"ListItem\",\"position\":3,\"name\":\"U\u015faq s\u0131\u011f\u0131naca\u011f\u0131nda 40-a yax\u0131n u\u015fa\u011f\u0131n q\u0131z\u0131lcaya yoluxdu\u011fu bildirilir\"}]},{\"@type\":\"WebSite\",\"@id\":\"https:\\\/\\\/www.meydan.tv\\\/az\\\/#website\",\"url\":\"https:\\\/\\\/www.meydan.tv\\\/az\\\/\",\"name\":\"MEYDAN.TV\",\"description\":\"Meydan TV Az\u0259rbaycan\u0131n media m\u0259kan\u0131ndak\u0131 alternativ s\u0259sidir\",\"publisher\":{\"@id\":\"https:\\\/\\\/www.meydan.tv\\\/az\\\/#organization\"},\"potentialAction\":[{\"@type\":\"SearchAction\",\"target\":{\"@type\":\"EntryPoint\",\"urlTemplate\":\"https:\\\/\\\/www.meydan.tv\\\/az\\\/?s={search_term_string}\"},\"query-input\":{\"@type\":\"PropertyValueSpecification\",\"valueRequired\":true,\"valueName\":\"search_term_string\"}}],\"inLanguage\":\"az\"},{\"@type\":\"Organization\",\"@id\":\"https:\\\/\\\/www.meydan.tv\\\/az\\\/#organization\",\"name\":\"Meydan TV\",\"url\":\"https:\\\/\\\/www.meydan.tv\\\/az\\\/\",\"logo\":{\"@type\":\"ImageObject\",\"inLanguage\":\"az\",\"@id\":\"https:\\\/\\\/www.meydan.tv\\\/az\\\/#\\\/schema\\\/logo\\\/image\\\/\",\"url\":\"https:\\\/\\\/www.meydan.tv\\\/wp-content\\\/uploads\\\/2021\\\/07\\\/meydan-logo.svg\",\"contentUrl\":\"https:\\\/\\\/www.meydan.tv\\\/wp-content\\\/uploads\\\/2021\\\/07\\\/meydan-logo.svg\",\"width\":195,\"height\":46,\"caption\":\"Meydan TV\"},\"image\":{\"@id\":\"https:\\\/\\\/www.meydan.tv\\\/az\\\/#\\\/schema\\\/logo\\\/image\\\/\"}},{\"@type\":\"Person\",\"@id\":\"https:\\\/\\\/www.meydan.tv\\\/az\\\/#\\\/schema\\\/person\\\/9cdbecf90d17180ce1dfbd95b08dcf47\",\"name\":\"elli\",\"sameAs\":[\"https:\\\/\\\/x.com\\\/elli\"]}]}<\/script>\n<!-- \/ Yoast SEO plugin. -->","yoast_head_json":{"title":"U\u015faq s\u0131\u011f\u0131naca\u011f\u0131nda 40-a yax\u0131n u\u015fa\u011f\u0131n q\u0131z\u0131lcaya yoluxdu\u011fu bildirilir - MEYDAN.TV","robots":{"index":"index","follow":"follow","max-snippet":"max-snippet:-1","max-image-preview":"max-image-preview:large","max-video-preview":"max-video-preview:-1"},"canonical":"https:\/\/www.meydan.tv\/az\/article\/usaq-siginacaginda-40-a-yaxin-usagin-qizilcaya-yoluxdugu-bildirilir\/","og_locale":"az_AZ","og_type":"article","og_title":"U\u015faq s\u0131\u011f\u0131naca\u011f\u0131nda 40-a yax\u0131n u\u015fa\u011f\u0131n q\u0131z\u0131lcaya yoluxdu\u011fu bildirilir - MEYDAN.TV","og_description":"\u0130ndiy\u0259d\u0259k 20 u\u015faq x\u0259st\u0259xanaya yerl\u0259\u015fdirilib Son iki h\u0259ft\u0259d\u0259 Az\u0259rbaycan U\u015faqlar\u0131 ... Davam\u0131","og_url":"https:\/\/www.meydan.tv\/az\/article\/usaq-siginacaginda-40-a-yaxin-usagin-qizilcaya-yoluxdugu-bildirilir\/","og_site_name":"MEYDAN.TV","article_published_time":"2023-12-06T09:29:17+00:00","article_modified_time":"2023-12-06T09:29:22+00:00","og_image":[{"width":1200,"height":820,"url":"https:\/\/www.meydan.tv\/wp-content\/uploads\/17007379756287711257_1200x630.jpg","type":"image\/jpeg"}],"author":"elli","twitter_card":"summary_large_image","twitter_creator":"@elli","schema":{"@context":"https:\/\/schema.org","@graph":[{"@type":"Article","@id":"https:\/\/www.meydan.tv\/az\/article\/usaq-siginacaginda-40-a-yaxin-usagin-qizilcaya-yoluxdugu-bildirilir\/#article","isPartOf":{"@id":"https:\/\/www.meydan.tv\/az\/article\/usaq-siginacaginda-40-a-yaxin-usagin-qizilcaya-yoluxdugu-bildirilir\/"},"author":{"name":"elli","@id":"https:\/\/www.meydan.tv\/az\/#\/schema\/person\/9cdbecf90d17180ce1dfbd95b08dcf47"},"headline":"U\u015faq s\u0131\u011f\u0131naca\u011f\u0131nda 40-a yax\u0131n u\u015fa\u011f\u0131n q\u0131z\u0131lcaya yoluxdu\u011fu bildirilir","datePublished":"2023-12-06T09:29:17+00:00","dateModified":"2023-12-06T09:29:22+00:00","mainEntityOfPage":{"@id":"https:\/\/www.meydan.tv\/az\/article\/usaq-siginacaginda-40-a-yaxin-usagin-qizilcaya-yoluxdugu-bildirilir\/"},"wordCount":570,"publisher":{"@id":"https:\/\/www.meydan.tv\/az\/#organization"},"image":{"@id":"https:\/\/www.meydan.tv\/az\/article\/usaq-siginacaginda-40-a-yaxin-usagin-qizilcaya-yoluxdugu-bildirilir\/#primaryimage"},"thumbnailUrl":"https:\/\/www.meydan.tv\/wp-content\/uploads\/17007379756287711257_1200x630.jpg","articleSection":["Sa\u011fl\u0131q","T\u00f6vsiy\u0259","X\u0259b\u0259rl\u0259r"],"inLanguage":"az"},{"@type":"WebPage","@id":"https:\/\/www.meydan.tv\/az\/article\/usaq-siginacaginda-40-a-yaxin-usagin-qizilcaya-yoluxdugu-bildirilir\/","url":"https:\/\/www.meydan.tv\/az\/article\/usaq-siginacaginda-40-a-yaxin-usagin-qizilcaya-yoluxdugu-bildirilir\/","name":"U\u015faq s\u0131\u011f\u0131naca\u011f\u0131nda 40-a yax\u0131n u\u015fa\u011f\u0131n q\u0131z\u0131lcaya yoluxdu\u011fu bildirilir - MEYDAN.TV","isPartOf":{"@id":"https:\/\/www.meydan.tv\/az\/#website"},"primaryImageOfPage":{"@id":"https:\/\/www.meydan.tv\/az\/article\/usaq-siginacaginda-40-a-yaxin-usagin-qizilcaya-yoluxdugu-bildirilir\/#primaryimage"},"image":{"@id":"https:\/\/www.meydan.tv\/az\/article\/usaq-siginacaginda-40-a-yaxin-usagin-qizilcaya-yoluxdugu-bildirilir\/#primaryimage"},"thumbnailUrl":"https:\/\/www.meydan.tv\/wp-content\/uploads\/17007379756287711257_1200x630.jpg","datePublished":"2023-12-06T09:29:17+00:00","dateModified":"2023-12-06T09:29:22+00:00","breadcrumb":{"@id":"https:\/\/www.meydan.tv\/az\/article\/usaq-siginacaginda-40-a-yaxin-usagin-qizilcaya-yoluxdugu-bildirilir\/#breadcrumb"},"inLanguage":"az","potentialAction":[{"@type":"ReadAction","target":["https:\/\/www.meydan.tv\/az\/article\/usaq-siginacaginda-40-a-yaxin-usagin-qizilcaya-yoluxdugu-bildirilir\/"]}]},{"@type":"ImageObject","inLanguage":"az","@id":"https:\/\/www.meydan.tv\/az\/article\/usaq-siginacaginda-40-a-yaxin-usagin-qizilcaya-yoluxdugu-bildirilir\/#primaryimage","url":"https:\/\/www.meydan.tv\/wp-content\/uploads\/17007379756287711257_1200x630.jpg","contentUrl":"https:\/\/www.meydan.tv\/wp-content\/uploads\/17007379756287711257_1200x630.jpg","width":1200,"height":820,"caption":"Q\u0131z\u0131lca. Foto: Az\u0259rtac"},{"@type":"BreadcrumbList","@id":"https:\/\/www.meydan.tv\/az\/article\/usaq-siginacaginda-40-a-yaxin-usagin-qizilcaya-yoluxdugu-bildirilir\/#breadcrumb","itemListElement":[{"@type":"ListItem","position":1,"name":"Ana s\u0259hif\u0259","item":"https:\/\/www.meydan.tv\/az\/"},{"@type":"ListItem","position":2,"name":"Sa\u011fl\u0131q","item":"https:\/\/www.meydan.tv\/az\/section\/sagliq\/"},{"@type":"ListItem","position":3,"name":"U\u015faq s\u0131\u011f\u0131naca\u011f\u0131nda 40-a yax\u0131n u\u015fa\u011f\u0131n q\u0131z\u0131lcaya yoluxdu\u011fu bildirilir"}]},{"@type":"WebSite","@id":"https:\/\/www.meydan.tv\/az\/#website","url":"https:\/\/www.meydan.tv\/az\/","name":"MEYDAN.TV","description":"Meydan TV Az\u0259rbaycan\u0131n media m\u0259kan\u0131ndak\u0131 alternativ s\u0259sidir","publisher":{"@id":"https:\/\/www.meydan.tv\/az\/#organization"},"potentialAction":[{"@type":"SearchAction","target":{"@type":"EntryPoint","urlTemplate":"https:\/\/www.meydan.tv\/az\/?s={search_term_string}"},"query-input":{"@type":"PropertyValueSpecification","valueRequired":true,"valueName":"search_term_string"}}],"inLanguage":"az"},{"@type":"Organization","@id":"https:\/\/www.meydan.tv\/az\/#organization","name":"Meydan TV","url":"https:\/\/www.meydan.tv\/az\/","logo":{"@type":"ImageObject","inLanguage":"az","@id":"https:\/\/www.meydan.tv\/az\/#\/schema\/logo\/image\/","url":"https:\/\/www.meydan.tv\/wp-content\/uploads\/2021\/07\/meydan-logo.svg","contentUrl":"https:\/\/www.meydan.tv\/wp-content\/uploads\/2021\/07\/meydan-logo.svg","width":195,"height":46,"caption":"Meydan TV"},"image":{"@id":"https:\/\/www.meydan.tv\/az\/#\/schema\/logo\/image\/"}},{"@type":"Person","@id":"https:\/\/www.meydan.tv\/az\/#\/schema\/person\/9cdbecf90d17180ce1dfbd95b08dcf47","name":"elli","sameAs":["https:\/\/x.com\/elli"]}]}},"_links":{"self":[{"href":"https:\/\/www.meydan.tv\/az\/wp-json\/wp\/v2\/posts\/292174","targetHints":{"allow":["GET"]}}],"collection":[{"href":"https:\/\/www.meydan.tv\/az\/wp-json\/wp\/v2\/posts"}],"about":[{"href":"https:\/\/www.meydan.tv\/az\/wp-json\/wp\/v2\/types\/post"}],"author":[{"embeddable":true,"href":"https:\/\/www.meydan.tv\/az\/wp-json\/wp\/v2\/users\/8"}],"replies":[{"embeddable":true,"href":"https:\/\/www.meydan.tv\/az\/wp-json\/wp\/v2\/comments?post=292174"}],"version-history":[{"count":3,"href":"https:\/\/www.meydan.tv\/az\/wp-json\/wp\/v2\/posts\/292174\/revisions"}],"predecessor-version":[{"id":292183,"href":"https:\/\/www.meydan.tv\/az\/wp-json\/wp\/v2\/posts\/292174\/revisions\/292183"}],"wp:featuredmedia":[{"embeddable":true,"href":"https:\/\/www.meydan.tv\/az\/wp-json\/wp\/v2\/media\/292175"}],"wp:attachment":[{"href":"https:\/\/www.meydan.tv\/az\/wp-json\/wp\/v2\/media?parent=292174"}],"wp:term":[{"taxonomy":"category","embeddable":true,"href":"https:\/\/www.meydan.tv\/az\/wp-json\/wp\/v2\/categories?post=292174"},{"taxonomy":"post_tag","embeddable":true,"href":"https:\/\/www.meydan.tv\/az\/wp-json\/wp\/v2\/tags?post=292174"}],"curies":[{"name":"wp","href":"https:\/\/api.w.org\/{rel}","templated":true}]}}