{"id":292158,"date":"2023-12-05T20:02:25","date_gmt":"2023-12-05T16:02:25","guid":{"rendered":"https:\/\/www.meydan.tv\/?p=292158"},"modified":"2023-12-05T20:45:26","modified_gmt":"2023-12-05T16:45:26","slug":"rsf-ilham-eliyev-olkede-fealiyyet-gosteren-musteqil-jurnalistlere-tezyiqi-guclendirib","status":"publish","type":"post","link":"https:\/\/www.meydan.tv\/az\/article\/rsf-ilham-eliyev-olkede-fealiyyet-gosteren-musteqil-jurnalistlere-tezyiqi-guclendirib\/","title":{"rendered":"RSF:\u00a0&#8220;\u0130lham \u018fliyev \u00f6lk\u0259d\u0259 f\u0259aliyy\u0259t g\u00f6st\u0259r\u0259n m\u00fcst\u0259qil jurnalistl\u0259r\u0259 t\u0259zyiqi g\u00fccl\u0259ndirib&#8221;"},"content":{"rendered":"\n<p><\/p>\n\n\n\n<p><strong><em>T\u0259\u015fkilat jurnalistl\u0259rin h\u0259bsi il\u0259 ba\u011fl\u0131 b\u0259yanat yay\u0131b<\/em><\/strong><\/p>\n\n\n\n<p>Son g\u00fcnl\u0259r Az\u0259rbaycanda be\u015f jurnalist h\u0259bs\u0259 at\u0131l\u0131b.<\/p>\n\n\n\n<p>S\u0259rh\u0259dsiz Reportyorlar T\u0259\u015fkilat\u0131 (RSF) bildirir ki, Az\u0259rbaycan Prezidenti \u0130lham \u018fliyev \u00f6lk\u0259d\u0259 f\u0259aliyy\u0259t g\u00f6st\u0259r\u0259n m\u00fcst\u0259qil medialara v\u0259 jurnalistl\u0259r\u0259 t\u0259zyiqi g\u00fccl\u0259ndirib.<\/p>\n\n\n\n<p>RSF-nin b\u0259yanat\u0131nda \u201cAbzasMedia\u201d v\u0259 \u201cKanal13\u201d \u0259m\u0259kda\u015flar\u0131n\u0131n h\u0259bsl\u0259ri misal <a href=\"https:\/\/rsf.org\/en\/six-azerbaijani-journalists-arrested-two-weeks\">\u00e7\u0259kilir<\/a>.<\/p>\n\n\n\n<p>\u201c<em>R\u00fcf\u0259t Muradl\u0131 k\u00fc\u00e7\u0259d\u0259 s\u00f6y\u00fc\u015f s\u00f6yd\u00fcy\u00fc \u00fc\u00e7\u00fcn saxlan\u0131l\u0131b, polis\u0259 ita\u0259tsizlik madd\u0259si il\u0259 yar\u011f\u0131lan\u0131b v\u0259 30 sutkaya m\u0259hkum edilib. \u201cAbzasMedia\u201dn\u0131n ba\u015f redaktoru Sevinc Vaqifq\u0131z\u0131 da h\u0259bs edil\u0259nl\u0259r aras\u0131ndad\u0131r v\u0259 o, bu yax\u0131nlarda anas\u0131 il\u0259 g\u00f6r\u00fc\u015fm\u0259lidir\u201d.<\/em><\/p>\n\n\n\n<p>B\u0259yanatda qeyd edilir ki, R\u00fcf\u0259t Muradl\u0131n\u0131n h\u0259bsi il\u0259 son 2 h\u0259ft\u0259 \u0259rzind\u0259 Az\u0259rbaycanda h\u0259bs edil\u0259n jurnalistl\u0259rin say\u0131 alt\u0131ya \u00e7at\u0131b.<\/p>\n\n\n\n<p>\u201c<em>Az\u0259rbaycan hakimiyy\u0259tinin m\u0259qs\u0259di korrupsiyan\u0131, siyasi elitan\u0131n h\u0259r\u0259k\u0259tl\u0259rini if\u015fa ed\u0259n m\u00fcst\u0259qil median\u0131 s\u0131radan \u00e7\u0131xarmaqd\u0131r. \u00d6zba\u015f\u0131na h\u0259bsl\u0259r, zorak\u0131l\u0131q v\u0259 uydurma d\u0259lill\u0259rl\u0259 edil\u0259n basq\u0131n\u0131n ba\u015fqa a\u00e7\u0131qlamas\u0131 yoxdur. Az\u0259rbaycana Avropa \u015euras\u0131n\u0131n \u00f6hd\u0259likl\u0259rini xat\u0131rlad\u0131r, h\u0259bs etdiyi jurnalistl\u0259ri azad etm\u0259y\u0259 \u00e7a\u011f\u0131r\u0131r\u0131q\u201d.<\/em><\/p>\n\n\n<div class=\"wp-block-image\">\n<figure class=\"alignright size-large is-resized\"><img decoding=\"async\" width=\"1026\" height=\"821\" data-src=\"https:\/\/www.meydan.tv\/wp-content\/uploads\/shutterstock_1170038254-1026x821.jpg\" alt=\"\" class=\"wp-image-229529 lazyload\" style=\"--smush-placeholder-width: 1026px; --smush-placeholder-aspect-ratio: 1026\/821;width:346px;height:auto\" src=\"data:image\/svg+xml;base64,PHN2ZyB3aWR0aD0iMSIgaGVpZ2h0PSIxIiB4bWxucz0iaHR0cDovL3d3dy53My5vcmcvMjAwMC9zdmciPjwvc3ZnPg==\" \/><figcaption class=\"wp-element-caption\">S\u0259rh\u0259dsiz Reportyorlar T\u0259\u015fkilat\u0131, Foto: By Casimiro PT\/Shutterstock<\/figcaption><\/figure>\n<\/div>\n\n\n<p>RSF bildirir ki, son g\u00fcnl\u0259r h\u0259bs edil\u0259n \u201cAbzasMedia\u201dn\u0131n direktoru \u00dclvi H\u0259s\u0259nli, ba\u015f redaktoru Sevinc Vaqifq\u0131z\u0131, media qurumun direktor m\u00fcavini, ictimai f\u0259al M\u0259h\u0259mm\u0259d Kekalov, reportyoru N\u0259rgiz Absalamova v\u0259 \u201cKanal13\u201d\u00fcn r\u0259hb\u0259ri \u018fziz Orucov tezlikl\u0259 azad edilm\u0259lidir. Jurnalistl\u0259r\u0259 basq\u0131lara son qoyulmal\u0131d\u0131r.<\/p>\n\n\n\n<p>Az\u0259rbaycanda jurnalistl\u0259r\u0259 t\u0259zyiq h\u0259bsl\u0259rl\u0259 bitmir, onlara pe\u015f\u0259 f\u0259aliyy\u0259tl\u0259rini yerin\u0259 yetirm\u0259l\u0259rin\u0259 \u0259ng\u0259l t\u00f6r\u0259dilir.<\/p>\n\n\n\n<p>\u201c<em>Dekabr\u0131n 2-d\u0259 L\u0259nk\u0259randa jurnalistl\u0259r\u00a0Aytac M\u0259mm\u0259dli v\u0259 \u015e\u0259hla K\u0259rimi polis saxlay\u0131b, onlara psixoloji \u015fidd\u0259t g\u00f6st\u0259rilib\u201d.<\/em><\/p>\n\n\n\n<p>B\u0259yanatda deyilir ki, Az\u0259rbaycan hakimiyy\u0259ti m\u00fcst\u0259qil mediaya, jurnalistl\u0259r\u0259 v\u0259 QHT-l\u0259r\u0259 qar\u015f\u0131 t\u0259zyiql\u0259r\u0259 son qoymal\u0131d\u0131r.<\/p>\n","protected":false},"excerpt":{"rendered":"<p>T\u0259\u015fkilat jurnalistl\u0259rin h\u0259bsi il\u0259 ba\u011fl\u0131 b\u0259yanat yay\u0131b Son g\u00fcnl\u0259r Az\u0259rbaycanda &#8230; <\/p>\n<p class=\"read-more-container\"><a title=\"RSF:\u00a0&#8220;\u0130lham \u018fliyev \u00f6lk\u0259d\u0259 f\u0259aliyy\u0259t g\u00f6st\u0259r\u0259n m\u00fcst\u0259qil jurnalistl\u0259r\u0259 t\u0259zyiqi g\u00fccl\u0259ndirib&#8221;\" class=\"read-more button\" href=\"https:\/\/www.meydan.tv\/az\/article\/rsf-ilham-eliyev-olkede-fealiyyet-gosteren-musteqil-jurnalistlere-tezyiqi-guclendirib\/#more-292158\" aria-label=\"Read more about RSF:\u00a0&#8220;\u0130lham \u018fliyev \u00f6lk\u0259d\u0259 f\u0259aliyy\u0259t g\u00f6st\u0259r\u0259n m\u00fcst\u0259qil jurnalistl\u0259r\u0259 t\u0259zyiqi g\u00fccl\u0259ndirib&#8221;\">Davam\u0131<\/a><\/p>\n","protected":false},"author":8,"featured_media":292162,"comment_status":"closed","ping_status":"closed","sticky":false,"template":"","format":"standard","meta":{"_acf_changed":false,"_sitemap_exclude":false,"_sitemap_priority":"","_sitemap_frequency":"","footnotes":""},"categories":[59,79,56],"tags":[],"class_list":["post-292158","post","type-post","status-publish","format-standard","has-post-thumbnail","hentry","category-siyaset","category-featured","category-xeberler","infinite-scroll-item","generate-columns","tablet-grid-50","mobile-grid-100","grid-parent","grid-33","no-featured-image-padding"],"acf":[],"yoast_head":"<!-- This site is optimized with the Yoast SEO plugin v27.4 - https:\/\/yoast.com\/product\/yoast-seo-wordpress\/ -->\n<title>RSF:\u00a0&quot;\u0130lham \u018fliyev \u00f6lk\u0259d\u0259 f\u0259aliyy\u0259t g\u00f6st\u0259r\u0259n m\u00fcst\u0259qil jurnalistl\u0259r\u0259 t\u0259zyiqi g\u00fccl\u0259ndirib&quot; - MEYDAN.TV<\/title>\n<meta name=\"robots\" content=\"index, follow, max-snippet:-1, max-image-preview:large, max-video-preview:-1\" \/>\n<link rel=\"canonical\" href=\"https:\/\/www.meydan.tv\/az\/article\/rsf-ilham-eliyev-olkede-fealiyyet-gosteren-musteqil-jurnalistlere-tezyiqi-guclendirib\/\" \/>\n<meta property=\"og:locale\" content=\"az_AZ\" \/>\n<meta property=\"og:type\" content=\"article\" \/>\n<meta property=\"og:title\" content=\"RSF:\u00a0&quot;\u0130lham \u018fliyev \u00f6lk\u0259d\u0259 f\u0259aliyy\u0259t g\u00f6st\u0259r\u0259n m\u00fcst\u0259qil jurnalistl\u0259r\u0259 t\u0259zyiqi g\u00fccl\u0259ndirib&quot; - MEYDAN.TV\" \/>\n<meta property=\"og:description\" content=\"T\u0259\u015fkilat jurnalistl\u0259rin h\u0259bsi il\u0259 ba\u011fl\u0131 b\u0259yanat yay\u0131b Son g\u00fcnl\u0259r Az\u0259rbaycanda ... Davam\u0131\" \/>\n<meta property=\"og:url\" content=\"https:\/\/www.meydan.tv\/az\/article\/rsf-ilham-eliyev-olkede-fealiyyet-gosteren-musteqil-jurnalistlere-tezyiqi-guclendirib\/\" \/>\n<meta property=\"og:site_name\" content=\"MEYDAN.TV\" \/>\n<meta property=\"article:published_time\" content=\"2023-12-05T16:02:25+00:00\" \/>\n<meta property=\"article:modified_time\" content=\"2023-12-05T16:45:26+00:00\" \/>\n<meta property=\"og:image\" content=\"https:\/\/www.meydan.tv\/wp-content\/uploads\/cpazerbaidjan-2.png\" \/>\n\t<meta property=\"og:image:width\" content=\"1140\" \/>\n\t<meta property=\"og:image:height\" content=\"456\" \/>\n\t<meta property=\"og:image:type\" content=\"image\/png\" \/>\n<meta name=\"author\" content=\"elli\" \/>\n<meta name=\"twitter:card\" content=\"summary_large_image\" \/>\n<meta name=\"twitter:creator\" content=\"@elli\" \/>\n<script type=\"application\/ld+json\" class=\"yoast-schema-graph\">{\"@context\":\"https:\\\/\\\/schema.org\",\"@graph\":[{\"@type\":\"Article\",\"@id\":\"https:\\\/\\\/www.meydan.tv\\\/az\\\/article\\\/rsf-ilham-eliyev-olkede-fealiyyet-gosteren-musteqil-jurnalistlere-tezyiqi-guclendirib\\\/#article\",\"isPartOf\":{\"@id\":\"https:\\\/\\\/www.meydan.tv\\\/az\\\/article\\\/rsf-ilham-eliyev-olkede-fealiyyet-gosteren-musteqil-jurnalistlere-tezyiqi-guclendirib\\\/\"},\"author\":{\"name\":\"elli\",\"@id\":\"https:\\\/\\\/www.meydan.tv\\\/az\\\/#\\\/schema\\\/person\\\/9cdbecf90d17180ce1dfbd95b08dcf47\"},\"headline\":\"RSF:\u00a0&#8220;\u0130lham \u018fliyev \u00f6lk\u0259d\u0259 f\u0259aliyy\u0259t g\u00f6st\u0259r\u0259n m\u00fcst\u0259qil jurnalistl\u0259r\u0259 t\u0259zyiqi g\u00fccl\u0259ndirib&#8221;\",\"datePublished\":\"2023-12-05T16:02:25+00:00\",\"dateModified\":\"2023-12-05T16:45:26+00:00\",\"mainEntityOfPage\":{\"@id\":\"https:\\\/\\\/www.meydan.tv\\\/az\\\/article\\\/rsf-ilham-eliyev-olkede-fealiyyet-gosteren-musteqil-jurnalistlere-tezyiqi-guclendirib\\\/\"},\"wordCount\":411,\"publisher\":{\"@id\":\"https:\\\/\\\/www.meydan.tv\\\/az\\\/#organization\"},\"image\":{\"@id\":\"https:\\\/\\\/www.meydan.tv\\\/az\\\/article\\\/rsf-ilham-eliyev-olkede-fealiyyet-gosteren-musteqil-jurnalistlere-tezyiqi-guclendirib\\\/#primaryimage\"},\"thumbnailUrl\":\"https:\\\/\\\/www.meydan.tv\\\/wp-content\\\/uploads\\\/cpazerbaidjan-2.png\",\"articleSection\":[\"Siyas\u0259t\",\"T\u00f6vsiy\u0259\",\"X\u0259b\u0259rl\u0259r\"],\"inLanguage\":\"az\"},{\"@type\":\"WebPage\",\"@id\":\"https:\\\/\\\/www.meydan.tv\\\/az\\\/article\\\/rsf-ilham-eliyev-olkede-fealiyyet-gosteren-musteqil-jurnalistlere-tezyiqi-guclendirib\\\/\",\"url\":\"https:\\\/\\\/www.meydan.tv\\\/az\\\/article\\\/rsf-ilham-eliyev-olkede-fealiyyet-gosteren-musteqil-jurnalistlere-tezyiqi-guclendirib\\\/\",\"name\":\"RSF:\u00a0\\\"\u0130lham \u018fliyev \u00f6lk\u0259d\u0259 f\u0259aliyy\u0259t g\u00f6st\u0259r\u0259n m\u00fcst\u0259qil jurnalistl\u0259r\u0259 t\u0259zyiqi g\u00fccl\u0259ndirib\\\" - MEYDAN.TV\",\"isPartOf\":{\"@id\":\"https:\\\/\\\/www.meydan.tv\\\/az\\\/#website\"},\"primaryImageOfPage\":{\"@id\":\"https:\\\/\\\/www.meydan.tv\\\/az\\\/article\\\/rsf-ilham-eliyev-olkede-fealiyyet-gosteren-musteqil-jurnalistlere-tezyiqi-guclendirib\\\/#primaryimage\"},\"image\":{\"@id\":\"https:\\\/\\\/www.meydan.tv\\\/az\\\/article\\\/rsf-ilham-eliyev-olkede-fealiyyet-gosteren-musteqil-jurnalistlere-tezyiqi-guclendirib\\\/#primaryimage\"},\"thumbnailUrl\":\"https:\\\/\\\/www.meydan.tv\\\/wp-content\\\/uploads\\\/cpazerbaidjan-2.png\",\"datePublished\":\"2023-12-05T16:02:25+00:00\",\"dateModified\":\"2023-12-05T16:45:26+00:00\",\"breadcrumb\":{\"@id\":\"https:\\\/\\\/www.meydan.tv\\\/az\\\/article\\\/rsf-ilham-eliyev-olkede-fealiyyet-gosteren-musteqil-jurnalistlere-tezyiqi-guclendirib\\\/#breadcrumb\"},\"inLanguage\":\"az\",\"potentialAction\":[{\"@type\":\"ReadAction\",\"target\":[\"https:\\\/\\\/www.meydan.tv\\\/az\\\/article\\\/rsf-ilham-eliyev-olkede-fealiyyet-gosteren-musteqil-jurnalistlere-tezyiqi-guclendirib\\\/\"]}]},{\"@type\":\"ImageObject\",\"inLanguage\":\"az\",\"@id\":\"https:\\\/\\\/www.meydan.tv\\\/az\\\/article\\\/rsf-ilham-eliyev-olkede-fealiyyet-gosteren-musteqil-jurnalistlere-tezyiqi-guclendirib\\\/#primaryimage\",\"url\":\"https:\\\/\\\/www.meydan.tv\\\/wp-content\\\/uploads\\\/cpazerbaidjan-2.png\",\"contentUrl\":\"https:\\\/\\\/www.meydan.tv\\\/wp-content\\\/uploads\\\/cpazerbaidjan-2.png\",\"width\":1140,\"height\":456,\"caption\":\"Foto: RSF\"},{\"@type\":\"BreadcrumbList\",\"@id\":\"https:\\\/\\\/www.meydan.tv\\\/az\\\/article\\\/rsf-ilham-eliyev-olkede-fealiyyet-gosteren-musteqil-jurnalistlere-tezyiqi-guclendirib\\\/#breadcrumb\",\"itemListElement\":[{\"@type\":\"ListItem\",\"position\":1,\"name\":\"Ana s\u0259hif\u0259\",\"item\":\"https:\\\/\\\/www.meydan.tv\\\/az\\\/\"},{\"@type\":\"ListItem\",\"position\":2,\"name\":\"Siyas\u0259t\",\"item\":\"https:\\\/\\\/www.meydan.tv\\\/az\\\/section\\\/siyaset\\\/\"},{\"@type\":\"ListItem\",\"position\":3,\"name\":\"RSF:\u00a0&#8220;\u0130lham \u018fliyev \u00f6lk\u0259d\u0259 f\u0259aliyy\u0259t g\u00f6st\u0259r\u0259n m\u00fcst\u0259qil jurnalistl\u0259r\u0259 t\u0259zyiqi g\u00fccl\u0259ndirib&#8221;\"}]},{\"@type\":\"WebSite\",\"@id\":\"https:\\\/\\\/www.meydan.tv\\\/az\\\/#website\",\"url\":\"https:\\\/\\\/www.meydan.tv\\\/az\\\/\",\"name\":\"MEYDAN.TV\",\"description\":\"Meydan TV Az\u0259rbaycan\u0131n media m\u0259kan\u0131ndak\u0131 alternativ s\u0259sidir\",\"publisher\":{\"@id\":\"https:\\\/\\\/www.meydan.tv\\\/az\\\/#organization\"},\"potentialAction\":[{\"@type\":\"SearchAction\",\"target\":{\"@type\":\"EntryPoint\",\"urlTemplate\":\"https:\\\/\\\/www.meydan.tv\\\/az\\\/?s={search_term_string}\"},\"query-input\":{\"@type\":\"PropertyValueSpecification\",\"valueRequired\":true,\"valueName\":\"search_term_string\"}}],\"inLanguage\":\"az\"},{\"@type\":\"Organization\",\"@id\":\"https:\\\/\\\/www.meydan.tv\\\/az\\\/#organization\",\"name\":\"Meydan TV\",\"url\":\"https:\\\/\\\/www.meydan.tv\\\/az\\\/\",\"logo\":{\"@type\":\"ImageObject\",\"inLanguage\":\"az\",\"@id\":\"https:\\\/\\\/www.meydan.tv\\\/az\\\/#\\\/schema\\\/logo\\\/image\\\/\",\"url\":\"https:\\\/\\\/www.meydan.tv\\\/wp-content\\\/uploads\\\/2021\\\/07\\\/meydan-logo.svg\",\"contentUrl\":\"https:\\\/\\\/www.meydan.tv\\\/wp-content\\\/uploads\\\/2021\\\/07\\\/meydan-logo.svg\",\"width\":195,\"height\":46,\"caption\":\"Meydan TV\"},\"image\":{\"@id\":\"https:\\\/\\\/www.meydan.tv\\\/az\\\/#\\\/schema\\\/logo\\\/image\\\/\"}},{\"@type\":\"Person\",\"@id\":\"https:\\\/\\\/www.meydan.tv\\\/az\\\/#\\\/schema\\\/person\\\/9cdbecf90d17180ce1dfbd95b08dcf47\",\"name\":\"elli\",\"sameAs\":[\"https:\\\/\\\/x.com\\\/elli\"]}]}<\/script>\n<!-- \/ Yoast SEO plugin. -->","yoast_head_json":{"title":"RSF:\u00a0\"\u0130lham \u018fliyev \u00f6lk\u0259d\u0259 f\u0259aliyy\u0259t g\u00f6st\u0259r\u0259n m\u00fcst\u0259qil jurnalistl\u0259r\u0259 t\u0259zyiqi g\u00fccl\u0259ndirib\" - MEYDAN.TV","robots":{"index":"index","follow":"follow","max-snippet":"max-snippet:-1","max-image-preview":"max-image-preview:large","max-video-preview":"max-video-preview:-1"},"canonical":"https:\/\/www.meydan.tv\/az\/article\/rsf-ilham-eliyev-olkede-fealiyyet-gosteren-musteqil-jurnalistlere-tezyiqi-guclendirib\/","og_locale":"az_AZ","og_type":"article","og_title":"RSF:\u00a0\"\u0130lham \u018fliyev \u00f6lk\u0259d\u0259 f\u0259aliyy\u0259t g\u00f6st\u0259r\u0259n m\u00fcst\u0259qil jurnalistl\u0259r\u0259 t\u0259zyiqi g\u00fccl\u0259ndirib\" - MEYDAN.TV","og_description":"T\u0259\u015fkilat jurnalistl\u0259rin h\u0259bsi il\u0259 ba\u011fl\u0131 b\u0259yanat yay\u0131b Son g\u00fcnl\u0259r Az\u0259rbaycanda ... Davam\u0131","og_url":"https:\/\/www.meydan.tv\/az\/article\/rsf-ilham-eliyev-olkede-fealiyyet-gosteren-musteqil-jurnalistlere-tezyiqi-guclendirib\/","og_site_name":"MEYDAN.TV","article_published_time":"2023-12-05T16:02:25+00:00","article_modified_time":"2023-12-05T16:45:26+00:00","og_image":[{"width":1140,"height":456,"url":"https:\/\/www.meydan.tv\/wp-content\/uploads\/cpazerbaidjan-2.png","type":"image\/png"}],"author":"elli","twitter_card":"summary_large_image","twitter_creator":"@elli","schema":{"@context":"https:\/\/schema.org","@graph":[{"@type":"Article","@id":"https:\/\/www.meydan.tv\/az\/article\/rsf-ilham-eliyev-olkede-fealiyyet-gosteren-musteqil-jurnalistlere-tezyiqi-guclendirib\/#article","isPartOf":{"@id":"https:\/\/www.meydan.tv\/az\/article\/rsf-ilham-eliyev-olkede-fealiyyet-gosteren-musteqil-jurnalistlere-tezyiqi-guclendirib\/"},"author":{"name":"elli","@id":"https:\/\/www.meydan.tv\/az\/#\/schema\/person\/9cdbecf90d17180ce1dfbd95b08dcf47"},"headline":"RSF:\u00a0&#8220;\u0130lham \u018fliyev \u00f6lk\u0259d\u0259 f\u0259aliyy\u0259t g\u00f6st\u0259r\u0259n m\u00fcst\u0259qil jurnalistl\u0259r\u0259 t\u0259zyiqi g\u00fccl\u0259ndirib&#8221;","datePublished":"2023-12-05T16:02:25+00:00","dateModified":"2023-12-05T16:45:26+00:00","mainEntityOfPage":{"@id":"https:\/\/www.meydan.tv\/az\/article\/rsf-ilham-eliyev-olkede-fealiyyet-gosteren-musteqil-jurnalistlere-tezyiqi-guclendirib\/"},"wordCount":411,"publisher":{"@id":"https:\/\/www.meydan.tv\/az\/#organization"},"image":{"@id":"https:\/\/www.meydan.tv\/az\/article\/rsf-ilham-eliyev-olkede-fealiyyet-gosteren-musteqil-jurnalistlere-tezyiqi-guclendirib\/#primaryimage"},"thumbnailUrl":"https:\/\/www.meydan.tv\/wp-content\/uploads\/cpazerbaidjan-2.png","articleSection":["Siyas\u0259t","T\u00f6vsiy\u0259","X\u0259b\u0259rl\u0259r"],"inLanguage":"az"},{"@type":"WebPage","@id":"https:\/\/www.meydan.tv\/az\/article\/rsf-ilham-eliyev-olkede-fealiyyet-gosteren-musteqil-jurnalistlere-tezyiqi-guclendirib\/","url":"https:\/\/www.meydan.tv\/az\/article\/rsf-ilham-eliyev-olkede-fealiyyet-gosteren-musteqil-jurnalistlere-tezyiqi-guclendirib\/","name":"RSF:\u00a0\"\u0130lham \u018fliyev \u00f6lk\u0259d\u0259 f\u0259aliyy\u0259t g\u00f6st\u0259r\u0259n m\u00fcst\u0259qil jurnalistl\u0259r\u0259 t\u0259zyiqi g\u00fccl\u0259ndirib\" - MEYDAN.TV","isPartOf":{"@id":"https:\/\/www.meydan.tv\/az\/#website"},"primaryImageOfPage":{"@id":"https:\/\/www.meydan.tv\/az\/article\/rsf-ilham-eliyev-olkede-fealiyyet-gosteren-musteqil-jurnalistlere-tezyiqi-guclendirib\/#primaryimage"},"image":{"@id":"https:\/\/www.meydan.tv\/az\/article\/rsf-ilham-eliyev-olkede-fealiyyet-gosteren-musteqil-jurnalistlere-tezyiqi-guclendirib\/#primaryimage"},"thumbnailUrl":"https:\/\/www.meydan.tv\/wp-content\/uploads\/cpazerbaidjan-2.png","datePublished":"2023-12-05T16:02:25+00:00","dateModified":"2023-12-05T16:45:26+00:00","breadcrumb":{"@id":"https:\/\/www.meydan.tv\/az\/article\/rsf-ilham-eliyev-olkede-fealiyyet-gosteren-musteqil-jurnalistlere-tezyiqi-guclendirib\/#breadcrumb"},"inLanguage":"az","potentialAction":[{"@type":"ReadAction","target":["https:\/\/www.meydan.tv\/az\/article\/rsf-ilham-eliyev-olkede-fealiyyet-gosteren-musteqil-jurnalistlere-tezyiqi-guclendirib\/"]}]},{"@type":"ImageObject","inLanguage":"az","@id":"https:\/\/www.meydan.tv\/az\/article\/rsf-ilham-eliyev-olkede-fealiyyet-gosteren-musteqil-jurnalistlere-tezyiqi-guclendirib\/#primaryimage","url":"https:\/\/www.meydan.tv\/wp-content\/uploads\/cpazerbaidjan-2.png","contentUrl":"https:\/\/www.meydan.tv\/wp-content\/uploads\/cpazerbaidjan-2.png","width":1140,"height":456,"caption":"Foto: RSF"},{"@type":"BreadcrumbList","@id":"https:\/\/www.meydan.tv\/az\/article\/rsf-ilham-eliyev-olkede-fealiyyet-gosteren-musteqil-jurnalistlere-tezyiqi-guclendirib\/#breadcrumb","itemListElement":[{"@type":"ListItem","position":1,"name":"Ana s\u0259hif\u0259","item":"https:\/\/www.meydan.tv\/az\/"},{"@type":"ListItem","position":2,"name":"Siyas\u0259t","item":"https:\/\/www.meydan.tv\/az\/section\/siyaset\/"},{"@type":"ListItem","position":3,"name":"RSF:\u00a0&#8220;\u0130lham \u018fliyev \u00f6lk\u0259d\u0259 f\u0259aliyy\u0259t g\u00f6st\u0259r\u0259n m\u00fcst\u0259qil jurnalistl\u0259r\u0259 t\u0259zyiqi g\u00fccl\u0259ndirib&#8221;"}]},{"@type":"WebSite","@id":"https:\/\/www.meydan.tv\/az\/#website","url":"https:\/\/www.meydan.tv\/az\/","name":"MEYDAN.TV","description":"Meydan TV Az\u0259rbaycan\u0131n media m\u0259kan\u0131ndak\u0131 alternativ s\u0259sidir","publisher":{"@id":"https:\/\/www.meydan.tv\/az\/#organization"},"potentialAction":[{"@type":"SearchAction","target":{"@type":"EntryPoint","urlTemplate":"https:\/\/www.meydan.tv\/az\/?s={search_term_string}"},"query-input":{"@type":"PropertyValueSpecification","valueRequired":true,"valueName":"search_term_string"}}],"inLanguage":"az"},{"@type":"Organization","@id":"https:\/\/www.meydan.tv\/az\/#organization","name":"Meydan TV","url":"https:\/\/www.meydan.tv\/az\/","logo":{"@type":"ImageObject","inLanguage":"az","@id":"https:\/\/www.meydan.tv\/az\/#\/schema\/logo\/image\/","url":"https:\/\/www.meydan.tv\/wp-content\/uploads\/2021\/07\/meydan-logo.svg","contentUrl":"https:\/\/www.meydan.tv\/wp-content\/uploads\/2021\/07\/meydan-logo.svg","width":195,"height":46,"caption":"Meydan TV"},"image":{"@id":"https:\/\/www.meydan.tv\/az\/#\/schema\/logo\/image\/"}},{"@type":"Person","@id":"https:\/\/www.meydan.tv\/az\/#\/schema\/person\/9cdbecf90d17180ce1dfbd95b08dcf47","name":"elli","sameAs":["https:\/\/x.com\/elli"]}]}},"_links":{"self":[{"href":"https:\/\/www.meydan.tv\/az\/wp-json\/wp\/v2\/posts\/292158","targetHints":{"allow":["GET"]}}],"collection":[{"href":"https:\/\/www.meydan.tv\/az\/wp-json\/wp\/v2\/posts"}],"about":[{"href":"https:\/\/www.meydan.tv\/az\/wp-json\/wp\/v2\/types\/post"}],"author":[{"embeddable":true,"href":"https:\/\/www.meydan.tv\/az\/wp-json\/wp\/v2\/users\/8"}],"replies":[{"embeddable":true,"href":"https:\/\/www.meydan.tv\/az\/wp-json\/wp\/v2\/comments?post=292158"}],"version-history":[{"count":4,"href":"https:\/\/www.meydan.tv\/az\/wp-json\/wp\/v2\/posts\/292158\/revisions"}],"predecessor-version":[{"id":292167,"href":"https:\/\/www.meydan.tv\/az\/wp-json\/wp\/v2\/posts\/292158\/revisions\/292167"}],"wp:featuredmedia":[{"embeddable":true,"href":"https:\/\/www.meydan.tv\/az\/wp-json\/wp\/v2\/media\/292162"}],"wp:attachment":[{"href":"https:\/\/www.meydan.tv\/az\/wp-json\/wp\/v2\/media?parent=292158"}],"wp:term":[{"taxonomy":"category","embeddable":true,"href":"https:\/\/www.meydan.tv\/az\/wp-json\/wp\/v2\/categories?post=292158"},{"taxonomy":"post_tag","embeddable":true,"href":"https:\/\/www.meydan.tv\/az\/wp-json\/wp\/v2\/tags?post=292158"}],"curies":[{"name":"wp","href":"https:\/\/api.w.org\/{rel}","templated":true}]}}