{"id":292148,"date":"2023-12-05T17:37:12","date_gmt":"2023-12-05T13:37:12","guid":{"rendered":"https:\/\/www.meydan.tv\/?p=292148"},"modified":"2023-12-05T17:37:16","modified_gmt":"2023-12-05T13:37:16","slug":"azerbaycanda-herbi-xidmet-uzre-son-yas-heddi-deyise-biler","status":"publish","type":"post","link":"https:\/\/www.meydan.tv\/az\/article\/azerbaycanda-herbi-xidmet-uzre-son-yas-heddi-deyise-biler\/","title":{"rendered":"Az\u0259rbaycanda h\u0259rbi xidm\u0259t \u00fczr\u0259 son ya\u015f h\u0259ddi d\u0259yi\u015f\u0259 bil\u0259r"},"content":{"rendered":"\n<p><\/p>\n\n\n\n<p><strong><em>Layih\u0259 Milli M\u0259clisin I oxunu\u015fundan ke\u00e7ib<\/em><\/strong><\/p>\n\n\n\n<p>Milli M\u0259clisin dekabr\u0131n 5-d\u0259 ke\u00e7iril\u0259n iclas\u0131nda \u201cH\u0259rbi qulluq\u00e7ular\u0131n statusu haqq\u0131nda\u201d, \u201cH\u0259rbi xidm\u0259tke\u00e7m\u0259 haqq\u0131nda\u201d \u018fsasnam\u0259\u201dnin t\u0259sdiq edilm\u0259si bar\u0259d\u0259\u201d, h\u0259m\u00e7inin \u201c\u018fm\u0259k pensiyalar\u0131 haqq\u0131nda\u201d v\u0259 \u201cH\u0259rbi v\u0259zif\u0259 v\u0259 h\u0259rbi xidm\u0259t haqq\u0131nda\u201d qanunlara d\u0259yi\u015fiklik layih\u0259si birinci oxunu\u015fda q\u0259bul edilib.<\/p>\n\n\n\n<p>D\u0259yi\u015fiklikl\u0259r\u0259 \u0259sas\u0259n, h\u0259rbi xidm\u0259td\u0259 son ya\u015f h\u0259ddi d\u0259yi\u015fir.<\/p>\n\n\n\n<p>M\u00fcdd\u0259td\u0259n art\u0131q h\u0259qiqi h\u0259rbi xidm\u0259t h\u0259rbi qulluq\u00e7ular\u0131, gizirl\u0259r v\u0259 mi\u00e7manlar \u00fc\u00e7\u00fcn h\u0259rbi xidm\u0259t \u00fczr\u0259 son ya\u015f h\u0259ddi 3 il art\u0131r\u0131l\u0131r.<\/p>\n\n\n\n<p>\u201cH\u0259rbi xidm\u0259t haqq\u0131nda\u201d Az\u0259rbaycan Respublikas\u0131 Qanununun 39-cu madd\u0259sin\u0259 m\u00fcvafiq olaraq dinc d\u00f6vrd\u0259 Az\u0259rbaycan Respublikas\u0131 Silahl\u0131 Q\u00fcvv\u0259l\u0259rinin h\u0259rbi qulluq\u00e7ular\u0131 a\u015fa\u011f\u0131dak\u0131 son ya\u015f h\u0259ddin\u0259d\u0259k xidm\u0259t ed\u0259c\u0259kl\u0259r:<\/p>\n\n\n\n<p>&#8211;<em> m\u00fcdd\u0259tli h\u0259qiqi h\u0259rbi xidm\u0259t h\u0259rbi qulluq\u00e7ular\u0131 \u2014 36.5 ya\u015f;<br>&#8211; m\u00fcdd\u0259td\u0259n art\u0131q h\u0259qiqi h\u0259rbi xidm\u0259t h\u0259rbi qulluq\u00e7ular\u0131, gizirl\u0259r v\u0259 mi\u00e7manlar \u2014 48 ya\u015f.<\/em><\/p>\n\n\n\n<p>Q\u00fcvv\u0259d\u0259 olan qanuna \u0259sas\u0259n, \u201cH\u0259rbi xidm\u0259t haqq\u0131nda\u201d Az\u0259rbaycan Respublikas\u0131 Qanununun 16-c\u0131 madd\u0259sin\u0259 m\u00fcvafiq olaraq dinc d\u00f6vrd\u0259 Az\u0259rbaycan Silahl\u0131 Q\u00fcvv\u0259l\u0259rinin h\u0259rbi qulluq\u00e7ular\u0131 a\u015fa\u011f\u0131dak\u0131 son ya\u015f h\u0259ddin\u0259d\u0259k xidm\u0259t edirl\u0259r:<\/p>\n\n\n\n<p>&#8211; <em>m\u00fcdd\u0259tli h\u0259qiqi h\u0259rbi xidm\u0259t h\u0259rbi qulluq\u00e7ular\u0131 \u2014 37 ya\u015f;<br>&#8211; m\u00fcdd\u0259td\u0259n art\u0131q h\u0259qiqi h\u0259rbi xidm\u0259t h\u0259rbi qulluq\u00e7ular\u0131, gizirl\u0259r v\u0259 mi\u00e7manlar \u2014 45 ya\u015f.<\/em><\/p>\n\n\n\n<p>Layih\u0259 s\u0259sverm\u0259y\u0259 \u00e7\u0131xar\u0131laraq birinci oxunu\u015fda q\u0259bul edilib.<\/p>\n\n\n\n<p>H\u0259m\u00e7inin h\u0259rb\u00e7il\u0259r\u0259 qulluq staj\u0131na g\u00f6r\u0259 \u0259m\u0259k pensiyas\u0131na \u0259lav\u0259l\u0259rin verilm\u0259 qaydas\u0131 d\u0259yi\u015fir.<\/p>\n\n\n\n<p>Q\u00fcvv\u0259d\u0259 olan qanuna \u0259sas\u0259n, haz\u0131rda pensiya h\u0259rbi xidm\u0259td\u0259n burax\u0131lanad\u0259k 20 t\u0259qvim ili v\u0259 daha \u00e7ox h\u0259rbi xidm\u0259t etmi\u015f h\u0259rbi qulluq\u00e7ular, h\u0259rbi xidm\u0259td\u0259n ya\u015fa g\u00f6r\u0259 burax\u0131lm\u0131\u015f, 25 t\u0259qvim ili v\u0259 daha \u00e7ox \u00fcmumi i\u015f staj\u0131 olan, bu staj\u0131n az\u0131 12 il 6 ay\u0131n\u0131 h\u0259rbi xidm\u0259td\u0259 ke\u00e7irmi\u015f \u015f\u0259xsl\u0259r, h\u0259rbi xidm\u0259td\u0259n x\u0259st\u0259liyin\u0259 v\u0259 ya s\u0259hh\u0259tinin m\u0259hdud imkanlar\u0131na, habel\u0259 \u015ftatlar\u0131n ixtisar\u0131na g\u00f6r\u0259 burax\u0131lm\u0131\u015f v\u0259 burax\u0131ld\u0131\u011f\u0131 g\u00fcn 45 v\u0259 daha \u00e7ox ya\u015f\u0131, 25 t\u0259qvim ili v\u0259 daha \u00e7ox \u00fcmumi i\u015f staj\u0131 olan, bu staj\u0131n az\u0131 12 il 6 ay\u0131n\u0131 h\u0259rbi xidm\u0259td\u0259 ke\u00e7irmi\u015f \u015f\u0259xsl\u0259r, h\u0259rbi xidm\u0259t m\u00fcdd\u0259ti 15 il v\u0259 daha \u00e7ox olmaqla \u00c7ernob\u0131l AES-d\u0259 q\u0259zan\u0131n n\u0259tic\u0259l\u0259rinin aradan qald\u0131r\u0131lmas\u0131 i\u015fl\u0259rind\u0259 k\u00f6\u00e7\u00fcrm\u0259 zonas\u0131nda i\u015ftirak etmi\u015f h\u0259rbi qulluq\u00e7ular\u0131n \u0259m\u0259k pensiyas\u0131na \u0259lav\u0259l\u0259r pensiya t\u0259yinat\u0131 tarixin\u0259d\u0259k t\u0259minat x\u0259rcliyind\u0259ki sonrak\u0131 art\u0131mlar n\u0259z\u0259r\u0259 al\u0131nmaqla m\u00fc\u0259yy\u0259n olunur.<\/p>\n\n\n\n<p>H\u0259m\u00e7inin h\u0259rbi xidm\u0259td\u0259n burax\u0131lanad\u0259k 20 t\u0259qvim ili v\u0259 daha \u00e7ox h\u0259rbi xidm\u0259t etmi\u015f h\u0259rbi qulluq\u00e7ulara 20 il h\u0259rbi xidm\u0259t \u00fc\u00e7\u00fcn m\u00fcvafiq t\u0259minat x\u0259rcliyinin\u201450 faizi, ya\u015f\u0131na v\u0259 ya x\u0259st\u0259liyin\u0259 g\u00f6r\u0259 h\u0259rbi xidm\u0259td\u0259n burax\u0131lanlara is\u0259\u201455 faizi, 20 ild\u0259n yuxar\u0131 h\u0259rbi xidm\u0259tin (h\u0259rbi xidm\u0259tin g\u00fcz\u0259\u015ftli say\u0131lan hiss\u0259si n\u0259z\u0259r\u0259 al\u0131nmaqla) h\u0259r ili (il tam olmad\u0131qda is\u0259 natamam ild\u0259ki i\u015f staj\u0131 aylar\u0131n\u0131n say\u0131na m\u00fct\u0259nasib olaraq hesablanmaqla) \u00fc\u00e7\u00fcn m\u00fcvafiq t\u0259minat x\u0259rcliyinin\u20142 faizi (M\u00fcdafi\u0259 Nazirliyi sistemind\u0259 xidm\u0259t ed\u0259n \u015f\u0259xsl\u0259r \u00fczr\u0259 is\u0259 &#8211; 3 faizi) miqdar\u0131nda \u0259lav\u0259 olunmaqla m\u00fc\u0259yy\u0259n edilir.<\/p>\n\n\n\n<p>Layih\u0259y\u0259 \u0259sas\u0259n, pensiya h\u0259rbi xidm\u0259td\u0259n burax\u0131lanad\u0259k 25 t\u0259qvim ili v\u0259 daha \u00e7ox h\u0259rbi xidm\u0259t etmi\u015f h\u0259rbi qulluq\u00e7ular, h\u0259rbi xidm\u0259td\u0259n ya\u015fa g\u00f6r\u0259 burax\u0131lm\u0131\u015f, 30 t\u0259qvim ili v\u0259 daha \u00e7ox \u00fcmumi i\u015f staj\u0131 olan, bu staj\u0131n az\u0131 15 ilini h\u0259rbi xidm\u0259td\u0259 ke\u00e7irmi\u015f \u015f\u0259xsl\u0259r, h\u0259rbi xidm\u0259td\u0259n x\u0259st\u0259liyin\u0259 v\u0259 ya s\u0259hh\u0259tinin m\u0259hdud imkanlar\u0131na, habel\u0259 \u015ftatlar\u0131n ixtisar\u0131na g\u00f6r\u0259 burax\u0131lm\u0131\u015f v\u0259 burax\u0131ld\u0131\u011f\u0131 g\u00fcn 48 v\u0259 daha \u00e7ox ya\u015f\u0131, 30 t\u0259qvim ili v\u0259 daha \u00e7ox \u00fcmumi i\u015f staj\u0131 olan, bu staj\u0131n az\u0131 15 ilini h\u0259rbi xidm\u0259td\u0259 ke\u00e7irmi\u015f \u015f\u0259xsl\u0259r \u00fc\u00e7\u00fcn n\u0259z\u0259rd\u0259 tutulur.<\/p>\n\n\n\n<p>Eyni zamanda, h\u0259rbi xidm\u0259t m\u00fcdd\u0259ti 15 il v\u0259 daha \u00e7ox olmaqla \u00c7ernob\u0131l AES-d\u0259 q\u0259zan\u0131n n\u0259tic\u0259l\u0259rinin aradan qald\u0131r\u0131lmas\u0131 i\u015fl\u0259rind\u0259 k\u00f6\u00e7\u00fcrm\u0259 zonas\u0131nda i\u015ftirak etmi\u015f h\u0259rbi qulluq\u00e7ular\u0131n h\u0259rbi xidm\u0259td\u0259n burax\u0131lanad\u0259k 25 t\u0259qvim ili v\u0259 daha \u00e7ox h\u0259rbi xidm\u0259t etmi\u015f h\u0259rbi qulluq\u00e7ulara 25 il h\u0259rbi xidm\u0259t \u00fc\u00e7\u00fcn m\u00fcvafiq t\u0259minat x\u0259rcliyinin\u201465 faizi, 25 ild\u0259n yuxar\u0131 h\u0259rbi xidm\u0259tin (h\u0259rbi xidm\u0259tin g\u00fcz\u0259\u015ftli say\u0131lan hiss\u0259si n\u0259z\u0259r\u0259 al\u0131nmaqla) h\u0259r ili (il tam olmad\u0131qda is\u0259 natamam ild\u0259ki i\u015f staj\u0131 aylar\u0131n\u0131n say\u0131na m\u00fct\u0259nasib olaraq hesablanmaqla) \u00fc\u00e7\u00fcn m\u00fcvafiq t\u0259minat x\u0259rcliyinin\u20142 faizi (M\u00fcdafi\u0259 Nazirliyi sistemind\u0259 xidm\u0259t ed\u0259n \u015f\u0259xsl\u0259r \u00fczr\u0259 is\u0259 &#8211; 3 faizi) miqdar\u0131nda \u0259lav\u0259 olunmaqla m\u00fc\u0259yy\u0259n edil\u0259c\u0259k.<\/p>\n\n\n\n<p>Layih\u0259y\u0259 \u0259sas\u0259n, h\u0259min \u015f\u0259xsl\u0259rd\u0259n ya\u015f\u0131na v\u0259 ya x\u0259st\u0259liyin\u0259 g\u00f6r\u0259 h\u0259rbi xidm\u0259td\u0259n burax\u0131lanlara is\u0259\u201455 faizi miqdar\u0131nda \u0259lav\u0259 olunmaqla m\u00fc\u0259yy\u0259n edilm\u0259si qaydas\u0131 l\u0259\u011fv edilir.<\/p>\n\n\n\n<p>Layih\u0259y\u0259 \u0259sas\u0259n, yuxar\u0131da qeyd edil\u0259n \u015f\u0259xsl\u0259rin \u0259m\u0259k pensiyas\u0131na \u0259lav\u0259l\u0259r pensiya t\u0259yinat\u0131 tarixin\u0259d\u0259k t\u0259minat x\u0259rcliyind\u0259ki sonrak\u0131 art\u0131mlar n\u0259z\u0259r\u0259 al\u0131nmaqla h\u0259rbi xidm\u0259td\u0259n ya\u015fa g\u00f6r\u0259 burax\u0131lm\u0131\u015f, 30 t\u0259qvim ili v\u0259 daha \u00e7ox \u00fcmumi i\u015f staj\u0131 olan, bu staj\u0131n az\u0131 15 ilini h\u0259rbi xidm\u0259td\u0259 ke\u00e7irmi\u015f \u015f\u0259xsl\u0259r\u0259 m\u00fcvafiq t\u0259minat x\u0259rcliyinin\u201450 faizi v\u0259 30 ild\u0259n yuxar\u0131 \u00fcmumi i\u015f staj\u0131n\u0131n h\u0259r ili (il tam olmad\u0131qda is\u0259 natamam ild\u0259ki i\u015f staj\u0131 aylar\u0131n\u0131n say\u0131na m\u00fct\u0259nasib olaraq hesablanmaqla) \u00fc\u00e7\u00fcn m\u00fcvafiq t\u0259minat x\u0259rcliyinin 1 faizi miqdar\u0131nda \u0259lav\u0259 olunmaqla m\u00fc\u0259yy\u0259n edil\u0259c\u0259k.<\/p>\n\n\n\n<p>Q\u00fcvv\u0259d\u0259 olan qanuna g\u00f6r\u0259, h\u0259rbi xidm\u0259td\u0259n ya\u015fa g\u00f6r\u0259 burax\u0131lm\u0131\u015f, 25 t\u0259qvim ili v\u0259 daha \u00e7ox \u00fcmumi i\u015f staj\u0131 olan, bu staj\u0131n az\u0131 12 il 6 ay\u0131n\u0131 h\u0259rbi xidm\u0259td\u0259 ke\u00e7irmi\u015f \u015f\u0259xsl\u0259r\u0259 m\u00fcvafiq t\u0259minat x\u0259rcliyinin\u201450 faizi v\u0259 25 ild\u0259n yuxar\u0131 h\u0259rbi xidm\u0259tin (h\u0259rbi xidm\u0259tin g\u00fcz\u0259\u015ftli say\u0131lan hiss\u0259si n\u0259z\u0259r\u0259 al\u0131nmaqla) h\u0259r ili (il tam olmad\u0131qda is\u0259 natamam ild\u0259ki i\u015f staj\u0131 aylar\u0131n\u0131n say\u0131na m\u00fct\u0259nasib olaraq hesablanmaqla) \u00fc\u00e7\u00fcn m\u00fcvafiq t\u0259minat x\u0259rcliyinin 1 faizi miqdar\u0131nda \u0259lav\u0259 olunmaqla m\u00fc\u0259yy\u0259n edilir.<\/p>\n\n\n\n<p>Layih\u0259 s\u0259sverm\u0259y\u0259 \u00e7\u0131xar\u0131laraq birinci oxunu\u015fda q\u0259bul edilib.<\/p>\n","protected":false},"excerpt":{"rendered":"<p>Layih\u0259 Milli M\u0259clisin I oxunu\u015fundan ke\u00e7ib Milli M\u0259clisin dekabr\u0131n 5-d\u0259 &#8230; <\/p>\n<p class=\"read-more-container\"><a title=\"Az\u0259rbaycanda h\u0259rbi xidm\u0259t \u00fczr\u0259 son ya\u015f h\u0259ddi d\u0259yi\u015f\u0259 bil\u0259r\" class=\"read-more button\" href=\"https:\/\/www.meydan.tv\/az\/article\/azerbaycanda-herbi-xidmet-uzre-son-yas-heddi-deyise-biler\/#more-292148\" aria-label=\"Read more about Az\u0259rbaycanda h\u0259rbi xidm\u0259t \u00fczr\u0259 son ya\u015f h\u0259ddi d\u0259yi\u015f\u0259 bil\u0259r\">Davam\u0131<\/a><\/p>\n","protected":false},"author":8,"featured_media":233243,"comment_status":"closed","ping_status":"closed","sticky":false,"template":"","format":"standard","meta":{"_acf_changed":false,"_sitemap_exclude":false,"_sitemap_priority":"","_sitemap_frequency":"","footnotes":""},"categories":[62,56],"tags":[],"class_list":["post-292148","post","type-post","status-publish","format-standard","has-post-thumbnail","hentry","category-sosial","category-xeberler","infinite-scroll-item","generate-columns","tablet-grid-50","mobile-grid-100","grid-parent","grid-33","no-featured-image-padding"],"acf":[],"yoast_head":"<!-- This site is optimized with the Yoast SEO plugin v27.5 - https:\/\/yoast.com\/product\/yoast-seo-wordpress\/ -->\n<title>Az\u0259rbaycanda h\u0259rbi xidm\u0259t \u00fczr\u0259 son ya\u015f h\u0259ddi d\u0259yi\u015f\u0259 bil\u0259r - MEYDAN.TV<\/title>\n<meta name=\"robots\" content=\"index, follow, max-snippet:-1, max-image-preview:large, max-video-preview:-1\" \/>\n<link rel=\"canonical\" href=\"https:\/\/www.meydan.tv\/az\/article\/azerbaycanda-herbi-xidmet-uzre-son-yas-heddi-deyise-biler\/\" \/>\n<meta property=\"og:locale\" content=\"az_AZ\" \/>\n<meta property=\"og:type\" content=\"article\" \/>\n<meta property=\"og:title\" content=\"Az\u0259rbaycanda h\u0259rbi xidm\u0259t \u00fczr\u0259 son ya\u015f h\u0259ddi d\u0259yi\u015f\u0259 bil\u0259r - MEYDAN.TV\" \/>\n<meta property=\"og:description\" content=\"Layih\u0259 Milli M\u0259clisin I oxunu\u015fundan ke\u00e7ib Milli M\u0259clisin dekabr\u0131n 5-d\u0259 ... Davam\u0131\" \/>\n<meta property=\"og:url\" content=\"https:\/\/www.meydan.tv\/az\/article\/azerbaycanda-herbi-xidmet-uzre-son-yas-heddi-deyise-biler\/\" \/>\n<meta property=\"og:site_name\" content=\"MEYDAN.TV\" \/>\n<meta property=\"article:published_time\" content=\"2023-12-05T13:37:12+00:00\" \/>\n<meta property=\"article:modified_time\" content=\"2023-12-05T13:37:16+00:00\" \/>\n<meta property=\"og:image\" content=\"https:\/\/www.meydan.tv\/wp-content\/uploads\/shutterstock_1171074700-e1643615515828.jpg\" \/>\n\t<meta property=\"og:image:width\" content=\"1200\" \/>\n\t<meta property=\"og:image:height\" content=\"681\" \/>\n\t<meta property=\"og:image:type\" content=\"image\/jpeg\" \/>\n<meta name=\"author\" content=\"elli\" \/>\n<meta name=\"twitter:card\" content=\"summary_large_image\" \/>\n<meta name=\"twitter:creator\" content=\"@elli\" \/>\n<script type=\"application\/ld+json\" class=\"yoast-schema-graph\">{\"@context\":\"https:\\\/\\\/schema.org\",\"@graph\":[{\"@type\":\"Article\",\"@id\":\"https:\\\/\\\/www.meydan.tv\\\/az\\\/article\\\/azerbaycanda-herbi-xidmet-uzre-son-yas-heddi-deyise-biler\\\/#article\",\"isPartOf\":{\"@id\":\"https:\\\/\\\/www.meydan.tv\\\/az\\\/article\\\/azerbaycanda-herbi-xidmet-uzre-son-yas-heddi-deyise-biler\\\/\"},\"author\":{\"name\":\"elli\",\"@id\":\"https:\\\/\\\/www.meydan.tv\\\/az\\\/#\\\/schema\\\/person\\\/9cdbecf90d17180ce1dfbd95b08dcf47\"},\"headline\":\"Az\u0259rbaycanda h\u0259rbi xidm\u0259t \u00fczr\u0259 son ya\u015f h\u0259ddi d\u0259yi\u015f\u0259 bil\u0259r\",\"datePublished\":\"2023-12-05T13:37:12+00:00\",\"dateModified\":\"2023-12-05T13:37:16+00:00\",\"mainEntityOfPage\":{\"@id\":\"https:\\\/\\\/www.meydan.tv\\\/az\\\/article\\\/azerbaycanda-herbi-xidmet-uzre-son-yas-heddi-deyise-biler\\\/\"},\"wordCount\":1259,\"publisher\":{\"@id\":\"https:\\\/\\\/www.meydan.tv\\\/az\\\/#organization\"},\"image\":{\"@id\":\"https:\\\/\\\/www.meydan.tv\\\/az\\\/article\\\/azerbaycanda-herbi-xidmet-uzre-son-yas-heddi-deyise-biler\\\/#primaryimage\"},\"thumbnailUrl\":\"https:\\\/\\\/www.meydan.tv\\\/wp-content\\\/uploads\\\/shutterstock_1171074700-e1643615515828.jpg\",\"articleSection\":[\"Sosial\",\"X\u0259b\u0259rl\u0259r\"],\"inLanguage\":\"az\"},{\"@type\":\"WebPage\",\"@id\":\"https:\\\/\\\/www.meydan.tv\\\/az\\\/article\\\/azerbaycanda-herbi-xidmet-uzre-son-yas-heddi-deyise-biler\\\/\",\"url\":\"https:\\\/\\\/www.meydan.tv\\\/az\\\/article\\\/azerbaycanda-herbi-xidmet-uzre-son-yas-heddi-deyise-biler\\\/\",\"name\":\"Az\u0259rbaycanda h\u0259rbi xidm\u0259t \u00fczr\u0259 son ya\u015f h\u0259ddi d\u0259yi\u015f\u0259 bil\u0259r - MEYDAN.TV\",\"isPartOf\":{\"@id\":\"https:\\\/\\\/www.meydan.tv\\\/az\\\/#website\"},\"primaryImageOfPage\":{\"@id\":\"https:\\\/\\\/www.meydan.tv\\\/az\\\/article\\\/azerbaycanda-herbi-xidmet-uzre-son-yas-heddi-deyise-biler\\\/#primaryimage\"},\"image\":{\"@id\":\"https:\\\/\\\/www.meydan.tv\\\/az\\\/article\\\/azerbaycanda-herbi-xidmet-uzre-son-yas-heddi-deyise-biler\\\/#primaryimage\"},\"thumbnailUrl\":\"https:\\\/\\\/www.meydan.tv\\\/wp-content\\\/uploads\\\/shutterstock_1171074700-e1643615515828.jpg\",\"datePublished\":\"2023-12-05T13:37:12+00:00\",\"dateModified\":\"2023-12-05T13:37:16+00:00\",\"breadcrumb\":{\"@id\":\"https:\\\/\\\/www.meydan.tv\\\/az\\\/article\\\/azerbaycanda-herbi-xidmet-uzre-son-yas-heddi-deyise-biler\\\/#breadcrumb\"},\"inLanguage\":\"az\",\"potentialAction\":[{\"@type\":\"ReadAction\",\"target\":[\"https:\\\/\\\/www.meydan.tv\\\/az\\\/article\\\/azerbaycanda-herbi-xidmet-uzre-son-yas-heddi-deyise-biler\\\/\"]}]},{\"@type\":\"ImageObject\",\"inLanguage\":\"az\",\"@id\":\"https:\\\/\\\/www.meydan.tv\\\/az\\\/article\\\/azerbaycanda-herbi-xidmet-uzre-son-yas-heddi-deyise-biler\\\/#primaryimage\",\"url\":\"https:\\\/\\\/www.meydan.tv\\\/wp-content\\\/uploads\\\/shutterstock_1171074700-e1643615515828.jpg\",\"contentUrl\":\"https:\\\/\\\/www.meydan.tv\\\/wp-content\\\/uploads\\\/shutterstock_1171074700-e1643615515828.jpg\",\"width\":1200,\"height\":681,\"caption\":\"Az\u0259rbaycan ordusu, Foto: Bumble Dee\\\/shutterstock\"},{\"@type\":\"BreadcrumbList\",\"@id\":\"https:\\\/\\\/www.meydan.tv\\\/az\\\/article\\\/azerbaycanda-herbi-xidmet-uzre-son-yas-heddi-deyise-biler\\\/#breadcrumb\",\"itemListElement\":[{\"@type\":\"ListItem\",\"position\":1,\"name\":\"Ana s\u0259hif\u0259\",\"item\":\"https:\\\/\\\/www.meydan.tv\\\/az\\\/\"},{\"@type\":\"ListItem\",\"position\":2,\"name\":\"Sosial\",\"item\":\"https:\\\/\\\/www.meydan.tv\\\/az\\\/section\\\/sosial\\\/\"},{\"@type\":\"ListItem\",\"position\":3,\"name\":\"Az\u0259rbaycanda h\u0259rbi xidm\u0259t \u00fczr\u0259 son ya\u015f h\u0259ddi d\u0259yi\u015f\u0259 bil\u0259r\"}]},{\"@type\":\"WebSite\",\"@id\":\"https:\\\/\\\/www.meydan.tv\\\/az\\\/#website\",\"url\":\"https:\\\/\\\/www.meydan.tv\\\/az\\\/\",\"name\":\"MEYDAN.TV\",\"description\":\"Meydan TV Az\u0259rbaycan\u0131n media m\u0259kan\u0131ndak\u0131 alternativ s\u0259sidir\",\"publisher\":{\"@id\":\"https:\\\/\\\/www.meydan.tv\\\/az\\\/#organization\"},\"potentialAction\":[{\"@type\":\"SearchAction\",\"target\":{\"@type\":\"EntryPoint\",\"urlTemplate\":\"https:\\\/\\\/www.meydan.tv\\\/az\\\/?s={search_term_string}\"},\"query-input\":{\"@type\":\"PropertyValueSpecification\",\"valueRequired\":true,\"valueName\":\"search_term_string\"}}],\"inLanguage\":\"az\"},{\"@type\":\"Organization\",\"@id\":\"https:\\\/\\\/www.meydan.tv\\\/az\\\/#organization\",\"name\":\"Meydan TV\",\"url\":\"https:\\\/\\\/www.meydan.tv\\\/az\\\/\",\"logo\":{\"@type\":\"ImageObject\",\"inLanguage\":\"az\",\"@id\":\"https:\\\/\\\/www.meydan.tv\\\/az\\\/#\\\/schema\\\/logo\\\/image\\\/\",\"url\":\"https:\\\/\\\/www.meydan.tv\\\/wp-content\\\/uploads\\\/2021\\\/07\\\/meydan-logo.svg\",\"contentUrl\":\"https:\\\/\\\/www.meydan.tv\\\/wp-content\\\/uploads\\\/2021\\\/07\\\/meydan-logo.svg\",\"width\":195,\"height\":46,\"caption\":\"Meydan TV\"},\"image\":{\"@id\":\"https:\\\/\\\/www.meydan.tv\\\/az\\\/#\\\/schema\\\/logo\\\/image\\\/\"}},{\"@type\":\"Person\",\"@id\":\"https:\\\/\\\/www.meydan.tv\\\/az\\\/#\\\/schema\\\/person\\\/9cdbecf90d17180ce1dfbd95b08dcf47\",\"name\":\"elli\",\"sameAs\":[\"https:\\\/\\\/x.com\\\/elli\"]}]}<\/script>\n<!-- \/ Yoast SEO plugin. -->","yoast_head_json":{"title":"Az\u0259rbaycanda h\u0259rbi xidm\u0259t \u00fczr\u0259 son ya\u015f h\u0259ddi d\u0259yi\u015f\u0259 bil\u0259r - MEYDAN.TV","robots":{"index":"index","follow":"follow","max-snippet":"max-snippet:-1","max-image-preview":"max-image-preview:large","max-video-preview":"max-video-preview:-1"},"canonical":"https:\/\/www.meydan.tv\/az\/article\/azerbaycanda-herbi-xidmet-uzre-son-yas-heddi-deyise-biler\/","og_locale":"az_AZ","og_type":"article","og_title":"Az\u0259rbaycanda h\u0259rbi xidm\u0259t \u00fczr\u0259 son ya\u015f h\u0259ddi d\u0259yi\u015f\u0259 bil\u0259r - MEYDAN.TV","og_description":"Layih\u0259 Milli M\u0259clisin I oxunu\u015fundan ke\u00e7ib Milli M\u0259clisin dekabr\u0131n 5-d\u0259 ... Davam\u0131","og_url":"https:\/\/www.meydan.tv\/az\/article\/azerbaycanda-herbi-xidmet-uzre-son-yas-heddi-deyise-biler\/","og_site_name":"MEYDAN.TV","article_published_time":"2023-12-05T13:37:12+00:00","article_modified_time":"2023-12-05T13:37:16+00:00","og_image":[{"width":1200,"height":681,"url":"https:\/\/www.meydan.tv\/wp-content\/uploads\/shutterstock_1171074700-e1643615515828.jpg","type":"image\/jpeg"}],"author":"elli","twitter_card":"summary_large_image","twitter_creator":"@elli","schema":{"@context":"https:\/\/schema.org","@graph":[{"@type":"Article","@id":"https:\/\/www.meydan.tv\/az\/article\/azerbaycanda-herbi-xidmet-uzre-son-yas-heddi-deyise-biler\/#article","isPartOf":{"@id":"https:\/\/www.meydan.tv\/az\/article\/azerbaycanda-herbi-xidmet-uzre-son-yas-heddi-deyise-biler\/"},"author":{"name":"elli","@id":"https:\/\/www.meydan.tv\/az\/#\/schema\/person\/9cdbecf90d17180ce1dfbd95b08dcf47"},"headline":"Az\u0259rbaycanda h\u0259rbi xidm\u0259t \u00fczr\u0259 son ya\u015f h\u0259ddi d\u0259yi\u015f\u0259 bil\u0259r","datePublished":"2023-12-05T13:37:12+00:00","dateModified":"2023-12-05T13:37:16+00:00","mainEntityOfPage":{"@id":"https:\/\/www.meydan.tv\/az\/article\/azerbaycanda-herbi-xidmet-uzre-son-yas-heddi-deyise-biler\/"},"wordCount":1259,"publisher":{"@id":"https:\/\/www.meydan.tv\/az\/#organization"},"image":{"@id":"https:\/\/www.meydan.tv\/az\/article\/azerbaycanda-herbi-xidmet-uzre-son-yas-heddi-deyise-biler\/#primaryimage"},"thumbnailUrl":"https:\/\/www.meydan.tv\/wp-content\/uploads\/shutterstock_1171074700-e1643615515828.jpg","articleSection":["Sosial","X\u0259b\u0259rl\u0259r"],"inLanguage":"az"},{"@type":"WebPage","@id":"https:\/\/www.meydan.tv\/az\/article\/azerbaycanda-herbi-xidmet-uzre-son-yas-heddi-deyise-biler\/","url":"https:\/\/www.meydan.tv\/az\/article\/azerbaycanda-herbi-xidmet-uzre-son-yas-heddi-deyise-biler\/","name":"Az\u0259rbaycanda h\u0259rbi xidm\u0259t \u00fczr\u0259 son ya\u015f h\u0259ddi d\u0259yi\u015f\u0259 bil\u0259r - MEYDAN.TV","isPartOf":{"@id":"https:\/\/www.meydan.tv\/az\/#website"},"primaryImageOfPage":{"@id":"https:\/\/www.meydan.tv\/az\/article\/azerbaycanda-herbi-xidmet-uzre-son-yas-heddi-deyise-biler\/#primaryimage"},"image":{"@id":"https:\/\/www.meydan.tv\/az\/article\/azerbaycanda-herbi-xidmet-uzre-son-yas-heddi-deyise-biler\/#primaryimage"},"thumbnailUrl":"https:\/\/www.meydan.tv\/wp-content\/uploads\/shutterstock_1171074700-e1643615515828.jpg","datePublished":"2023-12-05T13:37:12+00:00","dateModified":"2023-12-05T13:37:16+00:00","breadcrumb":{"@id":"https:\/\/www.meydan.tv\/az\/article\/azerbaycanda-herbi-xidmet-uzre-son-yas-heddi-deyise-biler\/#breadcrumb"},"inLanguage":"az","potentialAction":[{"@type":"ReadAction","target":["https:\/\/www.meydan.tv\/az\/article\/azerbaycanda-herbi-xidmet-uzre-son-yas-heddi-deyise-biler\/"]}]},{"@type":"ImageObject","inLanguage":"az","@id":"https:\/\/www.meydan.tv\/az\/article\/azerbaycanda-herbi-xidmet-uzre-son-yas-heddi-deyise-biler\/#primaryimage","url":"https:\/\/www.meydan.tv\/wp-content\/uploads\/shutterstock_1171074700-e1643615515828.jpg","contentUrl":"https:\/\/www.meydan.tv\/wp-content\/uploads\/shutterstock_1171074700-e1643615515828.jpg","width":1200,"height":681,"caption":"Az\u0259rbaycan ordusu, Foto: Bumble Dee\/shutterstock"},{"@type":"BreadcrumbList","@id":"https:\/\/www.meydan.tv\/az\/article\/azerbaycanda-herbi-xidmet-uzre-son-yas-heddi-deyise-biler\/#breadcrumb","itemListElement":[{"@type":"ListItem","position":1,"name":"Ana s\u0259hif\u0259","item":"https:\/\/www.meydan.tv\/az\/"},{"@type":"ListItem","position":2,"name":"Sosial","item":"https:\/\/www.meydan.tv\/az\/section\/sosial\/"},{"@type":"ListItem","position":3,"name":"Az\u0259rbaycanda h\u0259rbi xidm\u0259t \u00fczr\u0259 son ya\u015f h\u0259ddi d\u0259yi\u015f\u0259 bil\u0259r"}]},{"@type":"WebSite","@id":"https:\/\/www.meydan.tv\/az\/#website","url":"https:\/\/www.meydan.tv\/az\/","name":"MEYDAN.TV","description":"Meydan TV Az\u0259rbaycan\u0131n media m\u0259kan\u0131ndak\u0131 alternativ s\u0259sidir","publisher":{"@id":"https:\/\/www.meydan.tv\/az\/#organization"},"potentialAction":[{"@type":"SearchAction","target":{"@type":"EntryPoint","urlTemplate":"https:\/\/www.meydan.tv\/az\/?s={search_term_string}"},"query-input":{"@type":"PropertyValueSpecification","valueRequired":true,"valueName":"search_term_string"}}],"inLanguage":"az"},{"@type":"Organization","@id":"https:\/\/www.meydan.tv\/az\/#organization","name":"Meydan TV","url":"https:\/\/www.meydan.tv\/az\/","logo":{"@type":"ImageObject","inLanguage":"az","@id":"https:\/\/www.meydan.tv\/az\/#\/schema\/logo\/image\/","url":"https:\/\/www.meydan.tv\/wp-content\/uploads\/2021\/07\/meydan-logo.svg","contentUrl":"https:\/\/www.meydan.tv\/wp-content\/uploads\/2021\/07\/meydan-logo.svg","width":195,"height":46,"caption":"Meydan TV"},"image":{"@id":"https:\/\/www.meydan.tv\/az\/#\/schema\/logo\/image\/"}},{"@type":"Person","@id":"https:\/\/www.meydan.tv\/az\/#\/schema\/person\/9cdbecf90d17180ce1dfbd95b08dcf47","name":"elli","sameAs":["https:\/\/x.com\/elli"]}]}},"_links":{"self":[{"href":"https:\/\/www.meydan.tv\/az\/wp-json\/wp\/v2\/posts\/292148","targetHints":{"allow":["GET"]}}],"collection":[{"href":"https:\/\/www.meydan.tv\/az\/wp-json\/wp\/v2\/posts"}],"about":[{"href":"https:\/\/www.meydan.tv\/az\/wp-json\/wp\/v2\/types\/post"}],"author":[{"embeddable":true,"href":"https:\/\/www.meydan.tv\/az\/wp-json\/wp\/v2\/users\/8"}],"replies":[{"embeddable":true,"href":"https:\/\/www.meydan.tv\/az\/wp-json\/wp\/v2\/comments?post=292148"}],"version-history":[{"count":3,"href":"https:\/\/www.meydan.tv\/az\/wp-json\/wp\/v2\/posts\/292148\/revisions"}],"predecessor-version":[{"id":292151,"href":"https:\/\/www.meydan.tv\/az\/wp-json\/wp\/v2\/posts\/292148\/revisions\/292151"}],"wp:featuredmedia":[{"embeddable":true,"href":"https:\/\/www.meydan.tv\/az\/wp-json\/wp\/v2\/media\/233243"}],"wp:attachment":[{"href":"https:\/\/www.meydan.tv\/az\/wp-json\/wp\/v2\/media?parent=292148"}],"wp:term":[{"taxonomy":"category","embeddable":true,"href":"https:\/\/www.meydan.tv\/az\/wp-json\/wp\/v2\/categories?post=292148"},{"taxonomy":"post_tag","embeddable":true,"href":"https:\/\/www.meydan.tv\/az\/wp-json\/wp\/v2\/tags?post=292148"}],"curies":[{"name":"wp","href":"https:\/\/api.w.org\/{rel}","templated":true}]}}