{"id":292100,"date":"2023-12-05T14:28:20","date_gmt":"2023-12-05T10:28:20","guid":{"rendered":"https:\/\/www.meydan.tv\/?p=292100"},"modified":"2023-12-05T14:28:24","modified_gmt":"2023-12-05T10:28:24","slug":"anar-21-menzili-230-nefere-nece-bolmek-olar-ki-hami-razi-qalsin","status":"publish","type":"post","link":"https:\/\/www.meydan.tv\/az\/article\/anar-21-menzili-230-nefere-nece-bolmek-olar-ki-hami-razi-qalsin\/","title":{"rendered":"Anar: &#8220;21 m\u0259nzili 230 n\u0259f\u0259r\u0259 nec\u0259 b\u00f6lm\u0259k olar ki, ham\u0131 raz\u0131 qals\u0131n?&#8221;"},"content":{"rendered":"\n<p><\/p>\n\n\n\n<p><strong><em>AYB s\u0259dri yazarlar\u0131n ev qalmaqal\u0131ndan dan\u0131\u015f\u0131b<\/em><\/strong><\/p>\n\n\n\n<p>Az\u0259rbaycan Yaz\u0131\u00e7\u0131lar Birliyinin (AYB) s\u0259dri Anar Rzayev ev qalmaqal\u0131 il\u0259 \u0259laq\u0259dar yaz\u0131\u00e7\u0131lara cavab verib.<\/p>\n\n\n\n<p>O, m\u00fcsahib\u0259sind\u0259 m\u0259nzill\u0259rin ehtiyac\u0131 olanlara verildiyini <a href=\"https:\/\/manset.az\/news\/91696\/\">deyib.<\/a><\/p>\n\n\n\n<p>\u201c<em>Prezident\u0259 m\u00fcraci\u0259t etdim, onun tap\u015f\u0131r\u0131\u011f\u0131 il\u0259 Bak\u0131n\u0131n icra ba\u015f\u00e7\u0131s\u0131 Eldar \u018fzizov biz\u0259 torpaq sah\u0259si ay\u0131rd\u0131. \u0130cra Hakimiyy\u0259tinin t\u0259klifi il\u0259 bir firmaya verdil\u0259r ki, bunlar tiksinl\u0259r. Bu evi tikdil\u0259r v\u0259 h\u0259min evd\u0259n m\u00fcqavil\u0259y\u0259 \u0259sas\u0259n, m\u00fc\u0259yy\u0259n faiz, y\u0259ni biz\u0259 21 m\u0259nzil verdil\u0259r &#8211; 6 birotaql\u0131 v\u0259 15 ikiotaql\u0131. Ev\u0259 g\u00f6r\u0259 is\u0259 Yaz\u0131\u00e7\u0131lar Birliyind\u0259 230 \u0259riz\u0259 var. \u0130ndi bu d\u00f6\u015f\u00fcn\u0259 d\u00f6y\u0259nl\u0259r desin, 230 \u0259riz\u0259ni 21 yer\u0259 nec\u0259 b\u00f6lm\u0259k olar ki, ham\u0131 raz\u0131 qals\u0131n?\u201d.<\/em><\/p>\n\n\n\n<p><em>\u201cB\u0259zil\u0259ri vay-\u015f\u00fcv\u0259n qald\u0131r\u0131r ki, niy\u0259 m\u0259n almad\u0131m, o ald\u0131? \u018fn \u00e7irkin \u00fcsullara \u0259l at\u0131rlar ki, guya burda alver olub. Katibl\u0259rl\u0259 m\u0259sl\u0259h\u0259tl\u0259\u015firdim, deyirdim ki, t\u0259klifl\u0259rinizi verin. Amma son q\u0259rar\u0131 m\u0259n t\u0259kba\u015f\u0131na q\u0259bul el\u0259dim v\u0259 bunun m\u0259suliyy\u0259tini d\u0259 da\u015f\u0131y\u0131ram. He\u00e7 kimd\u0259n d\u0259 qorxmuram, \u00e7\u0259kinmir\u0259m v\u0259 bunu izah ed\u0259 bil\u0259r\u0259m ki, n\u0259 c\u00fcr verilib v\u0259 kim\u0259 verilib\u201d, &#8211;<\/em> dey\u0259 AYB s\u0259dri bildirib.<\/p>\n\n\n\n<p>&nbsp;S\u0259dr deyib ki, n\u00f6vb\u0259ti m\u0259nzill\u0259rin in\u015fas\u0131 \u00fc\u00e7\u00fcn \u0259razi ayr\u0131l\u0131b:<\/p>\n\n\n\n<p>\u201c<em>Sonra da d\u00fc\u015f\u00fcn\u00fcr\u0259m, Yaz\u0131\u00e7\u0131lar Birliyin\u0259, h\u0259m\u00e7inin birliyin \u00f6z i\u00e7ind\u0259n olan adamlar, i\u015fin i\u00e7ind\u0259 olanlar, h\u0259tta ev alan adamlar t\u0259r\u0259find\u0259n \u00fcst\u00fcm\u0259 bu q\u0259d\u0259r \u00e7irkab at\u0131lacaqsa, buna d\u0259y\u0259rmi? Bunu alver kimi q\u0259l\u0259m\u0259 verirs\u0259, bel\u0259 adamlar \u00fc\u00e7\u00fcn t\u0259z\u0259d\u0259n \u00e7al\u0131\u015fma\u011fa, vuru\u015fma\u011fa, \u0259ll\u0259\u015fm\u0259y\u0259, bu q\u0259d\u0259r \u00e7\u0259tinliy\u0259 d\u00f6zm\u0259y\u0259 d\u0259y\u0259rmi?\u201d.<\/em><\/p>\n\n\n\n<p>Anar deyir ki, ev Yaz\u0131\u00e7\u0131lar Birliyin\u0259 verilib, b\u00fct\u00fcn yaz\u0131\u00e7\u0131lara yox:<\/p>\n\n\n\n<p><em>\u201cYaz\u0131\u00e7\u0131lar Birliyi, t\u0259bii ki, bizd\u0259n k\u0259narda olan adamlara da ev verib, adbaad dey\u0259 bil\u0259r\u0259m siz\u0259. G\u00f6rk\u0259mli yaz\u0131\u00e7\u0131lard\u0131, dramaturqdu, \u015fairdi, t\u0259nqid\u00e7idi. Eyni zamanda aparatda i\u015fl\u0259y\u0259n adamlara da ev verilib. Aparatda i\u015fl\u0259y\u0259n adam ayr\u0131 hardan ev ala bil\u0259r? Bu da v\u0259t\u0259nda\u015fd\u0131 da. S\u00fcr\u00fcc\u00fc olsun, kadr \u015f\u00f6b\u0259si olsun, ya m\u00fc\u015favir olsun. S\u00fcr\u00fcc\u00fcm 16 ildir burada i\u015fl\u0259yir. Burdan ev almay\u0131b, hardan ala bil\u0259r? O da bir v\u0259t\u0259nda\u015fd\u0131r. M\u0259n bayaq dedim, yen\u0259 t\u0259krar edir\u0259m: bu &#8211; b\u00fct\u00fcn yaz\u0131\u00e7\u0131lara veril\u0259n ev deyil. Bu, Yaz\u0131\u00e7\u0131lar Birliyin\u0259 verilib ki, biz b\u00f6l\u0259k\u201d.<\/em><\/p>\n\n\n\n<p>\u201c<em>36 ild\u0259 100 m\u0259nzil vermi\u015f\u0259ms\u0259, bir m\u0259nzil m\u0259nim \u00f6z\u00fcm\u0259 d\u00fc\u015f\u00fcr ya d\u00fc\u015fm\u00fcr? \u018fg\u0259r d\u00fc\u015f\u00fcrs\u0259, m\u0259n o m\u0259nzili s\u00fcr\u00fcc\u00fcm\u0259 vermi\u015f\u0259m\u201d, <\/em>&#8211; dey\u0259 o qeyd edib.<\/p>\n\n\n\n<p>AYB s\u0259dri iki d\u0259f\u0259 ev alanlarla ba\u011fl\u0131 m\u0259s\u0259l\u0259y\u0259 d\u0259 ayd\u0131nl\u0131q g\u0259tirib:<\/p>\n\n\n\n<p>\u201c<em>Kimins\u0259 20 il \u0259rzind\u0259 ikinci d\u0259f\u0259 ev alma\u011fa ixtiyar\u0131 yoxdur? \u018fg\u0259r bunun ail\u0259si b\u00f6y\u00fcy\u00fcbs\u0259, \u00f6vladlar\u0131 ail\u0259 qurubsa, q\u0131z\u0131 \u0259r\u0259 gedibs\u0259, n\u0259v\u0259l\u0259ri olubsa, ev almamal\u0131d\u0131r? Bir ne\u00e7\u0259 il \u0259vv\u0259l ev al\u0131b, evi al\u0131b da, ya\u015fay\u0131r da. \u0130ndi ba\u015fqalar\u0131 ev alanda g\u0259lib vay-\u015f\u00fcv\u0259n qald\u0131r\u0131r ki, b\u0259s m\u0259n evimi t\u0259mir ed\u0259 bilmir\u0259m. B\u0259s b\u00fct\u00fcn bu ill\u0259r nec\u0259 ya\u015fam\u0131san? \u018fg\u0259r t\u0259mir ed\u0259 bilm\u0259mis\u0259ns\u0259, dem\u0259li, ancaq ba\u015fqas\u0131 alanda yad\u0131na d\u00fc\u015f\u00fcr? Ancaq hikk\u0259dir ki, niy\u0259 ba\u015fqas\u0131 ald\u0131, m\u0259n yenid\u0259n almad\u0131m\u201d.<\/em><\/p>\n\n\n\n<p>Bu g\u00fcnl\u0259rd\u0259 sosial \u015f\u0259b\u0259k\u0259l\u0259rd\u0259 AYB-nin \u00fczvl\u0259rin\u0259 m\u0259nzil verm\u0259si il\u0259 ba\u011fl\u0131 m\u0259lumatlar <a href=\"https:\/\/storage.googleapis.com\/qurium\/www.meydan.tv\/az-article-ayb-de-menzil-qalmaqali-sair-ve-yazicilar-etiraz-edirler.html\">yay\u0131l\u0131b.<\/a><\/p>\n\n\n\n<p>Bildirilib ki, birliyin s\u0259dri m\u0259nzill\u0259rin b\u00f6l\u00fc\u015fd\u00fcr\u00fclm\u0259sind\u0259 qeyri-\u015f\u0259ffafl\u0131\u011fa yol verib.<\/p>\n\n\n\n<p>Qeyd edilib ki, s\u0259dr \u00f6z s\u00fcr\u00fcc\u00fcs\u00fcn\u0259, AYB-nin katibi \u0130lqar F\u0259hminin katib\u0259sin\u0259, h\u0259m\u00e7inin daha \u00f6nc\u0259 m\u0259nzil alan b\u0259zi yaz\u0131\u00e7\u0131lara da ikinci d\u0259f\u0259 ev verib.<\/p>\n\n\n\n<p>Daha sonra AYB-d\u0259n m\u0259nzil alanlar Seyran S\u0259xav\u0259t, N\u0259riman Qas\u0131mzad\u0259, Vaqif \u018flixanov, Firuz Mustafa, D\u0259yan\u0259t Osmanl\u0131, Xan\u0259mir Telmano\u011flu, Elxan Zal, Elmar \u015eeyxzad\u0259, G\u00fclxani P\u0259nah, Arif\u0259 \u018fliyeva, S\u00fcdab\u0259 A\u011fabalayeva, M\u0259lah\u0259t Q\u0259nb\u0259rova, Nar\u0131ng\u00fcl Babayeva, \u015e\u0259f\u0259q Sahibli, X\u0259yal Rza, \u018flibala \u018fliyev, \u015e\u0259msiy\u0259 Camalova, \u00dclviyy\u0259 Heyd\u0259rova, Ulucay Akif, Rauf Aslanov, Seyran M\u0259likov birg\u0259 b\u0259yanat yayaraq, hadis\u0259nin onlar \u00fc\u00e7\u00fcn d\u0259 g\u00f6zl\u0259nilm\u0259z s\u00fcrpriz oldu\u011funu <a href=\"https:\/\/storage.googleapis.com\/qurium\/www.meydan.tv\/az-article-ayb-den-ev-alanlar-onlari-qinayanlarla-bagli-beyanat-yaydilar.html\">deyibl\u0259r.<\/a><br><\/p>\n","protected":false},"excerpt":{"rendered":"<p>AYB s\u0259dri yazarlar\u0131n ev qalmaqal\u0131ndan dan\u0131\u015f\u0131b Az\u0259rbaycan Yaz\u0131\u00e7\u0131lar Birliyinin (AYB) &#8230; <\/p>\n<p class=\"read-more-container\"><a title=\"Anar: &#8220;21 m\u0259nzili 230 n\u0259f\u0259r\u0259 nec\u0259 b\u00f6lm\u0259k olar ki, ham\u0131 raz\u0131 qals\u0131n?&#8221;\" class=\"read-more button\" href=\"https:\/\/www.meydan.tv\/az\/article\/anar-21-menzili-230-nefere-nece-bolmek-olar-ki-hami-razi-qalsin\/#more-292100\" aria-label=\"Read more about Anar: &#8220;21 m\u0259nzili 230 n\u0259f\u0259r\u0259 nec\u0259 b\u00f6lm\u0259k olar ki, ham\u0131 raz\u0131 qals\u0131n?&#8221;\">Davam\u0131<\/a><\/p>\n","protected":false},"author":8,"featured_media":292101,"comment_status":"closed","ping_status":"closed","sticky":false,"template":"","format":"standard","meta":{"_acf_changed":false,"_sitemap_exclude":false,"_sitemap_priority":"","_sitemap_frequency":"","footnotes":""},"categories":[52,56],"tags":[],"class_list":["post-292100","post","type-post","status-publish","format-standard","has-post-thumbnail","hentry","category-medeniyyet","category-xeberler","infinite-scroll-item","generate-columns","tablet-grid-50","mobile-grid-100","grid-parent","grid-33","no-featured-image-padding"],"acf":[],"yoast_head":"<!-- This site is optimized with the Yoast SEO plugin v27.4 - https:\/\/yoast.com\/product\/yoast-seo-wordpress\/ -->\n<title>Anar: &quot;21 m\u0259nzili 230 n\u0259f\u0259r\u0259 nec\u0259 b\u00f6lm\u0259k olar ki, ham\u0131 raz\u0131 qals\u0131n?&quot; - MEYDAN.TV<\/title>\n<meta name=\"robots\" content=\"index, follow, max-snippet:-1, max-image-preview:large, max-video-preview:-1\" \/>\n<link rel=\"canonical\" href=\"https:\/\/www.meydan.tv\/az\/article\/anar-21-menzili-230-nefere-nece-bolmek-olar-ki-hami-razi-qalsin\/\" \/>\n<meta property=\"og:locale\" content=\"az_AZ\" \/>\n<meta property=\"og:type\" content=\"article\" \/>\n<meta property=\"og:title\" content=\"Anar: &quot;21 m\u0259nzili 230 n\u0259f\u0259r\u0259 nec\u0259 b\u00f6lm\u0259k olar ki, ham\u0131 raz\u0131 qals\u0131n?&quot; - MEYDAN.TV\" \/>\n<meta property=\"og:description\" content=\"AYB s\u0259dri yazarlar\u0131n ev qalmaqal\u0131ndan dan\u0131\u015f\u0131b Az\u0259rbaycan Yaz\u0131\u00e7\u0131lar Birliyinin (AYB) ... Davam\u0131\" \/>\n<meta property=\"og:url\" content=\"https:\/\/www.meydan.tv\/az\/article\/anar-21-menzili-230-nefere-nece-bolmek-olar-ki-hami-razi-qalsin\/\" \/>\n<meta property=\"og:site_name\" content=\"MEYDAN.TV\" \/>\n<meta property=\"article:published_time\" content=\"2023-12-05T10:28:20+00:00\" \/>\n<meta property=\"article:modified_time\" content=\"2023-12-05T10:28:24+00:00\" \/>\n<meta property=\"og:image\" content=\"https:\/\/www.meydan.tv\/wp-content\/uploads\/anaryazici-e1701771656577.jpg\" \/>\n\t<meta property=\"og:image:width\" content=\"1500\" \/>\n\t<meta property=\"og:image:height\" content=\"682\" \/>\n\t<meta property=\"og:image:type\" content=\"image\/jpeg\" \/>\n<meta name=\"author\" content=\"elli\" \/>\n<meta name=\"twitter:card\" content=\"summary_large_image\" \/>\n<meta name=\"twitter:creator\" content=\"@elli\" \/>\n<script type=\"application\/ld+json\" class=\"yoast-schema-graph\">{\"@context\":\"https:\\\/\\\/schema.org\",\"@graph\":[{\"@type\":\"Article\",\"@id\":\"https:\\\/\\\/www.meydan.tv\\\/az\\\/article\\\/anar-21-menzili-230-nefere-nece-bolmek-olar-ki-hami-razi-qalsin\\\/#article\",\"isPartOf\":{\"@id\":\"https:\\\/\\\/www.meydan.tv\\\/az\\\/article\\\/anar-21-menzili-230-nefere-nece-bolmek-olar-ki-hami-razi-qalsin\\\/\"},\"author\":{\"name\":\"elli\",\"@id\":\"https:\\\/\\\/www.meydan.tv\\\/az\\\/#\\\/schema\\\/person\\\/9cdbecf90d17180ce1dfbd95b08dcf47\"},\"headline\":\"Anar: &#8220;21 m\u0259nzili 230 n\u0259f\u0259r\u0259 nec\u0259 b\u00f6lm\u0259k olar ki, ham\u0131 raz\u0131 qals\u0131n?&#8221;\",\"datePublished\":\"2023-12-05T10:28:20+00:00\",\"dateModified\":\"2023-12-05T10:28:24+00:00\",\"mainEntityOfPage\":{\"@id\":\"https:\\\/\\\/www.meydan.tv\\\/az\\\/article\\\/anar-21-menzili-230-nefere-nece-bolmek-olar-ki-hami-razi-qalsin\\\/\"},\"wordCount\":831,\"publisher\":{\"@id\":\"https:\\\/\\\/www.meydan.tv\\\/az\\\/#organization\"},\"image\":{\"@id\":\"https:\\\/\\\/www.meydan.tv\\\/az\\\/article\\\/anar-21-menzili-230-nefere-nece-bolmek-olar-ki-hami-razi-qalsin\\\/#primaryimage\"},\"thumbnailUrl\":\"https:\\\/\\\/www.meydan.tv\\\/wp-content\\\/uploads\\\/anaryazici-e1701771656577.jpg\",\"articleSection\":[\"M\u0259d\u0259niyy\u0259t\",\"X\u0259b\u0259rl\u0259r\"],\"inLanguage\":\"az\"},{\"@type\":\"WebPage\",\"@id\":\"https:\\\/\\\/www.meydan.tv\\\/az\\\/article\\\/anar-21-menzili-230-nefere-nece-bolmek-olar-ki-hami-razi-qalsin\\\/\",\"url\":\"https:\\\/\\\/www.meydan.tv\\\/az\\\/article\\\/anar-21-menzili-230-nefere-nece-bolmek-olar-ki-hami-razi-qalsin\\\/\",\"name\":\"Anar: \\\"21 m\u0259nzili 230 n\u0259f\u0259r\u0259 nec\u0259 b\u00f6lm\u0259k olar ki, ham\u0131 raz\u0131 qals\u0131n?\\\" - MEYDAN.TV\",\"isPartOf\":{\"@id\":\"https:\\\/\\\/www.meydan.tv\\\/az\\\/#website\"},\"primaryImageOfPage\":{\"@id\":\"https:\\\/\\\/www.meydan.tv\\\/az\\\/article\\\/anar-21-menzili-230-nefere-nece-bolmek-olar-ki-hami-razi-qalsin\\\/#primaryimage\"},\"image\":{\"@id\":\"https:\\\/\\\/www.meydan.tv\\\/az\\\/article\\\/anar-21-menzili-230-nefere-nece-bolmek-olar-ki-hami-razi-qalsin\\\/#primaryimage\"},\"thumbnailUrl\":\"https:\\\/\\\/www.meydan.tv\\\/wp-content\\\/uploads\\\/anaryazici-e1701771656577.jpg\",\"datePublished\":\"2023-12-05T10:28:20+00:00\",\"dateModified\":\"2023-12-05T10:28:24+00:00\",\"breadcrumb\":{\"@id\":\"https:\\\/\\\/www.meydan.tv\\\/az\\\/article\\\/anar-21-menzili-230-nefere-nece-bolmek-olar-ki-hami-razi-qalsin\\\/#breadcrumb\"},\"inLanguage\":\"az\",\"potentialAction\":[{\"@type\":\"ReadAction\",\"target\":[\"https:\\\/\\\/www.meydan.tv\\\/az\\\/article\\\/anar-21-menzili-230-nefere-nece-bolmek-olar-ki-hami-razi-qalsin\\\/\"]}]},{\"@type\":\"ImageObject\",\"inLanguage\":\"az\",\"@id\":\"https:\\\/\\\/www.meydan.tv\\\/az\\\/article\\\/anar-21-menzili-230-nefere-nece-bolmek-olar-ki-hami-razi-qalsin\\\/#primaryimage\",\"url\":\"https:\\\/\\\/www.meydan.tv\\\/wp-content\\\/uploads\\\/anaryazici-e1701771656577.jpg\",\"contentUrl\":\"https:\\\/\\\/www.meydan.tv\\\/wp-content\\\/uploads\\\/anaryazici-e1701771656577.jpg\",\"width\":1500,\"height\":682,\"caption\":\"Anar Rzayev. Foto: screenshot\"},{\"@type\":\"BreadcrumbList\",\"@id\":\"https:\\\/\\\/www.meydan.tv\\\/az\\\/article\\\/anar-21-menzili-230-nefere-nece-bolmek-olar-ki-hami-razi-qalsin\\\/#breadcrumb\",\"itemListElement\":[{\"@type\":\"ListItem\",\"position\":1,\"name\":\"Ana s\u0259hif\u0259\",\"item\":\"https:\\\/\\\/www.meydan.tv\\\/az\\\/\"},{\"@type\":\"ListItem\",\"position\":2,\"name\":\"M\u0259d\u0259niyy\u0259t\",\"item\":\"https:\\\/\\\/www.meydan.tv\\\/az\\\/section\\\/medeniyyet\\\/\"},{\"@type\":\"ListItem\",\"position\":3,\"name\":\"Anar: &#8220;21 m\u0259nzili 230 n\u0259f\u0259r\u0259 nec\u0259 b\u00f6lm\u0259k olar ki, ham\u0131 raz\u0131 qals\u0131n?&#8221;\"}]},{\"@type\":\"WebSite\",\"@id\":\"https:\\\/\\\/www.meydan.tv\\\/az\\\/#website\",\"url\":\"https:\\\/\\\/www.meydan.tv\\\/az\\\/\",\"name\":\"MEYDAN.TV\",\"description\":\"Meydan TV Az\u0259rbaycan\u0131n media m\u0259kan\u0131ndak\u0131 alternativ s\u0259sidir\",\"publisher\":{\"@id\":\"https:\\\/\\\/www.meydan.tv\\\/az\\\/#organization\"},\"potentialAction\":[{\"@type\":\"SearchAction\",\"target\":{\"@type\":\"EntryPoint\",\"urlTemplate\":\"https:\\\/\\\/www.meydan.tv\\\/az\\\/?s={search_term_string}\"},\"query-input\":{\"@type\":\"PropertyValueSpecification\",\"valueRequired\":true,\"valueName\":\"search_term_string\"}}],\"inLanguage\":\"az\"},{\"@type\":\"Organization\",\"@id\":\"https:\\\/\\\/www.meydan.tv\\\/az\\\/#organization\",\"name\":\"Meydan TV\",\"url\":\"https:\\\/\\\/www.meydan.tv\\\/az\\\/\",\"logo\":{\"@type\":\"ImageObject\",\"inLanguage\":\"az\",\"@id\":\"https:\\\/\\\/www.meydan.tv\\\/az\\\/#\\\/schema\\\/logo\\\/image\\\/\",\"url\":\"https:\\\/\\\/www.meydan.tv\\\/wp-content\\\/uploads\\\/2021\\\/07\\\/meydan-logo.svg\",\"contentUrl\":\"https:\\\/\\\/www.meydan.tv\\\/wp-content\\\/uploads\\\/2021\\\/07\\\/meydan-logo.svg\",\"width\":195,\"height\":46,\"caption\":\"Meydan TV\"},\"image\":{\"@id\":\"https:\\\/\\\/www.meydan.tv\\\/az\\\/#\\\/schema\\\/logo\\\/image\\\/\"}},{\"@type\":\"Person\",\"@id\":\"https:\\\/\\\/www.meydan.tv\\\/az\\\/#\\\/schema\\\/person\\\/9cdbecf90d17180ce1dfbd95b08dcf47\",\"name\":\"elli\",\"sameAs\":[\"https:\\\/\\\/x.com\\\/elli\"]}]}<\/script>\n<!-- \/ Yoast SEO plugin. -->","yoast_head_json":{"title":"Anar: \"21 m\u0259nzili 230 n\u0259f\u0259r\u0259 nec\u0259 b\u00f6lm\u0259k olar ki, ham\u0131 raz\u0131 qals\u0131n?\" - MEYDAN.TV","robots":{"index":"index","follow":"follow","max-snippet":"max-snippet:-1","max-image-preview":"max-image-preview:large","max-video-preview":"max-video-preview:-1"},"canonical":"https:\/\/www.meydan.tv\/az\/article\/anar-21-menzili-230-nefere-nece-bolmek-olar-ki-hami-razi-qalsin\/","og_locale":"az_AZ","og_type":"article","og_title":"Anar: \"21 m\u0259nzili 230 n\u0259f\u0259r\u0259 nec\u0259 b\u00f6lm\u0259k olar ki, ham\u0131 raz\u0131 qals\u0131n?\" - MEYDAN.TV","og_description":"AYB s\u0259dri yazarlar\u0131n ev qalmaqal\u0131ndan dan\u0131\u015f\u0131b Az\u0259rbaycan Yaz\u0131\u00e7\u0131lar Birliyinin (AYB) ... Davam\u0131","og_url":"https:\/\/www.meydan.tv\/az\/article\/anar-21-menzili-230-nefere-nece-bolmek-olar-ki-hami-razi-qalsin\/","og_site_name":"MEYDAN.TV","article_published_time":"2023-12-05T10:28:20+00:00","article_modified_time":"2023-12-05T10:28:24+00:00","og_image":[{"width":1500,"height":682,"url":"https:\/\/www.meydan.tv\/wp-content\/uploads\/anaryazici-e1701771656577.jpg","type":"image\/jpeg"}],"author":"elli","twitter_card":"summary_large_image","twitter_creator":"@elli","schema":{"@context":"https:\/\/schema.org","@graph":[{"@type":"Article","@id":"https:\/\/www.meydan.tv\/az\/article\/anar-21-menzili-230-nefere-nece-bolmek-olar-ki-hami-razi-qalsin\/#article","isPartOf":{"@id":"https:\/\/www.meydan.tv\/az\/article\/anar-21-menzili-230-nefere-nece-bolmek-olar-ki-hami-razi-qalsin\/"},"author":{"name":"elli","@id":"https:\/\/www.meydan.tv\/az\/#\/schema\/person\/9cdbecf90d17180ce1dfbd95b08dcf47"},"headline":"Anar: &#8220;21 m\u0259nzili 230 n\u0259f\u0259r\u0259 nec\u0259 b\u00f6lm\u0259k olar ki, ham\u0131 raz\u0131 qals\u0131n?&#8221;","datePublished":"2023-12-05T10:28:20+00:00","dateModified":"2023-12-05T10:28:24+00:00","mainEntityOfPage":{"@id":"https:\/\/www.meydan.tv\/az\/article\/anar-21-menzili-230-nefere-nece-bolmek-olar-ki-hami-razi-qalsin\/"},"wordCount":831,"publisher":{"@id":"https:\/\/www.meydan.tv\/az\/#organization"},"image":{"@id":"https:\/\/www.meydan.tv\/az\/article\/anar-21-menzili-230-nefere-nece-bolmek-olar-ki-hami-razi-qalsin\/#primaryimage"},"thumbnailUrl":"https:\/\/www.meydan.tv\/wp-content\/uploads\/anaryazici-e1701771656577.jpg","articleSection":["M\u0259d\u0259niyy\u0259t","X\u0259b\u0259rl\u0259r"],"inLanguage":"az"},{"@type":"WebPage","@id":"https:\/\/www.meydan.tv\/az\/article\/anar-21-menzili-230-nefere-nece-bolmek-olar-ki-hami-razi-qalsin\/","url":"https:\/\/www.meydan.tv\/az\/article\/anar-21-menzili-230-nefere-nece-bolmek-olar-ki-hami-razi-qalsin\/","name":"Anar: \"21 m\u0259nzili 230 n\u0259f\u0259r\u0259 nec\u0259 b\u00f6lm\u0259k olar ki, ham\u0131 raz\u0131 qals\u0131n?\" - MEYDAN.TV","isPartOf":{"@id":"https:\/\/www.meydan.tv\/az\/#website"},"primaryImageOfPage":{"@id":"https:\/\/www.meydan.tv\/az\/article\/anar-21-menzili-230-nefere-nece-bolmek-olar-ki-hami-razi-qalsin\/#primaryimage"},"image":{"@id":"https:\/\/www.meydan.tv\/az\/article\/anar-21-menzili-230-nefere-nece-bolmek-olar-ki-hami-razi-qalsin\/#primaryimage"},"thumbnailUrl":"https:\/\/www.meydan.tv\/wp-content\/uploads\/anaryazici-e1701771656577.jpg","datePublished":"2023-12-05T10:28:20+00:00","dateModified":"2023-12-05T10:28:24+00:00","breadcrumb":{"@id":"https:\/\/www.meydan.tv\/az\/article\/anar-21-menzili-230-nefere-nece-bolmek-olar-ki-hami-razi-qalsin\/#breadcrumb"},"inLanguage":"az","potentialAction":[{"@type":"ReadAction","target":["https:\/\/www.meydan.tv\/az\/article\/anar-21-menzili-230-nefere-nece-bolmek-olar-ki-hami-razi-qalsin\/"]}]},{"@type":"ImageObject","inLanguage":"az","@id":"https:\/\/www.meydan.tv\/az\/article\/anar-21-menzili-230-nefere-nece-bolmek-olar-ki-hami-razi-qalsin\/#primaryimage","url":"https:\/\/www.meydan.tv\/wp-content\/uploads\/anaryazici-e1701771656577.jpg","contentUrl":"https:\/\/www.meydan.tv\/wp-content\/uploads\/anaryazici-e1701771656577.jpg","width":1500,"height":682,"caption":"Anar Rzayev. Foto: screenshot"},{"@type":"BreadcrumbList","@id":"https:\/\/www.meydan.tv\/az\/article\/anar-21-menzili-230-nefere-nece-bolmek-olar-ki-hami-razi-qalsin\/#breadcrumb","itemListElement":[{"@type":"ListItem","position":1,"name":"Ana s\u0259hif\u0259","item":"https:\/\/www.meydan.tv\/az\/"},{"@type":"ListItem","position":2,"name":"M\u0259d\u0259niyy\u0259t","item":"https:\/\/www.meydan.tv\/az\/section\/medeniyyet\/"},{"@type":"ListItem","position":3,"name":"Anar: &#8220;21 m\u0259nzili 230 n\u0259f\u0259r\u0259 nec\u0259 b\u00f6lm\u0259k olar ki, ham\u0131 raz\u0131 qals\u0131n?&#8221;"}]},{"@type":"WebSite","@id":"https:\/\/www.meydan.tv\/az\/#website","url":"https:\/\/www.meydan.tv\/az\/","name":"MEYDAN.TV","description":"Meydan TV Az\u0259rbaycan\u0131n media m\u0259kan\u0131ndak\u0131 alternativ s\u0259sidir","publisher":{"@id":"https:\/\/www.meydan.tv\/az\/#organization"},"potentialAction":[{"@type":"SearchAction","target":{"@type":"EntryPoint","urlTemplate":"https:\/\/www.meydan.tv\/az\/?s={search_term_string}"},"query-input":{"@type":"PropertyValueSpecification","valueRequired":true,"valueName":"search_term_string"}}],"inLanguage":"az"},{"@type":"Organization","@id":"https:\/\/www.meydan.tv\/az\/#organization","name":"Meydan TV","url":"https:\/\/www.meydan.tv\/az\/","logo":{"@type":"ImageObject","inLanguage":"az","@id":"https:\/\/www.meydan.tv\/az\/#\/schema\/logo\/image\/","url":"https:\/\/www.meydan.tv\/wp-content\/uploads\/2021\/07\/meydan-logo.svg","contentUrl":"https:\/\/www.meydan.tv\/wp-content\/uploads\/2021\/07\/meydan-logo.svg","width":195,"height":46,"caption":"Meydan TV"},"image":{"@id":"https:\/\/www.meydan.tv\/az\/#\/schema\/logo\/image\/"}},{"@type":"Person","@id":"https:\/\/www.meydan.tv\/az\/#\/schema\/person\/9cdbecf90d17180ce1dfbd95b08dcf47","name":"elli","sameAs":["https:\/\/x.com\/elli"]}]}},"_links":{"self":[{"href":"https:\/\/www.meydan.tv\/az\/wp-json\/wp\/v2\/posts\/292100","targetHints":{"allow":["GET"]}}],"collection":[{"href":"https:\/\/www.meydan.tv\/az\/wp-json\/wp\/v2\/posts"}],"about":[{"href":"https:\/\/www.meydan.tv\/az\/wp-json\/wp\/v2\/types\/post"}],"author":[{"embeddable":true,"href":"https:\/\/www.meydan.tv\/az\/wp-json\/wp\/v2\/users\/8"}],"replies":[{"embeddable":true,"href":"https:\/\/www.meydan.tv\/az\/wp-json\/wp\/v2\/comments?post=292100"}],"version-history":[{"count":3,"href":"https:\/\/www.meydan.tv\/az\/wp-json\/wp\/v2\/posts\/292100\/revisions"}],"predecessor-version":[{"id":292106,"href":"https:\/\/www.meydan.tv\/az\/wp-json\/wp\/v2\/posts\/292100\/revisions\/292106"}],"wp:featuredmedia":[{"embeddable":true,"href":"https:\/\/www.meydan.tv\/az\/wp-json\/wp\/v2\/media\/292101"}],"wp:attachment":[{"href":"https:\/\/www.meydan.tv\/az\/wp-json\/wp\/v2\/media?parent=292100"}],"wp:term":[{"taxonomy":"category","embeddable":true,"href":"https:\/\/www.meydan.tv\/az\/wp-json\/wp\/v2\/categories?post=292100"},{"taxonomy":"post_tag","embeddable":true,"href":"https:\/\/www.meydan.tv\/az\/wp-json\/wp\/v2\/tags?post=292100"}],"curies":[{"name":"wp","href":"https:\/\/api.w.org\/{rel}","templated":true}]}}