{"id":292059,"date":"2023-12-04T22:31:27","date_gmt":"2023-12-04T18:31:27","guid":{"rendered":"https:\/\/www.meydan.tv\/?p=292059"},"modified":"2023-12-05T12:47:00","modified_gmt":"2023-12-05T08:47:00","slug":"ictimai-feal-ilhamiz-quliyev-narkotik-ittihami-ile-saxlanilib","status":"publish","type":"post","link":"https:\/\/www.meydan.tv\/az\/article\/ictimai-feal-ilhamiz-quliyev-narkotik-ittihami-ile-saxlanilib\/","title":{"rendered":"H\u00fcquq m\u00fcdafi\u0259\u00e7isi \u0130lhamiz Quliyev narkotik ittiham\u0131 il\u0259 saxlan\u0131l\u0131b"},"content":{"rendered":"\n<p><\/p>\n\n\n\n<p><em><strong>\u201c\u015e\u0259rl\u0259n\u0259r\u0259k h\u0259bs oluna bil\u0259c\u0259yi ehtimal\u0131n\u0131 n\u0259z\u0259r\u0259 alaraq, bug\u00fcnl\u0259rd\u0259 Narkoloji M\u0259rk\u0259z\u0259 ged\u0259r\u0259k, oradan narkotik istifad\u0259\u00e7isi olmamas\u0131 haqda aray\u0131\u015f al\u0131b\u201d<\/strong><\/em><\/p>\n\n\n\n<p>Ke\u00e7mi\u015f polis \u0259m\u0259kda\u015f\u0131 v\u0259 h\u00fcquq m\u00fcdafi\u0259\u00e7isi \u0130lhamiz Quliyev dekabr\u0131n 4-d\u0259 saxlan\u0131l\u0131b. Ona qar\u015f\u0131 narkotik ittiham\u0131 ir\u0259li s\u00fcr\u00fcld\u00fcy\u00fc bildirilir.<\/p>\n\n\n\n<p>Bu bar\u0259d\u0259 m\u0259lumat ver\u0259n yax\u0131nlar\u0131n\u0131n s\u00f6zl\u0259rin\u0259 g\u00f6r\u0259, \u0130lhamiz Quliyev bir h\u0259ft\u0259d\u0259n \u00e7oxdur ki, izl\u0259nilirdi, ya\u015fad\u0131\u011f\u0131 evin qar\u015f\u0131s\u0131nda polisl\u0259r onu g\u00fcd\u00fcrd\u00fcl\u0259r. \u015e\u0259rl\u0259n\u0259r\u0259k h\u0259bs oluna bil\u0259c\u0259yi ehtimal\u0131n\u0131 n\u0259z\u0259r\u0259 alaraq, bug\u00fcnl\u0259rd\u0259 Narkoloji M\u0259rk\u0259z\u0259 ged\u0259r\u0259k, oradan narkotik istifad\u0259\u00e7isi olmamas\u0131 haqda aray\u0131\u015f al\u0131b.<\/p>\n\n\n\n<p>\u0130lhamiz Quliyev oktyabrda da 30 g\u00fcnl\u00fck h\u0259bs olunmu\u015fdu. Ona \u0130nzibati X\u0259talar M\u0259c\u0259ll\u0259sinin 510 (x\u0131rda xuliqanl\u0131q) v\u0259 535.1-ci (polisin qanuni t\u0259l\u0259bin\u0259 q\u0259sd\u0259n tabe olmama) madd\u0259l\u0259ril\u0259 30 sutka inzibati h\u0259bs c\u0259zas\u0131 verilmi\u015fdi.<\/p>\n\n\n\n<p>Yax\u0131nlar\u0131 deyir ki, xuliqanl\u0131q v\u0259 polis\u0259 m\u00fcqavim\u0259t ittiham\u0131 yalan idi, o zaman \u0130lhamiz Quliyev \u201cAbzasMedia\u201dya m\u00fcsahib\u0259sin\u0259 g\u00f6r\u0259 c\u0259zaland\u0131r\u0131lm\u0131\u015fd\u0131.<\/p>\n\n\n\n<p>Ke\u00e7mi\u015f polis \u0259m\u0259kda\u015f\u0131 olan \u0130lhamiz Quliyev h\u0259bsind\u0259n bir ne\u00e7\u0259 g\u00fcn \u00f6nc\u0259 \u201cAbzasMedia\u201dya m\u00fcsahib\u0259 verib. S\u00f6z\u00fcged\u0259n m\u00fcsahib\u0259d\u0259 polisl\u0259rin v\u0259t\u0259nda\u015flar\u0131 narkotikl\u0259 nec\u0259 \u015f\u0259rl\u0259m\u0259sind\u0259n dan\u0131\u015f\u0131b, qeydiyyata al\u0131nmayan narkotikl\u0259rin bu m\u0259qs\u0259dl\u0259 istifad\u0259 olundu\u011funu deyib. M\u00fcsahib\u0259d\u0259 onun ad\u0131 \u00e7\u0259kilm\u0259s\u0259 d\u0259, \u00fcz\u00fc g\u00f6r\u00fcnm\u0259s\u0259 d\u0259, \u0130lhamiz Quliyev oldu\u011fu m\u00fc\u0259yy\u0259nl\u0259\u015fdirilib v\u0259 bir h\u0259ft\u0259 sonra h\u0259bs olunub.<\/p>\n\n\n<div class=\"wp-block-image\">\n<figure class=\"alignleft size-large is-resized\"><img decoding=\"async\" width=\"616\" height=\"821\" data-src=\"https:\/\/www.meydan.tv\/wp-content\/uploads\/407477430_889765646060615_723028452122410892_n-616x821.jpg\" alt=\"\" class=\"wp-image-292061 lazyload\" style=\"--smush-placeholder-width: 616px; --smush-placeholder-aspect-ratio: 616\/821;width:338px;height:auto\" src=\"data:image\/svg+xml;base64,PHN2ZyB3aWR0aD0iMSIgaGVpZ2h0PSIxIiB4bWxucz0iaHR0cDovL3d3dy53My5vcmcvMjAwMC9zdmciPjwvc3ZnPg==\" \/><figcaption class=\"wp-element-caption\">Aray\u0131\u015f<\/figcaption><\/figure>\n<\/div>\n\n\n<p>H\u0259min vaxt \u0130lhamiz Quliyev v\u0259 ail\u0259 \u00fczvl\u0259ri ba\u015f ver\u0259nl\u0259ri ictimail\u0259\u015fdirm\u0259yib.<\/p>\n\n\n\n<p>Yax\u0131nlar\u0131n\u0131n s\u00f6zl\u0259rin\u0259 g\u00f6r\u0259, \u0130lhamiz Quliyev 30 g\u00fcnl\u00fck inzibati h\u0259bsd\u0259n \u00e7\u0131xsa da, onun telefonu qaytar\u0131lmay\u0131b. \u00dcst\u0259lik, \u00f6lk\u0259d\u0259n \u00e7\u0131x\u0131\u015f\u0131na qada\u011fa qoyuldu\u011fu m\u0259lum olub. Noyabr\u0131n 25-d\u0259 G\u00fcrc\u00fcstana ged\u0259rk\u0259n hava liman\u0131nda ona \u00f6lk\u0259d\u0259n \u00e7\u0131x\u0131\u015f\u0131na m\u0259hdudiyy\u0259t qoyuldu\u011fu haqda m\u0259lumat verilib v\u0259 burax\u0131lmay\u0131b. Bundan sonra is\u0259 izl\u0259nildiyini hiss edib v\u0259 qabaqlay\u0131c\u0131 t\u0259dbir kimi, Respublika Narkoloji M\u0259rk\u0259zind\u0259n aray\u0131\u015f almaq q\u0259rar\u0131na g\u0259lib.<\/p>\n\n\n\n<p>O, dekabr\u0131n 4-d\u0259 Yasamal rayonu \u0259razisind\u0259 evind\u0259n \u00e7\u0131x\u0131b v\u0259 ondan sonra yax\u0131nlar\u0131 harada olmas\u0131 bar\u0259d\u0259 he\u00e7 bir m\u0259lumat ala bilm\u0259yib. Ail\u0259 \u00fczvl\u0259rinin verdiyi m\u0259lumata g\u00f6r\u0259, Daxili \u0130\u015fl\u0259r Nazirliyinin 102 xidm\u0259tin\u0259, Ombudsman Aparat\u0131na \u015fikay\u0259t olunsa da, \u0130lhamiz Quliyevin yeri bar\u0259d\u0259 x\u0259b\u0259r ala bilm\u0259yibl\u0259r. T\u0259xmin\u0259n 3 saatdan sonra q\u0131sa telefon z\u0259ngil\u0259 Yasamal rayonu, 28-ci polis b\u00f6lm\u0259sind\u0259 oldu\u011funu v\u0259 onu narkotikl\u0259 \u015f\u0259rl\u0259m\u0259y\u0259 \u00e7al\u0131\u015fd\u0131qlar\u0131n\u0131 x\u0259b\u0259r verib.<\/p>\n\n\n\n<p>Yax\u0131nlar\u0131 deyir ki, d\u0259rhal polis b\u00f6lm\u0259sin\u0259 gedibl\u0259r. Onlar b\u00f6lm\u0259d\u0259 olanda \u0130lhamiz Quliyevi Post-Patrul Xidm\u0259tinin avtomobiliyl\u0259 Yasamal rayon Polis \u0130dar\u0259sin\u0259 apar\u0131blar.<br>Yax\u0131nlar\u0131 onun i\u015fg\u0259nc\u0259y\u0259 m\u0259ruz qald\u0131\u011f\u0131n\u0131, \u00fcz\u0259rind\u0259 x\u0259sar\u0259tl\u0259r oldu\u011funu deyir:<\/p>\n\n\n\n<p><em>\u201cAya\u011f\u0131nda, belind\u0259, ba\u015f\u0131nda z\u0259d\u0259l\u0259r var&#8230;\u201d.<\/em><\/p>\n\n\n\n<p>Haz\u0131rda Az\u0259rbaycanda onlarla ictimai-siyasi f\u0259al narkotik ittiham\u0131yla h\u0259bsd\u0259dir. Onlar bu ittiham\u0131 r\u0259dd edir, siyasi bax\u0131\u015flar\u0131na, t\u0259nqidi \u00e7\u0131x\u0131\u015flar\u0131na g\u00f6r\u0259 c\u0259zaland\u0131r\u0131ld\u0131qlar\u0131n\u0131 deyirl\u0259r.<br>Daxili \u0130\u015fl\u0259r Nazirliyi is\u0259 h\u0259bs olunanlar\u0131n konkret faktlar \u0259sas\u0131nda saxland\u0131\u011f\u0131n\u0131 b\u0259yan edir.<\/p>\n","protected":false},"excerpt":{"rendered":"<p>\u201c\u015e\u0259rl\u0259n\u0259r\u0259k h\u0259bs oluna bil\u0259c\u0259yi ehtimal\u0131n\u0131 n\u0259z\u0259r\u0259 alaraq, bug\u00fcnl\u0259rd\u0259 Narkoloji M\u0259rk\u0259z\u0259 &#8230; <\/p>\n<p class=\"read-more-container\"><a title=\"H\u00fcquq m\u00fcdafi\u0259\u00e7isi \u0130lhamiz Quliyev narkotik ittiham\u0131 il\u0259 saxlan\u0131l\u0131b\" class=\"read-more button\" href=\"https:\/\/www.meydan.tv\/az\/article\/ictimai-feal-ilhamiz-quliyev-narkotik-ittihami-ile-saxlanilib\/#more-292059\" aria-label=\"Read more about H\u00fcquq m\u00fcdafi\u0259\u00e7isi \u0130lhamiz Quliyev narkotik ittiham\u0131 il\u0259 saxlan\u0131l\u0131b\">Davam\u0131<\/a><\/p>\n","protected":false},"author":8,"featured_media":292077,"comment_status":"closed","ping_status":"closed","sticky":false,"template":"","format":"standard","meta":{"_acf_changed":false,"_sitemap_exclude":false,"_sitemap_priority":"","_sitemap_frequency":"","footnotes":""},"categories":[59,79,56],"tags":[],"class_list":["post-292059","post","type-post","status-publish","format-standard","has-post-thumbnail","hentry","category-siyaset","category-featured","category-xeberler","infinite-scroll-item","generate-columns","tablet-grid-50","mobile-grid-100","grid-parent","grid-33","no-featured-image-padding"],"acf":[],"yoast_head":"<!-- This site is optimized with the Yoast SEO plugin v27.4 - https:\/\/yoast.com\/product\/yoast-seo-wordpress\/ -->\n<title>H\u00fcquq m\u00fcdafi\u0259\u00e7isi \u0130lhamiz Quliyev narkotik ittiham\u0131 il\u0259 saxlan\u0131l\u0131b - MEYDAN.TV<\/title>\n<meta name=\"robots\" content=\"index, follow, max-snippet:-1, max-image-preview:large, max-video-preview:-1\" \/>\n<link rel=\"canonical\" href=\"https:\/\/www.meydan.tv\/az\/article\/ictimai-feal-ilhamiz-quliyev-narkotik-ittihami-ile-saxlanilib\/\" \/>\n<meta property=\"og:locale\" content=\"az_AZ\" \/>\n<meta property=\"og:type\" content=\"article\" \/>\n<meta property=\"og:title\" content=\"H\u00fcquq m\u00fcdafi\u0259\u00e7isi \u0130lhamiz Quliyev narkotik ittiham\u0131 il\u0259 saxlan\u0131l\u0131b - MEYDAN.TV\" \/>\n<meta property=\"og:description\" content=\"\u201c\u015e\u0259rl\u0259n\u0259r\u0259k h\u0259bs oluna bil\u0259c\u0259yi ehtimal\u0131n\u0131 n\u0259z\u0259r\u0259 alaraq, bug\u00fcnl\u0259rd\u0259 Narkoloji M\u0259rk\u0259z\u0259 ... Davam\u0131\" \/>\n<meta property=\"og:url\" content=\"https:\/\/www.meydan.tv\/az\/article\/ictimai-feal-ilhamiz-quliyev-narkotik-ittihami-ile-saxlanilib\/\" \/>\n<meta property=\"og:site_name\" content=\"MEYDAN.TV\" \/>\n<meta property=\"article:published_time\" content=\"2023-12-04T18:31:27+00:00\" \/>\n<meta property=\"article:modified_time\" content=\"2023-12-05T08:47:00+00:00\" \/>\n<meta property=\"og:image\" content=\"https:\/\/www.meydan.tv\/wp-content\/uploads\/53348949_10210506700102915_4632421755460255744_n-e1701720713323.jpg\" \/>\n\t<meta property=\"og:image:width\" content=\"1442\" \/>\n\t<meta property=\"og:image:height\" content=\"654\" \/>\n\t<meta property=\"og:image:type\" content=\"image\/jpeg\" \/>\n<meta name=\"author\" content=\"elli\" \/>\n<meta name=\"twitter:card\" content=\"summary_large_image\" \/>\n<meta name=\"twitter:creator\" content=\"@elli\" \/>\n<script type=\"application\/ld+json\" class=\"yoast-schema-graph\">{\"@context\":\"https:\\\/\\\/schema.org\",\"@graph\":[{\"@type\":\"Article\",\"@id\":\"https:\\\/\\\/www.meydan.tv\\\/az\\\/article\\\/ictimai-feal-ilhamiz-quliyev-narkotik-ittihami-ile-saxlanilib\\\/#article\",\"isPartOf\":{\"@id\":\"https:\\\/\\\/www.meydan.tv\\\/az\\\/article\\\/ictimai-feal-ilhamiz-quliyev-narkotik-ittihami-ile-saxlanilib\\\/\"},\"author\":{\"name\":\"elli\",\"@id\":\"https:\\\/\\\/www.meydan.tv\\\/az\\\/#\\\/schema\\\/person\\\/9cdbecf90d17180ce1dfbd95b08dcf47\"},\"headline\":\"H\u00fcquq m\u00fcdafi\u0259\u00e7isi \u0130lhamiz Quliyev narkotik ittiham\u0131 il\u0259 saxlan\u0131l\u0131b\",\"datePublished\":\"2023-12-04T18:31:27+00:00\",\"dateModified\":\"2023-12-05T08:47:00+00:00\",\"mainEntityOfPage\":{\"@id\":\"https:\\\/\\\/www.meydan.tv\\\/az\\\/article\\\/ictimai-feal-ilhamiz-quliyev-narkotik-ittihami-ile-saxlanilib\\\/\"},\"wordCount\":638,\"publisher\":{\"@id\":\"https:\\\/\\\/www.meydan.tv\\\/az\\\/#organization\"},\"image\":{\"@id\":\"https:\\\/\\\/www.meydan.tv\\\/az\\\/article\\\/ictimai-feal-ilhamiz-quliyev-narkotik-ittihami-ile-saxlanilib\\\/#primaryimage\"},\"thumbnailUrl\":\"https:\\\/\\\/www.meydan.tv\\\/wp-content\\\/uploads\\\/53348949_10210506700102915_4632421755460255744_n-e1701720713323.jpg\",\"articleSection\":[\"Siyas\u0259t\",\"T\u00f6vsiy\u0259\",\"X\u0259b\u0259rl\u0259r\"],\"inLanguage\":\"az\"},{\"@type\":\"WebPage\",\"@id\":\"https:\\\/\\\/www.meydan.tv\\\/az\\\/article\\\/ictimai-feal-ilhamiz-quliyev-narkotik-ittihami-ile-saxlanilib\\\/\",\"url\":\"https:\\\/\\\/www.meydan.tv\\\/az\\\/article\\\/ictimai-feal-ilhamiz-quliyev-narkotik-ittihami-ile-saxlanilib\\\/\",\"name\":\"H\u00fcquq m\u00fcdafi\u0259\u00e7isi \u0130lhamiz Quliyev narkotik ittiham\u0131 il\u0259 saxlan\u0131l\u0131b - MEYDAN.TV\",\"isPartOf\":{\"@id\":\"https:\\\/\\\/www.meydan.tv\\\/az\\\/#website\"},\"primaryImageOfPage\":{\"@id\":\"https:\\\/\\\/www.meydan.tv\\\/az\\\/article\\\/ictimai-feal-ilhamiz-quliyev-narkotik-ittihami-ile-saxlanilib\\\/#primaryimage\"},\"image\":{\"@id\":\"https:\\\/\\\/www.meydan.tv\\\/az\\\/article\\\/ictimai-feal-ilhamiz-quliyev-narkotik-ittihami-ile-saxlanilib\\\/#primaryimage\"},\"thumbnailUrl\":\"https:\\\/\\\/www.meydan.tv\\\/wp-content\\\/uploads\\\/53348949_10210506700102915_4632421755460255744_n-e1701720713323.jpg\",\"datePublished\":\"2023-12-04T18:31:27+00:00\",\"dateModified\":\"2023-12-05T08:47:00+00:00\",\"breadcrumb\":{\"@id\":\"https:\\\/\\\/www.meydan.tv\\\/az\\\/article\\\/ictimai-feal-ilhamiz-quliyev-narkotik-ittihami-ile-saxlanilib\\\/#breadcrumb\"},\"inLanguage\":\"az\",\"potentialAction\":[{\"@type\":\"ReadAction\",\"target\":[\"https:\\\/\\\/www.meydan.tv\\\/az\\\/article\\\/ictimai-feal-ilhamiz-quliyev-narkotik-ittihami-ile-saxlanilib\\\/\"]}]},{\"@type\":\"ImageObject\",\"inLanguage\":\"az\",\"@id\":\"https:\\\/\\\/www.meydan.tv\\\/az\\\/article\\\/ictimai-feal-ilhamiz-quliyev-narkotik-ittihami-ile-saxlanilib\\\/#primaryimage\",\"url\":\"https:\\\/\\\/www.meydan.tv\\\/wp-content\\\/uploads\\\/53348949_10210506700102915_4632421755460255744_n-e1701720713323.jpg\",\"contentUrl\":\"https:\\\/\\\/www.meydan.tv\\\/wp-content\\\/uploads\\\/53348949_10210506700102915_4632421755460255744_n-e1701720713323.jpg\",\"width\":1442,\"height\":654,\"caption\":\"\u0130lhamiz Quliyev. Foto: \u015e\u0259xsi arxivind\u0259n\"},{\"@type\":\"BreadcrumbList\",\"@id\":\"https:\\\/\\\/www.meydan.tv\\\/az\\\/article\\\/ictimai-feal-ilhamiz-quliyev-narkotik-ittihami-ile-saxlanilib\\\/#breadcrumb\",\"itemListElement\":[{\"@type\":\"ListItem\",\"position\":1,\"name\":\"Ana s\u0259hif\u0259\",\"item\":\"https:\\\/\\\/www.meydan.tv\\\/az\\\/\"},{\"@type\":\"ListItem\",\"position\":2,\"name\":\"Siyas\u0259t\",\"item\":\"https:\\\/\\\/www.meydan.tv\\\/az\\\/section\\\/siyaset\\\/\"},{\"@type\":\"ListItem\",\"position\":3,\"name\":\"H\u00fcquq m\u00fcdafi\u0259\u00e7isi \u0130lhamiz Quliyev narkotik ittiham\u0131 il\u0259 saxlan\u0131l\u0131b\"}]},{\"@type\":\"WebSite\",\"@id\":\"https:\\\/\\\/www.meydan.tv\\\/az\\\/#website\",\"url\":\"https:\\\/\\\/www.meydan.tv\\\/az\\\/\",\"name\":\"MEYDAN.TV\",\"description\":\"Meydan TV Az\u0259rbaycan\u0131n media m\u0259kan\u0131ndak\u0131 alternativ s\u0259sidir\",\"publisher\":{\"@id\":\"https:\\\/\\\/www.meydan.tv\\\/az\\\/#organization\"},\"potentialAction\":[{\"@type\":\"SearchAction\",\"target\":{\"@type\":\"EntryPoint\",\"urlTemplate\":\"https:\\\/\\\/www.meydan.tv\\\/az\\\/?s={search_term_string}\"},\"query-input\":{\"@type\":\"PropertyValueSpecification\",\"valueRequired\":true,\"valueName\":\"search_term_string\"}}],\"inLanguage\":\"az\"},{\"@type\":\"Organization\",\"@id\":\"https:\\\/\\\/www.meydan.tv\\\/az\\\/#organization\",\"name\":\"Meydan TV\",\"url\":\"https:\\\/\\\/www.meydan.tv\\\/az\\\/\",\"logo\":{\"@type\":\"ImageObject\",\"inLanguage\":\"az\",\"@id\":\"https:\\\/\\\/www.meydan.tv\\\/az\\\/#\\\/schema\\\/logo\\\/image\\\/\",\"url\":\"https:\\\/\\\/www.meydan.tv\\\/wp-content\\\/uploads\\\/2021\\\/07\\\/meydan-logo.svg\",\"contentUrl\":\"https:\\\/\\\/www.meydan.tv\\\/wp-content\\\/uploads\\\/2021\\\/07\\\/meydan-logo.svg\",\"width\":195,\"height\":46,\"caption\":\"Meydan TV\"},\"image\":{\"@id\":\"https:\\\/\\\/www.meydan.tv\\\/az\\\/#\\\/schema\\\/logo\\\/image\\\/\"}},{\"@type\":\"Person\",\"@id\":\"https:\\\/\\\/www.meydan.tv\\\/az\\\/#\\\/schema\\\/person\\\/9cdbecf90d17180ce1dfbd95b08dcf47\",\"name\":\"elli\",\"sameAs\":[\"https:\\\/\\\/x.com\\\/elli\"]}]}<\/script>\n<!-- \/ Yoast SEO plugin. -->","yoast_head_json":{"title":"H\u00fcquq m\u00fcdafi\u0259\u00e7isi \u0130lhamiz Quliyev narkotik ittiham\u0131 il\u0259 saxlan\u0131l\u0131b - MEYDAN.TV","robots":{"index":"index","follow":"follow","max-snippet":"max-snippet:-1","max-image-preview":"max-image-preview:large","max-video-preview":"max-video-preview:-1"},"canonical":"https:\/\/www.meydan.tv\/az\/article\/ictimai-feal-ilhamiz-quliyev-narkotik-ittihami-ile-saxlanilib\/","og_locale":"az_AZ","og_type":"article","og_title":"H\u00fcquq m\u00fcdafi\u0259\u00e7isi \u0130lhamiz Quliyev narkotik ittiham\u0131 il\u0259 saxlan\u0131l\u0131b - MEYDAN.TV","og_description":"\u201c\u015e\u0259rl\u0259n\u0259r\u0259k h\u0259bs oluna bil\u0259c\u0259yi ehtimal\u0131n\u0131 n\u0259z\u0259r\u0259 alaraq, bug\u00fcnl\u0259rd\u0259 Narkoloji M\u0259rk\u0259z\u0259 ... Davam\u0131","og_url":"https:\/\/www.meydan.tv\/az\/article\/ictimai-feal-ilhamiz-quliyev-narkotik-ittihami-ile-saxlanilib\/","og_site_name":"MEYDAN.TV","article_published_time":"2023-12-04T18:31:27+00:00","article_modified_time":"2023-12-05T08:47:00+00:00","og_image":[{"width":1442,"height":654,"url":"https:\/\/www.meydan.tv\/wp-content\/uploads\/53348949_10210506700102915_4632421755460255744_n-e1701720713323.jpg","type":"image\/jpeg"}],"author":"elli","twitter_card":"summary_large_image","twitter_creator":"@elli","schema":{"@context":"https:\/\/schema.org","@graph":[{"@type":"Article","@id":"https:\/\/www.meydan.tv\/az\/article\/ictimai-feal-ilhamiz-quliyev-narkotik-ittihami-ile-saxlanilib\/#article","isPartOf":{"@id":"https:\/\/www.meydan.tv\/az\/article\/ictimai-feal-ilhamiz-quliyev-narkotik-ittihami-ile-saxlanilib\/"},"author":{"name":"elli","@id":"https:\/\/www.meydan.tv\/az\/#\/schema\/person\/9cdbecf90d17180ce1dfbd95b08dcf47"},"headline":"H\u00fcquq m\u00fcdafi\u0259\u00e7isi \u0130lhamiz Quliyev narkotik ittiham\u0131 il\u0259 saxlan\u0131l\u0131b","datePublished":"2023-12-04T18:31:27+00:00","dateModified":"2023-12-05T08:47:00+00:00","mainEntityOfPage":{"@id":"https:\/\/www.meydan.tv\/az\/article\/ictimai-feal-ilhamiz-quliyev-narkotik-ittihami-ile-saxlanilib\/"},"wordCount":638,"publisher":{"@id":"https:\/\/www.meydan.tv\/az\/#organization"},"image":{"@id":"https:\/\/www.meydan.tv\/az\/article\/ictimai-feal-ilhamiz-quliyev-narkotik-ittihami-ile-saxlanilib\/#primaryimage"},"thumbnailUrl":"https:\/\/www.meydan.tv\/wp-content\/uploads\/53348949_10210506700102915_4632421755460255744_n-e1701720713323.jpg","articleSection":["Siyas\u0259t","T\u00f6vsiy\u0259","X\u0259b\u0259rl\u0259r"],"inLanguage":"az"},{"@type":"WebPage","@id":"https:\/\/www.meydan.tv\/az\/article\/ictimai-feal-ilhamiz-quliyev-narkotik-ittihami-ile-saxlanilib\/","url":"https:\/\/www.meydan.tv\/az\/article\/ictimai-feal-ilhamiz-quliyev-narkotik-ittihami-ile-saxlanilib\/","name":"H\u00fcquq m\u00fcdafi\u0259\u00e7isi \u0130lhamiz Quliyev narkotik ittiham\u0131 il\u0259 saxlan\u0131l\u0131b - MEYDAN.TV","isPartOf":{"@id":"https:\/\/www.meydan.tv\/az\/#website"},"primaryImageOfPage":{"@id":"https:\/\/www.meydan.tv\/az\/article\/ictimai-feal-ilhamiz-quliyev-narkotik-ittihami-ile-saxlanilib\/#primaryimage"},"image":{"@id":"https:\/\/www.meydan.tv\/az\/article\/ictimai-feal-ilhamiz-quliyev-narkotik-ittihami-ile-saxlanilib\/#primaryimage"},"thumbnailUrl":"https:\/\/www.meydan.tv\/wp-content\/uploads\/53348949_10210506700102915_4632421755460255744_n-e1701720713323.jpg","datePublished":"2023-12-04T18:31:27+00:00","dateModified":"2023-12-05T08:47:00+00:00","breadcrumb":{"@id":"https:\/\/www.meydan.tv\/az\/article\/ictimai-feal-ilhamiz-quliyev-narkotik-ittihami-ile-saxlanilib\/#breadcrumb"},"inLanguage":"az","potentialAction":[{"@type":"ReadAction","target":["https:\/\/www.meydan.tv\/az\/article\/ictimai-feal-ilhamiz-quliyev-narkotik-ittihami-ile-saxlanilib\/"]}]},{"@type":"ImageObject","inLanguage":"az","@id":"https:\/\/www.meydan.tv\/az\/article\/ictimai-feal-ilhamiz-quliyev-narkotik-ittihami-ile-saxlanilib\/#primaryimage","url":"https:\/\/www.meydan.tv\/wp-content\/uploads\/53348949_10210506700102915_4632421755460255744_n-e1701720713323.jpg","contentUrl":"https:\/\/www.meydan.tv\/wp-content\/uploads\/53348949_10210506700102915_4632421755460255744_n-e1701720713323.jpg","width":1442,"height":654,"caption":"\u0130lhamiz Quliyev. Foto: \u015e\u0259xsi arxivind\u0259n"},{"@type":"BreadcrumbList","@id":"https:\/\/www.meydan.tv\/az\/article\/ictimai-feal-ilhamiz-quliyev-narkotik-ittihami-ile-saxlanilib\/#breadcrumb","itemListElement":[{"@type":"ListItem","position":1,"name":"Ana s\u0259hif\u0259","item":"https:\/\/www.meydan.tv\/az\/"},{"@type":"ListItem","position":2,"name":"Siyas\u0259t","item":"https:\/\/www.meydan.tv\/az\/section\/siyaset\/"},{"@type":"ListItem","position":3,"name":"H\u00fcquq m\u00fcdafi\u0259\u00e7isi \u0130lhamiz Quliyev narkotik ittiham\u0131 il\u0259 saxlan\u0131l\u0131b"}]},{"@type":"WebSite","@id":"https:\/\/www.meydan.tv\/az\/#website","url":"https:\/\/www.meydan.tv\/az\/","name":"MEYDAN.TV","description":"Meydan TV Az\u0259rbaycan\u0131n media m\u0259kan\u0131ndak\u0131 alternativ s\u0259sidir","publisher":{"@id":"https:\/\/www.meydan.tv\/az\/#organization"},"potentialAction":[{"@type":"SearchAction","target":{"@type":"EntryPoint","urlTemplate":"https:\/\/www.meydan.tv\/az\/?s={search_term_string}"},"query-input":{"@type":"PropertyValueSpecification","valueRequired":true,"valueName":"search_term_string"}}],"inLanguage":"az"},{"@type":"Organization","@id":"https:\/\/www.meydan.tv\/az\/#organization","name":"Meydan TV","url":"https:\/\/www.meydan.tv\/az\/","logo":{"@type":"ImageObject","inLanguage":"az","@id":"https:\/\/www.meydan.tv\/az\/#\/schema\/logo\/image\/","url":"https:\/\/www.meydan.tv\/wp-content\/uploads\/2021\/07\/meydan-logo.svg","contentUrl":"https:\/\/www.meydan.tv\/wp-content\/uploads\/2021\/07\/meydan-logo.svg","width":195,"height":46,"caption":"Meydan TV"},"image":{"@id":"https:\/\/www.meydan.tv\/az\/#\/schema\/logo\/image\/"}},{"@type":"Person","@id":"https:\/\/www.meydan.tv\/az\/#\/schema\/person\/9cdbecf90d17180ce1dfbd95b08dcf47","name":"elli","sameAs":["https:\/\/x.com\/elli"]}]}},"_links":{"self":[{"href":"https:\/\/www.meydan.tv\/az\/wp-json\/wp\/v2\/posts\/292059","targetHints":{"allow":["GET"]}}],"collection":[{"href":"https:\/\/www.meydan.tv\/az\/wp-json\/wp\/v2\/posts"}],"about":[{"href":"https:\/\/www.meydan.tv\/az\/wp-json\/wp\/v2\/types\/post"}],"author":[{"embeddable":true,"href":"https:\/\/www.meydan.tv\/az\/wp-json\/wp\/v2\/users\/8"}],"replies":[{"embeddable":true,"href":"https:\/\/www.meydan.tv\/az\/wp-json\/wp\/v2\/comments?post=292059"}],"version-history":[{"count":8,"href":"https:\/\/www.meydan.tv\/az\/wp-json\/wp\/v2\/posts\/292059\/revisions"}],"predecessor-version":[{"id":292089,"href":"https:\/\/www.meydan.tv\/az\/wp-json\/wp\/v2\/posts\/292059\/revisions\/292089"}],"wp:featuredmedia":[{"embeddable":true,"href":"https:\/\/www.meydan.tv\/az\/wp-json\/wp\/v2\/media\/292077"}],"wp:attachment":[{"href":"https:\/\/www.meydan.tv\/az\/wp-json\/wp\/v2\/media?parent=292059"}],"wp:term":[{"taxonomy":"category","embeddable":true,"href":"https:\/\/www.meydan.tv\/az\/wp-json\/wp\/v2\/categories?post=292059"},{"taxonomy":"post_tag","embeddable":true,"href":"https:\/\/www.meydan.tv\/az\/wp-json\/wp\/v2\/tags?post=292059"}],"curies":[{"name":"wp","href":"https:\/\/api.w.org\/{rel}","templated":true}]}}