{"id":292057,"date":"2023-12-04T22:32:10","date_gmt":"2023-12-04T18:32:10","guid":{"rendered":"https:\/\/www.meydan.tv\/?p=292057"},"modified":"2023-12-05T00:03:36","modified_gmt":"2023-12-04T20:03:36","slug":"goycay-ve-agdasdan-sikayet-var-kendlinin-bazari-olub","status":"publish","type":"post","link":"https:\/\/www.meydan.tv\/az\/article\/goycay-ve-agdasdan-sikayet-var-kendlinin-bazari-olub\/","title":{"rendered":"G\u00f6y\u00e7ay v\u0259 A\u011fda\u015fdan \u015fikay\u0259t var: &#8220;K\u0259ndlinin bazar\u0131 \u00f6l\u00fcb&#8221;"},"content":{"rendered":"\n<p><\/p>\n\n\n\n<p><strong>\u0130qtisad\u00e7\u0131 \u0259sas problemi monopoliyada g\u00f6r\u00fcr<\/strong><\/p>\n\n\n\n<p>\u0130qtisad\u00e7\u0131: daxili ticar\u0259td\u0259 v\u0259 sahibkarl\u0131qda monopoliya l\u0259\u011fv edilm\u0259li, Az\u0259rbaycan g\u00fcz\u0259\u015ftli ticar\u0259t sazi\u015fl\u0259rin\u0259 maraql\u0131 olmal\u0131d\u0131r<\/p>\n\n\n\n<p>&#8220;<em>On ild\u0259n \u00e7oxdur ki, ba\u011f\u0131mda 104&nbsp; heyva a\u011fac\u0131 \u0259kmi\u015f\u0259m. \u00d6t\u0259n ild\u0259n h\u0259m m\u0259hsul az oldu, h\u0259m d\u0259 sat\u0131\u015f\u0131 20 q\u0259piyi ke\u00e7mir. Bu il 80 a\u011facdan 2 ton m\u0259hsul y\u0131\u011fm\u0131\u015fam. Bir ayd\u0131r ki, t\u00f6k\u00fcl\u00fcb qal\u0131b, g\u0259lib soru\u015fan da yoxdur. \u00d6t\u0259n il bezib 20 a\u011fac\u0131 k\u0259sdim, bu il d\u0259 c\u0259mi 44 cavan a\u011fac\u0131 saxlay\u0131b yerd\u0259 qalanlar\u0131 k\u0259sir\u0259m. \u0130ld\u0259 t\u0259k budamaq m\u0259n\u0259 qal\u0131r, n\u0259 m\u0259hsulunu g\u00f6r\u00fcr\u0259m, n\u0259 m\u0259hsuldan qazanc g\u00f6t\u00fcr\u00fcr\u0259m&#8221;.<\/em><\/p>\n\n\n\n<p>G\u00f6y\u00e7ay\u0131n M\u0131rt\u0131 k\u0259nd sakini G\u00fcnd\u00fcz \u0130sayev Meydan TV-y\u0259 deyir ki, ill\u0259r \u00f6nc\u0259 \u0259ziyy\u0259tl\u0259 sald\u0131\u011f\u0131 heyva ba\u011f\u0131nda a\u011faclar\u0131 t\u0259k-t\u0259k k\u0259s\u0259r\u0259k azald\u0131r.<\/p>\n\n\n<div class=\"wp-block-image\">\n<figure class=\"aligncenter size-large\"><img decoding=\"async\" width=\"1200\" height=\"675\" data-src=\"https:\/\/www.meydan.tv\/wp-content\/uploads\/img-20231129-wa0166-1200x675.jpg\" alt=\"\" class=\"wp-image-292042 lazyload\" src=\"data:image\/svg+xml;base64,PHN2ZyB3aWR0aD0iMSIgaGVpZ2h0PSIxIiB4bWxucz0iaHR0cDovL3d3dy53My5vcmcvMjAwMC9zdmciPjwvc3ZnPg==\" style=\"--smush-placeholder-width: 1200px; --smush-placeholder-aspect-ratio: 1200\/675;\" \/><\/figure>\n<\/div>\n\n\n<p>S\u0259b\u0259b is\u0259 m\u0259hsuldarl\u0131q v\u0259 qiym\u0259td\u0259n naraz\u0131 olmas\u0131d\u0131r. A\u011faclar\u0131 k\u0259sib yerind\u0259 t\u0259r\u0259v\u0259z \u0259k\u0259c\u0259yini deyir. Hans\u0131 ki ona da \u00fcmidli deyil.<\/p>\n\n\n\n<p><strong><em>&#8220;<\/em>Qiym\u0259ti niy\u0259 \u00f6ld\u00fcr\u00fcrl\u0259r?&#8221;<\/strong><\/p>\n\n\n\n<p>O, m\u0259hsulun xeyli hiss\u0259sinin \u00e7\u00fcr\u00fcd\u00fcy\u00fcn\u00fc deyir:<\/p>\n\n\n\n<p>&#8220;<em>Salamat m\u0259hsulu 15-20 q\u0259piy\u0259 sataca\u011famsa, ondansa t\u0259r\u0259v\u0259z \u0259k\u0259r\u0259m. He\u00e7 400 manat etmir ki, d\u0259rman\u0131n\u0131n pulunu \u00f6d\u0259sin. \u0130ki ayd\u0131r g\u00f6zl\u0259yir\u0259m ki, 2 tonu he\u00e7 olmasa, 80 q\u0259piy\u0259 v\u0259 ya 1 manata sat\u0131m. Qiym\u0259ti niy\u0259 \u00f6ld\u00fcr\u00fcrl\u0259r? Onsuz da k\u0259ndlinin bazar\u0131 \u00f6l\u00fcb&#8221;.<\/em><\/p>\n\n\n\n<p><strong><em>&#8220;<\/em>He\u00e7 20 q\u0259piy\u0259 ist\u0259mirl\u0259r&#8221;<\/strong><\/p>\n\n\n\n<p>Son iki ild\u0259 G\u00fcnd\u00fcz kimi y\u00fczl\u0259rl\u0259 k\u0259ndli n\u0259 m\u0259hsulunu bazara \u00e7\u0131xara, n\u0259 d\u0259 \u00e7\u0259kdiyi m\u0259sr\u0259f\u0259 uy\u011fun sata bilir.<\/p>\n\n\n\n<p>Onlar\u0131n s\u00f6zl\u0259rin\u0259 g\u00f6r\u0259, pay\u0131zl\u0131q meyv\u0259nin bazar\u0131 o q\u0259d\u0259r z\u0259ifdir ki, 5-6 il \u00f6nc\u0259 kiloqram\u0131 1-2 manata sat\u0131lan heyva indi 20 q\u0259piy\u0259 bel\u0259 daxili bazar al\u0131c\u0131lar\u0131n\u0131n mara\u011f\u0131nda deyil.<\/p>\n\n\n\n<p>L\u0259k\u00e7\u0131plaq k\u0259nd sakini Da\u015fq\u0131n \u018fliyev d\u0259 toplad\u0131\u011f\u0131 m\u0259hsulu sata bilm\u0259diyind\u0259n gileylidir.<\/p>\n\n\n<div class=\"wp-block-image\">\n<figure class=\"aligncenter size-large\"><img decoding=\"async\" width=\"1200\" height=\"675\" data-src=\"https:\/\/www.meydan.tv\/wp-content\/uploads\/img-20231129-wa0089-1200x675.jpg\" alt=\"\" class=\"wp-image-292036 lazyload\" src=\"data:image\/svg+xml;base64,PHN2ZyB3aWR0aD0iMSIgaGVpZ2h0PSIxIiB4bWxucz0iaHR0cDovL3d3dy53My5vcmcvMjAwMC9zdmciPjwvc3ZnPg==\" style=\"--smush-placeholder-width: 1200px; --smush-placeholder-aspect-ratio: 1200\/675;\" \/><\/figure>\n<\/div>\n\n\n<p>Dediyin\u0259 g\u00f6r\u0259, iki ayd\u0131r ki, m\u0259hsuluna al\u0131c\u0131 axtar\u0131r:<\/p>\n\n\n\n<p>&#8220;<em>\u00d6t\u0259n il 4 ton m\u0259hsuldan iki tonu m\u0259hv oldu, iki tonu kilosu 20 q\u0259piy\u0259 satd\u0131q. Rusiya bazar\u0131na al\u0131nm\u0131r. Ancaq se\u00e7m\u0259, \u0259la sort olsa, nadir halda 70-80 q\u0259piy\u0259 sat\u0131l\u0131r. Yanvardan sentyabra q\u0259d\u0259r qurd, q\u0131rm\u0131z\u0131 \u00e7il daxil m\u00fcxt\u0259lif x\u0259st\u0259likl\u0259r\u0259 qar\u015f\u0131 d\u0259rmanlar, pestisidl\u0259r vurmu\u015fuq. Bir d\u0259f\u0259 \u00e7il\u0259m\u0259si 50-60 manatd\u0131r. Ancaq bu il m\u0259hsul \u00e7ox keyfiyy\u0259tsiz olub. 100 a\u011faca min manatdan \u00e7ox x\u0259rcimiz \u00e7\u0131x\u0131b.&nbsp; He\u00e7 20 q\u0259piy\u0259 ist\u0259mirl\u0259r. Oktyabr\u0131n \u0259vv\u0259lind\u0259n y\u0131\u011fm\u0131\u015f\u0131q noyabra q\u0259d\u0259r 4 ton m\u0259hsuldan 1 tonu \u00e7\u00fcr\u00fcd\u00fc, 3 ton qal\u0131b. H\u0259l\u0259 1 tonu da a\u011facdan t\u00f6k\u00fcl\u00fcb yer\u0259 m\u0259hv olub, yen\u0259 d\u0259 \u00e7\u00fcr\u00fcy\u00fcr &#8220;, &#8211;<\/em> dey\u0259 k\u0259ndli z\u0259hm\u0259tinin bo\u015fa getdiyind\u0259n \u015fikay\u0259tl\u0259nir.<\/p>\n\n\n\n<p><strong>&#8220;Xurma daxili bazarda al\u0131nm\u0131r&#8221;<\/strong><\/p>\n\n\n\n<p>Xurman\u0131n&nbsp; xarici bazarda al\u0131c\u0131l\u0131\u011f\u0131&nbsp; nisb\u0259t\u0259n yax\u015f\u0131 olsa da, daxili bazarda sat\u0131\u015f qiym\u0259ti \u00fcr\u0259ka\u00e7an deyil. M\u0259hsuldarl\u0131q is\u0259 hava \u015f\u0259raitin\u0259 g\u00f6r\u0259 \u00f6t\u0259n il\u0259 nisb\u0259t\u0259n azd\u0131r.<\/p>\n\n\n\n<p>Xurman\u0131n&nbsp; istehsal\u0131 il\u0259 tan\u0131nan G\u00f6y\u00e7ay\u0131n Potu k\u0259ndind\u0259 sahibkarlar daha \u00e7ox m\u0259hsulu soyuducuda saxlay\u0131b yanvar-fevral aylar\u0131nda baha sat\u0131\u015f\u0131na nail olma\u011fa \u00e7al\u0131\u015f\u0131rlar:<\/p>\n\n\n<div class=\"wp-block-image\">\n<figure class=\"aligncenter size-large\"><img decoding=\"async\" width=\"1200\" height=\"675\" data-src=\"https:\/\/www.meydan.tv\/wp-content\/uploads\/img-20231129-wa0181-1200x675.jpg\" alt=\"\" class=\"wp-image-292048 lazyload\" src=\"data:image\/svg+xml;base64,PHN2ZyB3aWR0aD0iMSIgaGVpZ2h0PSIxIiB4bWxucz0iaHR0cDovL3d3dy53My5vcmcvMjAwMC9zdmciPjwvc3ZnPg==\" style=\"--smush-placeholder-width: 1200px; --smush-placeholder-aspect-ratio: 1200\/675;\" \/><\/figure>\n<\/div>\n\n\n<p>&#8220;<em>K\u0259ndimizd\u0259 1500 hektardan \u00e7ox sah\u0259d\u0259n tonlarla xurma istehsal olundu. \u00d6t\u0259n il\u0259 nisb\u0259t\u0259n h\u0259r a\u011facda 5-10 kiloqram az idi m\u0259hsul. Ya\u011f\u0131\u015f, k\u00fcl\u0259k \u00e7i\u00e7\u0259yi t\u00f6kd\u00fc yer\u0259. Qiym\u0259tl\u0259rd\u0259 is\u0259&nbsp; 3-5 manat f\u0259rq var. \u018fn yax\u015f\u0131 sort olan &#8220;\u015ei\u015fburun&#8221;un kiloqram\u0131 1 manata sat\u0131ld\u0131. Minumum qiym\u0259tl\u0259r 30-40 q\u0259piy\u0259dir. \u00dcmumilikd\u0259 kiloqram\u0131nda 40 q\u0259pik f\u0259rq var. Rusiyada da yax\u015f\u0131 n\u00f6v m\u0259hsul al\u0131n\u0131r. Xurma&nbsp; daxili bazarda al\u0131nm\u0131r. Y\u0259ni 20-30 q\u0259piyi ke\u00e7mir&#8221;.<\/em><\/p>\n\n\n\n<p><strong>&#8220;Logistika, g\u00f6mr\u00fck r\u00fcsumu \u00e7ox bahad\u0131r&#8221;<\/strong><\/p>\n\n\n\n<p>Rayonun daxili bazar\u0131nda qiym\u0259ti maksimum 30-35 q\u0259piy\u0259 olan heyva bol oldu\u011fundan al\u0131c\u0131l\u0131q qabiliyy\u0259ti a\u015fa\u011f\u0131d\u0131r.<\/p>\n\n\n\n<p>Bak\u0131 bazarlar\u0131nda is\u0259 qiym\u0259t\u00a0\u0259lli q\u0259pikd\u0259n \u00fc\u00e7 manata q\u0259d\u0259r d\u0259yi\u015fir.<\/p>\n\n\n\n<p>\u00d6lk\u0259d\u0259 heyvan\u0131n \u0259n \u00e7ox istehsal\u0131 il\u0259 tan\u0131nan A\u011fda\u015fda da v\u0259ziyy\u0259t eynidir.<\/p>\n\n\n\n<p>\u0130ll\u0259rdir ki, bu sah\u0259d\u0259 \u00e7al\u0131\u015fan, art\u0131q m\u0259hsulun brendini yaradan &#8220;L\u0259ki heyvas\u0131&#8221;n\u0131n istehsal\u00e7\u0131s\u0131 Baqi \u015e\u0131xm\u0259mm\u0259dov da daxili v\u0259 xarici&nbsp; bazar\u0131n k\u0259ndli \u00fc\u00e7\u00fcn \u0259lveri\u015fli olmad\u0131\u011f\u0131n\u0131 bildirir.<\/p>\n\n\n\n<p>M\u0259hsul brendl\u0259\u015f\u0259rs\u0259, ist\u0259r xaricd\u0259, ist\u0259r daxild\u0259 \u00f6z\u00fcn\u0259 layiqli al\u0131c\u0131 tapa bil\u0259r.<\/p>\n\n\n\n<p>2 hektar sah\u0259sind\u0259n 15 ton m\u0259hsul istehsal ed\u0259n fermer 25%-n\u0131n tam keyfiyy\u0259tli m\u0259hsul oldu\u011funu deyir.<\/p>\n\n\n\n<p>Rusiya bazar\u0131n\u0131n haz\u0131rda heyva m\u0259hsulu \u00fc\u00e7\u00fcn \u0259lveri\u015fli olmad\u0131\u011f\u0131n\u0131 qeyd edir.<\/p>\n\n\n\n<p>\u0130ndiki \u0259ziyy\u0259ti is\u0259 Avropa bazar\u0131na \u00e7\u0131xmaqd\u0131r ki, bunun da maddi \u00e7\u0259tinlikl\u0259ri v\u0259 mane\u0259si \u00e7oxdur:<\/p>\n\n\n<div class=\"wp-block-image\">\n<figure class=\"aligncenter size-large\"><img decoding=\"async\" width=\"1200\" height=\"675\" data-src=\"https:\/\/www.meydan.tv\/wp-content\/uploads\/img-20231129-wa0102-1200x675.jpg\" alt=\"\" class=\"wp-image-292033 lazyload\" src=\"data:image\/svg+xml;base64,PHN2ZyB3aWR0aD0iMSIgaGVpZ2h0PSIxIiB4bWxucz0iaHR0cDovL3d3dy53My5vcmcvMjAwMC9zdmciPjwvc3ZnPg==\" style=\"--smush-placeholder-width: 1200px; --smush-placeholder-aspect-ratio: 1200\/675;\" \/><\/figure>\n<\/div>\n\n\n<p><em>&#8220;2011-ci ild\u0259n &#8220;L\u0259ki heyvas\u0131&#8221; ad\u0131 il\u0259 m\u0259hsulu brendl\u0259\u015fdirdik. Art\u0131q tan\u0131n\u0131r, daha \u00e7ox \u00f6lk\u0259 daxilind\u0259 x\u00fcsusi al\u0131c\u0131lara Rusiya bazar qiym\u0259tin\u0259 sat\u0131ram. Ad\u0259t\u0259n, k\u0259ndlil\u0259rin t\u0259miz m\u0259hsulunu 50 q\u0259pik v\u0259 ya 1.50 q\u0259piy\u0259 al\u0131b 2-3 manat m\u0259bl\u0259\u011fin\u0259 q\u0259d\u0259r sat\u0131r\u0131q. Marketl\u0259r, iri ticar\u0259t \u015firk\u0259tl\u0259ri bizim 70-80 q\u0259piy\u0259 satd\u0131\u011f\u0131m\u0131z m\u0259hsulu g\u0259lib k\u0259ndd\u0259n 30-35 q\u0259piy\u0259 ucuz al\u0131b ad\u0131n\u0131 &#8220;k\u0259ndd\u0259n \u015f\u0259h\u0259r\u0259&#8221; ad\u0131 il\u0259 reklam edib baha\u00a0 sat\u0131rlar. Heyvadan heyva\u00a0kiseli,\u00a0kompotu haz\u0131rlay\u0131b sat\u0131r\u0131q brend ad\u0131 il\u0259. Qurdlu heyva 20-30 q\u0259pikdir, bu da\u00a0 baha sat\u0131lan d\u0259rman\u0131n\u00a0 keyfiyy\u0259tsiz olmas\u0131, ya d\u00fczg\u00fcn aqrotexniki qullu\u011fun olmamas\u0131\u00a0 il\u0259 ba\u011fl\u0131d\u0131r&#8221;.<\/em><\/p>\n\n\n\n<p>&#8220;<em>Marketl\u0259r, iri ticar\u0259t \u015f\u0259b\u0259k\u0259l\u0259ri\u00a0 iri \u015firk\u0259tl\u0259rin sald\u0131\u011f\u0131 meyv\u0259 ba\u011flar\u0131 il\u0259 m\u00fcqavil\u0259 ba\u011flay\u0131b onlar\u0131n geni modifikasiya olunmu\u015f m\u0259hsulunun sat\u0131\u015f\u0131n\u0131 edir. O da k\u0259ndlinin m\u0259hsuluna z\u0259rb\u0259dir. Rusiya bazar\u0131na bir d\u0259f\u0259 g\u00f6nd\u0259rdik s\u0259rf etm\u0259di. Odur ki, m\u0259n rubl d\u00fc\u015f\u00fcr, Rusiya bazar\u0131 al\u0131c\u0131l\u0131\u011f\u0131\u00a0 azald\u0131r v\u0259 Ukrayna bazar\u0131 yox dey\u0259 Avropa bazar\u0131na &#8220;L\u0259ki heyvas\u0131&#8221;n\u0131 \u00e7\u0131xarmaq ist\u0259yir\u0259m. Ancaq onu realiz\u0259 ed\u0259c\u0259k imkanlar\u0131m\u0131z v\u0259 \u015f\u0259xsl\u0259r yoxdur. \u00c7\u00fcnki logistika, g\u00f6mr\u00fck r\u00fcsumu \u00e7ox bahad\u0131r&#8221;, <\/em>-dey\u0259 o bildirib.<\/p>\n\n\n\n<p><strong><em>&#8220;<\/em>Qazanan sahibkarlar, iri ticar\u0259t \u015firk\u0259tl\u0259ri v\u0259 alver\u00e7il\u0259rdir&#8221;<\/strong><\/p>\n\n\n\n<p>G\u0259nc aqronom Azad Mahmudlu&nbsp; deyir ki, iri sahibkar v\u0259 fermerl\u0259r xarici bazar kimi Rusiyan\u0131&nbsp; v\u0259 daxili bazar\u0131 \u0259l\u0259 ke\u00e7irdiyind\u0259n k\u0259ndlil\u0259r iki ildir qazanc \u0259ld\u0259 ed\u0259 bilmir.<\/p>\n\n\n\n<p>Onun s\u00f6zl\u0259rin\u0259 g\u00f6r\u0259, tonlarla m\u0259hsul vaxt\u0131nda sat\u0131lmad\u0131\u011f\u0131ndan m\u0259hv olur, ya da uy\u011fun bazar tapmad\u0131\u011f\u0131ndan d\u0259y\u0259rind\u0259n \u00e7ox ucuz qiym\u0259t\u0259 sat\u0131l\u0131r:<\/p>\n\n\n\n<p><em>&#8220;Bu il heyva m\u0259hsulu normal idi, sad\u0259c\u0259, keyfiyy\u0259tli m\u0259hsul azd\u0131r. \u00c7\u00fcnki iqlim d\u0259yi\u015fikliyi v\u0259 keyfiyy\u0259tsiz d\u0259rmanlar m\u0259hsulun sa\u011flam yeti\u015fm\u0259sin\u0259 \u0259ng\u0259l olur. D\u0259rman alver\u00e7il\u0259ri d\u0259 \u00f6z biznesi namin\u0259 k\u0259ndliy\u0259 faydas\u0131z d\u0259rman\u0131, k\u00fcbr\u0259ni baha sat\u0131r o da n\u0259tic\u0259sini g\u00f6rm\u00fcr. Aqronom \u00e7at\u0131\u015fm\u0131r. Sat\u0131\u015fda is\u0259\u00a0alver\u00e7il\u0259r heyvan\u0131\u00a0 k\u0259ndlid\u0259n kiloqram\u0131n\u0131 20 q\u0259piy\u0259 al\u0131b\u00a0 1-1.50 q\u0259piy\u0259 sat\u0131r. \u0130ri ticar\u0259t \u015f\u0259b\u0259k\u0259sind\u0259 is\u0259 2-3 manata q\u0259d\u0259r y\u00fcks\u0259lir. Xurmada is\u0259 m\u0259hsul hektar\u0131\u00a0 10-15 sentner az olsa da, k\u0259ndlid\u0259n bir taxta qabla\u015fd\u0131rman\u0131 2-5 manata al\u0131b\u00a0 baha qiym\u0259t\u0259, h\u0259tta \u0259n baha sortunu 15 manata sat\u0131rlar. \u00d6t\u0259n ill\u0259 m\u00fcqayis\u0259d\u0259\u00a0 40-50 q\u0259pik f\u0259rq var. \u00d6lk\u0259 s\u0259rh\u0259dl\u0259rinin ba\u011fl\u0131 olmas\u0131, monopoliya, m\u00fcxt\u0259lif yollarla da\u015f\u0131nma k\u0259ndli \u00fc\u00e7\u00fcn \u0259l\u00e7atmaz oldu\u011fu \u00fc\u00e7\u00fcn daxili bazar\u0131n \u00fcmidin\u0259 qal\u0131r&#8221;.<\/em><\/p>\n\n\n<div class=\"wp-block-image\">\n<figure class=\"aligncenter size-large\"><img decoding=\"async\" width=\"1200\" height=\"675\" data-src=\"https:\/\/www.meydan.tv\/wp-content\/uploads\/img-20231129-wa0157-1200x675.jpg\" alt=\"\" class=\"wp-image-292039 lazyload\" src=\"data:image\/svg+xml;base64,PHN2ZyB3aWR0aD0iMSIgaGVpZ2h0PSIxIiB4bWxucz0iaHR0cDovL3d3dy53My5vcmcvMjAwMC9zdmciPjwvc3ZnPg==\" style=\"--smush-placeholder-width: 1200px; --smush-placeholder-aspect-ratio: 1200\/675;\" \/><\/figure>\n<\/div>\n\n\n<p>&#8220;<em>N\u00f6vb\u0259ti aylarda k\u0259ndli \u00fc\u00e7\u00fcn daha v\u0259ziyy\u0259t \u00e7\u0259tinl\u0259\u015f\u0259c\u0259k. Pay\u0131z m\u0259hsulu kimi nar\u0131n qiym\u0259ti 50-60 q\u0259pik G\u00f6y\u00e7ayda, dig\u0259r regionlardan is\u0259 20-30 q\u0259piy\u0259 al\u0131n\u0131r. Paket \u0259l n\u00f6v narlar ancaq 10 manat sat\u0131la bil\u0259r. Yen\u0259 qazanan sahibkarlar, iri ticar\u0259t \u015firk\u0259tl\u0259ri v\u0259 alver\u00e7il\u0259rdir. Sahibkar al\u0131r qoyur soyuducuya baha vaxt\u0131nda \u00e7\u0131xar\u0131b sat\u0131r. K\u0259ndliy\u0259, \u0259sas m\u0259hsul istehsal\u00e7\u0131s\u0131na bazar tapmaq laz\u0131md\u0131r&#8221;, &#8211;<\/em> aqronom bel\u0259 deyir.<\/p>\n\n\n\n<p><strong>&#8220;Bu proqram birba\u015fa al\u0131c\u0131 v\u0259 sat\u0131c\u0131 aras\u0131nda vasit\u0259\u00e7i olacaq&#8221;<\/strong><\/p>\n\n\n\n<p>G\u0259nc aqronom h\u0259mkar\u0131 il\u0259 birlikd\u0259 G\u00f6y\u00e7ay v\u0259 A\u011fda\u015f rayonun pay\u0131zl\u0131q m\u0259hsullar\u0131n\u0131n sat\u0131\u015f\u0131nda yaranan probleml\u0259\u00a0 ba\u011fl\u0131 yeni\u00a0bir layih\u0259 haz\u0131rlay\u0131b.<\/p>\n\n\n\n<p>Haz\u0131rlanan&nbsp; proqrama \u0259sas\u0259n k\u0259ndli ist\u0259r daxild\u0259, ist\u0259r xaricd\u0259 m\u0259hsulunun normal qiym\u0259t\u0259&nbsp; al\u0131c\u0131s\u0131n\u0131 tapacaq.<\/p>\n\n\n\n<p>Onun fikrinc\u0259, d\u00f6vl\u0259t d\u0259st\u0259k g\u00f6st\u0259rs\u0259, monopoliya mane olmazsa,\u00a0n\u00f6vb\u0259ti ilin fevral\u0131ndan layih\u0259 i\u015f\u0259 ba\u015flayacaq:<\/p>\n\n\n<div class=\"wp-block-image\">\n<figure class=\"aligncenter size-large\"><img decoding=\"async\" width=\"1200\" height=\"675\" data-src=\"https:\/\/www.meydan.tv\/wp-content\/uploads\/img-20231129-wa0231-1200x675.jpg\" alt=\"\" class=\"wp-image-292051 lazyload\" src=\"data:image\/svg+xml;base64,PHN2ZyB3aWR0aD0iMSIgaGVpZ2h0PSIxIiB4bWxucz0iaHR0cDovL3d3dy53My5vcmcvMjAwMC9zdmciPjwvc3ZnPg==\" style=\"--smush-placeholder-width: 1200px; --smush-placeholder-aspect-ratio: 1200\/675;\" \/><\/figure>\n<\/div>\n\n\n<p>&#8220;<em>K\u0259ndli\u00a0 iri \u015firk\u0259tl\u0259r\u0259, ticar\u0259t m\u0259rk\u0259zl\u0259rin\u0259 \u00e7ox uduzur. Onlar is\u0259 \u00e7ox qazan\u0131r. Biz iki g\u0259nc startap layih\u0259si haz\u0131rlad\u0131q ki, k\u0259ndli \u00f6z m\u0259hsuluna o proqram vasit\u0259sil\u0259\u00a0uy\u011fun bazar tap\u0131b normal qiym\u0259t\u0259 birba\u015fa sat\u0131\u015f etsin. Birba\u015fa ma\u011faza v\u0259 iri \u015firk\u0259tl\u0259rl\u0259 \u00f6z\u00fc \u0259laq\u0259 yarats\u0131n, daha d\u0259llalar, sahibkara mane olmas\u0131n. Bel\u0259 olanda kiloqram\u0131 2-3 manatdan \u00f6z\u00fcn\u0259 qala bil\u0259r. Ancaq xurma v\u0259 heyva m\u0259hsulu \u00fc\u00e7\u00fcn n\u0259z\u0259rd\u0259 tutulub. Nar deyil, \u00e7\u00fcnki t\u0259l\u0259batl\u0131 v\u0259 istehsal\u0131 \u00e7ox deyil. \u0130ki regionun A\u011fda\u015f v\u0259 G\u00f6y\u00e7ay\u0131n k\u0259ndlil\u0259rinin m\u0259hsulu n\u0259z\u0259rd\u0259 tutulub&#8221;.<\/em><\/p>\n\n\n\n<p><em>&#8220;M\u0259hsul \u00f6lk\u0259 daxilind\u0259, xarici bazarlardan is\u0259 Rusiya da daxil, T\u00fcrkiy\u0259, G\u00fcrc\u00fcstan, Qazax\u0131stan v\u0259 \u0130ran kimi \u00f6lk\u0259l\u0259r \u00fc\u00e7\u00fcn n\u0259z\u0259rd\u0259 tutulub. Bu proqram birba\u015fa al\u0131c\u0131 v\u0259 sat\u0131c\u0131 aras\u0131nda vasit\u0259\u00e7i olacaq. K\u0259ndlil\u0259r raz\u0131 olsa, qabla\u015fd\u0131rma v\u0259 yol x\u0259rci tutulacaq. O bazara, iqlim\u0259 d\u0259 uy\u011fun\u00a0 yerli tingl\u0259r, sortlar\u0131n da yeti\u015fdirilm\u0259si n\u0259z\u0259rd\u0259 tutulub. K\u0259nd T\u0259s\u0259rr\u00fcfat\u0131 Nazirliyin\u0259 t\u0259qdim ed\u0259c\u0259yik, d\u0259st\u0259kl\u0259s\u0259l\u0259r, fevral\u0131n birind\u0259n ba\u015flayaca\u011f\u0131q&#8221;, &#8211;<\/em> dey\u0259 Azad Mahmudlu bildirib.<\/p>\n\n\n\n<p><strong><em>&#8220;<\/em>Statistika: ixrac v\u0259 d\u0259y\u0259r azal\u0131b&#8221;<\/strong><\/p>\n\n\n\n<p>\u00d6t\u0259n il Az\u0259rbaycanda 13 min hektar xurma ba\u011flar\u0131ndan\u00a0113 milyon 371 min dollar d\u0259y\u0259rind\u0259 147 min 632 ton xurma ixrac edilib.<\/p>\n\n\n\n<p>2021-ci ill\u0259 m\u00fcqayis\u0259d\u0259 xurma ixrac\u0131 d\u0259y\u0259r ifad\u0259sind\u0259 10%, miqdar ifad\u0259sind\u0259 is\u0259 15.2% azal\u0131b.<\/p>\n\n\n<div class=\"wp-block-image\">\n<figure class=\"aligncenter size-large\"><img decoding=\"async\" width=\"1200\" height=\"675\" data-src=\"https:\/\/www.meydan.tv\/wp-content\/uploads\/img-20231129-wa0226-1200x675.jpg\" alt=\"\" class=\"wp-image-292054 lazyload\" src=\"data:image\/svg+xml;base64,PHN2ZyB3aWR0aD0iMSIgaGVpZ2h0PSIxIiB4bWxucz0iaHR0cDovL3d3dy53My5vcmcvMjAwMC9zdmciPjwvc3ZnPg==\" style=\"--smush-placeholder-width: 1200px; --smush-placeholder-aspect-ratio: 1200\/675;\" \/><\/figure>\n<\/div>\n\n\n<p>Bu ilin yanvar ay\u0131nda \u00f6lk\u0259d\u0259 10 milyon 813 min dollar d\u0259y\u0259rind\u0259 14 min ton xurma ixrac olunub.<\/p>\n\n\n\n<p>Onun da 13 min tonu, y\u0259ni 92 %-i Rusiyan\u0131n pay\u0131na d\u00fc\u015f\u00fcr.<\/p>\n\n\n\n<p><strong>&#8220;G\u00fcz\u0259\u015ftli ticar\u0259t m\u00fcqavil\u0259sinin imzalanmas\u0131 \u00e7ox vacibdir&#8221;<\/strong><\/p>\n\n\n\n<p>Bu ilin yanvar ay\u0131nda Az\u0259rbaycanda 8300 ton h\u0259cmind\u0259 alma, armud v\u0259 heyva ixrac olunub v\u0259 \u00f6t\u0259n ill\u0259 birlikd\u0259 \u00fcmumilikd\u0259 5 milyon dollar d\u0259y\u0259rind\u0259 g\u0259lir g\u00f6t\u00fcr\u00fcl\u00fcb.<\/p>\n\n\n\n<p>\u0130qtisad\u00e7\u0131 F\u0259rid Mehral\u0131zad\u0259 Meydan TV-y\u0259 deyir ki, ist\u0259r xurma, ist\u0259r heyva m\u0259hsulunun\u00a0 yaln\u0131z 10%-\u0131 daxili bazarda sat\u0131l\u0131r.<\/p>\n\n\n\n<p>H\u0259r iki m\u0259hsul \u00f6lk\u0259y\u0259 v\u0259 istehsal\u00e7\u0131ya g\u0259lir g\u0259tir\u0259 bil\u0259c\u0259k m\u0259hsul olsa da, xarici bazar kimi Rusiyadan as\u0131l\u0131l\u0131q siyasi v\u0259 iqtisadi riskl\u0259r yarad\u0131r, g\u0259liri azald\u0131r.<\/p>\n\n\n\n<p>Onun fikrinc\u0259, \u00f6lk\u0259d\u0259 monopoliya l\u0259\u011fv olunmal\u0131 v\u0259 Avropa \u0130ttifaq\u0131 bazarlar\u0131na yol a\u00e7\u0131lmal\u0131d\u0131r. G\u00fcz\u0259\u015ftli ticar\u0259t m\u00fcqavil\u0259si is\u0259 qa\u00e7\u0131lmazd\u0131r. \u018fks halda k\u0259ndlil\u0259r uzun ill\u0259r \u0259ziyy\u0259t \u00e7\u0259km\u0259li olacaq:<\/p>\n\n\n<div class=\"wp-block-image\">\n<figure class=\"alignleft size-large is-resized\"><img decoding=\"async\" data-src=\"https:\/\/www.meydan.tv\/wp-content\/uploads\/118784119_3295526013835916_6092828104091613031_n-e1640001508110-1059x821.jpg\" alt=\"\" class=\"wp-image-229778 lazyload\" style=\"--smush-placeholder-width: 1059px; --smush-placeholder-aspect-ratio: 1059\/821;width:328px;height:auto\" src=\"data:image\/svg+xml;base64,PHN2ZyB3aWR0aD0iMSIgaGVpZ2h0PSIxIiB4bWxucz0iaHR0cDovL3d3dy53My5vcmcvMjAwMC9zdmciPjwvc3ZnPg==\" \/><figcaption class=\"wp-element-caption\">F\u0259rid Mehral\u0131zad\u0259nin \u015f\u0259xsi arxivind\u0259n<\/figcaption><\/figure>\n<\/div>\n\n\n<p><em>&#8220;D\u00f6vl\u0259t\u00a0 \u00e7e\u015fidli bazar tap\u0131lmas\u0131nda meyv\u0259, t\u0259r\u0259v\u0259z istehsal\u00e7\u0131lar\u0131na yard\u0131m\u00e7\u0131 olmal\u0131d\u0131r. \u0130xracla ba\u011fl\u0131 v\u0259ziyy\u0259t \u00fcr\u0259ka\u00e7an deyil. \u00c7ox b\u00f6y\u00fck bazarlardan biri Avropa \u0130ttifaq\u0131d\u0131r. \u00c7\u00fcnki Az\u0259rbaycan\u0131n Avropa il\u0259 g\u00fcz\u0259\u015ftli ticar\u0259t haqq\u0131nda sazi\u015fi yoxdur. Baxmayaraq ki, qon\u015fu \u00f6lk\u0259l\u0259r Avropa \u0130ttifaq\u0131 il\u0259 bel\u0259 g\u00fcz\u0259\u015ftli ticar\u0259t imkanlar\u0131ndan yararlan\u0131r. Az\u0259rbaycan nadir \u00f6lk\u0259l\u0259rd\u0259ndir ki, \u00dcmumd\u00fcnya Ticar\u0259t T\u0259\u015fkilat\u0131na \u00fczv olmay\u0131b. \u00c7\u00fcnki maraql\u0131 olmay\u0131b. S\u0259b\u0259bi daxili ticar\u0259td\u0259, sahibkarl\u0131qdak\u0131 monopoliyad\u0131r. Bu maraqlar\u00a0 \u00f6lk\u0259 iqtisadiyyat\u0131n\u0131n liberalla\u015fmas\u0131na ciddi mane\u0259dir. G\u00fcz\u0259\u015ftli ticar\u0259t m\u00fcqavil\u0259sinin imzalanmas\u0131 \u00e7ox vacibdir ki, k\u0259ndlil\u0259r, fermerl\u0259r m\u0259hsulunu normal qiym\u0259t\u0259 v\u0259\u00a0uy\u011fun bazarda sat\u0131\u015f etsin&#8221;.<\/em><\/p>\n\n\n\n<p>&#8220;<em>K\u0259nd t\u0259s\u0259rr\u00fcfat\u0131 m\u0259hsullar\u0131n\u0131n emal\u0131 da z\u0259if t\u0259\u015fkil olunub. Daha \u00e7ox meyv\u0259 t\u0259r\u0259v\u0259zin \u00f6z\u00fc ixrac edilir, halbuki \u00f6lk\u0259d\u0259 s\u0259naye inki\u015faf ets\u0259ydi, h\u0259min meyv\u0259 t\u0259r\u0259v\u0259zl\u0259rd\u0259n dig\u0259r qida m\u0259hsullar\u0131 haz\u0131rlan\u0131b ixrac\u0131 da \u00f6lk\u0259y\u0259 \u0259lav\u0259 g\u0259lir g\u0259tir\u0259 bil\u0259rdi&#8221;, <\/em>&#8211; F\u0259rid Mehral\u0131zad\u0259 bel\u0259 deyir.<\/p>\n","protected":false},"excerpt":{"rendered":"<p>\u0130qtisad\u00e7\u0131 \u0259sas problemi monopoliyada g\u00f6r\u00fcr \u0130qtisad\u00e7\u0131: daxili ticar\u0259td\u0259 v\u0259 sahibkarl\u0131qda &#8230; <\/p>\n<p class=\"read-more-container\"><a title=\"G\u00f6y\u00e7ay v\u0259 A\u011fda\u015fdan \u015fikay\u0259t var: &#8220;K\u0259ndlinin bazar\u0131 \u00f6l\u00fcb&#8221;\" class=\"read-more button\" href=\"https:\/\/www.meydan.tv\/az\/article\/goycay-ve-agdasdan-sikayet-var-kendlinin-bazari-olub\/#more-292057\" aria-label=\"Read more about G\u00f6y\u00e7ay v\u0259 A\u011fda\u015fdan \u015fikay\u0259t var: &#8220;K\u0259ndlinin bazar\u0131 \u00f6l\u00fcb&#8221;\">Davam\u0131<\/a><\/p>\n","protected":false},"author":8,"featured_media":292045,"comment_status":"closed","ping_status":"closed","sticky":false,"template":"","format":"standard","meta":{"_acf_changed":false,"_sitemap_exclude":false,"_sitemap_priority":"","_sitemap_frequency":"","footnotes":""},"categories":[60,79,56],"tags":[],"class_list":["post-292057","post","type-post","status-publish","format-standard","has-post-thumbnail","hentry","category-bolge","category-featured","category-xeberler","infinite-scroll-item","generate-columns","tablet-grid-50","mobile-grid-100","grid-parent","grid-33","no-featured-image-padding"],"acf":[],"yoast_head":"<!-- This site is optimized with the Yoast SEO plugin v27.4 - https:\/\/yoast.com\/product\/yoast-seo-wordpress\/ -->\n<title>G\u00f6y\u00e7ay v\u0259 A\u011fda\u015fdan \u015fikay\u0259t var: &quot;K\u0259ndlinin bazar\u0131 \u00f6l\u00fcb&quot; - MEYDAN.TV<\/title>\n<meta name=\"robots\" content=\"index, follow, max-snippet:-1, max-image-preview:large, max-video-preview:-1\" \/>\n<link rel=\"canonical\" href=\"https:\/\/www.meydan.tv\/az\/article\/goycay-ve-agdasdan-sikayet-var-kendlinin-bazari-olub\/\" \/>\n<meta property=\"og:locale\" content=\"az_AZ\" \/>\n<meta property=\"og:type\" content=\"article\" \/>\n<meta property=\"og:title\" content=\"G\u00f6y\u00e7ay v\u0259 A\u011fda\u015fdan \u015fikay\u0259t var: &quot;K\u0259ndlinin bazar\u0131 \u00f6l\u00fcb&quot; - MEYDAN.TV\" \/>\n<meta property=\"og:description\" content=\"\u0130qtisad\u00e7\u0131 \u0259sas problemi monopoliyada g\u00f6r\u00fcr \u0130qtisad\u00e7\u0131: daxili ticar\u0259td\u0259 v\u0259 sahibkarl\u0131qda ... Davam\u0131\" \/>\n<meta property=\"og:url\" content=\"https:\/\/www.meydan.tv\/az\/article\/goycay-ve-agdasdan-sikayet-var-kendlinin-bazari-olub\/\" \/>\n<meta property=\"og:site_name\" content=\"MEYDAN.TV\" \/>\n<meta property=\"article:published_time\" content=\"2023-12-04T18:32:10+00:00\" \/>\n<meta property=\"article:modified_time\" content=\"2023-12-04T20:03:36+00:00\" \/>\n<meta property=\"og:image\" content=\"https:\/\/www.meydan.tv\/wp-content\/uploads\/img-20231129-wa0173.jpg\" \/>\n\t<meta property=\"og:image:width\" content=\"1280\" \/>\n\t<meta property=\"og:image:height\" content=\"720\" \/>\n\t<meta property=\"og:image:type\" content=\"image\/jpeg\" \/>\n<meta name=\"author\" content=\"elli\" \/>\n<meta name=\"twitter:card\" content=\"summary_large_image\" \/>\n<meta name=\"twitter:creator\" content=\"@elli\" \/>\n<script type=\"application\/ld+json\" class=\"yoast-schema-graph\">{\"@context\":\"https:\\\/\\\/schema.org\",\"@graph\":[{\"@type\":\"Article\",\"@id\":\"https:\\\/\\\/www.meydan.tv\\\/az\\\/article\\\/goycay-ve-agdasdan-sikayet-var-kendlinin-bazari-olub\\\/#article\",\"isPartOf\":{\"@id\":\"https:\\\/\\\/www.meydan.tv\\\/az\\\/article\\\/goycay-ve-agdasdan-sikayet-var-kendlinin-bazari-olub\\\/\"},\"author\":{\"name\":\"elli\",\"@id\":\"https:\\\/\\\/www.meydan.tv\\\/az\\\/#\\\/schema\\\/person\\\/9cdbecf90d17180ce1dfbd95b08dcf47\"},\"headline\":\"G\u00f6y\u00e7ay v\u0259 A\u011fda\u015fdan \u015fikay\u0259t var: &#8220;K\u0259ndlinin bazar\u0131 \u00f6l\u00fcb&#8221;\",\"datePublished\":\"2023-12-04T18:32:10+00:00\",\"dateModified\":\"2023-12-04T20:03:36+00:00\",\"mainEntityOfPage\":{\"@id\":\"https:\\\/\\\/www.meydan.tv\\\/az\\\/article\\\/goycay-ve-agdasdan-sikayet-var-kendlinin-bazari-olub\\\/\"},\"wordCount\":2306,\"publisher\":{\"@id\":\"https:\\\/\\\/www.meydan.tv\\\/az\\\/#organization\"},\"image\":{\"@id\":\"https:\\\/\\\/www.meydan.tv\\\/az\\\/article\\\/goycay-ve-agdasdan-sikayet-var-kendlinin-bazari-olub\\\/#primaryimage\"},\"thumbnailUrl\":\"https:\\\/\\\/www.meydan.tv\\\/wp-content\\\/uploads\\\/img-20231129-wa0173.jpg\",\"articleSection\":[\"B\u00f6lg\u0259\",\"T\u00f6vsiy\u0259\",\"X\u0259b\u0259rl\u0259r\"],\"inLanguage\":\"az\"},{\"@type\":\"WebPage\",\"@id\":\"https:\\\/\\\/www.meydan.tv\\\/az\\\/article\\\/goycay-ve-agdasdan-sikayet-var-kendlinin-bazari-olub\\\/\",\"url\":\"https:\\\/\\\/www.meydan.tv\\\/az\\\/article\\\/goycay-ve-agdasdan-sikayet-var-kendlinin-bazari-olub\\\/\",\"name\":\"G\u00f6y\u00e7ay v\u0259 A\u011fda\u015fdan \u015fikay\u0259t var: \\\"K\u0259ndlinin bazar\u0131 \u00f6l\u00fcb\\\" - MEYDAN.TV\",\"isPartOf\":{\"@id\":\"https:\\\/\\\/www.meydan.tv\\\/az\\\/#website\"},\"primaryImageOfPage\":{\"@id\":\"https:\\\/\\\/www.meydan.tv\\\/az\\\/article\\\/goycay-ve-agdasdan-sikayet-var-kendlinin-bazari-olub\\\/#primaryimage\"},\"image\":{\"@id\":\"https:\\\/\\\/www.meydan.tv\\\/az\\\/article\\\/goycay-ve-agdasdan-sikayet-var-kendlinin-bazari-olub\\\/#primaryimage\"},\"thumbnailUrl\":\"https:\\\/\\\/www.meydan.tv\\\/wp-content\\\/uploads\\\/img-20231129-wa0173.jpg\",\"datePublished\":\"2023-12-04T18:32:10+00:00\",\"dateModified\":\"2023-12-04T20:03:36+00:00\",\"breadcrumb\":{\"@id\":\"https:\\\/\\\/www.meydan.tv\\\/az\\\/article\\\/goycay-ve-agdasdan-sikayet-var-kendlinin-bazari-olub\\\/#breadcrumb\"},\"inLanguage\":\"az\",\"potentialAction\":[{\"@type\":\"ReadAction\",\"target\":[\"https:\\\/\\\/www.meydan.tv\\\/az\\\/article\\\/goycay-ve-agdasdan-sikayet-var-kendlinin-bazari-olub\\\/\"]}]},{\"@type\":\"ImageObject\",\"inLanguage\":\"az\",\"@id\":\"https:\\\/\\\/www.meydan.tv\\\/az\\\/article\\\/goycay-ve-agdasdan-sikayet-var-kendlinin-bazari-olub\\\/#primaryimage\",\"url\":\"https:\\\/\\\/www.meydan.tv\\\/wp-content\\\/uploads\\\/img-20231129-wa0173.jpg\",\"contentUrl\":\"https:\\\/\\\/www.meydan.tv\\\/wp-content\\\/uploads\\\/img-20231129-wa0173.jpg\",\"width\":1280,\"height\":720,\"caption\":\"Fotolar: Meydan TV\"},{\"@type\":\"BreadcrumbList\",\"@id\":\"https:\\\/\\\/www.meydan.tv\\\/az\\\/article\\\/goycay-ve-agdasdan-sikayet-var-kendlinin-bazari-olub\\\/#breadcrumb\",\"itemListElement\":[{\"@type\":\"ListItem\",\"position\":1,\"name\":\"Ana s\u0259hif\u0259\",\"item\":\"https:\\\/\\\/www.meydan.tv\\\/az\\\/\"},{\"@type\":\"ListItem\",\"position\":2,\"name\":\"B\u00f6lg\u0259\",\"item\":\"https:\\\/\\\/www.meydan.tv\\\/az\\\/section\\\/bolge\\\/\"},{\"@type\":\"ListItem\",\"position\":3,\"name\":\"G\u00f6y\u00e7ay v\u0259 A\u011fda\u015fdan \u015fikay\u0259t var: &#8220;K\u0259ndlinin bazar\u0131 \u00f6l\u00fcb&#8221;\"}]},{\"@type\":\"WebSite\",\"@id\":\"https:\\\/\\\/www.meydan.tv\\\/az\\\/#website\",\"url\":\"https:\\\/\\\/www.meydan.tv\\\/az\\\/\",\"name\":\"MEYDAN.TV\",\"description\":\"Meydan TV Az\u0259rbaycan\u0131n media m\u0259kan\u0131ndak\u0131 alternativ s\u0259sidir\",\"publisher\":{\"@id\":\"https:\\\/\\\/www.meydan.tv\\\/az\\\/#organization\"},\"potentialAction\":[{\"@type\":\"SearchAction\",\"target\":{\"@type\":\"EntryPoint\",\"urlTemplate\":\"https:\\\/\\\/www.meydan.tv\\\/az\\\/?s={search_term_string}\"},\"query-input\":{\"@type\":\"PropertyValueSpecification\",\"valueRequired\":true,\"valueName\":\"search_term_string\"}}],\"inLanguage\":\"az\"},{\"@type\":\"Organization\",\"@id\":\"https:\\\/\\\/www.meydan.tv\\\/az\\\/#organization\",\"name\":\"Meydan TV\",\"url\":\"https:\\\/\\\/www.meydan.tv\\\/az\\\/\",\"logo\":{\"@type\":\"ImageObject\",\"inLanguage\":\"az\",\"@id\":\"https:\\\/\\\/www.meydan.tv\\\/az\\\/#\\\/schema\\\/logo\\\/image\\\/\",\"url\":\"https:\\\/\\\/www.meydan.tv\\\/wp-content\\\/uploads\\\/2021\\\/07\\\/meydan-logo.svg\",\"contentUrl\":\"https:\\\/\\\/www.meydan.tv\\\/wp-content\\\/uploads\\\/2021\\\/07\\\/meydan-logo.svg\",\"width\":195,\"height\":46,\"caption\":\"Meydan TV\"},\"image\":{\"@id\":\"https:\\\/\\\/www.meydan.tv\\\/az\\\/#\\\/schema\\\/logo\\\/image\\\/\"}},{\"@type\":\"Person\",\"@id\":\"https:\\\/\\\/www.meydan.tv\\\/az\\\/#\\\/schema\\\/person\\\/9cdbecf90d17180ce1dfbd95b08dcf47\",\"name\":\"elli\",\"sameAs\":[\"https:\\\/\\\/x.com\\\/elli\"]}]}<\/script>\n<!-- \/ Yoast SEO plugin. -->","yoast_head_json":{"title":"G\u00f6y\u00e7ay v\u0259 A\u011fda\u015fdan \u015fikay\u0259t var: \"K\u0259ndlinin bazar\u0131 \u00f6l\u00fcb\" - MEYDAN.TV","robots":{"index":"index","follow":"follow","max-snippet":"max-snippet:-1","max-image-preview":"max-image-preview:large","max-video-preview":"max-video-preview:-1"},"canonical":"https:\/\/www.meydan.tv\/az\/article\/goycay-ve-agdasdan-sikayet-var-kendlinin-bazari-olub\/","og_locale":"az_AZ","og_type":"article","og_title":"G\u00f6y\u00e7ay v\u0259 A\u011fda\u015fdan \u015fikay\u0259t var: \"K\u0259ndlinin bazar\u0131 \u00f6l\u00fcb\" - MEYDAN.TV","og_description":"\u0130qtisad\u00e7\u0131 \u0259sas problemi monopoliyada g\u00f6r\u00fcr \u0130qtisad\u00e7\u0131: daxili ticar\u0259td\u0259 v\u0259 sahibkarl\u0131qda ... Davam\u0131","og_url":"https:\/\/www.meydan.tv\/az\/article\/goycay-ve-agdasdan-sikayet-var-kendlinin-bazari-olub\/","og_site_name":"MEYDAN.TV","article_published_time":"2023-12-04T18:32:10+00:00","article_modified_time":"2023-12-04T20:03:36+00:00","og_image":[{"width":1280,"height":720,"url":"https:\/\/www.meydan.tv\/wp-content\/uploads\/img-20231129-wa0173.jpg","type":"image\/jpeg"}],"author":"elli","twitter_card":"summary_large_image","twitter_creator":"@elli","schema":{"@context":"https:\/\/schema.org","@graph":[{"@type":"Article","@id":"https:\/\/www.meydan.tv\/az\/article\/goycay-ve-agdasdan-sikayet-var-kendlinin-bazari-olub\/#article","isPartOf":{"@id":"https:\/\/www.meydan.tv\/az\/article\/goycay-ve-agdasdan-sikayet-var-kendlinin-bazari-olub\/"},"author":{"name":"elli","@id":"https:\/\/www.meydan.tv\/az\/#\/schema\/person\/9cdbecf90d17180ce1dfbd95b08dcf47"},"headline":"G\u00f6y\u00e7ay v\u0259 A\u011fda\u015fdan \u015fikay\u0259t var: &#8220;K\u0259ndlinin bazar\u0131 \u00f6l\u00fcb&#8221;","datePublished":"2023-12-04T18:32:10+00:00","dateModified":"2023-12-04T20:03:36+00:00","mainEntityOfPage":{"@id":"https:\/\/www.meydan.tv\/az\/article\/goycay-ve-agdasdan-sikayet-var-kendlinin-bazari-olub\/"},"wordCount":2306,"publisher":{"@id":"https:\/\/www.meydan.tv\/az\/#organization"},"image":{"@id":"https:\/\/www.meydan.tv\/az\/article\/goycay-ve-agdasdan-sikayet-var-kendlinin-bazari-olub\/#primaryimage"},"thumbnailUrl":"https:\/\/www.meydan.tv\/wp-content\/uploads\/img-20231129-wa0173.jpg","articleSection":["B\u00f6lg\u0259","T\u00f6vsiy\u0259","X\u0259b\u0259rl\u0259r"],"inLanguage":"az"},{"@type":"WebPage","@id":"https:\/\/www.meydan.tv\/az\/article\/goycay-ve-agdasdan-sikayet-var-kendlinin-bazari-olub\/","url":"https:\/\/www.meydan.tv\/az\/article\/goycay-ve-agdasdan-sikayet-var-kendlinin-bazari-olub\/","name":"G\u00f6y\u00e7ay v\u0259 A\u011fda\u015fdan \u015fikay\u0259t var: \"K\u0259ndlinin bazar\u0131 \u00f6l\u00fcb\" - MEYDAN.TV","isPartOf":{"@id":"https:\/\/www.meydan.tv\/az\/#website"},"primaryImageOfPage":{"@id":"https:\/\/www.meydan.tv\/az\/article\/goycay-ve-agdasdan-sikayet-var-kendlinin-bazari-olub\/#primaryimage"},"image":{"@id":"https:\/\/www.meydan.tv\/az\/article\/goycay-ve-agdasdan-sikayet-var-kendlinin-bazari-olub\/#primaryimage"},"thumbnailUrl":"https:\/\/www.meydan.tv\/wp-content\/uploads\/img-20231129-wa0173.jpg","datePublished":"2023-12-04T18:32:10+00:00","dateModified":"2023-12-04T20:03:36+00:00","breadcrumb":{"@id":"https:\/\/www.meydan.tv\/az\/article\/goycay-ve-agdasdan-sikayet-var-kendlinin-bazari-olub\/#breadcrumb"},"inLanguage":"az","potentialAction":[{"@type":"ReadAction","target":["https:\/\/www.meydan.tv\/az\/article\/goycay-ve-agdasdan-sikayet-var-kendlinin-bazari-olub\/"]}]},{"@type":"ImageObject","inLanguage":"az","@id":"https:\/\/www.meydan.tv\/az\/article\/goycay-ve-agdasdan-sikayet-var-kendlinin-bazari-olub\/#primaryimage","url":"https:\/\/www.meydan.tv\/wp-content\/uploads\/img-20231129-wa0173.jpg","contentUrl":"https:\/\/www.meydan.tv\/wp-content\/uploads\/img-20231129-wa0173.jpg","width":1280,"height":720,"caption":"Fotolar: Meydan TV"},{"@type":"BreadcrumbList","@id":"https:\/\/www.meydan.tv\/az\/article\/goycay-ve-agdasdan-sikayet-var-kendlinin-bazari-olub\/#breadcrumb","itemListElement":[{"@type":"ListItem","position":1,"name":"Ana s\u0259hif\u0259","item":"https:\/\/www.meydan.tv\/az\/"},{"@type":"ListItem","position":2,"name":"B\u00f6lg\u0259","item":"https:\/\/www.meydan.tv\/az\/section\/bolge\/"},{"@type":"ListItem","position":3,"name":"G\u00f6y\u00e7ay v\u0259 A\u011fda\u015fdan \u015fikay\u0259t var: &#8220;K\u0259ndlinin bazar\u0131 \u00f6l\u00fcb&#8221;"}]},{"@type":"WebSite","@id":"https:\/\/www.meydan.tv\/az\/#website","url":"https:\/\/www.meydan.tv\/az\/","name":"MEYDAN.TV","description":"Meydan TV Az\u0259rbaycan\u0131n media m\u0259kan\u0131ndak\u0131 alternativ s\u0259sidir","publisher":{"@id":"https:\/\/www.meydan.tv\/az\/#organization"},"potentialAction":[{"@type":"SearchAction","target":{"@type":"EntryPoint","urlTemplate":"https:\/\/www.meydan.tv\/az\/?s={search_term_string}"},"query-input":{"@type":"PropertyValueSpecification","valueRequired":true,"valueName":"search_term_string"}}],"inLanguage":"az"},{"@type":"Organization","@id":"https:\/\/www.meydan.tv\/az\/#organization","name":"Meydan TV","url":"https:\/\/www.meydan.tv\/az\/","logo":{"@type":"ImageObject","inLanguage":"az","@id":"https:\/\/www.meydan.tv\/az\/#\/schema\/logo\/image\/","url":"https:\/\/www.meydan.tv\/wp-content\/uploads\/2021\/07\/meydan-logo.svg","contentUrl":"https:\/\/www.meydan.tv\/wp-content\/uploads\/2021\/07\/meydan-logo.svg","width":195,"height":46,"caption":"Meydan TV"},"image":{"@id":"https:\/\/www.meydan.tv\/az\/#\/schema\/logo\/image\/"}},{"@type":"Person","@id":"https:\/\/www.meydan.tv\/az\/#\/schema\/person\/9cdbecf90d17180ce1dfbd95b08dcf47","name":"elli","sameAs":["https:\/\/x.com\/elli"]}]}},"_links":{"self":[{"href":"https:\/\/www.meydan.tv\/az\/wp-json\/wp\/v2\/posts\/292057","targetHints":{"allow":["GET"]}}],"collection":[{"href":"https:\/\/www.meydan.tv\/az\/wp-json\/wp\/v2\/posts"}],"about":[{"href":"https:\/\/www.meydan.tv\/az\/wp-json\/wp\/v2\/types\/post"}],"author":[{"embeddable":true,"href":"https:\/\/www.meydan.tv\/az\/wp-json\/wp\/v2\/users\/8"}],"replies":[{"embeddable":true,"href":"https:\/\/www.meydan.tv\/az\/wp-json\/wp\/v2\/comments?post=292057"}],"version-history":[{"count":4,"href":"https:\/\/www.meydan.tv\/az\/wp-json\/wp\/v2\/posts\/292057\/revisions"}],"predecessor-version":[{"id":292074,"href":"https:\/\/www.meydan.tv\/az\/wp-json\/wp\/v2\/posts\/292057\/revisions\/292074"}],"wp:featuredmedia":[{"embeddable":true,"href":"https:\/\/www.meydan.tv\/az\/wp-json\/wp\/v2\/media\/292045"}],"wp:attachment":[{"href":"https:\/\/www.meydan.tv\/az\/wp-json\/wp\/v2\/media?parent=292057"}],"wp:term":[{"taxonomy":"category","embeddable":true,"href":"https:\/\/www.meydan.tv\/az\/wp-json\/wp\/v2\/categories?post=292057"},{"taxonomy":"post_tag","embeddable":true,"href":"https:\/\/www.meydan.tv\/az\/wp-json\/wp\/v2\/tags?post=292057"}],"curies":[{"name":"wp","href":"https:\/\/api.w.org\/{rel}","templated":true}]}}