{"id":292028,"date":"2023-12-04T20:07:06","date_gmt":"2023-12-04T16:07:06","guid":{"rendered":"https:\/\/www.meydan.tv\/?p=292028"},"modified":"2023-12-04T20:07:09","modified_gmt":"2023-12-04T16:07:09","slug":"polisin-doyduyu-usagin-atasi-hebs-olundu","status":"publish","type":"post","link":"https:\/\/www.meydan.tv\/az\/article\/polisin-doyduyu-usagin-atasi-hebs-olundu\/","title":{"rendered":"Polisin d\u00f6yd\u00fcy\u00fc u\u015fa\u011f\u0131n atas\u0131 h\u0259bs olundu"},"content":{"rendered":"\n<p><\/p>\n\n\n\n<p><strong><em>S\u0259xav\u0259t v\u0259 Eld\u0259niz A\u011fayev qarda\u015flar\u0131 xuliqanl\u0131q, polis\u0259 qar\u015f\u0131 zorak\u0131l\u0131qda ittiham edilir<\/em><\/strong><\/p>\n\n\n\n<p>Q\u0259b\u0259l\u0259nin V\u0259ndam q\u0259s\u0259b\u0259sind\u0259 polisin yer\u0259 y\u0131x\u0131b, t\u0259pikl\u0259 d\u00f6yd\u00fcy\u00fc 12 ya\u015fl\u0131 D\u0259niz A\u011fayevin atas\u0131 h\u0259bs olunub, \u0259misi is\u0259 ev dustaql\u0131\u011f\u0131na burax\u0131l\u0131b. Bu bar\u0259d\u0259 Ba\u015f Prokurorluq v\u0259 Daxili \u0130\u015fl\u0259r Nazirliyi birg\u0259 m\u0259lumat yay\u0131b.<\/p>\n\n\n\n<p>S\u0259xav\u0259t v\u0259 Eld\u0259niz A\u011fayev qarda\u015flar\u0131 xuliqanl\u0131q, polis\u0259 qar\u015f\u0131 zorak\u0131l\u0131q kimi \u0259m\u0259ll\u0259rd\u0259 ittiham olunur.<\/p>\n\n\n\n<p>U\u015fa\u011f\u0131n atas\u0131 &#8211; 1974-c\u00fc il t\u0259v\u0259ll\u00fcdl\u00fc Eld\u0259niz A\u011fayev\u0259 Cinay\u0259t M\u0259cll\u0259sinin 221.3 (silah qismind\u0259 istifad\u0259 olunan \u0259\u015fyalardan istifad\u0259 edilm\u0259kl\u0259 xuliqanl\u0131q) v\u0259 315-ci (hakimiyy\u0259t n\u00fcmay\u0259nd\u0259sin\u0259 qar\u015f\u0131 m\u00fcqavim\u0259t g\u00f6st\u0259rm\u0259 v\u0259 ya zor t\u0259tbiq etm\u0259) madd\u0259l\u0259ril\u0259 ittiham verilib. <\/p>\n\n\n\n<p>Onun qarda\u015f\u0131 &#8211; 1981-ci il t\u0259v\u0259ll\u00fcdl\u00fc S\u0259xav\u0259t A\u011fayev is\u0259 Cinay\u0259t\u00a0 M\u0259c\u0259ll\u0259sinin 221.2.1, 221.2.2\u00a0 (bir qrup \u015f\u0259xs t\u0259r\u0259find\u0259n, v\u0259zif\u0259sini yerin\u0259 yetir\u0259n \u015f\u0259xs\u0259 m\u00fcqavim\u0259t g\u00f6st\u0259rm\u0259kl\u0259 xuliqanl\u0131q) v\u0259 315-ci madd\u0259l\u0259ril\u0259 ittiham olunur.<\/p>\n\n\n\n<p>\u0130ddia olunur ki, u\u015fa\u011f\u0131n \u0259misi &#8211; 42 ya\u015fl\u0131 S\u0259xav\u0259t A\u011fayev dekabr\u0131n 2-d\u0259 V\u0259ndam q\u0259s\u0259b\u0259sind\u0259 s\u0259rxo\u015f v\u0259ziyy\u0259td\u0259, etibarnam\u0259 olmadan avtomobil s\u00fcrd\u00fcy\u00fcn\u0259 g\u00f6r\u0259 saxlan\u0131l\u0131b. H\u0259min vaxt qarda\u015f\u0131 &#8211; 49 ya\u015fl\u0131 Eld\u0259niz A\u011fayev d\u0259 ma\u015f\u0131nda olub v\u0259 onlar polisl\u0259r\u0259 tabe olmay\u0131blar.<\/p>\n\n\n\n<p><em>&#8220;&#8230;polis \u0259m\u0259kda\u015flar\u0131n\u0131n qanuni t\u0259l\u0259bl\u0259rin\u0259 tabe olmay\u0131b, onlara da\u015f par\u00e7as\u0131, yumruq v\u0259 t\u0259pikl\u0259 x\u0259sar\u0259t yetir\u0259r\u0259k, q\u0259r\u0259zli xuliqanl\u0131q h\u0259r\u0259k\u0259tl\u0259ril\u0259 m\u00fcqavim\u0259t g\u00f6st\u0259rm\u0259l\u0259rin\u0259 v\u0259 Q\u0259b\u0259l\u0259 Rayon Polis \u015e\u00f6b\u0259sin\u0259 m\u0259xsus avtomobili z\u0259d\u0259l\u0259m\u0259l\u0259rin\u0259 \u0259sasl\u0131 \u015f\u00fcbh\u0259l\u0259r m\u00fc\u0259yy\u0259n edilib&#8221;<\/em>, &#8211; Ba\u015f Prokurorluq v\u0259 Daxili \u0130\u015fl\u0259r Nazirliyinin birg\u0259 m\u0259lumat\u0131nda bel\u0259 deyilir.<\/p>\n\n\n\n<p>Dekabr\u0131n 2-d\u0259 saxlan\u0131lan A\u011fayev qarda\u015flar\u0131 dekabr\u0131n 4-d\u0259 Q\u0259b\u0259l\u0259 Rayon M\u0259hk\u0259m\u0259sind\u0259 hakim qar\u015f\u0131s\u0131na \u00e7\u0131xar\u0131l\u0131b. \u0130lkin istintaq d\u00f6vr\u00fc \u00fc\u00e7\u00fcn Eld\u0259niz A\u011fayev haqq\u0131nda h\u0259bs, S\u0259xav\u0259t A\u011fayev haqq\u0131nda is\u0259 ev dustaql\u0131\u011f\u0131 q\u0259timkan t\u0259dbiri se\u00e7ilib.<\/p>\n\n\n\n<p>Dekabr\u0131n 3-d\u0259 sosial \u015f\u0259b\u0259k\u0259l\u0259rd\u0259 polisin u\u015fa\u011f\u0131 yer\u0259 y\u0131x\u0131b t\u0259pikl\u0259diyini \u0259ks etdir\u0259n videog\u00f6r\u00fcnt\u00fcl\u0259r yay\u0131l\u0131b. El\u0259 h\u0259min g\u00f6r\u00fcnt\u00fcl\u0259rd\u0259 dig\u0259r polis bir n\u0259f\u0259ri d\u0259 zorak\u0131l\u0131qla Post-Patrul Xidm\u0259tinin ma\u015f\u0131n\u0131na mindirm\u0259y\u0259 \u00e7al\u0131\u015f\u0131r. M\u0259lum olub ki, g\u00f6r\u00fcnt\u00fcl\u0259rd\u0259 polisl\u0259rin d\u00f6yd\u00fcy\u00fc 12 ya\u015fl\u0131 D\u0259niz A\u011fayev v\u0259 atas\u0131d\u0131r.<\/p>\n\n\n\n<p><em>&#8220;Dekabr\u0131n 2-d\u0259 D\u0259nizin ad g\u00fcn\u00fc idi, 12 ya\u015f\u0131 tamam oldu. Polisl\u0259r atas\u0131n\u0131 g\u00f6t\u00fcr\u00fcb aparmaq ist\u0259y\u0259nd\u0259 u\u015faq a\u011flama\u011fa ba\u015flay\u0131b. U\u015fa\u011f\u0131n g\u00f6z\u00fcn\u00fcn qar\u015f\u0131s\u0131nda polisl\u0259r atas\u0131n\u0131 d\u00f6ym\u0259y\u0259, t\u0259hqir etm\u0259y\u0259 ba\u015flay\u0131blar. Onda u\u015faq polisl\u0259r\u0259 da\u015f at\u0131b. Polisl\u0259rd\u0259n biri g\u0259lib D\u0259nizi yer\u0259 y\u0131x\u0131b, u\u015fa\u011fa n\u0259 q\u0259d\u0259r t\u0259pik vurub\u201d<\/em>, &#8211; V\u0259ndamdan Meydan TV-y\u0259 bildirilib.<\/p>\n\n\n\n<p>M\u0259lumata g\u00f6r\u0259, polisl\u0259r u\u015fa\u011f\u0131 d\u00f6ym\u0259kl\u0259 kifay\u0259tl\u0259nm\u0259yib, onu da atas\u0131 v\u0259 \u0259misi il\u0259 birlikd\u0259 Q\u0259b\u0259l\u0259 rayon Polis \u015e\u00f6b\u0259sin\u0259 apar\u0131blar. U\u015fa\u011f\u0131 gec\u0259 burax\u0131blar.<\/p>\n\n\n\n<p>D\u0259niz A\u011fayevin v\u0259ziyy\u0259ti a\u011f\u0131rla\u015f\u0131b v\u0259 o, dekabr\u0131n 3-d\u0259 ax\u015fam saatlar\u0131nda Q\u0259b\u0259l\u0259d\u0259 x\u0259st\u0259xanaya yerl\u0259\u015fdirilib. Lakin dekabr\u0131n 4-d\u0259 s\u0259h\u0259r onu x\u0259st\u0259xanadan \u00e7\u0131xar\u0131blar. Sosial mediada yay\u0131lan iddialara g\u00f6r\u0259, u\u015faq sa\u011falmad\u0131\u011f\u0131 halda, x\u0259st\u0259xana r\u0259hb\u0259rliyi onun m\u0259cburi \u015f\u0259kild\u0259 \u00e7\u0131xar\u0131lmas\u0131na g\u00f6st\u0259ri\u015f verib.<\/p>\n\n\n\n<p>Sosial \u015f\u0259b\u0259k\u0259l\u0259rd\u0259ki etirazlardan sonra dekabr\u0131n 3-d\u0259 Daxili \u0130\u015fl\u0259r Nazirliyi u\u015fa\u011fa qar\u015f\u0131 zorak\u0131l\u0131q ed\u0259n polisin daxili i\u015fl\u0259r orqanlar\u0131ndan xaric edildiyi haqda a\u00e7\u0131qlama yay\u0131b.<\/p>\n","protected":false},"excerpt":{"rendered":"<p>S\u0259xav\u0259t v\u0259 Eld\u0259niz A\u011fayev qarda\u015flar\u0131 xuliqanl\u0131q, polis\u0259 qar\u015f\u0131 zorak\u0131l\u0131qda ittiham &#8230; <\/p>\n<p class=\"read-more-container\"><a title=\"Polisin d\u00f6yd\u00fcy\u00fc u\u015fa\u011f\u0131n atas\u0131 h\u0259bs olundu\" class=\"read-more button\" href=\"https:\/\/www.meydan.tv\/az\/article\/polisin-doyduyu-usagin-atasi-hebs-olundu\/#more-292028\" aria-label=\"Read more about Polisin d\u00f6yd\u00fcy\u00fc u\u015fa\u011f\u0131n atas\u0131 h\u0259bs olundu\">Davam\u0131<\/a><\/p>\n","protected":false},"author":21,"featured_media":291958,"comment_status":"closed","ping_status":"closed","sticky":false,"template":"","format":"standard","meta":{"_acf_changed":false,"_sitemap_exclude":false,"_sitemap_priority":"","_sitemap_frequency":"","footnotes":""},"categories":[62,79,56],"tags":[],"class_list":["post-292028","post","type-post","status-publish","format-standard","has-post-thumbnail","hentry","category-sosial","category-featured","category-xeberler","infinite-scroll-item","generate-columns","tablet-grid-50","mobile-grid-100","grid-parent","grid-33","no-featured-image-padding"],"acf":[],"yoast_head":"<!-- This site is optimized with the Yoast SEO plugin v27.5 - https:\/\/yoast.com\/product\/yoast-seo-wordpress\/ -->\n<title>Polisin d\u00f6yd\u00fcy\u00fc u\u015fa\u011f\u0131n atas\u0131 h\u0259bs olundu - MEYDAN.TV<\/title>\n<meta name=\"robots\" content=\"index, follow, max-snippet:-1, max-image-preview:large, max-video-preview:-1\" \/>\n<link rel=\"canonical\" href=\"https:\/\/www.meydan.tv\/az\/article\/polisin-doyduyu-usagin-atasi-hebs-olundu\/\" \/>\n<meta property=\"og:locale\" content=\"az_AZ\" \/>\n<meta property=\"og:type\" content=\"article\" \/>\n<meta property=\"og:title\" content=\"Polisin d\u00f6yd\u00fcy\u00fc u\u015fa\u011f\u0131n atas\u0131 h\u0259bs olundu - MEYDAN.TV\" \/>\n<meta property=\"og:description\" content=\"S\u0259xav\u0259t v\u0259 Eld\u0259niz A\u011fayev qarda\u015flar\u0131 xuliqanl\u0131q, polis\u0259 qar\u015f\u0131 zorak\u0131l\u0131qda ittiham ... Davam\u0131\" \/>\n<meta property=\"og:url\" content=\"https:\/\/www.meydan.tv\/az\/article\/polisin-doyduyu-usagin-atasi-hebs-olundu\/\" \/>\n<meta property=\"og:site_name\" content=\"MEYDAN.TV\" \/>\n<meta property=\"article:published_time\" content=\"2023-12-04T16:07:06+00:00\" \/>\n<meta property=\"article:modified_time\" content=\"2023-12-04T16:07:09+00:00\" \/>\n<meta property=\"og:image\" content=\"https:\/\/www.meydan.tv\/wp-content\/uploads\/screenshot-2023-12-03-at-17.34.59.png\" \/>\n\t<meta property=\"og:image:width\" content=\"784\" \/>\n\t<meta property=\"og:image:height\" content=\"526\" \/>\n\t<meta property=\"og:image:type\" content=\"image\/png\" \/>\n<meta name=\"author\" content=\"mahmud\" \/>\n<meta name=\"twitter:card\" content=\"summary_large_image\" \/>\n<script type=\"application\/ld+json\" class=\"yoast-schema-graph\">{\"@context\":\"https:\\\/\\\/schema.org\",\"@graph\":[{\"@type\":\"Article\",\"@id\":\"https:\\\/\\\/www.meydan.tv\\\/az\\\/article\\\/polisin-doyduyu-usagin-atasi-hebs-olundu\\\/#article\",\"isPartOf\":{\"@id\":\"https:\\\/\\\/www.meydan.tv\\\/az\\\/article\\\/polisin-doyduyu-usagin-atasi-hebs-olundu\\\/\"},\"author\":{\"name\":\"mahmud\",\"@id\":\"https:\\\/\\\/www.meydan.tv\\\/az\\\/#\\\/schema\\\/person\\\/09863e516102a829e72bedcf3f84c6b0\"},\"headline\":\"Polisin d\u00f6yd\u00fcy\u00fc u\u015fa\u011f\u0131n atas\u0131 h\u0259bs olundu\",\"datePublished\":\"2023-12-04T16:07:06+00:00\",\"dateModified\":\"2023-12-04T16:07:09+00:00\",\"mainEntityOfPage\":{\"@id\":\"https:\\\/\\\/www.meydan.tv\\\/az\\\/article\\\/polisin-doyduyu-usagin-atasi-hebs-olundu\\\/\"},\"wordCount\":735,\"publisher\":{\"@id\":\"https:\\\/\\\/www.meydan.tv\\\/az\\\/#organization\"},\"image\":{\"@id\":\"https:\\\/\\\/www.meydan.tv\\\/az\\\/article\\\/polisin-doyduyu-usagin-atasi-hebs-olundu\\\/#primaryimage\"},\"thumbnailUrl\":\"https:\\\/\\\/www.meydan.tv\\\/wp-content\\\/uploads\\\/screenshot-2023-12-03-at-17.34.59.png\",\"articleSection\":[\"Sosial\",\"T\u00f6vsiy\u0259\",\"X\u0259b\u0259rl\u0259r\"],\"inLanguage\":\"az\"},{\"@type\":\"WebPage\",\"@id\":\"https:\\\/\\\/www.meydan.tv\\\/az\\\/article\\\/polisin-doyduyu-usagin-atasi-hebs-olundu\\\/\",\"url\":\"https:\\\/\\\/www.meydan.tv\\\/az\\\/article\\\/polisin-doyduyu-usagin-atasi-hebs-olundu\\\/\",\"name\":\"Polisin d\u00f6yd\u00fcy\u00fc u\u015fa\u011f\u0131n atas\u0131 h\u0259bs olundu - MEYDAN.TV\",\"isPartOf\":{\"@id\":\"https:\\\/\\\/www.meydan.tv\\\/az\\\/#website\"},\"primaryImageOfPage\":{\"@id\":\"https:\\\/\\\/www.meydan.tv\\\/az\\\/article\\\/polisin-doyduyu-usagin-atasi-hebs-olundu\\\/#primaryimage\"},\"image\":{\"@id\":\"https:\\\/\\\/www.meydan.tv\\\/az\\\/article\\\/polisin-doyduyu-usagin-atasi-hebs-olundu\\\/#primaryimage\"},\"thumbnailUrl\":\"https:\\\/\\\/www.meydan.tv\\\/wp-content\\\/uploads\\\/screenshot-2023-12-03-at-17.34.59.png\",\"datePublished\":\"2023-12-04T16:07:06+00:00\",\"dateModified\":\"2023-12-04T16:07:09+00:00\",\"breadcrumb\":{\"@id\":\"https:\\\/\\\/www.meydan.tv\\\/az\\\/article\\\/polisin-doyduyu-usagin-atasi-hebs-olundu\\\/#breadcrumb\"},\"inLanguage\":\"az\",\"potentialAction\":[{\"@type\":\"ReadAction\",\"target\":[\"https:\\\/\\\/www.meydan.tv\\\/az\\\/article\\\/polisin-doyduyu-usagin-atasi-hebs-olundu\\\/\"]}]},{\"@type\":\"ImageObject\",\"inLanguage\":\"az\",\"@id\":\"https:\\\/\\\/www.meydan.tv\\\/az\\\/article\\\/polisin-doyduyu-usagin-atasi-hebs-olundu\\\/#primaryimage\",\"url\":\"https:\\\/\\\/www.meydan.tv\\\/wp-content\\\/uploads\\\/screenshot-2023-12-03-at-17.34.59.png\",\"contentUrl\":\"https:\\\/\\\/www.meydan.tv\\\/wp-content\\\/uploads\\\/screenshot-2023-12-03-at-17.34.59.png\",\"width\":784,\"height\":526,\"caption\":\"Foto: Screenshot\"},{\"@type\":\"BreadcrumbList\",\"@id\":\"https:\\\/\\\/www.meydan.tv\\\/az\\\/article\\\/polisin-doyduyu-usagin-atasi-hebs-olundu\\\/#breadcrumb\",\"itemListElement\":[{\"@type\":\"ListItem\",\"position\":1,\"name\":\"Ana s\u0259hif\u0259\",\"item\":\"https:\\\/\\\/www.meydan.tv\\\/az\\\/\"},{\"@type\":\"ListItem\",\"position\":2,\"name\":\"Sosial\",\"item\":\"https:\\\/\\\/www.meydan.tv\\\/az\\\/section\\\/sosial\\\/\"},{\"@type\":\"ListItem\",\"position\":3,\"name\":\"Polisin d\u00f6yd\u00fcy\u00fc u\u015fa\u011f\u0131n atas\u0131 h\u0259bs olundu\"}]},{\"@type\":\"WebSite\",\"@id\":\"https:\\\/\\\/www.meydan.tv\\\/az\\\/#website\",\"url\":\"https:\\\/\\\/www.meydan.tv\\\/az\\\/\",\"name\":\"MEYDAN.TV\",\"description\":\"Meydan TV Az\u0259rbaycan\u0131n media m\u0259kan\u0131ndak\u0131 alternativ s\u0259sidir\",\"publisher\":{\"@id\":\"https:\\\/\\\/www.meydan.tv\\\/az\\\/#organization\"},\"potentialAction\":[{\"@type\":\"SearchAction\",\"target\":{\"@type\":\"EntryPoint\",\"urlTemplate\":\"https:\\\/\\\/www.meydan.tv\\\/az\\\/?s={search_term_string}\"},\"query-input\":{\"@type\":\"PropertyValueSpecification\",\"valueRequired\":true,\"valueName\":\"search_term_string\"}}],\"inLanguage\":\"az\"},{\"@type\":\"Organization\",\"@id\":\"https:\\\/\\\/www.meydan.tv\\\/az\\\/#organization\",\"name\":\"Meydan TV\",\"url\":\"https:\\\/\\\/www.meydan.tv\\\/az\\\/\",\"logo\":{\"@type\":\"ImageObject\",\"inLanguage\":\"az\",\"@id\":\"https:\\\/\\\/www.meydan.tv\\\/az\\\/#\\\/schema\\\/logo\\\/image\\\/\",\"url\":\"https:\\\/\\\/www.meydan.tv\\\/wp-content\\\/uploads\\\/2021\\\/07\\\/meydan-logo.svg\",\"contentUrl\":\"https:\\\/\\\/www.meydan.tv\\\/wp-content\\\/uploads\\\/2021\\\/07\\\/meydan-logo.svg\",\"width\":195,\"height\":46,\"caption\":\"Meydan TV\"},\"image\":{\"@id\":\"https:\\\/\\\/www.meydan.tv\\\/az\\\/#\\\/schema\\\/logo\\\/image\\\/\"}},{\"@type\":\"Person\",\"@id\":\"https:\\\/\\\/www.meydan.tv\\\/az\\\/#\\\/schema\\\/person\\\/09863e516102a829e72bedcf3f84c6b0\",\"name\":\"mahmud\"}]}<\/script>\n<!-- \/ Yoast SEO plugin. -->","yoast_head_json":{"title":"Polisin d\u00f6yd\u00fcy\u00fc u\u015fa\u011f\u0131n atas\u0131 h\u0259bs olundu - MEYDAN.TV","robots":{"index":"index","follow":"follow","max-snippet":"max-snippet:-1","max-image-preview":"max-image-preview:large","max-video-preview":"max-video-preview:-1"},"canonical":"https:\/\/www.meydan.tv\/az\/article\/polisin-doyduyu-usagin-atasi-hebs-olundu\/","og_locale":"az_AZ","og_type":"article","og_title":"Polisin d\u00f6yd\u00fcy\u00fc u\u015fa\u011f\u0131n atas\u0131 h\u0259bs olundu - MEYDAN.TV","og_description":"S\u0259xav\u0259t v\u0259 Eld\u0259niz A\u011fayev qarda\u015flar\u0131 xuliqanl\u0131q, polis\u0259 qar\u015f\u0131 zorak\u0131l\u0131qda ittiham ... Davam\u0131","og_url":"https:\/\/www.meydan.tv\/az\/article\/polisin-doyduyu-usagin-atasi-hebs-olundu\/","og_site_name":"MEYDAN.TV","article_published_time":"2023-12-04T16:07:06+00:00","article_modified_time":"2023-12-04T16:07:09+00:00","og_image":[{"width":784,"height":526,"url":"https:\/\/www.meydan.tv\/wp-content\/uploads\/screenshot-2023-12-03-at-17.34.59.png","type":"image\/png"}],"author":"mahmud","twitter_card":"summary_large_image","schema":{"@context":"https:\/\/schema.org","@graph":[{"@type":"Article","@id":"https:\/\/www.meydan.tv\/az\/article\/polisin-doyduyu-usagin-atasi-hebs-olundu\/#article","isPartOf":{"@id":"https:\/\/www.meydan.tv\/az\/article\/polisin-doyduyu-usagin-atasi-hebs-olundu\/"},"author":{"name":"mahmud","@id":"https:\/\/www.meydan.tv\/az\/#\/schema\/person\/09863e516102a829e72bedcf3f84c6b0"},"headline":"Polisin d\u00f6yd\u00fcy\u00fc u\u015fa\u011f\u0131n atas\u0131 h\u0259bs olundu","datePublished":"2023-12-04T16:07:06+00:00","dateModified":"2023-12-04T16:07:09+00:00","mainEntityOfPage":{"@id":"https:\/\/www.meydan.tv\/az\/article\/polisin-doyduyu-usagin-atasi-hebs-olundu\/"},"wordCount":735,"publisher":{"@id":"https:\/\/www.meydan.tv\/az\/#organization"},"image":{"@id":"https:\/\/www.meydan.tv\/az\/article\/polisin-doyduyu-usagin-atasi-hebs-olundu\/#primaryimage"},"thumbnailUrl":"https:\/\/www.meydan.tv\/wp-content\/uploads\/screenshot-2023-12-03-at-17.34.59.png","articleSection":["Sosial","T\u00f6vsiy\u0259","X\u0259b\u0259rl\u0259r"],"inLanguage":"az"},{"@type":"WebPage","@id":"https:\/\/www.meydan.tv\/az\/article\/polisin-doyduyu-usagin-atasi-hebs-olundu\/","url":"https:\/\/www.meydan.tv\/az\/article\/polisin-doyduyu-usagin-atasi-hebs-olundu\/","name":"Polisin d\u00f6yd\u00fcy\u00fc u\u015fa\u011f\u0131n atas\u0131 h\u0259bs olundu - MEYDAN.TV","isPartOf":{"@id":"https:\/\/www.meydan.tv\/az\/#website"},"primaryImageOfPage":{"@id":"https:\/\/www.meydan.tv\/az\/article\/polisin-doyduyu-usagin-atasi-hebs-olundu\/#primaryimage"},"image":{"@id":"https:\/\/www.meydan.tv\/az\/article\/polisin-doyduyu-usagin-atasi-hebs-olundu\/#primaryimage"},"thumbnailUrl":"https:\/\/www.meydan.tv\/wp-content\/uploads\/screenshot-2023-12-03-at-17.34.59.png","datePublished":"2023-12-04T16:07:06+00:00","dateModified":"2023-12-04T16:07:09+00:00","breadcrumb":{"@id":"https:\/\/www.meydan.tv\/az\/article\/polisin-doyduyu-usagin-atasi-hebs-olundu\/#breadcrumb"},"inLanguage":"az","potentialAction":[{"@type":"ReadAction","target":["https:\/\/www.meydan.tv\/az\/article\/polisin-doyduyu-usagin-atasi-hebs-olundu\/"]}]},{"@type":"ImageObject","inLanguage":"az","@id":"https:\/\/www.meydan.tv\/az\/article\/polisin-doyduyu-usagin-atasi-hebs-olundu\/#primaryimage","url":"https:\/\/www.meydan.tv\/wp-content\/uploads\/screenshot-2023-12-03-at-17.34.59.png","contentUrl":"https:\/\/www.meydan.tv\/wp-content\/uploads\/screenshot-2023-12-03-at-17.34.59.png","width":784,"height":526,"caption":"Foto: Screenshot"},{"@type":"BreadcrumbList","@id":"https:\/\/www.meydan.tv\/az\/article\/polisin-doyduyu-usagin-atasi-hebs-olundu\/#breadcrumb","itemListElement":[{"@type":"ListItem","position":1,"name":"Ana s\u0259hif\u0259","item":"https:\/\/www.meydan.tv\/az\/"},{"@type":"ListItem","position":2,"name":"Sosial","item":"https:\/\/www.meydan.tv\/az\/section\/sosial\/"},{"@type":"ListItem","position":3,"name":"Polisin d\u00f6yd\u00fcy\u00fc u\u015fa\u011f\u0131n atas\u0131 h\u0259bs olundu"}]},{"@type":"WebSite","@id":"https:\/\/www.meydan.tv\/az\/#website","url":"https:\/\/www.meydan.tv\/az\/","name":"MEYDAN.TV","description":"Meydan TV Az\u0259rbaycan\u0131n media m\u0259kan\u0131ndak\u0131 alternativ s\u0259sidir","publisher":{"@id":"https:\/\/www.meydan.tv\/az\/#organization"},"potentialAction":[{"@type":"SearchAction","target":{"@type":"EntryPoint","urlTemplate":"https:\/\/www.meydan.tv\/az\/?s={search_term_string}"},"query-input":{"@type":"PropertyValueSpecification","valueRequired":true,"valueName":"search_term_string"}}],"inLanguage":"az"},{"@type":"Organization","@id":"https:\/\/www.meydan.tv\/az\/#organization","name":"Meydan TV","url":"https:\/\/www.meydan.tv\/az\/","logo":{"@type":"ImageObject","inLanguage":"az","@id":"https:\/\/www.meydan.tv\/az\/#\/schema\/logo\/image\/","url":"https:\/\/www.meydan.tv\/wp-content\/uploads\/2021\/07\/meydan-logo.svg","contentUrl":"https:\/\/www.meydan.tv\/wp-content\/uploads\/2021\/07\/meydan-logo.svg","width":195,"height":46,"caption":"Meydan TV"},"image":{"@id":"https:\/\/www.meydan.tv\/az\/#\/schema\/logo\/image\/"}},{"@type":"Person","@id":"https:\/\/www.meydan.tv\/az\/#\/schema\/person\/09863e516102a829e72bedcf3f84c6b0","name":"mahmud"}]}},"_links":{"self":[{"href":"https:\/\/www.meydan.tv\/az\/wp-json\/wp\/v2\/posts\/292028","targetHints":{"allow":["GET"]}}],"collection":[{"href":"https:\/\/www.meydan.tv\/az\/wp-json\/wp\/v2\/posts"}],"about":[{"href":"https:\/\/www.meydan.tv\/az\/wp-json\/wp\/v2\/types\/post"}],"author":[{"embeddable":true,"href":"https:\/\/www.meydan.tv\/az\/wp-json\/wp\/v2\/users\/21"}],"replies":[{"embeddable":true,"href":"https:\/\/www.meydan.tv\/az\/wp-json\/wp\/v2\/comments?post=292028"}],"version-history":[{"count":1,"href":"https:\/\/www.meydan.tv\/az\/wp-json\/wp\/v2\/posts\/292028\/revisions"}],"predecessor-version":[{"id":292029,"href":"https:\/\/www.meydan.tv\/az\/wp-json\/wp\/v2\/posts\/292028\/revisions\/292029"}],"wp:featuredmedia":[{"embeddable":true,"href":"https:\/\/www.meydan.tv\/az\/wp-json\/wp\/v2\/media\/291958"}],"wp:attachment":[{"href":"https:\/\/www.meydan.tv\/az\/wp-json\/wp\/v2\/media?parent=292028"}],"wp:term":[{"taxonomy":"category","embeddable":true,"href":"https:\/\/www.meydan.tv\/az\/wp-json\/wp\/v2\/categories?post=292028"},{"taxonomy":"post_tag","embeddable":true,"href":"https:\/\/www.meydan.tv\/az\/wp-json\/wp\/v2\/tags?post=292028"}],"curies":[{"name":"wp","href":"https:\/\/api.w.org\/{rel}","templated":true}]}}