{"id":292021,"date":"2023-12-04T19:10:22","date_gmt":"2023-12-04T15:10:22","guid":{"rendered":"https:\/\/www.meydan.tv\/?p=292021"},"modified":"2023-12-04T20:07:59","modified_gmt":"2023-12-04T16:07:59","slug":"prokuror-samir-asurova-8-il-hebs-cezasi-isteyib","status":"publish","type":"post","link":"https:\/\/www.meydan.tv\/az\/article\/prokuror-samir-asurova-8-il-hebs-cezasi-isteyib\/","title":{"rendered":"Prokuror Samir A\u015furova 8 il h\u0259bs c\u0259zas\u0131 ist\u0259yib"},"content":{"rendered":"\n<p><em><strong>F\u0259al ittihamlar\u0131 yalan v\u0259 b\u00f6htan adland\u0131r\u0131b<\/strong><\/em><\/p>\n\n\n\n<p>Almaniyadan Az\u0259rbaycana deportasiya olunandan az sonra h\u0259bs olunan siyasi f\u0259al Samir A\u015furovun i\u015fi \u00fczr\u0259 il yar\u0131ma yax\u0131nd\u0131r ki, davam ed\u0259n m\u0259hk\u0259m\u0259 prosesi yekunla\u015fmaq \u00fczr\u0259dir.<\/p>\n\n\n\n<p>Dekabr\u0131n 4-d\u0259 m\u0259hk\u0259m\u0259 istintaq\u0131 tamamlan\u0131b v\u0259 prokuror Samir A\u015furova 8 il azadl\u0131qdan m\u0259hrumetm\u0259 c\u0259zas\u0131 ist\u0259yib.<\/p>\n\n\n\n<p>Siyasi f\u0259al\u0131n i\u015fin\u0259 Bak\u0131 A\u011f\u0131r Cinay\u0259tl\u0259r M\u0259hk\u0259m\u0259sind\u0259 Faiq Q\u0259niyevin s\u0259drliyil\u0259, Samir \u018fliyev v\u0259 Mahmud A\u011falarovdan ibar\u0259t hakiml\u0259r kollegiyas\u0131 bax\u0131r.<\/p>\n\n\n\n<p>Dekabr\u0131n 4-d\u0259 m\u0259hk\u0259m\u0259d\u0259 hakim Faiq Q\u0259niyev \u00f6nc\u0259 cinay\u0259t i\u015finin materiallar\u0131nda olan bir s\u0131ra s\u0259n\u0259dl\u0259ri elan edib.<\/p>\n\n\n\n<p>S\u0259n\u0259dl\u0259rin t\u0259dqiqi m\u0259rh\u0259l\u0259si bit\u0259nd\u0259n sonra Samir A\u015furovun v\u0259kili El\u00e7in Sad\u0131qov m\u00fcv\u0259kkilinin b\u0131\u00e7aqlad\u0131\u011f\u0131 iddia olunan, z\u0259r\u0259r\u00e7\u0259kmi\u015f qismind\u0259 tan\u0131nan El\u015f\u0259n N\u0259biyevl\u0259 ba\u011fl\u0131 v\u0259sat\u0259tl\u0259r qald\u0131r\u0131b.<\/p>\n\n\n\n<p>V\u0259kil bildirib ki, El\u015f\u0259n N\u0259biyevin polisl\u0259rl\u0259 \u0259laq\u0259d\u0259 olmas\u0131na, Samir A\u015furovu \u015f\u0259rl\u0259yib h\u0259bs etm\u0259k \u00fc\u00e7\u00fcn ondan istifad\u0259 edildiyin\u0259 dair \u015f\u00fcbh\u0259l\u0259r var.<\/p>\n\n\n\n<p>Bu \u015f\u00fcbh\u0259l\u0259rin ara\u015fd\u0131r\u0131lmas\u0131 \u00fc\u00e7\u00fcn 2021-ci il aprelin 18-d\u0259n 20-n\u0259 q\u0259d\u0259r onun h\u0259r\u0259k\u0259t trayektoriyas\u0131n\u0131 m\u00fc\u0259yy\u0259nl\u0259\u015fdirm\u0259k, kiml\u0259rl\u0259 \u0259laq\u0259d\u0259 olub-olmad\u0131\u011f\u0131n\u0131 bilm\u0259k laz\u0131md\u0131r.<\/p>\n\n\n\n<p>V\u0259kil bu m\u0259qs\u0259dl\u0259 El\u015f\u0259n N\u0259biyevin mobil telefonuyla ba\u011fl\u0131 anten m\u0259lumatlar\u0131n\u0131n al\u0131nmas\u0131 haqda v\u0259sat\u0259t qald\u0131r\u0131b.<\/p>\n\n\n\n<p>El\u015f\u0259n N\u0259biyev iddia edir ki, Samir A\u015furov ona b\u0131\u00e7aqla x\u0259sar\u0259t yetirib v\u0259 hadis\u0259d\u0259n sonra onun \u00fcz\u0259rind\u0259 c\u0259rrahiyy\u0259 \u0259m\u0259liyyat\u0131 apar\u0131l\u0131b.<\/p>\n\n\n\n<p>V\u0259kilin s\u00f6zl\u0259rin\u0259 g\u00f6r\u0259, bu m\u0259s\u0259l\u0259 d\u0259 \u015f\u00fcbh\u0259lidir.<\/p>\n\n\n\n<p>M\u00fcdafi\u0259\u00e7i x\u0259st\u0259xanaya sor\u011fu g\u00f6nd\u0259rilm\u0259si, onun \u00fcz\u0259rind\u0259ki c\u0259rrahiyy\u0259 \u0259m\u0259liyyat\u0131n\u0131n videog\u00f6r\u00fcnt\u00fcs\u00fcn\u00fcn al\u0131nmas\u0131 bar\u0259d\u0259 v\u0259sat\u0259t qald\u0131r\u0131b:<\/p>\n\n\n\n<p><em>&#8220;Onun \u00fcz\u0259rind\u0259 biz \u0259m\u0259liyyat yeri g\u00f6rm\u0259dik. Xahi\u015f edir\u0259m, bu m\u0259s\u0259l\u0259 ara\u015fd\u0131r\u0131ls\u0131n. B\u00fct\u00fcn c\u0259rrahiyy\u0259 \u0259m\u0259liyyatlar\u0131n\u0131n videosu \u00e7\u0259kilir. Xahi\u015f edirik, onun \u0259m\u0259liyyat\u0131n\u0131n da g\u00f6r\u00fcnt\u00fcl\u0259ri x\u0259st\u0259xanadan al\u0131ns\u0131n. Bizd\u0259 d\u0259 \u0259minlik yarans\u0131n ki, yalan dan\u0131\u015fm\u0131r\u201d<\/em>.<\/p>\n\n\n\n<p>V\u0259sat\u0259tl\u0259rin he\u00e7 biri t\u0259min olunmay\u0131b.<\/p>\n\n\n\n<p>Bundan sonra m\u0259hk\u0259m\u0259 istintaq\u0131n\u0131n ba\u015fa \u00e7atd\u0131\u011f\u0131 elan olunub.<\/p>\n\n\n\n<p>Ard\u0131nca \u00e7\u0131x\u0131\u015f ed\u0259n prokuror Samir A\u015furovun Cinay\u0259t M\u0259c\u0259ll\u0259sinin 126.2.4 (\u00fcmumi t\u0259hl\u00fck\u0259li \u00fcsulla, xuliqanl\u0131q niyy\u0259til\u0259 q\u0259sd\u0259n sa\u011flaml\u0131\u011fa a\u011f\u0131r z\u0259r\u0259r vurma) v\u0259 221.3 (silah v\u0259 ya silah qismind\u0259 \u0259\u015fyadan istifad\u0259 etm\u0259kl\u0259 xuliqanl\u0131q) madd\u0259l\u0259ril\u0259 t\u0259qsirli bilinm\u0259sini v\u0259 8 il azadl\u0131qdan m\u0259hrum edilm\u0259sini ist\u0259yib.<\/p>\n\n\n\n<p>M\u0259hk\u0259m\u0259 prosesi dekabr\u0131n 18-d\u0259 v\u0259kilin m\u00fcdafi\u0259 \u00e7\u0131x\u0131\u015f\u0131, ard\u0131nca Samir A\u015furovun \u00f6z\u00fcn\u00fcn son s\u00f6z\u00fcyl\u0259 davam ed\u0259c\u0259k. Daha sonra h\u00f6km oxunacaq.<\/p>\n\n\n\n<p>Cinay\u0259t i\u015find\u0259 iddia olunur ki, Samir A\u015furov 2022-ci il aprelin 19-da ax\u015fam saat 21:00 rad\u0259l\u0259rind\u0259 metronun \u201cNeft\u00e7il\u0259r\u201d stansiyas\u0131n\u0131n yax\u0131nl\u0131\u011f\u0131nda ged\u0259rk\u0259n El\u015f\u0259n N\u0259biyevin \u00e7iynin\u0259 d\u0259yib.<\/p>\n\n\n\n<p>N\u0259tic\u0259d\u0259 aralar\u0131nda m\u00fcbahis\u0259 yaran\u0131b v\u0259 Samir A\u015furov ona b\u0131\u00e7aqla x\u0259sar\u0259t yetirib.<\/p>\n\n\n\n<p>Samir A\u015furov m\u0259hk\u0259m\u0259d\u0259 bildirib ki, ittihamda yaz\u0131lanlar ba\u015fdan-aya\u011fa yaland\u0131r, ona b\u00f6htan at\u0131rlar.<\/p>\n\n\n\n<p>Onun s\u00f6zl\u0259rin\u0259 g\u00f6r\u0259, \u00fcst\u00fcnd\u0259 \u00fcmumiyy\u0259tl\u0259, b\u0131\u00e7aq olmay\u0131b. H\u0259bsi is\u0259 siyasi f\u0259aliyy\u0259tin\u0259 g\u00f6r\u0259 \u0259vv\u0259ld\u0259n c\u0131z\u0131lm\u0131\u015f ssenari \u00fczr\u0259 h\u0259yata ke\u00e7irilib:<\/p>\n\n\n\n<p><em>\u201cM\u0259nd\u0259n \u0259vv\u0259l Almaniyadan qaytar\u0131lanlar\u0131 narkotik ittiham\u0131yla \u015f\u0259rl\u0259yib tuturdular. Bu tendensiyan\u0131 g\u00f6r\u00fcb, \u00f6z\u00fcml\u0259 ba\u011fl\u0131 t\u0259hl\u00fck\u0259ni bilirdim. Ma\u015fta\u011fa q\u0259s\u0259b\u0259sind\u0259 h\u0259y\u0259t evim var. D\u00fc\u015f\u00fcnd\u00fcm ki, m\u0259ni rahatl\u0131qla \u015f\u0259rl\u0259y\u0259 bilm\u0259sinl\u0259r. Ona g\u00f6r\u0259 ail\u0259mi g\u00f6t\u00fcr\u00fcb, \u201cNeft\u00e7il\u0259r\u201dd\u0259 bina evind\u0259 kiray\u0259 qalma\u011fa ba\u015flad\u0131m. Amma izl\u0259nildiyimi d\u0259 hiss edirdim. Bunu da (z\u0259r\u0259r\u00e7\u0259kmi\u015f El\u015f\u0259n N\u0259biyevi n\u0259z\u0259rd\u0259 tutur-red.) o \u0259razid\u0259 g\u00f6rm\u00fc\u015fd\u00fcm. Sanki m\u0259ni ona tan\u0131td\u0131r\u0131rd\u0131lar k\u0259nardan\u2026\u201d<\/em><\/p>\n\n\n\n<p>Hadis\u0259 g\u00fcn\u00fcn\u0259 g\u0259linc\u0259, Samir A\u015furov deyib ki, metrodan \u00e7\u0131x\u0131b, ev\u0259 t\u0259r\u0259f g\u0259l\u0259nd\u0259 haz\u0131rda z\u0259r\u0259r\u00e7\u0259kmi\u015f qismind\u0259 tan\u0131nan \u015f\u0259xs d\u0259 \u00fczb\u0259\u00fcz g\u0259lirdi.<\/p>\n\n\n\n<p>Onun s\u00f6zl\u0259rin\u0259 g\u00f6r\u0259, \u00e7atma\u011fa bir add\u0131m qalm\u0131\u015f El\u015f\u0259n N\u0259biyev q\u0131\u015fq\u0131rma\u011fa ba\u015flay\u0131b:<\/p>\n\n\n\n<p><em>\u201cQ\u0131\u015fq\u0131rd\u0131, \u0259l-qol atd\u0131. K\u0259nardan bir ne\u00e7\u0259 n\u0259f\u0259r d\u0259rhal g\u0259l\u0259nd\u0259 ba\u015fa d\u00fc\u015fd\u00fcm ki, t\u0259xribatd\u0131. Bir ne\u00e7\u0259 il Almaniyada ya\u015fam\u0131\u015fd\u0131m, orada polisin v\u0259t\u0259nda\u015f\u0131n k\u00f6m\u0259yin\u0259 \u00e7atmas\u0131, insanlara yard\u0131m etm\u0259si yad\u0131mda qalm\u0131\u015fd\u0131 dey\u0259, m\u0259n d\u0259 d\u0259rhal \u201cpolis, polis\u201d q\u0131\u015fq\u0131rd\u0131m. Onlar da g\u0259ldi, biri sa\u011f qolumdan, biri sol qolumdan, biri d\u0259 g\u00f6d\u0259k\u00e7\u0259nin boyun t\u0259r\u0259find\u0259n tutdu. G\u00f6rd\u00fcm ki, cibim\u0259 n\u0259s\u0259 qoydular. El\u0259 bildim, narkotikdir. \u0130mkan tap\u0131b baxanda g\u00f6rd\u00fcm ki, b\u0131\u00e7aqd\u0131r. Tez \u00e7\u0131xar\u0131b tullad\u0131m. Gedib g\u00f6t\u00fcr\u00fcb g\u0259tirdil\u0259r. Bu biri d\u0259 sakitl\u0259\u015fmir, \u00f6z\u00fcn\u00fc \u0259yib ki, ay m\u0259ni vurdu, bel\u0259 el\u0259di. G\u0259tirib b\u0131\u00e7a\u011f\u0131 bu d\u0259f\u0259 \u015falvar\u0131m\u0131n cibin\u0259 qoyub, m\u0259ni polis b\u00f6lm\u0259sin\u0259 apard\u0131lar\u2026\u201d<\/em><\/p>\n\n\n\n<p>Samir A\u015furov 2021-ci il mart\u0131n 28-d\u0259 Az\u0259rbaycana qaytar\u0131landan sonrak\u0131 g\u00fcnl\u0259rd\u0259 h\u0259bs t\u0259hl\u00fck\u0259si alt\u0131nda oldu\u011fu haqda d\u0259f\u0259l\u0259rl\u0259 sosial media hesab\u0131nda yazm\u0131\u015fd\u0131.<\/p>\n\n\n\n<p>Son iki il \u0259rzind\u0259 Almaniyadan deportasiya edil\u0259n f\u0259allar\u0131n bir ne\u00e7\u0259si \u00f6lk\u0259y\u0259 qay\u0131td\u0131qdan az sonra h\u0259bs edilib.<\/p>\n\n\n\n<p>Onlar\u0131n \u0259ks\u0259riyy\u0259tin\u0259 narkotik ittiham\u0131 verilib. Lakin onlar ittiham\u0131 r\u0259dd edir v\u0259 Almaniyada Az\u0259rbaycandak\u0131 siyasi m\u0259hbuslarla ba\u011fl\u0131 etirazlar\u0131nda i\u015ftirak etdikl\u0259rin\u0259, sosial mediadak\u0131 payla\u015f\u0131mlar\u0131na g\u00f6r\u0259 c\u0259zaland\u0131r\u0131ld\u0131qlar\u0131n\u0131 deyirl\u0259r.<\/p>\n\n\n\n<p>Daxili \u0130\u015fl\u0259r Nazirliyi is\u0259 onlar\u0131n bu haqda dedikl\u0259rinin \u0259sass\u0131z oldu\u011funu, konkret cinay\u0259t\u0259 g\u00f6r\u0259 h\u0259bs olunduqlar\u0131n\u0131 b\u0259yan edib.<\/p>\n","protected":false},"excerpt":{"rendered":"<p>F\u0259al ittihamlar\u0131 yalan v\u0259 b\u00f6htan adland\u0131r\u0131b Almaniyadan Az\u0259rbaycana deportasiya olunandan &#8230; <\/p>\n<p class=\"read-more-container\"><a title=\"Prokuror Samir A\u015furova 8 il h\u0259bs c\u0259zas\u0131 ist\u0259yib\" class=\"read-more button\" href=\"https:\/\/www.meydan.tv\/az\/article\/prokuror-samir-asurova-8-il-hebs-cezasi-isteyib\/#more-292021\" aria-label=\"Read more about Prokuror Samir A\u015furova 8 il h\u0259bs c\u0259zas\u0131 ist\u0259yib\">Davam\u0131<\/a><\/p>\n","protected":false},"author":12,"featured_media":292022,"comment_status":"closed","ping_status":"closed","sticky":false,"template":"","format":"standard","meta":{"_acf_changed":false,"_sitemap_exclude":false,"_sitemap_priority":"","_sitemap_frequency":"","footnotes":""},"categories":[62,79,56],"tags":[],"class_list":["post-292021","post","type-post","status-publish","format-standard","has-post-thumbnail","hentry","category-sosial","category-featured","category-xeberler","infinite-scroll-item","generate-columns","tablet-grid-50","mobile-grid-100","grid-parent","grid-33","no-featured-image-padding"],"acf":[],"yoast_head":"<!-- This site is optimized with the Yoast SEO plugin v27.5 - https:\/\/yoast.com\/product\/yoast-seo-wordpress\/ -->\n<title>Prokuror Samir A\u015furova 8 il h\u0259bs c\u0259zas\u0131 ist\u0259yib - MEYDAN.TV<\/title>\n<meta name=\"robots\" content=\"index, follow, max-snippet:-1, max-image-preview:large, max-video-preview:-1\" \/>\n<link rel=\"canonical\" href=\"https:\/\/www.meydan.tv\/az\/article\/prokuror-samir-asurova-8-il-hebs-cezasi-isteyib\/\" \/>\n<meta property=\"og:locale\" content=\"az_AZ\" \/>\n<meta property=\"og:type\" content=\"article\" \/>\n<meta property=\"og:title\" content=\"Prokuror Samir A\u015furova 8 il h\u0259bs c\u0259zas\u0131 ist\u0259yib - MEYDAN.TV\" \/>\n<meta property=\"og:description\" content=\"F\u0259al ittihamlar\u0131 yalan v\u0259 b\u00f6htan adland\u0131r\u0131b Almaniyadan Az\u0259rbaycana deportasiya olunandan ... Davam\u0131\" \/>\n<meta property=\"og:url\" content=\"https:\/\/www.meydan.tv\/az\/article\/prokuror-samir-asurova-8-il-hebs-cezasi-isteyib\/\" \/>\n<meta property=\"og:site_name\" content=\"MEYDAN.TV\" \/>\n<meta property=\"article:published_time\" content=\"2023-12-04T15:10:22+00:00\" \/>\n<meta property=\"article:modified_time\" content=\"2023-12-04T16:07:59+00:00\" \/>\n<meta property=\"og:image\" content=\"https:\/\/www.meydan.tv\/wp-content\/uploads\/screenshot-2023-12-04-at-15.57.40-1200x745.png\" \/>\n\t<meta property=\"og:image:width\" content=\"1200\" \/>\n\t<meta property=\"og:image:height\" content=\"745\" \/>\n\t<meta property=\"og:image:type\" content=\"image\/png\" \/>\n<meta name=\"author\" content=\"aleks\" \/>\n<meta name=\"twitter:card\" content=\"summary_large_image\" \/>\n<script type=\"application\/ld+json\" class=\"yoast-schema-graph\">{\"@context\":\"https:\\\/\\\/schema.org\",\"@graph\":[{\"@type\":\"Article\",\"@id\":\"https:\\\/\\\/www.meydan.tv\\\/az\\\/article\\\/prokuror-samir-asurova-8-il-hebs-cezasi-isteyib\\\/#article\",\"isPartOf\":{\"@id\":\"https:\\\/\\\/www.meydan.tv\\\/az\\\/article\\\/prokuror-samir-asurova-8-il-hebs-cezasi-isteyib\\\/\"},\"author\":{\"name\":\"aleks\",\"@id\":\"https:\\\/\\\/www.meydan.tv\\\/az\\\/#\\\/schema\\\/person\\\/476e9360e593fa131d5d71d51866f8da\"},\"headline\":\"Prokuror Samir A\u015furova 8 il h\u0259bs c\u0259zas\u0131 ist\u0259yib\",\"datePublished\":\"2023-12-04T15:10:22+00:00\",\"dateModified\":\"2023-12-04T16:07:59+00:00\",\"mainEntityOfPage\":{\"@id\":\"https:\\\/\\\/www.meydan.tv\\\/az\\\/article\\\/prokuror-samir-asurova-8-il-hebs-cezasi-isteyib\\\/\"},\"wordCount\":1138,\"publisher\":{\"@id\":\"https:\\\/\\\/www.meydan.tv\\\/az\\\/#organization\"},\"image\":{\"@id\":\"https:\\\/\\\/www.meydan.tv\\\/az\\\/article\\\/prokuror-samir-asurova-8-il-hebs-cezasi-isteyib\\\/#primaryimage\"},\"thumbnailUrl\":\"https:\\\/\\\/www.meydan.tv\\\/wp-content\\\/uploads\\\/screenshot-2023-12-04-at-15.57.40.png\",\"articleSection\":[\"Sosial\",\"T\u00f6vsiy\u0259\",\"X\u0259b\u0259rl\u0259r\"],\"inLanguage\":\"az\"},{\"@type\":\"WebPage\",\"@id\":\"https:\\\/\\\/www.meydan.tv\\\/az\\\/article\\\/prokuror-samir-asurova-8-il-hebs-cezasi-isteyib\\\/\",\"url\":\"https:\\\/\\\/www.meydan.tv\\\/az\\\/article\\\/prokuror-samir-asurova-8-il-hebs-cezasi-isteyib\\\/\",\"name\":\"Prokuror Samir A\u015furova 8 il h\u0259bs c\u0259zas\u0131 ist\u0259yib - MEYDAN.TV\",\"isPartOf\":{\"@id\":\"https:\\\/\\\/www.meydan.tv\\\/az\\\/#website\"},\"primaryImageOfPage\":{\"@id\":\"https:\\\/\\\/www.meydan.tv\\\/az\\\/article\\\/prokuror-samir-asurova-8-il-hebs-cezasi-isteyib\\\/#primaryimage\"},\"image\":{\"@id\":\"https:\\\/\\\/www.meydan.tv\\\/az\\\/article\\\/prokuror-samir-asurova-8-il-hebs-cezasi-isteyib\\\/#primaryimage\"},\"thumbnailUrl\":\"https:\\\/\\\/www.meydan.tv\\\/wp-content\\\/uploads\\\/screenshot-2023-12-04-at-15.57.40.png\",\"datePublished\":\"2023-12-04T15:10:22+00:00\",\"dateModified\":\"2023-12-04T16:07:59+00:00\",\"breadcrumb\":{\"@id\":\"https:\\\/\\\/www.meydan.tv\\\/az\\\/article\\\/prokuror-samir-asurova-8-il-hebs-cezasi-isteyib\\\/#breadcrumb\"},\"inLanguage\":\"az\",\"potentialAction\":[{\"@type\":\"ReadAction\",\"target\":[\"https:\\\/\\\/www.meydan.tv\\\/az\\\/article\\\/prokuror-samir-asurova-8-il-hebs-cezasi-isteyib\\\/\"]}]},{\"@type\":\"ImageObject\",\"inLanguage\":\"az\",\"@id\":\"https:\\\/\\\/www.meydan.tv\\\/az\\\/article\\\/prokuror-samir-asurova-8-il-hebs-cezasi-isteyib\\\/#primaryimage\",\"url\":\"https:\\\/\\\/www.meydan.tv\\\/wp-content\\\/uploads\\\/screenshot-2023-12-04-at-15.57.40.png\",\"contentUrl\":\"https:\\\/\\\/www.meydan.tv\\\/wp-content\\\/uploads\\\/screenshot-2023-12-04-at-15.57.40.png\",\"width\":1906,\"height\":1184,\"caption\":\"Samir A\u015furov. Foto: \u015f\u0259xsi facebook s\u0259hif\u0259si\"},{\"@type\":\"BreadcrumbList\",\"@id\":\"https:\\\/\\\/www.meydan.tv\\\/az\\\/article\\\/prokuror-samir-asurova-8-il-hebs-cezasi-isteyib\\\/#breadcrumb\",\"itemListElement\":[{\"@type\":\"ListItem\",\"position\":1,\"name\":\"Ana s\u0259hif\u0259\",\"item\":\"https:\\\/\\\/www.meydan.tv\\\/az\\\/\"},{\"@type\":\"ListItem\",\"position\":2,\"name\":\"X\u0259b\u0259rl\u0259r\",\"item\":\"https:\\\/\\\/www.meydan.tv\\\/az\\\/section\\\/xeberler\\\/\"},{\"@type\":\"ListItem\",\"position\":3,\"name\":\"Prokuror Samir A\u015furova 8 il h\u0259bs c\u0259zas\u0131 ist\u0259yib\"}]},{\"@type\":\"WebSite\",\"@id\":\"https:\\\/\\\/www.meydan.tv\\\/az\\\/#website\",\"url\":\"https:\\\/\\\/www.meydan.tv\\\/az\\\/\",\"name\":\"MEYDAN.TV\",\"description\":\"Meydan TV Az\u0259rbaycan\u0131n media m\u0259kan\u0131ndak\u0131 alternativ s\u0259sidir\",\"publisher\":{\"@id\":\"https:\\\/\\\/www.meydan.tv\\\/az\\\/#organization\"},\"potentialAction\":[{\"@type\":\"SearchAction\",\"target\":{\"@type\":\"EntryPoint\",\"urlTemplate\":\"https:\\\/\\\/www.meydan.tv\\\/az\\\/?s={search_term_string}\"},\"query-input\":{\"@type\":\"PropertyValueSpecification\",\"valueRequired\":true,\"valueName\":\"search_term_string\"}}],\"inLanguage\":\"az\"},{\"@type\":\"Organization\",\"@id\":\"https:\\\/\\\/www.meydan.tv\\\/az\\\/#organization\",\"name\":\"Meydan TV\",\"url\":\"https:\\\/\\\/www.meydan.tv\\\/az\\\/\",\"logo\":{\"@type\":\"ImageObject\",\"inLanguage\":\"az\",\"@id\":\"https:\\\/\\\/www.meydan.tv\\\/az\\\/#\\\/schema\\\/logo\\\/image\\\/\",\"url\":\"https:\\\/\\\/www.meydan.tv\\\/wp-content\\\/uploads\\\/2021\\\/07\\\/meydan-logo.svg\",\"contentUrl\":\"https:\\\/\\\/www.meydan.tv\\\/wp-content\\\/uploads\\\/2021\\\/07\\\/meydan-logo.svg\",\"width\":195,\"height\":46,\"caption\":\"Meydan TV\"},\"image\":{\"@id\":\"https:\\\/\\\/www.meydan.tv\\\/az\\\/#\\\/schema\\\/logo\\\/image\\\/\"}},{\"@type\":\"Person\",\"@id\":\"https:\\\/\\\/www.meydan.tv\\\/az\\\/#\\\/schema\\\/person\\\/476e9360e593fa131d5d71d51866f8da\",\"name\":\"aleks\"}]}<\/script>\n<!-- \/ Yoast SEO plugin. -->","yoast_head_json":{"title":"Prokuror Samir A\u015furova 8 il h\u0259bs c\u0259zas\u0131 ist\u0259yib - MEYDAN.TV","robots":{"index":"index","follow":"follow","max-snippet":"max-snippet:-1","max-image-preview":"max-image-preview:large","max-video-preview":"max-video-preview:-1"},"canonical":"https:\/\/www.meydan.tv\/az\/article\/prokuror-samir-asurova-8-il-hebs-cezasi-isteyib\/","og_locale":"az_AZ","og_type":"article","og_title":"Prokuror Samir A\u015furova 8 il h\u0259bs c\u0259zas\u0131 ist\u0259yib - MEYDAN.TV","og_description":"F\u0259al ittihamlar\u0131 yalan v\u0259 b\u00f6htan adland\u0131r\u0131b Almaniyadan Az\u0259rbaycana deportasiya olunandan ... Davam\u0131","og_url":"https:\/\/www.meydan.tv\/az\/article\/prokuror-samir-asurova-8-il-hebs-cezasi-isteyib\/","og_site_name":"MEYDAN.TV","article_published_time":"2023-12-04T15:10:22+00:00","article_modified_time":"2023-12-04T16:07:59+00:00","og_image":[{"width":1200,"height":745,"url":"https:\/\/www.meydan.tv\/wp-content\/uploads\/screenshot-2023-12-04-at-15.57.40-1200x745.png","type":"image\/png"}],"author":"aleks","twitter_card":"summary_large_image","schema":{"@context":"https:\/\/schema.org","@graph":[{"@type":"Article","@id":"https:\/\/www.meydan.tv\/az\/article\/prokuror-samir-asurova-8-il-hebs-cezasi-isteyib\/#article","isPartOf":{"@id":"https:\/\/www.meydan.tv\/az\/article\/prokuror-samir-asurova-8-il-hebs-cezasi-isteyib\/"},"author":{"name":"aleks","@id":"https:\/\/www.meydan.tv\/az\/#\/schema\/person\/476e9360e593fa131d5d71d51866f8da"},"headline":"Prokuror Samir A\u015furova 8 il h\u0259bs c\u0259zas\u0131 ist\u0259yib","datePublished":"2023-12-04T15:10:22+00:00","dateModified":"2023-12-04T16:07:59+00:00","mainEntityOfPage":{"@id":"https:\/\/www.meydan.tv\/az\/article\/prokuror-samir-asurova-8-il-hebs-cezasi-isteyib\/"},"wordCount":1138,"publisher":{"@id":"https:\/\/www.meydan.tv\/az\/#organization"},"image":{"@id":"https:\/\/www.meydan.tv\/az\/article\/prokuror-samir-asurova-8-il-hebs-cezasi-isteyib\/#primaryimage"},"thumbnailUrl":"https:\/\/www.meydan.tv\/wp-content\/uploads\/screenshot-2023-12-04-at-15.57.40.png","articleSection":["Sosial","T\u00f6vsiy\u0259","X\u0259b\u0259rl\u0259r"],"inLanguage":"az"},{"@type":"WebPage","@id":"https:\/\/www.meydan.tv\/az\/article\/prokuror-samir-asurova-8-il-hebs-cezasi-isteyib\/","url":"https:\/\/www.meydan.tv\/az\/article\/prokuror-samir-asurova-8-il-hebs-cezasi-isteyib\/","name":"Prokuror Samir A\u015furova 8 il h\u0259bs c\u0259zas\u0131 ist\u0259yib - MEYDAN.TV","isPartOf":{"@id":"https:\/\/www.meydan.tv\/az\/#website"},"primaryImageOfPage":{"@id":"https:\/\/www.meydan.tv\/az\/article\/prokuror-samir-asurova-8-il-hebs-cezasi-isteyib\/#primaryimage"},"image":{"@id":"https:\/\/www.meydan.tv\/az\/article\/prokuror-samir-asurova-8-il-hebs-cezasi-isteyib\/#primaryimage"},"thumbnailUrl":"https:\/\/www.meydan.tv\/wp-content\/uploads\/screenshot-2023-12-04-at-15.57.40.png","datePublished":"2023-12-04T15:10:22+00:00","dateModified":"2023-12-04T16:07:59+00:00","breadcrumb":{"@id":"https:\/\/www.meydan.tv\/az\/article\/prokuror-samir-asurova-8-il-hebs-cezasi-isteyib\/#breadcrumb"},"inLanguage":"az","potentialAction":[{"@type":"ReadAction","target":["https:\/\/www.meydan.tv\/az\/article\/prokuror-samir-asurova-8-il-hebs-cezasi-isteyib\/"]}]},{"@type":"ImageObject","inLanguage":"az","@id":"https:\/\/www.meydan.tv\/az\/article\/prokuror-samir-asurova-8-il-hebs-cezasi-isteyib\/#primaryimage","url":"https:\/\/www.meydan.tv\/wp-content\/uploads\/screenshot-2023-12-04-at-15.57.40.png","contentUrl":"https:\/\/www.meydan.tv\/wp-content\/uploads\/screenshot-2023-12-04-at-15.57.40.png","width":1906,"height":1184,"caption":"Samir A\u015furov. Foto: \u015f\u0259xsi facebook s\u0259hif\u0259si"},{"@type":"BreadcrumbList","@id":"https:\/\/www.meydan.tv\/az\/article\/prokuror-samir-asurova-8-il-hebs-cezasi-isteyib\/#breadcrumb","itemListElement":[{"@type":"ListItem","position":1,"name":"Ana s\u0259hif\u0259","item":"https:\/\/www.meydan.tv\/az\/"},{"@type":"ListItem","position":2,"name":"X\u0259b\u0259rl\u0259r","item":"https:\/\/www.meydan.tv\/az\/section\/xeberler\/"},{"@type":"ListItem","position":3,"name":"Prokuror Samir A\u015furova 8 il h\u0259bs c\u0259zas\u0131 ist\u0259yib"}]},{"@type":"WebSite","@id":"https:\/\/www.meydan.tv\/az\/#website","url":"https:\/\/www.meydan.tv\/az\/","name":"MEYDAN.TV","description":"Meydan TV Az\u0259rbaycan\u0131n media m\u0259kan\u0131ndak\u0131 alternativ s\u0259sidir","publisher":{"@id":"https:\/\/www.meydan.tv\/az\/#organization"},"potentialAction":[{"@type":"SearchAction","target":{"@type":"EntryPoint","urlTemplate":"https:\/\/www.meydan.tv\/az\/?s={search_term_string}"},"query-input":{"@type":"PropertyValueSpecification","valueRequired":true,"valueName":"search_term_string"}}],"inLanguage":"az"},{"@type":"Organization","@id":"https:\/\/www.meydan.tv\/az\/#organization","name":"Meydan TV","url":"https:\/\/www.meydan.tv\/az\/","logo":{"@type":"ImageObject","inLanguage":"az","@id":"https:\/\/www.meydan.tv\/az\/#\/schema\/logo\/image\/","url":"https:\/\/www.meydan.tv\/wp-content\/uploads\/2021\/07\/meydan-logo.svg","contentUrl":"https:\/\/www.meydan.tv\/wp-content\/uploads\/2021\/07\/meydan-logo.svg","width":195,"height":46,"caption":"Meydan TV"},"image":{"@id":"https:\/\/www.meydan.tv\/az\/#\/schema\/logo\/image\/"}},{"@type":"Person","@id":"https:\/\/www.meydan.tv\/az\/#\/schema\/person\/476e9360e593fa131d5d71d51866f8da","name":"aleks"}]}},"_links":{"self":[{"href":"https:\/\/www.meydan.tv\/az\/wp-json\/wp\/v2\/posts\/292021","targetHints":{"allow":["GET"]}}],"collection":[{"href":"https:\/\/www.meydan.tv\/az\/wp-json\/wp\/v2\/posts"}],"about":[{"href":"https:\/\/www.meydan.tv\/az\/wp-json\/wp\/v2\/types\/post"}],"author":[{"embeddable":true,"href":"https:\/\/www.meydan.tv\/az\/wp-json\/wp\/v2\/users\/12"}],"replies":[{"embeddable":true,"href":"https:\/\/www.meydan.tv\/az\/wp-json\/wp\/v2\/comments?post=292021"}],"version-history":[{"count":3,"href":"https:\/\/www.meydan.tv\/az\/wp-json\/wp\/v2\/posts\/292021\/revisions"}],"predecessor-version":[{"id":292027,"href":"https:\/\/www.meydan.tv\/az\/wp-json\/wp\/v2\/posts\/292021\/revisions\/292027"}],"wp:featuredmedia":[{"embeddable":true,"href":"https:\/\/www.meydan.tv\/az\/wp-json\/wp\/v2\/media\/292022"}],"wp:attachment":[{"href":"https:\/\/www.meydan.tv\/az\/wp-json\/wp\/v2\/media?parent=292021"}],"wp:term":[{"taxonomy":"category","embeddable":true,"href":"https:\/\/www.meydan.tv\/az\/wp-json\/wp\/v2\/categories?post=292021"},{"taxonomy":"post_tag","embeddable":true,"href":"https:\/\/www.meydan.tv\/az\/wp-json\/wp\/v2\/tags?post=292021"}],"curies":[{"name":"wp","href":"https:\/\/api.w.org\/{rel}","templated":true}]}}