{"id":291995,"date":"2023-12-04T14:11:08","date_gmt":"2023-12-04T10:11:08","guid":{"rendered":"https:\/\/www.meydan.tv\/?p=291995"},"modified":"2023-12-04T14:11:14","modified_gmt":"2023-12-04T10:11:14","slug":"arka-film-musabiqesinin-qeyri-seffaf-kecirilmesi-iddiasina-cavab-verdi","status":"publish","type":"post","link":"https:\/\/www.meydan.tv\/az\/article\/arka-film-musabiqesinin-qeyri-seffaf-kecirilmesi-iddiasina-cavab-verdi\/","title":{"rendered":"ARKA film m\u00fcsabiq\u0259sinin qeyri-\u015f\u0259ffaf ke\u00e7irilm\u0259si iddias\u0131na cavab verdi"},"content":{"rendered":"\n<p><\/p>\n\n\n\n<p><strong><em>\u201cNaraz\u0131l\u0131\u011f\u0131 olanlar Apelyasiya komissiyas\u0131na m\u00fcraci\u0259t ed\u0259 bil\u0259rl\u0259r\u201d<\/em><\/strong><\/p>\n\n\n\n<p>Az\u0259rbaycan Respublikas\u0131 Kino Agentliyi (ARKA) film layih\u0259l\u0259rinin se\u00e7imi \u0259traf\u0131nda yaranan naraz\u0131l\u0131\u011fa m\u00fcnasib\u0259t bildirib.<\/p>\n\n\n\n<p>Qurum m\u0259lumat yayaraq bildirib ki, agentlik olaraq film layih\u0259l\u0259rinin se\u00e7iml\u0259rin\u0259 onlar t\u0259r\u0259find\u0259n m\u00fcdaxil\u0259 <a href=\"https:\/\/arka.culture.az\/az\/news\">edilmir.<\/a><\/p>\n\n\n\n<p>M\u0259d\u0259niyy\u0259t Nazirliyinin tabeliyind\u0259 f\u0259aliyy\u0259t g\u00f6st\u0259r\u0259n Az\u0259rbaycan Respublikas\u0131 Kino Agentliyi (ARKA) t\u0259r\u0259find\u0259n bu ilin 18 iyul tarixind\u0259 film layih\u0259l\u0259ri m\u00fcsabiq\u0259si elan edilib.<\/p>\n\n\n\n<p>M\u00fcsabiq\u0259nin m\u0259qs\u0259di \u00f6lk\u0259d\u0259 kino sah\u0259sinin inki\u015faf\u0131n\u0131n d\u00f6vl\u0259t t\u0259r\u0259find\u0259n d\u0259st\u0259kl\u0259nm\u0259si, kinematoqrafiya f\u0259aliyy\u0259tinin t\u0259\u015fviq edilm\u0259si v\u0259 yerli kinematoqraf\u00e7\u0131lar\u0131n t\u0259cr\u00fcb\u0259sinin art\u0131r\u0131lmas\u0131, milli-m\u0259n\u0259vi v\u0259 \u00fcmumb\u0259\u015f\u0259ri d\u0259y\u0259rl\u0259ri t\u0259bli\u011f ed\u0259n filml\u0259rin istehsal\u0131na nail olunmas\u0131, el\u0259c\u0259 d\u0259 bu sah\u0259d\u0259 \u00f6z\u0259l sektora d\u0259st\u0259k verilm\u0259sidir.<\/p>\n\n\n\n<p>M\u00fcsabiq\u0259y\u0259 t\u0259l\u0259b\u0259 filml\u0259ri d\u0259 daxil olmaqla, \u00fcmumilikd\u0259 100-d\u0259n art\u0131q layih\u0259 t\u0259qdim edilib.<\/p>\n\n\n\n<p>Kinematoqraf\u0131n m\u00fcxt\u0259lif istiqam\u0259tl\u0259rini t\u0259msil ed\u0259n yeddi n\u0259f\u0259rd\u0259n ibar\u0259t (\u0130lqar F\u0259hmi, Fikrin B\u0259kta\u015fi, Fehruz \u015eamiyev, Ayd\u0131n Tal\u0131bzad\u0259, Az\u0259r Quliyev, Murad H\u00fcseynov, Rasim H\u0259s\u0259nov) Se\u00e7im komissiyas\u0131 t\u0259r\u0259find\u0259n m\u00fcsabiq\u0259nin ikinci m\u0259rh\u0259l\u0259si il\u0259 ba\u011fl\u0131 yekun iclasda 30 layih\u0259nin m\u00fcdafi\u0259si \u00fc\u00e7\u00fcn m\u00fc\u0259llifl\u0259rin pit\u00e7inq\u0259 d\u0259v\u0259t olunmas\u0131na q\u0259rar verilib.<\/p>\n\n\n\n<p>\u0130clas\u0131n b\u00fct\u00fcn gedi\u015finin (s\u0259s qeydl\u0259ri d\u0259 daxil) katiblik t\u0259r\u0259find\u0259n protokolu t\u0259rtib olunaraq arxivl\u0259\u015fdirilib.<\/p>\n\n\n\n<p>Noyabr \u200b23-24-d\u0259 D\u00f6vl\u0259t Film Fondunda m\u00fcsabiq\u0259nin pit\u00e7inq m\u0259rh\u0259l\u0259si t\u0259\u015fkil olunub. Bu m\u0259rh\u0259l\u0259d\u0259 Se\u00e7im komissiyas\u0131n\u0131n \u00fczvl\u0259ri v\u0259 M\u0259d\u0259niyy\u0259t Nazirliyi t\u0259r\u0259find\u0259n yarad\u0131lm\u0131\u015f kinematoqrafiya, r\u0259q\u0259msal v\u0259 dig\u0259r audiovizual \u0259s\u0259rl\u0259rin m\u0259zmununun qiym\u0259tl\u0259ndirilm\u0259si \u00fczr\u0259 Ekspert \u015euras\u0131n\u0131n n\u00fcmay\u0259nd\u0259l\u0259ri il\u0259 birlikd\u0259 (televiziya r\u0259hb\u0259rl\u0259rinin \u201cZoom\u201d vasit\u0259sil\u0259 qat\u0131l\u0131m\u0131 da t\u0259min olunub) i\u015ftirak\u00e7\u0131lar\u0131n layih\u0259l\u0259rini dinl\u0259yibl\u0259r.<\/p>\n\n\n\n<p>N\u0259tic\u0259d\u0259 11 layih\u0259 (\u201cKapitan v\u0259 X\u0259z\u0259r d\u0259nizi\u201d, \u201cNargin\u201d, \u201c\u00d6l\u00fcm axtaran qad\u0131n\u201d, \u201cK\u00fcr \u2013 \u00e7aylar anas\u0131\u201d, \u201cNarq\u0131z\u201d, \u201cS\u00f6z\u00fcn varsa, de\u201d, \u201cG\u00fcn\u0259\u015fd\u0259 d\u0259 l\u0259k\u0259l\u0259r olur\u201d, \u201cQorqud v\u0259 Z\u0259hra\u201d, \u201cX\u0259zin\u0259\u201d, \u201cDa\u015f\u201d, \u201cErk\u0259n hissl\u0259r\u201d) v\u0259 t\u0259l\u0259b\u0259 filml\u0259ri layih\u0259l\u0259ri Ekspert \u015euras\u0131n\u0131n yekun iclas\u0131na t\u0259qdim edilib.<\/p>\n\n\n\n<p>Ekspert \u015furas\u0131n\u0131n son iclas\u0131nda s\u0259sverm\u0259 n\u0259tic\u0259sind\u0259 11 qalib layih\u0259d\u0259n ikisi (\u201cQorqud v\u0259 Z\u0259hra\u201d, \u201cS\u00f6z\u00fcn varsa, de\u201d ) s\u0259s \u00e7oxlu\u011fu il\u0259 ssenarinin inki\u015faf proqram\u0131na y\u00f6nl\u0259ndirilib.<\/p>\n\n\n\n<p>\u201cBorc\u201d, \u201cAr\u0131lar v\u0259 q\u0259birl\u0259r\u201d film layih\u0259l\u0259ri is\u0259 t\u0259kmill\u0259\u015fdirm\u0259 v\u0259 ssenarinin inki\u015faf proqram\u0131na c\u0259lb olunduqdan sonra istehsala burax\u0131lmas\u0131 t\u00f6vsiy\u0259 edilib.<\/p>\n\n\n<div class=\"wp-block-image\">\n<figure class=\"aligncenter size-large\"><img decoding=\"async\" width=\"1200\" height=\"675\" data-src=\"https:\/\/www.meydan.tv\/wp-content\/uploads\/maxresdefault-21-1200x675.jpg\" alt=\"\" class=\"wp-image-291996 lazyload\" src=\"data:image\/svg+xml;base64,PHN2ZyB3aWR0aD0iMSIgaGVpZ2h0PSIxIiB4bWxucz0iaHR0cDovL3d3dy53My5vcmcvMjAwMC9zdmciPjwvc3ZnPg==\" style=\"--smush-placeholder-width: 1200px; --smush-placeholder-aspect-ratio: 1200\/675;\" \/><figcaption class=\"wp-element-caption\">Az\u0259rbaycan Respublikas\u0131 Kino Agentliyi<\/figcaption><\/figure>\n<\/div>\n\n\n<p><em>\u201cEkspert \u015euras\u0131n\u0131n \u0259sasnam\u0259sin\u0259 uy\u011fun olaraq, s\u0259s \u00e7oxlu\u011fu il\u0259 se\u00e7il\u0259n layih\u0259l\u0259r Se\u00e7im komissiyas\u0131n\u0131n v\u0259 Ekspert \u015euras\u0131n\u0131n m\u00fcst\u0259qil q\u0259rar\u0131 kimi qiym\u0259tl\u0259ndirilm\u0259lidir. ARKA bu proses\u0259 m\u00fcdaxil\u0259 etmir\u201d, &#8211; <\/em>m\u0259lumatda deyilir.<\/p>\n\n\n\n<p>\u201c<em>Bildiririk ki, m\u00fcvafiq qaydalara, Ekspert \u015euras\u0131n\u0131n yekun r\u0259yin\u0259 \u0259sas\u0259n, ARKA qalib olmu\u015f layih\u0259l\u0259r\u0259 v\u0259 onlar\u0131n maliyy\u0259l\u0259\u015fm\u0259sin\u0259 dair yekun q\u0259rar q\u0259bul edir. Film layih\u0259l\u0259ri ARKA-n\u0131n iqtisadi c\u0259h\u0259td\u0259n \u0259sasland\u0131rmas\u0131ndan sonra istehsala burax\u0131lacaq\u201d, <\/em>&#8211; dey\u0259 ARKA qeyd edib.<\/p>\n\n\n\n<p>M\u00fcsabiq\u0259nin h\u0259r hans\u0131 m\u0259rh\u0259l\u0259si il\u0259 ba\u011fl\u0131 naraz\u0131l\u0131\u011f\u0131 olan i\u015ftirak\u00e7\u0131lar M\u0259d\u0259niyy\u0259t Nazirliyi t\u0259r\u0259find\u0259n yarad\u0131lm\u0131\u015f Apellyasiya komissiyas\u0131na m\u00fcraci\u0259t ed\u0259 bil\u0259rl\u0259r.<\/p>\n\n\n\n<p>Film layih\u0259l\u0259ri m\u00fcsabiq\u0259sind\u0259 Apelyasiya komissiyas\u0131 t\u0259cr\u00fcb\u0259si ilk d\u0259f\u0259 t\u0259tbiq olunur.<\/p>\n\n\n\n<p>Komissiyaya 9 n\u0259f\u0259r yerli v\u0259 xarici pe\u015f\u0259kar kinematoqraf\u00e7\u0131dan ibar\u0259t hey\u0259t c\u0259lb edilib.<\/p>\n\n\n\n<p>ARKA 2023-c\u00fc ilin iyulunda film m\u00fcsabiq\u0259si elan edib.<\/p>\n\n\n\n<p>M\u00fcsabiq\u0259 \u00fc\u00e7 m\u0259rh\u0259l\u0259li olub.<\/p>\n\n\n\n<p>M\u00fcsabiq\u0259nin sonuncu \u2013 layih\u0259l\u0259rin m\u00fcdafi\u0259si (pit\u00e7inq) m\u0259rh\u0259l\u0259si is\u0259 noyabr\u0131n 23-24-d\u0259 ke\u00e7irilib.<\/p>\n\n\n\n<p>M\u00fcsabiq\u0259nin \u00fcmumi fondu 5,5 milyon manatd\u0131r.<\/p>\n\n\n\n<p>Qalibl\u0259r m\u00fcst\u0259qil m\u00fct\u0259x\u0259ssisl\u0259rd\u0259n ibar\u0259t Se\u00e7im komissiyas\u0131 v\u0259 nazirlik t\u0259r\u0259find\u0259n bu g\u00fcnl\u0259rd\u0259 yarad\u0131lm\u0131\u015f Ekspert \u015euras\u0131 t\u0259r\u0259find\u0259n se\u00e7ilib.<\/p>\n\n\n\n<p>\u201cX\u0259zin\u0259\u201d (\u201cUltra Production\u201d MMC), \u201cG\u00fcn\u0259\u015fd\u0259 d\u0259 l\u0259k\u0259l\u0259r olur\u201d (\u201cAz\u0259rNyuMedia\u201d MMC), \u201cBorc\u201d (\u201cBak\u0131 Media M\u0259rk\u0259zi\u201d MMC), \u201cAr\u0131lar v\u0259 q\u0259birl\u0259r\u201d (\u201cSFN Production\u201d MMC) tammetrajl\u0131 b\u0259dii, \u201cNargin\u201d (\u201cKarvan Production\u201d MMC), \u201c\u00d6l\u00fcm axtaran qad\u0131n\u201d (\u201cBak\u0131 Media M\u0259rk\u0259zi\u201d MMC), \u201cK\u00fcr \u2013 \u00e7aylar anas\u0131\u201d (\u201cOD-MED\u0130A Production\u201d MMC) tammetrajl\u0131 s\u0259n\u0259dli, \u201cDa\u015f\u201d (\u201cART Baku Production\u201d MMC), \u201cErk\u0259n hissl\u0259r\u201d (\u201cRental Az\u0259rbaycan\u201d MMC) q\u0131sametrajl\u0131 b\u0259dii, \u201cKapitan v\u0259 X\u0259z\u0259r d\u0259nizi\u201d (\u201cRental Az\u0259rbaycan\u201d MMC) q\u0131sametrajl\u0131 s\u0259n\u0259dli, \u201cNarq\u0131z\u201d (\u201cPeri Film\u201d MMC) q\u0131sametrajl\u0131 animasiya film layih\u0259l\u0259rinin v\u0259 16 q\u0131sametrajl\u0131 b\u0259dii v\u0259 s\u0259n\u0259dli t\u0259l\u0259b\u0259 film layih\u0259sinin istehsal\u0131na d\u0259st\u0259k g\u00f6st\u0259rilm\u0259sin\u0259 q\u0259rar verilib.<\/p>\n\n\n\n<p>Kinot\u0259nqid\u00e7il\u0259ri m\u00fcsabiq\u0259nin qeyri-\u015f\u0259ffaf ke\u00e7irildiyini <a href=\"https:\/\/storage.googleapis.com\/qurium\/www.meydan.tv\/az-article-tenqidciler-film-musabiqesinin-qeyri-seffaf-kecirildiyini-deyirler.html\">deyibl\u0259r.<\/a><\/p>\n","protected":false},"excerpt":{"rendered":"<p>\u201cNaraz\u0131l\u0131\u011f\u0131 olanlar Apelyasiya komissiyas\u0131na m\u00fcraci\u0259t ed\u0259 bil\u0259rl\u0259r\u201d Az\u0259rbaycan Respublikas\u0131 Kino &#8230; <\/p>\n<p class=\"read-more-container\"><a title=\"ARKA film m\u00fcsabiq\u0259sinin qeyri-\u015f\u0259ffaf ke\u00e7irilm\u0259si iddias\u0131na cavab verdi\" class=\"read-more button\" href=\"https:\/\/www.meydan.tv\/az\/article\/arka-film-musabiqesinin-qeyri-seffaf-kecirilmesi-iddiasina-cavab-verdi\/#more-291995\" aria-label=\"Read more about ARKA film m\u00fcsabiq\u0259sinin qeyri-\u015f\u0259ffaf ke\u00e7irilm\u0259si iddias\u0131na cavab verdi\">Davam\u0131<\/a><\/p>\n","protected":false},"author":8,"featured_media":242701,"comment_status":"closed","ping_status":"closed","sticky":false,"template":"","format":"standard","meta":{"_acf_changed":false,"_sitemap_exclude":false,"_sitemap_priority":"","_sitemap_frequency":"","footnotes":""},"categories":[52,56],"tags":[],"class_list":["post-291995","post","type-post","status-publish","format-standard","has-post-thumbnail","hentry","category-medeniyyet","category-xeberler","infinite-scroll-item","generate-columns","tablet-grid-50","mobile-grid-100","grid-parent","grid-33","no-featured-image-padding"],"acf":[],"yoast_head":"<!-- This site is optimized with the Yoast SEO plugin v27.4 - https:\/\/yoast.com\/product\/yoast-seo-wordpress\/ -->\n<title>ARKA film m\u00fcsabiq\u0259sinin qeyri-\u015f\u0259ffaf ke\u00e7irilm\u0259si iddias\u0131na cavab verdi - MEYDAN.TV<\/title>\n<meta name=\"robots\" content=\"index, follow, max-snippet:-1, max-image-preview:large, max-video-preview:-1\" \/>\n<link rel=\"canonical\" href=\"https:\/\/www.meydan.tv\/az\/article\/arka-film-musabiqesinin-qeyri-seffaf-kecirilmesi-iddiasina-cavab-verdi\/\" \/>\n<meta property=\"og:locale\" content=\"az_AZ\" \/>\n<meta property=\"og:type\" content=\"article\" \/>\n<meta property=\"og:title\" content=\"ARKA film m\u00fcsabiq\u0259sinin qeyri-\u015f\u0259ffaf ke\u00e7irilm\u0259si iddias\u0131na cavab verdi - MEYDAN.TV\" \/>\n<meta property=\"og:description\" content=\"\u201cNaraz\u0131l\u0131\u011f\u0131 olanlar Apelyasiya komissiyas\u0131na m\u00fcraci\u0259t ed\u0259 bil\u0259rl\u0259r\u201d Az\u0259rbaycan Respublikas\u0131 Kino ... Davam\u0131\" \/>\n<meta property=\"og:url\" content=\"https:\/\/www.meydan.tv\/az\/article\/arka-film-musabiqesinin-qeyri-seffaf-kecirilmesi-iddiasina-cavab-verdi\/\" \/>\n<meta property=\"og:site_name\" content=\"MEYDAN.TV\" \/>\n<meta property=\"article:published_time\" content=\"2023-12-04T10:11:08+00:00\" \/>\n<meta property=\"article:modified_time\" content=\"2023-12-04T10:11:14+00:00\" \/>\n<meta property=\"og:image\" content=\"https:\/\/www.meydan.tv\/wp-content\/uploads\/shutterstock_1914661585.jpg\" \/>\n\t<meta property=\"og:image:width\" content=\"1200\" \/>\n\t<meta property=\"og:image:height\" content=\"794\" \/>\n\t<meta property=\"og:image:type\" content=\"image\/jpeg\" \/>\n<meta name=\"author\" content=\"elli\" \/>\n<meta name=\"twitter:card\" content=\"summary_large_image\" \/>\n<meta name=\"twitter:creator\" content=\"@elli\" \/>\n<script type=\"application\/ld+json\" class=\"yoast-schema-graph\">{\"@context\":\"https:\\\/\\\/schema.org\",\"@graph\":[{\"@type\":\"Article\",\"@id\":\"https:\\\/\\\/www.meydan.tv\\\/az\\\/article\\\/arka-film-musabiqesinin-qeyri-seffaf-kecirilmesi-iddiasina-cavab-verdi\\\/#article\",\"isPartOf\":{\"@id\":\"https:\\\/\\\/www.meydan.tv\\\/az\\\/article\\\/arka-film-musabiqesinin-qeyri-seffaf-kecirilmesi-iddiasina-cavab-verdi\\\/\"},\"author\":{\"name\":\"elli\",\"@id\":\"https:\\\/\\\/www.meydan.tv\\\/az\\\/#\\\/schema\\\/person\\\/9cdbecf90d17180ce1dfbd95b08dcf47\"},\"headline\":\"ARKA film m\u00fcsabiq\u0259sinin qeyri-\u015f\u0259ffaf ke\u00e7irilm\u0259si iddias\u0131na cavab verdi\",\"datePublished\":\"2023-12-04T10:11:08+00:00\",\"dateModified\":\"2023-12-04T10:11:14+00:00\",\"mainEntityOfPage\":{\"@id\":\"https:\\\/\\\/www.meydan.tv\\\/az\\\/article\\\/arka-film-musabiqesinin-qeyri-seffaf-kecirilmesi-iddiasina-cavab-verdi\\\/\"},\"wordCount\":970,\"publisher\":{\"@id\":\"https:\\\/\\\/www.meydan.tv\\\/az\\\/#organization\"},\"image\":{\"@id\":\"https:\\\/\\\/www.meydan.tv\\\/az\\\/article\\\/arka-film-musabiqesinin-qeyri-seffaf-kecirilmesi-iddiasina-cavab-verdi\\\/#primaryimage\"},\"thumbnailUrl\":\"https:\\\/\\\/www.meydan.tv\\\/wp-content\\\/uploads\\\/shutterstock_1914661585.jpg\",\"articleSection\":[\"M\u0259d\u0259niyy\u0259t\",\"X\u0259b\u0259rl\u0259r\"],\"inLanguage\":\"az\"},{\"@type\":\"WebPage\",\"@id\":\"https:\\\/\\\/www.meydan.tv\\\/az\\\/article\\\/arka-film-musabiqesinin-qeyri-seffaf-kecirilmesi-iddiasina-cavab-verdi\\\/\",\"url\":\"https:\\\/\\\/www.meydan.tv\\\/az\\\/article\\\/arka-film-musabiqesinin-qeyri-seffaf-kecirilmesi-iddiasina-cavab-verdi\\\/\",\"name\":\"ARKA film m\u00fcsabiq\u0259sinin qeyri-\u015f\u0259ffaf ke\u00e7irilm\u0259si iddias\u0131na cavab verdi - MEYDAN.TV\",\"isPartOf\":{\"@id\":\"https:\\\/\\\/www.meydan.tv\\\/az\\\/#website\"},\"primaryImageOfPage\":{\"@id\":\"https:\\\/\\\/www.meydan.tv\\\/az\\\/article\\\/arka-film-musabiqesinin-qeyri-seffaf-kecirilmesi-iddiasina-cavab-verdi\\\/#primaryimage\"},\"image\":{\"@id\":\"https:\\\/\\\/www.meydan.tv\\\/az\\\/article\\\/arka-film-musabiqesinin-qeyri-seffaf-kecirilmesi-iddiasina-cavab-verdi\\\/#primaryimage\"},\"thumbnailUrl\":\"https:\\\/\\\/www.meydan.tv\\\/wp-content\\\/uploads\\\/shutterstock_1914661585.jpg\",\"datePublished\":\"2023-12-04T10:11:08+00:00\",\"dateModified\":\"2023-12-04T10:11:14+00:00\",\"breadcrumb\":{\"@id\":\"https:\\\/\\\/www.meydan.tv\\\/az\\\/article\\\/arka-film-musabiqesinin-qeyri-seffaf-kecirilmesi-iddiasina-cavab-verdi\\\/#breadcrumb\"},\"inLanguage\":\"az\",\"potentialAction\":[{\"@type\":\"ReadAction\",\"target\":[\"https:\\\/\\\/www.meydan.tv\\\/az\\\/article\\\/arka-film-musabiqesinin-qeyri-seffaf-kecirilmesi-iddiasina-cavab-verdi\\\/\"]}]},{\"@type\":\"ImageObject\",\"inLanguage\":\"az\",\"@id\":\"https:\\\/\\\/www.meydan.tv\\\/az\\\/article\\\/arka-film-musabiqesinin-qeyri-seffaf-kecirilmesi-iddiasina-cavab-verdi\\\/#primaryimage\",\"url\":\"https:\\\/\\\/www.meydan.tv\\\/wp-content\\\/uploads\\\/shutterstock_1914661585.jpg\",\"contentUrl\":\"https:\\\/\\\/www.meydan.tv\\\/wp-content\\\/uploads\\\/shutterstock_1914661585.jpg\",\"width\":1200,\"height\":794,\"caption\":\"Az\u0259rbaycan kinosu. Foto: natatravel\\\/shutterstock\"},{\"@type\":\"BreadcrumbList\",\"@id\":\"https:\\\/\\\/www.meydan.tv\\\/az\\\/article\\\/arka-film-musabiqesinin-qeyri-seffaf-kecirilmesi-iddiasina-cavab-verdi\\\/#breadcrumb\",\"itemListElement\":[{\"@type\":\"ListItem\",\"position\":1,\"name\":\"Ana s\u0259hif\u0259\",\"item\":\"https:\\\/\\\/www.meydan.tv\\\/az\\\/\"},{\"@type\":\"ListItem\",\"position\":2,\"name\":\"M\u0259d\u0259niyy\u0259t\",\"item\":\"https:\\\/\\\/www.meydan.tv\\\/az\\\/section\\\/medeniyyet\\\/\"},{\"@type\":\"ListItem\",\"position\":3,\"name\":\"ARKA film m\u00fcsabiq\u0259sinin qeyri-\u015f\u0259ffaf ke\u00e7irilm\u0259si iddias\u0131na cavab verdi\"}]},{\"@type\":\"WebSite\",\"@id\":\"https:\\\/\\\/www.meydan.tv\\\/az\\\/#website\",\"url\":\"https:\\\/\\\/www.meydan.tv\\\/az\\\/\",\"name\":\"MEYDAN.TV\",\"description\":\"Meydan TV Az\u0259rbaycan\u0131n media m\u0259kan\u0131ndak\u0131 alternativ s\u0259sidir\",\"publisher\":{\"@id\":\"https:\\\/\\\/www.meydan.tv\\\/az\\\/#organization\"},\"potentialAction\":[{\"@type\":\"SearchAction\",\"target\":{\"@type\":\"EntryPoint\",\"urlTemplate\":\"https:\\\/\\\/www.meydan.tv\\\/az\\\/?s={search_term_string}\"},\"query-input\":{\"@type\":\"PropertyValueSpecification\",\"valueRequired\":true,\"valueName\":\"search_term_string\"}}],\"inLanguage\":\"az\"},{\"@type\":\"Organization\",\"@id\":\"https:\\\/\\\/www.meydan.tv\\\/az\\\/#organization\",\"name\":\"Meydan TV\",\"url\":\"https:\\\/\\\/www.meydan.tv\\\/az\\\/\",\"logo\":{\"@type\":\"ImageObject\",\"inLanguage\":\"az\",\"@id\":\"https:\\\/\\\/www.meydan.tv\\\/az\\\/#\\\/schema\\\/logo\\\/image\\\/\",\"url\":\"https:\\\/\\\/www.meydan.tv\\\/wp-content\\\/uploads\\\/2021\\\/07\\\/meydan-logo.svg\",\"contentUrl\":\"https:\\\/\\\/www.meydan.tv\\\/wp-content\\\/uploads\\\/2021\\\/07\\\/meydan-logo.svg\",\"width\":195,\"height\":46,\"caption\":\"Meydan TV\"},\"image\":{\"@id\":\"https:\\\/\\\/www.meydan.tv\\\/az\\\/#\\\/schema\\\/logo\\\/image\\\/\"}},{\"@type\":\"Person\",\"@id\":\"https:\\\/\\\/www.meydan.tv\\\/az\\\/#\\\/schema\\\/person\\\/9cdbecf90d17180ce1dfbd95b08dcf47\",\"name\":\"elli\",\"sameAs\":[\"https:\\\/\\\/x.com\\\/elli\"]}]}<\/script>\n<!-- \/ Yoast SEO plugin. -->","yoast_head_json":{"title":"ARKA film m\u00fcsabiq\u0259sinin qeyri-\u015f\u0259ffaf ke\u00e7irilm\u0259si iddias\u0131na cavab verdi - MEYDAN.TV","robots":{"index":"index","follow":"follow","max-snippet":"max-snippet:-1","max-image-preview":"max-image-preview:large","max-video-preview":"max-video-preview:-1"},"canonical":"https:\/\/www.meydan.tv\/az\/article\/arka-film-musabiqesinin-qeyri-seffaf-kecirilmesi-iddiasina-cavab-verdi\/","og_locale":"az_AZ","og_type":"article","og_title":"ARKA film m\u00fcsabiq\u0259sinin qeyri-\u015f\u0259ffaf ke\u00e7irilm\u0259si iddias\u0131na cavab verdi - MEYDAN.TV","og_description":"\u201cNaraz\u0131l\u0131\u011f\u0131 olanlar Apelyasiya komissiyas\u0131na m\u00fcraci\u0259t ed\u0259 bil\u0259rl\u0259r\u201d Az\u0259rbaycan Respublikas\u0131 Kino ... Davam\u0131","og_url":"https:\/\/www.meydan.tv\/az\/article\/arka-film-musabiqesinin-qeyri-seffaf-kecirilmesi-iddiasina-cavab-verdi\/","og_site_name":"MEYDAN.TV","article_published_time":"2023-12-04T10:11:08+00:00","article_modified_time":"2023-12-04T10:11:14+00:00","og_image":[{"width":1200,"height":794,"url":"https:\/\/www.meydan.tv\/wp-content\/uploads\/shutterstock_1914661585.jpg","type":"image\/jpeg"}],"author":"elli","twitter_card":"summary_large_image","twitter_creator":"@elli","schema":{"@context":"https:\/\/schema.org","@graph":[{"@type":"Article","@id":"https:\/\/www.meydan.tv\/az\/article\/arka-film-musabiqesinin-qeyri-seffaf-kecirilmesi-iddiasina-cavab-verdi\/#article","isPartOf":{"@id":"https:\/\/www.meydan.tv\/az\/article\/arka-film-musabiqesinin-qeyri-seffaf-kecirilmesi-iddiasina-cavab-verdi\/"},"author":{"name":"elli","@id":"https:\/\/www.meydan.tv\/az\/#\/schema\/person\/9cdbecf90d17180ce1dfbd95b08dcf47"},"headline":"ARKA film m\u00fcsabiq\u0259sinin qeyri-\u015f\u0259ffaf ke\u00e7irilm\u0259si iddias\u0131na cavab verdi","datePublished":"2023-12-04T10:11:08+00:00","dateModified":"2023-12-04T10:11:14+00:00","mainEntityOfPage":{"@id":"https:\/\/www.meydan.tv\/az\/article\/arka-film-musabiqesinin-qeyri-seffaf-kecirilmesi-iddiasina-cavab-verdi\/"},"wordCount":970,"publisher":{"@id":"https:\/\/www.meydan.tv\/az\/#organization"},"image":{"@id":"https:\/\/www.meydan.tv\/az\/article\/arka-film-musabiqesinin-qeyri-seffaf-kecirilmesi-iddiasina-cavab-verdi\/#primaryimage"},"thumbnailUrl":"https:\/\/www.meydan.tv\/wp-content\/uploads\/shutterstock_1914661585.jpg","articleSection":["M\u0259d\u0259niyy\u0259t","X\u0259b\u0259rl\u0259r"],"inLanguage":"az"},{"@type":"WebPage","@id":"https:\/\/www.meydan.tv\/az\/article\/arka-film-musabiqesinin-qeyri-seffaf-kecirilmesi-iddiasina-cavab-verdi\/","url":"https:\/\/www.meydan.tv\/az\/article\/arka-film-musabiqesinin-qeyri-seffaf-kecirilmesi-iddiasina-cavab-verdi\/","name":"ARKA film m\u00fcsabiq\u0259sinin qeyri-\u015f\u0259ffaf ke\u00e7irilm\u0259si iddias\u0131na cavab verdi - MEYDAN.TV","isPartOf":{"@id":"https:\/\/www.meydan.tv\/az\/#website"},"primaryImageOfPage":{"@id":"https:\/\/www.meydan.tv\/az\/article\/arka-film-musabiqesinin-qeyri-seffaf-kecirilmesi-iddiasina-cavab-verdi\/#primaryimage"},"image":{"@id":"https:\/\/www.meydan.tv\/az\/article\/arka-film-musabiqesinin-qeyri-seffaf-kecirilmesi-iddiasina-cavab-verdi\/#primaryimage"},"thumbnailUrl":"https:\/\/www.meydan.tv\/wp-content\/uploads\/shutterstock_1914661585.jpg","datePublished":"2023-12-04T10:11:08+00:00","dateModified":"2023-12-04T10:11:14+00:00","breadcrumb":{"@id":"https:\/\/www.meydan.tv\/az\/article\/arka-film-musabiqesinin-qeyri-seffaf-kecirilmesi-iddiasina-cavab-verdi\/#breadcrumb"},"inLanguage":"az","potentialAction":[{"@type":"ReadAction","target":["https:\/\/www.meydan.tv\/az\/article\/arka-film-musabiqesinin-qeyri-seffaf-kecirilmesi-iddiasina-cavab-verdi\/"]}]},{"@type":"ImageObject","inLanguage":"az","@id":"https:\/\/www.meydan.tv\/az\/article\/arka-film-musabiqesinin-qeyri-seffaf-kecirilmesi-iddiasina-cavab-verdi\/#primaryimage","url":"https:\/\/www.meydan.tv\/wp-content\/uploads\/shutterstock_1914661585.jpg","contentUrl":"https:\/\/www.meydan.tv\/wp-content\/uploads\/shutterstock_1914661585.jpg","width":1200,"height":794,"caption":"Az\u0259rbaycan kinosu. Foto: natatravel\/shutterstock"},{"@type":"BreadcrumbList","@id":"https:\/\/www.meydan.tv\/az\/article\/arka-film-musabiqesinin-qeyri-seffaf-kecirilmesi-iddiasina-cavab-verdi\/#breadcrumb","itemListElement":[{"@type":"ListItem","position":1,"name":"Ana s\u0259hif\u0259","item":"https:\/\/www.meydan.tv\/az\/"},{"@type":"ListItem","position":2,"name":"M\u0259d\u0259niyy\u0259t","item":"https:\/\/www.meydan.tv\/az\/section\/medeniyyet\/"},{"@type":"ListItem","position":3,"name":"ARKA film m\u00fcsabiq\u0259sinin qeyri-\u015f\u0259ffaf ke\u00e7irilm\u0259si iddias\u0131na cavab verdi"}]},{"@type":"WebSite","@id":"https:\/\/www.meydan.tv\/az\/#website","url":"https:\/\/www.meydan.tv\/az\/","name":"MEYDAN.TV","description":"Meydan TV Az\u0259rbaycan\u0131n media m\u0259kan\u0131ndak\u0131 alternativ s\u0259sidir","publisher":{"@id":"https:\/\/www.meydan.tv\/az\/#organization"},"potentialAction":[{"@type":"SearchAction","target":{"@type":"EntryPoint","urlTemplate":"https:\/\/www.meydan.tv\/az\/?s={search_term_string}"},"query-input":{"@type":"PropertyValueSpecification","valueRequired":true,"valueName":"search_term_string"}}],"inLanguage":"az"},{"@type":"Organization","@id":"https:\/\/www.meydan.tv\/az\/#organization","name":"Meydan TV","url":"https:\/\/www.meydan.tv\/az\/","logo":{"@type":"ImageObject","inLanguage":"az","@id":"https:\/\/www.meydan.tv\/az\/#\/schema\/logo\/image\/","url":"https:\/\/www.meydan.tv\/wp-content\/uploads\/2021\/07\/meydan-logo.svg","contentUrl":"https:\/\/www.meydan.tv\/wp-content\/uploads\/2021\/07\/meydan-logo.svg","width":195,"height":46,"caption":"Meydan TV"},"image":{"@id":"https:\/\/www.meydan.tv\/az\/#\/schema\/logo\/image\/"}},{"@type":"Person","@id":"https:\/\/www.meydan.tv\/az\/#\/schema\/person\/9cdbecf90d17180ce1dfbd95b08dcf47","name":"elli","sameAs":["https:\/\/x.com\/elli"]}]}},"_links":{"self":[{"href":"https:\/\/www.meydan.tv\/az\/wp-json\/wp\/v2\/posts\/291995","targetHints":{"allow":["GET"]}}],"collection":[{"href":"https:\/\/www.meydan.tv\/az\/wp-json\/wp\/v2\/posts"}],"about":[{"href":"https:\/\/www.meydan.tv\/az\/wp-json\/wp\/v2\/types\/post"}],"author":[{"embeddable":true,"href":"https:\/\/www.meydan.tv\/az\/wp-json\/wp\/v2\/users\/8"}],"replies":[{"embeddable":true,"href":"https:\/\/www.meydan.tv\/az\/wp-json\/wp\/v2\/comments?post=291995"}],"version-history":[{"count":2,"href":"https:\/\/www.meydan.tv\/az\/wp-json\/wp\/v2\/posts\/291995\/revisions"}],"predecessor-version":[{"id":292000,"href":"https:\/\/www.meydan.tv\/az\/wp-json\/wp\/v2\/posts\/291995\/revisions\/292000"}],"wp:featuredmedia":[{"embeddable":true,"href":"https:\/\/www.meydan.tv\/az\/wp-json\/wp\/v2\/media\/242701"}],"wp:attachment":[{"href":"https:\/\/www.meydan.tv\/az\/wp-json\/wp\/v2\/media?parent=291995"}],"wp:term":[{"taxonomy":"category","embeddable":true,"href":"https:\/\/www.meydan.tv\/az\/wp-json\/wp\/v2\/categories?post=291995"},{"taxonomy":"post_tag","embeddable":true,"href":"https:\/\/www.meydan.tv\/az\/wp-json\/wp\/v2\/tags?post=291995"}],"curies":[{"name":"wp","href":"https:\/\/api.w.org\/{rel}","templated":true}]}}