{"id":291966,"date":"2023-12-04T12:11:07","date_gmt":"2023-12-04T08:11:07","guid":{"rendered":"https:\/\/www.meydan.tv\/?p=291966"},"modified":"2023-12-04T12:11:10","modified_gmt":"2023-12-04T08:11:10","slug":"iki-herbci-kiraye-yasadigi-menzilde-olu-tapilib","status":"publish","type":"post","link":"https:\/\/www.meydan.tv\/az\/article\/iki-herbci-kiraye-yasadigi-menzilde-olu-tapilib\/","title":{"rendered":"\u0130ki h\u0259rb\u00e7i kiray\u0259 ya\u015fad\u0131\u011f\u0131 m\u0259nzild\u0259 \u00f6l\u00fc tap\u0131l\u0131b"},"content":{"rendered":"\n<p><\/p>\n\n\n\n<p><strong><em>Onlar\u0131n d\u0259m qaz\u0131ndan bo\u011fuldu\u011fu bildirilir<\/em><\/strong><\/p>\n\n\n\n<p>Salyanda iki n\u0259f\u0259r h\u0259rb\u00e7inin d\u0259m qaz\u0131ndan bo\u011fularaq, h\u0259yat\u0131n\u0131 itirdiyi deyilir.<\/p>\n\n\n\n<p>Hadis\u0259 dekabr\u0131n 3-d\u0259 Salyan \u015f\u0259h\u0259rind\u0259 h\u0259rb\u00e7il\u0259rin kiray\u0259 qald\u0131qlar\u0131 m\u0259nzild\u0259 ba\u015f verib. M\u0259nzild\u0259 25 ya\u015fl\u0131 Davud \u018fl\u0259kb\u0259rzad\u0259 v\u0259 28 ya\u015fl\u0131 \u00dcrf\u0259t A\u011fam\u0259mm\u0259dovun meyitl\u0259ri tap\u0131l\u0131b.<\/p>\n\n\n\n<p>\u0130lkin ara\u015fd\u0131rma n\u0259tic\u0259sind\u0259 onlar\u0131n d\u0259m qaz\u0131ndan bo\u011fuldu\u011fu m\u00fc\u0259yy\u0259nl\u0259\u015fdirilib.<\/p>\n\n\n\n<p>M\u0259lumata g\u00f6r\u0259, Davud \u018fl\u0259kb\u0259rzad\u0259 Sabirabad, \u00dcrf\u0259t A\u011fam\u0259mm\u0259dov is\u0259 Neft\u00e7ala rayonundand\u0131r.<\/p>\n\n\n\n<p>Ba\u015f Prokurorluq da m\u0259lumat\u0131 t\u0259sdiql\u0259yib.<\/p>\n\n\n\n<p><em>\u201cSalyan \u015f\u0259h\u0259rind\u0259 kiray\u0259 qald\u0131qlar\u0131 m\u0259nzild\u0259 2 n\u0259f\u0259r h\u0259rbi qulluq\u00e7umuzun d\u0259m qaz\u0131ndan z\u0259h\u0259rl\u0259n\u0259r\u0259k \u00f6lm\u0259l\u0259ri fakt\u0131 \u00fczr\u0259 Salyan rayon prokurorlu\u011funda ara\u015fd\u0131rma apar\u0131l\u0131r\u201d<\/em>, &#8211; Ba\u015f Prokurorlu\u011fun m\u0259tbuat xidm\u0259tind\u0259n bildirilib.<\/p>\n","protected":false},"excerpt":{"rendered":"<p>Onlar\u0131n d\u0259m qaz\u0131ndan bo\u011fuldu\u011fu bildirilir Salyanda iki n\u0259f\u0259r h\u0259rb\u00e7inin d\u0259m &#8230; <\/p>\n<p class=\"read-more-container\"><a title=\"\u0130ki h\u0259rb\u00e7i kiray\u0259 ya\u015fad\u0131\u011f\u0131 m\u0259nzild\u0259 \u00f6l\u00fc tap\u0131l\u0131b\" class=\"read-more button\" href=\"https:\/\/www.meydan.tv\/az\/article\/iki-herbci-kiraye-yasadigi-menzilde-olu-tapilib\/#more-291966\" aria-label=\"Read more about \u0130ki h\u0259rb\u00e7i kiray\u0259 ya\u015fad\u0131\u011f\u0131 m\u0259nzild\u0259 \u00f6l\u00fc tap\u0131l\u0131b\">Davam\u0131<\/a><\/p>\n","protected":false},"author":21,"featured_media":252941,"comment_status":"closed","ping_status":"closed","sticky":false,"template":"","format":"standard","meta":{"_acf_changed":false,"_sitemap_exclude":false,"_sitemap_priority":"","_sitemap_frequency":"","footnotes":""},"categories":[62,56],"tags":[],"class_list":["post-291966","post","type-post","status-publish","format-standard","has-post-thumbnail","hentry","category-sosial","category-xeberler","infinite-scroll-item","generate-columns","tablet-grid-50","mobile-grid-100","grid-parent","grid-33","no-featured-image-padding"],"acf":[],"yoast_head":"<!-- This site is optimized with the Yoast SEO plugin v27.5 - https:\/\/yoast.com\/product\/yoast-seo-wordpress\/ -->\n<title>\u0130ki h\u0259rb\u00e7i kiray\u0259 ya\u015fad\u0131\u011f\u0131 m\u0259nzild\u0259 \u00f6l\u00fc tap\u0131l\u0131b - MEYDAN.TV<\/title>\n<meta name=\"robots\" content=\"index, follow, max-snippet:-1, max-image-preview:large, max-video-preview:-1\" \/>\n<link rel=\"canonical\" href=\"https:\/\/www.meydan.tv\/az\/article\/iki-herbci-kiraye-yasadigi-menzilde-olu-tapilib\/\" \/>\n<meta property=\"og:locale\" content=\"az_AZ\" \/>\n<meta property=\"og:type\" content=\"article\" \/>\n<meta property=\"og:title\" content=\"\u0130ki h\u0259rb\u00e7i kiray\u0259 ya\u015fad\u0131\u011f\u0131 m\u0259nzild\u0259 \u00f6l\u00fc tap\u0131l\u0131b - MEYDAN.TV\" \/>\n<meta property=\"og:description\" content=\"Onlar\u0131n d\u0259m qaz\u0131ndan bo\u011fuldu\u011fu bildirilir Salyanda iki n\u0259f\u0259r h\u0259rb\u00e7inin d\u0259m ... Davam\u0131\" \/>\n<meta property=\"og:url\" content=\"https:\/\/www.meydan.tv\/az\/article\/iki-herbci-kiraye-yasadigi-menzilde-olu-tapilib\/\" \/>\n<meta property=\"og:site_name\" content=\"MEYDAN.TV\" \/>\n<meta property=\"article:published_time\" content=\"2023-12-04T08:11:07+00:00\" \/>\n<meta property=\"article:modified_time\" content=\"2023-12-04T08:11:10+00:00\" \/>\n<meta property=\"og:image\" content=\"https:\/\/www.meydan.tv\/wp-content\/uploads\/screenshot-at-aug-10-14-51-49-1200x668.png\" \/>\n\t<meta property=\"og:image:width\" content=\"1200\" \/>\n\t<meta property=\"og:image:height\" content=\"668\" \/>\n\t<meta property=\"og:image:type\" content=\"image\/png\" \/>\n<meta name=\"author\" content=\"mahmud\" \/>\n<meta name=\"twitter:card\" content=\"summary_large_image\" \/>\n<script type=\"application\/ld+json\" class=\"yoast-schema-graph\">{\"@context\":\"https:\\\/\\\/schema.org\",\"@graph\":[{\"@type\":\"Article\",\"@id\":\"https:\\\/\\\/www.meydan.tv\\\/az\\\/article\\\/iki-herbci-kiraye-yasadigi-menzilde-olu-tapilib\\\/#article\",\"isPartOf\":{\"@id\":\"https:\\\/\\\/www.meydan.tv\\\/az\\\/article\\\/iki-herbci-kiraye-yasadigi-menzilde-olu-tapilib\\\/\"},\"author\":{\"name\":\"mahmud\",\"@id\":\"https:\\\/\\\/www.meydan.tv\\\/az\\\/#\\\/schema\\\/person\\\/09863e516102a829e72bedcf3f84c6b0\"},\"headline\":\"\u0130ki h\u0259rb\u00e7i kiray\u0259 ya\u015fad\u0131\u011f\u0131 m\u0259nzild\u0259 \u00f6l\u00fc tap\u0131l\u0131b\",\"datePublished\":\"2023-12-04T08:11:07+00:00\",\"dateModified\":\"2023-12-04T08:11:10+00:00\",\"mainEntityOfPage\":{\"@id\":\"https:\\\/\\\/www.meydan.tv\\\/az\\\/article\\\/iki-herbci-kiraye-yasadigi-menzilde-olu-tapilib\\\/\"},\"wordCount\":180,\"publisher\":{\"@id\":\"https:\\\/\\\/www.meydan.tv\\\/az\\\/#organization\"},\"image\":{\"@id\":\"https:\\\/\\\/www.meydan.tv\\\/az\\\/article\\\/iki-herbci-kiraye-yasadigi-menzilde-olu-tapilib\\\/#primaryimage\"},\"thumbnailUrl\":\"https:\\\/\\\/www.meydan.tv\\\/wp-content\\\/uploads\\\/screenshot-at-aug-10-14-51-49.png\",\"articleSection\":[\"Sosial\",\"X\u0259b\u0259rl\u0259r\"],\"inLanguage\":\"az\"},{\"@type\":\"WebPage\",\"@id\":\"https:\\\/\\\/www.meydan.tv\\\/az\\\/article\\\/iki-herbci-kiraye-yasadigi-menzilde-olu-tapilib\\\/\",\"url\":\"https:\\\/\\\/www.meydan.tv\\\/az\\\/article\\\/iki-herbci-kiraye-yasadigi-menzilde-olu-tapilib\\\/\",\"name\":\"\u0130ki h\u0259rb\u00e7i kiray\u0259 ya\u015fad\u0131\u011f\u0131 m\u0259nzild\u0259 \u00f6l\u00fc tap\u0131l\u0131b - MEYDAN.TV\",\"isPartOf\":{\"@id\":\"https:\\\/\\\/www.meydan.tv\\\/az\\\/#website\"},\"primaryImageOfPage\":{\"@id\":\"https:\\\/\\\/www.meydan.tv\\\/az\\\/article\\\/iki-herbci-kiraye-yasadigi-menzilde-olu-tapilib\\\/#primaryimage\"},\"image\":{\"@id\":\"https:\\\/\\\/www.meydan.tv\\\/az\\\/article\\\/iki-herbci-kiraye-yasadigi-menzilde-olu-tapilib\\\/#primaryimage\"},\"thumbnailUrl\":\"https:\\\/\\\/www.meydan.tv\\\/wp-content\\\/uploads\\\/screenshot-at-aug-10-14-51-49.png\",\"datePublished\":\"2023-12-04T08:11:07+00:00\",\"dateModified\":\"2023-12-04T08:11:10+00:00\",\"breadcrumb\":{\"@id\":\"https:\\\/\\\/www.meydan.tv\\\/az\\\/article\\\/iki-herbci-kiraye-yasadigi-menzilde-olu-tapilib\\\/#breadcrumb\"},\"inLanguage\":\"az\",\"potentialAction\":[{\"@type\":\"ReadAction\",\"target\":[\"https:\\\/\\\/www.meydan.tv\\\/az\\\/article\\\/iki-herbci-kiraye-yasadigi-menzilde-olu-tapilib\\\/\"]}]},{\"@type\":\"ImageObject\",\"inLanguage\":\"az\",\"@id\":\"https:\\\/\\\/www.meydan.tv\\\/az\\\/article\\\/iki-herbci-kiraye-yasadigi-menzilde-olu-tapilib\\\/#primaryimage\",\"url\":\"https:\\\/\\\/www.meydan.tv\\\/wp-content\\\/uploads\\\/screenshot-at-aug-10-14-51-49.png\",\"contentUrl\":\"https:\\\/\\\/www.meydan.tv\\\/wp-content\\\/uploads\\\/screenshot-at-aug-10-14-51-49.png\",\"width\":1510,\"height\":840,\"caption\":\"Ba\u015f Prokurorluq. Foto: Meydan TV\"},{\"@type\":\"BreadcrumbList\",\"@id\":\"https:\\\/\\\/www.meydan.tv\\\/az\\\/article\\\/iki-herbci-kiraye-yasadigi-menzilde-olu-tapilib\\\/#breadcrumb\",\"itemListElement\":[{\"@type\":\"ListItem\",\"position\":1,\"name\":\"Ana s\u0259hif\u0259\",\"item\":\"https:\\\/\\\/www.meydan.tv\\\/az\\\/\"},{\"@type\":\"ListItem\",\"position\":2,\"name\":\"Sosial\",\"item\":\"https:\\\/\\\/www.meydan.tv\\\/az\\\/section\\\/sosial\\\/\"},{\"@type\":\"ListItem\",\"position\":3,\"name\":\"\u0130ki h\u0259rb\u00e7i kiray\u0259 ya\u015fad\u0131\u011f\u0131 m\u0259nzild\u0259 \u00f6l\u00fc tap\u0131l\u0131b\"}]},{\"@type\":\"WebSite\",\"@id\":\"https:\\\/\\\/www.meydan.tv\\\/az\\\/#website\",\"url\":\"https:\\\/\\\/www.meydan.tv\\\/az\\\/\",\"name\":\"MEYDAN.TV\",\"description\":\"Meydan TV Az\u0259rbaycan\u0131n media m\u0259kan\u0131ndak\u0131 alternativ s\u0259sidir\",\"publisher\":{\"@id\":\"https:\\\/\\\/www.meydan.tv\\\/az\\\/#organization\"},\"potentialAction\":[{\"@type\":\"SearchAction\",\"target\":{\"@type\":\"EntryPoint\",\"urlTemplate\":\"https:\\\/\\\/www.meydan.tv\\\/az\\\/?s={search_term_string}\"},\"query-input\":{\"@type\":\"PropertyValueSpecification\",\"valueRequired\":true,\"valueName\":\"search_term_string\"}}],\"inLanguage\":\"az\"},{\"@type\":\"Organization\",\"@id\":\"https:\\\/\\\/www.meydan.tv\\\/az\\\/#organization\",\"name\":\"Meydan TV\",\"url\":\"https:\\\/\\\/www.meydan.tv\\\/az\\\/\",\"logo\":{\"@type\":\"ImageObject\",\"inLanguage\":\"az\",\"@id\":\"https:\\\/\\\/www.meydan.tv\\\/az\\\/#\\\/schema\\\/logo\\\/image\\\/\",\"url\":\"https:\\\/\\\/www.meydan.tv\\\/wp-content\\\/uploads\\\/2021\\\/07\\\/meydan-logo.svg\",\"contentUrl\":\"https:\\\/\\\/www.meydan.tv\\\/wp-content\\\/uploads\\\/2021\\\/07\\\/meydan-logo.svg\",\"width\":195,\"height\":46,\"caption\":\"Meydan TV\"},\"image\":{\"@id\":\"https:\\\/\\\/www.meydan.tv\\\/az\\\/#\\\/schema\\\/logo\\\/image\\\/\"}},{\"@type\":\"Person\",\"@id\":\"https:\\\/\\\/www.meydan.tv\\\/az\\\/#\\\/schema\\\/person\\\/09863e516102a829e72bedcf3f84c6b0\",\"name\":\"mahmud\"}]}<\/script>\n<!-- \/ Yoast SEO plugin. -->","yoast_head_json":{"title":"\u0130ki h\u0259rb\u00e7i kiray\u0259 ya\u015fad\u0131\u011f\u0131 m\u0259nzild\u0259 \u00f6l\u00fc tap\u0131l\u0131b - MEYDAN.TV","robots":{"index":"index","follow":"follow","max-snippet":"max-snippet:-1","max-image-preview":"max-image-preview:large","max-video-preview":"max-video-preview:-1"},"canonical":"https:\/\/www.meydan.tv\/az\/article\/iki-herbci-kiraye-yasadigi-menzilde-olu-tapilib\/","og_locale":"az_AZ","og_type":"article","og_title":"\u0130ki h\u0259rb\u00e7i kiray\u0259 ya\u015fad\u0131\u011f\u0131 m\u0259nzild\u0259 \u00f6l\u00fc tap\u0131l\u0131b - MEYDAN.TV","og_description":"Onlar\u0131n d\u0259m qaz\u0131ndan bo\u011fuldu\u011fu bildirilir Salyanda iki n\u0259f\u0259r h\u0259rb\u00e7inin d\u0259m ... Davam\u0131","og_url":"https:\/\/www.meydan.tv\/az\/article\/iki-herbci-kiraye-yasadigi-menzilde-olu-tapilib\/","og_site_name":"MEYDAN.TV","article_published_time":"2023-12-04T08:11:07+00:00","article_modified_time":"2023-12-04T08:11:10+00:00","og_image":[{"width":1200,"height":668,"url":"https:\/\/www.meydan.tv\/wp-content\/uploads\/screenshot-at-aug-10-14-51-49-1200x668.png","type":"image\/png"}],"author":"mahmud","twitter_card":"summary_large_image","schema":{"@context":"https:\/\/schema.org","@graph":[{"@type":"Article","@id":"https:\/\/www.meydan.tv\/az\/article\/iki-herbci-kiraye-yasadigi-menzilde-olu-tapilib\/#article","isPartOf":{"@id":"https:\/\/www.meydan.tv\/az\/article\/iki-herbci-kiraye-yasadigi-menzilde-olu-tapilib\/"},"author":{"name":"mahmud","@id":"https:\/\/www.meydan.tv\/az\/#\/schema\/person\/09863e516102a829e72bedcf3f84c6b0"},"headline":"\u0130ki h\u0259rb\u00e7i kiray\u0259 ya\u015fad\u0131\u011f\u0131 m\u0259nzild\u0259 \u00f6l\u00fc tap\u0131l\u0131b","datePublished":"2023-12-04T08:11:07+00:00","dateModified":"2023-12-04T08:11:10+00:00","mainEntityOfPage":{"@id":"https:\/\/www.meydan.tv\/az\/article\/iki-herbci-kiraye-yasadigi-menzilde-olu-tapilib\/"},"wordCount":180,"publisher":{"@id":"https:\/\/www.meydan.tv\/az\/#organization"},"image":{"@id":"https:\/\/www.meydan.tv\/az\/article\/iki-herbci-kiraye-yasadigi-menzilde-olu-tapilib\/#primaryimage"},"thumbnailUrl":"https:\/\/www.meydan.tv\/wp-content\/uploads\/screenshot-at-aug-10-14-51-49.png","articleSection":["Sosial","X\u0259b\u0259rl\u0259r"],"inLanguage":"az"},{"@type":"WebPage","@id":"https:\/\/www.meydan.tv\/az\/article\/iki-herbci-kiraye-yasadigi-menzilde-olu-tapilib\/","url":"https:\/\/www.meydan.tv\/az\/article\/iki-herbci-kiraye-yasadigi-menzilde-olu-tapilib\/","name":"\u0130ki h\u0259rb\u00e7i kiray\u0259 ya\u015fad\u0131\u011f\u0131 m\u0259nzild\u0259 \u00f6l\u00fc tap\u0131l\u0131b - MEYDAN.TV","isPartOf":{"@id":"https:\/\/www.meydan.tv\/az\/#website"},"primaryImageOfPage":{"@id":"https:\/\/www.meydan.tv\/az\/article\/iki-herbci-kiraye-yasadigi-menzilde-olu-tapilib\/#primaryimage"},"image":{"@id":"https:\/\/www.meydan.tv\/az\/article\/iki-herbci-kiraye-yasadigi-menzilde-olu-tapilib\/#primaryimage"},"thumbnailUrl":"https:\/\/www.meydan.tv\/wp-content\/uploads\/screenshot-at-aug-10-14-51-49.png","datePublished":"2023-12-04T08:11:07+00:00","dateModified":"2023-12-04T08:11:10+00:00","breadcrumb":{"@id":"https:\/\/www.meydan.tv\/az\/article\/iki-herbci-kiraye-yasadigi-menzilde-olu-tapilib\/#breadcrumb"},"inLanguage":"az","potentialAction":[{"@type":"ReadAction","target":["https:\/\/www.meydan.tv\/az\/article\/iki-herbci-kiraye-yasadigi-menzilde-olu-tapilib\/"]}]},{"@type":"ImageObject","inLanguage":"az","@id":"https:\/\/www.meydan.tv\/az\/article\/iki-herbci-kiraye-yasadigi-menzilde-olu-tapilib\/#primaryimage","url":"https:\/\/www.meydan.tv\/wp-content\/uploads\/screenshot-at-aug-10-14-51-49.png","contentUrl":"https:\/\/www.meydan.tv\/wp-content\/uploads\/screenshot-at-aug-10-14-51-49.png","width":1510,"height":840,"caption":"Ba\u015f Prokurorluq. Foto: Meydan TV"},{"@type":"BreadcrumbList","@id":"https:\/\/www.meydan.tv\/az\/article\/iki-herbci-kiraye-yasadigi-menzilde-olu-tapilib\/#breadcrumb","itemListElement":[{"@type":"ListItem","position":1,"name":"Ana s\u0259hif\u0259","item":"https:\/\/www.meydan.tv\/az\/"},{"@type":"ListItem","position":2,"name":"Sosial","item":"https:\/\/www.meydan.tv\/az\/section\/sosial\/"},{"@type":"ListItem","position":3,"name":"\u0130ki h\u0259rb\u00e7i kiray\u0259 ya\u015fad\u0131\u011f\u0131 m\u0259nzild\u0259 \u00f6l\u00fc tap\u0131l\u0131b"}]},{"@type":"WebSite","@id":"https:\/\/www.meydan.tv\/az\/#website","url":"https:\/\/www.meydan.tv\/az\/","name":"MEYDAN.TV","description":"Meydan TV Az\u0259rbaycan\u0131n media m\u0259kan\u0131ndak\u0131 alternativ s\u0259sidir","publisher":{"@id":"https:\/\/www.meydan.tv\/az\/#organization"},"potentialAction":[{"@type":"SearchAction","target":{"@type":"EntryPoint","urlTemplate":"https:\/\/www.meydan.tv\/az\/?s={search_term_string}"},"query-input":{"@type":"PropertyValueSpecification","valueRequired":true,"valueName":"search_term_string"}}],"inLanguage":"az"},{"@type":"Organization","@id":"https:\/\/www.meydan.tv\/az\/#organization","name":"Meydan TV","url":"https:\/\/www.meydan.tv\/az\/","logo":{"@type":"ImageObject","inLanguage":"az","@id":"https:\/\/www.meydan.tv\/az\/#\/schema\/logo\/image\/","url":"https:\/\/www.meydan.tv\/wp-content\/uploads\/2021\/07\/meydan-logo.svg","contentUrl":"https:\/\/www.meydan.tv\/wp-content\/uploads\/2021\/07\/meydan-logo.svg","width":195,"height":46,"caption":"Meydan TV"},"image":{"@id":"https:\/\/www.meydan.tv\/az\/#\/schema\/logo\/image\/"}},{"@type":"Person","@id":"https:\/\/www.meydan.tv\/az\/#\/schema\/person\/09863e516102a829e72bedcf3f84c6b0","name":"mahmud"}]}},"_links":{"self":[{"href":"https:\/\/www.meydan.tv\/az\/wp-json\/wp\/v2\/posts\/291966","targetHints":{"allow":["GET"]}}],"collection":[{"href":"https:\/\/www.meydan.tv\/az\/wp-json\/wp\/v2\/posts"}],"about":[{"href":"https:\/\/www.meydan.tv\/az\/wp-json\/wp\/v2\/types\/post"}],"author":[{"embeddable":true,"href":"https:\/\/www.meydan.tv\/az\/wp-json\/wp\/v2\/users\/21"}],"replies":[{"embeddable":true,"href":"https:\/\/www.meydan.tv\/az\/wp-json\/wp\/v2\/comments?post=291966"}],"version-history":[{"count":1,"href":"https:\/\/www.meydan.tv\/az\/wp-json\/wp\/v2\/posts\/291966\/revisions"}],"predecessor-version":[{"id":291967,"href":"https:\/\/www.meydan.tv\/az\/wp-json\/wp\/v2\/posts\/291966\/revisions\/291967"}],"wp:featuredmedia":[{"embeddable":true,"href":"https:\/\/www.meydan.tv\/az\/wp-json\/wp\/v2\/media\/252941"}],"wp:attachment":[{"href":"https:\/\/www.meydan.tv\/az\/wp-json\/wp\/v2\/media?parent=291966"}],"wp:term":[{"taxonomy":"category","embeddable":true,"href":"https:\/\/www.meydan.tv\/az\/wp-json\/wp\/v2\/categories?post=291966"},{"taxonomy":"post_tag","embeddable":true,"href":"https:\/\/www.meydan.tv\/az\/wp-json\/wp\/v2\/tags?post=291966"}],"curies":[{"name":"wp","href":"https:\/\/api.w.org\/{rel}","templated":true}]}}