{"id":291919,"date":"2023-12-02T17:02:34","date_gmt":"2023-12-02T13:02:34","guid":{"rendered":"https:\/\/www.meydan.tv\/?p=291919"},"modified":"2023-12-02T17:34:03","modified_gmt":"2023-12-02T13:34:03","slug":"rufet-muradli-saxlanilib-mehkemeye-cixarilir","status":"publish","type":"post","link":"https:\/\/www.meydan.tv\/az\/article\/rufet-muradli-saxlanilib-mehkemeye-cixarilir\/","title":{"rendered":"Daha bir jurnalist h\u0259bs olundu (Yenil\u0259nib)"},"content":{"rendered":"\n<p><strong><em>O, x\u0131rda xuliqanl\u0131q v\u0259 polisin t\u0259l\u0259bin\u0259 tabe olmamaqda g\u00fcnahland\u0131r\u0131l\u0131r<\/em><\/strong><br><\/p>\n\n\n\n<p>\u201cKanal 13\u201d internet televiziyas\u0131n\u0131n apar\u0131c\u0131s\u0131 R\u00fcf\u0259t Muradl\u0131 30 sutka m\u00fcdd\u0259tin\u0259 h\u0259bs edilib.<\/p>\n\n\n\n<p>O, \u0130nzibati X\u0259talar M\u0259c\u0259ll\u0259sinin 510 (x\u0131rda xuliqanl\u0131q) v\u0259 535.1 (polisin qanuni t\u0259l\u0259bin\u0259 tabe olmama) madd\u0259l\u0259ril\u0259 ittiham olunub.<\/p>\n\n\n\n<p>_________________________________________________________________________<\/p>\n\n\n\n<p>\u201cKanal 13\u201d internet televiziyas\u0131n\u0131n apar\u0131c\u0131s\u0131 R\u00fcf\u0259t Muradl\u0131 dekabr\u0131n 2-d\u0259 g\u00fcnorta saatlar\u0131nda saxlan\u0131l\u0131b.<\/p>\n\n\n\n<p>O, \u0130nzibati X\u0259talar M\u0259c\u0259ll\u0259sinin 510 (x\u0131rda xuliqanl\u0131q) v\u0259 535.1 (polisin qanuni t\u0259l\u0259bin\u0259 tabe olmama) madd\u0259l\u0259ril\u0259 ittiham olunur.<\/p>\n\n\n\n<p>Bu bar\u0259d\u0259 Meydan TV-y\u0259 X\u0259tai Rayon M\u0259hk\u0259m\u0259sind\u0259n m\u0259lumat verilib.<\/p>\n\n\n\n<p>R\u00fcf\u0259t Muradl\u0131 haqq\u0131nda inzibati x\u0259ta i\u015fin\u0259 X\u0259tai Rayon M\u0259hk\u0259m\u0259sinin hakimi S\u00fclhan\u0259 Hac\u0131yeva bax\u0131r.<\/p>\n\n\n\n<p>Bu g\u00fcnl\u0259rd\u0259 \u201cAbzasMedia\u201dn\u0131n ba\u015f redaktoru Sevinc Vaqifq\u0131z\u0131 v\u0259 direktoru \u00dclvi H\u0259s\u0259nli haqq\u0131nda h\u0259bs q\u0259rar\u0131n\u0131 da bu hakim vermi\u015fdi.<\/p>\n\n\n\n<p>R\u00fcf\u0259t Muradl\u0131 h\u0259m d\u0259 Az\u0259rbaycan Demokratiya v\u0259 Rifah (ADR) partiyas\u0131n\u0131n \u0130dar\u0259 Hey\u0259tinin \u00fczv\u00fcd\u00fcr.<\/p>\n\n\n\n<p>Partiyan\u0131n s\u0259dr m\u00fcavini \u018fdal\u0259t Yusubov bildirib ki, R\u00fcf\u0259t Muradl\u0131ya qar\u015f\u0131 xuliqanl\u0131q v\u0259 polis\u0259 m\u00fcqavim\u0259t ittihamlar\u0131 saxtad\u0131r.<\/p>\n\n\n\n<p>Onun s\u00f6zl\u0259rin\u0259 g\u00f6r\u0259, g\u00fcnorta saat 13.00 rad\u0259l\u0259rind\u0259 R\u00fcf\u0259t Muradl\u0131 ADR-in \u0130dar\u0259 Hey\u0259tinin \u00fczvl\u0259ril\u0259 v\u0259 ba\u015fqa \u015f\u0259xsl\u0259rl\u0259 birlikd\u0259 olub:<\/p>\n\n\n\n<p><em>\u201cDostlar\u0131&nbsp; d\u00fc\u015f\u0259nd\u0259n&nbsp; sonra&nbsp; ma\u015f\u0131n\u0131 yer tap\u0131b saxlamaq \u00fc\u00e7\u00fcn onlardan ayr\u0131l\u0131b v\u0259 qay\u0131tmay\u0131b. Dostlar\u0131m\u0131z&nbsp; ma\u015f\u0131n\u0131 d\u00fc\u015fd\u00fckl\u0259ri&nbsp; yerd\u0259n t\u0259xmin\u0259n 100&nbsp; metr m\u0259saf\u0259d\u0259&nbsp; g\u00f6r\u00fcbl\u0259r. Amma R\u00fcf\u0259t b\u0259yin&nbsp; \u00f6z\u00fcnd\u0259n x\u0259b\u0259r ala bilm\u0259yibl\u0259r. R\u00fcf\u0259t b\u0259yin&nbsp; telefonuna&nbsp; ilk 20 d\u0259qiq\u0259d\u0259&nbsp; z\u0259ng&nbsp; \u00e7at\u0131b, amma cavab ver\u0259n olmay\u0131b. Sonradan telefon s\u00f6nd\u00fcr\u00fcl\u00fcb&#8230;\u201d<\/em><\/p>\n\n\n\n<p>\u201cKanal 13\u201d internet televiziyas\u0131n\u0131n icra\u00e7\u0131 direktoru \u018fziz Orucov da noyabr\u0131n 27-d\u0259 saxlan\u0131l\u0131b. Ert\u0259si g\u00fcn S\u0259bail Rayon M\u0259hk\u0259m\u0259sind\u0259 onun bar\u0259sind\u0259 ilkin istintaq d\u00f6vr\u00fc \u00fc\u00e7\u00fcn 3 ayl\u0131q h\u0259bs q\u0259timkan t\u0259dbiri se\u00e7ilib.<\/p>\n\n\n\n<p>\u018fziz Orucova Cinay\u0259t M\u0259c\u0259ll\u0259sinin 188.2 (M\u00fclkiyy\u0259t, istifad\u0259 v\u0259 ya icar\u0259 h\u00fcququ olmadan torpaq sah\u0259si \u00fcz\u0259rind\u0259 \u00f6zba\u015f\u0131na tikinti v\u0259 ya qura\u015fd\u0131rma i\u015fl\u0259ri aparma) madd\u0259sil\u0259 ittiham ir\u0259li s\u00fcr\u00fcl\u00fcb.<\/p>\n\n\n\n<p>\u0130ddia olunur ki, \u201cKanal 13\u201d r\u0259hb\u0259ri in\u015fas\u0131na icaz\u0259 olmadan ev tikib.<\/p>\n\n\n\n<p>\u018fziz Oruvov is\u0259 bu ittiham\u0131 r\u0259dd edir, jurnalist f\u0259aliyy\u0259tin\u0259 g\u00f6r\u0259 h\u0259bs olundu\u011funu bildirir.<\/p>\n\n\n\n<p>O deyir ki, ev tikdiyi \u0259razid\u0259 y\u00fczl\u0259rl\u0259 evl\u0259r var v\u0259 onlar\u0131n he\u00e7 birinin m\u00fclkiyy\u0259tini t\u0259sdiq ed\u0259n \u00e7\u0131xar\u0131\u015f yoxdur. Lakin aralar\u0131ndan yaln\u0131z onun se\u00e7ilm\u0259si v\u0259 h\u0259bs olunmas\u0131 q\u0259r\u0259zin s\u00fcbutudur.<\/p>\n\n\n\n<p>R\u00fcf\u0259t Muradl\u0131n\u0131n \u00fczv\u00fc oldu\u011fu partiyan\u0131n s\u0259dri, professor Qubad \u0130bado\u011flu da yar\u0131m idir ki, 2023-c\u00fc ilin avqustundan h\u0259bsd\u0259dir.<\/p>\n\n\n\n<p>Saxta pul ittiham\u0131yla t\u0259qsirl\u0259ndiril\u0259n Qubad \u0130bado\u011flu da sifari\u015fl\u0259 h\u0259bs olundu\u011funu bildirir.<\/p>\n","protected":false},"excerpt":{"rendered":"<p>O, x\u0131rda xuliqanl\u0131q v\u0259 polisin t\u0259l\u0259bin\u0259 tabe olmamaqda g\u00fcnahland\u0131r\u0131l\u0131r \u201cKanal &#8230; <\/p>\n<p class=\"read-more-container\"><a title=\"Daha bir jurnalist h\u0259bs olundu (Yenil\u0259nib)\" class=\"read-more button\" href=\"https:\/\/www.meydan.tv\/az\/article\/rufet-muradli-saxlanilib-mehkemeye-cixarilir\/#more-291919\" aria-label=\"Read more about Daha bir jurnalist h\u0259bs olundu (Yenil\u0259nib)\">Davam\u0131<\/a><\/p>\n","protected":false},"author":21,"featured_media":291924,"comment_status":"closed","ping_status":"closed","sticky":false,"template":"","format":"standard","meta":{"_acf_changed":false,"_sitemap_exclude":false,"_sitemap_priority":"","_sitemap_frequency":"","footnotes":""},"categories":[59,79,56],"tags":[],"class_list":["post-291919","post","type-post","status-publish","format-standard","has-post-thumbnail","hentry","category-siyaset","category-featured","category-xeberler","infinite-scroll-item","generate-columns","tablet-grid-50","mobile-grid-100","grid-parent","grid-33","no-featured-image-padding"],"acf":[],"yoast_head":"<!-- This site is optimized with the Yoast SEO plugin v27.4 - https:\/\/yoast.com\/product\/yoast-seo-wordpress\/ -->\n<title>Daha bir jurnalist h\u0259bs olundu (Yenil\u0259nib) - MEYDAN.TV<\/title>\n<meta name=\"robots\" content=\"index, follow, max-snippet:-1, max-image-preview:large, max-video-preview:-1\" \/>\n<link rel=\"canonical\" href=\"https:\/\/www.meydan.tv\/az\/article\/rufet-muradli-saxlanilib-mehkemeye-cixarilir\/\" \/>\n<meta property=\"og:locale\" content=\"az_AZ\" \/>\n<meta property=\"og:type\" content=\"article\" \/>\n<meta property=\"og:title\" content=\"Daha bir jurnalist h\u0259bs olundu (Yenil\u0259nib) - MEYDAN.TV\" \/>\n<meta property=\"og:description\" content=\"O, x\u0131rda xuliqanl\u0131q v\u0259 polisin t\u0259l\u0259bin\u0259 tabe olmamaqda g\u00fcnahland\u0131r\u0131l\u0131r \u201cKanal ... Davam\u0131\" \/>\n<meta property=\"og:url\" content=\"https:\/\/www.meydan.tv\/az\/article\/rufet-muradli-saxlanilib-mehkemeye-cixarilir\/\" \/>\n<meta property=\"og:site_name\" content=\"MEYDAN.TV\" \/>\n<meta property=\"article:published_time\" content=\"2023-12-02T13:02:34+00:00\" \/>\n<meta property=\"article:modified_time\" content=\"2023-12-02T13:34:03+00:00\" \/>\n<meta property=\"og:image\" content=\"https:\/\/www.meydan.tv\/wp-content\/uploads\/317401471_5619321894803215_6203863261861835799_n.jpg\" \/>\n\t<meta property=\"og:image:width\" content=\"980\" \/>\n\t<meta property=\"og:image:height\" content=\"497\" \/>\n\t<meta property=\"og:image:type\" content=\"image\/jpeg\" \/>\n<meta name=\"author\" content=\"mahmud\" \/>\n<meta name=\"twitter:card\" content=\"summary_large_image\" \/>\n<script type=\"application\/ld+json\" class=\"yoast-schema-graph\">{\"@context\":\"https:\\\/\\\/schema.org\",\"@graph\":[{\"@type\":\"Article\",\"@id\":\"https:\\\/\\\/www.meydan.tv\\\/az\\\/article\\\/rufet-muradli-saxlanilib-mehkemeye-cixarilir\\\/#article\",\"isPartOf\":{\"@id\":\"https:\\\/\\\/www.meydan.tv\\\/az\\\/article\\\/rufet-muradli-saxlanilib-mehkemeye-cixarilir\\\/\"},\"author\":{\"name\":\"mahmud\",\"@id\":\"https:\\\/\\\/www.meydan.tv\\\/az\\\/#\\\/schema\\\/person\\\/09863e516102a829e72bedcf3f84c6b0\"},\"headline\":\"Daha bir jurnalist h\u0259bs olundu (Yenil\u0259nib)\",\"datePublished\":\"2023-12-02T13:02:34+00:00\",\"dateModified\":\"2023-12-02T13:34:03+00:00\",\"mainEntityOfPage\":{\"@id\":\"https:\\\/\\\/www.meydan.tv\\\/az\\\/article\\\/rufet-muradli-saxlanilib-mehkemeye-cixarilir\\\/\"},\"wordCount\":575,\"publisher\":{\"@id\":\"https:\\\/\\\/www.meydan.tv\\\/az\\\/#organization\"},\"image\":{\"@id\":\"https:\\\/\\\/www.meydan.tv\\\/az\\\/article\\\/rufet-muradli-saxlanilib-mehkemeye-cixarilir\\\/#primaryimage\"},\"thumbnailUrl\":\"https:\\\/\\\/www.meydan.tv\\\/wp-content\\\/uploads\\\/317401471_5619321894803215_6203863261861835799_n.jpg\",\"articleSection\":[\"Siyas\u0259t\",\"T\u00f6vsiy\u0259\",\"X\u0259b\u0259rl\u0259r\"],\"inLanguage\":\"az\"},{\"@type\":\"WebPage\",\"@id\":\"https:\\\/\\\/www.meydan.tv\\\/az\\\/article\\\/rufet-muradli-saxlanilib-mehkemeye-cixarilir\\\/\",\"url\":\"https:\\\/\\\/www.meydan.tv\\\/az\\\/article\\\/rufet-muradli-saxlanilib-mehkemeye-cixarilir\\\/\",\"name\":\"Daha bir jurnalist h\u0259bs olundu (Yenil\u0259nib) - MEYDAN.TV\",\"isPartOf\":{\"@id\":\"https:\\\/\\\/www.meydan.tv\\\/az\\\/#website\"},\"primaryImageOfPage\":{\"@id\":\"https:\\\/\\\/www.meydan.tv\\\/az\\\/article\\\/rufet-muradli-saxlanilib-mehkemeye-cixarilir\\\/#primaryimage\"},\"image\":{\"@id\":\"https:\\\/\\\/www.meydan.tv\\\/az\\\/article\\\/rufet-muradli-saxlanilib-mehkemeye-cixarilir\\\/#primaryimage\"},\"thumbnailUrl\":\"https:\\\/\\\/www.meydan.tv\\\/wp-content\\\/uploads\\\/317401471_5619321894803215_6203863261861835799_n.jpg\",\"datePublished\":\"2023-12-02T13:02:34+00:00\",\"dateModified\":\"2023-12-02T13:34:03+00:00\",\"breadcrumb\":{\"@id\":\"https:\\\/\\\/www.meydan.tv\\\/az\\\/article\\\/rufet-muradli-saxlanilib-mehkemeye-cixarilir\\\/#breadcrumb\"},\"inLanguage\":\"az\",\"potentialAction\":[{\"@type\":\"ReadAction\",\"target\":[\"https:\\\/\\\/www.meydan.tv\\\/az\\\/article\\\/rufet-muradli-saxlanilib-mehkemeye-cixarilir\\\/\"]}]},{\"@type\":\"ImageObject\",\"inLanguage\":\"az\",\"@id\":\"https:\\\/\\\/www.meydan.tv\\\/az\\\/article\\\/rufet-muradli-saxlanilib-mehkemeye-cixarilir\\\/#primaryimage\",\"url\":\"https:\\\/\\\/www.meydan.tv\\\/wp-content\\\/uploads\\\/317401471_5619321894803215_6203863261861835799_n.jpg\",\"contentUrl\":\"https:\\\/\\\/www.meydan.tv\\\/wp-content\\\/uploads\\\/317401471_5619321894803215_6203863261861835799_n.jpg\",\"width\":980,\"height\":497,\"caption\":\"R\u00fcf\u0259t Muradl\u0131. Foto: Facebook\"},{\"@type\":\"BreadcrumbList\",\"@id\":\"https:\\\/\\\/www.meydan.tv\\\/az\\\/article\\\/rufet-muradli-saxlanilib-mehkemeye-cixarilir\\\/#breadcrumb\",\"itemListElement\":[{\"@type\":\"ListItem\",\"position\":1,\"name\":\"Ana s\u0259hif\u0259\",\"item\":\"https:\\\/\\\/www.meydan.tv\\\/az\\\/\"},{\"@type\":\"ListItem\",\"position\":2,\"name\":\"Siyas\u0259t\",\"item\":\"https:\\\/\\\/www.meydan.tv\\\/az\\\/section\\\/siyaset\\\/\"},{\"@type\":\"ListItem\",\"position\":3,\"name\":\"Daha bir jurnalist h\u0259bs olundu (Yenil\u0259nib)\"}]},{\"@type\":\"WebSite\",\"@id\":\"https:\\\/\\\/www.meydan.tv\\\/az\\\/#website\",\"url\":\"https:\\\/\\\/www.meydan.tv\\\/az\\\/\",\"name\":\"MEYDAN.TV\",\"description\":\"Meydan TV Az\u0259rbaycan\u0131n media m\u0259kan\u0131ndak\u0131 alternativ s\u0259sidir\",\"publisher\":{\"@id\":\"https:\\\/\\\/www.meydan.tv\\\/az\\\/#organization\"},\"potentialAction\":[{\"@type\":\"SearchAction\",\"target\":{\"@type\":\"EntryPoint\",\"urlTemplate\":\"https:\\\/\\\/www.meydan.tv\\\/az\\\/?s={search_term_string}\"},\"query-input\":{\"@type\":\"PropertyValueSpecification\",\"valueRequired\":true,\"valueName\":\"search_term_string\"}}],\"inLanguage\":\"az\"},{\"@type\":\"Organization\",\"@id\":\"https:\\\/\\\/www.meydan.tv\\\/az\\\/#organization\",\"name\":\"Meydan TV\",\"url\":\"https:\\\/\\\/www.meydan.tv\\\/az\\\/\",\"logo\":{\"@type\":\"ImageObject\",\"inLanguage\":\"az\",\"@id\":\"https:\\\/\\\/www.meydan.tv\\\/az\\\/#\\\/schema\\\/logo\\\/image\\\/\",\"url\":\"https:\\\/\\\/www.meydan.tv\\\/wp-content\\\/uploads\\\/2021\\\/07\\\/meydan-logo.svg\",\"contentUrl\":\"https:\\\/\\\/www.meydan.tv\\\/wp-content\\\/uploads\\\/2021\\\/07\\\/meydan-logo.svg\",\"width\":195,\"height\":46,\"caption\":\"Meydan TV\"},\"image\":{\"@id\":\"https:\\\/\\\/www.meydan.tv\\\/az\\\/#\\\/schema\\\/logo\\\/image\\\/\"}},{\"@type\":\"Person\",\"@id\":\"https:\\\/\\\/www.meydan.tv\\\/az\\\/#\\\/schema\\\/person\\\/09863e516102a829e72bedcf3f84c6b0\",\"name\":\"mahmud\"}]}<\/script>\n<!-- \/ Yoast SEO plugin. -->","yoast_head_json":{"title":"Daha bir jurnalist h\u0259bs olundu (Yenil\u0259nib) - MEYDAN.TV","robots":{"index":"index","follow":"follow","max-snippet":"max-snippet:-1","max-image-preview":"max-image-preview:large","max-video-preview":"max-video-preview:-1"},"canonical":"https:\/\/www.meydan.tv\/az\/article\/rufet-muradli-saxlanilib-mehkemeye-cixarilir\/","og_locale":"az_AZ","og_type":"article","og_title":"Daha bir jurnalist h\u0259bs olundu (Yenil\u0259nib) - MEYDAN.TV","og_description":"O, x\u0131rda xuliqanl\u0131q v\u0259 polisin t\u0259l\u0259bin\u0259 tabe olmamaqda g\u00fcnahland\u0131r\u0131l\u0131r \u201cKanal ... Davam\u0131","og_url":"https:\/\/www.meydan.tv\/az\/article\/rufet-muradli-saxlanilib-mehkemeye-cixarilir\/","og_site_name":"MEYDAN.TV","article_published_time":"2023-12-02T13:02:34+00:00","article_modified_time":"2023-12-02T13:34:03+00:00","og_image":[{"width":980,"height":497,"url":"https:\/\/www.meydan.tv\/wp-content\/uploads\/317401471_5619321894803215_6203863261861835799_n.jpg","type":"image\/jpeg"}],"author":"mahmud","twitter_card":"summary_large_image","schema":{"@context":"https:\/\/schema.org","@graph":[{"@type":"Article","@id":"https:\/\/www.meydan.tv\/az\/article\/rufet-muradli-saxlanilib-mehkemeye-cixarilir\/#article","isPartOf":{"@id":"https:\/\/www.meydan.tv\/az\/article\/rufet-muradli-saxlanilib-mehkemeye-cixarilir\/"},"author":{"name":"mahmud","@id":"https:\/\/www.meydan.tv\/az\/#\/schema\/person\/09863e516102a829e72bedcf3f84c6b0"},"headline":"Daha bir jurnalist h\u0259bs olundu (Yenil\u0259nib)","datePublished":"2023-12-02T13:02:34+00:00","dateModified":"2023-12-02T13:34:03+00:00","mainEntityOfPage":{"@id":"https:\/\/www.meydan.tv\/az\/article\/rufet-muradli-saxlanilib-mehkemeye-cixarilir\/"},"wordCount":575,"publisher":{"@id":"https:\/\/www.meydan.tv\/az\/#organization"},"image":{"@id":"https:\/\/www.meydan.tv\/az\/article\/rufet-muradli-saxlanilib-mehkemeye-cixarilir\/#primaryimage"},"thumbnailUrl":"https:\/\/www.meydan.tv\/wp-content\/uploads\/317401471_5619321894803215_6203863261861835799_n.jpg","articleSection":["Siyas\u0259t","T\u00f6vsiy\u0259","X\u0259b\u0259rl\u0259r"],"inLanguage":"az"},{"@type":"WebPage","@id":"https:\/\/www.meydan.tv\/az\/article\/rufet-muradli-saxlanilib-mehkemeye-cixarilir\/","url":"https:\/\/www.meydan.tv\/az\/article\/rufet-muradli-saxlanilib-mehkemeye-cixarilir\/","name":"Daha bir jurnalist h\u0259bs olundu (Yenil\u0259nib) - MEYDAN.TV","isPartOf":{"@id":"https:\/\/www.meydan.tv\/az\/#website"},"primaryImageOfPage":{"@id":"https:\/\/www.meydan.tv\/az\/article\/rufet-muradli-saxlanilib-mehkemeye-cixarilir\/#primaryimage"},"image":{"@id":"https:\/\/www.meydan.tv\/az\/article\/rufet-muradli-saxlanilib-mehkemeye-cixarilir\/#primaryimage"},"thumbnailUrl":"https:\/\/www.meydan.tv\/wp-content\/uploads\/317401471_5619321894803215_6203863261861835799_n.jpg","datePublished":"2023-12-02T13:02:34+00:00","dateModified":"2023-12-02T13:34:03+00:00","breadcrumb":{"@id":"https:\/\/www.meydan.tv\/az\/article\/rufet-muradli-saxlanilib-mehkemeye-cixarilir\/#breadcrumb"},"inLanguage":"az","potentialAction":[{"@type":"ReadAction","target":["https:\/\/www.meydan.tv\/az\/article\/rufet-muradli-saxlanilib-mehkemeye-cixarilir\/"]}]},{"@type":"ImageObject","inLanguage":"az","@id":"https:\/\/www.meydan.tv\/az\/article\/rufet-muradli-saxlanilib-mehkemeye-cixarilir\/#primaryimage","url":"https:\/\/www.meydan.tv\/wp-content\/uploads\/317401471_5619321894803215_6203863261861835799_n.jpg","contentUrl":"https:\/\/www.meydan.tv\/wp-content\/uploads\/317401471_5619321894803215_6203863261861835799_n.jpg","width":980,"height":497,"caption":"R\u00fcf\u0259t Muradl\u0131. Foto: Facebook"},{"@type":"BreadcrumbList","@id":"https:\/\/www.meydan.tv\/az\/article\/rufet-muradli-saxlanilib-mehkemeye-cixarilir\/#breadcrumb","itemListElement":[{"@type":"ListItem","position":1,"name":"Ana s\u0259hif\u0259","item":"https:\/\/www.meydan.tv\/az\/"},{"@type":"ListItem","position":2,"name":"Siyas\u0259t","item":"https:\/\/www.meydan.tv\/az\/section\/siyaset\/"},{"@type":"ListItem","position":3,"name":"Daha bir jurnalist h\u0259bs olundu (Yenil\u0259nib)"}]},{"@type":"WebSite","@id":"https:\/\/www.meydan.tv\/az\/#website","url":"https:\/\/www.meydan.tv\/az\/","name":"MEYDAN.TV","description":"Meydan TV Az\u0259rbaycan\u0131n media m\u0259kan\u0131ndak\u0131 alternativ s\u0259sidir","publisher":{"@id":"https:\/\/www.meydan.tv\/az\/#organization"},"potentialAction":[{"@type":"SearchAction","target":{"@type":"EntryPoint","urlTemplate":"https:\/\/www.meydan.tv\/az\/?s={search_term_string}"},"query-input":{"@type":"PropertyValueSpecification","valueRequired":true,"valueName":"search_term_string"}}],"inLanguage":"az"},{"@type":"Organization","@id":"https:\/\/www.meydan.tv\/az\/#organization","name":"Meydan TV","url":"https:\/\/www.meydan.tv\/az\/","logo":{"@type":"ImageObject","inLanguage":"az","@id":"https:\/\/www.meydan.tv\/az\/#\/schema\/logo\/image\/","url":"https:\/\/www.meydan.tv\/wp-content\/uploads\/2021\/07\/meydan-logo.svg","contentUrl":"https:\/\/www.meydan.tv\/wp-content\/uploads\/2021\/07\/meydan-logo.svg","width":195,"height":46,"caption":"Meydan TV"},"image":{"@id":"https:\/\/www.meydan.tv\/az\/#\/schema\/logo\/image\/"}},{"@type":"Person","@id":"https:\/\/www.meydan.tv\/az\/#\/schema\/person\/09863e516102a829e72bedcf3f84c6b0","name":"mahmud"}]}},"_links":{"self":[{"href":"https:\/\/www.meydan.tv\/az\/wp-json\/wp\/v2\/posts\/291919","targetHints":{"allow":["GET"]}}],"collection":[{"href":"https:\/\/www.meydan.tv\/az\/wp-json\/wp\/v2\/posts"}],"about":[{"href":"https:\/\/www.meydan.tv\/az\/wp-json\/wp\/v2\/types\/post"}],"author":[{"embeddable":true,"href":"https:\/\/www.meydan.tv\/az\/wp-json\/wp\/v2\/users\/21"}],"replies":[{"embeddable":true,"href":"https:\/\/www.meydan.tv\/az\/wp-json\/wp\/v2\/comments?post=291919"}],"version-history":[{"count":4,"href":"https:\/\/www.meydan.tv\/az\/wp-json\/wp\/v2\/posts\/291919\/revisions"}],"predecessor-version":[{"id":291929,"href":"https:\/\/www.meydan.tv\/az\/wp-json\/wp\/v2\/posts\/291919\/revisions\/291929"}],"wp:featuredmedia":[{"embeddable":true,"href":"https:\/\/www.meydan.tv\/az\/wp-json\/wp\/v2\/media\/291924"}],"wp:attachment":[{"href":"https:\/\/www.meydan.tv\/az\/wp-json\/wp\/v2\/media?parent=291919"}],"wp:term":[{"taxonomy":"category","embeddable":true,"href":"https:\/\/www.meydan.tv\/az\/wp-json\/wp\/v2\/categories?post=291919"},{"taxonomy":"post_tag","embeddable":true,"href":"https:\/\/www.meydan.tv\/az\/wp-json\/wp\/v2\/tags?post=291919"}],"curies":[{"name":"wp","href":"https:\/\/api.w.org\/{rel}","templated":true}]}}