{"id":291917,"date":"2023-12-02T16:53:10","date_gmt":"2023-12-02T12:53:10","guid":{"rendered":"https:\/\/www.meydan.tv\/?p=291917"},"modified":"2023-12-02T16:53:14","modified_gmt":"2023-12-02T12:53:14","slug":"aydin-talibzade-kino-musabiqesi-son-derece-seffaf-olub","status":"publish","type":"post","link":"https:\/\/www.meydan.tv\/az\/article\/aydin-talibzade-kino-musabiqesi-son-derece-seffaf-olub\/","title":{"rendered":"Ayd\u0131n Tal\u0131bzad\u0259: Kino m\u00fcsabiq\u0259si son d\u0259r\u0259c\u0259 \u015f\u0259ffaf olub"},"content":{"rendered":"\n<p><\/p>\n\n\n\n<p><strong><em>Film layih\u0259l\u0259ri m\u00fcsabiq\u0259sinin yekununa h\u0259sr olunmu\u015f brifinq ke\u00e7irilib<\/em><\/strong><\/p>\n\n\n\n<p>M\u0259d\u0259niyy\u0259t Nazirliyi v\u0259 Az\u0259rbaycan Respublikas\u0131 Kino Agentliyinin (ARKA) t\u0259\u015fkilat\u00e7\u0131l\u0131\u011f\u0131 il\u0259 ke\u00e7iril\u0259n film layih\u0259l\u0259ri m\u00fcsabiq\u0259sinin yekununa h\u0259sr edilmi\u015f brifinq t\u0259\u015fkil olunub.<\/p>\n\n\n\n<p>Dekabr\u0131n 2-d\u0259 \u201cNizami\u201d Kino M\u0259rk\u0259zind\u0259 t\u0259\u015fkil olunan t\u0259dbird\u0259 m\u00fcsabiq\u0259nin ekspert \u015furas\u0131n\u0131n \u00fczvl\u0259ri kinodramaturq \u0130lqar F\u0259hmi, teatr\u015f\u00fcnas Ayd\u0131n Tal\u0131bzad\u0259 v\u0259 rejissor Fehruz \u015eamiyev i\u015ftirak edibl\u0259r.<\/p>\n\n\n\n<p>T\u0259dbird\u0259 bildirilib ki, d\u00f6vl\u0259t sifari\u015fi, kommersiya v\u0259 s\u0259n\u0259d filmi istiqam\u0259tl\u0259rind\u0259 1-i q\u0131sametrajl\u0131, 3-\u00fc tammetrajl\u0131 s\u0259n\u0259dli, 2-si q\u0131sametrajl\u0131, 4-\u00fc tammetrajl\u0131 b\u0259dii, 1-i q\u0131sametrajl\u0131 animasiya olmaqla \u00fcmumilikd\u0259 11 layih\u0259nin, t\u0259l\u0259b\u0259 alt istiqam\u0259ti \u00fczr\u0259 is\u0259 16 t\u0259l\u0259b\u0259 filminin istehsal\u0131na d\u0259st\u0259k g\u00f6st\u0259rilm\u0259si m\u0259qbul hesab edilib.<\/p>\n\n\n\n<p>Ekspert \u015euras\u0131n\u0131n yekun q\u0259rar\u0131 il\u0259 d\u00f6vl\u0259t sifari\u015fi, kommersiya, s\u0259n\u0259t filmi istiqam\u0259tind\u0259 \u00fcmumilikd\u0259 11 layih\u0259nin 9-u, t\u0259l\u0259b\u0259 alt istiqam\u0259ti \u00fczr\u0259 is\u0259 16 t\u0259l\u0259b\u0259 filminin ham\u0131s\u0131 Ekspert \u015euras\u0131 t\u0259r\u0259find\u0259n t\u0259sdiq edilib.<\/p>\n\n\n\n<p>Ekspert \u015euras\u0131n\u0131n son iclas\u0131nda s\u0259sverm\u0259 n\u0259tic\u0259sind\u0259 11 qalib layih\u0259d\u0259n ikisi- \u201cQorqud v\u0259 Z\u0259hra\u201d, \u201cS\u00f6z\u00fcn varsa, de\u201d s\u0259s \u00e7oxlu\u011fu il\u0259 ssenarinin inki\u015faf proqram\u0131na y\u00f6nl\u0259ndirilib.<\/p>\n\n\n\n<p>\u201cBorc\u201d v\u0259 \u201cAr\u0131lar v\u0259 q\u0259birl\u0259r\u201d film layih\u0259l\u0259rinin is\u0259 t\u0259kmill\u0259\u015fdirm\u0259 v\u0259 ssenarinin inki\u015faf proqram\u0131na c\u0259lb olunduqdan sonra istehsala burax\u0131lmas\u0131 t\u00f6vsiy\u0259 edilib.<\/p>\n\n\n\n<p>Kinodramaturq \u0130lqar F\u0259hmi bildirib ki, m\u00fcsabiq\u0259nin m\u0259qs\u0259di \u00f6lk\u0259d\u0259 kino sah\u0259sinin inki\u015faf\u0131n\u0131n d\u00f6vl\u0259t t\u0259r\u0259find\u0259n d\u0259st\u0259kl\u0259nm\u0259si, kinematoqrafiya f\u0259aliyy\u0259tinin t\u0259\u015fviq edilm\u0259si v\u0259 yerli kinematoqraf\u00e7\u0131lar\u0131n t\u0259cr\u00fcb\u0259sinin art\u0131r\u0131lmas\u0131, milli-m\u0259n\u0259vi v\u0259 \u00fcmumb\u0259\u015f\u0259ri d\u0259y\u0259rl\u0259ri t\u0259bli\u011f ed\u0259n filml\u0259rin istehsal\u0131na nail olunmas\u0131, el\u0259c\u0259 d\u0259 bu sah\u0259d\u0259 \u00f6z\u0259l sektora d\u0259st\u0259k verilm\u0259sind\u0259n ibar\u0259tdir.<\/p>\n\n\n\n<p>Onun s\u00f6zl\u0259rin\u0259 g\u00f6r\u0259, se\u00e7im m\u0259rh\u0259l\u0259si zaman\u0131 xarici ssenaril\u0259r \u0259sas\u0131nda \u00e7\u0259kil\u0259n ekran \u0259s\u0259rl\u0259rinin d\u0259 say\u0131 \u00e7ox olub.<\/p>\n\n\n\n<p>M\u00fc\u0259yy\u0259n m\u00fczakir\u0259l\u0259rd\u0259n sonra qalibl\u0259r s\u0259s \u00e7oxlu\u011fu \u0259sas\u0131nda se\u00e7ilib.<\/p>\n\n\n\n<p>Rejissor Ayd\u0131n Tal\u0131bzad\u0259 m\u00fcsabiq\u0259nin son d\u0259r\u0259c\u0259 \u015f\u0259ffaf ke\u00e7irildiyini bildirib.<\/p>\n\n\n\n<p>120-y\u0259 yax\u0131n film ssenarisinin m\u00fczakir\u0259 olundu\u011funu qeyd edib. Ssenaril\u0259r tam olaraq b\u0259y\u0259nilm\u0259s\u0259 d\u0259, onlar\u0131n aras\u0131nda xo\u015f t\u0259sir ba\u011f\u0131\u015flayanlar da var idi.<\/p>\n\n\n\n<p>Filml\u0259rin maliyy\u0259l\u0259\u015fm\u0259sinin u\u011furlu add\u0131m oldu\u011funu diqq\u0259t\u0259 \u00e7atd\u0131ran rejissor Fehruz \u015eamiyev deyib ki, son 3 ild\u0259 Az\u0259rbaycanda film istehsal\u0131 dayanm\u0131\u015fd\u0131:<\/p>\n\n\n\n<p><em>\u201cBel\u0259 bir zamanda bu filml\u0259rin maliyy\u0259l\u0259\u015fm\u0259si \u00e7ox u\u011furlu add\u0131m oldu. Onlar\u0131n \u00e7\u0259kdiyi \u0259ziyy\u0259t\u0259 biz \u00f6z yana\u015fmam\u0131z\u0131 g\u00f6st\u0259rdik. Kino kollektiv s\u0259n\u0259tidir. Bu ssenaril\u0259rin \u0259n u\u011furlar\u0131n\u0131 se\u00e7ib istehsalata buraxmaq do\u011fru add\u0131md\u0131r. Se\u00e7im zaman\u0131 iclas\u0131n b\u00fct\u00fcn gedi\u015finin katiblik t\u0259r\u0259find\u0259n protokolu t\u0259rtib olunaraq arxivl\u0259\u015fdirilib. Az\u0259rbaycan D\u00f6vl\u0259t Film Fondunda m\u00fcsabiq\u0259nin pit\u00e7inq m\u0259rh\u0259l\u0259si t\u0259\u015fkil olunan zaman se\u00e7im komissiyas\u0131n\u0131n \u00fczvl\u0259ri v\u0259 M\u0259d\u0259niyy\u0259t Nazirliyi t\u0259r\u0259find\u0259n yarad\u0131lm\u0131\u015f kinematoqrafiya, r\u0259q\u0259msal v\u0259 dig\u0259r audiovizual \u0259s\u0259rl\u0259rin m\u0259zmununun qiym\u0259tl\u0259ndirilm\u0259si \u00fczr\u0259 bizl\u0259rl\u0259 birlikd\u0259 televiziya r\u0259hb\u0259rl\u0259rinin d\u0259 i\u015ftirak\u0131 t\u0259min olunub\u201d<\/em>.<\/p>\n\n\n\n<p>T\u0259dbird\u0259 bildirilib ki, m\u00fcsabiq\u0259nin h\u0259r hans\u0131 m\u0259rh\u0259l\u0259si il\u0259 ba\u011fl\u0131 naraz\u0131l\u0131\u011f\u0131 olan i\u015ftirak\u00e7\u0131lar M\u0259d\u0259niyy\u0259t Nazirliyi t\u0259r\u0259find\u0259n yarad\u0131lm\u0131\u015f Apelyasiya komissiyas\u0131na m\u00fcraci\u0259t ed\u0259 bil\u0259rl\u0259r.<\/p>\n\n\n\n<p>Komissiyaya 9 n\u0259f\u0259r yerli v\u0259 xarici pe\u015f\u0259kar kinematoqraf\u00e7\u0131dan ibar\u0259t hey\u0259t c\u0259lb edilib.<\/p>\n\n\n\n<p>Apelyasiya komissiyas\u0131na son m\u00fcraci\u0259t dekabr\u0131n 7-si tarixin\u0259 t\u0259yin olunub.<\/p>\n\n\n\n<p>ARKA 2023-c\u00fc ilin iyulunda film m\u00fcsabiq\u0259si elan edib.<\/p>\n\n\n\n<p>M\u00fcsabiq\u0259 \u00fc\u00e7 m\u0259rh\u0259l\u0259li olub.<\/p>\n\n\n\n<p>M\u00fcsabiq\u0259nin sonuncu \u2013 layih\u0259l\u0259rin m\u00fcdafi\u0259si (pit\u00e7inq) m\u0259rh\u0259l\u0259si is\u0259 noyabr\u0131n 23-24-d\u0259 ke\u00e7irilib.<\/p>\n\n\n\n<p>M\u00fcsabiq\u0259nin \u00fcmumi fondu 5,5 milyon manatd\u0131r.<\/p>\n\n\n\n<p>Qalibl\u0259r m\u00fcst\u0259qil m\u00fct\u0259x\u0259ssisl\u0259rd\u0259n ibar\u0259t Se\u00e7im komissiyas\u0131 v\u0259 nazirlik t\u0259r\u0259find\u0259n bu g\u00fcnl\u0259rd\u0259 yarad\u0131lm\u0131\u015f Ekspert \u015euras\u0131 t\u0259r\u0259find\u0259n se\u00e7ilib.<\/p>\n\n\n\n<p>\u201cX\u0259zin\u0259\u201d (\u201cUltra Production\u201d MMC), \u201cG\u00fcn\u0259\u015fd\u0259 d\u0259 l\u0259k\u0259l\u0259r olur\u201d (\u201cAz\u0259rNyuMedia\u201d MMC), \u201cBorc\u201d (\u201cBak\u0131 Media M\u0259rk\u0259zi\u201d MMC), \u201cAr\u0131lar v\u0259 q\u0259birl\u0259r\u201d (\u201cSFN Production\u201d MMC) tammetrajl\u0131 b\u0259dii, \u201cNargin\u201d (\u201cKarvan Production\u201d MMC), \u201c\u00d6l\u00fcm axtaran qad\u0131n\u201d (\u201cBak\u0131 Media M\u0259rk\u0259zi\u201d MMC), \u201cK\u00fcr \u2013 \u00e7aylar anas\u0131\u201d (\u201cOD-MED\u0130A Production\u201d MMC) tammetrajl\u0131 s\u0259n\u0259dli, \u201cDa\u015f\u201d (\u201cART Baku Production\u201d MMC), \u201cErk\u0259n hissl\u0259r\u201d (\u201cRental Az\u0259rbaycan\u201d MMC) q\u0131sametrajl\u0131 b\u0259dii, \u201cKapitan v\u0259 X\u0259z\u0259r d\u0259nizi\u201d (\u201cRental Az\u0259rbaycan\u201d MMC) q\u0131sametrajl\u0131 s\u0259n\u0259dli, \u201cNarq\u0131z\u201d (\u201cPeri Film\u201d MMC) q\u0131sametrajl\u0131 animasiya film layih\u0259l\u0259rinin v\u0259 16 q\u0131sametrajl\u0131 b\u0259dii v\u0259 s\u0259n\u0259dli t\u0259l\u0259b\u0259 film layih\u0259sinin istehsal\u0131na d\u0259st\u0259k g\u00f6st\u0259rilm\u0259sin\u0259 q\u0259rar verilib.<\/p>\n\n\n\n<p>Kinot\u0259nqid\u00e7il\u0259ri m\u00fcsabiq\u0259nin qeyri-\u015f\u0259ffaf ke\u00e7irildiyini <a href=\"https:\/\/storage.googleapis.com\/qurium\/www.meydan.tv\/az-article-tenqidciler-film-musabiqesinin-qeyri-seffaf-kecirildiyini-deyirler.html\">deyibl\u0259r<\/a>.<\/p>\n","protected":false},"excerpt":{"rendered":"<p>Film layih\u0259l\u0259ri m\u00fcsabiq\u0259sinin yekununa h\u0259sr olunmu\u015f brifinq ke\u00e7irilib M\u0259d\u0259niyy\u0259t Nazirliyi &#8230; <\/p>\n<p class=\"read-more-container\"><a title=\"Ayd\u0131n Tal\u0131bzad\u0259: Kino m\u00fcsabiq\u0259si son d\u0259r\u0259c\u0259 \u015f\u0259ffaf olub\" class=\"read-more button\" href=\"https:\/\/www.meydan.tv\/az\/article\/aydin-talibzade-kino-musabiqesi-son-derece-seffaf-olub\/#more-291917\" aria-label=\"Read more about Ayd\u0131n Tal\u0131bzad\u0259: Kino m\u00fcsabiq\u0259si son d\u0259r\u0259c\u0259 \u015f\u0259ffaf olub\">Davam\u0131<\/a><\/p>\n","protected":false},"author":21,"featured_media":242622,"comment_status":"closed","ping_status":"closed","sticky":false,"template":"","format":"standard","meta":{"_acf_changed":false,"_sitemap_exclude":false,"_sitemap_priority":"","_sitemap_frequency":"","footnotes":""},"categories":[52,56],"tags":[],"class_list":["post-291917","post","type-post","status-publish","format-standard","has-post-thumbnail","hentry","category-medeniyyet","category-xeberler","infinite-scroll-item","generate-columns","tablet-grid-50","mobile-grid-100","grid-parent","grid-33","no-featured-image-padding"],"acf":[],"yoast_head":"<!-- This site is optimized with the Yoast SEO plugin v27.4 - https:\/\/yoast.com\/product\/yoast-seo-wordpress\/ -->\n<title>Ayd\u0131n Tal\u0131bzad\u0259: Kino m\u00fcsabiq\u0259si son d\u0259r\u0259c\u0259 \u015f\u0259ffaf olub - MEYDAN.TV<\/title>\n<meta name=\"robots\" content=\"index, follow, max-snippet:-1, max-image-preview:large, max-video-preview:-1\" \/>\n<link rel=\"canonical\" href=\"https:\/\/www.meydan.tv\/az\/article\/aydin-talibzade-kino-musabiqesi-son-derece-seffaf-olub\/\" \/>\n<meta property=\"og:locale\" content=\"az_AZ\" \/>\n<meta property=\"og:type\" content=\"article\" \/>\n<meta property=\"og:title\" content=\"Ayd\u0131n Tal\u0131bzad\u0259: Kino m\u00fcsabiq\u0259si son d\u0259r\u0259c\u0259 \u015f\u0259ffaf olub - MEYDAN.TV\" \/>\n<meta property=\"og:description\" content=\"Film layih\u0259l\u0259ri m\u00fcsabiq\u0259sinin yekununa h\u0259sr olunmu\u015f brifinq ke\u00e7irilib M\u0259d\u0259niyy\u0259t Nazirliyi ... Davam\u0131\" \/>\n<meta property=\"og:url\" content=\"https:\/\/www.meydan.tv\/az\/article\/aydin-talibzade-kino-musabiqesi-son-derece-seffaf-olub\/\" \/>\n<meta property=\"og:site_name\" content=\"MEYDAN.TV\" \/>\n<meta property=\"article:published_time\" content=\"2023-12-02T12:53:10+00:00\" \/>\n<meta property=\"article:modified_time\" content=\"2023-12-02T12:53:14+00:00\" \/>\n<meta property=\"og:image\" content=\"https:\/\/www.meydan.tv\/wp-content\/uploads\/kino.png\" \/>\n\t<meta property=\"og:image:width\" content=\"1200\" \/>\n\t<meta property=\"og:image:height\" content=\"800\" \/>\n\t<meta property=\"og:image:type\" content=\"image\/png\" \/>\n<meta name=\"author\" content=\"mahmud\" \/>\n<meta name=\"twitter:card\" content=\"summary_large_image\" \/>\n<script type=\"application\/ld+json\" class=\"yoast-schema-graph\">{\"@context\":\"https:\\\/\\\/schema.org\",\"@graph\":[{\"@type\":\"Article\",\"@id\":\"https:\\\/\\\/www.meydan.tv\\\/az\\\/article\\\/aydin-talibzade-kino-musabiqesi-son-derece-seffaf-olub\\\/#article\",\"isPartOf\":{\"@id\":\"https:\\\/\\\/www.meydan.tv\\\/az\\\/article\\\/aydin-talibzade-kino-musabiqesi-son-derece-seffaf-olub\\\/\"},\"author\":{\"name\":\"mahmud\",\"@id\":\"https:\\\/\\\/www.meydan.tv\\\/az\\\/#\\\/schema\\\/person\\\/09863e516102a829e72bedcf3f84c6b0\"},\"headline\":\"Ayd\u0131n Tal\u0131bzad\u0259: Kino m\u00fcsabiq\u0259si son d\u0259r\u0259c\u0259 \u015f\u0259ffaf olub\",\"datePublished\":\"2023-12-02T12:53:10+00:00\",\"dateModified\":\"2023-12-02T12:53:14+00:00\",\"mainEntityOfPage\":{\"@id\":\"https:\\\/\\\/www.meydan.tv\\\/az\\\/article\\\/aydin-talibzade-kino-musabiqesi-son-derece-seffaf-olub\\\/\"},\"wordCount\":950,\"publisher\":{\"@id\":\"https:\\\/\\\/www.meydan.tv\\\/az\\\/#organization\"},\"image\":{\"@id\":\"https:\\\/\\\/www.meydan.tv\\\/az\\\/article\\\/aydin-talibzade-kino-musabiqesi-son-derece-seffaf-olub\\\/#primaryimage\"},\"thumbnailUrl\":\"https:\\\/\\\/www.meydan.tv\\\/wp-content\\\/uploads\\\/kino.png\",\"articleSection\":[\"M\u0259d\u0259niyy\u0259t\",\"X\u0259b\u0259rl\u0259r\"],\"inLanguage\":\"az\"},{\"@type\":\"WebPage\",\"@id\":\"https:\\\/\\\/www.meydan.tv\\\/az\\\/article\\\/aydin-talibzade-kino-musabiqesi-son-derece-seffaf-olub\\\/\",\"url\":\"https:\\\/\\\/www.meydan.tv\\\/az\\\/article\\\/aydin-talibzade-kino-musabiqesi-son-derece-seffaf-olub\\\/\",\"name\":\"Ayd\u0131n Tal\u0131bzad\u0259: Kino m\u00fcsabiq\u0259si son d\u0259r\u0259c\u0259 \u015f\u0259ffaf olub - MEYDAN.TV\",\"isPartOf\":{\"@id\":\"https:\\\/\\\/www.meydan.tv\\\/az\\\/#website\"},\"primaryImageOfPage\":{\"@id\":\"https:\\\/\\\/www.meydan.tv\\\/az\\\/article\\\/aydin-talibzade-kino-musabiqesi-son-derece-seffaf-olub\\\/#primaryimage\"},\"image\":{\"@id\":\"https:\\\/\\\/www.meydan.tv\\\/az\\\/article\\\/aydin-talibzade-kino-musabiqesi-son-derece-seffaf-olub\\\/#primaryimage\"},\"thumbnailUrl\":\"https:\\\/\\\/www.meydan.tv\\\/wp-content\\\/uploads\\\/kino.png\",\"datePublished\":\"2023-12-02T12:53:10+00:00\",\"dateModified\":\"2023-12-02T12:53:14+00:00\",\"breadcrumb\":{\"@id\":\"https:\\\/\\\/www.meydan.tv\\\/az\\\/article\\\/aydin-talibzade-kino-musabiqesi-son-derece-seffaf-olub\\\/#breadcrumb\"},\"inLanguage\":\"az\",\"potentialAction\":[{\"@type\":\"ReadAction\",\"target\":[\"https:\\\/\\\/www.meydan.tv\\\/az\\\/article\\\/aydin-talibzade-kino-musabiqesi-son-derece-seffaf-olub\\\/\"]}]},{\"@type\":\"ImageObject\",\"inLanguage\":\"az\",\"@id\":\"https:\\\/\\\/www.meydan.tv\\\/az\\\/article\\\/aydin-talibzade-kino-musabiqesi-son-derece-seffaf-olub\\\/#primaryimage\",\"url\":\"https:\\\/\\\/www.meydan.tv\\\/wp-content\\\/uploads\\\/kino.png\",\"contentUrl\":\"https:\\\/\\\/www.meydan.tv\\\/wp-content\\\/uploads\\\/kino.png\",\"width\":1200,\"height\":800,\"caption\":\"Arxiv\"},{\"@type\":\"BreadcrumbList\",\"@id\":\"https:\\\/\\\/www.meydan.tv\\\/az\\\/article\\\/aydin-talibzade-kino-musabiqesi-son-derece-seffaf-olub\\\/#breadcrumb\",\"itemListElement\":[{\"@type\":\"ListItem\",\"position\":1,\"name\":\"Ana s\u0259hif\u0259\",\"item\":\"https:\\\/\\\/www.meydan.tv\\\/az\\\/\"},{\"@type\":\"ListItem\",\"position\":2,\"name\":\"M\u0259d\u0259niyy\u0259t\",\"item\":\"https:\\\/\\\/www.meydan.tv\\\/az\\\/section\\\/medeniyyet\\\/\"},{\"@type\":\"ListItem\",\"position\":3,\"name\":\"Ayd\u0131n Tal\u0131bzad\u0259: Kino m\u00fcsabiq\u0259si son d\u0259r\u0259c\u0259 \u015f\u0259ffaf olub\"}]},{\"@type\":\"WebSite\",\"@id\":\"https:\\\/\\\/www.meydan.tv\\\/az\\\/#website\",\"url\":\"https:\\\/\\\/www.meydan.tv\\\/az\\\/\",\"name\":\"MEYDAN.TV\",\"description\":\"Meydan TV Az\u0259rbaycan\u0131n media m\u0259kan\u0131ndak\u0131 alternativ s\u0259sidir\",\"publisher\":{\"@id\":\"https:\\\/\\\/www.meydan.tv\\\/az\\\/#organization\"},\"potentialAction\":[{\"@type\":\"SearchAction\",\"target\":{\"@type\":\"EntryPoint\",\"urlTemplate\":\"https:\\\/\\\/www.meydan.tv\\\/az\\\/?s={search_term_string}\"},\"query-input\":{\"@type\":\"PropertyValueSpecification\",\"valueRequired\":true,\"valueName\":\"search_term_string\"}}],\"inLanguage\":\"az\"},{\"@type\":\"Organization\",\"@id\":\"https:\\\/\\\/www.meydan.tv\\\/az\\\/#organization\",\"name\":\"Meydan TV\",\"url\":\"https:\\\/\\\/www.meydan.tv\\\/az\\\/\",\"logo\":{\"@type\":\"ImageObject\",\"inLanguage\":\"az\",\"@id\":\"https:\\\/\\\/www.meydan.tv\\\/az\\\/#\\\/schema\\\/logo\\\/image\\\/\",\"url\":\"https:\\\/\\\/www.meydan.tv\\\/wp-content\\\/uploads\\\/2021\\\/07\\\/meydan-logo.svg\",\"contentUrl\":\"https:\\\/\\\/www.meydan.tv\\\/wp-content\\\/uploads\\\/2021\\\/07\\\/meydan-logo.svg\",\"width\":195,\"height\":46,\"caption\":\"Meydan TV\"},\"image\":{\"@id\":\"https:\\\/\\\/www.meydan.tv\\\/az\\\/#\\\/schema\\\/logo\\\/image\\\/\"}},{\"@type\":\"Person\",\"@id\":\"https:\\\/\\\/www.meydan.tv\\\/az\\\/#\\\/schema\\\/person\\\/09863e516102a829e72bedcf3f84c6b0\",\"name\":\"mahmud\"}]}<\/script>\n<!-- \/ Yoast SEO plugin. -->","yoast_head_json":{"title":"Ayd\u0131n Tal\u0131bzad\u0259: Kino m\u00fcsabiq\u0259si son d\u0259r\u0259c\u0259 \u015f\u0259ffaf olub - MEYDAN.TV","robots":{"index":"index","follow":"follow","max-snippet":"max-snippet:-1","max-image-preview":"max-image-preview:large","max-video-preview":"max-video-preview:-1"},"canonical":"https:\/\/www.meydan.tv\/az\/article\/aydin-talibzade-kino-musabiqesi-son-derece-seffaf-olub\/","og_locale":"az_AZ","og_type":"article","og_title":"Ayd\u0131n Tal\u0131bzad\u0259: Kino m\u00fcsabiq\u0259si son d\u0259r\u0259c\u0259 \u015f\u0259ffaf olub - MEYDAN.TV","og_description":"Film layih\u0259l\u0259ri m\u00fcsabiq\u0259sinin yekununa h\u0259sr olunmu\u015f brifinq ke\u00e7irilib M\u0259d\u0259niyy\u0259t Nazirliyi ... Davam\u0131","og_url":"https:\/\/www.meydan.tv\/az\/article\/aydin-talibzade-kino-musabiqesi-son-derece-seffaf-olub\/","og_site_name":"MEYDAN.TV","article_published_time":"2023-12-02T12:53:10+00:00","article_modified_time":"2023-12-02T12:53:14+00:00","og_image":[{"width":1200,"height":800,"url":"https:\/\/www.meydan.tv\/wp-content\/uploads\/kino.png","type":"image\/png"}],"author":"mahmud","twitter_card":"summary_large_image","schema":{"@context":"https:\/\/schema.org","@graph":[{"@type":"Article","@id":"https:\/\/www.meydan.tv\/az\/article\/aydin-talibzade-kino-musabiqesi-son-derece-seffaf-olub\/#article","isPartOf":{"@id":"https:\/\/www.meydan.tv\/az\/article\/aydin-talibzade-kino-musabiqesi-son-derece-seffaf-olub\/"},"author":{"name":"mahmud","@id":"https:\/\/www.meydan.tv\/az\/#\/schema\/person\/09863e516102a829e72bedcf3f84c6b0"},"headline":"Ayd\u0131n Tal\u0131bzad\u0259: Kino m\u00fcsabiq\u0259si son d\u0259r\u0259c\u0259 \u015f\u0259ffaf olub","datePublished":"2023-12-02T12:53:10+00:00","dateModified":"2023-12-02T12:53:14+00:00","mainEntityOfPage":{"@id":"https:\/\/www.meydan.tv\/az\/article\/aydin-talibzade-kino-musabiqesi-son-derece-seffaf-olub\/"},"wordCount":950,"publisher":{"@id":"https:\/\/www.meydan.tv\/az\/#organization"},"image":{"@id":"https:\/\/www.meydan.tv\/az\/article\/aydin-talibzade-kino-musabiqesi-son-derece-seffaf-olub\/#primaryimage"},"thumbnailUrl":"https:\/\/www.meydan.tv\/wp-content\/uploads\/kino.png","articleSection":["M\u0259d\u0259niyy\u0259t","X\u0259b\u0259rl\u0259r"],"inLanguage":"az"},{"@type":"WebPage","@id":"https:\/\/www.meydan.tv\/az\/article\/aydin-talibzade-kino-musabiqesi-son-derece-seffaf-olub\/","url":"https:\/\/www.meydan.tv\/az\/article\/aydin-talibzade-kino-musabiqesi-son-derece-seffaf-olub\/","name":"Ayd\u0131n Tal\u0131bzad\u0259: Kino m\u00fcsabiq\u0259si son d\u0259r\u0259c\u0259 \u015f\u0259ffaf olub - MEYDAN.TV","isPartOf":{"@id":"https:\/\/www.meydan.tv\/az\/#website"},"primaryImageOfPage":{"@id":"https:\/\/www.meydan.tv\/az\/article\/aydin-talibzade-kino-musabiqesi-son-derece-seffaf-olub\/#primaryimage"},"image":{"@id":"https:\/\/www.meydan.tv\/az\/article\/aydin-talibzade-kino-musabiqesi-son-derece-seffaf-olub\/#primaryimage"},"thumbnailUrl":"https:\/\/www.meydan.tv\/wp-content\/uploads\/kino.png","datePublished":"2023-12-02T12:53:10+00:00","dateModified":"2023-12-02T12:53:14+00:00","breadcrumb":{"@id":"https:\/\/www.meydan.tv\/az\/article\/aydin-talibzade-kino-musabiqesi-son-derece-seffaf-olub\/#breadcrumb"},"inLanguage":"az","potentialAction":[{"@type":"ReadAction","target":["https:\/\/www.meydan.tv\/az\/article\/aydin-talibzade-kino-musabiqesi-son-derece-seffaf-olub\/"]}]},{"@type":"ImageObject","inLanguage":"az","@id":"https:\/\/www.meydan.tv\/az\/article\/aydin-talibzade-kino-musabiqesi-son-derece-seffaf-olub\/#primaryimage","url":"https:\/\/www.meydan.tv\/wp-content\/uploads\/kino.png","contentUrl":"https:\/\/www.meydan.tv\/wp-content\/uploads\/kino.png","width":1200,"height":800,"caption":"Arxiv"},{"@type":"BreadcrumbList","@id":"https:\/\/www.meydan.tv\/az\/article\/aydin-talibzade-kino-musabiqesi-son-derece-seffaf-olub\/#breadcrumb","itemListElement":[{"@type":"ListItem","position":1,"name":"Ana s\u0259hif\u0259","item":"https:\/\/www.meydan.tv\/az\/"},{"@type":"ListItem","position":2,"name":"M\u0259d\u0259niyy\u0259t","item":"https:\/\/www.meydan.tv\/az\/section\/medeniyyet\/"},{"@type":"ListItem","position":3,"name":"Ayd\u0131n Tal\u0131bzad\u0259: Kino m\u00fcsabiq\u0259si son d\u0259r\u0259c\u0259 \u015f\u0259ffaf olub"}]},{"@type":"WebSite","@id":"https:\/\/www.meydan.tv\/az\/#website","url":"https:\/\/www.meydan.tv\/az\/","name":"MEYDAN.TV","description":"Meydan TV Az\u0259rbaycan\u0131n media m\u0259kan\u0131ndak\u0131 alternativ s\u0259sidir","publisher":{"@id":"https:\/\/www.meydan.tv\/az\/#organization"},"potentialAction":[{"@type":"SearchAction","target":{"@type":"EntryPoint","urlTemplate":"https:\/\/www.meydan.tv\/az\/?s={search_term_string}"},"query-input":{"@type":"PropertyValueSpecification","valueRequired":true,"valueName":"search_term_string"}}],"inLanguage":"az"},{"@type":"Organization","@id":"https:\/\/www.meydan.tv\/az\/#organization","name":"Meydan TV","url":"https:\/\/www.meydan.tv\/az\/","logo":{"@type":"ImageObject","inLanguage":"az","@id":"https:\/\/www.meydan.tv\/az\/#\/schema\/logo\/image\/","url":"https:\/\/www.meydan.tv\/wp-content\/uploads\/2021\/07\/meydan-logo.svg","contentUrl":"https:\/\/www.meydan.tv\/wp-content\/uploads\/2021\/07\/meydan-logo.svg","width":195,"height":46,"caption":"Meydan TV"},"image":{"@id":"https:\/\/www.meydan.tv\/az\/#\/schema\/logo\/image\/"}},{"@type":"Person","@id":"https:\/\/www.meydan.tv\/az\/#\/schema\/person\/09863e516102a829e72bedcf3f84c6b0","name":"mahmud"}]}},"_links":{"self":[{"href":"https:\/\/www.meydan.tv\/az\/wp-json\/wp\/v2\/posts\/291917","targetHints":{"allow":["GET"]}}],"collection":[{"href":"https:\/\/www.meydan.tv\/az\/wp-json\/wp\/v2\/posts"}],"about":[{"href":"https:\/\/www.meydan.tv\/az\/wp-json\/wp\/v2\/types\/post"}],"author":[{"embeddable":true,"href":"https:\/\/www.meydan.tv\/az\/wp-json\/wp\/v2\/users\/21"}],"replies":[{"embeddable":true,"href":"https:\/\/www.meydan.tv\/az\/wp-json\/wp\/v2\/comments?post=291917"}],"version-history":[{"count":1,"href":"https:\/\/www.meydan.tv\/az\/wp-json\/wp\/v2\/posts\/291917\/revisions"}],"predecessor-version":[{"id":291918,"href":"https:\/\/www.meydan.tv\/az\/wp-json\/wp\/v2\/posts\/291917\/revisions\/291918"}],"wp:featuredmedia":[{"embeddable":true,"href":"https:\/\/www.meydan.tv\/az\/wp-json\/wp\/v2\/media\/242622"}],"wp:attachment":[{"href":"https:\/\/www.meydan.tv\/az\/wp-json\/wp\/v2\/media?parent=291917"}],"wp:term":[{"taxonomy":"category","embeddable":true,"href":"https:\/\/www.meydan.tv\/az\/wp-json\/wp\/v2\/categories?post=291917"},{"taxonomy":"post_tag","embeddable":true,"href":"https:\/\/www.meydan.tv\/az\/wp-json\/wp\/v2\/tags?post=291917"}],"curies":[{"name":"wp","href":"https:\/\/api.w.org\/{rel}","templated":true}]}}