{"id":291914,"date":"2023-12-02T16:37:57","date_gmt":"2023-12-02T12:37:57","guid":{"rendered":"https:\/\/www.meydan.tv\/?p=291914"},"modified":"2023-12-02T16:38:01","modified_gmt":"2023-12-02T12:38:01","slug":"atu-nun-kafedra-mudiri-qizilca-ile-bagli-riskleri-aciqlayib","status":"publish","type":"post","link":"https:\/\/www.meydan.tv\/az\/article\/atu-nun-kafedra-mudiri-qizilca-ile-bagli-riskleri-aciqlayib\/","title":{"rendered":"ATU-nun kafedra m\u00fcdiri q\u0131z\u0131lca il\u0259 ba\u011fl\u0131 riskl\u0259ri a\u00e7\u0131qlay\u0131b"},"content":{"rendered":"\n<p><strong>Bizi q\u0131z\u0131lcan\u0131n u\u015faqlar aras\u0131nda pandemik hal\u0131 il\u0259 ba\u011fl\u0131 m\u00fctl\u0259q riskl\u0259r g\u00f6zl\u0259yir&#8221;<\/strong><\/p>\n\n\n\n<p>Az\u0259rbaycanda son bir ayd\u0131r ki, u\u015faqlar aras\u0131nda q\u0131z\u0131lca virusunun yay\u0131ld\u0131\u011f\u0131<a href=\"https:\/\/d9mc3ts4czbpr.cloudfront.net\/az\/article\/qizilcaya-yoluxdugu-deyilen-mektebli-vefat-edib\/\"> bildirilir<\/a>.<\/p>\n\n\n\n<p>H\u0259tta Qarada\u011f v\u0259 K\u00fcrd\u0259mird\u0259 \u00f6l\u00fcm fakt\u0131 da qeyd\u0259 al\u0131n\u0131b.<\/p>\n\n\n\n<p>Az\u0259rbaycan Tibb Universitetinin (ATU) Farmakologiya kafedras\u0131n\u0131n m\u00fcdiri, professor Musa Q\u0259niyev q\u0131z\u0131lcan\u0131n yay\u0131lmas\u0131n\u0131n g\u00f6zl\u0259nil\u0259n oldu\u011funu <a href=\"https:\/\/www.facebook.com\/photo.php?fbid=1081902409898138&amp;set=a.222738962481158&amp;type=3&amp;ref=embed_post\">bildirib<\/a>.<\/p>\n\n\n<div class=\"wp-block-image\">\n<figure class=\"alignleft size-full is-resized\"><img decoding=\"async\" width=\"800\" height=\"534\" data-src=\"https:\/\/www.meydan.tv\/wp-content\/uploads\/musa_qniyev.jpg\" alt=\"Specify Caption\" class=\"wp-image-211023 lazyload\" style=\"--smush-placeholder-width: 800px; --smush-placeholder-aspect-ratio: 800\/534;width:366px;height:auto\" src=\"data:image\/svg+xml;base64,PHN2ZyB3aWR0aD0iMSIgaGVpZ2h0PSIxIiB4bWxucz0iaHR0cDovL3d3dy53My5vcmcvMjAwMC9zdmciPjwvc3ZnPg==\" \/><figcaption class=\"wp-element-caption\">Musa Q\u0259niyev. Foto: Arxiv<\/figcaption><\/figure>\n<\/div>\n\n\n<p>O, \u00dcmumd\u00fcnya S\u0259hiyy\u0259 T\u0259\u015fkilat\u0131n\u0131n 28 aprel 2022 tarixli m\u0259lumat\u0131ndan sitat g\u0259tirib:<\/p>\n\n\n\n<p><em>\u201cSanitar-karantin m\u0259hdudiyy\u0259tl\u0259ri tezlikl\u0259 aradan qald\u0131r\u0131larsa, bizi q\u0131z\u0131lcan\u0131n u\u015faqlar aras\u0131nda pandemik hal\u0131 il\u0259 ba\u011fl\u0131 m\u00fctl\u0259q riskl\u0259r g\u00f6zl\u0259yir\u201d<\/em>.<\/p>\n\n\n\n<p>M\u00fct\u0259x\u0259ssisin fikrinc\u0259, COVID-19-la ba\u011fl\u0131 s\u0259rt karantin v\u0259 maska tax\u0131lmas\u0131 d\u00f6vr\u00fc sonradan infeksiyalar\u0131n nisbi aqressivl\u0259\u015fm\u0259sini v\u0259 sonda epidemiya \u015f\u0259killi art\u0131m\u0131n\u0131 qa\u00e7\u0131lmaz edirdi.<\/p>\n\n\n\n<p>O, 2020-ci ilin aprel ay\u0131ndan ba\u015flayaraq, bu bar\u0259d\u0259 d\u0259f\u0259l\u0259rl\u0259 x\u0259b\u0259rdarl\u0131q etdiyini, x\u00fcsus\u0259n ilkin u\u015faql\u0131q (1-3 ya\u015f) v\u0259 birincili u\u015faql\u0131q (3-6 ya\u015f) d\u00f6vr\u00fcnd\u0259 olanlara maska tax\u0131lmas\u0131n\u0131n ciddi s\u0259hv oldu\u011funu bildirdiyini xat\u0131rlad\u0131b.<\/p>\n\n\n\n<p>Q\u0131z\u0131lcan\u0131n haz\u0131rk\u0131 k\u0259skin art\u0131m\u0131n\u0131n lab\u00fcd oldu\u011funu vur\u011fulayan Musa Q\u0259niyev, bunun qorxulu hal olmad\u0131\u011f\u0131n\u0131 da qeyd edib:<\/p>\n\n\n\n<p><em>\u201cH\u0259r bir insan bu infeksiyaya yoluxmal\u0131d\u0131r v\u0259 yoluxur. Bunun \u00fc\u00e7\u00fcn x\u0259st\u0259 il\u0259 h\u0259tta birba\u015fa kontakt bel\u0259 laz\u0131m deyil. \u0130nsan\u0131n (u\u015fa\u011f\u0131n) oldu\u011fu otaqda, ondan 2 saat \u0259vv\u0259l q\u0131z\u0131lcal\u0131 x\u0259st\u0259 olmu\u015fsa, yen\u0259 d\u0259 yoluxma qa\u00e7\u0131lmazd\u0131r. Odur ki, x\u0259st\u0259liyin haz\u0131rda m\u00fc\u015fahid\u0259 edil\u0259n art\u0131m tempi t\u0259\u015fvi\u015f v\u0259 qorxuya s\u0259b\u0259b olacaq m\u00fcst\u0259sna bir hal kimi t\u0259qdim olunmamal\u0131d\u0131r\u201d<\/em>.<\/p>\n\n\n\n<p>H\u0259kim deyir ki, letall\u0131q g\u00f6st\u0259ricisin\u0259 g\u00f6r\u0259 is\u0259 q\u0131z\u0131lcan\u0131n k\u00fctl\u0259vi epidemik hal\u0131 m\u00fc\u015fahid\u0259 olunan XXI \u0259srd\u0259 t\u00f6r\u0259tdiyi \u00f6l\u00fcm c\u0259mi 0,004%-0,28%-dir.<\/p>\n\n\n\n<p>Bu g\u00f6st\u0259riciy\u0259 g\u00f6r\u0259 q\u0131z\u0131lca, b\u00fct\u00fcn m\u0259lum virus infeksiyalar\u0131ndan gerid\u0259dir, y\u0259ni qorxusuzdur, yaln\u0131z parotit (0,006%) v\u0259 su \u00e7i\u00e7\u0259yind\u0259n (0,0001%) \u00f6nd\u0259dir.<\/p>\n\n\n\n<p>Q\u0131z\u0131lcaya \u0259n h\u0259ssas insan qrupunun 4 ya\u015f\u0131na q\u0259d\u0259r u\u015faqlar oldu\u011funu dey\u0259n Musa Q\u0259niyev \u0259n etibarl\u0131 qorunma vasit\u0259sinin peyv\u0259ndl\u0259m\u0259 oldu\u011funu vur\u011fulay\u0131b:<\/p>\n\n\n\n<p><em>\u201cD\u00fcnyada q\u0131z\u0131lcaya qar\u015f\u0131 peyv\u0259nd 60 il\u0259 yax\u0131nd\u0131r ki, apar\u0131l\u0131r. Peyv\u0259nd haz\u0131rda tibbi s\u0131\u011fortan\u0131n Xidm\u0259tl\u0259r Z\u0259rfin\u0259 daxildir, y\u0259ni \u00f6d\u0259ni\u015fsizdir. Bu peyv\u0259ndin birinci dozas\u0131n\u0131 h\u0259r bir u\u015faq bir ya\u015f\u0131nda (d\u00fcnya \u00fczr\u0259 bu r\u0259q\u0259m 83%-dir), ikinci dozas\u0131n\u0131 is\u0259 6 ya\u015f\u0131nda al\u0131r (d\u00fcnya \u00fczr\u0259 74%). Q\u0131z\u0131lca zaman\u0131 formala\u015fan t\u0259bii immunitet is\u0259, daimi v\u0259 \u00f6m\u00fcrl\u00fckd\u00fcr. Odur ki, t\u0259krari a\u011f\u0131r x\u0259st\u0259l\u0259nm\u0259 riski s\u0131f\u0131r faizdir\u201d<\/em>.<\/p>\n","protected":false},"excerpt":{"rendered":"<p>Bizi q\u0131z\u0131lcan\u0131n u\u015faqlar aras\u0131nda pandemik hal\u0131 il\u0259 ba\u011fl\u0131 m\u00fctl\u0259q riskl\u0259r &#8230; <\/p>\n<p class=\"read-more-container\"><a title=\"ATU-nun kafedra m\u00fcdiri q\u0131z\u0131lca il\u0259 ba\u011fl\u0131 riskl\u0259ri a\u00e7\u0131qlay\u0131b\" class=\"read-more button\" href=\"https:\/\/www.meydan.tv\/az\/article\/atu-nun-kafedra-mudiri-qizilca-ile-bagli-riskleri-aciqlayib\/#more-291914\" aria-label=\"Read more about ATU-nun kafedra m\u00fcdiri q\u0131z\u0131lca il\u0259 ba\u011fl\u0131 riskl\u0259ri a\u00e7\u0131qlay\u0131b\">Davam\u0131<\/a><\/p>\n","protected":false},"author":21,"featured_media":160800,"comment_status":"closed","ping_status":"closed","sticky":false,"template":"","format":"standard","meta":{"_acf_changed":false,"_sitemap_exclude":false,"_sitemap_priority":"","_sitemap_frequency":"","footnotes":""},"categories":[54,62,79,56],"tags":[],"class_list":["post-291914","post","type-post","status-publish","format-standard","has-post-thumbnail","hentry","category-sagliq","category-sosial","category-featured","category-xeberler","infinite-scroll-item","generate-columns","tablet-grid-50","mobile-grid-100","grid-parent","grid-33","no-featured-image-padding"],"acf":[],"yoast_head":"<!-- This site is optimized with the Yoast SEO plugin v27.4 - https:\/\/yoast.com\/product\/yoast-seo-wordpress\/ -->\n<title>ATU-nun kafedra m\u00fcdiri q\u0131z\u0131lca il\u0259 ba\u011fl\u0131 riskl\u0259ri a\u00e7\u0131qlay\u0131b - MEYDAN.TV<\/title>\n<meta name=\"robots\" content=\"index, follow, max-snippet:-1, max-image-preview:large, max-video-preview:-1\" \/>\n<link rel=\"canonical\" href=\"https:\/\/www.meydan.tv\/az\/article\/atu-nun-kafedra-mudiri-qizilca-ile-bagli-riskleri-aciqlayib\/\" \/>\n<meta property=\"og:locale\" content=\"az_AZ\" \/>\n<meta property=\"og:type\" content=\"article\" \/>\n<meta property=\"og:title\" content=\"ATU-nun kafedra m\u00fcdiri q\u0131z\u0131lca il\u0259 ba\u011fl\u0131 riskl\u0259ri a\u00e7\u0131qlay\u0131b - MEYDAN.TV\" \/>\n<meta property=\"og:description\" content=\"Bizi q\u0131z\u0131lcan\u0131n u\u015faqlar aras\u0131nda pandemik hal\u0131 il\u0259 ba\u011fl\u0131 m\u00fctl\u0259q riskl\u0259r ... Davam\u0131\" \/>\n<meta property=\"og:url\" content=\"https:\/\/www.meydan.tv\/az\/article\/atu-nun-kafedra-mudiri-qizilca-ile-bagli-riskleri-aciqlayib\/\" \/>\n<meta property=\"og:site_name\" content=\"MEYDAN.TV\" \/>\n<meta property=\"article:published_time\" content=\"2023-12-02T12:37:57+00:00\" \/>\n<meta property=\"article:modified_time\" content=\"2023-12-02T12:38:01+00:00\" \/>\n<meta property=\"og:image\" content=\"https:\/\/www.meydan.tv\/wp-content\/uploads\/3380.jpeg\" \/>\n\t<meta property=\"og:image:width\" content=\"1340\" \/>\n\t<meta property=\"og:image:height\" content=\"891\" \/>\n\t<meta property=\"og:image:type\" content=\"image\/jpeg\" \/>\n<meta name=\"author\" content=\"mahmud\" \/>\n<meta name=\"twitter:card\" content=\"summary_large_image\" \/>\n<script type=\"application\/ld+json\" class=\"yoast-schema-graph\">{\"@context\":\"https:\\\/\\\/schema.org\",\"@graph\":[{\"@type\":\"Article\",\"@id\":\"https:\\\/\\\/www.meydan.tv\\\/az\\\/article\\\/atu-nun-kafedra-mudiri-qizilca-ile-bagli-riskleri-aciqlayib\\\/#article\",\"isPartOf\":{\"@id\":\"https:\\\/\\\/www.meydan.tv\\\/az\\\/article\\\/atu-nun-kafedra-mudiri-qizilca-ile-bagli-riskleri-aciqlayib\\\/\"},\"author\":{\"name\":\"mahmud\",\"@id\":\"https:\\\/\\\/www.meydan.tv\\\/az\\\/#\\\/schema\\\/person\\\/09863e516102a829e72bedcf3f84c6b0\"},\"headline\":\"ATU-nun kafedra m\u00fcdiri q\u0131z\u0131lca il\u0259 ba\u011fl\u0131 riskl\u0259ri a\u00e7\u0131qlay\u0131b\",\"datePublished\":\"2023-12-02T12:37:57+00:00\",\"dateModified\":\"2023-12-02T12:38:01+00:00\",\"mainEntityOfPage\":{\"@id\":\"https:\\\/\\\/www.meydan.tv\\\/az\\\/article\\\/atu-nun-kafedra-mudiri-qizilca-ile-bagli-riskleri-aciqlayib\\\/\"},\"wordCount\":556,\"publisher\":{\"@id\":\"https:\\\/\\\/www.meydan.tv\\\/az\\\/#organization\"},\"image\":{\"@id\":\"https:\\\/\\\/www.meydan.tv\\\/az\\\/article\\\/atu-nun-kafedra-mudiri-qizilca-ile-bagli-riskleri-aciqlayib\\\/#primaryimage\"},\"thumbnailUrl\":\"https:\\\/\\\/www.meydan.tv\\\/wp-content\\\/uploads\\\/3380.jpeg\",\"articleSection\":[\"Sa\u011fl\u0131q\",\"Sosial\",\"T\u00f6vsiy\u0259\",\"X\u0259b\u0259rl\u0259r\"],\"inLanguage\":\"az\"},{\"@type\":\"WebPage\",\"@id\":\"https:\\\/\\\/www.meydan.tv\\\/az\\\/article\\\/atu-nun-kafedra-mudiri-qizilca-ile-bagli-riskleri-aciqlayib\\\/\",\"url\":\"https:\\\/\\\/www.meydan.tv\\\/az\\\/article\\\/atu-nun-kafedra-mudiri-qizilca-ile-bagli-riskleri-aciqlayib\\\/\",\"name\":\"ATU-nun kafedra m\u00fcdiri q\u0131z\u0131lca il\u0259 ba\u011fl\u0131 riskl\u0259ri a\u00e7\u0131qlay\u0131b - MEYDAN.TV\",\"isPartOf\":{\"@id\":\"https:\\\/\\\/www.meydan.tv\\\/az\\\/#website\"},\"primaryImageOfPage\":{\"@id\":\"https:\\\/\\\/www.meydan.tv\\\/az\\\/article\\\/atu-nun-kafedra-mudiri-qizilca-ile-bagli-riskleri-aciqlayib\\\/#primaryimage\"},\"image\":{\"@id\":\"https:\\\/\\\/www.meydan.tv\\\/az\\\/article\\\/atu-nun-kafedra-mudiri-qizilca-ile-bagli-riskleri-aciqlayib\\\/#primaryimage\"},\"thumbnailUrl\":\"https:\\\/\\\/www.meydan.tv\\\/wp-content\\\/uploads\\\/3380.jpeg\",\"datePublished\":\"2023-12-02T12:37:57+00:00\",\"dateModified\":\"2023-12-02T12:38:01+00:00\",\"breadcrumb\":{\"@id\":\"https:\\\/\\\/www.meydan.tv\\\/az\\\/article\\\/atu-nun-kafedra-mudiri-qizilca-ile-bagli-riskleri-aciqlayib\\\/#breadcrumb\"},\"inLanguage\":\"az\",\"potentialAction\":[{\"@type\":\"ReadAction\",\"target\":[\"https:\\\/\\\/www.meydan.tv\\\/az\\\/article\\\/atu-nun-kafedra-mudiri-qizilca-ile-bagli-riskleri-aciqlayib\\\/\"]}]},{\"@type\":\"ImageObject\",\"inLanguage\":\"az\",\"@id\":\"https:\\\/\\\/www.meydan.tv\\\/az\\\/article\\\/atu-nun-kafedra-mudiri-qizilca-ile-bagli-riskleri-aciqlayib\\\/#primaryimage\",\"url\":\"https:\\\/\\\/www.meydan.tv\\\/wp-content\\\/uploads\\\/3380.jpeg\",\"contentUrl\":\"https:\\\/\\\/www.meydan.tv\\\/wp-content\\\/uploads\\\/3380.jpeg\",\"width\":1340,\"height\":891,\"caption\":\"Source: president.az\"},{\"@type\":\"BreadcrumbList\",\"@id\":\"https:\\\/\\\/www.meydan.tv\\\/az\\\/article\\\/atu-nun-kafedra-mudiri-qizilca-ile-bagli-riskleri-aciqlayib\\\/#breadcrumb\",\"itemListElement\":[{\"@type\":\"ListItem\",\"position\":1,\"name\":\"Ana s\u0259hif\u0259\",\"item\":\"https:\\\/\\\/www.meydan.tv\\\/az\\\/\"},{\"@type\":\"ListItem\",\"position\":2,\"name\":\"Sa\u011fl\u0131q\",\"item\":\"https:\\\/\\\/www.meydan.tv\\\/az\\\/section\\\/sagliq\\\/\"},{\"@type\":\"ListItem\",\"position\":3,\"name\":\"ATU-nun kafedra m\u00fcdiri q\u0131z\u0131lca il\u0259 ba\u011fl\u0131 riskl\u0259ri a\u00e7\u0131qlay\u0131b\"}]},{\"@type\":\"WebSite\",\"@id\":\"https:\\\/\\\/www.meydan.tv\\\/az\\\/#website\",\"url\":\"https:\\\/\\\/www.meydan.tv\\\/az\\\/\",\"name\":\"MEYDAN.TV\",\"description\":\"Meydan TV Az\u0259rbaycan\u0131n media m\u0259kan\u0131ndak\u0131 alternativ s\u0259sidir\",\"publisher\":{\"@id\":\"https:\\\/\\\/www.meydan.tv\\\/az\\\/#organization\"},\"potentialAction\":[{\"@type\":\"SearchAction\",\"target\":{\"@type\":\"EntryPoint\",\"urlTemplate\":\"https:\\\/\\\/www.meydan.tv\\\/az\\\/?s={search_term_string}\"},\"query-input\":{\"@type\":\"PropertyValueSpecification\",\"valueRequired\":true,\"valueName\":\"search_term_string\"}}],\"inLanguage\":\"az\"},{\"@type\":\"Organization\",\"@id\":\"https:\\\/\\\/www.meydan.tv\\\/az\\\/#organization\",\"name\":\"Meydan TV\",\"url\":\"https:\\\/\\\/www.meydan.tv\\\/az\\\/\",\"logo\":{\"@type\":\"ImageObject\",\"inLanguage\":\"az\",\"@id\":\"https:\\\/\\\/www.meydan.tv\\\/az\\\/#\\\/schema\\\/logo\\\/image\\\/\",\"url\":\"https:\\\/\\\/www.meydan.tv\\\/wp-content\\\/uploads\\\/2021\\\/07\\\/meydan-logo.svg\",\"contentUrl\":\"https:\\\/\\\/www.meydan.tv\\\/wp-content\\\/uploads\\\/2021\\\/07\\\/meydan-logo.svg\",\"width\":195,\"height\":46,\"caption\":\"Meydan TV\"},\"image\":{\"@id\":\"https:\\\/\\\/www.meydan.tv\\\/az\\\/#\\\/schema\\\/logo\\\/image\\\/\"}},{\"@type\":\"Person\",\"@id\":\"https:\\\/\\\/www.meydan.tv\\\/az\\\/#\\\/schema\\\/person\\\/09863e516102a829e72bedcf3f84c6b0\",\"name\":\"mahmud\"}]}<\/script>\n<!-- \/ Yoast SEO plugin. -->","yoast_head_json":{"title":"ATU-nun kafedra m\u00fcdiri q\u0131z\u0131lca il\u0259 ba\u011fl\u0131 riskl\u0259ri a\u00e7\u0131qlay\u0131b - MEYDAN.TV","robots":{"index":"index","follow":"follow","max-snippet":"max-snippet:-1","max-image-preview":"max-image-preview:large","max-video-preview":"max-video-preview:-1"},"canonical":"https:\/\/www.meydan.tv\/az\/article\/atu-nun-kafedra-mudiri-qizilca-ile-bagli-riskleri-aciqlayib\/","og_locale":"az_AZ","og_type":"article","og_title":"ATU-nun kafedra m\u00fcdiri q\u0131z\u0131lca il\u0259 ba\u011fl\u0131 riskl\u0259ri a\u00e7\u0131qlay\u0131b - MEYDAN.TV","og_description":"Bizi q\u0131z\u0131lcan\u0131n u\u015faqlar aras\u0131nda pandemik hal\u0131 il\u0259 ba\u011fl\u0131 m\u00fctl\u0259q riskl\u0259r ... Davam\u0131","og_url":"https:\/\/www.meydan.tv\/az\/article\/atu-nun-kafedra-mudiri-qizilca-ile-bagli-riskleri-aciqlayib\/","og_site_name":"MEYDAN.TV","article_published_time":"2023-12-02T12:37:57+00:00","article_modified_time":"2023-12-02T12:38:01+00:00","og_image":[{"width":1340,"height":891,"url":"https:\/\/www.meydan.tv\/wp-content\/uploads\/3380.jpeg","type":"image\/jpeg"}],"author":"mahmud","twitter_card":"summary_large_image","schema":{"@context":"https:\/\/schema.org","@graph":[{"@type":"Article","@id":"https:\/\/www.meydan.tv\/az\/article\/atu-nun-kafedra-mudiri-qizilca-ile-bagli-riskleri-aciqlayib\/#article","isPartOf":{"@id":"https:\/\/www.meydan.tv\/az\/article\/atu-nun-kafedra-mudiri-qizilca-ile-bagli-riskleri-aciqlayib\/"},"author":{"name":"mahmud","@id":"https:\/\/www.meydan.tv\/az\/#\/schema\/person\/09863e516102a829e72bedcf3f84c6b0"},"headline":"ATU-nun kafedra m\u00fcdiri q\u0131z\u0131lca il\u0259 ba\u011fl\u0131 riskl\u0259ri a\u00e7\u0131qlay\u0131b","datePublished":"2023-12-02T12:37:57+00:00","dateModified":"2023-12-02T12:38:01+00:00","mainEntityOfPage":{"@id":"https:\/\/www.meydan.tv\/az\/article\/atu-nun-kafedra-mudiri-qizilca-ile-bagli-riskleri-aciqlayib\/"},"wordCount":556,"publisher":{"@id":"https:\/\/www.meydan.tv\/az\/#organization"},"image":{"@id":"https:\/\/www.meydan.tv\/az\/article\/atu-nun-kafedra-mudiri-qizilca-ile-bagli-riskleri-aciqlayib\/#primaryimage"},"thumbnailUrl":"https:\/\/www.meydan.tv\/wp-content\/uploads\/3380.jpeg","articleSection":["Sa\u011fl\u0131q","Sosial","T\u00f6vsiy\u0259","X\u0259b\u0259rl\u0259r"],"inLanguage":"az"},{"@type":"WebPage","@id":"https:\/\/www.meydan.tv\/az\/article\/atu-nun-kafedra-mudiri-qizilca-ile-bagli-riskleri-aciqlayib\/","url":"https:\/\/www.meydan.tv\/az\/article\/atu-nun-kafedra-mudiri-qizilca-ile-bagli-riskleri-aciqlayib\/","name":"ATU-nun kafedra m\u00fcdiri q\u0131z\u0131lca il\u0259 ba\u011fl\u0131 riskl\u0259ri a\u00e7\u0131qlay\u0131b - MEYDAN.TV","isPartOf":{"@id":"https:\/\/www.meydan.tv\/az\/#website"},"primaryImageOfPage":{"@id":"https:\/\/www.meydan.tv\/az\/article\/atu-nun-kafedra-mudiri-qizilca-ile-bagli-riskleri-aciqlayib\/#primaryimage"},"image":{"@id":"https:\/\/www.meydan.tv\/az\/article\/atu-nun-kafedra-mudiri-qizilca-ile-bagli-riskleri-aciqlayib\/#primaryimage"},"thumbnailUrl":"https:\/\/www.meydan.tv\/wp-content\/uploads\/3380.jpeg","datePublished":"2023-12-02T12:37:57+00:00","dateModified":"2023-12-02T12:38:01+00:00","breadcrumb":{"@id":"https:\/\/www.meydan.tv\/az\/article\/atu-nun-kafedra-mudiri-qizilca-ile-bagli-riskleri-aciqlayib\/#breadcrumb"},"inLanguage":"az","potentialAction":[{"@type":"ReadAction","target":["https:\/\/www.meydan.tv\/az\/article\/atu-nun-kafedra-mudiri-qizilca-ile-bagli-riskleri-aciqlayib\/"]}]},{"@type":"ImageObject","inLanguage":"az","@id":"https:\/\/www.meydan.tv\/az\/article\/atu-nun-kafedra-mudiri-qizilca-ile-bagli-riskleri-aciqlayib\/#primaryimage","url":"https:\/\/www.meydan.tv\/wp-content\/uploads\/3380.jpeg","contentUrl":"https:\/\/www.meydan.tv\/wp-content\/uploads\/3380.jpeg","width":1340,"height":891,"caption":"Source: president.az"},{"@type":"BreadcrumbList","@id":"https:\/\/www.meydan.tv\/az\/article\/atu-nun-kafedra-mudiri-qizilca-ile-bagli-riskleri-aciqlayib\/#breadcrumb","itemListElement":[{"@type":"ListItem","position":1,"name":"Ana s\u0259hif\u0259","item":"https:\/\/www.meydan.tv\/az\/"},{"@type":"ListItem","position":2,"name":"Sa\u011fl\u0131q","item":"https:\/\/www.meydan.tv\/az\/section\/sagliq\/"},{"@type":"ListItem","position":3,"name":"ATU-nun kafedra m\u00fcdiri q\u0131z\u0131lca il\u0259 ba\u011fl\u0131 riskl\u0259ri a\u00e7\u0131qlay\u0131b"}]},{"@type":"WebSite","@id":"https:\/\/www.meydan.tv\/az\/#website","url":"https:\/\/www.meydan.tv\/az\/","name":"MEYDAN.TV","description":"Meydan TV Az\u0259rbaycan\u0131n media m\u0259kan\u0131ndak\u0131 alternativ s\u0259sidir","publisher":{"@id":"https:\/\/www.meydan.tv\/az\/#organization"},"potentialAction":[{"@type":"SearchAction","target":{"@type":"EntryPoint","urlTemplate":"https:\/\/www.meydan.tv\/az\/?s={search_term_string}"},"query-input":{"@type":"PropertyValueSpecification","valueRequired":true,"valueName":"search_term_string"}}],"inLanguage":"az"},{"@type":"Organization","@id":"https:\/\/www.meydan.tv\/az\/#organization","name":"Meydan TV","url":"https:\/\/www.meydan.tv\/az\/","logo":{"@type":"ImageObject","inLanguage":"az","@id":"https:\/\/www.meydan.tv\/az\/#\/schema\/logo\/image\/","url":"https:\/\/www.meydan.tv\/wp-content\/uploads\/2021\/07\/meydan-logo.svg","contentUrl":"https:\/\/www.meydan.tv\/wp-content\/uploads\/2021\/07\/meydan-logo.svg","width":195,"height":46,"caption":"Meydan TV"},"image":{"@id":"https:\/\/www.meydan.tv\/az\/#\/schema\/logo\/image\/"}},{"@type":"Person","@id":"https:\/\/www.meydan.tv\/az\/#\/schema\/person\/09863e516102a829e72bedcf3f84c6b0","name":"mahmud"}]}},"_links":{"self":[{"href":"https:\/\/www.meydan.tv\/az\/wp-json\/wp\/v2\/posts\/291914","targetHints":{"allow":["GET"]}}],"collection":[{"href":"https:\/\/www.meydan.tv\/az\/wp-json\/wp\/v2\/posts"}],"about":[{"href":"https:\/\/www.meydan.tv\/az\/wp-json\/wp\/v2\/types\/post"}],"author":[{"embeddable":true,"href":"https:\/\/www.meydan.tv\/az\/wp-json\/wp\/v2\/users\/21"}],"replies":[{"embeddable":true,"href":"https:\/\/www.meydan.tv\/az\/wp-json\/wp\/v2\/comments?post=291914"}],"version-history":[{"count":2,"href":"https:\/\/www.meydan.tv\/az\/wp-json\/wp\/v2\/posts\/291914\/revisions"}],"predecessor-version":[{"id":291916,"href":"https:\/\/www.meydan.tv\/az\/wp-json\/wp\/v2\/posts\/291914\/revisions\/291916"}],"wp:featuredmedia":[{"embeddable":true,"href":"https:\/\/www.meydan.tv\/az\/wp-json\/wp\/v2\/media\/160800"}],"wp:attachment":[{"href":"https:\/\/www.meydan.tv\/az\/wp-json\/wp\/v2\/media?parent=291914"}],"wp:term":[{"taxonomy":"category","embeddable":true,"href":"https:\/\/www.meydan.tv\/az\/wp-json\/wp\/v2\/categories?post=291914"},{"taxonomy":"post_tag","embeddable":true,"href":"https:\/\/www.meydan.tv\/az\/wp-json\/wp\/v2\/tags?post=291914"}],"curies":[{"name":"wp","href":"https:\/\/api.w.org\/{rel}","templated":true}]}}