{"id":291894,"date":"2023-12-01T13:48:19","date_gmt":"2023-12-01T09:48:19","guid":{"rendered":"https:\/\/www.meydan.tv\/?p=291894"},"modified":"2023-12-01T13:48:23","modified_gmt":"2023-12-01T09:48:23","slug":"cemil-hesenli-netflixin-filminde-hedef-rusiyadirsa-azerbaycan-hakimiyyeti-niye-narahatdir","status":"publish","type":"post","link":"https:\/\/www.meydan.tv\/az\/article\/cemil-hesenli-netflixin-filminde-hedef-rusiyadirsa-azerbaycan-hakimiyyeti-niye-narahatdir\/","title":{"rendered":"C\u0259mil H\u0259s\u0259nli: \u201cNetflix\u201din filmind\u0259 h\u0259d\u0259f Rusiyad\u0131rsa, Az\u0259rbaycan hakimiyy\u0259ti niy\u0259 narahatd\u0131r?\u201d"},"content":{"rendered":"\n<p><\/p>\n\n\n\n<p><em><strong>Tarix\u00e7i alim deyir ki, bu, sad\u0259c\u0259, ideyad\u0131r, ortada n\u0259 film var, n\u0259 m\u0259sl\u0259h\u0259t ver\u0259n<\/strong><\/em><\/p>\n\n\n\n<p>\u201cNetflix\u201d video platformas\u0131n\u0131n Az\u0259rbaycana qar\u015f\u0131 film \u00e7\u0259kdiyi iddia olunur.<\/p>\n\n\n\n<p>H\u00f6kum\u0259ty\u00f6nl\u00fc media yaz\u0131r ki, B\u00f6y\u00fck Britaniyada ya\u015fayan yaz\u0131\u00e7\u0131 Devid Qreys t\u0259r\u0259find\u0259n \u201cC\u0259zas\u0131z olan cinay\u0259t\u201d adl\u0131 beyn\u0259lxalq b\u0259dii layih\u0259 <a href=\"https:\/\/report.az\/daxili-siyaset\/qerbin-novbeti-qerezi-netflix-azerbaycana-qarsi-film-cekir\/\">haz\u0131rlan\u0131r.<\/a><\/p>\n\n\n\n<p>Beyn\u0259lxalq layih\u0259d\u0259 Rusiya \u0130mperiyas\u0131n\u0131n, Sovet \u0130ttifaq\u0131n\u0131n v\u0259 Rusiyan\u0131n postsovet m\u0259kan\u0131nda ya\u015fayan xalqlara qar\u015f\u0131 t\u00f6r\u0259dilmi\u015f cinay\u0259tl\u0259rinin bu platformada g\u00f6st\u0259rilm\u0259si n\u0259z\u0259rd\u0259 tutulub.<\/p>\n\n\n\n<p><em>\u201c\u0130lk bax\u0131\u015fda burada qeyri-adi n\u0259s\u0259 yoxdur. Adi bir tarixi filmdir. Lakin \u0259ld\u0259 etdiyimiz m\u0259lumata g\u00f6r\u0259, filmd\u0259 sovet d\u00f6vr\u00fcnd\u0259 Az\u0259rbaycanda hakimiyy\u0259td\u0259 olanlar, el\u0259c\u0259 d\u0259, indiki hakimiyy\u0259t haqq\u0131nda m\u0259nfi m\u0259lumatlar\u0131n verilm\u0259si n\u0259z\u0259rd\u0259 tutulur\u201d,<\/em> &#8211; m\u0259lumatda deyilir.<\/p>\n\n\n\n<p>Layih\u0259d\u0259 tarix\u00e7i alim, professor, Milli \u015euran\u0131n s\u0259dri C\u0259mil H\u0259s\u0259nlinin d\u0259 ad\u0131 halland\u0131r\u0131l\u0131r.<\/p>\n\n\n\n<p>Bildirilir ki, C\u0259mil H\u0259s\u0259nli layih\u0259y\u0259 m\u0259sl\u0259h\u0259t\u00e7i kimi d\u0259v\u0259t olunub.<\/p>\n\n\n\n<p>Film is\u0259 Az\u0259rbaycana qar\u015f\u0131 q\u0259r\u0259zlidir:<\/p>\n\n\n\n<p><em>\u201cAz\u0259rbaycanla ba\u011fl\u0131 daha \u00e7ox q\u0259r\u0259zli m\u00f6vqed\u0259n \u00e7\u0131x\u0131\u015f ed\u0259n m\u00fcxalif\u0259t funksioneri, s\u00f6zs\u00fcz ki, ortaya obyektiv m\u00f6vqe qoya bilm\u0259z. M\u0259g\u0259r h\u0259min d\u00f6vrl\u0259 ba\u011fl\u0131 dig\u0259r bir m\u00fct\u0259x\u0259ssis tapmaq \u00e7ox \u00e7\u0259tin idimi? H\u0259r halda Az\u0259rbaycan tarixinin h\u0259min ill\u0259rini ara\u015fd\u0131ran \u00e7oxsayl\u0131 ekspert v\u0259 aliml\u0259r m\u00f6vcuddur. Bu da Az\u0259rbaycana qar\u015f\u0131 q\u0259r\u0259zli yana\u015fman\u0131n n\u00f6vb\u0259ti t\u0259zah\u00fcr\u00fcd\u00fcr\u201d<\/em>.<\/p>\n\n\n\n<p>\u0130nternetd\u0259 axtar\u0131\u015f zaman\u0131 layih\u0259 il\u0259 ba\u011fl\u0131 he\u00e7 bir n\u0259tic\u0259 \u00e7\u0131xmay\u0131b.<\/p>\n\n\n\n<p>C\u0259mil H\u0259s\u0259nli Meydan TV-y\u0259 bildirib ki, layih\u0259 il\u0259 ba\u011fl\u0131, do\u011frudan da, t\u0259klif al\u0131b. Layih\u0259nin \u0259sas h\u0259d\u0259fi d\u0259 Rusiyad\u0131r:<\/p>\n\n\n\n<p><em>\u201cBu layih\u0259d\u0259 s\u00f6hb\u0259t Az\u0259rbaycandan getmir. \u018fsas h\u0259d\u0259f Rusiyan\u0131n v\u0259 Sovet \u0130ttifaq\u0131n\u0131n xalqlar\u0131n taleyind\u0259 oynad\u0131\u011f\u0131 m\u0259\u015fum roludur. Bu layih\u0259 il\u0259 ba\u011fl\u0131 David Grece m\u0259n\u0259 yazm\u0131\u015fd\u0131. Bildirmi\u015fdi ki, B\u00f6y\u00fck Britaniyadan olan komanda haz\u0131rda \u201cC\u0259zas\u0131z qalan cinay\u0259t\u201d adl\u0131 geni\u015fmiqyasl\u0131 beyn\u0259lxalq s\u0259n\u0259dli layih\u0259 \u00fcz\u0259rind\u0259 i\u015fl\u0259yir\u201d<\/em>.<\/p>\n\n\n\n<p>C\u0259mil H\u0259s\u0259nli deyir ki, David Grece ona bildirib ki, layih\u0259 vasit\u0259sil\u0259 d\u00fcnya tama\u015fa\u00e7\u0131lar\u0131na Rusiya \u0130mperiyas\u0131, Sovet \u0130ttifaq\u0131 v\u0259 m\u00fcasir Rusiya liderl\u0259rinin m\u00fcxt\u0259lif d\u00f6vrl\u0259rd\u0259 Kremlin n\u0259zar\u0259ti alt\u0131nda olan xalqlara v\u0259 \u00f6lk\u0259l\u0259r\u0259 qar\u015f\u0131 t\u00f6r\u0259tdikl\u0259ri cinay\u0259tl\u0259r bar\u0259d\u0259 dan\u0131\u015f\u0131lacaq:<\/p>\n\n\n\n<p><em>\u201cY\u00fczl\u0259rl\u0259 v\u0259h\u015filik ed\u0259r\u0259k m\u00fcxt\u0259lif Moskva rejiml\u0259rinin niy\u0259 sudan quru \u00e7\u0131xma\u011f\u0131 v\u0259 c\u0259zas\u0131z qalma\u011f\u0131 bacard\u0131qlar\u0131n\u0131 anlamaq bizim \u00fc\u00e7\u00fcn vacibdir. Bu c\u0259zas\u0131zl\u0131\u011f\u0131n k\u00fctl\u0259vi cinay\u0259tl\u0259rin t\u0259krarlanmas\u0131na s\u0259b\u0259b oldu\u011funu ayd\u0131nla\u015fd\u0131rmaq v\u0259 bu \u201cc\u0259zas\u0131zl\u0131q prinsipini\u201d pozmaq \u00fc\u00e7\u00fcn bir yol tapmaq ist\u0259yirik. X\u00fcsusil\u0259, insanlar\u0131n deportasiyas\u0131, milli liderl\u0259rin l\u0259\u011fvi, Qolodomor (Ukrayna tarixinin \u0259n faci\u0259li hadis\u0259si-red), t\u0259hl\u00fck\u0259sizlik q\u00fcvv\u0259l\u0259rinin c\u0259za \u0259m\u0259liyyatlar\u0131 haqq\u0131nda dan\u0131\u015fmaq ist\u0259yirik\u201d,<\/em> &#8211; David Grece bildirib.<\/p>\n\n\n\n<p>C\u0259mil H\u0259s\u0259nli deyir ki, layih\u0259 yaln\u0131z postsovet \u00f6lk\u0259l\u0259rini deyil, postsosialist m\u0259kan\u0131n\u0131 da \u0259hat\u0259 ed\u0259c\u0259k:<\/p>\n\n\n\n<p><em>\u201cRusiya haqq\u0131nda \u00e7\u0259kilm\u0259si n\u0259z\u0259rd\u0259 tutulan s\u0259n\u0259dli film\u0259 g\u00f6r\u0259 Az\u0259rbaycan hakimiyy\u0259ti niy\u0259 h\u0259\u015fir qald\u0131r\u0131r? Bax bu, maraql\u0131d\u0131r. H\u0259l\u0259 n\u0259 film \u00e7\u0259k\u0259n var, n\u0259 d\u0259 m\u0259sl\u0259h\u0259t ver\u0259n.\u00a0 Az\u0259rbaycandan s\u0259n\u0259dli film\u0259 m\u0259sl\u0259h\u0259t\u00e7i kimi m\u0259nim se\u00e7ilm\u0259yim\u0259 g\u0259ldikd\u0259 is\u0259 Britaniyada son 15 ild\u0259 m\u0259nim 7-8 monoqrafiyam n\u0259\u015fr olunub\u201d<\/em>.<\/p>\n\n\n\n<p><em>\u201cUzaq g\u0259l\u0259c\u0259kd\u0259 bu layih\u0259d\u0259 Az\u0259rbaycan\u0131n sovetl\u0259\u015fm\u0259sind\u0259 Rusiya i\u015f\u011fallar\u0131n\u0131n rolu, 37-ci il Stalin repressiyala\u0131n\u0131n Az\u0259rbaycanda faci\u0259li n\u0259tic\u0259l\u0259ri, Az\u0259rbaycan neftinin d\u00fcnya m\u00fcaharib\u0259sind\u0259 roluna m\u00fc\u0259yy\u0259n yer veril\u0259 bil\u0259r. Lakin bu h\u0259l\u0259 ideyad\u0131r. \u0130ndi \u0259sas m\u0259s\u0259l\u0259 Rusiyan\u0131n Ukraynaya t\u0259cav\u00fcz\u00fc fonunda Rusiya v\u0259 Sovetl\u0259rin Ukraynan\u0131n taleyind\u0259ki ac\u0131nanaql\u0131 rolunu, x\u00fcsusil\u0259 Qolodomoru, 37 repressiyalar\u0131n\u0131 ekranla\u015fd\u0131rmaqd\u0131r\u201d,<\/em> &#8211; tarix\u00e7i alim deyib.<\/p>\n\n\n\n<p>C\u0259mil H\u0259s\u0259nli 2016-c\u0131 ild\u0259 \u00e7\u0259kilmi\u015f \u201cBak\u0131: \u018fli v\u0259 Ninonun \u015f\u0259h\u0259ri\u201d adl\u0131 s\u0259n\u0259dli filmin d\u0259 m\u0259sl\u0259h\u0259t\u00e7isi olub.<\/p>\n\n\n\n<p>Filmi prod\u00fcsser Teresa \u00c7erfas \u00e7\u0259kmi\u015fdi.<\/p>\n","protected":false},"excerpt":{"rendered":"<p>Tarix\u00e7i alim deyir ki, bu, sad\u0259c\u0259, ideyad\u0131r, ortada n\u0259 film &#8230; <\/p>\n<p class=\"read-more-container\"><a title=\"C\u0259mil H\u0259s\u0259nli: \u201cNetflix\u201din filmind\u0259 h\u0259d\u0259f Rusiyad\u0131rsa, Az\u0259rbaycan hakimiyy\u0259ti niy\u0259 narahatd\u0131r?\u201d\" class=\"read-more button\" href=\"https:\/\/www.meydan.tv\/az\/article\/cemil-hesenli-netflixin-filminde-hedef-rusiyadirsa-azerbaycan-hakimiyyeti-niye-narahatdir\/#more-291894\" aria-label=\"Read more about C\u0259mil H\u0259s\u0259nli: \u201cNetflix\u201din filmind\u0259 h\u0259d\u0259f Rusiyad\u0131rsa, Az\u0259rbaycan hakimiyy\u0259ti niy\u0259 narahatd\u0131r?\u201d\">Davam\u0131<\/a><\/p>\n","protected":false},"author":21,"featured_media":226590,"comment_status":"closed","ping_status":"closed","sticky":false,"template":"","format":"standard","meta":{"_acf_changed":false,"_sitemap_exclude":false,"_sitemap_priority":"","_sitemap_frequency":"","footnotes":""},"categories":[52,59,79,56],"tags":[],"class_list":["post-291894","post","type-post","status-publish","format-standard","has-post-thumbnail","hentry","category-medeniyyet","category-siyaset","category-featured","category-xeberler","infinite-scroll-item","generate-columns","tablet-grid-50","mobile-grid-100","grid-parent","grid-33","no-featured-image-padding"],"acf":[],"yoast_head":"<!-- This site is optimized with the Yoast SEO plugin v27.4 - https:\/\/yoast.com\/product\/yoast-seo-wordpress\/ -->\n<title>C\u0259mil H\u0259s\u0259nli: \u201cNetflix\u201din filmind\u0259 h\u0259d\u0259f Rusiyad\u0131rsa, Az\u0259rbaycan hakimiyy\u0259ti niy\u0259 narahatd\u0131r?\u201d - MEYDAN.TV<\/title>\n<meta name=\"robots\" content=\"index, follow, max-snippet:-1, max-image-preview:large, max-video-preview:-1\" \/>\n<link rel=\"canonical\" href=\"https:\/\/www.meydan.tv\/az\/article\/cemil-hesenli-netflixin-filminde-hedef-rusiyadirsa-azerbaycan-hakimiyyeti-niye-narahatdir\/\" \/>\n<meta property=\"og:locale\" content=\"az_AZ\" \/>\n<meta property=\"og:type\" content=\"article\" \/>\n<meta property=\"og:title\" content=\"C\u0259mil H\u0259s\u0259nli: \u201cNetflix\u201din filmind\u0259 h\u0259d\u0259f Rusiyad\u0131rsa, Az\u0259rbaycan hakimiyy\u0259ti niy\u0259 narahatd\u0131r?\u201d - MEYDAN.TV\" \/>\n<meta property=\"og:description\" content=\"Tarix\u00e7i alim deyir ki, bu, sad\u0259c\u0259, ideyad\u0131r, ortada n\u0259 film ... Davam\u0131\" \/>\n<meta property=\"og:url\" content=\"https:\/\/www.meydan.tv\/az\/article\/cemil-hesenli-netflixin-filminde-hedef-rusiyadirsa-azerbaycan-hakimiyyeti-niye-narahatdir\/\" \/>\n<meta property=\"og:site_name\" content=\"MEYDAN.TV\" \/>\n<meta property=\"article:published_time\" content=\"2023-12-01T09:48:19+00:00\" \/>\n<meta property=\"article:modified_time\" content=\"2023-12-01T09:48:23+00:00\" \/>\n<meta property=\"og:image\" content=\"https:\/\/www.meydan.tv\/wp-content\/uploads\/jamil-hasanli-6.jpg\" \/>\n\t<meta property=\"og:image:width\" content=\"1200\" \/>\n\t<meta property=\"og:image:height\" content=\"800\" \/>\n\t<meta property=\"og:image:type\" content=\"image\/jpeg\" \/>\n<meta name=\"author\" content=\"mahmud\" \/>\n<meta name=\"twitter:card\" content=\"summary_large_image\" \/>\n<script type=\"application\/ld+json\" class=\"yoast-schema-graph\">{\"@context\":\"https:\\\/\\\/schema.org\",\"@graph\":[{\"@type\":\"Article\",\"@id\":\"https:\\\/\\\/www.meydan.tv\\\/az\\\/article\\\/cemil-hesenli-netflixin-filminde-hedef-rusiyadirsa-azerbaycan-hakimiyyeti-niye-narahatdir\\\/#article\",\"isPartOf\":{\"@id\":\"https:\\\/\\\/www.meydan.tv\\\/az\\\/article\\\/cemil-hesenli-netflixin-filminde-hedef-rusiyadirsa-azerbaycan-hakimiyyeti-niye-narahatdir\\\/\"},\"author\":{\"name\":\"mahmud\",\"@id\":\"https:\\\/\\\/www.meydan.tv\\\/az\\\/#\\\/schema\\\/person\\\/09863e516102a829e72bedcf3f84c6b0\"},\"headline\":\"C\u0259mil H\u0259s\u0259nli: \u201cNetflix\u201din filmind\u0259 h\u0259d\u0259f Rusiyad\u0131rsa, Az\u0259rbaycan hakimiyy\u0259ti niy\u0259 narahatd\u0131r?\u201d\",\"datePublished\":\"2023-12-01T09:48:19+00:00\",\"dateModified\":\"2023-12-01T09:48:23+00:00\",\"mainEntityOfPage\":{\"@id\":\"https:\\\/\\\/www.meydan.tv\\\/az\\\/article\\\/cemil-hesenli-netflixin-filminde-hedef-rusiyadirsa-azerbaycan-hakimiyyeti-niye-narahatdir\\\/\"},\"wordCount\":823,\"publisher\":{\"@id\":\"https:\\\/\\\/www.meydan.tv\\\/az\\\/#organization\"},\"image\":{\"@id\":\"https:\\\/\\\/www.meydan.tv\\\/az\\\/article\\\/cemil-hesenli-netflixin-filminde-hedef-rusiyadirsa-azerbaycan-hakimiyyeti-niye-narahatdir\\\/#primaryimage\"},\"thumbnailUrl\":\"https:\\\/\\\/www.meydan.tv\\\/wp-content\\\/uploads\\\/jamil-hasanli-6.jpg\",\"articleSection\":[\"M\u0259d\u0259niyy\u0259t\",\"Siyas\u0259t\",\"T\u00f6vsiy\u0259\",\"X\u0259b\u0259rl\u0259r\"],\"inLanguage\":\"az\"},{\"@type\":\"WebPage\",\"@id\":\"https:\\\/\\\/www.meydan.tv\\\/az\\\/article\\\/cemil-hesenli-netflixin-filminde-hedef-rusiyadirsa-azerbaycan-hakimiyyeti-niye-narahatdir\\\/\",\"url\":\"https:\\\/\\\/www.meydan.tv\\\/az\\\/article\\\/cemil-hesenli-netflixin-filminde-hedef-rusiyadirsa-azerbaycan-hakimiyyeti-niye-narahatdir\\\/\",\"name\":\"C\u0259mil H\u0259s\u0259nli: \u201cNetflix\u201din filmind\u0259 h\u0259d\u0259f Rusiyad\u0131rsa, Az\u0259rbaycan hakimiyy\u0259ti niy\u0259 narahatd\u0131r?\u201d - MEYDAN.TV\",\"isPartOf\":{\"@id\":\"https:\\\/\\\/www.meydan.tv\\\/az\\\/#website\"},\"primaryImageOfPage\":{\"@id\":\"https:\\\/\\\/www.meydan.tv\\\/az\\\/article\\\/cemil-hesenli-netflixin-filminde-hedef-rusiyadirsa-azerbaycan-hakimiyyeti-niye-narahatdir\\\/#primaryimage\"},\"image\":{\"@id\":\"https:\\\/\\\/www.meydan.tv\\\/az\\\/article\\\/cemil-hesenli-netflixin-filminde-hedef-rusiyadirsa-azerbaycan-hakimiyyeti-niye-narahatdir\\\/#primaryimage\"},\"thumbnailUrl\":\"https:\\\/\\\/www.meydan.tv\\\/wp-content\\\/uploads\\\/jamil-hasanli-6.jpg\",\"datePublished\":\"2023-12-01T09:48:19+00:00\",\"dateModified\":\"2023-12-01T09:48:23+00:00\",\"breadcrumb\":{\"@id\":\"https:\\\/\\\/www.meydan.tv\\\/az\\\/article\\\/cemil-hesenli-netflixin-filminde-hedef-rusiyadirsa-azerbaycan-hakimiyyeti-niye-narahatdir\\\/#breadcrumb\"},\"inLanguage\":\"az\",\"potentialAction\":[{\"@type\":\"ReadAction\",\"target\":[\"https:\\\/\\\/www.meydan.tv\\\/az\\\/article\\\/cemil-hesenli-netflixin-filminde-hedef-rusiyadirsa-azerbaycan-hakimiyyeti-niye-narahatdir\\\/\"]}]},{\"@type\":\"ImageObject\",\"inLanguage\":\"az\",\"@id\":\"https:\\\/\\\/www.meydan.tv\\\/az\\\/article\\\/cemil-hesenli-netflixin-filminde-hedef-rusiyadirsa-azerbaycan-hakimiyyeti-niye-narahatdir\\\/#primaryimage\",\"url\":\"https:\\\/\\\/www.meydan.tv\\\/wp-content\\\/uploads\\\/jamil-hasanli-6.jpg\",\"contentUrl\":\"https:\\\/\\\/www.meydan.tv\\\/wp-content\\\/uploads\\\/jamil-hasanli-6.jpg\",\"width\":1200,\"height\":800,\"caption\":\"C\u0259mil H\u0259s\u0259nli, Foto: Meydan TV\"},{\"@type\":\"BreadcrumbList\",\"@id\":\"https:\\\/\\\/www.meydan.tv\\\/az\\\/article\\\/cemil-hesenli-netflixin-filminde-hedef-rusiyadirsa-azerbaycan-hakimiyyeti-niye-narahatdir\\\/#breadcrumb\",\"itemListElement\":[{\"@type\":\"ListItem\",\"position\":1,\"name\":\"Ana s\u0259hif\u0259\",\"item\":\"https:\\\/\\\/www.meydan.tv\\\/az\\\/\"},{\"@type\":\"ListItem\",\"position\":2,\"name\":\"Siyas\u0259t\",\"item\":\"https:\\\/\\\/www.meydan.tv\\\/az\\\/section\\\/siyaset\\\/\"},{\"@type\":\"ListItem\",\"position\":3,\"name\":\"C\u0259mil H\u0259s\u0259nli: \u201cNetflix\u201din filmind\u0259 h\u0259d\u0259f Rusiyad\u0131rsa, Az\u0259rbaycan hakimiyy\u0259ti niy\u0259 narahatd\u0131r?\u201d\"}]},{\"@type\":\"WebSite\",\"@id\":\"https:\\\/\\\/www.meydan.tv\\\/az\\\/#website\",\"url\":\"https:\\\/\\\/www.meydan.tv\\\/az\\\/\",\"name\":\"MEYDAN.TV\",\"description\":\"Meydan TV Az\u0259rbaycan\u0131n media m\u0259kan\u0131ndak\u0131 alternativ s\u0259sidir\",\"publisher\":{\"@id\":\"https:\\\/\\\/www.meydan.tv\\\/az\\\/#organization\"},\"potentialAction\":[{\"@type\":\"SearchAction\",\"target\":{\"@type\":\"EntryPoint\",\"urlTemplate\":\"https:\\\/\\\/www.meydan.tv\\\/az\\\/?s={search_term_string}\"},\"query-input\":{\"@type\":\"PropertyValueSpecification\",\"valueRequired\":true,\"valueName\":\"search_term_string\"}}],\"inLanguage\":\"az\"},{\"@type\":\"Organization\",\"@id\":\"https:\\\/\\\/www.meydan.tv\\\/az\\\/#organization\",\"name\":\"Meydan TV\",\"url\":\"https:\\\/\\\/www.meydan.tv\\\/az\\\/\",\"logo\":{\"@type\":\"ImageObject\",\"inLanguage\":\"az\",\"@id\":\"https:\\\/\\\/www.meydan.tv\\\/az\\\/#\\\/schema\\\/logo\\\/image\\\/\",\"url\":\"https:\\\/\\\/www.meydan.tv\\\/wp-content\\\/uploads\\\/2021\\\/07\\\/meydan-logo.svg\",\"contentUrl\":\"https:\\\/\\\/www.meydan.tv\\\/wp-content\\\/uploads\\\/2021\\\/07\\\/meydan-logo.svg\",\"width\":195,\"height\":46,\"caption\":\"Meydan TV\"},\"image\":{\"@id\":\"https:\\\/\\\/www.meydan.tv\\\/az\\\/#\\\/schema\\\/logo\\\/image\\\/\"}},{\"@type\":\"Person\",\"@id\":\"https:\\\/\\\/www.meydan.tv\\\/az\\\/#\\\/schema\\\/person\\\/09863e516102a829e72bedcf3f84c6b0\",\"name\":\"mahmud\"}]}<\/script>\n<!-- \/ Yoast SEO plugin. -->","yoast_head_json":{"title":"C\u0259mil H\u0259s\u0259nli: \u201cNetflix\u201din filmind\u0259 h\u0259d\u0259f Rusiyad\u0131rsa, Az\u0259rbaycan hakimiyy\u0259ti niy\u0259 narahatd\u0131r?\u201d - MEYDAN.TV","robots":{"index":"index","follow":"follow","max-snippet":"max-snippet:-1","max-image-preview":"max-image-preview:large","max-video-preview":"max-video-preview:-1"},"canonical":"https:\/\/www.meydan.tv\/az\/article\/cemil-hesenli-netflixin-filminde-hedef-rusiyadirsa-azerbaycan-hakimiyyeti-niye-narahatdir\/","og_locale":"az_AZ","og_type":"article","og_title":"C\u0259mil H\u0259s\u0259nli: \u201cNetflix\u201din filmind\u0259 h\u0259d\u0259f Rusiyad\u0131rsa, Az\u0259rbaycan hakimiyy\u0259ti niy\u0259 narahatd\u0131r?\u201d - MEYDAN.TV","og_description":"Tarix\u00e7i alim deyir ki, bu, sad\u0259c\u0259, ideyad\u0131r, ortada n\u0259 film ... Davam\u0131","og_url":"https:\/\/www.meydan.tv\/az\/article\/cemil-hesenli-netflixin-filminde-hedef-rusiyadirsa-azerbaycan-hakimiyyeti-niye-narahatdir\/","og_site_name":"MEYDAN.TV","article_published_time":"2023-12-01T09:48:19+00:00","article_modified_time":"2023-12-01T09:48:23+00:00","og_image":[{"width":1200,"height":800,"url":"https:\/\/www.meydan.tv\/wp-content\/uploads\/jamil-hasanli-6.jpg","type":"image\/jpeg"}],"author":"mahmud","twitter_card":"summary_large_image","schema":{"@context":"https:\/\/schema.org","@graph":[{"@type":"Article","@id":"https:\/\/www.meydan.tv\/az\/article\/cemil-hesenli-netflixin-filminde-hedef-rusiyadirsa-azerbaycan-hakimiyyeti-niye-narahatdir\/#article","isPartOf":{"@id":"https:\/\/www.meydan.tv\/az\/article\/cemil-hesenli-netflixin-filminde-hedef-rusiyadirsa-azerbaycan-hakimiyyeti-niye-narahatdir\/"},"author":{"name":"mahmud","@id":"https:\/\/www.meydan.tv\/az\/#\/schema\/person\/09863e516102a829e72bedcf3f84c6b0"},"headline":"C\u0259mil H\u0259s\u0259nli: \u201cNetflix\u201din filmind\u0259 h\u0259d\u0259f Rusiyad\u0131rsa, Az\u0259rbaycan hakimiyy\u0259ti niy\u0259 narahatd\u0131r?\u201d","datePublished":"2023-12-01T09:48:19+00:00","dateModified":"2023-12-01T09:48:23+00:00","mainEntityOfPage":{"@id":"https:\/\/www.meydan.tv\/az\/article\/cemil-hesenli-netflixin-filminde-hedef-rusiyadirsa-azerbaycan-hakimiyyeti-niye-narahatdir\/"},"wordCount":823,"publisher":{"@id":"https:\/\/www.meydan.tv\/az\/#organization"},"image":{"@id":"https:\/\/www.meydan.tv\/az\/article\/cemil-hesenli-netflixin-filminde-hedef-rusiyadirsa-azerbaycan-hakimiyyeti-niye-narahatdir\/#primaryimage"},"thumbnailUrl":"https:\/\/www.meydan.tv\/wp-content\/uploads\/jamil-hasanli-6.jpg","articleSection":["M\u0259d\u0259niyy\u0259t","Siyas\u0259t","T\u00f6vsiy\u0259","X\u0259b\u0259rl\u0259r"],"inLanguage":"az"},{"@type":"WebPage","@id":"https:\/\/www.meydan.tv\/az\/article\/cemil-hesenli-netflixin-filminde-hedef-rusiyadirsa-azerbaycan-hakimiyyeti-niye-narahatdir\/","url":"https:\/\/www.meydan.tv\/az\/article\/cemil-hesenli-netflixin-filminde-hedef-rusiyadirsa-azerbaycan-hakimiyyeti-niye-narahatdir\/","name":"C\u0259mil H\u0259s\u0259nli: \u201cNetflix\u201din filmind\u0259 h\u0259d\u0259f Rusiyad\u0131rsa, Az\u0259rbaycan hakimiyy\u0259ti niy\u0259 narahatd\u0131r?\u201d - MEYDAN.TV","isPartOf":{"@id":"https:\/\/www.meydan.tv\/az\/#website"},"primaryImageOfPage":{"@id":"https:\/\/www.meydan.tv\/az\/article\/cemil-hesenli-netflixin-filminde-hedef-rusiyadirsa-azerbaycan-hakimiyyeti-niye-narahatdir\/#primaryimage"},"image":{"@id":"https:\/\/www.meydan.tv\/az\/article\/cemil-hesenli-netflixin-filminde-hedef-rusiyadirsa-azerbaycan-hakimiyyeti-niye-narahatdir\/#primaryimage"},"thumbnailUrl":"https:\/\/www.meydan.tv\/wp-content\/uploads\/jamil-hasanli-6.jpg","datePublished":"2023-12-01T09:48:19+00:00","dateModified":"2023-12-01T09:48:23+00:00","breadcrumb":{"@id":"https:\/\/www.meydan.tv\/az\/article\/cemil-hesenli-netflixin-filminde-hedef-rusiyadirsa-azerbaycan-hakimiyyeti-niye-narahatdir\/#breadcrumb"},"inLanguage":"az","potentialAction":[{"@type":"ReadAction","target":["https:\/\/www.meydan.tv\/az\/article\/cemil-hesenli-netflixin-filminde-hedef-rusiyadirsa-azerbaycan-hakimiyyeti-niye-narahatdir\/"]}]},{"@type":"ImageObject","inLanguage":"az","@id":"https:\/\/www.meydan.tv\/az\/article\/cemil-hesenli-netflixin-filminde-hedef-rusiyadirsa-azerbaycan-hakimiyyeti-niye-narahatdir\/#primaryimage","url":"https:\/\/www.meydan.tv\/wp-content\/uploads\/jamil-hasanli-6.jpg","contentUrl":"https:\/\/www.meydan.tv\/wp-content\/uploads\/jamil-hasanli-6.jpg","width":1200,"height":800,"caption":"C\u0259mil H\u0259s\u0259nli, Foto: Meydan TV"},{"@type":"BreadcrumbList","@id":"https:\/\/www.meydan.tv\/az\/article\/cemil-hesenli-netflixin-filminde-hedef-rusiyadirsa-azerbaycan-hakimiyyeti-niye-narahatdir\/#breadcrumb","itemListElement":[{"@type":"ListItem","position":1,"name":"Ana s\u0259hif\u0259","item":"https:\/\/www.meydan.tv\/az\/"},{"@type":"ListItem","position":2,"name":"Siyas\u0259t","item":"https:\/\/www.meydan.tv\/az\/section\/siyaset\/"},{"@type":"ListItem","position":3,"name":"C\u0259mil H\u0259s\u0259nli: \u201cNetflix\u201din filmind\u0259 h\u0259d\u0259f Rusiyad\u0131rsa, Az\u0259rbaycan hakimiyy\u0259ti niy\u0259 narahatd\u0131r?\u201d"}]},{"@type":"WebSite","@id":"https:\/\/www.meydan.tv\/az\/#website","url":"https:\/\/www.meydan.tv\/az\/","name":"MEYDAN.TV","description":"Meydan TV Az\u0259rbaycan\u0131n media m\u0259kan\u0131ndak\u0131 alternativ s\u0259sidir","publisher":{"@id":"https:\/\/www.meydan.tv\/az\/#organization"},"potentialAction":[{"@type":"SearchAction","target":{"@type":"EntryPoint","urlTemplate":"https:\/\/www.meydan.tv\/az\/?s={search_term_string}"},"query-input":{"@type":"PropertyValueSpecification","valueRequired":true,"valueName":"search_term_string"}}],"inLanguage":"az"},{"@type":"Organization","@id":"https:\/\/www.meydan.tv\/az\/#organization","name":"Meydan TV","url":"https:\/\/www.meydan.tv\/az\/","logo":{"@type":"ImageObject","inLanguage":"az","@id":"https:\/\/www.meydan.tv\/az\/#\/schema\/logo\/image\/","url":"https:\/\/www.meydan.tv\/wp-content\/uploads\/2021\/07\/meydan-logo.svg","contentUrl":"https:\/\/www.meydan.tv\/wp-content\/uploads\/2021\/07\/meydan-logo.svg","width":195,"height":46,"caption":"Meydan TV"},"image":{"@id":"https:\/\/www.meydan.tv\/az\/#\/schema\/logo\/image\/"}},{"@type":"Person","@id":"https:\/\/www.meydan.tv\/az\/#\/schema\/person\/09863e516102a829e72bedcf3f84c6b0","name":"mahmud"}]}},"_links":{"self":[{"href":"https:\/\/www.meydan.tv\/az\/wp-json\/wp\/v2\/posts\/291894","targetHints":{"allow":["GET"]}}],"collection":[{"href":"https:\/\/www.meydan.tv\/az\/wp-json\/wp\/v2\/posts"}],"about":[{"href":"https:\/\/www.meydan.tv\/az\/wp-json\/wp\/v2\/types\/post"}],"author":[{"embeddable":true,"href":"https:\/\/www.meydan.tv\/az\/wp-json\/wp\/v2\/users\/21"}],"replies":[{"embeddable":true,"href":"https:\/\/www.meydan.tv\/az\/wp-json\/wp\/v2\/comments?post=291894"}],"version-history":[{"count":1,"href":"https:\/\/www.meydan.tv\/az\/wp-json\/wp\/v2\/posts\/291894\/revisions"}],"predecessor-version":[{"id":291898,"href":"https:\/\/www.meydan.tv\/az\/wp-json\/wp\/v2\/posts\/291894\/revisions\/291898"}],"wp:featuredmedia":[{"embeddable":true,"href":"https:\/\/www.meydan.tv\/az\/wp-json\/wp\/v2\/media\/226590"}],"wp:attachment":[{"href":"https:\/\/www.meydan.tv\/az\/wp-json\/wp\/v2\/media?parent=291894"}],"wp:term":[{"taxonomy":"category","embeddable":true,"href":"https:\/\/www.meydan.tv\/az\/wp-json\/wp\/v2\/categories?post=291894"},{"taxonomy":"post_tag","embeddable":true,"href":"https:\/\/www.meydan.tv\/az\/wp-json\/wp\/v2\/tags?post=291894"}],"curies":[{"name":"wp","href":"https:\/\/api.w.org\/{rel}","templated":true}]}}