{"id":291861,"date":"2023-11-30T22:12:34","date_gmt":"2023-11-30T18:12:34","guid":{"rendered":"https:\/\/www.meydan.tv\/?p=291861"},"modified":"2023-11-30T22:12:38","modified_gmt":"2023-11-30T18:12:38","slug":"mehkeme-firildaqla-evimin-elimden-alinmasina-ailemin-collerde-qalmasina-goz-yumdu","status":"publish","type":"post","link":"https:\/\/www.meydan.tv\/az\/article\/mehkeme-firildaqla-evimin-elimden-alinmasina-ailemin-collerde-qalmasina-goz-yumdu\/","title":{"rendered":"\u201cM\u0259hk\u0259m\u0259 f\u0131r\u0131ldaqla evimin \u0259limd\u0259n al\u0131nmas\u0131na, ail\u0259min \u00e7\u00f6ll\u0259rd\u0259 qalmas\u0131na g\u00f6z yumdu\u201d"},"content":{"rendered":"\n<p><\/p>\n\n\n\n<p><strong><em>G\u00f6y\u00e7ay sakini: \u201cH\u00fcquq-m\u00fchafiz\u0259 orqanlar\u0131 t\u0259dbir g\u00f6rm\u0259lidir ki, ba\u015fqa ail\u0259l\u0259rin ba\u015f\u0131na eyni oyunlar a\u00e7\u0131lmas\u0131n\u201d<\/em><\/strong><\/p>\n\n\n\n<p>G\u00f6y\u00e7ay rayonu Potu k\u0259nd sakini El\u015fad Abdullayev evinin \u0259lind\u0259n al\u0131nd\u0131\u011f\u0131n\u0131, m\u0259hk\u0259m\u0259nin d\u0259 buna g\u00f6z yumdu\u011funu deyir. Onun s\u00f6zl\u0259rin\u0259 g\u00f6r\u0259, n\u0259tic\u0259d\u0259 ail\u0259si, iki azya\u015fl\u0131 u\u015fa\u011f\u0131 a\u011f\u0131r v\u0259ziyy\u0259td\u0259 qal\u0131b.<\/p>\n\n\n\n<p><strong>\u201cN\u0259 bilim ki, evimd\u0259 \u00e7\u00f6r\u0259k k\u0259s\u0259n adam bel\u0259 \u015fey el\u0259y\u0259r&#8230;\u201d<\/strong><\/p>\n\n\n\n<p>El\u015fad Abdullayev Meydan TV-y\u0259 dan\u0131\u015f\u0131r ki, 2020-ci ild\u0259 G\u00f6y\u00e7ay \u015f\u0259h\u0259rind\u0259 ya\u015fayan Famil H\u0259midovdan 10 min manat s\u0259l\u0259ml\u0259 pul al\u0131b. Onun s\u00f6zl\u0259rin\u0259 g\u00f6r\u0259, raz\u0131la\u015fma bel\u0259 olub ki, \u0259v\u0259zind\u0259 20 min manat qaytaracaq. Amma pul qaytar\u0131lana q\u0259d\u0259r d\u0259 girov kimi, evini s\u0259n\u0259dl\u0259\u015fm\u0259 il\u0259 ona ver\u0259c\u0259k:<\/p>\n\n\n\n<p><em>\u201cM\u0259n\u0259 t\u0259cili pul laz\u0131m idi dey\u0259, onun \u015f\u0259rtl\u0259riyl\u0259 raz\u0131la\u015fd\u0131m. Bundan \u0259vv\u0259l d\u0259 bel\u0259 bir hal olmu\u015fdu. Bir n\u0259f\u0259rd\u0259n 10 min manat s\u0259l\u0259ml\u0259 pul g\u00f6t\u00fcrm\u00fc\u015fd\u00fcm, evimi onun ad\u0131na ke\u00e7irmi\u015fdi. Raz\u0131la\u015fmaya uy\u011fun \u015f\u0259kild\u0259 17 min qaytard\u0131m. O adam da evimi s\u0259n\u0259dl\u0259\u015fm\u0259 il\u0259 \u00f6z\u00fcm\u0259 qaytard\u0131. Bununla da bel\u0259 olaca\u011f\u0131n\u0131 d\u00fc\u015f\u00fcnd\u00fcm. H\u0259m d\u0259 Famil \u0259vv\u0259ll\u0259r evim\u0259 g\u0259lmi\u015fdi, bizd\u0259 \u00e7\u00f6r\u0259k k\u0259smi\u015fdi. M\u0259n n\u0259 bilim ki, bel\u0259 bir \u015fey el\u0259y\u0259r?! Dediyi kimi, pulu d\u00fcz\u0259ldib apard\u0131m, m\u0259n\u0259 qay\u0131td\u0131 ki, \u201co evi m\u0259n\u0259 satm\u0131san\u201d. M\u0259nd\u0259n evimi geri qaytarmaq \u00fc\u00e7\u00fcn 50 min pul ist\u0259di. Dedim ki, ay\u0131bd\u0131r, insan bel\u0259 h\u0259r\u0259k\u0259t el\u0259m\u0259z. Xeyri olmad\u0131&#8230;\u201d<\/em>.<\/p>\n\n\n\n<p><strong>\u201cApar\u0131b hakim\u0259 s\u0259n\u0259dl\u0259ri d\u0259 g\u00f6st\u0259rdim\u201d<\/strong><\/p>\n\n\n\n<p>Famil H\u0259midov Potu k\u0259ndind\u0259ki evin bo\u015fald\u0131lmas\u0131, El\u015fad Abdullayev v\u0259 ail\u0259sinin oradan \u00e7\u0131xar\u0131lmas\u0131 t\u0259l\u0259biyl\u0259 G\u00f6y\u00e7ay Rayon M\u0259hk\u0259m\u0259sin\u0259 m\u00fcraci\u0259t edib. Bu i\u015f\u0259 m\u0259hk\u0259m\u0259d\u0259 hakim \u0130brahim F\u0259ttahov bax\u0131b:<\/p>\n\n\n\n<p><em>\u201c\u018fvv\u0259l 10 min s\u0259l\u0259m g\u00f6t\u00fcrd\u00fcy\u00fcm adamla aram\u0131zda olan s\u0259n\u0259dl\u0259ri d\u0259 m\u0259hk\u0259m\u0259y\u0259 t\u0259qdim el\u0259dim. Hakim\u0259 g\u00f6st\u0259rdim ki, \u0259vv\u0259l d\u0259 bel\u0259 olub, pul g\u00f6t\u00fcr\u00fcl\u0259nd\u0259 ev o adam\u0131n ad\u0131na ke\u00e7irilib, sonra qaytar\u0131l\u0131b. Famil H\u0259midovla da raz\u0131la\u015fmam\u0131z eyni c\u00fcr olub. \u0130ndi o, evimi \u0259l\u0259 ke\u00e7irir. Hakim \u0130brahim F\u0259ttahov o s\u0259n\u0259dl\u0259ri g\u00f6r\u0259nd\u0259 inand\u0131 ki, do\u011frudan da bel\u0259 raz\u0131la\u015fm\u0131\u015fd\u0131q. Amma ax\u0131rda n\u0259 etdil\u0259rs\u0259, hakimin m\u00f6vqeyi d\u0259yi\u015fdi. F\u0131r\u0131ldaqla evimin \u0259limd\u0259n al\u0131nmas\u0131na, ail\u0259min \u00e7\u00f6ll\u0259rd\u0259 qalmas\u0131na g\u00f6z yumub, onlar\u0131n xeyrin\u0259 q\u0259rar verdi\u201d<\/em>.<\/p>\n\n\n\n<p><strong>\u201cAli M\u0259hk\u0259m\u0259nin s\u0259drinin q\u0259bulunda ba\u015f\u0131ma g\u0259l\u0259nl\u0259ri dan\u0131\u015fd\u0131m\u201d<\/strong><\/p>\n\n\n\n<p>Sonradan \u015e\u0259ki Apelyasiya M\u0259hk\u0259m\u0259si, sentyabr\u0131n \u0259vv\u0259lind\u0259 is\u0259 Ali M\u0259hk\u0259m\u0259 bu q\u0259rar\u0131 q\u00fcvv\u0259d\u0259 saxlay\u0131b. Bundan d\u0259rhal sonra m\u0259hk\u0259m\u0259 icra\u00e7\u0131lar\u0131 v\u0259 polisl\u0259rl\u0259 qap\u0131ya g\u0259lib, Abdullayevl\u0259r ail\u0259sini \u00e7\u0131xar\u0131blar:<\/p>\n\n\n\n<p><em>\u201cPolisl\u0259ri g\u00f6r\u0259nd\u0259 dedim ki, he\u00e7 n\u0259y\u0259 ehtiyac yoxdur, \u00f6z\u00fcm\u00fcz \u00e7\u0131x\u0131r\u0131q. \u0130ndi iki ki\u00e7ik m\u0259kt\u0259bli u\u015faqla dem\u0259k olar, \u00e7\u00f6ld\u0259 qalm\u0131\u015f\u0131q\u201d.<\/em><\/p>\n\n\n\n<figure class=\"wp-block-image size-full\"><img decoding=\"async\" width=\"720\" height=\"406\" data-src=\"https:\/\/www.meydan.tv\/wp-content\/uploads\/photo-2023-11-30-19-05-30_720-2.jpg\" alt=\"\" class=\"wp-image-291875 lazyload\" src=\"data:image\/svg+xml;base64,PHN2ZyB3aWR0aD0iMSIgaGVpZ2h0PSIxIiB4bWxucz0iaHR0cDovL3d3dy53My5vcmcvMjAwMC9zdmciPjwvc3ZnPg==\" style=\"--smush-placeholder-width: 720px; --smush-placeholder-aspect-ratio: 720\/406;\" \/><\/figure>\n\n\n\n<p>G\u00f6y\u00e7ay sakini bir h\u0259ft\u0259 \u00f6nc\u0259 Ali M\u0259hk\u0259m\u0259nin v\u0259 M\u0259hk\u0259m\u0259-H\u00fcquq \u015euras\u0131n\u0131n s\u0259dri \u0130nam K\u0259rimovun da q\u0259bulunda olub. \u0130nam K\u0259rimov noyabr\u0131n 23-d\u0259 \u015e\u0259kid\u0259 v\u0259t\u0259nda\u015flar\u0131 q\u0259bul ed\u0259nd\u0259 onunla g\u00f6r\u00fc\u015f\u00fcb:<\/p>\n\n\n\n<p><em>\u201cBa\u015f\u0131ma g\u0259l\u0259nl\u0259ri dan\u0131\u015fd\u0131m. M\u0259ni ba\u015fqa bir adam\u0131n yan\u0131na g\u00f6nd\u0259rdi. O adama da yerb\u0259yer dedim ki, \u0259vv\u0259l d\u0259 pul al\u0131b evimi ba\u015fqas\u0131n\u0131n ad\u0131na ke\u00e7irmi\u015fdim, qaytarm\u0131\u015fd\u0131. \u018flimd\u0259 s\u00fcbutum da var. Ona g\u00f6r\u0259 inanm\u0131\u015fd\u0131m buna da. \u018fn \u0259sas m\u0259qamlardan biri, 21 sot torpaqda yeni tikilmi\u015f, 70 min qiym\u0259ti olan evi m\u0259n hans\u0131 a\u011f\u0131lla 10 min\u0259 sat\u0131rd\u0131m? \u018fg\u0259r m\u0259n o adama 2020-ci ild\u0259 evi satm\u0131\u015fd\u0131msa, niy\u0259 3 il \u0259rzind\u0259 m\u0259n oradan \u00e7\u0131xm\u0131rd\u0131m? Dem\u0259li, bu alq\u0131-satq\u0131 formal olub. M\u0259nim ba\u011f\u0131mdan h\u0259r il 5-6 min manatl\u0131q xurma y\u0131\u011f\u0131l\u0131r. Buna g\u00f6r\u0259 oran\u0131 \u0259l\u0259 ke\u00e7irdi. M\u0259n \u015e\u0259kid\u0259 bunlar\u0131 dan\u0131\u015fandan sonra o adam m\u0259n\u0259 dedi ki, t\u0259dbir g\u00f6r\u00fcl\u0259c\u0259k. M\u0259n d\u0259 g\u00f6zl\u0259yir\u0259m\u201d<\/em>.<\/p>\n\n\n\n<p><strong>\u201cEvimd\u0259 \u00e7\u00f6r\u0259k k\u0259s\u0259n adam ail\u0259mi \u00e7\u00f6ll\u0259rd\u0259 qoydu\u201d<\/strong><\/p>\n\n\n\n<p>El\u015fad Abdullayev h\u0259m d\u0259 Famil H\u0259midovun haqq\u0131nda t\u0259dbir g\u00f6r\u00fclm\u0259sini ist\u0259yir. Deyir ki, daha bir adam\u0131n da \u0259mlak\u0131n\u0131n bu yolla \u0259l\u0259 ke\u00e7irildiyini sonradan e\u015fidib. Hesab edir ki, ba\u015fqa qurbanlar\u0131n olmamas\u0131 \u00fc\u00e7\u00fcn h\u00fcquq-m\u00fchafiz\u0259 orqanlar\u0131 ara\u015fd\u0131rma apar\u0131b, t\u0259dbir g\u00f6rm\u0259lidir:<\/p>\n\n\n\n<p><em>\u201cT\u0259dbir g\u00f6r\u00fclm\u0259lidir ki, m\u0259nim kimi adamlar\u0131n inam\u0131ndan, t\u0259cr\u00fcb\u0259sizliyind\u0259n istifad\u0259 edib, ba\u015fqa ail\u0259l\u0259rin ba\u015f\u0131na eyni oyunlar a\u00e7\u0131lmas\u0131n. Evim\u0259 g\u0259lib \u00e7\u00f6r\u0259k k\u0259s\u0259n adam ail\u0259mi \u00e7\u00f6ll\u0259rd\u0259 qoydu\u201d<\/em>.<\/p>\n\n\n\n<p>Famil H\u0259midov is\u0259 iddia edir ki, El\u015fad Abdullayevin dedikl\u0259ri h\u0259qiq\u0259t\u0259uy\u011fun deyil. Onun s\u00f6zl\u0259rin\u0259 g\u00f6r\u0259, alq\u0131-satq\u0131 s\u0259l\u0259m\u0259 g\u00f6r\u0259 formal olmay\u0131b, s\u00f6z\u00fcged\u0259n ev h\u0259qiq\u0259t\u0259n ona sat\u0131l\u0131b.<\/p>\n","protected":false},"excerpt":{"rendered":"<p>G\u00f6y\u00e7ay sakini: \u201cH\u00fcquq-m\u00fchafiz\u0259 orqanlar\u0131 t\u0259dbir g\u00f6rm\u0259lidir ki, ba\u015fqa ail\u0259l\u0259rin ba\u015f\u0131na &#8230; <\/p>\n<p class=\"read-more-container\"><a title=\"\u201cM\u0259hk\u0259m\u0259 f\u0131r\u0131ldaqla evimin \u0259limd\u0259n al\u0131nmas\u0131na, ail\u0259min \u00e7\u00f6ll\u0259rd\u0259 qalmas\u0131na g\u00f6z yumdu\u201d\" class=\"read-more button\" href=\"https:\/\/www.meydan.tv\/az\/article\/mehkeme-firildaqla-evimin-elimden-alinmasina-ailemin-collerde-qalmasina-goz-yumdu\/#more-291861\" aria-label=\"Read more about \u201cM\u0259hk\u0259m\u0259 f\u0131r\u0131ldaqla evimin \u0259limd\u0259n al\u0131nmas\u0131na, ail\u0259min \u00e7\u00f6ll\u0259rd\u0259 qalmas\u0131na g\u00f6z yumdu\u201d\">Davam\u0131<\/a><\/p>\n","protected":false},"author":21,"featured_media":291865,"comment_status":"closed","ping_status":"closed","sticky":false,"template":"","format":"standard","meta":{"_acf_changed":false,"_sitemap_exclude":false,"_sitemap_priority":"","_sitemap_frequency":"","footnotes":""},"categories":[60,62,79,56],"tags":[],"class_list":["post-291861","post","type-post","status-publish","format-standard","has-post-thumbnail","hentry","category-bolge","category-sosial","category-featured","category-xeberler","infinite-scroll-item","generate-columns","tablet-grid-50","mobile-grid-100","grid-parent","grid-33","no-featured-image-padding"],"acf":[],"yoast_head":"<!-- This site is optimized with the Yoast SEO plugin v27.4 - https:\/\/yoast.com\/product\/yoast-seo-wordpress\/ -->\n<title>\u201cM\u0259hk\u0259m\u0259 f\u0131r\u0131ldaqla evimin \u0259limd\u0259n al\u0131nmas\u0131na, ail\u0259min \u00e7\u00f6ll\u0259rd\u0259 qalmas\u0131na g\u00f6z yumdu\u201d - MEYDAN.TV<\/title>\n<meta name=\"robots\" content=\"index, follow, max-snippet:-1, max-image-preview:large, max-video-preview:-1\" \/>\n<link rel=\"canonical\" href=\"https:\/\/www.meydan.tv\/az\/article\/mehkeme-firildaqla-evimin-elimden-alinmasina-ailemin-collerde-qalmasina-goz-yumdu\/\" \/>\n<meta property=\"og:locale\" content=\"az_AZ\" \/>\n<meta property=\"og:type\" content=\"article\" \/>\n<meta property=\"og:title\" content=\"\u201cM\u0259hk\u0259m\u0259 f\u0131r\u0131ldaqla evimin \u0259limd\u0259n al\u0131nmas\u0131na, ail\u0259min \u00e7\u00f6ll\u0259rd\u0259 qalmas\u0131na g\u00f6z yumdu\u201d - MEYDAN.TV\" \/>\n<meta property=\"og:description\" content=\"G\u00f6y\u00e7ay sakini: \u201cH\u00fcquq-m\u00fchafiz\u0259 orqanlar\u0131 t\u0259dbir g\u00f6rm\u0259lidir ki, ba\u015fqa ail\u0259l\u0259rin ba\u015f\u0131na ... Davam\u0131\" \/>\n<meta property=\"og:url\" content=\"https:\/\/www.meydan.tv\/az\/article\/mehkeme-firildaqla-evimin-elimden-alinmasina-ailemin-collerde-qalmasina-goz-yumdu\/\" \/>\n<meta property=\"og:site_name\" content=\"MEYDAN.TV\" \/>\n<meta property=\"article:published_time\" content=\"2023-11-30T18:12:34+00:00\" \/>\n<meta property=\"article:modified_time\" content=\"2023-11-30T18:12:38+00:00\" \/>\n<meta property=\"og:image\" content=\"https:\/\/www.meydan.tv\/wp-content\/uploads\/photo-2023-11-30-19-05-29_720.jpg\" \/>\n\t<meta property=\"og:image:width\" content=\"720\" \/>\n\t<meta property=\"og:image:height\" content=\"409\" \/>\n\t<meta property=\"og:image:type\" content=\"image\/jpeg\" \/>\n<meta name=\"author\" content=\"mahmud\" \/>\n<meta name=\"twitter:card\" content=\"summary_large_image\" \/>\n<script type=\"application\/ld+json\" class=\"yoast-schema-graph\">{\"@context\":\"https:\\\/\\\/schema.org\",\"@graph\":[{\"@type\":\"Article\",\"@id\":\"https:\\\/\\\/www.meydan.tv\\\/az\\\/article\\\/mehkeme-firildaqla-evimin-elimden-alinmasina-ailemin-collerde-qalmasina-goz-yumdu\\\/#article\",\"isPartOf\":{\"@id\":\"https:\\\/\\\/www.meydan.tv\\\/az\\\/article\\\/mehkeme-firildaqla-evimin-elimden-alinmasina-ailemin-collerde-qalmasina-goz-yumdu\\\/\"},\"author\":{\"name\":\"mahmud\",\"@id\":\"https:\\\/\\\/www.meydan.tv\\\/az\\\/#\\\/schema\\\/person\\\/09863e516102a829e72bedcf3f84c6b0\"},\"headline\":\"\u201cM\u0259hk\u0259m\u0259 f\u0131r\u0131ldaqla evimin \u0259limd\u0259n al\u0131nmas\u0131na, ail\u0259min \u00e7\u00f6ll\u0259rd\u0259 qalmas\u0131na g\u00f6z yumdu\u201d\",\"datePublished\":\"2023-11-30T18:12:34+00:00\",\"dateModified\":\"2023-11-30T18:12:38+00:00\",\"mainEntityOfPage\":{\"@id\":\"https:\\\/\\\/www.meydan.tv\\\/az\\\/article\\\/mehkeme-firildaqla-evimin-elimden-alinmasina-ailemin-collerde-qalmasina-goz-yumdu\\\/\"},\"wordCount\":992,\"publisher\":{\"@id\":\"https:\\\/\\\/www.meydan.tv\\\/az\\\/#organization\"},\"image\":{\"@id\":\"https:\\\/\\\/www.meydan.tv\\\/az\\\/article\\\/mehkeme-firildaqla-evimin-elimden-alinmasina-ailemin-collerde-qalmasina-goz-yumdu\\\/#primaryimage\"},\"thumbnailUrl\":\"https:\\\/\\\/www.meydan.tv\\\/wp-content\\\/uploads\\\/photo-2023-11-30-19-05-29_720.jpg\",\"articleSection\":[\"B\u00f6lg\u0259\",\"Sosial\",\"T\u00f6vsiy\u0259\",\"X\u0259b\u0259rl\u0259r\"],\"inLanguage\":\"az\"},{\"@type\":\"WebPage\",\"@id\":\"https:\\\/\\\/www.meydan.tv\\\/az\\\/article\\\/mehkeme-firildaqla-evimin-elimden-alinmasina-ailemin-collerde-qalmasina-goz-yumdu\\\/\",\"url\":\"https:\\\/\\\/www.meydan.tv\\\/az\\\/article\\\/mehkeme-firildaqla-evimin-elimden-alinmasina-ailemin-collerde-qalmasina-goz-yumdu\\\/\",\"name\":\"\u201cM\u0259hk\u0259m\u0259 f\u0131r\u0131ldaqla evimin \u0259limd\u0259n al\u0131nmas\u0131na, ail\u0259min \u00e7\u00f6ll\u0259rd\u0259 qalmas\u0131na g\u00f6z yumdu\u201d - MEYDAN.TV\",\"isPartOf\":{\"@id\":\"https:\\\/\\\/www.meydan.tv\\\/az\\\/#website\"},\"primaryImageOfPage\":{\"@id\":\"https:\\\/\\\/www.meydan.tv\\\/az\\\/article\\\/mehkeme-firildaqla-evimin-elimden-alinmasina-ailemin-collerde-qalmasina-goz-yumdu\\\/#primaryimage\"},\"image\":{\"@id\":\"https:\\\/\\\/www.meydan.tv\\\/az\\\/article\\\/mehkeme-firildaqla-evimin-elimden-alinmasina-ailemin-collerde-qalmasina-goz-yumdu\\\/#primaryimage\"},\"thumbnailUrl\":\"https:\\\/\\\/www.meydan.tv\\\/wp-content\\\/uploads\\\/photo-2023-11-30-19-05-29_720.jpg\",\"datePublished\":\"2023-11-30T18:12:34+00:00\",\"dateModified\":\"2023-11-30T18:12:38+00:00\",\"breadcrumb\":{\"@id\":\"https:\\\/\\\/www.meydan.tv\\\/az\\\/article\\\/mehkeme-firildaqla-evimin-elimden-alinmasina-ailemin-collerde-qalmasina-goz-yumdu\\\/#breadcrumb\"},\"inLanguage\":\"az\",\"potentialAction\":[{\"@type\":\"ReadAction\",\"target\":[\"https:\\\/\\\/www.meydan.tv\\\/az\\\/article\\\/mehkeme-firildaqla-evimin-elimden-alinmasina-ailemin-collerde-qalmasina-goz-yumdu\\\/\"]}]},{\"@type\":\"ImageObject\",\"inLanguage\":\"az\",\"@id\":\"https:\\\/\\\/www.meydan.tv\\\/az\\\/article\\\/mehkeme-firildaqla-evimin-elimden-alinmasina-ailemin-collerde-qalmasina-goz-yumdu\\\/#primaryimage\",\"url\":\"https:\\\/\\\/www.meydan.tv\\\/wp-content\\\/uploads\\\/photo-2023-11-30-19-05-29_720.jpg\",\"contentUrl\":\"https:\\\/\\\/www.meydan.tv\\\/wp-content\\\/uploads\\\/photo-2023-11-30-19-05-29_720.jpg\",\"width\":720,\"height\":409,\"caption\":\"El\u015fad Abdullayev. Fotolar: Meydan TV\"},{\"@type\":\"BreadcrumbList\",\"@id\":\"https:\\\/\\\/www.meydan.tv\\\/az\\\/article\\\/mehkeme-firildaqla-evimin-elimden-alinmasina-ailemin-collerde-qalmasina-goz-yumdu\\\/#breadcrumb\",\"itemListElement\":[{\"@type\":\"ListItem\",\"position\":1,\"name\":\"Ana s\u0259hif\u0259\",\"item\":\"https:\\\/\\\/www.meydan.tv\\\/az\\\/\"},{\"@type\":\"ListItem\",\"position\":2,\"name\":\"Sosial\",\"item\":\"https:\\\/\\\/www.meydan.tv\\\/az\\\/section\\\/sosial\\\/\"},{\"@type\":\"ListItem\",\"position\":3,\"name\":\"\u201cM\u0259hk\u0259m\u0259 f\u0131r\u0131ldaqla evimin \u0259limd\u0259n al\u0131nmas\u0131na, ail\u0259min \u00e7\u00f6ll\u0259rd\u0259 qalmas\u0131na g\u00f6z yumdu\u201d\"}]},{\"@type\":\"WebSite\",\"@id\":\"https:\\\/\\\/www.meydan.tv\\\/az\\\/#website\",\"url\":\"https:\\\/\\\/www.meydan.tv\\\/az\\\/\",\"name\":\"MEYDAN.TV\",\"description\":\"Meydan TV Az\u0259rbaycan\u0131n media m\u0259kan\u0131ndak\u0131 alternativ s\u0259sidir\",\"publisher\":{\"@id\":\"https:\\\/\\\/www.meydan.tv\\\/az\\\/#organization\"},\"potentialAction\":[{\"@type\":\"SearchAction\",\"target\":{\"@type\":\"EntryPoint\",\"urlTemplate\":\"https:\\\/\\\/www.meydan.tv\\\/az\\\/?s={search_term_string}\"},\"query-input\":{\"@type\":\"PropertyValueSpecification\",\"valueRequired\":true,\"valueName\":\"search_term_string\"}}],\"inLanguage\":\"az\"},{\"@type\":\"Organization\",\"@id\":\"https:\\\/\\\/www.meydan.tv\\\/az\\\/#organization\",\"name\":\"Meydan TV\",\"url\":\"https:\\\/\\\/www.meydan.tv\\\/az\\\/\",\"logo\":{\"@type\":\"ImageObject\",\"inLanguage\":\"az\",\"@id\":\"https:\\\/\\\/www.meydan.tv\\\/az\\\/#\\\/schema\\\/logo\\\/image\\\/\",\"url\":\"https:\\\/\\\/www.meydan.tv\\\/wp-content\\\/uploads\\\/2021\\\/07\\\/meydan-logo.svg\",\"contentUrl\":\"https:\\\/\\\/www.meydan.tv\\\/wp-content\\\/uploads\\\/2021\\\/07\\\/meydan-logo.svg\",\"width\":195,\"height\":46,\"caption\":\"Meydan TV\"},\"image\":{\"@id\":\"https:\\\/\\\/www.meydan.tv\\\/az\\\/#\\\/schema\\\/logo\\\/image\\\/\"}},{\"@type\":\"Person\",\"@id\":\"https:\\\/\\\/www.meydan.tv\\\/az\\\/#\\\/schema\\\/person\\\/09863e516102a829e72bedcf3f84c6b0\",\"name\":\"mahmud\"}]}<\/script>\n<!-- \/ Yoast SEO plugin. -->","yoast_head_json":{"title":"\u201cM\u0259hk\u0259m\u0259 f\u0131r\u0131ldaqla evimin \u0259limd\u0259n al\u0131nmas\u0131na, ail\u0259min \u00e7\u00f6ll\u0259rd\u0259 qalmas\u0131na g\u00f6z yumdu\u201d - MEYDAN.TV","robots":{"index":"index","follow":"follow","max-snippet":"max-snippet:-1","max-image-preview":"max-image-preview:large","max-video-preview":"max-video-preview:-1"},"canonical":"https:\/\/www.meydan.tv\/az\/article\/mehkeme-firildaqla-evimin-elimden-alinmasina-ailemin-collerde-qalmasina-goz-yumdu\/","og_locale":"az_AZ","og_type":"article","og_title":"\u201cM\u0259hk\u0259m\u0259 f\u0131r\u0131ldaqla evimin \u0259limd\u0259n al\u0131nmas\u0131na, ail\u0259min \u00e7\u00f6ll\u0259rd\u0259 qalmas\u0131na g\u00f6z yumdu\u201d - MEYDAN.TV","og_description":"G\u00f6y\u00e7ay sakini: \u201cH\u00fcquq-m\u00fchafiz\u0259 orqanlar\u0131 t\u0259dbir g\u00f6rm\u0259lidir ki, ba\u015fqa ail\u0259l\u0259rin ba\u015f\u0131na ... Davam\u0131","og_url":"https:\/\/www.meydan.tv\/az\/article\/mehkeme-firildaqla-evimin-elimden-alinmasina-ailemin-collerde-qalmasina-goz-yumdu\/","og_site_name":"MEYDAN.TV","article_published_time":"2023-11-30T18:12:34+00:00","article_modified_time":"2023-11-30T18:12:38+00:00","og_image":[{"width":720,"height":409,"url":"https:\/\/www.meydan.tv\/wp-content\/uploads\/photo-2023-11-30-19-05-29_720.jpg","type":"image\/jpeg"}],"author":"mahmud","twitter_card":"summary_large_image","schema":{"@context":"https:\/\/schema.org","@graph":[{"@type":"Article","@id":"https:\/\/www.meydan.tv\/az\/article\/mehkeme-firildaqla-evimin-elimden-alinmasina-ailemin-collerde-qalmasina-goz-yumdu\/#article","isPartOf":{"@id":"https:\/\/www.meydan.tv\/az\/article\/mehkeme-firildaqla-evimin-elimden-alinmasina-ailemin-collerde-qalmasina-goz-yumdu\/"},"author":{"name":"mahmud","@id":"https:\/\/www.meydan.tv\/az\/#\/schema\/person\/09863e516102a829e72bedcf3f84c6b0"},"headline":"\u201cM\u0259hk\u0259m\u0259 f\u0131r\u0131ldaqla evimin \u0259limd\u0259n al\u0131nmas\u0131na, ail\u0259min \u00e7\u00f6ll\u0259rd\u0259 qalmas\u0131na g\u00f6z yumdu\u201d","datePublished":"2023-11-30T18:12:34+00:00","dateModified":"2023-11-30T18:12:38+00:00","mainEntityOfPage":{"@id":"https:\/\/www.meydan.tv\/az\/article\/mehkeme-firildaqla-evimin-elimden-alinmasina-ailemin-collerde-qalmasina-goz-yumdu\/"},"wordCount":992,"publisher":{"@id":"https:\/\/www.meydan.tv\/az\/#organization"},"image":{"@id":"https:\/\/www.meydan.tv\/az\/article\/mehkeme-firildaqla-evimin-elimden-alinmasina-ailemin-collerde-qalmasina-goz-yumdu\/#primaryimage"},"thumbnailUrl":"https:\/\/www.meydan.tv\/wp-content\/uploads\/photo-2023-11-30-19-05-29_720.jpg","articleSection":["B\u00f6lg\u0259","Sosial","T\u00f6vsiy\u0259","X\u0259b\u0259rl\u0259r"],"inLanguage":"az"},{"@type":"WebPage","@id":"https:\/\/www.meydan.tv\/az\/article\/mehkeme-firildaqla-evimin-elimden-alinmasina-ailemin-collerde-qalmasina-goz-yumdu\/","url":"https:\/\/www.meydan.tv\/az\/article\/mehkeme-firildaqla-evimin-elimden-alinmasina-ailemin-collerde-qalmasina-goz-yumdu\/","name":"\u201cM\u0259hk\u0259m\u0259 f\u0131r\u0131ldaqla evimin \u0259limd\u0259n al\u0131nmas\u0131na, ail\u0259min \u00e7\u00f6ll\u0259rd\u0259 qalmas\u0131na g\u00f6z yumdu\u201d - MEYDAN.TV","isPartOf":{"@id":"https:\/\/www.meydan.tv\/az\/#website"},"primaryImageOfPage":{"@id":"https:\/\/www.meydan.tv\/az\/article\/mehkeme-firildaqla-evimin-elimden-alinmasina-ailemin-collerde-qalmasina-goz-yumdu\/#primaryimage"},"image":{"@id":"https:\/\/www.meydan.tv\/az\/article\/mehkeme-firildaqla-evimin-elimden-alinmasina-ailemin-collerde-qalmasina-goz-yumdu\/#primaryimage"},"thumbnailUrl":"https:\/\/www.meydan.tv\/wp-content\/uploads\/photo-2023-11-30-19-05-29_720.jpg","datePublished":"2023-11-30T18:12:34+00:00","dateModified":"2023-11-30T18:12:38+00:00","breadcrumb":{"@id":"https:\/\/www.meydan.tv\/az\/article\/mehkeme-firildaqla-evimin-elimden-alinmasina-ailemin-collerde-qalmasina-goz-yumdu\/#breadcrumb"},"inLanguage":"az","potentialAction":[{"@type":"ReadAction","target":["https:\/\/www.meydan.tv\/az\/article\/mehkeme-firildaqla-evimin-elimden-alinmasina-ailemin-collerde-qalmasina-goz-yumdu\/"]}]},{"@type":"ImageObject","inLanguage":"az","@id":"https:\/\/www.meydan.tv\/az\/article\/mehkeme-firildaqla-evimin-elimden-alinmasina-ailemin-collerde-qalmasina-goz-yumdu\/#primaryimage","url":"https:\/\/www.meydan.tv\/wp-content\/uploads\/photo-2023-11-30-19-05-29_720.jpg","contentUrl":"https:\/\/www.meydan.tv\/wp-content\/uploads\/photo-2023-11-30-19-05-29_720.jpg","width":720,"height":409,"caption":"El\u015fad Abdullayev. Fotolar: Meydan TV"},{"@type":"BreadcrumbList","@id":"https:\/\/www.meydan.tv\/az\/article\/mehkeme-firildaqla-evimin-elimden-alinmasina-ailemin-collerde-qalmasina-goz-yumdu\/#breadcrumb","itemListElement":[{"@type":"ListItem","position":1,"name":"Ana s\u0259hif\u0259","item":"https:\/\/www.meydan.tv\/az\/"},{"@type":"ListItem","position":2,"name":"Sosial","item":"https:\/\/www.meydan.tv\/az\/section\/sosial\/"},{"@type":"ListItem","position":3,"name":"\u201cM\u0259hk\u0259m\u0259 f\u0131r\u0131ldaqla evimin \u0259limd\u0259n al\u0131nmas\u0131na, ail\u0259min \u00e7\u00f6ll\u0259rd\u0259 qalmas\u0131na g\u00f6z yumdu\u201d"}]},{"@type":"WebSite","@id":"https:\/\/www.meydan.tv\/az\/#website","url":"https:\/\/www.meydan.tv\/az\/","name":"MEYDAN.TV","description":"Meydan TV Az\u0259rbaycan\u0131n media m\u0259kan\u0131ndak\u0131 alternativ s\u0259sidir","publisher":{"@id":"https:\/\/www.meydan.tv\/az\/#organization"},"potentialAction":[{"@type":"SearchAction","target":{"@type":"EntryPoint","urlTemplate":"https:\/\/www.meydan.tv\/az\/?s={search_term_string}"},"query-input":{"@type":"PropertyValueSpecification","valueRequired":true,"valueName":"search_term_string"}}],"inLanguage":"az"},{"@type":"Organization","@id":"https:\/\/www.meydan.tv\/az\/#organization","name":"Meydan TV","url":"https:\/\/www.meydan.tv\/az\/","logo":{"@type":"ImageObject","inLanguage":"az","@id":"https:\/\/www.meydan.tv\/az\/#\/schema\/logo\/image\/","url":"https:\/\/www.meydan.tv\/wp-content\/uploads\/2021\/07\/meydan-logo.svg","contentUrl":"https:\/\/www.meydan.tv\/wp-content\/uploads\/2021\/07\/meydan-logo.svg","width":195,"height":46,"caption":"Meydan TV"},"image":{"@id":"https:\/\/www.meydan.tv\/az\/#\/schema\/logo\/image\/"}},{"@type":"Person","@id":"https:\/\/www.meydan.tv\/az\/#\/schema\/person\/09863e516102a829e72bedcf3f84c6b0","name":"mahmud"}]}},"_links":{"self":[{"href":"https:\/\/www.meydan.tv\/az\/wp-json\/wp\/v2\/posts\/291861","targetHints":{"allow":["GET"]}}],"collection":[{"href":"https:\/\/www.meydan.tv\/az\/wp-json\/wp\/v2\/posts"}],"about":[{"href":"https:\/\/www.meydan.tv\/az\/wp-json\/wp\/v2\/types\/post"}],"author":[{"embeddable":true,"href":"https:\/\/www.meydan.tv\/az\/wp-json\/wp\/v2\/users\/21"}],"replies":[{"embeddable":true,"href":"https:\/\/www.meydan.tv\/az\/wp-json\/wp\/v2\/comments?post=291861"}],"version-history":[{"count":2,"href":"https:\/\/www.meydan.tv\/az\/wp-json\/wp\/v2\/posts\/291861\/revisions"}],"predecessor-version":[{"id":291878,"href":"https:\/\/www.meydan.tv\/az\/wp-json\/wp\/v2\/posts\/291861\/revisions\/291878"}],"wp:featuredmedia":[{"embeddable":true,"href":"https:\/\/www.meydan.tv\/az\/wp-json\/wp\/v2\/media\/291865"}],"wp:attachment":[{"href":"https:\/\/www.meydan.tv\/az\/wp-json\/wp\/v2\/media?parent=291861"}],"wp:term":[{"taxonomy":"category","embeddable":true,"href":"https:\/\/www.meydan.tv\/az\/wp-json\/wp\/v2\/categories?post=291861"},{"taxonomy":"post_tag","embeddable":true,"href":"https:\/\/www.meydan.tv\/az\/wp-json\/wp\/v2\/tags?post=291861"}],"curies":[{"name":"wp","href":"https:\/\/api.w.org\/{rel}","templated":true}]}}