{"id":291819,"date":"2023-11-30T14:47:23","date_gmt":"2023-11-30T10:47:23","guid":{"rendered":"https:\/\/www.meydan.tv\/?p=291819"},"modified":"2023-11-30T15:28:22","modified_gmt":"2023-11-30T11:28:22","slug":"8-usaqli-ailenin-unvanli-sosial-yardim-muracietine-redd-cavabi-gelib","status":"publish","type":"post","link":"https:\/\/www.meydan.tv\/az\/article\/8-usaqli-ailenin-unvanli-sosial-yardim-muracietine-redd-cavabi-gelib\/","title":{"rendered":"8 u\u015faql\u0131 ail\u0259nin \u00fcnvanl\u0131 sosial yard\u0131m m\u00fcraci\u0259tin\u0259 r\u0259dd cavab\u0131 g\u0259lib"},"content":{"rendered":"\n<p><\/p>\n\n\n\n<p><em><strong>\u201cBu b\u0259han\u0259 il\u0259 k\u00f6rp\u0259l\u0259rin pulunu k\u0259sm\u0259k hara s\u0131\u011far?! \u0130nan\u0131n ki, z\u00fclm \u00e7\u0259kir\u0259m, bezmi\u015f\u0259m&#8230;\u201d<\/strong><\/em><\/p>\n\n\n\n<p>\u015eirvanda 8 u\u015faq atas\u0131 Vitali Bati\u015fev \u00fcnvanl\u0131 sosial yard\u0131mla ba\u011fl\u0131 m\u00fcraci\u0259tin\u0259 r\u0259dd cavab\u0131 al\u0131b. D\u00f6vl\u0259t Sosial M\u00fcdafi\u0259 Fondundan noyabr\u0131n 21-d\u0259 g\u0259l\u0259n cavabdan bel\u0259 ayd\u0131n olub ki, ail\u0259 g\u0259lirl\u0259ril\u0259 ba\u011fl\u0131 d\u0259qiq m\u0259lumat verm\u0259diyin\u0259 g\u00f6r\u0259 onlara sosial yard\u0131m d\u00fc\u015fm\u00fcr.<\/p>\n\n\n\n<p><strong>\u201cO\u011flum 5 ayd\u0131r \u0259sg\u0259rlikd\u0259dir, deyirl\u0259r ki&#8230;\u201d<\/strong><\/p>\n\n\n\n<p>Vitali Bati\u015fev Meydan TV-y\u0259 dan\u0131\u015f\u0131r ki, u\u015faqlar\u0131n\u0131n \u0259n ki\u00e7iyi 2 ayl\u0131qd\u0131r, \u0259n b\u00f6y\u00fcy\u00fc is\u0259 h\u0259rbi xidm\u0259td\u0259dir.<\/p>\n\n\n\n<p><em>\u201cH\u0259rbi xidm\u0259td\u0259 olan o\u011flum ali m\u0259kt\u0259bi bitir\u0259nd\u0259n sonra \u0259sg\u0259r gedib. Be\u015f ayd\u0131r h\u0259rbi xidm\u0259td\u0259dir. \u0130mtinaya s\u0259b\u0259b onu g\u00f6st\u0259ribl\u0259r ki, guya m\u0259n o\u011flumun t\u0259l\u0259b\u0259 t\u0259qa\u00fcd\u00fc ald\u0131\u011f\u0131n\u0131 s\u0259n\u0259dl\u0259rd\u0259 g\u00f6st\u0259rm\u0259mi\u015f\u0259m. \u201cSosial\u201ddan komissiya ev \u015f\u0259raitimizi yoxlama\u011fa g\u0259lmi\u015fdi, \u00e7\u0259kili\u015f apard\u0131lar. Orada m\u0259n ham\u0131s\u0131n\u0131, t\u0259l\u0259b\u0259 t\u0259qa\u00fcd\u00fc ald\u0131\u011f\u0131n\u0131 da demi\u015f\u0259m. \u0130ndi yalan b\u0259han\u0259 g\u0259tirirl\u0259r. O\u011flum 5 ayd\u0131r \u0259sg\u0259rlikd\u0259dir. Ax\u0131r\u0131nc\u0131 d\u0259f\u0259 s\u0259hv el\u0259mir\u0259ms\u0259, mayda \u2013 imtahanlar vaxt\u0131 verilib. Bu b\u0259han\u0259 il\u0259 k\u00f6rp\u0259 u\u015faqlar\u0131n pulunu k\u0259sm\u0259k hara s\u0131\u011far?\u201d<\/em>, &#8211; \u015eirvan sakini bildirib.<\/p>\n\n\n<div class=\"wp-block-image\">\n<figure class=\"alignleft size-large is-resized\"><img decoding=\"async\" width=\"616\" height=\"821\" data-src=\"https:\/\/www.meydan.tv\/wp-content\/uploads\/photo-2023-11-30-13-58-30-1-616x821.jpg\" alt=\"\" class=\"wp-image-291824 lazyload\" style=\"--smush-placeholder-width: 616px; --smush-placeholder-aspect-ratio: 616\/821;width:420px;height:auto\" src=\"data:image\/svg+xml;base64,PHN2ZyB3aWR0aD0iMSIgaGVpZ2h0PSIxIiB4bWxucz0iaHR0cDovL3d3dy53My5vcmcvMjAwMC9zdmciPjwvc3ZnPg==\" \/><figcaption class=\"wp-element-caption\">Vitali Bati\u015fevin \u015f\u0259xsi arxivind\u0259n<\/figcaption><\/figure>\n<\/div>\n\n\n<p>\u00dcnvanl\u0131 sosial yard\u0131mla ba\u011fl\u0131 m\u00fcraci\u0259t\u0259 m\u00fcsb\u0259t cavab g\u0259ls\u0259 bel\u0259, m\u00fcdd\u0259t 1 illik olur. N\u00f6vb\u0259ti d\u00f6vr \u00fc\u00e7\u00fcn yenid\u0259n s\u0259n\u0259dl\u0259r toplanmal\u0131 v\u0259 m\u00fcraci\u0259t olunmal\u0131d\u0131r. Vitali Bati\u015fev deyir ki, h\u0259r d\u0259f\u0259 buna b\u0259nz\u0259r probleml\u0259rl\u0259 \u00fczl\u0259\u015firl\u0259r:<\/p>\n\n\n\n<p><em>\u201cBir d\u0259f\u0259 ail\u0259mi \u201c\u00f6ld\u00fcrm\u00fc\u015fd\u00fcl\u0259r\u201d. Cavab g\u0259lmi\u015fdi ki, guya m\u0259nim ail\u0259 \u00fczvl\u0259rim v\u0259fat edib. M\u0259s\u0259l\u0259y\u0259 prokurorluq qar\u0131\u015fd\u0131. Ondan sonra problemi h\u0259ll el\u0259dil\u0259r. Adamlar\u0131 s\u00fcr\u00fcnd\u00fcr\u00fcrl\u0259r. D\u00fcn\u0259n icra ba\u015f\u00e7\u0131s\u0131n\u0131n q\u0259bulunda oldum. Dedi ki, sosial yard\u0131m m\u0259s\u0259l\u0259si bizlik deyil. Sonra \u201csobez\u201d\u0259 getdim. Orada da dedil\u0259r ki, ara\u015fd\u0131r\u0131lacaq m\u0259s\u0259l\u0259..<\/em>.\u201d.<\/p>\n\n\n\n<p><strong>\u201c\u018frza\u011fa g\u00f6r\u0259 n\u0259 q\u0259d\u0259r borcum var\u201d<\/strong><\/p>\n\n\n\n<p>Vitali Bati\u015fev \u015eirvanda M\u0259nzil T\u0259s\u0259rr\u00fcfat\u0131 \u0130dar\u0259sind\u0259 i\u015fl\u0259yir. Deyir ki, maa\u015f\u0131 c\u0259mi 340 manatd\u0131r v\u0259 bu pulla 8 u\u015fa\u011f\u0131 doland\u0131rmaq m\u00fcmk\u00fcn deyil. Onun s\u00f6zl\u0259rin\u0259 g\u00f6r\u0259, \u0259rzaq ma\u011fazalar\u0131na, banka xeyli borcu var:<\/p>\n\n\n\n<p><em>\u201c\u0130nan\u0131n ki, z\u00fclm \u00e7\u0259kir\u0259m, bezmi\u015f\u0259m, bel\u0259 ya\u015fay\u0131\u015f olar?! U\u015faqlar m\u0259kt\u0259b\u0259 ancaq k\u00f6hn\u0259 pal-paltarla gedir. U\u015faq anadan olanda s\u00fcdpulu verilir. \u018fn ki\u00e7ik u\u015fa\u011fa g\u00f6r\u0259 s\u00fcdpulunu da verm\u0259yibl\u0259r. U\u015faqlardan \u00fc\u00e7\u00fc x\u0259st\u0259dir, iyn\u0259-d\u0259rmana pul tapa bilmir\u0259m. Bu u\u015faqlar\u0131n bo\u011faz\u0131ndan niy\u0259 k\u0259sirl\u0259r? \u018frza\u011fa n\u0259 q\u0259d\u0259r borcum var&#8230;\u201d<\/em>.<\/p>\n\n\n\n<p>\u015eirvan sakini hesab edir ki, s\u00fcr\u00fcnd\u00fcrm\u0259\u00e7iliyin m\u0259qs\u0259di \u00fcnvanl\u0131 sosial yard\u0131m\u0131 verm\u0259m\u0259kdir. Ona g\u00f6r\u0259 d\u0259 minl\u0259rl\u0259 ehtiyacl\u0131 ail\u0259l\u0259r\u0259 m\u00fcxt\u0259lif b\u0259han\u0259l\u0259rl\u0259 imtina cavab\u0131 verilir.<\/p>\n\n\n\n<p><em>\u201cU\u015faqpulu versinl\u0259r, bunlar\u0131n da b\u0259han\u0259si qalmas\u0131n\u201d<\/em><\/p>\n\n\n\n<p><em>\u201cC\u0259nab prezident\u0259, Mehriban xan\u0131ma da bir ne\u00e7\u0259 d\u0259f\u0259 m\u00fcraci\u0259t el\u0259mi\u015f\u0259m. \u00c7atd\u0131rmaq ist\u0259mi\u015f\u0259m ki, bizi s\u00fcr\u00fcnd\u00fcr\u00fcr bu m\u0259murlar, \u015fikay\u0259timiz\u0259 baxm\u0131rlar. \u018fg\u0259r u\u015faqlar\u0131n qay\u011f\u0131s\u0131na qal\u0131rlarsa, onda el\u0259 u\u015faqpulu versinl\u0259r, bunlar\u0131n da \u0259ll\u0259rind\u0259 pulu k\u0259sm\u0259k \u00fc\u00e7\u00fcn b\u0259han\u0259l\u0259r qalmas\u0131n&#8230;\u201d.<\/em><\/p>\n\n\n\n<p>D\u00f6vl\u0259t Sosial M\u00fcdafi\u0259 Fondundan is\u0259 bildirilib ki, azt\u0259minatl\u0131 ail\u0259l\u0259r\u0259 yard\u0131mlar\u0131n verilm\u0259si \u00fc\u00e7\u00fcn qanunvericilikl\u0259 m\u00fc\u0259yy\u0259nl\u0259\u015fdirilmi\u015f meyarlar var. H\u0259min meyarlara uy\u011fun olan b\u00fct\u00fcn ail\u0259l\u0259r\u0259 \u00fcnvanl\u0131 sosial yard\u0131m verilir.<\/p>\n\n\n\n<p>Vitali Bati\u015fev\u0259 g\u0259linc\u0259, onun \u015fikay\u0259tinin ara\u015fd\u0131r\u0131ld\u0131\u011f\u0131, problemin h\u0259lli istiqam\u0259tind\u0259 i\u015fl\u0259r g\u00f6r\u00fcld\u00fcy\u00fc vur\u011fulan\u0131b.<\/p>\n","protected":false},"excerpt":{"rendered":"<p>\u201cBu b\u0259han\u0259 il\u0259 k\u00f6rp\u0259l\u0259rin pulunu k\u0259sm\u0259k hara s\u0131\u011far?! \u0130nan\u0131n ki, &#8230; <\/p>\n<p class=\"read-more-container\"><a title=\"8 u\u015faql\u0131 ail\u0259nin \u00fcnvanl\u0131 sosial yard\u0131m m\u00fcraci\u0259tin\u0259 r\u0259dd cavab\u0131 g\u0259lib\" class=\"read-more button\" href=\"https:\/\/www.meydan.tv\/az\/article\/8-usaqli-ailenin-unvanli-sosial-yardim-muracietine-redd-cavabi-gelib\/#more-291819\" aria-label=\"Read more about 8 u\u015faql\u0131 ail\u0259nin \u00fcnvanl\u0131 sosial yard\u0131m m\u00fcraci\u0259tin\u0259 r\u0259dd cavab\u0131 g\u0259lib\">Davam\u0131<\/a><\/p>\n","protected":false},"author":21,"featured_media":142562,"comment_status":"closed","ping_status":"closed","sticky":false,"template":"","format":"standard","meta":{"_acf_changed":false,"_sitemap_exclude":false,"_sitemap_priority":"","_sitemap_frequency":"","footnotes":""},"categories":[60,62,79,56],"tags":[],"class_list":["post-291819","post","type-post","status-publish","format-standard","has-post-thumbnail","hentry","category-bolge","category-sosial","category-featured","category-xeberler","infinite-scroll-item","generate-columns","tablet-grid-50","mobile-grid-100","grid-parent","grid-33","no-featured-image-padding"],"acf":[],"yoast_head":"<!-- This site is optimized with the Yoast SEO plugin v27.5 - https:\/\/yoast.com\/product\/yoast-seo-wordpress\/ -->\n<title>8 u\u015faql\u0131 ail\u0259nin \u00fcnvanl\u0131 sosial yard\u0131m m\u00fcraci\u0259tin\u0259 r\u0259dd cavab\u0131 g\u0259lib - MEYDAN.TV<\/title>\n<meta name=\"robots\" content=\"index, follow, max-snippet:-1, max-image-preview:large, max-video-preview:-1\" \/>\n<link rel=\"canonical\" href=\"https:\/\/www.meydan.tv\/az\/article\/8-usaqli-ailenin-unvanli-sosial-yardim-muracietine-redd-cavabi-gelib\/\" \/>\n<meta property=\"og:locale\" content=\"az_AZ\" \/>\n<meta property=\"og:type\" content=\"article\" \/>\n<meta property=\"og:title\" content=\"8 u\u015faql\u0131 ail\u0259nin \u00fcnvanl\u0131 sosial yard\u0131m m\u00fcraci\u0259tin\u0259 r\u0259dd cavab\u0131 g\u0259lib - MEYDAN.TV\" \/>\n<meta property=\"og:description\" content=\"\u201cBu b\u0259han\u0259 il\u0259 k\u00f6rp\u0259l\u0259rin pulunu k\u0259sm\u0259k hara s\u0131\u011far?! \u0130nan\u0131n ki, ... Davam\u0131\" \/>\n<meta property=\"og:url\" content=\"https:\/\/www.meydan.tv\/az\/article\/8-usaqli-ailenin-unvanli-sosial-yardim-muracietine-redd-cavabi-gelib\/\" \/>\n<meta property=\"og:site_name\" content=\"MEYDAN.TV\" \/>\n<meta property=\"article:published_time\" content=\"2023-11-30T10:47:23+00:00\" \/>\n<meta property=\"article:modified_time\" content=\"2023-11-30T11:28:22+00:00\" \/>\n<meta property=\"og:image\" content=\"https:\/\/www.meydan.tv\/wp-content\/uploads\/410115989_e0gznul.jpg\" \/>\n\t<meta property=\"og:image:width\" content=\"1000\" \/>\n\t<meta property=\"og:image:height\" content=\"541\" \/>\n\t<meta property=\"og:image:type\" content=\"image\/jpeg\" \/>\n<meta name=\"author\" content=\"mahmud\" \/>\n<meta name=\"twitter:card\" content=\"summary_large_image\" \/>\n<script type=\"application\/ld+json\" class=\"yoast-schema-graph\">{\"@context\":\"https:\\\/\\\/schema.org\",\"@graph\":[{\"@type\":\"Article\",\"@id\":\"https:\\\/\\\/www.meydan.tv\\\/az\\\/article\\\/8-usaqli-ailenin-unvanli-sosial-yardim-muracietine-redd-cavabi-gelib\\\/#article\",\"isPartOf\":{\"@id\":\"https:\\\/\\\/www.meydan.tv\\\/az\\\/article\\\/8-usaqli-ailenin-unvanli-sosial-yardim-muracietine-redd-cavabi-gelib\\\/\"},\"author\":{\"name\":\"mahmud\",\"@id\":\"https:\\\/\\\/www.meydan.tv\\\/az\\\/#\\\/schema\\\/person\\\/09863e516102a829e72bedcf3f84c6b0\"},\"headline\":\"8 u\u015faql\u0131 ail\u0259nin \u00fcnvanl\u0131 sosial yard\u0131m m\u00fcraci\u0259tin\u0259 r\u0259dd cavab\u0131 g\u0259lib\",\"datePublished\":\"2023-11-30T10:47:23+00:00\",\"dateModified\":\"2023-11-30T11:28:22+00:00\",\"mainEntityOfPage\":{\"@id\":\"https:\\\/\\\/www.meydan.tv\\\/az\\\/article\\\/8-usaqli-ailenin-unvanli-sosial-yardim-muracietine-redd-cavabi-gelib\\\/\"},\"wordCount\":747,\"publisher\":{\"@id\":\"https:\\\/\\\/www.meydan.tv\\\/az\\\/#organization\"},\"image\":{\"@id\":\"https:\\\/\\\/www.meydan.tv\\\/az\\\/article\\\/8-usaqli-ailenin-unvanli-sosial-yardim-muracietine-redd-cavabi-gelib\\\/#primaryimage\"},\"thumbnailUrl\":\"https:\\\/\\\/www.meydan.tv\\\/wp-content\\\/uploads\\\/410115989_e0gznul.jpg\",\"articleSection\":[\"B\u00f6lg\u0259\",\"Sosial\",\"T\u00f6vsiy\u0259\",\"X\u0259b\u0259rl\u0259r\"],\"inLanguage\":\"az\"},{\"@type\":\"WebPage\",\"@id\":\"https:\\\/\\\/www.meydan.tv\\\/az\\\/article\\\/8-usaqli-ailenin-unvanli-sosial-yardim-muracietine-redd-cavabi-gelib\\\/\",\"url\":\"https:\\\/\\\/www.meydan.tv\\\/az\\\/article\\\/8-usaqli-ailenin-unvanli-sosial-yardim-muracietine-redd-cavabi-gelib\\\/\",\"name\":\"8 u\u015faql\u0131 ail\u0259nin \u00fcnvanl\u0131 sosial yard\u0131m m\u00fcraci\u0259tin\u0259 r\u0259dd cavab\u0131 g\u0259lib - MEYDAN.TV\",\"isPartOf\":{\"@id\":\"https:\\\/\\\/www.meydan.tv\\\/az\\\/#website\"},\"primaryImageOfPage\":{\"@id\":\"https:\\\/\\\/www.meydan.tv\\\/az\\\/article\\\/8-usaqli-ailenin-unvanli-sosial-yardim-muracietine-redd-cavabi-gelib\\\/#primaryimage\"},\"image\":{\"@id\":\"https:\\\/\\\/www.meydan.tv\\\/az\\\/article\\\/8-usaqli-ailenin-unvanli-sosial-yardim-muracietine-redd-cavabi-gelib\\\/#primaryimage\"},\"thumbnailUrl\":\"https:\\\/\\\/www.meydan.tv\\\/wp-content\\\/uploads\\\/410115989_e0gznul.jpg\",\"datePublished\":\"2023-11-30T10:47:23+00:00\",\"dateModified\":\"2023-11-30T11:28:22+00:00\",\"breadcrumb\":{\"@id\":\"https:\\\/\\\/www.meydan.tv\\\/az\\\/article\\\/8-usaqli-ailenin-unvanli-sosial-yardim-muracietine-redd-cavabi-gelib\\\/#breadcrumb\"},\"inLanguage\":\"az\",\"potentialAction\":[{\"@type\":\"ReadAction\",\"target\":[\"https:\\\/\\\/www.meydan.tv\\\/az\\\/article\\\/8-usaqli-ailenin-unvanli-sosial-yardim-muracietine-redd-cavabi-gelib\\\/\"]}]},{\"@type\":\"ImageObject\",\"inLanguage\":\"az\",\"@id\":\"https:\\\/\\\/www.meydan.tv\\\/az\\\/article\\\/8-usaqli-ailenin-unvanli-sosial-yardim-muracietine-redd-cavabi-gelib\\\/#primaryimage\",\"url\":\"https:\\\/\\\/www.meydan.tv\\\/wp-content\\\/uploads\\\/410115989_e0gznul.jpg\",\"contentUrl\":\"https:\\\/\\\/www.meydan.tv\\\/wp-content\\\/uploads\\\/410115989_e0gznul.jpg\",\"width\":1000,\"height\":541,\"caption\":\"Source: Foto: arxiv\"},{\"@type\":\"BreadcrumbList\",\"@id\":\"https:\\\/\\\/www.meydan.tv\\\/az\\\/article\\\/8-usaqli-ailenin-unvanli-sosial-yardim-muracietine-redd-cavabi-gelib\\\/#breadcrumb\",\"itemListElement\":[{\"@type\":\"ListItem\",\"position\":1,\"name\":\"Ana s\u0259hif\u0259\",\"item\":\"https:\\\/\\\/www.meydan.tv\\\/az\\\/\"},{\"@type\":\"ListItem\",\"position\":2,\"name\":\"B\u00f6lg\u0259\",\"item\":\"https:\\\/\\\/www.meydan.tv\\\/az\\\/section\\\/bolge\\\/\"},{\"@type\":\"ListItem\",\"position\":3,\"name\":\"8 u\u015faql\u0131 ail\u0259nin \u00fcnvanl\u0131 sosial yard\u0131m m\u00fcraci\u0259tin\u0259 r\u0259dd cavab\u0131 g\u0259lib\"}]},{\"@type\":\"WebSite\",\"@id\":\"https:\\\/\\\/www.meydan.tv\\\/az\\\/#website\",\"url\":\"https:\\\/\\\/www.meydan.tv\\\/az\\\/\",\"name\":\"MEYDAN.TV\",\"description\":\"Meydan TV Az\u0259rbaycan\u0131n media m\u0259kan\u0131ndak\u0131 alternativ s\u0259sidir\",\"publisher\":{\"@id\":\"https:\\\/\\\/www.meydan.tv\\\/az\\\/#organization\"},\"potentialAction\":[{\"@type\":\"SearchAction\",\"target\":{\"@type\":\"EntryPoint\",\"urlTemplate\":\"https:\\\/\\\/www.meydan.tv\\\/az\\\/?s={search_term_string}\"},\"query-input\":{\"@type\":\"PropertyValueSpecification\",\"valueRequired\":true,\"valueName\":\"search_term_string\"}}],\"inLanguage\":\"az\"},{\"@type\":\"Organization\",\"@id\":\"https:\\\/\\\/www.meydan.tv\\\/az\\\/#organization\",\"name\":\"Meydan TV\",\"url\":\"https:\\\/\\\/www.meydan.tv\\\/az\\\/\",\"logo\":{\"@type\":\"ImageObject\",\"inLanguage\":\"az\",\"@id\":\"https:\\\/\\\/www.meydan.tv\\\/az\\\/#\\\/schema\\\/logo\\\/image\\\/\",\"url\":\"https:\\\/\\\/www.meydan.tv\\\/wp-content\\\/uploads\\\/2021\\\/07\\\/meydan-logo.svg\",\"contentUrl\":\"https:\\\/\\\/www.meydan.tv\\\/wp-content\\\/uploads\\\/2021\\\/07\\\/meydan-logo.svg\",\"width\":195,\"height\":46,\"caption\":\"Meydan TV\"},\"image\":{\"@id\":\"https:\\\/\\\/www.meydan.tv\\\/az\\\/#\\\/schema\\\/logo\\\/image\\\/\"}},{\"@type\":\"Person\",\"@id\":\"https:\\\/\\\/www.meydan.tv\\\/az\\\/#\\\/schema\\\/person\\\/09863e516102a829e72bedcf3f84c6b0\",\"name\":\"mahmud\"}]}<\/script>\n<!-- \/ Yoast SEO plugin. -->","yoast_head_json":{"title":"8 u\u015faql\u0131 ail\u0259nin \u00fcnvanl\u0131 sosial yard\u0131m m\u00fcraci\u0259tin\u0259 r\u0259dd cavab\u0131 g\u0259lib - MEYDAN.TV","robots":{"index":"index","follow":"follow","max-snippet":"max-snippet:-1","max-image-preview":"max-image-preview:large","max-video-preview":"max-video-preview:-1"},"canonical":"https:\/\/www.meydan.tv\/az\/article\/8-usaqli-ailenin-unvanli-sosial-yardim-muracietine-redd-cavabi-gelib\/","og_locale":"az_AZ","og_type":"article","og_title":"8 u\u015faql\u0131 ail\u0259nin \u00fcnvanl\u0131 sosial yard\u0131m m\u00fcraci\u0259tin\u0259 r\u0259dd cavab\u0131 g\u0259lib - MEYDAN.TV","og_description":"\u201cBu b\u0259han\u0259 il\u0259 k\u00f6rp\u0259l\u0259rin pulunu k\u0259sm\u0259k hara s\u0131\u011far?! \u0130nan\u0131n ki, ... Davam\u0131","og_url":"https:\/\/www.meydan.tv\/az\/article\/8-usaqli-ailenin-unvanli-sosial-yardim-muracietine-redd-cavabi-gelib\/","og_site_name":"MEYDAN.TV","article_published_time":"2023-11-30T10:47:23+00:00","article_modified_time":"2023-11-30T11:28:22+00:00","og_image":[{"width":1000,"height":541,"url":"https:\/\/www.meydan.tv\/wp-content\/uploads\/410115989_e0gznul.jpg","type":"image\/jpeg"}],"author":"mahmud","twitter_card":"summary_large_image","schema":{"@context":"https:\/\/schema.org","@graph":[{"@type":"Article","@id":"https:\/\/www.meydan.tv\/az\/article\/8-usaqli-ailenin-unvanli-sosial-yardim-muracietine-redd-cavabi-gelib\/#article","isPartOf":{"@id":"https:\/\/www.meydan.tv\/az\/article\/8-usaqli-ailenin-unvanli-sosial-yardim-muracietine-redd-cavabi-gelib\/"},"author":{"name":"mahmud","@id":"https:\/\/www.meydan.tv\/az\/#\/schema\/person\/09863e516102a829e72bedcf3f84c6b0"},"headline":"8 u\u015faql\u0131 ail\u0259nin \u00fcnvanl\u0131 sosial yard\u0131m m\u00fcraci\u0259tin\u0259 r\u0259dd cavab\u0131 g\u0259lib","datePublished":"2023-11-30T10:47:23+00:00","dateModified":"2023-11-30T11:28:22+00:00","mainEntityOfPage":{"@id":"https:\/\/www.meydan.tv\/az\/article\/8-usaqli-ailenin-unvanli-sosial-yardim-muracietine-redd-cavabi-gelib\/"},"wordCount":747,"publisher":{"@id":"https:\/\/www.meydan.tv\/az\/#organization"},"image":{"@id":"https:\/\/www.meydan.tv\/az\/article\/8-usaqli-ailenin-unvanli-sosial-yardim-muracietine-redd-cavabi-gelib\/#primaryimage"},"thumbnailUrl":"https:\/\/www.meydan.tv\/wp-content\/uploads\/410115989_e0gznul.jpg","articleSection":["B\u00f6lg\u0259","Sosial","T\u00f6vsiy\u0259","X\u0259b\u0259rl\u0259r"],"inLanguage":"az"},{"@type":"WebPage","@id":"https:\/\/www.meydan.tv\/az\/article\/8-usaqli-ailenin-unvanli-sosial-yardim-muracietine-redd-cavabi-gelib\/","url":"https:\/\/www.meydan.tv\/az\/article\/8-usaqli-ailenin-unvanli-sosial-yardim-muracietine-redd-cavabi-gelib\/","name":"8 u\u015faql\u0131 ail\u0259nin \u00fcnvanl\u0131 sosial yard\u0131m m\u00fcraci\u0259tin\u0259 r\u0259dd cavab\u0131 g\u0259lib - MEYDAN.TV","isPartOf":{"@id":"https:\/\/www.meydan.tv\/az\/#website"},"primaryImageOfPage":{"@id":"https:\/\/www.meydan.tv\/az\/article\/8-usaqli-ailenin-unvanli-sosial-yardim-muracietine-redd-cavabi-gelib\/#primaryimage"},"image":{"@id":"https:\/\/www.meydan.tv\/az\/article\/8-usaqli-ailenin-unvanli-sosial-yardim-muracietine-redd-cavabi-gelib\/#primaryimage"},"thumbnailUrl":"https:\/\/www.meydan.tv\/wp-content\/uploads\/410115989_e0gznul.jpg","datePublished":"2023-11-30T10:47:23+00:00","dateModified":"2023-11-30T11:28:22+00:00","breadcrumb":{"@id":"https:\/\/www.meydan.tv\/az\/article\/8-usaqli-ailenin-unvanli-sosial-yardim-muracietine-redd-cavabi-gelib\/#breadcrumb"},"inLanguage":"az","potentialAction":[{"@type":"ReadAction","target":["https:\/\/www.meydan.tv\/az\/article\/8-usaqli-ailenin-unvanli-sosial-yardim-muracietine-redd-cavabi-gelib\/"]}]},{"@type":"ImageObject","inLanguage":"az","@id":"https:\/\/www.meydan.tv\/az\/article\/8-usaqli-ailenin-unvanli-sosial-yardim-muracietine-redd-cavabi-gelib\/#primaryimage","url":"https:\/\/www.meydan.tv\/wp-content\/uploads\/410115989_e0gznul.jpg","contentUrl":"https:\/\/www.meydan.tv\/wp-content\/uploads\/410115989_e0gznul.jpg","width":1000,"height":541,"caption":"Source: Foto: arxiv"},{"@type":"BreadcrumbList","@id":"https:\/\/www.meydan.tv\/az\/article\/8-usaqli-ailenin-unvanli-sosial-yardim-muracietine-redd-cavabi-gelib\/#breadcrumb","itemListElement":[{"@type":"ListItem","position":1,"name":"Ana s\u0259hif\u0259","item":"https:\/\/www.meydan.tv\/az\/"},{"@type":"ListItem","position":2,"name":"B\u00f6lg\u0259","item":"https:\/\/www.meydan.tv\/az\/section\/bolge\/"},{"@type":"ListItem","position":3,"name":"8 u\u015faql\u0131 ail\u0259nin \u00fcnvanl\u0131 sosial yard\u0131m m\u00fcraci\u0259tin\u0259 r\u0259dd cavab\u0131 g\u0259lib"}]},{"@type":"WebSite","@id":"https:\/\/www.meydan.tv\/az\/#website","url":"https:\/\/www.meydan.tv\/az\/","name":"MEYDAN.TV","description":"Meydan TV Az\u0259rbaycan\u0131n media m\u0259kan\u0131ndak\u0131 alternativ s\u0259sidir","publisher":{"@id":"https:\/\/www.meydan.tv\/az\/#organization"},"potentialAction":[{"@type":"SearchAction","target":{"@type":"EntryPoint","urlTemplate":"https:\/\/www.meydan.tv\/az\/?s={search_term_string}"},"query-input":{"@type":"PropertyValueSpecification","valueRequired":true,"valueName":"search_term_string"}}],"inLanguage":"az"},{"@type":"Organization","@id":"https:\/\/www.meydan.tv\/az\/#organization","name":"Meydan TV","url":"https:\/\/www.meydan.tv\/az\/","logo":{"@type":"ImageObject","inLanguage":"az","@id":"https:\/\/www.meydan.tv\/az\/#\/schema\/logo\/image\/","url":"https:\/\/www.meydan.tv\/wp-content\/uploads\/2021\/07\/meydan-logo.svg","contentUrl":"https:\/\/www.meydan.tv\/wp-content\/uploads\/2021\/07\/meydan-logo.svg","width":195,"height":46,"caption":"Meydan TV"},"image":{"@id":"https:\/\/www.meydan.tv\/az\/#\/schema\/logo\/image\/"}},{"@type":"Person","@id":"https:\/\/www.meydan.tv\/az\/#\/schema\/person\/09863e516102a829e72bedcf3f84c6b0","name":"mahmud"}]}},"_links":{"self":[{"href":"https:\/\/www.meydan.tv\/az\/wp-json\/wp\/v2\/posts\/291819","targetHints":{"allow":["GET"]}}],"collection":[{"href":"https:\/\/www.meydan.tv\/az\/wp-json\/wp\/v2\/posts"}],"about":[{"href":"https:\/\/www.meydan.tv\/az\/wp-json\/wp\/v2\/types\/post"}],"author":[{"embeddable":true,"href":"https:\/\/www.meydan.tv\/az\/wp-json\/wp\/v2\/users\/21"}],"replies":[{"embeddable":true,"href":"https:\/\/www.meydan.tv\/az\/wp-json\/wp\/v2\/comments?post=291819"}],"version-history":[{"count":2,"href":"https:\/\/www.meydan.tv\/az\/wp-json\/wp\/v2\/posts\/291819\/revisions"}],"predecessor-version":[{"id":291827,"href":"https:\/\/www.meydan.tv\/az\/wp-json\/wp\/v2\/posts\/291819\/revisions\/291827"}],"wp:featuredmedia":[{"embeddable":true,"href":"https:\/\/www.meydan.tv\/az\/wp-json\/wp\/v2\/media\/142562"}],"wp:attachment":[{"href":"https:\/\/www.meydan.tv\/az\/wp-json\/wp\/v2\/media?parent=291819"}],"wp:term":[{"taxonomy":"category","embeddable":true,"href":"https:\/\/www.meydan.tv\/az\/wp-json\/wp\/v2\/categories?post=291819"},{"taxonomy":"post_tag","embeddable":true,"href":"https:\/\/www.meydan.tv\/az\/wp-json\/wp\/v2\/tags?post=291819"}],"curies":[{"name":"wp","href":"https:\/\/api.w.org\/{rel}","templated":true}]}}