{"id":291786,"date":"2023-11-30T13:40:34","date_gmt":"2023-11-30T09:40:34","guid":{"rendered":"https:\/\/www.meydan.tv\/?p=291786"},"modified":"2023-11-30T13:40:38","modified_gmt":"2023-11-30T09:40:38","slug":"qizilcaya-yoluxdugu-deyilen-mektebli-vefat-edib","status":"publish","type":"post","link":"https:\/\/www.meydan.tv\/az\/article\/qizilcaya-yoluxdugu-deyilen-mektebli-vefat-edib\/","title":{"rendered":"Q\u0131z\u0131lcaya yoluxdu\u011fu deyil\u0259n m\u0259kt\u0259bli v\u0259fat edib"},"content":{"rendered":"\n<p><\/p>\n\n\n\n<p><strong><em>M\u00fc\u0259lliml\u0259r h\u0259kim \u00e7at\u0131\u015fmazl\u0131\u011f\u0131ndan, m\u0259kt\u0259blil\u0259rin k\u00fctl\u0259vi virusa yoluxmas\u0131ndan narahatd\u0131rlar<\/em><\/strong><\/p>\n\n\n\n<p>Bak\u0131n\u0131n Qarada\u011f rayonu, Qobustan q\u0259s\u0259b\u0259sind\u0259 yerl\u0259\u015f\u0259n 195 sayl\u0131 orta m\u0259kt\u0259bd\u0259 q\u0131z\u0131lcaya yoluxan bir \u015fagirdin v\u0259fat etdiyi bildirilir.<\/p>\n\n\n\n<p>M\u0259kt\u0259bd\u0259n fakt\u0131 t\u0259sdiql\u0259yibl\u0259r. Bildiribl\u0259r ki, v\u0259fat ed\u0259n Rinat ail\u0259nin t\u0259k \u00f6vlad\u0131d\u0131r, 4-c\u00fc sinifd\u0259 oxuyurmu\u015f. \u00d6t\u0259n g\u00fcn gec\u0259 saatlar\u0131nda h\u0259rar\u0259ti y\u00fcks\u0259lib v\u0259 n\u0259tic\u0259d\u0259 h\u0259yat\u0131n\u0131 itirib.<br>M\u0259kt\u0259bd\u0259n Meydan TV-y\u0259 deyibl\u0259r ki, u\u015faqlar aras\u0131nda q\u0131z\u0131lcaya yoluxanlar var. H\u0259min m\u0259kt\u0259bin direktoru La\u00e7\u0131n H\u00fcseynli bildirib ki, m\u0259kt\u0259b \u00fc\u00e7\u00fcn tibb i\u015f\u00e7isi t\u0259l\u0259b ets\u0259 d\u0259, g\u00f6nd\u0259rilmir. 3 n\u00f6vb\u0259li m\u0259kt\u0259bd\u0259 h\u0259kim yoxdur.<\/p>\n\n\n\n<p>S\u00f6z\u00fcged\u0259n m\u0259kt\u0259bin m\u00fc\u0259llimi Aynur Cavid d\u0259 bu bar\u0259d\u0259 \u201cFacebook\u201d hesab\u0131ndan payla\u015f\u0131mlar edib.<\/p>\n\n\n\n<p><em>\u201cN\u0259 vaxt d\u0259st\u0259k g\u00f6st\u0259ril\u0259c\u0259k? Daha pe\u015f\u0259kar h\u0259kiml\u0259r g\u00f6nd\u0259ril\u0259c\u0259k? N\u0259z\u0259r\u0259 alsaq ki, Qobustan q\u0259s\u0259b\u0259si n\u0259mliyin v\u0259 tozun \u00e7ox oldu\u011fu \u0259razidi, qanunsuz tikilil\u0259rd\u0259, boz \u00e7\u00f6ll\u0259rd\u0259, da\u011f\u0131n aya\u011f\u0131nda, 100-l\u0259rl\u0259, minl\u0259rl\u0259 u\u015faq ya\u015fay\u0131r, s\u0259h\u0259r 1 saatl\u0131q yolda 195-i g\u00f6zl\u0259m\u0259y\u0259 y\u00fcz\u0259 yax\u0131n u\u015faq dayan\u0131r, aya\u011f\u0131 su, soyuq \u00e7\u0259k\u0259 &#8211; \u00e7\u0259k\u0259, v\u0259ziyy\u0259ti anlamaq \u00e7\u0259tin olmaz. Qarada\u011f Bak\u0131n\u0131n \u0259n varl\u0131 rayonudur, \u0259halisi is\u0259 \u0259n \u00e7\u0259tin \u015f\u0259raitd\u0259 ya\u015fayan, u\u015faqlard\u0131\u201d<\/em>, &#8211; Aynur Cavid qeyd edib.<\/p>\n\n\n\n<p>M\u00fc\u0259llim daha sonra vur\u011fulay\u0131b:<\/p>\n\n\n\n<p><em>&#8220;G\u00f6z\u015fi\u015fm\u0259si, qusma, \u00fcr\u0259kgetm\u0259, bo\u011fulma, i\u015ftahs\u0131zl\u0131q v\u0259 sair v\u0259 ilax\u0131r. \u018fziz h\u0259kiml\u0259r, U\u015faq Pediatriya \u0130nstitutu, S\u0259hiyy\u0259, T\u0259bib. Bel\u0259 q\u0131z\u0131lca g\u00f6rm\u0259mi\u015f\u0259m, olursa da, bu halda ail\u0259l\u0259r\u0259 d\u0259st\u0259k laz\u0131md\u0131. S\u0259yyari h\u0259kim qruplar\u0131na ehtiyac var. Ail\u0259l\u0259r\u0259 tibbi l\u0259vazimat d\u0259rmanlar\u0131 \u00fc\u00e7\u00fcn d\u0259st\u0259k laz\u0131md\u0131. K\u00f6n\u00fcll\u00fc h\u0259kiml\u0259r, \u0259ziz dostlar, art\u0131q 20 \u015fagirdim bu durumdad\u0131 v\u0259 dem\u0259k olar ham\u0131s\u0131 kas\u0131b ail\u0259l\u0259rdi. \u00c7oxusu dava d\u0259rman\u0131 nisy\u0259 al\u0131r, u\u015fa\u011f\u0131na laz\u0131mi qidan\u0131 ala bilmir&#8221;<\/em>.<\/p>\n\n\n\n<p>T\u018fB\u0130B d\u0259 \u015fagirdin \u00f6l\u00fcm\u00fc il\u0259 ba\u011fl\u0131 m\u0259lumat yay\u0131b. Bildirilir ki, Respublika T\u0259cili v\u0259 T\u0259xir\u0259sal\u0131nmaz Tibbi Yard\u0131m M\u0259rk\u0259zin\u0259 Bak\u0131 \u015f\u0259h\u0259ri, Qarada\u011f rayonu, Qobustan q\u0259s\u0259b\u0259si, 61-ci km \u00fcnvan\u0131ndan 30.11.2023-c\u00fc il tarixind\u0259, 04:26 rad\u0259l\u0259rind\u0259 \u00e7a\u011f\u0131r\u0131\u015f daxil olub:<\/p>\n\n\n\n<p><em>\u201cT\u0259cili v\u0259 t\u0259xir\u0259sal\u0131nmaz tibbi yard\u0131m briqadalar\u0131 t\u0259r\u0259find\u0259n \u00fcnvanda 2014-c\u00fc il t\u0259v\u0259ll\u00fcdl\u00fc (ki\u015fi cinsli) \u015f\u0259xsin h\u0259kim\u0259q\u0259d\u0259r \u00f6l\u00fcm\u00fc qeyd\u0259 al\u0131n\u0131b.  Qeyd ed\u0259k ki, \u015f\u0259xsin \u00f6l\u00fcm s\u0259b\u0259bini tibbi ekspertiza, pataloji anatomik m\u00fcayin\u0259 v\u0259 t\u0259\u015frihd\u0259n sonra m\u00fc\u0259yy\u0259nl\u0259\u015fdirm\u0259k m\u00fcmk\u00fcnd\u00fcr\u201d.<\/em><\/p>\n\n\n\n<p>Bir ne\u00e7\u0259 g\u00fcn \u0259vv\u0259l K\u00fcrd\u0259mir rayonu Qa\u011fac\u0131l\u0131 k\u0259nd sakini, 2019-cu il t\u0259v\u0259ll\u00fcdl\u00fc R\u00fcf\u0259t Q\u0259ribli d\u0259 q\u0131z\u0131lca diaqnozu qoyulduqdan sonra v\u0259fat edib.<\/p>\n\n\n\n<p>Az\u0259rbaycanda son bir ayd\u0131r u\u015faqlar aras\u0131nda q\u0131z\u0131lca, Hepatit A, bir \u00e7oxunun \u201csvinka\u201d kimi tan\u0131d\u0131\u011f\u0131 epidemik parotit, el\u0259c\u0259 d\u0259 qrip \u0259lam\u0259tl\u0259rin\u0259 b\u0259nz\u0259r m\u00fcxt\u0259lif virus x\u0259st\u0259likl\u0259rinin yay\u0131ld\u0131\u011f\u0131 <a href=\"https:\/\/www.meydan.tv\/az\/article\/usaqlar-arasinda-muxtelif-virus-xesteliklerinin-yayildigi-bildirilir\/\">bildirilir<\/a>.<\/p>\n","protected":false},"excerpt":{"rendered":"<p>M\u00fc\u0259lliml\u0259r h\u0259kim \u00e7at\u0131\u015fmazl\u0131\u011f\u0131ndan, m\u0259kt\u0259blil\u0259rin k\u00fctl\u0259vi virusa yoluxmas\u0131ndan narahatd\u0131rlar Bak\u0131n\u0131n Qarada\u011f &#8230; <\/p>\n<p class=\"read-more-container\"><a title=\"Q\u0131z\u0131lcaya yoluxdu\u011fu deyil\u0259n m\u0259kt\u0259bli v\u0259fat edib\" class=\"read-more button\" href=\"https:\/\/www.meydan.tv\/az\/article\/qizilcaya-yoluxdugu-deyilen-mektebli-vefat-edib\/#more-291786\" aria-label=\"Read more about Q\u0131z\u0131lcaya yoluxdu\u011fu deyil\u0259n m\u0259kt\u0259bli v\u0259fat edib\">Davam\u0131<\/a><\/p>\n","protected":false},"author":21,"featured_media":141209,"comment_status":"closed","ping_status":"closed","sticky":false,"template":"","format":"standard","meta":{"_acf_changed":false,"_sitemap_exclude":false,"_sitemap_priority":"","_sitemap_frequency":"","footnotes":""},"categories":[54,62,79,56],"tags":[],"class_list":["post-291786","post","type-post","status-publish","format-standard","has-post-thumbnail","hentry","category-sagliq","category-sosial","category-featured","category-xeberler","infinite-scroll-item","generate-columns","tablet-grid-50","mobile-grid-100","grid-parent","grid-33","no-featured-image-padding"],"acf":[],"yoast_head":"<!-- This site is optimized with the Yoast SEO plugin v27.4 - https:\/\/yoast.com\/product\/yoast-seo-wordpress\/ -->\n<title>Q\u0131z\u0131lcaya yoluxdu\u011fu deyil\u0259n m\u0259kt\u0259bli v\u0259fat edib - MEYDAN.TV<\/title>\n<meta name=\"robots\" content=\"index, follow, max-snippet:-1, max-image-preview:large, max-video-preview:-1\" \/>\n<link rel=\"canonical\" href=\"https:\/\/www.meydan.tv\/az\/article\/qizilcaya-yoluxdugu-deyilen-mektebli-vefat-edib\/\" \/>\n<meta property=\"og:locale\" content=\"az_AZ\" \/>\n<meta property=\"og:type\" content=\"article\" \/>\n<meta property=\"og:title\" content=\"Q\u0131z\u0131lcaya yoluxdu\u011fu deyil\u0259n m\u0259kt\u0259bli v\u0259fat edib - MEYDAN.TV\" \/>\n<meta property=\"og:description\" content=\"M\u00fc\u0259lliml\u0259r h\u0259kim \u00e7at\u0131\u015fmazl\u0131\u011f\u0131ndan, m\u0259kt\u0259blil\u0259rin k\u00fctl\u0259vi virusa yoluxmas\u0131ndan narahatd\u0131rlar Bak\u0131n\u0131n Qarada\u011f ... Davam\u0131\" \/>\n<meta property=\"og:url\" content=\"https:\/\/www.meydan.tv\/az\/article\/qizilcaya-yoluxdugu-deyilen-mektebli-vefat-edib\/\" \/>\n<meta property=\"og:site_name\" content=\"MEYDAN.TV\" \/>\n<meta property=\"article:published_time\" content=\"2023-11-30T09:40:34+00:00\" \/>\n<meta property=\"article:modified_time\" content=\"2023-11-30T09:40:38+00:00\" \/>\n<meta property=\"og:image\" content=\"https:\/\/www.meydan.tv\/wp-content\/uploads\/1583925234724_1fc21yma.jpg\" \/>\n\t<meta property=\"og:image:width\" content=\"750\" \/>\n\t<meta property=\"og:image:height\" content=\"500\" \/>\n\t<meta property=\"og:image:type\" content=\"image\/jpeg\" \/>\n<meta name=\"author\" content=\"mahmud\" \/>\n<meta name=\"twitter:card\" content=\"summary_large_image\" \/>\n<script type=\"application\/ld+json\" class=\"yoast-schema-graph\">{\"@context\":\"https:\\\/\\\/schema.org\",\"@graph\":[{\"@type\":\"Article\",\"@id\":\"https:\\\/\\\/www.meydan.tv\\\/az\\\/article\\\/qizilcaya-yoluxdugu-deyilen-mektebli-vefat-edib\\\/#article\",\"isPartOf\":{\"@id\":\"https:\\\/\\\/www.meydan.tv\\\/az\\\/article\\\/qizilcaya-yoluxdugu-deyilen-mektebli-vefat-edib\\\/\"},\"author\":{\"name\":\"mahmud\",\"@id\":\"https:\\\/\\\/www.meydan.tv\\\/az\\\/#\\\/schema\\\/person\\\/09863e516102a829e72bedcf3f84c6b0\"},\"headline\":\"Q\u0131z\u0131lcaya yoluxdu\u011fu deyil\u0259n m\u0259kt\u0259bli v\u0259fat edib\",\"datePublished\":\"2023-11-30T09:40:34+00:00\",\"dateModified\":\"2023-11-30T09:40:38+00:00\",\"mainEntityOfPage\":{\"@id\":\"https:\\\/\\\/www.meydan.tv\\\/az\\\/article\\\/qizilcaya-yoluxdugu-deyilen-mektebli-vefat-edib\\\/\"},\"wordCount\":614,\"publisher\":{\"@id\":\"https:\\\/\\\/www.meydan.tv\\\/az\\\/#organization\"},\"image\":{\"@id\":\"https:\\\/\\\/www.meydan.tv\\\/az\\\/article\\\/qizilcaya-yoluxdugu-deyilen-mektebli-vefat-edib\\\/#primaryimage\"},\"thumbnailUrl\":\"https:\\\/\\\/www.meydan.tv\\\/wp-content\\\/uploads\\\/1583925234724_1fc21yma.jpg\",\"articleSection\":[\"Sa\u011fl\u0131q\",\"Sosial\",\"T\u00f6vsiy\u0259\",\"X\u0259b\u0259rl\u0259r\"],\"inLanguage\":\"az\"},{\"@type\":\"WebPage\",\"@id\":\"https:\\\/\\\/www.meydan.tv\\\/az\\\/article\\\/qizilcaya-yoluxdugu-deyilen-mektebli-vefat-edib\\\/\",\"url\":\"https:\\\/\\\/www.meydan.tv\\\/az\\\/article\\\/qizilcaya-yoluxdugu-deyilen-mektebli-vefat-edib\\\/\",\"name\":\"Q\u0131z\u0131lcaya yoluxdu\u011fu deyil\u0259n m\u0259kt\u0259bli v\u0259fat edib - MEYDAN.TV\",\"isPartOf\":{\"@id\":\"https:\\\/\\\/www.meydan.tv\\\/az\\\/#website\"},\"primaryImageOfPage\":{\"@id\":\"https:\\\/\\\/www.meydan.tv\\\/az\\\/article\\\/qizilcaya-yoluxdugu-deyilen-mektebli-vefat-edib\\\/#primaryimage\"},\"image\":{\"@id\":\"https:\\\/\\\/www.meydan.tv\\\/az\\\/article\\\/qizilcaya-yoluxdugu-deyilen-mektebli-vefat-edib\\\/#primaryimage\"},\"thumbnailUrl\":\"https:\\\/\\\/www.meydan.tv\\\/wp-content\\\/uploads\\\/1583925234724_1fc21yma.jpg\",\"datePublished\":\"2023-11-30T09:40:34+00:00\",\"dateModified\":\"2023-11-30T09:40:38+00:00\",\"breadcrumb\":{\"@id\":\"https:\\\/\\\/www.meydan.tv\\\/az\\\/article\\\/qizilcaya-yoluxdugu-deyilen-mektebli-vefat-edib\\\/#breadcrumb\"},\"inLanguage\":\"az\",\"potentialAction\":[{\"@type\":\"ReadAction\",\"target\":[\"https:\\\/\\\/www.meydan.tv\\\/az\\\/article\\\/qizilcaya-yoluxdugu-deyilen-mektebli-vefat-edib\\\/\"]}]},{\"@type\":\"ImageObject\",\"inLanguage\":\"az\",\"@id\":\"https:\\\/\\\/www.meydan.tv\\\/az\\\/article\\\/qizilcaya-yoluxdugu-deyilen-mektebli-vefat-edib\\\/#primaryimage\",\"url\":\"https:\\\/\\\/www.meydan.tv\\\/wp-content\\\/uploads\\\/1583925234724_1fc21yma.jpg\",\"contentUrl\":\"https:\\\/\\\/www.meydan.tv\\\/wp-content\\\/uploads\\\/1583925234724_1fc21yma.jpg\",\"width\":750,\"height\":500,\"caption\":\"Source: Foto: sosial \u015f\u0259b\u0259k\u0259\"},{\"@type\":\"BreadcrumbList\",\"@id\":\"https:\\\/\\\/www.meydan.tv\\\/az\\\/article\\\/qizilcaya-yoluxdugu-deyilen-mektebli-vefat-edib\\\/#breadcrumb\",\"itemListElement\":[{\"@type\":\"ListItem\",\"position\":1,\"name\":\"Ana s\u0259hif\u0259\",\"item\":\"https:\\\/\\\/www.meydan.tv\\\/az\\\/\"},{\"@type\":\"ListItem\",\"position\":2,\"name\":\"Sa\u011fl\u0131q\",\"item\":\"https:\\\/\\\/www.meydan.tv\\\/az\\\/section\\\/sagliq\\\/\"},{\"@type\":\"ListItem\",\"position\":3,\"name\":\"Q\u0131z\u0131lcaya yoluxdu\u011fu deyil\u0259n m\u0259kt\u0259bli v\u0259fat edib\"}]},{\"@type\":\"WebSite\",\"@id\":\"https:\\\/\\\/www.meydan.tv\\\/az\\\/#website\",\"url\":\"https:\\\/\\\/www.meydan.tv\\\/az\\\/\",\"name\":\"MEYDAN.TV\",\"description\":\"Meydan TV Az\u0259rbaycan\u0131n media m\u0259kan\u0131ndak\u0131 alternativ s\u0259sidir\",\"publisher\":{\"@id\":\"https:\\\/\\\/www.meydan.tv\\\/az\\\/#organization\"},\"potentialAction\":[{\"@type\":\"SearchAction\",\"target\":{\"@type\":\"EntryPoint\",\"urlTemplate\":\"https:\\\/\\\/www.meydan.tv\\\/az\\\/?s={search_term_string}\"},\"query-input\":{\"@type\":\"PropertyValueSpecification\",\"valueRequired\":true,\"valueName\":\"search_term_string\"}}],\"inLanguage\":\"az\"},{\"@type\":\"Organization\",\"@id\":\"https:\\\/\\\/www.meydan.tv\\\/az\\\/#organization\",\"name\":\"Meydan TV\",\"url\":\"https:\\\/\\\/www.meydan.tv\\\/az\\\/\",\"logo\":{\"@type\":\"ImageObject\",\"inLanguage\":\"az\",\"@id\":\"https:\\\/\\\/www.meydan.tv\\\/az\\\/#\\\/schema\\\/logo\\\/image\\\/\",\"url\":\"https:\\\/\\\/www.meydan.tv\\\/wp-content\\\/uploads\\\/2021\\\/07\\\/meydan-logo.svg\",\"contentUrl\":\"https:\\\/\\\/www.meydan.tv\\\/wp-content\\\/uploads\\\/2021\\\/07\\\/meydan-logo.svg\",\"width\":195,\"height\":46,\"caption\":\"Meydan TV\"},\"image\":{\"@id\":\"https:\\\/\\\/www.meydan.tv\\\/az\\\/#\\\/schema\\\/logo\\\/image\\\/\"}},{\"@type\":\"Person\",\"@id\":\"https:\\\/\\\/www.meydan.tv\\\/az\\\/#\\\/schema\\\/person\\\/09863e516102a829e72bedcf3f84c6b0\",\"name\":\"mahmud\"}]}<\/script>\n<!-- \/ Yoast SEO plugin. -->","yoast_head_json":{"title":"Q\u0131z\u0131lcaya yoluxdu\u011fu deyil\u0259n m\u0259kt\u0259bli v\u0259fat edib - MEYDAN.TV","robots":{"index":"index","follow":"follow","max-snippet":"max-snippet:-1","max-image-preview":"max-image-preview:large","max-video-preview":"max-video-preview:-1"},"canonical":"https:\/\/www.meydan.tv\/az\/article\/qizilcaya-yoluxdugu-deyilen-mektebli-vefat-edib\/","og_locale":"az_AZ","og_type":"article","og_title":"Q\u0131z\u0131lcaya yoluxdu\u011fu deyil\u0259n m\u0259kt\u0259bli v\u0259fat edib - MEYDAN.TV","og_description":"M\u00fc\u0259lliml\u0259r h\u0259kim \u00e7at\u0131\u015fmazl\u0131\u011f\u0131ndan, m\u0259kt\u0259blil\u0259rin k\u00fctl\u0259vi virusa yoluxmas\u0131ndan narahatd\u0131rlar Bak\u0131n\u0131n Qarada\u011f ... Davam\u0131","og_url":"https:\/\/www.meydan.tv\/az\/article\/qizilcaya-yoluxdugu-deyilen-mektebli-vefat-edib\/","og_site_name":"MEYDAN.TV","article_published_time":"2023-11-30T09:40:34+00:00","article_modified_time":"2023-11-30T09:40:38+00:00","og_image":[{"width":750,"height":500,"url":"https:\/\/www.meydan.tv\/wp-content\/uploads\/1583925234724_1fc21yma.jpg","type":"image\/jpeg"}],"author":"mahmud","twitter_card":"summary_large_image","schema":{"@context":"https:\/\/schema.org","@graph":[{"@type":"Article","@id":"https:\/\/www.meydan.tv\/az\/article\/qizilcaya-yoluxdugu-deyilen-mektebli-vefat-edib\/#article","isPartOf":{"@id":"https:\/\/www.meydan.tv\/az\/article\/qizilcaya-yoluxdugu-deyilen-mektebli-vefat-edib\/"},"author":{"name":"mahmud","@id":"https:\/\/www.meydan.tv\/az\/#\/schema\/person\/09863e516102a829e72bedcf3f84c6b0"},"headline":"Q\u0131z\u0131lcaya yoluxdu\u011fu deyil\u0259n m\u0259kt\u0259bli v\u0259fat edib","datePublished":"2023-11-30T09:40:34+00:00","dateModified":"2023-11-30T09:40:38+00:00","mainEntityOfPage":{"@id":"https:\/\/www.meydan.tv\/az\/article\/qizilcaya-yoluxdugu-deyilen-mektebli-vefat-edib\/"},"wordCount":614,"publisher":{"@id":"https:\/\/www.meydan.tv\/az\/#organization"},"image":{"@id":"https:\/\/www.meydan.tv\/az\/article\/qizilcaya-yoluxdugu-deyilen-mektebli-vefat-edib\/#primaryimage"},"thumbnailUrl":"https:\/\/www.meydan.tv\/wp-content\/uploads\/1583925234724_1fc21yma.jpg","articleSection":["Sa\u011fl\u0131q","Sosial","T\u00f6vsiy\u0259","X\u0259b\u0259rl\u0259r"],"inLanguage":"az"},{"@type":"WebPage","@id":"https:\/\/www.meydan.tv\/az\/article\/qizilcaya-yoluxdugu-deyilen-mektebli-vefat-edib\/","url":"https:\/\/www.meydan.tv\/az\/article\/qizilcaya-yoluxdugu-deyilen-mektebli-vefat-edib\/","name":"Q\u0131z\u0131lcaya yoluxdu\u011fu deyil\u0259n m\u0259kt\u0259bli v\u0259fat edib - MEYDAN.TV","isPartOf":{"@id":"https:\/\/www.meydan.tv\/az\/#website"},"primaryImageOfPage":{"@id":"https:\/\/www.meydan.tv\/az\/article\/qizilcaya-yoluxdugu-deyilen-mektebli-vefat-edib\/#primaryimage"},"image":{"@id":"https:\/\/www.meydan.tv\/az\/article\/qizilcaya-yoluxdugu-deyilen-mektebli-vefat-edib\/#primaryimage"},"thumbnailUrl":"https:\/\/www.meydan.tv\/wp-content\/uploads\/1583925234724_1fc21yma.jpg","datePublished":"2023-11-30T09:40:34+00:00","dateModified":"2023-11-30T09:40:38+00:00","breadcrumb":{"@id":"https:\/\/www.meydan.tv\/az\/article\/qizilcaya-yoluxdugu-deyilen-mektebli-vefat-edib\/#breadcrumb"},"inLanguage":"az","potentialAction":[{"@type":"ReadAction","target":["https:\/\/www.meydan.tv\/az\/article\/qizilcaya-yoluxdugu-deyilen-mektebli-vefat-edib\/"]}]},{"@type":"ImageObject","inLanguage":"az","@id":"https:\/\/www.meydan.tv\/az\/article\/qizilcaya-yoluxdugu-deyilen-mektebli-vefat-edib\/#primaryimage","url":"https:\/\/www.meydan.tv\/wp-content\/uploads\/1583925234724_1fc21yma.jpg","contentUrl":"https:\/\/www.meydan.tv\/wp-content\/uploads\/1583925234724_1fc21yma.jpg","width":750,"height":500,"caption":"Source: Foto: sosial \u015f\u0259b\u0259k\u0259"},{"@type":"BreadcrumbList","@id":"https:\/\/www.meydan.tv\/az\/article\/qizilcaya-yoluxdugu-deyilen-mektebli-vefat-edib\/#breadcrumb","itemListElement":[{"@type":"ListItem","position":1,"name":"Ana s\u0259hif\u0259","item":"https:\/\/www.meydan.tv\/az\/"},{"@type":"ListItem","position":2,"name":"Sa\u011fl\u0131q","item":"https:\/\/www.meydan.tv\/az\/section\/sagliq\/"},{"@type":"ListItem","position":3,"name":"Q\u0131z\u0131lcaya yoluxdu\u011fu deyil\u0259n m\u0259kt\u0259bli v\u0259fat edib"}]},{"@type":"WebSite","@id":"https:\/\/www.meydan.tv\/az\/#website","url":"https:\/\/www.meydan.tv\/az\/","name":"MEYDAN.TV","description":"Meydan TV Az\u0259rbaycan\u0131n media m\u0259kan\u0131ndak\u0131 alternativ s\u0259sidir","publisher":{"@id":"https:\/\/www.meydan.tv\/az\/#organization"},"potentialAction":[{"@type":"SearchAction","target":{"@type":"EntryPoint","urlTemplate":"https:\/\/www.meydan.tv\/az\/?s={search_term_string}"},"query-input":{"@type":"PropertyValueSpecification","valueRequired":true,"valueName":"search_term_string"}}],"inLanguage":"az"},{"@type":"Organization","@id":"https:\/\/www.meydan.tv\/az\/#organization","name":"Meydan TV","url":"https:\/\/www.meydan.tv\/az\/","logo":{"@type":"ImageObject","inLanguage":"az","@id":"https:\/\/www.meydan.tv\/az\/#\/schema\/logo\/image\/","url":"https:\/\/www.meydan.tv\/wp-content\/uploads\/2021\/07\/meydan-logo.svg","contentUrl":"https:\/\/www.meydan.tv\/wp-content\/uploads\/2021\/07\/meydan-logo.svg","width":195,"height":46,"caption":"Meydan TV"},"image":{"@id":"https:\/\/www.meydan.tv\/az\/#\/schema\/logo\/image\/"}},{"@type":"Person","@id":"https:\/\/www.meydan.tv\/az\/#\/schema\/person\/09863e516102a829e72bedcf3f84c6b0","name":"mahmud"}]}},"_links":{"self":[{"href":"https:\/\/www.meydan.tv\/az\/wp-json\/wp\/v2\/posts\/291786","targetHints":{"allow":["GET"]}}],"collection":[{"href":"https:\/\/www.meydan.tv\/az\/wp-json\/wp\/v2\/posts"}],"about":[{"href":"https:\/\/www.meydan.tv\/az\/wp-json\/wp\/v2\/types\/post"}],"author":[{"embeddable":true,"href":"https:\/\/www.meydan.tv\/az\/wp-json\/wp\/v2\/users\/21"}],"replies":[{"embeddable":true,"href":"https:\/\/www.meydan.tv\/az\/wp-json\/wp\/v2\/comments?post=291786"}],"version-history":[{"count":1,"href":"https:\/\/www.meydan.tv\/az\/wp-json\/wp\/v2\/posts\/291786\/revisions"}],"predecessor-version":[{"id":291787,"href":"https:\/\/www.meydan.tv\/az\/wp-json\/wp\/v2\/posts\/291786\/revisions\/291787"}],"wp:featuredmedia":[{"embeddable":true,"href":"https:\/\/www.meydan.tv\/az\/wp-json\/wp\/v2\/media\/141209"}],"wp:attachment":[{"href":"https:\/\/www.meydan.tv\/az\/wp-json\/wp\/v2\/media?parent=291786"}],"wp:term":[{"taxonomy":"category","embeddable":true,"href":"https:\/\/www.meydan.tv\/az\/wp-json\/wp\/v2\/categories?post=291786"},{"taxonomy":"post_tag","embeddable":true,"href":"https:\/\/www.meydan.tv\/az\/wp-json\/wp\/v2\/tags?post=291786"}],"curies":[{"name":"wp","href":"https:\/\/api.w.org\/{rel}","templated":true}]}}