{"id":291784,"date":"2023-11-30T13:09:23","date_gmt":"2023-11-30T09:09:23","guid":{"rendered":"https:\/\/www.meydan.tv\/?p=291784"},"modified":"2023-11-30T13:09:38","modified_gmt":"2023-11-30T09:09:38","slug":"qardasi-mirhafiz-ceferzade-tecridxanada-stulda-oturulu-yatir-ona-carpayi-vermirler","status":"publish","type":"post","link":"https:\/\/www.meydan.tv\/az\/article\/qardasi-mirhafiz-ceferzade-tecridxanada-stulda-oturulu-yatir-ona-carpayi-vermirler\/","title":{"rendered":"Qarda\u015f\u0131: \u201cMirhafiz C\u0259f\u0259rzad\u0259 t\u0259cridxanada stulda oturulu yat\u0131r, ona \u00e7arpay\u0131 vermirl\u0259r\u201d"},"content":{"rendered":"\n<p><\/p>\n\n\n\n<p><strong><em>A\u011fciy\u0259r v\u0259 astma x\u0259st\u0259likl\u0259rind\u0259n \u0259ziyy\u0259t \u00e7\u0259k\u0259n m\u0259hbusun siqaret \u00e7\u0259k\u0259nl\u0259rl\u0259 bir yerd\u0259 saxlan\u0131ld\u0131\u011f\u0131, r\u0259is t\u0259r\u0259find\u0259n h\u0259d\u0259l\u0259ndiyi d\u0259 bildirilir<\/em><\/strong><\/p>\n\n\n\n<p>\u00d6t\u0259n il d\u00f6vl\u0259t\u0259 x\u0259yan\u0259t ittiham\u0131 il\u0259 h\u0259bs olunan Mirhafiz C\u0259f\u0259rzad\u0259nin t\u0259zyiql\u0259r\u0259 m\u0259ruz qald\u0131\u011f\u0131 bildirilir. Onun qarda\u015f\u0131 Seyid\u0259li C\u0259f\u0259rovun verdiyi m\u0259lumata g\u00f6r\u0259, 20 g\u00fcnd\u0259n \u00e7oxdur siqaret \u00e7\u0259k\u0259nl\u0259rl\u0259 bir yer\u0259 sal\u0131naraq \u0259ziyy\u0259t edil\u0259n Mirhafiz C\u0259f\u0259rzad\u0259y\u0259 n\u0259 g\u00f6r\u00fc\u015f, n\u0259 d\u0259 telefon z\u0259ngi icaz\u0259si verilir.<\/p>\n\n\n\n<p><em>\u201cQ\u0259sd\u0259n edirl\u0259r. Ham\u0131n\u0131n z\u0259ng icaz\u0259si var, amma qarda\u015f\u0131m\u0131 qoymurlar. D\u00fcn\u0259n qada\u011faya g\u00f6r\u00fc\u015f\u00fc d\u0259 \u0259lav\u0259 edibl\u0259r\u201d<\/em>, &#8211; m\u0259hbusun qarda\u015f\u0131 bel\u0259 deyir.<\/p>\n\n\n\n<p>Mirhafiz C\u0259f\u0259rzad\u0259 Bak\u0131 \u0130stintaq T\u0259cridxanas\u0131nda saxlan\u0131l\u0131r. Qarda\u015f\u0131n\u0131n s\u00f6zl\u0259rin\u0259 g\u00f6r\u0259, o, a\u011fciy\u0259r, astma x\u0259st\u0259likl\u0259rind\u0259n \u0259ziyy\u0259t \u00e7\u0259kir. H\u0259m\u00e7inin allergiyas\u0131 var. Hospitalda da x\u0259st\u0259lik v\u0259r\u0259qin\u0259 bu c\u00fcr yaz\u0131l\u0131b v\u0259 K\u00fcrd\u0259xan\u0131ya g\u00f6nd\u0259rilib.<\/p>\n\n\n\n<p><em>\u201cOrada t\u0259cridxanan\u0131n r\u0259isi il\u0259 g\u00f6r\u00fc\u015f\u00fcb. Deyib ki, onu siqaret \u00e7\u0259k\u0259nl\u0259rd\u0259n ay\u0131r\u0131b ba\u015fqa yer\u0259 k\u00f6\u00e7\u00fcrs\u00fcnl\u0259r. R\u0259is is\u0259 deyib ki, yox, \u00f6lm\u0259y\u0259c\u0259ks\u0259n. Mirhafiz d\u0259 bildirib ki, bilir\u0259m \u00f6lm\u0259y\u0259c\u0259y\u0259m, amma m\u0259ni incidir. R\u0259is g\u00fcl\u0259-g\u00fcl\u0259: \u201cs\u0259n t\u0259l\u0259sm\u0259, g\u00f6r\u0259rs\u0259n \u00f6lm\u0259k nec\u0259dir\u201d, &#8211; deyib\u201d<\/em>.<\/p>\n\n\n\n<p>M\u0259hbusun qarda\u015f\u0131n\u0131n iddias\u0131na g\u00f6r\u0259, Bak\u0131 \u0130stintaq T\u0259cridxanas\u0131n\u0131n r\u0259isi i\u015f\u00e7il\u0259rin\u0259 Mirhafiz C\u0259f\u0259rzad\u0259nin kameras\u0131n\u0131 d\u0259yi\u015fdirm\u0259m\u0259yi tap\u015f\u0131r\u0131b:<\/p>\n\n\n\n<p><em>\u201cDeyib, qoy can\u0131 \u00e7\u0131xs\u0131n, v\u0259t\u0259n xainl\u0259ri bel\u0259 \u00f6lm\u0259lidir\u201d<\/em>.<\/p>\n\n\n\n<p><em>\u201cMirhafizd\u0259n \u00e7\u00f6ld\u0259 adam\u0131n\u0131n olub-olmamas\u0131n\u0131 soru\u015fub. Deyib ki, z\u0259ng el\u0259, de, m\u0259nd\u0259n kim\u0259 \u015fikay\u0259t edirl\u0259r-etsinl\u0259r\u201d<\/em>, &#8211; S.C\u0259f\u0259rov bel\u0259 deyir.<\/p>\n\n\n\n<p>Qarda\u015f\u0131n\u0131n g\u00f6zl\u0259rin\u0259 qan s\u0131zd\u0131\u011f\u0131n\u0131 dey\u0259n Seyid\u0259li C\u0259f\u0259rovun s\u00f6zl\u0259rin\u0259 g\u00f6r\u0259, ona yatma\u011fa yer d\u0259 verilmir, ancaq stulda oturur.<\/p>\n\n\n\n<p><em>\u201cKamera yolda\u015flar\u0131 ona g\u00fcnd\u00fczl\u0259r birt\u0259h\u0259r yer verirl\u0259rmi\u015f, amma gec\u0259d\u0259n s\u0259h\u0259r\u0259 kimi stulda otururmu\u015f. 16 n\u0259f\u0259rlik yer\u0259 17 n\u0259f\u0259r sal\u0131blar. Deyibl\u0259r ki, stulun \u00fcst\u00fcnd\u0259 \u0259yl\u0259\u015f\u0259c\u0259ks\u0259n\u201d<\/em>.<\/p>\n\n\n\n<p>Meydan TV Penitensiar Xidm\u0259td\u0259n m\u0259s\u0259l\u0259y\u0259 m\u00fcnasib\u0259t \u00f6yr\u0259n\u0259 bilm\u0259yib. Qurumun m\u0259tbuat katibi telefonlara cavab vermir.<\/p>\n\n\n\n<p>Mirhafiz C\u0259f\u0259rzad\u0259 2022-ci ilin noyabr\u0131nda h\u0259bs olunub. Ona qar\u015f\u0131 Cinay\u0259t M\u0259c\u0259ll\u0259sinin 274-c\u00fc (d\u00f6vl\u0259t\u0259 x\u0259yan\u0259t) madd\u0259sil\u0259 ittiham ir\u0259li s\u00fcr\u00fcl\u00fcb. D\u00f6vl\u0259t T\u0259hl\u00fck\u0259sizliyi Xidm\u0259tinin (DTX) onun h\u0259bsinin s\u0259b\u0259bil\u0259 ba\u011fl\u0131 yayd\u0131\u011f\u0131 r\u0259smi a\u00e7\u0131qlamada bildirilir ki, Mirhafiz C\u0259f\u0259rzad\u0259 Az\u0259rbaycanda h\u0259rbi t\u0259yinatl\u0131 obyektl\u0259rin yerl\u0259\u015fdiyi \u0259razil\u0259ri d\u0259qiql\u0259\u015fdir\u0259r\u0259k, onlar\u0131n lokasiyas\u0131n\u0131 v\u0259 dig\u0259r m\u0259lumatlar\u0131 \u0130rana g\u00f6nd\u0259rib. \u0130ttihama \u0259sas\u0259n, o, bu i\u015fi 2018-ci ild\u0259n beyn\u0259lxalq axtar\u0131\u015fda olan v\u0259 haz\u0131rda \u0130randa gizl\u0259n\u0259n Orxan M\u0259mm\u0259dovun tap\u015f\u0131r\u0131qlar\u0131 \u0259sas\u0131nda g\u00f6r\u00fcb. Tap\u015f\u0131r\u0131qlar da Az\u0259rbaycan\u0131n t\u0259hl\u00fck\u0259sizliyi, m\u00fcdafi\u0259si \u0259leyhin\u0259 olub. \u00dcmumiyy\u0259tl\u0259, Orxan M\u0259mm\u0259dovun \u0130ran x\u00fcsusi xidm\u0259t orqanlar\u0131n\u0131n n\u0259zar\u0259ti alt\u0131nda t\u00f6r\u0259dil\u0259n cinay\u0259tl\u0259rl\u0259 \u0259laq\u0259dar axtar\u0131\u015fda oldu\u011fu da a\u00e7\u0131qlamada vur\u011fulan\u0131r.<\/p>\n\n\n\n<p>R\u0259smi a\u00e7\u0131qlamaya Mirhafiz C\u0259f\u0259rzad\u0259nin \u00f6z\u00fcn\u00fcn g\u00f6r\u00fcnt\u00fcl\u0259ri d\u0259 \u0259lav\u0259 edilib v\u0259 orada o bildirir ki, Orxan M\u0259mm\u0259dovla sosial \u015f\u0259b\u0259k\u0259l\u0259r \u00fcz\u0259rind\u0259n \u0259laq\u0259 saxlay\u0131b, h\u0259min \u015f\u0259xs bir d\u0259f\u0259 onu \u0130rana d\u0259v\u0259t edib:<\/p>\n\n\n\n<p><em>\u201cM\u0259nd\u0259n L\u0259nk\u0259randa h\u0259rbi baza bar\u0259d\u0259 soru\u015fub. Ona yerini g\u00f6nd\u0259rmi\u015f\u0259m\u201d.<\/em><\/p>\n\n\n\n<p>Lakin Mirhafiz C\u0259f\u0259rzad\u0259nin yax\u0131nlar\u0131 yay\u0131lan g\u00f6r\u00fcnt\u00fcl\u0259rin montaj olundu\u011funu iddia edir.<\/p>\n","protected":false},"excerpt":{"rendered":"<p>A\u011fciy\u0259r v\u0259 astma x\u0259st\u0259likl\u0259rind\u0259n \u0259ziyy\u0259t \u00e7\u0259k\u0259n m\u0259hbusun siqaret \u00e7\u0259k\u0259nl\u0259rl\u0259 bir &#8230; <\/p>\n<p class=\"read-more-container\"><a title=\"Qarda\u015f\u0131: \u201cMirhafiz C\u0259f\u0259rzad\u0259 t\u0259cridxanada stulda oturulu yat\u0131r, ona \u00e7arpay\u0131 vermirl\u0259r\u201d\" class=\"read-more button\" href=\"https:\/\/www.meydan.tv\/az\/article\/qardasi-mirhafiz-ceferzade-tecridxanada-stulda-oturulu-yatir-ona-carpayi-vermirler\/#more-291784\" aria-label=\"Read more about Qarda\u015f\u0131: \u201cMirhafiz C\u0259f\u0259rzad\u0259 t\u0259cridxanada stulda oturulu yat\u0131r, ona \u00e7arpay\u0131 vermirl\u0259r\u201d\">Davam\u0131<\/a><\/p>\n","protected":false},"author":21,"featured_media":263996,"comment_status":"closed","ping_status":"closed","sticky":false,"template":"","format":"standard","meta":{"_acf_changed":false,"_sitemap_exclude":false,"_sitemap_priority":"","_sitemap_frequency":"","footnotes":""},"categories":[62,56],"tags":[],"class_list":["post-291784","post","type-post","status-publish","format-standard","has-post-thumbnail","hentry","category-sosial","category-xeberler","infinite-scroll-item","generate-columns","tablet-grid-50","mobile-grid-100","grid-parent","grid-33","no-featured-image-padding"],"acf":[],"yoast_head":"<!-- This site is optimized with the Yoast SEO plugin v27.5 - https:\/\/yoast.com\/product\/yoast-seo-wordpress\/ -->\n<title>Qarda\u015f\u0131: \u201cMirhafiz C\u0259f\u0259rzad\u0259 t\u0259cridxanada stulda oturulu yat\u0131r, ona \u00e7arpay\u0131 vermirl\u0259r\u201d - MEYDAN.TV<\/title>\n<meta name=\"robots\" content=\"index, follow, max-snippet:-1, max-image-preview:large, max-video-preview:-1\" \/>\n<link rel=\"canonical\" href=\"https:\/\/www.meydan.tv\/az\/article\/qardasi-mirhafiz-ceferzade-tecridxanada-stulda-oturulu-yatir-ona-carpayi-vermirler\/\" \/>\n<meta property=\"og:locale\" content=\"az_AZ\" \/>\n<meta property=\"og:type\" content=\"article\" \/>\n<meta property=\"og:title\" content=\"Qarda\u015f\u0131: \u201cMirhafiz C\u0259f\u0259rzad\u0259 t\u0259cridxanada stulda oturulu yat\u0131r, ona \u00e7arpay\u0131 vermirl\u0259r\u201d - MEYDAN.TV\" \/>\n<meta property=\"og:description\" content=\"A\u011fciy\u0259r v\u0259 astma x\u0259st\u0259likl\u0259rind\u0259n \u0259ziyy\u0259t \u00e7\u0259k\u0259n m\u0259hbusun siqaret \u00e7\u0259k\u0259nl\u0259rl\u0259 bir ... Davam\u0131\" \/>\n<meta property=\"og:url\" content=\"https:\/\/www.meydan.tv\/az\/article\/qardasi-mirhafiz-ceferzade-tecridxanada-stulda-oturulu-yatir-ona-carpayi-vermirler\/\" \/>\n<meta property=\"og:site_name\" content=\"MEYDAN.TV\" \/>\n<meta property=\"article:published_time\" content=\"2023-11-30T09:09:23+00:00\" \/>\n<meta property=\"article:modified_time\" content=\"2023-11-30T09:09:38+00:00\" \/>\n<meta property=\"og:image\" content=\"https:\/\/www.meydan.tv\/wp-content\/uploads\/hebs-e1671615916242.png\" \/>\n\t<meta property=\"og:image:width\" content=\"1191\" \/>\n\t<meta property=\"og:image:height\" content=\"482\" \/>\n\t<meta property=\"og:image:type\" content=\"image\/png\" \/>\n<meta name=\"author\" content=\"mahmud\" \/>\n<meta name=\"twitter:card\" content=\"summary_large_image\" \/>\n<script type=\"application\/ld+json\" class=\"yoast-schema-graph\">{\"@context\":\"https:\\\/\\\/schema.org\",\"@graph\":[{\"@type\":\"Article\",\"@id\":\"https:\\\/\\\/www.meydan.tv\\\/az\\\/article\\\/qardasi-mirhafiz-ceferzade-tecridxanada-stulda-oturulu-yatir-ona-carpayi-vermirler\\\/#article\",\"isPartOf\":{\"@id\":\"https:\\\/\\\/www.meydan.tv\\\/az\\\/article\\\/qardasi-mirhafiz-ceferzade-tecridxanada-stulda-oturulu-yatir-ona-carpayi-vermirler\\\/\"},\"author\":{\"name\":\"mahmud\",\"@id\":\"https:\\\/\\\/www.meydan.tv\\\/az\\\/#\\\/schema\\\/person\\\/09863e516102a829e72bedcf3f84c6b0\"},\"headline\":\"Qarda\u015f\u0131: \u201cMirhafiz C\u0259f\u0259rzad\u0259 t\u0259cridxanada stulda oturulu yat\u0131r, ona \u00e7arpay\u0131 vermirl\u0259r\u201d\",\"datePublished\":\"2023-11-30T09:09:23+00:00\",\"dateModified\":\"2023-11-30T09:09:38+00:00\",\"mainEntityOfPage\":{\"@id\":\"https:\\\/\\\/www.meydan.tv\\\/az\\\/article\\\/qardasi-mirhafiz-ceferzade-tecridxanada-stulda-oturulu-yatir-ona-carpayi-vermirler\\\/\"},\"wordCount\":741,\"publisher\":{\"@id\":\"https:\\\/\\\/www.meydan.tv\\\/az\\\/#organization\"},\"image\":{\"@id\":\"https:\\\/\\\/www.meydan.tv\\\/az\\\/article\\\/qardasi-mirhafiz-ceferzade-tecridxanada-stulda-oturulu-yatir-ona-carpayi-vermirler\\\/#primaryimage\"},\"thumbnailUrl\":\"https:\\\/\\\/www.meydan.tv\\\/wp-content\\\/uploads\\\/hebs-e1671615916242.png\",\"articleSection\":[\"Sosial\",\"X\u0259b\u0259rl\u0259r\"],\"inLanguage\":\"az\"},{\"@type\":\"WebPage\",\"@id\":\"https:\\\/\\\/www.meydan.tv\\\/az\\\/article\\\/qardasi-mirhafiz-ceferzade-tecridxanada-stulda-oturulu-yatir-ona-carpayi-vermirler\\\/\",\"url\":\"https:\\\/\\\/www.meydan.tv\\\/az\\\/article\\\/qardasi-mirhafiz-ceferzade-tecridxanada-stulda-oturulu-yatir-ona-carpayi-vermirler\\\/\",\"name\":\"Qarda\u015f\u0131: \u201cMirhafiz C\u0259f\u0259rzad\u0259 t\u0259cridxanada stulda oturulu yat\u0131r, ona \u00e7arpay\u0131 vermirl\u0259r\u201d - MEYDAN.TV\",\"isPartOf\":{\"@id\":\"https:\\\/\\\/www.meydan.tv\\\/az\\\/#website\"},\"primaryImageOfPage\":{\"@id\":\"https:\\\/\\\/www.meydan.tv\\\/az\\\/article\\\/qardasi-mirhafiz-ceferzade-tecridxanada-stulda-oturulu-yatir-ona-carpayi-vermirler\\\/#primaryimage\"},\"image\":{\"@id\":\"https:\\\/\\\/www.meydan.tv\\\/az\\\/article\\\/qardasi-mirhafiz-ceferzade-tecridxanada-stulda-oturulu-yatir-ona-carpayi-vermirler\\\/#primaryimage\"},\"thumbnailUrl\":\"https:\\\/\\\/www.meydan.tv\\\/wp-content\\\/uploads\\\/hebs-e1671615916242.png\",\"datePublished\":\"2023-11-30T09:09:23+00:00\",\"dateModified\":\"2023-11-30T09:09:38+00:00\",\"breadcrumb\":{\"@id\":\"https:\\\/\\\/www.meydan.tv\\\/az\\\/article\\\/qardasi-mirhafiz-ceferzade-tecridxanada-stulda-oturulu-yatir-ona-carpayi-vermirler\\\/#breadcrumb\"},\"inLanguage\":\"az\",\"potentialAction\":[{\"@type\":\"ReadAction\",\"target\":[\"https:\\\/\\\/www.meydan.tv\\\/az\\\/article\\\/qardasi-mirhafiz-ceferzade-tecridxanada-stulda-oturulu-yatir-ona-carpayi-vermirler\\\/\"]}]},{\"@type\":\"ImageObject\",\"inLanguage\":\"az\",\"@id\":\"https:\\\/\\\/www.meydan.tv\\\/az\\\/article\\\/qardasi-mirhafiz-ceferzade-tecridxanada-stulda-oturulu-yatir-ona-carpayi-vermirler\\\/#primaryimage\",\"url\":\"https:\\\/\\\/www.meydan.tv\\\/wp-content\\\/uploads\\\/hebs-e1671615916242.png\",\"contentUrl\":\"https:\\\/\\\/www.meydan.tv\\\/wp-content\\\/uploads\\\/hebs-e1671615916242.png\",\"width\":1191,\"height\":482,\"caption\":\"Mirhafiz C\u0259f\u0259rzad\u0259. Foto: screenshot\"},{\"@type\":\"BreadcrumbList\",\"@id\":\"https:\\\/\\\/www.meydan.tv\\\/az\\\/article\\\/qardasi-mirhafiz-ceferzade-tecridxanada-stulda-oturulu-yatir-ona-carpayi-vermirler\\\/#breadcrumb\",\"itemListElement\":[{\"@type\":\"ListItem\",\"position\":1,\"name\":\"Ana s\u0259hif\u0259\",\"item\":\"https:\\\/\\\/www.meydan.tv\\\/az\\\/\"},{\"@type\":\"ListItem\",\"position\":2,\"name\":\"Sosial\",\"item\":\"https:\\\/\\\/www.meydan.tv\\\/az\\\/section\\\/sosial\\\/\"},{\"@type\":\"ListItem\",\"position\":3,\"name\":\"Qarda\u015f\u0131: \u201cMirhafiz C\u0259f\u0259rzad\u0259 t\u0259cridxanada stulda oturulu yat\u0131r, ona \u00e7arpay\u0131 vermirl\u0259r\u201d\"}]},{\"@type\":\"WebSite\",\"@id\":\"https:\\\/\\\/www.meydan.tv\\\/az\\\/#website\",\"url\":\"https:\\\/\\\/www.meydan.tv\\\/az\\\/\",\"name\":\"MEYDAN.TV\",\"description\":\"Meydan TV Az\u0259rbaycan\u0131n media m\u0259kan\u0131ndak\u0131 alternativ s\u0259sidir\",\"publisher\":{\"@id\":\"https:\\\/\\\/www.meydan.tv\\\/az\\\/#organization\"},\"potentialAction\":[{\"@type\":\"SearchAction\",\"target\":{\"@type\":\"EntryPoint\",\"urlTemplate\":\"https:\\\/\\\/www.meydan.tv\\\/az\\\/?s={search_term_string}\"},\"query-input\":{\"@type\":\"PropertyValueSpecification\",\"valueRequired\":true,\"valueName\":\"search_term_string\"}}],\"inLanguage\":\"az\"},{\"@type\":\"Organization\",\"@id\":\"https:\\\/\\\/www.meydan.tv\\\/az\\\/#organization\",\"name\":\"Meydan TV\",\"url\":\"https:\\\/\\\/www.meydan.tv\\\/az\\\/\",\"logo\":{\"@type\":\"ImageObject\",\"inLanguage\":\"az\",\"@id\":\"https:\\\/\\\/www.meydan.tv\\\/az\\\/#\\\/schema\\\/logo\\\/image\\\/\",\"url\":\"https:\\\/\\\/www.meydan.tv\\\/wp-content\\\/uploads\\\/2021\\\/07\\\/meydan-logo.svg\",\"contentUrl\":\"https:\\\/\\\/www.meydan.tv\\\/wp-content\\\/uploads\\\/2021\\\/07\\\/meydan-logo.svg\",\"width\":195,\"height\":46,\"caption\":\"Meydan TV\"},\"image\":{\"@id\":\"https:\\\/\\\/www.meydan.tv\\\/az\\\/#\\\/schema\\\/logo\\\/image\\\/\"}},{\"@type\":\"Person\",\"@id\":\"https:\\\/\\\/www.meydan.tv\\\/az\\\/#\\\/schema\\\/person\\\/09863e516102a829e72bedcf3f84c6b0\",\"name\":\"mahmud\"}]}<\/script>\n<!-- \/ Yoast SEO plugin. -->","yoast_head_json":{"title":"Qarda\u015f\u0131: \u201cMirhafiz C\u0259f\u0259rzad\u0259 t\u0259cridxanada stulda oturulu yat\u0131r, ona \u00e7arpay\u0131 vermirl\u0259r\u201d - MEYDAN.TV","robots":{"index":"index","follow":"follow","max-snippet":"max-snippet:-1","max-image-preview":"max-image-preview:large","max-video-preview":"max-video-preview:-1"},"canonical":"https:\/\/www.meydan.tv\/az\/article\/qardasi-mirhafiz-ceferzade-tecridxanada-stulda-oturulu-yatir-ona-carpayi-vermirler\/","og_locale":"az_AZ","og_type":"article","og_title":"Qarda\u015f\u0131: \u201cMirhafiz C\u0259f\u0259rzad\u0259 t\u0259cridxanada stulda oturulu yat\u0131r, ona \u00e7arpay\u0131 vermirl\u0259r\u201d - MEYDAN.TV","og_description":"A\u011fciy\u0259r v\u0259 astma x\u0259st\u0259likl\u0259rind\u0259n \u0259ziyy\u0259t \u00e7\u0259k\u0259n m\u0259hbusun siqaret \u00e7\u0259k\u0259nl\u0259rl\u0259 bir ... Davam\u0131","og_url":"https:\/\/www.meydan.tv\/az\/article\/qardasi-mirhafiz-ceferzade-tecridxanada-stulda-oturulu-yatir-ona-carpayi-vermirler\/","og_site_name":"MEYDAN.TV","article_published_time":"2023-11-30T09:09:23+00:00","article_modified_time":"2023-11-30T09:09:38+00:00","og_image":[{"width":1191,"height":482,"url":"https:\/\/www.meydan.tv\/wp-content\/uploads\/hebs-e1671615916242.png","type":"image\/png"}],"author":"mahmud","twitter_card":"summary_large_image","schema":{"@context":"https:\/\/schema.org","@graph":[{"@type":"Article","@id":"https:\/\/www.meydan.tv\/az\/article\/qardasi-mirhafiz-ceferzade-tecridxanada-stulda-oturulu-yatir-ona-carpayi-vermirler\/#article","isPartOf":{"@id":"https:\/\/www.meydan.tv\/az\/article\/qardasi-mirhafiz-ceferzade-tecridxanada-stulda-oturulu-yatir-ona-carpayi-vermirler\/"},"author":{"name":"mahmud","@id":"https:\/\/www.meydan.tv\/az\/#\/schema\/person\/09863e516102a829e72bedcf3f84c6b0"},"headline":"Qarda\u015f\u0131: \u201cMirhafiz C\u0259f\u0259rzad\u0259 t\u0259cridxanada stulda oturulu yat\u0131r, ona \u00e7arpay\u0131 vermirl\u0259r\u201d","datePublished":"2023-11-30T09:09:23+00:00","dateModified":"2023-11-30T09:09:38+00:00","mainEntityOfPage":{"@id":"https:\/\/www.meydan.tv\/az\/article\/qardasi-mirhafiz-ceferzade-tecridxanada-stulda-oturulu-yatir-ona-carpayi-vermirler\/"},"wordCount":741,"publisher":{"@id":"https:\/\/www.meydan.tv\/az\/#organization"},"image":{"@id":"https:\/\/www.meydan.tv\/az\/article\/qardasi-mirhafiz-ceferzade-tecridxanada-stulda-oturulu-yatir-ona-carpayi-vermirler\/#primaryimage"},"thumbnailUrl":"https:\/\/www.meydan.tv\/wp-content\/uploads\/hebs-e1671615916242.png","articleSection":["Sosial","X\u0259b\u0259rl\u0259r"],"inLanguage":"az"},{"@type":"WebPage","@id":"https:\/\/www.meydan.tv\/az\/article\/qardasi-mirhafiz-ceferzade-tecridxanada-stulda-oturulu-yatir-ona-carpayi-vermirler\/","url":"https:\/\/www.meydan.tv\/az\/article\/qardasi-mirhafiz-ceferzade-tecridxanada-stulda-oturulu-yatir-ona-carpayi-vermirler\/","name":"Qarda\u015f\u0131: \u201cMirhafiz C\u0259f\u0259rzad\u0259 t\u0259cridxanada stulda oturulu yat\u0131r, ona \u00e7arpay\u0131 vermirl\u0259r\u201d - MEYDAN.TV","isPartOf":{"@id":"https:\/\/www.meydan.tv\/az\/#website"},"primaryImageOfPage":{"@id":"https:\/\/www.meydan.tv\/az\/article\/qardasi-mirhafiz-ceferzade-tecridxanada-stulda-oturulu-yatir-ona-carpayi-vermirler\/#primaryimage"},"image":{"@id":"https:\/\/www.meydan.tv\/az\/article\/qardasi-mirhafiz-ceferzade-tecridxanada-stulda-oturulu-yatir-ona-carpayi-vermirler\/#primaryimage"},"thumbnailUrl":"https:\/\/www.meydan.tv\/wp-content\/uploads\/hebs-e1671615916242.png","datePublished":"2023-11-30T09:09:23+00:00","dateModified":"2023-11-30T09:09:38+00:00","breadcrumb":{"@id":"https:\/\/www.meydan.tv\/az\/article\/qardasi-mirhafiz-ceferzade-tecridxanada-stulda-oturulu-yatir-ona-carpayi-vermirler\/#breadcrumb"},"inLanguage":"az","potentialAction":[{"@type":"ReadAction","target":["https:\/\/www.meydan.tv\/az\/article\/qardasi-mirhafiz-ceferzade-tecridxanada-stulda-oturulu-yatir-ona-carpayi-vermirler\/"]}]},{"@type":"ImageObject","inLanguage":"az","@id":"https:\/\/www.meydan.tv\/az\/article\/qardasi-mirhafiz-ceferzade-tecridxanada-stulda-oturulu-yatir-ona-carpayi-vermirler\/#primaryimage","url":"https:\/\/www.meydan.tv\/wp-content\/uploads\/hebs-e1671615916242.png","contentUrl":"https:\/\/www.meydan.tv\/wp-content\/uploads\/hebs-e1671615916242.png","width":1191,"height":482,"caption":"Mirhafiz C\u0259f\u0259rzad\u0259. Foto: screenshot"},{"@type":"BreadcrumbList","@id":"https:\/\/www.meydan.tv\/az\/article\/qardasi-mirhafiz-ceferzade-tecridxanada-stulda-oturulu-yatir-ona-carpayi-vermirler\/#breadcrumb","itemListElement":[{"@type":"ListItem","position":1,"name":"Ana s\u0259hif\u0259","item":"https:\/\/www.meydan.tv\/az\/"},{"@type":"ListItem","position":2,"name":"Sosial","item":"https:\/\/www.meydan.tv\/az\/section\/sosial\/"},{"@type":"ListItem","position":3,"name":"Qarda\u015f\u0131: \u201cMirhafiz C\u0259f\u0259rzad\u0259 t\u0259cridxanada stulda oturulu yat\u0131r, ona \u00e7arpay\u0131 vermirl\u0259r\u201d"}]},{"@type":"WebSite","@id":"https:\/\/www.meydan.tv\/az\/#website","url":"https:\/\/www.meydan.tv\/az\/","name":"MEYDAN.TV","description":"Meydan TV Az\u0259rbaycan\u0131n media m\u0259kan\u0131ndak\u0131 alternativ s\u0259sidir","publisher":{"@id":"https:\/\/www.meydan.tv\/az\/#organization"},"potentialAction":[{"@type":"SearchAction","target":{"@type":"EntryPoint","urlTemplate":"https:\/\/www.meydan.tv\/az\/?s={search_term_string}"},"query-input":{"@type":"PropertyValueSpecification","valueRequired":true,"valueName":"search_term_string"}}],"inLanguage":"az"},{"@type":"Organization","@id":"https:\/\/www.meydan.tv\/az\/#organization","name":"Meydan TV","url":"https:\/\/www.meydan.tv\/az\/","logo":{"@type":"ImageObject","inLanguage":"az","@id":"https:\/\/www.meydan.tv\/az\/#\/schema\/logo\/image\/","url":"https:\/\/www.meydan.tv\/wp-content\/uploads\/2021\/07\/meydan-logo.svg","contentUrl":"https:\/\/www.meydan.tv\/wp-content\/uploads\/2021\/07\/meydan-logo.svg","width":195,"height":46,"caption":"Meydan TV"},"image":{"@id":"https:\/\/www.meydan.tv\/az\/#\/schema\/logo\/image\/"}},{"@type":"Person","@id":"https:\/\/www.meydan.tv\/az\/#\/schema\/person\/09863e516102a829e72bedcf3f84c6b0","name":"mahmud"}]}},"_links":{"self":[{"href":"https:\/\/www.meydan.tv\/az\/wp-json\/wp\/v2\/posts\/291784","targetHints":{"allow":["GET"]}}],"collection":[{"href":"https:\/\/www.meydan.tv\/az\/wp-json\/wp\/v2\/posts"}],"about":[{"href":"https:\/\/www.meydan.tv\/az\/wp-json\/wp\/v2\/types\/post"}],"author":[{"embeddable":true,"href":"https:\/\/www.meydan.tv\/az\/wp-json\/wp\/v2\/users\/21"}],"replies":[{"embeddable":true,"href":"https:\/\/www.meydan.tv\/az\/wp-json\/wp\/v2\/comments?post=291784"}],"version-history":[{"count":1,"href":"https:\/\/www.meydan.tv\/az\/wp-json\/wp\/v2\/posts\/291784\/revisions"}],"predecessor-version":[{"id":291785,"href":"https:\/\/www.meydan.tv\/az\/wp-json\/wp\/v2\/posts\/291784\/revisions\/291785"}],"wp:featuredmedia":[{"embeddable":true,"href":"https:\/\/www.meydan.tv\/az\/wp-json\/wp\/v2\/media\/263996"}],"wp:attachment":[{"href":"https:\/\/www.meydan.tv\/az\/wp-json\/wp\/v2\/media?parent=291784"}],"wp:term":[{"taxonomy":"category","embeddable":true,"href":"https:\/\/www.meydan.tv\/az\/wp-json\/wp\/v2\/categories?post=291784"},{"taxonomy":"post_tag","embeddable":true,"href":"https:\/\/www.meydan.tv\/az\/wp-json\/wp\/v2\/tags?post=291784"}],"curies":[{"name":"wp","href":"https:\/\/api.w.org\/{rel}","templated":true}]}}