{"id":291773,"date":"2023-11-30T12:22:46","date_gmt":"2023-11-30T08:22:46","guid":{"rendered":"https:\/\/www.meydan.tv\/?p=291773"},"modified":"2023-11-30T12:22:50","modified_gmt":"2023-11-30T08:22:50","slug":"gence-sakini-elmi-fealiyyetine-imkan-verilmediyini-mudafieye-buraxilmadigini-deyir","status":"publish","type":"post","link":"https:\/\/www.meydan.tv\/az\/article\/gence-sakini-elmi-fealiyyetine-imkan-verilmediyini-mudafieye-buraxilmadigini-deyir\/","title":{"rendered":"G\u0259nc\u0259 sakini elmi f\u0259aliyy\u0259tin\u0259 imkan verilm\u0259diyini, m\u00fcdafi\u0259y\u0259 burax\u0131lmad\u0131\u011f\u0131n\u0131 deyir"},"content":{"rendered":"\n<p><\/p>\n\n\n\n<p><strong><em>\u0130lah\u0259 Hac\u0131yeva: \u201cAtam prezident\u0259 m\u0259ktub g\u00f6nd\u0259rdi ki, q\u0131z\u0131m m\u00fcdafi\u0259y\u0259 haz\u0131rd\u0131, amma \u00e7a\u011f\u0131rm\u0131rlar, ondan sonra&#8230;\u201d<\/em><\/strong><\/p>\n\n\n\n<p>G\u0259nc\u0259 sakini \u0130lah\u0259 Hac\u0131yeva elmi f\u0259aliyy\u0259tind\u0259 \u0259ng\u0259ll\u0259rl\u0259 \u00fczl\u0259\u015fdiyini, ona s\u00fcni mane\u0259l\u0259r yarad\u0131ld\u0131\u011f\u0131n\u0131 deyir. Onun s\u00f6zl\u0259rin\u0259 g\u00f6r\u0259, elmi i\u015fi xeyli vaxtd\u0131r haz\u0131r olsa da, m\u00fcdafi\u0259y\u0259 burax\u0131lm\u0131r.<\/p>\n\n\n\n<p><strong>\u201c2018-ci ild\u0259 dissertasiya haz\u0131r oldu\u201d<\/strong><\/p>\n\n\n\n<p>\u0130lah\u0259 Hac\u0131yeva deyir ki, Az\u0259rbaycan Milli Elml\u0259r Akademiyas\u0131n\u0131n (AMEA) G\u0259nc\u0259 b\u00f6lm\u0259sinin Bioresurslar \u0130nstitutunda doktorantura t\u0259hsili al\u0131b. O, 2014-c\u00fc ild\u0259n ba\u015flayaraq, 4 il qiyabi oxuyub.<\/p>\n\n\n\n<p>Dan\u0131\u015f\u0131r ki, t\u0259hsil ald\u0131\u011f\u0131 m\u00fcdd\u0259td\u0259 elmi r\u0259hb\u0259ri, m\u0259rhum Nem\u0259t Qas\u0131movla birlikd\u0259 3 il \u015f\u0259k\u0259r \u00e7u\u011funduruyla ba\u011fl\u0131 elmi ara\u015fd\u0131rma apar\u0131blar. Ara\u015fd\u0131rma \u00e7\u0259r\u00e7iv\u0259sind\u0259 m\u00fcxt\u0259lif elmi idar\u0259l\u0259rin laboratoriyalar\u0131nda, o c\u00fcml\u0259d\u0259n haz\u0131rda \u015fikay\u0259t\u00e7i oldu\u011fu AMEA-n\u0131n Molekulyar Biologiya v\u0259 Biotexnologiyalar \u0130nstitutunun laboratoriyas\u0131nda i\u015fl\u0259yibl\u0259r:<\/p>\n\n\n\n<p><em>\u201cBu i\u015f t\u0259xmin\u0259n 5 il \u0259rzind\u0259 g\u00f6r\u00fclm\u00fc\u015fd\u00fc. 2016-c\u0131 ild\u0259 r\u0259hb\u0259rim Nem\u0259t Qas\u0131movun v\u0259fat\u0131ndan sonra b\u0259zi hiss\u0259l\u0259ri \u00f6z\u00fcm t\u0259kba\u015f\u0131na yerin\u0259 yetirdim. 2018-ci ild\u0259 n\u0259tic\u0259l\u0259r \u0259ld\u0259 ed\u0259nd\u0259n sonra dissertasiya haz\u0131r oldu\u201d.<\/em><\/p>\n\n\n\n<p><strong>Prezident\u0259 m\u0259ktub<\/strong><\/p>\n\n\n\n<p>\u0130lah\u0259 Hac\u0131yeva bildirir ki, AMEA-n\u0131n G\u0259nc\u0259 b\u00f6lm\u0259sinin r\u0259hb\u0259ri Fuad \u018fliyev h\u0259min d\u00f6vrd\u0259 Ali Attestasiya Komissiyas\u0131n\u0131n s\u0259dri Famil Mustafayev\u0259 onunla ba\u011fl\u0131 m\u0259ktub g\u00f6nd\u0259rib.<\/p>\n\n\n<div class=\"wp-block-image\">\n<figure class=\"alignleft size-full is-resized\"><img decoding=\"async\" width=\"828\" height=\"608\" data-src=\"https:\/\/www.meydan.tv\/wp-content\/uploads\/whatsapp_image_2023-11-30_at_09.43.58__1_.jpeg\" alt=\"\" class=\"wp-image-291778 lazyload\" style=\"--smush-placeholder-width: 828px; --smush-placeholder-aspect-ratio: 828\/608;width:397px;height:auto\" src=\"data:image\/svg+xml;base64,PHN2ZyB3aWR0aD0iMSIgaGVpZ2h0PSIxIiB4bWxucz0iaHR0cDovL3d3dy53My5vcmcvMjAwMC9zdmciPjwvc3ZnPg==\" \/><figcaption class=\"wp-element-caption\">\u0130lah\u0259 Hac\u0131yeva<\/figcaption><\/figure>\n<\/div>\n\n\n<p><em>\u201cM\u0259ktubda m\u0259niml\u0259 ba\u011fl\u0131 g\u00f6st\u0259rmi\u015fdi ki, elmi i\u015fini bitirib, lakin r\u0259hb\u0259r r\u0259yi yoxdur. Bel\u0259 halda, m\u00fcmk\u00fcnd\u00fcrs\u0259, ilkin m\u00fczakir\u0259y\u0259 burax\u0131ls\u0131n. Oradan m\u00fcsb\u0259t cavab verildi. Elmi i\u015fimin m\u00fcdafi\u0259sin\u0259 icaz\u0259 verildi. 2019-cu il may\u0131n 21-d\u0259 ilkin m\u00fczakir\u0259d\u0259n ke\u00e7dim. Sonra pandemiya oldu. Ba\u015fqa sah\u0259l\u0259rd\u0259 oldu\u011fu kimi, elmi sah\u0259d\u0259 d\u0259 l\u0259ngim\u0259l\u0259r ya\u015fand\u0131. Elmi m\u0259qal\u0259mi 2021-ci ild\u0259 d\u0259rc el\u0259tdirdim&#8230;\u201d<\/em>.<\/p>\n\n\n\n<p>\u0130lah\u0259 Hac\u0131yevan\u0131n s\u00f6zl\u0259rin\u0259 g\u00f6r\u0259, o, daha sonra AMEA-n\u0131n Molekulyar Biologiya v\u0259 Biotexnologiyalar \u0130nstitutunun direktoru \u0130rad\u0259 H\u00fcseynovaya m\u00fcraci\u0259t edib. \u0130rad\u0259 H\u00fcseynova h\u0259m d\u0259 o d\u00f6vrd\u0259 Molekulyar Biologiya v\u0259 Biotexnologiyalar \u0130nstitutunun n\u0259zdind\u0259 yeni yaranan Dissertasiya \u015euras\u0131n\u0131n s\u0259dri olub.<\/p>\n\n\n\n<p>ED 1.25 qeydiyyat n\u00f6mr\u0259li Dissertasiya \u015euras\u0131 Ali Attestasiya Komissiyas\u0131n\u0131n s\u0259dri Famil Mustafayevin 28 dekabr 2019-cu il tarixli \u0259mril\u0259 yarad\u0131l\u0131b.<\/p>\n\n\n\n<p><em>\u201c\u0130rad\u0259 H\u00fcseynova m\u0259n\u0259 dedi ki, s\u0259n\u0259dl\u0259ri po\u00e7t vasit\u0259sil\u0259 g\u00f6nd\u0259rim. M\u0259n d\u0259 2020-ci ild\u0259 s\u0259n\u0259dl\u0259rimi g\u00f6nd\u0259rdim. Bunu t\u0259sdiql\u0259y\u0259n po\u00e7t q\u0259bzl\u0259rim d\u0259 var. Pandemiya s\u0259ngiy\u0259nd\u0259n sonra \u015furalar f\u0259aliyy\u0259t\u0259 ba\u015flad\u0131. Xeyli g\u00f6zl\u0259dim, m\u0259ni \u00e7a\u011f\u0131rmad\u0131lar. D\u0259f\u0259l\u0259rl\u0259 \u0130rad\u0259 xan\u0131ma da, dig\u0259r \u015f\u0259xsl\u0259r\u0259 m\u00fcraci\u0259t el\u0259dim. N\u0259tic\u0259si olmad\u0131. Atam Qaraba\u011f m\u00fcharib\u0259si veteran\u0131d\u0131r. O, m\u00fcxt\u0259lif d\u00f6vl\u0259t orqanlar\u0131na, o c\u00fcml\u0259d\u0259n prezident\u0259 m\u0259ktub g\u00f6nd\u0259rdi ki, q\u0131z\u0131m m\u00fcdafi\u0259y\u0259 haz\u0131rd\u0131, amma \u00e7a\u011f\u0131rm\u0131rlar. Bundan sonra m\u0259n\u0259 yazd\u0131lar ki, \u201cg\u0259lib seminardan ke\u00e7\u0259rs\u0259n\u201d. M\u0259n seminardan k\u0259sildim. D\u00fczd\u00fcr, el\u0259 \u015feyl\u0259r vard\u0131 ki, onlar\u0131n d\u00fcz\u0259li\u015f\u0259 ehtiyac\u0131 vard\u0131, amma el\u0259 s\u0259hvl\u0259r d\u0259 vard\u0131 ki, onlar \u00e7ox c\u00fczi idi. M\u0259n\u0259 dedil\u0259r ki, on g\u00fcn \u0259rzind\u0259 d\u00fcz\u0259ldib g\u0259tirs\u0259n, \u0259sas m\u00fcdafi\u0259y\u0259 ke\u00e7m\u0259k h\u00fcququ \u0259ld\u0259 ed\u0259c\u0259ks\u0259n. M\u0259n deyil\u0259n vaxtda G\u0259nc\u0259d\u0259n g\u0259lirdim dey\u0259, 1-2 saat gecikdim. M\u0259n\u0259 dedil\u0259r ki, vaxt ke\u00e7ib, \u015euradan laz\u0131mi s\u0259si toplaya bilm\u0259mis\u0259n&#8230;\u201d<\/em>, &#8211; \u0130lah\u0259 Hac\u0131yeva bel\u0259 deyir.<\/p>\n\n\n\n<p><strong>\u201cGah dedil\u0259r s\u0259n\u0259dl\u0259r t\u0259qdim olunmay\u0131b, gah ba\u015fqa b\u0259han\u0259&#8230;\u201d<\/strong><\/p>\n\n\n\n<p>Onun s\u00f6zl\u0259rin\u0259 g\u00f6r\u0259, gedib dissertasiyan\u0131n \u00fcst\u00fcnd\u0259 yenid\u0259n i\u015fl\u0259yib. 2022-ci ilin aprelind\u0259 Bioresurslar \u0130nstitutunda ikinci d\u0259f\u0259 ilkin m\u00fczakir\u0259d\u0259n ke\u00e7\u0259si olub. N\u0259tic\u0259ni Seminar \u015euras\u0131na t\u0259qdim edib. Bir m\u00fcdd\u0259t g\u00f6zl\u0259yib, yen\u0259 \u00e7a\u011f\u0131r\u0131lmad\u0131\u011f\u0131n\u0131 g\u00f6r\u0259nd\u0259 bir daha \u015fikay\u0259t edib:<\/p>\n\n\n\n<p><em>\u201cSentyabr\u0131n 23-d\u0259 m\u0259n ikinci seminara \u00e7a\u011f\u0131r\u0131ld\u0131m. M\u00fcsb\u0259t r\u0259y ald\u0131m. H\u0259min r\u0259yl\u0259rin \u0259sli d\u0259 \u00f6z\u00fcmd\u0259dir. Yen\u0259 bir xeyli g\u00f6zl\u0259dim, h\u0259tta tez-tez \u0259laq\u0259 d\u0259 saxlay\u0131rd\u0131m ki, m\u0259ni m\u00fcdafi\u0259y\u0259 n\u0259 vaxt \u00e7a\u011f\u0131r\u0131rs\u0131n\u0131z? Gah dedil\u0259r ki, Seminar \u015euras\u0131 s\u0259n\u0259dl\u0259rini t\u0259qdim el\u0259m\u0259yib, gah ba\u015fqa b\u0259han\u0259 g\u0259tirdil\u0259r. Ya\u015far m\u00fc\u0259llim m\u0259n\u0259 dedi ki, b\u00fct\u00fcn s\u0259n\u0259dl\u0259r t\u0259qdim olunub&#8230;\u201d<\/em>.<\/p>\n\n\n\n<p>\u0130lah\u0259 Hac\u0131yeva deyir ki, onun haqq\u0131nda m\u00fcsb\u0259t r\u0259yl\u0259r qala-qala birinci seminardan k\u0259silm\u0259si bar\u0259d\u0259 r\u0259yi \u0259lav\u0259 edib g\u00f6nd\u0259ribl\u0259r:<\/p>\n\n\n\n<p><em>\u201cEyni adamlara da m\u0259nfi r\u0259y\u0259 qol \u00e7\u0259kdiribl\u0259r. Bu, nec\u0259 m\u00fcmk\u00fcnd\u00fcr ki, eyni adam h\u0259m m\u00fcsb\u0259t, h\u0259m d\u0259 m\u0259nfi r\u0259y verir? M\u0259n savadl\u0131 kadrlar yeti\u015fdirm\u0259k ist\u0259yir\u0259m, imkan vermirl\u0259r, \u00f6zba\u015f\u0131nal\u0131q edirl\u0259r\u201d<\/em>.<\/p>\n\n\n\n<p>O vur\u011fulay\u0131b ki, q\u0259r\u0259zli \u015f\u0259kild\u0259 elm yolunda ir\u0259lil\u0259m\u0259sin\u0259 imkan vermirl\u0259r, yolunu k\u0259sirl\u0259r.<\/p>\n\n\n\n<p><strong>Dissertasiya \u015euras\u0131n\u0131n s\u0259dri: \u201cElmi i\u015f t\u0259l\u0259bl\u0259r\u0259 cavab verm\u0259lidir\u201d<\/strong><\/p>\n\n\n\n<p>Dissertasiya \u015euras\u0131n\u0131n s\u0259dri \u0130rad\u0259 H\u00fcseynova is\u0259 \u0130lah\u0259 Hac\u0131yevan\u0131n ona qar\u015f\u0131 q\u0259r\u0259zli m\u00fcnasib\u0259t haqda dedikl\u0259ril\u0259 raz\u0131la\u015fm\u0131r:<\/p>\n\n\n\n<p><em>\u201cO, Seminar \u015euras\u0131ndan ke\u00e7ib, M\u00fcdafi\u0259 \u015euras\u0131na g\u0259lm\u0259yib. Ona xeyli k\u00f6m\u0259k d\u0259 olunub. Bu adam \u00f6z\u00fc m\u00fcdafi\u0259y\u0259 g\u0259lm\u0259kd\u0259n imtina el\u0259yib. Elmi i\u015fi qaydaya salmaq laz\u0131md\u0131r. Elmi i\u015f t\u0259l\u0259bl\u0259r\u0259 cavab verm\u0259lidir\u201d<\/em>.<\/p>\n","protected":false},"excerpt":{"rendered":"<p>\u0130lah\u0259 Hac\u0131yeva: \u201cAtam prezident\u0259 m\u0259ktub g\u00f6nd\u0259rdi ki, q\u0131z\u0131m m\u00fcdafi\u0259y\u0259 haz\u0131rd\u0131, &#8230; <\/p>\n<p class=\"read-more-container\"><a title=\"G\u0259nc\u0259 sakini elmi f\u0259aliyy\u0259tin\u0259 imkan verilm\u0259diyini, m\u00fcdafi\u0259y\u0259 burax\u0131lmad\u0131\u011f\u0131n\u0131 deyir\" class=\"read-more button\" href=\"https:\/\/www.meydan.tv\/az\/article\/gence-sakini-elmi-fealiyyetine-imkan-verilmediyini-mudafieye-buraxilmadigini-deyir\/#more-291773\" aria-label=\"Read more about G\u0259nc\u0259 sakini elmi f\u0259aliyy\u0259tin\u0259 imkan verilm\u0259diyini, m\u00fcdafi\u0259y\u0259 burax\u0131lmad\u0131\u011f\u0131n\u0131 deyir\">Davam\u0131<\/a><\/p>\n","protected":false},"author":21,"featured_media":291775,"comment_status":"closed","ping_status":"closed","sticky":false,"template":"","format":"standard","meta":{"_acf_changed":false,"_sitemap_exclude":false,"_sitemap_priority":"","_sitemap_frequency":"","footnotes":""},"categories":[60,62],"tags":[],"class_list":["post-291773","post","type-post","status-publish","format-standard","has-post-thumbnail","hentry","category-bolge","category-sosial","infinite-scroll-item","generate-columns","tablet-grid-50","mobile-grid-100","grid-parent","grid-33","no-featured-image-padding"],"acf":[],"yoast_head":"<!-- This site is optimized with the Yoast SEO plugin v27.4 - https:\/\/yoast.com\/product\/yoast-seo-wordpress\/ -->\n<title>G\u0259nc\u0259 sakini elmi f\u0259aliyy\u0259tin\u0259 imkan verilm\u0259diyini, m\u00fcdafi\u0259y\u0259 burax\u0131lmad\u0131\u011f\u0131n\u0131 deyir - MEYDAN.TV<\/title>\n<meta name=\"robots\" content=\"index, follow, max-snippet:-1, max-image-preview:large, max-video-preview:-1\" \/>\n<link rel=\"canonical\" href=\"https:\/\/www.meydan.tv\/az\/article\/gence-sakini-elmi-fealiyyetine-imkan-verilmediyini-mudafieye-buraxilmadigini-deyir\/\" \/>\n<meta property=\"og:locale\" content=\"az_AZ\" \/>\n<meta property=\"og:type\" content=\"article\" \/>\n<meta property=\"og:title\" content=\"G\u0259nc\u0259 sakini elmi f\u0259aliyy\u0259tin\u0259 imkan verilm\u0259diyini, m\u00fcdafi\u0259y\u0259 burax\u0131lmad\u0131\u011f\u0131n\u0131 deyir - MEYDAN.TV\" \/>\n<meta property=\"og:description\" content=\"\u0130lah\u0259 Hac\u0131yeva: \u201cAtam prezident\u0259 m\u0259ktub g\u00f6nd\u0259rdi ki, q\u0131z\u0131m m\u00fcdafi\u0259y\u0259 haz\u0131rd\u0131, ... Davam\u0131\" \/>\n<meta property=\"og:url\" content=\"https:\/\/www.meydan.tv\/az\/article\/gence-sakini-elmi-fealiyyetine-imkan-verilmediyini-mudafieye-buraxilmadigini-deyir\/\" \/>\n<meta property=\"og:site_name\" content=\"MEYDAN.TV\" \/>\n<meta property=\"article:published_time\" content=\"2023-11-30T08:22:46+00:00\" \/>\n<meta property=\"article:modified_time\" content=\"2023-11-30T08:22:50+00:00\" \/>\n<meta property=\"og:image\" content=\"https:\/\/www.meydan.tv\/wp-content\/uploads\/whatsapp_image_2023-11-30_at_09.43.58_720-e1701332357666.jpg\" \/>\n\t<meta property=\"og:image:width\" content=\"484\" \/>\n\t<meta property=\"og:image:height\" content=\"276\" \/>\n\t<meta property=\"og:image:type\" content=\"image\/jpeg\" \/>\n<meta name=\"author\" content=\"mahmud\" \/>\n<meta name=\"twitter:card\" content=\"summary_large_image\" \/>\n<script type=\"application\/ld+json\" class=\"yoast-schema-graph\">{\"@context\":\"https:\\\/\\\/schema.org\",\"@graph\":[{\"@type\":\"Article\",\"@id\":\"https:\\\/\\\/www.meydan.tv\\\/az\\\/article\\\/gence-sakini-elmi-fealiyyetine-imkan-verilmediyini-mudafieye-buraxilmadigini-deyir\\\/#article\",\"isPartOf\":{\"@id\":\"https:\\\/\\\/www.meydan.tv\\\/az\\\/article\\\/gence-sakini-elmi-fealiyyetine-imkan-verilmediyini-mudafieye-buraxilmadigini-deyir\\\/\"},\"author\":{\"name\":\"mahmud\",\"@id\":\"https:\\\/\\\/www.meydan.tv\\\/az\\\/#\\\/schema\\\/person\\\/09863e516102a829e72bedcf3f84c6b0\"},\"headline\":\"G\u0259nc\u0259 sakini elmi f\u0259aliyy\u0259tin\u0259 imkan verilm\u0259diyini, m\u00fcdafi\u0259y\u0259 burax\u0131lmad\u0131\u011f\u0131n\u0131 deyir\",\"datePublished\":\"2023-11-30T08:22:46+00:00\",\"dateModified\":\"2023-11-30T08:22:50+00:00\",\"mainEntityOfPage\":{\"@id\":\"https:\\\/\\\/www.meydan.tv\\\/az\\\/article\\\/gence-sakini-elmi-fealiyyetine-imkan-verilmediyini-mudafieye-buraxilmadigini-deyir\\\/\"},\"wordCount\":1073,\"publisher\":{\"@id\":\"https:\\\/\\\/www.meydan.tv\\\/az\\\/#organization\"},\"image\":{\"@id\":\"https:\\\/\\\/www.meydan.tv\\\/az\\\/article\\\/gence-sakini-elmi-fealiyyetine-imkan-verilmediyini-mudafieye-buraxilmadigini-deyir\\\/#primaryimage\"},\"thumbnailUrl\":\"https:\\\/\\\/www.meydan.tv\\\/wp-content\\\/uploads\\\/whatsapp_image_2023-11-30_at_09.43.58_720-e1701332357666.jpg\",\"articleSection\":[\"B\u00f6lg\u0259\",\"Sosial\"],\"inLanguage\":\"az\"},{\"@type\":\"WebPage\",\"@id\":\"https:\\\/\\\/www.meydan.tv\\\/az\\\/article\\\/gence-sakini-elmi-fealiyyetine-imkan-verilmediyini-mudafieye-buraxilmadigini-deyir\\\/\",\"url\":\"https:\\\/\\\/www.meydan.tv\\\/az\\\/article\\\/gence-sakini-elmi-fealiyyetine-imkan-verilmediyini-mudafieye-buraxilmadigini-deyir\\\/\",\"name\":\"G\u0259nc\u0259 sakini elmi f\u0259aliyy\u0259tin\u0259 imkan verilm\u0259diyini, m\u00fcdafi\u0259y\u0259 burax\u0131lmad\u0131\u011f\u0131n\u0131 deyir - MEYDAN.TV\",\"isPartOf\":{\"@id\":\"https:\\\/\\\/www.meydan.tv\\\/az\\\/#website\"},\"primaryImageOfPage\":{\"@id\":\"https:\\\/\\\/www.meydan.tv\\\/az\\\/article\\\/gence-sakini-elmi-fealiyyetine-imkan-verilmediyini-mudafieye-buraxilmadigini-deyir\\\/#primaryimage\"},\"image\":{\"@id\":\"https:\\\/\\\/www.meydan.tv\\\/az\\\/article\\\/gence-sakini-elmi-fealiyyetine-imkan-verilmediyini-mudafieye-buraxilmadigini-deyir\\\/#primaryimage\"},\"thumbnailUrl\":\"https:\\\/\\\/www.meydan.tv\\\/wp-content\\\/uploads\\\/whatsapp_image_2023-11-30_at_09.43.58_720-e1701332357666.jpg\",\"datePublished\":\"2023-11-30T08:22:46+00:00\",\"dateModified\":\"2023-11-30T08:22:50+00:00\",\"breadcrumb\":{\"@id\":\"https:\\\/\\\/www.meydan.tv\\\/az\\\/article\\\/gence-sakini-elmi-fealiyyetine-imkan-verilmediyini-mudafieye-buraxilmadigini-deyir\\\/#breadcrumb\"},\"inLanguage\":\"az\",\"potentialAction\":[{\"@type\":\"ReadAction\",\"target\":[\"https:\\\/\\\/www.meydan.tv\\\/az\\\/article\\\/gence-sakini-elmi-fealiyyetine-imkan-verilmediyini-mudafieye-buraxilmadigini-deyir\\\/\"]}]},{\"@type\":\"ImageObject\",\"inLanguage\":\"az\",\"@id\":\"https:\\\/\\\/www.meydan.tv\\\/az\\\/article\\\/gence-sakini-elmi-fealiyyetine-imkan-verilmediyini-mudafieye-buraxilmadigini-deyir\\\/#primaryimage\",\"url\":\"https:\\\/\\\/www.meydan.tv\\\/wp-content\\\/uploads\\\/whatsapp_image_2023-11-30_at_09.43.58_720-e1701332357666.jpg\",\"contentUrl\":\"https:\\\/\\\/www.meydan.tv\\\/wp-content\\\/uploads\\\/whatsapp_image_2023-11-30_at_09.43.58_720-e1701332357666.jpg\",\"width\":484,\"height\":276,\"caption\":\"Fotolar: Meydan TV\"},{\"@type\":\"BreadcrumbList\",\"@id\":\"https:\\\/\\\/www.meydan.tv\\\/az\\\/article\\\/gence-sakini-elmi-fealiyyetine-imkan-verilmediyini-mudafieye-buraxilmadigini-deyir\\\/#breadcrumb\",\"itemListElement\":[{\"@type\":\"ListItem\",\"position\":1,\"name\":\"Ana s\u0259hif\u0259\",\"item\":\"https:\\\/\\\/www.meydan.tv\\\/az\\\/\"},{\"@type\":\"ListItem\",\"position\":2,\"name\":\"Sosial\",\"item\":\"https:\\\/\\\/www.meydan.tv\\\/az\\\/section\\\/sosial\\\/\"},{\"@type\":\"ListItem\",\"position\":3,\"name\":\"G\u0259nc\u0259 sakini elmi f\u0259aliyy\u0259tin\u0259 imkan verilm\u0259diyini, m\u00fcdafi\u0259y\u0259 burax\u0131lmad\u0131\u011f\u0131n\u0131 deyir\"}]},{\"@type\":\"WebSite\",\"@id\":\"https:\\\/\\\/www.meydan.tv\\\/az\\\/#website\",\"url\":\"https:\\\/\\\/www.meydan.tv\\\/az\\\/\",\"name\":\"MEYDAN.TV\",\"description\":\"Meydan TV Az\u0259rbaycan\u0131n media m\u0259kan\u0131ndak\u0131 alternativ s\u0259sidir\",\"publisher\":{\"@id\":\"https:\\\/\\\/www.meydan.tv\\\/az\\\/#organization\"},\"potentialAction\":[{\"@type\":\"SearchAction\",\"target\":{\"@type\":\"EntryPoint\",\"urlTemplate\":\"https:\\\/\\\/www.meydan.tv\\\/az\\\/?s={search_term_string}\"},\"query-input\":{\"@type\":\"PropertyValueSpecification\",\"valueRequired\":true,\"valueName\":\"search_term_string\"}}],\"inLanguage\":\"az\"},{\"@type\":\"Organization\",\"@id\":\"https:\\\/\\\/www.meydan.tv\\\/az\\\/#organization\",\"name\":\"Meydan TV\",\"url\":\"https:\\\/\\\/www.meydan.tv\\\/az\\\/\",\"logo\":{\"@type\":\"ImageObject\",\"inLanguage\":\"az\",\"@id\":\"https:\\\/\\\/www.meydan.tv\\\/az\\\/#\\\/schema\\\/logo\\\/image\\\/\",\"url\":\"https:\\\/\\\/www.meydan.tv\\\/wp-content\\\/uploads\\\/2021\\\/07\\\/meydan-logo.svg\",\"contentUrl\":\"https:\\\/\\\/www.meydan.tv\\\/wp-content\\\/uploads\\\/2021\\\/07\\\/meydan-logo.svg\",\"width\":195,\"height\":46,\"caption\":\"Meydan TV\"},\"image\":{\"@id\":\"https:\\\/\\\/www.meydan.tv\\\/az\\\/#\\\/schema\\\/logo\\\/image\\\/\"}},{\"@type\":\"Person\",\"@id\":\"https:\\\/\\\/www.meydan.tv\\\/az\\\/#\\\/schema\\\/person\\\/09863e516102a829e72bedcf3f84c6b0\",\"name\":\"mahmud\"}]}<\/script>\n<!-- \/ Yoast SEO plugin. -->","yoast_head_json":{"title":"G\u0259nc\u0259 sakini elmi f\u0259aliyy\u0259tin\u0259 imkan verilm\u0259diyini, m\u00fcdafi\u0259y\u0259 burax\u0131lmad\u0131\u011f\u0131n\u0131 deyir - MEYDAN.TV","robots":{"index":"index","follow":"follow","max-snippet":"max-snippet:-1","max-image-preview":"max-image-preview:large","max-video-preview":"max-video-preview:-1"},"canonical":"https:\/\/www.meydan.tv\/az\/article\/gence-sakini-elmi-fealiyyetine-imkan-verilmediyini-mudafieye-buraxilmadigini-deyir\/","og_locale":"az_AZ","og_type":"article","og_title":"G\u0259nc\u0259 sakini elmi f\u0259aliyy\u0259tin\u0259 imkan verilm\u0259diyini, m\u00fcdafi\u0259y\u0259 burax\u0131lmad\u0131\u011f\u0131n\u0131 deyir - MEYDAN.TV","og_description":"\u0130lah\u0259 Hac\u0131yeva: \u201cAtam prezident\u0259 m\u0259ktub g\u00f6nd\u0259rdi ki, q\u0131z\u0131m m\u00fcdafi\u0259y\u0259 haz\u0131rd\u0131, ... Davam\u0131","og_url":"https:\/\/www.meydan.tv\/az\/article\/gence-sakini-elmi-fealiyyetine-imkan-verilmediyini-mudafieye-buraxilmadigini-deyir\/","og_site_name":"MEYDAN.TV","article_published_time":"2023-11-30T08:22:46+00:00","article_modified_time":"2023-11-30T08:22:50+00:00","og_image":[{"width":484,"height":276,"url":"https:\/\/www.meydan.tv\/wp-content\/uploads\/whatsapp_image_2023-11-30_at_09.43.58_720-e1701332357666.jpg","type":"image\/jpeg"}],"author":"mahmud","twitter_card":"summary_large_image","schema":{"@context":"https:\/\/schema.org","@graph":[{"@type":"Article","@id":"https:\/\/www.meydan.tv\/az\/article\/gence-sakini-elmi-fealiyyetine-imkan-verilmediyini-mudafieye-buraxilmadigini-deyir\/#article","isPartOf":{"@id":"https:\/\/www.meydan.tv\/az\/article\/gence-sakini-elmi-fealiyyetine-imkan-verilmediyini-mudafieye-buraxilmadigini-deyir\/"},"author":{"name":"mahmud","@id":"https:\/\/www.meydan.tv\/az\/#\/schema\/person\/09863e516102a829e72bedcf3f84c6b0"},"headline":"G\u0259nc\u0259 sakini elmi f\u0259aliyy\u0259tin\u0259 imkan verilm\u0259diyini, m\u00fcdafi\u0259y\u0259 burax\u0131lmad\u0131\u011f\u0131n\u0131 deyir","datePublished":"2023-11-30T08:22:46+00:00","dateModified":"2023-11-30T08:22:50+00:00","mainEntityOfPage":{"@id":"https:\/\/www.meydan.tv\/az\/article\/gence-sakini-elmi-fealiyyetine-imkan-verilmediyini-mudafieye-buraxilmadigini-deyir\/"},"wordCount":1073,"publisher":{"@id":"https:\/\/www.meydan.tv\/az\/#organization"},"image":{"@id":"https:\/\/www.meydan.tv\/az\/article\/gence-sakini-elmi-fealiyyetine-imkan-verilmediyini-mudafieye-buraxilmadigini-deyir\/#primaryimage"},"thumbnailUrl":"https:\/\/www.meydan.tv\/wp-content\/uploads\/whatsapp_image_2023-11-30_at_09.43.58_720-e1701332357666.jpg","articleSection":["B\u00f6lg\u0259","Sosial"],"inLanguage":"az"},{"@type":"WebPage","@id":"https:\/\/www.meydan.tv\/az\/article\/gence-sakini-elmi-fealiyyetine-imkan-verilmediyini-mudafieye-buraxilmadigini-deyir\/","url":"https:\/\/www.meydan.tv\/az\/article\/gence-sakini-elmi-fealiyyetine-imkan-verilmediyini-mudafieye-buraxilmadigini-deyir\/","name":"G\u0259nc\u0259 sakini elmi f\u0259aliyy\u0259tin\u0259 imkan verilm\u0259diyini, m\u00fcdafi\u0259y\u0259 burax\u0131lmad\u0131\u011f\u0131n\u0131 deyir - MEYDAN.TV","isPartOf":{"@id":"https:\/\/www.meydan.tv\/az\/#website"},"primaryImageOfPage":{"@id":"https:\/\/www.meydan.tv\/az\/article\/gence-sakini-elmi-fealiyyetine-imkan-verilmediyini-mudafieye-buraxilmadigini-deyir\/#primaryimage"},"image":{"@id":"https:\/\/www.meydan.tv\/az\/article\/gence-sakini-elmi-fealiyyetine-imkan-verilmediyini-mudafieye-buraxilmadigini-deyir\/#primaryimage"},"thumbnailUrl":"https:\/\/www.meydan.tv\/wp-content\/uploads\/whatsapp_image_2023-11-30_at_09.43.58_720-e1701332357666.jpg","datePublished":"2023-11-30T08:22:46+00:00","dateModified":"2023-11-30T08:22:50+00:00","breadcrumb":{"@id":"https:\/\/www.meydan.tv\/az\/article\/gence-sakini-elmi-fealiyyetine-imkan-verilmediyini-mudafieye-buraxilmadigini-deyir\/#breadcrumb"},"inLanguage":"az","potentialAction":[{"@type":"ReadAction","target":["https:\/\/www.meydan.tv\/az\/article\/gence-sakini-elmi-fealiyyetine-imkan-verilmediyini-mudafieye-buraxilmadigini-deyir\/"]}]},{"@type":"ImageObject","inLanguage":"az","@id":"https:\/\/www.meydan.tv\/az\/article\/gence-sakini-elmi-fealiyyetine-imkan-verilmediyini-mudafieye-buraxilmadigini-deyir\/#primaryimage","url":"https:\/\/www.meydan.tv\/wp-content\/uploads\/whatsapp_image_2023-11-30_at_09.43.58_720-e1701332357666.jpg","contentUrl":"https:\/\/www.meydan.tv\/wp-content\/uploads\/whatsapp_image_2023-11-30_at_09.43.58_720-e1701332357666.jpg","width":484,"height":276,"caption":"Fotolar: Meydan TV"},{"@type":"BreadcrumbList","@id":"https:\/\/www.meydan.tv\/az\/article\/gence-sakini-elmi-fealiyyetine-imkan-verilmediyini-mudafieye-buraxilmadigini-deyir\/#breadcrumb","itemListElement":[{"@type":"ListItem","position":1,"name":"Ana s\u0259hif\u0259","item":"https:\/\/www.meydan.tv\/az\/"},{"@type":"ListItem","position":2,"name":"Sosial","item":"https:\/\/www.meydan.tv\/az\/section\/sosial\/"},{"@type":"ListItem","position":3,"name":"G\u0259nc\u0259 sakini elmi f\u0259aliyy\u0259tin\u0259 imkan verilm\u0259diyini, m\u00fcdafi\u0259y\u0259 burax\u0131lmad\u0131\u011f\u0131n\u0131 deyir"}]},{"@type":"WebSite","@id":"https:\/\/www.meydan.tv\/az\/#website","url":"https:\/\/www.meydan.tv\/az\/","name":"MEYDAN.TV","description":"Meydan TV Az\u0259rbaycan\u0131n media m\u0259kan\u0131ndak\u0131 alternativ s\u0259sidir","publisher":{"@id":"https:\/\/www.meydan.tv\/az\/#organization"},"potentialAction":[{"@type":"SearchAction","target":{"@type":"EntryPoint","urlTemplate":"https:\/\/www.meydan.tv\/az\/?s={search_term_string}"},"query-input":{"@type":"PropertyValueSpecification","valueRequired":true,"valueName":"search_term_string"}}],"inLanguage":"az"},{"@type":"Organization","@id":"https:\/\/www.meydan.tv\/az\/#organization","name":"Meydan TV","url":"https:\/\/www.meydan.tv\/az\/","logo":{"@type":"ImageObject","inLanguage":"az","@id":"https:\/\/www.meydan.tv\/az\/#\/schema\/logo\/image\/","url":"https:\/\/www.meydan.tv\/wp-content\/uploads\/2021\/07\/meydan-logo.svg","contentUrl":"https:\/\/www.meydan.tv\/wp-content\/uploads\/2021\/07\/meydan-logo.svg","width":195,"height":46,"caption":"Meydan TV"},"image":{"@id":"https:\/\/www.meydan.tv\/az\/#\/schema\/logo\/image\/"}},{"@type":"Person","@id":"https:\/\/www.meydan.tv\/az\/#\/schema\/person\/09863e516102a829e72bedcf3f84c6b0","name":"mahmud"}]}},"_links":{"self":[{"href":"https:\/\/www.meydan.tv\/az\/wp-json\/wp\/v2\/posts\/291773","targetHints":{"allow":["GET"]}}],"collection":[{"href":"https:\/\/www.meydan.tv\/az\/wp-json\/wp\/v2\/posts"}],"about":[{"href":"https:\/\/www.meydan.tv\/az\/wp-json\/wp\/v2\/types\/post"}],"author":[{"embeddable":true,"href":"https:\/\/www.meydan.tv\/az\/wp-json\/wp\/v2\/users\/21"}],"replies":[{"embeddable":true,"href":"https:\/\/www.meydan.tv\/az\/wp-json\/wp\/v2\/comments?post=291773"}],"version-history":[{"count":2,"href":"https:\/\/www.meydan.tv\/az\/wp-json\/wp\/v2\/posts\/291773\/revisions"}],"predecessor-version":[{"id":291781,"href":"https:\/\/www.meydan.tv\/az\/wp-json\/wp\/v2\/posts\/291773\/revisions\/291781"}],"wp:featuredmedia":[{"embeddable":true,"href":"https:\/\/www.meydan.tv\/az\/wp-json\/wp\/v2\/media\/291775"}],"wp:attachment":[{"href":"https:\/\/www.meydan.tv\/az\/wp-json\/wp\/v2\/media?parent=291773"}],"wp:term":[{"taxonomy":"category","embeddable":true,"href":"https:\/\/www.meydan.tv\/az\/wp-json\/wp\/v2\/categories?post=291773"},{"taxonomy":"post_tag","embeddable":true,"href":"https:\/\/www.meydan.tv\/az\/wp-json\/wp\/v2\/tags?post=291773"}],"curies":[{"name":"wp","href":"https:\/\/api.w.org\/{rel}","templated":true}]}}