{"id":291761,"date":"2023-11-29T21:00:04","date_gmt":"2023-11-29T17:00:04","guid":{"rendered":"https:\/\/www.meydan.tv\/?p=291761"},"modified":"2023-11-29T21:00:08","modified_gmt":"2023-11-29T17:00:08","slug":"vasinqton-bakiya-cavab-verdi-usaid-demokratik-deyerleri-teblig-edir","status":"publish","type":"post","link":"https:\/\/www.meydan.tv\/az\/article\/vasinqton-bakiya-cavab-verdi-usaid-demokratik-deyerleri-teblig-edir\/","title":{"rendered":"Va\u015finqton Bak\u0131ya cavab verdi: &#8220;USAID\u00a0 demokratik d\u0259y\u0259rl\u0259ri t\u0259bli\u011f edir&#8221;"},"content":{"rendered":"\n<p><em><strong>&#8220;USAID-in yard\u0131m layih\u0259l\u0259ri il\u0259 ba\u011fl\u0131 ittihamlar yaland\u0131r&#8221;<\/strong><\/em><\/p>\n\n\n\n<p>AB\u015e D\u00f6vl\u0259t Departamenti Az\u0259rbaycan Xarici \u0130\u015fl\u0259r Nazirliyinin (X\u0130N) AB\u015e Beyn\u0259lxalq \u0130nki\u015faf Agentliyi (USAID) il\u0259 ba\u011fl\u0131 ittiham\u0131na cavab verib.<\/p>\n\n\n\n<p>Bu bar\u0259d\u0259 D\u00f6vl\u0259t Departamentind\u0259n &#8220;Turan&#8221;a a\u00e7\u0131qlama verilib. Bildirilir ki, USAID azad v\u0259 dinc c\u0259miyy\u0259tl\u0259r\u0259 y\u00f6n\u0259lmi\u015f demokratik d\u0259y\u0259rl\u0259ri t\u0259bli\u011f edir:<\/p>\n\n\n\n<p><em>&#8220;USAID-in yard\u0131m layih\u0259l\u0259ri il\u0259 ba\u011fl\u0131 bu c\u00fcr ittihamlar yaland\u0131r v\u0259 bizim yard\u0131m\u0131n m\u0259qs\u0259dini k\u00f6k\u00fcnd\u0259n yanl\u0131\u015f xarakteriz\u0259 edir. H\u0259r zaman oldu\u011fu kimi, bizim k\u00f6m\u0259yimiz \u015f\u0259ffafd\u0131r. B\u00fct\u00fcn USAID proqramlar\u0131 azad v\u0259 dinc c\u0259miyy\u0259tl\u0259r\u0259 y\u00f6n\u0259lmi\u015f demokratik d\u0259y\u0259rl\u0259ri t\u0259bli\u011f edir&#8221;<\/em>.<\/p>\n\n\n\n<p>Az\u0259rbaycan X\u0130N USAID v\u0259 bir s\u0131ra beyn\u0259lxalq t\u0259\u015fkilatlar\u0131n qrant verilm\u0259si qaydalar\u0131n\u0131 pozdu\u011funu iddia edib.<\/p>\n\n\n\n<p>Bununla \u0259laq\u0259dar Fransa s\u0259firi, AB\u015e v\u0259 Almaniyan\u0131n is\u0259 m\u00fcv\u0259qq\u0259ti i\u015fl\u0259r v\u0259kill\u0259ri &#8220;AbzasMedia&#8221; i\u015fi il\u0259 ba\u011fl\u0131 X\u0130N-\u0259 \u00e7a\u011f\u0131r\u0131l\u0131b.<\/p>\n\n\n\n<p>Nazirliyin b\u0259yanat\u0131nda deyilir ki, diplomatlara onlar\u0131n s\u0259firlikl\u0259ri v\u0259 &#8220;h\u0259min \u00f6lk\u0259l\u0259rd\u0259 qeydiyyatdan ke\u00e7mi\u015f t\u0259\u015fkilatlar&#8221; t\u0259r\u0259find\u0259n K\u0130V-\u0259 maliyy\u0259 d\u0259st\u0259yi veril\u0259r\u0259k qanunsuz h\u0259r\u0259k\u0259tl\u0259r t\u00f6r\u0259tdiyi bildirilib.<\/p>\n\n\n\n<p>B\u0259yanatda bu iddialar\u0131 t\u0259sdiql\u0259y\u0259n he\u00e7 bir s\u00fcbut g\u00f6st\u0259rilmir.<\/p>\n\n\n\n<p>AB\u015e D\u00f6vl\u0259t Departamenti h\u0259m\u00e7inin Az\u0259rbaycanda m\u00fcst\u0259qil jurnalistl\u0259rin, bir h\u0259ft\u0259 \u0259rzind\u0259 d\u00f6rd n\u0259f\u0259rin h\u0259bsind\u0259n narahatl\u0131\u011f\u0131n\u0131 ifad\u0259 edib.<\/p>\n\n\n\n<p><em>&#8220;Biz jurnalistl\u0259rin h\u0259bsind\u0259n \u00e7ox narahat\u0131q: \u00dclvi H\u0259s\u0259nli, h\u0259m\u00e7inin h\u0259bsd\u0259 ona qar\u015f\u0131 fiziki zorak\u0131l\u0131q bar\u0259d\u0259 iddialar, Sevinc Vaqifq\u0131z\u0131, \u018fziz Orucov, eyni zamanda m\u00fclki f\u0259al M\u0259h\u0259mm\u0259d Kekalov&#8221;<\/em>, &#8211; D\u00f6vl\u0259t Departamentinin n\u00fcmay\u0259nd\u0259si &#8220;Turan&#8221;a deyib.<\/p>\n\n\n\n<p><em>&#8220;Biz Az\u0259rbaycan h\u00f6kum\u0259tini h\u0259r k\u0259sin, o c\u00fcml\u0259d\u0259n ifad\u0259 azadl\u0131\u011f\u0131n\u0131 h\u0259yata ke\u00e7ir\u0259nl\u0259rin insan h\u00fcquqlar\u0131na v\u0259 \u0259sas azadl\u0131qlar\u0131na h\u00f6rm\u0259t etm\u0259y\u0259 \u00e7a\u011f\u0131r\u0131r\u0131q&#8221;<\/em>, &#8211; dey\u0259 Departament r\u0259smisi \u0259lav\u0259 edib.<\/p>\n\n\n\n<p>Noyabr\u0131n 28-d\u0259 Almaniya S\u0259firliyi m\u00fcv\u0259qq\u0259ti i\u015fl\u0259r v\u0259kilinin Az\u0259rbaycan Xarici \u0130\u015fl\u0259r Nazirliyin\u0259 \u00e7a\u011f\u0131r\u0131lmas\u0131na m\u00fcnasib\u0259t <a href=\"https:\/\/d9mc3ts4czbpr.cloudfront.net\/az\/article\/fransa-sefiri-abs-ve-almaniya-diplomatlari-abzasmediaya-gore-xin-e-cagirildi\/\">bildirib<\/a>: <\/p>\n\n\n\n<p><em>\u201cBu g\u00fcn Xarici \u0130\u015fl\u0259r Nazirliyinin d\u0259v\u0259ti il\u0259 m\u0259s\u0259l\u0259ni n\u0259z\u0259r\u0259 alan y\u00fcks\u0259k v\u0259zif\u0259li \u015f\u0259xs\u0259 izah etmi\u015fik. Almaniya S\u0259firliyi 2021-ci il dekabr\u0131n 3-d\u0259 Beyn\u0259lxalq \u018flill\u0259r G\u00fcn\u00fc m\u00fcnasib\u0259til\u0259 \u201cKekalove Adaptive Fashion\u201d t\u0259r\u0259find\u0259n t\u0259\u015fkil edil\u0259n moda n\u00fcmayi\u015fi il\u0259 \u0259laq\u0259dar 1500 avro maliyy\u0259 yard\u0131m\u0131 da daxil olmaqla, M\u0259h\u0259mm\u0259d Kekalovu v\u0259 \u0259lill\u0259r \u00fc\u00e7\u00fcn sosial \u00f6hd\u0259liyini davaml\u0131 olaraq d\u0259st\u0259kl\u0259yib\u201d<\/em>.<\/p>\n\n\n\n<p><em>\u201c\u018fn son bu ilin may ay\u0131nda Almaniya s\u0259firinin iqam\u0259tgah\u0131nda bu moda n\u00fcmayi\u015fin\u0259 d\u0259st\u0259k verdik. Biz c\u0259nab Kekalova qar\u015f\u0131 ir\u0259li s\u00fcr\u00fcl\u0259n ittihamlardan \u00e7ox narahat\u0131q v\u0259 onun \u0259dal\u0259tli m\u00fchakim\u0259 olunmas\u0131n\u0131 g\u00f6zl\u0259yirik\u201d<\/em>,- S\u0259firliyin a\u00e7\u0131qlamas\u0131nda deyilir.<\/p>\n\n\n\n<p>Noyabr\u0131n 20-d\u0259 \u201cAbzasMedia\u201dn\u0131n ofisind\u0259 v\u0259 \u00dclvi H\u0259s\u0259nlinin evind\u0259, Sevinc Vaqifq\u0131z\u0131 saxland\u0131qdan d\u0259rhal sonra is\u0259 gec\u0259 saat 3 rad\u0259l\u0259rind\u0259 onun ya\u015fad\u0131\u011f\u0131 m\u0259nzild\u0259 axtar\u0131\u015f apar\u0131l\u0131b.<\/p>\n\n\n\n<p>Sayt\u0131n ofisind\u0259n 40 min avro pul tap\u0131ld\u0131\u011f\u0131 iddia olunub.<\/p>\n\n\n\n<p>\u00dclvi H\u0259s\u0259nli is\u0259 orada pul olmad\u0131\u011f\u0131n\u0131, 40 min avronun ofis\u0259 onu tapd\u0131\u011f\u0131n\u0131 iddia ed\u0259nl\u0259rin \u00f6zl\u0259ri t\u0259r\u0259find\u0259n qoyuldu\u011funu bildirib.<\/p>\n\n\n\n<p>H\u0259m \u00dclvi H\u0259s\u0259nli, h\u0259m d\u0259 Sevinc Vaqifq\u0131z\u0131na qar\u015f\u0131 Cinay\u0259t M\u0259c\u0259ll\u0259sinin 206.3.2-ci (bir qrup \u015f\u0259xs t\u0259r\u0259find\u0259n qa\u00e7aqmal\u00e7\u0131l\u0131q) madd\u0259sil\u0259 ittiham ir\u0259li s\u00fcr\u00fcl\u00fcb.<\/p>\n\n\n\n<p>Sayt\u0131n direktor m\u00fcavini M\u0259h\u0259mm\u0259d Kekalov da noyabr\u0131n 20-d\u0259 saxlan\u0131l\u0131b.<\/p>\n\n\n\n<p>\u0130ki g\u00fcn \u0259rzind\u0259 onun yeri, n\u0259d\u0259 ittiham olundu\u011fu bar\u0259d\u0259 he\u00e7 bir m\u0259lumat verilm\u0259yib.<\/p>\n\n\n\n<p>\u0130ki g\u00fcn sonra onun da eyni cinay\u0259t i\u015fi \u00fczr\u0259 saxland\u0131\u011f\u0131 m\u0259lum olub.<\/p>\n\n\n\n<p>Noyabr\u0131n 23-d\u0259 X\u0259tai Rayon M\u0259hk\u0259m\u0259sind\u0259 onun da bar\u0259sind\u0259 h\u0259bs q\u0259rar\u0131 \u00e7\u0131xar\u0131l\u0131b.<\/p>\n\n\n\n<p>T\u0259qsirl\u0259ndiril\u0259n \u015f\u0259xsl\u0259rin he\u00e7 biri qa\u00e7aqmal\u00e7\u0131l\u0131q ittiham\u0131n\u0131 q\u0259bul etmir.<\/p>\n\n\n\n<p>\u201cKanal 13\u201d internet televiziyas\u0131n\u0131n icra\u00e7\u0131 direktoru \u018fziz Orucov noyabr\u0131n 27-d\u0259 saxlan\u0131l\u0131b.<\/p>\n\n\n\n<p>Noyabr\u0131n 28-d\u0259 S\u0259bail Rayon M\u0259hk\u0259m\u0259sind\u0259 onun bar\u0259sind\u0259 ilkin istintaq d\u00f6vr\u00fc \u00fc\u00e7\u00fcn 3 ayl\u0131q h\u0259bs q\u0259timkan t\u0259dbiri se\u00e7ilib.<\/p>\n\n\n\n<p>\u018fziz Orucova Cinay\u0259t M\u0259c\u0259ll\u0259sinin 188.2 (M\u00fclkiyy\u0259t, istifad\u0259 v\u0259 ya icar\u0259 h\u00fcququ olmadan torpaq sah\u0259si \u00fcz\u0259rind\u0259 \u00f6zba\u015f\u0131na tikinti v\u0259 ya qura\u015fd\u0131rma i\u015fl\u0259ri aparma) madd\u0259sil\u0259 cinay\u0259t i\u015fi a\u00e7\u0131l\u0131b, ancaq v\u0259kili bu ittihamla raz\u0131 deyil v\u0259 apelyasiya \u015fikay\u0259ti ver\u0259c\u0259yini <a href=\"https:\/\/d9mc3ts4czbpr.cloudfront.net\/az\/article\/kanal-13un-rehberi-haqqinda-hebs-qerari-cixarildi\/\">deyib<\/a>.<\/p>\n","protected":false},"excerpt":{"rendered":"<p>&#8220;USAID-in yard\u0131m layih\u0259l\u0259ri il\u0259 ba\u011fl\u0131 ittihamlar yaland\u0131r&#8221; AB\u015e D\u00f6vl\u0259t Departamenti &#8230; <\/p>\n<p class=\"read-more-container\"><a title=\"Va\u015finqton Bak\u0131ya cavab verdi: &#8220;USAID\u00a0 demokratik d\u0259y\u0259rl\u0259ri t\u0259bli\u011f edir&#8221;\" class=\"read-more button\" href=\"https:\/\/www.meydan.tv\/az\/article\/vasinqton-bakiya-cavab-verdi-usaid-demokratik-deyerleri-teblig-edir\/#more-291761\" aria-label=\"Read more about Va\u015finqton Bak\u0131ya cavab verdi: &#8220;USAID\u00a0 demokratik d\u0259y\u0259rl\u0259ri t\u0259bli\u011f edir&#8221;\">Davam\u0131<\/a><\/p>\n","protected":false},"author":12,"featured_media":286732,"comment_status":"closed","ping_status":"closed","sticky":false,"template":"","format":"standard","meta":{"_acf_changed":false,"_sitemap_exclude":false,"_sitemap_priority":"","_sitemap_frequency":"","footnotes":""},"categories":[59,79,56],"tags":[],"class_list":["post-291761","post","type-post","status-publish","format-standard","has-post-thumbnail","hentry","category-siyaset","category-featured","category-xeberler","infinite-scroll-item","generate-columns","tablet-grid-50","mobile-grid-100","grid-parent","grid-33","no-featured-image-padding"],"acf":[],"yoast_head":"<!-- This site is optimized with the Yoast SEO plugin v27.4 - https:\/\/yoast.com\/product\/yoast-seo-wordpress\/ -->\n<title>Va\u015finqton Bak\u0131ya cavab verdi: &quot;USAID\u00a0 demokratik d\u0259y\u0259rl\u0259ri t\u0259bli\u011f edir&quot; - MEYDAN.TV<\/title>\n<meta name=\"robots\" content=\"index, follow, max-snippet:-1, max-image-preview:large, max-video-preview:-1\" \/>\n<link rel=\"canonical\" href=\"https:\/\/www.meydan.tv\/az\/article\/vasinqton-bakiya-cavab-verdi-usaid-demokratik-deyerleri-teblig-edir\/\" \/>\n<meta property=\"og:locale\" content=\"az_AZ\" \/>\n<meta property=\"og:type\" content=\"article\" \/>\n<meta property=\"og:title\" content=\"Va\u015finqton Bak\u0131ya cavab verdi: &quot;USAID\u00a0 demokratik d\u0259y\u0259rl\u0259ri t\u0259bli\u011f edir&quot; - MEYDAN.TV\" \/>\n<meta property=\"og:description\" content=\"&#8220;USAID-in yard\u0131m layih\u0259l\u0259ri il\u0259 ba\u011fl\u0131 ittihamlar yaland\u0131r&#8221; AB\u015e D\u00f6vl\u0259t Departamenti ... Davam\u0131\" \/>\n<meta property=\"og:url\" content=\"https:\/\/www.meydan.tv\/az\/article\/vasinqton-bakiya-cavab-verdi-usaid-demokratik-deyerleri-teblig-edir\/\" \/>\n<meta property=\"og:site_name\" content=\"MEYDAN.TV\" \/>\n<meta property=\"article:published_time\" content=\"2023-11-29T17:00:04+00:00\" \/>\n<meta property=\"article:modified_time\" content=\"2023-11-29T17:00:08+00:00\" \/>\n<meta property=\"og:image\" content=\"https:\/\/www.meydan.tv\/wp-content\/uploads\/shutterstock_1915477927-scaled.jpg\" \/>\n\t<meta property=\"og:image:width\" content=\"2560\" \/>\n\t<meta property=\"og:image:height\" content=\"1614\" \/>\n\t<meta property=\"og:image:type\" content=\"image\/jpeg\" \/>\n<meta name=\"author\" content=\"aleks\" \/>\n<meta name=\"twitter:card\" content=\"summary_large_image\" \/>\n<script type=\"application\/ld+json\" class=\"yoast-schema-graph\">{\"@context\":\"https:\\\/\\\/schema.org\",\"@graph\":[{\"@type\":\"Article\",\"@id\":\"https:\\\/\\\/www.meydan.tv\\\/az\\\/article\\\/vasinqton-bakiya-cavab-verdi-usaid-demokratik-deyerleri-teblig-edir\\\/#article\",\"isPartOf\":{\"@id\":\"https:\\\/\\\/www.meydan.tv\\\/az\\\/article\\\/vasinqton-bakiya-cavab-verdi-usaid-demokratik-deyerleri-teblig-edir\\\/\"},\"author\":{\"name\":\"aleks\",\"@id\":\"https:\\\/\\\/www.meydan.tv\\\/az\\\/#\\\/schema\\\/person\\\/476e9360e593fa131d5d71d51866f8da\"},\"headline\":\"Va\u015finqton Bak\u0131ya cavab verdi: &#8220;USAID\u00a0 demokratik d\u0259y\u0259rl\u0259ri t\u0259bli\u011f edir&#8221;\",\"datePublished\":\"2023-11-29T17:00:04+00:00\",\"dateModified\":\"2023-11-29T17:00:08+00:00\",\"mainEntityOfPage\":{\"@id\":\"https:\\\/\\\/www.meydan.tv\\\/az\\\/article\\\/vasinqton-bakiya-cavab-verdi-usaid-demokratik-deyerleri-teblig-edir\\\/\"},\"wordCount\":886,\"publisher\":{\"@id\":\"https:\\\/\\\/www.meydan.tv\\\/az\\\/#organization\"},\"image\":{\"@id\":\"https:\\\/\\\/www.meydan.tv\\\/az\\\/article\\\/vasinqton-bakiya-cavab-verdi-usaid-demokratik-deyerleri-teblig-edir\\\/#primaryimage\"},\"thumbnailUrl\":\"https:\\\/\\\/www.meydan.tv\\\/wp-content\\\/uploads\\\/shutterstock_1915477927-scaled.jpg\",\"articleSection\":[\"Siyas\u0259t\",\"T\u00f6vsiy\u0259\",\"X\u0259b\u0259rl\u0259r\"],\"inLanguage\":\"az\"},{\"@type\":\"WebPage\",\"@id\":\"https:\\\/\\\/www.meydan.tv\\\/az\\\/article\\\/vasinqton-bakiya-cavab-verdi-usaid-demokratik-deyerleri-teblig-edir\\\/\",\"url\":\"https:\\\/\\\/www.meydan.tv\\\/az\\\/article\\\/vasinqton-bakiya-cavab-verdi-usaid-demokratik-deyerleri-teblig-edir\\\/\",\"name\":\"Va\u015finqton Bak\u0131ya cavab verdi: \\\"USAID\u00a0 demokratik d\u0259y\u0259rl\u0259ri t\u0259bli\u011f edir\\\" - MEYDAN.TV\",\"isPartOf\":{\"@id\":\"https:\\\/\\\/www.meydan.tv\\\/az\\\/#website\"},\"primaryImageOfPage\":{\"@id\":\"https:\\\/\\\/www.meydan.tv\\\/az\\\/article\\\/vasinqton-bakiya-cavab-verdi-usaid-demokratik-deyerleri-teblig-edir\\\/#primaryimage\"},\"image\":{\"@id\":\"https:\\\/\\\/www.meydan.tv\\\/az\\\/article\\\/vasinqton-bakiya-cavab-verdi-usaid-demokratik-deyerleri-teblig-edir\\\/#primaryimage\"},\"thumbnailUrl\":\"https:\\\/\\\/www.meydan.tv\\\/wp-content\\\/uploads\\\/shutterstock_1915477927-scaled.jpg\",\"datePublished\":\"2023-11-29T17:00:04+00:00\",\"dateModified\":\"2023-11-29T17:00:08+00:00\",\"breadcrumb\":{\"@id\":\"https:\\\/\\\/www.meydan.tv\\\/az\\\/article\\\/vasinqton-bakiya-cavab-verdi-usaid-demokratik-deyerleri-teblig-edir\\\/#breadcrumb\"},\"inLanguage\":\"az\",\"potentialAction\":[{\"@type\":\"ReadAction\",\"target\":[\"https:\\\/\\\/www.meydan.tv\\\/az\\\/article\\\/vasinqton-bakiya-cavab-verdi-usaid-demokratik-deyerleri-teblig-edir\\\/\"]}]},{\"@type\":\"ImageObject\",\"inLanguage\":\"az\",\"@id\":\"https:\\\/\\\/www.meydan.tv\\\/az\\\/article\\\/vasinqton-bakiya-cavab-verdi-usaid-demokratik-deyerleri-teblig-edir\\\/#primaryimage\",\"url\":\"https:\\\/\\\/www.meydan.tv\\\/wp-content\\\/uploads\\\/shutterstock_1915477927-scaled.jpg\",\"contentUrl\":\"https:\\\/\\\/www.meydan.tv\\\/wp-content\\\/uploads\\\/shutterstock_1915477927-scaled.jpg\",\"width\":2560,\"height\":1614,\"caption\":\"AB\u015e Senat\u0131. Foto: rarrarorro\\\/shutterstock\"},{\"@type\":\"BreadcrumbList\",\"@id\":\"https:\\\/\\\/www.meydan.tv\\\/az\\\/article\\\/vasinqton-bakiya-cavab-verdi-usaid-demokratik-deyerleri-teblig-edir\\\/#breadcrumb\",\"itemListElement\":[{\"@type\":\"ListItem\",\"position\":1,\"name\":\"Ana s\u0259hif\u0259\",\"item\":\"https:\\\/\\\/www.meydan.tv\\\/az\\\/\"},{\"@type\":\"ListItem\",\"position\":2,\"name\":\"T\u00f6vsiy\u0259\",\"item\":\"https:\\\/\\\/www.meydan.tv\\\/az\\\/section\\\/featured\\\/\"},{\"@type\":\"ListItem\",\"position\":3,\"name\":\"Va\u015finqton Bak\u0131ya cavab verdi: &#8220;USAID\u00a0 demokratik d\u0259y\u0259rl\u0259ri t\u0259bli\u011f edir&#8221;\"}]},{\"@type\":\"WebSite\",\"@id\":\"https:\\\/\\\/www.meydan.tv\\\/az\\\/#website\",\"url\":\"https:\\\/\\\/www.meydan.tv\\\/az\\\/\",\"name\":\"MEYDAN.TV\",\"description\":\"Meydan TV Az\u0259rbaycan\u0131n media m\u0259kan\u0131ndak\u0131 alternativ s\u0259sidir\",\"publisher\":{\"@id\":\"https:\\\/\\\/www.meydan.tv\\\/az\\\/#organization\"},\"potentialAction\":[{\"@type\":\"SearchAction\",\"target\":{\"@type\":\"EntryPoint\",\"urlTemplate\":\"https:\\\/\\\/www.meydan.tv\\\/az\\\/?s={search_term_string}\"},\"query-input\":{\"@type\":\"PropertyValueSpecification\",\"valueRequired\":true,\"valueName\":\"search_term_string\"}}],\"inLanguage\":\"az\"},{\"@type\":\"Organization\",\"@id\":\"https:\\\/\\\/www.meydan.tv\\\/az\\\/#organization\",\"name\":\"Meydan TV\",\"url\":\"https:\\\/\\\/www.meydan.tv\\\/az\\\/\",\"logo\":{\"@type\":\"ImageObject\",\"inLanguage\":\"az\",\"@id\":\"https:\\\/\\\/www.meydan.tv\\\/az\\\/#\\\/schema\\\/logo\\\/image\\\/\",\"url\":\"https:\\\/\\\/www.meydan.tv\\\/wp-content\\\/uploads\\\/2021\\\/07\\\/meydan-logo.svg\",\"contentUrl\":\"https:\\\/\\\/www.meydan.tv\\\/wp-content\\\/uploads\\\/2021\\\/07\\\/meydan-logo.svg\",\"width\":195,\"height\":46,\"caption\":\"Meydan TV\"},\"image\":{\"@id\":\"https:\\\/\\\/www.meydan.tv\\\/az\\\/#\\\/schema\\\/logo\\\/image\\\/\"}},{\"@type\":\"Person\",\"@id\":\"https:\\\/\\\/www.meydan.tv\\\/az\\\/#\\\/schema\\\/person\\\/476e9360e593fa131d5d71d51866f8da\",\"name\":\"aleks\"}]}<\/script>\n<!-- \/ Yoast SEO plugin. -->","yoast_head_json":{"title":"Va\u015finqton Bak\u0131ya cavab verdi: \"USAID\u00a0 demokratik d\u0259y\u0259rl\u0259ri t\u0259bli\u011f edir\" - MEYDAN.TV","robots":{"index":"index","follow":"follow","max-snippet":"max-snippet:-1","max-image-preview":"max-image-preview:large","max-video-preview":"max-video-preview:-1"},"canonical":"https:\/\/www.meydan.tv\/az\/article\/vasinqton-bakiya-cavab-verdi-usaid-demokratik-deyerleri-teblig-edir\/","og_locale":"az_AZ","og_type":"article","og_title":"Va\u015finqton Bak\u0131ya cavab verdi: \"USAID\u00a0 demokratik d\u0259y\u0259rl\u0259ri t\u0259bli\u011f edir\" - MEYDAN.TV","og_description":"&#8220;USAID-in yard\u0131m layih\u0259l\u0259ri il\u0259 ba\u011fl\u0131 ittihamlar yaland\u0131r&#8221; AB\u015e D\u00f6vl\u0259t Departamenti ... Davam\u0131","og_url":"https:\/\/www.meydan.tv\/az\/article\/vasinqton-bakiya-cavab-verdi-usaid-demokratik-deyerleri-teblig-edir\/","og_site_name":"MEYDAN.TV","article_published_time":"2023-11-29T17:00:04+00:00","article_modified_time":"2023-11-29T17:00:08+00:00","og_image":[{"width":2560,"height":1614,"url":"https:\/\/www.meydan.tv\/wp-content\/uploads\/shutterstock_1915477927-scaled.jpg","type":"image\/jpeg"}],"author":"aleks","twitter_card":"summary_large_image","schema":{"@context":"https:\/\/schema.org","@graph":[{"@type":"Article","@id":"https:\/\/www.meydan.tv\/az\/article\/vasinqton-bakiya-cavab-verdi-usaid-demokratik-deyerleri-teblig-edir\/#article","isPartOf":{"@id":"https:\/\/www.meydan.tv\/az\/article\/vasinqton-bakiya-cavab-verdi-usaid-demokratik-deyerleri-teblig-edir\/"},"author":{"name":"aleks","@id":"https:\/\/www.meydan.tv\/az\/#\/schema\/person\/476e9360e593fa131d5d71d51866f8da"},"headline":"Va\u015finqton Bak\u0131ya cavab verdi: &#8220;USAID\u00a0 demokratik d\u0259y\u0259rl\u0259ri t\u0259bli\u011f edir&#8221;","datePublished":"2023-11-29T17:00:04+00:00","dateModified":"2023-11-29T17:00:08+00:00","mainEntityOfPage":{"@id":"https:\/\/www.meydan.tv\/az\/article\/vasinqton-bakiya-cavab-verdi-usaid-demokratik-deyerleri-teblig-edir\/"},"wordCount":886,"publisher":{"@id":"https:\/\/www.meydan.tv\/az\/#organization"},"image":{"@id":"https:\/\/www.meydan.tv\/az\/article\/vasinqton-bakiya-cavab-verdi-usaid-demokratik-deyerleri-teblig-edir\/#primaryimage"},"thumbnailUrl":"https:\/\/www.meydan.tv\/wp-content\/uploads\/shutterstock_1915477927-scaled.jpg","articleSection":["Siyas\u0259t","T\u00f6vsiy\u0259","X\u0259b\u0259rl\u0259r"],"inLanguage":"az"},{"@type":"WebPage","@id":"https:\/\/www.meydan.tv\/az\/article\/vasinqton-bakiya-cavab-verdi-usaid-demokratik-deyerleri-teblig-edir\/","url":"https:\/\/www.meydan.tv\/az\/article\/vasinqton-bakiya-cavab-verdi-usaid-demokratik-deyerleri-teblig-edir\/","name":"Va\u015finqton Bak\u0131ya cavab verdi: \"USAID\u00a0 demokratik d\u0259y\u0259rl\u0259ri t\u0259bli\u011f edir\" - MEYDAN.TV","isPartOf":{"@id":"https:\/\/www.meydan.tv\/az\/#website"},"primaryImageOfPage":{"@id":"https:\/\/www.meydan.tv\/az\/article\/vasinqton-bakiya-cavab-verdi-usaid-demokratik-deyerleri-teblig-edir\/#primaryimage"},"image":{"@id":"https:\/\/www.meydan.tv\/az\/article\/vasinqton-bakiya-cavab-verdi-usaid-demokratik-deyerleri-teblig-edir\/#primaryimage"},"thumbnailUrl":"https:\/\/www.meydan.tv\/wp-content\/uploads\/shutterstock_1915477927-scaled.jpg","datePublished":"2023-11-29T17:00:04+00:00","dateModified":"2023-11-29T17:00:08+00:00","breadcrumb":{"@id":"https:\/\/www.meydan.tv\/az\/article\/vasinqton-bakiya-cavab-verdi-usaid-demokratik-deyerleri-teblig-edir\/#breadcrumb"},"inLanguage":"az","potentialAction":[{"@type":"ReadAction","target":["https:\/\/www.meydan.tv\/az\/article\/vasinqton-bakiya-cavab-verdi-usaid-demokratik-deyerleri-teblig-edir\/"]}]},{"@type":"ImageObject","inLanguage":"az","@id":"https:\/\/www.meydan.tv\/az\/article\/vasinqton-bakiya-cavab-verdi-usaid-demokratik-deyerleri-teblig-edir\/#primaryimage","url":"https:\/\/www.meydan.tv\/wp-content\/uploads\/shutterstock_1915477927-scaled.jpg","contentUrl":"https:\/\/www.meydan.tv\/wp-content\/uploads\/shutterstock_1915477927-scaled.jpg","width":2560,"height":1614,"caption":"AB\u015e Senat\u0131. Foto: rarrarorro\/shutterstock"},{"@type":"BreadcrumbList","@id":"https:\/\/www.meydan.tv\/az\/article\/vasinqton-bakiya-cavab-verdi-usaid-demokratik-deyerleri-teblig-edir\/#breadcrumb","itemListElement":[{"@type":"ListItem","position":1,"name":"Ana s\u0259hif\u0259","item":"https:\/\/www.meydan.tv\/az\/"},{"@type":"ListItem","position":2,"name":"T\u00f6vsiy\u0259","item":"https:\/\/www.meydan.tv\/az\/section\/featured\/"},{"@type":"ListItem","position":3,"name":"Va\u015finqton Bak\u0131ya cavab verdi: &#8220;USAID\u00a0 demokratik d\u0259y\u0259rl\u0259ri t\u0259bli\u011f edir&#8221;"}]},{"@type":"WebSite","@id":"https:\/\/www.meydan.tv\/az\/#website","url":"https:\/\/www.meydan.tv\/az\/","name":"MEYDAN.TV","description":"Meydan TV Az\u0259rbaycan\u0131n media m\u0259kan\u0131ndak\u0131 alternativ s\u0259sidir","publisher":{"@id":"https:\/\/www.meydan.tv\/az\/#organization"},"potentialAction":[{"@type":"SearchAction","target":{"@type":"EntryPoint","urlTemplate":"https:\/\/www.meydan.tv\/az\/?s={search_term_string}"},"query-input":{"@type":"PropertyValueSpecification","valueRequired":true,"valueName":"search_term_string"}}],"inLanguage":"az"},{"@type":"Organization","@id":"https:\/\/www.meydan.tv\/az\/#organization","name":"Meydan TV","url":"https:\/\/www.meydan.tv\/az\/","logo":{"@type":"ImageObject","inLanguage":"az","@id":"https:\/\/www.meydan.tv\/az\/#\/schema\/logo\/image\/","url":"https:\/\/www.meydan.tv\/wp-content\/uploads\/2021\/07\/meydan-logo.svg","contentUrl":"https:\/\/www.meydan.tv\/wp-content\/uploads\/2021\/07\/meydan-logo.svg","width":195,"height":46,"caption":"Meydan TV"},"image":{"@id":"https:\/\/www.meydan.tv\/az\/#\/schema\/logo\/image\/"}},{"@type":"Person","@id":"https:\/\/www.meydan.tv\/az\/#\/schema\/person\/476e9360e593fa131d5d71d51866f8da","name":"aleks"}]}},"_links":{"self":[{"href":"https:\/\/www.meydan.tv\/az\/wp-json\/wp\/v2\/posts\/291761","targetHints":{"allow":["GET"]}}],"collection":[{"href":"https:\/\/www.meydan.tv\/az\/wp-json\/wp\/v2\/posts"}],"about":[{"href":"https:\/\/www.meydan.tv\/az\/wp-json\/wp\/v2\/types\/post"}],"author":[{"embeddable":true,"href":"https:\/\/www.meydan.tv\/az\/wp-json\/wp\/v2\/users\/12"}],"replies":[{"embeddable":true,"href":"https:\/\/www.meydan.tv\/az\/wp-json\/wp\/v2\/comments?post=291761"}],"version-history":[{"count":3,"href":"https:\/\/www.meydan.tv\/az\/wp-json\/wp\/v2\/posts\/291761\/revisions"}],"predecessor-version":[{"id":291770,"href":"https:\/\/www.meydan.tv\/az\/wp-json\/wp\/v2\/posts\/291761\/revisions\/291770"}],"wp:featuredmedia":[{"embeddable":true,"href":"https:\/\/www.meydan.tv\/az\/wp-json\/wp\/v2\/media\/286732"}],"wp:attachment":[{"href":"https:\/\/www.meydan.tv\/az\/wp-json\/wp\/v2\/media?parent=291761"}],"wp:term":[{"taxonomy":"category","embeddable":true,"href":"https:\/\/www.meydan.tv\/az\/wp-json\/wp\/v2\/categories?post=291761"},{"taxonomy":"post_tag","embeddable":true,"href":"https:\/\/www.meydan.tv\/az\/wp-json\/wp\/v2\/tags?post=291761"}],"curies":[{"name":"wp","href":"https:\/\/api.w.org\/{rel}","templated":true}]}}