{"id":291753,"date":"2023-11-29T20:27:46","date_gmt":"2023-11-29T16:27:46","guid":{"rendered":"https:\/\/www.meydan.tv\/?p=291753"},"modified":"2023-11-29T20:27:49","modified_gmt":"2023-11-29T16:27:49","slug":"elet-sakinleri-bu-qeder-de-olmaz-axi-kend-belediyyesi-hara-baxir","status":"publish","type":"post","link":"https:\/\/www.meydan.tv\/az\/article\/elet-sakinleri-bu-qeder-de-olmaz-axi-kend-belediyyesi-hara-baxir\/","title":{"rendered":"\u018fl\u0259t sakinl\u0259ri: &#8220;Bu q\u0259d\u0259r d\u0259 olmaz ax\u0131, k\u0259nd b\u0259l\u0259diyy\u0259si hara bax\u0131r?&#8221;"},"content":{"rendered":"\n<figure class=\"wp-block-embed is-type-video is-provider-youtube wp-block-embed-youtube wp-embed-aspect-16-9 wp-has-aspect-ratio\"><div class=\"wp-block-embed__wrapper\">\n<iframe title=\"\u018fl\u0259t sakinl\u0259ri: Bu q\u0259d\u0259r d\u0259 olmaz ax\u0131, k\u0259nd b\u0259l\u0259diyy\u0259si hara bax\u0131r?\" width=\"1200\" height=\"675\" data-src=\"https:\/\/www.youtube.com\/embed\/mRDIolGmLIE?feature=oembed\" frameborder=\"0\" allow=\"accelerometer; autoplay; clipboard-write; encrypted-media; gyroscope; picture-in-picture; web-share\" allowfullscreen src=\"data:image\/svg+xml;base64,PHN2ZyB3aWR0aD0iMSIgaGVpZ2h0PSIxIiB4bWxucz0iaHR0cDovL3d3dy53My5vcmcvMjAwMC9zdmciPjwvc3ZnPg==\" class=\"lazyload\" data-load-mode=\"1\"><\/iframe>\n<\/div><\/figure>\n\n\n\n<p><\/p>\n\n\n\n<p>Qarada\u011f rayonu, \u018fl\u0259t q\u0259s\u0259b\u0259sinin \u015e\u0131xlar ba\u011f massivind\u0259 ya\u015fayan insanlar kanalizasiya v\u0259 yol problemind\u0259n \u0259ziyy\u0259t \u00e7\u0259kirl\u0259r. Buna g\u00f6r\u0259 d\u0259 bir qrup v\u0259t\u0259nda\u015f etiraz edib.<\/p>\n\n\n\n<p>Sakinl\u0259r bildirirl\u0259r ki, yollar\u0131n b\u0259rbad v\u0259ziyy\u0259td\u0259 olmas\u0131 ya\u011f\u0131\u015fl\u0131 havalarda gedi\u015f-g\u0259li\u015fin m\u0259hdudla\u015fmas\u0131na s\u0259b\u0259b olur. H\u0259m\u00e7inin onlar deyirl\u0259r ki, ya\u015fad\u0131qlar\u0131 \u0259razid\u0259 zibil qablar\u0131n\u0131n olmamas\u0131 m\u00f6vcud \u0259razil\u0259rd\u0259 antisanitar v\u0259ziyy\u0259tin yaranmas\u0131na g\u0259tirib \u00e7\u0131xar\u0131r. <\/p>\n\n\n\n<p>Sakinl\u0259r bildirirl\u0259r ki, m\u00f6vcud probleml\u0259rl\u0259 ba\u011fl\u0131 aidiyy\u0259ti qurumlara d\u0259f\u0259l\u0259rl\u0259 m\u00fcraci\u0259t ets\u0259l\u0259r d\u0259, problemin h\u0259llin\u0259 dair he\u00e7 bir t\u0259dbir g\u00f6r\u00fclm\u0259yib.<\/p>\n\n\n\n<p>M\u0259s\u0259l\u0259 il\u0259 ba\u011fl\u0131 Qarada\u011f Rayon \u0130cra Hakimiyy\u0259tind\u0259n cavab almaq m\u00fcmk\u00fcn olmad\u0131. <\/p>\n\n\n\n<p>&#8220;Az\u0259rsu&#8221; ASC-nin m\u0259tbuat xidm\u0259tinin r\u0259isi Anar C\u0259bray\u0131ll\u0131 is\u0259 bildirib ki, bu \u0259razil\u0259rd\u0259 kanalizasiya infrastrukturu m\u00f6vcud deyil v\u0259 2023-c\u00fc il \u0259rzind\u0259 d\u0259 qura\u015fd\u0131r\u0131lmas\u0131 planla\u015fd\u0131r\u0131lm\u0131r.<\/p>\n","protected":false},"excerpt":{"rendered":"<p>Qarada\u011f rayonu, \u018fl\u0259t q\u0259s\u0259b\u0259sinin \u015e\u0131xlar ba\u011f massivind\u0259 ya\u015fayan insanlar kanalizasiya &#8230; <\/p>\n<p class=\"read-more-container\"><a title=\"\u018fl\u0259t sakinl\u0259ri: &#8220;Bu q\u0259d\u0259r d\u0259 olmaz ax\u0131, k\u0259nd b\u0259l\u0259diyy\u0259si hara bax\u0131r?&#8221;\" class=\"read-more button\" href=\"https:\/\/www.meydan.tv\/az\/article\/elet-sakinleri-bu-qeder-de-olmaz-axi-kend-belediyyesi-hara-baxir\/#more-291753\" aria-label=\"Read more about \u018fl\u0259t sakinl\u0259ri: &#8220;Bu q\u0259d\u0259r d\u0259 olmaz ax\u0131, k\u0259nd b\u0259l\u0259diyy\u0259si hara bax\u0131r?&#8221;\">Davam\u0131<\/a><\/p>\n","protected":false},"author":12,"featured_media":291754,"comment_status":"closed","ping_status":"closed","sticky":false,"template":"","format":"standard","meta":{"_acf_changed":false,"_sitemap_exclude":false,"_sitemap_priority":"","_sitemap_frequency":"","footnotes":""},"categories":[62,63],"tags":[],"class_list":["post-291753","post","type-post","status-publish","format-standard","has-post-thumbnail","hentry","category-sosial","category-video-2","infinite-scroll-item","generate-columns","tablet-grid-50","mobile-grid-100","grid-parent","grid-33","no-featured-image-padding"],"acf":[],"yoast_head":"<!-- This site is optimized with the Yoast SEO plugin v27.4 - https:\/\/yoast.com\/product\/yoast-seo-wordpress\/ -->\n<title>\u018fl\u0259t sakinl\u0259ri: &quot;Bu q\u0259d\u0259r d\u0259 olmaz ax\u0131, k\u0259nd b\u0259l\u0259diyy\u0259si hara bax\u0131r?&quot; - MEYDAN.TV<\/title>\n<meta name=\"robots\" content=\"index, follow, max-snippet:-1, max-image-preview:large, max-video-preview:-1\" \/>\n<link rel=\"canonical\" href=\"https:\/\/www.meydan.tv\/az\/article\/elet-sakinleri-bu-qeder-de-olmaz-axi-kend-belediyyesi-hara-baxir\/\" \/>\n<meta property=\"og:locale\" content=\"az_AZ\" \/>\n<meta property=\"og:type\" content=\"article\" \/>\n<meta property=\"og:title\" content=\"\u018fl\u0259t sakinl\u0259ri: &quot;Bu q\u0259d\u0259r d\u0259 olmaz ax\u0131, k\u0259nd b\u0259l\u0259diyy\u0259si hara bax\u0131r?&quot; - MEYDAN.TV\" \/>\n<meta property=\"og:description\" content=\"Qarada\u011f rayonu, \u018fl\u0259t q\u0259s\u0259b\u0259sinin \u015e\u0131xlar ba\u011f massivind\u0259 ya\u015fayan insanlar kanalizasiya ... Davam\u0131\" \/>\n<meta property=\"og:url\" content=\"https:\/\/www.meydan.tv\/az\/article\/elet-sakinleri-bu-qeder-de-olmaz-axi-kend-belediyyesi-hara-baxir\/\" \/>\n<meta property=\"og:site_name\" content=\"MEYDAN.TV\" \/>\n<meta property=\"article:published_time\" content=\"2023-11-29T16:27:46+00:00\" \/>\n<meta property=\"article:modified_time\" content=\"2023-11-29T16:27:49+00:00\" \/>\n<meta property=\"og:image\" content=\"https:\/\/www.meydan.tv\/wp-content\/uploads\/reportaj-cover-3-1.png\" \/>\n\t<meta property=\"og:image:width\" content=\"1280\" \/>\n\t<meta property=\"og:image:height\" content=\"720\" \/>\n\t<meta property=\"og:image:type\" content=\"image\/png\" \/>\n<meta name=\"author\" content=\"aleks\" \/>\n<meta name=\"twitter:card\" content=\"summary_large_image\" \/>\n<script type=\"application\/ld+json\" class=\"yoast-schema-graph\">{\"@context\":\"https:\\\/\\\/schema.org\",\"@graph\":[{\"@type\":\"Article\",\"@id\":\"https:\\\/\\\/www.meydan.tv\\\/az\\\/article\\\/elet-sakinleri-bu-qeder-de-olmaz-axi-kend-belediyyesi-hara-baxir\\\/#article\",\"isPartOf\":{\"@id\":\"https:\\\/\\\/www.meydan.tv\\\/az\\\/article\\\/elet-sakinleri-bu-qeder-de-olmaz-axi-kend-belediyyesi-hara-baxir\\\/\"},\"author\":{\"name\":\"aleks\",\"@id\":\"https:\\\/\\\/www.meydan.tv\\\/az\\\/#\\\/schema\\\/person\\\/476e9360e593fa131d5d71d51866f8da\"},\"headline\":\"\u018fl\u0259t sakinl\u0259ri: &#8220;Bu q\u0259d\u0259r d\u0259 olmaz ax\u0131, k\u0259nd b\u0259l\u0259diyy\u0259si hara bax\u0131r?&#8221;\",\"datePublished\":\"2023-11-29T16:27:46+00:00\",\"dateModified\":\"2023-11-29T16:27:49+00:00\",\"mainEntityOfPage\":{\"@id\":\"https:\\\/\\\/www.meydan.tv\\\/az\\\/article\\\/elet-sakinleri-bu-qeder-de-olmaz-axi-kend-belediyyesi-hara-baxir\\\/\"},\"wordCount\":209,\"publisher\":{\"@id\":\"https:\\\/\\\/www.meydan.tv\\\/az\\\/#organization\"},\"image\":{\"@id\":\"https:\\\/\\\/www.meydan.tv\\\/az\\\/article\\\/elet-sakinleri-bu-qeder-de-olmaz-axi-kend-belediyyesi-hara-baxir\\\/#primaryimage\"},\"thumbnailUrl\":\"https:\\\/\\\/www.meydan.tv\\\/wp-content\\\/uploads\\\/reportaj-cover-3-1.png\",\"articleSection\":[\"Sosial\",\"Video\"],\"inLanguage\":\"az\"},{\"@type\":\"WebPage\",\"@id\":\"https:\\\/\\\/www.meydan.tv\\\/az\\\/article\\\/elet-sakinleri-bu-qeder-de-olmaz-axi-kend-belediyyesi-hara-baxir\\\/\",\"url\":\"https:\\\/\\\/www.meydan.tv\\\/az\\\/article\\\/elet-sakinleri-bu-qeder-de-olmaz-axi-kend-belediyyesi-hara-baxir\\\/\",\"name\":\"\u018fl\u0259t sakinl\u0259ri: \\\"Bu q\u0259d\u0259r d\u0259 olmaz ax\u0131, k\u0259nd b\u0259l\u0259diyy\u0259si hara bax\u0131r?\\\" - MEYDAN.TV\",\"isPartOf\":{\"@id\":\"https:\\\/\\\/www.meydan.tv\\\/az\\\/#website\"},\"primaryImageOfPage\":{\"@id\":\"https:\\\/\\\/www.meydan.tv\\\/az\\\/article\\\/elet-sakinleri-bu-qeder-de-olmaz-axi-kend-belediyyesi-hara-baxir\\\/#primaryimage\"},\"image\":{\"@id\":\"https:\\\/\\\/www.meydan.tv\\\/az\\\/article\\\/elet-sakinleri-bu-qeder-de-olmaz-axi-kend-belediyyesi-hara-baxir\\\/#primaryimage\"},\"thumbnailUrl\":\"https:\\\/\\\/www.meydan.tv\\\/wp-content\\\/uploads\\\/reportaj-cover-3-1.png\",\"datePublished\":\"2023-11-29T16:27:46+00:00\",\"dateModified\":\"2023-11-29T16:27:49+00:00\",\"breadcrumb\":{\"@id\":\"https:\\\/\\\/www.meydan.tv\\\/az\\\/article\\\/elet-sakinleri-bu-qeder-de-olmaz-axi-kend-belediyyesi-hara-baxir\\\/#breadcrumb\"},\"inLanguage\":\"az\",\"potentialAction\":[{\"@type\":\"ReadAction\",\"target\":[\"https:\\\/\\\/www.meydan.tv\\\/az\\\/article\\\/elet-sakinleri-bu-qeder-de-olmaz-axi-kend-belediyyesi-hara-baxir\\\/\"]}]},{\"@type\":\"ImageObject\",\"inLanguage\":\"az\",\"@id\":\"https:\\\/\\\/www.meydan.tv\\\/az\\\/article\\\/elet-sakinleri-bu-qeder-de-olmaz-axi-kend-belediyyesi-hara-baxir\\\/#primaryimage\",\"url\":\"https:\\\/\\\/www.meydan.tv\\\/wp-content\\\/uploads\\\/reportaj-cover-3-1.png\",\"contentUrl\":\"https:\\\/\\\/www.meydan.tv\\\/wp-content\\\/uploads\\\/reportaj-cover-3-1.png\",\"width\":1280,\"height\":720},{\"@type\":\"BreadcrumbList\",\"@id\":\"https:\\\/\\\/www.meydan.tv\\\/az\\\/article\\\/elet-sakinleri-bu-qeder-de-olmaz-axi-kend-belediyyesi-hara-baxir\\\/#breadcrumb\",\"itemListElement\":[{\"@type\":\"ListItem\",\"position\":1,\"name\":\"Ana s\u0259hif\u0259\",\"item\":\"https:\\\/\\\/www.meydan.tv\\\/az\\\/\"},{\"@type\":\"ListItem\",\"position\":2,\"name\":\"Video\",\"item\":\"https:\\\/\\\/www.meydan.tv\\\/az\\\/section\\\/video-2\\\/\"},{\"@type\":\"ListItem\",\"position\":3,\"name\":\"\u018fl\u0259t sakinl\u0259ri: &#8220;Bu q\u0259d\u0259r d\u0259 olmaz ax\u0131, k\u0259nd b\u0259l\u0259diyy\u0259si hara bax\u0131r?&#8221;\"}]},{\"@type\":\"WebSite\",\"@id\":\"https:\\\/\\\/www.meydan.tv\\\/az\\\/#website\",\"url\":\"https:\\\/\\\/www.meydan.tv\\\/az\\\/\",\"name\":\"MEYDAN.TV\",\"description\":\"Meydan TV Az\u0259rbaycan\u0131n media m\u0259kan\u0131ndak\u0131 alternativ s\u0259sidir\",\"publisher\":{\"@id\":\"https:\\\/\\\/www.meydan.tv\\\/az\\\/#organization\"},\"potentialAction\":[{\"@type\":\"SearchAction\",\"target\":{\"@type\":\"EntryPoint\",\"urlTemplate\":\"https:\\\/\\\/www.meydan.tv\\\/az\\\/?s={search_term_string}\"},\"query-input\":{\"@type\":\"PropertyValueSpecification\",\"valueRequired\":true,\"valueName\":\"search_term_string\"}}],\"inLanguage\":\"az\"},{\"@type\":\"Organization\",\"@id\":\"https:\\\/\\\/www.meydan.tv\\\/az\\\/#organization\",\"name\":\"Meydan TV\",\"url\":\"https:\\\/\\\/www.meydan.tv\\\/az\\\/\",\"logo\":{\"@type\":\"ImageObject\",\"inLanguage\":\"az\",\"@id\":\"https:\\\/\\\/www.meydan.tv\\\/az\\\/#\\\/schema\\\/logo\\\/image\\\/\",\"url\":\"https:\\\/\\\/www.meydan.tv\\\/wp-content\\\/uploads\\\/2021\\\/07\\\/meydan-logo.svg\",\"contentUrl\":\"https:\\\/\\\/www.meydan.tv\\\/wp-content\\\/uploads\\\/2021\\\/07\\\/meydan-logo.svg\",\"width\":195,\"height\":46,\"caption\":\"Meydan TV\"},\"image\":{\"@id\":\"https:\\\/\\\/www.meydan.tv\\\/az\\\/#\\\/schema\\\/logo\\\/image\\\/\"}},{\"@type\":\"Person\",\"@id\":\"https:\\\/\\\/www.meydan.tv\\\/az\\\/#\\\/schema\\\/person\\\/476e9360e593fa131d5d71d51866f8da\",\"name\":\"aleks\"}]}<\/script>\n<!-- \/ Yoast SEO plugin. -->","yoast_head_json":{"title":"\u018fl\u0259t sakinl\u0259ri: \"Bu q\u0259d\u0259r d\u0259 olmaz ax\u0131, k\u0259nd b\u0259l\u0259diyy\u0259si hara bax\u0131r?\" - MEYDAN.TV","robots":{"index":"index","follow":"follow","max-snippet":"max-snippet:-1","max-image-preview":"max-image-preview:large","max-video-preview":"max-video-preview:-1"},"canonical":"https:\/\/www.meydan.tv\/az\/article\/elet-sakinleri-bu-qeder-de-olmaz-axi-kend-belediyyesi-hara-baxir\/","og_locale":"az_AZ","og_type":"article","og_title":"\u018fl\u0259t sakinl\u0259ri: \"Bu q\u0259d\u0259r d\u0259 olmaz ax\u0131, k\u0259nd b\u0259l\u0259diyy\u0259si hara bax\u0131r?\" - MEYDAN.TV","og_description":"Qarada\u011f rayonu, \u018fl\u0259t q\u0259s\u0259b\u0259sinin \u015e\u0131xlar ba\u011f massivind\u0259 ya\u015fayan insanlar kanalizasiya ... Davam\u0131","og_url":"https:\/\/www.meydan.tv\/az\/article\/elet-sakinleri-bu-qeder-de-olmaz-axi-kend-belediyyesi-hara-baxir\/","og_site_name":"MEYDAN.TV","article_published_time":"2023-11-29T16:27:46+00:00","article_modified_time":"2023-11-29T16:27:49+00:00","og_image":[{"width":1280,"height":720,"url":"https:\/\/www.meydan.tv\/wp-content\/uploads\/reportaj-cover-3-1.png","type":"image\/png"}],"author":"aleks","twitter_card":"summary_large_image","schema":{"@context":"https:\/\/schema.org","@graph":[{"@type":"Article","@id":"https:\/\/www.meydan.tv\/az\/article\/elet-sakinleri-bu-qeder-de-olmaz-axi-kend-belediyyesi-hara-baxir\/#article","isPartOf":{"@id":"https:\/\/www.meydan.tv\/az\/article\/elet-sakinleri-bu-qeder-de-olmaz-axi-kend-belediyyesi-hara-baxir\/"},"author":{"name":"aleks","@id":"https:\/\/www.meydan.tv\/az\/#\/schema\/person\/476e9360e593fa131d5d71d51866f8da"},"headline":"\u018fl\u0259t sakinl\u0259ri: &#8220;Bu q\u0259d\u0259r d\u0259 olmaz ax\u0131, k\u0259nd b\u0259l\u0259diyy\u0259si hara bax\u0131r?&#8221;","datePublished":"2023-11-29T16:27:46+00:00","dateModified":"2023-11-29T16:27:49+00:00","mainEntityOfPage":{"@id":"https:\/\/www.meydan.tv\/az\/article\/elet-sakinleri-bu-qeder-de-olmaz-axi-kend-belediyyesi-hara-baxir\/"},"wordCount":209,"publisher":{"@id":"https:\/\/www.meydan.tv\/az\/#organization"},"image":{"@id":"https:\/\/www.meydan.tv\/az\/article\/elet-sakinleri-bu-qeder-de-olmaz-axi-kend-belediyyesi-hara-baxir\/#primaryimage"},"thumbnailUrl":"https:\/\/www.meydan.tv\/wp-content\/uploads\/reportaj-cover-3-1.png","articleSection":["Sosial","Video"],"inLanguage":"az"},{"@type":"WebPage","@id":"https:\/\/www.meydan.tv\/az\/article\/elet-sakinleri-bu-qeder-de-olmaz-axi-kend-belediyyesi-hara-baxir\/","url":"https:\/\/www.meydan.tv\/az\/article\/elet-sakinleri-bu-qeder-de-olmaz-axi-kend-belediyyesi-hara-baxir\/","name":"\u018fl\u0259t sakinl\u0259ri: \"Bu q\u0259d\u0259r d\u0259 olmaz ax\u0131, k\u0259nd b\u0259l\u0259diyy\u0259si hara bax\u0131r?\" - MEYDAN.TV","isPartOf":{"@id":"https:\/\/www.meydan.tv\/az\/#website"},"primaryImageOfPage":{"@id":"https:\/\/www.meydan.tv\/az\/article\/elet-sakinleri-bu-qeder-de-olmaz-axi-kend-belediyyesi-hara-baxir\/#primaryimage"},"image":{"@id":"https:\/\/www.meydan.tv\/az\/article\/elet-sakinleri-bu-qeder-de-olmaz-axi-kend-belediyyesi-hara-baxir\/#primaryimage"},"thumbnailUrl":"https:\/\/www.meydan.tv\/wp-content\/uploads\/reportaj-cover-3-1.png","datePublished":"2023-11-29T16:27:46+00:00","dateModified":"2023-11-29T16:27:49+00:00","breadcrumb":{"@id":"https:\/\/www.meydan.tv\/az\/article\/elet-sakinleri-bu-qeder-de-olmaz-axi-kend-belediyyesi-hara-baxir\/#breadcrumb"},"inLanguage":"az","potentialAction":[{"@type":"ReadAction","target":["https:\/\/www.meydan.tv\/az\/article\/elet-sakinleri-bu-qeder-de-olmaz-axi-kend-belediyyesi-hara-baxir\/"]}]},{"@type":"ImageObject","inLanguage":"az","@id":"https:\/\/www.meydan.tv\/az\/article\/elet-sakinleri-bu-qeder-de-olmaz-axi-kend-belediyyesi-hara-baxir\/#primaryimage","url":"https:\/\/www.meydan.tv\/wp-content\/uploads\/reportaj-cover-3-1.png","contentUrl":"https:\/\/www.meydan.tv\/wp-content\/uploads\/reportaj-cover-3-1.png","width":1280,"height":720},{"@type":"BreadcrumbList","@id":"https:\/\/www.meydan.tv\/az\/article\/elet-sakinleri-bu-qeder-de-olmaz-axi-kend-belediyyesi-hara-baxir\/#breadcrumb","itemListElement":[{"@type":"ListItem","position":1,"name":"Ana s\u0259hif\u0259","item":"https:\/\/www.meydan.tv\/az\/"},{"@type":"ListItem","position":2,"name":"Video","item":"https:\/\/www.meydan.tv\/az\/section\/video-2\/"},{"@type":"ListItem","position":3,"name":"\u018fl\u0259t sakinl\u0259ri: &#8220;Bu q\u0259d\u0259r d\u0259 olmaz ax\u0131, k\u0259nd b\u0259l\u0259diyy\u0259si hara bax\u0131r?&#8221;"}]},{"@type":"WebSite","@id":"https:\/\/www.meydan.tv\/az\/#website","url":"https:\/\/www.meydan.tv\/az\/","name":"MEYDAN.TV","description":"Meydan TV Az\u0259rbaycan\u0131n media m\u0259kan\u0131ndak\u0131 alternativ s\u0259sidir","publisher":{"@id":"https:\/\/www.meydan.tv\/az\/#organization"},"potentialAction":[{"@type":"SearchAction","target":{"@type":"EntryPoint","urlTemplate":"https:\/\/www.meydan.tv\/az\/?s={search_term_string}"},"query-input":{"@type":"PropertyValueSpecification","valueRequired":true,"valueName":"search_term_string"}}],"inLanguage":"az"},{"@type":"Organization","@id":"https:\/\/www.meydan.tv\/az\/#organization","name":"Meydan TV","url":"https:\/\/www.meydan.tv\/az\/","logo":{"@type":"ImageObject","inLanguage":"az","@id":"https:\/\/www.meydan.tv\/az\/#\/schema\/logo\/image\/","url":"https:\/\/www.meydan.tv\/wp-content\/uploads\/2021\/07\/meydan-logo.svg","contentUrl":"https:\/\/www.meydan.tv\/wp-content\/uploads\/2021\/07\/meydan-logo.svg","width":195,"height":46,"caption":"Meydan TV"},"image":{"@id":"https:\/\/www.meydan.tv\/az\/#\/schema\/logo\/image\/"}},{"@type":"Person","@id":"https:\/\/www.meydan.tv\/az\/#\/schema\/person\/476e9360e593fa131d5d71d51866f8da","name":"aleks"}]}},"_links":{"self":[{"href":"https:\/\/www.meydan.tv\/az\/wp-json\/wp\/v2\/posts\/291753","targetHints":{"allow":["GET"]}}],"collection":[{"href":"https:\/\/www.meydan.tv\/az\/wp-json\/wp\/v2\/posts"}],"about":[{"href":"https:\/\/www.meydan.tv\/az\/wp-json\/wp\/v2\/types\/post"}],"author":[{"embeddable":true,"href":"https:\/\/www.meydan.tv\/az\/wp-json\/wp\/v2\/users\/12"}],"replies":[{"embeddable":true,"href":"https:\/\/www.meydan.tv\/az\/wp-json\/wp\/v2\/comments?post=291753"}],"version-history":[{"count":4,"href":"https:\/\/www.meydan.tv\/az\/wp-json\/wp\/v2\/posts\/291753\/revisions"}],"predecessor-version":[{"id":291760,"href":"https:\/\/www.meydan.tv\/az\/wp-json\/wp\/v2\/posts\/291753\/revisions\/291760"}],"wp:featuredmedia":[{"embeddable":true,"href":"https:\/\/www.meydan.tv\/az\/wp-json\/wp\/v2\/media\/291754"}],"wp:attachment":[{"href":"https:\/\/www.meydan.tv\/az\/wp-json\/wp\/v2\/media?parent=291753"}],"wp:term":[{"taxonomy":"category","embeddable":true,"href":"https:\/\/www.meydan.tv\/az\/wp-json\/wp\/v2\/categories?post=291753"},{"taxonomy":"post_tag","embeddable":true,"href":"https:\/\/www.meydan.tv\/az\/wp-json\/wp\/v2\/tags?post=291753"}],"curies":[{"name":"wp","href":"https:\/\/api.w.org\/{rel}","templated":true}]}}