{"id":291733,"date":"2023-11-29T17:59:25","date_gmt":"2023-11-29T13:59:25","guid":{"rendered":"https:\/\/www.meydan.tv\/?p=291733"},"modified":"2023-11-29T17:59:29","modified_gmt":"2023-11-29T13:59:29","slug":"sabirabad-sakini-qizinin-olumunun-intihar-yox-qetl-oldugunu-deyir","status":"publish","type":"post","link":"https:\/\/www.meydan.tv\/az\/article\/sabirabad-sakini-qizinin-olumunun-intihar-yox-qetl-oldugunu-deyir\/","title":{"rendered":"Sabirabad sakini q\u0131z\u0131n\u0131n \u00f6l\u00fcm\u00fcn\u00fcn intihar yox, q\u0259tl oldu\u011funu deyir"},"content":{"rendered":"\n<p><\/p>\n\n\n\n<p><strong><em>Dilar\u0259 \u018fkb\u0259rova: \u201cO c\u00fcr nazik nar a\u011fac\u0131n\u0131n buda\u011f\u0131 adam\u0131n a\u011f\u0131rl\u0131\u011f\u0131na tab g\u0259tir\u0259 bil\u0259rdi? Q\u0131z\u0131m\u0131n b\u0259d\u0259nind\u0259 qan\u00e7\u0131rlar olub&#8230;\u201d<\/em><\/strong><\/p>\n\n\n\n<p>Sabirabad rayonunun Cavad k\u0259ndind\u0259 20 ya\u015fl\u0131 S\u0259may\u0259 Zeynalovan\u0131n \u00f6l\u00fcm\u00fcnd\u0259n 2 il yar\u0131mdan \u00e7ox vaxt ke\u00e7s\u0259 d\u0259, bununla ba\u011fl\u0131 istintaq h\u0259l\u0259 d\u0259 davam edir. Valideynl\u0259ri onun \u00f6l\u00fcm\u00fcyl\u0259 ba\u011fl\u0131 intihar versiyas\u0131n\u0131 yax\u0131na buraxm\u0131r. Onlar \u0259mindil\u0259r ki, S\u0259may\u0259 \u00f6ld\u00fcr\u00fcl\u00fcb. Sad\u0259c\u0259, hadis\u0259 intihar kimi t\u0259qdim olunub.<\/p>\n\n\n\n<p><strong>\u201c\u00d6zl\u0259ri ipi boynuna dolay\u0131blar\u201d<\/strong><\/p>\n\n\n\n<p><em>\u201cDeyirl\u0259r ki, guya q\u0131z\u0131m \u00f6z\u00fcn\u00fc nar a\u011fac\u0131ndan as\u0131b. O c\u00fcr nazik a\u011fac\u0131n buda\u011f\u0131 adam\u0131n a\u011f\u0131rl\u0131\u011f\u0131na tab g\u0259tir\u0259 bil\u0259rdi? Nec\u0259 olub ki, budaq s\u0131nmay\u0131b? Ekspertizan\u0131n da r\u0259yi var, q\u0131z\u0131m\u0131n b\u0259d\u0259nind\u0259 qan\u00e7\u0131rlar olub. \u00d6z\u00fcn\u00fc asan adam\u0131n \u00fcst\u00fcnd\u0259 o x\u0259sar\u0259tl\u0259r niy\u0259 olmal\u0131yd\u0131? Boynunda ipin izi var. \u00d6z\u00fcn\u00fc asan adam\u0131n boynundak\u0131 iz a\u015fa\u011f\u0131dan yuxar\u0131 do\u011fru olard\u0131. \u00c7\u00fcnki as\u0131landa ip dart\u0131l\u0131r. Amma bunun boynunda tam yumru \u015f\u0259kild\u0259di. Sanki yerd\u0259 \u00f6zl\u0259ri ipi boynuna dolay\u0131blar&#8230;\u201d<\/em>, &#8211; Dilar\u0259 \u018fkb\u0259rova Meydan TV-y\u0259 dan\u0131\u015f\u0131b.<\/p>\n\n\n<div class=\"wp-block-image\">\n<figure class=\"alignleft size-full is-resized\"><img decoding=\"async\" width=\"720\" height=\"673\" data-src=\"https:\/\/www.meydan.tv\/wp-content\/uploads\/photo-2023-11-29-17-19-37_720.jpg\" alt=\"\" class=\"wp-image-291734 lazyload\" style=\"--smush-placeholder-width: 720px; --smush-placeholder-aspect-ratio: 720\/673;width:429px;height:auto\" src=\"data:image\/svg+xml;base64,PHN2ZyB3aWR0aD0iMSIgaGVpZ2h0PSIxIiB4bWxucz0iaHR0cDovL3d3dy53My5vcmcvMjAwMC9zdmciPjwvc3ZnPg==\" \/><figcaption class=\"wp-element-caption\">Dilar\u0259 \u018fkb\u0259rova. Foto: Meydan TV<\/figcaption><\/figure>\n<\/div>\n\n\n<p><strong>Prokurorlu\u011fun q\u0259rar\u0131 iki d\u0259f\u0259 l\u0259\u011fv olunub<\/strong><\/p>\n\n\n\n<p>Bu \u00f6l\u00fcm i\u015finin istintaq\u0131 Sabirabad Rayon Prokurorlu\u011funda gedir. Hadis\u0259d\u0259n d\u0259rhal sonra orada Cinay\u0259t M\u0259c\u0259ll\u0259sinin 125-ci (\u00f6z\u00fcn\u00fc \u00f6ld\u00fcrm\u0259 h\u0259ddin\u0259 \u00e7atd\u0131rma) madd\u0259sil\u0259 cinay\u0259t i\u015fi ba\u015flan\u0131b. Ara\u015fd\u0131rma rayon prokurorunun m\u00fcavini R\u00f6v\u015f\u0259n \u018fmrahova h\u0259val\u0259 olunub. \u00dc\u00e7 ay sonra cinay\u0259t i\u015fin\u0259 xitam verilib. Xitam q\u0259rar\u0131nda da g\u00f6st\u0259rilib ki, S\u0259may\u0259 h\u0259yat yolda\u015f\u0131 Eldar Zeynalovun onu evd\u0259 qoyub, Rusiyaya ged\u0259c\u0259yin\u0259 g\u00f6r\u0259 depressiyaya d\u00fc\u015f\u00fcb, bu s\u0259b\u0259bd\u0259n \u00f6z\u00fcn\u0259 q\u0259sd edib.<\/p>\n\n\n\n<p>S\u0259may\u0259 Zeynalovan\u0131n anas\u0131 Dilar\u0259 \u018fkb\u0259rova Ba\u015f prokuror Kamran \u018fliyevin q\u0259buluna d\u00fc\u015f\u0259nd\u0259n sonra 2023-c\u00fc ilin \u0259vv\u0259lind\u0259 prokurorlu\u011fun xitam q\u0259rar\u0131 l\u0259\u011fv olunub. Ba\u015f Prokurorluq q\u0259rar verib ki, bu cinay\u0259t i\u015fi yenid\u0259n ara\u015fd\u0131r\u0131lmal\u0131d\u0131r. Yen\u0259 d\u0259 bu i\u015f Sabirabad rayon prokurorunun k\u00f6m\u0259k\u00e7isi R\u00f6v\u015f\u0259n \u018fmrahovun icraat\u0131na verilib. Bu d\u0259f\u0259 d\u0259 n\u0259tic\u0259 d\u0259yi\u015fm\u0259yib \u2013 prokuror k\u00f6m\u0259k\u00e7isi bel\u0259 q\u0259na\u0259t\u0259 g\u0259lib ki, S\u0259may\u0259 Zeynalovan\u0131n \u00f6l\u00fcm\u00fcnd\u0259 he\u00e7 kimin t\u0259qsiri yoxdur, \u00f6z\u00fc depressiyaya d\u00fc\u015f\u00fcb v\u0259 intihar edib. Bu ilin aprelind\u0259 eyni i\u015f \u00fczr\u0259 ikinci d\u0259f\u0259 cinay\u0259t i\u015fi \u00fczr\u0259 icraata xitam verilib.<\/p>\n\n\n\n<p>Dilar\u0259 \u018fkb\u0259rova xitam q\u0259rar\u0131n\u0131n l\u0259\u011fvi \u00fc\u00e7\u00fcn bu d\u0259f\u0259 m\u0259hk\u0259m\u0259y\u0259 \u00fcz tutub. Lakin Sabirabad Rayon M\u0259hk\u0259m\u0259si prokurorlu\u011fun q\u0259rar\u0131n\u0131 haql\u0131 say\u0131b \u2013 anan\u0131n \u015fikay\u0259ti \u0259sass\u0131z hesab olunub.<br>Dilar\u0259 \u018fkb\u0259rova yen\u0259 dayanmay\u0131b, m\u0259hk\u0259m\u0259nin q\u0259rar\u0131ndan apelyasiya \u015fikay\u0259ti verib. \u015eirvan Apelyasiya M\u0259hk\u0259m\u0259si is\u0259 onu xeyrin\u0259 q\u0259rar verib &#8211; Sabirabad Rayon Prokurorlu\u011funun xitam q\u0259rar\u0131 yen\u0259 l\u0259\u011fv olunub. Bu hadis\u0259 il\u0259 ba\u011fl\u0131 \u0259lav\u0259 istintaq apar\u0131lmas\u0131 \u00fc\u00e7\u00fcn cinay\u0259t i\u015finin materiallar\u0131 Sabirabad Rayon Prokurorlu\u011funa g\u00f6nd\u0259rilib.<\/p>\n\n\n\n<p><strong>\u201cQay\u0131natas\u0131 g\u00fcn\u00fcn\u00fc qara el\u0259mi\u015fdi\u201d<\/strong><\/p>\n\n\n\n<p>Dilar\u0259 \u018fkb\u0259rova deyir ki, S\u0259may\u0259 \u00f6l\u00fcm\u00fcnd\u0259n t\u0259xmin\u0259n 40 d\u0259qiq\u0259 \u0259vv\u0259l Bak\u0131da ya\u015fayan bac\u0131s\u0131 Simar\u0259 R\u0259himova il\u0259 dan\u0131\u015f\u0131b, hal-\u0259hval tutub. Ana d\u00fc\u015f\u00fcn\u00fcr ki, \u0259g\u0259r q\u0131z\u0131 depressiya v\u0259ziyy\u0259tind\u0259 olsayd\u0131, bac\u0131s\u0131 bunu hiss ed\u0259rdi:<\/p>\n\n\n\n<p><em>\u201cQ\u0131z\u0131m\u0131n h\u0259min s\u0259s yaz\u0131s\u0131 da qal\u0131r. Orada he\u00e7 bir g\u0259rginlik hiss olunmur. R\u00f6v\u015f\u0259n \u018fmrahov hardan o n\u0259tic\u0259y\u0259 g\u0259lib ki, q\u0131z\u0131m depressiyaya d\u00fc\u015f\u00fcb?\u201d<\/em><\/p>\n\n\n\n<p>Anas\u0131n\u0131n iddias\u0131na g\u00f6r\u0259, evd\u0259 qay\u0131natas\u0131gil S\u0259may\u0259ni incidirdil\u0259r. H\u0259tta k\u0259m\u0259rl\u0259 d\u00f6y\u00fcld\u00fcy\u00fc vaxtlar da olub:<\/p>\n\n\n\n<p><em>\u201cM\u0259nim q\u0131z\u0131m d\u0259rdini dan\u0131\u015fan, x\u0259b\u0259r ver\u0259n deyildi. E\u015fitmi\u015fdim ki, onu incidirl\u0259r. Probleml\u0259r d\u0259 \u0259sas\u0259n qay\u0131natas\u0131 pandemiya d\u00f6vr\u00fcnd\u0259 Rusiyadan qay\u0131dandan sonra yaranm\u0131\u015fd\u0131. Ona cehiz kimi b\u00fct\u00fcn avadanl\u0131qlar\u0131 vermi\u015fdik, birc\u0259 soyuducudan ba\u015fqa. Bu soyuducu m\u0259s\u0259l\u0259sini n\u0259 q\u0259d\u0259r adam\u0131n ba\u015f\u0131na vurarlar, n\u0259 q\u0259d\u0259r ondan \u00f6tr\u00fc dava salarlar?! Q\u0131z\u0131m deyirmi\u015f ki, atamgil onu da al\u0131b ver\u0259c\u0259k. Qay\u0131natas\u0131 onun g\u00fcn\u00fcn\u00fc qara el\u0259mi\u015fdi. Bel\u0259 bir evd\u0259 ya\u015fay\u0131b m\u0259nim \u00f6vlad\u0131m. Q\u0131z\u0131m \u00f6l\u0259nd\u0259 ya\u015fyar\u0131ml\u0131q o\u011flu qalm\u0131\u015fd\u0131. U\u015fa\u011f\u0131 biz\u0259 verm\u0259dil\u0259r, \u00f6zl\u0259ri saxlad\u0131lar. T\u0259s\u0259vv\u00fcr edin, anan\u0131n \u00f6l\u00fcm\u00fcnd\u0259n 3 ay sonra u\u015faq \u00fc\u00e7\u00fcn t\u0259mt\u0259raql\u0131 ad g\u00fcn\u00fc ke\u00e7iribl\u0259r, \u015fadyanal\u0131q edibl\u0259r\u201d<\/em>.<\/p>\n\n\n\n<p><strong>\u201cQay\u0131nanas\u0131 yalan dan\u0131\u015f\u0131r\u201d<\/strong><\/p>\n\n\n\n<p>Hadis\u0259d\u0259n sonra ke\u00e7iril\u0259n ekspertiza S\u0259may\u0259 Zeynalovan\u0131n b\u0259d\u0259nind\u0259 &#8211; bud v\u0259 bald\u0131r nahiy\u0259l\u0259rind\u0259 qan\u00e7\u0131rlar olmas\u0131 bar\u0259d\u0259 r\u0259y verib. Prokurorluq bu qan\u00e7\u0131rlar\u0131n meyit a\u011facdan d\u00fc\u015f\u00fcr\u00fcl\u0259nd\u0259 \u0259m\u0259l\u0259 g\u0259ldiyini iddia edir. Dilar\u0259 \u018fkb\u0259rova bununla raz\u0131la\u015fm\u0131r:<\/p>\n\n\n\n<p><em>\u201cMeyiti a\u011facdan yer\u0259 nec\u0259 sal\u0131blar ki, o c\u00fcr x\u0259sar\u0259tl\u0259r yaran\u0131b?\u201d<\/em><\/p>\n\n\n\n<p>Dilar\u0259 \u018fkb\u0259rova onu da bildirib ki, q\u0131z\u0131n\u0131n qay\u0131nanas\u0131 \u018ffiq\u0259 Zeynalova il\u0259 \u0259miq\u0131z\u0131d\u0131rlar. Buna baxmayaraq, S\u0259may\u0259ni o ail\u0259y\u0259 verm\u0259k ist\u0259mirdi:<\/p>\n\n\n<div class=\"wp-block-image\">\n<figure class=\"alignright size-full is-resized\"><img decoding=\"async\" width=\"530\" height=\"603\" data-src=\"https:\/\/www.meydan.tv\/wp-content\/uploads\/photo-2023-11-29-17-19-38.jpg\" alt=\"\" class=\"wp-image-291737 lazyload\" style=\"--smush-placeholder-width: 530px; --smush-placeholder-aspect-ratio: 530\/603;width:373px;height:auto\" src=\"data:image\/svg+xml;base64,PHN2ZyB3aWR0aD0iMSIgaGVpZ2h0PSIxIiB4bWxucz0iaHR0cDovL3d3dy53My5vcmcvMjAwMC9zdmciPjwvc3ZnPg==\" \/><figcaption class=\"wp-element-caption\">S\u0259may\u0259 Zeynalova. Foto: Ail\u0259 arxivind\u0259n<\/figcaption><\/figure>\n<\/div>\n\n\n<p><em>\u201cBir ne\u00e7\u0259 d\u0259f\u0259 el\u00e7i g\u0259lmi\u015fdil\u0259r. U\u015fa\u011f\u0131n \u00f6z\u00fcn\u00fcn k\u00f6nl\u00fc vard\u0131, getdi. Qay\u0131nanas\u0131 yalan dan\u0131\u015f\u0131r. 3 c\u00fcr ifad\u0259 verib. Gah deyir ki, m\u0259n g\u0259l\u0259nd\u0259 a\u011facdan as\u0131l\u0131 v\u0259ziyy\u0259td\u0259 idi. Gah deyir ki, oturmu\u015f v\u0259ziyy\u0259td\u0259 idi. Gah da deyir, yerd\u0259 idi&#8230;\u201d<\/em>.<\/p>\n\n\n\n<p>S\u0259may\u0259nin h\u0259yat yolda\u015f\u0131 Eldar Zeynalova g\u0259linc\u0259, hadis\u0259 vaxt\u0131 onun evd\u0259 olmad\u0131\u011f\u0131 bildirilir. K\u0259ndl\u0259rd\u0259n toplad\u0131\u011f\u0131 s\u00fcd\u00fcn sat\u0131\u015f\u0131yla m\u0259\u015f\u011ful olan Eldar Zeynalov h\u0259min vaxt da s\u00fcd arxas\u0131nca gedibmi\u015f.<\/p>\n\n\n\n<p>Dilar\u0259 \u018fkb\u0259rova q\u0131z\u0131n\u0131n \u00f6l\u00fcm\u00fcyl\u0259 ba\u011fl\u0131 cinay\u0259t i\u015finin Sabirabad Rayon Prokurorlu\u011funda ara\u015fd\u0131r\u0131lmas\u0131n\u0131 ist\u0259mir. Deyir ki, bundan \u0259vv\u0259lki iki ara\u015fd\u0131rma onda m\u0259yusluq yarad\u0131b, istintaq\u0131n obyektiv apar\u0131laca\u011f\u0131na inam\u0131 qalmay\u0131b.<\/p>\n\n\n\n<p><strong>\u201cQon\u015fular da g\u00f6r\u00fcb ki&#8230;\u201d<\/strong><\/p>\n\n\n\n<p>Zeynalovlar ail\u0259si is\u0259 S\u0259may\u0259 Zeynalovan\u0131n \u00f6ld\u00fcr\u00fclm\u0259si, sonradan intihar g\u00f6r\u00fcnt\u00fcs\u00fc yarad\u0131lmas\u0131yla ba\u011fl\u0131 ittihamlar\u0131 q\u0259bul etmir. \u018ffiq\u0259 Zeynalova bildirib ki, h\u0259tta yax\u0131nl\u0131qdak\u0131 qon\u015fu da S\u0259may\u0259nin bo\u011faz\u0131ndak\u0131 sintetik ipi a\u00e7\u0131b, meyiti d\u00fc\u015f\u00fcrm\u0259kd\u0259 onlara k\u00f6m\u0259k edib:<\/p>\n\n\n\n<p><em>\u201cBo\u011faz\u0131ndak\u0131 ipi a\u00e7a bilmirdik, qon\u015fuluqdak\u0131 Seyid \u2013 Mira\u011fa al\u0131\u015fqanla yand\u0131rd\u0131 ipi, a\u00e7\u0131ld\u0131. Ba\u015fqa qon\u015fumuz hadis\u0259d\u0259n \u0259vv\u0259l g\u0259lini ba\u011f\u00e7ada g\u00f6r\u00fcb. El\u0259 bilib ki, telefonla \u00f6z\u00fcn\u00fc \u00e7\u0259kir. Qon\u015fular ham\u0131s\u0131 dindirilib. Bizim haqq\u0131m\u0131zda n\u0259 q\u0259d\u0259r yalan, b\u00f6htan dan\u0131\u015fmaq olar?! \u00d6zl\u0259ri 3 g\u00fcn sonra g\u0259lib cehizl\u0259ri apard\u0131lar. O anda cehiz d\u0259 yadlar\u0131na d\u00fc\u015f\u00fcrd\u00fc\u201d<\/em>.<\/p>\n","protected":false},"excerpt":{"rendered":"<p>Dilar\u0259 \u018fkb\u0259rova: \u201cO c\u00fcr nazik nar a\u011fac\u0131n\u0131n buda\u011f\u0131 adam\u0131n a\u011f\u0131rl\u0131\u011f\u0131na &#8230; <\/p>\n<p class=\"read-more-container\"><a title=\"Sabirabad sakini q\u0131z\u0131n\u0131n \u00f6l\u00fcm\u00fcn\u00fcn intihar yox, q\u0259tl oldu\u011funu deyir\" class=\"read-more button\" href=\"https:\/\/www.meydan.tv\/az\/article\/sabirabad-sakini-qizinin-olumunun-intihar-yox-qetl-oldugunu-deyir\/#more-291733\" aria-label=\"Read more about Sabirabad sakini q\u0131z\u0131n\u0131n \u00f6l\u00fcm\u00fcn\u00fcn intihar yox, q\u0259tl oldu\u011funu deyir\">Davam\u0131<\/a><\/p>\n","protected":false},"author":21,"featured_media":51010,"comment_status":"closed","ping_status":"closed","sticky":false,"template":"","format":"standard","meta":{"_acf_changed":false,"_sitemap_exclude":false,"_sitemap_priority":"","_sitemap_frequency":"","footnotes":""},"categories":[60,62,56],"tags":[],"class_list":["post-291733","post","type-post","status-publish","format-standard","has-post-thumbnail","hentry","category-bolge","category-sosial","category-xeberler","infinite-scroll-item","generate-columns","tablet-grid-50","mobile-grid-100","grid-parent","grid-33","no-featured-image-padding"],"acf":[],"yoast_head":"<!-- This site is optimized with the Yoast SEO plugin v27.5 - https:\/\/yoast.com\/product\/yoast-seo-wordpress\/ -->\n<title>Sabirabad sakini q\u0131z\u0131n\u0131n \u00f6l\u00fcm\u00fcn\u00fcn intihar yox, q\u0259tl oldu\u011funu deyir - MEYDAN.TV<\/title>\n<meta name=\"robots\" content=\"index, follow, max-snippet:-1, max-image-preview:large, max-video-preview:-1\" \/>\n<link rel=\"canonical\" href=\"https:\/\/www.meydan.tv\/az\/article\/sabirabad-sakini-qizinin-olumunun-intihar-yox-qetl-oldugunu-deyir\/\" \/>\n<meta property=\"og:locale\" content=\"az_AZ\" \/>\n<meta property=\"og:type\" content=\"article\" \/>\n<meta property=\"og:title\" content=\"Sabirabad sakini q\u0131z\u0131n\u0131n \u00f6l\u00fcm\u00fcn\u00fcn intihar yox, q\u0259tl oldu\u011funu deyir - MEYDAN.TV\" \/>\n<meta property=\"og:description\" content=\"Dilar\u0259 \u018fkb\u0259rova: \u201cO c\u00fcr nazik nar a\u011fac\u0131n\u0131n buda\u011f\u0131 adam\u0131n a\u011f\u0131rl\u0131\u011f\u0131na ... Davam\u0131\" \/>\n<meta property=\"og:url\" content=\"https:\/\/www.meydan.tv\/az\/article\/sabirabad-sakini-qizinin-olumunun-intihar-yox-qetl-oldugunu-deyir\/\" \/>\n<meta property=\"og:site_name\" content=\"MEYDAN.TV\" \/>\n<meta property=\"article:published_time\" content=\"2023-11-29T13:59:25+00:00\" \/>\n<meta property=\"article:modified_time\" content=\"2023-11-29T13:59:29+00:00\" \/>\n<meta property=\"og:image\" content=\"https:\/\/www.meydan.tv\/wp-content\/uploads\/19221.jpg\" \/>\n\t<meta property=\"og:image:width\" content=\"690\" \/>\n\t<meta property=\"og:image:height\" content=\"421\" \/>\n\t<meta property=\"og:image:type\" content=\"image\/jpeg\" \/>\n<meta name=\"author\" content=\"mahmud\" \/>\n<meta name=\"twitter:card\" content=\"summary_large_image\" \/>\n<script type=\"application\/ld+json\" class=\"yoast-schema-graph\">{\"@context\":\"https:\\\/\\\/schema.org\",\"@graph\":[{\"@type\":\"Article\",\"@id\":\"https:\\\/\\\/www.meydan.tv\\\/az\\\/article\\\/sabirabad-sakini-qizinin-olumunun-intihar-yox-qetl-oldugunu-deyir\\\/#article\",\"isPartOf\":{\"@id\":\"https:\\\/\\\/www.meydan.tv\\\/az\\\/article\\\/sabirabad-sakini-qizinin-olumunun-intihar-yox-qetl-oldugunu-deyir\\\/\"},\"author\":{\"name\":\"mahmud\",\"@id\":\"https:\\\/\\\/www.meydan.tv\\\/az\\\/#\\\/schema\\\/person\\\/09863e516102a829e72bedcf3f84c6b0\"},\"headline\":\"Sabirabad sakini q\u0131z\u0131n\u0131n \u00f6l\u00fcm\u00fcn\u00fcn intihar yox, q\u0259tl oldu\u011funu deyir\",\"datePublished\":\"2023-11-29T13:59:25+00:00\",\"dateModified\":\"2023-11-29T13:59:29+00:00\",\"mainEntityOfPage\":{\"@id\":\"https:\\\/\\\/www.meydan.tv\\\/az\\\/article\\\/sabirabad-sakini-qizinin-olumunun-intihar-yox-qetl-oldugunu-deyir\\\/\"},\"wordCount\":1289,\"publisher\":{\"@id\":\"https:\\\/\\\/www.meydan.tv\\\/az\\\/#organization\"},\"image\":{\"@id\":\"https:\\\/\\\/www.meydan.tv\\\/az\\\/article\\\/sabirabad-sakini-qizinin-olumunun-intihar-yox-qetl-oldugunu-deyir\\\/#primaryimage\"},\"thumbnailUrl\":\"https:\\\/\\\/www.meydan.tv\\\/wp-content\\\/uploads\\\/19221.jpg\",\"articleSection\":[\"B\u00f6lg\u0259\",\"Sosial\",\"X\u0259b\u0259rl\u0259r\"],\"inLanguage\":\"az\"},{\"@type\":\"WebPage\",\"@id\":\"https:\\\/\\\/www.meydan.tv\\\/az\\\/article\\\/sabirabad-sakini-qizinin-olumunun-intihar-yox-qetl-oldugunu-deyir\\\/\",\"url\":\"https:\\\/\\\/www.meydan.tv\\\/az\\\/article\\\/sabirabad-sakini-qizinin-olumunun-intihar-yox-qetl-oldugunu-deyir\\\/\",\"name\":\"Sabirabad sakini q\u0131z\u0131n\u0131n \u00f6l\u00fcm\u00fcn\u00fcn intihar yox, q\u0259tl oldu\u011funu deyir - MEYDAN.TV\",\"isPartOf\":{\"@id\":\"https:\\\/\\\/www.meydan.tv\\\/az\\\/#website\"},\"primaryImageOfPage\":{\"@id\":\"https:\\\/\\\/www.meydan.tv\\\/az\\\/article\\\/sabirabad-sakini-qizinin-olumunun-intihar-yox-qetl-oldugunu-deyir\\\/#primaryimage\"},\"image\":{\"@id\":\"https:\\\/\\\/www.meydan.tv\\\/az\\\/article\\\/sabirabad-sakini-qizinin-olumunun-intihar-yox-qetl-oldugunu-deyir\\\/#primaryimage\"},\"thumbnailUrl\":\"https:\\\/\\\/www.meydan.tv\\\/wp-content\\\/uploads\\\/19221.jpg\",\"datePublished\":\"2023-11-29T13:59:25+00:00\",\"dateModified\":\"2023-11-29T13:59:29+00:00\",\"breadcrumb\":{\"@id\":\"https:\\\/\\\/www.meydan.tv\\\/az\\\/article\\\/sabirabad-sakini-qizinin-olumunun-intihar-yox-qetl-oldugunu-deyir\\\/#breadcrumb\"},\"inLanguage\":\"az\",\"potentialAction\":[{\"@type\":\"ReadAction\",\"target\":[\"https:\\\/\\\/www.meydan.tv\\\/az\\\/article\\\/sabirabad-sakini-qizinin-olumunun-intihar-yox-qetl-oldugunu-deyir\\\/\"]}]},{\"@type\":\"ImageObject\",\"inLanguage\":\"az\",\"@id\":\"https:\\\/\\\/www.meydan.tv\\\/az\\\/article\\\/sabirabad-sakini-qizinin-olumunun-intihar-yox-qetl-oldugunu-deyir\\\/#primaryimage\",\"url\":\"https:\\\/\\\/www.meydan.tv\\\/wp-content\\\/uploads\\\/19221.jpg\",\"contentUrl\":\"https:\\\/\\\/www.meydan.tv\\\/wp-content\\\/uploads\\\/19221.jpg\",\"width\":690,\"height\":421,\"caption\":\"Source: arxiv\"},{\"@type\":\"BreadcrumbList\",\"@id\":\"https:\\\/\\\/www.meydan.tv\\\/az\\\/article\\\/sabirabad-sakini-qizinin-olumunun-intihar-yox-qetl-oldugunu-deyir\\\/#breadcrumb\",\"itemListElement\":[{\"@type\":\"ListItem\",\"position\":1,\"name\":\"Ana s\u0259hif\u0259\",\"item\":\"https:\\\/\\\/www.meydan.tv\\\/az\\\/\"},{\"@type\":\"ListItem\",\"position\":2,\"name\":\"Sosial\",\"item\":\"https:\\\/\\\/www.meydan.tv\\\/az\\\/section\\\/sosial\\\/\"},{\"@type\":\"ListItem\",\"position\":3,\"name\":\"Sabirabad sakini q\u0131z\u0131n\u0131n \u00f6l\u00fcm\u00fcn\u00fcn intihar yox, q\u0259tl oldu\u011funu deyir\"}]},{\"@type\":\"WebSite\",\"@id\":\"https:\\\/\\\/www.meydan.tv\\\/az\\\/#website\",\"url\":\"https:\\\/\\\/www.meydan.tv\\\/az\\\/\",\"name\":\"MEYDAN.TV\",\"description\":\"Meydan TV Az\u0259rbaycan\u0131n media m\u0259kan\u0131ndak\u0131 alternativ s\u0259sidir\",\"publisher\":{\"@id\":\"https:\\\/\\\/www.meydan.tv\\\/az\\\/#organization\"},\"potentialAction\":[{\"@type\":\"SearchAction\",\"target\":{\"@type\":\"EntryPoint\",\"urlTemplate\":\"https:\\\/\\\/www.meydan.tv\\\/az\\\/?s={search_term_string}\"},\"query-input\":{\"@type\":\"PropertyValueSpecification\",\"valueRequired\":true,\"valueName\":\"search_term_string\"}}],\"inLanguage\":\"az\"},{\"@type\":\"Organization\",\"@id\":\"https:\\\/\\\/www.meydan.tv\\\/az\\\/#organization\",\"name\":\"Meydan TV\",\"url\":\"https:\\\/\\\/www.meydan.tv\\\/az\\\/\",\"logo\":{\"@type\":\"ImageObject\",\"inLanguage\":\"az\",\"@id\":\"https:\\\/\\\/www.meydan.tv\\\/az\\\/#\\\/schema\\\/logo\\\/image\\\/\",\"url\":\"https:\\\/\\\/www.meydan.tv\\\/wp-content\\\/uploads\\\/2021\\\/07\\\/meydan-logo.svg\",\"contentUrl\":\"https:\\\/\\\/www.meydan.tv\\\/wp-content\\\/uploads\\\/2021\\\/07\\\/meydan-logo.svg\",\"width\":195,\"height\":46,\"caption\":\"Meydan TV\"},\"image\":{\"@id\":\"https:\\\/\\\/www.meydan.tv\\\/az\\\/#\\\/schema\\\/logo\\\/image\\\/\"}},{\"@type\":\"Person\",\"@id\":\"https:\\\/\\\/www.meydan.tv\\\/az\\\/#\\\/schema\\\/person\\\/09863e516102a829e72bedcf3f84c6b0\",\"name\":\"mahmud\"}]}<\/script>\n<!-- \/ Yoast SEO plugin. -->","yoast_head_json":{"title":"Sabirabad sakini q\u0131z\u0131n\u0131n \u00f6l\u00fcm\u00fcn\u00fcn intihar yox, q\u0259tl oldu\u011funu deyir - MEYDAN.TV","robots":{"index":"index","follow":"follow","max-snippet":"max-snippet:-1","max-image-preview":"max-image-preview:large","max-video-preview":"max-video-preview:-1"},"canonical":"https:\/\/www.meydan.tv\/az\/article\/sabirabad-sakini-qizinin-olumunun-intihar-yox-qetl-oldugunu-deyir\/","og_locale":"az_AZ","og_type":"article","og_title":"Sabirabad sakini q\u0131z\u0131n\u0131n \u00f6l\u00fcm\u00fcn\u00fcn intihar yox, q\u0259tl oldu\u011funu deyir - MEYDAN.TV","og_description":"Dilar\u0259 \u018fkb\u0259rova: \u201cO c\u00fcr nazik nar a\u011fac\u0131n\u0131n buda\u011f\u0131 adam\u0131n a\u011f\u0131rl\u0131\u011f\u0131na ... Davam\u0131","og_url":"https:\/\/www.meydan.tv\/az\/article\/sabirabad-sakini-qizinin-olumunun-intihar-yox-qetl-oldugunu-deyir\/","og_site_name":"MEYDAN.TV","article_published_time":"2023-11-29T13:59:25+00:00","article_modified_time":"2023-11-29T13:59:29+00:00","og_image":[{"width":690,"height":421,"url":"https:\/\/www.meydan.tv\/wp-content\/uploads\/19221.jpg","type":"image\/jpeg"}],"author":"mahmud","twitter_card":"summary_large_image","schema":{"@context":"https:\/\/schema.org","@graph":[{"@type":"Article","@id":"https:\/\/www.meydan.tv\/az\/article\/sabirabad-sakini-qizinin-olumunun-intihar-yox-qetl-oldugunu-deyir\/#article","isPartOf":{"@id":"https:\/\/www.meydan.tv\/az\/article\/sabirabad-sakini-qizinin-olumunun-intihar-yox-qetl-oldugunu-deyir\/"},"author":{"name":"mahmud","@id":"https:\/\/www.meydan.tv\/az\/#\/schema\/person\/09863e516102a829e72bedcf3f84c6b0"},"headline":"Sabirabad sakini q\u0131z\u0131n\u0131n \u00f6l\u00fcm\u00fcn\u00fcn intihar yox, q\u0259tl oldu\u011funu deyir","datePublished":"2023-11-29T13:59:25+00:00","dateModified":"2023-11-29T13:59:29+00:00","mainEntityOfPage":{"@id":"https:\/\/www.meydan.tv\/az\/article\/sabirabad-sakini-qizinin-olumunun-intihar-yox-qetl-oldugunu-deyir\/"},"wordCount":1289,"publisher":{"@id":"https:\/\/www.meydan.tv\/az\/#organization"},"image":{"@id":"https:\/\/www.meydan.tv\/az\/article\/sabirabad-sakini-qizinin-olumunun-intihar-yox-qetl-oldugunu-deyir\/#primaryimage"},"thumbnailUrl":"https:\/\/www.meydan.tv\/wp-content\/uploads\/19221.jpg","articleSection":["B\u00f6lg\u0259","Sosial","X\u0259b\u0259rl\u0259r"],"inLanguage":"az"},{"@type":"WebPage","@id":"https:\/\/www.meydan.tv\/az\/article\/sabirabad-sakini-qizinin-olumunun-intihar-yox-qetl-oldugunu-deyir\/","url":"https:\/\/www.meydan.tv\/az\/article\/sabirabad-sakini-qizinin-olumunun-intihar-yox-qetl-oldugunu-deyir\/","name":"Sabirabad sakini q\u0131z\u0131n\u0131n \u00f6l\u00fcm\u00fcn\u00fcn intihar yox, q\u0259tl oldu\u011funu deyir - MEYDAN.TV","isPartOf":{"@id":"https:\/\/www.meydan.tv\/az\/#website"},"primaryImageOfPage":{"@id":"https:\/\/www.meydan.tv\/az\/article\/sabirabad-sakini-qizinin-olumunun-intihar-yox-qetl-oldugunu-deyir\/#primaryimage"},"image":{"@id":"https:\/\/www.meydan.tv\/az\/article\/sabirabad-sakini-qizinin-olumunun-intihar-yox-qetl-oldugunu-deyir\/#primaryimage"},"thumbnailUrl":"https:\/\/www.meydan.tv\/wp-content\/uploads\/19221.jpg","datePublished":"2023-11-29T13:59:25+00:00","dateModified":"2023-11-29T13:59:29+00:00","breadcrumb":{"@id":"https:\/\/www.meydan.tv\/az\/article\/sabirabad-sakini-qizinin-olumunun-intihar-yox-qetl-oldugunu-deyir\/#breadcrumb"},"inLanguage":"az","potentialAction":[{"@type":"ReadAction","target":["https:\/\/www.meydan.tv\/az\/article\/sabirabad-sakini-qizinin-olumunun-intihar-yox-qetl-oldugunu-deyir\/"]}]},{"@type":"ImageObject","inLanguage":"az","@id":"https:\/\/www.meydan.tv\/az\/article\/sabirabad-sakini-qizinin-olumunun-intihar-yox-qetl-oldugunu-deyir\/#primaryimage","url":"https:\/\/www.meydan.tv\/wp-content\/uploads\/19221.jpg","contentUrl":"https:\/\/www.meydan.tv\/wp-content\/uploads\/19221.jpg","width":690,"height":421,"caption":"Source: arxiv"},{"@type":"BreadcrumbList","@id":"https:\/\/www.meydan.tv\/az\/article\/sabirabad-sakini-qizinin-olumunun-intihar-yox-qetl-oldugunu-deyir\/#breadcrumb","itemListElement":[{"@type":"ListItem","position":1,"name":"Ana s\u0259hif\u0259","item":"https:\/\/www.meydan.tv\/az\/"},{"@type":"ListItem","position":2,"name":"Sosial","item":"https:\/\/www.meydan.tv\/az\/section\/sosial\/"},{"@type":"ListItem","position":3,"name":"Sabirabad sakini q\u0131z\u0131n\u0131n \u00f6l\u00fcm\u00fcn\u00fcn intihar yox, q\u0259tl oldu\u011funu deyir"}]},{"@type":"WebSite","@id":"https:\/\/www.meydan.tv\/az\/#website","url":"https:\/\/www.meydan.tv\/az\/","name":"MEYDAN.TV","description":"Meydan TV Az\u0259rbaycan\u0131n media m\u0259kan\u0131ndak\u0131 alternativ s\u0259sidir","publisher":{"@id":"https:\/\/www.meydan.tv\/az\/#organization"},"potentialAction":[{"@type":"SearchAction","target":{"@type":"EntryPoint","urlTemplate":"https:\/\/www.meydan.tv\/az\/?s={search_term_string}"},"query-input":{"@type":"PropertyValueSpecification","valueRequired":true,"valueName":"search_term_string"}}],"inLanguage":"az"},{"@type":"Organization","@id":"https:\/\/www.meydan.tv\/az\/#organization","name":"Meydan TV","url":"https:\/\/www.meydan.tv\/az\/","logo":{"@type":"ImageObject","inLanguage":"az","@id":"https:\/\/www.meydan.tv\/az\/#\/schema\/logo\/image\/","url":"https:\/\/www.meydan.tv\/wp-content\/uploads\/2021\/07\/meydan-logo.svg","contentUrl":"https:\/\/www.meydan.tv\/wp-content\/uploads\/2021\/07\/meydan-logo.svg","width":195,"height":46,"caption":"Meydan TV"},"image":{"@id":"https:\/\/www.meydan.tv\/az\/#\/schema\/logo\/image\/"}},{"@type":"Person","@id":"https:\/\/www.meydan.tv\/az\/#\/schema\/person\/09863e516102a829e72bedcf3f84c6b0","name":"mahmud"}]}},"_links":{"self":[{"href":"https:\/\/www.meydan.tv\/az\/wp-json\/wp\/v2\/posts\/291733","targetHints":{"allow":["GET"]}}],"collection":[{"href":"https:\/\/www.meydan.tv\/az\/wp-json\/wp\/v2\/posts"}],"about":[{"href":"https:\/\/www.meydan.tv\/az\/wp-json\/wp\/v2\/types\/post"}],"author":[{"embeddable":true,"href":"https:\/\/www.meydan.tv\/az\/wp-json\/wp\/v2\/users\/21"}],"replies":[{"embeddable":true,"href":"https:\/\/www.meydan.tv\/az\/wp-json\/wp\/v2\/comments?post=291733"}],"version-history":[{"count":1,"href":"https:\/\/www.meydan.tv\/az\/wp-json\/wp\/v2\/posts\/291733\/revisions"}],"predecessor-version":[{"id":291740,"href":"https:\/\/www.meydan.tv\/az\/wp-json\/wp\/v2\/posts\/291733\/revisions\/291740"}],"wp:featuredmedia":[{"embeddable":true,"href":"https:\/\/www.meydan.tv\/az\/wp-json\/wp\/v2\/media\/51010"}],"wp:attachment":[{"href":"https:\/\/www.meydan.tv\/az\/wp-json\/wp\/v2\/media?parent=291733"}],"wp:term":[{"taxonomy":"category","embeddable":true,"href":"https:\/\/www.meydan.tv\/az\/wp-json\/wp\/v2\/categories?post=291733"},{"taxonomy":"post_tag","embeddable":true,"href":"https:\/\/www.meydan.tv\/az\/wp-json\/wp\/v2\/tags?post=291733"}],"curies":[{"name":"wp","href":"https:\/\/api.w.org\/{rel}","templated":true}]}}