{"id":291697,"date":"2023-11-29T11:56:13","date_gmt":"2023-11-29T07:56:13","guid":{"rendered":"https:\/\/www.meydan.tv\/?p=291697"},"modified":"2023-11-29T11:56:16","modified_gmt":"2023-11-29T07:56:16","slug":"terter-isi-mehkeme-prosesinin-biri-yekunlasdi-zerercekenler-de-teqsirlendirilenler-de-hokmden-narazidir","status":"publish","type":"post","link":"https:\/\/www.meydan.tv\/az\/article\/terter-isi-mehkeme-prosesinin-biri-yekunlasdi-zerercekenler-de-teqsirlendirilenler-de-hokmden-narazidir\/","title":{"rendered":"\u201cT\u0259rt\u0259r i\u015fi\u201d m\u0259hk\u0259m\u0259 prosesinin biri yekunla\u015fd\u0131: Z\u0259r\u0259r\u00e7\u0259k\u0259nl\u0259r d\u0259, t\u0259qsirl\u0259ndiril\u0259nl\u0259r d\u0259 h\u00f6kmd\u0259n naraz\u0131d\u0131r"},"content":{"rendered":"\n<p><strong><em>H\u0259rbi qulluq\u00e7ular m\u00fcxt\u0259lif c\u0259zalar ald\u0131<\/em><\/strong><\/p>\n\n\n\n<p>2017-ci ild\u0259 T\u0259rt\u0259rd\u0259 \u0259sg\u0259r v\u0259 zabitl\u0259r\u0259 qar\u015f\u0131 k\u00fctl\u0259vi i\u015fg\u0259nc\u0259l\u0259r\u0259 g\u00f6r\u0259 ke\u00e7iril\u0259n m\u0259hk\u0259m\u0259 prosesl\u0259rind\u0259n biri yekunla\u015f\u0131b. \u0130\u015fg\u0259nc\u0259l\u0259rd\u0259 ittiham olunan 4 n\u0259f\u0259r\u0259 noyabr\u0131n 29-da Sumqay\u0131t M\u0259hk\u0259m\u0259 Kompleksind\u0259 h\u00f6km oxunub.<\/p>\n\n\n\n<p>Bak\u0131 H\u0259rbi M\u0259hk\u0259m\u0259sinin h\u00f6km\u00fcyl\u0259 T\u0259rt\u0259rd\u0259ki N sayl\u0131 h\u0259rbi hiss\u0259nin komandiri olmu\u015f polkovnik-leytenant V\u00fcsal \u018fl\u0259sg\u0259rov, h\u0259rbi hiss\u0259nin q\u0259rargah r\u0259isi, polkovnik R\u0259\u015fid Nift\u0259liyevin h\u0259r birin\u0259 5 il 6 ay azadl\u0131qdan m\u0259hrumetm\u0259 c\u0259zas\u0131 verilib.<\/p>\n\n\n\n<p>Onlarla birlikd\u0259 iki n\u0259f\u0259r m\u00fcdd\u0259td\u0259n art\u0131q xidm\u0259t etmi\u015f k\u0259\u015ffiyyat\u00e7\u0131-h\u0259rbi qulluq\u00e7u da m\u00fchakim\u0259 olunurdu. Onlardan Ramil Qarayev\u0259 d\u0259 eyni c\u0259za k\u0259silib \u2013 5 il 6 ay.<\/p>\n\n\n\n<p>Dig\u0259r h\u0259rbi qulluq\u00e7u R\u00fcst\u0259m \u018fl\u0259sg\u0259rov is\u0259 9 il 6 ay azadl\u0131qdan m\u0259hrum edilib.<\/p>\n\n\n\n<p>T\u0259qsirl\u0259ndiril\u0259n \u015f\u0259xsl\u0259r d\u0259, z\u0259r\u0259r\u00e7\u0259k\u0259nl\u0259r d\u0259 h\u00f6kmd\u0259n naraz\u0131 qal\u0131b.<\/p>\n\n\n\n<p>T\u0259qsirl\u0259ndiril\u0259n \u015f\u0259xsl\u0259r m\u0259hk\u0259m\u0259d\u0259n b\u0259ra\u0259t ist\u0259mi\u015fdil\u0259r.<\/p>\n\n\n\n<p>Z\u0259r\u0259r\u00e7\u0259kmi\u015fl\u0259r is\u0259 \u0259dal\u0259tli m\u0259hk\u0259m\u0259 ara\u015fd\u0131rmas\u0131 apar\u0131lmad\u0131\u011f\u0131n\u0131 deyir.<\/p>\n\n\n\n<p>V\u00fcsal \u018fl\u0259sg\u0259rov, R\u0259\u015fid Nift\u0259liyev, Ramil Qarayev Cinay\u0259t M\u0259c\u0259ll\u0259sinin 145.3 (qanunsuz azadl\u0131qdan m\u0259hrum etm\u0259), 293 (i\u015fg\u0259nc\u0259, qeyri-insani, yaxud l\u0259yaq\u0259ti al\u00e7aldan r\u0259ftar) v\u0259 341-ci (v\u0259zif\u0259 s\u0259lahiyy\u0259tl\u0259rini a\u015fma) madd\u0259l\u0259ril\u0259 ittiham olunur.<\/p>\n\n\n\n<p>R\u00fcst\u0259m \u018fl\u0259sg\u0259rova is\u0259 bunlarla yana\u015f\u0131, h\u0259m d\u0259 Cinay\u0259t M\u0259c\u0259ll\u0259sinin 125 (\u00f6z\u00fcn\u00fc \u00f6ld\u00fcrm\u0259 h\u0259ddin\u0259 \u00e7atd\u0131rma) v\u0259 126.3 (b\u0259d\u0259n\u0259 a\u011f\u0131r x\u0259sar\u0259t yetirm\u0259, \u00f6l\u00fcm\u0259 s\u0259b\u0259b olduqda) madd\u0259l\u0259ril\u0259 d\u0259 ittiham verilib.<\/p>\n\n\n\n<p>Lakin o, \u00f6l\u00fcm hadis\u0259l\u0259rin\u0259 aidiyy\u0259ti olmad\u0131\u011f\u0131n\u0131, \u00fcmumiyy\u0259tl\u0259, i\u015fg\u0259nc\u0259l\u0259rd\u0259 i\u015ftirak etm\u0259diyini bildirir. Onun s\u00f6zl\u0259rin\u0259 g\u00f6r\u0259, T\u0259rt\u0259r i\u015fg\u0259nc\u0259l\u0259ri ba\u015flayanda k\u0259\u015ffiyyat b\u00f6l\u00fcy\u00fcn\u00fcn h\u0259rbi qulluq\u00e7ular\u0131n\u0131 hadis\u0259l\u0259rin c\u0259r\u0259yan etdiyi binan\u0131n m\u00fchafiz\u0259si \u00fc\u00e7\u00fcn g\u0259tiribl\u0259r. O da 5 g\u00fcn \u0259rzind\u0259 h\u0259min binan\u0131n m\u00fchafiz\u0259sind\u0259 olub. O vur\u011fulay\u0131b ki, \u0259sl cinay\u0259tkarlar\u0131 m\u0259suliyy\u0259td\u0259n k\u0259narda saxlay\u0131b, onun kimi kims\u0259sizl\u0259ri &#8220;g\u00f6zd\u0259n p\u0259rd\u0259 asmaq \u00fc\u00e7\u00fcn&#8221; c\u0259zaland\u0131r\u0131rlar.<\/p>\n\n\n\n<p>Polkovnik V\u00fcsal \u018fl\u0259sg\u0259rov da bildirib ki, \u0259g\u0259r onlar\u0131 m\u00fct\u0259\u015f\u0259kkil cinay\u0259tkar d\u0259st\u0259nin \u00fczv\u00fc kimi m\u00fchakim\u0259 edirl\u0259rs\u0259, o zaman d\u0259st\u0259nin ba\u015f\u00e7\u0131lar\u0131, T\u0259rt\u0259r hadis\u0259l\u0259rin\u0259 g\u00f6st\u0259ri\u015f ver\u0259nl\u0259r d\u0259 c\u0259zaland\u0131r\u0131lmal\u0131d\u0131r.<\/p>\n\n\n\n<p>Z\u0259r\u0259r\u00e7\u0259kmi\u015fl\u0259r iddia edir ki, bu m\u0259hk\u0259m\u0259 sad\u0259c\u0259, onlar\u0131 sakitl\u0259\u015fdirm\u0259k, T\u0259rt\u0259r i\u015fg\u0259nc\u0259l\u0259rinin ara\u015fd\u0131r\u0131lmas\u0131 g\u00f6r\u00fcnt\u00fcs\u00fc yaratmaq m\u0259qs\u0259di da\u015f\u0131y\u0131rd\u0131.<\/p>\n\n\n\n<p>T\u0259rt\u0259rd\u0259 i\u015fg\u0259nc\u0259 n\u0259tic\u0259sind\u0259 h\u0259yat\u0131n\u0131 itir\u0259n h\u0259rbi qulluq\u00e7u El\u00e7in Quliyevin anas\u0131 Valid\u0259 \u018fhm\u0259dova m\u0259hk\u0259m\u0259 prosesinin \u0259dal\u0259tsiz ke\u00e7irildiyini, cinay\u0259t\u0259 r\u0259hb\u0259rlik ed\u0259n \u015f\u0259xsl\u0259rin m\u0259suliyy\u0259td\u0259n k\u0259narda saxland\u0131\u011f\u0131n\u0131 bildirib. Onun s\u00f6zl\u0259rin\u0259 g\u00f6r\u0259, z\u0259r\u0259r\u00e7\u0259kmi\u015fl\u0259r h\u0259qiq\u0259tin \u00fcz\u0259 \u00e7\u0131xmas\u0131, o c\u00fcml\u0259d\u0259n M\u00fcdafi\u0259 naziri, Ba\u015f Q\u0259rargah r\u0259isi, H\u0259rbi prokuror, onun m\u00fcavini v\u0259 dig\u0259r y\u00fcks\u0259k v\u0259zif\u0259li \u015f\u0259xsl\u0259rin \u00e7a\u011f\u0131r\u0131l\u0131b dindirilm\u0259si bar\u0259d\u0259 \u00e7oxsayl\u0131 v\u0259sat\u0259tl\u0259r verib. Lakin onlar\u0131n he\u00e7 biri t\u0259min olunmay\u0131b.<\/p>\n","protected":false},"excerpt":{"rendered":"<p>H\u0259rbi qulluq\u00e7ular m\u00fcxt\u0259lif c\u0259zalar ald\u0131 2017-ci ild\u0259 T\u0259rt\u0259rd\u0259 \u0259sg\u0259r v\u0259 &#8230; <\/p>\n<p class=\"read-more-container\"><a title=\"\u201cT\u0259rt\u0259r i\u015fi\u201d m\u0259hk\u0259m\u0259 prosesinin biri yekunla\u015fd\u0131: Z\u0259r\u0259r\u00e7\u0259k\u0259nl\u0259r d\u0259, t\u0259qsirl\u0259ndiril\u0259nl\u0259r d\u0259 h\u00f6kmd\u0259n naraz\u0131d\u0131r\" class=\"read-more button\" href=\"https:\/\/www.meydan.tv\/az\/article\/terter-isi-mehkeme-prosesinin-biri-yekunlasdi-zerercekenler-de-teqsirlendirilenler-de-hokmden-narazidir\/#more-291697\" aria-label=\"Read more about \u201cT\u0259rt\u0259r i\u015fi\u201d m\u0259hk\u0259m\u0259 prosesinin biri yekunla\u015fd\u0131: Z\u0259r\u0259r\u00e7\u0259k\u0259nl\u0259r d\u0259, t\u0259qsirl\u0259ndiril\u0259nl\u0259r d\u0259 h\u00f6kmd\u0259n naraz\u0131d\u0131r\">Davam\u0131<\/a><\/p>\n","protected":false},"author":21,"featured_media":271839,"comment_status":"closed","ping_status":"closed","sticky":false,"template":"","format":"standard","meta":{"_acf_changed":false,"_sitemap_exclude":false,"_sitemap_priority":"","_sitemap_frequency":"","footnotes":""},"categories":[59,62,79,56],"tags":[],"class_list":["post-291697","post","type-post","status-publish","format-standard","has-post-thumbnail","hentry","category-siyaset","category-sosial","category-featured","category-xeberler","infinite-scroll-item","generate-columns","tablet-grid-50","mobile-grid-100","grid-parent","grid-33","no-featured-image-padding"],"acf":[],"yoast_head":"<!-- This site is optimized with the Yoast SEO plugin v27.5 - https:\/\/yoast.com\/product\/yoast-seo-wordpress\/ -->\n<title>\u201cT\u0259rt\u0259r i\u015fi\u201d m\u0259hk\u0259m\u0259 prosesinin biri yekunla\u015fd\u0131: Z\u0259r\u0259r\u00e7\u0259k\u0259nl\u0259r d\u0259, t\u0259qsirl\u0259ndiril\u0259nl\u0259r d\u0259 h\u00f6kmd\u0259n naraz\u0131d\u0131r - MEYDAN.TV<\/title>\n<meta name=\"robots\" content=\"index, follow, max-snippet:-1, max-image-preview:large, max-video-preview:-1\" \/>\n<link rel=\"canonical\" href=\"https:\/\/www.meydan.tv\/az\/article\/terter-isi-mehkeme-prosesinin-biri-yekunlasdi-zerercekenler-de-teqsirlendirilenler-de-hokmden-narazidir\/\" \/>\n<meta property=\"og:locale\" content=\"az_AZ\" \/>\n<meta property=\"og:type\" content=\"article\" \/>\n<meta property=\"og:title\" content=\"\u201cT\u0259rt\u0259r i\u015fi\u201d m\u0259hk\u0259m\u0259 prosesinin biri yekunla\u015fd\u0131: Z\u0259r\u0259r\u00e7\u0259k\u0259nl\u0259r d\u0259, t\u0259qsirl\u0259ndiril\u0259nl\u0259r d\u0259 h\u00f6kmd\u0259n naraz\u0131d\u0131r - MEYDAN.TV\" \/>\n<meta property=\"og:description\" content=\"H\u0259rbi qulluq\u00e7ular m\u00fcxt\u0259lif c\u0259zalar ald\u0131 2017-ci ild\u0259 T\u0259rt\u0259rd\u0259 \u0259sg\u0259r v\u0259 ... Davam\u0131\" \/>\n<meta property=\"og:url\" content=\"https:\/\/www.meydan.tv\/az\/article\/terter-isi-mehkeme-prosesinin-biri-yekunlasdi-zerercekenler-de-teqsirlendirilenler-de-hokmden-narazidir\/\" \/>\n<meta property=\"og:site_name\" content=\"MEYDAN.TV\" \/>\n<meta property=\"article:published_time\" content=\"2023-11-29T07:56:13+00:00\" \/>\n<meta property=\"article:modified_time\" content=\"2023-11-29T07:56:16+00:00\" \/>\n<meta property=\"og:image\" content=\"https:\/\/www.meydan.tv\/wp-content\/uploads\/img_9719.jpg\" \/>\n\t<meta property=\"og:image:width\" content=\"1200\" \/>\n\t<meta property=\"og:image:height\" content=\"675\" \/>\n\t<meta property=\"og:image:type\" content=\"image\/jpeg\" \/>\n<meta name=\"author\" content=\"mahmud\" \/>\n<meta name=\"twitter:card\" content=\"summary_large_image\" \/>\n<script type=\"application\/ld+json\" class=\"yoast-schema-graph\">{\"@context\":\"https:\\\/\\\/schema.org\",\"@graph\":[{\"@type\":\"Article\",\"@id\":\"https:\\\/\\\/www.meydan.tv\\\/az\\\/article\\\/terter-isi-mehkeme-prosesinin-biri-yekunlasdi-zerercekenler-de-teqsirlendirilenler-de-hokmden-narazidir\\\/#article\",\"isPartOf\":{\"@id\":\"https:\\\/\\\/www.meydan.tv\\\/az\\\/article\\\/terter-isi-mehkeme-prosesinin-biri-yekunlasdi-zerercekenler-de-teqsirlendirilenler-de-hokmden-narazidir\\\/\"},\"author\":{\"name\":\"mahmud\",\"@id\":\"https:\\\/\\\/www.meydan.tv\\\/az\\\/#\\\/schema\\\/person\\\/09863e516102a829e72bedcf3f84c6b0\"},\"headline\":\"\u201cT\u0259rt\u0259r i\u015fi\u201d m\u0259hk\u0259m\u0259 prosesinin biri yekunla\u015fd\u0131: Z\u0259r\u0259r\u00e7\u0259k\u0259nl\u0259r d\u0259, t\u0259qsirl\u0259ndiril\u0259nl\u0259r d\u0259 h\u00f6kmd\u0259n naraz\u0131d\u0131r\",\"datePublished\":\"2023-11-29T07:56:13+00:00\",\"dateModified\":\"2023-11-29T07:56:16+00:00\",\"mainEntityOfPage\":{\"@id\":\"https:\\\/\\\/www.meydan.tv\\\/az\\\/article\\\/terter-isi-mehkeme-prosesinin-biri-yekunlasdi-zerercekenler-de-teqsirlendirilenler-de-hokmden-narazidir\\\/\"},\"wordCount\":686,\"publisher\":{\"@id\":\"https:\\\/\\\/www.meydan.tv\\\/az\\\/#organization\"},\"image\":{\"@id\":\"https:\\\/\\\/www.meydan.tv\\\/az\\\/article\\\/terter-isi-mehkeme-prosesinin-biri-yekunlasdi-zerercekenler-de-teqsirlendirilenler-de-hokmden-narazidir\\\/#primaryimage\"},\"thumbnailUrl\":\"https:\\\/\\\/www.meydan.tv\\\/wp-content\\\/uploads\\\/img_9719.jpg\",\"articleSection\":[\"Siyas\u0259t\",\"Sosial\",\"T\u00f6vsiy\u0259\",\"X\u0259b\u0259rl\u0259r\"],\"inLanguage\":\"az\"},{\"@type\":\"WebPage\",\"@id\":\"https:\\\/\\\/www.meydan.tv\\\/az\\\/article\\\/terter-isi-mehkeme-prosesinin-biri-yekunlasdi-zerercekenler-de-teqsirlendirilenler-de-hokmden-narazidir\\\/\",\"url\":\"https:\\\/\\\/www.meydan.tv\\\/az\\\/article\\\/terter-isi-mehkeme-prosesinin-biri-yekunlasdi-zerercekenler-de-teqsirlendirilenler-de-hokmden-narazidir\\\/\",\"name\":\"\u201cT\u0259rt\u0259r i\u015fi\u201d m\u0259hk\u0259m\u0259 prosesinin biri yekunla\u015fd\u0131: Z\u0259r\u0259r\u00e7\u0259k\u0259nl\u0259r d\u0259, t\u0259qsirl\u0259ndiril\u0259nl\u0259r d\u0259 h\u00f6kmd\u0259n naraz\u0131d\u0131r - MEYDAN.TV\",\"isPartOf\":{\"@id\":\"https:\\\/\\\/www.meydan.tv\\\/az\\\/#website\"},\"primaryImageOfPage\":{\"@id\":\"https:\\\/\\\/www.meydan.tv\\\/az\\\/article\\\/terter-isi-mehkeme-prosesinin-biri-yekunlasdi-zerercekenler-de-teqsirlendirilenler-de-hokmden-narazidir\\\/#primaryimage\"},\"image\":{\"@id\":\"https:\\\/\\\/www.meydan.tv\\\/az\\\/article\\\/terter-isi-mehkeme-prosesinin-biri-yekunlasdi-zerercekenler-de-teqsirlendirilenler-de-hokmden-narazidir\\\/#primaryimage\"},\"thumbnailUrl\":\"https:\\\/\\\/www.meydan.tv\\\/wp-content\\\/uploads\\\/img_9719.jpg\",\"datePublished\":\"2023-11-29T07:56:13+00:00\",\"dateModified\":\"2023-11-29T07:56:16+00:00\",\"breadcrumb\":{\"@id\":\"https:\\\/\\\/www.meydan.tv\\\/az\\\/article\\\/terter-isi-mehkeme-prosesinin-biri-yekunlasdi-zerercekenler-de-teqsirlendirilenler-de-hokmden-narazidir\\\/#breadcrumb\"},\"inLanguage\":\"az\",\"potentialAction\":[{\"@type\":\"ReadAction\",\"target\":[\"https:\\\/\\\/www.meydan.tv\\\/az\\\/article\\\/terter-isi-mehkeme-prosesinin-biri-yekunlasdi-zerercekenler-de-teqsirlendirilenler-de-hokmden-narazidir\\\/\"]}]},{\"@type\":\"ImageObject\",\"inLanguage\":\"az\",\"@id\":\"https:\\\/\\\/www.meydan.tv\\\/az\\\/article\\\/terter-isi-mehkeme-prosesinin-biri-yekunlasdi-zerercekenler-de-teqsirlendirilenler-de-hokmden-narazidir\\\/#primaryimage\",\"url\":\"https:\\\/\\\/www.meydan.tv\\\/wp-content\\\/uploads\\\/img_9719.jpg\",\"contentUrl\":\"https:\\\/\\\/www.meydan.tv\\\/wp-content\\\/uploads\\\/img_9719.jpg\",\"width\":1200,\"height\":675,\"caption\":\"\\\"T\u0259rt\u0259r i\u015fi\\\". Foto: Meydan TV\"},{\"@type\":\"BreadcrumbList\",\"@id\":\"https:\\\/\\\/www.meydan.tv\\\/az\\\/article\\\/terter-isi-mehkeme-prosesinin-biri-yekunlasdi-zerercekenler-de-teqsirlendirilenler-de-hokmden-narazidir\\\/#breadcrumb\",\"itemListElement\":[{\"@type\":\"ListItem\",\"position\":1,\"name\":\"Ana s\u0259hif\u0259\",\"item\":\"https:\\\/\\\/www.meydan.tv\\\/az\\\/\"},{\"@type\":\"ListItem\",\"position\":2,\"name\":\"Sosial\",\"item\":\"https:\\\/\\\/www.meydan.tv\\\/az\\\/section\\\/sosial\\\/\"},{\"@type\":\"ListItem\",\"position\":3,\"name\":\"\u201cT\u0259rt\u0259r i\u015fi\u201d m\u0259hk\u0259m\u0259 prosesinin biri yekunla\u015fd\u0131: Z\u0259r\u0259r\u00e7\u0259k\u0259nl\u0259r d\u0259, t\u0259qsirl\u0259ndiril\u0259nl\u0259r d\u0259 h\u00f6kmd\u0259n naraz\u0131d\u0131r\"}]},{\"@type\":\"WebSite\",\"@id\":\"https:\\\/\\\/www.meydan.tv\\\/az\\\/#website\",\"url\":\"https:\\\/\\\/www.meydan.tv\\\/az\\\/\",\"name\":\"MEYDAN.TV\",\"description\":\"Meydan TV Az\u0259rbaycan\u0131n media m\u0259kan\u0131ndak\u0131 alternativ s\u0259sidir\",\"publisher\":{\"@id\":\"https:\\\/\\\/www.meydan.tv\\\/az\\\/#organization\"},\"potentialAction\":[{\"@type\":\"SearchAction\",\"target\":{\"@type\":\"EntryPoint\",\"urlTemplate\":\"https:\\\/\\\/www.meydan.tv\\\/az\\\/?s={search_term_string}\"},\"query-input\":{\"@type\":\"PropertyValueSpecification\",\"valueRequired\":true,\"valueName\":\"search_term_string\"}}],\"inLanguage\":\"az\"},{\"@type\":\"Organization\",\"@id\":\"https:\\\/\\\/www.meydan.tv\\\/az\\\/#organization\",\"name\":\"Meydan TV\",\"url\":\"https:\\\/\\\/www.meydan.tv\\\/az\\\/\",\"logo\":{\"@type\":\"ImageObject\",\"inLanguage\":\"az\",\"@id\":\"https:\\\/\\\/www.meydan.tv\\\/az\\\/#\\\/schema\\\/logo\\\/image\\\/\",\"url\":\"https:\\\/\\\/www.meydan.tv\\\/wp-content\\\/uploads\\\/2021\\\/07\\\/meydan-logo.svg\",\"contentUrl\":\"https:\\\/\\\/www.meydan.tv\\\/wp-content\\\/uploads\\\/2021\\\/07\\\/meydan-logo.svg\",\"width\":195,\"height\":46,\"caption\":\"Meydan TV\"},\"image\":{\"@id\":\"https:\\\/\\\/www.meydan.tv\\\/az\\\/#\\\/schema\\\/logo\\\/image\\\/\"}},{\"@type\":\"Person\",\"@id\":\"https:\\\/\\\/www.meydan.tv\\\/az\\\/#\\\/schema\\\/person\\\/09863e516102a829e72bedcf3f84c6b0\",\"name\":\"mahmud\"}]}<\/script>\n<!-- \/ Yoast SEO plugin. -->","yoast_head_json":{"title":"\u201cT\u0259rt\u0259r i\u015fi\u201d m\u0259hk\u0259m\u0259 prosesinin biri yekunla\u015fd\u0131: Z\u0259r\u0259r\u00e7\u0259k\u0259nl\u0259r d\u0259, t\u0259qsirl\u0259ndiril\u0259nl\u0259r d\u0259 h\u00f6kmd\u0259n naraz\u0131d\u0131r - MEYDAN.TV","robots":{"index":"index","follow":"follow","max-snippet":"max-snippet:-1","max-image-preview":"max-image-preview:large","max-video-preview":"max-video-preview:-1"},"canonical":"https:\/\/www.meydan.tv\/az\/article\/terter-isi-mehkeme-prosesinin-biri-yekunlasdi-zerercekenler-de-teqsirlendirilenler-de-hokmden-narazidir\/","og_locale":"az_AZ","og_type":"article","og_title":"\u201cT\u0259rt\u0259r i\u015fi\u201d m\u0259hk\u0259m\u0259 prosesinin biri yekunla\u015fd\u0131: Z\u0259r\u0259r\u00e7\u0259k\u0259nl\u0259r d\u0259, t\u0259qsirl\u0259ndiril\u0259nl\u0259r d\u0259 h\u00f6kmd\u0259n naraz\u0131d\u0131r - MEYDAN.TV","og_description":"H\u0259rbi qulluq\u00e7ular m\u00fcxt\u0259lif c\u0259zalar ald\u0131 2017-ci ild\u0259 T\u0259rt\u0259rd\u0259 \u0259sg\u0259r v\u0259 ... Davam\u0131","og_url":"https:\/\/www.meydan.tv\/az\/article\/terter-isi-mehkeme-prosesinin-biri-yekunlasdi-zerercekenler-de-teqsirlendirilenler-de-hokmden-narazidir\/","og_site_name":"MEYDAN.TV","article_published_time":"2023-11-29T07:56:13+00:00","article_modified_time":"2023-11-29T07:56:16+00:00","og_image":[{"width":1200,"height":675,"url":"https:\/\/www.meydan.tv\/wp-content\/uploads\/img_9719.jpg","type":"image\/jpeg"}],"author":"mahmud","twitter_card":"summary_large_image","schema":{"@context":"https:\/\/schema.org","@graph":[{"@type":"Article","@id":"https:\/\/www.meydan.tv\/az\/article\/terter-isi-mehkeme-prosesinin-biri-yekunlasdi-zerercekenler-de-teqsirlendirilenler-de-hokmden-narazidir\/#article","isPartOf":{"@id":"https:\/\/www.meydan.tv\/az\/article\/terter-isi-mehkeme-prosesinin-biri-yekunlasdi-zerercekenler-de-teqsirlendirilenler-de-hokmden-narazidir\/"},"author":{"name":"mahmud","@id":"https:\/\/www.meydan.tv\/az\/#\/schema\/person\/09863e516102a829e72bedcf3f84c6b0"},"headline":"\u201cT\u0259rt\u0259r i\u015fi\u201d m\u0259hk\u0259m\u0259 prosesinin biri yekunla\u015fd\u0131: Z\u0259r\u0259r\u00e7\u0259k\u0259nl\u0259r d\u0259, t\u0259qsirl\u0259ndiril\u0259nl\u0259r d\u0259 h\u00f6kmd\u0259n naraz\u0131d\u0131r","datePublished":"2023-11-29T07:56:13+00:00","dateModified":"2023-11-29T07:56:16+00:00","mainEntityOfPage":{"@id":"https:\/\/www.meydan.tv\/az\/article\/terter-isi-mehkeme-prosesinin-biri-yekunlasdi-zerercekenler-de-teqsirlendirilenler-de-hokmden-narazidir\/"},"wordCount":686,"publisher":{"@id":"https:\/\/www.meydan.tv\/az\/#organization"},"image":{"@id":"https:\/\/www.meydan.tv\/az\/article\/terter-isi-mehkeme-prosesinin-biri-yekunlasdi-zerercekenler-de-teqsirlendirilenler-de-hokmden-narazidir\/#primaryimage"},"thumbnailUrl":"https:\/\/www.meydan.tv\/wp-content\/uploads\/img_9719.jpg","articleSection":["Siyas\u0259t","Sosial","T\u00f6vsiy\u0259","X\u0259b\u0259rl\u0259r"],"inLanguage":"az"},{"@type":"WebPage","@id":"https:\/\/www.meydan.tv\/az\/article\/terter-isi-mehkeme-prosesinin-biri-yekunlasdi-zerercekenler-de-teqsirlendirilenler-de-hokmden-narazidir\/","url":"https:\/\/www.meydan.tv\/az\/article\/terter-isi-mehkeme-prosesinin-biri-yekunlasdi-zerercekenler-de-teqsirlendirilenler-de-hokmden-narazidir\/","name":"\u201cT\u0259rt\u0259r i\u015fi\u201d m\u0259hk\u0259m\u0259 prosesinin biri yekunla\u015fd\u0131: Z\u0259r\u0259r\u00e7\u0259k\u0259nl\u0259r d\u0259, t\u0259qsirl\u0259ndiril\u0259nl\u0259r d\u0259 h\u00f6kmd\u0259n naraz\u0131d\u0131r - MEYDAN.TV","isPartOf":{"@id":"https:\/\/www.meydan.tv\/az\/#website"},"primaryImageOfPage":{"@id":"https:\/\/www.meydan.tv\/az\/article\/terter-isi-mehkeme-prosesinin-biri-yekunlasdi-zerercekenler-de-teqsirlendirilenler-de-hokmden-narazidir\/#primaryimage"},"image":{"@id":"https:\/\/www.meydan.tv\/az\/article\/terter-isi-mehkeme-prosesinin-biri-yekunlasdi-zerercekenler-de-teqsirlendirilenler-de-hokmden-narazidir\/#primaryimage"},"thumbnailUrl":"https:\/\/www.meydan.tv\/wp-content\/uploads\/img_9719.jpg","datePublished":"2023-11-29T07:56:13+00:00","dateModified":"2023-11-29T07:56:16+00:00","breadcrumb":{"@id":"https:\/\/www.meydan.tv\/az\/article\/terter-isi-mehkeme-prosesinin-biri-yekunlasdi-zerercekenler-de-teqsirlendirilenler-de-hokmden-narazidir\/#breadcrumb"},"inLanguage":"az","potentialAction":[{"@type":"ReadAction","target":["https:\/\/www.meydan.tv\/az\/article\/terter-isi-mehkeme-prosesinin-biri-yekunlasdi-zerercekenler-de-teqsirlendirilenler-de-hokmden-narazidir\/"]}]},{"@type":"ImageObject","inLanguage":"az","@id":"https:\/\/www.meydan.tv\/az\/article\/terter-isi-mehkeme-prosesinin-biri-yekunlasdi-zerercekenler-de-teqsirlendirilenler-de-hokmden-narazidir\/#primaryimage","url":"https:\/\/www.meydan.tv\/wp-content\/uploads\/img_9719.jpg","contentUrl":"https:\/\/www.meydan.tv\/wp-content\/uploads\/img_9719.jpg","width":1200,"height":675,"caption":"\"T\u0259rt\u0259r i\u015fi\". Foto: Meydan TV"},{"@type":"BreadcrumbList","@id":"https:\/\/www.meydan.tv\/az\/article\/terter-isi-mehkeme-prosesinin-biri-yekunlasdi-zerercekenler-de-teqsirlendirilenler-de-hokmden-narazidir\/#breadcrumb","itemListElement":[{"@type":"ListItem","position":1,"name":"Ana s\u0259hif\u0259","item":"https:\/\/www.meydan.tv\/az\/"},{"@type":"ListItem","position":2,"name":"Sosial","item":"https:\/\/www.meydan.tv\/az\/section\/sosial\/"},{"@type":"ListItem","position":3,"name":"\u201cT\u0259rt\u0259r i\u015fi\u201d m\u0259hk\u0259m\u0259 prosesinin biri yekunla\u015fd\u0131: Z\u0259r\u0259r\u00e7\u0259k\u0259nl\u0259r d\u0259, t\u0259qsirl\u0259ndiril\u0259nl\u0259r d\u0259 h\u00f6kmd\u0259n naraz\u0131d\u0131r"}]},{"@type":"WebSite","@id":"https:\/\/www.meydan.tv\/az\/#website","url":"https:\/\/www.meydan.tv\/az\/","name":"MEYDAN.TV","description":"Meydan TV Az\u0259rbaycan\u0131n media m\u0259kan\u0131ndak\u0131 alternativ s\u0259sidir","publisher":{"@id":"https:\/\/www.meydan.tv\/az\/#organization"},"potentialAction":[{"@type":"SearchAction","target":{"@type":"EntryPoint","urlTemplate":"https:\/\/www.meydan.tv\/az\/?s={search_term_string}"},"query-input":{"@type":"PropertyValueSpecification","valueRequired":true,"valueName":"search_term_string"}}],"inLanguage":"az"},{"@type":"Organization","@id":"https:\/\/www.meydan.tv\/az\/#organization","name":"Meydan TV","url":"https:\/\/www.meydan.tv\/az\/","logo":{"@type":"ImageObject","inLanguage":"az","@id":"https:\/\/www.meydan.tv\/az\/#\/schema\/logo\/image\/","url":"https:\/\/www.meydan.tv\/wp-content\/uploads\/2021\/07\/meydan-logo.svg","contentUrl":"https:\/\/www.meydan.tv\/wp-content\/uploads\/2021\/07\/meydan-logo.svg","width":195,"height":46,"caption":"Meydan TV"},"image":{"@id":"https:\/\/www.meydan.tv\/az\/#\/schema\/logo\/image\/"}},{"@type":"Person","@id":"https:\/\/www.meydan.tv\/az\/#\/schema\/person\/09863e516102a829e72bedcf3f84c6b0","name":"mahmud"}]}},"_links":{"self":[{"href":"https:\/\/www.meydan.tv\/az\/wp-json\/wp\/v2\/posts\/291697","targetHints":{"allow":["GET"]}}],"collection":[{"href":"https:\/\/www.meydan.tv\/az\/wp-json\/wp\/v2\/posts"}],"about":[{"href":"https:\/\/www.meydan.tv\/az\/wp-json\/wp\/v2\/types\/post"}],"author":[{"embeddable":true,"href":"https:\/\/www.meydan.tv\/az\/wp-json\/wp\/v2\/users\/21"}],"replies":[{"embeddable":true,"href":"https:\/\/www.meydan.tv\/az\/wp-json\/wp\/v2\/comments?post=291697"}],"version-history":[{"count":1,"href":"https:\/\/www.meydan.tv\/az\/wp-json\/wp\/v2\/posts\/291697\/revisions"}],"predecessor-version":[{"id":291698,"href":"https:\/\/www.meydan.tv\/az\/wp-json\/wp\/v2\/posts\/291697\/revisions\/291698"}],"wp:featuredmedia":[{"embeddable":true,"href":"https:\/\/www.meydan.tv\/az\/wp-json\/wp\/v2\/media\/271839"}],"wp:attachment":[{"href":"https:\/\/www.meydan.tv\/az\/wp-json\/wp\/v2\/media?parent=291697"}],"wp:term":[{"taxonomy":"category","embeddable":true,"href":"https:\/\/www.meydan.tv\/az\/wp-json\/wp\/v2\/categories?post=291697"},{"taxonomy":"post_tag","embeddable":true,"href":"https:\/\/www.meydan.tv\/az\/wp-json\/wp\/v2\/tags?post=291697"}],"curies":[{"name":"wp","href":"https:\/\/api.w.org\/{rel}","templated":true}]}}