{"id":291685,"date":"2023-11-29T11:50:55","date_gmt":"2023-11-29T07:50:55","guid":{"rendered":"https:\/\/www.meydan.tv\/?p=291685"},"modified":"2023-11-29T18:00:43","modified_gmt":"2023-11-29T14:00:43","slug":"agsu-dolaylarindaki-restoranla-bagli-qalmaqal-icra-hakimiyyeti-qanunsuz-sokuntuye-gore-tezminat-odemelidir","status":"publish","type":"post","link":"https:\/\/www.meydan.tv\/az\/article\/agsu-dolaylarindaki-restoranla-bagli-qalmaqal-icra-hakimiyyeti-qanunsuz-sokuntuye-gore-tezminat-odemelidir\/","title":{"rendered":"A\u011fsu dolaylar\u0131ndak\u0131 restoranla ba\u011fl\u0131 qalmaqal: icra hakimiyy\u0259ti qanunsuz s\u00f6k\u00fcnt\u00fcy\u0259 g\u00f6r\u0259 t\u0259zminat \u00f6d\u0259m\u0259lidir"},"content":{"rendered":"\n<p><em><strong>\u201cM\u0259hk\u0259m\u0259 q\u0259rar\u0131 olmadan obyektin darmada\u011f\u0131n edilm\u0259si m\u00fclkiyy\u0259t h\u00fcququnun tapdanmas\u0131d\u0131r&#8230;\u201d<\/strong><\/em><\/p>\n\n\n\n<p>A\u011fsu sakini N\u00fc\u015fab\u0259 C\u0259f\u0259rova deyir ki, \u0259mlak\u0131n\u0131 ona he\u00e7 bir x\u0259b\u0259rdarl\u0131q edilm\u0259d\u0259n, m\u0259hk\u0259m\u0259 q\u0259rar\u0131 olmadan s\u00f6k\u00fcbl\u0259r. Onun s\u00f6zl\u0259rin\u0259 g\u00f6r\u0259, \u0259lind\u0259 m\u00fclkiyy\u0259t h\u00fcququnu t\u0259sdiql\u0259y\u0259n v\u0259 ba\u015fqa laz\u0131mi s\u0259n\u0259dl\u0259r ola-ola \u0259mlak\u0131n\u0131 yerl\u0259-yeksan edibl\u0259r. B\u0259zil\u0259ri deyib ki, bunu ed\u0259nl\u0259r A\u011fsu rayon \u0130cra Hakimiyy\u0259tinin \u0259m\u0259kda\u015flar\u0131d\u0131r. Amma da\u011f\u0131nt\u0131da Me\u015f\u0259 T\u0259s\u0259rr\u00fcfat\u0131 M\u0259rk\u0259zinin d\u0259 ad\u0131n\u0131 halland\u0131ranlar olub.<\/p>\n\n\n\n<p>S\u00f6hb\u0259t Bak\u0131-Qazax yolunun 150-ci kilometrliyind\u0259 (A\u011fsu dolaylar\u0131), yolun \u00fcst\u00fcnd\u0259 yerl\u0259\u015f\u0259n restorandan gedir.<\/p>\n\n\n\n<p><strong>\u0130cra hakimiyy\u0259ti: \u201c\u015e\u0259rtl\u0259r\u0259 \u0259m\u0259l etm\u0259yib&#8230;\u201d<\/strong><\/p>\n\n\n\n<p>N\u00fc\u015fab\u0259 C\u0259f\u0259rova bildirir ki, obyektini da\u011f\u0131danlara el\u0259 s\u00f6k\u00fcnt\u00fc vaxt\u0131 etiraz edibl\u0259r. Amma etirazlar\u0131 n\u0259tic\u0259siz qal\u0131b. M\u0259cbur olub, Daxili \u0130\u015fl\u0259r Nazirliyinin \u201c102\u201d Xidm\u0259tin\u0259 z\u0259ng edib. Amma bu \u015fikay\u0259tin d\u0259 xeyri olmay\u0131b.<\/p>\n\n\n\n<p>Ard\u0131nca o, r\u0259smi qaydada A\u011fsu Rayon \u0130cra Hakimiyy\u0259tin\u0259 \u00fcz tutub, t\u0259l\u0259b edib ki, obyekti b\u0259rpa olunsun, h\u0259m\u00e7inin ona d\u0259ymi\u015f z\u0259r\u0259r \u00f6d\u0259nilsin. Bir m\u00fcdd\u0259t sonra icra hakimiyy\u0259tind\u0259n cavab al\u0131b ki, yem\u0259kxanan\u0131n yerl\u0259\u015fdiyi \u0259razi me\u015f\u0259 fonduna aiddir.<\/p>\n\n\n\n<p><em>\u201cM\u00fcqavil\u0259 \u015f\u0259rtl\u0259rin\u0259 \u0259sas\u0259n, siz\u0259 istifad\u0259 \u00fc\u00e7\u00fcn veril\u0259n \u0259razid\u0259 v\u0259 onun \u0259hat\u0259sind\u0259 he\u00e7 bir \u0259sasl\u0131 tikinti aparmadan, me\u015f\u0259 fond torpaqlar\u0131n\u0131n v\u0259ziyy\u0259tini pisl\u0259\u015fdirm\u0259d\u0259n, \u0259traf m\u00fchit\u0259 z\u0259r\u0259r vurmadan \u0259razid\u0259 \u00e7ad\u0131r tipli, yaxud da s\u00f6k\u00fcl\u00fcb-y\u0131\u011f\u0131lan y\u00fcng\u00fcl konstiruksiyal\u0131 qur\u011fulardan istifad\u0259 etm\u0259li idiniz. Lakin \u015f\u0259rtl\u0259r\u0259 \u0259m\u0259l etm\u0259yib, orada \u0259sasl\u0131 tikinti aparm\u0131s\u0131n\u0131z&#8230;\u201d<\/em>, &#8211; icra hakimiyy\u0259tinin cavab m\u0259ktubunda bel\u0259 yaz\u0131l\u0131b.<\/p>\n\n\n\n<p>\u018flav\u0259 olunub ki, Me\u015f\u0259l\u0259rin \u0130nksaf\u0131 Xidm\u0259tinin \u015eamax\u0131 Regional Me\u015f\u0259 T\u0259s\u0259rr\u00fcfat\u0131 M\u0259rk\u0259zind\u0259n s\u00f6z\u00fcged\u0259n yem\u0259kxana il\u0259 ba\u011fl\u0131 icra hakimiyy\u0259tin\u0259 m\u0259ktub g\u00f6nd\u0259rilib. Orada g\u00f6st\u0259rilib ki, m\u00fcqavil\u0259nin \u015f\u0259rtl\u0259ri pozuldu\u011funa g\u00f6r\u0259 yem\u0259kxana qanunsuz tikili hesab olunub.<\/p>\n\n\n\n<p>\u0130cra hakimiyy\u0259ti iddia edib ki, s\u00f6k\u00fcnt\u00fcn\u00fc \u015eamax\u0131 Regional Me\u015f\u0259 T\u0259s\u0259rrufat\u0131\u0131 M\u0259rk\u0259zinin \u0259m\u0259kda\u015flar\u0131 apar\u0131b.<\/p>\n\n\n\n<p><em>\u201cS\u00f6k\u00fcl\u0259n tikinti materiallar\u0131 da \u00fcnvan\u0131n\u0131za apar\u0131l\u0131b&#8230;\u201d<\/em>, &#8211; icra hakimiyy\u0259tind\u0259n bildirilib.<\/p>\n\n\n\n<p><strong>\u201c15 ild\u0259n sonra niy\u0259 yadlar\u0131na d\u00fc\u015fd\u00fc?\u201d<\/strong><\/p>\n\n\n\n<p>N\u00fc\u015fab\u0259 C\u0259f\u0259rova deyir ki, bundan sonra \u015eamax\u0131 Regional Me\u015f\u0259 T\u0259s\u0259rr\u00fcfat\u0131 M\u0259rk\u0259zin\u0259 m\u00fcraci\u0259t edib. Bu qurumdan m\u00fclkiyy\u0259t\u00e7iy\u0259 g\u0259l\u0259n cavabda iddia olunub ki, qarda\u015f\u0131 L\u0259tif C\u0259f\u0259rov \u0259razid\u0259 in\u015fa olunmu\u015f obyektl\u0259rin s\u00f6k\u00fclm\u0259si \u00fc\u00e7\u00fcn m\u0259rk\u0259zin \u0259m\u0259kda\u015flar\u0131ndan k\u00f6m\u0259k ist\u0259yib:<\/p>\n\n\n\n<p><em>\u201cL\u0259tif C\u0259f\u0259rovla birlikd\u0259 \u015eamax\u0131 Regional Me\u015f\u0259 T\u0259s\u0259rr\u00fcfat\u0131 M\u0259rk\u0259zinin \u0259m\u0259kda\u015flar\u0131 v\u0259 A\u011fsu rayonundak\u0131 sosial i\u015f\u00e7il\u0259rinin k\u00f6m\u0259yil\u0259 tikilil\u0259r s\u00f6k\u00fcl\u00fcb&#8230;\u201d<\/em>.<\/p>\n\n\n\n<p>H\u0259m\u00e7inin iddia olunub ki, bu \u0259mlakla \u0259laq\u0259dar L\u0259tif C\u0259f\u0259rovla ke\u00e7mi\u015f \u015eamax\u0131 Me\u015f\u0259 M\u00fchafi\u0259 v\u0259 B\u0259rpas\u0131 M\u00fc\u0259ssis\u0259si aras\u0131nda istirah\u0259t rekrasiya m\u0259qs\u0259dil\u0259 1 illik m\u00fcqavil\u0259 ba\u011flan\u0131b. 2004-c\u00fc ilin aprelind\u0259 ba\u011flanm\u0131\u015f m\u00fcqavil\u0259nin m\u00fcdd\u0259ti is\u0259 2005-ci ild\u0259 ba\u015fa \u00e7at\u0131b.<\/p>\n\n\n\n<p>M\u00fclkiyy\u0259t\u00e7i N\u00fc\u015fab\u0259 C\u0259f\u0259rova d\u00f6vl\u0259t orqanlar\u0131ndan ona g\u0259l\u0259n cavab m\u0259ktublar\u0131nda yaz\u0131lanlar\u0131n yalan oldu\u011funu bildirir. Deyir ki, \u0259g\u0259r m\u00fcqavil\u0259nin m\u00fcdd\u0259ti 2005-ci ild\u0259 ba\u015fa \u00e7at\u0131bsa, o zaman niy\u0259 15 ild\u0259n sonra yadlar\u0131na d\u00fc\u015fd\u00fc:<\/p>\n\n\n\n<p><em>\u201c\u018fn \u0259sas\u0131, m\u00fclkiyy\u0259t toxunulmazd\u0131r. M\u0259hk\u0259m\u0259 q\u0259rar\u0131 olmadan obyektin darmada\u011f\u0131n edilm\u0259si m\u00fclkiyy\u0259t h\u00fcququnun tapdanmas\u0131d\u0131r\u201d<\/em>.<\/p>\n\n\n\n<p>O da m\u0259lum olub ki, yem\u0259kxanan\u0131n yerl\u0259\u015fdiyi torpaq sah\u0259si h\u0259l\u0259 1998-ci ild\u0259 A\u011fsu Rayon \u0130cra Hakimiyy\u0259ti ba\u015f\u00e7\u0131s\u0131n\u0131n s\u0259r\u0259ncam\u0131yla rayonun Aratk\u0259nd k\u0259nd sakini Cabir S\u0259ft\u0259rova verilib. O is\u0259 \u0259razid\u0259 ki\u00e7ik yem\u0259kxana tikdirib. Tikilini M\u0259nzil-Kommunal T\u0259s\u0259rr\u00fcfat\u0131 Komit\u0259sinin \u201cAztexinventarla\u015fd\u0131rma\u201d \u0130stehsalat Birliyi el\u0259 1998-ci ilin mart\u0131nda onu Reyestr kitab\u0131nda qeyd\u0259 al\u0131b. Yem\u0259kxanaya qeydiyyat v\u0259siq\u0259si v\u0259 texniki pasport da verilib.<\/p>\n\n\n\n<p>2002-ci ilin sentyabr\u0131nda Cabir S\u0259ft\u0259rov yem\u0259kxanan\u0131 N\u00fc\u015fab\u0259 C\u0259f\u0259rovaya sat\u0131b, h\u0259min vaxtdan da \u0259mlak onun m\u00fclkiyy\u0259tind\u0259dir.<\/p>\n\n\n\n<p><strong>\u201cM\u0259hk\u0259m\u0259nin g\u00f6st\u0259rdiyi \u0259sas g\u00fcl\u00fcncd\u00fcr, kimin \u0259mlak\u0131 qanunsuz s\u00f6k\u00fcls\u0259, sars\u0131lmaz?\u201d<\/strong><\/p>\n\n\n\n<p>\u018fmlak\u0131n s\u00f6k\u00fclm\u0259sind\u0259n sonra d\u00f6vl\u0259t orqanlar\u0131na \u00fcnvanlad\u0131\u011f\u0131 m\u0259ktublardan qaneedici cavab ala bilm\u0259diyini dey\u0259n N\u00fc\u015fab\u0259 C\u0259f\u0259rova daha sonra m\u0259hk\u0259m\u0259y\u0259 \u00fcz tutub. O, h\u0259m A\u011fsu Rayon \u0130cra Hakimiyy\u0259tini, h\u0259m d\u0259 \u015eamax\u0131 Regional Me\u015f\u0259 T\u0259s\u0259rr\u00fcfat\u0131 M\u0259rk\u0259zini m\u0259hk\u0259m\u0259y\u0259 verib.<\/p>\n\n\n\n<p>\u018frazi aidiyy\u0259ti \u00fczr\u0259 \u015e\u0259ki \u0130nzibati M\u0259hk\u0259m\u0259sin\u0259 t\u0259qdim olunan iddia \u0259riz\u0259sind\u0259 ona d\u0259ymi\u015f ziyan\u0131n \u00f6d\u0259nilm\u0259si m\u0259qs\u0259dil\u0259 Maliyy\u0259 Nazirliyi d\u0259 \u00fc\u00e7\u00fcnc\u00fc \u015f\u0259xs qismind\u0259 g\u00f6st\u0259rilib.<\/p>\n\n\n\n<p>N\u00fc\u015fab\u0259 C\u0259f\u0259rovan\u0131n m\u0259hk\u0259m\u0259y\u0259 \u0259riz\u0259sind\u0259 t\u0259l\u0259bi bel\u0259 olub ki, A\u011fsu Rayon \u0130cra Hakimiyy\u0259ti v\u0259 \u015eamax\u0131 Regional Me\u015f\u0259 T\u0259s\u0259rr\u00fcfat\u0131 M\u0259rk\u0259zind\u0259n birlikd\u0259 180 min manat pul tutulub, ona verilsin. Bu m\u0259bl\u0259\u011fin d\u0259 80 mini s\u00f6k\u00fclm\u00fc\u015f tikilinin d\u0259y\u0259rinin \u0259v\u0259zi, 100 min manat\u0131 is\u0259 ona d\u0259ymi\u015f m\u0259n\u0259vi ziyana g\u00f6r\u0259 t\u0259zminat kimi qoyulub.<\/p>\n\n\n\n<p>\u015e\u0259ki \u0130nzibati M\u0259hk\u0259m\u0259si bu iddian\u0131 t\u0259min etm\u0259yib. N\u00fc\u015fab\u0259 C\u0259f\u0259rova bu q\u0259rardan apelyasiya \u015fikay\u0259ti verib:<\/p>\n\n\n\n<p><em>\u201c\u015e\u0259ki \u0130nzibati M\u0259hk\u0259m\u0259sinin r\u0259dd q\u0259rar\u0131nda birinci \u0259sas budur ki, guya m\u0259nim h\u0259min \u0259mlakla ba\u011fl\u0131 \u00fcmumiyy\u0259tl\u0259, m\u00fclkiyy\u0259t h\u00fcququm yoxdur. M\u0259hk\u0259m\u0259nin g\u0259tirdiyi bu \u0259sas g\u00fcl\u00fcncd\u00fcr. \u00dcst\u0259lik, tam qanunsuzdur. H\u0259min \u0259mlakla ba\u011fl\u0131 m\u00fclkiyy\u0259t h\u00fcququ Da\u015f\u0131nmaz \u018fmlak\u0131n D\u00f6vl\u0259t Reyestrind\u0259 qeyd\u0259 al\u0131n\u0131b. \u018fmlak da m\u0259n\u0259 notariat qaydada, alq\u0131-satq\u0131 m\u00fcqavil\u0259siyl\u0259 sat\u0131l\u0131b. M\u00fclkiyy\u0259t h\u00fcququ ba\u015fqa nec\u0259 olur? M\u0259hk\u0259m\u0259nin q\u0259rar\u0131nda yaz\u0131b ki, guya m\u0259n \u00f6z\u00fcm\u0259 m\u0259n\u0259vi z\u0259r\u0259r vuruldu\u011funu s\u00fcbut el\u0259y\u0259 bilm\u0259mi\u015f\u0259m. Kimins\u0259 \u0259mlak\u0131n\u0131 qanunsuz s\u00f6k\u00fcrl\u0259rs\u0259, o adam\u0131n sars\u0131nt\u0131 ke\u00e7irdiyin\u0259 kimin \u015f\u00fcbh\u0259si ola bil\u0259r?<\/em>\u201d<\/p>\n\n\n\n<p><strong>M\u0259hk\u0259m\u0259 q\u0259rar\u0131: \u201c\u0130cra hakimiyy\u0259ti 23 min 630 manat pul \u00f6d\u0259sin\u201d<\/strong><\/p>\n\n\n<div class=\"wp-block-image\">\n<figure class=\"alignleft size-large is-resized\"><img decoding=\"async\" width=\"752\" height=\"821\" data-src=\"https:\/\/www.meydan.tv\/wp-content\/uploads\/photo-2023-11-29-10-37-06-752x821.jpg\" alt=\"\" class=\"wp-image-291686 lazyload\" style=\"--smush-placeholder-width: 752px; --smush-placeholder-aspect-ratio: 752\/821;width:398px;height:auto\" src=\"data:image\/svg+xml;base64,PHN2ZyB3aWR0aD0iMSIgaGVpZ2h0PSIxIiB4bWxucz0iaHR0cDovL3d3dy53My5vcmcvMjAwMC9zdmciPjwvc3ZnPg==\" \/><\/figure>\n<\/div>\n\n\n<p>N\u00fc\u015fab\u0259 C\u0259f\u0259rovan\u0131n s\u00f6zl\u0259rin\u0259 g\u00f6r\u0259, m\u0259hk\u0259m\u0259y\u0259 \u015fikay\u0259tind\u0259n sonra \u015eamax\u0131 Regional Me\u015f\u0259 T\u0259s\u0259rr\u00fcfat\u0131 M\u0259rk\u0259zi d\u0259 ona qar\u015f\u0131 iddia qald\u0131r\u0131b. Bu qurum A\u011fsu Rayon M\u0259hk\u0259m\u0259sin\u0259 m\u00fcraci\u0259tind\u0259 s\u00f6z\u00fcged\u0259n \u0259mlak\u0131n alq\u0131-satq\u0131s\u0131yla ba\u011fl\u0131 2002-ci ild\u0259 notariat kontorunda ba\u011flanm\u0131\u015f m\u00fcqavil\u0259nin, h\u0259m\u00e7inin \u0259mlak\u0131n qeydiyyat v\u0259siq\u0259sinin etibars\u0131z hesab olunmas\u0131n\u0131 ist\u0259yib. Ancaq A\u011fsu Rayon M\u0259hk\u0259m\u0259si iddian\u0131 r\u0259dd edib.<\/p>\n\n\n<div class=\"wp-block-image\">\n<figure class=\"alignleft size-large is-resized\"><img decoding=\"async\" width=\"649\" height=\"821\" data-src=\"https:\/\/www.meydan.tv\/wp-content\/uploads\/photo-2023-11-29-10-37-08-1-649x821.jpg\" alt=\"\" class=\"wp-image-291692 lazyload\" style=\"--smush-placeholder-width: 649px; --smush-placeholder-aspect-ratio: 649\/821;width:410px;height:auto\" src=\"data:image\/svg+xml;base64,PHN2ZyB3aWR0aD0iMSIgaGVpZ2h0PSIxIiB4bWxucz0iaHR0cDovL3d3dy53My5vcmcvMjAwMC9zdmciPjwvc3ZnPg==\" \/><\/figure>\n<\/div>\n\n\n<p>\u015e\u0259ki \u0130nzibati M\u0259hk\u0259m\u0259sinin r\u0259dd q\u0259rar\u0131ndan N\u00fc\u015fab\u0259 C\u0259f\u0259rovan\u0131n verdiyi apelyasiya \u015fikay\u0259tin\u0259 bax\u0131lark\u0259n ekspertiza t\u0259yin olunub. Ekspertizan\u0131n r\u0259yin\u0259 g\u00f6r\u0259, s\u00f6k\u00fclm\u00fc\u015f restoran\u0131n b\u0259rpas\u0131 \u00fc\u00e7\u00fcn t\u0259mir-tikinti i\u015fl\u0259rinin \u00fcmumi d\u0259y\u0259ri 23 min 630 manat m\u00fc\u0259yy\u0259nl\u0259\u015fdirilib. Ekspertl\u0259r r\u0259yd\u0259 onu da qeyd edibl\u0259r ki, obyektin \u00f6z\u00fcn\u00fcn bazar qiym\u0259tl\u0259rin\u0259 uy\u011fun d\u0259y\u0259rini hesablamaq \u00fc\u00e7\u00fcn t\u0259dqiqat ke\u00e7irm\u0259yibl\u0259r. Yaln\u0131z b\u0259rpa \u00fc\u00e7\u00fcn laz\u0131m olan m\u0259bl\u0259\u011f hesablan\u0131b.<br>Apelyasiya m\u0259hk\u0259m\u0259sind\u0259 s\u00f6k\u00fcnt\u00fc il\u0259 \u0259laq\u0259dar bir s\u0131ra \u015fahidl\u0259r d\u0259 dindirilib. Onlar bildiribl\u0259r ki, obyekti A\u011fsu Rayon \u0130cra Hakimiyy\u0259tind\u0259n g\u0259l\u0259n g\u00f6st\u0259ri\u015f \u0259sas\u0131nda icra hakimiyy\u0259tinin \u00f6z\u00fcn\u00fcn, h\u0259m\u00e7inin onun tabeliyind\u0259 olan M\u0259nzil-\u0130stismar \u0130dar\u0259si, Ya\u015f\u0131lla\u015fd\u0131rma v\u0259 Abadla\u015fd\u0131rma \u0130dar\u0259sinin i\u015f\u00e7il\u0259ri s\u00f6k\u00fcb.<\/p>\n\n\n\n<p>\u015e\u0259ki Apelyasiya M\u0259hk\u0259m\u0259si bu ara\u015fd\u0131rmalardan sonra N\u00fc\u015fab\u0259 C\u0259f\u0259rovan\u0131n \u015fikay\u0259tini qism\u0259n t\u0259min edib. Ekspertiza r\u0259yin\u0259 \u0259saslanaraq, ona 23 min 630 manat \u00f6d\u0259nilm\u0259sin\u0259 q\u0259rar verib.<\/p>\n\n\n\n<p>S\u00f6k\u00fcnt\u00fc il\u0259 \u0259laq\u0259dar \u015fahid ifad\u0259l\u0259rini n\u0259z\u0259r\u0259 al\u0131b, \u015fikay\u0259t\u00e7iy\u0259 \u00f6d\u0259nil\u0259c\u0259k v\u0259saitin A\u011fsu Rayon \u0130cra Hakimiyy\u0259tind\u0259n tutulmas\u0131 q\u0259rara al\u0131n\u0131b.<\/p>\n\n\n\n<p><strong>Avropa M\u0259hk\u0259m\u0259sin\u0259 \u015fikay\u0259t<\/strong><\/p>\n\n\n\n<p>\u015e\u0259ki Apelyasiya M\u0259hk\u0259m\u0259sinin bu q\u0259rar\u0131 N\u00fc\u015fab\u0259 C\u0259f\u0259rovan\u0131 qane etm\u0259yib. O, Ali M\u0259hk\u0259m\u0259y\u0259 \u00fcz tutub. Eyni zamanda, icra hakimiyy\u0259ti d\u0259 q\u0259rardan naraz\u0131 qal\u0131b v\u0259 kassasiya \u015fikay\u0259ti verib.<\/p>\n\n\n\n<p>Ali M\u0259hk\u0259m\u0259 t\u0259r\u0259fl\u0259rd\u0259n he\u00e7 birinin \u015fikay\u0259tini t\u0259min el\u0259m\u0259yib \u2013 \u015e\u0259ki Apelyasiya M\u0259hk\u0259m\u0259sinin q\u0259rar\u0131n\u0131 q\u00fcvv\u0259d\u0259 saxlay\u0131b.<\/p>\n\n\n\n<p>M\u00fclkiyy\u0259t h\u00fcququnun b\u0259rpas\u0131 \u00fc\u00e7\u00fcn \u00f6lk\u0259daxili b\u00fct\u00fcn h\u00fcquqi vasit\u0259l\u0259rini t\u00fck\u0259ndirdiyini dey\u0259n N\u00fc\u015fab\u0259 C\u0259f\u0259rova Ali M\u0259hk\u0259m\u0259d\u0259n sonra Avropa \u0130nsan Haqlar\u0131 M\u0259hk\u0259m\u0259sin\u0259 m\u00fcraci\u0259t etm\u0259k niyy\u0259tind\u0259dir. O, \u0259mindir ki, Avropa M\u0259hk\u0259m\u0259si onun m\u00fclkiyy\u0259t h\u00fcququnun pozuldu\u011funu t\u0259sdiql\u0259y\u0259c\u0259k v\u0259 buna g\u00f6r\u0259 ona kompensasiya t\u0259yin olunacaq.<\/p>\n","protected":false},"excerpt":{"rendered":"<p>\u201cM\u0259hk\u0259m\u0259 q\u0259rar\u0131 olmadan obyektin darmada\u011f\u0131n edilm\u0259si m\u00fclkiyy\u0259t h\u00fcququnun tapdanmas\u0131d\u0131r&#8230;\u201d A\u011fsu &#8230; <\/p>\n<p class=\"read-more-container\"><a title=\"A\u011fsu dolaylar\u0131ndak\u0131 restoranla ba\u011fl\u0131 qalmaqal: icra hakimiyy\u0259ti qanunsuz s\u00f6k\u00fcnt\u00fcy\u0259 g\u00f6r\u0259 t\u0259zminat \u00f6d\u0259m\u0259lidir\" class=\"read-more button\" href=\"https:\/\/www.meydan.tv\/az\/article\/agsu-dolaylarindaki-restoranla-bagli-qalmaqal-icra-hakimiyyeti-qanunsuz-sokuntuye-gore-tezminat-odemelidir\/#more-291685\" aria-label=\"Read more about A\u011fsu dolaylar\u0131ndak\u0131 restoranla ba\u011fl\u0131 qalmaqal: icra hakimiyy\u0259ti qanunsuz s\u00f6k\u00fcnt\u00fcy\u0259 g\u00f6r\u0259 t\u0259zminat \u00f6d\u0259m\u0259lidir\">Davam\u0131<\/a><\/p>\n","protected":false},"author":21,"featured_media":244239,"comment_status":"closed","ping_status":"closed","sticky":false,"template":"","format":"standard","meta":{"_acf_changed":false,"_sitemap_exclude":false,"_sitemap_priority":"","_sitemap_frequency":"","footnotes":""},"categories":[60,62,56],"tags":[],"class_list":["post-291685","post","type-post","status-publish","format-standard","has-post-thumbnail","hentry","category-bolge","category-sosial","category-xeberler","infinite-scroll-item","generate-columns","tablet-grid-50","mobile-grid-100","grid-parent","grid-33","no-featured-image-padding"],"acf":[],"yoast_head":"<!-- This site is optimized with the Yoast SEO plugin v27.4 - https:\/\/yoast.com\/product\/yoast-seo-wordpress\/ -->\n<title>A\u011fsu dolaylar\u0131ndak\u0131 restoranla ba\u011fl\u0131 qalmaqal: icra hakimiyy\u0259ti qanunsuz s\u00f6k\u00fcnt\u00fcy\u0259 g\u00f6r\u0259 t\u0259zminat \u00f6d\u0259m\u0259lidir - MEYDAN.TV<\/title>\n<meta name=\"robots\" content=\"index, follow, max-snippet:-1, max-image-preview:large, max-video-preview:-1\" \/>\n<link rel=\"canonical\" href=\"https:\/\/www.meydan.tv\/az\/article\/agsu-dolaylarindaki-restoranla-bagli-qalmaqal-icra-hakimiyyeti-qanunsuz-sokuntuye-gore-tezminat-odemelidir\/\" \/>\n<meta property=\"og:locale\" content=\"az_AZ\" \/>\n<meta property=\"og:type\" content=\"article\" \/>\n<meta property=\"og:title\" content=\"A\u011fsu dolaylar\u0131ndak\u0131 restoranla ba\u011fl\u0131 qalmaqal: icra hakimiyy\u0259ti qanunsuz s\u00f6k\u00fcnt\u00fcy\u0259 g\u00f6r\u0259 t\u0259zminat \u00f6d\u0259m\u0259lidir - MEYDAN.TV\" \/>\n<meta property=\"og:description\" content=\"\u201cM\u0259hk\u0259m\u0259 q\u0259rar\u0131 olmadan obyektin darmada\u011f\u0131n edilm\u0259si m\u00fclkiyy\u0259t h\u00fcququnun tapdanmas\u0131d\u0131r&#8230;\u201d A\u011fsu ... Davam\u0131\" \/>\n<meta property=\"og:url\" content=\"https:\/\/www.meydan.tv\/az\/article\/agsu-dolaylarindaki-restoranla-bagli-qalmaqal-icra-hakimiyyeti-qanunsuz-sokuntuye-gore-tezminat-odemelidir\/\" \/>\n<meta property=\"og:site_name\" content=\"MEYDAN.TV\" \/>\n<meta property=\"article:published_time\" content=\"2023-11-29T07:50:55+00:00\" \/>\n<meta property=\"article:modified_time\" content=\"2023-11-29T14:00:43+00:00\" \/>\n<meta property=\"og:image\" content=\"https:\/\/www.meydan.tv\/wp-content\/uploads\/agsu-scaled-e1586971649259.webp\" \/>\n\t<meta property=\"og:image:width\" content=\"753\" \/>\n\t<meta property=\"og:image:height\" content=\"500\" \/>\n\t<meta property=\"og:image:type\" content=\"image\/webp\" \/>\n<meta name=\"author\" content=\"mahmud\" \/>\n<meta name=\"twitter:card\" content=\"summary_large_image\" \/>\n<script type=\"application\/ld+json\" class=\"yoast-schema-graph\">{\"@context\":\"https:\\\/\\\/schema.org\",\"@graph\":[{\"@type\":\"Article\",\"@id\":\"https:\\\/\\\/www.meydan.tv\\\/az\\\/article\\\/agsu-dolaylarindaki-restoranla-bagli-qalmaqal-icra-hakimiyyeti-qanunsuz-sokuntuye-gore-tezminat-odemelidir\\\/#article\",\"isPartOf\":{\"@id\":\"https:\\\/\\\/www.meydan.tv\\\/az\\\/article\\\/agsu-dolaylarindaki-restoranla-bagli-qalmaqal-icra-hakimiyyeti-qanunsuz-sokuntuye-gore-tezminat-odemelidir\\\/\"},\"author\":{\"name\":\"mahmud\",\"@id\":\"https:\\\/\\\/www.meydan.tv\\\/az\\\/#\\\/schema\\\/person\\\/09863e516102a829e72bedcf3f84c6b0\"},\"headline\":\"A\u011fsu dolaylar\u0131ndak\u0131 restoranla ba\u011fl\u0131 qalmaqal: icra hakimiyy\u0259ti qanunsuz s\u00f6k\u00fcnt\u00fcy\u0259 g\u00f6r\u0259 t\u0259zminat \u00f6d\u0259m\u0259lidir\",\"datePublished\":\"2023-11-29T07:50:55+00:00\",\"dateModified\":\"2023-11-29T14:00:43+00:00\",\"mainEntityOfPage\":{\"@id\":\"https:\\\/\\\/www.meydan.tv\\\/az\\\/article\\\/agsu-dolaylarindaki-restoranla-bagli-qalmaqal-icra-hakimiyyeti-qanunsuz-sokuntuye-gore-tezminat-odemelidir\\\/\"},\"wordCount\":1697,\"publisher\":{\"@id\":\"https:\\\/\\\/www.meydan.tv\\\/az\\\/#organization\"},\"image\":{\"@id\":\"https:\\\/\\\/www.meydan.tv\\\/az\\\/article\\\/agsu-dolaylarindaki-restoranla-bagli-qalmaqal-icra-hakimiyyeti-qanunsuz-sokuntuye-gore-tezminat-odemelidir\\\/#primaryimage\"},\"thumbnailUrl\":\"https:\\\/\\\/www.meydan.tv\\\/wp-content\\\/uploads\\\/agsu-scaled-e1586971649259.webp\",\"articleSection\":[\"B\u00f6lg\u0259\",\"Sosial\",\"X\u0259b\u0259rl\u0259r\"],\"inLanguage\":\"az\"},{\"@type\":\"WebPage\",\"@id\":\"https:\\\/\\\/www.meydan.tv\\\/az\\\/article\\\/agsu-dolaylarindaki-restoranla-bagli-qalmaqal-icra-hakimiyyeti-qanunsuz-sokuntuye-gore-tezminat-odemelidir\\\/\",\"url\":\"https:\\\/\\\/www.meydan.tv\\\/az\\\/article\\\/agsu-dolaylarindaki-restoranla-bagli-qalmaqal-icra-hakimiyyeti-qanunsuz-sokuntuye-gore-tezminat-odemelidir\\\/\",\"name\":\"A\u011fsu dolaylar\u0131ndak\u0131 restoranla ba\u011fl\u0131 qalmaqal: icra hakimiyy\u0259ti qanunsuz s\u00f6k\u00fcnt\u00fcy\u0259 g\u00f6r\u0259 t\u0259zminat \u00f6d\u0259m\u0259lidir - MEYDAN.TV\",\"isPartOf\":{\"@id\":\"https:\\\/\\\/www.meydan.tv\\\/az\\\/#website\"},\"primaryImageOfPage\":{\"@id\":\"https:\\\/\\\/www.meydan.tv\\\/az\\\/article\\\/agsu-dolaylarindaki-restoranla-bagli-qalmaqal-icra-hakimiyyeti-qanunsuz-sokuntuye-gore-tezminat-odemelidir\\\/#primaryimage\"},\"image\":{\"@id\":\"https:\\\/\\\/www.meydan.tv\\\/az\\\/article\\\/agsu-dolaylarindaki-restoranla-bagli-qalmaqal-icra-hakimiyyeti-qanunsuz-sokuntuye-gore-tezminat-odemelidir\\\/#primaryimage\"},\"thumbnailUrl\":\"https:\\\/\\\/www.meydan.tv\\\/wp-content\\\/uploads\\\/agsu-scaled-e1586971649259.webp\",\"datePublished\":\"2023-11-29T07:50:55+00:00\",\"dateModified\":\"2023-11-29T14:00:43+00:00\",\"breadcrumb\":{\"@id\":\"https:\\\/\\\/www.meydan.tv\\\/az\\\/article\\\/agsu-dolaylarindaki-restoranla-bagli-qalmaqal-icra-hakimiyyeti-qanunsuz-sokuntuye-gore-tezminat-odemelidir\\\/#breadcrumb\"},\"inLanguage\":\"az\",\"potentialAction\":[{\"@type\":\"ReadAction\",\"target\":[\"https:\\\/\\\/www.meydan.tv\\\/az\\\/article\\\/agsu-dolaylarindaki-restoranla-bagli-qalmaqal-icra-hakimiyyeti-qanunsuz-sokuntuye-gore-tezminat-odemelidir\\\/\"]}]},{\"@type\":\"ImageObject\",\"inLanguage\":\"az\",\"@id\":\"https:\\\/\\\/www.meydan.tv\\\/az\\\/article\\\/agsu-dolaylarindaki-restoranla-bagli-qalmaqal-icra-hakimiyyeti-qanunsuz-sokuntuye-gore-tezminat-odemelidir\\\/#primaryimage\",\"url\":\"https:\\\/\\\/www.meydan.tv\\\/wp-content\\\/uploads\\\/agsu-scaled-e1586971649259.webp\",\"contentUrl\":\"https:\\\/\\\/www.meydan.tv\\\/wp-content\\\/uploads\\\/agsu-scaled-e1586971649259.webp\",\"width\":753,\"height\":500,\"caption\":\"Foto: arxiv\"},{\"@type\":\"BreadcrumbList\",\"@id\":\"https:\\\/\\\/www.meydan.tv\\\/az\\\/article\\\/agsu-dolaylarindaki-restoranla-bagli-qalmaqal-icra-hakimiyyeti-qanunsuz-sokuntuye-gore-tezminat-odemelidir\\\/#breadcrumb\",\"itemListElement\":[{\"@type\":\"ListItem\",\"position\":1,\"name\":\"Ana s\u0259hif\u0259\",\"item\":\"https:\\\/\\\/www.meydan.tv\\\/az\\\/\"},{\"@type\":\"ListItem\",\"position\":2,\"name\":\"Sosial\",\"item\":\"https:\\\/\\\/www.meydan.tv\\\/az\\\/section\\\/sosial\\\/\"},{\"@type\":\"ListItem\",\"position\":3,\"name\":\"A\u011fsu dolaylar\u0131ndak\u0131 restoranla ba\u011fl\u0131 qalmaqal: icra hakimiyy\u0259ti qanunsuz s\u00f6k\u00fcnt\u00fcy\u0259 g\u00f6r\u0259 t\u0259zminat \u00f6d\u0259m\u0259lidir\"}]},{\"@type\":\"WebSite\",\"@id\":\"https:\\\/\\\/www.meydan.tv\\\/az\\\/#website\",\"url\":\"https:\\\/\\\/www.meydan.tv\\\/az\\\/\",\"name\":\"MEYDAN.TV\",\"description\":\"Meydan TV Az\u0259rbaycan\u0131n media m\u0259kan\u0131ndak\u0131 alternativ s\u0259sidir\",\"publisher\":{\"@id\":\"https:\\\/\\\/www.meydan.tv\\\/az\\\/#organization\"},\"potentialAction\":[{\"@type\":\"SearchAction\",\"target\":{\"@type\":\"EntryPoint\",\"urlTemplate\":\"https:\\\/\\\/www.meydan.tv\\\/az\\\/?s={search_term_string}\"},\"query-input\":{\"@type\":\"PropertyValueSpecification\",\"valueRequired\":true,\"valueName\":\"search_term_string\"}}],\"inLanguage\":\"az\"},{\"@type\":\"Organization\",\"@id\":\"https:\\\/\\\/www.meydan.tv\\\/az\\\/#organization\",\"name\":\"Meydan TV\",\"url\":\"https:\\\/\\\/www.meydan.tv\\\/az\\\/\",\"logo\":{\"@type\":\"ImageObject\",\"inLanguage\":\"az\",\"@id\":\"https:\\\/\\\/www.meydan.tv\\\/az\\\/#\\\/schema\\\/logo\\\/image\\\/\",\"url\":\"https:\\\/\\\/www.meydan.tv\\\/wp-content\\\/uploads\\\/2021\\\/07\\\/meydan-logo.svg\",\"contentUrl\":\"https:\\\/\\\/www.meydan.tv\\\/wp-content\\\/uploads\\\/2021\\\/07\\\/meydan-logo.svg\",\"width\":195,\"height\":46,\"caption\":\"Meydan TV\"},\"image\":{\"@id\":\"https:\\\/\\\/www.meydan.tv\\\/az\\\/#\\\/schema\\\/logo\\\/image\\\/\"}},{\"@type\":\"Person\",\"@id\":\"https:\\\/\\\/www.meydan.tv\\\/az\\\/#\\\/schema\\\/person\\\/09863e516102a829e72bedcf3f84c6b0\",\"name\":\"mahmud\"}]}<\/script>\n<!-- \/ Yoast SEO plugin. -->","yoast_head_json":{"title":"A\u011fsu dolaylar\u0131ndak\u0131 restoranla ba\u011fl\u0131 qalmaqal: icra hakimiyy\u0259ti qanunsuz s\u00f6k\u00fcnt\u00fcy\u0259 g\u00f6r\u0259 t\u0259zminat \u00f6d\u0259m\u0259lidir - MEYDAN.TV","robots":{"index":"index","follow":"follow","max-snippet":"max-snippet:-1","max-image-preview":"max-image-preview:large","max-video-preview":"max-video-preview:-1"},"canonical":"https:\/\/www.meydan.tv\/az\/article\/agsu-dolaylarindaki-restoranla-bagli-qalmaqal-icra-hakimiyyeti-qanunsuz-sokuntuye-gore-tezminat-odemelidir\/","og_locale":"az_AZ","og_type":"article","og_title":"A\u011fsu dolaylar\u0131ndak\u0131 restoranla ba\u011fl\u0131 qalmaqal: icra hakimiyy\u0259ti qanunsuz s\u00f6k\u00fcnt\u00fcy\u0259 g\u00f6r\u0259 t\u0259zminat \u00f6d\u0259m\u0259lidir - MEYDAN.TV","og_description":"\u201cM\u0259hk\u0259m\u0259 q\u0259rar\u0131 olmadan obyektin darmada\u011f\u0131n edilm\u0259si m\u00fclkiyy\u0259t h\u00fcququnun tapdanmas\u0131d\u0131r&#8230;\u201d A\u011fsu ... Davam\u0131","og_url":"https:\/\/www.meydan.tv\/az\/article\/agsu-dolaylarindaki-restoranla-bagli-qalmaqal-icra-hakimiyyeti-qanunsuz-sokuntuye-gore-tezminat-odemelidir\/","og_site_name":"MEYDAN.TV","article_published_time":"2023-11-29T07:50:55+00:00","article_modified_time":"2023-11-29T14:00:43+00:00","og_image":[{"width":753,"height":500,"url":"https:\/\/www.meydan.tv\/wp-content\/uploads\/agsu-scaled-e1586971649259.webp","type":"image\/webp"}],"author":"mahmud","twitter_card":"summary_large_image","schema":{"@context":"https:\/\/schema.org","@graph":[{"@type":"Article","@id":"https:\/\/www.meydan.tv\/az\/article\/agsu-dolaylarindaki-restoranla-bagli-qalmaqal-icra-hakimiyyeti-qanunsuz-sokuntuye-gore-tezminat-odemelidir\/#article","isPartOf":{"@id":"https:\/\/www.meydan.tv\/az\/article\/agsu-dolaylarindaki-restoranla-bagli-qalmaqal-icra-hakimiyyeti-qanunsuz-sokuntuye-gore-tezminat-odemelidir\/"},"author":{"name":"mahmud","@id":"https:\/\/www.meydan.tv\/az\/#\/schema\/person\/09863e516102a829e72bedcf3f84c6b0"},"headline":"A\u011fsu dolaylar\u0131ndak\u0131 restoranla ba\u011fl\u0131 qalmaqal: icra hakimiyy\u0259ti qanunsuz s\u00f6k\u00fcnt\u00fcy\u0259 g\u00f6r\u0259 t\u0259zminat \u00f6d\u0259m\u0259lidir","datePublished":"2023-11-29T07:50:55+00:00","dateModified":"2023-11-29T14:00:43+00:00","mainEntityOfPage":{"@id":"https:\/\/www.meydan.tv\/az\/article\/agsu-dolaylarindaki-restoranla-bagli-qalmaqal-icra-hakimiyyeti-qanunsuz-sokuntuye-gore-tezminat-odemelidir\/"},"wordCount":1697,"publisher":{"@id":"https:\/\/www.meydan.tv\/az\/#organization"},"image":{"@id":"https:\/\/www.meydan.tv\/az\/article\/agsu-dolaylarindaki-restoranla-bagli-qalmaqal-icra-hakimiyyeti-qanunsuz-sokuntuye-gore-tezminat-odemelidir\/#primaryimage"},"thumbnailUrl":"https:\/\/www.meydan.tv\/wp-content\/uploads\/agsu-scaled-e1586971649259.webp","articleSection":["B\u00f6lg\u0259","Sosial","X\u0259b\u0259rl\u0259r"],"inLanguage":"az"},{"@type":"WebPage","@id":"https:\/\/www.meydan.tv\/az\/article\/agsu-dolaylarindaki-restoranla-bagli-qalmaqal-icra-hakimiyyeti-qanunsuz-sokuntuye-gore-tezminat-odemelidir\/","url":"https:\/\/www.meydan.tv\/az\/article\/agsu-dolaylarindaki-restoranla-bagli-qalmaqal-icra-hakimiyyeti-qanunsuz-sokuntuye-gore-tezminat-odemelidir\/","name":"A\u011fsu dolaylar\u0131ndak\u0131 restoranla ba\u011fl\u0131 qalmaqal: icra hakimiyy\u0259ti qanunsuz s\u00f6k\u00fcnt\u00fcy\u0259 g\u00f6r\u0259 t\u0259zminat \u00f6d\u0259m\u0259lidir - MEYDAN.TV","isPartOf":{"@id":"https:\/\/www.meydan.tv\/az\/#website"},"primaryImageOfPage":{"@id":"https:\/\/www.meydan.tv\/az\/article\/agsu-dolaylarindaki-restoranla-bagli-qalmaqal-icra-hakimiyyeti-qanunsuz-sokuntuye-gore-tezminat-odemelidir\/#primaryimage"},"image":{"@id":"https:\/\/www.meydan.tv\/az\/article\/agsu-dolaylarindaki-restoranla-bagli-qalmaqal-icra-hakimiyyeti-qanunsuz-sokuntuye-gore-tezminat-odemelidir\/#primaryimage"},"thumbnailUrl":"https:\/\/www.meydan.tv\/wp-content\/uploads\/agsu-scaled-e1586971649259.webp","datePublished":"2023-11-29T07:50:55+00:00","dateModified":"2023-11-29T14:00:43+00:00","breadcrumb":{"@id":"https:\/\/www.meydan.tv\/az\/article\/agsu-dolaylarindaki-restoranla-bagli-qalmaqal-icra-hakimiyyeti-qanunsuz-sokuntuye-gore-tezminat-odemelidir\/#breadcrumb"},"inLanguage":"az","potentialAction":[{"@type":"ReadAction","target":["https:\/\/www.meydan.tv\/az\/article\/agsu-dolaylarindaki-restoranla-bagli-qalmaqal-icra-hakimiyyeti-qanunsuz-sokuntuye-gore-tezminat-odemelidir\/"]}]},{"@type":"ImageObject","inLanguage":"az","@id":"https:\/\/www.meydan.tv\/az\/article\/agsu-dolaylarindaki-restoranla-bagli-qalmaqal-icra-hakimiyyeti-qanunsuz-sokuntuye-gore-tezminat-odemelidir\/#primaryimage","url":"https:\/\/www.meydan.tv\/wp-content\/uploads\/agsu-scaled-e1586971649259.webp","contentUrl":"https:\/\/www.meydan.tv\/wp-content\/uploads\/agsu-scaled-e1586971649259.webp","width":753,"height":500,"caption":"Foto: arxiv"},{"@type":"BreadcrumbList","@id":"https:\/\/www.meydan.tv\/az\/article\/agsu-dolaylarindaki-restoranla-bagli-qalmaqal-icra-hakimiyyeti-qanunsuz-sokuntuye-gore-tezminat-odemelidir\/#breadcrumb","itemListElement":[{"@type":"ListItem","position":1,"name":"Ana s\u0259hif\u0259","item":"https:\/\/www.meydan.tv\/az\/"},{"@type":"ListItem","position":2,"name":"Sosial","item":"https:\/\/www.meydan.tv\/az\/section\/sosial\/"},{"@type":"ListItem","position":3,"name":"A\u011fsu dolaylar\u0131ndak\u0131 restoranla ba\u011fl\u0131 qalmaqal: icra hakimiyy\u0259ti qanunsuz s\u00f6k\u00fcnt\u00fcy\u0259 g\u00f6r\u0259 t\u0259zminat \u00f6d\u0259m\u0259lidir"}]},{"@type":"WebSite","@id":"https:\/\/www.meydan.tv\/az\/#website","url":"https:\/\/www.meydan.tv\/az\/","name":"MEYDAN.TV","description":"Meydan TV Az\u0259rbaycan\u0131n media m\u0259kan\u0131ndak\u0131 alternativ s\u0259sidir","publisher":{"@id":"https:\/\/www.meydan.tv\/az\/#organization"},"potentialAction":[{"@type":"SearchAction","target":{"@type":"EntryPoint","urlTemplate":"https:\/\/www.meydan.tv\/az\/?s={search_term_string}"},"query-input":{"@type":"PropertyValueSpecification","valueRequired":true,"valueName":"search_term_string"}}],"inLanguage":"az"},{"@type":"Organization","@id":"https:\/\/www.meydan.tv\/az\/#organization","name":"Meydan TV","url":"https:\/\/www.meydan.tv\/az\/","logo":{"@type":"ImageObject","inLanguage":"az","@id":"https:\/\/www.meydan.tv\/az\/#\/schema\/logo\/image\/","url":"https:\/\/www.meydan.tv\/wp-content\/uploads\/2021\/07\/meydan-logo.svg","contentUrl":"https:\/\/www.meydan.tv\/wp-content\/uploads\/2021\/07\/meydan-logo.svg","width":195,"height":46,"caption":"Meydan TV"},"image":{"@id":"https:\/\/www.meydan.tv\/az\/#\/schema\/logo\/image\/"}},{"@type":"Person","@id":"https:\/\/www.meydan.tv\/az\/#\/schema\/person\/09863e516102a829e72bedcf3f84c6b0","name":"mahmud"}]}},"_links":{"self":[{"href":"https:\/\/www.meydan.tv\/az\/wp-json\/wp\/v2\/posts\/291685","targetHints":{"allow":["GET"]}}],"collection":[{"href":"https:\/\/www.meydan.tv\/az\/wp-json\/wp\/v2\/posts"}],"about":[{"href":"https:\/\/www.meydan.tv\/az\/wp-json\/wp\/v2\/types\/post"}],"author":[{"embeddable":true,"href":"https:\/\/www.meydan.tv\/az\/wp-json\/wp\/v2\/users\/21"}],"replies":[{"embeddable":true,"href":"https:\/\/www.meydan.tv\/az\/wp-json\/wp\/v2\/comments?post=291685"}],"version-history":[{"count":3,"href":"https:\/\/www.meydan.tv\/az\/wp-json\/wp\/v2\/posts\/291685\/revisions"}],"predecessor-version":[{"id":291699,"href":"https:\/\/www.meydan.tv\/az\/wp-json\/wp\/v2\/posts\/291685\/revisions\/291699"}],"wp:featuredmedia":[{"embeddable":true,"href":"https:\/\/www.meydan.tv\/az\/wp-json\/wp\/v2\/media\/244239"}],"wp:attachment":[{"href":"https:\/\/www.meydan.tv\/az\/wp-json\/wp\/v2\/media?parent=291685"}],"wp:term":[{"taxonomy":"category","embeddable":true,"href":"https:\/\/www.meydan.tv\/az\/wp-json\/wp\/v2\/categories?post=291685"},{"taxonomy":"post_tag","embeddable":true,"href":"https:\/\/www.meydan.tv\/az\/wp-json\/wp\/v2\/tags?post=291685"}],"curies":[{"name":"wp","href":"https:\/\/api.w.org\/{rel}","templated":true}]}}