{"id":291683,"date":"2023-11-28T21:43:40","date_gmt":"2023-11-28T17:43:40","guid":{"rendered":"https:\/\/www.meydan.tv\/?p=291683"},"modified":"2023-11-28T21:43:44","modified_gmt":"2023-11-28T17:43:44","slug":"terter-isgencelerinde-ittiham-olunan-polkovnik-men-cinayetkar-destenin-uzvuyemse-bu-destenin-rehberi-hani","status":"publish","type":"post","link":"https:\/\/www.meydan.tv\/az\/article\/terter-isgencelerinde-ittiham-olunan-polkovnik-men-cinayetkar-destenin-uzvuyemse-bu-destenin-rehberi-hani\/","title":{"rendered":"T\u0259rt\u0259r i\u015fg\u0259nc\u0259l\u0259rind\u0259 ittiham olunan polkovnik: \u201cM\u0259n cinay\u0259tkar d\u0259st\u0259nin \u00fczv\u00fcy\u0259ms\u0259, bu d\u0259st\u0259nin r\u0259hb\u0259ri han\u0131?\u201d"},"content":{"rendered":"\n<p><strong><em>\u201cBu hadis\u0259l\u0259ri t\u0259\u015fkil ed\u0259nl\u0259r d\u00f6vl\u0259t i\u00e7ind\u0259 d\u00f6vl\u0259t quranlard\u0131r\u201d<\/em><\/strong><\/p>\n\n\n\n<p>2017-ci ilin may-iyun aylar\u0131nda T\u0259rt\u0259rd\u0259 \u0259sg\u0259r v\u0259 zabitl\u0259r\u0259 qar\u015f\u0131 k\u00fctl\u0259vi i\u015fg\u0259nc\u0259l\u0259rl\u0259 \u0259laq\u0259dar haz\u0131rda m\u0259hk\u0259m\u0259si ged\u0259n 3 qrupdan birinin m\u00fchakim\u0259si yekunla\u015f\u0131r. Bu qrupda 4 n\u0259f\u0259r var ki, onlar da T\u0259rt\u0259rd\u0259ki N sayl\u0131 h\u0259rbi hiss\u0259nin komandiri olmu\u015f polkovnik-leytenant V\u00fcsal \u018fl\u0259sg\u0259rov, h\u0259rbi hiss\u0259nin q\u0259rargah r\u0259isi, polkovnik R\u0259\u015fid Nift\u0259liyev, m\u00fcdd\u0259td\u0259n art\u0131q xidm\u0259t etmi\u015f k\u0259\u015ffiyyat\u00e7\u0131-h\u0259rbi qulluq\u00e7ular Ramil Qarayev v\u0259 R\u00fcst\u0259m \u018fl\u0259sg\u0259rovdur.<\/p>\n\n\n\n<p>Onlar\u0131n i\u015fin\u0259 2023-c\u00fc ilin fevral\u0131ndan Bak\u0131 H\u0259rbi M\u0259hk\u0259m\u0259sinin s\u0259dri Zeynal A\u011fayev v\u0259 hakiml\u0259r Rafiq Abbasovla Camal Ramazanovdan ibar\u0259t kollegiya bax\u0131r. M\u0259hk\u0259m\u0259 prosesl\u0259ri is\u0259 Sumqay\u0131t M\u0259hk\u0259m\u0259 Kompleksinin binas\u0131nda ke\u00e7irilir.<\/p>\n\n\n\n<p>T\u0259xmin\u0259n ayyar\u0131m \u0259vv\u0259l bu m\u0259hk\u0259m\u0259 prosesind\u0259 prokuror t\u0259qsirl\u0259ndiril\u0259n \u015f\u0259xsl\u0259rd\u0259n R\u00fcst\u0259m \u018fl\u0259sg\u0259rova 12 il, V\u00fcsal \u018fl\u0259sg\u0259rova 10 il, R\u0259\u015fid Nift\u0259liyev 9 il, Ramil Qarayev\u0259 is\u0259 8 il 6 ay azadl\u0131qdan m\u0259hrumetm\u0259 c\u0259zas\u0131 verilm\u0259sini ist\u0259mi\u015fdi.<\/p>\n\n\n\n<p>Noyabr\u0131n 28-d\u0259 ke\u00e7iril\u0259n m\u0259hk\u0259m\u0259 iclas\u0131nda t\u0259qsirl\u0259ndiril\u0259n \u015f\u0259xsl\u0259r son s\u00f6zl\u0259rini deyibl\u0259r. Onlar ittihamlarla raz\u0131la\u015fmad\u0131qlar\u0131n\u0131 vur\u011fulay\u0131b, bar\u0259l\u0259rind\u0259 b\u0259ra\u0259t h\u00f6km\u00fc \u00e7\u0131xar\u0131lmas\u0131n\u0131 ist\u0259yibl\u0259r.<\/p>\n\n\n\n<p>T\u0259qsirl\u0259ndiril\u0259n polkovnik V\u00fcsal \u018fl\u0259sg\u0259rov bildirib ki, onlar\u0131 m\u00fct\u0259\u015f\u0259kkil d\u0259st\u0259nin \u00fczv\u00fc kimi t\u0259qdim edibl\u0259r. Lakin bu d\u0259st\u0259nin ba\u015f\u00e7\u0131lar\u0131 m\u0259suliyy\u0259t\u0259 c\u0259lb olunmay\u0131b:<\/p>\n\n\n\n<p><em>\u201cM\u00fct\u0259\u015f\u0259kkil d\u0259st\u0259nin n\u0259 ba\u015f\u0131 var, n\u0259 aya\u011f\u0131, bel\u0259 \u015fey olur?! M\u0259n cinay\u0259tkar d\u0259st\u0259nin \u00fczv\u00fcy\u0259ms\u0259, bu d\u0259st\u0259nin r\u0259hb\u0259ri han\u0131?\u201d<\/em><\/p>\n\n\n\n<p>V\u00fcsal \u018fl\u0259sg\u0259rov 30 il \u0259rzind\u0259 orduda xidm\u0259tl\u0259rind\u0259n, 90-c\u0131 ill\u0259rin \u0259vv\u0259ll\u0259rind\u0259 Qaraba\u011f d\u00f6y\u00fc\u015fl\u0259rind\u0259 i\u015ftirak\u0131ndan dan\u0131\u015f\u0131b. O bildirib ki, bu d\u00f6vl\u0259t\u0259 s\u0259daq\u0259tl\u0259 xidm\u0259t edib.<\/p>\n\n\n\n<p>T\u0259rt\u0259r hadis\u0259l\u0259rin\u0259 g\u0259linc\u0259, deyir ki, orada veril\u0259n g\u00f6st\u0259ri\u015fl\u0259r icra olunub. O, \u015f\u0259xs\u0259n kim\u0259s\u0259 i\u015fg\u0259nc\u0259 verm\u0259diyini vur\u011fulay\u0131b:<\/p>\n\n\n\n<p><em>\u201cD\u00f6rd m\u00f6t\u0259b\u0259r qurum b\u0259yanat yaym\u0131\u015fd\u0131 ki, v\u0259t\u0259n xainl\u0259ri if\u015fa olunub. M\u0259n kim idim ki, onlar\u0131n q\u0259rarlar\u0131n\u0131 sor\u011fulay\u0131m?\u201d<\/em><\/p>\n\n\n\n<p>S\u00f6hb\u0259t Daxili \u0130\u015fl\u0259r Nazirliyi, M\u00fcdafi\u0259 Nazirliyi, D\u00f6vl\u0259t T\u0259hl\u00fck\u0259sizlik Xidm\u0259ti v\u0259 Ba\u015f Prokurorluqdan gedir.<\/p>\n\n\n\n<p>V\u00fcsal \u018fl\u0259sg\u0259rovun s\u00f6zl\u0259rin\u0259 g\u00f6r\u0259, M\u00fcdafi\u0259 Nazirliyinin r\u0259hb\u0259rliyi T\u0259rt\u0259rd\u0259 ba\u015f ver\u0259nl\u0259rd\u0259n yet\u0259rinc\u0259 m\u0259lumatl\u0131 idi. Hadis\u0259l\u0259r ba\u015f ver\u0259nd\u0259 d\u0259 m\u00fcdafi\u0259 naziri Zakir H\u0259s\u0259nov, o vaxtk\u0131 Ba\u015f Q\u0259rargah r\u0259isi N\u0259cm\u0259ddin Sad\u0131qov v\u0259 dig\u0259r v\u0259zif\u0259li \u015f\u0259xsl\u0259rin i\u015ftirak\u0131yla videokonfranslar ke\u00e7irilir, onlara tap\u015f\u0131r\u0131qlar verilirdi. Onun s\u00f6zl\u0259rin\u0259 g\u00f6r\u0259, 46 n\u0259f\u0259r v\u0259t\u0259n xaini kimi Bak\u0131ya \u2013 h\u0259bs\u0259 g\u00f6nd\u0259rilmi\u015fdi.<\/p>\n\n\n\n<p><em>\u201cBu hadis\u0259l\u0259ri t\u0259\u015fkil ed\u0259nl\u0259r d\u00f6vl\u0259t i\u00e7ind\u0259 d\u00f6vl\u0259t quranlard\u0131r\u201d,<\/em> &#8211; V\u00fcsal \u018fl\u0259sg\u0259rov bel\u0259 deyib.<\/p>\n\n\n\n<figure class=\"wp-block-image size-full\"><img decoding=\"async\" width=\"1200\" height=\"675\" data-src=\"https:\/\/www.meydan.tv\/wp-content\/uploads\/img_9718_720.jpg\" alt=\"\" class=\"wp-image-271836 lazyload\" src=\"data:image\/svg+xml;base64,PHN2ZyB3aWR0aD0iMSIgaGVpZ2h0PSIxIiB4bWxucz0iaHR0cDovL3d3dy53My5vcmcvMjAwMC9zdmciPjwvc3ZnPg==\" style=\"--smush-placeholder-width: 1200px; --smush-placeholder-aspect-ratio: 1200\/675;\" \/><figcaption class=\"wp-element-caption\">&#8220;T\u0259rt\u0259r i\u015fi&#8221;. Foto: Meydan TV<\/figcaption><\/figure>\n\n\n\n<p>Dig\u0259r t\u0259qsirl\u0259ndiril\u0259n polkovnik R\u0259\u015fid Nift\u0259liyev bildirib ki, onlarla ba\u011fl\u0131 ciddi ara\u015fd\u0131rma apar\u0131l\u0131b. Lakin onlara qar\u015f\u0131 ittiham\u0131 t\u0259sdiql\u0259y\u0259n he\u00e7 bir s\u00fcbut-d\u0259lil tap\u0131lmay\u0131b:<\/p>\n\n\n\n<p><em>\u201c\u0130ndi internet \u0259sridir. Telefonlar\u0131m\u0131z, ba\u015fqa \u0259laq\u0259l\u0259rimizin ham\u0131s\u0131 yoxlan\u0131l\u0131b. He\u00e7 bir fakt tap\u0131lmay\u0131b\u201d.<\/em><\/p>\n\n\n\n<p>K\u0259\u015ffiyyat b\u00f6l\u00fcy\u00fcnd\u0259 xidm\u0259t etmi\u015f MAXE h\u0259rbi qulluq\u00e7ular Ramil Qarayev v\u0259 R\u00fcst\u0259m \u018fl\u0259sg\u0259rov da b\u0259ra\u0259t ist\u0259yib.<\/p>\n\n\n\n<p>T\u0259qsirl\u0259ndiril\u0259n \u015f\u0259xsl\u0259rd\u0259n \u0259n a\u011f\u0131r ittihamlar R\u00fcst\u0259m \u018fl\u0259sg\u0259rova verilib. Dig\u0259rl\u0259ri i\u015fg\u0259nc\u0259 verm\u0259, v\u0259zif\u0259 s\u0259lahiyy\u0259tl\u0259rind\u0259n sui-istifad\u0259 etm\u0259 kimi \u0259m\u0259ll\u0259rd\u0259 ittiham olunur. R\u00fcst\u0259m \u018fl\u0259sg\u0259rova is\u0259 bunlarla yana\u015f\u0131, h\u0259m d\u0259 T\u0259rt\u0259r i\u015fg\u0259nc\u0259l\u0259ri zaman\u0131 ba\u015f vermi\u015f \u00f6l\u00fcml\u0259r\u0259 g\u00f6r\u0259 d\u0259 ittiham verilib. Lakin o, \u00f6l\u00fcm hadis\u0259l\u0259rin\u0259 aidiyy\u0259ti olmad\u0131\u011f\u0131n\u0131, \u00fcmumiyy\u0259tl\u0259, i\u015fg\u0259nc\u0259l\u0259rd\u0259 i\u015ftirak etm\u0259diyini bildirir. Onun s\u00f6zl\u0259rin\u0259 g\u00f6r\u0259, T\u0259rt\u0259r i\u015fg\u0259nc\u0259l\u0259ri ba\u015flayanda k\u0259\u015ffiyyat b\u00f6l\u00fcy\u00fcn\u00fcn h\u0259rbi qulluq\u00e7ular\u0131n\u0131 hadis\u0259l\u0259rin c\u0259r\u0259yan etdiyi binan\u0131n m\u00fchafiz\u0259si \u00fc\u00e7\u00fcn g\u0259tiribl\u0259r. O da 5 g\u00fcn \u0259rzind\u0259 h\u0259min binan\u0131n m\u00fchafiz\u0259sind\u0259 olub.<\/p>\n\n\n\n<p>R\u00fcst\u0259m \u018fl\u0259sg\u0259rov deyir ki, T\u0259rt\u0259r cinay\u0259tl\u0259rini t\u00f6r\u0259d\u0259nl\u0259r qal\u0131b k\u0259narda, g\u00fcnahs\u0131zlar c\u0259zaland\u0131r\u0131l\u0131r. O, x\u00fcsus\u0259n T\u0259rt\u0259rd\u0259 briqada komandiri v\u0259zif\u0259sind\u0259 \u00e7al\u0131\u015fm\u0131\u015f, haz\u0131rda da xidm\u0259td\u0259 olan polkovnik Teymur M\u0259mm\u0259dovun ad\u0131n\u0131 \u00e7\u0259kib:<\/p>\n\n\n\n<p><em>\u201cTeymur M\u0259mm\u0259dovun \u0259v\u0259zin\u0259 m\u0259n niy\u0259 burada oturmal\u0131yam? Onun pulu var, ona g\u00f6r\u0259? 400 min verib, \u00f6z\u00fcn\u00fc qurtar\u0131b, \u0259v\u0259zin\u0259 m\u0259n yetimi tutub, camaat\u0131n g\u00f6z\u00fcnd\u0259n p\u0259rd\u0259 as\u0131rlar\u201d.<br>\u0130ddia olunur ki, i\u015fg\u0259nc\u0259l\u0259rd\u0259 \u201ctok\u201da verm\u0259k \u00fc\u00e7\u00fcn istifad\u0259 olunan \u201cKPM\u201d adl\u0131 qur\u011funu \u015f\u0259xs\u0259n Teymur M\u0259mm\u0259dov g\u0259tirmi\u015fdi&#8221;.<\/em><\/p>\n\n\n\n<p><em>\u201cM\u0259n\u0259 istintaqda \u015f\u0259kil g\u00f6st\u0259rmi\u015fdil\u0259r, orada \u0259sg\u0259ri but\u0131lka il\u0259 zorlay\u0131rlar. Bunu el\u0259y\u0259n adam hardad\u0131r? Bu i\u015fl\u0259ri g\u00f6r\u0259nl\u0259rin he\u00e7 birini c\u0259zaland\u0131rmay\u0131blar\u201d<\/em>, &#8211; R\u00fcst\u0259m \u018fl\u0259sg\u0259rov \u0259lav\u0259 edib.<\/p>\n\n\n\n<p>Son s\u00f6zl\u0259r yekunla\u015fandan sonra hakiml\u0259r kollegiyas\u0131 h\u00f6km \u00fc\u00e7\u00fcn m\u00fc\u015favir\u0259y\u0259 gedib. <\/p>\n\n\n\n<p>M\u0259hk\u0259m\u0259nin h\u00f6km\u00fcn\u00fcn noyabr\u0131n 29-da elan olunaca\u011f\u0131 g\u00f6zl\u0259nilir.<\/p>\n\n\n\n<p>T\u0259rt\u0259r hadis\u0259l\u0259ri zaman\u0131 h\u0259rb\u00e7il\u0259r\u0259 k\u00fctl\u0259vi \u015f\u0259kild\u0259 i\u015fg\u0259nc\u0259 verm\u0259kd\u0259 ittiham olunan, h\u0259r biri 4 v\u0259 5 n\u0259f\u0259rd\u0259n ibar\u0259t daha iki qrupun i\u015fi \u00fczr\u0259 m\u0259hk\u0259m\u0259 prosesi davam edir.<\/p>\n\n\n\n<p>4 n\u0259f\u0259rlik qrupda olan h\u0259min d\u00f6vrd\u0259 T\u0259rt\u0259rd\u0259ki N sayl\u0131 h\u0259rbi hiss\u0259d\u0259 X\u00fcsusi T\u0259yinatl\u0131 B\u00f6l\u00fcy\u00fcn x\u00fcsusi t\u0259yinatl\u0131 qrupunun komandiri olmu\u015f, leytenant r\u00fctb\u0259sind\u0259 xidm\u0259t etmi\u015f 1993-c\u00fc il t\u0259v\u0259ll\u00fcdl\u00fc Ruslan Mikay\u0131lov v\u0259 \u00fc\u00e7 gizirdir \u2013 S\u0259nan Ma\u015f\u0131yev, Cabir Q\u0259hr\u0259manov, El\u00e7in \u018fliyev.<br>Onlar 2017-ci ilin may-iyun aylar\u0131nda 180-d\u0259n \u00e7ox h\u0259rb\u00e7iy\u0259 i\u015fg\u0259nc\u0259 verm\u0259kd\u0259, onlardan bir ne\u00e7\u0259sini i\u015fg\u0259nc\u0259 il\u0259 \u00f6ld\u00fcrm\u0259kd\u0259, yaxud da intihara vadar etm\u0259kd\u0259 ittiham olunur.<\/p>\n\n\n\n<p>Adlar\u0131 \u00e7\u0259kil\u0259n \u015f\u0259xsl\u0259r bundan \u00f6nc\u0259 d\u0259 T\u0259rt\u0259r i\u015fg\u0259nc\u0259l\u0259rin\u0259 g\u00f6r\u0259 h\u0259bs olunub. Lakin m\u0259hk\u0259m\u0259 onlara m\u00fcnasib\u0259td\u0259 Cinay\u0259t M\u0259c\u0259ll\u0259sinin 62-ci (qanunda n\u0259z\u0259rd\u0259 tutulmu\u015f c\u0259zan\u0131n minimum h\u0259ddind\u0259n daha a\u015fa\u011f\u0131 c\u0259za t\u0259yin olunmas\u0131) madd\u0259sini t\u0259tbiq edib. T\u0259rt\u0259r H\u0259rbi M\u0259hk\u0259m\u0259sinin h\u00f6km\u00fcyl\u0259 onlara 6 il h\u0259bs c\u0259zas\u0131 verilib.<\/p>\n\n\n\n<p>Bu c\u0259zan\u0131n da bir hiss\u0259sini \u00e7\u0259kib, azadl\u0131\u011fa burax\u0131l\u0131blar. 2020-ci ild\u0259 44 g\u00fcnl\u00fck m\u00fcharib\u0259d\u0259 i\u015ftirakdan sonra is\u0259 Prezident \u0130lham \u018fliyevin s\u0259r\u0259ncamlar\u0131yla Ruslan Mikay\u0131lov, S\u0259nan Ma\u015f\u0131yev v\u0259 dig\u0259rl\u0259ri orden v\u0259 medallarla m\u00fckafatland\u0131r\u0131l\u0131blar. T\u0259rt\u0259r hadis\u0259l\u0259ri il\u0259 \u0259laq\u0259dar cinay\u0259t i\u015fi \u00fczr\u0259 icraat 2021-ci ilin dekabr\u0131nda t\u0259z\u0259l\u0259n\u0259nd\u0259n sonra yeni \u00fcz\u0259 \u00e7\u0131xan hallara g\u00f6r\u0259 onlar 2022-ci ilin aprelind\u0259 bir daha cinay\u0259t m\u0259suliyy\u0259tin\u0259 c\u0259lb olunublar.<\/p>\n\n\n\n<p>5 n\u0259f\u0259rd\u0259n ibar\u0259t daha bir qrupda is\u0259 Fuad A\u011fayev, Qurban C\u00fcm\u015f\u00fcdov, Cavid A\u011fadada\u015fov, Ramil \u018fhm\u0259dov v\u0259 Fuad Axundov m\u00fchakim\u0259 olunur.<\/p>\n\n\n\n<p>Fuad A\u011fayev, Qurban C\u00fcm\u015f\u00fcdov v\u0259 Cavid A\u011fadada\u015fov bundan \u0259vv\u0259l d\u0259 T\u0259rt\u0259rd\u0259ki i\u015fg\u0259nc\u0259l\u0259r\u0259 g\u00f6r\u0259 bir d\u0259f\u0259 c\u0259zaland\u0131r\u0131l\u0131b. Fuad A\u011fayev 10 il, dig\u0259r ikisi is\u0259 6 il azadl\u0131qdan m\u0259hrum edilib. Lakin Ba\u015f Prokurorluqda 2021-ci ilin dekabr\u0131nda T\u0259rt\u0259r i\u015fi \u00fczr\u0259 icraat t\u0259z\u0259l\u0259n\u0259nd\u0259n sonra onlarla ba\u011fl\u0131 yenid\u0259n i\u015f ba\u015flay\u0131b v\u0259 \u0259lav\u0259 ittihamlar ir\u0259li s\u00fcr\u00fcl\u00fcb.<\/p>\n\n\n\n<p>Bu 5 t\u0259qsirl\u0259ndiril\u0259n \u015f\u0259xs aras\u0131nda \u0259n \u00e7ox ad\u0131 hallanan Fuad A\u011fayev idi. Bu da t\u0259sad\u00fcf deyil. \u00c7\u00fcnki Fuad A\u011fayev h\u0259min hadis\u0259l\u0259r\u0259 r\u0259hb\u0259rlik etm\u0259kd\u0259 ittiham olunan general-mayor, o d\u00f6vrd\u0259 I Ordu korpusunun komandiri Hikm\u0259t H\u0259s\u0259novun k\u00f6m\u0259k\u00e7isi olub. Fuad A\u011fayevin \u00f6z\u00fc d\u0259 T\u0259rt\u0259r hadis\u0259l\u0259ri ba\u015f ver\u0259rk\u0259n korpusun h\u00fcquq\u015f\u00fcnas\u0131 v\u0259zif\u0259sind\u0259 \u00e7al\u0131\u015f\u0131b.<\/p>\n\n\n\n<p>T\u0259qsirl\u0259ndiril\u0259n \u015f\u0259xsl\u0259r\u0259 qar\u015f\u0131 Cinay\u0259t M\u0259c\u0259ll\u0259sinin 125 (\u00f6z\u00fcn\u00fc \u00f6ld\u00fcrm\u0259 h\u0259ddin\u0259 \u00e7atd\u0131rma), 126.3 (q\u0259sd\u0259n b\u0259d\u0259n\u0259 a\u011f\u0131r x\u0259sar\u0259t yetirm\u0259, ehtiyats\u0131zl\u0131qdan \u00f6l\u00fcm\u0259 s\u0259b\u0259b olduqda), 145 (qanunsuz azadl\u0131qdan m\u0259hrum etm\u0259), 293 (i\u015fg\u0259nc\u0259, i\u015fg\u0259nc\u0259 hesab olunmayan q\u0259ddar, qeyri-insani, yaxud l\u0259yaq\u0259ti al\u00e7aldan r\u0259ftar v\u0259 ya c\u0259za), 341 (v\u0259zif\u0259 s\u0259lahiyy\u0259tl\u0259rini a\u015fma) v\u0259 s. madd\u0259l\u0259ril\u0259 ittiham ir\u0259li s\u00fcr\u00fcl\u00fcb.<\/p>\n","protected":false},"excerpt":{"rendered":"<p>\u201cBu hadis\u0259l\u0259ri t\u0259\u015fkil ed\u0259nl\u0259r d\u00f6vl\u0259t i\u00e7ind\u0259 d\u00f6vl\u0259t quranlard\u0131r\u201d 2017-ci ilin &#8230; <\/p>\n<p class=\"read-more-container\"><a title=\"T\u0259rt\u0259r i\u015fg\u0259nc\u0259l\u0259rind\u0259 ittiham olunan polkovnik: \u201cM\u0259n cinay\u0259tkar d\u0259st\u0259nin \u00fczv\u00fcy\u0259ms\u0259, bu d\u0259st\u0259nin r\u0259hb\u0259ri han\u0131?\u201d\" class=\"read-more button\" href=\"https:\/\/www.meydan.tv\/az\/article\/terter-isgencelerinde-ittiham-olunan-polkovnik-men-cinayetkar-destenin-uzvuyemse-bu-destenin-rehberi-hani\/#more-291683\" aria-label=\"Read more about T\u0259rt\u0259r i\u015fg\u0259nc\u0259l\u0259rind\u0259 ittiham olunan polkovnik: \u201cM\u0259n cinay\u0259tkar d\u0259st\u0259nin \u00fczv\u00fcy\u0259ms\u0259, bu d\u0259st\u0259nin r\u0259hb\u0259ri han\u0131?\u201d\">Davam\u0131<\/a><\/p>\n","protected":false},"author":21,"featured_media":272648,"comment_status":"closed","ping_status":"closed","sticky":false,"template":"","format":"standard","meta":{"_acf_changed":false,"_sitemap_exclude":false,"_sitemap_priority":"","_sitemap_frequency":"","footnotes":""},"categories":[62,79,56],"tags":[],"class_list":["post-291683","post","type-post","status-publish","format-standard","has-post-thumbnail","hentry","category-sosial","category-featured","category-xeberler","infinite-scroll-item","generate-columns","tablet-grid-50","mobile-grid-100","grid-parent","grid-33","no-featured-image-padding"],"acf":[],"yoast_head":"<!-- This site is optimized with the Yoast SEO plugin v27.5 - https:\/\/yoast.com\/product\/yoast-seo-wordpress\/ -->\n<title>T\u0259rt\u0259r i\u015fg\u0259nc\u0259l\u0259rind\u0259 ittiham olunan polkovnik: \u201cM\u0259n cinay\u0259tkar d\u0259st\u0259nin \u00fczv\u00fcy\u0259ms\u0259, bu d\u0259st\u0259nin r\u0259hb\u0259ri han\u0131?\u201d - MEYDAN.TV<\/title>\n<meta name=\"robots\" content=\"index, follow, max-snippet:-1, max-image-preview:large, max-video-preview:-1\" \/>\n<link rel=\"canonical\" href=\"https:\/\/www.meydan.tv\/az\/article\/terter-isgencelerinde-ittiham-olunan-polkovnik-men-cinayetkar-destenin-uzvuyemse-bu-destenin-rehberi-hani\/\" \/>\n<meta property=\"og:locale\" content=\"az_AZ\" \/>\n<meta property=\"og:type\" content=\"article\" \/>\n<meta property=\"og:title\" content=\"T\u0259rt\u0259r i\u015fg\u0259nc\u0259l\u0259rind\u0259 ittiham olunan polkovnik: \u201cM\u0259n cinay\u0259tkar d\u0259st\u0259nin \u00fczv\u00fcy\u0259ms\u0259, bu d\u0259st\u0259nin r\u0259hb\u0259ri han\u0131?\u201d - MEYDAN.TV\" \/>\n<meta property=\"og:description\" content=\"\u201cBu hadis\u0259l\u0259ri t\u0259\u015fkil ed\u0259nl\u0259r d\u00f6vl\u0259t i\u00e7ind\u0259 d\u00f6vl\u0259t quranlard\u0131r\u201d 2017-ci ilin ... Davam\u0131\" \/>\n<meta property=\"og:url\" content=\"https:\/\/www.meydan.tv\/az\/article\/terter-isgencelerinde-ittiham-olunan-polkovnik-men-cinayetkar-destenin-uzvuyemse-bu-destenin-rehberi-hani\/\" \/>\n<meta property=\"og:site_name\" content=\"MEYDAN.TV\" \/>\n<meta property=\"article:published_time\" content=\"2023-11-28T17:43:40+00:00\" \/>\n<meta property=\"article:modified_time\" content=\"2023-11-28T17:43:44+00:00\" \/>\n<meta property=\"og:image\" content=\"https:\/\/www.meydan.tv\/wp-content\/uploads\/img_9732.jpg\" \/>\n\t<meta property=\"og:image:width\" content=\"1200\" \/>\n\t<meta property=\"og:image:height\" content=\"675\" \/>\n\t<meta property=\"og:image:type\" content=\"image\/jpeg\" \/>\n<meta name=\"author\" content=\"mahmud\" \/>\n<meta name=\"twitter:card\" content=\"summary_large_image\" \/>\n<script type=\"application\/ld+json\" class=\"yoast-schema-graph\">{\"@context\":\"https:\\\/\\\/schema.org\",\"@graph\":[{\"@type\":\"Article\",\"@id\":\"https:\\\/\\\/www.meydan.tv\\\/az\\\/article\\\/terter-isgencelerinde-ittiham-olunan-polkovnik-men-cinayetkar-destenin-uzvuyemse-bu-destenin-rehberi-hani\\\/#article\",\"isPartOf\":{\"@id\":\"https:\\\/\\\/www.meydan.tv\\\/az\\\/article\\\/terter-isgencelerinde-ittiham-olunan-polkovnik-men-cinayetkar-destenin-uzvuyemse-bu-destenin-rehberi-hani\\\/\"},\"author\":{\"name\":\"mahmud\",\"@id\":\"https:\\\/\\\/www.meydan.tv\\\/az\\\/#\\\/schema\\\/person\\\/09863e516102a829e72bedcf3f84c6b0\"},\"headline\":\"T\u0259rt\u0259r i\u015fg\u0259nc\u0259l\u0259rind\u0259 ittiham olunan polkovnik: \u201cM\u0259n cinay\u0259tkar d\u0259st\u0259nin \u00fczv\u00fcy\u0259ms\u0259, bu d\u0259st\u0259nin r\u0259hb\u0259ri han\u0131?\u201d\",\"datePublished\":\"2023-11-28T17:43:40+00:00\",\"dateModified\":\"2023-11-28T17:43:44+00:00\",\"mainEntityOfPage\":{\"@id\":\"https:\\\/\\\/www.meydan.tv\\\/az\\\/article\\\/terter-isgencelerinde-ittiham-olunan-polkovnik-men-cinayetkar-destenin-uzvuyemse-bu-destenin-rehberi-hani\\\/\"},\"wordCount\":1690,\"publisher\":{\"@id\":\"https:\\\/\\\/www.meydan.tv\\\/az\\\/#organization\"},\"image\":{\"@id\":\"https:\\\/\\\/www.meydan.tv\\\/az\\\/article\\\/terter-isgencelerinde-ittiham-olunan-polkovnik-men-cinayetkar-destenin-uzvuyemse-bu-destenin-rehberi-hani\\\/#primaryimage\"},\"thumbnailUrl\":\"https:\\\/\\\/www.meydan.tv\\\/wp-content\\\/uploads\\\/img_9732.jpg\",\"articleSection\":[\"Sosial\",\"T\u00f6vsiy\u0259\",\"X\u0259b\u0259rl\u0259r\"],\"inLanguage\":\"az\"},{\"@type\":\"WebPage\",\"@id\":\"https:\\\/\\\/www.meydan.tv\\\/az\\\/article\\\/terter-isgencelerinde-ittiham-olunan-polkovnik-men-cinayetkar-destenin-uzvuyemse-bu-destenin-rehberi-hani\\\/\",\"url\":\"https:\\\/\\\/www.meydan.tv\\\/az\\\/article\\\/terter-isgencelerinde-ittiham-olunan-polkovnik-men-cinayetkar-destenin-uzvuyemse-bu-destenin-rehberi-hani\\\/\",\"name\":\"T\u0259rt\u0259r i\u015fg\u0259nc\u0259l\u0259rind\u0259 ittiham olunan polkovnik: \u201cM\u0259n cinay\u0259tkar d\u0259st\u0259nin \u00fczv\u00fcy\u0259ms\u0259, bu d\u0259st\u0259nin r\u0259hb\u0259ri han\u0131?\u201d - MEYDAN.TV\",\"isPartOf\":{\"@id\":\"https:\\\/\\\/www.meydan.tv\\\/az\\\/#website\"},\"primaryImageOfPage\":{\"@id\":\"https:\\\/\\\/www.meydan.tv\\\/az\\\/article\\\/terter-isgencelerinde-ittiham-olunan-polkovnik-men-cinayetkar-destenin-uzvuyemse-bu-destenin-rehberi-hani\\\/#primaryimage\"},\"image\":{\"@id\":\"https:\\\/\\\/www.meydan.tv\\\/az\\\/article\\\/terter-isgencelerinde-ittiham-olunan-polkovnik-men-cinayetkar-destenin-uzvuyemse-bu-destenin-rehberi-hani\\\/#primaryimage\"},\"thumbnailUrl\":\"https:\\\/\\\/www.meydan.tv\\\/wp-content\\\/uploads\\\/img_9732.jpg\",\"datePublished\":\"2023-11-28T17:43:40+00:00\",\"dateModified\":\"2023-11-28T17:43:44+00:00\",\"breadcrumb\":{\"@id\":\"https:\\\/\\\/www.meydan.tv\\\/az\\\/article\\\/terter-isgencelerinde-ittiham-olunan-polkovnik-men-cinayetkar-destenin-uzvuyemse-bu-destenin-rehberi-hani\\\/#breadcrumb\"},\"inLanguage\":\"az\",\"potentialAction\":[{\"@type\":\"ReadAction\",\"target\":[\"https:\\\/\\\/www.meydan.tv\\\/az\\\/article\\\/terter-isgencelerinde-ittiham-olunan-polkovnik-men-cinayetkar-destenin-uzvuyemse-bu-destenin-rehberi-hani\\\/\"]}]},{\"@type\":\"ImageObject\",\"inLanguage\":\"az\",\"@id\":\"https:\\\/\\\/www.meydan.tv\\\/az\\\/article\\\/terter-isgencelerinde-ittiham-olunan-polkovnik-men-cinayetkar-destenin-uzvuyemse-bu-destenin-rehberi-hani\\\/#primaryimage\",\"url\":\"https:\\\/\\\/www.meydan.tv\\\/wp-content\\\/uploads\\\/img_9732.jpg\",\"contentUrl\":\"https:\\\/\\\/www.meydan.tv\\\/wp-content\\\/uploads\\\/img_9732.jpg\",\"width\":1200,\"height\":675,\"caption\":\"\\\"T\u0259rt\u0259r i\u015fi\\\". Foto: Meydan TV\"},{\"@type\":\"BreadcrumbList\",\"@id\":\"https:\\\/\\\/www.meydan.tv\\\/az\\\/article\\\/terter-isgencelerinde-ittiham-olunan-polkovnik-men-cinayetkar-destenin-uzvuyemse-bu-destenin-rehberi-hani\\\/#breadcrumb\",\"itemListElement\":[{\"@type\":\"ListItem\",\"position\":1,\"name\":\"Ana s\u0259hif\u0259\",\"item\":\"https:\\\/\\\/www.meydan.tv\\\/az\\\/\"},{\"@type\":\"ListItem\",\"position\":2,\"name\":\"Sosial\",\"item\":\"https:\\\/\\\/www.meydan.tv\\\/az\\\/section\\\/sosial\\\/\"},{\"@type\":\"ListItem\",\"position\":3,\"name\":\"T\u0259rt\u0259r i\u015fg\u0259nc\u0259l\u0259rind\u0259 ittiham olunan polkovnik: \u201cM\u0259n cinay\u0259tkar d\u0259st\u0259nin \u00fczv\u00fcy\u0259ms\u0259, bu d\u0259st\u0259nin r\u0259hb\u0259ri han\u0131?\u201d\"}]},{\"@type\":\"WebSite\",\"@id\":\"https:\\\/\\\/www.meydan.tv\\\/az\\\/#website\",\"url\":\"https:\\\/\\\/www.meydan.tv\\\/az\\\/\",\"name\":\"MEYDAN.TV\",\"description\":\"Meydan TV Az\u0259rbaycan\u0131n media m\u0259kan\u0131ndak\u0131 alternativ s\u0259sidir\",\"publisher\":{\"@id\":\"https:\\\/\\\/www.meydan.tv\\\/az\\\/#organization\"},\"potentialAction\":[{\"@type\":\"SearchAction\",\"target\":{\"@type\":\"EntryPoint\",\"urlTemplate\":\"https:\\\/\\\/www.meydan.tv\\\/az\\\/?s={search_term_string}\"},\"query-input\":{\"@type\":\"PropertyValueSpecification\",\"valueRequired\":true,\"valueName\":\"search_term_string\"}}],\"inLanguage\":\"az\"},{\"@type\":\"Organization\",\"@id\":\"https:\\\/\\\/www.meydan.tv\\\/az\\\/#organization\",\"name\":\"Meydan TV\",\"url\":\"https:\\\/\\\/www.meydan.tv\\\/az\\\/\",\"logo\":{\"@type\":\"ImageObject\",\"inLanguage\":\"az\",\"@id\":\"https:\\\/\\\/www.meydan.tv\\\/az\\\/#\\\/schema\\\/logo\\\/image\\\/\",\"url\":\"https:\\\/\\\/www.meydan.tv\\\/wp-content\\\/uploads\\\/2021\\\/07\\\/meydan-logo.svg\",\"contentUrl\":\"https:\\\/\\\/www.meydan.tv\\\/wp-content\\\/uploads\\\/2021\\\/07\\\/meydan-logo.svg\",\"width\":195,\"height\":46,\"caption\":\"Meydan TV\"},\"image\":{\"@id\":\"https:\\\/\\\/www.meydan.tv\\\/az\\\/#\\\/schema\\\/logo\\\/image\\\/\"}},{\"@type\":\"Person\",\"@id\":\"https:\\\/\\\/www.meydan.tv\\\/az\\\/#\\\/schema\\\/person\\\/09863e516102a829e72bedcf3f84c6b0\",\"name\":\"mahmud\"}]}<\/script>\n<!-- \/ Yoast SEO plugin. -->","yoast_head_json":{"title":"T\u0259rt\u0259r i\u015fg\u0259nc\u0259l\u0259rind\u0259 ittiham olunan polkovnik: \u201cM\u0259n cinay\u0259tkar d\u0259st\u0259nin \u00fczv\u00fcy\u0259ms\u0259, bu d\u0259st\u0259nin r\u0259hb\u0259ri han\u0131?\u201d - MEYDAN.TV","robots":{"index":"index","follow":"follow","max-snippet":"max-snippet:-1","max-image-preview":"max-image-preview:large","max-video-preview":"max-video-preview:-1"},"canonical":"https:\/\/www.meydan.tv\/az\/article\/terter-isgencelerinde-ittiham-olunan-polkovnik-men-cinayetkar-destenin-uzvuyemse-bu-destenin-rehberi-hani\/","og_locale":"az_AZ","og_type":"article","og_title":"T\u0259rt\u0259r i\u015fg\u0259nc\u0259l\u0259rind\u0259 ittiham olunan polkovnik: \u201cM\u0259n cinay\u0259tkar d\u0259st\u0259nin \u00fczv\u00fcy\u0259ms\u0259, bu d\u0259st\u0259nin r\u0259hb\u0259ri han\u0131?\u201d - MEYDAN.TV","og_description":"\u201cBu hadis\u0259l\u0259ri t\u0259\u015fkil ed\u0259nl\u0259r d\u00f6vl\u0259t i\u00e7ind\u0259 d\u00f6vl\u0259t quranlard\u0131r\u201d 2017-ci ilin ... Davam\u0131","og_url":"https:\/\/www.meydan.tv\/az\/article\/terter-isgencelerinde-ittiham-olunan-polkovnik-men-cinayetkar-destenin-uzvuyemse-bu-destenin-rehberi-hani\/","og_site_name":"MEYDAN.TV","article_published_time":"2023-11-28T17:43:40+00:00","article_modified_time":"2023-11-28T17:43:44+00:00","og_image":[{"width":1200,"height":675,"url":"https:\/\/www.meydan.tv\/wp-content\/uploads\/img_9732.jpg","type":"image\/jpeg"}],"author":"mahmud","twitter_card":"summary_large_image","schema":{"@context":"https:\/\/schema.org","@graph":[{"@type":"Article","@id":"https:\/\/www.meydan.tv\/az\/article\/terter-isgencelerinde-ittiham-olunan-polkovnik-men-cinayetkar-destenin-uzvuyemse-bu-destenin-rehberi-hani\/#article","isPartOf":{"@id":"https:\/\/www.meydan.tv\/az\/article\/terter-isgencelerinde-ittiham-olunan-polkovnik-men-cinayetkar-destenin-uzvuyemse-bu-destenin-rehberi-hani\/"},"author":{"name":"mahmud","@id":"https:\/\/www.meydan.tv\/az\/#\/schema\/person\/09863e516102a829e72bedcf3f84c6b0"},"headline":"T\u0259rt\u0259r i\u015fg\u0259nc\u0259l\u0259rind\u0259 ittiham olunan polkovnik: \u201cM\u0259n cinay\u0259tkar d\u0259st\u0259nin \u00fczv\u00fcy\u0259ms\u0259, bu d\u0259st\u0259nin r\u0259hb\u0259ri han\u0131?\u201d","datePublished":"2023-11-28T17:43:40+00:00","dateModified":"2023-11-28T17:43:44+00:00","mainEntityOfPage":{"@id":"https:\/\/www.meydan.tv\/az\/article\/terter-isgencelerinde-ittiham-olunan-polkovnik-men-cinayetkar-destenin-uzvuyemse-bu-destenin-rehberi-hani\/"},"wordCount":1690,"publisher":{"@id":"https:\/\/www.meydan.tv\/az\/#organization"},"image":{"@id":"https:\/\/www.meydan.tv\/az\/article\/terter-isgencelerinde-ittiham-olunan-polkovnik-men-cinayetkar-destenin-uzvuyemse-bu-destenin-rehberi-hani\/#primaryimage"},"thumbnailUrl":"https:\/\/www.meydan.tv\/wp-content\/uploads\/img_9732.jpg","articleSection":["Sosial","T\u00f6vsiy\u0259","X\u0259b\u0259rl\u0259r"],"inLanguage":"az"},{"@type":"WebPage","@id":"https:\/\/www.meydan.tv\/az\/article\/terter-isgencelerinde-ittiham-olunan-polkovnik-men-cinayetkar-destenin-uzvuyemse-bu-destenin-rehberi-hani\/","url":"https:\/\/www.meydan.tv\/az\/article\/terter-isgencelerinde-ittiham-olunan-polkovnik-men-cinayetkar-destenin-uzvuyemse-bu-destenin-rehberi-hani\/","name":"T\u0259rt\u0259r i\u015fg\u0259nc\u0259l\u0259rind\u0259 ittiham olunan polkovnik: \u201cM\u0259n cinay\u0259tkar d\u0259st\u0259nin \u00fczv\u00fcy\u0259ms\u0259, bu d\u0259st\u0259nin r\u0259hb\u0259ri han\u0131?\u201d - MEYDAN.TV","isPartOf":{"@id":"https:\/\/www.meydan.tv\/az\/#website"},"primaryImageOfPage":{"@id":"https:\/\/www.meydan.tv\/az\/article\/terter-isgencelerinde-ittiham-olunan-polkovnik-men-cinayetkar-destenin-uzvuyemse-bu-destenin-rehberi-hani\/#primaryimage"},"image":{"@id":"https:\/\/www.meydan.tv\/az\/article\/terter-isgencelerinde-ittiham-olunan-polkovnik-men-cinayetkar-destenin-uzvuyemse-bu-destenin-rehberi-hani\/#primaryimage"},"thumbnailUrl":"https:\/\/www.meydan.tv\/wp-content\/uploads\/img_9732.jpg","datePublished":"2023-11-28T17:43:40+00:00","dateModified":"2023-11-28T17:43:44+00:00","breadcrumb":{"@id":"https:\/\/www.meydan.tv\/az\/article\/terter-isgencelerinde-ittiham-olunan-polkovnik-men-cinayetkar-destenin-uzvuyemse-bu-destenin-rehberi-hani\/#breadcrumb"},"inLanguage":"az","potentialAction":[{"@type":"ReadAction","target":["https:\/\/www.meydan.tv\/az\/article\/terter-isgencelerinde-ittiham-olunan-polkovnik-men-cinayetkar-destenin-uzvuyemse-bu-destenin-rehberi-hani\/"]}]},{"@type":"ImageObject","inLanguage":"az","@id":"https:\/\/www.meydan.tv\/az\/article\/terter-isgencelerinde-ittiham-olunan-polkovnik-men-cinayetkar-destenin-uzvuyemse-bu-destenin-rehberi-hani\/#primaryimage","url":"https:\/\/www.meydan.tv\/wp-content\/uploads\/img_9732.jpg","contentUrl":"https:\/\/www.meydan.tv\/wp-content\/uploads\/img_9732.jpg","width":1200,"height":675,"caption":"\"T\u0259rt\u0259r i\u015fi\". Foto: Meydan TV"},{"@type":"BreadcrumbList","@id":"https:\/\/www.meydan.tv\/az\/article\/terter-isgencelerinde-ittiham-olunan-polkovnik-men-cinayetkar-destenin-uzvuyemse-bu-destenin-rehberi-hani\/#breadcrumb","itemListElement":[{"@type":"ListItem","position":1,"name":"Ana s\u0259hif\u0259","item":"https:\/\/www.meydan.tv\/az\/"},{"@type":"ListItem","position":2,"name":"Sosial","item":"https:\/\/www.meydan.tv\/az\/section\/sosial\/"},{"@type":"ListItem","position":3,"name":"T\u0259rt\u0259r i\u015fg\u0259nc\u0259l\u0259rind\u0259 ittiham olunan polkovnik: \u201cM\u0259n cinay\u0259tkar d\u0259st\u0259nin \u00fczv\u00fcy\u0259ms\u0259, bu d\u0259st\u0259nin r\u0259hb\u0259ri han\u0131?\u201d"}]},{"@type":"WebSite","@id":"https:\/\/www.meydan.tv\/az\/#website","url":"https:\/\/www.meydan.tv\/az\/","name":"MEYDAN.TV","description":"Meydan TV Az\u0259rbaycan\u0131n media m\u0259kan\u0131ndak\u0131 alternativ s\u0259sidir","publisher":{"@id":"https:\/\/www.meydan.tv\/az\/#organization"},"potentialAction":[{"@type":"SearchAction","target":{"@type":"EntryPoint","urlTemplate":"https:\/\/www.meydan.tv\/az\/?s={search_term_string}"},"query-input":{"@type":"PropertyValueSpecification","valueRequired":true,"valueName":"search_term_string"}}],"inLanguage":"az"},{"@type":"Organization","@id":"https:\/\/www.meydan.tv\/az\/#organization","name":"Meydan TV","url":"https:\/\/www.meydan.tv\/az\/","logo":{"@type":"ImageObject","inLanguage":"az","@id":"https:\/\/www.meydan.tv\/az\/#\/schema\/logo\/image\/","url":"https:\/\/www.meydan.tv\/wp-content\/uploads\/2021\/07\/meydan-logo.svg","contentUrl":"https:\/\/www.meydan.tv\/wp-content\/uploads\/2021\/07\/meydan-logo.svg","width":195,"height":46,"caption":"Meydan TV"},"image":{"@id":"https:\/\/www.meydan.tv\/az\/#\/schema\/logo\/image\/"}},{"@type":"Person","@id":"https:\/\/www.meydan.tv\/az\/#\/schema\/person\/09863e516102a829e72bedcf3f84c6b0","name":"mahmud"}]}},"_links":{"self":[{"href":"https:\/\/www.meydan.tv\/az\/wp-json\/wp\/v2\/posts\/291683","targetHints":{"allow":["GET"]}}],"collection":[{"href":"https:\/\/www.meydan.tv\/az\/wp-json\/wp\/v2\/posts"}],"about":[{"href":"https:\/\/www.meydan.tv\/az\/wp-json\/wp\/v2\/types\/post"}],"author":[{"embeddable":true,"href":"https:\/\/www.meydan.tv\/az\/wp-json\/wp\/v2\/users\/21"}],"replies":[{"embeddable":true,"href":"https:\/\/www.meydan.tv\/az\/wp-json\/wp\/v2\/comments?post=291683"}],"version-history":[{"count":1,"href":"https:\/\/www.meydan.tv\/az\/wp-json\/wp\/v2\/posts\/291683\/revisions"}],"predecessor-version":[{"id":291684,"href":"https:\/\/www.meydan.tv\/az\/wp-json\/wp\/v2\/posts\/291683\/revisions\/291684"}],"wp:featuredmedia":[{"embeddable":true,"href":"https:\/\/www.meydan.tv\/az\/wp-json\/wp\/v2\/media\/272648"}],"wp:attachment":[{"href":"https:\/\/www.meydan.tv\/az\/wp-json\/wp\/v2\/media?parent=291683"}],"wp:term":[{"taxonomy":"category","embeddable":true,"href":"https:\/\/www.meydan.tv\/az\/wp-json\/wp\/v2\/categories?post=291683"},{"taxonomy":"post_tag","embeddable":true,"href":"https:\/\/www.meydan.tv\/az\/wp-json\/wp\/v2\/tags?post=291683"}],"curies":[{"name":"wp","href":"https:\/\/api.w.org\/{rel}","templated":true}]}}