{"id":291673,"date":"2023-11-28T19:09:46","date_gmt":"2023-11-28T15:09:46","guid":{"rendered":"https:\/\/www.meydan.tv\/?p=291673"},"modified":"2023-11-28T19:50:38","modified_gmt":"2023-11-28T15:50:38","slug":"kanal-13un-rehberi-haqqinda-hebs-qerari-cixarildi","status":"publish","type":"post","link":"https:\/\/www.meydan.tv\/az\/article\/kanal-13un-rehberi-haqqinda-hebs-qerari-cixarildi\/","title":{"rendered":"\u201cKanal 13\u201d\u00fcn r\u0259hb\u0259ri haqq\u0131nda h\u0259bs q\u0259rar\u0131 \u00e7\u0131xar\u0131ld\u0131"},"content":{"rendered":"\n<figure class=\"wp-block-embed is-type-video is-provider-youtube wp-block-embed-youtube wp-embed-aspect-16-9 wp-has-aspect-ratio\"><div class=\"wp-block-embed__wrapper\">\n<iframe title=\"M\u0259hk\u0259m\u0259 televiziya r\u0259hb\u0259rin\u0259 3 ayl\u0131q h\u0259bs elan etdi\" width=\"1200\" height=\"675\" data-src=\"https:\/\/www.youtube.com\/embed\/gjsVoPHhz30?feature=oembed\" frameborder=\"0\" allow=\"accelerometer; autoplay; clipboard-write; encrypted-media; gyroscope; picture-in-picture; web-share\" allowfullscreen src=\"data:image\/svg+xml;base64,PHN2ZyB3aWR0aD0iMSIgaGVpZ2h0PSIxIiB4bWxucz0iaHR0cDovL3d3dy53My5vcmcvMjAwMC9zdmciPjwvc3ZnPg==\" class=\"lazyload\" data-load-mode=\"1\"><\/iframe>\n<\/div><\/figure>\n\n\n\n<p><strong><em>V\u0259kil apelyasiya \u015fikay\u0259ti ver\u0259c\u0259yini deyir<\/em><\/strong><\/p>\n\n\n\n<p>\u201cKanal 13\u201d internet televiziyas\u0131n\u0131n icra\u00e7\u0131 direktoru, bir g\u00fcn \u0259vv\u0259l saxlan\u0131lan \u018fziz Orucov haqq\u0131nda h\u0259bs q\u0259rar\u0131 \u00e7\u0131xar\u0131l\u0131b. Noyabr\u0131n 28-d\u0259 paytaxt\u0131n S\u0259bail Rayon M\u0259hk\u0259m\u0259sind\u0259 onun bar\u0259sind\u0259 ilkin istintaq d\u00f6vr\u00fc \u00fc\u00e7\u00fcn 3 ayl\u0131q h\u0259bs q\u0259timkan t\u0259dbiri se\u00e7ilib.<\/p>\n\n\n\n<p>Bu bar\u0259d\u0259 Meydan TV-y\u0259 m\u0259lumat ver\u0259n v\u0259kili B\u0259hruz Bayramov bu q\u0259rar\u0131 qanunsuz v\u0259 \u0259sass\u0131z say\u0131r. O, q\u0259rardan apelyasiya \u015fikay\u0259ti ver\u0259c\u0259yini bildirib.<\/p>\n\n\n\n<p>V\u0259kil deyir ki, \u018fziz Orucova Cinay\u0259t M\u0259c\u0259ll\u0259sinin 188.2 (M\u00fclkiyy\u0259t, istifad\u0259 v\u0259 ya icar\u0259 h\u00fcququ olmadan torpaq sah\u0259si \u00fcz\u0259rind\u0259 \u00f6zba\u015f\u0131na tikinti v\u0259 ya qura\u015fd\u0131rma i\u015fl\u0259ri aparma) madd\u0259sil\u0259 veril\u0259n ittiham az a\u011f\u0131r cinay\u0259tl\u0259r kateqoriyas\u0131na aiddir. Bu madd\u0259 il\u0259 \u00e7ox nadir hallarda kimins\u0259 istintaq m\u00fcdd\u0259tind\u0259 h\u0259bsd\u0259 saxlanmas\u0131na q\u0259rar verilir:<\/p>\n\n\n\n<p><em>\u201cBu madd\u0259d\u0259 maksimum c\u0259za 3 il\u0259 q\u0259d\u0259r azadl\u0131qdan m\u0259hrumetm\u0259dir. Bu madd\u0259 il\u0259 1000-1500 i\u015fd\u0259n b\u0259lk\u0259 birind\u0259 istintaq d\u00f6vr\u00fcnd\u0259 \u015f\u0259xsin h\u0259bsd\u0259 saxlanmas\u0131na q\u0259rar veril\u0259r. Onda da y\u0259qin ki, \u015f\u0259xs d\u0259f\u0259l\u0259rl\u0259 cinay\u0259t t\u00f6r\u0259tmi\u015f olar, yaxid istintaq\u0131n \u00e7a\u011f\u0131r\u0131\u015flar\u0131na g\u0259lm\u0259y\u0259\u2026\u201d.<\/em><\/p>\n\n\n\n<p>\u018fziz Orucova qar\u015f\u0131 ittihamda g\u00f6st\u0259rilib ki, o, S\u0259bail rayonu \u0259razisind\u0259 tikinti \u00fc\u00e7\u00fcn d\u00f6vl\u0259t orqanlar\u0131n\u0131n icaz\u0259si olmadan ev in\u015fa etdirib. \u201cKanal 13\u201d r\u0259hb\u0259ri is\u0259 bu ittiham\u0131n absurd oldu\u011funu, r\u0259hb\u0259rlik etdiyi kanal\u0131n f\u0259aliyy\u0259til\u0259 \u0259laq\u0259l\u0259ndirdiyini bildirib. O vur\u011fulay\u0131b ki, jurnalist f\u0259aliyy\u0259tin\u0259 g\u00f6r\u0259 c\u0259zaland\u0131r\u0131l\u0131b.<\/p>\n\n\n\n<p>El\u0259 v\u0259kili d\u0259 bu ittiham\u0131 \u0259sass\u0131z say\u0131r. Deyir ki, \u018fziz Orucovun ev tikdiyi \u0259razid\u0259 2000-\u0259 yax\u0131n tikili var. H\u0259min evl\u0259rin d\u0259 icaz\u0259 s\u0259n\u0259dl\u0259ri yoxdur:<\/p>\n\n\n\n<p><em>\u201cBak\u0131da v\u0259 Ab\u015feron yar\u0131madas\u0131nda icaz\u0259siz tikilmi\u015f 500 min\u0259 yax\u0131n ev var. O zaman h\u0259min evl\u0259rd\u0259 ya\u015fayan y\u00fczminl\u0259rl\u0259 adam h\u0259bs olunmal\u0131d\u0131r? 1 il 7 ay \u0259rzind\u0259 tikinti ged\u0259n vaxtda b\u0259l\u0259diyy\u0259, d\u00f6vl\u0259t orqanlar\u0131 hara bax\u0131rd\u0131? Lap tutaq ki, qanunsuz ev tikm\u0259y\u0259 g\u00f6r\u0259 saxlan\u0131l\u0131r. O zaman evind\u0259 sanki terror\u00e7uymu\u015f kimi, o q\u0259d\u0259r adamla apar\u0131lan axtar\u0131\u015f, ofisd\u0259ki axtar\u0131\u015f n\u0259 idi?\u201d<\/em><\/p>\n\n\n\n<p>\u0130ddia olunur ki, ev tikil\u0259n \u0259razid\u0259 ya\u015fayan \u015f\u0259xsl\u0259r \u018fziz Orucovdan \u015fikay\u0259t\u00e7i olub.<\/p>\n\n\n\n<p><em>\u201cB\u0259s o adamlar\u0131n ev tikm\u0259k \u00fc\u00e7\u00fcn icaz\u0259si olubmu? Onlar da s\u0259n\u0259dsiz evl\u0259rd\u0259 ya\u015fay\u0131rsa, m\u00fclkiyy\u0259t h\u00fcquqlar\u0131n\u0131 t\u0259sdiql\u0259y\u0259n \u00e7\u0131xar\u0131\u015f yoxdursa, hans\u0131 \u0259sasla bu adamlar\u0131n \u015fikay\u0259tl\u0259ri q\u0259bul olunur?\u201d,<\/em> &#8211; v\u0259kil \u0259lav\u0259 edib.<\/p>\n\n\n\n<p>Noyabr\u0131n 27-d\u0259 ax\u015fam saat 18.00 rad\u0259l\u0259rind\u0259 \u018fziz Orucovun ya\u015fad\u0131\u011f\u0131 evd\u0259, ard\u0131nca da \u201cKanal 13\u201d\u00fcn ofisind\u0259 axtar\u0131\u015f apar\u0131l\u0131b. Daha sonra o, \u015f\u00fcbh\u0259li \u015f\u0259xs qismind\u0259 saxlan\u0131l\u0131b.<\/p>\n\n\n\n<p>\u018fziz Orucov 2017-ci ilin may\u0131nda \u0259vv\u0259lc\u0259 30 g\u00fcn inzibati h\u0259bs c\u0259zas\u0131 alm\u0131\u015fd\u0131. Bu c\u0259za bitdiyi g\u00fcn &#8211; iyunun 1-d\u0259 onun bar\u0259sind\u0259 cinay\u0259t i\u015fi ba\u015flanm\u0131\u015f, Cinay\u0259t M\u0259c\u0259ll\u0259sinin 192 (qanunsuz sahibkarl\u0131q) v\u0259 308-ci (v\u0259zif\u0259 s\u0259lahiyy\u0259tl\u0259rind\u0259n sui-istifad\u0259) madd\u0259l\u0259ri il\u0259 ittiham ir\u0259li s\u00fcr\u00fclm\u00fc\u015fd\u00fc. Ona bu ittihamlarla 6 il azadl\u0131qdan m\u0259hrumetm\u0259 c\u0259zas\u0131 verils\u0259 d\u0259, Ali M\u0259hk\u0259m\u0259nin q\u0259rar\u0131yla 2018-ci ilin aprelind\u0259 \u015f\u0259rti c\u0259za il\u0259 h\u0259bsd\u0259n burax\u0131l\u0131b.<\/p>\n\n\n\n<p>O zaman da \u018fziz Orucov ittihamlar\u0131 q\u0259bul etmir, r\u0259hb\u0259rlik etdiyi internet televiziyas\u0131n\u0131n t\u0259nqid\u00e7i f\u0259aliyy\u0259tin\u0259 g\u00f6r\u0259 c\u0259zaland\u0131r\u0131ld\u0131\u011f\u0131n\u0131 bildirirdi.<\/p>\n\n\n\n<p>Korrupsiya ara\u015fd\u0131rmalar\u0131yla tan\u0131nan \u201cAbzasMedia\u201d sayt\u0131n\u0131n direktoru \u00dclvi H\u0259s\u0259nli v\u0259 ba\u015f redaktoru Sevinc Vaqifq\u0131z\u0131 noyabr\u0131n 20-d\u0259 saxlan\u0131l\u0131b. H\u0259r iki jurnalist\u0259 qar\u015f\u0131 qa\u00e7aqmal\u00e7\u0131l\u0131q ittiham\u0131 ir\u0259li s\u00fcr\u00fcl\u00fcb.<\/p>\n\n\n\n<p>Jurnalistl\u0259r bu ittiham\u0131 r\u0259dd edir, korrupsiya ara\u015fd\u0131rmalar\u0131na g\u00f6r\u0259 h\u0259bs olunduqlar\u0131n\u0131 bildirirl\u0259r.<\/p>\n","protected":false},"excerpt":{"rendered":"<p>V\u0259kil apelyasiya \u015fikay\u0259ti ver\u0259c\u0259yini deyir \u201cKanal 13\u201d internet televiziyas\u0131n\u0131n icra\u00e7\u0131 &#8230; <\/p>\n<p class=\"read-more-container\"><a title=\"\u201cKanal 13\u201d\u00fcn r\u0259hb\u0259ri haqq\u0131nda h\u0259bs q\u0259rar\u0131 \u00e7\u0131xar\u0131ld\u0131\" class=\"read-more button\" href=\"https:\/\/www.meydan.tv\/az\/article\/kanal-13un-rehberi-haqqinda-hebs-qerari-cixarildi\/#more-291673\" aria-label=\"Read more about \u201cKanal 13\u201d\u00fcn r\u0259hb\u0259ri haqq\u0131nda h\u0259bs q\u0259rar\u0131 \u00e7\u0131xar\u0131ld\u0131\">Davam\u0131<\/a><\/p>\n","protected":false},"author":21,"featured_media":291585,"comment_status":"closed","ping_status":"closed","sticky":false,"template":"","format":"standard","meta":{"_acf_changed":false,"_sitemap_exclude":false,"_sitemap_priority":"","_sitemap_frequency":"","footnotes":""},"categories":[59,79,63,56],"tags":[],"class_list":["post-291673","post","type-post","status-publish","format-standard","has-post-thumbnail","hentry","category-siyaset","category-featured","category-video-2","category-xeberler","infinite-scroll-item","generate-columns","tablet-grid-50","mobile-grid-100","grid-parent","grid-33","no-featured-image-padding"],"acf":[],"yoast_head":"<!-- This site is optimized with the Yoast SEO plugin v27.4 - https:\/\/yoast.com\/product\/yoast-seo-wordpress\/ -->\n<title>\u201cKanal 13\u201d\u00fcn r\u0259hb\u0259ri haqq\u0131nda h\u0259bs q\u0259rar\u0131 \u00e7\u0131xar\u0131ld\u0131 - MEYDAN.TV<\/title>\n<meta name=\"robots\" content=\"index, follow, max-snippet:-1, max-image-preview:large, max-video-preview:-1\" \/>\n<link rel=\"canonical\" href=\"https:\/\/www.meydan.tv\/az\/article\/kanal-13un-rehberi-haqqinda-hebs-qerari-cixarildi\/\" \/>\n<meta property=\"og:locale\" content=\"az_AZ\" \/>\n<meta property=\"og:type\" content=\"article\" \/>\n<meta property=\"og:title\" content=\"\u201cKanal 13\u201d\u00fcn r\u0259hb\u0259ri haqq\u0131nda h\u0259bs q\u0259rar\u0131 \u00e7\u0131xar\u0131ld\u0131 - MEYDAN.TV\" \/>\n<meta property=\"og:description\" content=\"V\u0259kil apelyasiya \u015fikay\u0259ti ver\u0259c\u0259yini deyir \u201cKanal 13\u201d internet televiziyas\u0131n\u0131n icra\u00e7\u0131 ... Davam\u0131\" \/>\n<meta property=\"og:url\" content=\"https:\/\/www.meydan.tv\/az\/article\/kanal-13un-rehberi-haqqinda-hebs-qerari-cixarildi\/\" \/>\n<meta property=\"og:site_name\" content=\"MEYDAN.TV\" \/>\n<meta property=\"article:published_time\" content=\"2023-11-28T15:09:46+00:00\" \/>\n<meta property=\"article:modified_time\" content=\"2023-11-28T15:50:38+00:00\" \/>\n<meta property=\"og:image\" content=\"https:\/\/www.meydan.tv\/wp-content\/uploads\/img_0647-scaled-e1701151956198.jpg\" \/>\n\t<meta property=\"og:image:width\" content=\"2560\" \/>\n\t<meta property=\"og:image:height\" content=\"1373\" \/>\n\t<meta property=\"og:image:type\" content=\"image\/jpeg\" \/>\n<meta name=\"author\" content=\"mahmud\" \/>\n<meta name=\"twitter:card\" content=\"summary_large_image\" \/>\n<script type=\"application\/ld+json\" class=\"yoast-schema-graph\">{\"@context\":\"https:\\\/\\\/schema.org\",\"@graph\":[{\"@type\":\"Article\",\"@id\":\"https:\\\/\\\/www.meydan.tv\\\/az\\\/article\\\/kanal-13un-rehberi-haqqinda-hebs-qerari-cixarildi\\\/#article\",\"isPartOf\":{\"@id\":\"https:\\\/\\\/www.meydan.tv\\\/az\\\/article\\\/kanal-13un-rehberi-haqqinda-hebs-qerari-cixarildi\\\/\"},\"author\":{\"name\":\"mahmud\",\"@id\":\"https:\\\/\\\/www.meydan.tv\\\/az\\\/#\\\/schema\\\/person\\\/09863e516102a829e72bedcf3f84c6b0\"},\"headline\":\"\u201cKanal 13\u201d\u00fcn r\u0259hb\u0259ri haqq\u0131nda h\u0259bs q\u0259rar\u0131 \u00e7\u0131xar\u0131ld\u0131\",\"datePublished\":\"2023-11-28T15:09:46+00:00\",\"dateModified\":\"2023-11-28T15:50:38+00:00\",\"mainEntityOfPage\":{\"@id\":\"https:\\\/\\\/www.meydan.tv\\\/az\\\/article\\\/kanal-13un-rehberi-haqqinda-hebs-qerari-cixarildi\\\/\"},\"wordCount\":726,\"publisher\":{\"@id\":\"https:\\\/\\\/www.meydan.tv\\\/az\\\/#organization\"},\"image\":{\"@id\":\"https:\\\/\\\/www.meydan.tv\\\/az\\\/article\\\/kanal-13un-rehberi-haqqinda-hebs-qerari-cixarildi\\\/#primaryimage\"},\"thumbnailUrl\":\"https:\\\/\\\/www.meydan.tv\\\/wp-content\\\/uploads\\\/img_0647-scaled-e1702980164171.jpg\",\"articleSection\":[\"Siyas\u0259t\",\"T\u00f6vsiy\u0259\",\"Video\",\"X\u0259b\u0259rl\u0259r\"],\"inLanguage\":\"az\"},{\"@type\":\"WebPage\",\"@id\":\"https:\\\/\\\/www.meydan.tv\\\/az\\\/article\\\/kanal-13un-rehberi-haqqinda-hebs-qerari-cixarildi\\\/\",\"url\":\"https:\\\/\\\/www.meydan.tv\\\/az\\\/article\\\/kanal-13un-rehberi-haqqinda-hebs-qerari-cixarildi\\\/\",\"name\":\"\u201cKanal 13\u201d\u00fcn r\u0259hb\u0259ri haqq\u0131nda h\u0259bs q\u0259rar\u0131 \u00e7\u0131xar\u0131ld\u0131 - MEYDAN.TV\",\"isPartOf\":{\"@id\":\"https:\\\/\\\/www.meydan.tv\\\/az\\\/#website\"},\"primaryImageOfPage\":{\"@id\":\"https:\\\/\\\/www.meydan.tv\\\/az\\\/article\\\/kanal-13un-rehberi-haqqinda-hebs-qerari-cixarildi\\\/#primaryimage\"},\"image\":{\"@id\":\"https:\\\/\\\/www.meydan.tv\\\/az\\\/article\\\/kanal-13un-rehberi-haqqinda-hebs-qerari-cixarildi\\\/#primaryimage\"},\"thumbnailUrl\":\"https:\\\/\\\/www.meydan.tv\\\/wp-content\\\/uploads\\\/img_0647-scaled-e1702980164171.jpg\",\"datePublished\":\"2023-11-28T15:09:46+00:00\",\"dateModified\":\"2023-11-28T15:50:38+00:00\",\"breadcrumb\":{\"@id\":\"https:\\\/\\\/www.meydan.tv\\\/az\\\/article\\\/kanal-13un-rehberi-haqqinda-hebs-qerari-cixarildi\\\/#breadcrumb\"},\"inLanguage\":\"az\",\"potentialAction\":[{\"@type\":\"ReadAction\",\"target\":[\"https:\\\/\\\/www.meydan.tv\\\/az\\\/article\\\/kanal-13un-rehberi-haqqinda-hebs-qerari-cixarildi\\\/\"]}]},{\"@type\":\"ImageObject\",\"inLanguage\":\"az\",\"@id\":\"https:\\\/\\\/www.meydan.tv\\\/az\\\/article\\\/kanal-13un-rehberi-haqqinda-hebs-qerari-cixarildi\\\/#primaryimage\",\"url\":\"https:\\\/\\\/www.meydan.tv\\\/wp-content\\\/uploads\\\/img_0647-scaled-e1702980164171.jpg\",\"contentUrl\":\"https:\\\/\\\/www.meydan.tv\\\/wp-content\\\/uploads\\\/img_0647-scaled-e1702980164171.jpg\",\"width\":2560,\"height\":1096,\"caption\":\"\u018fziz Orucov. Foto: Meydan TV\"},{\"@type\":\"BreadcrumbList\",\"@id\":\"https:\\\/\\\/www.meydan.tv\\\/az\\\/article\\\/kanal-13un-rehberi-haqqinda-hebs-qerari-cixarildi\\\/#breadcrumb\",\"itemListElement\":[{\"@type\":\"ListItem\",\"position\":1,\"name\":\"Ana s\u0259hif\u0259\",\"item\":\"https:\\\/\\\/www.meydan.tv\\\/az\\\/\"},{\"@type\":\"ListItem\",\"position\":2,\"name\":\"Siyas\u0259t\",\"item\":\"https:\\\/\\\/www.meydan.tv\\\/az\\\/section\\\/siyaset\\\/\"},{\"@type\":\"ListItem\",\"position\":3,\"name\":\"\u201cKanal 13\u201d\u00fcn r\u0259hb\u0259ri haqq\u0131nda h\u0259bs q\u0259rar\u0131 \u00e7\u0131xar\u0131ld\u0131\"}]},{\"@type\":\"WebSite\",\"@id\":\"https:\\\/\\\/www.meydan.tv\\\/az\\\/#website\",\"url\":\"https:\\\/\\\/www.meydan.tv\\\/az\\\/\",\"name\":\"MEYDAN.TV\",\"description\":\"Meydan TV Az\u0259rbaycan\u0131n media m\u0259kan\u0131ndak\u0131 alternativ s\u0259sidir\",\"publisher\":{\"@id\":\"https:\\\/\\\/www.meydan.tv\\\/az\\\/#organization\"},\"potentialAction\":[{\"@type\":\"SearchAction\",\"target\":{\"@type\":\"EntryPoint\",\"urlTemplate\":\"https:\\\/\\\/www.meydan.tv\\\/az\\\/?s={search_term_string}\"},\"query-input\":{\"@type\":\"PropertyValueSpecification\",\"valueRequired\":true,\"valueName\":\"search_term_string\"}}],\"inLanguage\":\"az\"},{\"@type\":\"Organization\",\"@id\":\"https:\\\/\\\/www.meydan.tv\\\/az\\\/#organization\",\"name\":\"Meydan TV\",\"url\":\"https:\\\/\\\/www.meydan.tv\\\/az\\\/\",\"logo\":{\"@type\":\"ImageObject\",\"inLanguage\":\"az\",\"@id\":\"https:\\\/\\\/www.meydan.tv\\\/az\\\/#\\\/schema\\\/logo\\\/image\\\/\",\"url\":\"https:\\\/\\\/www.meydan.tv\\\/wp-content\\\/uploads\\\/2021\\\/07\\\/meydan-logo.svg\",\"contentUrl\":\"https:\\\/\\\/www.meydan.tv\\\/wp-content\\\/uploads\\\/2021\\\/07\\\/meydan-logo.svg\",\"width\":195,\"height\":46,\"caption\":\"Meydan TV\"},\"image\":{\"@id\":\"https:\\\/\\\/www.meydan.tv\\\/az\\\/#\\\/schema\\\/logo\\\/image\\\/\"}},{\"@type\":\"Person\",\"@id\":\"https:\\\/\\\/www.meydan.tv\\\/az\\\/#\\\/schema\\\/person\\\/09863e516102a829e72bedcf3f84c6b0\",\"name\":\"mahmud\"}]}<\/script>\n<!-- \/ Yoast SEO plugin. -->","yoast_head_json":{"title":"\u201cKanal 13\u201d\u00fcn r\u0259hb\u0259ri haqq\u0131nda h\u0259bs q\u0259rar\u0131 \u00e7\u0131xar\u0131ld\u0131 - MEYDAN.TV","robots":{"index":"index","follow":"follow","max-snippet":"max-snippet:-1","max-image-preview":"max-image-preview:large","max-video-preview":"max-video-preview:-1"},"canonical":"https:\/\/www.meydan.tv\/az\/article\/kanal-13un-rehberi-haqqinda-hebs-qerari-cixarildi\/","og_locale":"az_AZ","og_type":"article","og_title":"\u201cKanal 13\u201d\u00fcn r\u0259hb\u0259ri haqq\u0131nda h\u0259bs q\u0259rar\u0131 \u00e7\u0131xar\u0131ld\u0131 - MEYDAN.TV","og_description":"V\u0259kil apelyasiya \u015fikay\u0259ti ver\u0259c\u0259yini deyir \u201cKanal 13\u201d internet televiziyas\u0131n\u0131n icra\u00e7\u0131 ... Davam\u0131","og_url":"https:\/\/www.meydan.tv\/az\/article\/kanal-13un-rehberi-haqqinda-hebs-qerari-cixarildi\/","og_site_name":"MEYDAN.TV","article_published_time":"2023-11-28T15:09:46+00:00","article_modified_time":"2023-11-28T15:50:38+00:00","og_image":[{"width":2560,"height":1373,"url":"https:\/\/www.meydan.tv\/wp-content\/uploads\/img_0647-scaled-e1701151956198.jpg","type":"image\/jpeg"}],"author":"mahmud","twitter_card":"summary_large_image","schema":{"@context":"https:\/\/schema.org","@graph":[{"@type":"Article","@id":"https:\/\/www.meydan.tv\/az\/article\/kanal-13un-rehberi-haqqinda-hebs-qerari-cixarildi\/#article","isPartOf":{"@id":"https:\/\/www.meydan.tv\/az\/article\/kanal-13un-rehberi-haqqinda-hebs-qerari-cixarildi\/"},"author":{"name":"mahmud","@id":"https:\/\/www.meydan.tv\/az\/#\/schema\/person\/09863e516102a829e72bedcf3f84c6b0"},"headline":"\u201cKanal 13\u201d\u00fcn r\u0259hb\u0259ri haqq\u0131nda h\u0259bs q\u0259rar\u0131 \u00e7\u0131xar\u0131ld\u0131","datePublished":"2023-11-28T15:09:46+00:00","dateModified":"2023-11-28T15:50:38+00:00","mainEntityOfPage":{"@id":"https:\/\/www.meydan.tv\/az\/article\/kanal-13un-rehberi-haqqinda-hebs-qerari-cixarildi\/"},"wordCount":726,"publisher":{"@id":"https:\/\/www.meydan.tv\/az\/#organization"},"image":{"@id":"https:\/\/www.meydan.tv\/az\/article\/kanal-13un-rehberi-haqqinda-hebs-qerari-cixarildi\/#primaryimage"},"thumbnailUrl":"https:\/\/www.meydan.tv\/wp-content\/uploads\/img_0647-scaled-e1702980164171.jpg","articleSection":["Siyas\u0259t","T\u00f6vsiy\u0259","Video","X\u0259b\u0259rl\u0259r"],"inLanguage":"az"},{"@type":"WebPage","@id":"https:\/\/www.meydan.tv\/az\/article\/kanal-13un-rehberi-haqqinda-hebs-qerari-cixarildi\/","url":"https:\/\/www.meydan.tv\/az\/article\/kanal-13un-rehberi-haqqinda-hebs-qerari-cixarildi\/","name":"\u201cKanal 13\u201d\u00fcn r\u0259hb\u0259ri haqq\u0131nda h\u0259bs q\u0259rar\u0131 \u00e7\u0131xar\u0131ld\u0131 - MEYDAN.TV","isPartOf":{"@id":"https:\/\/www.meydan.tv\/az\/#website"},"primaryImageOfPage":{"@id":"https:\/\/www.meydan.tv\/az\/article\/kanal-13un-rehberi-haqqinda-hebs-qerari-cixarildi\/#primaryimage"},"image":{"@id":"https:\/\/www.meydan.tv\/az\/article\/kanal-13un-rehberi-haqqinda-hebs-qerari-cixarildi\/#primaryimage"},"thumbnailUrl":"https:\/\/www.meydan.tv\/wp-content\/uploads\/img_0647-scaled-e1702980164171.jpg","datePublished":"2023-11-28T15:09:46+00:00","dateModified":"2023-11-28T15:50:38+00:00","breadcrumb":{"@id":"https:\/\/www.meydan.tv\/az\/article\/kanal-13un-rehberi-haqqinda-hebs-qerari-cixarildi\/#breadcrumb"},"inLanguage":"az","potentialAction":[{"@type":"ReadAction","target":["https:\/\/www.meydan.tv\/az\/article\/kanal-13un-rehberi-haqqinda-hebs-qerari-cixarildi\/"]}]},{"@type":"ImageObject","inLanguage":"az","@id":"https:\/\/www.meydan.tv\/az\/article\/kanal-13un-rehberi-haqqinda-hebs-qerari-cixarildi\/#primaryimage","url":"https:\/\/www.meydan.tv\/wp-content\/uploads\/img_0647-scaled-e1702980164171.jpg","contentUrl":"https:\/\/www.meydan.tv\/wp-content\/uploads\/img_0647-scaled-e1702980164171.jpg","width":2560,"height":1096,"caption":"\u018fziz Orucov. Foto: Meydan TV"},{"@type":"BreadcrumbList","@id":"https:\/\/www.meydan.tv\/az\/article\/kanal-13un-rehberi-haqqinda-hebs-qerari-cixarildi\/#breadcrumb","itemListElement":[{"@type":"ListItem","position":1,"name":"Ana s\u0259hif\u0259","item":"https:\/\/www.meydan.tv\/az\/"},{"@type":"ListItem","position":2,"name":"Siyas\u0259t","item":"https:\/\/www.meydan.tv\/az\/section\/siyaset\/"},{"@type":"ListItem","position":3,"name":"\u201cKanal 13\u201d\u00fcn r\u0259hb\u0259ri haqq\u0131nda h\u0259bs q\u0259rar\u0131 \u00e7\u0131xar\u0131ld\u0131"}]},{"@type":"WebSite","@id":"https:\/\/www.meydan.tv\/az\/#website","url":"https:\/\/www.meydan.tv\/az\/","name":"MEYDAN.TV","description":"Meydan TV Az\u0259rbaycan\u0131n media m\u0259kan\u0131ndak\u0131 alternativ s\u0259sidir","publisher":{"@id":"https:\/\/www.meydan.tv\/az\/#organization"},"potentialAction":[{"@type":"SearchAction","target":{"@type":"EntryPoint","urlTemplate":"https:\/\/www.meydan.tv\/az\/?s={search_term_string}"},"query-input":{"@type":"PropertyValueSpecification","valueRequired":true,"valueName":"search_term_string"}}],"inLanguage":"az"},{"@type":"Organization","@id":"https:\/\/www.meydan.tv\/az\/#organization","name":"Meydan TV","url":"https:\/\/www.meydan.tv\/az\/","logo":{"@type":"ImageObject","inLanguage":"az","@id":"https:\/\/www.meydan.tv\/az\/#\/schema\/logo\/image\/","url":"https:\/\/www.meydan.tv\/wp-content\/uploads\/2021\/07\/meydan-logo.svg","contentUrl":"https:\/\/www.meydan.tv\/wp-content\/uploads\/2021\/07\/meydan-logo.svg","width":195,"height":46,"caption":"Meydan TV"},"image":{"@id":"https:\/\/www.meydan.tv\/az\/#\/schema\/logo\/image\/"}},{"@type":"Person","@id":"https:\/\/www.meydan.tv\/az\/#\/schema\/person\/09863e516102a829e72bedcf3f84c6b0","name":"mahmud"}]}},"_links":{"self":[{"href":"https:\/\/www.meydan.tv\/az\/wp-json\/wp\/v2\/posts\/291673","targetHints":{"allow":["GET"]}}],"collection":[{"href":"https:\/\/www.meydan.tv\/az\/wp-json\/wp\/v2\/posts"}],"about":[{"href":"https:\/\/www.meydan.tv\/az\/wp-json\/wp\/v2\/types\/post"}],"author":[{"embeddable":true,"href":"https:\/\/www.meydan.tv\/az\/wp-json\/wp\/v2\/users\/21"}],"replies":[{"embeddable":true,"href":"https:\/\/www.meydan.tv\/az\/wp-json\/wp\/v2\/comments?post=291673"}],"version-history":[{"count":2,"href":"https:\/\/www.meydan.tv\/az\/wp-json\/wp\/v2\/posts\/291673\/revisions"}],"predecessor-version":[{"id":291677,"href":"https:\/\/www.meydan.tv\/az\/wp-json\/wp\/v2\/posts\/291673\/revisions\/291677"}],"wp:featuredmedia":[{"embeddable":true,"href":"https:\/\/www.meydan.tv\/az\/wp-json\/wp\/v2\/media\/291585"}],"wp:attachment":[{"href":"https:\/\/www.meydan.tv\/az\/wp-json\/wp\/v2\/media?parent=291673"}],"wp:term":[{"taxonomy":"category","embeddable":true,"href":"https:\/\/www.meydan.tv\/az\/wp-json\/wp\/v2\/categories?post=291673"},{"taxonomy":"post_tag","embeddable":true,"href":"https:\/\/www.meydan.tv\/az\/wp-json\/wp\/v2\/tags?post=291673"}],"curies":[{"name":"wp","href":"https:\/\/api.w.org\/{rel}","templated":true}]}}