{"id":291649,"date":"2023-11-28T17:35:30","date_gmt":"2023-11-28T13:35:30","guid":{"rendered":"https:\/\/www.meydan.tv\/?p=291649"},"modified":"2023-11-28T20:52:19","modified_gmt":"2023-11-28T16:52:19","slug":"ayb-den-ev-alanlar-onlari-qinayanlarla-bagli-beyanat-yaydilar","status":"publish","type":"post","link":"https:\/\/www.meydan.tv\/az\/article\/ayb-den-ev-alanlar-onlari-qinayanlarla-bagli-beyanat-yaydilar\/","title":{"rendered":"AYB-d\u0259n ev alanlar onlar\u0131 q\u0131nayanlarla ba\u011fl\u0131 b\u0259yanat yayd\u0131lar"},"content":{"rendered":"\n<p><\/p>\n\n\n\n<p><strong><em>&#8220;M\u0259nzil davas\u0131 ed\u0259nl\u0259r ilk n\u00f6vb\u0259d\u0259 yaz\u0131\u00e7\u0131 n\u00fcfuzuna k\u00f6lg\u0259 sal\u0131rlar&#8221;<\/em><\/strong><\/p>\n\n\n\n<p>Az\u0259rbaycan Yaz\u0131\u00e7\u0131lar Birliyinin (AYB) evl\u0259 t\u0259min etdiyi \u00fczvl\u0259rinin siyah\u0131s\u0131 m\u0259lum olub.<\/p>\n\n\n\n<p>Seyran S\u0259xav\u0259t, N\u0259riman Qas\u0131mzad\u0259, Vaqif \u018flixanov, Firuz Mustafa, D\u0259yan\u0259t Osmanl\u0131, Xan\u0259mir Telmano\u011flu, Elxan Zal, Elmar \u015eeyxzad\u0259, G\u00fclxani P\u0259nah, Arif\u0259 \u018fliyeva, S\u00fcdab\u0259 A\u011fabalayeva, M\u0259lah\u0259t Q\u0259nb\u0259rova, Nar\u0131ng\u00fcl Babayeva, \u015e\u0259f\u0259q Sahibli, X\u0259yal Rza, \u018flibala \u018fliyev, \u015e\u0259msiy\u0259 Camalova, \u00dclviyy\u0259 Heyd\u0259rova, Ulucay Akif, Rauf Aslanov, Seyran M\u0259likov AYB t\u0259r\u0259find\u0259n evl\u0259 t\u0259min olunublar.<\/p>\n\n\n\n<p>Ev alanlar birg\u0259 b\u0259yanat da yay\u0131blar.<\/p>\n\n\n\n<p>Bildiribl\u0259r ki, Birliyin \u0259m\u0259kda\u015flar\u0131na m\u0259nzil verm\u0259si onlar \u00fc\u00e7\u00fcn d\u0259 g\u00f6zl\u0259nilm\u0259z olub.<\/p>\n\n\n\n<p><em>\u201cS\u0259n\u0259dl\u0259rin imzalanmas\u0131 \u00fc\u00e7\u00fcn Yaz\u0131\u00e7\u0131lar Birliyin\u0259 d\u0259v\u0259t olunanda, bizim \u00fc\u00e7\u00fcn s\u00fcrpriz oldu. T\u0259\u0259ss\u00fcf ki, m\u0259nzil alanlar\u0131n siyah\u0131s\u0131na d\u00fc\u015fm\u0259mi\u015f bir-iki AYB \u00fczv\u00fc sosial \u015f\u0259b\u0259k\u0259l\u0259rd\u0259, telekanallarda m\u0259nzil alanlar\u0131n \u00fcnvan\u0131na t\u0259hqiredici s\u00f6zl\u0259r i\u015fl\u0259d\u0259r\u0259k, haqs\u0131zl\u0131qda, \u0259dal\u0259tsizlikd\u0259 ittiham ed\u0259r\u0259k, sevincimizi qursa\u011f\u0131m\u0131zda qoydular. Biz bu fikird\u0259yik ki, b\u00f6lg\u00fc zaman\u0131 he\u00e7 bir \u0259dal\u0259tsizlik olmay\u0131b, m\u0259nzill\u0259r \u0259d\u0259biyyat sah\u0259sind\u0259 xidm\u0259tl\u0259ri olan qocaman yaz\u0131\u00e7\u0131lara, m\u0259nzil \u015f\u0259raiti a\u011f\u0131r olan, he\u00e7 m\u0259nzili olmayan yaz\u0131\u00e7\u0131 v\u0259 \u0259m\u0259kda\u015flara verilib, siyah\u0131da k\u0259nardan g\u0259lm\u0259 he\u00e7 kim yoxdur\u201d, &#8211; b\u0259yanatda bildirilir.<\/em><\/p>\n\n\n\n<p>Daha sonra qeyd olunur ki, m\u0259nzill\u0259 t\u0259min olunanlar\u0131n yegan\u0259 i\u015f yeri Az\u0259rbaycan Yaz\u0131\u00e7\u0131lar Birliyidir:<\/p>\n\n\n\n<p><em>\u201cOnlar\u0131n da Az\u0259rbaycan v\u0259t\u0259nda\u015flar\u0131 kimi m\u0259nzil almaq h\u00fcquqlar\u0131 var v\u0259 onlar\u0131n adlar\u0131n\u0131 halland\u0131r\u0131b yuxar\u0131dan-a\u015fa\u011f\u0131 baxmaq q\u0259l\u0259m adamlar\u0131na yara\u015fmaz. Yaz\u0131\u00e7\u0131lar Birliyi son 30-35 ild\u0259 \u00fczvl\u0259rinin m\u0259nzil problemini h\u0259ll etm\u0259k \u00fc\u00e7\u00fcn b\u00fct\u00fcn imkanlar\u0131n\u0131 s\u0259f\u0259rb\u0259r edib v\u0259 \u0259n \u00e7ox m\u0259nzil bu d\u00f6vrd\u0259 paylan\u0131b. M\u0259nzil davas\u0131 ed\u0259nl\u0259r ilk n\u00f6vb\u0259d\u0259 yaz\u0131\u00e7\u0131 n\u00fcfuzuna k\u00f6lg\u0259 sal\u0131rlar. \u0130ctimaiyy\u0259t qar\u015f\u0131s\u0131nda nalayiq s\u00f6zl\u0259r i\u015fl\u0259tm\u0259k, insanlara iftira atmaq, dedi-qodu yaymaq, \u00fczv\u00fc olduqlar\u0131 t\u0259\u015fkilat bar\u0259d\u0259 yanl\u0131\u015f t\u0259s\u0259vv\u00fcr yaratma\u011fa \u00e7al\u0131\u015fmaqla yaln\u0131z \u00f6zl\u0259rini g\u00f6zd\u0259n salan s\u0259xsl\u0259r\u0259 s\u00f6z\u00fcm\u00fcz budur ki, davran\u0131\u015f\u0131n\u0131z do\u011fru deyil\u201d.<\/em><\/p>\n\n\n\n<p>B\u0259yanat\u0131n s\u00fcr\u0259tini \u201ckulis.az\u201d sayt\u0131 <a href=\"https:\/\/kulis.az\/xeber\/media\/ayb-den-ev-alan-21-nefer-beyanat-imzaladi-51093\">yay\u0131b.<\/a><\/p>\n\n\n\n<p><strong>\u015eair b\u0259yanata v\u0259 AYB-nin a\u00e7\u0131qlamalar\u0131na etiraz edir\u2026<\/strong><\/p>\n\n\n\n<p>AYB \u00fczv\u00fc, \u015fair Emil Rasimo\u011flu is\u0259 yazarlar\u0131n b\u0259yanat\u0131n\u0131 \u00f6z\u00fcn\u00fcm\u00fcdafi\u0259 xarakterli say\u0131b.<\/p>\n\n\n\n<p>O, ba\u015f ver\u0259nl\u0259r\u0259 g\u00f6r\u0259 \u0259sas\u0259n d\u0259 birliyin s\u0259dri Anar\u0131 v\u0259 s\u0259drin m\u00fcavini R\u0259\u015fad M\u0259cidi g\u00fcnahland\u0131r\u0131b.<\/p>\n\n\n\n<p><em>&#8220;Ev m\u0259s\u0259l\u0259si il\u0259 ba\u011fl\u0131 Anar\u0131n a\u00e7\u0131qlamas\u0131 \u0259slind\u0259 onun v\u0259 komandas\u0131n\u0131n Yaz\u0131\u00e7\u0131lar Birliyind\u0259ki iflas\u0131n\u0131n n\u00f6vb\u0259ti v\u0259 \u0259n ac\u0131nacaql\u0131 &#8220;fotosudur&#8221;&#8221;<\/em>, &#8211; Emil Rasimo\u011flu <a href=\"https:\/\/globalinfo.az\/anar-surucusune-ve-katibesine-ev-vermesinin-sebebini-aciqladi-onlara-nece-deye-bilerdim-ki\/\">qeyd edib.<\/a><\/p>\n\n\n\n<p>O, AYB s\u0259drinin m\u00fcavini R\u0259\u015fad M\u0259cidin mediaya verdiyi <a href=\"https:\/\/www.youtube.com\/watch?v=UzFmwzmfvBg\">a\u00e7\u0131qlaman\u0131<\/a> da t\u0259nqid edib: <\/p>\n\n\n\n<p><em>&#8220;R\u0259\u015fad M\u0259cidin ev m\u0259s\u0259l\u0259si il\u0259 ba\u011fl\u0131 m\u0259tbuata verdiyi m\u0259suliyy\u0259tsiz a\u00e7\u0131qlamas\u0131, \u0259slind\u0259, Anar diktaturas\u0131n\u0131n idar\u0259\u00e7ilik m\u0259\u011flubiyy\u0259tind\u0259n, \u00e7\u00f6k\u00fc\u015f\u00fcnd\u0259n ba\u015fqa he\u00e7 n\u0259yi ifad\u0259 etmir&#8221;.<\/em><\/p>\n\n\n\n<p><em>&#8220;R\u0259\u015fad M\u0259cid d\u0259 \u00c7ingiz Abdullayev kimi fikirl\u0259rind\u0259 bir az da m\u0259s\u0259l\u0259d\u0259n x\u0259b\u0259rsiz olmaq t\u0259\u0259ss\u00fcrat\u0131 yaratma\u011fa \u00e7al\u0131\u015f\u0131r. Hans\u0131 ki onlar\u0131n b\u00fct\u00fcn &#8220;oyunlardan&#8221; h\u0259mi\u015f\u0259 x\u0259b\u0259rl\u0259ri olub, olur v\u0259 olacaq. N\u0259 q\u0259d\u0259r ki Anar sistemi Yaz\u0131\u00e7\u0131lar Birliyind\u0259dir. Sad\u0259c\u0259, R\u0259\u015fad M\u0259cidin Anar diktaturas\u0131n\u0131 m\u00fcdafi\u0259 etm\u0259y\u0259, &#8220;g\u00fcnl\u00fck m\u0259nz\u0259r\u0259l\u0259r&#8221; yaratma\u011fa daha &#8220;n\u0259f\u0259si&#8221;, &#8220;boyas\u0131&#8221; \u00e7atm\u0131r. Y\u0259ni n\u0259 &#8220;n\u0259f\u0259si&#8221; \u00e7at\u0131r, m\u00fcdafi\u0259 etsin, n\u0259 d\u0259 irad\u0259si \u00e7at\u0131r ki, o diktaturan\u0131, idar\u0259\u00e7ilik sistemini t\u0259rk etsin. \u00c7\u00fcnki R\u0259\u015fad M\u0259cid o diktaturan\u0131n \u00f6z\u00fcl\u00fcd\u00fcr, t\u0259m\u0259lidir, \u0259n sadiq n\u00fcmay\u0259nd\u0259l\u0259rind\u0259ndir. \u0130nsan n\u0259 q\u0259d\u0259r \u0259dal\u0259tsiz ola bil\u0259r ki, \u00f6z fikirl\u0259ri fonunda bu q\u0259d\u0259r \u00e7ar\u0259siz, &#8220;yor\u011fun&#8221;, m\u0259\u011flub, bitkin g\u00f6rs\u0259n\u0259 bilsin. Nec\u0259 ki bu g\u00fcn R\u0259\u015fad M\u0259cid g\u00f6rs\u0259nir&#8221;<\/em>, &#8211; dey\u0259 o qeyd edib.<\/p>\n\n\n\n<p>Emil Rasimo\u011flunun fikirl\u0259ri il\u0259 ba\u011fl\u0131 AYB-d\u0259n m\u00fcnasib\u0259t \u00f6yr\u0259nm\u0259k m\u00fcmk\u00fcn olmay\u0131b.<\/p>\n\n\n\n<p>Noyabr\u0131n 18-d\u0259 sosial \u015f\u0259b\u0259k\u0259l\u0259rd\u0259 AYB-nin bir s\u0131ra \u00fczvl\u0259ri m\u0259nzill\u0259rin verilm\u0259sind\u0259 il\u0259 ba\u011fl\u0131 s\u0259rt ittihamlar s\u0259sl\u0259ndiribl\u0259r.<\/p>\n\n\n\n<p>M\u0259nzill\u0259rin evi olan, yaxud Yaz\u0131\u00e7\u0131lar Birliyinin r\u0259hb\u0259rliyin\u0259 yax\u0131n \u015f\u0259xsl\u0259r\u0259 verilm\u0259sin\u0259 dair ittihamlar ir\u0259li s\u00fcr\u00fcl\u00fcb.<\/p>\n\n\n\n<p>AYB-nin s\u0259dr m\u00fcavini R\u0259\u015fad M\u0259cid Meydan TV-y\u0259 <a href=\"https:\/\/storage.googleapis.com\/qurium\/www.meydan.tv\/az-article-ayb-de-menzil-qalmaqali-sair-ve-yazicilar-etiraz-edirler.html\">deyib<\/a> ki, son q\u0259rar\u0131 s\u0259dr Anar Rzayev ver\u0259c\u0259k.<\/p>\n\n\n\n<p><\/p>\n\n\n\n<p><\/p>\n\n\n\n<p><\/p>\n\n\n\n<p><\/p>\n\n\n\n<p><\/p>\n","protected":false},"excerpt":{"rendered":"<p>&#8220;M\u0259nzil davas\u0131 ed\u0259nl\u0259r ilk n\u00f6vb\u0259d\u0259 yaz\u0131\u00e7\u0131 n\u00fcfuzuna k\u00f6lg\u0259 sal\u0131rlar&#8221; Az\u0259rbaycan &#8230; <\/p>\n<p class=\"read-more-container\"><a title=\"AYB-d\u0259n ev alanlar onlar\u0131 q\u0131nayanlarla ba\u011fl\u0131 b\u0259yanat yayd\u0131lar\" class=\"read-more button\" href=\"https:\/\/www.meydan.tv\/az\/article\/ayb-den-ev-alanlar-onlari-qinayanlarla-bagli-beyanat-yaydilar\/#more-291649\" aria-label=\"Read more about AYB-d\u0259n ev alanlar onlar\u0131 q\u0131nayanlarla ba\u011fl\u0131 b\u0259yanat yayd\u0131lar\">Davam\u0131<\/a><\/p>\n","protected":false},"author":21,"featured_media":148007,"comment_status":"closed","ping_status":"closed","sticky":false,"template":"","format":"standard","meta":{"_acf_changed":false,"_sitemap_exclude":false,"_sitemap_priority":"","_sitemap_frequency":"","footnotes":""},"categories":[52,62,56],"tags":[],"class_list":["post-291649","post","type-post","status-publish","format-standard","has-post-thumbnail","hentry","category-medeniyyet","category-sosial","category-xeberler","infinite-scroll-item","generate-columns","tablet-grid-50","mobile-grid-100","grid-parent","grid-33","no-featured-image-padding"],"acf":[],"yoast_head":"<!-- This site is optimized with the Yoast SEO plugin v27.4 - https:\/\/yoast.com\/product\/yoast-seo-wordpress\/ -->\n<title>AYB-d\u0259n ev alanlar onlar\u0131 q\u0131nayanlarla ba\u011fl\u0131 b\u0259yanat yayd\u0131lar - MEYDAN.TV<\/title>\n<meta name=\"robots\" content=\"index, follow, max-snippet:-1, max-image-preview:large, max-video-preview:-1\" \/>\n<link rel=\"canonical\" href=\"https:\/\/www.meydan.tv\/az\/article\/ayb-den-ev-alanlar-onlari-qinayanlarla-bagli-beyanat-yaydilar\/\" \/>\n<meta property=\"og:locale\" content=\"az_AZ\" \/>\n<meta property=\"og:type\" content=\"article\" \/>\n<meta property=\"og:title\" content=\"AYB-d\u0259n ev alanlar onlar\u0131 q\u0131nayanlarla ba\u011fl\u0131 b\u0259yanat yayd\u0131lar - MEYDAN.TV\" \/>\n<meta property=\"og:description\" content=\"&#8220;M\u0259nzil davas\u0131 ed\u0259nl\u0259r ilk n\u00f6vb\u0259d\u0259 yaz\u0131\u00e7\u0131 n\u00fcfuzuna k\u00f6lg\u0259 sal\u0131rlar&#8221; Az\u0259rbaycan ... Davam\u0131\" \/>\n<meta property=\"og:url\" content=\"https:\/\/www.meydan.tv\/az\/article\/ayb-den-ev-alanlar-onlari-qinayanlarla-bagli-beyanat-yaydilar\/\" \/>\n<meta property=\"og:site_name\" content=\"MEYDAN.TV\" \/>\n<meta property=\"article:published_time\" content=\"2023-11-28T13:35:30+00:00\" \/>\n<meta property=\"article:modified_time\" content=\"2023-11-28T16:52:19+00:00\" \/>\n<meta property=\"og:image\" content=\"https:\/\/www.meydan.tv\/wp-content\/uploads\/143751_4hzixeh7hi.jpg\" \/>\n\t<meta property=\"og:image:width\" content=\"800\" \/>\n\t<meta property=\"og:image:height\" content=\"533\" \/>\n\t<meta property=\"og:image:type\" content=\"image\/jpeg\" \/>\n<meta name=\"author\" content=\"mahmud\" \/>\n<meta name=\"twitter:card\" content=\"summary_large_image\" \/>\n<script type=\"application\/ld+json\" class=\"yoast-schema-graph\">{\"@context\":\"https:\\\/\\\/schema.org\",\"@graph\":[{\"@type\":\"Article\",\"@id\":\"https:\\\/\\\/www.meydan.tv\\\/az\\\/article\\\/ayb-den-ev-alanlar-onlari-qinayanlarla-bagli-beyanat-yaydilar\\\/#article\",\"isPartOf\":{\"@id\":\"https:\\\/\\\/www.meydan.tv\\\/az\\\/article\\\/ayb-den-ev-alanlar-onlari-qinayanlarla-bagli-beyanat-yaydilar\\\/\"},\"author\":{\"name\":\"mahmud\",\"@id\":\"https:\\\/\\\/www.meydan.tv\\\/az\\\/#\\\/schema\\\/person\\\/09863e516102a829e72bedcf3f84c6b0\"},\"headline\":\"AYB-d\u0259n ev alanlar onlar\u0131 q\u0131nayanlarla ba\u011fl\u0131 b\u0259yanat yayd\u0131lar\",\"datePublished\":\"2023-11-28T13:35:30+00:00\",\"dateModified\":\"2023-11-28T16:52:19+00:00\",\"mainEntityOfPage\":{\"@id\":\"https:\\\/\\\/www.meydan.tv\\\/az\\\/article\\\/ayb-den-ev-alanlar-onlari-qinayanlarla-bagli-beyanat-yaydilar\\\/\"},\"wordCount\":887,\"publisher\":{\"@id\":\"https:\\\/\\\/www.meydan.tv\\\/az\\\/#organization\"},\"image\":{\"@id\":\"https:\\\/\\\/www.meydan.tv\\\/az\\\/article\\\/ayb-den-ev-alanlar-onlari-qinayanlarla-bagli-beyanat-yaydilar\\\/#primaryimage\"},\"thumbnailUrl\":\"https:\\\/\\\/www.meydan.tv\\\/wp-content\\\/uploads\\\/143751_4hzixeh7hi.jpg\",\"articleSection\":[\"M\u0259d\u0259niyy\u0259t\",\"Sosial\",\"X\u0259b\u0259rl\u0259r\"],\"inLanguage\":\"az\"},{\"@type\":\"WebPage\",\"@id\":\"https:\\\/\\\/www.meydan.tv\\\/az\\\/article\\\/ayb-den-ev-alanlar-onlari-qinayanlarla-bagli-beyanat-yaydilar\\\/\",\"url\":\"https:\\\/\\\/www.meydan.tv\\\/az\\\/article\\\/ayb-den-ev-alanlar-onlari-qinayanlarla-bagli-beyanat-yaydilar\\\/\",\"name\":\"AYB-d\u0259n ev alanlar onlar\u0131 q\u0131nayanlarla ba\u011fl\u0131 b\u0259yanat yayd\u0131lar - MEYDAN.TV\",\"isPartOf\":{\"@id\":\"https:\\\/\\\/www.meydan.tv\\\/az\\\/#website\"},\"primaryImageOfPage\":{\"@id\":\"https:\\\/\\\/www.meydan.tv\\\/az\\\/article\\\/ayb-den-ev-alanlar-onlari-qinayanlarla-bagli-beyanat-yaydilar\\\/#primaryimage\"},\"image\":{\"@id\":\"https:\\\/\\\/www.meydan.tv\\\/az\\\/article\\\/ayb-den-ev-alanlar-onlari-qinayanlarla-bagli-beyanat-yaydilar\\\/#primaryimage\"},\"thumbnailUrl\":\"https:\\\/\\\/www.meydan.tv\\\/wp-content\\\/uploads\\\/143751_4hzixeh7hi.jpg\",\"datePublished\":\"2023-11-28T13:35:30+00:00\",\"dateModified\":\"2023-11-28T16:52:19+00:00\",\"breadcrumb\":{\"@id\":\"https:\\\/\\\/www.meydan.tv\\\/az\\\/article\\\/ayb-den-ev-alanlar-onlari-qinayanlarla-bagli-beyanat-yaydilar\\\/#breadcrumb\"},\"inLanguage\":\"az\",\"potentialAction\":[{\"@type\":\"ReadAction\",\"target\":[\"https:\\\/\\\/www.meydan.tv\\\/az\\\/article\\\/ayb-den-ev-alanlar-onlari-qinayanlarla-bagli-beyanat-yaydilar\\\/\"]}]},{\"@type\":\"ImageObject\",\"inLanguage\":\"az\",\"@id\":\"https:\\\/\\\/www.meydan.tv\\\/az\\\/article\\\/ayb-den-ev-alanlar-onlari-qinayanlarla-bagli-beyanat-yaydilar\\\/#primaryimage\",\"url\":\"https:\\\/\\\/www.meydan.tv\\\/wp-content\\\/uploads\\\/143751_4hzixeh7hi.jpg\",\"contentUrl\":\"https:\\\/\\\/www.meydan.tv\\\/wp-content\\\/uploads\\\/143751_4hzixeh7hi.jpg\",\"width\":800,\"height\":533,\"caption\":\"Source: google.az\"},{\"@type\":\"BreadcrumbList\",\"@id\":\"https:\\\/\\\/www.meydan.tv\\\/az\\\/article\\\/ayb-den-ev-alanlar-onlari-qinayanlarla-bagli-beyanat-yaydilar\\\/#breadcrumb\",\"itemListElement\":[{\"@type\":\"ListItem\",\"position\":1,\"name\":\"Ana s\u0259hif\u0259\",\"item\":\"https:\\\/\\\/www.meydan.tv\\\/az\\\/\"},{\"@type\":\"ListItem\",\"position\":2,\"name\":\"M\u0259d\u0259niyy\u0259t\",\"item\":\"https:\\\/\\\/www.meydan.tv\\\/az\\\/section\\\/medeniyyet\\\/\"},{\"@type\":\"ListItem\",\"position\":3,\"name\":\"AYB-d\u0259n ev alanlar onlar\u0131 q\u0131nayanlarla ba\u011fl\u0131 b\u0259yanat yayd\u0131lar\"}]},{\"@type\":\"WebSite\",\"@id\":\"https:\\\/\\\/www.meydan.tv\\\/az\\\/#website\",\"url\":\"https:\\\/\\\/www.meydan.tv\\\/az\\\/\",\"name\":\"MEYDAN.TV\",\"description\":\"Meydan TV Az\u0259rbaycan\u0131n media m\u0259kan\u0131ndak\u0131 alternativ s\u0259sidir\",\"publisher\":{\"@id\":\"https:\\\/\\\/www.meydan.tv\\\/az\\\/#organization\"},\"potentialAction\":[{\"@type\":\"SearchAction\",\"target\":{\"@type\":\"EntryPoint\",\"urlTemplate\":\"https:\\\/\\\/www.meydan.tv\\\/az\\\/?s={search_term_string}\"},\"query-input\":{\"@type\":\"PropertyValueSpecification\",\"valueRequired\":true,\"valueName\":\"search_term_string\"}}],\"inLanguage\":\"az\"},{\"@type\":\"Organization\",\"@id\":\"https:\\\/\\\/www.meydan.tv\\\/az\\\/#organization\",\"name\":\"Meydan TV\",\"url\":\"https:\\\/\\\/www.meydan.tv\\\/az\\\/\",\"logo\":{\"@type\":\"ImageObject\",\"inLanguage\":\"az\",\"@id\":\"https:\\\/\\\/www.meydan.tv\\\/az\\\/#\\\/schema\\\/logo\\\/image\\\/\",\"url\":\"https:\\\/\\\/www.meydan.tv\\\/wp-content\\\/uploads\\\/2021\\\/07\\\/meydan-logo.svg\",\"contentUrl\":\"https:\\\/\\\/www.meydan.tv\\\/wp-content\\\/uploads\\\/2021\\\/07\\\/meydan-logo.svg\",\"width\":195,\"height\":46,\"caption\":\"Meydan TV\"},\"image\":{\"@id\":\"https:\\\/\\\/www.meydan.tv\\\/az\\\/#\\\/schema\\\/logo\\\/image\\\/\"}},{\"@type\":\"Person\",\"@id\":\"https:\\\/\\\/www.meydan.tv\\\/az\\\/#\\\/schema\\\/person\\\/09863e516102a829e72bedcf3f84c6b0\",\"name\":\"mahmud\"}]}<\/script>\n<!-- \/ Yoast SEO plugin. -->","yoast_head_json":{"title":"AYB-d\u0259n ev alanlar onlar\u0131 q\u0131nayanlarla ba\u011fl\u0131 b\u0259yanat yayd\u0131lar - MEYDAN.TV","robots":{"index":"index","follow":"follow","max-snippet":"max-snippet:-1","max-image-preview":"max-image-preview:large","max-video-preview":"max-video-preview:-1"},"canonical":"https:\/\/www.meydan.tv\/az\/article\/ayb-den-ev-alanlar-onlari-qinayanlarla-bagli-beyanat-yaydilar\/","og_locale":"az_AZ","og_type":"article","og_title":"AYB-d\u0259n ev alanlar onlar\u0131 q\u0131nayanlarla ba\u011fl\u0131 b\u0259yanat yayd\u0131lar - MEYDAN.TV","og_description":"&#8220;M\u0259nzil davas\u0131 ed\u0259nl\u0259r ilk n\u00f6vb\u0259d\u0259 yaz\u0131\u00e7\u0131 n\u00fcfuzuna k\u00f6lg\u0259 sal\u0131rlar&#8221; Az\u0259rbaycan ... Davam\u0131","og_url":"https:\/\/www.meydan.tv\/az\/article\/ayb-den-ev-alanlar-onlari-qinayanlarla-bagli-beyanat-yaydilar\/","og_site_name":"MEYDAN.TV","article_published_time":"2023-11-28T13:35:30+00:00","article_modified_time":"2023-11-28T16:52:19+00:00","og_image":[{"width":800,"height":533,"url":"https:\/\/www.meydan.tv\/wp-content\/uploads\/143751_4hzixeh7hi.jpg","type":"image\/jpeg"}],"author":"mahmud","twitter_card":"summary_large_image","schema":{"@context":"https:\/\/schema.org","@graph":[{"@type":"Article","@id":"https:\/\/www.meydan.tv\/az\/article\/ayb-den-ev-alanlar-onlari-qinayanlarla-bagli-beyanat-yaydilar\/#article","isPartOf":{"@id":"https:\/\/www.meydan.tv\/az\/article\/ayb-den-ev-alanlar-onlari-qinayanlarla-bagli-beyanat-yaydilar\/"},"author":{"name":"mahmud","@id":"https:\/\/www.meydan.tv\/az\/#\/schema\/person\/09863e516102a829e72bedcf3f84c6b0"},"headline":"AYB-d\u0259n ev alanlar onlar\u0131 q\u0131nayanlarla ba\u011fl\u0131 b\u0259yanat yayd\u0131lar","datePublished":"2023-11-28T13:35:30+00:00","dateModified":"2023-11-28T16:52:19+00:00","mainEntityOfPage":{"@id":"https:\/\/www.meydan.tv\/az\/article\/ayb-den-ev-alanlar-onlari-qinayanlarla-bagli-beyanat-yaydilar\/"},"wordCount":887,"publisher":{"@id":"https:\/\/www.meydan.tv\/az\/#organization"},"image":{"@id":"https:\/\/www.meydan.tv\/az\/article\/ayb-den-ev-alanlar-onlari-qinayanlarla-bagli-beyanat-yaydilar\/#primaryimage"},"thumbnailUrl":"https:\/\/www.meydan.tv\/wp-content\/uploads\/143751_4hzixeh7hi.jpg","articleSection":["M\u0259d\u0259niyy\u0259t","Sosial","X\u0259b\u0259rl\u0259r"],"inLanguage":"az"},{"@type":"WebPage","@id":"https:\/\/www.meydan.tv\/az\/article\/ayb-den-ev-alanlar-onlari-qinayanlarla-bagli-beyanat-yaydilar\/","url":"https:\/\/www.meydan.tv\/az\/article\/ayb-den-ev-alanlar-onlari-qinayanlarla-bagli-beyanat-yaydilar\/","name":"AYB-d\u0259n ev alanlar onlar\u0131 q\u0131nayanlarla ba\u011fl\u0131 b\u0259yanat yayd\u0131lar - MEYDAN.TV","isPartOf":{"@id":"https:\/\/www.meydan.tv\/az\/#website"},"primaryImageOfPage":{"@id":"https:\/\/www.meydan.tv\/az\/article\/ayb-den-ev-alanlar-onlari-qinayanlarla-bagli-beyanat-yaydilar\/#primaryimage"},"image":{"@id":"https:\/\/www.meydan.tv\/az\/article\/ayb-den-ev-alanlar-onlari-qinayanlarla-bagli-beyanat-yaydilar\/#primaryimage"},"thumbnailUrl":"https:\/\/www.meydan.tv\/wp-content\/uploads\/143751_4hzixeh7hi.jpg","datePublished":"2023-11-28T13:35:30+00:00","dateModified":"2023-11-28T16:52:19+00:00","breadcrumb":{"@id":"https:\/\/www.meydan.tv\/az\/article\/ayb-den-ev-alanlar-onlari-qinayanlarla-bagli-beyanat-yaydilar\/#breadcrumb"},"inLanguage":"az","potentialAction":[{"@type":"ReadAction","target":["https:\/\/www.meydan.tv\/az\/article\/ayb-den-ev-alanlar-onlari-qinayanlarla-bagli-beyanat-yaydilar\/"]}]},{"@type":"ImageObject","inLanguage":"az","@id":"https:\/\/www.meydan.tv\/az\/article\/ayb-den-ev-alanlar-onlari-qinayanlarla-bagli-beyanat-yaydilar\/#primaryimage","url":"https:\/\/www.meydan.tv\/wp-content\/uploads\/143751_4hzixeh7hi.jpg","contentUrl":"https:\/\/www.meydan.tv\/wp-content\/uploads\/143751_4hzixeh7hi.jpg","width":800,"height":533,"caption":"Source: google.az"},{"@type":"BreadcrumbList","@id":"https:\/\/www.meydan.tv\/az\/article\/ayb-den-ev-alanlar-onlari-qinayanlarla-bagli-beyanat-yaydilar\/#breadcrumb","itemListElement":[{"@type":"ListItem","position":1,"name":"Ana s\u0259hif\u0259","item":"https:\/\/www.meydan.tv\/az\/"},{"@type":"ListItem","position":2,"name":"M\u0259d\u0259niyy\u0259t","item":"https:\/\/www.meydan.tv\/az\/section\/medeniyyet\/"},{"@type":"ListItem","position":3,"name":"AYB-d\u0259n ev alanlar onlar\u0131 q\u0131nayanlarla ba\u011fl\u0131 b\u0259yanat yayd\u0131lar"}]},{"@type":"WebSite","@id":"https:\/\/www.meydan.tv\/az\/#website","url":"https:\/\/www.meydan.tv\/az\/","name":"MEYDAN.TV","description":"Meydan TV Az\u0259rbaycan\u0131n media m\u0259kan\u0131ndak\u0131 alternativ s\u0259sidir","publisher":{"@id":"https:\/\/www.meydan.tv\/az\/#organization"},"potentialAction":[{"@type":"SearchAction","target":{"@type":"EntryPoint","urlTemplate":"https:\/\/www.meydan.tv\/az\/?s={search_term_string}"},"query-input":{"@type":"PropertyValueSpecification","valueRequired":true,"valueName":"search_term_string"}}],"inLanguage":"az"},{"@type":"Organization","@id":"https:\/\/www.meydan.tv\/az\/#organization","name":"Meydan TV","url":"https:\/\/www.meydan.tv\/az\/","logo":{"@type":"ImageObject","inLanguage":"az","@id":"https:\/\/www.meydan.tv\/az\/#\/schema\/logo\/image\/","url":"https:\/\/www.meydan.tv\/wp-content\/uploads\/2021\/07\/meydan-logo.svg","contentUrl":"https:\/\/www.meydan.tv\/wp-content\/uploads\/2021\/07\/meydan-logo.svg","width":195,"height":46,"caption":"Meydan TV"},"image":{"@id":"https:\/\/www.meydan.tv\/az\/#\/schema\/logo\/image\/"}},{"@type":"Person","@id":"https:\/\/www.meydan.tv\/az\/#\/schema\/person\/09863e516102a829e72bedcf3f84c6b0","name":"mahmud"}]}},"_links":{"self":[{"href":"https:\/\/www.meydan.tv\/az\/wp-json\/wp\/v2\/posts\/291649","targetHints":{"allow":["GET"]}}],"collection":[{"href":"https:\/\/www.meydan.tv\/az\/wp-json\/wp\/v2\/posts"}],"about":[{"href":"https:\/\/www.meydan.tv\/az\/wp-json\/wp\/v2\/types\/post"}],"author":[{"embeddable":true,"href":"https:\/\/www.meydan.tv\/az\/wp-json\/wp\/v2\/users\/21"}],"replies":[{"embeddable":true,"href":"https:\/\/www.meydan.tv\/az\/wp-json\/wp\/v2\/comments?post=291649"}],"version-history":[{"count":4,"href":"https:\/\/www.meydan.tv\/az\/wp-json\/wp\/v2\/posts\/291649\/revisions"}],"predecessor-version":[{"id":291681,"href":"https:\/\/www.meydan.tv\/az\/wp-json\/wp\/v2\/posts\/291649\/revisions\/291681"}],"wp:featuredmedia":[{"embeddable":true,"href":"https:\/\/www.meydan.tv\/az\/wp-json\/wp\/v2\/media\/148007"}],"wp:attachment":[{"href":"https:\/\/www.meydan.tv\/az\/wp-json\/wp\/v2\/media?parent=291649"}],"wp:term":[{"taxonomy":"category","embeddable":true,"href":"https:\/\/www.meydan.tv\/az\/wp-json\/wp\/v2\/categories?post=291649"},{"taxonomy":"post_tag","embeddable":true,"href":"https:\/\/www.meydan.tv\/az\/wp-json\/wp\/v2\/tags?post=291649"}],"curies":[{"name":"wp","href":"https:\/\/api.w.org\/{rel}","templated":true}]}}