{"id":291644,"date":"2023-11-28T16:54:57","date_gmt":"2023-11-28T12:54:57","guid":{"rendered":"https:\/\/www.meydan.tv\/?p=291644"},"modified":"2023-11-28T16:55:25","modified_gmt":"2023-11-28T12:55:25","slug":"kino-agentliyinin-kecirdiyi-film-layiheleri-musabiqesinde-naraziliq","status":"publish","type":"post","link":"https:\/\/www.meydan.tv\/az\/article\/kino-agentliyinin-kecirdiyi-film-layiheleri-musabiqesinde-naraziliq\/","title":{"rendered":"Kino Agentliyinin ke\u00e7irdiyi film layih\u0259l\u0259ri m\u00fcsabiq\u0259sind\u0259 naraz\u0131l\u0131q"},"content":{"rendered":"\n<p><\/p>\n\n\n\n<p><strong><em>Kinot\u0259nqid\u00e7i: \u201cSe\u00e7il\u0259n i\u015fl\u0259rin \u0259ks\u0259riyy\u0259tinin s\u0259viyy\u0259si a\u015fa\u011f\u0131 idi\u201d<\/em><\/strong><\/p>\n\n\n\n<p>Az\u0259rbaycan Respublikas\u0131 Kino Agentliyinin (ARKA) t\u0259\u015fkil etdiyi \u201cFilm layih\u0259l\u0259ri m\u00fcsabiq\u0259si\u201dnin pit\u00e7inq (layih\u0259l\u0259rin m\u00fcdafi\u0259si) m\u0259rh\u0259l\u0259si ke\u00e7irilib.<\/p>\n\n\n\n<p>M\u0259d\u0259niyy\u0259t Nazirliyinin <a href=\"https:\/\/culture.gov.az\/az\/umumi-xeberler\/15402\">m\u0259lumat\u0131na<\/a> g\u00f6r\u0259, d\u00f6vl\u0259t sifari\u015fi, kommersiya, s\u0259n\u0259t filmi istiqam\u0259tind\u0259 1 q\u0131sametrajl\u0131, 3 tammetrajl\u0131 s\u0259n\u0259dli, 2 q\u0131sametrajl\u0131, 4 tammetrajl\u0131 b\u0259dii, 1 q\u0131sametrajl\u0131 animasiya film layih\u0259si olmaqla \u00fcmumilikd\u0259 11 layih\u0259nin, t\u0259l\u0259b\u0259 alt istiqam\u0259ti \u00fczr\u0259 is\u0259 16 t\u0259l\u0259b\u0259 filminin istehsal\u0131na d\u0259st\u0259k g\u00f6st\u0259rilm\u0259si m\u0259qbul hesab edilib.<\/p>\n\n\n\n<p>T\u0259dbird\u0259 m\u00fc\u015fahid\u0259\u00e7i qismind\u0259 \u00e7\u0131x\u0131\u015f ed\u0259n kinot\u0259nqid\u00e7i Hac\u0131 S\u0259f\u0259rov <a href=\"https:\/\/haciseferov.blogspot.com\/2023\/11\/arka-nn-pitcinq-mrhlsind-gorduklrim-v.html?m=1\">deyir<\/a> ki, se\u00e7il\u0259n i\u015fl\u0259rin \u0259ks\u0259riyy\u0259tinin s\u0259viyy\u0259si a\u015fa\u011f\u0131 olub. H\u0259tta \u00f6t\u0259n m\u00fcsabiq\u0259nin pit\u00e7inq m\u0259rh\u0259l\u0259sin\u0259 burax\u0131lmayan d\u00f6rd layih\u0259 bu d\u0259f\u0259 n\u00f6vb\u0259ti m\u0259rh\u0259l\u0259y\u0259 ke\u00e7\u0259 bilib.<br><br>S\u00f6hb\u0259t M\u0259d\u0259niyy\u0259t Nazirliyinin 300 min manatl\u0131q \u201cTammetrajl\u0131 b\u0259dii film layih\u0259l\u0259rin\u0259 d\u0259st\u0259k \u2013 2022\u201d <a href=\"https:\/\/d9mc3ts4czbpr.cloudfront.net\/az\/article\/medeniyyet-nazirliyi-musahibe-qaliblerinin-pulunu-odemeyib\/\">m\u00fcsabiq\u0259sind\u0259n<\/a> gedir.<\/p>\n\n\n\n<p>2022-ci ilin mart\u0131nda m\u00fcsabiq\u0259nin yekunlar\u0131 a\u00e7\u0131qland\u0131 v\u0259 yeddi layih\u0259nin qalib oldu\u011fu bildirildi.<\/p>\n\n\n\n<p>Lakin qalibl\u0259r\u0259 layih\u0259y\u0259 g\u00f6r\u0259 ayr\u0131lan pullar verilm\u0259di.<\/p>\n\n\n\n<p>H\u0259min m\u00fcsabiq\u0259d\u0259 j\u00fcri \u00fczv\u00fc olmu\u015f Hac\u0131 S\u0259f\u0259rov deyir ki, haz\u0131rda ke\u00e7iril\u0259n pit\u00e7inqin a\u015fa\u011f\u0131 s\u0259viyy\u0259d\u0259 olmas\u0131n\u0131n s\u0259b\u0259bkar\u0131 el\u0259 M\u0259d\u0259niyy\u0259t Nazirliyidir:<\/p>\n\n\n\n<p><em>\u201c\u00c7\u00fcnki h\u0259min m\u00fcsabiq\u0259nin qalibl\u0259rin\u0259 \u00f6d\u0259ni\u015fi etm\u0259y\u0259r\u0259k haz\u0131rki layih\u0259nin etibarl\u0131l\u0131\u011f\u0131na x\u0259l\u0259l g\u0259tirirl\u0259r. Rejissorlar haql\u0131 olaraq d\u00fc\u015f\u00fcn\u00fcr ki, \u0259g\u0259r bir d\u0259f\u0259 qazanm\u0131\u015fam v\u0259 m\u00fckafat verilm\u0259yibs\u0259, niy\u0259 yenid\u0259n m\u00fcraci\u0259t edim?\u201d<\/em>.<\/p>\n\n\n\n<p>Hac\u0131 S\u0259f\u0259rov deyir ki, m\u00fcsabiq\u0259d\u0259 daha bir t\u0259\u0259cc\u00fcbl\u00fc m\u0259qam is\u0259 j\u00fcrinin q\u0259bul etm\u0259diyi layih\u0259nin pit\u00e7inq\u0259 d\u00fc\u015fm\u0259si olub:<\/p>\n\n\n\n<p><em>\u201c\u018fn diqq\u0259timi \u00e7\u0259k\u0259n bir layih\u0259nin se\u00e7ilm\u0259sin\u0259 v\u0259 pit\u00e7inq\u0259 burax\u0131lmas\u0131na j\u00fcril\u0259rin \u00f6z\u00fcn\u00fcn d\u0259 t\u0259\u0259cc\u00fcbl\u0259nm\u0259si oldu. \u201cKarvan Production\u201d\u0131n t\u0259qdim etdiyi \u201cQurtulu\u015f\u201d layih\u0259sinin pit\u00e7inqind\u0259 iki j\u00fcri \u201cBiz bu layih\u0259ni buraxmam\u0131\u015fd\u0131q ax\u0131\u201d, &#8211; dedil\u0259r. Bu c\u00fcr anla\u015f\u0131lmazl\u0131qlar\u0131n hans\u0131 s\u0259b\u0259bd\u0259n ba\u015f verdiyi ayd\u0131n olmad\u0131\u201d<\/em>.<\/p>\n\n\n\n<p>Kino t\u0259nqid\u00e7i deyir ki, ba\u015fqa bir diqq\u0259t\u00e7\u0259k\u0259n m\u0259qam is\u0259, \u201cBaku Media M\u0259rk\u0259zi\u201dnin t\u0259qdim etdiyi \u201cBorc\u201d layih\u0259sind\u0259 ba\u015f verib. Ssenari olmad\u0131\u011f\u0131 halda layih\u0259 pit\u00e7inq\u0259 burax\u0131l\u0131b:<\/p>\n\n\n\n<p><em>\u201cLayih\u0259nin t\u0259qdimat\u0131 zaman\u0131 j\u00fcril\u0259r\u0259 ssenari t\u0259qdim olundu. \u018fg\u0259r ssenarisiz pit\u00e7inq\u0259 ke\u00e7m\u0259k m\u00fcmk\u00fcnd\u00fcrs\u0259, onda ARKA t\u0259r\u0259find\u0259n niy\u0259 bel\u0259 bir \u015f\u0259rt qoyulub? El\u0259 h\u0259r k\u0259s q\u0131sa bir sinopsisl\u0259 m\u00fcraci\u0259t etsin, pit\u00e7inq\u0259 se\u00e7il\u0259rs\u0259, ssenari t\u0259qdim etsinl\u0259r. M\u0259nc\u0259, bu \u015f\u0259rtl\u0259ri \u0259lav\u0259 ets\u0259l\u0259r, daha \u015f\u0259ffaf bir proses olar. B\u0259lk\u0259 d\u0259 buna \u0259sas s\u0259b\u0259b, filmin rejissoru Orman \u018fliyevin h\u0259m d\u0259 t\u0259z\u0259likc\u0259 yarad\u0131lan \u201cEkspert \u015euras\u0131\u201dnda da yer almas\u0131d\u0131r\u201d<\/em>.<\/p>\n\n\n\n<p>Layih\u0259nin qalibl\u0259ri noyabr\u0131n 28-d\u0259 a\u00e7\u0131qlanacaq.<\/p>\n\n\n\n<p>M\u00fcsabiq\u0259nin \u00fcmumi fondu 5, 5 milyon manatd\u0131r.<\/p>\n\n\n\n<p>D\u00f6vl\u0259t sifari\u015fi il\u0259 istehsal olunacaq tammetrajl\u0131 v\u0259 ya q\u0131sametrajl\u0131 b\u0259dii, s\u0259n\u0259dli v\u0259 animasiya filml\u0259ri \u00fc\u00e7\u00fcn 2 milyon manat n\u0259z\u0259rd\u0259 tutulub.<\/p>\n\n\n\n<p>Tammetrajl\u0131 v\u0259 ya q\u0131sametrajl\u0131 b\u0259dii, s\u0259n\u0259dli v\u0259 animasiya kommersiya filml\u0259ri \u00fc\u00e7\u00fcn 1 milyon 250 min manat m\u00fc\u0259yy\u0259n edilib.<\/p>\n\n\n\n<p>M\u00fc\u0259llif filml\u0259ri (tammetrajl\u0131 v\u0259 ya q\u0131sametrajl\u0131 b\u0259dii, s\u0259n\u0259dli v\u0259 animasiya filml\u0259ri) layih\u0259l\u0259ri \u00fc\u00e7\u00fcn d\u0259 1 milyon 250 min manat ayr\u0131lacaq.<\/p>\n\n\n\n<p>Deb\u00fct (tammetrajl\u0131 v\u0259 ya q\u0131sametrajl\u0131 b\u0259dii, s\u0259n\u0259dli v\u0259 animasiya filml\u0259ri) v\u0259 t\u0259l\u0259b\u0259 (yaln\u0131z q\u0131sametrajl\u0131 filml\u0259r) layih\u0259l\u0259ri \u00fc\u00e7\u00fcn is\u0259 1 milyon manat veril\u0259c\u0259k.<\/p>\n\n\n\n<p>Kino Agentliyinin yarad\u0131lmas\u0131 il\u0259 ba\u011fl\u0131 s\u0259r\u0259ncam\u0131 Prezident \u0130lham \u018fliyev 2022-ci il aprelin 20-d\u0259 imzalay\u0131b.<\/p>\n","protected":false},"excerpt":{"rendered":"<p>Kinot\u0259nqid\u00e7i: \u201cSe\u00e7il\u0259n i\u015fl\u0259rin \u0259ks\u0259riyy\u0259tinin s\u0259viyy\u0259si a\u015fa\u011f\u0131 idi\u201d Az\u0259rbaycan Respublikas\u0131 Kino &#8230; <\/p>\n<p class=\"read-more-container\"><a title=\"Kino Agentliyinin ke\u00e7irdiyi film layih\u0259l\u0259ri m\u00fcsabiq\u0259sind\u0259 naraz\u0131l\u0131q\" class=\"read-more button\" href=\"https:\/\/www.meydan.tv\/az\/article\/kino-agentliyinin-kecirdiyi-film-layiheleri-musabiqesinde-naraziliq\/#more-291644\" aria-label=\"Read more about Kino Agentliyinin ke\u00e7irdiyi film layih\u0259l\u0259ri m\u00fcsabiq\u0259sind\u0259 naraz\u0131l\u0131q\">Davam\u0131<\/a><\/p>\n","protected":false},"author":21,"featured_media":247331,"comment_status":"closed","ping_status":"closed","sticky":false,"template":"","format":"standard","meta":{"_acf_changed":false,"_sitemap_exclude":false,"_sitemap_priority":"","_sitemap_frequency":"","footnotes":""},"categories":[52,56],"tags":[],"class_list":["post-291644","post","type-post","status-publish","format-standard","has-post-thumbnail","hentry","category-medeniyyet","category-xeberler","infinite-scroll-item","generate-columns","tablet-grid-50","mobile-grid-100","grid-parent","grid-33","no-featured-image-padding"],"acf":[],"yoast_head":"<!-- This site is optimized with the Yoast SEO plugin v27.4 - https:\/\/yoast.com\/product\/yoast-seo-wordpress\/ -->\n<title>Kino Agentliyinin ke\u00e7irdiyi film layih\u0259l\u0259ri m\u00fcsabiq\u0259sind\u0259 naraz\u0131l\u0131q - MEYDAN.TV<\/title>\n<meta name=\"robots\" content=\"index, follow, max-snippet:-1, max-image-preview:large, max-video-preview:-1\" \/>\n<link rel=\"canonical\" href=\"https:\/\/www.meydan.tv\/az\/article\/kino-agentliyinin-kecirdiyi-film-layiheleri-musabiqesinde-naraziliq\/\" \/>\n<meta property=\"og:locale\" content=\"az_AZ\" \/>\n<meta property=\"og:type\" content=\"article\" \/>\n<meta property=\"og:title\" content=\"Kino Agentliyinin ke\u00e7irdiyi film layih\u0259l\u0259ri m\u00fcsabiq\u0259sind\u0259 naraz\u0131l\u0131q - MEYDAN.TV\" \/>\n<meta property=\"og:description\" content=\"Kinot\u0259nqid\u00e7i: \u201cSe\u00e7il\u0259n i\u015fl\u0259rin \u0259ks\u0259riyy\u0259tinin s\u0259viyy\u0259si a\u015fa\u011f\u0131 idi\u201d Az\u0259rbaycan Respublikas\u0131 Kino ... Davam\u0131\" \/>\n<meta property=\"og:url\" content=\"https:\/\/www.meydan.tv\/az\/article\/kino-agentliyinin-kecirdiyi-film-layiheleri-musabiqesinde-naraziliq\/\" \/>\n<meta property=\"og:site_name\" content=\"MEYDAN.TV\" \/>\n<meta property=\"article:published_time\" content=\"2023-11-28T12:54:57+00:00\" \/>\n<meta property=\"article:modified_time\" content=\"2023-11-28T12:55:25+00:00\" \/>\n<meta property=\"og:image\" content=\"https:\/\/www.meydan.tv\/wp-content\/uploads\/kino_budget-scaled-e1668775699603.jpg\" \/>\n\t<meta property=\"og:image:width\" content=\"2560\" \/>\n\t<meta property=\"og:image:height\" content=\"1222\" \/>\n\t<meta property=\"og:image:type\" content=\"image\/jpeg\" \/>\n<meta name=\"author\" content=\"mahmud\" \/>\n<meta name=\"twitter:card\" content=\"summary_large_image\" \/>\n<script type=\"application\/ld+json\" class=\"yoast-schema-graph\">{\"@context\":\"https:\\\/\\\/schema.org\",\"@graph\":[{\"@type\":\"Article\",\"@id\":\"https:\\\/\\\/www.meydan.tv\\\/az\\\/article\\\/kino-agentliyinin-kecirdiyi-film-layiheleri-musabiqesinde-naraziliq\\\/#article\",\"isPartOf\":{\"@id\":\"https:\\\/\\\/www.meydan.tv\\\/az\\\/article\\\/kino-agentliyinin-kecirdiyi-film-layiheleri-musabiqesinde-naraziliq\\\/\"},\"author\":{\"name\":\"mahmud\",\"@id\":\"https:\\\/\\\/www.meydan.tv\\\/az\\\/#\\\/schema\\\/person\\\/09863e516102a829e72bedcf3f84c6b0\"},\"headline\":\"Kino Agentliyinin ke\u00e7irdiyi film layih\u0259l\u0259ri m\u00fcsabiq\u0259sind\u0259 naraz\u0131l\u0131q\",\"datePublished\":\"2023-11-28T12:54:57+00:00\",\"dateModified\":\"2023-11-28T12:55:25+00:00\",\"mainEntityOfPage\":{\"@id\":\"https:\\\/\\\/www.meydan.tv\\\/az\\\/article\\\/kino-agentliyinin-kecirdiyi-film-layiheleri-musabiqesinde-naraziliq\\\/\"},\"wordCount\":737,\"publisher\":{\"@id\":\"https:\\\/\\\/www.meydan.tv\\\/az\\\/#organization\"},\"image\":{\"@id\":\"https:\\\/\\\/www.meydan.tv\\\/az\\\/article\\\/kino-agentliyinin-kecirdiyi-film-layiheleri-musabiqesinde-naraziliq\\\/#primaryimage\"},\"thumbnailUrl\":\"https:\\\/\\\/www.meydan.tv\\\/wp-content\\\/uploads\\\/kino_budget-scaled-e1668775699603.jpg\",\"articleSection\":[\"M\u0259d\u0259niyy\u0259t\",\"X\u0259b\u0259rl\u0259r\"],\"inLanguage\":\"az\"},{\"@type\":\"WebPage\",\"@id\":\"https:\\\/\\\/www.meydan.tv\\\/az\\\/article\\\/kino-agentliyinin-kecirdiyi-film-layiheleri-musabiqesinde-naraziliq\\\/\",\"url\":\"https:\\\/\\\/www.meydan.tv\\\/az\\\/article\\\/kino-agentliyinin-kecirdiyi-film-layiheleri-musabiqesinde-naraziliq\\\/\",\"name\":\"Kino Agentliyinin ke\u00e7irdiyi film layih\u0259l\u0259ri m\u00fcsabiq\u0259sind\u0259 naraz\u0131l\u0131q - MEYDAN.TV\",\"isPartOf\":{\"@id\":\"https:\\\/\\\/www.meydan.tv\\\/az\\\/#website\"},\"primaryImageOfPage\":{\"@id\":\"https:\\\/\\\/www.meydan.tv\\\/az\\\/article\\\/kino-agentliyinin-kecirdiyi-film-layiheleri-musabiqesinde-naraziliq\\\/#primaryimage\"},\"image\":{\"@id\":\"https:\\\/\\\/www.meydan.tv\\\/az\\\/article\\\/kino-agentliyinin-kecirdiyi-film-layiheleri-musabiqesinde-naraziliq\\\/#primaryimage\"},\"thumbnailUrl\":\"https:\\\/\\\/www.meydan.tv\\\/wp-content\\\/uploads\\\/kino_budget-scaled-e1668775699603.jpg\",\"datePublished\":\"2023-11-28T12:54:57+00:00\",\"dateModified\":\"2023-11-28T12:55:25+00:00\",\"breadcrumb\":{\"@id\":\"https:\\\/\\\/www.meydan.tv\\\/az\\\/article\\\/kino-agentliyinin-kecirdiyi-film-layiheleri-musabiqesinde-naraziliq\\\/#breadcrumb\"},\"inLanguage\":\"az\",\"potentialAction\":[{\"@type\":\"ReadAction\",\"target\":[\"https:\\\/\\\/www.meydan.tv\\\/az\\\/article\\\/kino-agentliyinin-kecirdiyi-film-layiheleri-musabiqesinde-naraziliq\\\/\"]}]},{\"@type\":\"ImageObject\",\"inLanguage\":\"az\",\"@id\":\"https:\\\/\\\/www.meydan.tv\\\/az\\\/article\\\/kino-agentliyinin-kecirdiyi-film-layiheleri-musabiqesinde-naraziliq\\\/#primaryimage\",\"url\":\"https:\\\/\\\/www.meydan.tv\\\/wp-content\\\/uploads\\\/kino_budget-scaled-e1668775699603.jpg\",\"contentUrl\":\"https:\\\/\\\/www.meydan.tv\\\/wp-content\\\/uploads\\\/kino_budget-scaled-e1668775699603.jpg\",\"width\":2560,\"height\":1222,\"caption\":\"Illustration: Meydan TV.\"},{\"@type\":\"BreadcrumbList\",\"@id\":\"https:\\\/\\\/www.meydan.tv\\\/az\\\/article\\\/kino-agentliyinin-kecirdiyi-film-layiheleri-musabiqesinde-naraziliq\\\/#breadcrumb\",\"itemListElement\":[{\"@type\":\"ListItem\",\"position\":1,\"name\":\"Ana s\u0259hif\u0259\",\"item\":\"https:\\\/\\\/www.meydan.tv\\\/az\\\/\"},{\"@type\":\"ListItem\",\"position\":2,\"name\":\"M\u0259d\u0259niyy\u0259t\",\"item\":\"https:\\\/\\\/www.meydan.tv\\\/az\\\/section\\\/medeniyyet\\\/\"},{\"@type\":\"ListItem\",\"position\":3,\"name\":\"Kino Agentliyinin ke\u00e7irdiyi film layih\u0259l\u0259ri m\u00fcsabiq\u0259sind\u0259 naraz\u0131l\u0131q\"}]},{\"@type\":\"WebSite\",\"@id\":\"https:\\\/\\\/www.meydan.tv\\\/az\\\/#website\",\"url\":\"https:\\\/\\\/www.meydan.tv\\\/az\\\/\",\"name\":\"MEYDAN.TV\",\"description\":\"Meydan TV Az\u0259rbaycan\u0131n media m\u0259kan\u0131ndak\u0131 alternativ s\u0259sidir\",\"publisher\":{\"@id\":\"https:\\\/\\\/www.meydan.tv\\\/az\\\/#organization\"},\"potentialAction\":[{\"@type\":\"SearchAction\",\"target\":{\"@type\":\"EntryPoint\",\"urlTemplate\":\"https:\\\/\\\/www.meydan.tv\\\/az\\\/?s={search_term_string}\"},\"query-input\":{\"@type\":\"PropertyValueSpecification\",\"valueRequired\":true,\"valueName\":\"search_term_string\"}}],\"inLanguage\":\"az\"},{\"@type\":\"Organization\",\"@id\":\"https:\\\/\\\/www.meydan.tv\\\/az\\\/#organization\",\"name\":\"Meydan TV\",\"url\":\"https:\\\/\\\/www.meydan.tv\\\/az\\\/\",\"logo\":{\"@type\":\"ImageObject\",\"inLanguage\":\"az\",\"@id\":\"https:\\\/\\\/www.meydan.tv\\\/az\\\/#\\\/schema\\\/logo\\\/image\\\/\",\"url\":\"https:\\\/\\\/www.meydan.tv\\\/wp-content\\\/uploads\\\/2021\\\/07\\\/meydan-logo.svg\",\"contentUrl\":\"https:\\\/\\\/www.meydan.tv\\\/wp-content\\\/uploads\\\/2021\\\/07\\\/meydan-logo.svg\",\"width\":195,\"height\":46,\"caption\":\"Meydan TV\"},\"image\":{\"@id\":\"https:\\\/\\\/www.meydan.tv\\\/az\\\/#\\\/schema\\\/logo\\\/image\\\/\"}},{\"@type\":\"Person\",\"@id\":\"https:\\\/\\\/www.meydan.tv\\\/az\\\/#\\\/schema\\\/person\\\/09863e516102a829e72bedcf3f84c6b0\",\"name\":\"mahmud\"}]}<\/script>\n<!-- \/ Yoast SEO plugin. -->","yoast_head_json":{"title":"Kino Agentliyinin ke\u00e7irdiyi film layih\u0259l\u0259ri m\u00fcsabiq\u0259sind\u0259 naraz\u0131l\u0131q - MEYDAN.TV","robots":{"index":"index","follow":"follow","max-snippet":"max-snippet:-1","max-image-preview":"max-image-preview:large","max-video-preview":"max-video-preview:-1"},"canonical":"https:\/\/www.meydan.tv\/az\/article\/kino-agentliyinin-kecirdiyi-film-layiheleri-musabiqesinde-naraziliq\/","og_locale":"az_AZ","og_type":"article","og_title":"Kino Agentliyinin ke\u00e7irdiyi film layih\u0259l\u0259ri m\u00fcsabiq\u0259sind\u0259 naraz\u0131l\u0131q - MEYDAN.TV","og_description":"Kinot\u0259nqid\u00e7i: \u201cSe\u00e7il\u0259n i\u015fl\u0259rin \u0259ks\u0259riyy\u0259tinin s\u0259viyy\u0259si a\u015fa\u011f\u0131 idi\u201d Az\u0259rbaycan Respublikas\u0131 Kino ... Davam\u0131","og_url":"https:\/\/www.meydan.tv\/az\/article\/kino-agentliyinin-kecirdiyi-film-layiheleri-musabiqesinde-naraziliq\/","og_site_name":"MEYDAN.TV","article_published_time":"2023-11-28T12:54:57+00:00","article_modified_time":"2023-11-28T12:55:25+00:00","og_image":[{"width":2560,"height":1222,"url":"https:\/\/www.meydan.tv\/wp-content\/uploads\/kino_budget-scaled-e1668775699603.jpg","type":"image\/jpeg"}],"author":"mahmud","twitter_card":"summary_large_image","schema":{"@context":"https:\/\/schema.org","@graph":[{"@type":"Article","@id":"https:\/\/www.meydan.tv\/az\/article\/kino-agentliyinin-kecirdiyi-film-layiheleri-musabiqesinde-naraziliq\/#article","isPartOf":{"@id":"https:\/\/www.meydan.tv\/az\/article\/kino-agentliyinin-kecirdiyi-film-layiheleri-musabiqesinde-naraziliq\/"},"author":{"name":"mahmud","@id":"https:\/\/www.meydan.tv\/az\/#\/schema\/person\/09863e516102a829e72bedcf3f84c6b0"},"headline":"Kino Agentliyinin ke\u00e7irdiyi film layih\u0259l\u0259ri m\u00fcsabiq\u0259sind\u0259 naraz\u0131l\u0131q","datePublished":"2023-11-28T12:54:57+00:00","dateModified":"2023-11-28T12:55:25+00:00","mainEntityOfPage":{"@id":"https:\/\/www.meydan.tv\/az\/article\/kino-agentliyinin-kecirdiyi-film-layiheleri-musabiqesinde-naraziliq\/"},"wordCount":737,"publisher":{"@id":"https:\/\/www.meydan.tv\/az\/#organization"},"image":{"@id":"https:\/\/www.meydan.tv\/az\/article\/kino-agentliyinin-kecirdiyi-film-layiheleri-musabiqesinde-naraziliq\/#primaryimage"},"thumbnailUrl":"https:\/\/www.meydan.tv\/wp-content\/uploads\/kino_budget-scaled-e1668775699603.jpg","articleSection":["M\u0259d\u0259niyy\u0259t","X\u0259b\u0259rl\u0259r"],"inLanguage":"az"},{"@type":"WebPage","@id":"https:\/\/www.meydan.tv\/az\/article\/kino-agentliyinin-kecirdiyi-film-layiheleri-musabiqesinde-naraziliq\/","url":"https:\/\/www.meydan.tv\/az\/article\/kino-agentliyinin-kecirdiyi-film-layiheleri-musabiqesinde-naraziliq\/","name":"Kino Agentliyinin ke\u00e7irdiyi film layih\u0259l\u0259ri m\u00fcsabiq\u0259sind\u0259 naraz\u0131l\u0131q - MEYDAN.TV","isPartOf":{"@id":"https:\/\/www.meydan.tv\/az\/#website"},"primaryImageOfPage":{"@id":"https:\/\/www.meydan.tv\/az\/article\/kino-agentliyinin-kecirdiyi-film-layiheleri-musabiqesinde-naraziliq\/#primaryimage"},"image":{"@id":"https:\/\/www.meydan.tv\/az\/article\/kino-agentliyinin-kecirdiyi-film-layiheleri-musabiqesinde-naraziliq\/#primaryimage"},"thumbnailUrl":"https:\/\/www.meydan.tv\/wp-content\/uploads\/kino_budget-scaled-e1668775699603.jpg","datePublished":"2023-11-28T12:54:57+00:00","dateModified":"2023-11-28T12:55:25+00:00","breadcrumb":{"@id":"https:\/\/www.meydan.tv\/az\/article\/kino-agentliyinin-kecirdiyi-film-layiheleri-musabiqesinde-naraziliq\/#breadcrumb"},"inLanguage":"az","potentialAction":[{"@type":"ReadAction","target":["https:\/\/www.meydan.tv\/az\/article\/kino-agentliyinin-kecirdiyi-film-layiheleri-musabiqesinde-naraziliq\/"]}]},{"@type":"ImageObject","inLanguage":"az","@id":"https:\/\/www.meydan.tv\/az\/article\/kino-agentliyinin-kecirdiyi-film-layiheleri-musabiqesinde-naraziliq\/#primaryimage","url":"https:\/\/www.meydan.tv\/wp-content\/uploads\/kino_budget-scaled-e1668775699603.jpg","contentUrl":"https:\/\/www.meydan.tv\/wp-content\/uploads\/kino_budget-scaled-e1668775699603.jpg","width":2560,"height":1222,"caption":"Illustration: Meydan TV."},{"@type":"BreadcrumbList","@id":"https:\/\/www.meydan.tv\/az\/article\/kino-agentliyinin-kecirdiyi-film-layiheleri-musabiqesinde-naraziliq\/#breadcrumb","itemListElement":[{"@type":"ListItem","position":1,"name":"Ana s\u0259hif\u0259","item":"https:\/\/www.meydan.tv\/az\/"},{"@type":"ListItem","position":2,"name":"M\u0259d\u0259niyy\u0259t","item":"https:\/\/www.meydan.tv\/az\/section\/medeniyyet\/"},{"@type":"ListItem","position":3,"name":"Kino Agentliyinin ke\u00e7irdiyi film layih\u0259l\u0259ri m\u00fcsabiq\u0259sind\u0259 naraz\u0131l\u0131q"}]},{"@type":"WebSite","@id":"https:\/\/www.meydan.tv\/az\/#website","url":"https:\/\/www.meydan.tv\/az\/","name":"MEYDAN.TV","description":"Meydan TV Az\u0259rbaycan\u0131n media m\u0259kan\u0131ndak\u0131 alternativ s\u0259sidir","publisher":{"@id":"https:\/\/www.meydan.tv\/az\/#organization"},"potentialAction":[{"@type":"SearchAction","target":{"@type":"EntryPoint","urlTemplate":"https:\/\/www.meydan.tv\/az\/?s={search_term_string}"},"query-input":{"@type":"PropertyValueSpecification","valueRequired":true,"valueName":"search_term_string"}}],"inLanguage":"az"},{"@type":"Organization","@id":"https:\/\/www.meydan.tv\/az\/#organization","name":"Meydan TV","url":"https:\/\/www.meydan.tv\/az\/","logo":{"@type":"ImageObject","inLanguage":"az","@id":"https:\/\/www.meydan.tv\/az\/#\/schema\/logo\/image\/","url":"https:\/\/www.meydan.tv\/wp-content\/uploads\/2021\/07\/meydan-logo.svg","contentUrl":"https:\/\/www.meydan.tv\/wp-content\/uploads\/2021\/07\/meydan-logo.svg","width":195,"height":46,"caption":"Meydan TV"},"image":{"@id":"https:\/\/www.meydan.tv\/az\/#\/schema\/logo\/image\/"}},{"@type":"Person","@id":"https:\/\/www.meydan.tv\/az\/#\/schema\/person\/09863e516102a829e72bedcf3f84c6b0","name":"mahmud"}]}},"_links":{"self":[{"href":"https:\/\/www.meydan.tv\/az\/wp-json\/wp\/v2\/posts\/291644","targetHints":{"allow":["GET"]}}],"collection":[{"href":"https:\/\/www.meydan.tv\/az\/wp-json\/wp\/v2\/posts"}],"about":[{"href":"https:\/\/www.meydan.tv\/az\/wp-json\/wp\/v2\/types\/post"}],"author":[{"embeddable":true,"href":"https:\/\/www.meydan.tv\/az\/wp-json\/wp\/v2\/users\/21"}],"replies":[{"embeddable":true,"href":"https:\/\/www.meydan.tv\/az\/wp-json\/wp\/v2\/comments?post=291644"}],"version-history":[{"count":1,"href":"https:\/\/www.meydan.tv\/az\/wp-json\/wp\/v2\/posts\/291644\/revisions"}],"predecessor-version":[{"id":291645,"href":"https:\/\/www.meydan.tv\/az\/wp-json\/wp\/v2\/posts\/291644\/revisions\/291645"}],"wp:featuredmedia":[{"embeddable":true,"href":"https:\/\/www.meydan.tv\/az\/wp-json\/wp\/v2\/media\/247331"}],"wp:attachment":[{"href":"https:\/\/www.meydan.tv\/az\/wp-json\/wp\/v2\/media?parent=291644"}],"wp:term":[{"taxonomy":"category","embeddable":true,"href":"https:\/\/www.meydan.tv\/az\/wp-json\/wp\/v2\/categories?post=291644"},{"taxonomy":"post_tag","embeddable":true,"href":"https:\/\/www.meydan.tv\/az\/wp-json\/wp\/v2\/tags?post=291644"}],"curies":[{"name":"wp","href":"https:\/\/api.w.org\/{rel}","templated":true}]}}