{"id":291607,"date":"2023-11-28T11:46:08","date_gmt":"2023-11-28T07:46:08","guid":{"rendered":"https:\/\/www.meydan.tv\/?p=291607"},"modified":"2023-11-28T11:46:12","modified_gmt":"2023-11-28T07:46:12","slug":"sagirdi-doymekde-ittiham-olunan-tehsil-idaresinin-mudiri-isden-cixib","status":"publish","type":"post","link":"https:\/\/www.meydan.tv\/az\/article\/sagirdi-doymekde-ittiham-olunan-tehsil-idaresinin-mudiri-isden-cixib\/","title":{"rendered":"\u015eagirdi d\u00f6ym\u0259kd\u0259 ittiham olunan t\u0259hsil idar\u0259sinin m\u00fcdiri i\u015fd\u0259n \u00e7\u0131x\u0131b"},"content":{"rendered":"\n<p><strong><em>M\u0259kt\u0259blinin valideynl\u0259ri Xa\u00e7maz Rayon Polis \u015e\u00f6b\u0259sin\u0259 m\u00fcraci\u0259t edibl\u0259r<\/em><\/strong><\/p>\n\n\n\n<p>Quba-Xa\u00e7maz Regional T\u0259hsil \u0130dar\u0259sinin m\u00fcdiri, yoxlamaya getdiyi m\u0259kt\u0259bd\u0259 9-cu sinif \u015fagirdini d\u00f6ym\u0259kd\u0259 ittiham olunan R\u00fcf\u0259t Hac\u0131yev v\u0259zif\u0259sind\u0259n \u00e7\u0131x\u0131b.<\/p>\n\n\n\n<p>R\u00fcf\u0259t Hac\u0131yevin Xa\u00e7maz \u015f\u0259h\u0259r 4 sayl\u0131 tam orta m\u0259kt\u0259b\u0259 yoxlamaya getdiyi, \u015fagirdin sinifd\u0259 davran\u0131\u015f\u0131ndan xo\u015fu g\u0259lm\u0259diyi \u00fc\u00e7\u00fcn d\u00f6yd\u00fcy\u00fc iddia olunur. Valideynl\u0259rd\u0259n biri deyib ki, u\u015faq fiziki q\u00fcsurludur, bunu direktordan tutmu\u015f valideynl\u0259r\u0259d\u0259k ham\u0131 bilir. U\u015fa\u011f\u0131n sinifd\u0259 s\u0259s-k\u00fcy salmas\u0131n\u0131n s\u0259b\u0259bi d\u0259 m\u0259hz budur. Hac\u0131yev \u015fagirdi dig\u0259rl\u0259rinin g\u00f6z\u00fc qar\u015f\u0131s\u0131nda d\u00f6y\u00fcb. <\/p>\n\n\n\n<p>M\u0259kt\u0259blinin valideynl\u0259ri Xa\u00e7maz Rayon Polis \u015e\u00f6b\u0259sin\u0259 m\u00fcraci\u0259t edibl\u0259r.<\/p>\n\n\n\n<p>Daxili \u0130\u015fl\u0259r Nazirliyinin M\u0259tbuat Xidm\u0259tinin regional qrupundan bildirilib ki, hadis\u0259 il\u0259 ba\u011fl\u0131 m\u00fcraci\u0259t daxil olub. Haz\u0131rda m\u00fcvafiq ara\u015fd\u0131rma apar\u0131l\u0131r.<\/p>\n\n\n\n<p>R\u00fcf\u0259t Hac\u0131yev \u201cReport\u201dun regional qrupuna i\u015fd\u0259n \u00e7\u0131xd\u0131\u011f\u0131n\u0131<a href=\"https:\/\/report.az\/elm-ve-tehsil-xeberleri\/quba-xacmaz-regional-tehsil-idaresinin-mudiri-isden-cixib\/\/\"> t\u0259sdiql\u0259yib<\/a>:<\/p>\n\n\n\n<p><em>\u201cBu g\u00fcn v\u0259zif\u0259md\u0259n ayr\u0131l\u0131ram, lakin b\u00fct\u00fcn v\u00fccudumla sizl\u0259 birg\u0259 nazirliyimizin t\u0259hsil siyas\u0259tini d\u0259st\u0259kl\u0259m\u0259kd\u0259 davam ed\u0259c\u0259y\u0259m&#8221;<\/em>.<\/p>\n\n\n\n<p>Lakin o i\u015fd\u0259n t\u0259zyiql\u0259 v\u0259 ya \u00f6z ist\u0259yi il\u0259 \u00e7\u0131xd\u0131\u011f\u0131n\u0131 dem\u0259yib.<\/p>\n","protected":false},"excerpt":{"rendered":"<p>M\u0259kt\u0259blinin valideynl\u0259ri Xa\u00e7maz Rayon Polis \u015e\u00f6b\u0259sin\u0259 m\u00fcraci\u0259t edibl\u0259r Quba-Xa\u00e7maz Regional &#8230; <\/p>\n<p class=\"read-more-container\"><a title=\"\u015eagirdi d\u00f6ym\u0259kd\u0259 ittiham olunan t\u0259hsil idar\u0259sinin m\u00fcdiri i\u015fd\u0259n \u00e7\u0131x\u0131b\" class=\"read-more button\" href=\"https:\/\/www.meydan.tv\/az\/article\/sagirdi-doymekde-ittiham-olunan-tehsil-idaresinin-mudiri-isden-cixib\/#more-291607\" aria-label=\"Read more about \u015eagirdi d\u00f6ym\u0259kd\u0259 ittiham olunan t\u0259hsil idar\u0259sinin m\u00fcdiri i\u015fd\u0259n \u00e7\u0131x\u0131b\">Davam\u0131<\/a><\/p>\n","protected":false},"author":21,"featured_media":121530,"comment_status":"closed","ping_status":"closed","sticky":false,"template":"","format":"standard","meta":{"_acf_changed":false,"_sitemap_exclude":false,"_sitemap_priority":"","_sitemap_frequency":"","footnotes":""},"categories":[62,56],"tags":[],"class_list":["post-291607","post","type-post","status-publish","format-standard","has-post-thumbnail","hentry","category-sosial","category-xeberler","infinite-scroll-item","generate-columns","tablet-grid-50","mobile-grid-100","grid-parent","grid-33","no-featured-image-padding"],"acf":[],"yoast_head":"<!-- This site is optimized with the Yoast SEO plugin v27.5 - https:\/\/yoast.com\/product\/yoast-seo-wordpress\/ -->\n<title>\u015eagirdi d\u00f6ym\u0259kd\u0259 ittiham olunan t\u0259hsil idar\u0259sinin m\u00fcdiri i\u015fd\u0259n \u00e7\u0131x\u0131b - MEYDAN.TV<\/title>\n<meta name=\"robots\" content=\"index, follow, max-snippet:-1, max-image-preview:large, max-video-preview:-1\" \/>\n<link rel=\"canonical\" href=\"https:\/\/www.meydan.tv\/az\/article\/sagirdi-doymekde-ittiham-olunan-tehsil-idaresinin-mudiri-isden-cixib\/\" \/>\n<meta property=\"og:locale\" content=\"az_AZ\" \/>\n<meta property=\"og:type\" content=\"article\" \/>\n<meta property=\"og:title\" content=\"\u015eagirdi d\u00f6ym\u0259kd\u0259 ittiham olunan t\u0259hsil idar\u0259sinin m\u00fcdiri i\u015fd\u0259n \u00e7\u0131x\u0131b - MEYDAN.TV\" \/>\n<meta property=\"og:description\" content=\"M\u0259kt\u0259blinin valideynl\u0259ri Xa\u00e7maz Rayon Polis \u015e\u00f6b\u0259sin\u0259 m\u00fcraci\u0259t edibl\u0259r Quba-Xa\u00e7maz Regional ... Davam\u0131\" \/>\n<meta property=\"og:url\" content=\"https:\/\/www.meydan.tv\/az\/article\/sagirdi-doymekde-ittiham-olunan-tehsil-idaresinin-mudiri-isden-cixib\/\" \/>\n<meta property=\"og:site_name\" content=\"MEYDAN.TV\" \/>\n<meta property=\"article:published_time\" content=\"2023-11-28T07:46:08+00:00\" \/>\n<meta property=\"article:modified_time\" content=\"2023-11-28T07:46:12+00:00\" \/>\n<meta property=\"og:image\" content=\"https:\/\/www.meydan.tv\/wp-content\/uploads\/mktb.jpg\" \/>\n\t<meta property=\"og:image:width\" content=\"1000\" \/>\n\t<meta property=\"og:image:height\" content=\"697\" \/>\n\t<meta property=\"og:image:type\" content=\"image\/jpeg\" \/>\n<meta name=\"author\" content=\"mahmud\" \/>\n<meta name=\"twitter:card\" content=\"summary_large_image\" \/>\n<script type=\"application\/ld+json\" class=\"yoast-schema-graph\">{\"@context\":\"https:\\\/\\\/schema.org\",\"@graph\":[{\"@type\":\"Article\",\"@id\":\"https:\\\/\\\/www.meydan.tv\\\/az\\\/article\\\/sagirdi-doymekde-ittiham-olunan-tehsil-idaresinin-mudiri-isden-cixib\\\/#article\",\"isPartOf\":{\"@id\":\"https:\\\/\\\/www.meydan.tv\\\/az\\\/article\\\/sagirdi-doymekde-ittiham-olunan-tehsil-idaresinin-mudiri-isden-cixib\\\/\"},\"author\":{\"name\":\"mahmud\",\"@id\":\"https:\\\/\\\/www.meydan.tv\\\/az\\\/#\\\/schema\\\/person\\\/09863e516102a829e72bedcf3f84c6b0\"},\"headline\":\"\u015eagirdi d\u00f6ym\u0259kd\u0259 ittiham olunan t\u0259hsil idar\u0259sinin m\u00fcdiri i\u015fd\u0259n \u00e7\u0131x\u0131b\",\"datePublished\":\"2023-11-28T07:46:08+00:00\",\"dateModified\":\"2023-11-28T07:46:12+00:00\",\"mainEntityOfPage\":{\"@id\":\"https:\\\/\\\/www.meydan.tv\\\/az\\\/article\\\/sagirdi-doymekde-ittiham-olunan-tehsil-idaresinin-mudiri-isden-cixib\\\/\"},\"wordCount\":263,\"publisher\":{\"@id\":\"https:\\\/\\\/www.meydan.tv\\\/az\\\/#organization\"},\"image\":{\"@id\":\"https:\\\/\\\/www.meydan.tv\\\/az\\\/article\\\/sagirdi-doymekde-ittiham-olunan-tehsil-idaresinin-mudiri-isden-cixib\\\/#primaryimage\"},\"thumbnailUrl\":\"https:\\\/\\\/www.meydan.tv\\\/wp-content\\\/uploads\\\/mktb.jpg\",\"articleSection\":[\"Sosial\",\"X\u0259b\u0259rl\u0259r\"],\"inLanguage\":\"az\"},{\"@type\":\"WebPage\",\"@id\":\"https:\\\/\\\/www.meydan.tv\\\/az\\\/article\\\/sagirdi-doymekde-ittiham-olunan-tehsil-idaresinin-mudiri-isden-cixib\\\/\",\"url\":\"https:\\\/\\\/www.meydan.tv\\\/az\\\/article\\\/sagirdi-doymekde-ittiham-olunan-tehsil-idaresinin-mudiri-isden-cixib\\\/\",\"name\":\"\u015eagirdi d\u00f6ym\u0259kd\u0259 ittiham olunan t\u0259hsil idar\u0259sinin m\u00fcdiri i\u015fd\u0259n \u00e7\u0131x\u0131b - MEYDAN.TV\",\"isPartOf\":{\"@id\":\"https:\\\/\\\/www.meydan.tv\\\/az\\\/#website\"},\"primaryImageOfPage\":{\"@id\":\"https:\\\/\\\/www.meydan.tv\\\/az\\\/article\\\/sagirdi-doymekde-ittiham-olunan-tehsil-idaresinin-mudiri-isden-cixib\\\/#primaryimage\"},\"image\":{\"@id\":\"https:\\\/\\\/www.meydan.tv\\\/az\\\/article\\\/sagirdi-doymekde-ittiham-olunan-tehsil-idaresinin-mudiri-isden-cixib\\\/#primaryimage\"},\"thumbnailUrl\":\"https:\\\/\\\/www.meydan.tv\\\/wp-content\\\/uploads\\\/mktb.jpg\",\"datePublished\":\"2023-11-28T07:46:08+00:00\",\"dateModified\":\"2023-11-28T07:46:12+00:00\",\"breadcrumb\":{\"@id\":\"https:\\\/\\\/www.meydan.tv\\\/az\\\/article\\\/sagirdi-doymekde-ittiham-olunan-tehsil-idaresinin-mudiri-isden-cixib\\\/#breadcrumb\"},\"inLanguage\":\"az\",\"potentialAction\":[{\"@type\":\"ReadAction\",\"target\":[\"https:\\\/\\\/www.meydan.tv\\\/az\\\/article\\\/sagirdi-doymekde-ittiham-olunan-tehsil-idaresinin-mudiri-isden-cixib\\\/\"]}]},{\"@type\":\"ImageObject\",\"inLanguage\":\"az\",\"@id\":\"https:\\\/\\\/www.meydan.tv\\\/az\\\/article\\\/sagirdi-doymekde-ittiham-olunan-tehsil-idaresinin-mudiri-isden-cixib\\\/#primaryimage\",\"url\":\"https:\\\/\\\/www.meydan.tv\\\/wp-content\\\/uploads\\\/mktb.jpg\",\"contentUrl\":\"https:\\\/\\\/www.meydan.tv\\\/wp-content\\\/uploads\\\/mktb.jpg\",\"width\":1000,\"height\":697,\"caption\":\"\u015e\u0259rti \u015f\u0259kil. Foto: arxiv\"},{\"@type\":\"BreadcrumbList\",\"@id\":\"https:\\\/\\\/www.meydan.tv\\\/az\\\/article\\\/sagirdi-doymekde-ittiham-olunan-tehsil-idaresinin-mudiri-isden-cixib\\\/#breadcrumb\",\"itemListElement\":[{\"@type\":\"ListItem\",\"position\":1,\"name\":\"Ana s\u0259hif\u0259\",\"item\":\"https:\\\/\\\/www.meydan.tv\\\/az\\\/\"},{\"@type\":\"ListItem\",\"position\":2,\"name\":\"Sosial\",\"item\":\"https:\\\/\\\/www.meydan.tv\\\/az\\\/section\\\/sosial\\\/\"},{\"@type\":\"ListItem\",\"position\":3,\"name\":\"\u015eagirdi d\u00f6ym\u0259kd\u0259 ittiham olunan t\u0259hsil idar\u0259sinin m\u00fcdiri i\u015fd\u0259n \u00e7\u0131x\u0131b\"}]},{\"@type\":\"WebSite\",\"@id\":\"https:\\\/\\\/www.meydan.tv\\\/az\\\/#website\",\"url\":\"https:\\\/\\\/www.meydan.tv\\\/az\\\/\",\"name\":\"MEYDAN.TV\",\"description\":\"Meydan TV Az\u0259rbaycan\u0131n media m\u0259kan\u0131ndak\u0131 alternativ s\u0259sidir\",\"publisher\":{\"@id\":\"https:\\\/\\\/www.meydan.tv\\\/az\\\/#organization\"},\"potentialAction\":[{\"@type\":\"SearchAction\",\"target\":{\"@type\":\"EntryPoint\",\"urlTemplate\":\"https:\\\/\\\/www.meydan.tv\\\/az\\\/?s={search_term_string}\"},\"query-input\":{\"@type\":\"PropertyValueSpecification\",\"valueRequired\":true,\"valueName\":\"search_term_string\"}}],\"inLanguage\":\"az\"},{\"@type\":\"Organization\",\"@id\":\"https:\\\/\\\/www.meydan.tv\\\/az\\\/#organization\",\"name\":\"Meydan TV\",\"url\":\"https:\\\/\\\/www.meydan.tv\\\/az\\\/\",\"logo\":{\"@type\":\"ImageObject\",\"inLanguage\":\"az\",\"@id\":\"https:\\\/\\\/www.meydan.tv\\\/az\\\/#\\\/schema\\\/logo\\\/image\\\/\",\"url\":\"https:\\\/\\\/www.meydan.tv\\\/wp-content\\\/uploads\\\/2021\\\/07\\\/meydan-logo.svg\",\"contentUrl\":\"https:\\\/\\\/www.meydan.tv\\\/wp-content\\\/uploads\\\/2021\\\/07\\\/meydan-logo.svg\",\"width\":195,\"height\":46,\"caption\":\"Meydan TV\"},\"image\":{\"@id\":\"https:\\\/\\\/www.meydan.tv\\\/az\\\/#\\\/schema\\\/logo\\\/image\\\/\"}},{\"@type\":\"Person\",\"@id\":\"https:\\\/\\\/www.meydan.tv\\\/az\\\/#\\\/schema\\\/person\\\/09863e516102a829e72bedcf3f84c6b0\",\"name\":\"mahmud\"}]}<\/script>\n<!-- \/ Yoast SEO plugin. -->","yoast_head_json":{"title":"\u015eagirdi d\u00f6ym\u0259kd\u0259 ittiham olunan t\u0259hsil idar\u0259sinin m\u00fcdiri i\u015fd\u0259n \u00e7\u0131x\u0131b - MEYDAN.TV","robots":{"index":"index","follow":"follow","max-snippet":"max-snippet:-1","max-image-preview":"max-image-preview:large","max-video-preview":"max-video-preview:-1"},"canonical":"https:\/\/www.meydan.tv\/az\/article\/sagirdi-doymekde-ittiham-olunan-tehsil-idaresinin-mudiri-isden-cixib\/","og_locale":"az_AZ","og_type":"article","og_title":"\u015eagirdi d\u00f6ym\u0259kd\u0259 ittiham olunan t\u0259hsil idar\u0259sinin m\u00fcdiri i\u015fd\u0259n \u00e7\u0131x\u0131b - MEYDAN.TV","og_description":"M\u0259kt\u0259blinin valideynl\u0259ri Xa\u00e7maz Rayon Polis \u015e\u00f6b\u0259sin\u0259 m\u00fcraci\u0259t edibl\u0259r Quba-Xa\u00e7maz Regional ... Davam\u0131","og_url":"https:\/\/www.meydan.tv\/az\/article\/sagirdi-doymekde-ittiham-olunan-tehsil-idaresinin-mudiri-isden-cixib\/","og_site_name":"MEYDAN.TV","article_published_time":"2023-11-28T07:46:08+00:00","article_modified_time":"2023-11-28T07:46:12+00:00","og_image":[{"width":1000,"height":697,"url":"https:\/\/www.meydan.tv\/wp-content\/uploads\/mktb.jpg","type":"image\/jpeg"}],"author":"mahmud","twitter_card":"summary_large_image","schema":{"@context":"https:\/\/schema.org","@graph":[{"@type":"Article","@id":"https:\/\/www.meydan.tv\/az\/article\/sagirdi-doymekde-ittiham-olunan-tehsil-idaresinin-mudiri-isden-cixib\/#article","isPartOf":{"@id":"https:\/\/www.meydan.tv\/az\/article\/sagirdi-doymekde-ittiham-olunan-tehsil-idaresinin-mudiri-isden-cixib\/"},"author":{"name":"mahmud","@id":"https:\/\/www.meydan.tv\/az\/#\/schema\/person\/09863e516102a829e72bedcf3f84c6b0"},"headline":"\u015eagirdi d\u00f6ym\u0259kd\u0259 ittiham olunan t\u0259hsil idar\u0259sinin m\u00fcdiri i\u015fd\u0259n \u00e7\u0131x\u0131b","datePublished":"2023-11-28T07:46:08+00:00","dateModified":"2023-11-28T07:46:12+00:00","mainEntityOfPage":{"@id":"https:\/\/www.meydan.tv\/az\/article\/sagirdi-doymekde-ittiham-olunan-tehsil-idaresinin-mudiri-isden-cixib\/"},"wordCount":263,"publisher":{"@id":"https:\/\/www.meydan.tv\/az\/#organization"},"image":{"@id":"https:\/\/www.meydan.tv\/az\/article\/sagirdi-doymekde-ittiham-olunan-tehsil-idaresinin-mudiri-isden-cixib\/#primaryimage"},"thumbnailUrl":"https:\/\/www.meydan.tv\/wp-content\/uploads\/mktb.jpg","articleSection":["Sosial","X\u0259b\u0259rl\u0259r"],"inLanguage":"az"},{"@type":"WebPage","@id":"https:\/\/www.meydan.tv\/az\/article\/sagirdi-doymekde-ittiham-olunan-tehsil-idaresinin-mudiri-isden-cixib\/","url":"https:\/\/www.meydan.tv\/az\/article\/sagirdi-doymekde-ittiham-olunan-tehsil-idaresinin-mudiri-isden-cixib\/","name":"\u015eagirdi d\u00f6ym\u0259kd\u0259 ittiham olunan t\u0259hsil idar\u0259sinin m\u00fcdiri i\u015fd\u0259n \u00e7\u0131x\u0131b - MEYDAN.TV","isPartOf":{"@id":"https:\/\/www.meydan.tv\/az\/#website"},"primaryImageOfPage":{"@id":"https:\/\/www.meydan.tv\/az\/article\/sagirdi-doymekde-ittiham-olunan-tehsil-idaresinin-mudiri-isden-cixib\/#primaryimage"},"image":{"@id":"https:\/\/www.meydan.tv\/az\/article\/sagirdi-doymekde-ittiham-olunan-tehsil-idaresinin-mudiri-isden-cixib\/#primaryimage"},"thumbnailUrl":"https:\/\/www.meydan.tv\/wp-content\/uploads\/mktb.jpg","datePublished":"2023-11-28T07:46:08+00:00","dateModified":"2023-11-28T07:46:12+00:00","breadcrumb":{"@id":"https:\/\/www.meydan.tv\/az\/article\/sagirdi-doymekde-ittiham-olunan-tehsil-idaresinin-mudiri-isden-cixib\/#breadcrumb"},"inLanguage":"az","potentialAction":[{"@type":"ReadAction","target":["https:\/\/www.meydan.tv\/az\/article\/sagirdi-doymekde-ittiham-olunan-tehsil-idaresinin-mudiri-isden-cixib\/"]}]},{"@type":"ImageObject","inLanguage":"az","@id":"https:\/\/www.meydan.tv\/az\/article\/sagirdi-doymekde-ittiham-olunan-tehsil-idaresinin-mudiri-isden-cixib\/#primaryimage","url":"https:\/\/www.meydan.tv\/wp-content\/uploads\/mktb.jpg","contentUrl":"https:\/\/www.meydan.tv\/wp-content\/uploads\/mktb.jpg","width":1000,"height":697,"caption":"\u015e\u0259rti \u015f\u0259kil. Foto: arxiv"},{"@type":"BreadcrumbList","@id":"https:\/\/www.meydan.tv\/az\/article\/sagirdi-doymekde-ittiham-olunan-tehsil-idaresinin-mudiri-isden-cixib\/#breadcrumb","itemListElement":[{"@type":"ListItem","position":1,"name":"Ana s\u0259hif\u0259","item":"https:\/\/www.meydan.tv\/az\/"},{"@type":"ListItem","position":2,"name":"Sosial","item":"https:\/\/www.meydan.tv\/az\/section\/sosial\/"},{"@type":"ListItem","position":3,"name":"\u015eagirdi d\u00f6ym\u0259kd\u0259 ittiham olunan t\u0259hsil idar\u0259sinin m\u00fcdiri i\u015fd\u0259n \u00e7\u0131x\u0131b"}]},{"@type":"WebSite","@id":"https:\/\/www.meydan.tv\/az\/#website","url":"https:\/\/www.meydan.tv\/az\/","name":"MEYDAN.TV","description":"Meydan TV Az\u0259rbaycan\u0131n media m\u0259kan\u0131ndak\u0131 alternativ s\u0259sidir","publisher":{"@id":"https:\/\/www.meydan.tv\/az\/#organization"},"potentialAction":[{"@type":"SearchAction","target":{"@type":"EntryPoint","urlTemplate":"https:\/\/www.meydan.tv\/az\/?s={search_term_string}"},"query-input":{"@type":"PropertyValueSpecification","valueRequired":true,"valueName":"search_term_string"}}],"inLanguage":"az"},{"@type":"Organization","@id":"https:\/\/www.meydan.tv\/az\/#organization","name":"Meydan TV","url":"https:\/\/www.meydan.tv\/az\/","logo":{"@type":"ImageObject","inLanguage":"az","@id":"https:\/\/www.meydan.tv\/az\/#\/schema\/logo\/image\/","url":"https:\/\/www.meydan.tv\/wp-content\/uploads\/2021\/07\/meydan-logo.svg","contentUrl":"https:\/\/www.meydan.tv\/wp-content\/uploads\/2021\/07\/meydan-logo.svg","width":195,"height":46,"caption":"Meydan TV"},"image":{"@id":"https:\/\/www.meydan.tv\/az\/#\/schema\/logo\/image\/"}},{"@type":"Person","@id":"https:\/\/www.meydan.tv\/az\/#\/schema\/person\/09863e516102a829e72bedcf3f84c6b0","name":"mahmud"}]}},"_links":{"self":[{"href":"https:\/\/www.meydan.tv\/az\/wp-json\/wp\/v2\/posts\/291607","targetHints":{"allow":["GET"]}}],"collection":[{"href":"https:\/\/www.meydan.tv\/az\/wp-json\/wp\/v2\/posts"}],"about":[{"href":"https:\/\/www.meydan.tv\/az\/wp-json\/wp\/v2\/types\/post"}],"author":[{"embeddable":true,"href":"https:\/\/www.meydan.tv\/az\/wp-json\/wp\/v2\/users\/21"}],"replies":[{"embeddable":true,"href":"https:\/\/www.meydan.tv\/az\/wp-json\/wp\/v2\/comments?post=291607"}],"version-history":[{"count":1,"href":"https:\/\/www.meydan.tv\/az\/wp-json\/wp\/v2\/posts\/291607\/revisions"}],"predecessor-version":[{"id":291610,"href":"https:\/\/www.meydan.tv\/az\/wp-json\/wp\/v2\/posts\/291607\/revisions\/291610"}],"wp:featuredmedia":[{"embeddable":true,"href":"https:\/\/www.meydan.tv\/az\/wp-json\/wp\/v2\/media\/121530"}],"wp:attachment":[{"href":"https:\/\/www.meydan.tv\/az\/wp-json\/wp\/v2\/media?parent=291607"}],"wp:term":[{"taxonomy":"category","embeddable":true,"href":"https:\/\/www.meydan.tv\/az\/wp-json\/wp\/v2\/categories?post=291607"},{"taxonomy":"post_tag","embeddable":true,"href":"https:\/\/www.meydan.tv\/az\/wp-json\/wp\/v2\/tags?post=291607"}],"curies":[{"name":"wp","href":"https:\/\/api.w.org\/{rel}","templated":true}]}}