{"id":291595,"date":"2023-11-28T11:38:16","date_gmt":"2023-11-28T07:38:16","guid":{"rendered":"https:\/\/www.meydan.tv\/?p=291595"},"modified":"2023-11-28T11:38:23","modified_gmt":"2023-11-28T07:38:23","slug":"hakimiyyetin-casus-axtarisi-isteyirler-ki-idare-ede-bilmedikleri-adamlar-xaricde-tehsil-almasin","status":"publish","type":"post","link":"https:\/\/www.meydan.tv\/az\/article\/hakimiyyetin-casus-axtarisi-isteyirler-ki-idare-ede-bilmedikleri-adamlar-xaricde-tehsil-almasin\/","title":{"rendered":"Hakimiyy\u0259tin \u201ccasus\u201d axtar\u0131\u015f\u0131: \u201c\u0130st\u0259yirl\u0259r ki, idar\u0259 ed\u0259 bilm\u0259dikl\u0259ri adamlar xaricd\u0259 t\u0259hsil almas\u0131n\u201d"},"content":{"rendered":"\n<p><\/p>\n\n\n\n<p><strong><em>Xaricd\u0259 t\u0259hsil alm\u0131\u015f f\u0259allar son g\u00fcnl\u0259r g\u00fcnd\u0259m olan \u201ccasus \u015f\u0259b\u0259k\u0259si\u201d m\u00f6vzusunu \u015f\u0259rh edibl\u0259r<\/em><\/strong><\/p>\n\n\n\n<p>AB\u015e s\u0259firliyi Amerika universitetl\u0259rinin m\u0259zunlar\u0131 il\u0259 noyabr\u0131n 27-d\u0259 Marriott Absheron otelind\u0259 planla\u015fd\u0131rd\u0131\u011f\u0131 g\u00f6r\u00fc\u015f\u00fc t\u0259xir\u0259 sal\u0131b.<\/p>\n\n\n\n<p>S\u0259b\u0259b kimi son g\u00fcnl\u0259r h\u00f6kum\u0259tin maliyy\u0259l\u0259\u015fdirdiyi media orqanlar\u0131nda AB\u015e t\u0259\u015fkilatlar\u0131 il\u0259 \u0259m\u0259kda\u015fl\u0131q ed\u0259nl\u0259rl\u0259 ba\u011fl\u0131 haz\u0131rlanan x\u0259b\u0259rl\u0259r oldu\u011fu t\u0259xmin edilir.<\/p>\n\n\n\n<p>Bu x\u0259b\u0259rl\u0259rd\u0259 h\u0259min g\u00f6r\u00fc\u015f \u201ccasus \u015f\u0259b\u0259k\u0259si\u201d v\u0259 \u201cAB\u015e-da t\u0259lim ke\u00e7\u0259rk\u0259n Amerika agenti kimi c\u0259lb edilmi\u015f\u201d \u015f\u0259xsl\u0259rl\u0259 g\u00f6r\u00fc\u015f kimi t\u0259qdim edilib.<\/p>\n\n\n\n<p>\u0130ttihamlarla ba\u011fl\u0131 AB\u015e-\u0131n Bak\u0131dak\u0131 s\u0259firliyind\u0259n \u201cTuran\u201d \u0130nformasiya Agentliyin\u0259 g\u00f6r\u00fc\u015f\u00fcn n\u0259 s\u0259b\u0259b\u0259 t\u0259xir\u0259 d\u00fc\u015fd\u00fcy\u00fc <a href=\"https:\/\/turan.az\/az\/siyaset\/abs-sefirliyi-casuslari-ile-gorusu-texire-saldi-774735\">deyilm\u0259yib<\/a>.<\/p>\n\n\n\n<p>Lakin s\u0259firliyin g\u00f6r\u00fc\u015f\u00fc s\u0259birsizlikl\u0259 g\u00f6zl\u0259diyi, tezlikl\u0259 yenid\u0259n planla\u015fd\u0131racaqlar\u0131 a\u00e7\u0131qlan\u0131b:<\/p>\n\n\n\n<p><em>\u201c\u0130ki qabaqc\u0131l t\u0259hsil v\u0259 m\u0259d\u0259ni m\u00fcbadil\u0259 proqram\u0131n\u0131n yubileyl\u0259rini qeyd etm\u0259yi, h\u0259m\u00e7inin AB\u015e-da t\u0259hsil alm\u0131\u015f m\u0259zunlardan ibar\u0259t Az\u0259rbaycan icmas\u0131n\u0131n nailiyy\u0259tl\u0259rini v\u0259 onlar\u0131n \u00f6z icmalar\u0131na t\u00f6hf\u0259l\u0259rini vur\u011fulama\u011f\u0131 s\u0259birsizlikl\u0259 g\u00f6zl\u0259yirdik. T\u0259dbird\u0259 h\u00f6kum\u0259t, t\u0259hsil, qeyri-kommersiya v\u0259 \u00f6z\u0259l sektorlar da daxil olmaqla m\u00fcxt\u0259lif t\u0259b\u0259q\u0259l\u0259rd\u0259n olan 400-d\u0259n \u00e7ox qona\u011f\u0131n i\u015ftirak\u0131 g\u00f6zl\u0259nilirdi. Tezlikl\u0259 yenid\u0259n planla\u015fd\u0131raca\u011f\u0131q\u201d<\/em>.<\/p>\n\n\n\n<p><strong>\u201cM\u0259qs\u0259d idar\u0259 etm\u0259k, \u00e7\u0259kindirm\u0259kdir\u201d<\/strong><\/p>\n\n\n\n<p>\u0130sve\u00e7d\u0259 t\u0259hsil alan az\u0259rbaycanl\u0131 Jal\u0259 Bayramova deyir ki, Az\u0259rbaycan h\u00f6kum\u0259tinin xaricd\u0259 t\u0259hsil alanlar\u0131 \u201cagent\u201d kimi t\u0259qdim etm\u0259sinin t\u0259k s\u0259b\u0259bi \u00e7\u0259kindirm\u0259kdir. Onun s\u00f6zl\u0259rin\u0259 g\u00f6r\u0259, m\u0259qs\u0259d az\u0259rbaycanl\u0131 g\u0259ncl\u0259rin xaricd\u0259 t\u0259hsilinin qar\u015f\u0131s\u0131n\u0131 almaqd\u0131r:<\/p>\n\n\n<div class=\"wp-block-image\">\n<figure class=\"alignleft size-large is-resized\"><img decoding=\"async\" width=\"1200\" height=\"675\" data-src=\"https:\/\/www.meydan.tv\/wp-content\/uploads\/1_lcad3yc-1200x675.png\" alt=\"Jal\u0259 Bayramova\" class=\"wp-image-162105 lazyload\" style=\"--smush-placeholder-width: 1200px; --smush-placeholder-aspect-ratio: 1200\/675;width:391px;height:auto\" src=\"data:image\/svg+xml;base64,PHN2ZyB3aWR0aD0iMSIgaGVpZ2h0PSIxIiB4bWxucz0iaHR0cDovL3d3dy53My5vcmcvMjAwMC9zdmciPjwvc3ZnPg==\" \/><figcaption class=\"wp-element-caption\">Foto: Jal\u0259 Bayramovan\u0131n \u015f\u0259xsi arxivind\u0259n<\/figcaption><\/figure>\n<\/div>\n\n\n<p><em>\u201cD\u00f6vl\u0259t yaln\u0131z \u00f6z\u00fcn\u0259 s\u0259daq\u0259tli insanlar\u0131 xaric\u0259 g\u00f6nd\u0259rir, onlara t\u0259hsil verir. \u0130st\u0259yirl\u0259r ki, idar\u0259 ed\u0259 bilm\u0259dikl\u0259ri insanlar m\u00fcst\u0259qil burslardan istifad\u0259 edib, xaricd\u0259 t\u0259hsil alma\u011fa getm\u0259sin. Ondansa Az\u0259rbaycandak\u0131 universitetl\u0259r\u0259 \u00fcz tutsunlar. Bel\u0259 olanda t\u0259l\u0259b\u0259l\u0259rin idar\u0259si asanla\u015f\u0131r. Yoxsa xaricd\u0259 t\u0259hsil als\u0131n, orada qals\u0131n, ya da g\u00f6rd\u00fcy\u00fc d\u0259y\u0259rl\u0259ri Az\u0259rbaycana g\u0259tirsin \u2013 bunlar h\u00f6kum\u0259t\u0259 s\u0259rf etmir, qar\u015f\u0131s\u0131n\u0131 alma\u011fa \u00e7al\u0131\u015f\u0131rlar\u201d<\/em>.<\/p>\n\n\n\n<p><strong>N\u0259zar\u0259t etm\u0259k ist\u0259yi<\/strong><\/p>\n\n\n\n<p>Jal\u0259 Bayramova bildirir ki, haz\u0131rda h\u0259bsd\u0259 olan atas\u0131, iqtisad\u00e7\u0131 Qubad \u0130bado\u011flunun h\u0259bsinin s\u0259b\u0259bl\u0259rind\u0259n biri d\u0259 el\u0259 budur. O, m\u00fcst\u0259qil fond yaratmaq ist\u0259yirdi. Bu fonddan xaricd\u0259 t\u0259hsil almaq ist\u0259y\u0259n t\u0259l\u0259b\u0259l\u0259r \u00fc\u00e7\u00fcn d\u0259 istifad\u0259 edil\u0259c\u0259kdi:<\/p>\n\n\n\n<p><em>\u201cAz\u0259rbaycan h\u00f6kum\u0259ti m\u00fcst\u0259qil fondlardan, burslardan qorxur. M\u0259s\u0259l\u0259n, b\u0259zi fondlar\u0131n t\u0259l\u0259b\u0259 se\u00e7imi Az\u0259rbaycan T\u0259hsil Nazirliyinin binas\u0131nda apar\u0131l\u0131r. Y\u0259ni xaric\u0259 ged\u0259n t\u0259l\u0259b\u0259l\u0259r\u0259, onlar\u0131n hans\u0131 fak\u00fclt\u0259l\u0259rd\u0259 oxuyaca\u011f\u0131na q\u0259d\u0259r \u2013 h\u0259r \u015fey\u0259 n\u0259zar\u0259t etm\u0259y\u0259 \u00e7al\u0131\u015f\u0131rlar. Yad\u0131mdad\u0131r, h\u0259l\u0259 Az\u0259rbaycan h\u00f6kum\u0259tinin xaricd\u0259 t\u0259hsil proqram\u0131 oldu\u011fu d\u00f6vrl\u0259rd\u0259 atam statistik ara\u015fd\u0131rma aparm\u0131\u015fd\u0131. M\u0259lum olmu\u015fdu ki, m\u0259s\u0259l\u0259n, h\u00f6kum\u0259t h\u00fcquq sah\u0259sind\u0259 xaricd\u0259 oxuma\u011fa \u00e7ox az t\u0259l\u0259b\u0259 g\u00f6nd\u0259rir. Daha \u00e7ox bank, ofis i\u015fl\u0259ri il\u0259 ba\u011fl\u0131 i\u015fl\u0259r\u0259 meyilli idil\u0259r. \u0130st\u0259mirl\u0259r ki, insanlar \u00f6n\u0259mli sah\u0259l\u0259rd\u0259 t\u0259hsil als\u0131nlar\u201d<\/em>.<\/p>\n\n\n\n<p><strong>\u201cYerli universitetl\u0259rin m\u0259qs\u0259di hakimiyy\u0259t\u0259 s\u0259daq\u0259tli insanlar yeti\u015fdirm\u0259kdir\u201d<\/strong><\/p>\n\n\n\n<p>Jal\u0259 Bayramova bildirir ki, ill\u0259rdir s\u0259rh\u0259dl\u0259rin ba\u011fl\u0131 olmas\u0131 da Az\u0259rbaycan h\u00f6kum\u0259tinin v\u0259t\u0259nda\u015flar\u0131n\u0131n \u00f6lk\u0259d\u0259n k\u0259nara add\u0131m atmas\u0131n\u0131 ist\u0259m\u0259m\u0259sinin g\u00f6st\u0259ricisidir:<\/p>\n\n\n\n<p><em>\u201cQald\u0131 xaricd\u0259 t\u0259hsil almalar\u0131na, bunu \u00fcmumiyy\u0259tl\u0259 ist\u0259mir, \u00e7\u00fcnki b\u00fct\u00fcn proses\u0259 n\u0259zar\u0259ti \u0259lind\u0259 c\u0259ml\u0259m\u0259k ist\u0259yir. Bir s\u00f6zl\u0259, h\u00f6kum\u0259t idar\u0259 ed\u0259 bilm\u0259diyi insanlardan \u00e7\u0259kinir. \u00d6lk\u0259d\u0259 olan bel\u0259 insanlar\u0131 h\u0259bs edir, lakin xaricd\u0259 olanlara \u0259li \u00e7atm\u0131r. \u00c7al\u0131\u015f\u0131rlar ki, xaric\u0259 t\u0259hsil alma\u011fa \u00e7ox az insan getsin. O insanlar\u0131 \u201cagent\u201d adland\u0131r\u0131rlar. Valideynl\u0259r d\u0259 televiziyada h\u00f6kum\u0259tin xaricd\u0259 t\u0259hsil alanlara m\u00fcnasib\u0259tini g\u00f6r\u00fcr, \u00f6lk\u0259y\u0259 d\u00f6n\u0259nl\u0259rin taleyin\u0259 bax\u0131r, deyir, m\u0259nim u\u015fa\u011f\u0131m xaricd\u0259 t\u0259hsil almas\u0131n. Bu zaman da \u00f6lk\u0259 universitetl\u0259rin\u0259 \u00fcz tuturlar, m\u0259s\u0259l\u0259n, ADA-ya. Bu universitet d\u0259 Az\u0259rbaycan h\u00f6kum\u0259tinin a\u00e7d\u0131\u011f\u0131 t\u0259hsil m\u00fc\u0259ssis\u0259sidir, s\u0131rf \u00f6z\u00fc \u00fc\u00e7\u00fcn diplomatlar haz\u0131rlay\u0131r. H\u0259min universitetin m\u0259qs\u0259di t\u0259hsil verm\u0259k yox, h\u00f6kum\u0259t\u0259 s\u0259daq\u0259tli insanlar yeti\u015fdirm\u0259kdir\u201d<\/em>.<\/p>\n\n\n\n<p><strong>\u201cRusiyada m\u0259zun olmu\u015f v\u0259t\u0259nda\u015flar haqq\u0131nda h\u00f6kum\u0259td\u0259n bel\u0259 iddialar e\u015fitm\u0259rik\u201d<\/strong><\/p>\n\n\n\n<p>\u0130sve\u00e7r\u0259d\u0259 t\u0259hsil alm\u0131\u015f az\u0259rbaycanl\u0131 N\u0259cmin Kamil deyir ki, 45 mind\u0259n \u00e7ox az\u0259rbaycanl\u0131 t\u0259l\u0259b\u0259 xarici \u00f6lk\u0259l\u0259rin universitetl\u0259rind\u0259 t\u0259hsil al\u0131r. Bunlar\u0131n \u0259n b\u00f6y\u00fck hiss\u0259si Rusiyan\u0131n pay\u0131na d\u00fc\u015f\u00fcr:<\/p>\n\n\n<div class=\"wp-block-image\">\n<figure class=\"alignright size-full is-resized\"><img decoding=\"async\" width=\"719\" height=\"480\" data-src=\"https:\/\/www.meydan.tv\/wp-content\/uploads\/405366601_1741581736311090_111615519882122994_n_720.jpg\" alt=\"\" class=\"wp-image-291596 lazyload\" style=\"--smush-placeholder-width: 719px; --smush-placeholder-aspect-ratio: 719\/480;width:383px;height:auto\" src=\"data:image\/svg+xml;base64,PHN2ZyB3aWR0aD0iMSIgaGVpZ2h0PSIxIiB4bWxucz0iaHR0cDovL3d3dy53My5vcmcvMjAwMC9zdmciPjwvc3ZnPg==\" \/><figcaption class=\"wp-element-caption\">Foto: N\u0259cmin Kamilin \u015f\u0259xsi arxivind\u0259n<\/figcaption><\/figure>\n<\/div>\n\n\n<p><em>\u201cT\u0259bii ki, he\u00e7 vaxt Rusiyada m\u0259zun olmu\u015f v\u0259t\u0259nda\u015flar haqq\u0131nda h\u00f6kum\u0259td\u0259n bel\u0259 iddialar e\u015fitm\u0259rik. AB\u015e d\u00f6vl\u0259t proqramlar\u0131 hesab\u0131na, el\u0259c\u0259 d\u0259, Az\u0259rbaycan d\u00f6vl\u0259t proqramlar\u0131 hesab\u0131na AB\u015e-da t\u0259hsil alan v\u0259t\u0259nda\u015flar indi m\u00fcxt\u0259lif sektorlarda apar\u0131c\u0131 rollara malikdil\u0259r. \u00c7\u00fcnki Az\u0259rbaycan \u00f6z\u00fc v\u0259t\u0259nda\u015flar\u0131na bel\u0259 keyfiyy\u0259tli t\u0259hsil ver\u0259 bilmir. AB\u015e s\u0259firliyinin t\u0259\u015fkil etdiyi m\u0259zun y\u0131\u011f\u0131ncaqlar\u0131 is\u0259 daha \u00e7ox h\u0259min adamlar\u0131n \u00f6z aralar\u0131nda \u015f\u0259b\u0259k\u0259l\u0259\u015fm\u0259si \u00fc\u00e7\u00fcnd\u00fcr ki, bunun da Az\u0259rbaycan \u00fc\u00e7\u00fcn faydas\u0131 b\u00f6y\u00fckd\u00fcr\u201d<\/em>.<\/p>\n\n\n\n<p><strong>\u201cH\u00f6kum\u0259t AB\u015e m\u0259zunlar\u0131na x\u0259b\u0259rdarl\u0131q edir\u201d<\/strong><\/p>\n\n\n\n<p>N\u0259cmin Kamil deyir ki, Az\u0259rbaycan h\u00f6kum\u0259ti \u00f6z medias\u0131ndak\u0131 agentura iddialar\u0131 il\u0259 h\u0259m h\u00f6kum\u0259t daxilind\u0259, h\u0259m biznesd\u0259, h\u0259m d\u0259 v\u0259t\u0259nda\u015f c\u0259miyy\u0259tind\u0259 olan AB\u015e m\u0259zunlar\u0131na x\u0259b\u0259rdarl\u0131q edir. Deyir ki, Az\u0259rbaycan-AB\u015e m\u00fcnasib\u0259tl\u0259rinin pis oldu\u011fu d\u00f6vrd\u0259 he\u00e7 k\u0259s bel\u0259 t\u0259dbirl\u0259rd\u0259 i\u015ftirak ed\u0259 bilm\u0259z:<\/p>\n\n\n\n<p><em>\u201cAmma bunun h\u0259m iqtisadi-siyasi m\u00fcnasib\u0259tl\u0259r, h\u0259m d\u0259 insan kapital\u0131 bax\u0131m\u0131ndan b\u00f6y\u00fck f\u0259sadlar\u0131 olacaq. \u0130lk n\u00f6vb\u0259d\u0259 bunlar az\u0259rbaycanl\u0131 t\u0259l\u0259b\u0259l\u0259r \u00fc\u00e7\u00fcn m\u00f6vcud olan azsayl\u0131 t\u0259qa\u00fcd proqramlar\u0131n\u0131n g\u0259l\u0259c\u0259yini t\u0259hl\u00fck\u0259y\u0259 at\u0131r. Dig\u0259r t\u0259r\u0259fd\u0259n, AB\u015e-da t\u0259hsil alan istedadl\u0131 az\u0259rbaycanl\u0131lar bel\u0259 x\u0259b\u0259rl\u0259rd\u0259n sonra \u00f6lk\u0259y\u0259 qay\u0131tma\u011fa maraq g\u00f6st\u0259rm\u0259y\u0259c\u0259kl\u0259r. Onsuz da bu maraq \u00e7ox azd\u0131r\u201d.<\/em><\/p>\n\n\n\n<p><strong>\u201cD\u00fc\u015fm\u0259ni daim k\u0259narda axtar\u0131rlar\u201d<\/strong><\/p>\n\n\n\n<p>\u0130sraild\u0259 t\u0259hsil alm\u0131\u015f, haz\u0131rda is\u0259 Az\u0259rbaycanda \u015firk\u0259tl\u0259rin birind\u0259 \u00e7al\u0131\u015fan v\u0259 ad\u0131n\u0131n a\u00e7\u0131qlanmas\u0131n\u0131 ist\u0259m\u0259y\u0259n \u015f\u0259xs is\u0259 bildirir ki, Az\u0259rbaycan kimi h\u00fcquq v\u0259 azadl\u0131qlar\u0131n olmad\u0131\u011f\u0131 \u00f6lk\u0259l\u0259rd\u0259 daim d\u00fc\u015fm\u0259ni k\u0259narda axtar\u0131rlar. Sanki \u00f6lk\u0259 \u00e7ox g\u00f6z\u0259l idar\u0259 olunur, kims\u0259nin haqq\u0131-h\u00fcququ pozulmur, h\u0259r \u015fey qaydas\u0131ndad\u0131r v\u0259 bu \u015f\u0259raiti ham\u0131 q\u0131sqan\u0131r. Xalqa daim \u201cbizi q\u0131sqan\u0131rlar\u201d, \u201cd\u00fc\u015fm\u0259nl\u0259rimiz var\u201d, \u201ch\u0259min d\u00fc\u015fm\u0259nl\u0259r bizim g\u0259ncl\u0259rin beynini yuyur\u201d \u2013 tipli na\u011f\u0131llar dan\u0131\u015f\u0131rlar:<\/p>\n\n\n\n<p><em>\u201c\u00c7ox g\u00f6z\u0259l bilirl\u0259r ki, \u00f6lk\u0259d\u0259n xaric\u0259 he\u00e7 oxumaq \u00fc\u00e7\u00fcn dem\u0259yim, el\u0259 tez-tez g\u0259zm\u0259y\u0259 ged\u0259n insanlar\u0131n beyni f\u0259rqli i\u015fl\u0259yir, onlar h\u0259r \u015feyin f\u0259rqind\u0259dir. H\u0259min insanlar\u0131 \u00f6zl\u0259rin\u0259 qar\u015f\u0131 t\u0259hl\u00fck\u0259 hesab edirl\u0259r. \u0130nsan azadl\u0131qlar\u0131n\u0131n pozuldu\u011fu, azad m\u0259hk\u0259m\u0259nin olmad\u0131\u011f\u0131, median\u0131n basq\u0131 alt\u0131nda saxland\u0131\u011f\u0131 b\u00fct\u00fcn \u00f6lk\u0259l\u0259rin d\u00fc\u015fm\u0259nl\u0259ri xaricd\u0259dir v\u0259 h\u0259min d\u00fc\u015fm\u0259nl\u0259r daim onlara pislik etm\u0259k ist\u0259yir. \u00d6lk\u0259nin \u201cq\u0259hr\u0259manlar\u0131\u201d is\u0259 daim onlarla m\u00fcbariz\u0259 apar\u0131r. Bir n\u00f6v \u00f6zl\u0259rin\u0259 d\u00fc\u015fm\u0259n obraz\u0131 yarad\u0131b, onunla m\u00fcbariz\u0259 apar\u0131r, bunu xalqa t\u0259mt\u0259raql\u0131 \u015f\u0259kild\u0259 t\u0259qdim edirl\u0259r. \u018fn pisi d\u0259 sad\u0259 insanlar\u0131n bu x\u0259b\u0259rl\u0259r\u0259 inanmas\u0131d\u0131r\u201d<\/em>.<\/p>\n\n\n\n<p><strong>\u201c\u0130qtidara can\u0131-k\u00f6n\u00fcld\u0259n xidm\u0259t ed\u0259n xeyli sayda xaricd\u0259 t\u0259hsil alm\u0131\u015f kadr var\u201d<\/strong><\/p>\n\n\n\n<p>AB\u015e-da t\u0259hsil alm\u0131\u015f h\u00fcquq m\u00fcdafi\u0259\u00e7isi Anar M\u0259mm\u0259dli is\u0259 bildirir ki, m\u0259zunlarla ba\u011fl\u0131 yaz\u0131lar ucuz t\u0259bli\u011fatd\u0131r. O, yaz\u0131lanlar\u0131 he\u00e7 bir \u0259sas\u0131 olmayan, \u201cd\u00fc\u015f\u00fck\u201d v\u0259 \u201cg\u00fcl\u00fcnc\u201d ittihamlar adland\u0131r\u0131b.<\/p>\n\n\n\n<p>Anar M\u0259mm\u0259dli deyir ki, bu iqtidara can\u0131-k\u00f6n\u00fcld\u0259n xidm\u0259t ed\u0259n xeyli sayda xaricd\u0259 t\u0259hsil alm\u0131\u015f kadr var. M\u00fcxalif d\u00fc\u015f\u0259rg\u0259d\u0259 xaricd\u0259 t\u0259hsil alm\u0131\u015f kadrlar\u0131n say\u0131 is\u0259 barmaq say\u0131 q\u0259d\u0259rdir:<\/p>\n\n\n\n<p><em>\u201c\u0130qtidar Bayden h\u00f6kum\u0259tind\u0259n incikdir v\u0259 incikliyini bel\u0259 d\u00fc\u015f\u00fck formada ifad\u0259 edir. Halbuki, daha tutarl\u0131 v\u0259 m\u0259ntiqli \u015f\u0259kild\u0259 k\u00fcsk\u00fcnl\u00fckl\u0259rini n\u00fcmayi\u015f etdir\u0259, raz\u0131la\u015fmad\u0131qlar\u0131 m\u0259qamlar\u0131 a\u00e7\u0131qlaya bil\u0259rl\u0259r\u201d.<\/em><\/p>\n\n\n<div class=\"wp-block-image\">\n<figure class=\"alignleft size-large is-resized\"><img decoding=\"async\" data-src=\"https:\/\/www.meydan.tv\/wp-content\/uploads\/anar_memmedli-1200x800.jpg\" alt=\"Anar M\u0259mm\u0259dli\" class=\"wp-image-210070 lazyload\" style=\"--smush-placeholder-width: 1200px; --smush-placeholder-aspect-ratio: 1200\/800;width:411px;height:auto\" src=\"data:image\/svg+xml;base64,PHN2ZyB3aWR0aD0iMSIgaGVpZ2h0PSIxIiB4bWxucz0iaHR0cDovL3d3dy53My5vcmcvMjAwMC9zdmciPjwvc3ZnPg==\" \/><figcaption class=\"wp-element-caption\">Anar M\u0259mm\u0259dli, Foto:  Meydan TV<\/figcaption><\/figure>\n<\/div>\n\n\n<p><strong>\u201cAB\u015e-dan demokrat qay\u0131tmaq \u00e7\u0259tin m\u0259s\u0259l\u0259dir\u201d<\/strong><\/p>\n\n\n\n<p>H\u00fcquq m\u00fcdafi\u0259\u00e7isi bildirir ki, bir ne\u00e7\u0259 c\u0131zma-qaradan sonra AB\u015e M\u0259zunlar Birliyinin t\u0259dbirinin t\u0259xir\u0259 sal\u0131nmas\u0131 is\u0259 bu qurumun m\u0259zmunsuz f\u0259aliyy\u0259tind\u0259n x\u0259b\u0259r verir. \u0130ki g\u00fcnd\u00fcr h\u00f6kum\u0259t medias\u0131nda ittihamlara m\u0259ruz qalan qurum o q\u0259d\u0259r &#8220;m\u00fcst\u0259qildir&#8221; ki, \u00e7\u0131x\u0131b n\u0259 m\u0259hk\u0259m\u0259y\u0259 m\u00fcraci\u0259t edir, n\u0259 d\u0259 t\u0259kzib t\u0259l\u0259b edir:<\/p>\n\n\n\n<p><em>\u201c\u00c7\u00fcnki \u0259ks\u0259r \u00fczvl\u0259ri d\u00f6vl\u0259t strukturlar\u0131 v\u0259 ya iqtidara ba\u011fl\u0131 holdinql\u0259rd\u0259 \u00e7al\u0131\u015f\u0131r. AB\u015e-da yax\u015f\u0131 t\u0259hsil al\u0131b, yax\u015f\u0131 kadr kimi \u00f6lk\u0259y\u0259 qay\u0131tmaq olar, amma AB\u015e-da insanlar\u0131n demokratik azadl\u0131qlar, \u0259dal\u0259t v\u0259 b\u0259r\u0259barlik u\u011frunda m\u00fcbariz\u0259sind\u0259n ilhamlanmaq \u00fc\u00e7\u00fcn siyasi d\u0259y\u0259rl\u0259r\u0259 malik olmaq laz\u0131md\u0131r. Bu d\u0259y\u0259rl\u0259r is\u0259 evd\u0259, m\u0259h\u0259ll\u0259d\u0259, ya da orta m\u0259kt\u0259bd\u0259 a\u015f\u0131lanm\u0131rsa, gedib AB\u015e-dan demokrat qay\u0131tmaq \u00e7\u0259tin m\u0259s\u0259l\u0259dir\u201d.<\/em><\/p>\n\n\n\n<p><strong>\u201cBu qurumlar\u0131n r\u0259ngli inqilablar ed\u0259c\u0259yin\u0259 dair iddialar bo\u015f v\u0259 \u0259sass\u0131z\u0131d\u0131r\u201d<\/strong><\/p>\n\n\n\n<p>Anar M\u0259mm\u0259dlinin s\u00f6zl\u0259rin\u0259 g\u00f6r\u0259, Az\u0259rbaycanda v\u0259t\u0259nda\u015f f\u0259all\u0131\u011f\u0131n\u0131 xarici t\u0259\u015fkilatlara ba\u011flamaq c\u0259hdi \u00f6lk\u0259d\u0259 insan h\u00fcquq v\u0259 azadl\u0131qlar\u0131 u\u011frunda m\u00fcbariz\u0259ni etibars\u0131zla\u015fd\u0131rma\u011fa y\u00f6n\u0259lib. Sanki az\u0259rbaycanl\u0131lar xarici d\u0259st\u0259k olmasa, \u00f6z h\u00fcquqlar\u0131 u\u011frundan m\u00fcbariz\u0259 apara bilm\u0259zl\u0259r. 90-c\u0131 ill\u0259rd\u0259 \u00f6lk\u0259d\u0259 v\u0259t\u0259nda\u015f c\u0259miyy\u0259ti qurumlar\u0131 formala\u015fanda n\u0259 USA\u0130D vard\u0131, n\u0259 BMT-nin \u0130nki\u015faf Proqram\u0131, n\u0259 d\u0259 Avropa Birliyi:<\/p>\n\n\n\n<p><em>\u201cBu qurumlar \u00f6lk\u0259d\u0259 \u00e7al\u0131\u015fd\u0131qlar\u0131 ill\u0259r \u0259rzind\u0259 \u0259sas\u0259n, d\u00f6vl\u0259t proqramlar\u0131n\u0131 d\u0259st\u0259kl\u0259yib, ay\u0131rd\u0131qlar\u0131 maliyy\u0259 v\u0259saitl\u0259rinin b\u00f6y\u00fck qismini iqtidar\u0131n &#8220;xeyir-dua&#8221; verdiyi layih\u0259l\u0259r\u0259 ay\u0131r\u0131blar. Y\u0259ni iqtidarda da bilirl\u0259r ki, bu qurumlar\u0131n r\u0259ngli inqilablar ed\u0259c\u0259yin\u0259 dair iddialar bo\u015f v\u0259 \u0259sass\u0131z\u0131d\u0131r\u201d.<\/em><\/p>\n\n\n\n<p><strong>Anar M\u0259mm\u0259dli sual edir: el\u0259 is\u0259 bu tozanaq n\u0259y\u0259 xidm\u0259t edir?<\/strong><\/p>\n\n\n\n<p><em>\u201cDo\u011frudanm\u0131 Az\u0259rbaycan hakimiyy\u0259ti siyasi irad\u0259 n\u00fcmayi\u015f etdirib imitasiyadan imtina ed\u0259c\u0259k v\u0259 b\u00fct\u00fcn xarici qurumlar\u0131 \u00f6lk\u0259d\u0259n qovacaq? Y\u0259ni Az\u0259rbaycan\u0131n ad\u0131n\u0131n Belarus v\u0259 Rusiya il\u0259 bir s\u0131rada \u00e7\u0259kilm\u0259sin\u0259 haz\u0131rd\u0131rlar? Bu suallar siyasi riskl\u0259rl\u0259 dolu cavablar t\u0259l\u0259b edir. Son 20 ild\u0259 Az\u0259rbaycan iqtidar\u0131 d\u0259f\u0259l\u0259rl\u0259 AB\u015e r\u0259smil\u0259ri il\u0259 k\u00fcs\u00fc\u015f\u00fcb, sonra da bar\u0131\u015f\u0131b. V\u0259 bu m\u00fcdd\u0259td\u0259 Az\u0259rbaycan hakimiyy\u0259tin\u0259 beyn\u0259lxalq al\u0259md\u0259 siyasi d\u0259st\u0259yi \u0259sirg\u0259m\u0259y\u0259n xeyli sayda AB\u015e r\u0259smil\u0259ri v\u0259 qurumlar\u0131 olub\u201d.<\/em><\/p>\n\n\n\n<p><strong>AB\u015e-a t\u0259hsil ard\u0131nca ged\u0259nl\u0259r<\/strong><\/p>\n\n\n\n<p>2022-2023-c\u00fc t\u0259dris ilind\u0259 Az\u0259rbaycandan AB\u015e-a t\u0259hsil alma\u011fa 901 g\u0259nc gedib. AB\u015e s\u0259firliyi bu say\u0131n \u0259vv\u0259lki ill\u0259 m\u00fcqayis\u0259d\u0259 23.8 faiz \u00e7ox oldu\u011funu a\u00e7\u0131qlay\u0131b.<\/p>\n\n\n\n<p>Bu \u00f6lk\u0259d\u0259 t\u0259hsil alan t\u0259l\u0259b\u0259l\u0259rin \u00e7oxuna d\u0259st\u0259yi Az\u0259rbaycan h\u00f6kum\u0259ti verib.<\/p>\n\n\n\n<p>Son g\u00fcnl\u0259r Az\u0259rbaycan hakimiyy\u0259tinin maliyy\u0259l\u0259\u015fdirdiyi media qurumlar\u0131 AB\u015e t\u0259\u015fkilatlar\u0131n\u0131n \u00f6lk\u0259d\u0259 maliyy\u0259l\u0259\u015fdirdiyi qurumlardan \u00e7ox yaz\u0131r. H\u0259min m\u0259qal\u0259l\u0259rd\u0259 \u0259sas da USA\u0130D-l\u0259 \u00e7al\u0131\u015fan media, qeyri-h\u00f6kum\u0259t t\u0259\u015fkilatlar\u0131 \u201cagent\u201d kimi t\u0259qdim edilir.<\/p>\n\n\n\n<p>\u00d6t\u0259n h\u0259ft\u0259 m\u00fcst\u0259qil media olan \u201cAbzasMedia\u201dn\u0131n direktoru \u00dclvi H\u0259s\u0259nli, ba\u015f redaktoru Sevinc Vaqifq\u0131z\u0131 v\u0259 bu media qurumunun direktor m\u00fcavini olan ictimai f\u0259al M\u0259h\u0259mm\u0259d Kekalov h\u0259bs edilib. Onlara qa\u00e7aqmal\u00e7\u0131l\u0131q ittiham\u0131 verilib.<\/p>\n\n\n\n<p>H\u0259r biri bar\u0259sind\u0259 h\u00f6kum\u0259t medias\u0131nda m\u00fcxt\u0259lif kompromat materiallar d\u0259rc edilib.<\/p>\n\n\n\n<p>Onlar h\u0259bsl\u0259rini f\u0259aliyy\u0259tl\u0259ri il\u0259 \u0259laq\u0259l\u0259ndirir, ittihamlar\u0131 \u0259sass\u0131z say\u0131rlar.<\/p>\n\n\n\n<p>V\u0259t\u0259nda\u015f c\u0259miyy\u0259ti n\u00fcmay\u0259nd\u0259l\u0259ri AB\u015e maliyy\u0259 institutlar\u0131 il\u0259 ba\u011fl\u0131 \u00e7\u0131xan kompromat xarakterli materiallardan sonra d\u0259f\u0259l\u0259rl\u0259 bildirib ki, USA\u0130D-d\u0259n \u0259n \u00e7ox maliyy\u0259 alan el\u0259 h\u00f6kum\u0259t\u0259 yax\u0131n QHT v\u0259 media qurumlard\u0131r.<\/p>\n","protected":false},"excerpt":{"rendered":"<p>Xaricd\u0259 t\u0259hsil alm\u0131\u015f f\u0259allar son g\u00fcnl\u0259r g\u00fcnd\u0259m olan \u201ccasus \u015f\u0259b\u0259k\u0259si\u201d &#8230; <\/p>\n<p class=\"read-more-container\"><a title=\"Hakimiyy\u0259tin \u201ccasus\u201d axtar\u0131\u015f\u0131: \u201c\u0130st\u0259yirl\u0259r ki, idar\u0259 ed\u0259 bilm\u0259dikl\u0259ri adamlar xaricd\u0259 t\u0259hsil almas\u0131n\u201d\" class=\"read-more button\" href=\"https:\/\/www.meydan.tv\/az\/article\/hakimiyyetin-casus-axtarisi-isteyirler-ki-idare-ede-bilmedikleri-adamlar-xaricde-tehsil-almasin\/#more-291595\" aria-label=\"Read more about Hakimiyy\u0259tin \u201ccasus\u201d axtar\u0131\u015f\u0131: \u201c\u0130st\u0259yirl\u0259r ki, idar\u0259 ed\u0259 bilm\u0259dikl\u0259ri adamlar xaricd\u0259 t\u0259hsil almas\u0131n\u201d\">Davam\u0131<\/a><\/p>\n","protected":false},"author":21,"featured_media":262030,"comment_status":"closed","ping_status":"closed","sticky":false,"template":"","format":"standard","meta":{"_acf_changed":false,"_sitemap_exclude":false,"_sitemap_priority":"","_sitemap_frequency":"","footnotes":""},"categories":[59,79,56],"tags":[],"class_list":["post-291595","post","type-post","status-publish","format-standard","has-post-thumbnail","hentry","category-siyaset","category-featured","category-xeberler","infinite-scroll-item","generate-columns","tablet-grid-50","mobile-grid-100","grid-parent","grid-33","no-featured-image-padding"],"acf":[],"yoast_head":"<!-- This site is optimized with the Yoast SEO plugin v27.4 - https:\/\/yoast.com\/product\/yoast-seo-wordpress\/ -->\n<title>Hakimiyy\u0259tin \u201ccasus\u201d axtar\u0131\u015f\u0131: \u201c\u0130st\u0259yirl\u0259r ki, idar\u0259 ed\u0259 bilm\u0259dikl\u0259ri adamlar xaricd\u0259 t\u0259hsil almas\u0131n\u201d - MEYDAN.TV<\/title>\n<meta name=\"robots\" content=\"index, follow, max-snippet:-1, max-image-preview:large, max-video-preview:-1\" \/>\n<link rel=\"canonical\" href=\"https:\/\/www.meydan.tv\/az\/article\/hakimiyyetin-casus-axtarisi-isteyirler-ki-idare-ede-bilmedikleri-adamlar-xaricde-tehsil-almasin\/\" \/>\n<meta property=\"og:locale\" content=\"az_AZ\" \/>\n<meta property=\"og:type\" content=\"article\" \/>\n<meta property=\"og:title\" content=\"Hakimiyy\u0259tin \u201ccasus\u201d axtar\u0131\u015f\u0131: \u201c\u0130st\u0259yirl\u0259r ki, idar\u0259 ed\u0259 bilm\u0259dikl\u0259ri adamlar xaricd\u0259 t\u0259hsil almas\u0131n\u201d - MEYDAN.TV\" \/>\n<meta property=\"og:description\" content=\"Xaricd\u0259 t\u0259hsil alm\u0131\u015f f\u0259allar son g\u00fcnl\u0259r g\u00fcnd\u0259m olan \u201ccasus \u015f\u0259b\u0259k\u0259si\u201d ... Davam\u0131\" \/>\n<meta property=\"og:url\" content=\"https:\/\/www.meydan.tv\/az\/article\/hakimiyyetin-casus-axtarisi-isteyirler-ki-idare-ede-bilmedikleri-adamlar-xaricde-tehsil-almasin\/\" \/>\n<meta property=\"og:site_name\" content=\"MEYDAN.TV\" \/>\n<meta property=\"article:published_time\" content=\"2023-11-28T07:38:16+00:00\" \/>\n<meta property=\"article:modified_time\" content=\"2023-11-28T07:38:23+00:00\" \/>\n<meta property=\"og:image\" content=\"https:\/\/www.meydan.tv\/wp-content\/uploads\/shutterstock_295914353.jpg\" \/>\n\t<meta property=\"og:image:width\" content=\"1200\" \/>\n\t<meta property=\"og:image:height\" content=\"600\" \/>\n\t<meta property=\"og:image:type\" content=\"image\/jpeg\" \/>\n<meta name=\"author\" content=\"mahmud\" \/>\n<meta name=\"twitter:card\" content=\"summary_large_image\" \/>\n<script type=\"application\/ld+json\" class=\"yoast-schema-graph\">{\"@context\":\"https:\\\/\\\/schema.org\",\"@graph\":[{\"@type\":\"Article\",\"@id\":\"https:\\\/\\\/www.meydan.tv\\\/az\\\/article\\\/hakimiyyetin-casus-axtarisi-isteyirler-ki-idare-ede-bilmedikleri-adamlar-xaricde-tehsil-almasin\\\/#article\",\"isPartOf\":{\"@id\":\"https:\\\/\\\/www.meydan.tv\\\/az\\\/article\\\/hakimiyyetin-casus-axtarisi-isteyirler-ki-idare-ede-bilmedikleri-adamlar-xaricde-tehsil-almasin\\\/\"},\"author\":{\"name\":\"mahmud\",\"@id\":\"https:\\\/\\\/www.meydan.tv\\\/az\\\/#\\\/schema\\\/person\\\/09863e516102a829e72bedcf3f84c6b0\"},\"headline\":\"Hakimiyy\u0259tin \u201ccasus\u201d axtar\u0131\u015f\u0131: \u201c\u0130st\u0259yirl\u0259r ki, idar\u0259 ed\u0259 bilm\u0259dikl\u0259ri adamlar xaricd\u0259 t\u0259hsil almas\u0131n\u201d\",\"datePublished\":\"2023-11-28T07:38:16+00:00\",\"dateModified\":\"2023-11-28T07:38:23+00:00\",\"mainEntityOfPage\":{\"@id\":\"https:\\\/\\\/www.meydan.tv\\\/az\\\/article\\\/hakimiyyetin-casus-axtarisi-isteyirler-ki-idare-ede-bilmedikleri-adamlar-xaricde-tehsil-almasin\\\/\"},\"wordCount\":2386,\"publisher\":{\"@id\":\"https:\\\/\\\/www.meydan.tv\\\/az\\\/#organization\"},\"image\":{\"@id\":\"https:\\\/\\\/www.meydan.tv\\\/az\\\/article\\\/hakimiyyetin-casus-axtarisi-isteyirler-ki-idare-ede-bilmedikleri-adamlar-xaricde-tehsil-almasin\\\/#primaryimage\"},\"thumbnailUrl\":\"https:\\\/\\\/www.meydan.tv\\\/wp-content\\\/uploads\\\/shutterstock_295914353.jpg\",\"articleSection\":[\"Siyas\u0259t\",\"T\u00f6vsiy\u0259\",\"X\u0259b\u0259rl\u0259r\"],\"inLanguage\":\"az\"},{\"@type\":\"WebPage\",\"@id\":\"https:\\\/\\\/www.meydan.tv\\\/az\\\/article\\\/hakimiyyetin-casus-axtarisi-isteyirler-ki-idare-ede-bilmedikleri-adamlar-xaricde-tehsil-almasin\\\/\",\"url\":\"https:\\\/\\\/www.meydan.tv\\\/az\\\/article\\\/hakimiyyetin-casus-axtarisi-isteyirler-ki-idare-ede-bilmedikleri-adamlar-xaricde-tehsil-almasin\\\/\",\"name\":\"Hakimiyy\u0259tin \u201ccasus\u201d axtar\u0131\u015f\u0131: \u201c\u0130st\u0259yirl\u0259r ki, idar\u0259 ed\u0259 bilm\u0259dikl\u0259ri adamlar xaricd\u0259 t\u0259hsil almas\u0131n\u201d - MEYDAN.TV\",\"isPartOf\":{\"@id\":\"https:\\\/\\\/www.meydan.tv\\\/az\\\/#website\"},\"primaryImageOfPage\":{\"@id\":\"https:\\\/\\\/www.meydan.tv\\\/az\\\/article\\\/hakimiyyetin-casus-axtarisi-isteyirler-ki-idare-ede-bilmedikleri-adamlar-xaricde-tehsil-almasin\\\/#primaryimage\"},\"image\":{\"@id\":\"https:\\\/\\\/www.meydan.tv\\\/az\\\/article\\\/hakimiyyetin-casus-axtarisi-isteyirler-ki-idare-ede-bilmedikleri-adamlar-xaricde-tehsil-almasin\\\/#primaryimage\"},\"thumbnailUrl\":\"https:\\\/\\\/www.meydan.tv\\\/wp-content\\\/uploads\\\/shutterstock_295914353.jpg\",\"datePublished\":\"2023-11-28T07:38:16+00:00\",\"dateModified\":\"2023-11-28T07:38:23+00:00\",\"breadcrumb\":{\"@id\":\"https:\\\/\\\/www.meydan.tv\\\/az\\\/article\\\/hakimiyyetin-casus-axtarisi-isteyirler-ki-idare-ede-bilmedikleri-adamlar-xaricde-tehsil-almasin\\\/#breadcrumb\"},\"inLanguage\":\"az\",\"potentialAction\":[{\"@type\":\"ReadAction\",\"target\":[\"https:\\\/\\\/www.meydan.tv\\\/az\\\/article\\\/hakimiyyetin-casus-axtarisi-isteyirler-ki-idare-ede-bilmedikleri-adamlar-xaricde-tehsil-almasin\\\/\"]}]},{\"@type\":\"ImageObject\",\"inLanguage\":\"az\",\"@id\":\"https:\\\/\\\/www.meydan.tv\\\/az\\\/article\\\/hakimiyyetin-casus-axtarisi-isteyirler-ki-idare-ede-bilmedikleri-adamlar-xaricde-tehsil-almasin\\\/#primaryimage\",\"url\":\"https:\\\/\\\/www.meydan.tv\\\/wp-content\\\/uploads\\\/shutterstock_295914353.jpg\",\"contentUrl\":\"https:\\\/\\\/www.meydan.tv\\\/wp-content\\\/uploads\\\/shutterstock_295914353.jpg\",\"width\":1200,\"height\":600,\"caption\":\"AB\u015e-Az\u0259rbaycan. Foto: Den Rozhnovsky\\\/shutterstock\"},{\"@type\":\"BreadcrumbList\",\"@id\":\"https:\\\/\\\/www.meydan.tv\\\/az\\\/article\\\/hakimiyyetin-casus-axtarisi-isteyirler-ki-idare-ede-bilmedikleri-adamlar-xaricde-tehsil-almasin\\\/#breadcrumb\",\"itemListElement\":[{\"@type\":\"ListItem\",\"position\":1,\"name\":\"Ana s\u0259hif\u0259\",\"item\":\"https:\\\/\\\/www.meydan.tv\\\/az\\\/\"},{\"@type\":\"ListItem\",\"position\":2,\"name\":\"Siyas\u0259t\",\"item\":\"https:\\\/\\\/www.meydan.tv\\\/az\\\/section\\\/siyaset\\\/\"},{\"@type\":\"ListItem\",\"position\":3,\"name\":\"Hakimiyy\u0259tin \u201ccasus\u201d axtar\u0131\u015f\u0131: \u201c\u0130st\u0259yirl\u0259r ki, idar\u0259 ed\u0259 bilm\u0259dikl\u0259ri adamlar xaricd\u0259 t\u0259hsil almas\u0131n\u201d\"}]},{\"@type\":\"WebSite\",\"@id\":\"https:\\\/\\\/www.meydan.tv\\\/az\\\/#website\",\"url\":\"https:\\\/\\\/www.meydan.tv\\\/az\\\/\",\"name\":\"MEYDAN.TV\",\"description\":\"Meydan TV Az\u0259rbaycan\u0131n media m\u0259kan\u0131ndak\u0131 alternativ s\u0259sidir\",\"publisher\":{\"@id\":\"https:\\\/\\\/www.meydan.tv\\\/az\\\/#organization\"},\"potentialAction\":[{\"@type\":\"SearchAction\",\"target\":{\"@type\":\"EntryPoint\",\"urlTemplate\":\"https:\\\/\\\/www.meydan.tv\\\/az\\\/?s={search_term_string}\"},\"query-input\":{\"@type\":\"PropertyValueSpecification\",\"valueRequired\":true,\"valueName\":\"search_term_string\"}}],\"inLanguage\":\"az\"},{\"@type\":\"Organization\",\"@id\":\"https:\\\/\\\/www.meydan.tv\\\/az\\\/#organization\",\"name\":\"Meydan TV\",\"url\":\"https:\\\/\\\/www.meydan.tv\\\/az\\\/\",\"logo\":{\"@type\":\"ImageObject\",\"inLanguage\":\"az\",\"@id\":\"https:\\\/\\\/www.meydan.tv\\\/az\\\/#\\\/schema\\\/logo\\\/image\\\/\",\"url\":\"https:\\\/\\\/www.meydan.tv\\\/wp-content\\\/uploads\\\/2021\\\/07\\\/meydan-logo.svg\",\"contentUrl\":\"https:\\\/\\\/www.meydan.tv\\\/wp-content\\\/uploads\\\/2021\\\/07\\\/meydan-logo.svg\",\"width\":195,\"height\":46,\"caption\":\"Meydan TV\"},\"image\":{\"@id\":\"https:\\\/\\\/www.meydan.tv\\\/az\\\/#\\\/schema\\\/logo\\\/image\\\/\"}},{\"@type\":\"Person\",\"@id\":\"https:\\\/\\\/www.meydan.tv\\\/az\\\/#\\\/schema\\\/person\\\/09863e516102a829e72bedcf3f84c6b0\",\"name\":\"mahmud\"}]}<\/script>\n<!-- \/ Yoast SEO plugin. -->","yoast_head_json":{"title":"Hakimiyy\u0259tin \u201ccasus\u201d axtar\u0131\u015f\u0131: \u201c\u0130st\u0259yirl\u0259r ki, idar\u0259 ed\u0259 bilm\u0259dikl\u0259ri adamlar xaricd\u0259 t\u0259hsil almas\u0131n\u201d - MEYDAN.TV","robots":{"index":"index","follow":"follow","max-snippet":"max-snippet:-1","max-image-preview":"max-image-preview:large","max-video-preview":"max-video-preview:-1"},"canonical":"https:\/\/www.meydan.tv\/az\/article\/hakimiyyetin-casus-axtarisi-isteyirler-ki-idare-ede-bilmedikleri-adamlar-xaricde-tehsil-almasin\/","og_locale":"az_AZ","og_type":"article","og_title":"Hakimiyy\u0259tin \u201ccasus\u201d axtar\u0131\u015f\u0131: \u201c\u0130st\u0259yirl\u0259r ki, idar\u0259 ed\u0259 bilm\u0259dikl\u0259ri adamlar xaricd\u0259 t\u0259hsil almas\u0131n\u201d - MEYDAN.TV","og_description":"Xaricd\u0259 t\u0259hsil alm\u0131\u015f f\u0259allar son g\u00fcnl\u0259r g\u00fcnd\u0259m olan \u201ccasus \u015f\u0259b\u0259k\u0259si\u201d ... Davam\u0131","og_url":"https:\/\/www.meydan.tv\/az\/article\/hakimiyyetin-casus-axtarisi-isteyirler-ki-idare-ede-bilmedikleri-adamlar-xaricde-tehsil-almasin\/","og_site_name":"MEYDAN.TV","article_published_time":"2023-11-28T07:38:16+00:00","article_modified_time":"2023-11-28T07:38:23+00:00","og_image":[{"width":1200,"height":600,"url":"https:\/\/www.meydan.tv\/wp-content\/uploads\/shutterstock_295914353.jpg","type":"image\/jpeg"}],"author":"mahmud","twitter_card":"summary_large_image","schema":{"@context":"https:\/\/schema.org","@graph":[{"@type":"Article","@id":"https:\/\/www.meydan.tv\/az\/article\/hakimiyyetin-casus-axtarisi-isteyirler-ki-idare-ede-bilmedikleri-adamlar-xaricde-tehsil-almasin\/#article","isPartOf":{"@id":"https:\/\/www.meydan.tv\/az\/article\/hakimiyyetin-casus-axtarisi-isteyirler-ki-idare-ede-bilmedikleri-adamlar-xaricde-tehsil-almasin\/"},"author":{"name":"mahmud","@id":"https:\/\/www.meydan.tv\/az\/#\/schema\/person\/09863e516102a829e72bedcf3f84c6b0"},"headline":"Hakimiyy\u0259tin \u201ccasus\u201d axtar\u0131\u015f\u0131: \u201c\u0130st\u0259yirl\u0259r ki, idar\u0259 ed\u0259 bilm\u0259dikl\u0259ri adamlar xaricd\u0259 t\u0259hsil almas\u0131n\u201d","datePublished":"2023-11-28T07:38:16+00:00","dateModified":"2023-11-28T07:38:23+00:00","mainEntityOfPage":{"@id":"https:\/\/www.meydan.tv\/az\/article\/hakimiyyetin-casus-axtarisi-isteyirler-ki-idare-ede-bilmedikleri-adamlar-xaricde-tehsil-almasin\/"},"wordCount":2386,"publisher":{"@id":"https:\/\/www.meydan.tv\/az\/#organization"},"image":{"@id":"https:\/\/www.meydan.tv\/az\/article\/hakimiyyetin-casus-axtarisi-isteyirler-ki-idare-ede-bilmedikleri-adamlar-xaricde-tehsil-almasin\/#primaryimage"},"thumbnailUrl":"https:\/\/www.meydan.tv\/wp-content\/uploads\/shutterstock_295914353.jpg","articleSection":["Siyas\u0259t","T\u00f6vsiy\u0259","X\u0259b\u0259rl\u0259r"],"inLanguage":"az"},{"@type":"WebPage","@id":"https:\/\/www.meydan.tv\/az\/article\/hakimiyyetin-casus-axtarisi-isteyirler-ki-idare-ede-bilmedikleri-adamlar-xaricde-tehsil-almasin\/","url":"https:\/\/www.meydan.tv\/az\/article\/hakimiyyetin-casus-axtarisi-isteyirler-ki-idare-ede-bilmedikleri-adamlar-xaricde-tehsil-almasin\/","name":"Hakimiyy\u0259tin \u201ccasus\u201d axtar\u0131\u015f\u0131: \u201c\u0130st\u0259yirl\u0259r ki, idar\u0259 ed\u0259 bilm\u0259dikl\u0259ri adamlar xaricd\u0259 t\u0259hsil almas\u0131n\u201d - MEYDAN.TV","isPartOf":{"@id":"https:\/\/www.meydan.tv\/az\/#website"},"primaryImageOfPage":{"@id":"https:\/\/www.meydan.tv\/az\/article\/hakimiyyetin-casus-axtarisi-isteyirler-ki-idare-ede-bilmedikleri-adamlar-xaricde-tehsil-almasin\/#primaryimage"},"image":{"@id":"https:\/\/www.meydan.tv\/az\/article\/hakimiyyetin-casus-axtarisi-isteyirler-ki-idare-ede-bilmedikleri-adamlar-xaricde-tehsil-almasin\/#primaryimage"},"thumbnailUrl":"https:\/\/www.meydan.tv\/wp-content\/uploads\/shutterstock_295914353.jpg","datePublished":"2023-11-28T07:38:16+00:00","dateModified":"2023-11-28T07:38:23+00:00","breadcrumb":{"@id":"https:\/\/www.meydan.tv\/az\/article\/hakimiyyetin-casus-axtarisi-isteyirler-ki-idare-ede-bilmedikleri-adamlar-xaricde-tehsil-almasin\/#breadcrumb"},"inLanguage":"az","potentialAction":[{"@type":"ReadAction","target":["https:\/\/www.meydan.tv\/az\/article\/hakimiyyetin-casus-axtarisi-isteyirler-ki-idare-ede-bilmedikleri-adamlar-xaricde-tehsil-almasin\/"]}]},{"@type":"ImageObject","inLanguage":"az","@id":"https:\/\/www.meydan.tv\/az\/article\/hakimiyyetin-casus-axtarisi-isteyirler-ki-idare-ede-bilmedikleri-adamlar-xaricde-tehsil-almasin\/#primaryimage","url":"https:\/\/www.meydan.tv\/wp-content\/uploads\/shutterstock_295914353.jpg","contentUrl":"https:\/\/www.meydan.tv\/wp-content\/uploads\/shutterstock_295914353.jpg","width":1200,"height":600,"caption":"AB\u015e-Az\u0259rbaycan. Foto: Den Rozhnovsky\/shutterstock"},{"@type":"BreadcrumbList","@id":"https:\/\/www.meydan.tv\/az\/article\/hakimiyyetin-casus-axtarisi-isteyirler-ki-idare-ede-bilmedikleri-adamlar-xaricde-tehsil-almasin\/#breadcrumb","itemListElement":[{"@type":"ListItem","position":1,"name":"Ana s\u0259hif\u0259","item":"https:\/\/www.meydan.tv\/az\/"},{"@type":"ListItem","position":2,"name":"Siyas\u0259t","item":"https:\/\/www.meydan.tv\/az\/section\/siyaset\/"},{"@type":"ListItem","position":3,"name":"Hakimiyy\u0259tin \u201ccasus\u201d axtar\u0131\u015f\u0131: \u201c\u0130st\u0259yirl\u0259r ki, idar\u0259 ed\u0259 bilm\u0259dikl\u0259ri adamlar xaricd\u0259 t\u0259hsil almas\u0131n\u201d"}]},{"@type":"WebSite","@id":"https:\/\/www.meydan.tv\/az\/#website","url":"https:\/\/www.meydan.tv\/az\/","name":"MEYDAN.TV","description":"Meydan TV Az\u0259rbaycan\u0131n media m\u0259kan\u0131ndak\u0131 alternativ s\u0259sidir","publisher":{"@id":"https:\/\/www.meydan.tv\/az\/#organization"},"potentialAction":[{"@type":"SearchAction","target":{"@type":"EntryPoint","urlTemplate":"https:\/\/www.meydan.tv\/az\/?s={search_term_string}"},"query-input":{"@type":"PropertyValueSpecification","valueRequired":true,"valueName":"search_term_string"}}],"inLanguage":"az"},{"@type":"Organization","@id":"https:\/\/www.meydan.tv\/az\/#organization","name":"Meydan TV","url":"https:\/\/www.meydan.tv\/az\/","logo":{"@type":"ImageObject","inLanguage":"az","@id":"https:\/\/www.meydan.tv\/az\/#\/schema\/logo\/image\/","url":"https:\/\/www.meydan.tv\/wp-content\/uploads\/2021\/07\/meydan-logo.svg","contentUrl":"https:\/\/www.meydan.tv\/wp-content\/uploads\/2021\/07\/meydan-logo.svg","width":195,"height":46,"caption":"Meydan TV"},"image":{"@id":"https:\/\/www.meydan.tv\/az\/#\/schema\/logo\/image\/"}},{"@type":"Person","@id":"https:\/\/www.meydan.tv\/az\/#\/schema\/person\/09863e516102a829e72bedcf3f84c6b0","name":"mahmud"}]}},"_links":{"self":[{"href":"https:\/\/www.meydan.tv\/az\/wp-json\/wp\/v2\/posts\/291595","targetHints":{"allow":["GET"]}}],"collection":[{"href":"https:\/\/www.meydan.tv\/az\/wp-json\/wp\/v2\/posts"}],"about":[{"href":"https:\/\/www.meydan.tv\/az\/wp-json\/wp\/v2\/types\/post"}],"author":[{"embeddable":true,"href":"https:\/\/www.meydan.tv\/az\/wp-json\/wp\/v2\/users\/21"}],"replies":[{"embeddable":true,"href":"https:\/\/www.meydan.tv\/az\/wp-json\/wp\/v2\/comments?post=291595"}],"version-history":[{"count":1,"href":"https:\/\/www.meydan.tv\/az\/wp-json\/wp\/v2\/posts\/291595\/revisions"}],"predecessor-version":[{"id":291599,"href":"https:\/\/www.meydan.tv\/az\/wp-json\/wp\/v2\/posts\/291595\/revisions\/291599"}],"wp:featuredmedia":[{"embeddable":true,"href":"https:\/\/www.meydan.tv\/az\/wp-json\/wp\/v2\/media\/262030"}],"wp:attachment":[{"href":"https:\/\/www.meydan.tv\/az\/wp-json\/wp\/v2\/media?parent=291595"}],"wp:term":[{"taxonomy":"category","embeddable":true,"href":"https:\/\/www.meydan.tv\/az\/wp-json\/wp\/v2\/categories?post=291595"},{"taxonomy":"post_tag","embeddable":true,"href":"https:\/\/www.meydan.tv\/az\/wp-json\/wp\/v2\/tags?post=291595"}],"curies":[{"name":"wp","href":"https:\/\/api.w.org\/{rel}","templated":true}]}}