{"id":291559,"date":"2023-11-27T18:58:28","date_gmt":"2023-11-27T14:58:28","guid":{"rendered":"https:\/\/www.meydan.tv\/?p=291559"},"modified":"2023-11-27T23:50:04","modified_gmt":"2023-11-27T19:50:04","slug":"kanal-13-un-rehberinin-evinde-axtaris-aparilir","status":"publish","type":"post","link":"https:\/\/www.meydan.tv\/az\/article\/kanal-13-un-rehberinin-evinde-axtaris-aparilir\/","title":{"rendered":"\u201cKanal 13\u201d-\u00fcn r\u0259hb\u0259ri saxlan\u0131l\u0131b ( Yenil\u0259nib)"},"content":{"rendered":"\n<figure class=\"wp-block-embed is-type-video is-provider-youtube wp-block-embed-youtube wp-embed-aspect-16-9 wp-has-aspect-ratio\"><div class=\"wp-block-embed__wrapper\">\n<iframe title=\"&#039;&#039;\u018fziz Orucovun saxlan\u0131lmas\u0131 \u201cKanal 13\u201d\u00fcn f\u0259aliyy\u0259ti il\u0259 \u0259laq\u0259lidir&#039;&#039;\" width=\"1200\" height=\"675\" data-src=\"https:\/\/www.youtube.com\/embed\/oB8fZ_wMuX8?feature=oembed\" frameborder=\"0\" allow=\"accelerometer; autoplay; clipboard-write; encrypted-media; gyroscope; picture-in-picture; web-share\" allowfullscreen src=\"data:image\/svg+xml;base64,PHN2ZyB3aWR0aD0iMSIgaGVpZ2h0PSIxIiB4bWxucz0iaHR0cDovL3d3dy53My5vcmcvMjAwMC9zdmciPjwvc3ZnPg==\" class=\"lazyload\" data-load-mode=\"1\"><\/iframe>\n<\/div><\/figure>\n\n\n\n<p>\u201cKanal 13\u201d internet televiziyas\u0131n\u0131n direktoru Anar Orucov sosial media hesab\u0131nda yaz\u0131b ki,  qarda\u015f\u0131 \u018fziz Orucov saxlan\u0131l\u0131b:<\/p>\n\n\n\n<p><em>&#8220;\u0130ndic\u0259 Bak\u0131da evimizl\u0259 dan\u0131\u015fd\u0131m. V\u0259kil B\u0259hruz Bayramov da m\u0259lumat verdi. Qarda\u015f\u0131m, ke\u00e7mi\u015f siyasi m\u0259hbus \u018fziz Orucov saxlan\u0131l\u0131b v\u0259 evd\u0259 axtar\u0131\u015f apar\u0131l\u0131r.&#8221;<\/em><\/p>\n\n\n\n<hr class=\"wp-block-separator has-alpha-channel-opacity\"\/>\n\n\n\n<p><strong><em>S\u0259bail Rayon M\u0259hk\u0259m\u0259si axtar\u0131\u015f \u00fc\u00e7\u00fcn q\u0259rar \u00e7\u0131xar\u0131b<\/em><\/strong><\/p>\n\n\n\n<p>\u201cKanal 13\u201d internet televiziyas\u0131n\u0131n r\u0259hb\u0259ri \u018fziz Orucovun evind\u0259 noyabr\u0131n 27-d\u0259 ax\u015fam saat 18 rad\u0259l\u0259rind\u0259n axtar\u0131\u015f ba\u015flay\u0131b. Bu bar\u0259d\u0259 onun v\u0259kili B\u0259hruz Bayramov m\u0259lumat verib.<\/p>\n\n\n\n<p>V\u0259kilin Meydan TV-y\u0259 bildirdiyin\u0259 g\u00f6r\u0259, axtar\u0131\u015fa g\u0259l\u0259nl\u0259r m\u0259hk\u0259m\u0259 q\u0259rar\u0131n\u0131 t\u0259qdim edibl\u0259r. S\u0259bail Rayon M\u0259hk\u0259m\u0259si \u018fziz Orucovun evind\u0259 axtar\u0131\u015f apar\u0131lmas\u0131 haqda q\u0259rar verib.<\/p>\n\n\n\n<p><em>\u201cAxtar\u0131\u015f\u0131n apar\u0131lmas\u0131n\u0131n s\u0259b\u0259bi bar\u0259d\u0259 he\u00e7 n\u0259 m\u0259lum deyil\u201d<\/em>, &#8211; B\u0259hruz Bayramov bildirib.<\/p>\n\n\n\n<p>\u018fziz Orucovun saxlanmas\u0131na g\u0259linc\u0259, v\u0259kil bildirib ki, \u201cKanal 13\u201d r\u0259hb\u0259ri saxlan\u0131lmay\u0131b.<\/p>\n\n\n\n<p>\u018fziz Orucov 2017-ci ilin may\u0131nda \u0259vv\u0259lc\u0259 30 g\u00fcn inzibati h\u0259bs c\u0259zas\u0131 alm\u0131\u015fd\u0131. Bu c\u0259za bitdiyi g\u00fcn &#8211; iyunun 1-d\u0259 onun bar\u0259sind\u0259 cinay\u0259t i\u015fi ba\u015flanm\u0131\u015f, Cinay\u0259t M\u0259c\u0259ll\u0259sinin 192 (qanunsuz sahibkarl\u0131q) v\u0259 308-ci (v\u0259zif\u0259 s\u0259lahiyy\u0259tl\u0259rind\u0259n sui-istifad\u0259) madd\u0259l\u0259ri il\u0259 ittiham ir\u0259li s\u00fcr\u00fclm\u00fc\u015fd\u00fc. Ona bu ittihamlarla 6 il azadl\u0131qdan m\u0259hrumetm\u0259 c\u0259zas\u0131 verils\u0259 d\u0259, Ali M\u0259hk\u0259m\u0259nin q\u0259rar\u0131yla 2018-ci ilin aprelind\u0259 \u015f\u0259rti c\u0259za il\u0259 h\u0259bsd\u0259n burax\u0131l\u0131b.<\/p>\n\n\n\n<p>\u018fziz Orucov ittihamlar\u0131 q\u0259bul etmir, r\u0259hb\u0259rlik etdiyi internet televiziyas\u0131n\u0131n t\u0259nqid\u00e7i f\u0259aliyy\u0259tin\u0259 g\u00f6r\u0259 c\u0259zaland\u0131r\u0131ld\u0131\u011f\u0131n\u0131 bildirirdi.<\/p>\n\n\n\n<p>Korrupsiya ara\u015fd\u0131rmalar\u0131yla tan\u0131nan \u201cAbzasMedia\u201d sayt\u0131n\u0131n direktoru \u00dclvi H\u0259s\u0259nli v\u0259 ba\u015f redaktoru Sevinc Vaqifq\u0131z\u0131 noyabr\u0131n 20-d\u0259 saxlan\u0131l\u0131b. H\u0259r iki jurnalist\u0259 qar\u015f\u0131 qa\u00e7aqmal\u00e7\u0131l\u0131q ittiham\u0131 ir\u0259li s\u00fcr\u00fcl\u00fcb.<\/p>\n\n\n\n<p>Jurnalistl\u0259r bu ittiham\u0131 r\u0259dd edir, korrupsiya ara\u015fd\u0131rmalar\u0131na g\u00f6r\u0259 h\u0259bs olunduqlar\u0131n\u0131 bildirirl\u0259r.<\/p>\n","protected":false},"excerpt":{"rendered":"<p>\u201cKanal 13\u201d internet televiziyas\u0131n\u0131n direktoru Anar Orucov sosial media hesab\u0131nda &#8230; <\/p>\n<p class=\"read-more-container\"><a title=\"\u201cKanal 13\u201d-\u00fcn r\u0259hb\u0259ri saxlan\u0131l\u0131b ( Yenil\u0259nib)\" class=\"read-more button\" href=\"https:\/\/www.meydan.tv\/az\/article\/kanal-13-un-rehberinin-evinde-axtaris-aparilir\/#more-291559\" aria-label=\"Read more about \u201cKanal 13\u201d-\u00fcn r\u0259hb\u0259ri saxlan\u0131l\u0131b ( Yenil\u0259nib)\">Davam\u0131<\/a><\/p>\n","protected":false},"author":21,"featured_media":291585,"comment_status":"closed","ping_status":"closed","sticky":false,"template":"","format":"standard","meta":{"_acf_changed":false,"_sitemap_exclude":false,"_sitemap_priority":"","_sitemap_frequency":"","footnotes":""},"categories":[59,79,63,56],"tags":[],"class_list":["post-291559","post","type-post","status-publish","format-standard","has-post-thumbnail","hentry","category-siyaset","category-featured","category-video-2","category-xeberler","infinite-scroll-item","generate-columns","tablet-grid-50","mobile-grid-100","grid-parent","grid-33","no-featured-image-padding"],"acf":[],"yoast_head":"<!-- This site is optimized with the Yoast SEO plugin v27.4 - https:\/\/yoast.com\/product\/yoast-seo-wordpress\/ -->\n<title>\u201cKanal 13\u201d-\u00fcn r\u0259hb\u0259ri saxlan\u0131l\u0131b ( Yenil\u0259nib) - MEYDAN.TV<\/title>\n<meta name=\"robots\" content=\"index, follow, max-snippet:-1, max-image-preview:large, max-video-preview:-1\" \/>\n<link rel=\"canonical\" href=\"https:\/\/www.meydan.tv\/az\/article\/kanal-13-un-rehberinin-evinde-axtaris-aparilir\/\" \/>\n<meta property=\"og:locale\" content=\"az_AZ\" \/>\n<meta property=\"og:type\" content=\"article\" \/>\n<meta property=\"og:title\" content=\"\u201cKanal 13\u201d-\u00fcn r\u0259hb\u0259ri saxlan\u0131l\u0131b ( Yenil\u0259nib) - MEYDAN.TV\" \/>\n<meta property=\"og:description\" content=\"\u201cKanal 13\u201d internet televiziyas\u0131n\u0131n direktoru Anar Orucov sosial media hesab\u0131nda ... Davam\u0131\" \/>\n<meta property=\"og:url\" content=\"https:\/\/www.meydan.tv\/az\/article\/kanal-13-un-rehberinin-evinde-axtaris-aparilir\/\" \/>\n<meta property=\"og:site_name\" content=\"MEYDAN.TV\" \/>\n<meta property=\"article:published_time\" content=\"2023-11-27T14:58:28+00:00\" \/>\n<meta property=\"article:modified_time\" content=\"2023-11-27T19:50:04+00:00\" \/>\n<meta property=\"og:image\" content=\"https:\/\/www.meydan.tv\/wp-content\/uploads\/img_0647-scaled.jpg\" \/>\n\t<meta property=\"og:image:width\" content=\"2560\" \/>\n\t<meta property=\"og:image:height\" content=\"1707\" \/>\n\t<meta property=\"og:image:type\" content=\"image\/jpeg\" \/>\n<meta name=\"author\" content=\"mahmud\" \/>\n<meta name=\"twitter:card\" content=\"summary_large_image\" \/>\n<script type=\"application\/ld+json\" class=\"yoast-schema-graph\">{\"@context\":\"https:\\\/\\\/schema.org\",\"@graph\":[{\"@type\":\"Article\",\"@id\":\"https:\\\/\\\/www.meydan.tv\\\/az\\\/article\\\/kanal-13-un-rehberinin-evinde-axtaris-aparilir\\\/#article\",\"isPartOf\":{\"@id\":\"https:\\\/\\\/www.meydan.tv\\\/az\\\/article\\\/kanal-13-un-rehberinin-evinde-axtaris-aparilir\\\/\"},\"author\":{\"name\":\"mahmud\",\"@id\":\"https:\\\/\\\/www.meydan.tv\\\/az\\\/#\\\/schema\\\/person\\\/09863e516102a829e72bedcf3f84c6b0\"},\"headline\":\"\u201cKanal 13\u201d-\u00fcn r\u0259hb\u0259ri saxlan\u0131l\u0131b ( Yenil\u0259nib)\",\"datePublished\":\"2023-11-27T14:58:28+00:00\",\"dateModified\":\"2023-11-27T19:50:04+00:00\",\"mainEntityOfPage\":{\"@id\":\"https:\\\/\\\/www.meydan.tv\\\/az\\\/article\\\/kanal-13-un-rehberinin-evinde-axtaris-aparilir\\\/\"},\"wordCount\":390,\"publisher\":{\"@id\":\"https:\\\/\\\/www.meydan.tv\\\/az\\\/#organization\"},\"image\":{\"@id\":\"https:\\\/\\\/www.meydan.tv\\\/az\\\/article\\\/kanal-13-un-rehberinin-evinde-axtaris-aparilir\\\/#primaryimage\"},\"thumbnailUrl\":\"https:\\\/\\\/www.meydan.tv\\\/wp-content\\\/uploads\\\/img_0647-scaled-e1702980164171.jpg\",\"articleSection\":[\"Siyas\u0259t\",\"T\u00f6vsiy\u0259\",\"Video\",\"X\u0259b\u0259rl\u0259r\"],\"inLanguage\":\"az\"},{\"@type\":\"WebPage\",\"@id\":\"https:\\\/\\\/www.meydan.tv\\\/az\\\/article\\\/kanal-13-un-rehberinin-evinde-axtaris-aparilir\\\/\",\"url\":\"https:\\\/\\\/www.meydan.tv\\\/az\\\/article\\\/kanal-13-un-rehberinin-evinde-axtaris-aparilir\\\/\",\"name\":\"\u201cKanal 13\u201d-\u00fcn r\u0259hb\u0259ri saxlan\u0131l\u0131b ( Yenil\u0259nib) - MEYDAN.TV\",\"isPartOf\":{\"@id\":\"https:\\\/\\\/www.meydan.tv\\\/az\\\/#website\"},\"primaryImageOfPage\":{\"@id\":\"https:\\\/\\\/www.meydan.tv\\\/az\\\/article\\\/kanal-13-un-rehberinin-evinde-axtaris-aparilir\\\/#primaryimage\"},\"image\":{\"@id\":\"https:\\\/\\\/www.meydan.tv\\\/az\\\/article\\\/kanal-13-un-rehberinin-evinde-axtaris-aparilir\\\/#primaryimage\"},\"thumbnailUrl\":\"https:\\\/\\\/www.meydan.tv\\\/wp-content\\\/uploads\\\/img_0647-scaled-e1702980164171.jpg\",\"datePublished\":\"2023-11-27T14:58:28+00:00\",\"dateModified\":\"2023-11-27T19:50:04+00:00\",\"breadcrumb\":{\"@id\":\"https:\\\/\\\/www.meydan.tv\\\/az\\\/article\\\/kanal-13-un-rehberinin-evinde-axtaris-aparilir\\\/#breadcrumb\"},\"inLanguage\":\"az\",\"potentialAction\":[{\"@type\":\"ReadAction\",\"target\":[\"https:\\\/\\\/www.meydan.tv\\\/az\\\/article\\\/kanal-13-un-rehberinin-evinde-axtaris-aparilir\\\/\"]}]},{\"@type\":\"ImageObject\",\"inLanguage\":\"az\",\"@id\":\"https:\\\/\\\/www.meydan.tv\\\/az\\\/article\\\/kanal-13-un-rehberinin-evinde-axtaris-aparilir\\\/#primaryimage\",\"url\":\"https:\\\/\\\/www.meydan.tv\\\/wp-content\\\/uploads\\\/img_0647-scaled-e1702980164171.jpg\",\"contentUrl\":\"https:\\\/\\\/www.meydan.tv\\\/wp-content\\\/uploads\\\/img_0647-scaled-e1702980164171.jpg\",\"width\":2560,\"height\":1096,\"caption\":\"\u018fziz Orucov. Foto: Meydan TV\"},{\"@type\":\"BreadcrumbList\",\"@id\":\"https:\\\/\\\/www.meydan.tv\\\/az\\\/article\\\/kanal-13-un-rehberinin-evinde-axtaris-aparilir\\\/#breadcrumb\",\"itemListElement\":[{\"@type\":\"ListItem\",\"position\":1,\"name\":\"Ana s\u0259hif\u0259\",\"item\":\"https:\\\/\\\/www.meydan.tv\\\/az\\\/\"},{\"@type\":\"ListItem\",\"position\":2,\"name\":\"Siyas\u0259t\",\"item\":\"https:\\\/\\\/www.meydan.tv\\\/az\\\/section\\\/siyaset\\\/\"},{\"@type\":\"ListItem\",\"position\":3,\"name\":\"\u201cKanal 13\u201d-\u00fcn r\u0259hb\u0259ri saxlan\u0131l\u0131b ( Yenil\u0259nib)\"}]},{\"@type\":\"WebSite\",\"@id\":\"https:\\\/\\\/www.meydan.tv\\\/az\\\/#website\",\"url\":\"https:\\\/\\\/www.meydan.tv\\\/az\\\/\",\"name\":\"MEYDAN.TV\",\"description\":\"Meydan TV Az\u0259rbaycan\u0131n media m\u0259kan\u0131ndak\u0131 alternativ s\u0259sidir\",\"publisher\":{\"@id\":\"https:\\\/\\\/www.meydan.tv\\\/az\\\/#organization\"},\"potentialAction\":[{\"@type\":\"SearchAction\",\"target\":{\"@type\":\"EntryPoint\",\"urlTemplate\":\"https:\\\/\\\/www.meydan.tv\\\/az\\\/?s={search_term_string}\"},\"query-input\":{\"@type\":\"PropertyValueSpecification\",\"valueRequired\":true,\"valueName\":\"search_term_string\"}}],\"inLanguage\":\"az\"},{\"@type\":\"Organization\",\"@id\":\"https:\\\/\\\/www.meydan.tv\\\/az\\\/#organization\",\"name\":\"Meydan TV\",\"url\":\"https:\\\/\\\/www.meydan.tv\\\/az\\\/\",\"logo\":{\"@type\":\"ImageObject\",\"inLanguage\":\"az\",\"@id\":\"https:\\\/\\\/www.meydan.tv\\\/az\\\/#\\\/schema\\\/logo\\\/image\\\/\",\"url\":\"https:\\\/\\\/www.meydan.tv\\\/wp-content\\\/uploads\\\/2021\\\/07\\\/meydan-logo.svg\",\"contentUrl\":\"https:\\\/\\\/www.meydan.tv\\\/wp-content\\\/uploads\\\/2021\\\/07\\\/meydan-logo.svg\",\"width\":195,\"height\":46,\"caption\":\"Meydan TV\"},\"image\":{\"@id\":\"https:\\\/\\\/www.meydan.tv\\\/az\\\/#\\\/schema\\\/logo\\\/image\\\/\"}},{\"@type\":\"Person\",\"@id\":\"https:\\\/\\\/www.meydan.tv\\\/az\\\/#\\\/schema\\\/person\\\/09863e516102a829e72bedcf3f84c6b0\",\"name\":\"mahmud\"}]}<\/script>\n<!-- \/ Yoast SEO plugin. -->","yoast_head_json":{"title":"\u201cKanal 13\u201d-\u00fcn r\u0259hb\u0259ri saxlan\u0131l\u0131b ( Yenil\u0259nib) - MEYDAN.TV","robots":{"index":"index","follow":"follow","max-snippet":"max-snippet:-1","max-image-preview":"max-image-preview:large","max-video-preview":"max-video-preview:-1"},"canonical":"https:\/\/www.meydan.tv\/az\/article\/kanal-13-un-rehberinin-evinde-axtaris-aparilir\/","og_locale":"az_AZ","og_type":"article","og_title":"\u201cKanal 13\u201d-\u00fcn r\u0259hb\u0259ri saxlan\u0131l\u0131b ( Yenil\u0259nib) - MEYDAN.TV","og_description":"\u201cKanal 13\u201d internet televiziyas\u0131n\u0131n direktoru Anar Orucov sosial media hesab\u0131nda ... Davam\u0131","og_url":"https:\/\/www.meydan.tv\/az\/article\/kanal-13-un-rehberinin-evinde-axtaris-aparilir\/","og_site_name":"MEYDAN.TV","article_published_time":"2023-11-27T14:58:28+00:00","article_modified_time":"2023-11-27T19:50:04+00:00","og_image":[{"width":2560,"height":1707,"url":"https:\/\/www.meydan.tv\/wp-content\/uploads\/img_0647-scaled.jpg","type":"image\/jpeg"}],"author":"mahmud","twitter_card":"summary_large_image","schema":{"@context":"https:\/\/schema.org","@graph":[{"@type":"Article","@id":"https:\/\/www.meydan.tv\/az\/article\/kanal-13-un-rehberinin-evinde-axtaris-aparilir\/#article","isPartOf":{"@id":"https:\/\/www.meydan.tv\/az\/article\/kanal-13-un-rehberinin-evinde-axtaris-aparilir\/"},"author":{"name":"mahmud","@id":"https:\/\/www.meydan.tv\/az\/#\/schema\/person\/09863e516102a829e72bedcf3f84c6b0"},"headline":"\u201cKanal 13\u201d-\u00fcn r\u0259hb\u0259ri saxlan\u0131l\u0131b ( Yenil\u0259nib)","datePublished":"2023-11-27T14:58:28+00:00","dateModified":"2023-11-27T19:50:04+00:00","mainEntityOfPage":{"@id":"https:\/\/www.meydan.tv\/az\/article\/kanal-13-un-rehberinin-evinde-axtaris-aparilir\/"},"wordCount":390,"publisher":{"@id":"https:\/\/www.meydan.tv\/az\/#organization"},"image":{"@id":"https:\/\/www.meydan.tv\/az\/article\/kanal-13-un-rehberinin-evinde-axtaris-aparilir\/#primaryimage"},"thumbnailUrl":"https:\/\/www.meydan.tv\/wp-content\/uploads\/img_0647-scaled-e1702980164171.jpg","articleSection":["Siyas\u0259t","T\u00f6vsiy\u0259","Video","X\u0259b\u0259rl\u0259r"],"inLanguage":"az"},{"@type":"WebPage","@id":"https:\/\/www.meydan.tv\/az\/article\/kanal-13-un-rehberinin-evinde-axtaris-aparilir\/","url":"https:\/\/www.meydan.tv\/az\/article\/kanal-13-un-rehberinin-evinde-axtaris-aparilir\/","name":"\u201cKanal 13\u201d-\u00fcn r\u0259hb\u0259ri saxlan\u0131l\u0131b ( Yenil\u0259nib) - MEYDAN.TV","isPartOf":{"@id":"https:\/\/www.meydan.tv\/az\/#website"},"primaryImageOfPage":{"@id":"https:\/\/www.meydan.tv\/az\/article\/kanal-13-un-rehberinin-evinde-axtaris-aparilir\/#primaryimage"},"image":{"@id":"https:\/\/www.meydan.tv\/az\/article\/kanal-13-un-rehberinin-evinde-axtaris-aparilir\/#primaryimage"},"thumbnailUrl":"https:\/\/www.meydan.tv\/wp-content\/uploads\/img_0647-scaled-e1702980164171.jpg","datePublished":"2023-11-27T14:58:28+00:00","dateModified":"2023-11-27T19:50:04+00:00","breadcrumb":{"@id":"https:\/\/www.meydan.tv\/az\/article\/kanal-13-un-rehberinin-evinde-axtaris-aparilir\/#breadcrumb"},"inLanguage":"az","potentialAction":[{"@type":"ReadAction","target":["https:\/\/www.meydan.tv\/az\/article\/kanal-13-un-rehberinin-evinde-axtaris-aparilir\/"]}]},{"@type":"ImageObject","inLanguage":"az","@id":"https:\/\/www.meydan.tv\/az\/article\/kanal-13-un-rehberinin-evinde-axtaris-aparilir\/#primaryimage","url":"https:\/\/www.meydan.tv\/wp-content\/uploads\/img_0647-scaled-e1702980164171.jpg","contentUrl":"https:\/\/www.meydan.tv\/wp-content\/uploads\/img_0647-scaled-e1702980164171.jpg","width":2560,"height":1096,"caption":"\u018fziz Orucov. Foto: Meydan TV"},{"@type":"BreadcrumbList","@id":"https:\/\/www.meydan.tv\/az\/article\/kanal-13-un-rehberinin-evinde-axtaris-aparilir\/#breadcrumb","itemListElement":[{"@type":"ListItem","position":1,"name":"Ana s\u0259hif\u0259","item":"https:\/\/www.meydan.tv\/az\/"},{"@type":"ListItem","position":2,"name":"Siyas\u0259t","item":"https:\/\/www.meydan.tv\/az\/section\/siyaset\/"},{"@type":"ListItem","position":3,"name":"\u201cKanal 13\u201d-\u00fcn r\u0259hb\u0259ri saxlan\u0131l\u0131b ( Yenil\u0259nib)"}]},{"@type":"WebSite","@id":"https:\/\/www.meydan.tv\/az\/#website","url":"https:\/\/www.meydan.tv\/az\/","name":"MEYDAN.TV","description":"Meydan TV Az\u0259rbaycan\u0131n media m\u0259kan\u0131ndak\u0131 alternativ s\u0259sidir","publisher":{"@id":"https:\/\/www.meydan.tv\/az\/#organization"},"potentialAction":[{"@type":"SearchAction","target":{"@type":"EntryPoint","urlTemplate":"https:\/\/www.meydan.tv\/az\/?s={search_term_string}"},"query-input":{"@type":"PropertyValueSpecification","valueRequired":true,"valueName":"search_term_string"}}],"inLanguage":"az"},{"@type":"Organization","@id":"https:\/\/www.meydan.tv\/az\/#organization","name":"Meydan TV","url":"https:\/\/www.meydan.tv\/az\/","logo":{"@type":"ImageObject","inLanguage":"az","@id":"https:\/\/www.meydan.tv\/az\/#\/schema\/logo\/image\/","url":"https:\/\/www.meydan.tv\/wp-content\/uploads\/2021\/07\/meydan-logo.svg","contentUrl":"https:\/\/www.meydan.tv\/wp-content\/uploads\/2021\/07\/meydan-logo.svg","width":195,"height":46,"caption":"Meydan TV"},"image":{"@id":"https:\/\/www.meydan.tv\/az\/#\/schema\/logo\/image\/"}},{"@type":"Person","@id":"https:\/\/www.meydan.tv\/az\/#\/schema\/person\/09863e516102a829e72bedcf3f84c6b0","name":"mahmud"}]}},"_links":{"self":[{"href":"https:\/\/www.meydan.tv\/az\/wp-json\/wp\/v2\/posts\/291559","targetHints":{"allow":["GET"]}}],"collection":[{"href":"https:\/\/www.meydan.tv\/az\/wp-json\/wp\/v2\/posts"}],"about":[{"href":"https:\/\/www.meydan.tv\/az\/wp-json\/wp\/v2\/types\/post"}],"author":[{"embeddable":true,"href":"https:\/\/www.meydan.tv\/az\/wp-json\/wp\/v2\/users\/21"}],"replies":[{"embeddable":true,"href":"https:\/\/www.meydan.tv\/az\/wp-json\/wp\/v2\/comments?post=291559"}],"version-history":[{"count":6,"href":"https:\/\/www.meydan.tv\/az\/wp-json\/wp\/v2\/posts\/291559\/revisions"}],"predecessor-version":[{"id":291582,"href":"https:\/\/www.meydan.tv\/az\/wp-json\/wp\/v2\/posts\/291559\/revisions\/291582"}],"wp:featuredmedia":[{"embeddable":true,"href":"https:\/\/www.meydan.tv\/az\/wp-json\/wp\/v2\/media\/291585"}],"wp:attachment":[{"href":"https:\/\/www.meydan.tv\/az\/wp-json\/wp\/v2\/media?parent=291559"}],"wp:term":[{"taxonomy":"category","embeddable":true,"href":"https:\/\/www.meydan.tv\/az\/wp-json\/wp\/v2\/categories?post=291559"},{"taxonomy":"post_tag","embeddable":true,"href":"https:\/\/www.meydan.tv\/az\/wp-json\/wp\/v2\/tags?post=291559"}],"curies":[{"name":"wp","href":"https:\/\/api.w.org\/{rel}","templated":true}]}}