{"id":291548,"date":"2023-11-27T14:21:13","date_gmt":"2023-11-27T10:21:13","guid":{"rendered":"https:\/\/www.meydan.tv\/?p=291548"},"modified":"2023-11-27T14:21:16","modified_gmt":"2023-11-27T10:21:16","slug":"ulvi-hesenli-ile-bagli-apelyasiya-sikayeti-temin-edilmedi","status":"publish","type":"post","link":"https:\/\/www.meydan.tv\/az\/article\/ulvi-hesenli-ile-bagli-apelyasiya-sikayeti-temin-edilmedi\/","title":{"rendered":"\u00dclvi H\u0259s\u0259nli il\u0259 ba\u011fl\u0131 apelyasiya \u015fikay\u0259ti t\u0259min edilm\u0259di"},"content":{"rendered":"\n<p><\/p>\n\n\n\n<p><strong><em>Sayt direktoru m\u0259qs\u0259dli \u015f\u0259kild\u0259 ofisin\u0259 pul qoyuldu\u011funu deyib<\/em><\/strong><\/p>\n\n\n\n<p>\u201cAbzasMedia\u201dn\u0131n direktoru \u00dclvi H\u0259s\u0259nli d\u0259 h\u0259bsd\u0259 qald\u0131. Onun haqq\u0131nda ilkin istintaq d\u00f6vr\u00fc \u00fc\u00e7\u00fcn 4 ayl\u0131q h\u0259bs q\u0259timkan t\u0259dbiri se\u00e7ilm\u0259siyl\u0259 ba\u011fl\u0131 X\u0259tai Rayon M\u0259hk\u0259m\u0259sinin q\u0259rar\u0131ndan v\u0259kili apelyasiya \u015fikay\u0259ti vermi\u015fdi. H\u0259min \u015fikay\u0259t\u0259 noyabr\u0131n 27-d\u0259 Bak\u0131 Apelyasiya M\u0259hk\u0259m\u0259sind\u0259 Anar \u0130brahimovun s\u0259drliyil\u0259 bax\u0131l\u0131b.<\/p>\n\n\n\n<p>\u00dclvi H\u0259s\u0259nli he\u00e7 bir cinay\u0259t t\u00f6r\u0259tm\u0259diyini, qa\u00e7aqmal\u00e7\u0131l\u0131q ittiham\u0131n\u0131n absurd oldu\u011funu, r\u0259hb\u0259rlik etdiyi \u201cAbzasMedia\u201dn\u0131n korrupsiya ara\u015fd\u0131rmalar\u0131na g\u00f6r\u0259 h\u0259bs olunduqlar\u0131n\u0131 bildirib. O vur\u011fulay\u0131b ki, \u201cAbzasMedia\u201dn\u0131n ofisind\u0259n 40 min avro olmay\u0131b. M\u0259qs\u0259dli \u015f\u0259kild\u0259 ora at\u0131l\u0131b. Onun s\u00f6zl\u0259rin\u0259 g\u00f6r\u0259, istintaq orqan\u0131 da bunu yax\u015f\u0131 bilir v\u0259 h\u0259min v\u0259saitin ora nec\u0259 g\u0259lib \u00e7\u0131xmas\u0131n\u0131 ara\u015fd\u0131rm\u0131r.<\/p>\n\n\n\n<p>Onun v\u0259kili Zibeyd\u0259 Sad\u0131qova da m\u00fcv\u0259kkilinin t\u0259qsirsiz oldu\u011funu vur\u011fulay\u0131b. V\u0259kil bildirib ki, \u00dclvi H\u0259s\u0259nli haqq\u0131nda h\u0259bs q\u0259rar\u0131 \u0259sass\u0131zd\u0131r. O, h\u0259bsd\u0259 saxlan\u0131lmadan da istintaq apar\u0131la bil\u0259r.<\/p>\n\n\n\n<p>M\u00fcst\u0259ntiq is\u0259 buna etiraz edib. O, \u00dclvi H\u0259s\u0259nli haqq\u0131nda h\u0259bs q\u0259timkan t\u0259dbirinin d\u0259yi\u015fm\u0259m\u0259sini, X\u0259tai Rayon M\u0259hk\u0259m\u0259sinin q\u0259rar\u0131n\u0131n q\u00fcvv\u0259d\u0259 saxlanmas\u0131n\u0131 ist\u0259yib.<\/p>\n\n\n\n<p>Anar \u0130brahimovun s\u0259drlik etdiyi hakiml\u0259r kollegiyas\u0131 q\u0131sa m\u00fc\u015favir\u0259d\u0259n sonra apelyasiya \u015fikay\u0259tinin t\u0259min olunmad\u0131\u011f\u0131n\u0131 a\u00e7\u0131qlay\u0131b.<\/p>\n\n\n\n<p>V\u0259kil Zibeyd\u0259 Sad\u0131qova Meydan TV-y\u0259 bildirib ki, \u00dclvi H\u0259s\u0259nlinin ev dustaql\u0131\u011f\u0131na burax\u0131lmas\u0131 \u00fc\u00e7\u00fcn yax\u0131n g\u00fcnl\u0259rd\u0259 X\u0259tai Rayon M\u0259hk\u0259m\u0259sin\u0259 v\u0259sat\u0259t veril\u0259c\u0259k.<\/p>\n\n\n\n<p>\u00dclvi H\u0259s\u0259nli noyabr\u0131n 20-d\u0259 s\u0259h\u0259r saat 5 rad\u0259l\u0259rind\u0259 evinin qar\u015f\u0131s\u0131nda taksiy\u0259 min\u0259rk\u0259n saxlan\u0131l\u0131b. Daha sonra g\u00fcnorta saatlar\u0131nda \u201cAbzasMedia\u201dn\u0131n ofisind\u0259 axtar\u0131\u015f apar\u0131l\u0131b v\u0259 oradan 40 min avro pul tap\u0131ld\u0131\u011f\u0131 iddia olunub.<\/p>\n\n\n\n<p>Ard\u0131nca noyabr\u0131n 21-n\u0259 ke\u00e7\u0259n gec\u0259 sayt\u0131n ba\u015f redaktoru Sevinc Vaqifq\u0131z\u0131 hava liman\u0131nda &#8211; \u00f6lk\u0259y\u0259 qay\u0131dark\u0259n el\u0259 t\u0259yyar\u0259d\u0259 saxlan\u0131l\u0131b.<\/p>\n\n\n\n<p>H\u0259m Sevinc Vaqifq\u0131z\u0131, h\u0259m d\u0259 \u00dclvi H\u0259s\u0259nlinin evind\u0259 axtar\u0131\u015f apar\u0131l\u0131b. Evl\u0259rd\u0259n qanunsuz he\u00e7 bir \u0259\u015fya tap\u0131lmad\u0131\u011f\u0131 m\u0259lum olub.<\/p>\n\n\n\n<p>\u00dclvi H\u0259s\u0259nli ofisd\u0259n tap\u0131ld\u0131\u011f\u0131 iddia edil\u0259n 40 min avronun ofis\u0259 onu tapd\u0131\u011f\u0131n\u0131 iddia ed\u0259nl\u0259rin \u00f6zl\u0259ri t\u0259r\u0259find\u0259n qoyuldu\u011funu deyir.<\/p>\n\n\n\n<p>H\u0259m \u00dclvi H\u0259s\u0259nli, h\u0259m d\u0259 Sevinc Vaqifq\u0131z\u0131na qar\u015f\u0131 Cinay\u0259t M\u0259c\u0259ll\u0259sinin 206.3.2-ci (bir qrup \u015f\u0259xs t\u0259r\u0259find\u0259n qa\u00e7aqmal\u00e7\u0131l\u0131q) madd\u0259sil\u0259 ittiham ir\u0259li s\u00fcr\u00fcl\u00fcb.<\/p>\n\n\n\n<p>Sayt\u0131n direktor m\u00fcavini M\u0259h\u0259mm\u0259d Kekalov da noyabr\u0131n 20-d\u0259 saxlan\u0131l\u0131b. \u0130ki g\u00fcn \u0259rzind\u0259 onun yeri, n\u0259d\u0259 ittiham olundu\u011fu bar\u0259d\u0259 he\u00e7 bir m\u0259lumat verilm\u0259yib. \u0130ki g\u00fcn sonra onun da eyni cinay\u0259t i\u015fi \u00fczr\u0259 saxland\u0131\u011f\u0131 m\u0259lum olub. Noyabr\u0131n 23-d\u0259 X\u0259tai Rayon M\u0259hk\u0259m\u0259sind\u0259 onun da bar\u0259sind\u0259 h\u0259bs q\u0259rar\u0131 \u00e7\u0131xar\u0131l\u0131b.<\/p>\n\n\n\n<p>T\u0259qsirl\u0259ndiril\u0259n \u015f\u0259xsl\u0259rin he\u00e7 biri qa\u00e7aqmal\u00e7\u0131l\u0131q ittiham\u0131n\u0131 q\u0259bul etmir.<\/p>\n","protected":false},"excerpt":{"rendered":"<p>Sayt direktoru m\u0259qs\u0259dli \u015f\u0259kild\u0259 ofisin\u0259 pul qoyuldu\u011funu deyib \u201cAbzasMedia\u201dn\u0131n direktoru &#8230; <\/p>\n<p class=\"read-more-container\"><a title=\"\u00dclvi H\u0259s\u0259nli il\u0259 ba\u011fl\u0131 apelyasiya \u015fikay\u0259ti t\u0259min edilm\u0259di\" class=\"read-more button\" href=\"https:\/\/www.meydan.tv\/az\/article\/ulvi-hesenli-ile-bagli-apelyasiya-sikayeti-temin-edilmedi\/#more-291548\" aria-label=\"Read more about \u00dclvi H\u0259s\u0259nli il\u0259 ba\u011fl\u0131 apelyasiya \u015fikay\u0259ti t\u0259min edilm\u0259di\">Davam\u0131<\/a><\/p>\n","protected":false},"author":21,"featured_media":0,"comment_status":"closed","ping_status":"closed","sticky":false,"template":"","format":"standard","meta":{"_acf_changed":false,"_sitemap_exclude":false,"_sitemap_priority":"","_sitemap_frequency":"","footnotes":""},"categories":[59,79,56],"tags":[],"class_list":["post-291548","post","type-post","status-publish","format-standard","hentry","category-siyaset","category-featured","category-xeberler","infinite-scroll-item","generate-columns","tablet-grid-50","mobile-grid-100","grid-parent","grid-33","no-featured-image-padding"],"acf":[],"yoast_head":"<!-- This site is optimized with the Yoast SEO plugin v27.4 - https:\/\/yoast.com\/product\/yoast-seo-wordpress\/ -->\n<title>\u00dclvi H\u0259s\u0259nli il\u0259 ba\u011fl\u0131 apelyasiya \u015fikay\u0259ti t\u0259min edilm\u0259di - MEYDAN.TV<\/title>\n<meta name=\"robots\" content=\"index, follow, max-snippet:-1, max-image-preview:large, max-video-preview:-1\" \/>\n<link rel=\"canonical\" href=\"https:\/\/www.meydan.tv\/az\/article\/ulvi-hesenli-ile-bagli-apelyasiya-sikayeti-temin-edilmedi\/\" \/>\n<meta property=\"og:locale\" content=\"az_AZ\" \/>\n<meta property=\"og:type\" content=\"article\" \/>\n<meta property=\"og:title\" content=\"\u00dclvi H\u0259s\u0259nli il\u0259 ba\u011fl\u0131 apelyasiya \u015fikay\u0259ti t\u0259min edilm\u0259di - MEYDAN.TV\" \/>\n<meta property=\"og:description\" content=\"Sayt direktoru m\u0259qs\u0259dli \u015f\u0259kild\u0259 ofisin\u0259 pul qoyuldu\u011funu deyib \u201cAbzasMedia\u201dn\u0131n direktoru ... Davam\u0131\" \/>\n<meta property=\"og:url\" content=\"https:\/\/www.meydan.tv\/az\/article\/ulvi-hesenli-ile-bagli-apelyasiya-sikayeti-temin-edilmedi\/\" \/>\n<meta property=\"og:site_name\" content=\"MEYDAN.TV\" \/>\n<meta property=\"article:published_time\" content=\"2023-11-27T10:21:13+00:00\" \/>\n<meta property=\"article:modified_time\" content=\"2023-11-27T10:21:16+00:00\" \/>\n<meta property=\"og:image\" content=\"https:\/\/www.meydan.tv\/wp-content\/uploads\/img_0637_720-e1701080445417.jpg\" \/>\n\t<meta property=\"og:image:width\" content=\"720\" \/>\n\t<meta property=\"og:image:height\" content=\"384\" \/>\n\t<meta property=\"og:image:type\" content=\"image\/jpeg\" \/>\n<meta name=\"author\" content=\"mahmud\" \/>\n<meta name=\"twitter:card\" content=\"summary_large_image\" \/>\n<script type=\"application\/ld+json\" class=\"yoast-schema-graph\">{\"@context\":\"https:\\\/\\\/schema.org\",\"@graph\":[{\"@type\":\"Article\",\"@id\":\"https:\\\/\\\/www.meydan.tv\\\/az\\\/article\\\/ulvi-hesenli-ile-bagli-apelyasiya-sikayeti-temin-edilmedi\\\/#article\",\"isPartOf\":{\"@id\":\"https:\\\/\\\/www.meydan.tv\\\/az\\\/article\\\/ulvi-hesenli-ile-bagli-apelyasiya-sikayeti-temin-edilmedi\\\/\"},\"author\":{\"name\":\"mahmud\",\"@id\":\"https:\\\/\\\/www.meydan.tv\\\/az\\\/#\\\/schema\\\/person\\\/09863e516102a829e72bedcf3f84c6b0\"},\"headline\":\"\u00dclvi H\u0259s\u0259nli il\u0259 ba\u011fl\u0131 apelyasiya \u015fikay\u0259ti t\u0259min edilm\u0259di\",\"datePublished\":\"2023-11-27T10:21:13+00:00\",\"dateModified\":\"2023-11-27T10:21:16+00:00\",\"mainEntityOfPage\":{\"@id\":\"https:\\\/\\\/www.meydan.tv\\\/az\\\/article\\\/ulvi-hesenli-ile-bagli-apelyasiya-sikayeti-temin-edilmedi\\\/\"},\"wordCount\":604,\"publisher\":{\"@id\":\"https:\\\/\\\/www.meydan.tv\\\/az\\\/#organization\"},\"articleSection\":[\"Siyas\u0259t\",\"T\u00f6vsiy\u0259\",\"X\u0259b\u0259rl\u0259r\"],\"inLanguage\":\"az\"},{\"@type\":\"WebPage\",\"@id\":\"https:\\\/\\\/www.meydan.tv\\\/az\\\/article\\\/ulvi-hesenli-ile-bagli-apelyasiya-sikayeti-temin-edilmedi\\\/\",\"url\":\"https:\\\/\\\/www.meydan.tv\\\/az\\\/article\\\/ulvi-hesenli-ile-bagli-apelyasiya-sikayeti-temin-edilmedi\\\/\",\"name\":\"\u00dclvi H\u0259s\u0259nli il\u0259 ba\u011fl\u0131 apelyasiya \u015fikay\u0259ti t\u0259min edilm\u0259di - MEYDAN.TV\",\"isPartOf\":{\"@id\":\"https:\\\/\\\/www.meydan.tv\\\/az\\\/#website\"},\"datePublished\":\"2023-11-27T10:21:13+00:00\",\"dateModified\":\"2023-11-27T10:21:16+00:00\",\"breadcrumb\":{\"@id\":\"https:\\\/\\\/www.meydan.tv\\\/az\\\/article\\\/ulvi-hesenli-ile-bagli-apelyasiya-sikayeti-temin-edilmedi\\\/#breadcrumb\"},\"inLanguage\":\"az\",\"potentialAction\":[{\"@type\":\"ReadAction\",\"target\":[\"https:\\\/\\\/www.meydan.tv\\\/az\\\/article\\\/ulvi-hesenli-ile-bagli-apelyasiya-sikayeti-temin-edilmedi\\\/\"]}]},{\"@type\":\"BreadcrumbList\",\"@id\":\"https:\\\/\\\/www.meydan.tv\\\/az\\\/article\\\/ulvi-hesenli-ile-bagli-apelyasiya-sikayeti-temin-edilmedi\\\/#breadcrumb\",\"itemListElement\":[{\"@type\":\"ListItem\",\"position\":1,\"name\":\"Ana s\u0259hif\u0259\",\"item\":\"https:\\\/\\\/www.meydan.tv\\\/az\\\/\"},{\"@type\":\"ListItem\",\"position\":2,\"name\":\"Siyas\u0259t\",\"item\":\"https:\\\/\\\/www.meydan.tv\\\/az\\\/section\\\/siyaset\\\/\"},{\"@type\":\"ListItem\",\"position\":3,\"name\":\"\u00dclvi H\u0259s\u0259nli il\u0259 ba\u011fl\u0131 apelyasiya \u015fikay\u0259ti t\u0259min edilm\u0259di\"}]},{\"@type\":\"WebSite\",\"@id\":\"https:\\\/\\\/www.meydan.tv\\\/az\\\/#website\",\"url\":\"https:\\\/\\\/www.meydan.tv\\\/az\\\/\",\"name\":\"MEYDAN.TV\",\"description\":\"Meydan TV Az\u0259rbaycan\u0131n media m\u0259kan\u0131ndak\u0131 alternativ s\u0259sidir\",\"publisher\":{\"@id\":\"https:\\\/\\\/www.meydan.tv\\\/az\\\/#organization\"},\"potentialAction\":[{\"@type\":\"SearchAction\",\"target\":{\"@type\":\"EntryPoint\",\"urlTemplate\":\"https:\\\/\\\/www.meydan.tv\\\/az\\\/?s={search_term_string}\"},\"query-input\":{\"@type\":\"PropertyValueSpecification\",\"valueRequired\":true,\"valueName\":\"search_term_string\"}}],\"inLanguage\":\"az\"},{\"@type\":\"Organization\",\"@id\":\"https:\\\/\\\/www.meydan.tv\\\/az\\\/#organization\",\"name\":\"Meydan TV\",\"url\":\"https:\\\/\\\/www.meydan.tv\\\/az\\\/\",\"logo\":{\"@type\":\"ImageObject\",\"inLanguage\":\"az\",\"@id\":\"https:\\\/\\\/www.meydan.tv\\\/az\\\/#\\\/schema\\\/logo\\\/image\\\/\",\"url\":\"https:\\\/\\\/www.meydan.tv\\\/wp-content\\\/uploads\\\/2021\\\/07\\\/meydan-logo.svg\",\"contentUrl\":\"https:\\\/\\\/www.meydan.tv\\\/wp-content\\\/uploads\\\/2021\\\/07\\\/meydan-logo.svg\",\"width\":195,\"height\":46,\"caption\":\"Meydan TV\"},\"image\":{\"@id\":\"https:\\\/\\\/www.meydan.tv\\\/az\\\/#\\\/schema\\\/logo\\\/image\\\/\"}},{\"@type\":\"Person\",\"@id\":\"https:\\\/\\\/www.meydan.tv\\\/az\\\/#\\\/schema\\\/person\\\/09863e516102a829e72bedcf3f84c6b0\",\"name\":\"mahmud\"}]}<\/script>\n<!-- \/ Yoast SEO plugin. -->","yoast_head_json":{"title":"\u00dclvi H\u0259s\u0259nli il\u0259 ba\u011fl\u0131 apelyasiya \u015fikay\u0259ti t\u0259min edilm\u0259di - MEYDAN.TV","robots":{"index":"index","follow":"follow","max-snippet":"max-snippet:-1","max-image-preview":"max-image-preview:large","max-video-preview":"max-video-preview:-1"},"canonical":"https:\/\/www.meydan.tv\/az\/article\/ulvi-hesenli-ile-bagli-apelyasiya-sikayeti-temin-edilmedi\/","og_locale":"az_AZ","og_type":"article","og_title":"\u00dclvi H\u0259s\u0259nli il\u0259 ba\u011fl\u0131 apelyasiya \u015fikay\u0259ti t\u0259min edilm\u0259di - MEYDAN.TV","og_description":"Sayt direktoru m\u0259qs\u0259dli \u015f\u0259kild\u0259 ofisin\u0259 pul qoyuldu\u011funu deyib \u201cAbzasMedia\u201dn\u0131n direktoru ... Davam\u0131","og_url":"https:\/\/www.meydan.tv\/az\/article\/ulvi-hesenli-ile-bagli-apelyasiya-sikayeti-temin-edilmedi\/","og_site_name":"MEYDAN.TV","article_published_time":"2023-11-27T10:21:13+00:00","article_modified_time":"2023-11-27T10:21:16+00:00","og_image":[{"width":720,"height":384,"url":"https:\/\/www.meydan.tv\/wp-content\/uploads\/img_0637_720-e1701080445417.jpg","type":"image\/jpeg"}],"author":"mahmud","twitter_card":"summary_large_image","schema":{"@context":"https:\/\/schema.org","@graph":[{"@type":"Article","@id":"https:\/\/www.meydan.tv\/az\/article\/ulvi-hesenli-ile-bagli-apelyasiya-sikayeti-temin-edilmedi\/#article","isPartOf":{"@id":"https:\/\/www.meydan.tv\/az\/article\/ulvi-hesenli-ile-bagli-apelyasiya-sikayeti-temin-edilmedi\/"},"author":{"name":"mahmud","@id":"https:\/\/www.meydan.tv\/az\/#\/schema\/person\/09863e516102a829e72bedcf3f84c6b0"},"headline":"\u00dclvi H\u0259s\u0259nli il\u0259 ba\u011fl\u0131 apelyasiya \u015fikay\u0259ti t\u0259min edilm\u0259di","datePublished":"2023-11-27T10:21:13+00:00","dateModified":"2023-11-27T10:21:16+00:00","mainEntityOfPage":{"@id":"https:\/\/www.meydan.tv\/az\/article\/ulvi-hesenli-ile-bagli-apelyasiya-sikayeti-temin-edilmedi\/"},"wordCount":604,"publisher":{"@id":"https:\/\/www.meydan.tv\/az\/#organization"},"articleSection":["Siyas\u0259t","T\u00f6vsiy\u0259","X\u0259b\u0259rl\u0259r"],"inLanguage":"az"},{"@type":"WebPage","@id":"https:\/\/www.meydan.tv\/az\/article\/ulvi-hesenli-ile-bagli-apelyasiya-sikayeti-temin-edilmedi\/","url":"https:\/\/www.meydan.tv\/az\/article\/ulvi-hesenli-ile-bagli-apelyasiya-sikayeti-temin-edilmedi\/","name":"\u00dclvi H\u0259s\u0259nli il\u0259 ba\u011fl\u0131 apelyasiya \u015fikay\u0259ti t\u0259min edilm\u0259di - MEYDAN.TV","isPartOf":{"@id":"https:\/\/www.meydan.tv\/az\/#website"},"datePublished":"2023-11-27T10:21:13+00:00","dateModified":"2023-11-27T10:21:16+00:00","breadcrumb":{"@id":"https:\/\/www.meydan.tv\/az\/article\/ulvi-hesenli-ile-bagli-apelyasiya-sikayeti-temin-edilmedi\/#breadcrumb"},"inLanguage":"az","potentialAction":[{"@type":"ReadAction","target":["https:\/\/www.meydan.tv\/az\/article\/ulvi-hesenli-ile-bagli-apelyasiya-sikayeti-temin-edilmedi\/"]}]},{"@type":"BreadcrumbList","@id":"https:\/\/www.meydan.tv\/az\/article\/ulvi-hesenli-ile-bagli-apelyasiya-sikayeti-temin-edilmedi\/#breadcrumb","itemListElement":[{"@type":"ListItem","position":1,"name":"Ana s\u0259hif\u0259","item":"https:\/\/www.meydan.tv\/az\/"},{"@type":"ListItem","position":2,"name":"Siyas\u0259t","item":"https:\/\/www.meydan.tv\/az\/section\/siyaset\/"},{"@type":"ListItem","position":3,"name":"\u00dclvi H\u0259s\u0259nli il\u0259 ba\u011fl\u0131 apelyasiya \u015fikay\u0259ti t\u0259min edilm\u0259di"}]},{"@type":"WebSite","@id":"https:\/\/www.meydan.tv\/az\/#website","url":"https:\/\/www.meydan.tv\/az\/","name":"MEYDAN.TV","description":"Meydan TV Az\u0259rbaycan\u0131n media m\u0259kan\u0131ndak\u0131 alternativ s\u0259sidir","publisher":{"@id":"https:\/\/www.meydan.tv\/az\/#organization"},"potentialAction":[{"@type":"SearchAction","target":{"@type":"EntryPoint","urlTemplate":"https:\/\/www.meydan.tv\/az\/?s={search_term_string}"},"query-input":{"@type":"PropertyValueSpecification","valueRequired":true,"valueName":"search_term_string"}}],"inLanguage":"az"},{"@type":"Organization","@id":"https:\/\/www.meydan.tv\/az\/#organization","name":"Meydan TV","url":"https:\/\/www.meydan.tv\/az\/","logo":{"@type":"ImageObject","inLanguage":"az","@id":"https:\/\/www.meydan.tv\/az\/#\/schema\/logo\/image\/","url":"https:\/\/www.meydan.tv\/wp-content\/uploads\/2021\/07\/meydan-logo.svg","contentUrl":"https:\/\/www.meydan.tv\/wp-content\/uploads\/2021\/07\/meydan-logo.svg","width":195,"height":46,"caption":"Meydan TV"},"image":{"@id":"https:\/\/www.meydan.tv\/az\/#\/schema\/logo\/image\/"}},{"@type":"Person","@id":"https:\/\/www.meydan.tv\/az\/#\/schema\/person\/09863e516102a829e72bedcf3f84c6b0","name":"mahmud"}]}},"_links":{"self":[{"href":"https:\/\/www.meydan.tv\/az\/wp-json\/wp\/v2\/posts\/291548","targetHints":{"allow":["GET"]}}],"collection":[{"href":"https:\/\/www.meydan.tv\/az\/wp-json\/wp\/v2\/posts"}],"about":[{"href":"https:\/\/www.meydan.tv\/az\/wp-json\/wp\/v2\/types\/post"}],"author":[{"embeddable":true,"href":"https:\/\/www.meydan.tv\/az\/wp-json\/wp\/v2\/users\/21"}],"replies":[{"embeddable":true,"href":"https:\/\/www.meydan.tv\/az\/wp-json\/wp\/v2\/comments?post=291548"}],"version-history":[{"count":1,"href":"https:\/\/www.meydan.tv\/az\/wp-json\/wp\/v2\/posts\/291548\/revisions"}],"predecessor-version":[{"id":291549,"href":"https:\/\/www.meydan.tv\/az\/wp-json\/wp\/v2\/posts\/291548\/revisions\/291549"}],"wp:attachment":[{"href":"https:\/\/www.meydan.tv\/az\/wp-json\/wp\/v2\/media?parent=291548"}],"wp:term":[{"taxonomy":"category","embeddable":true,"href":"https:\/\/www.meydan.tv\/az\/wp-json\/wp\/v2\/categories?post=291548"},{"taxonomy":"post_tag","embeddable":true,"href":"https:\/\/www.meydan.tv\/az\/wp-json\/wp\/v2\/tags?post=291548"}],"curies":[{"name":"wp","href":"https:\/\/api.w.org\/{rel}","templated":true}]}}