{"id":291523,"date":"2023-11-27T12:51:44","date_gmt":"2023-11-27T08:51:44","guid":{"rendered":"https:\/\/www.meydan.tv\/?p=291523"},"modified":"2023-11-27T14:57:23","modified_gmt":"2023-11-27T10:57:23","slug":"sevinc-vaqifqizi-hebsde-qaldi","status":"publish","type":"post","link":"https:\/\/www.meydan.tv\/az\/article\/sevinc-vaqifqizi-hebsde-qaldi\/","title":{"rendered":"Sevinc Vaqifq\u0131z\u0131 h\u0259bsd\u0259 qald\u0131"},"content":{"rendered":"\n<figure class=\"wp-block-embed is-type-video is-provider-youtube wp-block-embed-youtube wp-embed-aspect-16-9 wp-has-aspect-ratio\"><div class=\"wp-block-embed__wrapper\">\n<iframe title=\"Anas\u0131: Sevinc Vaqifq\u0131z\u0131 dedi ki, n\u0259 s\u0259n \u015f\u0259hidl\u0259rin anas\u0131ndan art\u0131qsan, n\u0259 m\u0259n \u015f\u0259hidl\u0259rd\u0259n\" width=\"1200\" height=\"675\" data-src=\"https:\/\/www.youtube.com\/embed\/97HHQ-5kiHU?feature=oembed\" frameborder=\"0\" allow=\"accelerometer; autoplay; clipboard-write; encrypted-media; gyroscope; picture-in-picture; web-share\" allowfullscreen src=\"data:image\/svg+xml;base64,PHN2ZyB3aWR0aD0iMSIgaGVpZ2h0PSIxIiB4bWxucz0iaHR0cDovL3d3dy53My5vcmcvMjAwMC9zdmciPjwvc3ZnPg==\" class=\"lazyload\" data-load-mode=\"1\"><\/iframe>\n<\/div><\/figure>\n\n\n\n<p><strong><em>Jurnalist m\u0259hk\u0259m\u0259d\u0259 ara\u015fd\u0131rmalar\u0131na g\u00f6r\u0259 siyasi sifari\u015fl\u0259 h\u0259bs olundu\u011funu bildirib<\/em><\/strong><\/p>\n\n\n\n<p>Noyabr\u0131n 27-d\u0259 Bak\u0131 Apelyasiya M\u0259hk\u0259m\u0259sind\u0259 \u201cAbzasMedia\u201dn\u0131n ba\u015f redaktoru Sevinc Abbasova (Vaqifq\u0131z\u0131) haqq\u0131nda h\u0259bs q\u0259rar\u0131ndan verilmi\u015f \u015fikay\u0259t\u0259 bax\u0131l\u0131b. Hakim Habil M\u0259mm\u0259dovun s\u0259drliyil\u0259 ke\u00e7iril\u0259n m\u0259hk\u0259m\u0259 prosesind\u0259 jurnalistin \u00f6z\u00fc d\u0259 i\u015ftirak edib.<\/p>\n\n\n\n<p>Apelyasiya \u015fikay\u0259ti Sevinc Vaqifq\u0131z\u0131 haqq\u0131nda ilkin istintaq d\u00f6vr\u00fc \u00fc\u00e7\u00fcn 3 ay 29 g\u00fcnl\u00fck h\u0259bs q\u0259timkan t\u0259dbiri se\u00e7ilm\u0259sin\u0259 dair X\u0259tai Rayon M\u0259hk\u0259m\u0259sind\u0259 22 noyabrda \u00e7\u0131xar\u0131lm\u0131\u015f q\u0259rardan verilib.<\/p>\n\n\n\n<p>Apelyasiya M\u0259hk\u0259m\u0259sind\u0259 jurnalist \u00f6z\u00fc d\u0259, onun v\u0259kili d\u0259 bu q\u0259rar\u0131n qanunsuz v\u0259 \u0259sass\u0131z oldu\u011funu bildirib.<\/p>\n\n\n\n<p>Sevinc Vaqifq\u0131z\u0131 deyib ki, ona qar\u015f\u0131 Cinay\u0259t M\u0259c\u0259ll\u0259sinin 206.3.2-ci (bir qrup \u015f\u0259xs t\u0259r\u0259find\u0259n qa\u00e7aqmal\u00e7\u0131l\u0131q) madd\u0259sil\u0259 ir\u0259li s\u00fcr\u00fclm\u00fc\u015f ittiham saxtad\u0131r. Siyasi sifari\u015fl\u0259 h\u0259bs olundu\u011funu dey\u0259n jurnalistin s\u00f6zl\u0259rin\u0259 g\u00f6r\u0259, \u0259slind\u0259, o, y\u00fcks\u0259k v\u0259zif\u0259li \u015f\u0259xsl\u0259rin korrupsiyas\u0131 haqda ara\u015fd\u0131rmalar\u0131na g\u00f6r\u0259 c\u0259zaland\u0131r\u0131l\u0131r.<\/p>\n\n\n\n<p>V\u0259kill\u0259ri onun haqq\u0131ndak\u0131 h\u0259bs q\u0259timkan t\u0259dbirinin ev dustaql\u0131\u011f\u0131yla \u0259v\u0259zl\u0259nm\u0259si bar\u0259d\u0259 d\u0259 v\u0259sat\u0259t veribl\u0259r.<\/p>\n\n\n\n<p>Lakin Bak\u0131 \u015e\u0259h\u0259r Ba\u015f Polis \u0130dar\u0259sinin m\u00fcst\u0259ntiqi Sevinc Vaqifq\u0131z\u0131n\u0131n h\u0259bsd\u0259n burax\u0131lmas\u0131na etiraz edib. Deyib ki, istintaq m\u00fcdd\u0259tind\u0259 onun h\u0259bsd\u0259n burax\u0131lmas\u0131 m\u0259qs\u0259d\u0259uy\u011fun deyil. \u00c7\u00fcnki istintaq\u0131n gedi\u015fin\u0259 t\u0259sir g\u00f6st\u0259r\u0259, yay\u0131na bil\u0259r.<\/p>\n\n\n\n<p>Jurnalistin v\u0259kili istintaq sirri hesab olunan materiallar\u0131n mediaya \u00f6t\u00fcr\u00fclm\u0259si, n\u0259tic\u0259d\u0259 Sevinc Vaqifq\u0131z\u0131n\u0131n t\u0259qsirsizlik prezumpsiyas\u0131 h\u00fcququnun pozulmas\u0131n\u0131 da hakiml\u0259rin n\u0259z\u0259rin\u0259 \u00e7atd\u0131r\u0131b.<\/p>\n\n\n\n<p>Lakin Habil M\u0259mm\u0259dovun s\u0259drlik etdiyi hakiml\u0259r kollegiyas\u0131 apelyasiya \u015fikay\u0259tini t\u0259min etm\u0259yib. Sevinc Vaqifq\u0131z\u0131 haqq\u0131nda 3 ay 29 g\u00fcnl\u00fck h\u0259bs q\u0259timkan t\u0259dbiri q\u0259rar\u0131 q\u00fcvv\u0259d\u0259 saxlan\u0131l\u0131b.<\/p>\n\n\n\n<p>Jurnalistin v\u0259kili Fariz Namazl\u0131 bildirib ki, qanunda q\u0259timkan t\u0259dbiriyl\u0259 ba\u011fl\u0131 q\u0259rarlarda \u015fikay\u0259t \u00fc\u00e7\u00fcn apelyasiya m\u0259hk\u0259m\u0259si sonuncu h\u00fcquqi m\u00fcdafi\u0259 vasit\u0259sidir. Y\u0259ni Ali M\u0259hk\u0259m\u0259y\u0259 \u015fikay\u0259t n\u0259z\u0259rd\u0259 tutulmay\u0131b. V\u0259kill\u0259r Sevinc Vaqifq\u0131z\u0131n\u0131n ev dustaql\u0131\u011f\u0131na burax\u0131lmas\u0131 \u00fc\u00e7\u00fcn n\u00f6vb\u0259ti d\u0259f\u0259 m\u0259hk\u0259m\u0259y\u0259 v\u0259sat\u0259t verm\u0259k niyy\u0259tind\u0259dir.<\/p>\n\n\n\n<p>Bundan \u0259lav\u0259, jurnalistin ail\u0259 \u00fczvl\u0259ril\u0259 g\u00f6r\u00fc\u015fm\u0259k v\u0259 telefonla dan\u0131\u015fmaq h\u00fcququnun m\u0259hdudla\u015fd\u0131r\u0131lmas\u0131 bar\u0259d\u0259 m\u00fcst\u0259ntiqin q\u0259rar\u0131ndan da ayr\u0131ca m\u0259hk\u0259m\u0259y\u0259 \u015fikay\u0259t olunacaq.<\/p>\n\n\n\n<p>Sevinc Vaqifq\u0131z\u0131 noyabr\u0131n 21-n\u0259 ke\u00e7\u0259n gec\u0259 saat 2 rad\u0259l\u0259rind\u0259 \u00f6lk\u0259y\u0259 qay\u0131dark\u0259n Bak\u0131dak\u0131 hava liman\u0131nda t\u0259yyar\u0259 yer\u0259 en\u0259n kimi saxlan\u0131l\u0131b. Ondan \u0259vv\u0259l is\u0259 \u201cAbzasMedia\u201dn\u0131n direktoru \u00dclvi H\u0259s\u0259nli noyabr\u0131n 20-d\u0259 s\u0259h\u0259r saat 5 rad\u0259l\u0259rind\u0259 evinin qar\u015f\u0131s\u0131nda taksiy\u0259 min\u0259rk\u0259n saxlan\u0131l\u0131b.<\/p>\n\n\n\n<p>Noyabr\u0131n 20-d\u0259 \u201cAbzasMedia\u201dn\u0131n ofisind\u0259 v\u0259 \u00dclvi H\u0259s\u0259nlinin evind\u0259, Sevinc Vaqifq\u0131z\u0131 saxland\u0131qdan d\u0259rhal sonra is\u0259 gec\u0259 saat 3 rad\u0259l\u0259rind\u0259 onun ya\u015fad\u0131\u011f\u0131 m\u0259nzild\u0259 axtar\u0131\u015f apar\u0131l\u0131b. Sayt\u0131n ofisind\u0259n 40 min avro pul tap\u0131ld\u0131\u011f\u0131 iddia olunub.<\/p>\n\n\n\n<p>\u00dclvi H\u0259s\u0259nli is\u0259 orada pul olmad\u0131\u011f\u0131n\u0131, 40 min avronun ofis\u0259 onu tapd\u0131\u011f\u0131n\u0131 iddia ed\u0259nl\u0259rin \u00f6zl\u0259ri t\u0259r\u0259find\u0259n qoyuldu\u011funu bildirib.<\/p>\n\n\n\n<p>H\u0259m \u00dclvi H\u0259s\u0259nli, h\u0259m d\u0259 Sevinc Vaqifq\u0131z\u0131na qar\u015f\u0131 Cinay\u0259t M\u0259c\u0259ll\u0259sinin 206.3.2-ci (bir qrup \u015f\u0259xs t\u0259r\u0259find\u0259n qa\u00e7aqmal\u00e7\u0131l\u0131q) madd\u0259sil\u0259 ittiham ir\u0259li s\u00fcr\u00fcl\u00fcb.<\/p>\n\n\n\n<p>Sayt\u0131n direktor m\u00fcavini M\u0259h\u0259mm\u0259d Kekalov da noyabr\u0131n 20-d\u0259 saxlan\u0131l\u0131b. \u0130ki g\u00fcn \u0259rzind\u0259 onun yeri, n\u0259d\u0259 ittiham olundu\u011fu bar\u0259d\u0259 he\u00e7 bir m\u0259lumat verilm\u0259yib. \u0130ki g\u00fcn sonra onun da eyni cinay\u0259t i\u015fi \u00fczr\u0259 saxland\u0131\u011f\u0131 m\u0259lum olub. Noyabr\u0131n 23-d\u0259 X\u0259tai Rayon M\u0259hk\u0259m\u0259sind\u0259 onun da bar\u0259sind\u0259 h\u0259bs q\u0259rar\u0131 \u00e7\u0131xar\u0131l\u0131b.<\/p>\n\n\n\n<p>T\u0259qsirl\u0259ndiril\u0259n \u015f\u0259xsl\u0259rin he\u00e7 biri qa\u00e7aqmal\u00e7\u0131l\u0131q ittiham\u0131n\u0131 q\u0259bul etmir.<\/p>\n","protected":false},"excerpt":{"rendered":"<p>Jurnalist m\u0259hk\u0259m\u0259d\u0259 ara\u015fd\u0131rmalar\u0131na g\u00f6r\u0259 siyasi sifari\u015fl\u0259 h\u0259bs olundu\u011funu bildirib Noyabr\u0131n &#8230; <\/p>\n<p class=\"read-more-container\"><a title=\"Sevinc Vaqifq\u0131z\u0131 h\u0259bsd\u0259 qald\u0131\" class=\"read-more button\" href=\"https:\/\/www.meydan.tv\/az\/article\/sevinc-vaqifqizi-hebsde-qaldi\/#more-291523\" aria-label=\"Read more about Sevinc Vaqifq\u0131z\u0131 h\u0259bsd\u0259 qald\u0131\">Davam\u0131<\/a><\/p>\n","protected":false},"author":21,"featured_media":291524,"comment_status":"closed","ping_status":"closed","sticky":false,"template":"","format":"standard","meta":{"_acf_changed":false,"_sitemap_exclude":false,"_sitemap_priority":"","_sitemap_frequency":"","footnotes":""},"categories":[59,79,63,56],"tags":[],"class_list":["post-291523","post","type-post","status-publish","format-standard","has-post-thumbnail","hentry","category-siyaset","category-featured","category-video-2","category-xeberler","infinite-scroll-item","generate-columns","tablet-grid-50","mobile-grid-100","grid-parent","grid-33","no-featured-image-padding"],"acf":[],"yoast_head":"<!-- This site is optimized with the Yoast SEO plugin v27.4 - https:\/\/yoast.com\/product\/yoast-seo-wordpress\/ -->\n<title>Sevinc Vaqifq\u0131z\u0131 h\u0259bsd\u0259 qald\u0131 - MEYDAN.TV<\/title>\n<meta name=\"robots\" content=\"index, follow, max-snippet:-1, max-image-preview:large, max-video-preview:-1\" \/>\n<link rel=\"canonical\" href=\"https:\/\/www.meydan.tv\/az\/article\/sevinc-vaqifqizi-hebsde-qaldi\/\" \/>\n<meta property=\"og:locale\" content=\"az_AZ\" \/>\n<meta property=\"og:type\" content=\"article\" \/>\n<meta property=\"og:title\" content=\"Sevinc Vaqifq\u0131z\u0131 h\u0259bsd\u0259 qald\u0131 - MEYDAN.TV\" \/>\n<meta property=\"og:description\" content=\"Jurnalist m\u0259hk\u0259m\u0259d\u0259 ara\u015fd\u0131rmalar\u0131na g\u00f6r\u0259 siyasi sifari\u015fl\u0259 h\u0259bs olundu\u011funu bildirib Noyabr\u0131n ... Davam\u0131\" \/>\n<meta property=\"og:url\" content=\"https:\/\/www.meydan.tv\/az\/article\/sevinc-vaqifqizi-hebsde-qaldi\/\" \/>\n<meta property=\"og:site_name\" content=\"MEYDAN.TV\" \/>\n<meta property=\"article:published_time\" content=\"2023-11-27T08:51:44+00:00\" \/>\n<meta property=\"article:modified_time\" content=\"2023-11-27T10:57:23+00:00\" \/>\n<meta property=\"og:image\" content=\"https:\/\/www.meydan.tv\/wp-content\/uploads\/img_0633-scaled.jpg\" \/>\n\t<meta property=\"og:image:width\" content=\"2560\" \/>\n\t<meta property=\"og:image:height\" content=\"1707\" \/>\n\t<meta property=\"og:image:type\" content=\"image\/jpeg\" \/>\n<meta name=\"author\" content=\"mahmud\" \/>\n<meta name=\"twitter:card\" content=\"summary_large_image\" \/>\n<script type=\"application\/ld+json\" class=\"yoast-schema-graph\">{\"@context\":\"https:\\\/\\\/schema.org\",\"@graph\":[{\"@type\":\"Article\",\"@id\":\"https:\\\/\\\/www.meydan.tv\\\/az\\\/article\\\/sevinc-vaqifqizi-hebsde-qaldi\\\/#article\",\"isPartOf\":{\"@id\":\"https:\\\/\\\/www.meydan.tv\\\/az\\\/article\\\/sevinc-vaqifqizi-hebsde-qaldi\\\/\"},\"author\":{\"name\":\"mahmud\",\"@id\":\"https:\\\/\\\/www.meydan.tv\\\/az\\\/#\\\/schema\\\/person\\\/09863e516102a829e72bedcf3f84c6b0\"},\"headline\":\"Sevinc Vaqifq\u0131z\u0131 h\u0259bsd\u0259 qald\u0131\",\"datePublished\":\"2023-11-27T08:51:44+00:00\",\"dateModified\":\"2023-11-27T10:57:23+00:00\",\"mainEntityOfPage\":{\"@id\":\"https:\\\/\\\/www.meydan.tv\\\/az\\\/article\\\/sevinc-vaqifqizi-hebsde-qaldi\\\/\"},\"wordCount\":769,\"publisher\":{\"@id\":\"https:\\\/\\\/www.meydan.tv\\\/az\\\/#organization\"},\"image\":{\"@id\":\"https:\\\/\\\/www.meydan.tv\\\/az\\\/article\\\/sevinc-vaqifqizi-hebsde-qaldi\\\/#primaryimage\"},\"thumbnailUrl\":\"https:\\\/\\\/www.meydan.tv\\\/wp-content\\\/uploads\\\/img_0633-scaled-e1703104450403.jpg\",\"articleSection\":[\"Siyas\u0259t\",\"T\u00f6vsiy\u0259\",\"Video\",\"X\u0259b\u0259rl\u0259r\"],\"inLanguage\":\"az\"},{\"@type\":\"WebPage\",\"@id\":\"https:\\\/\\\/www.meydan.tv\\\/az\\\/article\\\/sevinc-vaqifqizi-hebsde-qaldi\\\/\",\"url\":\"https:\\\/\\\/www.meydan.tv\\\/az\\\/article\\\/sevinc-vaqifqizi-hebsde-qaldi\\\/\",\"name\":\"Sevinc Vaqifq\u0131z\u0131 h\u0259bsd\u0259 qald\u0131 - MEYDAN.TV\",\"isPartOf\":{\"@id\":\"https:\\\/\\\/www.meydan.tv\\\/az\\\/#website\"},\"primaryImageOfPage\":{\"@id\":\"https:\\\/\\\/www.meydan.tv\\\/az\\\/article\\\/sevinc-vaqifqizi-hebsde-qaldi\\\/#primaryimage\"},\"image\":{\"@id\":\"https:\\\/\\\/www.meydan.tv\\\/az\\\/article\\\/sevinc-vaqifqizi-hebsde-qaldi\\\/#primaryimage\"},\"thumbnailUrl\":\"https:\\\/\\\/www.meydan.tv\\\/wp-content\\\/uploads\\\/img_0633-scaled-e1703104450403.jpg\",\"datePublished\":\"2023-11-27T08:51:44+00:00\",\"dateModified\":\"2023-11-27T10:57:23+00:00\",\"breadcrumb\":{\"@id\":\"https:\\\/\\\/www.meydan.tv\\\/az\\\/article\\\/sevinc-vaqifqizi-hebsde-qaldi\\\/#breadcrumb\"},\"inLanguage\":\"az\",\"potentialAction\":[{\"@type\":\"ReadAction\",\"target\":[\"https:\\\/\\\/www.meydan.tv\\\/az\\\/article\\\/sevinc-vaqifqizi-hebsde-qaldi\\\/\"]}]},{\"@type\":\"ImageObject\",\"inLanguage\":\"az\",\"@id\":\"https:\\\/\\\/www.meydan.tv\\\/az\\\/article\\\/sevinc-vaqifqizi-hebsde-qaldi\\\/#primaryimage\",\"url\":\"https:\\\/\\\/www.meydan.tv\\\/wp-content\\\/uploads\\\/img_0633-scaled-e1703104450403.jpg\",\"contentUrl\":\"https:\\\/\\\/www.meydan.tv\\\/wp-content\\\/uploads\\\/img_0633-scaled-e1703104450403.jpg\",\"width\":2560,\"height\":1582,\"caption\":\"Sevinc Vaqifq\u0131z\u0131. Foto: Meydan TV\"},{\"@type\":\"BreadcrumbList\",\"@id\":\"https:\\\/\\\/www.meydan.tv\\\/az\\\/article\\\/sevinc-vaqifqizi-hebsde-qaldi\\\/#breadcrumb\",\"itemListElement\":[{\"@type\":\"ListItem\",\"position\":1,\"name\":\"Ana s\u0259hif\u0259\",\"item\":\"https:\\\/\\\/www.meydan.tv\\\/az\\\/\"},{\"@type\":\"ListItem\",\"position\":2,\"name\":\"Siyas\u0259t\",\"item\":\"https:\\\/\\\/www.meydan.tv\\\/az\\\/section\\\/siyaset\\\/\"},{\"@type\":\"ListItem\",\"position\":3,\"name\":\"Sevinc Vaqifq\u0131z\u0131 h\u0259bsd\u0259 qald\u0131\"}]},{\"@type\":\"WebSite\",\"@id\":\"https:\\\/\\\/www.meydan.tv\\\/az\\\/#website\",\"url\":\"https:\\\/\\\/www.meydan.tv\\\/az\\\/\",\"name\":\"MEYDAN.TV\",\"description\":\"Meydan TV Az\u0259rbaycan\u0131n media m\u0259kan\u0131ndak\u0131 alternativ s\u0259sidir\",\"publisher\":{\"@id\":\"https:\\\/\\\/www.meydan.tv\\\/az\\\/#organization\"},\"potentialAction\":[{\"@type\":\"SearchAction\",\"target\":{\"@type\":\"EntryPoint\",\"urlTemplate\":\"https:\\\/\\\/www.meydan.tv\\\/az\\\/?s={search_term_string}\"},\"query-input\":{\"@type\":\"PropertyValueSpecification\",\"valueRequired\":true,\"valueName\":\"search_term_string\"}}],\"inLanguage\":\"az\"},{\"@type\":\"Organization\",\"@id\":\"https:\\\/\\\/www.meydan.tv\\\/az\\\/#organization\",\"name\":\"Meydan TV\",\"url\":\"https:\\\/\\\/www.meydan.tv\\\/az\\\/\",\"logo\":{\"@type\":\"ImageObject\",\"inLanguage\":\"az\",\"@id\":\"https:\\\/\\\/www.meydan.tv\\\/az\\\/#\\\/schema\\\/logo\\\/image\\\/\",\"url\":\"https:\\\/\\\/www.meydan.tv\\\/wp-content\\\/uploads\\\/2021\\\/07\\\/meydan-logo.svg\",\"contentUrl\":\"https:\\\/\\\/www.meydan.tv\\\/wp-content\\\/uploads\\\/2021\\\/07\\\/meydan-logo.svg\",\"width\":195,\"height\":46,\"caption\":\"Meydan TV\"},\"image\":{\"@id\":\"https:\\\/\\\/www.meydan.tv\\\/az\\\/#\\\/schema\\\/logo\\\/image\\\/\"}},{\"@type\":\"Person\",\"@id\":\"https:\\\/\\\/www.meydan.tv\\\/az\\\/#\\\/schema\\\/person\\\/09863e516102a829e72bedcf3f84c6b0\",\"name\":\"mahmud\"}]}<\/script>\n<!-- \/ Yoast SEO plugin. -->","yoast_head_json":{"title":"Sevinc Vaqifq\u0131z\u0131 h\u0259bsd\u0259 qald\u0131 - MEYDAN.TV","robots":{"index":"index","follow":"follow","max-snippet":"max-snippet:-1","max-image-preview":"max-image-preview:large","max-video-preview":"max-video-preview:-1"},"canonical":"https:\/\/www.meydan.tv\/az\/article\/sevinc-vaqifqizi-hebsde-qaldi\/","og_locale":"az_AZ","og_type":"article","og_title":"Sevinc Vaqifq\u0131z\u0131 h\u0259bsd\u0259 qald\u0131 - MEYDAN.TV","og_description":"Jurnalist m\u0259hk\u0259m\u0259d\u0259 ara\u015fd\u0131rmalar\u0131na g\u00f6r\u0259 siyasi sifari\u015fl\u0259 h\u0259bs olundu\u011funu bildirib Noyabr\u0131n ... Davam\u0131","og_url":"https:\/\/www.meydan.tv\/az\/article\/sevinc-vaqifqizi-hebsde-qaldi\/","og_site_name":"MEYDAN.TV","article_published_time":"2023-11-27T08:51:44+00:00","article_modified_time":"2023-11-27T10:57:23+00:00","og_image":[{"width":2560,"height":1707,"url":"https:\/\/www.meydan.tv\/wp-content\/uploads\/img_0633-scaled.jpg","type":"image\/jpeg"}],"author":"mahmud","twitter_card":"summary_large_image","schema":{"@context":"https:\/\/schema.org","@graph":[{"@type":"Article","@id":"https:\/\/www.meydan.tv\/az\/article\/sevinc-vaqifqizi-hebsde-qaldi\/#article","isPartOf":{"@id":"https:\/\/www.meydan.tv\/az\/article\/sevinc-vaqifqizi-hebsde-qaldi\/"},"author":{"name":"mahmud","@id":"https:\/\/www.meydan.tv\/az\/#\/schema\/person\/09863e516102a829e72bedcf3f84c6b0"},"headline":"Sevinc Vaqifq\u0131z\u0131 h\u0259bsd\u0259 qald\u0131","datePublished":"2023-11-27T08:51:44+00:00","dateModified":"2023-11-27T10:57:23+00:00","mainEntityOfPage":{"@id":"https:\/\/www.meydan.tv\/az\/article\/sevinc-vaqifqizi-hebsde-qaldi\/"},"wordCount":769,"publisher":{"@id":"https:\/\/www.meydan.tv\/az\/#organization"},"image":{"@id":"https:\/\/www.meydan.tv\/az\/article\/sevinc-vaqifqizi-hebsde-qaldi\/#primaryimage"},"thumbnailUrl":"https:\/\/www.meydan.tv\/wp-content\/uploads\/img_0633-scaled-e1703104450403.jpg","articleSection":["Siyas\u0259t","T\u00f6vsiy\u0259","Video","X\u0259b\u0259rl\u0259r"],"inLanguage":"az"},{"@type":"WebPage","@id":"https:\/\/www.meydan.tv\/az\/article\/sevinc-vaqifqizi-hebsde-qaldi\/","url":"https:\/\/www.meydan.tv\/az\/article\/sevinc-vaqifqizi-hebsde-qaldi\/","name":"Sevinc Vaqifq\u0131z\u0131 h\u0259bsd\u0259 qald\u0131 - MEYDAN.TV","isPartOf":{"@id":"https:\/\/www.meydan.tv\/az\/#website"},"primaryImageOfPage":{"@id":"https:\/\/www.meydan.tv\/az\/article\/sevinc-vaqifqizi-hebsde-qaldi\/#primaryimage"},"image":{"@id":"https:\/\/www.meydan.tv\/az\/article\/sevinc-vaqifqizi-hebsde-qaldi\/#primaryimage"},"thumbnailUrl":"https:\/\/www.meydan.tv\/wp-content\/uploads\/img_0633-scaled-e1703104450403.jpg","datePublished":"2023-11-27T08:51:44+00:00","dateModified":"2023-11-27T10:57:23+00:00","breadcrumb":{"@id":"https:\/\/www.meydan.tv\/az\/article\/sevinc-vaqifqizi-hebsde-qaldi\/#breadcrumb"},"inLanguage":"az","potentialAction":[{"@type":"ReadAction","target":["https:\/\/www.meydan.tv\/az\/article\/sevinc-vaqifqizi-hebsde-qaldi\/"]}]},{"@type":"ImageObject","inLanguage":"az","@id":"https:\/\/www.meydan.tv\/az\/article\/sevinc-vaqifqizi-hebsde-qaldi\/#primaryimage","url":"https:\/\/www.meydan.tv\/wp-content\/uploads\/img_0633-scaled-e1703104450403.jpg","contentUrl":"https:\/\/www.meydan.tv\/wp-content\/uploads\/img_0633-scaled-e1703104450403.jpg","width":2560,"height":1582,"caption":"Sevinc Vaqifq\u0131z\u0131. Foto: Meydan TV"},{"@type":"BreadcrumbList","@id":"https:\/\/www.meydan.tv\/az\/article\/sevinc-vaqifqizi-hebsde-qaldi\/#breadcrumb","itemListElement":[{"@type":"ListItem","position":1,"name":"Ana s\u0259hif\u0259","item":"https:\/\/www.meydan.tv\/az\/"},{"@type":"ListItem","position":2,"name":"Siyas\u0259t","item":"https:\/\/www.meydan.tv\/az\/section\/siyaset\/"},{"@type":"ListItem","position":3,"name":"Sevinc Vaqifq\u0131z\u0131 h\u0259bsd\u0259 qald\u0131"}]},{"@type":"WebSite","@id":"https:\/\/www.meydan.tv\/az\/#website","url":"https:\/\/www.meydan.tv\/az\/","name":"MEYDAN.TV","description":"Meydan TV Az\u0259rbaycan\u0131n media m\u0259kan\u0131ndak\u0131 alternativ s\u0259sidir","publisher":{"@id":"https:\/\/www.meydan.tv\/az\/#organization"},"potentialAction":[{"@type":"SearchAction","target":{"@type":"EntryPoint","urlTemplate":"https:\/\/www.meydan.tv\/az\/?s={search_term_string}"},"query-input":{"@type":"PropertyValueSpecification","valueRequired":true,"valueName":"search_term_string"}}],"inLanguage":"az"},{"@type":"Organization","@id":"https:\/\/www.meydan.tv\/az\/#organization","name":"Meydan TV","url":"https:\/\/www.meydan.tv\/az\/","logo":{"@type":"ImageObject","inLanguage":"az","@id":"https:\/\/www.meydan.tv\/az\/#\/schema\/logo\/image\/","url":"https:\/\/www.meydan.tv\/wp-content\/uploads\/2021\/07\/meydan-logo.svg","contentUrl":"https:\/\/www.meydan.tv\/wp-content\/uploads\/2021\/07\/meydan-logo.svg","width":195,"height":46,"caption":"Meydan TV"},"image":{"@id":"https:\/\/www.meydan.tv\/az\/#\/schema\/logo\/image\/"}},{"@type":"Person","@id":"https:\/\/www.meydan.tv\/az\/#\/schema\/person\/09863e516102a829e72bedcf3f84c6b0","name":"mahmud"}]}},"_links":{"self":[{"href":"https:\/\/www.meydan.tv\/az\/wp-json\/wp\/v2\/posts\/291523","targetHints":{"allow":["GET"]}}],"collection":[{"href":"https:\/\/www.meydan.tv\/az\/wp-json\/wp\/v2\/posts"}],"about":[{"href":"https:\/\/www.meydan.tv\/az\/wp-json\/wp\/v2\/types\/post"}],"author":[{"embeddable":true,"href":"https:\/\/www.meydan.tv\/az\/wp-json\/wp\/v2\/users\/21"}],"replies":[{"embeddable":true,"href":"https:\/\/www.meydan.tv\/az\/wp-json\/wp\/v2\/comments?post=291523"}],"version-history":[{"count":2,"href":"https:\/\/www.meydan.tv\/az\/wp-json\/wp\/v2\/posts\/291523\/revisions"}],"predecessor-version":[{"id":291550,"href":"https:\/\/www.meydan.tv\/az\/wp-json\/wp\/v2\/posts\/291523\/revisions\/291550"}],"wp:featuredmedia":[{"embeddable":true,"href":"https:\/\/www.meydan.tv\/az\/wp-json\/wp\/v2\/media\/291524"}],"wp:attachment":[{"href":"https:\/\/www.meydan.tv\/az\/wp-json\/wp\/v2\/media?parent=291523"}],"wp:term":[{"taxonomy":"category","embeddable":true,"href":"https:\/\/www.meydan.tv\/az\/wp-json\/wp\/v2\/categories?post=291523"},{"taxonomy":"post_tag","embeddable":true,"href":"https:\/\/www.meydan.tv\/az\/wp-json\/wp\/v2\/tags?post=291523"}],"curies":[{"name":"wp","href":"https:\/\/api.w.org\/{rel}","templated":true}]}}