{"id":291509,"date":"2023-11-27T12:44:49","date_gmt":"2023-11-27T08:44:49","guid":{"rendered":"https:\/\/www.meydan.tv\/?p=291509"},"modified":"2023-11-27T12:44:53","modified_gmt":"2023-11-27T08:44:53","slug":"kendliler-tullantilarin-lenkerancaya-axidilmasindan-narahatdir","status":"publish","type":"post","link":"https:\/\/www.meydan.tv\/az\/article\/kendliler-tullantilarin-lenkerancaya-axidilmasindan-narahatdir\/","title":{"rendered":"K\u0259ndlil\u0259r tullant\u0131lar\u0131n L\u0259nk\u0259ran\u00e7aya ax\u0131d\u0131lmas\u0131ndan narahatd\u0131r"},"content":{"rendered":"\n<p><\/p>\n\n\n\n<p><strong><em>\u201c\u00c7ayin s\u0259viyy\u0259si y\u00fcks\u0259l\u0259n kimi tullant\u0131lar L\u0259nk\u0259ran\u0131n T\u0259ngivan k\u0259ndin\u0259 ax\u0131r\u201d<\/em><\/strong><\/p>\n\n\n\n<p>L\u0259nk\u0259ran\u00e7ay\u0131n \u0259traf\u0131 m\u00fcxt\u0259lif tullant\u0131larla, x\u00fcsusil\u0259 d\u0259 plastik qablarla \u00e7irkl\u0259ndirilir. Ya\u011f\u0131\u015fl\u0131 havalarda \u00e7ay da\u015fan kimi tullant\u0131lar \u0259traf k\u0259ndl\u0259r\u0259 q\u0259d\u0259r yay\u0131l\u0131r.<\/p>\n\n\n\n<p>Bu bar\u0259d\u0259 Meydan TV-y\u0259 Lerik v\u0259 L\u0259nk\u0259ran sakinl\u0259ri t\u0259r\u0259find\u0259n edil\u0259n m\u00fcraci\u0259td\u0259 deyilir.<\/p>\n\n\n\n<p>Sakinl\u0259rd\u0259n El\u00e7in Babayev bildirib ki, tullant\u0131lar \u0259sas\u0259n Lerikd\u0259 istirah\u0259t m\u0259rk\u0259zl\u0259ri t\u0259r\u0259find\u0259n at\u0131l\u0131r. \u00c7ayin s\u0259viyy\u0259si y\u00fcks\u0259l\u0259n kimi tullant\u0131lar L\u0259nk\u0259ran\u0131n T\u0259ngivan k\u0259ndin\u0259 ax\u0131r.<\/p>\n\n\n\n<p><em>\u201cG\u00f6r\u00fcnt\u00fcl\u0259r L\u0259nk\u0259ran\u0131n T\u0259ngivan k\u0259ndi \u0259razisind\u0259 \u00e7ay k\u0259nar\u0131nda \u00e7\u0259kilib. \u00c7ay \u00e7irkl\u0259ndirilir. B\u00fct\u00fcn \u00e7ay sahili boyu zibilliy\u0259 rast g\u0259lm\u0259k olur. Bir hiss\u0259si d\u0259 t\u0259bii ki, X\u0259z\u0259r d\u0259nizin\u0259 t\u00f6k\u00fcl\u00fcr. D\u0259niz sahilin\u0259 ba\u015f \u00e7\u0259km\u0259kl\u0259 real m\u0259nz\u0259r\u0259ni g\u00f6r\u0259 bil\u0259rl\u0259r\u201d,<\/em>-Babayev deyib.<\/p>\n\n\n\n<figure class=\"wp-block-image size-full is-resized\"><img decoding=\"async\" width=\"720\" height=\"540\" data-src=\"https:\/\/www.meydan.tv\/wp-content\/uploads\/c4cbad88-9854-4c4d-a914-55c0a4140d33_720-1.jpg\" alt=\"\" class=\"wp-image-291519 lazyload\" style=\"--smush-placeholder-width: 720px; --smush-placeholder-aspect-ratio: 720\/540;width:800px;height:auto\" src=\"data:image\/svg+xml;base64,PHN2ZyB3aWR0aD0iMSIgaGVpZ2h0PSIxIiB4bWxucz0iaHR0cDovL3d3dy53My5vcmcvMjAwMC9zdmciPjwvc3ZnPg==\" \/><figcaption class=\"wp-element-caption\">L\u0259nk\u0259ran\u00e7ay\u0131n T\u0259ngivan k\u0259ndi \u0259razisind\u0259n ke\u00e7\u0259n hiss\u0259si<\/figcaption><\/figure>\n\n\n\n<p>Sakinl\u0259r deyirl\u0259r ki, k\u0259ndd\u0259 ayda bir d\u0259f\u0259 qazl\u0131, \u015fir\u0259li i\u00e7ki alan tap\u0131lmaz. \u00c7ay k\u0259nar\u0131nda is\u0259 \u00e7oxlu sayda plastik qablar olur. Bu da tullant\u0131lar\u0131n da\u015f\u0131nmad\u0131\u011f\u0131, \u00e7ay k\u0259nar\u0131na at\u0131ld\u0131\u011f\u0131n\u0131 s\u00f6yl\u0259m\u0259y\u0259 \u0259sas verir.<\/p>\n\n\n\n<p>L\u0259nk\u0259ran \u0130cra Hakimiyy\u0259tind\u0259n Meydan TV-y\u0259 bildiribl\u0259r ki, tullant\u0131lar rayon m\u0259nzil kommunal t\u0259s\u0259rr\u00fcfat t\u0259r\u0259find\u0259n, k\u0259ndl\u0259rd\u0259 is\u0259 b\u0259l\u0259diyy\u0259l\u0259r t\u0259r\u0259find\u0259n da\u015f\u0131n\u0131r. \u00c7ay L\u0259nk\u0259ran t\u0259r\u0259find\u0259n \u00e7irkl\u0259ndirilmir.<\/p>\n\n\n\n<p>Lerik Rayon \u0130cra Hakimiyy\u0259tind\u0259n is\u0259 suala cavab verilm\u0259yib. H\u0259m\u00e7inin Ekologiya v\u0259 T\u0259bii S\u0259rv\u0259tl\u0259r Nazirliyind\u0259n sual\u0131 cavabland\u0131rmay\u0131blar. Nazirliyin \u201cqaynar x\u0259tti\u201dn\u0259 d\u0259 m\u00fcraci\u0259t edilib v\u0259 ara\u015fd\u0131r\u0131laca\u011f\u0131 deyilib.<\/p>\n\n\n\n<p><\/p>\n","protected":false},"excerpt":{"rendered":"<p>\u201c\u00c7ayin s\u0259viyy\u0259si y\u00fcks\u0259l\u0259n kimi tullant\u0131lar L\u0259nk\u0259ran\u0131n T\u0259ngivan k\u0259ndin\u0259 ax\u0131r\u201d L\u0259nk\u0259ran\u00e7ay\u0131n &#8230; <\/p>\n<p class=\"read-more-container\"><a title=\"K\u0259ndlil\u0259r tullant\u0131lar\u0131n L\u0259nk\u0259ran\u00e7aya ax\u0131d\u0131lmas\u0131ndan narahatd\u0131r\" class=\"read-more button\" href=\"https:\/\/www.meydan.tv\/az\/article\/kendliler-tullantilarin-lenkerancaya-axidilmasindan-narahatdir\/#more-291509\" aria-label=\"Read more about K\u0259ndlil\u0259r tullant\u0131lar\u0131n L\u0259nk\u0259ran\u00e7aya ax\u0131d\u0131lmas\u0131ndan narahatd\u0131r\">Davam\u0131<\/a><\/p>\n","protected":false},"author":21,"featured_media":291516,"comment_status":"closed","ping_status":"closed","sticky":false,"template":"","format":"standard","meta":{"_acf_changed":false,"_sitemap_exclude":false,"_sitemap_priority":"","_sitemap_frequency":"","footnotes":""},"categories":[62,56],"tags":[],"class_list":["post-291509","post","type-post","status-publish","format-standard","has-post-thumbnail","hentry","category-sosial","category-xeberler","infinite-scroll-item","generate-columns","tablet-grid-50","mobile-grid-100","grid-parent","grid-33","no-featured-image-padding"],"acf":[],"yoast_head":"<!-- This site is optimized with the Yoast SEO plugin v27.5 - https:\/\/yoast.com\/product\/yoast-seo-wordpress\/ -->\n<title>K\u0259ndlil\u0259r tullant\u0131lar\u0131n L\u0259nk\u0259ran\u00e7aya ax\u0131d\u0131lmas\u0131ndan narahatd\u0131r - MEYDAN.TV<\/title>\n<meta name=\"robots\" content=\"index, follow, max-snippet:-1, max-image-preview:large, max-video-preview:-1\" \/>\n<link rel=\"canonical\" href=\"https:\/\/www.meydan.tv\/az\/article\/kendliler-tullantilarin-lenkerancaya-axidilmasindan-narahatdir\/\" \/>\n<meta property=\"og:locale\" content=\"az_AZ\" \/>\n<meta property=\"og:type\" content=\"article\" \/>\n<meta property=\"og:title\" content=\"K\u0259ndlil\u0259r tullant\u0131lar\u0131n L\u0259nk\u0259ran\u00e7aya ax\u0131d\u0131lmas\u0131ndan narahatd\u0131r - MEYDAN.TV\" \/>\n<meta property=\"og:description\" content=\"\u201c\u00c7ayin s\u0259viyy\u0259si y\u00fcks\u0259l\u0259n kimi tullant\u0131lar L\u0259nk\u0259ran\u0131n T\u0259ngivan k\u0259ndin\u0259 ax\u0131r\u201d L\u0259nk\u0259ran\u00e7ay\u0131n ... Davam\u0131\" \/>\n<meta property=\"og:url\" content=\"https:\/\/www.meydan.tv\/az\/article\/kendliler-tullantilarin-lenkerancaya-axidilmasindan-narahatdir\/\" \/>\n<meta property=\"og:site_name\" content=\"MEYDAN.TV\" \/>\n<meta property=\"article:published_time\" content=\"2023-11-27T08:44:49+00:00\" \/>\n<meta property=\"article:modified_time\" content=\"2023-11-27T08:44:53+00:00\" \/>\n<meta property=\"og:image\" content=\"https:\/\/www.meydan.tv\/wp-content\/uploads\/c8f51ddf-1ee1-45ff-bb38-42742f5c8e19_720.jpg\" \/>\n\t<meta property=\"og:image:width\" content=\"720\" \/>\n\t<meta property=\"og:image:height\" content=\"540\" \/>\n\t<meta property=\"og:image:type\" content=\"image\/jpeg\" \/>\n<meta name=\"author\" content=\"mahmud\" \/>\n<meta name=\"twitter:card\" content=\"summary_large_image\" \/>\n<script type=\"application\/ld+json\" class=\"yoast-schema-graph\">{\"@context\":\"https:\\\/\\\/schema.org\",\"@graph\":[{\"@type\":\"Article\",\"@id\":\"https:\\\/\\\/www.meydan.tv\\\/az\\\/article\\\/kendliler-tullantilarin-lenkerancaya-axidilmasindan-narahatdir\\\/#article\",\"isPartOf\":{\"@id\":\"https:\\\/\\\/www.meydan.tv\\\/az\\\/article\\\/kendliler-tullantilarin-lenkerancaya-axidilmasindan-narahatdir\\\/\"},\"author\":{\"name\":\"mahmud\",\"@id\":\"https:\\\/\\\/www.meydan.tv\\\/az\\\/#\\\/schema\\\/person\\\/09863e516102a829e72bedcf3f84c6b0\"},\"headline\":\"K\u0259ndlil\u0259r tullant\u0131lar\u0131n L\u0259nk\u0259ran\u00e7aya ax\u0131d\u0131lmas\u0131ndan narahatd\u0131r\",\"datePublished\":\"2023-11-27T08:44:49+00:00\",\"dateModified\":\"2023-11-27T08:44:53+00:00\",\"mainEntityOfPage\":{\"@id\":\"https:\\\/\\\/www.meydan.tv\\\/az\\\/article\\\/kendliler-tullantilarin-lenkerancaya-axidilmasindan-narahatdir\\\/\"},\"wordCount\":371,\"publisher\":{\"@id\":\"https:\\\/\\\/www.meydan.tv\\\/az\\\/#organization\"},\"image\":{\"@id\":\"https:\\\/\\\/www.meydan.tv\\\/az\\\/article\\\/kendliler-tullantilarin-lenkerancaya-axidilmasindan-narahatdir\\\/#primaryimage\"},\"thumbnailUrl\":\"https:\\\/\\\/www.meydan.tv\\\/wp-content\\\/uploads\\\/c8f51ddf-1ee1-45ff-bb38-42742f5c8e19_720.jpg\",\"articleSection\":[\"Sosial\",\"X\u0259b\u0259rl\u0259r\"],\"inLanguage\":\"az\"},{\"@type\":\"WebPage\",\"@id\":\"https:\\\/\\\/www.meydan.tv\\\/az\\\/article\\\/kendliler-tullantilarin-lenkerancaya-axidilmasindan-narahatdir\\\/\",\"url\":\"https:\\\/\\\/www.meydan.tv\\\/az\\\/article\\\/kendliler-tullantilarin-lenkerancaya-axidilmasindan-narahatdir\\\/\",\"name\":\"K\u0259ndlil\u0259r tullant\u0131lar\u0131n L\u0259nk\u0259ran\u00e7aya ax\u0131d\u0131lmas\u0131ndan narahatd\u0131r - MEYDAN.TV\",\"isPartOf\":{\"@id\":\"https:\\\/\\\/www.meydan.tv\\\/az\\\/#website\"},\"primaryImageOfPage\":{\"@id\":\"https:\\\/\\\/www.meydan.tv\\\/az\\\/article\\\/kendliler-tullantilarin-lenkerancaya-axidilmasindan-narahatdir\\\/#primaryimage\"},\"image\":{\"@id\":\"https:\\\/\\\/www.meydan.tv\\\/az\\\/article\\\/kendliler-tullantilarin-lenkerancaya-axidilmasindan-narahatdir\\\/#primaryimage\"},\"thumbnailUrl\":\"https:\\\/\\\/www.meydan.tv\\\/wp-content\\\/uploads\\\/c8f51ddf-1ee1-45ff-bb38-42742f5c8e19_720.jpg\",\"datePublished\":\"2023-11-27T08:44:49+00:00\",\"dateModified\":\"2023-11-27T08:44:53+00:00\",\"breadcrumb\":{\"@id\":\"https:\\\/\\\/www.meydan.tv\\\/az\\\/article\\\/kendliler-tullantilarin-lenkerancaya-axidilmasindan-narahatdir\\\/#breadcrumb\"},\"inLanguage\":\"az\",\"potentialAction\":[{\"@type\":\"ReadAction\",\"target\":[\"https:\\\/\\\/www.meydan.tv\\\/az\\\/article\\\/kendliler-tullantilarin-lenkerancaya-axidilmasindan-narahatdir\\\/\"]}]},{\"@type\":\"ImageObject\",\"inLanguage\":\"az\",\"@id\":\"https:\\\/\\\/www.meydan.tv\\\/az\\\/article\\\/kendliler-tullantilarin-lenkerancaya-axidilmasindan-narahatdir\\\/#primaryimage\",\"url\":\"https:\\\/\\\/www.meydan.tv\\\/wp-content\\\/uploads\\\/c8f51ddf-1ee1-45ff-bb38-42742f5c8e19_720.jpg\",\"contentUrl\":\"https:\\\/\\\/www.meydan.tv\\\/wp-content\\\/uploads\\\/c8f51ddf-1ee1-45ff-bb38-42742f5c8e19_720.jpg\",\"width\":720,\"height\":540,\"caption\":\"L\u0259nk\u0259ran\u00e7ay\u0131n T\u0259ngivan k\u0259ndi \u0259razisind\u0259n ke\u00e7\u0259n hiss\u0259si. Fotolar: Meydan TV\"},{\"@type\":\"BreadcrumbList\",\"@id\":\"https:\\\/\\\/www.meydan.tv\\\/az\\\/article\\\/kendliler-tullantilarin-lenkerancaya-axidilmasindan-narahatdir\\\/#breadcrumb\",\"itemListElement\":[{\"@type\":\"ListItem\",\"position\":1,\"name\":\"Ana s\u0259hif\u0259\",\"item\":\"https:\\\/\\\/www.meydan.tv\\\/az\\\/\"},{\"@type\":\"ListItem\",\"position\":2,\"name\":\"Sosial\",\"item\":\"https:\\\/\\\/www.meydan.tv\\\/az\\\/section\\\/sosial\\\/\"},{\"@type\":\"ListItem\",\"position\":3,\"name\":\"K\u0259ndlil\u0259r tullant\u0131lar\u0131n L\u0259nk\u0259ran\u00e7aya ax\u0131d\u0131lmas\u0131ndan narahatd\u0131r\"}]},{\"@type\":\"WebSite\",\"@id\":\"https:\\\/\\\/www.meydan.tv\\\/az\\\/#website\",\"url\":\"https:\\\/\\\/www.meydan.tv\\\/az\\\/\",\"name\":\"MEYDAN.TV\",\"description\":\"Meydan TV Az\u0259rbaycan\u0131n media m\u0259kan\u0131ndak\u0131 alternativ s\u0259sidir\",\"publisher\":{\"@id\":\"https:\\\/\\\/www.meydan.tv\\\/az\\\/#organization\"},\"potentialAction\":[{\"@type\":\"SearchAction\",\"target\":{\"@type\":\"EntryPoint\",\"urlTemplate\":\"https:\\\/\\\/www.meydan.tv\\\/az\\\/?s={search_term_string}\"},\"query-input\":{\"@type\":\"PropertyValueSpecification\",\"valueRequired\":true,\"valueName\":\"search_term_string\"}}],\"inLanguage\":\"az\"},{\"@type\":\"Organization\",\"@id\":\"https:\\\/\\\/www.meydan.tv\\\/az\\\/#organization\",\"name\":\"Meydan TV\",\"url\":\"https:\\\/\\\/www.meydan.tv\\\/az\\\/\",\"logo\":{\"@type\":\"ImageObject\",\"inLanguage\":\"az\",\"@id\":\"https:\\\/\\\/www.meydan.tv\\\/az\\\/#\\\/schema\\\/logo\\\/image\\\/\",\"url\":\"https:\\\/\\\/www.meydan.tv\\\/wp-content\\\/uploads\\\/2021\\\/07\\\/meydan-logo.svg\",\"contentUrl\":\"https:\\\/\\\/www.meydan.tv\\\/wp-content\\\/uploads\\\/2021\\\/07\\\/meydan-logo.svg\",\"width\":195,\"height\":46,\"caption\":\"Meydan TV\"},\"image\":{\"@id\":\"https:\\\/\\\/www.meydan.tv\\\/az\\\/#\\\/schema\\\/logo\\\/image\\\/\"}},{\"@type\":\"Person\",\"@id\":\"https:\\\/\\\/www.meydan.tv\\\/az\\\/#\\\/schema\\\/person\\\/09863e516102a829e72bedcf3f84c6b0\",\"name\":\"mahmud\"}]}<\/script>\n<!-- \/ Yoast SEO plugin. -->","yoast_head_json":{"title":"K\u0259ndlil\u0259r tullant\u0131lar\u0131n L\u0259nk\u0259ran\u00e7aya ax\u0131d\u0131lmas\u0131ndan narahatd\u0131r - MEYDAN.TV","robots":{"index":"index","follow":"follow","max-snippet":"max-snippet:-1","max-image-preview":"max-image-preview:large","max-video-preview":"max-video-preview:-1"},"canonical":"https:\/\/www.meydan.tv\/az\/article\/kendliler-tullantilarin-lenkerancaya-axidilmasindan-narahatdir\/","og_locale":"az_AZ","og_type":"article","og_title":"K\u0259ndlil\u0259r tullant\u0131lar\u0131n L\u0259nk\u0259ran\u00e7aya ax\u0131d\u0131lmas\u0131ndan narahatd\u0131r - MEYDAN.TV","og_description":"\u201c\u00c7ayin s\u0259viyy\u0259si y\u00fcks\u0259l\u0259n kimi tullant\u0131lar L\u0259nk\u0259ran\u0131n T\u0259ngivan k\u0259ndin\u0259 ax\u0131r\u201d L\u0259nk\u0259ran\u00e7ay\u0131n ... Davam\u0131","og_url":"https:\/\/www.meydan.tv\/az\/article\/kendliler-tullantilarin-lenkerancaya-axidilmasindan-narahatdir\/","og_site_name":"MEYDAN.TV","article_published_time":"2023-11-27T08:44:49+00:00","article_modified_time":"2023-11-27T08:44:53+00:00","og_image":[{"width":720,"height":540,"url":"https:\/\/www.meydan.tv\/wp-content\/uploads\/c8f51ddf-1ee1-45ff-bb38-42742f5c8e19_720.jpg","type":"image\/jpeg"}],"author":"mahmud","twitter_card":"summary_large_image","schema":{"@context":"https:\/\/schema.org","@graph":[{"@type":"Article","@id":"https:\/\/www.meydan.tv\/az\/article\/kendliler-tullantilarin-lenkerancaya-axidilmasindan-narahatdir\/#article","isPartOf":{"@id":"https:\/\/www.meydan.tv\/az\/article\/kendliler-tullantilarin-lenkerancaya-axidilmasindan-narahatdir\/"},"author":{"name":"mahmud","@id":"https:\/\/www.meydan.tv\/az\/#\/schema\/person\/09863e516102a829e72bedcf3f84c6b0"},"headline":"K\u0259ndlil\u0259r tullant\u0131lar\u0131n L\u0259nk\u0259ran\u00e7aya ax\u0131d\u0131lmas\u0131ndan narahatd\u0131r","datePublished":"2023-11-27T08:44:49+00:00","dateModified":"2023-11-27T08:44:53+00:00","mainEntityOfPage":{"@id":"https:\/\/www.meydan.tv\/az\/article\/kendliler-tullantilarin-lenkerancaya-axidilmasindan-narahatdir\/"},"wordCount":371,"publisher":{"@id":"https:\/\/www.meydan.tv\/az\/#organization"},"image":{"@id":"https:\/\/www.meydan.tv\/az\/article\/kendliler-tullantilarin-lenkerancaya-axidilmasindan-narahatdir\/#primaryimage"},"thumbnailUrl":"https:\/\/www.meydan.tv\/wp-content\/uploads\/c8f51ddf-1ee1-45ff-bb38-42742f5c8e19_720.jpg","articleSection":["Sosial","X\u0259b\u0259rl\u0259r"],"inLanguage":"az"},{"@type":"WebPage","@id":"https:\/\/www.meydan.tv\/az\/article\/kendliler-tullantilarin-lenkerancaya-axidilmasindan-narahatdir\/","url":"https:\/\/www.meydan.tv\/az\/article\/kendliler-tullantilarin-lenkerancaya-axidilmasindan-narahatdir\/","name":"K\u0259ndlil\u0259r tullant\u0131lar\u0131n L\u0259nk\u0259ran\u00e7aya ax\u0131d\u0131lmas\u0131ndan narahatd\u0131r - MEYDAN.TV","isPartOf":{"@id":"https:\/\/www.meydan.tv\/az\/#website"},"primaryImageOfPage":{"@id":"https:\/\/www.meydan.tv\/az\/article\/kendliler-tullantilarin-lenkerancaya-axidilmasindan-narahatdir\/#primaryimage"},"image":{"@id":"https:\/\/www.meydan.tv\/az\/article\/kendliler-tullantilarin-lenkerancaya-axidilmasindan-narahatdir\/#primaryimage"},"thumbnailUrl":"https:\/\/www.meydan.tv\/wp-content\/uploads\/c8f51ddf-1ee1-45ff-bb38-42742f5c8e19_720.jpg","datePublished":"2023-11-27T08:44:49+00:00","dateModified":"2023-11-27T08:44:53+00:00","breadcrumb":{"@id":"https:\/\/www.meydan.tv\/az\/article\/kendliler-tullantilarin-lenkerancaya-axidilmasindan-narahatdir\/#breadcrumb"},"inLanguage":"az","potentialAction":[{"@type":"ReadAction","target":["https:\/\/www.meydan.tv\/az\/article\/kendliler-tullantilarin-lenkerancaya-axidilmasindan-narahatdir\/"]}]},{"@type":"ImageObject","inLanguage":"az","@id":"https:\/\/www.meydan.tv\/az\/article\/kendliler-tullantilarin-lenkerancaya-axidilmasindan-narahatdir\/#primaryimage","url":"https:\/\/www.meydan.tv\/wp-content\/uploads\/c8f51ddf-1ee1-45ff-bb38-42742f5c8e19_720.jpg","contentUrl":"https:\/\/www.meydan.tv\/wp-content\/uploads\/c8f51ddf-1ee1-45ff-bb38-42742f5c8e19_720.jpg","width":720,"height":540,"caption":"L\u0259nk\u0259ran\u00e7ay\u0131n T\u0259ngivan k\u0259ndi \u0259razisind\u0259n ke\u00e7\u0259n hiss\u0259si. Fotolar: Meydan TV"},{"@type":"BreadcrumbList","@id":"https:\/\/www.meydan.tv\/az\/article\/kendliler-tullantilarin-lenkerancaya-axidilmasindan-narahatdir\/#breadcrumb","itemListElement":[{"@type":"ListItem","position":1,"name":"Ana s\u0259hif\u0259","item":"https:\/\/www.meydan.tv\/az\/"},{"@type":"ListItem","position":2,"name":"Sosial","item":"https:\/\/www.meydan.tv\/az\/section\/sosial\/"},{"@type":"ListItem","position":3,"name":"K\u0259ndlil\u0259r tullant\u0131lar\u0131n L\u0259nk\u0259ran\u00e7aya ax\u0131d\u0131lmas\u0131ndan narahatd\u0131r"}]},{"@type":"WebSite","@id":"https:\/\/www.meydan.tv\/az\/#website","url":"https:\/\/www.meydan.tv\/az\/","name":"MEYDAN.TV","description":"Meydan TV Az\u0259rbaycan\u0131n media m\u0259kan\u0131ndak\u0131 alternativ s\u0259sidir","publisher":{"@id":"https:\/\/www.meydan.tv\/az\/#organization"},"potentialAction":[{"@type":"SearchAction","target":{"@type":"EntryPoint","urlTemplate":"https:\/\/www.meydan.tv\/az\/?s={search_term_string}"},"query-input":{"@type":"PropertyValueSpecification","valueRequired":true,"valueName":"search_term_string"}}],"inLanguage":"az"},{"@type":"Organization","@id":"https:\/\/www.meydan.tv\/az\/#organization","name":"Meydan TV","url":"https:\/\/www.meydan.tv\/az\/","logo":{"@type":"ImageObject","inLanguage":"az","@id":"https:\/\/www.meydan.tv\/az\/#\/schema\/logo\/image\/","url":"https:\/\/www.meydan.tv\/wp-content\/uploads\/2021\/07\/meydan-logo.svg","contentUrl":"https:\/\/www.meydan.tv\/wp-content\/uploads\/2021\/07\/meydan-logo.svg","width":195,"height":46,"caption":"Meydan TV"},"image":{"@id":"https:\/\/www.meydan.tv\/az\/#\/schema\/logo\/image\/"}},{"@type":"Person","@id":"https:\/\/www.meydan.tv\/az\/#\/schema\/person\/09863e516102a829e72bedcf3f84c6b0","name":"mahmud"}]}},"_links":{"self":[{"href":"https:\/\/www.meydan.tv\/az\/wp-json\/wp\/v2\/posts\/291509","targetHints":{"allow":["GET"]}}],"collection":[{"href":"https:\/\/www.meydan.tv\/az\/wp-json\/wp\/v2\/posts"}],"about":[{"href":"https:\/\/www.meydan.tv\/az\/wp-json\/wp\/v2\/types\/post"}],"author":[{"embeddable":true,"href":"https:\/\/www.meydan.tv\/az\/wp-json\/wp\/v2\/users\/21"}],"replies":[{"embeddable":true,"href":"https:\/\/www.meydan.tv\/az\/wp-json\/wp\/v2\/comments?post=291509"}],"version-history":[{"count":1,"href":"https:\/\/www.meydan.tv\/az\/wp-json\/wp\/v2\/posts\/291509\/revisions"}],"predecessor-version":[{"id":291522,"href":"https:\/\/www.meydan.tv\/az\/wp-json\/wp\/v2\/posts\/291509\/revisions\/291522"}],"wp:featuredmedia":[{"embeddable":true,"href":"https:\/\/www.meydan.tv\/az\/wp-json\/wp\/v2\/media\/291516"}],"wp:attachment":[{"href":"https:\/\/www.meydan.tv\/az\/wp-json\/wp\/v2\/media?parent=291509"}],"wp:term":[{"taxonomy":"category","embeddable":true,"href":"https:\/\/www.meydan.tv\/az\/wp-json\/wp\/v2\/categories?post=291509"},{"taxonomy":"post_tag","embeddable":true,"href":"https:\/\/www.meydan.tv\/az\/wp-json\/wp\/v2\/tags?post=291509"}],"curies":[{"name":"wp","href":"https:\/\/api.w.org\/{rel}","templated":true}]}}