{"id":291501,"date":"2023-11-27T11:55:12","date_gmt":"2023-11-27T07:55:12","guid":{"rendered":"https:\/\/www.meydan.tv\/?p=291501"},"modified":"2023-11-27T11:55:16","modified_gmt":"2023-11-27T07:55:16","slug":"xezer-herbi-tedqiqatlar-institutu-2023-cu-ilde-azi-258-herbi-qulluqcu-helak-olub","status":"publish","type":"post","link":"https:\/\/www.meydan.tv\/az\/article\/xezer-herbi-tedqiqatlar-institutu-2023-cu-ilde-azi-258-herbi-qulluqcu-helak-olub\/","title":{"rendered":"X\u0259z\u0259r H\u0259rbi T\u0259dqiqatlar \u0130nstitutu: &#8220;2023-c\u00fc ild\u0259 az\u0131 258 h\u0259rbi qulluq\u00e7u h\u0259lak olub&#8221;"},"content":{"rendered":"\n<p><\/p>\n\n\n\n<p><strong><em>\u00d6l\u00fcm hadis\u0259l\u0259rinin \u0259ks\u0259riyy\u0259tinin lokal h\u0259rbi \u0259m\u0259liyyatlar zaman\u0131 ba\u015f verdiyi qeyd olunur<\/em><\/strong><\/p>\n\n\n\n<p>2023-c\u00fc ilin 11 ay\u0131 \u0259rzind\u0259 Az\u0259rbaycan\u0131n t\u0259hl\u00fck\u0259sizlik v\u0259 m\u00fcdafi\u0259 sektorunun \u0259n az\u0131 258 h\u0259rbi qulluq\u00e7usunu itirdiyi bildirilir.<\/p>\n\n\n\n<p>Bu, X\u0259z\u0259r H\u0259rbi T\u0259dqiqatlar \u0130nstitutunun monitorinqinin n\u0259tic\u0259l\u0259rind\u0259 \u00f6z <a href=\"https:\/\/caspiandefense.wordpress.com\/2023\/11\/26\/2023-cu-ild%c9%99-azi-258-h%c9%99rbi-qulluqcu-dunyasini-d%c9%99yisib\/\">\u0259ksini tap\u0131b<\/a>.<\/p>\n\n\n\n<p>Bildirilir ki, 212 n\u0259f\u0259r d\u00f6y\u00fc\u015fl\u0259r (Erm\u0259nistan silahl\u0131 q\u00fcvv\u0259l\u0259rinin a\u00e7d\u0131\u011f\u0131 at\u0259\u015f v\u0259 ya mina partlay\u0131\u015f\u0131 n\u0259tic\u0259sind\u0259) zaman\u0131 h\u0259lak olanlard\u0131r.<\/p>\n\n\n\n<p>46 n\u0259f\u0259ri is\u0259 qeyri-d\u00f6y\u00fc\u015f itkil\u0259ridir.<\/p>\n\n\n\n<p>\u00dcmumilikd\u0259 \u2013 2023-ci ild\u0259 208 n\u0259f\u0259r erm\u0259ni g\u00fcll\u0259sind\u0259n, 4 n\u0259f\u0259r mina partlay\u0131\u015f\u0131ndan, 8 n\u0259f\u0259r yol-n\u0259qliyyat hadis\u0259l\u0259rind\u0259n v\u0259 ya m\u00fcxt\u0259lif avtoq\u0259zalardan, 9 n\u0259f\u0259r m\u00fcxt\u0259lif x\u0259st\u0259likl\u0259rd\u0259n, 2 n\u0259f\u0259r qeyri-nizamnam\u0259 hadis\u0259l\u0259rind\u0259n, 2 n\u0259f\u0259r silahl\u0131 basq\u0131ndan, 1 n\u0259f\u0259r ehtiyats\u0131zl\u0131qdan, 4 n\u0259f\u0259r is\u0259 b\u0259db\u0259xt hadis\u0259d\u0259n h\u0259yat\u0131n\u0131 itirib.<\/p>\n\n\n\n<p>M\u0259lumatda qeyd edilir ki, 2023-c\u00fc ild\u0259 \u00fcmumilikd\u0259 20 h\u0259rbi qulluq\u00e7u intihar edib.<\/p>\n\n\n\n<p>H\u0259yatlar\u0131n\u0131 itir\u0259nl\u0259rin 126 n\u0259f\u0259ri M\u00fcdafi\u0259 Nazirliyinin, 9 n\u0259f\u0259ri D\u00f6vl\u0259t S\u0259rh\u0259d Xidm\u0259tinin, 3 n\u0259f\u0259ri F\u00f6vq\u0259lad\u0259 Hallar Nazirliyinin, 17 n\u0259f\u0259ri Daxili Qo\u015funlar\u0131n, 1 n\u0259f\u0259r Strateji Obyektl\u0259rin M\u00fchafiz\u0259 \u0130dar\u0259sinin (SOM), 1 n\u0259f\u0259r \u018fdliyy\u0259 Nazirliyinin, 1 n\u0259f\u0259rs\u0259 R\u0259q\u0259msal \u0130nki\u015faf v\u0259 N\u0259qliyyat Nazirliyi (R\u0130\u0130N) h\u0259rbil\u0259\u015fdirilmi\u015f m\u00fchafiz\u0259 idar\u0259sinin \u0259m\u0259kda\u015flar\u0131 olub.<\/p>\n\n\n\n<p>V\u0259fat ed\u0259nl\u0259rin 132 n\u0259f\u0259ri \u0259sg\u0259r, 50 n\u0259f\u0259ri zabit, 44 n\u0259f\u0259ri m\u00fcdd\u0259td\u0259n art\u0131q h\u0259rbi xidm\u0259t qulluq\u00e7ular\u0131, 26 n\u0259f\u0259ri gizir, 3 n\u0259f\u0259ri is\u0259 kursant r\u00fctb\u0259sind\u0259 olub.<\/p>\n\n\n\n<p>Dig\u0259r 3 n\u0259f\u0259rin r\u00fctb\u0259sini m\u00fc\u0259yy\u0259nl\u0259\u015fdirm\u0259k m\u00fcmk\u00fcn olmay\u0131b.<\/p>\n\n\n\n<p>M\u0259lumatlara g\u00f6r\u0259, \u00f6l\u00fcm hadis\u0259l\u0259rinin \u0259ks\u0259riyy\u0259ti lokal h\u0259rbi \u0259m\u0259liyyatlar zaman\u0131 ba\u015f verib. \u00dcmumilikd\u0259, ara\u015fd\u0131rmalar g\u00f6st\u0259rir ki, hadis\u0259l\u0259rin \u0259ks\u0259riyy\u0259ti Qaraba\u011f zonas\u0131nda ba\u015f verib.<\/p>\n\n\n\n<p>Eyni zamanda, bir s\u0131ra \u00f6l\u00fcm hadis\u0259l\u0259ri Az\u0259rbaycan-Erm\u0259nistan d\u00f6vl\u0259t s\u0259rh\u0259dind\u0259 (K\u0259lb\u0259c\u0259r, Z\u0259ngilan, Qubadl\u0131, La\u00e7\u0131n rayonlar\u0131 \u0259razisind\u0259, o c\u00fcml\u0259d\u0259n Nax\u00e7\u0131van\u0131n s\u0259rh\u0259d \u0259razil\u0259rind\u0259) ba\u015f verib.<\/p>\n\n\n\n<p>2023-c\u00fc ild\u0259 \u00fcmumilikd\u0259 \u0259n az\u0131 536 h\u0259rbi qulluq\u00e7u m\u00fcxt\u0259lif s\u0259b\u0259bl\u0259rd\u0259n yaralan\u0131b v\u0259 ya x\u0259sar\u0259t al\u0131b.<\/p>\n\n\n\n<p>2023-c\u00fc il sentyabr\u0131n 19-da Az\u0259rbaycan Qaraba\u011fda lokal h\u0259rbi \u0259m\u0259liyyat ke\u00e7irib.<\/p>\n\n\n\n<p>M\u00fcdafi\u0259 Nazirliyi v\u0259&nbsp; ad\u0131\u00e7\u0259kil\u0259n dig\u0259r qurumlar X\u0259z\u0259r H\u0259rbi T\u0259dqiqatlar \u0130nstitutunun hesabat\u0131na h\u0259l\u0259 ki m\u00fcnasib\u0259t bildirm\u0259yibl\u0259r.<\/p>\n\n\n\n<p>Sentyabr\u0131n 28-d\u0259 separat\u00e7\u0131 \u201cDa\u011fl\u0131q Qaraba\u011f\u0131n (Artsax) Prezidenti\u201d Samvel \u015eahramanyan \u201crespublika\u201dn\u0131n burax\u0131lmas\u0131 bar\u0259d\u0259 f\u0259rman imzalay\u0131b.<\/p>\n\n\n\n<p>O, f\u0259rman\u0131 19 sentyabr 2023-c\u00fc ild\u0259n sonra yaranm\u0131\u015f v\u0259ziyy\u0259tl\u0259 \u0259laq\u0259l\u0259ndirib.<\/p>\n\n\n\n<p>Oktyabr\u0131n 15-d\u0259 is\u0259 Prezident \u0130lham \u018fliyev Xank\u0259ndi \u015f\u0259h\u0259rin\u0259 s\u0259f\u0259r edib.<\/p>\n\n\n\n<p>Prezident Xank\u0259ndid\u0259 Az\u0259rbaycan bayra\u011f\u0131n\u0131 qald\u0131r\u0131b v\u0259 \u00e7\u0131x\u0131\u015f edib.<\/p>\n\n\n\n<p>\u00c7\u0131x\u0131\u015f\u0131nda Az\u0259rbaycan\u0131n \u00f6z suverenliyini tam b\u0259rpa etdiyini, Qaraba\u011f probleminin bitdiyini, m\u00fcnaqi\u015f\u0259nin sona \u00e7atd\u0131\u011f\u0131n\u0131 deyib.<\/p>\n","protected":false},"excerpt":{"rendered":"<p>\u00d6l\u00fcm hadis\u0259l\u0259rinin \u0259ks\u0259riyy\u0259tinin lokal h\u0259rbi \u0259m\u0259liyyatlar zaman\u0131 ba\u015f verdiyi qeyd &#8230; <\/p>\n<p class=\"read-more-container\"><a title=\"X\u0259z\u0259r H\u0259rbi T\u0259dqiqatlar \u0130nstitutu: &#8220;2023-c\u00fc ild\u0259 az\u0131 258 h\u0259rbi qulluq\u00e7u h\u0259lak olub&#8221;\" class=\"read-more button\" href=\"https:\/\/www.meydan.tv\/az\/article\/xezer-herbi-tedqiqatlar-institutu-2023-cu-ilde-azi-258-herbi-qulluqcu-helak-olub\/#more-291501\" aria-label=\"Read more about X\u0259z\u0259r H\u0259rbi T\u0259dqiqatlar \u0130nstitutu: &#8220;2023-c\u00fc ild\u0259 az\u0131 258 h\u0259rbi qulluq\u00e7u h\u0259lak olub&#8221;\">Davam\u0131<\/a><\/p>\n","protected":false},"author":21,"featured_media":155088,"comment_status":"closed","ping_status":"closed","sticky":false,"template":"","format":"standard","meta":{"_acf_changed":false,"_sitemap_exclude":false,"_sitemap_priority":"","_sitemap_frequency":"","footnotes":""},"categories":[62,79,56],"tags":[],"class_list":["post-291501","post","type-post","status-publish","format-standard","has-post-thumbnail","hentry","category-sosial","category-featured","category-xeberler","infinite-scroll-item","generate-columns","tablet-grid-50","mobile-grid-100","grid-parent","grid-33","no-featured-image-padding"],"acf":[],"yoast_head":"<!-- This site is optimized with the Yoast SEO plugin v27.5 - https:\/\/yoast.com\/product\/yoast-seo-wordpress\/ -->\n<title>X\u0259z\u0259r H\u0259rbi T\u0259dqiqatlar \u0130nstitutu: &quot;2023-c\u00fc ild\u0259 az\u0131 258 h\u0259rbi qulluq\u00e7u h\u0259lak olub&quot; - MEYDAN.TV<\/title>\n<meta name=\"robots\" content=\"index, follow, max-snippet:-1, max-image-preview:large, max-video-preview:-1\" \/>\n<link rel=\"canonical\" href=\"https:\/\/www.meydan.tv\/az\/article\/xezer-herbi-tedqiqatlar-institutu-2023-cu-ilde-azi-258-herbi-qulluqcu-helak-olub\/\" \/>\n<meta property=\"og:locale\" content=\"az_AZ\" \/>\n<meta property=\"og:type\" content=\"article\" \/>\n<meta property=\"og:title\" content=\"X\u0259z\u0259r H\u0259rbi T\u0259dqiqatlar \u0130nstitutu: &quot;2023-c\u00fc ild\u0259 az\u0131 258 h\u0259rbi qulluq\u00e7u h\u0259lak olub&quot; - MEYDAN.TV\" \/>\n<meta property=\"og:description\" content=\"\u00d6l\u00fcm hadis\u0259l\u0259rinin \u0259ks\u0259riyy\u0259tinin lokal h\u0259rbi \u0259m\u0259liyyatlar zaman\u0131 ba\u015f verdiyi qeyd ... Davam\u0131\" \/>\n<meta property=\"og:url\" content=\"https:\/\/www.meydan.tv\/az\/article\/xezer-herbi-tedqiqatlar-institutu-2023-cu-ilde-azi-258-herbi-qulluqcu-helak-olub\/\" \/>\n<meta property=\"og:site_name\" content=\"MEYDAN.TV\" \/>\n<meta property=\"article:published_time\" content=\"2023-11-27T07:55:12+00:00\" \/>\n<meta property=\"article:modified_time\" content=\"2023-11-27T07:55:16+00:00\" \/>\n<meta property=\"og:image\" content=\"https:\/\/www.meydan.tv\/wp-content\/uploads\/iki_dost-scaled-e1701071668821.jpg\" \/>\n\t<meta property=\"og:image:width\" content=\"2560\" \/>\n\t<meta property=\"og:image:height\" content=\"1280\" \/>\n\t<meta property=\"og:image:type\" content=\"image\/jpeg\" \/>\n<meta name=\"author\" content=\"mahmud\" \/>\n<meta name=\"twitter:card\" content=\"summary_large_image\" \/>\n<script type=\"application\/ld+json\" class=\"yoast-schema-graph\">{\"@context\":\"https:\\\/\\\/schema.org\",\"@graph\":[{\"@type\":\"Article\",\"@id\":\"https:\\\/\\\/www.meydan.tv\\\/az\\\/article\\\/xezer-herbi-tedqiqatlar-institutu-2023-cu-ilde-azi-258-herbi-qulluqcu-helak-olub\\\/#article\",\"isPartOf\":{\"@id\":\"https:\\\/\\\/www.meydan.tv\\\/az\\\/article\\\/xezer-herbi-tedqiqatlar-institutu-2023-cu-ilde-azi-258-herbi-qulluqcu-helak-olub\\\/\"},\"author\":{\"name\":\"mahmud\",\"@id\":\"https:\\\/\\\/www.meydan.tv\\\/az\\\/#\\\/schema\\\/person\\\/09863e516102a829e72bedcf3f84c6b0\"},\"headline\":\"X\u0259z\u0259r H\u0259rbi T\u0259dqiqatlar \u0130nstitutu: &#8220;2023-c\u00fc ild\u0259 az\u0131 258 h\u0259rbi qulluq\u00e7u h\u0259lak olub&#8221;\",\"datePublished\":\"2023-11-27T07:55:12+00:00\",\"dateModified\":\"2023-11-27T07:55:16+00:00\",\"mainEntityOfPage\":{\"@id\":\"https:\\\/\\\/www.meydan.tv\\\/az\\\/article\\\/xezer-herbi-tedqiqatlar-institutu-2023-cu-ilde-azi-258-herbi-qulluqcu-helak-olub\\\/\"},\"wordCount\":592,\"publisher\":{\"@id\":\"https:\\\/\\\/www.meydan.tv\\\/az\\\/#organization\"},\"image\":{\"@id\":\"https:\\\/\\\/www.meydan.tv\\\/az\\\/article\\\/xezer-herbi-tedqiqatlar-institutu-2023-cu-ilde-azi-258-herbi-qulluqcu-helak-olub\\\/#primaryimage\"},\"thumbnailUrl\":\"https:\\\/\\\/www.meydan.tv\\\/wp-content\\\/uploads\\\/iki_dost-scaled-e1701071668821.jpg\",\"articleSection\":[\"Sosial\",\"T\u00f6vsiy\u0259\",\"X\u0259b\u0259rl\u0259r\"],\"inLanguage\":\"az\"},{\"@type\":\"WebPage\",\"@id\":\"https:\\\/\\\/www.meydan.tv\\\/az\\\/article\\\/xezer-herbi-tedqiqatlar-institutu-2023-cu-ilde-azi-258-herbi-qulluqcu-helak-olub\\\/\",\"url\":\"https:\\\/\\\/www.meydan.tv\\\/az\\\/article\\\/xezer-herbi-tedqiqatlar-institutu-2023-cu-ilde-azi-258-herbi-qulluqcu-helak-olub\\\/\",\"name\":\"X\u0259z\u0259r H\u0259rbi T\u0259dqiqatlar \u0130nstitutu: \\\"2023-c\u00fc ild\u0259 az\u0131 258 h\u0259rbi qulluq\u00e7u h\u0259lak olub\\\" - MEYDAN.TV\",\"isPartOf\":{\"@id\":\"https:\\\/\\\/www.meydan.tv\\\/az\\\/#website\"},\"primaryImageOfPage\":{\"@id\":\"https:\\\/\\\/www.meydan.tv\\\/az\\\/article\\\/xezer-herbi-tedqiqatlar-institutu-2023-cu-ilde-azi-258-herbi-qulluqcu-helak-olub\\\/#primaryimage\"},\"image\":{\"@id\":\"https:\\\/\\\/www.meydan.tv\\\/az\\\/article\\\/xezer-herbi-tedqiqatlar-institutu-2023-cu-ilde-azi-258-herbi-qulluqcu-helak-olub\\\/#primaryimage\"},\"thumbnailUrl\":\"https:\\\/\\\/www.meydan.tv\\\/wp-content\\\/uploads\\\/iki_dost-scaled-e1701071668821.jpg\",\"datePublished\":\"2023-11-27T07:55:12+00:00\",\"dateModified\":\"2023-11-27T07:55:16+00:00\",\"breadcrumb\":{\"@id\":\"https:\\\/\\\/www.meydan.tv\\\/az\\\/article\\\/xezer-herbi-tedqiqatlar-institutu-2023-cu-ilde-azi-258-herbi-qulluqcu-helak-olub\\\/#breadcrumb\"},\"inLanguage\":\"az\",\"potentialAction\":[{\"@type\":\"ReadAction\",\"target\":[\"https:\\\/\\\/www.meydan.tv\\\/az\\\/article\\\/xezer-herbi-tedqiqatlar-institutu-2023-cu-ilde-azi-258-herbi-qulluqcu-helak-olub\\\/\"]}]},{\"@type\":\"ImageObject\",\"inLanguage\":\"az\",\"@id\":\"https:\\\/\\\/www.meydan.tv\\\/az\\\/article\\\/xezer-herbi-tedqiqatlar-institutu-2023-cu-ilde-azi-258-herbi-qulluqcu-helak-olub\\\/#primaryimage\",\"url\":\"https:\\\/\\\/www.meydan.tv\\\/wp-content\\\/uploads\\\/iki_dost-scaled-e1701071668821.jpg\",\"contentUrl\":\"https:\\\/\\\/www.meydan.tv\\\/wp-content\\\/uploads\\\/iki_dost-scaled-e1701071668821.jpg\",\"width\":2560,\"height\":1280,\"caption\":\"Source: Meydan TV\"},{\"@type\":\"BreadcrumbList\",\"@id\":\"https:\\\/\\\/www.meydan.tv\\\/az\\\/article\\\/xezer-herbi-tedqiqatlar-institutu-2023-cu-ilde-azi-258-herbi-qulluqcu-helak-olub\\\/#breadcrumb\",\"itemListElement\":[{\"@type\":\"ListItem\",\"position\":1,\"name\":\"Ana s\u0259hif\u0259\",\"item\":\"https:\\\/\\\/www.meydan.tv\\\/az\\\/\"},{\"@type\":\"ListItem\",\"position\":2,\"name\":\"Sosial\",\"item\":\"https:\\\/\\\/www.meydan.tv\\\/az\\\/section\\\/sosial\\\/\"},{\"@type\":\"ListItem\",\"position\":3,\"name\":\"X\u0259z\u0259r H\u0259rbi T\u0259dqiqatlar \u0130nstitutu: &#8220;2023-c\u00fc ild\u0259 az\u0131 258 h\u0259rbi qulluq\u00e7u h\u0259lak olub&#8221;\"}]},{\"@type\":\"WebSite\",\"@id\":\"https:\\\/\\\/www.meydan.tv\\\/az\\\/#website\",\"url\":\"https:\\\/\\\/www.meydan.tv\\\/az\\\/\",\"name\":\"MEYDAN.TV\",\"description\":\"Meydan TV Az\u0259rbaycan\u0131n media m\u0259kan\u0131ndak\u0131 alternativ s\u0259sidir\",\"publisher\":{\"@id\":\"https:\\\/\\\/www.meydan.tv\\\/az\\\/#organization\"},\"potentialAction\":[{\"@type\":\"SearchAction\",\"target\":{\"@type\":\"EntryPoint\",\"urlTemplate\":\"https:\\\/\\\/www.meydan.tv\\\/az\\\/?s={search_term_string}\"},\"query-input\":{\"@type\":\"PropertyValueSpecification\",\"valueRequired\":true,\"valueName\":\"search_term_string\"}}],\"inLanguage\":\"az\"},{\"@type\":\"Organization\",\"@id\":\"https:\\\/\\\/www.meydan.tv\\\/az\\\/#organization\",\"name\":\"Meydan TV\",\"url\":\"https:\\\/\\\/www.meydan.tv\\\/az\\\/\",\"logo\":{\"@type\":\"ImageObject\",\"inLanguage\":\"az\",\"@id\":\"https:\\\/\\\/www.meydan.tv\\\/az\\\/#\\\/schema\\\/logo\\\/image\\\/\",\"url\":\"https:\\\/\\\/www.meydan.tv\\\/wp-content\\\/uploads\\\/2021\\\/07\\\/meydan-logo.svg\",\"contentUrl\":\"https:\\\/\\\/www.meydan.tv\\\/wp-content\\\/uploads\\\/2021\\\/07\\\/meydan-logo.svg\",\"width\":195,\"height\":46,\"caption\":\"Meydan TV\"},\"image\":{\"@id\":\"https:\\\/\\\/www.meydan.tv\\\/az\\\/#\\\/schema\\\/logo\\\/image\\\/\"}},{\"@type\":\"Person\",\"@id\":\"https:\\\/\\\/www.meydan.tv\\\/az\\\/#\\\/schema\\\/person\\\/09863e516102a829e72bedcf3f84c6b0\",\"name\":\"mahmud\"}]}<\/script>\n<!-- \/ Yoast SEO plugin. -->","yoast_head_json":{"title":"X\u0259z\u0259r H\u0259rbi T\u0259dqiqatlar \u0130nstitutu: \"2023-c\u00fc ild\u0259 az\u0131 258 h\u0259rbi qulluq\u00e7u h\u0259lak olub\" - MEYDAN.TV","robots":{"index":"index","follow":"follow","max-snippet":"max-snippet:-1","max-image-preview":"max-image-preview:large","max-video-preview":"max-video-preview:-1"},"canonical":"https:\/\/www.meydan.tv\/az\/article\/xezer-herbi-tedqiqatlar-institutu-2023-cu-ilde-azi-258-herbi-qulluqcu-helak-olub\/","og_locale":"az_AZ","og_type":"article","og_title":"X\u0259z\u0259r H\u0259rbi T\u0259dqiqatlar \u0130nstitutu: \"2023-c\u00fc ild\u0259 az\u0131 258 h\u0259rbi qulluq\u00e7u h\u0259lak olub\" - MEYDAN.TV","og_description":"\u00d6l\u00fcm hadis\u0259l\u0259rinin \u0259ks\u0259riyy\u0259tinin lokal h\u0259rbi \u0259m\u0259liyyatlar zaman\u0131 ba\u015f verdiyi qeyd ... Davam\u0131","og_url":"https:\/\/www.meydan.tv\/az\/article\/xezer-herbi-tedqiqatlar-institutu-2023-cu-ilde-azi-258-herbi-qulluqcu-helak-olub\/","og_site_name":"MEYDAN.TV","article_published_time":"2023-11-27T07:55:12+00:00","article_modified_time":"2023-11-27T07:55:16+00:00","og_image":[{"width":2560,"height":1280,"url":"https:\/\/www.meydan.tv\/wp-content\/uploads\/iki_dost-scaled-e1701071668821.jpg","type":"image\/jpeg"}],"author":"mahmud","twitter_card":"summary_large_image","schema":{"@context":"https:\/\/schema.org","@graph":[{"@type":"Article","@id":"https:\/\/www.meydan.tv\/az\/article\/xezer-herbi-tedqiqatlar-institutu-2023-cu-ilde-azi-258-herbi-qulluqcu-helak-olub\/#article","isPartOf":{"@id":"https:\/\/www.meydan.tv\/az\/article\/xezer-herbi-tedqiqatlar-institutu-2023-cu-ilde-azi-258-herbi-qulluqcu-helak-olub\/"},"author":{"name":"mahmud","@id":"https:\/\/www.meydan.tv\/az\/#\/schema\/person\/09863e516102a829e72bedcf3f84c6b0"},"headline":"X\u0259z\u0259r H\u0259rbi T\u0259dqiqatlar \u0130nstitutu: &#8220;2023-c\u00fc ild\u0259 az\u0131 258 h\u0259rbi qulluq\u00e7u h\u0259lak olub&#8221;","datePublished":"2023-11-27T07:55:12+00:00","dateModified":"2023-11-27T07:55:16+00:00","mainEntityOfPage":{"@id":"https:\/\/www.meydan.tv\/az\/article\/xezer-herbi-tedqiqatlar-institutu-2023-cu-ilde-azi-258-herbi-qulluqcu-helak-olub\/"},"wordCount":592,"publisher":{"@id":"https:\/\/www.meydan.tv\/az\/#organization"},"image":{"@id":"https:\/\/www.meydan.tv\/az\/article\/xezer-herbi-tedqiqatlar-institutu-2023-cu-ilde-azi-258-herbi-qulluqcu-helak-olub\/#primaryimage"},"thumbnailUrl":"https:\/\/www.meydan.tv\/wp-content\/uploads\/iki_dost-scaled-e1701071668821.jpg","articleSection":["Sosial","T\u00f6vsiy\u0259","X\u0259b\u0259rl\u0259r"],"inLanguage":"az"},{"@type":"WebPage","@id":"https:\/\/www.meydan.tv\/az\/article\/xezer-herbi-tedqiqatlar-institutu-2023-cu-ilde-azi-258-herbi-qulluqcu-helak-olub\/","url":"https:\/\/www.meydan.tv\/az\/article\/xezer-herbi-tedqiqatlar-institutu-2023-cu-ilde-azi-258-herbi-qulluqcu-helak-olub\/","name":"X\u0259z\u0259r H\u0259rbi T\u0259dqiqatlar \u0130nstitutu: \"2023-c\u00fc ild\u0259 az\u0131 258 h\u0259rbi qulluq\u00e7u h\u0259lak olub\" - MEYDAN.TV","isPartOf":{"@id":"https:\/\/www.meydan.tv\/az\/#website"},"primaryImageOfPage":{"@id":"https:\/\/www.meydan.tv\/az\/article\/xezer-herbi-tedqiqatlar-institutu-2023-cu-ilde-azi-258-herbi-qulluqcu-helak-olub\/#primaryimage"},"image":{"@id":"https:\/\/www.meydan.tv\/az\/article\/xezer-herbi-tedqiqatlar-institutu-2023-cu-ilde-azi-258-herbi-qulluqcu-helak-olub\/#primaryimage"},"thumbnailUrl":"https:\/\/www.meydan.tv\/wp-content\/uploads\/iki_dost-scaled-e1701071668821.jpg","datePublished":"2023-11-27T07:55:12+00:00","dateModified":"2023-11-27T07:55:16+00:00","breadcrumb":{"@id":"https:\/\/www.meydan.tv\/az\/article\/xezer-herbi-tedqiqatlar-institutu-2023-cu-ilde-azi-258-herbi-qulluqcu-helak-olub\/#breadcrumb"},"inLanguage":"az","potentialAction":[{"@type":"ReadAction","target":["https:\/\/www.meydan.tv\/az\/article\/xezer-herbi-tedqiqatlar-institutu-2023-cu-ilde-azi-258-herbi-qulluqcu-helak-olub\/"]}]},{"@type":"ImageObject","inLanguage":"az","@id":"https:\/\/www.meydan.tv\/az\/article\/xezer-herbi-tedqiqatlar-institutu-2023-cu-ilde-azi-258-herbi-qulluqcu-helak-olub\/#primaryimage","url":"https:\/\/www.meydan.tv\/wp-content\/uploads\/iki_dost-scaled-e1701071668821.jpg","contentUrl":"https:\/\/www.meydan.tv\/wp-content\/uploads\/iki_dost-scaled-e1701071668821.jpg","width":2560,"height":1280,"caption":"Source: Meydan TV"},{"@type":"BreadcrumbList","@id":"https:\/\/www.meydan.tv\/az\/article\/xezer-herbi-tedqiqatlar-institutu-2023-cu-ilde-azi-258-herbi-qulluqcu-helak-olub\/#breadcrumb","itemListElement":[{"@type":"ListItem","position":1,"name":"Ana s\u0259hif\u0259","item":"https:\/\/www.meydan.tv\/az\/"},{"@type":"ListItem","position":2,"name":"Sosial","item":"https:\/\/www.meydan.tv\/az\/section\/sosial\/"},{"@type":"ListItem","position":3,"name":"X\u0259z\u0259r H\u0259rbi T\u0259dqiqatlar \u0130nstitutu: &#8220;2023-c\u00fc ild\u0259 az\u0131 258 h\u0259rbi qulluq\u00e7u h\u0259lak olub&#8221;"}]},{"@type":"WebSite","@id":"https:\/\/www.meydan.tv\/az\/#website","url":"https:\/\/www.meydan.tv\/az\/","name":"MEYDAN.TV","description":"Meydan TV Az\u0259rbaycan\u0131n media m\u0259kan\u0131ndak\u0131 alternativ s\u0259sidir","publisher":{"@id":"https:\/\/www.meydan.tv\/az\/#organization"},"potentialAction":[{"@type":"SearchAction","target":{"@type":"EntryPoint","urlTemplate":"https:\/\/www.meydan.tv\/az\/?s={search_term_string}"},"query-input":{"@type":"PropertyValueSpecification","valueRequired":true,"valueName":"search_term_string"}}],"inLanguage":"az"},{"@type":"Organization","@id":"https:\/\/www.meydan.tv\/az\/#organization","name":"Meydan TV","url":"https:\/\/www.meydan.tv\/az\/","logo":{"@type":"ImageObject","inLanguage":"az","@id":"https:\/\/www.meydan.tv\/az\/#\/schema\/logo\/image\/","url":"https:\/\/www.meydan.tv\/wp-content\/uploads\/2021\/07\/meydan-logo.svg","contentUrl":"https:\/\/www.meydan.tv\/wp-content\/uploads\/2021\/07\/meydan-logo.svg","width":195,"height":46,"caption":"Meydan TV"},"image":{"@id":"https:\/\/www.meydan.tv\/az\/#\/schema\/logo\/image\/"}},{"@type":"Person","@id":"https:\/\/www.meydan.tv\/az\/#\/schema\/person\/09863e516102a829e72bedcf3f84c6b0","name":"mahmud"}]}},"_links":{"self":[{"href":"https:\/\/www.meydan.tv\/az\/wp-json\/wp\/v2\/posts\/291501","targetHints":{"allow":["GET"]}}],"collection":[{"href":"https:\/\/www.meydan.tv\/az\/wp-json\/wp\/v2\/posts"}],"about":[{"href":"https:\/\/www.meydan.tv\/az\/wp-json\/wp\/v2\/types\/post"}],"author":[{"embeddable":true,"href":"https:\/\/www.meydan.tv\/az\/wp-json\/wp\/v2\/users\/21"}],"replies":[{"embeddable":true,"href":"https:\/\/www.meydan.tv\/az\/wp-json\/wp\/v2\/comments?post=291501"}],"version-history":[{"count":1,"href":"https:\/\/www.meydan.tv\/az\/wp-json\/wp\/v2\/posts\/291501\/revisions"}],"predecessor-version":[{"id":291503,"href":"https:\/\/www.meydan.tv\/az\/wp-json\/wp\/v2\/posts\/291501\/revisions\/291503"}],"wp:featuredmedia":[{"embeddable":true,"href":"https:\/\/www.meydan.tv\/az\/wp-json\/wp\/v2\/media\/155088"}],"wp:attachment":[{"href":"https:\/\/www.meydan.tv\/az\/wp-json\/wp\/v2\/media?parent=291501"}],"wp:term":[{"taxonomy":"category","embeddable":true,"href":"https:\/\/www.meydan.tv\/az\/wp-json\/wp\/v2\/categories?post=291501"},{"taxonomy":"post_tag","embeddable":true,"href":"https:\/\/www.meydan.tv\/az\/wp-json\/wp\/v2\/tags?post=291501"}],"curies":[{"name":"wp","href":"https:\/\/api.w.org\/{rel}","templated":true}]}}