{"id":291483,"date":"2023-11-25T15:44:01","date_gmt":"2023-11-25T11:44:01","guid":{"rendered":"https:\/\/www.meydan.tv\/?p=291483"},"modified":"2023-11-25T15:47:37","modified_gmt":"2023-11-25T11:47:37","slug":"sevinc-vaqifqizi-ve-ulvi-hesenli-yeniden-mehkeme-qarsisina-cixarilir","status":"publish","type":"post","link":"https:\/\/www.meydan.tv\/az\/article\/sevinc-vaqifqizi-ve-ulvi-hesenli-yeniden-mehkeme-qarsisina-cixarilir\/","title":{"rendered":"Sevinc Vaqifq\u0131z\u0131 v\u0259 \u00dclvi H\u0259s\u0259nli yenid\u0259n m\u0259hk\u0259m\u0259 qar\u015f\u0131s\u0131na \u00e7\u0131xar\u0131l\u0131r"},"content":{"rendered":"\n<p><em><strong>H\u0259bs q\u0259rarlar\u0131ndan apelyasiya \u015fikay\u0259ti verilib<\/strong><\/em><\/p>\n\n\n\n<p>\u201cAbzasMedia\u201dn\u0131n direktoru \u00dclvi H\u0259s\u0259nli v\u0259 ba\u015f redaktoru Sevinc Vaqifq\u0131z\u0131n\u0131n (Abbasova) haqq\u0131nda noyabr\u0131n 22-d\u0259 X\u0259tai Rayon M\u0259hk\u0259m\u0259sind\u0259 \u00e7\u0131xar\u0131lm\u0131\u015f h\u0259bs q\u0259rar\u0131ndan apelyasiya \u015fikay\u0259ti verilib.<\/p>\n\n\n\n<p>\u015eikay\u0259tl\u0259r\u0259 noyabr\u0131n 27-d\u0259 Bak\u0131 Apelyasiya M\u0259hk\u0259m\u0259sind\u0259 bax\u0131lacaq.<\/p>\n\n\n\n<p>Sevinc Vaqifq\u0131z\u0131n\u0131n i\u015fi hakim Habil M\u0259mm\u0259dovun, \u00dclvi H\u0259s\u0259nlinin i\u015fi is\u0259 hakim Anar \u0130brahimovun icraat\u0131ndad\u0131r.<\/p>\n\n\n\n<p>\u00dclvi H\u0259s\u0259nli saxlan\u0131l\u0131b Bak\u0131 \u015f\u0259h\u0259r Ba\u015f Polis \u0130dar\u0259sin\u0259 apar\u0131lark\u0259n, el\u0259c\u0259 d\u0259 sonradan idar\u0259d\u0259 i\u015fg\u0259nc\u0259y\u0259 m\u0259ruz qald\u0131\u011f\u0131n\u0131 bildirmi\u015fdi.<\/p>\n\n\n\n<p>Yax\u0131nlar\u0131n\u0131n Meydan TV-y\u0259 verdiyi m\u0259lumata g\u00f6r\u0259, onun v\u0259kili Zibeyd\u0259 Sad\u0131qova i\u015fg\u0259nc\u0259 il\u0259 \u0259laq\u0259dar m\u0259hk\u0259m\u0259y\u0259 \u015fikay\u0259t verib.<\/p>\n\n\n\n<p>M\u0259hk\u0259m\u0259 n\u0259zar\u0259ti qaydas\u0131nda verilmi\u015f bu \u015fikay\u0259t\u0259 d\u0259 noyabr\u0131n 27-d\u0259 X\u0259tai Rayon M\u0259hk\u0259m\u0259sind\u0259 bax\u0131lacaq.<\/p>\n\n\n\n<p>\u00dclvi H\u0259s\u0259nli noyabr\u0131n 22-d\u0259 X\u0259tai Rayon M\u0259hk\u0259m\u0259sind\u0259 bar\u0259sind\u0259 h\u0259bs q\u0259timkan t\u0259dbiri se\u00e7il\u0259nd\u0259 d\u0259 i\u015fg\u0259nc\u0259y\u0259 m\u0259ruz qalmas\u0131ndan dan\u0131\u015f\u0131b.<\/p>\n\n\n\n<p>Hakim S\u00fclhan\u0259 Hac\u0131yeva i\u015fg\u0259nc\u0259 \u015fikay\u0259tinin ara\u015fd\u0131r\u0131lmas\u0131 \u00fc\u00e7\u00fcn m\u0259hk\u0259m\u0259nin prokurorlu\u011fa m\u0259ktub g\u00f6nd\u0259r\u0259c\u0259yini bildirib.<\/p>\n\n\n\n<p>\u00dclvi H\u0259s\u0259nlininn yax\u0131nlar\u0131 onun h\u0259l\u0259 d\u0259 ekspertizadan ke\u00e7irilm\u0259m\u0259sind\u0259n naraz\u0131d\u0131r:<\/p>\n\n\n\n<p><em>\u201cH\u0259m prokurorlu\u011fa, h\u0259m d\u0259 m\u0259hk\u0259m\u0259y\u0259 i\u015fg\u0259nc\u0259d\u0259n \u015fikay\u0259t verilib. Noyabr\u0131n 27-n\u0259 i\u015fg\u0259nc\u0259 il\u0259 ba\u011fl\u0131 m\u0259hk\u0259m\u0259 t\u0259yin olunub. Amma h\u0259l\u0259 d\u0259 \u00dclvi ekspertizadan ke\u00e7irilm\u0259yib. Zaman ke\u00e7dikc\u0259 \u00fcz\u0259rind\u0259ki x\u0259sar\u0259t izl\u0259ri d\u0259 yox olur. \u0130zl\u0259r ged\u0259nd\u0259n sonra ekspertin g\u0259lm\u0259yinin n\u0259 m\u0259nas\u0131 qal\u0131r?\u201d<\/em><\/p>\n\n\n\n<p>\u00dclvi H\u0259s\u0259nli noyabr\u0131n 20-d\u0259 s\u0259h\u0259r saat 5 rad\u0259l\u0259rind\u0259 evinin qar\u015f\u0131s\u0131nda taksiy\u0259 min\u0259rk\u0259n saxlan\u0131l\u0131b.<\/p>\n\n\n\n<p>Sevinc Vaqifq\u0131z\u0131 is\u0259 noyabr\u0131n 21-n\u0259 ke\u00e7\u0259n gec\u0259 saat 2 rad\u0259l\u0259rind\u0259 \u00f6lk\u0259y\u0259 qay\u0131dark\u0259n Bak\u0131dak\u0131 hava liman\u0131nda t\u0259yyar\u0259 yer\u0259 en\u0259n kimi saxlan\u0131l\u0131b.<\/p>\n\n\n\n<p>Noyabr\u0131n 20-d\u0259 \u201cAbzas Media\u201dn\u0131n ofisind\u0259 v\u0259 \u00dclvi H\u0259s\u0259nlinin evind\u0259, Sevinc Vaqifq\u0131z\u0131 saxland\u0131qdan d\u0259rhal sonra is\u0259 gec\u0259 saat 3 rad\u0259l\u0259rind\u0259 onun ya\u015fad\u0131\u011f\u0131 m\u0259nzild\u0259 axtar\u0131\u015f apar\u0131l\u0131b.<\/p>\n\n\n\n<p>Sayt\u0131n ofisind\u0259n 40 min avro pul tap\u0131ld\u0131\u011f\u0131 iddia olunub.<\/p>\n\n\n\n<p>\u00dclvi H\u0259s\u0259nli is\u0259 orada pul olmad\u0131\u011f\u0131n\u0131, 40 min avronun ofis\u0259 onu tapd\u0131\u011f\u0131n\u0131 iddia ed\u0259nl\u0259rin \u00f6zl\u0259ri t\u0259r\u0259find\u0259n qoyuldu\u011funu bildirib.<\/p>\n\n\n\n<p>H\u0259m \u00dclvi H\u0259s\u0259nli, h\u0259m d\u0259 Sevinc Vaqifq\u0131z\u0131na qar\u015f\u0131 Cinay\u0259t M\u0259c\u0259ll\u0259sinin 206.3.2-ci (bir qrup \u015f\u0259xs t\u0259r\u0259find\u0259n qa\u00e7aqmal\u00e7\u0131l\u0131q) madd\u0259sil\u0259 ittiham ir\u0259li s\u00fcr\u00fcl\u00fcb.<\/p>\n\n\n\n<p>Sayt\u0131n direktor m\u00fcavini M\u0259h\u0259mm\u0259d Kekalov da noyabr\u0131n 20-d\u0259 saxlan\u0131l\u0131b. \u0130ki g\u00fcn \u0259rzind\u0259 onun yeri, n\u0259d\u0259 ittiham olundu\u011fu bar\u0259d\u0259 he\u00e7 bir m\u0259lumat verilm\u0259yib.<\/p>\n\n\n\n<p>\u0130ki g\u00fcn sonra onun da eyni cinay\u0259t i\u015fi \u00fczr\u0259 saxland\u0131\u011f\u0131 m\u0259lum olub.<\/p>\n\n\n\n<p>Noyabr\u0131n 23-d\u0259 X\u0259tai rayon M\u0259hk\u0259m\u0259sind\u0259 onun da bar\u0259sind\u0259 h\u0259bs q\u0259rar\u0131 \u00e7\u0131xar\u0131l\u0131b.<\/p>\n\n\n\n<p>T\u0259qsirl\u0259ndiril\u0259n \u015f\u0259xsl\u0259rin he\u00e7 biri qa\u00e7aqmal\u00e7\u0131l\u0131q ittiham\u0131n\u0131 q\u0259bul etmir.<\/p>\n\n\n\n<p>\u00dclvi H\u0259s\u0259nli v\u0259 Sevinc Vaqifq\u0131z\u0131 bu ittiham\u0131n absurd oldu\u011funu, \u201cAbzas Media\u201dn\u0131n f\u0259aliyy\u0259tin\u0259, konkret olaraq, korrupsiya ara\u015fd\u0131rmalar\u0131na g\u00f6r\u0259 h\u0259bs olunduqlar\u0131n\u0131 bildirib.<\/p>\n","protected":false},"excerpt":{"rendered":"<p>H\u0259bs q\u0259rarlar\u0131ndan apelyasiya \u015fikay\u0259ti verilib \u201cAbzasMedia\u201dn\u0131n direktoru \u00dclvi H\u0259s\u0259nli v\u0259 &#8230; <\/p>\n<p class=\"read-more-container\"><a title=\"Sevinc Vaqifq\u0131z\u0131 v\u0259 \u00dclvi H\u0259s\u0259nli yenid\u0259n m\u0259hk\u0259m\u0259 qar\u015f\u0131s\u0131na \u00e7\u0131xar\u0131l\u0131r\" class=\"read-more button\" href=\"https:\/\/www.meydan.tv\/az\/article\/sevinc-vaqifqizi-ve-ulvi-hesenli-yeniden-mehkeme-qarsisina-cixarilir\/#more-291483\" aria-label=\"Read more about Sevinc Vaqifq\u0131z\u0131 v\u0259 \u00dclvi H\u0259s\u0259nli yenid\u0259n m\u0259hk\u0259m\u0259 qar\u015f\u0131s\u0131na \u00e7\u0131xar\u0131l\u0131r\">Davam\u0131<\/a><\/p>\n","protected":false},"author":21,"featured_media":291325,"comment_status":"closed","ping_status":"closed","sticky":false,"template":"","format":"standard","meta":{"_acf_changed":false,"_sitemap_exclude":false,"_sitemap_priority":"","_sitemap_frequency":"","footnotes":""},"categories":[59,79,56],"tags":[],"class_list":["post-291483","post","type-post","status-publish","format-standard","has-post-thumbnail","hentry","category-siyaset","category-featured","category-xeberler","infinite-scroll-item","generate-columns","tablet-grid-50","mobile-grid-100","grid-parent","grid-33","no-featured-image-padding"],"acf":[],"yoast_head":"<!-- This site is optimized with the Yoast SEO plugin v27.4 - https:\/\/yoast.com\/product\/yoast-seo-wordpress\/ -->\n<title>Sevinc Vaqifq\u0131z\u0131 v\u0259 \u00dclvi H\u0259s\u0259nli yenid\u0259n m\u0259hk\u0259m\u0259 qar\u015f\u0131s\u0131na \u00e7\u0131xar\u0131l\u0131r - MEYDAN.TV<\/title>\n<meta name=\"robots\" content=\"index, follow, max-snippet:-1, max-image-preview:large, max-video-preview:-1\" \/>\n<link rel=\"canonical\" href=\"https:\/\/www.meydan.tv\/az\/article\/sevinc-vaqifqizi-ve-ulvi-hesenli-yeniden-mehkeme-qarsisina-cixarilir\/\" \/>\n<meta property=\"og:locale\" content=\"az_AZ\" \/>\n<meta property=\"og:type\" content=\"article\" \/>\n<meta property=\"og:title\" content=\"Sevinc Vaqifq\u0131z\u0131 v\u0259 \u00dclvi H\u0259s\u0259nli yenid\u0259n m\u0259hk\u0259m\u0259 qar\u015f\u0131s\u0131na \u00e7\u0131xar\u0131l\u0131r - MEYDAN.TV\" \/>\n<meta property=\"og:description\" content=\"H\u0259bs q\u0259rarlar\u0131ndan apelyasiya \u015fikay\u0259ti verilib \u201cAbzasMedia\u201dn\u0131n direktoru \u00dclvi H\u0259s\u0259nli v\u0259 ... Davam\u0131\" \/>\n<meta property=\"og:url\" content=\"https:\/\/www.meydan.tv\/az\/article\/sevinc-vaqifqizi-ve-ulvi-hesenli-yeniden-mehkeme-qarsisina-cixarilir\/\" \/>\n<meta property=\"og:site_name\" content=\"MEYDAN.TV\" \/>\n<meta property=\"article:published_time\" content=\"2023-11-25T11:44:01+00:00\" \/>\n<meta property=\"article:modified_time\" content=\"2023-11-25T11:47:37+00:00\" \/>\n<meta property=\"og:image\" content=\"https:\/\/www.meydan.tv\/wp-content\/uploads\/img_7809.jpg\" \/>\n\t<meta property=\"og:image:width\" content=\"1200\" \/>\n\t<meta property=\"og:image:height\" content=\"869\" \/>\n\t<meta property=\"og:image:type\" content=\"image\/jpeg\" \/>\n<meta name=\"author\" content=\"mahmud\" \/>\n<meta name=\"twitter:card\" content=\"summary_large_image\" \/>\n<script type=\"application\/ld+json\" class=\"yoast-schema-graph\">{\"@context\":\"https:\\\/\\\/schema.org\",\"@graph\":[{\"@type\":\"Article\",\"@id\":\"https:\\\/\\\/www.meydan.tv\\\/az\\\/article\\\/sevinc-vaqifqizi-ve-ulvi-hesenli-yeniden-mehkeme-qarsisina-cixarilir\\\/#article\",\"isPartOf\":{\"@id\":\"https:\\\/\\\/www.meydan.tv\\\/az\\\/article\\\/sevinc-vaqifqizi-ve-ulvi-hesenli-yeniden-mehkeme-qarsisina-cixarilir\\\/\"},\"author\":{\"name\":\"mahmud\",\"@id\":\"https:\\\/\\\/www.meydan.tv\\\/az\\\/#\\\/schema\\\/person\\\/09863e516102a829e72bedcf3f84c6b0\"},\"headline\":\"Sevinc Vaqifq\u0131z\u0131 v\u0259 \u00dclvi H\u0259s\u0259nli yenid\u0259n m\u0259hk\u0259m\u0259 qar\u015f\u0131s\u0131na \u00e7\u0131xar\u0131l\u0131r\",\"datePublished\":\"2023-11-25T11:44:01+00:00\",\"dateModified\":\"2023-11-25T11:47:37+00:00\",\"mainEntityOfPage\":{\"@id\":\"https:\\\/\\\/www.meydan.tv\\\/az\\\/article\\\/sevinc-vaqifqizi-ve-ulvi-hesenli-yeniden-mehkeme-qarsisina-cixarilir\\\/\"},\"wordCount\":651,\"publisher\":{\"@id\":\"https:\\\/\\\/www.meydan.tv\\\/az\\\/#organization\"},\"image\":{\"@id\":\"https:\\\/\\\/www.meydan.tv\\\/az\\\/article\\\/sevinc-vaqifqizi-ve-ulvi-hesenli-yeniden-mehkeme-qarsisina-cixarilir\\\/#primaryimage\"},\"thumbnailUrl\":\"https:\\\/\\\/www.meydan.tv\\\/wp-content\\\/uploads\\\/img_7809.jpg\",\"articleSection\":[\"Siyas\u0259t\",\"T\u00f6vsiy\u0259\",\"X\u0259b\u0259rl\u0259r\"],\"inLanguage\":\"az\"},{\"@type\":\"WebPage\",\"@id\":\"https:\\\/\\\/www.meydan.tv\\\/az\\\/article\\\/sevinc-vaqifqizi-ve-ulvi-hesenli-yeniden-mehkeme-qarsisina-cixarilir\\\/\",\"url\":\"https:\\\/\\\/www.meydan.tv\\\/az\\\/article\\\/sevinc-vaqifqizi-ve-ulvi-hesenli-yeniden-mehkeme-qarsisina-cixarilir\\\/\",\"name\":\"Sevinc Vaqifq\u0131z\u0131 v\u0259 \u00dclvi H\u0259s\u0259nli yenid\u0259n m\u0259hk\u0259m\u0259 qar\u015f\u0131s\u0131na \u00e7\u0131xar\u0131l\u0131r - MEYDAN.TV\",\"isPartOf\":{\"@id\":\"https:\\\/\\\/www.meydan.tv\\\/az\\\/#website\"},\"primaryImageOfPage\":{\"@id\":\"https:\\\/\\\/www.meydan.tv\\\/az\\\/article\\\/sevinc-vaqifqizi-ve-ulvi-hesenli-yeniden-mehkeme-qarsisina-cixarilir\\\/#primaryimage\"},\"image\":{\"@id\":\"https:\\\/\\\/www.meydan.tv\\\/az\\\/article\\\/sevinc-vaqifqizi-ve-ulvi-hesenli-yeniden-mehkeme-qarsisina-cixarilir\\\/#primaryimage\"},\"thumbnailUrl\":\"https:\\\/\\\/www.meydan.tv\\\/wp-content\\\/uploads\\\/img_7809.jpg\",\"datePublished\":\"2023-11-25T11:44:01+00:00\",\"dateModified\":\"2023-11-25T11:47:37+00:00\",\"breadcrumb\":{\"@id\":\"https:\\\/\\\/www.meydan.tv\\\/az\\\/article\\\/sevinc-vaqifqizi-ve-ulvi-hesenli-yeniden-mehkeme-qarsisina-cixarilir\\\/#breadcrumb\"},\"inLanguage\":\"az\",\"potentialAction\":[{\"@type\":\"ReadAction\",\"target\":[\"https:\\\/\\\/www.meydan.tv\\\/az\\\/article\\\/sevinc-vaqifqizi-ve-ulvi-hesenli-yeniden-mehkeme-qarsisina-cixarilir\\\/\"]}]},{\"@type\":\"ImageObject\",\"inLanguage\":\"az\",\"@id\":\"https:\\\/\\\/www.meydan.tv\\\/az\\\/article\\\/sevinc-vaqifqizi-ve-ulvi-hesenli-yeniden-mehkeme-qarsisina-cixarilir\\\/#primaryimage\",\"url\":\"https:\\\/\\\/www.meydan.tv\\\/wp-content\\\/uploads\\\/img_7809.jpg\",\"contentUrl\":\"https:\\\/\\\/www.meydan.tv\\\/wp-content\\\/uploads\\\/img_7809.jpg\",\"width\":1200,\"height\":869,\"caption\":\"Sevinc Vaqifq\u0131z\u0131 v\u0259 \u00dclvi H\u0259s\u0259nli. Foto: Meydan TV\"},{\"@type\":\"BreadcrumbList\",\"@id\":\"https:\\\/\\\/www.meydan.tv\\\/az\\\/article\\\/sevinc-vaqifqizi-ve-ulvi-hesenli-yeniden-mehkeme-qarsisina-cixarilir\\\/#breadcrumb\",\"itemListElement\":[{\"@type\":\"ListItem\",\"position\":1,\"name\":\"Ana s\u0259hif\u0259\",\"item\":\"https:\\\/\\\/www.meydan.tv\\\/az\\\/\"},{\"@type\":\"ListItem\",\"position\":2,\"name\":\"Siyas\u0259t\",\"item\":\"https:\\\/\\\/www.meydan.tv\\\/az\\\/section\\\/siyaset\\\/\"},{\"@type\":\"ListItem\",\"position\":3,\"name\":\"Sevinc Vaqifq\u0131z\u0131 v\u0259 \u00dclvi H\u0259s\u0259nli yenid\u0259n m\u0259hk\u0259m\u0259 qar\u015f\u0131s\u0131na \u00e7\u0131xar\u0131l\u0131r\"}]},{\"@type\":\"WebSite\",\"@id\":\"https:\\\/\\\/www.meydan.tv\\\/az\\\/#website\",\"url\":\"https:\\\/\\\/www.meydan.tv\\\/az\\\/\",\"name\":\"MEYDAN.TV\",\"description\":\"Meydan TV Az\u0259rbaycan\u0131n media m\u0259kan\u0131ndak\u0131 alternativ s\u0259sidir\",\"publisher\":{\"@id\":\"https:\\\/\\\/www.meydan.tv\\\/az\\\/#organization\"},\"potentialAction\":[{\"@type\":\"SearchAction\",\"target\":{\"@type\":\"EntryPoint\",\"urlTemplate\":\"https:\\\/\\\/www.meydan.tv\\\/az\\\/?s={search_term_string}\"},\"query-input\":{\"@type\":\"PropertyValueSpecification\",\"valueRequired\":true,\"valueName\":\"search_term_string\"}}],\"inLanguage\":\"az\"},{\"@type\":\"Organization\",\"@id\":\"https:\\\/\\\/www.meydan.tv\\\/az\\\/#organization\",\"name\":\"Meydan TV\",\"url\":\"https:\\\/\\\/www.meydan.tv\\\/az\\\/\",\"logo\":{\"@type\":\"ImageObject\",\"inLanguage\":\"az\",\"@id\":\"https:\\\/\\\/www.meydan.tv\\\/az\\\/#\\\/schema\\\/logo\\\/image\\\/\",\"url\":\"https:\\\/\\\/www.meydan.tv\\\/wp-content\\\/uploads\\\/2021\\\/07\\\/meydan-logo.svg\",\"contentUrl\":\"https:\\\/\\\/www.meydan.tv\\\/wp-content\\\/uploads\\\/2021\\\/07\\\/meydan-logo.svg\",\"width\":195,\"height\":46,\"caption\":\"Meydan TV\"},\"image\":{\"@id\":\"https:\\\/\\\/www.meydan.tv\\\/az\\\/#\\\/schema\\\/logo\\\/image\\\/\"}},{\"@type\":\"Person\",\"@id\":\"https:\\\/\\\/www.meydan.tv\\\/az\\\/#\\\/schema\\\/person\\\/09863e516102a829e72bedcf3f84c6b0\",\"name\":\"mahmud\"}]}<\/script>\n<!-- \/ Yoast SEO plugin. -->","yoast_head_json":{"title":"Sevinc Vaqifq\u0131z\u0131 v\u0259 \u00dclvi H\u0259s\u0259nli yenid\u0259n m\u0259hk\u0259m\u0259 qar\u015f\u0131s\u0131na \u00e7\u0131xar\u0131l\u0131r - MEYDAN.TV","robots":{"index":"index","follow":"follow","max-snippet":"max-snippet:-1","max-image-preview":"max-image-preview:large","max-video-preview":"max-video-preview:-1"},"canonical":"https:\/\/www.meydan.tv\/az\/article\/sevinc-vaqifqizi-ve-ulvi-hesenli-yeniden-mehkeme-qarsisina-cixarilir\/","og_locale":"az_AZ","og_type":"article","og_title":"Sevinc Vaqifq\u0131z\u0131 v\u0259 \u00dclvi H\u0259s\u0259nli yenid\u0259n m\u0259hk\u0259m\u0259 qar\u015f\u0131s\u0131na \u00e7\u0131xar\u0131l\u0131r - MEYDAN.TV","og_description":"H\u0259bs q\u0259rarlar\u0131ndan apelyasiya \u015fikay\u0259ti verilib \u201cAbzasMedia\u201dn\u0131n direktoru \u00dclvi H\u0259s\u0259nli v\u0259 ... Davam\u0131","og_url":"https:\/\/www.meydan.tv\/az\/article\/sevinc-vaqifqizi-ve-ulvi-hesenli-yeniden-mehkeme-qarsisina-cixarilir\/","og_site_name":"MEYDAN.TV","article_published_time":"2023-11-25T11:44:01+00:00","article_modified_time":"2023-11-25T11:47:37+00:00","og_image":[{"width":1200,"height":869,"url":"https:\/\/www.meydan.tv\/wp-content\/uploads\/img_7809.jpg","type":"image\/jpeg"}],"author":"mahmud","twitter_card":"summary_large_image","schema":{"@context":"https:\/\/schema.org","@graph":[{"@type":"Article","@id":"https:\/\/www.meydan.tv\/az\/article\/sevinc-vaqifqizi-ve-ulvi-hesenli-yeniden-mehkeme-qarsisina-cixarilir\/#article","isPartOf":{"@id":"https:\/\/www.meydan.tv\/az\/article\/sevinc-vaqifqizi-ve-ulvi-hesenli-yeniden-mehkeme-qarsisina-cixarilir\/"},"author":{"name":"mahmud","@id":"https:\/\/www.meydan.tv\/az\/#\/schema\/person\/09863e516102a829e72bedcf3f84c6b0"},"headline":"Sevinc Vaqifq\u0131z\u0131 v\u0259 \u00dclvi H\u0259s\u0259nli yenid\u0259n m\u0259hk\u0259m\u0259 qar\u015f\u0131s\u0131na \u00e7\u0131xar\u0131l\u0131r","datePublished":"2023-11-25T11:44:01+00:00","dateModified":"2023-11-25T11:47:37+00:00","mainEntityOfPage":{"@id":"https:\/\/www.meydan.tv\/az\/article\/sevinc-vaqifqizi-ve-ulvi-hesenli-yeniden-mehkeme-qarsisina-cixarilir\/"},"wordCount":651,"publisher":{"@id":"https:\/\/www.meydan.tv\/az\/#organization"},"image":{"@id":"https:\/\/www.meydan.tv\/az\/article\/sevinc-vaqifqizi-ve-ulvi-hesenli-yeniden-mehkeme-qarsisina-cixarilir\/#primaryimage"},"thumbnailUrl":"https:\/\/www.meydan.tv\/wp-content\/uploads\/img_7809.jpg","articleSection":["Siyas\u0259t","T\u00f6vsiy\u0259","X\u0259b\u0259rl\u0259r"],"inLanguage":"az"},{"@type":"WebPage","@id":"https:\/\/www.meydan.tv\/az\/article\/sevinc-vaqifqizi-ve-ulvi-hesenli-yeniden-mehkeme-qarsisina-cixarilir\/","url":"https:\/\/www.meydan.tv\/az\/article\/sevinc-vaqifqizi-ve-ulvi-hesenli-yeniden-mehkeme-qarsisina-cixarilir\/","name":"Sevinc Vaqifq\u0131z\u0131 v\u0259 \u00dclvi H\u0259s\u0259nli yenid\u0259n m\u0259hk\u0259m\u0259 qar\u015f\u0131s\u0131na \u00e7\u0131xar\u0131l\u0131r - MEYDAN.TV","isPartOf":{"@id":"https:\/\/www.meydan.tv\/az\/#website"},"primaryImageOfPage":{"@id":"https:\/\/www.meydan.tv\/az\/article\/sevinc-vaqifqizi-ve-ulvi-hesenli-yeniden-mehkeme-qarsisina-cixarilir\/#primaryimage"},"image":{"@id":"https:\/\/www.meydan.tv\/az\/article\/sevinc-vaqifqizi-ve-ulvi-hesenli-yeniden-mehkeme-qarsisina-cixarilir\/#primaryimage"},"thumbnailUrl":"https:\/\/www.meydan.tv\/wp-content\/uploads\/img_7809.jpg","datePublished":"2023-11-25T11:44:01+00:00","dateModified":"2023-11-25T11:47:37+00:00","breadcrumb":{"@id":"https:\/\/www.meydan.tv\/az\/article\/sevinc-vaqifqizi-ve-ulvi-hesenli-yeniden-mehkeme-qarsisina-cixarilir\/#breadcrumb"},"inLanguage":"az","potentialAction":[{"@type":"ReadAction","target":["https:\/\/www.meydan.tv\/az\/article\/sevinc-vaqifqizi-ve-ulvi-hesenli-yeniden-mehkeme-qarsisina-cixarilir\/"]}]},{"@type":"ImageObject","inLanguage":"az","@id":"https:\/\/www.meydan.tv\/az\/article\/sevinc-vaqifqizi-ve-ulvi-hesenli-yeniden-mehkeme-qarsisina-cixarilir\/#primaryimage","url":"https:\/\/www.meydan.tv\/wp-content\/uploads\/img_7809.jpg","contentUrl":"https:\/\/www.meydan.tv\/wp-content\/uploads\/img_7809.jpg","width":1200,"height":869,"caption":"Sevinc Vaqifq\u0131z\u0131 v\u0259 \u00dclvi H\u0259s\u0259nli. Foto: Meydan TV"},{"@type":"BreadcrumbList","@id":"https:\/\/www.meydan.tv\/az\/article\/sevinc-vaqifqizi-ve-ulvi-hesenli-yeniden-mehkeme-qarsisina-cixarilir\/#breadcrumb","itemListElement":[{"@type":"ListItem","position":1,"name":"Ana s\u0259hif\u0259","item":"https:\/\/www.meydan.tv\/az\/"},{"@type":"ListItem","position":2,"name":"Siyas\u0259t","item":"https:\/\/www.meydan.tv\/az\/section\/siyaset\/"},{"@type":"ListItem","position":3,"name":"Sevinc Vaqifq\u0131z\u0131 v\u0259 \u00dclvi H\u0259s\u0259nli yenid\u0259n m\u0259hk\u0259m\u0259 qar\u015f\u0131s\u0131na \u00e7\u0131xar\u0131l\u0131r"}]},{"@type":"WebSite","@id":"https:\/\/www.meydan.tv\/az\/#website","url":"https:\/\/www.meydan.tv\/az\/","name":"MEYDAN.TV","description":"Meydan TV Az\u0259rbaycan\u0131n media m\u0259kan\u0131ndak\u0131 alternativ s\u0259sidir","publisher":{"@id":"https:\/\/www.meydan.tv\/az\/#organization"},"potentialAction":[{"@type":"SearchAction","target":{"@type":"EntryPoint","urlTemplate":"https:\/\/www.meydan.tv\/az\/?s={search_term_string}"},"query-input":{"@type":"PropertyValueSpecification","valueRequired":true,"valueName":"search_term_string"}}],"inLanguage":"az"},{"@type":"Organization","@id":"https:\/\/www.meydan.tv\/az\/#organization","name":"Meydan TV","url":"https:\/\/www.meydan.tv\/az\/","logo":{"@type":"ImageObject","inLanguage":"az","@id":"https:\/\/www.meydan.tv\/az\/#\/schema\/logo\/image\/","url":"https:\/\/www.meydan.tv\/wp-content\/uploads\/2021\/07\/meydan-logo.svg","contentUrl":"https:\/\/www.meydan.tv\/wp-content\/uploads\/2021\/07\/meydan-logo.svg","width":195,"height":46,"caption":"Meydan TV"},"image":{"@id":"https:\/\/www.meydan.tv\/az\/#\/schema\/logo\/image\/"}},{"@type":"Person","@id":"https:\/\/www.meydan.tv\/az\/#\/schema\/person\/09863e516102a829e72bedcf3f84c6b0","name":"mahmud"}]}},"_links":{"self":[{"href":"https:\/\/www.meydan.tv\/az\/wp-json\/wp\/v2\/posts\/291483","targetHints":{"allow":["GET"]}}],"collection":[{"href":"https:\/\/www.meydan.tv\/az\/wp-json\/wp\/v2\/posts"}],"about":[{"href":"https:\/\/www.meydan.tv\/az\/wp-json\/wp\/v2\/types\/post"}],"author":[{"embeddable":true,"href":"https:\/\/www.meydan.tv\/az\/wp-json\/wp\/v2\/users\/21"}],"replies":[{"embeddable":true,"href":"https:\/\/www.meydan.tv\/az\/wp-json\/wp\/v2\/comments?post=291483"}],"version-history":[{"count":1,"href":"https:\/\/www.meydan.tv\/az\/wp-json\/wp\/v2\/posts\/291483\/revisions"}],"predecessor-version":[{"id":291484,"href":"https:\/\/www.meydan.tv\/az\/wp-json\/wp\/v2\/posts\/291483\/revisions\/291484"}],"wp:featuredmedia":[{"embeddable":true,"href":"https:\/\/www.meydan.tv\/az\/wp-json\/wp\/v2\/media\/291325"}],"wp:attachment":[{"href":"https:\/\/www.meydan.tv\/az\/wp-json\/wp\/v2\/media?parent=291483"}],"wp:term":[{"taxonomy":"category","embeddable":true,"href":"https:\/\/www.meydan.tv\/az\/wp-json\/wp\/v2\/categories?post=291483"},{"taxonomy":"post_tag","embeddable":true,"href":"https:\/\/www.meydan.tv\/az\/wp-json\/wp\/v2\/tags?post=291483"}],"curies":[{"name":"wp","href":"https:\/\/api.w.org\/{rel}","templated":true}]}}