{"id":291476,"date":"2023-11-25T12:04:39","date_gmt":"2023-11-25T08:04:39","guid":{"rendered":"https:\/\/www.meydan.tv\/?p=291476"},"modified":"2023-11-25T14:32:08","modified_gmt":"2023-11-25T10:32:08","slug":"sevinc-vaqifqizi-ve-ulvi-hesenliye-aileleri-ile-danismaq-gorusmek-izni-verilmir","status":"publish","type":"post","link":"https:\/\/www.meydan.tv\/az\/article\/sevinc-vaqifqizi-ve-ulvi-hesenliye-aileleri-ile-danismaq-gorusmek-izni-verilmir\/","title":{"rendered":"Sevinc Vaqifq\u0131z\u0131 v\u0259 \u00dclvi H\u0259s\u0259nliy\u0259 ail\u0259l\u0259ri il\u0259 dan\u0131\u015fmaq, g\u00f6r\u00fc\u015fm\u0259k izni verilmir"},"content":{"rendered":"\n<p><strong><em>Onlar\u0131n i\u015fi il\u0259 ba\u011fl\u0131 A\u0130HM-\u0259 m\u00fcraci\u0259t edilib<\/em><\/strong><\/p>\n\n\n\n<p>H\u0259bsd\u0259 olan \u201cAbzasMedia\u201dn\u0131n direktoru \u00dclvi H\u0259s\u0259nliy\u0259 v\u0259 ba\u015f redaktoru Sevinc Vaqifq\u0131z\u0131na ail\u0259l\u0259ri il\u0259 g\u00f6r\u00fc\u015fm\u0259y\u0259, telefonla dan\u0131\u015fma\u011fa izin verilmir.<\/p>\n\n\n\n<p>Bu bar\u0259d\u0259 onlar\u0131n v\u0259kill\u0259ri m\u0259lumat verib.<\/p>\n\n\n\n<p>V\u0259kil Aqil Lay\u0131c K\u00fcrd\u0259xan\u0131 \u0130stintaq T\u0259cridxanas\u0131nda Sevinc Vaqifq\u0131z\u0131 il\u0259 g\u00f6r\u00fc\u015f\u00fcb:<\/p>\n\n\n\n<p><em>\u201cBe\u015f g\u00fcnd\u00fcr h\u0259bs edilib, ail\u0259si il\u0259 g\u00f6r\u00fc\u015fm\u0259sin\u0259 v\u0259 telefonla dan\u0131\u015fmas\u0131na izin verilm\u0259yib. B\u00fct\u00fcn dostlara salam g\u00f6nd\u0259rdi. Bildirdi ki, h\u0259bsi sad\u0259c\u0259 jurnalist ara\u015fd\u0131rmalar\u0131 il\u0259 ba\u011fl\u0131d\u0131r\u201d.<\/em><\/p>\n\n\n\n<p>Bak\u0131 \u015f\u0259h\u0259r Ba\u015f Polis \u0130dar\u0259sind\u0259 onlar\u0131n i\u015fi \u00fczr\u0259 istintaq\u0131 aparan m\u00fcst\u0259ntiqin q\u0259rar\u0131yla g\u00f6r\u00fc\u015f v\u0259 telefon dan\u0131\u015f\u0131\u011f\u0131 h\u00fcququ m\u0259hdudla\u015fd\u0131r\u0131l\u0131b.<\/p>\n\n\n\n<p>H\u0259min q\u0259rar noyabr\u0131n 24-d\u0259 Bak\u0131 \u0130stintaq T\u0259cridxanas\u0131nda onlara t\u0259qdim olunub.<\/p>\n\n\n\n<p>Meydan TV-nin \u0259ld\u0259 etdiyi m\u0259lumata g\u00f6r\u0259, m\u0259hdudiyy\u0259t 3 ay m\u00fcdd\u0259tin\u0259 qoyulub.<\/p>\n\n\n\n<p>Sevinc Vaqifq\u0131z\u0131 v\u0259 \u00dclvi H\u0259s\u0259nli bu q\u0259rar\u0131 qanunsuz hesab edir.<\/p>\n\n\n\n<p>Onlar\u0131n v\u0259kill\u0259ri m\u00fcst\u0259ntiqin s\u00f6z\u00fcged\u0259n q\u0259rar\u0131ndan m\u0259hk\u0259m\u0259y\u0259 \u015fikay\u0259t ver\u0259c\u0259k.<\/p>\n\n\n\n<p>V\u0259kil El\u00e7in Sad\u0131qov bildirib ki, Sevinc Vaqifq\u0131z\u0131n\u0131n v\u0259 \u00dclvi H\u0259s\u0259nlinin h\u00fcquqlar\u0131n\u0131n t\u0259min edilm\u0259si \u00fc\u00e7\u00fcn Avropa \u0130nsan H\u00fcquqlar\u0131 M\u0259hk\u0259m\u0259sin\u0259 (A\u0130HM) 39-cu qayda \u0259sas\u0131nda m\u00fcraci\u0259t edib.<\/p>\n\n\n\n<p>V\u0259kil \u00fcmid edir ki, A\u0130HM tezlikl\u0259 m\u00fcraci\u0259tl\u0259rin\u0259 baxacaq:<\/p>\n\n\n\n<p><em>\u201cM\u0259hk\u0259m\u0259 m\u00fcraci\u0259t\u0259 baxar, m\u00fcvafiq q\u0259rar q\u0259bul ed\u0259rs\u0259, bu, Sevinc Vaqifq\u0131z\u0131n\u0131n, \u00dclvi H\u0259s\u0259nlinin v\u0259 dig\u0259rl\u0259rinin h\u00fcquqlar\u0131n\u0131 qoruyacaq v\u0259 onlar\u0131 qanunsuz m\u00fcdaxil\u0259d\u0259n m\u00fchafiz\u0259 ed\u0259c\u0259k\u201d.<\/em><\/p>\n\n\n\n<p>\u018fdliyy\u0259 Nazirliyi v\u0259 istintaq t\u0259cridxanas\u0131ndan onlara ail\u0259l\u0259ri il\u0259 g\u00f6r\u00fc\u015f v\u0259 dan\u0131\u015fma\u011fa n\u0259 s\u0259b\u0259b\u0259 izin verilm\u0259m\u0259si il\u0259 ba\u011fl\u0131 m\u00fcnasib\u0259t \u00f6yr\u0259nm\u0259k m\u00fcmk\u00fcn olmay\u0131b.<\/p>\n\n\n\n<p>\u201cAbzasMedia\u201dn\u0131n direktoru \u00dclvi H\u0259s\u0259nli v\u0259 ictimai f\u0259al M\u0259h\u0259mm\u0259d Kekalov noyabr\u0131n 20-d\u0259 saxlan\u0131l\u0131blar. Sonradan \u00dclvi H\u0259s\u0259nliy\u0259 qar\u015f\u0131 Cinay\u0259t M\u0259c\u0259ll\u0259sinin 206.3.2. (qabaqcadan \u0259lbir olan bir qrup \u015f\u0259xs t\u0259r\u0259find\u0259n qa\u00e7aqmal\u00e7\u0131l\u0131q) madd\u0259si il\u0259 ittiham verilib.<\/p>\n\n\n\n<p>\u201cAbzasMedia\u201dn\u0131n ba\u015f redaktoru Sevinc Vaqifq\u0131z\u0131 is\u0259 noyabr\u0131n 21-d\u0259 Az\u0259rbaycana d\u00f6n\u0259rk\u0259n hava liman\u0131nda saxlan\u0131l\u0131b. Ona qar\u015f\u0131 da eyni ittihamla cinay\u0259t i\u015fi a\u00e7\u0131l\u0131b.<\/p>\n\n\n\n<p>Noyabr\u0131n 21-d\u0259 h\u0259r ikisi X\u0259tai rayon M\u0259hk\u0259m\u0259sinin q\u0259rar\u0131 il\u0259 d\u00f6rd ay m\u00fcdd\u0259tin\u0259 azadl\u0131qdan m\u0259hrum edilib.<\/p>\n\n\n\n<p>Onlar h\u0259bsl\u0259rini siyasi sifari\u015f say\u0131r, ittihamlar\u0131 q\u0259bul etmirl\u0259r.<\/p>\n\n\n\n<p>M\u0259h\u0259mm\u0259d Kekalov da \u201cAbzasMedia\u201dn\u0131n direktoru \u00dclvi H\u0259s\u0259nli v\u0259 ba\u015f redaktoru Sevinc Vaqifq\u0131z\u0131yla eyni cinay\u0259t i\u015fi \u00fczr\u0259 m\u0259suliyy\u0259t\u0259 c\u0259lb olunub v\u0259 3 ay 27 g\u00fcn azadl\u0131qdan m\u0259hrum edilib.<\/p>\n\n\n\n<p>Sevinc Vaqifq\u0131z\u0131 v\u0259 \u00dclvi H\u0259s\u0259nlinin evind\u0259 v\u0259 \u201cAbzasMedia\u201dn\u0131n ofisind\u0259 axtar\u0131\u015f apar\u0131l\u0131b. Median\u0131n ofisind\u0259n 40 min avro tap\u0131ld\u0131\u011f\u0131 iddia edilib.<\/p>\n\n\n\n<p>Sevinc Vaqifq\u0131z\u0131 a\u00e7\u0131qlamas\u0131nda bildirib ki, ofisd\u0259 40 min avro olmas\u0131 m\u00fcmk\u00fcn deyil, oradan tapsalar, yaln\u0131z bir qazan dadl\u0131 yem\u0259k tapa bil\u0259rl\u0259r.<\/p>\n\n\n\n<p>Beyn\u0259lxalq t\u0259\u015fkilatlar da Az\u0259rbaycan hakimiyy\u0259tin\u0259 m\u00fcraci\u0259t ed\u0259r\u0259k, azad mediaya qar\u015f\u0131 t\u0259zyiqi dayand\u0131rmas\u0131n\u0131 ist\u0259yibl\u0259r. Ba\u015f ver\u0259nl\u0259ri mediaya qar\u015f\u0131 \u201cqisas\u201d adland\u0131r\u0131blar.<\/p>\n","protected":false},"excerpt":{"rendered":"<p>Onlar\u0131n i\u015fi il\u0259 ba\u011fl\u0131 A\u0130HM-\u0259 m\u00fcraci\u0259t edilib H\u0259bsd\u0259 olan \u201cAbzasMedia\u201dn\u0131n &#8230; <\/p>\n<p class=\"read-more-container\"><a title=\"Sevinc Vaqifq\u0131z\u0131 v\u0259 \u00dclvi H\u0259s\u0259nliy\u0259 ail\u0259l\u0259ri il\u0259 dan\u0131\u015fmaq, g\u00f6r\u00fc\u015fm\u0259k izni verilmir\" class=\"read-more button\" href=\"https:\/\/www.meydan.tv\/az\/article\/sevinc-vaqifqizi-ve-ulvi-hesenliye-aileleri-ile-danismaq-gorusmek-izni-verilmir\/#more-291476\" aria-label=\"Read more about Sevinc Vaqifq\u0131z\u0131 v\u0259 \u00dclvi H\u0259s\u0259nliy\u0259 ail\u0259l\u0259ri il\u0259 dan\u0131\u015fmaq, g\u00f6r\u00fc\u015fm\u0259k izni verilmir\">Davam\u0131<\/a><\/p>\n","protected":false},"author":21,"featured_media":291079,"comment_status":"closed","ping_status":"closed","sticky":false,"template":"","format":"standard","meta":{"_acf_changed":false,"_sitemap_exclude":false,"_sitemap_priority":"","_sitemap_frequency":"","footnotes":""},"categories":[59,79,56],"tags":[],"class_list":["post-291476","post","type-post","status-publish","format-standard","has-post-thumbnail","hentry","category-siyaset","category-featured","category-xeberler","infinite-scroll-item","generate-columns","tablet-grid-50","mobile-grid-100","grid-parent","grid-33","no-featured-image-padding"],"acf":[],"yoast_head":"<!-- This site is optimized with the Yoast SEO plugin v27.4 - https:\/\/yoast.com\/product\/yoast-seo-wordpress\/ -->\n<title>Sevinc Vaqifq\u0131z\u0131 v\u0259 \u00dclvi H\u0259s\u0259nliy\u0259 ail\u0259l\u0259ri il\u0259 dan\u0131\u015fmaq, g\u00f6r\u00fc\u015fm\u0259k izni verilmir - MEYDAN.TV<\/title>\n<meta name=\"robots\" content=\"index, follow, max-snippet:-1, max-image-preview:large, max-video-preview:-1\" \/>\n<link rel=\"canonical\" href=\"https:\/\/www.meydan.tv\/az\/article\/sevinc-vaqifqizi-ve-ulvi-hesenliye-aileleri-ile-danismaq-gorusmek-izni-verilmir\/\" \/>\n<meta property=\"og:locale\" content=\"az_AZ\" \/>\n<meta property=\"og:type\" content=\"article\" \/>\n<meta property=\"og:title\" content=\"Sevinc Vaqifq\u0131z\u0131 v\u0259 \u00dclvi H\u0259s\u0259nliy\u0259 ail\u0259l\u0259ri il\u0259 dan\u0131\u015fmaq, g\u00f6r\u00fc\u015fm\u0259k izni verilmir - MEYDAN.TV\" \/>\n<meta property=\"og:description\" content=\"Onlar\u0131n i\u015fi il\u0259 ba\u011fl\u0131 A\u0130HM-\u0259 m\u00fcraci\u0259t edilib H\u0259bsd\u0259 olan \u201cAbzasMedia\u201dn\u0131n ... Davam\u0131\" \/>\n<meta property=\"og:url\" content=\"https:\/\/www.meydan.tv\/az\/article\/sevinc-vaqifqizi-ve-ulvi-hesenliye-aileleri-ile-danismaq-gorusmek-izni-verilmir\/\" \/>\n<meta property=\"og:site_name\" content=\"MEYDAN.TV\" \/>\n<meta property=\"article:published_time\" content=\"2023-11-25T08:04:39+00:00\" \/>\n<meta property=\"article:modified_time\" content=\"2023-11-25T10:32:08+00:00\" \/>\n<meta property=\"og:image\" content=\"https:\/\/www.meydan.tv\/wp-content\/uploads\/screenshot_2023-11-21_at_17.19.49-e1700674981154.png\" \/>\n\t<meta property=\"og:image:width\" content=\"1500\" \/>\n\t<meta property=\"og:image:height\" content=\"635\" \/>\n\t<meta property=\"og:image:type\" content=\"image\/png\" \/>\n<meta name=\"author\" content=\"mahmud\" \/>\n<meta name=\"twitter:card\" content=\"summary_large_image\" \/>\n<script type=\"application\/ld+json\" class=\"yoast-schema-graph\">{\"@context\":\"https:\\\/\\\/schema.org\",\"@graph\":[{\"@type\":\"Article\",\"@id\":\"https:\\\/\\\/www.meydan.tv\\\/az\\\/article\\\/sevinc-vaqifqizi-ve-ulvi-hesenliye-aileleri-ile-danismaq-gorusmek-izni-verilmir\\\/#article\",\"isPartOf\":{\"@id\":\"https:\\\/\\\/www.meydan.tv\\\/az\\\/article\\\/sevinc-vaqifqizi-ve-ulvi-hesenliye-aileleri-ile-danismaq-gorusmek-izni-verilmir\\\/\"},\"author\":{\"name\":\"mahmud\",\"@id\":\"https:\\\/\\\/www.meydan.tv\\\/az\\\/#\\\/schema\\\/person\\\/09863e516102a829e72bedcf3f84c6b0\"},\"headline\":\"Sevinc Vaqifq\u0131z\u0131 v\u0259 \u00dclvi H\u0259s\u0259nliy\u0259 ail\u0259l\u0259ri il\u0259 dan\u0131\u015fmaq, g\u00f6r\u00fc\u015fm\u0259k izni verilmir\",\"datePublished\":\"2023-11-25T08:04:39+00:00\",\"dateModified\":\"2023-11-25T10:32:08+00:00\",\"mainEntityOfPage\":{\"@id\":\"https:\\\/\\\/www.meydan.tv\\\/az\\\/article\\\/sevinc-vaqifqizi-ve-ulvi-hesenliye-aileleri-ile-danismaq-gorusmek-izni-verilmir\\\/\"},\"wordCount\":651,\"publisher\":{\"@id\":\"https:\\\/\\\/www.meydan.tv\\\/az\\\/#organization\"},\"image\":{\"@id\":\"https:\\\/\\\/www.meydan.tv\\\/az\\\/article\\\/sevinc-vaqifqizi-ve-ulvi-hesenliye-aileleri-ile-danismaq-gorusmek-izni-verilmir\\\/#primaryimage\"},\"thumbnailUrl\":\"https:\\\/\\\/www.meydan.tv\\\/wp-content\\\/uploads\\\/screenshot_2023-11-21_at_17.19.49-e1700674981154.png\",\"articleSection\":[\"Siyas\u0259t\",\"T\u00f6vsiy\u0259\",\"X\u0259b\u0259rl\u0259r\"],\"inLanguage\":\"az\"},{\"@type\":\"WebPage\",\"@id\":\"https:\\\/\\\/www.meydan.tv\\\/az\\\/article\\\/sevinc-vaqifqizi-ve-ulvi-hesenliye-aileleri-ile-danismaq-gorusmek-izni-verilmir\\\/\",\"url\":\"https:\\\/\\\/www.meydan.tv\\\/az\\\/article\\\/sevinc-vaqifqizi-ve-ulvi-hesenliye-aileleri-ile-danismaq-gorusmek-izni-verilmir\\\/\",\"name\":\"Sevinc Vaqifq\u0131z\u0131 v\u0259 \u00dclvi H\u0259s\u0259nliy\u0259 ail\u0259l\u0259ri il\u0259 dan\u0131\u015fmaq, g\u00f6r\u00fc\u015fm\u0259k izni verilmir - MEYDAN.TV\",\"isPartOf\":{\"@id\":\"https:\\\/\\\/www.meydan.tv\\\/az\\\/#website\"},\"primaryImageOfPage\":{\"@id\":\"https:\\\/\\\/www.meydan.tv\\\/az\\\/article\\\/sevinc-vaqifqizi-ve-ulvi-hesenliye-aileleri-ile-danismaq-gorusmek-izni-verilmir\\\/#primaryimage\"},\"image\":{\"@id\":\"https:\\\/\\\/www.meydan.tv\\\/az\\\/article\\\/sevinc-vaqifqizi-ve-ulvi-hesenliye-aileleri-ile-danismaq-gorusmek-izni-verilmir\\\/#primaryimage\"},\"thumbnailUrl\":\"https:\\\/\\\/www.meydan.tv\\\/wp-content\\\/uploads\\\/screenshot_2023-11-21_at_17.19.49-e1700674981154.png\",\"datePublished\":\"2023-11-25T08:04:39+00:00\",\"dateModified\":\"2023-11-25T10:32:08+00:00\",\"breadcrumb\":{\"@id\":\"https:\\\/\\\/www.meydan.tv\\\/az\\\/article\\\/sevinc-vaqifqizi-ve-ulvi-hesenliye-aileleri-ile-danismaq-gorusmek-izni-verilmir\\\/#breadcrumb\"},\"inLanguage\":\"az\",\"potentialAction\":[{\"@type\":\"ReadAction\",\"target\":[\"https:\\\/\\\/www.meydan.tv\\\/az\\\/article\\\/sevinc-vaqifqizi-ve-ulvi-hesenliye-aileleri-ile-danismaq-gorusmek-izni-verilmir\\\/\"]}]},{\"@type\":\"ImageObject\",\"inLanguage\":\"az\",\"@id\":\"https:\\\/\\\/www.meydan.tv\\\/az\\\/article\\\/sevinc-vaqifqizi-ve-ulvi-hesenliye-aileleri-ile-danismaq-gorusmek-izni-verilmir\\\/#primaryimage\",\"url\":\"https:\\\/\\\/www.meydan.tv\\\/wp-content\\\/uploads\\\/screenshot_2023-11-21_at_17.19.49-e1700674981154.png\",\"contentUrl\":\"https:\\\/\\\/www.meydan.tv\\\/wp-content\\\/uploads\\\/screenshot_2023-11-21_at_17.19.49-e1700674981154.png\",\"width\":1500,\"height\":635,\"caption\":\"Sevinc Vaqifq\u0131z\u0131 v\u0259 \u00dclvi H\u0259s\u0259nli. Foto: \\\"Facebook\\\"\"},{\"@type\":\"BreadcrumbList\",\"@id\":\"https:\\\/\\\/www.meydan.tv\\\/az\\\/article\\\/sevinc-vaqifqizi-ve-ulvi-hesenliye-aileleri-ile-danismaq-gorusmek-izni-verilmir\\\/#breadcrumb\",\"itemListElement\":[{\"@type\":\"ListItem\",\"position\":1,\"name\":\"Ana s\u0259hif\u0259\",\"item\":\"https:\\\/\\\/www.meydan.tv\\\/az\\\/\"},{\"@type\":\"ListItem\",\"position\":2,\"name\":\"Siyas\u0259t\",\"item\":\"https:\\\/\\\/www.meydan.tv\\\/az\\\/section\\\/siyaset\\\/\"},{\"@type\":\"ListItem\",\"position\":3,\"name\":\"Sevinc Vaqifq\u0131z\u0131 v\u0259 \u00dclvi H\u0259s\u0259nliy\u0259 ail\u0259l\u0259ri il\u0259 dan\u0131\u015fmaq, g\u00f6r\u00fc\u015fm\u0259k izni verilmir\"}]},{\"@type\":\"WebSite\",\"@id\":\"https:\\\/\\\/www.meydan.tv\\\/az\\\/#website\",\"url\":\"https:\\\/\\\/www.meydan.tv\\\/az\\\/\",\"name\":\"MEYDAN.TV\",\"description\":\"Meydan TV Az\u0259rbaycan\u0131n media m\u0259kan\u0131ndak\u0131 alternativ s\u0259sidir\",\"publisher\":{\"@id\":\"https:\\\/\\\/www.meydan.tv\\\/az\\\/#organization\"},\"potentialAction\":[{\"@type\":\"SearchAction\",\"target\":{\"@type\":\"EntryPoint\",\"urlTemplate\":\"https:\\\/\\\/www.meydan.tv\\\/az\\\/?s={search_term_string}\"},\"query-input\":{\"@type\":\"PropertyValueSpecification\",\"valueRequired\":true,\"valueName\":\"search_term_string\"}}],\"inLanguage\":\"az\"},{\"@type\":\"Organization\",\"@id\":\"https:\\\/\\\/www.meydan.tv\\\/az\\\/#organization\",\"name\":\"Meydan TV\",\"url\":\"https:\\\/\\\/www.meydan.tv\\\/az\\\/\",\"logo\":{\"@type\":\"ImageObject\",\"inLanguage\":\"az\",\"@id\":\"https:\\\/\\\/www.meydan.tv\\\/az\\\/#\\\/schema\\\/logo\\\/image\\\/\",\"url\":\"https:\\\/\\\/www.meydan.tv\\\/wp-content\\\/uploads\\\/2021\\\/07\\\/meydan-logo.svg\",\"contentUrl\":\"https:\\\/\\\/www.meydan.tv\\\/wp-content\\\/uploads\\\/2021\\\/07\\\/meydan-logo.svg\",\"width\":195,\"height\":46,\"caption\":\"Meydan TV\"},\"image\":{\"@id\":\"https:\\\/\\\/www.meydan.tv\\\/az\\\/#\\\/schema\\\/logo\\\/image\\\/\"}},{\"@type\":\"Person\",\"@id\":\"https:\\\/\\\/www.meydan.tv\\\/az\\\/#\\\/schema\\\/person\\\/09863e516102a829e72bedcf3f84c6b0\",\"name\":\"mahmud\"}]}<\/script>\n<!-- \/ Yoast SEO plugin. -->","yoast_head_json":{"title":"Sevinc Vaqifq\u0131z\u0131 v\u0259 \u00dclvi H\u0259s\u0259nliy\u0259 ail\u0259l\u0259ri il\u0259 dan\u0131\u015fmaq, g\u00f6r\u00fc\u015fm\u0259k izni verilmir - MEYDAN.TV","robots":{"index":"index","follow":"follow","max-snippet":"max-snippet:-1","max-image-preview":"max-image-preview:large","max-video-preview":"max-video-preview:-1"},"canonical":"https:\/\/www.meydan.tv\/az\/article\/sevinc-vaqifqizi-ve-ulvi-hesenliye-aileleri-ile-danismaq-gorusmek-izni-verilmir\/","og_locale":"az_AZ","og_type":"article","og_title":"Sevinc Vaqifq\u0131z\u0131 v\u0259 \u00dclvi H\u0259s\u0259nliy\u0259 ail\u0259l\u0259ri il\u0259 dan\u0131\u015fmaq, g\u00f6r\u00fc\u015fm\u0259k izni verilmir - MEYDAN.TV","og_description":"Onlar\u0131n i\u015fi il\u0259 ba\u011fl\u0131 A\u0130HM-\u0259 m\u00fcraci\u0259t edilib H\u0259bsd\u0259 olan \u201cAbzasMedia\u201dn\u0131n ... Davam\u0131","og_url":"https:\/\/www.meydan.tv\/az\/article\/sevinc-vaqifqizi-ve-ulvi-hesenliye-aileleri-ile-danismaq-gorusmek-izni-verilmir\/","og_site_name":"MEYDAN.TV","article_published_time":"2023-11-25T08:04:39+00:00","article_modified_time":"2023-11-25T10:32:08+00:00","og_image":[{"width":1500,"height":635,"url":"https:\/\/www.meydan.tv\/wp-content\/uploads\/screenshot_2023-11-21_at_17.19.49-e1700674981154.png","type":"image\/png"}],"author":"mahmud","twitter_card":"summary_large_image","schema":{"@context":"https:\/\/schema.org","@graph":[{"@type":"Article","@id":"https:\/\/www.meydan.tv\/az\/article\/sevinc-vaqifqizi-ve-ulvi-hesenliye-aileleri-ile-danismaq-gorusmek-izni-verilmir\/#article","isPartOf":{"@id":"https:\/\/www.meydan.tv\/az\/article\/sevinc-vaqifqizi-ve-ulvi-hesenliye-aileleri-ile-danismaq-gorusmek-izni-verilmir\/"},"author":{"name":"mahmud","@id":"https:\/\/www.meydan.tv\/az\/#\/schema\/person\/09863e516102a829e72bedcf3f84c6b0"},"headline":"Sevinc Vaqifq\u0131z\u0131 v\u0259 \u00dclvi H\u0259s\u0259nliy\u0259 ail\u0259l\u0259ri il\u0259 dan\u0131\u015fmaq, g\u00f6r\u00fc\u015fm\u0259k izni verilmir","datePublished":"2023-11-25T08:04:39+00:00","dateModified":"2023-11-25T10:32:08+00:00","mainEntityOfPage":{"@id":"https:\/\/www.meydan.tv\/az\/article\/sevinc-vaqifqizi-ve-ulvi-hesenliye-aileleri-ile-danismaq-gorusmek-izni-verilmir\/"},"wordCount":651,"publisher":{"@id":"https:\/\/www.meydan.tv\/az\/#organization"},"image":{"@id":"https:\/\/www.meydan.tv\/az\/article\/sevinc-vaqifqizi-ve-ulvi-hesenliye-aileleri-ile-danismaq-gorusmek-izni-verilmir\/#primaryimage"},"thumbnailUrl":"https:\/\/www.meydan.tv\/wp-content\/uploads\/screenshot_2023-11-21_at_17.19.49-e1700674981154.png","articleSection":["Siyas\u0259t","T\u00f6vsiy\u0259","X\u0259b\u0259rl\u0259r"],"inLanguage":"az"},{"@type":"WebPage","@id":"https:\/\/www.meydan.tv\/az\/article\/sevinc-vaqifqizi-ve-ulvi-hesenliye-aileleri-ile-danismaq-gorusmek-izni-verilmir\/","url":"https:\/\/www.meydan.tv\/az\/article\/sevinc-vaqifqizi-ve-ulvi-hesenliye-aileleri-ile-danismaq-gorusmek-izni-verilmir\/","name":"Sevinc Vaqifq\u0131z\u0131 v\u0259 \u00dclvi H\u0259s\u0259nliy\u0259 ail\u0259l\u0259ri il\u0259 dan\u0131\u015fmaq, g\u00f6r\u00fc\u015fm\u0259k izni verilmir - MEYDAN.TV","isPartOf":{"@id":"https:\/\/www.meydan.tv\/az\/#website"},"primaryImageOfPage":{"@id":"https:\/\/www.meydan.tv\/az\/article\/sevinc-vaqifqizi-ve-ulvi-hesenliye-aileleri-ile-danismaq-gorusmek-izni-verilmir\/#primaryimage"},"image":{"@id":"https:\/\/www.meydan.tv\/az\/article\/sevinc-vaqifqizi-ve-ulvi-hesenliye-aileleri-ile-danismaq-gorusmek-izni-verilmir\/#primaryimage"},"thumbnailUrl":"https:\/\/www.meydan.tv\/wp-content\/uploads\/screenshot_2023-11-21_at_17.19.49-e1700674981154.png","datePublished":"2023-11-25T08:04:39+00:00","dateModified":"2023-11-25T10:32:08+00:00","breadcrumb":{"@id":"https:\/\/www.meydan.tv\/az\/article\/sevinc-vaqifqizi-ve-ulvi-hesenliye-aileleri-ile-danismaq-gorusmek-izni-verilmir\/#breadcrumb"},"inLanguage":"az","potentialAction":[{"@type":"ReadAction","target":["https:\/\/www.meydan.tv\/az\/article\/sevinc-vaqifqizi-ve-ulvi-hesenliye-aileleri-ile-danismaq-gorusmek-izni-verilmir\/"]}]},{"@type":"ImageObject","inLanguage":"az","@id":"https:\/\/www.meydan.tv\/az\/article\/sevinc-vaqifqizi-ve-ulvi-hesenliye-aileleri-ile-danismaq-gorusmek-izni-verilmir\/#primaryimage","url":"https:\/\/www.meydan.tv\/wp-content\/uploads\/screenshot_2023-11-21_at_17.19.49-e1700674981154.png","contentUrl":"https:\/\/www.meydan.tv\/wp-content\/uploads\/screenshot_2023-11-21_at_17.19.49-e1700674981154.png","width":1500,"height":635,"caption":"Sevinc Vaqifq\u0131z\u0131 v\u0259 \u00dclvi H\u0259s\u0259nli. Foto: \"Facebook\""},{"@type":"BreadcrumbList","@id":"https:\/\/www.meydan.tv\/az\/article\/sevinc-vaqifqizi-ve-ulvi-hesenliye-aileleri-ile-danismaq-gorusmek-izni-verilmir\/#breadcrumb","itemListElement":[{"@type":"ListItem","position":1,"name":"Ana s\u0259hif\u0259","item":"https:\/\/www.meydan.tv\/az\/"},{"@type":"ListItem","position":2,"name":"Siyas\u0259t","item":"https:\/\/www.meydan.tv\/az\/section\/siyaset\/"},{"@type":"ListItem","position":3,"name":"Sevinc Vaqifq\u0131z\u0131 v\u0259 \u00dclvi H\u0259s\u0259nliy\u0259 ail\u0259l\u0259ri il\u0259 dan\u0131\u015fmaq, g\u00f6r\u00fc\u015fm\u0259k izni verilmir"}]},{"@type":"WebSite","@id":"https:\/\/www.meydan.tv\/az\/#website","url":"https:\/\/www.meydan.tv\/az\/","name":"MEYDAN.TV","description":"Meydan TV Az\u0259rbaycan\u0131n media m\u0259kan\u0131ndak\u0131 alternativ s\u0259sidir","publisher":{"@id":"https:\/\/www.meydan.tv\/az\/#organization"},"potentialAction":[{"@type":"SearchAction","target":{"@type":"EntryPoint","urlTemplate":"https:\/\/www.meydan.tv\/az\/?s={search_term_string}"},"query-input":{"@type":"PropertyValueSpecification","valueRequired":true,"valueName":"search_term_string"}}],"inLanguage":"az"},{"@type":"Organization","@id":"https:\/\/www.meydan.tv\/az\/#organization","name":"Meydan TV","url":"https:\/\/www.meydan.tv\/az\/","logo":{"@type":"ImageObject","inLanguage":"az","@id":"https:\/\/www.meydan.tv\/az\/#\/schema\/logo\/image\/","url":"https:\/\/www.meydan.tv\/wp-content\/uploads\/2021\/07\/meydan-logo.svg","contentUrl":"https:\/\/www.meydan.tv\/wp-content\/uploads\/2021\/07\/meydan-logo.svg","width":195,"height":46,"caption":"Meydan TV"},"image":{"@id":"https:\/\/www.meydan.tv\/az\/#\/schema\/logo\/image\/"}},{"@type":"Person","@id":"https:\/\/www.meydan.tv\/az\/#\/schema\/person\/09863e516102a829e72bedcf3f84c6b0","name":"mahmud"}]}},"_links":{"self":[{"href":"https:\/\/www.meydan.tv\/az\/wp-json\/wp\/v2\/posts\/291476","targetHints":{"allow":["GET"]}}],"collection":[{"href":"https:\/\/www.meydan.tv\/az\/wp-json\/wp\/v2\/posts"}],"about":[{"href":"https:\/\/www.meydan.tv\/az\/wp-json\/wp\/v2\/types\/post"}],"author":[{"embeddable":true,"href":"https:\/\/www.meydan.tv\/az\/wp-json\/wp\/v2\/users\/21"}],"replies":[{"embeddable":true,"href":"https:\/\/www.meydan.tv\/az\/wp-json\/wp\/v2\/comments?post=291476"}],"version-history":[{"count":3,"href":"https:\/\/www.meydan.tv\/az\/wp-json\/wp\/v2\/posts\/291476\/revisions"}],"predecessor-version":[{"id":291479,"href":"https:\/\/www.meydan.tv\/az\/wp-json\/wp\/v2\/posts\/291476\/revisions\/291479"}],"wp:featuredmedia":[{"embeddable":true,"href":"https:\/\/www.meydan.tv\/az\/wp-json\/wp\/v2\/media\/291079"}],"wp:attachment":[{"href":"https:\/\/www.meydan.tv\/az\/wp-json\/wp\/v2\/media?parent=291476"}],"wp:term":[{"taxonomy":"category","embeddable":true,"href":"https:\/\/www.meydan.tv\/az\/wp-json\/wp\/v2\/categories?post=291476"},{"taxonomy":"post_tag","embeddable":true,"href":"https:\/\/www.meydan.tv\/az\/wp-json\/wp\/v2\/tags?post=291476"}],"curies":[{"name":"wp","href":"https:\/\/api.w.org\/{rel}","templated":true}]}}