{"id":291474,"date":"2023-11-24T20:51:20","date_gmt":"2023-11-24T16:51:20","guid":{"rendered":"https:\/\/www.meydan.tv\/?p=291474"},"modified":"2023-11-24T20:51:23","modified_gmt":"2023-11-24T16:51:23","slug":"terter-isi-valide-ehmedova-ailesinin-tehdid-oldugunu-oglunun-hedelendiyini-deyir","status":"publish","type":"post","link":"https:\/\/www.meydan.tv\/az\/article\/terter-isi-valide-ehmedova-ailesinin-tehdid-oldugunu-oglunun-hedelendiyini-deyir\/","title":{"rendered":"\u201cT\u0259rt\u0259r i\u015fi: Valid\u0259 \u018fhm\u0259dova ail\u0259sinin t\u0259hdid oldu\u011funu, o\u011flunun h\u0259d\u0259l\u0259ndiyini deyir"},"content":{"rendered":"\n<p><\/p>\n\n\n\n<p><em><strong>\u201cDeyirl\u0259r ki, anan aksiyalar\u0131 t\u0259\u015fkil, Prezidenti t\u0259nqid edir, dayand\u0131rmasa, s\u0259ni h\u0259bs ed\u0259rik\u201d<\/strong><\/em><\/p>\n\n\n\n<p>2017-ci ild\u0259 T\u0259rt\u0259rd\u0259 \u0259sg\u0259r v\u0259 zabitl\u0259r\u0259 qar\u015f\u0131 k\u00fctl\u0259vi i\u015fg\u0259nc\u0259l\u0259r n\u0259tic\u0259sind\u0259 h\u0259yat\u0131n\u0131 itir\u0259nl\u0259rd\u0259n biri \u2013 h\u0259rbi qulluq\u00e7u El\u00e7in Quliyevin anas\u0131 Valid\u0259 \u018fhm\u0259dova ail\u0259sinin t\u0259hl\u00fck\u0259 alt\u0131nda oldu\u011funu deyir.<\/p>\n\n\n\n<p>Onun s\u00f6zl\u0259rin\u0259 g\u00f6r\u0259, T\u0259rt\u0259r hadis\u0259l\u0259ril\u0259 ba\u011fl\u0131 etiraz aksiyalar\u0131nda i\u015ftirak\u0131na, ba\u015f ver\u0259nl\u0259r\u0259 g\u00f6r\u0259 Prezidentin m\u0259suliyy\u0259t da\u015f\u0131mas\u0131 haqda dedikl\u0259rin\u0259 g\u00f6r\u0259 dig\u0259r o\u011flu h\u0259bsl\u0259 h\u0259d\u0259l\u0259nir.<\/p>\n\n\n\n<p>Valid\u0259 \u018fhm\u0259dova Meydan TV-y\u0259 bildirib ki, iki g\u00fcn \u0259vv\u0259l Prezident Administrasiyas\u0131n\u0131n qar\u015f\u0131s\u0131nda etiraz aksiyas\u0131ndan sonra \u2013 noyabr\u0131n 23-d\u0259 o\u011flu Emin Quliyevi T\u0259rt\u0259rd\u0259 ya\u015fad\u0131\u011f\u0131 evd\u0259n m\u00fclki geyimlil\u0259r zorla apar\u0131blar.<\/p>\n\n\n\n<p>Sa\u011flaml\u0131\u011f\u0131nda ciddi probleml\u0259r olan Emin Quliyev bir ne\u00e7\u0259 saat \u0259rzind\u0259 B\u0259rd\u0259 Rayon Polis \u0130dar\u0259sind\u0259 t\u0259zyiq alt\u0131nda saxlan\u0131l\u0131b, anas\u0131n\u0131n etiraz aksiyalar\u0131nda i\u015ftirak\u0131, Prezident \u0259leyhin\u0259 \u00e7\u0131x\u0131\u015flar\u0131 davam ed\u0259c\u0259yi halda, h\u0259bs olunaca\u011f\u0131yla h\u0259d\u0259l\u0259nib.<\/p>\n\n\n\n<p>Noyabr\u0131n 22-d\u0259 z\u0259r\u0259r\u00e7\u0259kmi\u015fl\u0259rin bir qrupu Prezident Administrasiyas\u0131n\u0131n qar\u015f\u0131s\u0131nda ke\u00e7irdikl\u0259ri etiraz aksiyas\u0131nda \u201cT\u0259rt\u0259r i\u015fi\u201d \u00fczr\u0259 istintaq v\u0259 m\u0259hk\u0259m\u0259 prosesind\u0259n naraz\u0131l\u0131q edibl\u0259r.<\/p>\n\n\n\n<p>Onlar bildiribl\u0259r ki, 2021-ci ilin dekabr\u0131nda \u201cT\u0259rt\u0259r i\u015fi\u201d \u00fczr\u0259 istintaq yenid\u0259n ba\u015flayanda \u0259vv\u0259lkind\u0259n f\u0259rqli olaraq, bu d\u0259f\u0259 h\u0259qiq\u0259tl\u0259rin ortaya \u00e7\u0131xar\u0131laca\u011f\u0131n\u0131 v\u0259 t\u0259qsiri olan y\u00fcks\u0259k v\u0259zif\u0259li m\u0259murlar\u0131n c\u0259zalanaca\u011f\u0131n\u0131 d\u00fc\u015f\u00fcn\u00fcrd\u00fcl\u0259r. Lakin prosesin gedi\u015find\u0259 yan\u0131ld\u0131qlar\u0131n\u0131 g\u00f6r\u00fcbl\u0259r.<\/p>\n\n\n\n<p>Z\u0259r\u0259r\u00e7\u0259kmi\u015fl\u0259r iddia edir ki, prokurorluq formal istintaq aparmaqla, \u0259sl t\u0259qsirkarlar\u0131, ba\u015f ver\u0259nl\u0259r\u0259 r\u0259hb\u0259rlik ed\u0259n y\u00fcks\u0259k v\u0259zif\u0259li m\u0259murlar\u0131 m\u0259suliyy\u0259td\u0259n k\u0259narda saxlay\u0131b.<\/p>\n\n\n\n<p>Haz\u0131rda davam ed\u0259n m\u0259hk\u0259m\u0259l\u0259r d\u0259 eyni i\u015fl\u0259 m\u0259\u015f\u011fuldur.<\/p>\n\n\n\n<p>Onlar m\u00fcdafi\u0259 naziri Zakir H\u0259s\u0259nov, h\u0259rbi prokuror Xanlar V\u0259liyev, indiki v\u0259 ke\u00e7mi\u015f ba\u015f q\u0259rargah r\u0259isl\u0259ri N\u0259cm\u0259ddin Sad\u0131qov v\u0259 K\u0259rim V\u0259liyev, general Hikm\u0259t H\u0259s\u0259nov, h\u0259rbi hiss\u0259 komandiri, polkovnik Teymur M\u0259mm\u0259dov v\u0259 ba\u015fqa y\u00fcks\u0259k v\u0259zif\u0259li \u015f\u0259xsl\u0259rin T\u0259rt\u0259r hadis\u0259l\u0259rind\u0259 birba\u015fa rolu oldu\u011funu deyir v\u0259 onlar\u0131n c\u0259zaland\u0131r\u0131lmas\u0131n\u0131 t\u0259l\u0259b edirl\u0259r.<\/p>\n\n\n\n<p>Z\u0259r\u0259r\u00e7\u0259k\u0259nl\u0259rin daha bir t\u0259l\u0259bi is\u0259 T\u0259rt\u0259rd\u0259 i\u015fg\u0259nc\u0259 n\u0259tic\u0259sind\u0259 h\u0259yat\u0131n\u0131 itir\u0259nl\u0259r\u0259 \u201c\u015f\u0259hid\u201d statusu verilm\u0259sidir.<\/p>\n\n\n\n<p>Valid\u0259 \u018fhm\u0259dova deyir ki, aksiyadan bir sutka sonra &#8211; noyabr\u0131n 23-d\u0259 g\u00fcnorta saat 1 rad\u0259l\u0259rind\u0259 ev\u0259 \u00fc\u00e7 m\u00fclki geyimli \u015f\u0259xs g\u0259lib:<\/p>\n\n\n\n<p><em>\u201cTorpaq sah\u0259sin\u0259 baxmaq b\u0259han\u0259sil\u0259 onu evd\u0259n \u00e7\u0131xar\u0131blar, sonra da ma\u015f\u0131na qoyub apar\u0131blar. T\u0259rt\u0259rd\u0259 \u201cd\u00f6rd yol\u201d deyil\u0259n yer var. Orada onu d\u00fc\u015f\u00fcr\u00fcb, qapal\u0131 bir ma\u015f\u0131na mindiribl\u0259r. O\u011flumla cinay\u0259tkar kimi davran\u0131blar. Oradan da B\u0259rd\u0259 Rayon Polis \u0130dar\u0259sin\u0259 apar\u0131blar. Orada h\u0259m h\u0259rbi geyimd\u0259, h\u0259m d\u0259 m\u00fclki geyimd\u0259 adamlar olub. O\u011fluma t\u0259zyiq g\u00f6st\u0259ribl\u0259r. Deyibl\u0259r ki, guya m\u0259n adamlar\u0131 y\u0131\u011f\u0131b etirazlar t\u0259\u015fkil el\u0259yir\u0259m, i\u011fti\u015fa\u015f yarad\u0131ram, Prezidentin \u0259leyhin\u0259 dan\u0131\u015f\u0131ram. O\u011fluma \u0259vv\u0259l h\u0259min g\u00fcn ax\u015fama q\u0259d\u0259r, sonra bir g\u00fcn vaxt veribl\u0259r. Deyibl\u0259r ki, \u0259g\u0259r m\u0259n bu c\u00fcr h\u0259r\u0259k\u0259tl\u0259r\u0259 son qoymasam, onu h\u0259bs el\u0259y\u0259c\u0259kl\u0259r. X\u0259b\u0259rdarl\u0131q el\u0259yibl\u0259r ki, namaz da q\u0131l\u0131rsan, ba\u015fqa dindarlar kimi, onu da tutub salacaqlar h\u0259bs\u0259. \u00dcst\u0259lik, bildiribl\u0259r ki, ba\u015fqa dindarlar h\u0259bs olunanda ona g\u00fcz\u0259\u015ft el\u0259yibl\u0259r, qarda\u015f\u0131n\u0131n \u00f6l\u00fcm\u00fcn\u0259 g\u00f6r\u0259. Amma m\u0259n dayanmasam, onu da eyni aqib\u0259t g\u00f6zl\u0259yir&#8230;&#8221;<\/em><\/p>\n\n\n\n<p>Valid\u0259 \u018fhm\u0259dovan\u0131n s\u00f6zl\u0259rin\u0259 g\u00f6r\u0259, 35 ya\u015fl\u0131 o\u011flu Emin Quliyev uzun m\u00fcdd\u0259tdir ki, x\u0259st\u0259likd\u0259n \u0259ziyy\u0259t \u00e7\u0259kir:<\/p>\n\n\n\n<p><em>&#8220;\u0130qtisad Universitetini bitirib, vergil\u0259r idar\u0259sind\u0259 i\u015fl\u0259yirdi. Qarda\u015f\u0131n\u0131n \u00f6l\u00fcm\u00fcnd\u0259n sonra \u00e7ox sars\u0131lm\u0131\u015fd\u0131. H\u0259m d\u0259 El\u00e7inin ba\u015f\u0131na g\u0259l\u0259nl\u0259rd\u0259n sonra onu da i\u015fd\u0259n \u00e7\u0131xard\u0131lar. Deyirdil\u0259r ki, &#8220;v\u0259t\u0259n xaininin qarda\u015f\u0131san&#8221;. Ba\u015f ver\u0259nl\u0259r onun s\u0259hh\u0259tin\u0259 \u00e7ox a\u011f\u0131r ziyan vurdu&#8230;&#8221;<\/em><\/p>\n\n\n\n<p>Valid\u0259 \u018fhm\u0259dova bildirib ki, o\u011flu B\u0259rd\u0259 Rayon Polis \u0130dar\u0259sind\u0259 bir ne\u00e7\u0259 saat t\u0259zyiq v\u0259 t\u0259hdid alt\u0131nda saxland\u0131qdan sonra burax\u0131l\u0131b. Ev\u0259 g\u0259l\u0259nd\u0259n sonra bir m\u00fcdd\u0259t susub. Sonra ba\u015f\u0131na g\u0259l\u0259nl\u0259ri dan\u0131\u015f\u0131b.<\/p>\n\n\n\n<p>Valid\u0259 \u018fhm\u0259dova noyabr\u0131n 24-d\u0259 s\u0259h\u0259r Ba\u015f Prokurorlu\u011fa m\u0259ktub g\u00f6nd\u0259rib.<\/p>\n\n\n\n<p>O, m\u0259ktubunda \u00f6z\u00fc v\u0259 ail\u0259 \u00fczvl\u0259rinin t\u0259hl\u00fck\u0259 alt\u0131nda oldu\u011funu vur\u011fulay\u0131b.<\/p>\n\n\n\n<p>O\u011flunun qanunsuz saxlanmas\u0131nda i\u015ftirak ed\u0259nl\u0259rin m\u00fc\u0259yy\u0259nl\u0259\u015fdirilib c\u0259zaland\u0131r\u0131lmas\u0131n\u0131 ist\u0259yib.<\/p>\n\n\n\n<p>Z\u0259r\u0259r\u00e7\u0259kmi\u015f Meydan TV-y\u0259 onu da bildirib ki, t\u0259zyiq v\u0259 t\u0259hdidl\u0259r\u0259 baxmayaraq, geri \u00e7\u0259kilm\u0259k niyy\u0259tind\u0259 deyil:<\/p>\n\n\n\n<p><em>&#8220;M\u0259nd\u0259 sa\u011falmaz yara a\u00e7\u0131blar, \u00fcr\u0259yim\u0259 da\u011f \u00e7\u0259kibl\u0259r. M\u0259ni he\u00e7 n\u0259 dayand\u0131ra bilm\u0259z. N\u0259 q\u0259d\u0259r can\u0131mda can var, geri \u00e7\u0259kilm\u0259r\u0259m. T\u0259rt\u0259r qatill\u0259rini qoruyurlarsa, o\u011flumun qatill\u0259ri azadl\u0131qda, v\u0259zif\u0259 ba\u015f\u0131ndad\u0131rsa, m\u0259n nec\u0259 geri \u00e7\u0259kilim? O\u011flumun v\u0259 T\u0259rt\u0259rd\u0259 i\u015fg\u0259nc\u0259d\u0259n \u00f6l\u0259nl\u0259rin ham\u0131s\u0131n\u0131n \u015f\u0259hidliyi verilm\u0259y\u0259n\u0259, qatill\u0259r c\u0259zalanmayana q\u0259d\u0259r \u00f6ld\u00fc var, d\u00f6nd\u00fc yoxdur&#8221;.<\/em><\/p>\n\n\n\n<p>Daxili \u0130\u015fl\u0259r Nazirliyi (D\u0130N) Emin Quliyevin B\u0259rd\u0259 Rayon Polis \u0130dar\u0259sind\u0259n t\u0259zyiq v\u0259 t\u0259hdidl\u0259r\u0259 m\u0259ruz qalmas\u0131 bar\u0259d\u0259 anas\u0131n\u0131n dedikl\u0259rini t\u0259kzib edib.<\/p>\n\n\n\n<p>Nazirliyin m\u0259tbuat xidm\u0259tinin B\u0259rd\u0259 regional qrupundan Meydan TV-y\u0259 bildirilib ki, Valid\u0259 \u018fhm\u0259dovan\u0131n dedikl\u0259ri \u0259sass\u0131zd\u0131r:<\/p>\n\n\n\n<p><em>\u201c\u018fsass\u0131z iddialard\u0131r v\u0259 h\u0259qiq\u0259ti \u0259ks etdirmir&#8221;<\/em>.<\/p>\n\n\n\n<p>2017-ci ilin may-iyun aylar\u0131nda T\u0259rt\u0259rd\u0259 500 n\u0259f\u0259rd\u0259n art\u0131q h\u0259rb\u00e7iy\u0259 a\u011f\u0131r i\u015fg\u0259nc\u0259l\u0259r verilib.<\/p>\n\n\n\n<p>N\u0259tic\u0259d\u0259 10 n\u0259f\u0259rd\u0259n \u00e7ox h\u0259rbi qulluq\u00e7u h\u0259yat\u0131n\u0131 itirib.<\/p>\n","protected":false},"excerpt":{"rendered":"<p>\u201cDeyirl\u0259r ki, anan aksiyalar\u0131 t\u0259\u015fkil, Prezidenti t\u0259nqid edir, dayand\u0131rmasa, s\u0259ni &#8230; <\/p>\n<p class=\"read-more-container\"><a title=\"\u201cT\u0259rt\u0259r i\u015fi: Valid\u0259 \u018fhm\u0259dova ail\u0259sinin t\u0259hdid oldu\u011funu, o\u011flunun h\u0259d\u0259l\u0259ndiyini deyir\" class=\"read-more button\" href=\"https:\/\/www.meydan.tv\/az\/article\/terter-isi-valide-ehmedova-ailesinin-tehdid-oldugunu-oglunun-hedelendiyini-deyir\/#more-291474\" aria-label=\"Read more about \u201cT\u0259rt\u0259r i\u015fi: Valid\u0259 \u018fhm\u0259dova ail\u0259sinin t\u0259hdid oldu\u011funu, o\u011flunun h\u0259d\u0259l\u0259ndiyini deyir\">Davam\u0131<\/a><\/p>\n","protected":false},"author":21,"featured_media":112447,"comment_status":"closed","ping_status":"closed","sticky":false,"template":"","format":"standard","meta":{"_acf_changed":false,"_sitemap_exclude":false,"_sitemap_priority":"","_sitemap_frequency":"","footnotes":""},"categories":[62,79,56],"tags":[],"class_list":["post-291474","post","type-post","status-publish","format-standard","has-post-thumbnail","hentry","category-sosial","category-featured","category-xeberler","infinite-scroll-item","generate-columns","tablet-grid-50","mobile-grid-100","grid-parent","grid-33","no-featured-image-padding"],"acf":[],"yoast_head":"<!-- This site is optimized with the Yoast SEO plugin v27.5 - https:\/\/yoast.com\/product\/yoast-seo-wordpress\/ -->\n<title>\u201cT\u0259rt\u0259r i\u015fi: Valid\u0259 \u018fhm\u0259dova ail\u0259sinin t\u0259hdid oldu\u011funu, o\u011flunun h\u0259d\u0259l\u0259ndiyini deyir - MEYDAN.TV<\/title>\n<meta name=\"robots\" content=\"index, follow, max-snippet:-1, max-image-preview:large, max-video-preview:-1\" \/>\n<link rel=\"canonical\" href=\"https:\/\/www.meydan.tv\/az\/article\/terter-isi-valide-ehmedova-ailesinin-tehdid-oldugunu-oglunun-hedelendiyini-deyir\/\" \/>\n<meta property=\"og:locale\" content=\"az_AZ\" \/>\n<meta property=\"og:type\" content=\"article\" \/>\n<meta property=\"og:title\" content=\"\u201cT\u0259rt\u0259r i\u015fi: Valid\u0259 \u018fhm\u0259dova ail\u0259sinin t\u0259hdid oldu\u011funu, o\u011flunun h\u0259d\u0259l\u0259ndiyini deyir - MEYDAN.TV\" \/>\n<meta property=\"og:description\" content=\"\u201cDeyirl\u0259r ki, anan aksiyalar\u0131 t\u0259\u015fkil, Prezidenti t\u0259nqid edir, dayand\u0131rmasa, s\u0259ni ... Davam\u0131\" \/>\n<meta property=\"og:url\" content=\"https:\/\/www.meydan.tv\/az\/article\/terter-isi-valide-ehmedova-ailesinin-tehdid-oldugunu-oglunun-hedelendiyini-deyir\/\" \/>\n<meta property=\"og:site_name\" content=\"MEYDAN.TV\" \/>\n<meta property=\"article:published_time\" content=\"2023-11-24T16:51:20+00:00\" \/>\n<meta property=\"article:modified_time\" content=\"2023-11-24T16:51:23+00:00\" \/>\n<meta property=\"og:image\" content=\"https:\/\/www.meydan.tv\/wp-content\/uploads\/44754-e1700844620208.jpg\" \/>\n\t<meta property=\"og:image:width\" content=\"810\" \/>\n\t<meta property=\"og:image:height\" content=\"329\" \/>\n\t<meta property=\"og:image:type\" content=\"image\/jpeg\" \/>\n<meta name=\"author\" content=\"mahmud\" \/>\n<meta name=\"twitter:card\" content=\"summary_large_image\" \/>\n<script type=\"application\/ld+json\" class=\"yoast-schema-graph\">{\"@context\":\"https:\\\/\\\/schema.org\",\"@graph\":[{\"@type\":\"Article\",\"@id\":\"https:\\\/\\\/www.meydan.tv\\\/az\\\/article\\\/terter-isi-valide-ehmedova-ailesinin-tehdid-oldugunu-oglunun-hedelendiyini-deyir\\\/#article\",\"isPartOf\":{\"@id\":\"https:\\\/\\\/www.meydan.tv\\\/az\\\/article\\\/terter-isi-valide-ehmedova-ailesinin-tehdid-oldugunu-oglunun-hedelendiyini-deyir\\\/\"},\"author\":{\"name\":\"mahmud\",\"@id\":\"https:\\\/\\\/www.meydan.tv\\\/az\\\/#\\\/schema\\\/person\\\/09863e516102a829e72bedcf3f84c6b0\"},\"headline\":\"\u201cT\u0259rt\u0259r i\u015fi: Valid\u0259 \u018fhm\u0259dova ail\u0259sinin t\u0259hdid oldu\u011funu, o\u011flunun h\u0259d\u0259l\u0259ndiyini deyir\",\"datePublished\":\"2023-11-24T16:51:20+00:00\",\"dateModified\":\"2023-11-24T16:51:23+00:00\",\"mainEntityOfPage\":{\"@id\":\"https:\\\/\\\/www.meydan.tv\\\/az\\\/article\\\/terter-isi-valide-ehmedova-ailesinin-tehdid-oldugunu-oglunun-hedelendiyini-deyir\\\/\"},\"wordCount\":1166,\"publisher\":{\"@id\":\"https:\\\/\\\/www.meydan.tv\\\/az\\\/#organization\"},\"image\":{\"@id\":\"https:\\\/\\\/www.meydan.tv\\\/az\\\/article\\\/terter-isi-valide-ehmedova-ailesinin-tehdid-oldugunu-oglunun-hedelendiyini-deyir\\\/#primaryimage\"},\"thumbnailUrl\":\"https:\\\/\\\/www.meydan.tv\\\/wp-content\\\/uploads\\\/44754-e1700844620208.jpg\",\"articleSection\":[\"Sosial\",\"T\u00f6vsiy\u0259\",\"X\u0259b\u0259rl\u0259r\"],\"inLanguage\":\"az\"},{\"@type\":\"WebPage\",\"@id\":\"https:\\\/\\\/www.meydan.tv\\\/az\\\/article\\\/terter-isi-valide-ehmedova-ailesinin-tehdid-oldugunu-oglunun-hedelendiyini-deyir\\\/\",\"url\":\"https:\\\/\\\/www.meydan.tv\\\/az\\\/article\\\/terter-isi-valide-ehmedova-ailesinin-tehdid-oldugunu-oglunun-hedelendiyini-deyir\\\/\",\"name\":\"\u201cT\u0259rt\u0259r i\u015fi: Valid\u0259 \u018fhm\u0259dova ail\u0259sinin t\u0259hdid oldu\u011funu, o\u011flunun h\u0259d\u0259l\u0259ndiyini deyir - MEYDAN.TV\",\"isPartOf\":{\"@id\":\"https:\\\/\\\/www.meydan.tv\\\/az\\\/#website\"},\"primaryImageOfPage\":{\"@id\":\"https:\\\/\\\/www.meydan.tv\\\/az\\\/article\\\/terter-isi-valide-ehmedova-ailesinin-tehdid-oldugunu-oglunun-hedelendiyini-deyir\\\/#primaryimage\"},\"image\":{\"@id\":\"https:\\\/\\\/www.meydan.tv\\\/az\\\/article\\\/terter-isi-valide-ehmedova-ailesinin-tehdid-oldugunu-oglunun-hedelendiyini-deyir\\\/#primaryimage\"},\"thumbnailUrl\":\"https:\\\/\\\/www.meydan.tv\\\/wp-content\\\/uploads\\\/44754-e1700844620208.jpg\",\"datePublished\":\"2023-11-24T16:51:20+00:00\",\"dateModified\":\"2023-11-24T16:51:23+00:00\",\"breadcrumb\":{\"@id\":\"https:\\\/\\\/www.meydan.tv\\\/az\\\/article\\\/terter-isi-valide-ehmedova-ailesinin-tehdid-oldugunu-oglunun-hedelendiyini-deyir\\\/#breadcrumb\"},\"inLanguage\":\"az\",\"potentialAction\":[{\"@type\":\"ReadAction\",\"target\":[\"https:\\\/\\\/www.meydan.tv\\\/az\\\/article\\\/terter-isi-valide-ehmedova-ailesinin-tehdid-oldugunu-oglunun-hedelendiyini-deyir\\\/\"]}]},{\"@type\":\"ImageObject\",\"inLanguage\":\"az\",\"@id\":\"https:\\\/\\\/www.meydan.tv\\\/az\\\/article\\\/terter-isi-valide-ehmedova-ailesinin-tehdid-oldugunu-oglunun-hedelendiyini-deyir\\\/#primaryimage\",\"url\":\"https:\\\/\\\/www.meydan.tv\\\/wp-content\\\/uploads\\\/44754-e1700844620208.jpg\",\"contentUrl\":\"https:\\\/\\\/www.meydan.tv\\\/wp-content\\\/uploads\\\/44754-e1700844620208.jpg\",\"width\":810,\"height\":329,\"caption\":\"Source: Arxiv\"},{\"@type\":\"BreadcrumbList\",\"@id\":\"https:\\\/\\\/www.meydan.tv\\\/az\\\/article\\\/terter-isi-valide-ehmedova-ailesinin-tehdid-oldugunu-oglunun-hedelendiyini-deyir\\\/#breadcrumb\",\"itemListElement\":[{\"@type\":\"ListItem\",\"position\":1,\"name\":\"Ana s\u0259hif\u0259\",\"item\":\"https:\\\/\\\/www.meydan.tv\\\/az\\\/\"},{\"@type\":\"ListItem\",\"position\":2,\"name\":\"Sosial\",\"item\":\"https:\\\/\\\/www.meydan.tv\\\/az\\\/section\\\/sosial\\\/\"},{\"@type\":\"ListItem\",\"position\":3,\"name\":\"\u201cT\u0259rt\u0259r i\u015fi: Valid\u0259 \u018fhm\u0259dova ail\u0259sinin t\u0259hdid oldu\u011funu, o\u011flunun h\u0259d\u0259l\u0259ndiyini deyir\"}]},{\"@type\":\"WebSite\",\"@id\":\"https:\\\/\\\/www.meydan.tv\\\/az\\\/#website\",\"url\":\"https:\\\/\\\/www.meydan.tv\\\/az\\\/\",\"name\":\"MEYDAN.TV\",\"description\":\"Meydan TV Az\u0259rbaycan\u0131n media m\u0259kan\u0131ndak\u0131 alternativ s\u0259sidir\",\"publisher\":{\"@id\":\"https:\\\/\\\/www.meydan.tv\\\/az\\\/#organization\"},\"potentialAction\":[{\"@type\":\"SearchAction\",\"target\":{\"@type\":\"EntryPoint\",\"urlTemplate\":\"https:\\\/\\\/www.meydan.tv\\\/az\\\/?s={search_term_string}\"},\"query-input\":{\"@type\":\"PropertyValueSpecification\",\"valueRequired\":true,\"valueName\":\"search_term_string\"}}],\"inLanguage\":\"az\"},{\"@type\":\"Organization\",\"@id\":\"https:\\\/\\\/www.meydan.tv\\\/az\\\/#organization\",\"name\":\"Meydan TV\",\"url\":\"https:\\\/\\\/www.meydan.tv\\\/az\\\/\",\"logo\":{\"@type\":\"ImageObject\",\"inLanguage\":\"az\",\"@id\":\"https:\\\/\\\/www.meydan.tv\\\/az\\\/#\\\/schema\\\/logo\\\/image\\\/\",\"url\":\"https:\\\/\\\/www.meydan.tv\\\/wp-content\\\/uploads\\\/2021\\\/07\\\/meydan-logo.svg\",\"contentUrl\":\"https:\\\/\\\/www.meydan.tv\\\/wp-content\\\/uploads\\\/2021\\\/07\\\/meydan-logo.svg\",\"width\":195,\"height\":46,\"caption\":\"Meydan TV\"},\"image\":{\"@id\":\"https:\\\/\\\/www.meydan.tv\\\/az\\\/#\\\/schema\\\/logo\\\/image\\\/\"}},{\"@type\":\"Person\",\"@id\":\"https:\\\/\\\/www.meydan.tv\\\/az\\\/#\\\/schema\\\/person\\\/09863e516102a829e72bedcf3f84c6b0\",\"name\":\"mahmud\"}]}<\/script>\n<!-- \/ Yoast SEO plugin. -->","yoast_head_json":{"title":"\u201cT\u0259rt\u0259r i\u015fi: Valid\u0259 \u018fhm\u0259dova ail\u0259sinin t\u0259hdid oldu\u011funu, o\u011flunun h\u0259d\u0259l\u0259ndiyini deyir - MEYDAN.TV","robots":{"index":"index","follow":"follow","max-snippet":"max-snippet:-1","max-image-preview":"max-image-preview:large","max-video-preview":"max-video-preview:-1"},"canonical":"https:\/\/www.meydan.tv\/az\/article\/terter-isi-valide-ehmedova-ailesinin-tehdid-oldugunu-oglunun-hedelendiyini-deyir\/","og_locale":"az_AZ","og_type":"article","og_title":"\u201cT\u0259rt\u0259r i\u015fi: Valid\u0259 \u018fhm\u0259dova ail\u0259sinin t\u0259hdid oldu\u011funu, o\u011flunun h\u0259d\u0259l\u0259ndiyini deyir - MEYDAN.TV","og_description":"\u201cDeyirl\u0259r ki, anan aksiyalar\u0131 t\u0259\u015fkil, Prezidenti t\u0259nqid edir, dayand\u0131rmasa, s\u0259ni ... Davam\u0131","og_url":"https:\/\/www.meydan.tv\/az\/article\/terter-isi-valide-ehmedova-ailesinin-tehdid-oldugunu-oglunun-hedelendiyini-deyir\/","og_site_name":"MEYDAN.TV","article_published_time":"2023-11-24T16:51:20+00:00","article_modified_time":"2023-11-24T16:51:23+00:00","og_image":[{"width":810,"height":329,"url":"https:\/\/www.meydan.tv\/wp-content\/uploads\/44754-e1700844620208.jpg","type":"image\/jpeg"}],"author":"mahmud","twitter_card":"summary_large_image","schema":{"@context":"https:\/\/schema.org","@graph":[{"@type":"Article","@id":"https:\/\/www.meydan.tv\/az\/article\/terter-isi-valide-ehmedova-ailesinin-tehdid-oldugunu-oglunun-hedelendiyini-deyir\/#article","isPartOf":{"@id":"https:\/\/www.meydan.tv\/az\/article\/terter-isi-valide-ehmedova-ailesinin-tehdid-oldugunu-oglunun-hedelendiyini-deyir\/"},"author":{"name":"mahmud","@id":"https:\/\/www.meydan.tv\/az\/#\/schema\/person\/09863e516102a829e72bedcf3f84c6b0"},"headline":"\u201cT\u0259rt\u0259r i\u015fi: Valid\u0259 \u018fhm\u0259dova ail\u0259sinin t\u0259hdid oldu\u011funu, o\u011flunun h\u0259d\u0259l\u0259ndiyini deyir","datePublished":"2023-11-24T16:51:20+00:00","dateModified":"2023-11-24T16:51:23+00:00","mainEntityOfPage":{"@id":"https:\/\/www.meydan.tv\/az\/article\/terter-isi-valide-ehmedova-ailesinin-tehdid-oldugunu-oglunun-hedelendiyini-deyir\/"},"wordCount":1166,"publisher":{"@id":"https:\/\/www.meydan.tv\/az\/#organization"},"image":{"@id":"https:\/\/www.meydan.tv\/az\/article\/terter-isi-valide-ehmedova-ailesinin-tehdid-oldugunu-oglunun-hedelendiyini-deyir\/#primaryimage"},"thumbnailUrl":"https:\/\/www.meydan.tv\/wp-content\/uploads\/44754-e1700844620208.jpg","articleSection":["Sosial","T\u00f6vsiy\u0259","X\u0259b\u0259rl\u0259r"],"inLanguage":"az"},{"@type":"WebPage","@id":"https:\/\/www.meydan.tv\/az\/article\/terter-isi-valide-ehmedova-ailesinin-tehdid-oldugunu-oglunun-hedelendiyini-deyir\/","url":"https:\/\/www.meydan.tv\/az\/article\/terter-isi-valide-ehmedova-ailesinin-tehdid-oldugunu-oglunun-hedelendiyini-deyir\/","name":"\u201cT\u0259rt\u0259r i\u015fi: Valid\u0259 \u018fhm\u0259dova ail\u0259sinin t\u0259hdid oldu\u011funu, o\u011flunun h\u0259d\u0259l\u0259ndiyini deyir - MEYDAN.TV","isPartOf":{"@id":"https:\/\/www.meydan.tv\/az\/#website"},"primaryImageOfPage":{"@id":"https:\/\/www.meydan.tv\/az\/article\/terter-isi-valide-ehmedova-ailesinin-tehdid-oldugunu-oglunun-hedelendiyini-deyir\/#primaryimage"},"image":{"@id":"https:\/\/www.meydan.tv\/az\/article\/terter-isi-valide-ehmedova-ailesinin-tehdid-oldugunu-oglunun-hedelendiyini-deyir\/#primaryimage"},"thumbnailUrl":"https:\/\/www.meydan.tv\/wp-content\/uploads\/44754-e1700844620208.jpg","datePublished":"2023-11-24T16:51:20+00:00","dateModified":"2023-11-24T16:51:23+00:00","breadcrumb":{"@id":"https:\/\/www.meydan.tv\/az\/article\/terter-isi-valide-ehmedova-ailesinin-tehdid-oldugunu-oglunun-hedelendiyini-deyir\/#breadcrumb"},"inLanguage":"az","potentialAction":[{"@type":"ReadAction","target":["https:\/\/www.meydan.tv\/az\/article\/terter-isi-valide-ehmedova-ailesinin-tehdid-oldugunu-oglunun-hedelendiyini-deyir\/"]}]},{"@type":"ImageObject","inLanguage":"az","@id":"https:\/\/www.meydan.tv\/az\/article\/terter-isi-valide-ehmedova-ailesinin-tehdid-oldugunu-oglunun-hedelendiyini-deyir\/#primaryimage","url":"https:\/\/www.meydan.tv\/wp-content\/uploads\/44754-e1700844620208.jpg","contentUrl":"https:\/\/www.meydan.tv\/wp-content\/uploads\/44754-e1700844620208.jpg","width":810,"height":329,"caption":"Source: Arxiv"},{"@type":"BreadcrumbList","@id":"https:\/\/www.meydan.tv\/az\/article\/terter-isi-valide-ehmedova-ailesinin-tehdid-oldugunu-oglunun-hedelendiyini-deyir\/#breadcrumb","itemListElement":[{"@type":"ListItem","position":1,"name":"Ana s\u0259hif\u0259","item":"https:\/\/www.meydan.tv\/az\/"},{"@type":"ListItem","position":2,"name":"Sosial","item":"https:\/\/www.meydan.tv\/az\/section\/sosial\/"},{"@type":"ListItem","position":3,"name":"\u201cT\u0259rt\u0259r i\u015fi: Valid\u0259 \u018fhm\u0259dova ail\u0259sinin t\u0259hdid oldu\u011funu, o\u011flunun h\u0259d\u0259l\u0259ndiyini deyir"}]},{"@type":"WebSite","@id":"https:\/\/www.meydan.tv\/az\/#website","url":"https:\/\/www.meydan.tv\/az\/","name":"MEYDAN.TV","description":"Meydan TV Az\u0259rbaycan\u0131n media m\u0259kan\u0131ndak\u0131 alternativ s\u0259sidir","publisher":{"@id":"https:\/\/www.meydan.tv\/az\/#organization"},"potentialAction":[{"@type":"SearchAction","target":{"@type":"EntryPoint","urlTemplate":"https:\/\/www.meydan.tv\/az\/?s={search_term_string}"},"query-input":{"@type":"PropertyValueSpecification","valueRequired":true,"valueName":"search_term_string"}}],"inLanguage":"az"},{"@type":"Organization","@id":"https:\/\/www.meydan.tv\/az\/#organization","name":"Meydan TV","url":"https:\/\/www.meydan.tv\/az\/","logo":{"@type":"ImageObject","inLanguage":"az","@id":"https:\/\/www.meydan.tv\/az\/#\/schema\/logo\/image\/","url":"https:\/\/www.meydan.tv\/wp-content\/uploads\/2021\/07\/meydan-logo.svg","contentUrl":"https:\/\/www.meydan.tv\/wp-content\/uploads\/2021\/07\/meydan-logo.svg","width":195,"height":46,"caption":"Meydan TV"},"image":{"@id":"https:\/\/www.meydan.tv\/az\/#\/schema\/logo\/image\/"}},{"@type":"Person","@id":"https:\/\/www.meydan.tv\/az\/#\/schema\/person\/09863e516102a829e72bedcf3f84c6b0","name":"mahmud"}]}},"_links":{"self":[{"href":"https:\/\/www.meydan.tv\/az\/wp-json\/wp\/v2\/posts\/291474","targetHints":{"allow":["GET"]}}],"collection":[{"href":"https:\/\/www.meydan.tv\/az\/wp-json\/wp\/v2\/posts"}],"about":[{"href":"https:\/\/www.meydan.tv\/az\/wp-json\/wp\/v2\/types\/post"}],"author":[{"embeddable":true,"href":"https:\/\/www.meydan.tv\/az\/wp-json\/wp\/v2\/users\/21"}],"replies":[{"embeddable":true,"href":"https:\/\/www.meydan.tv\/az\/wp-json\/wp\/v2\/comments?post=291474"}],"version-history":[{"count":1,"href":"https:\/\/www.meydan.tv\/az\/wp-json\/wp\/v2\/posts\/291474\/revisions"}],"predecessor-version":[{"id":291475,"href":"https:\/\/www.meydan.tv\/az\/wp-json\/wp\/v2\/posts\/291474\/revisions\/291475"}],"wp:featuredmedia":[{"embeddable":true,"href":"https:\/\/www.meydan.tv\/az\/wp-json\/wp\/v2\/media\/112447"}],"wp:attachment":[{"href":"https:\/\/www.meydan.tv\/az\/wp-json\/wp\/v2\/media?parent=291474"}],"wp:term":[{"taxonomy":"category","embeddable":true,"href":"https:\/\/www.meydan.tv\/az\/wp-json\/wp\/v2\/categories?post=291474"},{"taxonomy":"post_tag","embeddable":true,"href":"https:\/\/www.meydan.tv\/az\/wp-json\/wp\/v2\/tags?post=291474"}],"curies":[{"name":"wp","href":"https:\/\/api.w.org\/{rel}","templated":true}]}}