{"id":291453,"date":"2023-11-24T18:10:56","date_gmt":"2023-11-24T14:10:56","guid":{"rendered":"https:\/\/www.meydan.tv\/?p=291453"},"modified":"2023-11-24T18:10:59","modified_gmt":"2023-11-24T14:10:59","slug":"elcin-sadiqov-haqqinda-mecburi-getirilme-qerari-cixarildi","status":"publish","type":"post","link":"https:\/\/www.meydan.tv\/az\/article\/elcin-sadiqov-haqqinda-mecburi-getirilme-qerari-cixarildi\/","title":{"rendered":"El\u00e7in Sad\u0131qov haqq\u0131nda m\u0259cburi g\u0259tirilm\u0259 q\u0259rar\u0131 \u00e7\u0131xar\u0131ld\u0131"},"content":{"rendered":"\n<p><\/p>\n\n\n\n<p><em><strong>\u018fv\u0259z Zeynall\u0131 El\u00e7in Sad\u0131qovun ifad\u0259sinin s\u00fcbutlar siyah\u0131s\u0131ndan \u00e7\u0131xar\u0131lmas\u0131n\u0131 ist\u0259yib<\/strong><\/em><\/p>\n\n\n\n<p>Noyabr\u0131n 24-d\u0259 Bak\u0131 A\u011f\u0131r Cinay\u0259tl\u0259r M\u0259hk\u0259m\u0259sind\u0259 v\u0259kil El\u00e7in Sad\u0131qov haqq\u0131nda m\u0259hk\u0259m\u0259y\u0259 m\u0259cburi g\u0259tirilm\u0259 q\u0259rar\u0131 \u00e7\u0131xar\u0131l\u0131b.<\/p>\n\n\n\n<p>Bu q\u0259rar \u201cXural TV\u201d internet televiziyas\u0131n\u0131n r\u0259hb\u0259ri \u018fv\u0259z Zeynall\u0131 v\u0259 \u201cS\u0259da TV\u201d adl\u0131 Youtube kanal\u0131n\u0131n idar\u0259edicisi Elnur \u015e\u00fck\u00fcrovun i\u015fi \u00fczr\u0259 m\u0259hk\u0259m\u0259 prosesind\u0259 verilib.<\/p>\n\n\n\n<p>Bundan \u00f6nc\u0259ki m\u0259hk\u0259m\u0259 iclas\u0131nda \u018fv\u0259z Zeynall\u0131n\u0131n m\u0259hk\u0259m\u0259 zal\u0131ndan \u00e7\u0131xar\u0131lmas\u0131, prosesin onun i\u015ftirak\u0131 olmadan ke\u00e7irilm\u0259sin\u0259 q\u0259rar verilmi\u015fdi.<\/p>\n\n\n\n<p>Bu s\u0259b\u0259bd\u0259n noyabr\u0131n 24-d\u0259 m\u0259hk\u0259m\u0259 iclas\u0131 onun i\u015ftirak\u0131 olmadan ba\u015flay\u0131b.<\/p>\n\n\n\n<p>T\u0259qsirl\u0259ndiril\u0259n \u015f\u0259xsl\u0259rd\u0259n yaln\u0131z Elnur \u015e\u00fck\u00fcrov m\u0259hk\u0259m\u0259d\u0259 i\u015ftirak edib.<\/p>\n\n\n\n<p>M\u0259hk\u0259m\u0259 prosesin\u0259 s\u0259drlik ed\u0259n hakim \u018fli M\u0259mm\u0259dov bildirib ki, \u018fv\u0259z Zeynall\u0131 d\u0259f\u0259l\u0259rl\u0259 proses i\u015ftirak\u00e7\u0131lar\u0131n\u0131n, o c\u00fcml\u0259d\u0259n hakiml\u0259rin, prokurorun \u00fcnvan\u0131na xo\u015fag\u0259lm\u0259z ifad\u0259l\u0259r i\u015fl\u0259dib. Ona d\u0259f\u0259l\u0259rl\u0259 x\u0259b\u0259rdarl\u0131q olunsa da, \u0259h\u0259miyy\u0259t verm\u0259yib. Bu s\u0259b\u0259bd\u0259n onunla ba\u011fl\u0131 bel\u0259 q\u0259rar verilib.<\/p>\n\n\n\n<p>V\u0259kil F\u0259xr\u0259ddin Mehdiyev v\u0259sat\u0259t qald\u0131r\u0131b ki, yenid\u0259n \u018fv\u0259z Zeynall\u0131n\u0131n m\u0259hk\u0259m\u0259 prosesind\u0259 i\u015ftirak\u0131 t\u0259min olunsun. \u00c7\u00fcnki onun i\u015ftirak\u0131 olmadan \u015fahidl\u0259rin dindirilm\u0259si m\u00fcmk\u00fcn deyil.<\/p>\n\n\n\n<p>Dig\u0259r t\u0259qsirl\u0259ndiril\u0259n Elnur \u015e\u00fck\u00fcrov da \u018fv\u0259z Zeynall\u0131n\u0131n m\u0259hk\u0259m\u0259d\u0259 i\u015ftirak\u0131na imkan verilm\u0259sini ist\u0259yib.<\/p>\n\n\n\n<p>Prokuror deyib ki, \u018fv\u0259z Zeynall\u0131n\u0131n m\u0259hk\u0259m\u0259 zal\u0131na g\u0259tiril\u0259nd\u0259n sonra yeni eyni \u015f\u0259kild\u0259 davranmayaca\u011f\u0131na \u0259minlik yoxdur.<\/p>\n\n\n\n<p>\u018fli M\u0259mm\u0259dov, Azad M\u0259cidov v\u0259 S\u0259bin\u0259 M\u0259mm\u0259dzad\u0259d\u0259n ibar\u0259t hakiml\u0259r kollegiyas\u0131 bu m\u0259s\u0259l\u0259ni m\u00fczakir\u0259 edib, onun m\u0259hk\u0259m\u0259 iclaslar\u0131nda i\u015ftirak\u0131na icaz\u0259 verilm\u0259si haqda q\u0259rar q\u0259bul edib.<\/p>\n\n\n\n<p>\u018f.Zeynall\u0131 2022-ci il sentyabr\u0131n 9-da \u201cBaku Steel Company\u201d MMC-nin 3 il\u0259 yax\u0131nd\u0131r h\u0259bsd\u0259 olan ke\u00e7mi\u015f r\u0259hb\u0259ri Rasim M\u0259mm\u0259dovun h\u0259yat yolda\u015f\u0131 Mehriban M\u0259mm\u0259dovadan v\u0259kili El\u00e7in Sad\u0131qov vasit\u0259sil\u0259 20 min manat r\u00fc\u015fv\u0259t almaq ittiham\u0131yla h\u0259bs olunub.<\/p>\n\n\n\n<p>Mehriban M\u0259mm\u0259dovan\u0131n xalas\u0131 o\u011flu Sad\u0131q H\u0259s\u0259nli noyabr\u0131n 24-d\u0259 m\u0259hk\u0259m\u0259d\u0259 \u015fahid qismind\u0259 dindirilib:<\/p>\n\n\n\n<p><em>\u201c\u018fv\u0259z Zeynall\u0131 \u201cXural\u201d kanal\u0131nda Rasim M\u0259mm\u0259dov haqq\u0131nda dan\u0131\u015f\u0131rd\u0131. Deyirdi ki, Rasim M\u0259mm\u0259dov monopoliya yarad\u0131r, quldurluq edir. Bu c\u00fcr materiallar\u0131n dayand\u0131r\u0131lmas\u0131 \u00fc\u00e7\u00fcn xalam q\u0131z\u0131 ona pul verm\u0259k q\u0259rar\u0131na g\u0259ldi. Bu t\u0259klif v\u0259kild\u0259n g\u0259lmi\u015fdi. O da raz\u0131la\u015fd\u0131. H\u0259min ax\u015fam xalam q\u0131z\u0131 20 min manat v\u0259kil\u0259 g\u00f6nd\u0259rdi ki, \u018fv\u0259z Zeynall\u0131ya \u00e7atd\u0131rs\u0131n. Pul veril\u0259nd\u0259n bir m\u00fcdd\u0259t sonra da \u018fv\u0259z Zeynall\u0131 yen\u0259 dan\u0131\u015fd\u0131. Bunu v\u0259kil\u0259 dedik&#8230;<\/em>\u201d<\/p>\n\n\n\n<p>Sad\u0131q H\u0259s\u0259nlinin s\u00f6zl\u0259rin\u0259 g\u00f6r\u0259, sonradan El\u00e7in Sad\u0131qov g\u0259tirib pulu qaytar\u0131b.<\/p>\n\n\n\n<p>Daha sonra m\u0259hk\u0259m\u0259y\u0259 \u00e7a\u011f\u0131r\u0131lan, amma g\u0259lm\u0259y\u0259n \u015fahidl\u0259rin ifad\u0259l\u0259rinin elan olunmas\u0131 m\u0259s\u0259l\u0259si m\u00fczakir\u0259y\u0259 \u00e7\u0131xar\u0131l\u0131b.<\/p>\n\n\n\n<p>\u018fv\u0259z Zeynall\u0131 v\u0259 v\u0259kill\u0259ri El\u00e7in Sad\u0131qov v\u0259 Mehriban M\u0259mm\u0259dovan\u0131n m\u0259hk\u0259m\u0259d\u0259 dindirilm\u0259sind\u0259 israr edibl\u0259r.<\/p>\n\n\n\n<p>Onlar bildirib ki, h\u0259r iki \u015fahid m\u00fctl\u0259q g\u0259lib ifad\u0259 verm\u0259li, suallar\u0131 cavabland\u0131rmal\u0131d\u0131r.<\/p>\n\n\n\n<p>Hakim deyib ki, Mehriban M\u0259mm\u0259dovan\u0131n \u00f6lk\u0259d\u0259 olmad\u0131\u011f\u0131, onun yeni il \u0259r\u0259f\u0259sind\u0259 \u00f6lk\u0259y\u0259 qay\u0131daca\u011f\u0131 bar\u0259d\u0259 m\u0259hk\u0259m\u0259y\u0259 m\u0259lumat verilib.<\/p>\n\n\n\n<p>Hakim Mehriban M\u0259mm\u0259dovan\u0131n istintaqdak\u0131 ifad\u0259sini elan etm\u0259k ist\u0259s\u0259 d\u0259, \u018fv\u0259z Zeynall\u0131 v\u0259 v\u0259kill\u0259ri raz\u0131la\u015fmay\u0131b:<\/p>\n\n\n\n<p><em>\u201c\u00d6z\u00fc g\u0259l\u0259c\u0259ks\u0259, ifad\u0259si niy\u0259 elan olunmal\u0131d\u0131r?\u201d<\/em><\/p>\n\n\n\n<p>El\u00e7in Sad\u0131qova g\u0259linc\u0259, o, oktyabr\u0131n 25-d\u0259 m\u0259hk\u0259m\u0259y\u0259 \u0259riz\u0259 g\u00f6nd\u0259rib.<\/p>\n\n\n\n<p>Orada g\u00f6st\u0259rib ki, eyni m\u0259s\u0259l\u0259 il\u0259 \u0259laq\u0259dar o, h\u0259l\u0259 d\u0259 t\u0259qsirl\u0259ndiril\u0259n \u015f\u0259xsdir. Bel\u0259 olan halda, bu i\u015f \u00fczr\u0259 \u015fahid qismind\u0259 dindiril\u0259 bilm\u0259z.<\/p>\n\n\n\n<p>O vur\u011fulay\u0131b ki, qanun \u015f\u0259xs\u0259 \u00f6z\u00fcn\u0259, valideynl\u0259rin\u0259, \u00f6vlad\u0131na v\u0259 dig\u0259r yax\u0131nlar\u0131na qar\u015f\u0131 ifad\u0259 verm\u0259m\u0259k h\u00fcququ tan\u0131y\u0131r:<\/p>\n\n\n\n<p><em>\u201cM\u0259nim t\u0259qsirl\u0259ndiril\u0259n \u015f\u0259xs statusum d\u0259yi\u015fm\u0259yib. T\u0259qsirl\u0259ndiril\u0259n \u015f\u0259xs oldu\u011fuma g\u00f6r\u0259 \u015fahid qismind\u0259 dindiril\u0259 bilm\u0259r\u0259m\u201d.<\/em><\/p>\n\n\n\n<p>El\u00e7in Sad\u0131qov \u0259lav\u0259 edib ki, istintaq zaman\u0131 verdiyi ifad\u0259l\u0259ri t\u0259sdiql\u0259yir v\u0259 onlar\u0131n n\u0259z\u0259r\u0259 al\u0131nmas\u0131n\u0131 ist\u0259yir.<\/p>\n\n\n\n<p>O h\u0259m\u00e7inin \u00f6z\u00fcn\u00fc t\u0259qsirli bilm\u0259diyini d\u0259 vur\u011fulay\u0131b.<\/p>\n\n\n\n<p>V\u0259kil R\u0259\u015fad \u018fliyev d\u0259, \u018fv\u0259z Zeynall\u0131 da bildirib ki, onlar El\u00e7in Sad\u0131qovun t\u0259qsirl\u0259ndiril\u0259n \u015f\u0259xs oldu\u011funa g\u00f6r\u0259 \u015fahid kimi dindirilm\u0259sinin yolverilm\u0259z olmas\u0131 fikriyl\u0259 raz\u0131la\u015f\u0131rlar.<\/p>\n\n\n\n<p>Onun istintaqdak\u0131 ifad\u0259sinin d\u0259 \u018fv\u0259z Zeynall\u0131ya qar\u015f\u0131 s\u00fcbutlar siyah\u0131s\u0131ndan \u00e7\u0131xar\u0131lmas\u0131n\u0131 ist\u0259yirl\u0259r. \u018fg\u0259r m\u0259hk\u0259m\u0259 s\u00fcbutlar siyah\u0131s\u0131ndan \u00e7\u0131xarmaq ist\u0259mirs\u0259, o zaman \u00f6z\u00fc g\u0259lib ifad\u0259 versin:<\/p>\n\n\n\n<p><em>\u201cEl\u00e7in Sad\u0131qov eyni cinay\u0259t i\u015fi \u00fczr\u0259 h\u0259m t\u0259qsirl\u0259ndiril\u0259n \u015f\u0259xsdir, h\u0259m d\u0259 \u015fahid kimi dindirilir. \u015eahid yalan ifad\u0259 ver\u0259 bilm\u0259z, \u00e7\u00fcnki and i\u00e7ir. Amma t\u0259qsirl\u0259ndiril\u0259n \u015f\u0259xsin bel\u0259 bir \u00f6hd\u0259liyi yoxdur. H\u00fcquqi nihilizm yaran\u0131r bu i\u015fd\u0259\u201d<\/em>, &#8211; v\u0259kil R\u0259\u015fad \u018fliyev bildirib.<\/p>\n\n\n\n<p>\u018fv\u0259z Zeynall\u0131 da \u0259lav\u0259 edib ki, El\u00e7in Sad\u0131qovun ifad\u0259si s\u00fcbutlar siyah\u0131s\u0131ndan \u00e7\u0131xar\u0131lmasa, onun m\u0259hk\u0259m\u0259d\u0259 dindirilm\u0259sind\u0259 israrl\u0131d\u0131r:<\/p>\n\n\n\n<p><em>\u201c\u018fg\u0259r ifad\u0259sini s\u00fcbutlar siyah\u0131s\u0131ndan \u00e7\u0131xar\u0131rs\u0131n\u0131zsa, g\u0259lm\u0259sin, biz\u0259 laz\u0131m deyil\u201d<\/em>.<\/p>\n\n\n\n<p>Hakiml\u0259r bu m\u0259s\u0259l\u0259ni m\u00fczakir\u0259 ed\u0259r\u0259k El\u00e7in Sad\u0131qov haqq\u0131nda m\u0259cburi g\u0259tirilm\u0259 q\u0259rar\u0131 \u00e7\u0131xar\u0131b.<\/p>\n\n\n\n<p>M\u0259hk\u0259m\u0259 prosesi dekabr\u0131n 8-n\u0259 q\u0259d\u0259r t\u0259xir\u0259 sal\u0131n\u0131b.<\/p>\n\n\n\n<p>El\u00e7in Sad\u0131qov istintaqa ifad\u0259sind\u0259 pulu Mehriban M\u0259mm\u0259dovadan al\u0131b, \u018fv\u0259z Zeynall\u0131ya \u00e7atd\u0131rd\u0131\u011f\u0131n\u0131 deyib.<\/p>\n\n\n\n<p>\u018fv\u0259z Zeynall\u0131 is\u0259 v\u0259kilin yalan dan\u0131\u015fd\u0131\u011f\u0131n\u0131 bildirir.<\/p>\n\n\n\n<p>El\u00e7in&nbsp; Sad\u0131qov 2022-ci ilin sentyabr\u0131nda \u018fv\u0259z Zeynall\u0131 il\u0259 birlikd\u0259 h\u0259bs olunsa da, bir h\u0259ft\u0259 sonra ev dustaql\u0131\u011f\u0131na burax\u0131l\u0131b.<\/p>\n\n\n\n<p>\u201cXural TV\u201d r\u0259hb\u0259ri haqq\u0131nda cinay\u0259t i\u015fi m\u0259hk\u0259m\u0259y\u0259 g\u00f6nd\u0259ril\u0259nd\u0259 El\u00e7in Sad\u0131qovun haqq\u0131ndak\u0131 cinay\u0259t i\u015fi ayr\u0131lm\u0131\u015fd\u0131.<\/p>\n\n\n\n<p>\u0130stintaq\u0131n gedi\u015find\u0259 \u018fv\u0259z Zeynall\u0131ya Rasim M\u0259mm\u0259dovun ail\u0259sind\u0259n r\u00fc\u015fv\u0259t almaqdan \u0259lav\u0259 d\u0259 ittihamlar verilib.<\/p>\n\n\n\n<p>O, m\u00fcxt\u0259lif \u015f\u0259xsl\u0259rin tikinti v\u0259 s. m\u0259s\u0259l\u0259l\u0259rl\u0259 ba\u011fl\u0131 i\u015fl\u0259rini icra hakimiyy\u0259tl\u0259rind\u0259 h\u0259ll etm\u0259k \u00fc\u00e7\u00fcn onlardan r\u00fc\u015fv\u0259t almaqda, v\u0259zif\u0259li \u015f\u0259xsl\u0259rin q\u0259rar\u0131na qanunsuz t\u0259sir g\u00f6st\u0259rm\u0259kd\u0259 ittiham olunur.<\/p>\n\n\n\n<p>Onunla birlikd\u0259 m\u00fchakim\u0259 olunan Elnur \u015e\u00fck\u00fcrova da eyni ittihamlar verilib. Lakin he\u00e7 biri \u00f6z\u00fcn\u00fc t\u0259qsirli bilmir.<\/p>\n\n\n\n<p>\u018fv\u0259z Zeynall\u0131 siyasi sifari\u015fl\u0259, onu susdurmaq \u00fc\u00e7\u00fcn \u015f\u0259rl\u0259nib h\u0259bs olundu\u011funu bildirir. Elnur \u015e\u00fck\u00fcrov is\u0259 \u018fv\u0259z Zeynall\u0131n\u0131n \u0259leyhin\u0259 t\u0259l\u0259b olunan ifad\u0259ni verm\u0259diyin\u0259 g\u00f6r\u0259 h\u0259bs edildiyini deyir.<\/p>\n","protected":false},"excerpt":{"rendered":"<p>\u018fv\u0259z Zeynall\u0131 El\u00e7in Sad\u0131qovun ifad\u0259sinin s\u00fcbutlar siyah\u0131s\u0131ndan \u00e7\u0131xar\u0131lmas\u0131n\u0131 ist\u0259yib Noyabr\u0131n &#8230; <\/p>\n<p class=\"read-more-container\"><a title=\"El\u00e7in Sad\u0131qov haqq\u0131nda m\u0259cburi g\u0259tirilm\u0259 q\u0259rar\u0131 \u00e7\u0131xar\u0131ld\u0131\" class=\"read-more button\" href=\"https:\/\/www.meydan.tv\/az\/article\/elcin-sadiqov-haqqinda-mecburi-getirilme-qerari-cixarildi\/#more-291453\" aria-label=\"Read more about El\u00e7in Sad\u0131qov haqq\u0131nda m\u0259cburi g\u0259tirilm\u0259 q\u0259rar\u0131 \u00e7\u0131xar\u0131ld\u0131\">Davam\u0131<\/a><\/p>\n","protected":false},"author":21,"featured_media":255329,"comment_status":"closed","ping_status":"closed","sticky":false,"template":"","format":"standard","meta":{"_acf_changed":false,"_sitemap_exclude":false,"_sitemap_priority":"","_sitemap_frequency":"","footnotes":""},"categories":[62,79,56],"tags":[],"class_list":["post-291453","post","type-post","status-publish","format-standard","has-post-thumbnail","hentry","category-sosial","category-featured","category-xeberler","infinite-scroll-item","generate-columns","tablet-grid-50","mobile-grid-100","grid-parent","grid-33","no-featured-image-padding"],"acf":[],"yoast_head":"<!-- This site is optimized with the Yoast SEO plugin v27.5 - https:\/\/yoast.com\/product\/yoast-seo-wordpress\/ -->\n<title>El\u00e7in Sad\u0131qov haqq\u0131nda m\u0259cburi g\u0259tirilm\u0259 q\u0259rar\u0131 \u00e7\u0131xar\u0131ld\u0131 - MEYDAN.TV<\/title>\n<meta name=\"robots\" content=\"index, follow, max-snippet:-1, max-image-preview:large, max-video-preview:-1\" \/>\n<link rel=\"canonical\" href=\"https:\/\/www.meydan.tv\/az\/article\/elcin-sadiqov-haqqinda-mecburi-getirilme-qerari-cixarildi\/\" \/>\n<meta property=\"og:locale\" content=\"az_AZ\" \/>\n<meta property=\"og:type\" content=\"article\" \/>\n<meta property=\"og:title\" content=\"El\u00e7in Sad\u0131qov haqq\u0131nda m\u0259cburi g\u0259tirilm\u0259 q\u0259rar\u0131 \u00e7\u0131xar\u0131ld\u0131 - MEYDAN.TV\" \/>\n<meta property=\"og:description\" content=\"\u018fv\u0259z Zeynall\u0131 El\u00e7in Sad\u0131qovun ifad\u0259sinin s\u00fcbutlar siyah\u0131s\u0131ndan \u00e7\u0131xar\u0131lmas\u0131n\u0131 ist\u0259yib Noyabr\u0131n ... Davam\u0131\" \/>\n<meta property=\"og:url\" content=\"https:\/\/www.meydan.tv\/az\/article\/elcin-sadiqov-haqqinda-mecburi-getirilme-qerari-cixarildi\/\" \/>\n<meta property=\"og:site_name\" content=\"MEYDAN.TV\" \/>\n<meta property=\"article:published_time\" content=\"2023-11-24T14:10:56+00:00\" \/>\n<meta property=\"article:modified_time\" content=\"2023-11-24T14:10:59+00:00\" \/>\n<meta property=\"og:image\" content=\"https:\/\/www.meydan.tv\/wp-content\/uploads\/untitled_design__1_-3.png\" \/>\n\t<meta property=\"og:image:width\" content=\"2000\" \/>\n\t<meta property=\"og:image:height\" content=\"1000\" \/>\n\t<meta property=\"og:image:type\" content=\"image\/png\" \/>\n<meta name=\"author\" content=\"mahmud\" \/>\n<meta name=\"twitter:card\" content=\"summary_large_image\" \/>\n<script type=\"application\/ld+json\" class=\"yoast-schema-graph\">{\"@context\":\"https:\\\/\\\/schema.org\",\"@graph\":[{\"@type\":\"Article\",\"@id\":\"https:\\\/\\\/www.meydan.tv\\\/az\\\/article\\\/elcin-sadiqov-haqqinda-mecburi-getirilme-qerari-cixarildi\\\/#article\",\"isPartOf\":{\"@id\":\"https:\\\/\\\/www.meydan.tv\\\/az\\\/article\\\/elcin-sadiqov-haqqinda-mecburi-getirilme-qerari-cixarildi\\\/\"},\"author\":{\"name\":\"mahmud\",\"@id\":\"https:\\\/\\\/www.meydan.tv\\\/az\\\/#\\\/schema\\\/person\\\/09863e516102a829e72bedcf3f84c6b0\"},\"headline\":\"El\u00e7in Sad\u0131qov haqq\u0131nda m\u0259cburi g\u0259tirilm\u0259 q\u0259rar\u0131 \u00e7\u0131xar\u0131ld\u0131\",\"datePublished\":\"2023-11-24T14:10:56+00:00\",\"dateModified\":\"2023-11-24T14:10:59+00:00\",\"mainEntityOfPage\":{\"@id\":\"https:\\\/\\\/www.meydan.tv\\\/az\\\/article\\\/elcin-sadiqov-haqqinda-mecburi-getirilme-qerari-cixarildi\\\/\"},\"wordCount\":1333,\"publisher\":{\"@id\":\"https:\\\/\\\/www.meydan.tv\\\/az\\\/#organization\"},\"image\":{\"@id\":\"https:\\\/\\\/www.meydan.tv\\\/az\\\/article\\\/elcin-sadiqov-haqqinda-mecburi-getirilme-qerari-cixarildi\\\/#primaryimage\"},\"thumbnailUrl\":\"https:\\\/\\\/www.meydan.tv\\\/wp-content\\\/uploads\\\/untitled_design__1_-3.png\",\"articleSection\":[\"Sosial\",\"T\u00f6vsiy\u0259\",\"X\u0259b\u0259rl\u0259r\"],\"inLanguage\":\"az\"},{\"@type\":\"WebPage\",\"@id\":\"https:\\\/\\\/www.meydan.tv\\\/az\\\/article\\\/elcin-sadiqov-haqqinda-mecburi-getirilme-qerari-cixarildi\\\/\",\"url\":\"https:\\\/\\\/www.meydan.tv\\\/az\\\/article\\\/elcin-sadiqov-haqqinda-mecburi-getirilme-qerari-cixarildi\\\/\",\"name\":\"El\u00e7in Sad\u0131qov haqq\u0131nda m\u0259cburi g\u0259tirilm\u0259 q\u0259rar\u0131 \u00e7\u0131xar\u0131ld\u0131 - MEYDAN.TV\",\"isPartOf\":{\"@id\":\"https:\\\/\\\/www.meydan.tv\\\/az\\\/#website\"},\"primaryImageOfPage\":{\"@id\":\"https:\\\/\\\/www.meydan.tv\\\/az\\\/article\\\/elcin-sadiqov-haqqinda-mecburi-getirilme-qerari-cixarildi\\\/#primaryimage\"},\"image\":{\"@id\":\"https:\\\/\\\/www.meydan.tv\\\/az\\\/article\\\/elcin-sadiqov-haqqinda-mecburi-getirilme-qerari-cixarildi\\\/#primaryimage\"},\"thumbnailUrl\":\"https:\\\/\\\/www.meydan.tv\\\/wp-content\\\/uploads\\\/untitled_design__1_-3.png\",\"datePublished\":\"2023-11-24T14:10:56+00:00\",\"dateModified\":\"2023-11-24T14:10:59+00:00\",\"breadcrumb\":{\"@id\":\"https:\\\/\\\/www.meydan.tv\\\/az\\\/article\\\/elcin-sadiqov-haqqinda-mecburi-getirilme-qerari-cixarildi\\\/#breadcrumb\"},\"inLanguage\":\"az\",\"potentialAction\":[{\"@type\":\"ReadAction\",\"target\":[\"https:\\\/\\\/www.meydan.tv\\\/az\\\/article\\\/elcin-sadiqov-haqqinda-mecburi-getirilme-qerari-cixarildi\\\/\"]}]},{\"@type\":\"ImageObject\",\"inLanguage\":\"az\",\"@id\":\"https:\\\/\\\/www.meydan.tv\\\/az\\\/article\\\/elcin-sadiqov-haqqinda-mecburi-getirilme-qerari-cixarildi\\\/#primaryimage\",\"url\":\"https:\\\/\\\/www.meydan.tv\\\/wp-content\\\/uploads\\\/untitled_design__1_-3.png\",\"contentUrl\":\"https:\\\/\\\/www.meydan.tv\\\/wp-content\\\/uploads\\\/untitled_design__1_-3.png\",\"width\":2000,\"height\":1000,\"caption\":\"El\u00e7in Sad\u0131qov v\u0259 \u018fv\u0259z Zeynall\u0131. M\u0259nb\u0259: Meydan TV\"},{\"@type\":\"BreadcrumbList\",\"@id\":\"https:\\\/\\\/www.meydan.tv\\\/az\\\/article\\\/elcin-sadiqov-haqqinda-mecburi-getirilme-qerari-cixarildi\\\/#breadcrumb\",\"itemListElement\":[{\"@type\":\"ListItem\",\"position\":1,\"name\":\"Ana s\u0259hif\u0259\",\"item\":\"https:\\\/\\\/www.meydan.tv\\\/az\\\/\"},{\"@type\":\"ListItem\",\"position\":2,\"name\":\"Sosial\",\"item\":\"https:\\\/\\\/www.meydan.tv\\\/az\\\/section\\\/sosial\\\/\"},{\"@type\":\"ListItem\",\"position\":3,\"name\":\"El\u00e7in Sad\u0131qov haqq\u0131nda m\u0259cburi g\u0259tirilm\u0259 q\u0259rar\u0131 \u00e7\u0131xar\u0131ld\u0131\"}]},{\"@type\":\"WebSite\",\"@id\":\"https:\\\/\\\/www.meydan.tv\\\/az\\\/#website\",\"url\":\"https:\\\/\\\/www.meydan.tv\\\/az\\\/\",\"name\":\"MEYDAN.TV\",\"description\":\"Meydan TV Az\u0259rbaycan\u0131n media m\u0259kan\u0131ndak\u0131 alternativ s\u0259sidir\",\"publisher\":{\"@id\":\"https:\\\/\\\/www.meydan.tv\\\/az\\\/#organization\"},\"potentialAction\":[{\"@type\":\"SearchAction\",\"target\":{\"@type\":\"EntryPoint\",\"urlTemplate\":\"https:\\\/\\\/www.meydan.tv\\\/az\\\/?s={search_term_string}\"},\"query-input\":{\"@type\":\"PropertyValueSpecification\",\"valueRequired\":true,\"valueName\":\"search_term_string\"}}],\"inLanguage\":\"az\"},{\"@type\":\"Organization\",\"@id\":\"https:\\\/\\\/www.meydan.tv\\\/az\\\/#organization\",\"name\":\"Meydan TV\",\"url\":\"https:\\\/\\\/www.meydan.tv\\\/az\\\/\",\"logo\":{\"@type\":\"ImageObject\",\"inLanguage\":\"az\",\"@id\":\"https:\\\/\\\/www.meydan.tv\\\/az\\\/#\\\/schema\\\/logo\\\/image\\\/\",\"url\":\"https:\\\/\\\/www.meydan.tv\\\/wp-content\\\/uploads\\\/2021\\\/07\\\/meydan-logo.svg\",\"contentUrl\":\"https:\\\/\\\/www.meydan.tv\\\/wp-content\\\/uploads\\\/2021\\\/07\\\/meydan-logo.svg\",\"width\":195,\"height\":46,\"caption\":\"Meydan TV\"},\"image\":{\"@id\":\"https:\\\/\\\/www.meydan.tv\\\/az\\\/#\\\/schema\\\/logo\\\/image\\\/\"}},{\"@type\":\"Person\",\"@id\":\"https:\\\/\\\/www.meydan.tv\\\/az\\\/#\\\/schema\\\/person\\\/09863e516102a829e72bedcf3f84c6b0\",\"name\":\"mahmud\"}]}<\/script>\n<!-- \/ Yoast SEO plugin. -->","yoast_head_json":{"title":"El\u00e7in Sad\u0131qov haqq\u0131nda m\u0259cburi g\u0259tirilm\u0259 q\u0259rar\u0131 \u00e7\u0131xar\u0131ld\u0131 - MEYDAN.TV","robots":{"index":"index","follow":"follow","max-snippet":"max-snippet:-1","max-image-preview":"max-image-preview:large","max-video-preview":"max-video-preview:-1"},"canonical":"https:\/\/www.meydan.tv\/az\/article\/elcin-sadiqov-haqqinda-mecburi-getirilme-qerari-cixarildi\/","og_locale":"az_AZ","og_type":"article","og_title":"El\u00e7in Sad\u0131qov haqq\u0131nda m\u0259cburi g\u0259tirilm\u0259 q\u0259rar\u0131 \u00e7\u0131xar\u0131ld\u0131 - MEYDAN.TV","og_description":"\u018fv\u0259z Zeynall\u0131 El\u00e7in Sad\u0131qovun ifad\u0259sinin s\u00fcbutlar siyah\u0131s\u0131ndan \u00e7\u0131xar\u0131lmas\u0131n\u0131 ist\u0259yib Noyabr\u0131n ... Davam\u0131","og_url":"https:\/\/www.meydan.tv\/az\/article\/elcin-sadiqov-haqqinda-mecburi-getirilme-qerari-cixarildi\/","og_site_name":"MEYDAN.TV","article_published_time":"2023-11-24T14:10:56+00:00","article_modified_time":"2023-11-24T14:10:59+00:00","og_image":[{"width":2000,"height":1000,"url":"https:\/\/www.meydan.tv\/wp-content\/uploads\/untitled_design__1_-3.png","type":"image\/png"}],"author":"mahmud","twitter_card":"summary_large_image","schema":{"@context":"https:\/\/schema.org","@graph":[{"@type":"Article","@id":"https:\/\/www.meydan.tv\/az\/article\/elcin-sadiqov-haqqinda-mecburi-getirilme-qerari-cixarildi\/#article","isPartOf":{"@id":"https:\/\/www.meydan.tv\/az\/article\/elcin-sadiqov-haqqinda-mecburi-getirilme-qerari-cixarildi\/"},"author":{"name":"mahmud","@id":"https:\/\/www.meydan.tv\/az\/#\/schema\/person\/09863e516102a829e72bedcf3f84c6b0"},"headline":"El\u00e7in Sad\u0131qov haqq\u0131nda m\u0259cburi g\u0259tirilm\u0259 q\u0259rar\u0131 \u00e7\u0131xar\u0131ld\u0131","datePublished":"2023-11-24T14:10:56+00:00","dateModified":"2023-11-24T14:10:59+00:00","mainEntityOfPage":{"@id":"https:\/\/www.meydan.tv\/az\/article\/elcin-sadiqov-haqqinda-mecburi-getirilme-qerari-cixarildi\/"},"wordCount":1333,"publisher":{"@id":"https:\/\/www.meydan.tv\/az\/#organization"},"image":{"@id":"https:\/\/www.meydan.tv\/az\/article\/elcin-sadiqov-haqqinda-mecburi-getirilme-qerari-cixarildi\/#primaryimage"},"thumbnailUrl":"https:\/\/www.meydan.tv\/wp-content\/uploads\/untitled_design__1_-3.png","articleSection":["Sosial","T\u00f6vsiy\u0259","X\u0259b\u0259rl\u0259r"],"inLanguage":"az"},{"@type":"WebPage","@id":"https:\/\/www.meydan.tv\/az\/article\/elcin-sadiqov-haqqinda-mecburi-getirilme-qerari-cixarildi\/","url":"https:\/\/www.meydan.tv\/az\/article\/elcin-sadiqov-haqqinda-mecburi-getirilme-qerari-cixarildi\/","name":"El\u00e7in Sad\u0131qov haqq\u0131nda m\u0259cburi g\u0259tirilm\u0259 q\u0259rar\u0131 \u00e7\u0131xar\u0131ld\u0131 - MEYDAN.TV","isPartOf":{"@id":"https:\/\/www.meydan.tv\/az\/#website"},"primaryImageOfPage":{"@id":"https:\/\/www.meydan.tv\/az\/article\/elcin-sadiqov-haqqinda-mecburi-getirilme-qerari-cixarildi\/#primaryimage"},"image":{"@id":"https:\/\/www.meydan.tv\/az\/article\/elcin-sadiqov-haqqinda-mecburi-getirilme-qerari-cixarildi\/#primaryimage"},"thumbnailUrl":"https:\/\/www.meydan.tv\/wp-content\/uploads\/untitled_design__1_-3.png","datePublished":"2023-11-24T14:10:56+00:00","dateModified":"2023-11-24T14:10:59+00:00","breadcrumb":{"@id":"https:\/\/www.meydan.tv\/az\/article\/elcin-sadiqov-haqqinda-mecburi-getirilme-qerari-cixarildi\/#breadcrumb"},"inLanguage":"az","potentialAction":[{"@type":"ReadAction","target":["https:\/\/www.meydan.tv\/az\/article\/elcin-sadiqov-haqqinda-mecburi-getirilme-qerari-cixarildi\/"]}]},{"@type":"ImageObject","inLanguage":"az","@id":"https:\/\/www.meydan.tv\/az\/article\/elcin-sadiqov-haqqinda-mecburi-getirilme-qerari-cixarildi\/#primaryimage","url":"https:\/\/www.meydan.tv\/wp-content\/uploads\/untitled_design__1_-3.png","contentUrl":"https:\/\/www.meydan.tv\/wp-content\/uploads\/untitled_design__1_-3.png","width":2000,"height":1000,"caption":"El\u00e7in Sad\u0131qov v\u0259 \u018fv\u0259z Zeynall\u0131. M\u0259nb\u0259: Meydan TV"},{"@type":"BreadcrumbList","@id":"https:\/\/www.meydan.tv\/az\/article\/elcin-sadiqov-haqqinda-mecburi-getirilme-qerari-cixarildi\/#breadcrumb","itemListElement":[{"@type":"ListItem","position":1,"name":"Ana s\u0259hif\u0259","item":"https:\/\/www.meydan.tv\/az\/"},{"@type":"ListItem","position":2,"name":"Sosial","item":"https:\/\/www.meydan.tv\/az\/section\/sosial\/"},{"@type":"ListItem","position":3,"name":"El\u00e7in Sad\u0131qov haqq\u0131nda m\u0259cburi g\u0259tirilm\u0259 q\u0259rar\u0131 \u00e7\u0131xar\u0131ld\u0131"}]},{"@type":"WebSite","@id":"https:\/\/www.meydan.tv\/az\/#website","url":"https:\/\/www.meydan.tv\/az\/","name":"MEYDAN.TV","description":"Meydan TV Az\u0259rbaycan\u0131n media m\u0259kan\u0131ndak\u0131 alternativ s\u0259sidir","publisher":{"@id":"https:\/\/www.meydan.tv\/az\/#organization"},"potentialAction":[{"@type":"SearchAction","target":{"@type":"EntryPoint","urlTemplate":"https:\/\/www.meydan.tv\/az\/?s={search_term_string}"},"query-input":{"@type":"PropertyValueSpecification","valueRequired":true,"valueName":"search_term_string"}}],"inLanguage":"az"},{"@type":"Organization","@id":"https:\/\/www.meydan.tv\/az\/#organization","name":"Meydan TV","url":"https:\/\/www.meydan.tv\/az\/","logo":{"@type":"ImageObject","inLanguage":"az","@id":"https:\/\/www.meydan.tv\/az\/#\/schema\/logo\/image\/","url":"https:\/\/www.meydan.tv\/wp-content\/uploads\/2021\/07\/meydan-logo.svg","contentUrl":"https:\/\/www.meydan.tv\/wp-content\/uploads\/2021\/07\/meydan-logo.svg","width":195,"height":46,"caption":"Meydan TV"},"image":{"@id":"https:\/\/www.meydan.tv\/az\/#\/schema\/logo\/image\/"}},{"@type":"Person","@id":"https:\/\/www.meydan.tv\/az\/#\/schema\/person\/09863e516102a829e72bedcf3f84c6b0","name":"mahmud"}]}},"_links":{"self":[{"href":"https:\/\/www.meydan.tv\/az\/wp-json\/wp\/v2\/posts\/291453","targetHints":{"allow":["GET"]}}],"collection":[{"href":"https:\/\/www.meydan.tv\/az\/wp-json\/wp\/v2\/posts"}],"about":[{"href":"https:\/\/www.meydan.tv\/az\/wp-json\/wp\/v2\/types\/post"}],"author":[{"embeddable":true,"href":"https:\/\/www.meydan.tv\/az\/wp-json\/wp\/v2\/users\/21"}],"replies":[{"embeddable":true,"href":"https:\/\/www.meydan.tv\/az\/wp-json\/wp\/v2\/comments?post=291453"}],"version-history":[{"count":1,"href":"https:\/\/www.meydan.tv\/az\/wp-json\/wp\/v2\/posts\/291453\/revisions"}],"predecessor-version":[{"id":291457,"href":"https:\/\/www.meydan.tv\/az\/wp-json\/wp\/v2\/posts\/291453\/revisions\/291457"}],"wp:featuredmedia":[{"embeddable":true,"href":"https:\/\/www.meydan.tv\/az\/wp-json\/wp\/v2\/media\/255329"}],"wp:attachment":[{"href":"https:\/\/www.meydan.tv\/az\/wp-json\/wp\/v2\/media?parent=291453"}],"wp:term":[{"taxonomy":"category","embeddable":true,"href":"https:\/\/www.meydan.tv\/az\/wp-json\/wp\/v2\/categories?post=291453"},{"taxonomy":"post_tag","embeddable":true,"href":"https:\/\/www.meydan.tv\/az\/wp-json\/wp\/v2\/tags?post=291453"}],"curies":[{"name":"wp","href":"https:\/\/api.w.org\/{rel}","templated":true}]}}