{"id":291451,"date":"2023-11-24T18:52:16","date_gmt":"2023-11-24T14:52:16","guid":{"rendered":"https:\/\/www.meydan.tv\/?p=291451"},"modified":"2023-11-24T18:52:18","modified_gmt":"2023-11-24T14:52:18","slug":"qarabag-elili-kucelerden-zibil-yigaraq-ailesini-dolandirir","status":"publish","type":"post","link":"https:\/\/www.meydan.tv\/az\/article\/qarabag-elili-kucelerden-zibil-yigaraq-ailesini-dolandirir\/","title":{"rendered":"Qaraba\u011f \u0259lili k\u00fc\u00e7\u0259l\u0259rd\u0259n zibil y\u0131\u011faraq ail\u0259sini doland\u0131r\u0131r"},"content":{"rendered":"\n<figure class=\"wp-block-embed is-type-video is-provider-youtube wp-block-embed-youtube wp-embed-aspect-16-9 wp-has-aspect-ratio\"><div class=\"wp-block-embed__wrapper\">\n<iframe title=\"Qaraba\u011f \u0259lili k\u00fc\u00e7\u0259l\u0259rd\u0259n zibil y\u0131\u011faraq ail\u0259sini doland\u0131r\u0131r\" width=\"1200\" height=\"675\" data-src=\"https:\/\/www.youtube.com\/embed\/POOKcs4ebqs?feature=oembed\" frameborder=\"0\" allow=\"accelerometer; autoplay; clipboard-write; encrypted-media; gyroscope; picture-in-picture; web-share\" allowfullscreen src=\"data:image\/svg+xml;base64,PHN2ZyB3aWR0aD0iMSIgaGVpZ2h0PSIxIiB4bWxucz0iaHR0cDovL3d3dy53My5vcmcvMjAwMC9zdmciPjwvc3ZnPg==\" class=\"lazyload\" data-load-mode=\"1\"><\/iframe>\n<\/div><figcaption class=\"wp-element-caption\"><br>Oruc Abbasov Ke\u015fl\u0259 q\u0259s\u0259b\u0259sind\u0259 ail\u0259si il\u0259 birg\u0259 ki\u00e7ik, q\u0259zal\u0131 v\u0259ziyy\u0259td\u0259 olan evd\u0259 ya\u015fay\u0131r. Ke\u015fl\u0259 stansiyas\u0131 tikil\u0259rk\u0259n evi q\u0259zal\u0131 v\u0259ziyy\u0259t\u0259 d\u00fc\u015fd\u00fcy\u00fcn\u00fc dey\u0259n Oruc, bilmir evinin d\u0259rdini \u00e7\u0259ksin, ya ail\u0259sinin ehtiyaclar\u0131n\u0131n? O da m\u0259cburiyy\u0259td\u0259n h\u0259r g\u00fcn s\u0259h\u0259r tezd\u0259n t\u0259mizlik\u00e7i jiletini \u0259ynin\u0259 ke\u00e7irib aliminium, plastik qab axtar\u0131\u015f\u0131na \u00e7\u0131x\u0131r. Ald\u0131\u011f\u0131 veteran pulu is\u0259 ail\u0259sinin ehtiyaclar\u0131n\u0131 \u00f6d\u0259m\u0259diyi \u00fc\u00e7\u00fcn o bu i\u015fi g\u00f6rm\u0259y\u0259 m\u0259cbur qal\u0131r. H\u0259yat yolda\u015f\u0131 is\u0259 x\u0259st\u0259 oldu\u011fundan evin b\u00fct\u00fcn y\u00fck\u00fc Orucun \u00e7iyinl\u0259rin\u0259 d\u00fc\u015f\u00fcr.<br><br>Sona Abbasova da dolanmaqda \u00e7\u0259tinlik \u00e7\u0259kdikl\u0259rini deyir. El\u0259 onun \u00fc\u00e7\u00fcn d\u0259 h\u0259yat yolda\u015f\u0131n\u0131n aliminium qab, plastik qab y\u0131\u011faraq ail\u0259y\u0259 d\u0259st\u0259k oldu\u011funu bildirir.<br><br>Ke\u015fl\u0259 stansiyas\u0131 tikil\u0259rk\u0259n evl\u0259rinin z\u0259r\u0259r g\u00f6rd\u00fcy\u00fcn\u00fc bildir\u0259n ail\u0259 deyir ki, F\u00f6vq\u0259lad\u0259 Hallar Nazirliyi bax\u0131\u015f ke\u00e7irib v\u0259 evin q\u0259zal\u0131 \u015f\u0259raitd\u0259 oldu\u011funu t\u0259sdiql\u0259yib, amma \u00fcst\u00fcnd\u0259n ill\u0259r ke\u00e7m\u0259sin\u0259 baxmayaraq evl\u0259ri t\u0259mir olunmay\u0131b. Deyirl\u0259r, m\u00fcxt\u0259lif orqanlara \u015fikay\u0259t ets\u0259l\u0259r d\u0259, d\u00f6vl\u0259t qurumlar\u0131 t\u0259miri \u00f6z \u00f6hd\u0259sind\u0259n at\u0131b.<br><br>Oruc Abbasov k\u00fc\u00e7\u0259l\u0259rd\u0259n aliminium, plastik y\u0131\u011fark\u0259n polisl\u0259rin ona mane olmas\u0131ndan da narahatd\u0131r. \u018frazi \u00fczr\u0259 sah\u0259 m\u00fcv\u0259kkilinin evl\u0259rinin \u00f6n\u00fcn\u0259 y\u0131\u011fd\u0131\u011f\u0131 qutulara g\u00f6r\u0259 onu d\u0259f\u0259l\u0259rl\u0259 c\u0259rim\u0259l\u0259m\u0259k ist\u0259diyini bildirir.<br><br>D\u00f6vl\u0259t Statistika Komit\u0259si \u00f6lk\u0259d\u0259 yoxsulluq s\u0259viyy\u0259sini a\u00e7\u0131qlay\u0131b. R\u0259smi m\u0259lumata g\u00f6r\u0259 Az\u0259rbaycanda \u0259halinin 5.5%-i, y\u0259ni t\u0259xmin\u0259n 557 min n\u0259f\u0259r yoxsul var. Ekspertl\u0259r is\u0259 bu r\u0259q\u0259min qat-qat daha \u00e7ox oldu\u011funu bildirirl\u0259r.<\/figcaption><\/figure>\n","protected":false},"excerpt":{"rendered":"","protected":false},"author":12,"featured_media":291454,"comment_status":"closed","ping_status":"closed","sticky":false,"template":"","format":"standard","meta":{"_acf_changed":false,"_sitemap_exclude":false,"_sitemap_priority":"","_sitemap_frequency":"","footnotes":""},"categories":[62,63],"tags":[],"class_list":["post-291451","post","type-post","status-publish","format-standard","has-post-thumbnail","hentry","category-sosial","category-video-2","infinite-scroll-item","generate-columns","tablet-grid-50","mobile-grid-100","grid-parent","grid-33","no-featured-image-padding"],"acf":[],"yoast_head":"<!-- This site is optimized with the Yoast SEO plugin v27.4 - https:\/\/yoast.com\/product\/yoast-seo-wordpress\/ -->\n<title>Qaraba\u011f \u0259lili k\u00fc\u00e7\u0259l\u0259rd\u0259n zibil y\u0131\u011faraq ail\u0259sini doland\u0131r\u0131r - MEYDAN.TV<\/title>\n<meta name=\"robots\" content=\"index, follow, max-snippet:-1, max-image-preview:large, max-video-preview:-1\" \/>\n<link rel=\"canonical\" href=\"https:\/\/www.meydan.tv\/az\/article\/qarabag-elili-kucelerden-zibil-yigaraq-ailesini-dolandirir\/\" \/>\n<meta property=\"og:locale\" content=\"az_AZ\" \/>\n<meta property=\"og:type\" content=\"article\" \/>\n<meta property=\"og:title\" content=\"Qaraba\u011f \u0259lili k\u00fc\u00e7\u0259l\u0259rd\u0259n zibil y\u0131\u011faraq ail\u0259sini doland\u0131r\u0131r - MEYDAN.TV\" \/>\n<meta property=\"og:url\" content=\"https:\/\/www.meydan.tv\/az\/article\/qarabag-elili-kucelerden-zibil-yigaraq-ailesini-dolandirir\/\" \/>\n<meta property=\"og:site_name\" content=\"MEYDAN.TV\" \/>\n<meta property=\"article:published_time\" content=\"2023-11-24T14:52:16+00:00\" \/>\n<meta property=\"article:modified_time\" content=\"2023-11-24T14:52:18+00:00\" \/>\n<meta property=\"og:image\" content=\"https:\/\/www.meydan.tv\/wp-content\/uploads\/reportaj-cover-2-15.png\" \/>\n\t<meta property=\"og:image:width\" content=\"1280\" \/>\n\t<meta property=\"og:image:height\" content=\"720\" \/>\n\t<meta property=\"og:image:type\" content=\"image\/png\" \/>\n<meta name=\"author\" content=\"aleks\" \/>\n<meta name=\"twitter:card\" content=\"summary_large_image\" \/>\n<script type=\"application\/ld+json\" class=\"yoast-schema-graph\">{\"@context\":\"https:\\\/\\\/schema.org\",\"@graph\":[{\"@type\":\"Article\",\"@id\":\"https:\\\/\\\/www.meydan.tv\\\/az\\\/article\\\/qarabag-elili-kucelerden-zibil-yigaraq-ailesini-dolandirir\\\/#article\",\"isPartOf\":{\"@id\":\"https:\\\/\\\/www.meydan.tv\\\/az\\\/article\\\/qarabag-elili-kucelerden-zibil-yigaraq-ailesini-dolandirir\\\/\"},\"author\":{\"name\":\"aleks\",\"@id\":\"https:\\\/\\\/www.meydan.tv\\\/az\\\/#\\\/schema\\\/person\\\/476e9360e593fa131d5d71d51866f8da\"},\"headline\":\"Qaraba\u011f \u0259lili k\u00fc\u00e7\u0259l\u0259rd\u0259n zibil y\u0131\u011faraq ail\u0259sini doland\u0131r\u0131r\",\"datePublished\":\"2023-11-24T14:52:16+00:00\",\"dateModified\":\"2023-11-24T14:52:18+00:00\",\"mainEntityOfPage\":{\"@id\":\"https:\\\/\\\/www.meydan.tv\\\/az\\\/article\\\/qarabag-elili-kucelerden-zibil-yigaraq-ailesini-dolandirir\\\/\"},\"wordCount\":351,\"publisher\":{\"@id\":\"https:\\\/\\\/www.meydan.tv\\\/az\\\/#organization\"},\"image\":{\"@id\":\"https:\\\/\\\/www.meydan.tv\\\/az\\\/article\\\/qarabag-elili-kucelerden-zibil-yigaraq-ailesini-dolandirir\\\/#primaryimage\"},\"thumbnailUrl\":\"https:\\\/\\\/www.meydan.tv\\\/wp-content\\\/uploads\\\/reportaj-cover-2-15.png\",\"articleSection\":[\"Sosial\",\"Video\"],\"inLanguage\":\"az\"},{\"@type\":\"WebPage\",\"@id\":\"https:\\\/\\\/www.meydan.tv\\\/az\\\/article\\\/qarabag-elili-kucelerden-zibil-yigaraq-ailesini-dolandirir\\\/\",\"url\":\"https:\\\/\\\/www.meydan.tv\\\/az\\\/article\\\/qarabag-elili-kucelerden-zibil-yigaraq-ailesini-dolandirir\\\/\",\"name\":\"Qaraba\u011f \u0259lili k\u00fc\u00e7\u0259l\u0259rd\u0259n zibil y\u0131\u011faraq ail\u0259sini doland\u0131r\u0131r - MEYDAN.TV\",\"isPartOf\":{\"@id\":\"https:\\\/\\\/www.meydan.tv\\\/az\\\/#website\"},\"primaryImageOfPage\":{\"@id\":\"https:\\\/\\\/www.meydan.tv\\\/az\\\/article\\\/qarabag-elili-kucelerden-zibil-yigaraq-ailesini-dolandirir\\\/#primaryimage\"},\"image\":{\"@id\":\"https:\\\/\\\/www.meydan.tv\\\/az\\\/article\\\/qarabag-elili-kucelerden-zibil-yigaraq-ailesini-dolandirir\\\/#primaryimage\"},\"thumbnailUrl\":\"https:\\\/\\\/www.meydan.tv\\\/wp-content\\\/uploads\\\/reportaj-cover-2-15.png\",\"datePublished\":\"2023-11-24T14:52:16+00:00\",\"dateModified\":\"2023-11-24T14:52:18+00:00\",\"breadcrumb\":{\"@id\":\"https:\\\/\\\/www.meydan.tv\\\/az\\\/article\\\/qarabag-elili-kucelerden-zibil-yigaraq-ailesini-dolandirir\\\/#breadcrumb\"},\"inLanguage\":\"az\",\"potentialAction\":[{\"@type\":\"ReadAction\",\"target\":[\"https:\\\/\\\/www.meydan.tv\\\/az\\\/article\\\/qarabag-elili-kucelerden-zibil-yigaraq-ailesini-dolandirir\\\/\"]}]},{\"@type\":\"ImageObject\",\"inLanguage\":\"az\",\"@id\":\"https:\\\/\\\/www.meydan.tv\\\/az\\\/article\\\/qarabag-elili-kucelerden-zibil-yigaraq-ailesini-dolandirir\\\/#primaryimage\",\"url\":\"https:\\\/\\\/www.meydan.tv\\\/wp-content\\\/uploads\\\/reportaj-cover-2-15.png\",\"contentUrl\":\"https:\\\/\\\/www.meydan.tv\\\/wp-content\\\/uploads\\\/reportaj-cover-2-15.png\",\"width\":1280,\"height\":720},{\"@type\":\"BreadcrumbList\",\"@id\":\"https:\\\/\\\/www.meydan.tv\\\/az\\\/article\\\/qarabag-elili-kucelerden-zibil-yigaraq-ailesini-dolandirir\\\/#breadcrumb\",\"itemListElement\":[{\"@type\":\"ListItem\",\"position\":1,\"name\":\"Ana s\u0259hif\u0259\",\"item\":\"https:\\\/\\\/www.meydan.tv\\\/az\\\/\"},{\"@type\":\"ListItem\",\"position\":2,\"name\":\"Video\",\"item\":\"https:\\\/\\\/www.meydan.tv\\\/az\\\/section\\\/video-2\\\/\"},{\"@type\":\"ListItem\",\"position\":3,\"name\":\"Qaraba\u011f \u0259lili k\u00fc\u00e7\u0259l\u0259rd\u0259n zibil y\u0131\u011faraq ail\u0259sini doland\u0131r\u0131r\"}]},{\"@type\":\"WebSite\",\"@id\":\"https:\\\/\\\/www.meydan.tv\\\/az\\\/#website\",\"url\":\"https:\\\/\\\/www.meydan.tv\\\/az\\\/\",\"name\":\"MEYDAN.TV\",\"description\":\"Meydan TV Az\u0259rbaycan\u0131n media m\u0259kan\u0131ndak\u0131 alternativ s\u0259sidir\",\"publisher\":{\"@id\":\"https:\\\/\\\/www.meydan.tv\\\/az\\\/#organization\"},\"potentialAction\":[{\"@type\":\"SearchAction\",\"target\":{\"@type\":\"EntryPoint\",\"urlTemplate\":\"https:\\\/\\\/www.meydan.tv\\\/az\\\/?s={search_term_string}\"},\"query-input\":{\"@type\":\"PropertyValueSpecification\",\"valueRequired\":true,\"valueName\":\"search_term_string\"}}],\"inLanguage\":\"az\"},{\"@type\":\"Organization\",\"@id\":\"https:\\\/\\\/www.meydan.tv\\\/az\\\/#organization\",\"name\":\"Meydan TV\",\"url\":\"https:\\\/\\\/www.meydan.tv\\\/az\\\/\",\"logo\":{\"@type\":\"ImageObject\",\"inLanguage\":\"az\",\"@id\":\"https:\\\/\\\/www.meydan.tv\\\/az\\\/#\\\/schema\\\/logo\\\/image\\\/\",\"url\":\"https:\\\/\\\/www.meydan.tv\\\/wp-content\\\/uploads\\\/2021\\\/07\\\/meydan-logo.svg\",\"contentUrl\":\"https:\\\/\\\/www.meydan.tv\\\/wp-content\\\/uploads\\\/2021\\\/07\\\/meydan-logo.svg\",\"width\":195,\"height\":46,\"caption\":\"Meydan TV\"},\"image\":{\"@id\":\"https:\\\/\\\/www.meydan.tv\\\/az\\\/#\\\/schema\\\/logo\\\/image\\\/\"}},{\"@type\":\"Person\",\"@id\":\"https:\\\/\\\/www.meydan.tv\\\/az\\\/#\\\/schema\\\/person\\\/476e9360e593fa131d5d71d51866f8da\",\"name\":\"aleks\"}]}<\/script>\n<!-- \/ Yoast SEO plugin. -->","yoast_head_json":{"title":"Qaraba\u011f \u0259lili k\u00fc\u00e7\u0259l\u0259rd\u0259n zibil y\u0131\u011faraq ail\u0259sini doland\u0131r\u0131r - MEYDAN.TV","robots":{"index":"index","follow":"follow","max-snippet":"max-snippet:-1","max-image-preview":"max-image-preview:large","max-video-preview":"max-video-preview:-1"},"canonical":"https:\/\/www.meydan.tv\/az\/article\/qarabag-elili-kucelerden-zibil-yigaraq-ailesini-dolandirir\/","og_locale":"az_AZ","og_type":"article","og_title":"Qaraba\u011f \u0259lili k\u00fc\u00e7\u0259l\u0259rd\u0259n zibil y\u0131\u011faraq ail\u0259sini doland\u0131r\u0131r - MEYDAN.TV","og_url":"https:\/\/www.meydan.tv\/az\/article\/qarabag-elili-kucelerden-zibil-yigaraq-ailesini-dolandirir\/","og_site_name":"MEYDAN.TV","article_published_time":"2023-11-24T14:52:16+00:00","article_modified_time":"2023-11-24T14:52:18+00:00","og_image":[{"width":1280,"height":720,"url":"https:\/\/www.meydan.tv\/wp-content\/uploads\/reportaj-cover-2-15.png","type":"image\/png"}],"author":"aleks","twitter_card":"summary_large_image","schema":{"@context":"https:\/\/schema.org","@graph":[{"@type":"Article","@id":"https:\/\/www.meydan.tv\/az\/article\/qarabag-elili-kucelerden-zibil-yigaraq-ailesini-dolandirir\/#article","isPartOf":{"@id":"https:\/\/www.meydan.tv\/az\/article\/qarabag-elili-kucelerden-zibil-yigaraq-ailesini-dolandirir\/"},"author":{"name":"aleks","@id":"https:\/\/www.meydan.tv\/az\/#\/schema\/person\/476e9360e593fa131d5d71d51866f8da"},"headline":"Qaraba\u011f \u0259lili k\u00fc\u00e7\u0259l\u0259rd\u0259n zibil y\u0131\u011faraq ail\u0259sini doland\u0131r\u0131r","datePublished":"2023-11-24T14:52:16+00:00","dateModified":"2023-11-24T14:52:18+00:00","mainEntityOfPage":{"@id":"https:\/\/www.meydan.tv\/az\/article\/qarabag-elili-kucelerden-zibil-yigaraq-ailesini-dolandirir\/"},"wordCount":351,"publisher":{"@id":"https:\/\/www.meydan.tv\/az\/#organization"},"image":{"@id":"https:\/\/www.meydan.tv\/az\/article\/qarabag-elili-kucelerden-zibil-yigaraq-ailesini-dolandirir\/#primaryimage"},"thumbnailUrl":"https:\/\/www.meydan.tv\/wp-content\/uploads\/reportaj-cover-2-15.png","articleSection":["Sosial","Video"],"inLanguage":"az"},{"@type":"WebPage","@id":"https:\/\/www.meydan.tv\/az\/article\/qarabag-elili-kucelerden-zibil-yigaraq-ailesini-dolandirir\/","url":"https:\/\/www.meydan.tv\/az\/article\/qarabag-elili-kucelerden-zibil-yigaraq-ailesini-dolandirir\/","name":"Qaraba\u011f \u0259lili k\u00fc\u00e7\u0259l\u0259rd\u0259n zibil y\u0131\u011faraq ail\u0259sini doland\u0131r\u0131r - MEYDAN.TV","isPartOf":{"@id":"https:\/\/www.meydan.tv\/az\/#website"},"primaryImageOfPage":{"@id":"https:\/\/www.meydan.tv\/az\/article\/qarabag-elili-kucelerden-zibil-yigaraq-ailesini-dolandirir\/#primaryimage"},"image":{"@id":"https:\/\/www.meydan.tv\/az\/article\/qarabag-elili-kucelerden-zibil-yigaraq-ailesini-dolandirir\/#primaryimage"},"thumbnailUrl":"https:\/\/www.meydan.tv\/wp-content\/uploads\/reportaj-cover-2-15.png","datePublished":"2023-11-24T14:52:16+00:00","dateModified":"2023-11-24T14:52:18+00:00","breadcrumb":{"@id":"https:\/\/www.meydan.tv\/az\/article\/qarabag-elili-kucelerden-zibil-yigaraq-ailesini-dolandirir\/#breadcrumb"},"inLanguage":"az","potentialAction":[{"@type":"ReadAction","target":["https:\/\/www.meydan.tv\/az\/article\/qarabag-elili-kucelerden-zibil-yigaraq-ailesini-dolandirir\/"]}]},{"@type":"ImageObject","inLanguage":"az","@id":"https:\/\/www.meydan.tv\/az\/article\/qarabag-elili-kucelerden-zibil-yigaraq-ailesini-dolandirir\/#primaryimage","url":"https:\/\/www.meydan.tv\/wp-content\/uploads\/reportaj-cover-2-15.png","contentUrl":"https:\/\/www.meydan.tv\/wp-content\/uploads\/reportaj-cover-2-15.png","width":1280,"height":720},{"@type":"BreadcrumbList","@id":"https:\/\/www.meydan.tv\/az\/article\/qarabag-elili-kucelerden-zibil-yigaraq-ailesini-dolandirir\/#breadcrumb","itemListElement":[{"@type":"ListItem","position":1,"name":"Ana s\u0259hif\u0259","item":"https:\/\/www.meydan.tv\/az\/"},{"@type":"ListItem","position":2,"name":"Video","item":"https:\/\/www.meydan.tv\/az\/section\/video-2\/"},{"@type":"ListItem","position":3,"name":"Qaraba\u011f \u0259lili k\u00fc\u00e7\u0259l\u0259rd\u0259n zibil y\u0131\u011faraq ail\u0259sini doland\u0131r\u0131r"}]},{"@type":"WebSite","@id":"https:\/\/www.meydan.tv\/az\/#website","url":"https:\/\/www.meydan.tv\/az\/","name":"MEYDAN.TV","description":"Meydan TV Az\u0259rbaycan\u0131n media m\u0259kan\u0131ndak\u0131 alternativ s\u0259sidir","publisher":{"@id":"https:\/\/www.meydan.tv\/az\/#organization"},"potentialAction":[{"@type":"SearchAction","target":{"@type":"EntryPoint","urlTemplate":"https:\/\/www.meydan.tv\/az\/?s={search_term_string}"},"query-input":{"@type":"PropertyValueSpecification","valueRequired":true,"valueName":"search_term_string"}}],"inLanguage":"az"},{"@type":"Organization","@id":"https:\/\/www.meydan.tv\/az\/#organization","name":"Meydan TV","url":"https:\/\/www.meydan.tv\/az\/","logo":{"@type":"ImageObject","inLanguage":"az","@id":"https:\/\/www.meydan.tv\/az\/#\/schema\/logo\/image\/","url":"https:\/\/www.meydan.tv\/wp-content\/uploads\/2021\/07\/meydan-logo.svg","contentUrl":"https:\/\/www.meydan.tv\/wp-content\/uploads\/2021\/07\/meydan-logo.svg","width":195,"height":46,"caption":"Meydan TV"},"image":{"@id":"https:\/\/www.meydan.tv\/az\/#\/schema\/logo\/image\/"}},{"@type":"Person","@id":"https:\/\/www.meydan.tv\/az\/#\/schema\/person\/476e9360e593fa131d5d71d51866f8da","name":"aleks"}]}},"_links":{"self":[{"href":"https:\/\/www.meydan.tv\/az\/wp-json\/wp\/v2\/posts\/291451","targetHints":{"allow":["GET"]}}],"collection":[{"href":"https:\/\/www.meydan.tv\/az\/wp-json\/wp\/v2\/posts"}],"about":[{"href":"https:\/\/www.meydan.tv\/az\/wp-json\/wp\/v2\/types\/post"}],"author":[{"embeddable":true,"href":"https:\/\/www.meydan.tv\/az\/wp-json\/wp\/v2\/users\/12"}],"replies":[{"embeddable":true,"href":"https:\/\/www.meydan.tv\/az\/wp-json\/wp\/v2\/comments?post=291451"}],"version-history":[{"count":3,"href":"https:\/\/www.meydan.tv\/az\/wp-json\/wp\/v2\/posts\/291451\/revisions"}],"predecessor-version":[{"id":291462,"href":"https:\/\/www.meydan.tv\/az\/wp-json\/wp\/v2\/posts\/291451\/revisions\/291462"}],"wp:featuredmedia":[{"embeddable":true,"href":"https:\/\/www.meydan.tv\/az\/wp-json\/wp\/v2\/media\/291454"}],"wp:attachment":[{"href":"https:\/\/www.meydan.tv\/az\/wp-json\/wp\/v2\/media?parent=291451"}],"wp:term":[{"taxonomy":"category","embeddable":true,"href":"https:\/\/www.meydan.tv\/az\/wp-json\/wp\/v2\/categories?post=291451"},{"taxonomy":"post_tag","embeddable":true,"href":"https:\/\/www.meydan.tv\/az\/wp-json\/wp\/v2\/tags?post=291451"}],"curies":[{"name":"wp","href":"https:\/\/api.w.org\/{rel}","templated":true}]}}