{"id":291440,"date":"2023-11-24T17:15:24","date_gmt":"2023-11-24T13:15:24","guid":{"rendered":"https:\/\/www.meydan.tv\/?p=291440"},"modified":"2023-11-24T17:15:26","modified_gmt":"2023-11-24T13:15:26","slug":"abzasmedia-etrafinda-ne-bas-verir","status":"publish","type":"post","link":"https:\/\/www.meydan.tv\/az\/article\/abzasmedia-etrafinda-ne-bas-verir\/","title":{"rendered":"&#8220;AbzasMedia&#8221; \u0259traf\u0131nda n\u0259 ba\u015f verir?"},"content":{"rendered":"\n<figure class=\"wp-block-embed is-type-video is-provider-youtube wp-block-embed-youtube wp-embed-aspect-16-9 wp-has-aspect-ratio\"><div class=\"wp-block-embed__wrapper\">\n<iframe title=\"&quot;AbzasMedia&quot; \u0259traf\u0131nda n\u0259 ba\u015f verir?\" width=\"1200\" height=\"675\" data-src=\"https:\/\/www.youtube.com\/embed\/sLdPmuFITUs?feature=oembed\" frameborder=\"0\" allow=\"accelerometer; autoplay; clipboard-write; encrypted-media; gyroscope; picture-in-picture; web-share\" allowfullscreen src=\"data:image\/svg+xml;base64,PHN2ZyB3aWR0aD0iMSIgaGVpZ2h0PSIxIiB4bWxucz0iaHR0cDovL3d3dy53My5vcmcvMjAwMC9zdmciPjwvc3ZnPg==\" class=\"lazyload\" data-load-mode=\"1\"><\/iframe>\n<\/div><\/figure>\n\n\n\n<p><\/p>\n\n\n\n<p>21 noyabr, gec\u0259 saat 4-\u00fcn yar\u0131s\u0131 jurnalist Sevinc Vaqifq\u0131z\u0131n\u0131n ya\u015fad\u0131\u011f\u0131 m\u0259nzild\u0259 Bak\u0131 \u015e\u0259h\u0259r Ba\u015f Polis \u0130dar\u0259sinin \u0259m\u0259kda\u015flar\u0131 axtar\u0131\u015f apar\u0131r. Onlar Sevinc Vaqifq\u0131z\u0131n\u0131 \u00f6lk\u0259y\u0259 qay\u0131dark\u0259n hava liman\u0131nda el\u0259 t\u0259yyar\u0259 pill\u0259k\u0259nl\u0259rind\u0259c\u0259 saxlay\u0131blar. <\/p>\n\n\n\n<p>2 saatdan \u00e7ox axtar\u0131\u015fdan sonra m\u0259nzild\u0259n qanunazidd he\u00e7 n\u0259 tap\u0131lmayan jurnalist Cinay\u0259t M\u0259c\u0259ll\u0259sinin 206.3.2-ci madd\u0259si il\u0259 (qabaqcadan \u0259lbirlikl\u0259 bir qrup \u015f\u0259xs t\u0259r\u0259fd\u0259n t\u00f6r\u0259dil\u0259n qa\u00e7almal\u00e7\u0131l\u0131qla) ittiham edildi. Bundan bir g\u00fcn \u00f6nc\u0259 jurnalist \u00dclvi H\u0259s\u0259nli d\u0259 eyni aqib\u0259ti ya\u015fad\u0131. Jurnalistl\u0259r &#8220;AbzasMedia&#8221;n\u0131n r\u0259hb\u0259r v\u0259zif\u0259l\u0259rind\u0259 yer al\u0131rlar. <\/p>\n\n\n\n<p>&#8220;AbzasMedia&#8221; \u0259sas\u0259n \u0130lham \u018fliyevin v\u0259 y\u00fcks\u0259k v\u0259zif\u0259li \u015f\u0259xsl\u0259rin korrupsiya cinay\u0259tl\u0259rini ortaya \u00e7\u0131xaran ara\u015fd\u0131rmalar yay\u0131mlay\u0131rd\u0131. &#8220;AbzasMedia&#8221; b\u0259yanat yayaraq bildirib ki, h\u0259bsl\u0259r  \u00f6lk\u0259 ba\u015f\u00e7\u0131s\u0131 \u0130lham \u018fliyevin sifari\u015fi il\u0259 h\u0259yata ke\u00e7irilir. <\/p>\n\n\n\n<p><em>&#8220;Siz do\u011fru x\u0259b\u0259r\u0259 layiqsiniz v\u0259 \u00f6d\u0259diyiniz vergil\u0259rin kiml\u0259r t\u0259r\u0259find\u0259n haraya v\u0259 nec\u0259 x\u0259rcl\u0259ndiyini bilm\u0259k sizin haqq\u0131n\u0131zd\u0131r. Sizin m\u0259lumat almaq azadl\u0131\u011f\u0131n\u0131z\u0131n qar\u015f\u0131s\u0131n\u0131 bizim h\u0259bsimiz \u0259ng\u0259ll\u0259y\u0259 bilm\u0259z. Biz ara\u015fd\u0131rmalar\u0131m\u0131za davam ed\u0259c\u0259yik&#8221;<\/em>. <\/p>\n\n\n\n<p>Jurnalistl\u0259rin h\u0259bs edildiyi vaxtda h\u00f6kum\u0259t\u0259 yax\u0131n media qurumlar\u0131 m\u00fcst\u0259qil medialar\u0131n AB\u015e Beyn\u0259lxalq \u0130nki\u015faf Agentliyind\u0259n (USAID) maliyy\u0259l\u0259\u015fdiyini deyir. M\u0259qal\u0259d\u0259 yaz\u0131l\u0131r ki, istintaq prosesind\u0259 \u201cAbzasMedia\u201dn\u0131n Q\u0259rb institutlar\u0131ndan k\u00fclli-miqdarda maliyy\u0259 v\u0259saiti ald\u0131\u011f\u0131 m\u00fc\u0259yy\u0259n edilib. Al\u0131nan v\u0259sait qeydiyyats\u0131z olaraq \u00f6lk\u0259y\u0259 g\u0259tirilib, qeyri-leqal formada realiz\u0259 edilib. <\/p>\n\n\n\n<p>23 noyabrda h\u0259m\u00e7inin jurnalistl\u0259r N\u0259rgiz Absalamova v\u0259 Sahil\u0259 Aslanova bu cinay\u0259t i\u015fi \u00fczr\u0259 \u015fahid qismind\u0259 dindirilm\u0259k \u00fc\u00e7\u00fcn Bak\u0131 \u015e\u0259h\u0259r Ba\u015f Polis \u0130dar\u0259sin\u0259 \u00e7a\u011f\u0131r\u0131l\u0131blar. Jurnalistl\u0259rin h\u0259bsiyl\u0259 ba\u011fl\u0131 \u2018\u2019Human Rights Watch\u201d b\u0259yanat yay\u0131b. T\u0259\u015fkilat bildirir ki, jurnalistl\u0259r qa\u00e7aqmal\u00e7\u0131l\u0131q kimi saxta ittihamlarla \u00fczl\u0259\u015fib. <\/p>\n\n\n\n<p>Lakin m\u0259hk\u0259m\u0259 onlar\u0131 uzun m\u00fcdd\u0259t h\u0259bsd\u0259 saxlamaq \u00fc\u00e7\u00fcn he\u00e7 bir konkret fakt t\u0259qdim etm\u0259yib. &#8220;AbzasMedia&#8221;n\u0131n ofisind\u0259 axtar\u0131\u015f apar\u0131lark\u0259n qap\u0131n\u0131n giri\u015find\u0259ki \u015fkaf\u0131n \u00fcst\u00fcnd\u0259n guya 40 min avro tap\u0131ld\u0131\u011f\u0131 deyilir. Amma jurnalistl\u0259r bu v\u0259saitin polisin yerl\u0259\u015fdirdiyini deyirl\u0259r. \u201cAbzasMedia\u201dn\u0131n jurnalistl\u0259ri \u00dclvi H\u0259s\u0259nli v\u0259 Sevinc Vaqifq\u0131z\u0131 bar\u0259sind\u0259 saxta qa\u00e7aqmal\u00e7\u0131l\u0131q ittiham\u0131 il\u0259 4 ayl\u0131q h\u0259bs q\u0259timkan t\u0259dbiri se\u00e7ilib.<\/p>\n","protected":false},"excerpt":{"rendered":"<p>21 noyabr, gec\u0259 saat 4-\u00fcn yar\u0131s\u0131 jurnalist Sevinc Vaqifq\u0131z\u0131n\u0131n ya\u015fad\u0131\u011f\u0131 &#8230; <\/p>\n<p class=\"read-more-container\"><a title=\"&#8220;AbzasMedia&#8221; \u0259traf\u0131nda n\u0259 ba\u015f verir?\" class=\"read-more button\" href=\"https:\/\/www.meydan.tv\/az\/article\/abzasmedia-etrafinda-ne-bas-verir\/#more-291440\" aria-label=\"Read more about &#8220;AbzasMedia&#8221; \u0259traf\u0131nda n\u0259 ba\u015f verir?\">Davam\u0131<\/a><\/p>\n","protected":false},"author":12,"featured_media":291123,"comment_status":"closed","ping_status":"closed","sticky":false,"template":"","format":"standard","meta":{"_acf_changed":false,"_sitemap_exclude":false,"_sitemap_priority":"","_sitemap_frequency":"","footnotes":""},"categories":[59,63],"tags":[],"class_list":["post-291440","post","type-post","status-publish","format-standard","has-post-thumbnail","hentry","category-siyaset","category-video-2","infinite-scroll-item","generate-columns","tablet-grid-50","mobile-grid-100","grid-parent","grid-33","no-featured-image-padding"],"acf":[],"yoast_head":"<!-- This site is optimized with the Yoast SEO plugin v27.4 - https:\/\/yoast.com\/product\/yoast-seo-wordpress\/ -->\n<title>&quot;AbzasMedia&quot; \u0259traf\u0131nda n\u0259 ba\u015f verir? - MEYDAN.TV<\/title>\n<meta name=\"robots\" content=\"index, follow, max-snippet:-1, max-image-preview:large, max-video-preview:-1\" \/>\n<link rel=\"canonical\" href=\"https:\/\/www.meydan.tv\/az\/article\/abzasmedia-etrafinda-ne-bas-verir\/\" \/>\n<meta property=\"og:locale\" content=\"az_AZ\" \/>\n<meta property=\"og:type\" content=\"article\" \/>\n<meta property=\"og:title\" content=\"&quot;AbzasMedia&quot; \u0259traf\u0131nda n\u0259 ba\u015f verir? - MEYDAN.TV\" \/>\n<meta property=\"og:description\" content=\"21 noyabr, gec\u0259 saat 4-\u00fcn yar\u0131s\u0131 jurnalist Sevinc Vaqifq\u0131z\u0131n\u0131n ya\u015fad\u0131\u011f\u0131 ... Davam\u0131\" \/>\n<meta property=\"og:url\" content=\"https:\/\/www.meydan.tv\/az\/article\/abzasmedia-etrafinda-ne-bas-verir\/\" \/>\n<meta property=\"og:site_name\" content=\"MEYDAN.TV\" \/>\n<meta property=\"article:published_time\" content=\"2023-11-24T13:15:24+00:00\" \/>\n<meta property=\"article:modified_time\" content=\"2023-11-24T13:15:26+00:00\" \/>\n<meta property=\"og:image\" content=\"https:\/\/www.meydan.tv\/wp-content\/uploads\/img_2183.jpg\" \/>\n\t<meta property=\"og:image:width\" content=\"1280\" \/>\n\t<meta property=\"og:image:height\" content=\"720\" \/>\n\t<meta property=\"og:image:type\" content=\"image\/jpeg\" \/>\n<meta name=\"author\" content=\"aleks\" \/>\n<meta name=\"twitter:card\" content=\"summary_large_image\" \/>\n<script type=\"application\/ld+json\" class=\"yoast-schema-graph\">{\"@context\":\"https:\\\/\\\/schema.org\",\"@graph\":[{\"@type\":\"Article\",\"@id\":\"https:\\\/\\\/www.meydan.tv\\\/az\\\/article\\\/abzasmedia-etrafinda-ne-bas-verir\\\/#article\",\"isPartOf\":{\"@id\":\"https:\\\/\\\/www.meydan.tv\\\/az\\\/article\\\/abzasmedia-etrafinda-ne-bas-verir\\\/\"},\"author\":{\"name\":\"aleks\",\"@id\":\"https:\\\/\\\/www.meydan.tv\\\/az\\\/#\\\/schema\\\/person\\\/476e9360e593fa131d5d71d51866f8da\"},\"headline\":\"&#8220;AbzasMedia&#8221; \u0259traf\u0131nda n\u0259 ba\u015f verir?\",\"datePublished\":\"2023-11-24T13:15:24+00:00\",\"dateModified\":\"2023-11-24T13:15:26+00:00\",\"mainEntityOfPage\":{\"@id\":\"https:\\\/\\\/www.meydan.tv\\\/az\\\/article\\\/abzasmedia-etrafinda-ne-bas-verir\\\/\"},\"wordCount\":466,\"publisher\":{\"@id\":\"https:\\\/\\\/www.meydan.tv\\\/az\\\/#organization\"},\"image\":{\"@id\":\"https:\\\/\\\/www.meydan.tv\\\/az\\\/article\\\/abzasmedia-etrafinda-ne-bas-verir\\\/#primaryimage\"},\"thumbnailUrl\":\"https:\\\/\\\/www.meydan.tv\\\/wp-content\\\/uploads\\\/img_2183.jpg\",\"articleSection\":[\"Siyas\u0259t\",\"Video\"],\"inLanguage\":\"az\"},{\"@type\":\"WebPage\",\"@id\":\"https:\\\/\\\/www.meydan.tv\\\/az\\\/article\\\/abzasmedia-etrafinda-ne-bas-verir\\\/\",\"url\":\"https:\\\/\\\/www.meydan.tv\\\/az\\\/article\\\/abzasmedia-etrafinda-ne-bas-verir\\\/\",\"name\":\"\\\"AbzasMedia\\\" \u0259traf\u0131nda n\u0259 ba\u015f verir? - MEYDAN.TV\",\"isPartOf\":{\"@id\":\"https:\\\/\\\/www.meydan.tv\\\/az\\\/#website\"},\"primaryImageOfPage\":{\"@id\":\"https:\\\/\\\/www.meydan.tv\\\/az\\\/article\\\/abzasmedia-etrafinda-ne-bas-verir\\\/#primaryimage\"},\"image\":{\"@id\":\"https:\\\/\\\/www.meydan.tv\\\/az\\\/article\\\/abzasmedia-etrafinda-ne-bas-verir\\\/#primaryimage\"},\"thumbnailUrl\":\"https:\\\/\\\/www.meydan.tv\\\/wp-content\\\/uploads\\\/img_2183.jpg\",\"datePublished\":\"2023-11-24T13:15:24+00:00\",\"dateModified\":\"2023-11-24T13:15:26+00:00\",\"breadcrumb\":{\"@id\":\"https:\\\/\\\/www.meydan.tv\\\/az\\\/article\\\/abzasmedia-etrafinda-ne-bas-verir\\\/#breadcrumb\"},\"inLanguage\":\"az\",\"potentialAction\":[{\"@type\":\"ReadAction\",\"target\":[\"https:\\\/\\\/www.meydan.tv\\\/az\\\/article\\\/abzasmedia-etrafinda-ne-bas-verir\\\/\"]}]},{\"@type\":\"ImageObject\",\"inLanguage\":\"az\",\"@id\":\"https:\\\/\\\/www.meydan.tv\\\/az\\\/article\\\/abzasmedia-etrafinda-ne-bas-verir\\\/#primaryimage\",\"url\":\"https:\\\/\\\/www.meydan.tv\\\/wp-content\\\/uploads\\\/img_2183.jpg\",\"contentUrl\":\"https:\\\/\\\/www.meydan.tv\\\/wp-content\\\/uploads\\\/img_2183.jpg\",\"width\":1280,\"height\":720,\"caption\":\"\u00dclvi H\u0259s\u0259nli, Sevinc Vaqifq\u0131z\u0131 v\u0259 M\u0259h\u0259mm\u0259d Kekalov. Foto: Meydan TV\"},{\"@type\":\"BreadcrumbList\",\"@id\":\"https:\\\/\\\/www.meydan.tv\\\/az\\\/article\\\/abzasmedia-etrafinda-ne-bas-verir\\\/#breadcrumb\",\"itemListElement\":[{\"@type\":\"ListItem\",\"position\":1,\"name\":\"Ana s\u0259hif\u0259\",\"item\":\"https:\\\/\\\/www.meydan.tv\\\/az\\\/\"},{\"@type\":\"ListItem\",\"position\":2,\"name\":\"Video\",\"item\":\"https:\\\/\\\/www.meydan.tv\\\/az\\\/section\\\/video-2\\\/\"},{\"@type\":\"ListItem\",\"position\":3,\"name\":\"&#8220;AbzasMedia&#8221; \u0259traf\u0131nda n\u0259 ba\u015f verir?\"}]},{\"@type\":\"WebSite\",\"@id\":\"https:\\\/\\\/www.meydan.tv\\\/az\\\/#website\",\"url\":\"https:\\\/\\\/www.meydan.tv\\\/az\\\/\",\"name\":\"MEYDAN.TV\",\"description\":\"Meydan TV Az\u0259rbaycan\u0131n media m\u0259kan\u0131ndak\u0131 alternativ s\u0259sidir\",\"publisher\":{\"@id\":\"https:\\\/\\\/www.meydan.tv\\\/az\\\/#organization\"},\"potentialAction\":[{\"@type\":\"SearchAction\",\"target\":{\"@type\":\"EntryPoint\",\"urlTemplate\":\"https:\\\/\\\/www.meydan.tv\\\/az\\\/?s={search_term_string}\"},\"query-input\":{\"@type\":\"PropertyValueSpecification\",\"valueRequired\":true,\"valueName\":\"search_term_string\"}}],\"inLanguage\":\"az\"},{\"@type\":\"Organization\",\"@id\":\"https:\\\/\\\/www.meydan.tv\\\/az\\\/#organization\",\"name\":\"Meydan TV\",\"url\":\"https:\\\/\\\/www.meydan.tv\\\/az\\\/\",\"logo\":{\"@type\":\"ImageObject\",\"inLanguage\":\"az\",\"@id\":\"https:\\\/\\\/www.meydan.tv\\\/az\\\/#\\\/schema\\\/logo\\\/image\\\/\",\"url\":\"https:\\\/\\\/www.meydan.tv\\\/wp-content\\\/uploads\\\/2021\\\/07\\\/meydan-logo.svg\",\"contentUrl\":\"https:\\\/\\\/www.meydan.tv\\\/wp-content\\\/uploads\\\/2021\\\/07\\\/meydan-logo.svg\",\"width\":195,\"height\":46,\"caption\":\"Meydan TV\"},\"image\":{\"@id\":\"https:\\\/\\\/www.meydan.tv\\\/az\\\/#\\\/schema\\\/logo\\\/image\\\/\"}},{\"@type\":\"Person\",\"@id\":\"https:\\\/\\\/www.meydan.tv\\\/az\\\/#\\\/schema\\\/person\\\/476e9360e593fa131d5d71d51866f8da\",\"name\":\"aleks\"}]}<\/script>\n<!-- \/ Yoast SEO plugin. -->","yoast_head_json":{"title":"\"AbzasMedia\" \u0259traf\u0131nda n\u0259 ba\u015f verir? - MEYDAN.TV","robots":{"index":"index","follow":"follow","max-snippet":"max-snippet:-1","max-image-preview":"max-image-preview:large","max-video-preview":"max-video-preview:-1"},"canonical":"https:\/\/www.meydan.tv\/az\/article\/abzasmedia-etrafinda-ne-bas-verir\/","og_locale":"az_AZ","og_type":"article","og_title":"\"AbzasMedia\" \u0259traf\u0131nda n\u0259 ba\u015f verir? - MEYDAN.TV","og_description":"21 noyabr, gec\u0259 saat 4-\u00fcn yar\u0131s\u0131 jurnalist Sevinc Vaqifq\u0131z\u0131n\u0131n ya\u015fad\u0131\u011f\u0131 ... Davam\u0131","og_url":"https:\/\/www.meydan.tv\/az\/article\/abzasmedia-etrafinda-ne-bas-verir\/","og_site_name":"MEYDAN.TV","article_published_time":"2023-11-24T13:15:24+00:00","article_modified_time":"2023-11-24T13:15:26+00:00","og_image":[{"width":1280,"height":720,"url":"https:\/\/www.meydan.tv\/wp-content\/uploads\/img_2183.jpg","type":"image\/jpeg"}],"author":"aleks","twitter_card":"summary_large_image","schema":{"@context":"https:\/\/schema.org","@graph":[{"@type":"Article","@id":"https:\/\/www.meydan.tv\/az\/article\/abzasmedia-etrafinda-ne-bas-verir\/#article","isPartOf":{"@id":"https:\/\/www.meydan.tv\/az\/article\/abzasmedia-etrafinda-ne-bas-verir\/"},"author":{"name":"aleks","@id":"https:\/\/www.meydan.tv\/az\/#\/schema\/person\/476e9360e593fa131d5d71d51866f8da"},"headline":"&#8220;AbzasMedia&#8221; \u0259traf\u0131nda n\u0259 ba\u015f verir?","datePublished":"2023-11-24T13:15:24+00:00","dateModified":"2023-11-24T13:15:26+00:00","mainEntityOfPage":{"@id":"https:\/\/www.meydan.tv\/az\/article\/abzasmedia-etrafinda-ne-bas-verir\/"},"wordCount":466,"publisher":{"@id":"https:\/\/www.meydan.tv\/az\/#organization"},"image":{"@id":"https:\/\/www.meydan.tv\/az\/article\/abzasmedia-etrafinda-ne-bas-verir\/#primaryimage"},"thumbnailUrl":"https:\/\/www.meydan.tv\/wp-content\/uploads\/img_2183.jpg","articleSection":["Siyas\u0259t","Video"],"inLanguage":"az"},{"@type":"WebPage","@id":"https:\/\/www.meydan.tv\/az\/article\/abzasmedia-etrafinda-ne-bas-verir\/","url":"https:\/\/www.meydan.tv\/az\/article\/abzasmedia-etrafinda-ne-bas-verir\/","name":"\"AbzasMedia\" \u0259traf\u0131nda n\u0259 ba\u015f verir? - MEYDAN.TV","isPartOf":{"@id":"https:\/\/www.meydan.tv\/az\/#website"},"primaryImageOfPage":{"@id":"https:\/\/www.meydan.tv\/az\/article\/abzasmedia-etrafinda-ne-bas-verir\/#primaryimage"},"image":{"@id":"https:\/\/www.meydan.tv\/az\/article\/abzasmedia-etrafinda-ne-bas-verir\/#primaryimage"},"thumbnailUrl":"https:\/\/www.meydan.tv\/wp-content\/uploads\/img_2183.jpg","datePublished":"2023-11-24T13:15:24+00:00","dateModified":"2023-11-24T13:15:26+00:00","breadcrumb":{"@id":"https:\/\/www.meydan.tv\/az\/article\/abzasmedia-etrafinda-ne-bas-verir\/#breadcrumb"},"inLanguage":"az","potentialAction":[{"@type":"ReadAction","target":["https:\/\/www.meydan.tv\/az\/article\/abzasmedia-etrafinda-ne-bas-verir\/"]}]},{"@type":"ImageObject","inLanguage":"az","@id":"https:\/\/www.meydan.tv\/az\/article\/abzasmedia-etrafinda-ne-bas-verir\/#primaryimage","url":"https:\/\/www.meydan.tv\/wp-content\/uploads\/img_2183.jpg","contentUrl":"https:\/\/www.meydan.tv\/wp-content\/uploads\/img_2183.jpg","width":1280,"height":720,"caption":"\u00dclvi H\u0259s\u0259nli, Sevinc Vaqifq\u0131z\u0131 v\u0259 M\u0259h\u0259mm\u0259d Kekalov. Foto: Meydan TV"},{"@type":"BreadcrumbList","@id":"https:\/\/www.meydan.tv\/az\/article\/abzasmedia-etrafinda-ne-bas-verir\/#breadcrumb","itemListElement":[{"@type":"ListItem","position":1,"name":"Ana s\u0259hif\u0259","item":"https:\/\/www.meydan.tv\/az\/"},{"@type":"ListItem","position":2,"name":"Video","item":"https:\/\/www.meydan.tv\/az\/section\/video-2\/"},{"@type":"ListItem","position":3,"name":"&#8220;AbzasMedia&#8221; \u0259traf\u0131nda n\u0259 ba\u015f verir?"}]},{"@type":"WebSite","@id":"https:\/\/www.meydan.tv\/az\/#website","url":"https:\/\/www.meydan.tv\/az\/","name":"MEYDAN.TV","description":"Meydan TV Az\u0259rbaycan\u0131n media m\u0259kan\u0131ndak\u0131 alternativ s\u0259sidir","publisher":{"@id":"https:\/\/www.meydan.tv\/az\/#organization"},"potentialAction":[{"@type":"SearchAction","target":{"@type":"EntryPoint","urlTemplate":"https:\/\/www.meydan.tv\/az\/?s={search_term_string}"},"query-input":{"@type":"PropertyValueSpecification","valueRequired":true,"valueName":"search_term_string"}}],"inLanguage":"az"},{"@type":"Organization","@id":"https:\/\/www.meydan.tv\/az\/#organization","name":"Meydan TV","url":"https:\/\/www.meydan.tv\/az\/","logo":{"@type":"ImageObject","inLanguage":"az","@id":"https:\/\/www.meydan.tv\/az\/#\/schema\/logo\/image\/","url":"https:\/\/www.meydan.tv\/wp-content\/uploads\/2021\/07\/meydan-logo.svg","contentUrl":"https:\/\/www.meydan.tv\/wp-content\/uploads\/2021\/07\/meydan-logo.svg","width":195,"height":46,"caption":"Meydan TV"},"image":{"@id":"https:\/\/www.meydan.tv\/az\/#\/schema\/logo\/image\/"}},{"@type":"Person","@id":"https:\/\/www.meydan.tv\/az\/#\/schema\/person\/476e9360e593fa131d5d71d51866f8da","name":"aleks"}]}},"_links":{"self":[{"href":"https:\/\/www.meydan.tv\/az\/wp-json\/wp\/v2\/posts\/291440","targetHints":{"allow":["GET"]}}],"collection":[{"href":"https:\/\/www.meydan.tv\/az\/wp-json\/wp\/v2\/posts"}],"about":[{"href":"https:\/\/www.meydan.tv\/az\/wp-json\/wp\/v2\/types\/post"}],"author":[{"embeddable":true,"href":"https:\/\/www.meydan.tv\/az\/wp-json\/wp\/v2\/users\/12"}],"replies":[{"embeddable":true,"href":"https:\/\/www.meydan.tv\/az\/wp-json\/wp\/v2\/comments?post=291440"}],"version-history":[{"count":5,"href":"https:\/\/www.meydan.tv\/az\/wp-json\/wp\/v2\/posts\/291440\/revisions"}],"predecessor-version":[{"id":291450,"href":"https:\/\/www.meydan.tv\/az\/wp-json\/wp\/v2\/posts\/291440\/revisions\/291450"}],"wp:featuredmedia":[{"embeddable":true,"href":"https:\/\/www.meydan.tv\/az\/wp-json\/wp\/v2\/media\/291123"}],"wp:attachment":[{"href":"https:\/\/www.meydan.tv\/az\/wp-json\/wp\/v2\/media?parent=291440"}],"wp:term":[{"taxonomy":"category","embeddable":true,"href":"https:\/\/www.meydan.tv\/az\/wp-json\/wp\/v2\/categories?post=291440"},{"taxonomy":"post_tag","embeddable":true,"href":"https:\/\/www.meydan.tv\/az\/wp-json\/wp\/v2\/tags?post=291440"}],"curies":[{"name":"wp","href":"https:\/\/api.w.org\/{rel}","templated":true}]}}