{"id":291418,"date":"2023-11-24T14:36:15","date_gmt":"2023-11-24T10:36:15","guid":{"rendered":"https:\/\/www.meydan.tv\/?p=291418"},"modified":"2023-11-24T14:40:57","modified_gmt":"2023-11-24T10:40:57","slug":"vetendas-cemiyyeti-siyasi-hebslerin-ve-repressiyalarin-yeni-dalgasi-baslayib","status":"publish","type":"post","link":"https:\/\/www.meydan.tv\/az\/article\/vetendas-cemiyyeti-siyasi-hebslerin-ve-repressiyalarin-yeni-dalgasi-baslayib\/","title":{"rendered":"V\u0259t\u0259nda\u015f c\u0259miyy\u0259ti: Siyasi h\u0259bsl\u0259rin v\u0259 repressiyalar\u0131n yeni dal\u011fas\u0131 ba\u015flay\u0131b"},"content":{"rendered":"\n<p><\/p>\n\n\n\n<p><strong><em>\u201c\u201dAbzasMedia\u201d ya t\u0259zyiq dayand\u0131r\u0131lmal\u0131, h\u0259bs edil\u0259n jurnalistl\u0259r azad edilm\u0259lidir\u201d<\/em><\/strong><\/p>\n\n\n\n<p>Az\u0259rbaycan v\u0259t\u0259nda\u015f c\u0259miyy\u0259ti n\u00fcmay\u0259nd\u0259l\u0259ri \u00f6lk\u0259d\u0259ki media azadl\u0131\u011f\u0131 v\u0259 insan h\u00fcquqlar\u0131n\u0131n pozuntular\u0131 il\u0259 ba\u011fl\u0131 b\u0259yanat verib.<\/p>\n\n\n\n<p>B\u0259yanat m\u00fc\u0259llifl\u0259ri Az\u0259rbaycanda m\u00fcst\u0259qil mediaya qar\u015f\u0131 siyasi h\u0259bsl\u0259rin v\u0259 repressiyan\u0131n yeni dal\u011fas\u0131 il\u0259 ba\u011fl\u0131 narahatl\u0131q i\u00e7ind\u0259dirl\u0259r, son hadis\u0259l\u0259r\u0259 etiraz edirl\u0259r.<\/p>\n\n\n\n<p><em>\u201cHaz\u0131rk\u0131 repressiyas\u0131n\u0131n spesifik h\u0259d\u0259fl\u0259ri \u201cAbzasMedian\u0131n\u201d direktoru \u00dclvi H\u0259s\u0259nli, ba\u015f redaktoru Sevinc Vaqifq\u0131z\u0131 v\u0259 direktor m\u00fcavini, ictimai f\u0259al M\u0259h\u0259mm\u0259d Kekalov olmaqla, \u00fcmumilikd\u0259 \u201cAbzasMedia\u201d qurumudur. Onlar\u0131n h\u0259bsi il\u0259 m\u00fc\u015fayi\u0259t olunan proses fundamental ifad\u0259 azadl\u0131\u011f\u0131n\u0131n kobud pozuntusu v\u0259 \u00f6lk\u0259d\u0259 m\u00fcst\u0259qil mediaya qar\u015f\u0131 repressiyan\u0131n t\u0259rkib hiss\u0259sidir\u201d<\/em>.<\/p>\n\n\n\n<p>Noyabr\u0131n 20-d\u0259 \u201cAbzasMedia\u201dn\u0131n direktoru \u00dclvi H\u0259s\u0259nli xaric\u0259 s\u0259f\u0259r etm\u0259k \u00fc\u00e7\u00fcn hava liman\u0131na ged\u0259rk\u0259n evinin qar\u015f\u0131s\u0131nda polis \u0259m\u0259kda\u015flar\u0131 t\u0259r\u0259find\u0259n saxlan\u0131l\u0131b. H\u0259min g\u00fcn g\u00fcnorta saatlar\u0131na q\u0259d\u0259r dostlar\u0131 v\u0259 v\u0259kili onun harada olmas\u0131 bar\u0259d\u0259 m\u0259lumat \u0259ld\u0259 ed\u0259 bilm\u0259yib.<\/p>\n\n\n\n<p>Yaln\u0131z davaml\u0131 m\u0259lumat \u0259ld\u0259 etm\u0259k c\u0259hdl\u0259rind\u0259n sonra, \u00dclvi H\u0259s\u0259nlinin Bak\u0131 \u015e\u0259h\u0259ri Ba\u015f Polis \u0130dar\u0259si (\u201cB\u015eBP\u0130\u201d) t\u0259r\u0259find\u0259n saxlan\u0131ld\u0131\u011f\u0131 b\u0259lli olub. \u00dclvi H\u0259s\u0259nli saxlan\u0131lark\u0259n pis r\u0259ftara (o c\u00fcml\u0259d\u0259n d\u00f6y\u00fclm\u0259y\u0259) m\u0259ruz qal\u0131b. Onu saxlayan polis \u0259m\u0259kda\u015flar\u0131 bildiribl\u0259r ki, Qaraba\u011f problemind\u0259n yazmaq \u0259v\u0259zin\u0259, y\u00fcks\u0259k ranql\u0131 h\u00f6kum\u0259t r\u0259smil\u0259ri bar\u0259d\u0259 korrupsiya ara\u015fd\u0131rmalar\u0131 apard\u0131\u011f\u0131 \u00fc\u00e7\u00fcn c\u0259zaland\u0131r\u0131l\u0131r.<\/p>\n\n\n\n<p>Yasamal Rayon M\u0259hk\u0259m\u0259sinin q\u0259rar\u0131na \u0259sas\u0259n, \u201cAbzasMedia\u201dn\u0131n ofisinin yerl\u0259\u015fdiyi m\u0259nzild\u0259 \u0259m\u0259liyyat m\u00fcv\u0259kkill\u0259ri t\u0259r\u0259find\u0259n bax\u0131\u015f istintaq h\u0259r\u0259k\u0259ti h\u0259yata ke\u00e7irilib.<\/p>\n\n\n\n<p>B\u0259yanatda bildirilir ki, rayon m\u0259hk\u0259m\u0259si bax\u0131\u015f istintaq h\u0259r\u0259k\u0259tini \u0259sasland\u0131rmay\u0131b v\u0259 m\u00fch\u00fcm \u015f\u00fcbh\u0259 kimi yaln\u0131z qeyri-m\u00fc\u0259yy\u0259n \u201cq\u0259r\u0259zsiz m\u0259nb\u0259\u201d t\u0259r\u0259find\u0259n verilmi\u015f informasiyaya istinad edib.<\/p>\n\n\n\n<p><em>\u201cBax\u0131\u015fdan \u0259vv\u0259l m\u0259nzilin yerl\u0259\u015fdiyi bina polis t\u0259r\u0259find\u0259n m\u00fchasir\u0259y\u0259 al\u0131n\u0131b v\u0259 apar\u0131lm\u0131\u015f bax\u0131\u015f\u0131n protokoluna \u0259sas\u0259n, m\u0259nzilin d\u0259hlizind\u0259 guya 40.000 avro valyuta \u201ca\u015fkar edilib<\/em>. <em>\u00dclvi H\u0259s\u0259nli bax\u0131\u015f istintaq h\u0259r\u0259k\u0259tinin n\u0259tic\u0259l\u0259rin\u0259 etiraz edib v\u0259 qeydl\u0259rini protokola \u0259lav\u0259 edib\u201d<\/em>.<\/p>\n\n\n\n<p>B\u0259yanatda deyilir ki, h\u0259min g\u00fcn polis \u0259m\u0259kda\u015flar\u0131 M\u0259h\u0259mm\u0259d Kekalovu ya\u015fad\u0131\u011f\u0131 m\u0259nzild\u0259 zorak\u0131l\u0131qla tutublar v\u0259 h\u0259r hans\u0131 h\u00fcquqi \u0259sas olmadan onun \u201cNotbuku\u201d v\u0259 mobil telefonunu g\u00f6t\u00fcr\u00fcbl\u0259r. Bu andan sonra M\u0259h\u0259mm\u0259d Kekalov inkommunikado h\u0259bsd\u0259 tutulub v\u0259 ona ail\u0259si, el\u0259c\u0259 d\u0259 v\u0259kili il\u0259 \u0259laq\u0259 saxlama\u011fa icaz\u0259 verilm\u0259yib. Onun harada tutulmas\u0131 3 g\u00fcn\u0259 yax\u0131n b\u0259lli olmay\u0131b. Ail\u0259si v\u0259 v\u0259kili Kekalovla \u0259laq\u0259 saxlaya bilm\u0259yib v\u0259 m\u00fcvafiq qurumlar onun haqq\u0131nda m\u0259lumat verm\u0259kd\u0259n imtina ed\u0259r\u0259k onun ail\u0259si t\u0259r\u0259find\u0259n t\u0259yin edilmi\u015f v\u0259kill\u0259 g\u00f6r\u00fc\u015f\u00fcn\u0259 mane olublar.<\/p>\n\n\n\n<p><em>\u201cN\u00f6vb\u0259ti g\u00fcn erk\u0259n saatlarda sayt\u0131n ba\u015f redaktoru Sevinc Vaqifq\u0131z\u0131 \u00f6lk\u0259y\u0259 qay\u0131dark\u0259n hava liman\u0131nda B\u015eBP\u0130-nin polis \u0259m\u0259kda\u015flar\u0131 t\u0259r\u0259find\u0259n tutulub. \u00dclvi H\u0259s\u0259nli v\u0259 Sevinc Vaqifq\u0131z\u0131n\u0131n ya\u015fad\u0131\u011f\u0131 m\u0259nzill\u0259rd\u0259 bax\u0131\u015f istintaq h\u0259r\u0259k\u0259ti h\u0259yata ke\u00e7irilib. Lakin bu bax\u0131\u015flar n\u0259tic\u0259sind\u0259 g\u00f6t\u00fcr\u00fclm\u00fc\u015f \u0259\u015fyalar s\u00fcbut qismind\u0259 cinay\u0259t i\u015find\u0259 istifad\u0259 edilm\u0259yib. Daha sonra \u00dclvi H\u0259s\u0259nliy\u0259 v\u0259 Sevinc Vaqifq\u0131z\u0131na qar\u015f\u0131 Cinay\u0259t M\u0259c\u0259ll\u0259sinin 206.3.2-ci madd\u0259si (qabaqcadan \u0259lbir olan bir qrup \u015f\u0259xs t\u0259r\u0259find\u0259n qa\u00e7aqmal\u00e7\u0131l\u0131q \u0259m\u0259linin t\u00f6r\u0259dilm\u0259si) il\u0259 ittiham ir\u0259li s\u00fcr\u00fcl\u00fcb. Bu ittihamlar \u00fc\u00e7\u00fcn \u201cAbzasMedia\u201dn\u0131n ofisinin yerl\u0259\u015fdiyi m\u0259nzild\u0259 \u201ca\u015fkar edilmi\u015f\u201d xarici valyutaya istinad edilib\u201d<\/em>.<\/p>\n\n\n\n<p>V\u0259t\u0259nda\u015f c\u0259miyy\u0259ti n\u00fcmay\u0259nd\u0259l\u0259ri bildirir ki, h\u0259min g\u00fcn B\u015eBP\u0130 v\u0259 m\u00fcvafiq prokurorluq orqan\u0131 \u00dclvi H\u0259s\u0259nli v\u0259 Sevinc Vaqifq\u0131z\u0131 bar\u0259sind\u0259 h\u0259bs q\u0259timkan t\u0259dbiri se\u00e7ilm\u0259si bar\u0259d\u0259 t\u0259l\u0259bl\u0259 X\u0259tai Rayon M\u0259hk\u0259m\u0259sin\u0259 m\u00fcraci\u0259t edib. H\u0259min g\u00fcn X\u0259tai Rayon M\u0259hk\u0259m\u0259si h\u0259bs q\u0259timkan t\u0259dbiri t\u0259l\u0259bini t\u0259min ed\u0259r\u0259k ibtidai istintaq d\u00f6vr\u00fc m\u0259qs\u0259di il\u0259 \u00dclvi H\u0259s\u0259nli bar\u0259sind\u0259 4 ay, Sevinc Vaqifq\u0131z\u0131 bar\u0259sind\u0259 3 ay 29 g\u00fcn m\u00fcdd\u0259t\u0259 h\u0259bs q\u0259timkan t\u0259dbiri se\u00e7ib.<\/p>\n\n\n\n<p>\u201c<em>H\u0259bs q\u0259timkan t\u0259dbirinin se\u00e7ilm\u0259si \u00fc\u00e7\u00fcn t\u0259l\u0259b edil\u0259n \u0259sasl\u0131 \u015f\u00fcbh\u0259 elementi il\u0259 \u0259laq\u0259dar ilkin s\u00fcbutlar m\u0259hk\u0259m\u0259y\u0259 t\u0259qdim edilm\u0259yib v\u0259 m\u0259hk\u0259m\u0259 t\u0259r\u0259find\u0259n d\u0259 ara\u015fd\u0131r\u0131lmay\u0131b. Bundan \u0259lav\u0259, X\u0259tai Rayon M\u0259hk\u0259m\u0259si h\u0259bs q\u0259timkan t\u0259dbiri se\u00e7ilm\u0259si \u00fc\u00e7\u00fcn qa\u00e7maq v\u0259 ya s\u00fcbutlar\u0131 saxtala\u015fd\u0131rmaq kimi laz\u0131mi t\u0259l\u0259bl\u0259ri ara\u015fd\u0131rmay\u0131b. X\u0259tai Rayon M\u0259hk\u0259m\u0259si detallar\u0131n\u0131 ara\u015fd\u0131rmadan h\u0259bs q\u0259timkan t\u0259dbirini t\u0259l\u0259b ed\u0259n v\u0259sat\u0259t v\u0259 t\u0259qdimata oldu\u011fu kimi istinad edib<\/em>&#8220;.<\/p>\n\n\n\n<p>&#8220;<em>Haz\u0131rda \u00dclvi H\u0259s\u0259nli v\u0259 Sevinc Vaqifq\u0131z\u0131 Bak\u0131 \u0130stintaq T\u0259cridxanas\u0131na k\u00f6\u00e7\u00fcr\u00fcl\u00fcb v\u0259 orada saxlan\u0131rlar. Eyni zamanda, M\u0259h\u0259mm\u0259d Kekalov inkommunikado h\u0259bsd\u0259dir. Bu g\u00fcn is\u0259 m\u0259lum olub ki, M\u0259h\u0259mm\u0259d Kekalov ail\u0259sinin ona t\u0259yin etdiyi v\u0259kill\u0259 g\u00f6r\u00fc\u015f\u00fcb, g\u00f6r\u00fc\u015f konfidensial olmay\u0131b, m\u00fcst\u0259ntiqin i\u015ftirak\u0131 il\u0259 ba\u015f tutub. M\u0259h\u0259mm\u0259d g\u00f6r\u00fc\u015fd\u0259 ail\u0259sinin t\u0259yin etdiyi v\u0259kild\u0259n imtina edib. \u015e\u00fcbh\u0259l\u0259r var ki, bu imtina istintaq\u0131n t\u0259zyiqi n\u0259tic\u0259sind\u0259 olub\u201d<\/em>.<\/p>\n\n\n\n<p>Noyabr\u0131n 23-d\u0259 X\u0259tai Rayon M\u0259hk\u0259m\u0259sinin q\u0259rar\u0131 il\u0259 M\u0259h\u0259mm\u0259d Kekalov bar\u0259sind\u0259 3 ay 27 g\u00fcn m\u00fcdd\u0259tin\u0259 h\u0259bs q\u0259timkan t\u0259dbiri se\u00e7ilib. Kekalov da Cinay\u0259t M\u0259c\u0259ll\u0259sinin 206.3.2-ci madd\u0259si (qabaqcadan \u0259lbir olan bir qrup \u015f\u0259xs t\u0259r\u0259find\u0259n qa\u00e7aqmal\u00e7\u0131l\u0131q \u0259m\u0259linin t\u00f6r\u0259dilm\u0259si) il\u0259 ittiham olunur.<\/p>\n\n\n\n<p>B\u0259yanatda bildirilir ki, \u00dclvi H\u0259s\u0259nli v\u0259 Sevinc Vaqifq\u0131z\u0131 X\u0259tai Rayon M\u0259hk\u0259m\u0259sin\u0259 g\u0259tirildiyi vaxt polis \u0259m\u0259kda\u015flar\u0131 hadis\u0259l\u0259ri i\u015f\u0131qland\u0131rma\u011fa \u00e7al\u0131\u015fan jurnalistl\u0259r\u0259 mane olub. Bu vaxt polis \u0259m\u0259kda\u015flar\u0131 t\u0259r\u0259find\u0259n media n\u00fcmay\u0259nd\u0259l\u0259rin\u0259 h\u00fccum hallar\u0131 ba\u015f verib. Bunu qeyd etm\u0259k vacibdir ki, h\u0259bsl\u0259r, cinay\u0259t i\u015finin ba\u015flan\u0131lmas\u0131 v\u0259 h\u0259bs q\u0259timkan t\u0259dbiri iclaslar\u0131 qanunsuzluqla v\u0259 insan h\u00fcquqlar\u0131n\u0131n pozuntusu il\u0259 m\u00fc\u015fayi\u0259t olunub.<\/p>\n\n\n\n<p><em>\u201cEyni zamanda h\u0259bsl\u0259r \u0259r\u0259f\u0259sind\u0259 v\u0259 cinay\u0259t i\u015fi boyunca, h\u00f6kum\u0259t r\u0259smil\u0259ri, d\u00f6vl\u0259t medias\u0131 v\u0259 h\u00f6kum\u0259ty\u00f6n\u00fcml\u00fc media qurumlar\u0131 t\u0259r\u0259find\u0259n m\u00fcst\u0259qil media, t\u0259nqid\u00e7i v\u0259t\u0259nda\u015f c\u0259miyy\u0259ti t\u0259\u015fkilatlar\u0131 v\u0259 m\u00fcxalif\u0259t \u0259leyhin\u0259 materiallar d\u0259rc ed\u0259r\u0259k onlar\u0131 Q\u0259rb \u00f6lk\u0259l\u0259rinin, \u0259l\u0259lx\u00fcsus AB\u015e-\u0131n \u201ccasuslar\u0131\u201d v\u0259 \u201ct\u0259sir agentl\u0259ri\u201d olmaqda g\u00fcnahland\u0131r\u0131b\u201d<\/em>.<\/p>\n\n\n\n<p>M\u00fc\u0259llifl\u0259r hesab edir ki, bu materiallarda he\u00e7 bir \u0259sas v\u0259 fakt olmadan \u201cqanunsuz xarici qrantlar\u0131n\u201d g\u0259tirilm\u0259si v\u0259 m\u0259nims\u0259nilm\u0259si vasit\u0259sil\u0259 maliyy\u0259 pozuntular\u0131 t\u00f6r\u0259dilm\u0259sind\u0259n dan\u0131\u015f\u0131l\u0131b. Bununla yana\u015f\u0131, feminist v\u0259 LGBTIQ+ f\u0259allar \u201cail\u0259 d\u0259y\u0259rl\u0259rini m\u0259hv etm\u0259kd\u0259\u201d v\u0259 Q\u0259rb d\u00f6vl\u0259tl\u0259rinin \u201cmarioneti\u201d v\u0259 \u201cruporu\u201d olmaqda g\u00fcnahland\u0131r\u0131laraq h\u0259d\u0259f\u0259 al\u0131n\u0131blar. Haz\u0131rda bel\u0259 diffamativ materiallar\u0131n yay\u0131lmas\u0131 davam edir.<\/p>\n\n\n\n<p><em>\u201cH\u0259bsl\u0259r\u0259 dair faktlar, o c\u00fcml\u0259d\u0259n ofisd\u0259 bax\u0131\u015f ke\u00e7iril\u0259r\u0259k xarici valyuta a\u015fkar edilm\u0259si h\u00fcququn aliliyin\u0259 v\u0259 konstitusional prinsipl\u0259r\u0259 ba\u011fl\u0131l\u0131\u011fa dair ciddi suallar do\u011furur. \u00d6t\u0259n g\u00fcnl\u0259rd\u0259 edil\u0259n bu h\u0259r\u0259k\u0259tl\u0259r m\u00fcst\u0259qil median\u0131 h\u0259d\u0259f\u0259 alan v\u0259 Az\u0259rbaycanda ifad\u0259 azadl\u0131\u011f\u0131n\u0131n t\u0259m\u0259l prinsipl\u0259rini sars\u0131dan siyasi motivli t\u0259qib kampaniyas\u0131n\u0131n t\u0259rkib hiss\u0259sidir<\/em>.<\/p>\n\n\n\n<p><em>Biz q\u0259tiyy\u0259tl\u0259 bildiririk ki, Az\u0259rbaycan h\u00f6kum\u0259ti t\u0259r\u0259find\u0259n y\u00fcr\u00fcd\u00fcl\u0259n t\u0259qib kampaniyas\u0131 m\u00f6vcud konstitusion h\u00fcquqi \u00e7\u0259r\u00e7iv\u0259 v\u0259 Az\u0259rbaycan Respublikas\u0131n\u0131n insan h\u00fcquqlar\u0131na dair beyn\u0259lxalq h\u00fcquqi \u00f6hd\u0259likl\u0259ri il\u0259 bariz sur\u0259td\u0259 ziddiyy\u0259t t\u0259\u015fkil edir\u201d<\/em>.<\/p>\n\n\n\n<p>V\u0259t\u0259nda\u015f c\u0259miyy\u0259ti n\u00fcmay\u0259nd\u0259l\u0259ri hesab edirl\u0259r ki, Az\u0259rbaycan BMT-y\u0259, Avropa \u015euras\u0131na v\u0259 AT\u018fT-\u0259 \u00fczv d\u00f6vl\u0259t kimi beyn\u0259lxalq insan h\u00fcquqlar\u0131 standartlar\u0131na riay\u0259t etm\u0259y\u0259 borcludur. Az\u0259rbaycan h\u00f6kum\u0259t orqanlar\u0131n\u0131n cari add\u0131mlar\u0131 Konstitusiya il\u0259 t\u0259min edilmi\u015f v\u0259 beyn\u0259lxalq h\u00fcquqi m\u00fcqavil\u0259l\u0259rl\u0259 tan\u0131nm\u0131\u015f v\u0259 Az\u0259rbaycan t\u0259r\u0259find\u0259n ratifikasiya edilmi\u015f insan h\u00fcquqlar\u0131 \u00f6hd\u0259likl\u0259rinin kobud pozuntusudur:<\/p>\n\n\n\n<p><em>\u201cBiz bu x\u00fcsusata diqq\u0259t c\u0259lb etm\u0259yi vacib hesab edirik ki, \u00f6lk\u0259d\u0259 siyasi m\u00fcxalif\u0259t\u0259, t\u0259nqid\u00e7i v\u0259t\u0259nda\u015f c\u0259miyy\u0259tin\u0259 v\u0259 m\u00fcst\u0259qil mediaya qar\u015f\u0131 apar\u0131lan siyasi motivli t\u0259qib kampaniyas\u0131na, o c\u00fcml\u0259d\u0259n bu \u00e7\u0259r\u00e7iv\u0259d\u0259 h\u0259yata ke\u00e7iril\u0259n cinay\u0259t i\u015fl\u0259rin\u0259 v\u0259 dig\u0259r h\u00fcquqi m\u0259hdudiyy\u0259t t\u0259dbirl\u0259rin\u0259 dair Avropa \u0130nsan H\u00fcquqlar\u0131 M\u0259hk\u0259m\u0259si t\u0259r\u0259find\u0259n Avropa \u0130nsan H\u00fcquqlar\u0131n\u0131n Konvensiyas\u0131n\u0131n qeyri-legitim, siyasi motivli h\u00fcquq m\u0259hdudiyy\u0259tl\u0259rini qada\u011fan ed\u0259n 18-ci madd\u0259si \u00fczr\u0259 Az\u0259rbaycana qar\u015f\u0131 11 h\u00fcquq pozuntusu q\u0259rar\u0131 q\u0259bul edilib. Haz\u0131rda h\u0259min q\u0259rarlar\u0131n icras\u0131 Avropa \u015euras\u0131 Nazirl\u0259r Komit\u0259sinin n\u0259zar\u0259tind\u0259dir\u201d<\/em>.<\/p>\n\n\n\n<p>B\u0259yanat m\u00fc\u0259llifl\u0259ri Az\u0259rbaycan h\u00f6kum\u0259tin\u0259 \u00e7a\u011f\u0131r\u0131\u015f edib. T\u0259l\u0259b edirl\u0259r ki, insan h\u00fcquqlar\u0131na qoyulan siyasi motivli m\u0259hdudiyy\u0259tl\u0259ri aradan qald\u0131rs\u0131nlar, o c\u00fcml\u0259d\u0259n, cinay\u0259t i\u015fl\u0259rin\u0259 xitam versinl\u0259r.<\/p>\n\n\n\n<p><em>\u201c\u00dclvi H\u0259s\u0259nlinin, Sevinc Vaqifq\u0131z\u0131n\u0131n, el\u0259c\u0259 d\u0259 M\u0259h\u0259mm\u0259d Kekalov d\u0259rhal azad edilm\u0259lidir. H\u0259m\u00e7inin beyn\u0259lxalq t\u0259r\u0259fda\u015flar, o c\u00fcml\u0259d\u0259n BMT, Avropa \u015euras\u0131, AT\u018fT v\u0259 dig\u0259r beyn\u0259lxalq publik t\u0259\u015fkilatlar \u00f6lk\u0259d\u0259 pisl\u0259\u015f\u0259n insan h\u00fcquqlar\u0131n\u0131n v\u0259ziyy\u0259tin\u0259 dair q\u0259ti add\u0131mlar atmal\u0131d\u0131r\u201d<\/em>.<\/p>\n\n\n\n<p>\u0130MZALAR:<\/p>\n\n\n\n<ol class=\"wp-block-list\">\n<li>Adnan Hac\u0131zad\u0259, ictimai f\u0259al<\/li>\n\n\n\n<li>Akif Qurbanov, Demokratik T\u0259\u015f\u0259bb\u00fcsl\u0259r \u0130nstitutu, s\u0259dr<\/li>\n\n\n\n<li>Altay G\u00f6y\u00fc\u015fov, tarix\u00e7i alim<\/li>\n\n\n\n<li>Anar M\u0259mm\u0259dli, Se\u00e7kil\u0259rin Monitorinqi v\u0259 Demokratiyan\u0131n T\u0259drisi M\u0259rk\u0259zi, s\u0259dr<\/li>\n\n\n\n<li>Araz \u018fliyev, Nida V\u0259t\u0259nda\u015f H\u0259r\u0259kat\u0131, \u0130H \u00fczv\u00fc<\/li>\n\n\n\n<li>Arzu Qeybulla, m\u00fcst\u0259qil jurnalist<\/li>\n\n\n\n<li>Aynur Elg\u00fcn\u0259\u015f, Meydan TV, ba\u015f redaktor<\/li>\n\n\n\n<li>Az\u0259r Qas\u0131ml\u0131, Siyasi Menecment \u0130nstitutu, s\u0259dr<\/li>\n\n\n\n<li>B\u0259\u015fir S\u00fcleymanl\u0131, V\u0259t\u0259nda\u015f H\u00fcquqlar\u0131 \u0130nstitutu, s\u0259dr<\/li>\n\n\n\n<li>Elman F\u0259ttah, siyasi \u015f\u0259rh\u00e7i<\/li>\n\n\n\n<li>Emin Abbasov, h\u00fcquq\u015f\u00fcnas<\/li>\n\n\n\n<li>Emin Aslanov, h\u00fcquq\u015f\u00fcnas<\/li>\n\n\n\n<li>\u018fl\u0259sg\u0259r M\u0259mm\u0259dli, media h\u00fcququ \u00fczr\u0259 ekspert<\/li>\n\n\n\n<li>G\u00fclnara Mehdiyeva, feminist f\u0259al<\/li>\n\n\n\n<li>Xalid Ba\u011f\u0131rov, h\u00fcquq\u015f\u00fcnas<\/li>\n\n\n\n<li>X\u0259dic\u0259 \u0130smay\u0131l, Toplum TV, ba\u015f redaktor<\/li>\n\n\n\n<li>\u0130ntiqam \u018fliyev, H\u00fcquq Maarif\u00e7iliyi C\u0259miyy\u0259ti, s\u0259dr<\/li>\n\n\n\n<li>Jal\u0259 Bayramova, h\u00fcquq\u015f\u00fcnas<\/li>\n\n\n\n<li>Leyla H\u0259s\u0259nova, ara\u015fd\u0131rma\u00e7\u0131<\/li>\n\n\n\n<li>Mehman \u018fliyev, Turan \u0130nformasiya Agentliyi, direktor<\/li>\n\n\n\n<li>N\u0259cmin Kamilsoy, ara\u015fd\u0131rma\u00e7\u0131<\/li>\n\n\n\n<li>N\u0259rmin \u015eahmarzad\u0259, feminist f\u0259al<\/li>\n\n\n\n<li>Nicat M\u0259mm\u0259db\u0259yli, h\u00fcquq\u015f\u00fcnas<\/li>\n\n\n\n<li>R\u0259sul C\u0259f\u0259rov, h\u00fcquq m\u00fcdafi\u0259\u00e7isi<\/li>\n\n\n\n<li>R\u00f6v\u015f\u0259n A\u011fayev, iqtisad\u00e7\u0131<\/li>\n\n\n\n<li>R\u00f6v\u015f\u0259n Hac\u0131b\u0259yli, Azadl\u0131q.info, redaktor<\/li>\n\n\n\n<li>Ruslan \u0130zz\u0259tli, siyasi f\u0259al<\/li>\n\n\n\n<li>R\u00fcf\u0259t S\u0259f\u0259rov, M\u00fcdafi\u0259 X\u0259tti, icra\u00e7\u0131 direktor<\/li>\n\n\n\n<li>Samir Kaz\u0131ml\u0131, h\u00fcquq m\u00fcdafi\u0259\u00e7isi<\/li>\n\n\n\n<li>S\u0259m\u0259d R\u0259himli, M\u00fcdafi\u0259\u00e7i H\u00fcquq M\u0259rk\u0259zi, r\u0259hb\u0259r<\/li>\n\n\n\n<li>S\u0259yyad Yusifli, M\u00fcdafi\u0259\u00e7i H\u00fcquq M\u0259rk\u0259zi, koordinator<\/li>\n\n\n\n<li>\u015e\u0259m\u015fad A\u011fa, Arqument.az x\u0259b\u0259r sayt\u0131, ba\u015f redaktor<\/li>\n\n\n\n<li>Yadigar Sad\u0131ql\u0131, tarix\u00e7i<\/li>\n\n\n\n<li>Yal\u00e7\u0131n \u0130manov, h\u00fcquq\u015f\u00fcnas<\/li>\n\n\n\n<li>To\u011frul \u0130smay\u0131lov, ictimai f\u0259al<\/li>\n\n\n\n<li>To\u011frul V\u0259liyev, iqtisad\u00e7\u0131<\/li>\n\n\n\n<li>\u00dclviyy\u0259 \u018fli, m\u00fcst\u0259qil jurnalist<\/li>\n\n\n\n<li>V\u0259fa Na\u011f\u0131, ictimai f\u0259al<\/li>\n\n\n\n<li>Z\u00f6hrab \u0130smay\u0131l, Azad \u0130qtisadiyyat Yard\u0131m \u0130ctimai Birliyi, s\u0259dr<\/li>\n\n\n\n<li>\u018fmrah T\u0259hm\u0259zov, ictimai f\u0259al<\/li>\n\n\n\n<li>Elm\u0259ddin \u015eamilzad\u0259, Avasor TV, ba\u015f redaktor<\/li>\n\n\n\n<li>Nem\u0259t Abbasov, ictimai f\u0259al<\/li>\n\n\n\n<li>To\u011frul Abbasov, t\u0259dqiqat\u00e7\u0131<\/li>\n\n\n\n<li>Qiyas \u0130brahimov, ictimai f\u0259al<\/li>\n\n\n\n<li>S\u0259bin\u0259 R\u0259himova, ictimai f\u0259al<\/li>\n\n\n\n<li>S\u0259m\u0259d \u015e\u0131x\u0131, yaz\u0131\u00e7\u0131<\/li>\n\n\n\n<li>H\u0259mid\u0259 Qiyasb\u0259yli, jurnalist<\/li>\n<\/ol>\n","protected":false},"excerpt":{"rendered":"<p>\u201c\u201dAbzasMedia\u201d ya t\u0259zyiq dayand\u0131r\u0131lmal\u0131, h\u0259bs edil\u0259n jurnalistl\u0259r azad edilm\u0259lidir\u201d Az\u0259rbaycan &#8230; <\/p>\n<p class=\"read-more-container\"><a title=\"V\u0259t\u0259nda\u015f c\u0259miyy\u0259ti: Siyasi h\u0259bsl\u0259rin v\u0259 repressiyalar\u0131n yeni dal\u011fas\u0131 ba\u015flay\u0131b\" class=\"read-more button\" href=\"https:\/\/www.meydan.tv\/az\/article\/vetendas-cemiyyeti-siyasi-hebslerin-ve-repressiyalarin-yeni-dalgasi-baslayib\/#more-291418\" aria-label=\"Read more about V\u0259t\u0259nda\u015f c\u0259miyy\u0259ti: Siyasi h\u0259bsl\u0259rin v\u0259 repressiyalar\u0131n yeni dal\u011fas\u0131 ba\u015flay\u0131b\">Davam\u0131<\/a><\/p>\n","protected":false},"author":21,"featured_media":291123,"comment_status":"closed","ping_status":"closed","sticky":false,"template":"","format":"standard","meta":{"_acf_changed":false,"_sitemap_exclude":false,"_sitemap_priority":"","_sitemap_frequency":"","footnotes":""},"categories":[59,56],"tags":[],"class_list":["post-291418","post","type-post","status-publish","format-standard","has-post-thumbnail","hentry","category-siyaset","category-xeberler","infinite-scroll-item","generate-columns","tablet-grid-50","mobile-grid-100","grid-parent","grid-33","no-featured-image-padding"],"acf":[],"yoast_head":"<!-- This site is optimized with the Yoast SEO plugin v27.4 - https:\/\/yoast.com\/product\/yoast-seo-wordpress\/ -->\n<title>V\u0259t\u0259nda\u015f c\u0259miyy\u0259ti: Siyasi h\u0259bsl\u0259rin v\u0259 repressiyalar\u0131n yeni dal\u011fas\u0131 ba\u015flay\u0131b - MEYDAN.TV<\/title>\n<meta name=\"robots\" content=\"index, follow, max-snippet:-1, max-image-preview:large, max-video-preview:-1\" \/>\n<link rel=\"canonical\" href=\"https:\/\/www.meydan.tv\/az\/article\/vetendas-cemiyyeti-siyasi-hebslerin-ve-repressiyalarin-yeni-dalgasi-baslayib\/\" \/>\n<meta property=\"og:locale\" content=\"az_AZ\" \/>\n<meta property=\"og:type\" content=\"article\" \/>\n<meta property=\"og:title\" content=\"V\u0259t\u0259nda\u015f c\u0259miyy\u0259ti: Siyasi h\u0259bsl\u0259rin v\u0259 repressiyalar\u0131n yeni dal\u011fas\u0131 ba\u015flay\u0131b - MEYDAN.TV\" \/>\n<meta property=\"og:description\" content=\"\u201c\u201dAbzasMedia\u201d ya t\u0259zyiq dayand\u0131r\u0131lmal\u0131, h\u0259bs edil\u0259n jurnalistl\u0259r azad edilm\u0259lidir\u201d Az\u0259rbaycan ... Davam\u0131\" \/>\n<meta property=\"og:url\" content=\"https:\/\/www.meydan.tv\/az\/article\/vetendas-cemiyyeti-siyasi-hebslerin-ve-repressiyalarin-yeni-dalgasi-baslayib\/\" \/>\n<meta property=\"og:site_name\" content=\"MEYDAN.TV\" \/>\n<meta property=\"article:published_time\" content=\"2023-11-24T10:36:15+00:00\" \/>\n<meta property=\"article:modified_time\" content=\"2023-11-24T10:40:57+00:00\" \/>\n<meta property=\"og:image\" content=\"https:\/\/www.meydan.tv\/wp-content\/uploads\/img_2183.jpg\" \/>\n\t<meta property=\"og:image:width\" content=\"1280\" \/>\n\t<meta property=\"og:image:height\" content=\"720\" \/>\n\t<meta property=\"og:image:type\" content=\"image\/jpeg\" \/>\n<meta name=\"author\" content=\"mahmud\" \/>\n<meta name=\"twitter:card\" content=\"summary_large_image\" \/>\n<script type=\"application\/ld+json\" class=\"yoast-schema-graph\">{\"@context\":\"https:\\\/\\\/schema.org\",\"@graph\":[{\"@type\":\"Article\",\"@id\":\"https:\\\/\\\/www.meydan.tv\\\/az\\\/article\\\/vetendas-cemiyyeti-siyasi-hebslerin-ve-repressiyalarin-yeni-dalgasi-baslayib\\\/#article\",\"isPartOf\":{\"@id\":\"https:\\\/\\\/www.meydan.tv\\\/az\\\/article\\\/vetendas-cemiyyeti-siyasi-hebslerin-ve-repressiyalarin-yeni-dalgasi-baslayib\\\/\"},\"author\":{\"name\":\"mahmud\",\"@id\":\"https:\\\/\\\/www.meydan.tv\\\/az\\\/#\\\/schema\\\/person\\\/09863e516102a829e72bedcf3f84c6b0\"},\"headline\":\"V\u0259t\u0259nda\u015f c\u0259miyy\u0259ti: Siyasi h\u0259bsl\u0259rin v\u0259 repressiyalar\u0131n yeni dal\u011fas\u0131 ba\u015flay\u0131b\",\"datePublished\":\"2023-11-24T10:36:15+00:00\",\"dateModified\":\"2023-11-24T10:40:57+00:00\",\"mainEntityOfPage\":{\"@id\":\"https:\\\/\\\/www.meydan.tv\\\/az\\\/article\\\/vetendas-cemiyyeti-siyasi-hebslerin-ve-repressiyalarin-yeni-dalgasi-baslayib\\\/\"},\"wordCount\":2276,\"publisher\":{\"@id\":\"https:\\\/\\\/www.meydan.tv\\\/az\\\/#organization\"},\"image\":{\"@id\":\"https:\\\/\\\/www.meydan.tv\\\/az\\\/article\\\/vetendas-cemiyyeti-siyasi-hebslerin-ve-repressiyalarin-yeni-dalgasi-baslayib\\\/#primaryimage\"},\"thumbnailUrl\":\"https:\\\/\\\/www.meydan.tv\\\/wp-content\\\/uploads\\\/img_2183.jpg\",\"articleSection\":[\"Siyas\u0259t\",\"X\u0259b\u0259rl\u0259r\"],\"inLanguage\":\"az\"},{\"@type\":\"WebPage\",\"@id\":\"https:\\\/\\\/www.meydan.tv\\\/az\\\/article\\\/vetendas-cemiyyeti-siyasi-hebslerin-ve-repressiyalarin-yeni-dalgasi-baslayib\\\/\",\"url\":\"https:\\\/\\\/www.meydan.tv\\\/az\\\/article\\\/vetendas-cemiyyeti-siyasi-hebslerin-ve-repressiyalarin-yeni-dalgasi-baslayib\\\/\",\"name\":\"V\u0259t\u0259nda\u015f c\u0259miyy\u0259ti: Siyasi h\u0259bsl\u0259rin v\u0259 repressiyalar\u0131n yeni dal\u011fas\u0131 ba\u015flay\u0131b - MEYDAN.TV\",\"isPartOf\":{\"@id\":\"https:\\\/\\\/www.meydan.tv\\\/az\\\/#website\"},\"primaryImageOfPage\":{\"@id\":\"https:\\\/\\\/www.meydan.tv\\\/az\\\/article\\\/vetendas-cemiyyeti-siyasi-hebslerin-ve-repressiyalarin-yeni-dalgasi-baslayib\\\/#primaryimage\"},\"image\":{\"@id\":\"https:\\\/\\\/www.meydan.tv\\\/az\\\/article\\\/vetendas-cemiyyeti-siyasi-hebslerin-ve-repressiyalarin-yeni-dalgasi-baslayib\\\/#primaryimage\"},\"thumbnailUrl\":\"https:\\\/\\\/www.meydan.tv\\\/wp-content\\\/uploads\\\/img_2183.jpg\",\"datePublished\":\"2023-11-24T10:36:15+00:00\",\"dateModified\":\"2023-11-24T10:40:57+00:00\",\"breadcrumb\":{\"@id\":\"https:\\\/\\\/www.meydan.tv\\\/az\\\/article\\\/vetendas-cemiyyeti-siyasi-hebslerin-ve-repressiyalarin-yeni-dalgasi-baslayib\\\/#breadcrumb\"},\"inLanguage\":\"az\",\"potentialAction\":[{\"@type\":\"ReadAction\",\"target\":[\"https:\\\/\\\/www.meydan.tv\\\/az\\\/article\\\/vetendas-cemiyyeti-siyasi-hebslerin-ve-repressiyalarin-yeni-dalgasi-baslayib\\\/\"]}]},{\"@type\":\"ImageObject\",\"inLanguage\":\"az\",\"@id\":\"https:\\\/\\\/www.meydan.tv\\\/az\\\/article\\\/vetendas-cemiyyeti-siyasi-hebslerin-ve-repressiyalarin-yeni-dalgasi-baslayib\\\/#primaryimage\",\"url\":\"https:\\\/\\\/www.meydan.tv\\\/wp-content\\\/uploads\\\/img_2183.jpg\",\"contentUrl\":\"https:\\\/\\\/www.meydan.tv\\\/wp-content\\\/uploads\\\/img_2183.jpg\",\"width\":1280,\"height\":720,\"caption\":\"\u00dclvi H\u0259s\u0259nli, Sevinc Vaqifq\u0131z\u0131 v\u0259 M\u0259h\u0259mm\u0259d Kekalov. Foto: Meydan TV\"},{\"@type\":\"BreadcrumbList\",\"@id\":\"https:\\\/\\\/www.meydan.tv\\\/az\\\/article\\\/vetendas-cemiyyeti-siyasi-hebslerin-ve-repressiyalarin-yeni-dalgasi-baslayib\\\/#breadcrumb\",\"itemListElement\":[{\"@type\":\"ListItem\",\"position\":1,\"name\":\"Ana s\u0259hif\u0259\",\"item\":\"https:\\\/\\\/www.meydan.tv\\\/az\\\/\"},{\"@type\":\"ListItem\",\"position\":2,\"name\":\"Siyas\u0259t\",\"item\":\"https:\\\/\\\/www.meydan.tv\\\/az\\\/section\\\/siyaset\\\/\"},{\"@type\":\"ListItem\",\"position\":3,\"name\":\"V\u0259t\u0259nda\u015f c\u0259miyy\u0259ti: Siyasi h\u0259bsl\u0259rin v\u0259 repressiyalar\u0131n yeni dal\u011fas\u0131 ba\u015flay\u0131b\"}]},{\"@type\":\"WebSite\",\"@id\":\"https:\\\/\\\/www.meydan.tv\\\/az\\\/#website\",\"url\":\"https:\\\/\\\/www.meydan.tv\\\/az\\\/\",\"name\":\"MEYDAN.TV\",\"description\":\"Meydan TV Az\u0259rbaycan\u0131n media m\u0259kan\u0131ndak\u0131 alternativ s\u0259sidir\",\"publisher\":{\"@id\":\"https:\\\/\\\/www.meydan.tv\\\/az\\\/#organization\"},\"potentialAction\":[{\"@type\":\"SearchAction\",\"target\":{\"@type\":\"EntryPoint\",\"urlTemplate\":\"https:\\\/\\\/www.meydan.tv\\\/az\\\/?s={search_term_string}\"},\"query-input\":{\"@type\":\"PropertyValueSpecification\",\"valueRequired\":true,\"valueName\":\"search_term_string\"}}],\"inLanguage\":\"az\"},{\"@type\":\"Organization\",\"@id\":\"https:\\\/\\\/www.meydan.tv\\\/az\\\/#organization\",\"name\":\"Meydan TV\",\"url\":\"https:\\\/\\\/www.meydan.tv\\\/az\\\/\",\"logo\":{\"@type\":\"ImageObject\",\"inLanguage\":\"az\",\"@id\":\"https:\\\/\\\/www.meydan.tv\\\/az\\\/#\\\/schema\\\/logo\\\/image\\\/\",\"url\":\"https:\\\/\\\/www.meydan.tv\\\/wp-content\\\/uploads\\\/2021\\\/07\\\/meydan-logo.svg\",\"contentUrl\":\"https:\\\/\\\/www.meydan.tv\\\/wp-content\\\/uploads\\\/2021\\\/07\\\/meydan-logo.svg\",\"width\":195,\"height\":46,\"caption\":\"Meydan TV\"},\"image\":{\"@id\":\"https:\\\/\\\/www.meydan.tv\\\/az\\\/#\\\/schema\\\/logo\\\/image\\\/\"}},{\"@type\":\"Person\",\"@id\":\"https:\\\/\\\/www.meydan.tv\\\/az\\\/#\\\/schema\\\/person\\\/09863e516102a829e72bedcf3f84c6b0\",\"name\":\"mahmud\"}]}<\/script>\n<!-- \/ Yoast SEO plugin. -->","yoast_head_json":{"title":"V\u0259t\u0259nda\u015f c\u0259miyy\u0259ti: Siyasi h\u0259bsl\u0259rin v\u0259 repressiyalar\u0131n yeni dal\u011fas\u0131 ba\u015flay\u0131b - MEYDAN.TV","robots":{"index":"index","follow":"follow","max-snippet":"max-snippet:-1","max-image-preview":"max-image-preview:large","max-video-preview":"max-video-preview:-1"},"canonical":"https:\/\/www.meydan.tv\/az\/article\/vetendas-cemiyyeti-siyasi-hebslerin-ve-repressiyalarin-yeni-dalgasi-baslayib\/","og_locale":"az_AZ","og_type":"article","og_title":"V\u0259t\u0259nda\u015f c\u0259miyy\u0259ti: Siyasi h\u0259bsl\u0259rin v\u0259 repressiyalar\u0131n yeni dal\u011fas\u0131 ba\u015flay\u0131b - MEYDAN.TV","og_description":"\u201c\u201dAbzasMedia\u201d ya t\u0259zyiq dayand\u0131r\u0131lmal\u0131, h\u0259bs edil\u0259n jurnalistl\u0259r azad edilm\u0259lidir\u201d Az\u0259rbaycan ... Davam\u0131","og_url":"https:\/\/www.meydan.tv\/az\/article\/vetendas-cemiyyeti-siyasi-hebslerin-ve-repressiyalarin-yeni-dalgasi-baslayib\/","og_site_name":"MEYDAN.TV","article_published_time":"2023-11-24T10:36:15+00:00","article_modified_time":"2023-11-24T10:40:57+00:00","og_image":[{"width":1280,"height":720,"url":"https:\/\/www.meydan.tv\/wp-content\/uploads\/img_2183.jpg","type":"image\/jpeg"}],"author":"mahmud","twitter_card":"summary_large_image","schema":{"@context":"https:\/\/schema.org","@graph":[{"@type":"Article","@id":"https:\/\/www.meydan.tv\/az\/article\/vetendas-cemiyyeti-siyasi-hebslerin-ve-repressiyalarin-yeni-dalgasi-baslayib\/#article","isPartOf":{"@id":"https:\/\/www.meydan.tv\/az\/article\/vetendas-cemiyyeti-siyasi-hebslerin-ve-repressiyalarin-yeni-dalgasi-baslayib\/"},"author":{"name":"mahmud","@id":"https:\/\/www.meydan.tv\/az\/#\/schema\/person\/09863e516102a829e72bedcf3f84c6b0"},"headline":"V\u0259t\u0259nda\u015f c\u0259miyy\u0259ti: Siyasi h\u0259bsl\u0259rin v\u0259 repressiyalar\u0131n yeni dal\u011fas\u0131 ba\u015flay\u0131b","datePublished":"2023-11-24T10:36:15+00:00","dateModified":"2023-11-24T10:40:57+00:00","mainEntityOfPage":{"@id":"https:\/\/www.meydan.tv\/az\/article\/vetendas-cemiyyeti-siyasi-hebslerin-ve-repressiyalarin-yeni-dalgasi-baslayib\/"},"wordCount":2276,"publisher":{"@id":"https:\/\/www.meydan.tv\/az\/#organization"},"image":{"@id":"https:\/\/www.meydan.tv\/az\/article\/vetendas-cemiyyeti-siyasi-hebslerin-ve-repressiyalarin-yeni-dalgasi-baslayib\/#primaryimage"},"thumbnailUrl":"https:\/\/www.meydan.tv\/wp-content\/uploads\/img_2183.jpg","articleSection":["Siyas\u0259t","X\u0259b\u0259rl\u0259r"],"inLanguage":"az"},{"@type":"WebPage","@id":"https:\/\/www.meydan.tv\/az\/article\/vetendas-cemiyyeti-siyasi-hebslerin-ve-repressiyalarin-yeni-dalgasi-baslayib\/","url":"https:\/\/www.meydan.tv\/az\/article\/vetendas-cemiyyeti-siyasi-hebslerin-ve-repressiyalarin-yeni-dalgasi-baslayib\/","name":"V\u0259t\u0259nda\u015f c\u0259miyy\u0259ti: Siyasi h\u0259bsl\u0259rin v\u0259 repressiyalar\u0131n yeni dal\u011fas\u0131 ba\u015flay\u0131b - MEYDAN.TV","isPartOf":{"@id":"https:\/\/www.meydan.tv\/az\/#website"},"primaryImageOfPage":{"@id":"https:\/\/www.meydan.tv\/az\/article\/vetendas-cemiyyeti-siyasi-hebslerin-ve-repressiyalarin-yeni-dalgasi-baslayib\/#primaryimage"},"image":{"@id":"https:\/\/www.meydan.tv\/az\/article\/vetendas-cemiyyeti-siyasi-hebslerin-ve-repressiyalarin-yeni-dalgasi-baslayib\/#primaryimage"},"thumbnailUrl":"https:\/\/www.meydan.tv\/wp-content\/uploads\/img_2183.jpg","datePublished":"2023-11-24T10:36:15+00:00","dateModified":"2023-11-24T10:40:57+00:00","breadcrumb":{"@id":"https:\/\/www.meydan.tv\/az\/article\/vetendas-cemiyyeti-siyasi-hebslerin-ve-repressiyalarin-yeni-dalgasi-baslayib\/#breadcrumb"},"inLanguage":"az","potentialAction":[{"@type":"ReadAction","target":["https:\/\/www.meydan.tv\/az\/article\/vetendas-cemiyyeti-siyasi-hebslerin-ve-repressiyalarin-yeni-dalgasi-baslayib\/"]}]},{"@type":"ImageObject","inLanguage":"az","@id":"https:\/\/www.meydan.tv\/az\/article\/vetendas-cemiyyeti-siyasi-hebslerin-ve-repressiyalarin-yeni-dalgasi-baslayib\/#primaryimage","url":"https:\/\/www.meydan.tv\/wp-content\/uploads\/img_2183.jpg","contentUrl":"https:\/\/www.meydan.tv\/wp-content\/uploads\/img_2183.jpg","width":1280,"height":720,"caption":"\u00dclvi H\u0259s\u0259nli, Sevinc Vaqifq\u0131z\u0131 v\u0259 M\u0259h\u0259mm\u0259d Kekalov. Foto: Meydan TV"},{"@type":"BreadcrumbList","@id":"https:\/\/www.meydan.tv\/az\/article\/vetendas-cemiyyeti-siyasi-hebslerin-ve-repressiyalarin-yeni-dalgasi-baslayib\/#breadcrumb","itemListElement":[{"@type":"ListItem","position":1,"name":"Ana s\u0259hif\u0259","item":"https:\/\/www.meydan.tv\/az\/"},{"@type":"ListItem","position":2,"name":"Siyas\u0259t","item":"https:\/\/www.meydan.tv\/az\/section\/siyaset\/"},{"@type":"ListItem","position":3,"name":"V\u0259t\u0259nda\u015f c\u0259miyy\u0259ti: Siyasi h\u0259bsl\u0259rin v\u0259 repressiyalar\u0131n yeni dal\u011fas\u0131 ba\u015flay\u0131b"}]},{"@type":"WebSite","@id":"https:\/\/www.meydan.tv\/az\/#website","url":"https:\/\/www.meydan.tv\/az\/","name":"MEYDAN.TV","description":"Meydan TV Az\u0259rbaycan\u0131n media m\u0259kan\u0131ndak\u0131 alternativ s\u0259sidir","publisher":{"@id":"https:\/\/www.meydan.tv\/az\/#organization"},"potentialAction":[{"@type":"SearchAction","target":{"@type":"EntryPoint","urlTemplate":"https:\/\/www.meydan.tv\/az\/?s={search_term_string}"},"query-input":{"@type":"PropertyValueSpecification","valueRequired":true,"valueName":"search_term_string"}}],"inLanguage":"az"},{"@type":"Organization","@id":"https:\/\/www.meydan.tv\/az\/#organization","name":"Meydan TV","url":"https:\/\/www.meydan.tv\/az\/","logo":{"@type":"ImageObject","inLanguage":"az","@id":"https:\/\/www.meydan.tv\/az\/#\/schema\/logo\/image\/","url":"https:\/\/www.meydan.tv\/wp-content\/uploads\/2021\/07\/meydan-logo.svg","contentUrl":"https:\/\/www.meydan.tv\/wp-content\/uploads\/2021\/07\/meydan-logo.svg","width":195,"height":46,"caption":"Meydan TV"},"image":{"@id":"https:\/\/www.meydan.tv\/az\/#\/schema\/logo\/image\/"}},{"@type":"Person","@id":"https:\/\/www.meydan.tv\/az\/#\/schema\/person\/09863e516102a829e72bedcf3f84c6b0","name":"mahmud"}]}},"_links":{"self":[{"href":"https:\/\/www.meydan.tv\/az\/wp-json\/wp\/v2\/posts\/291418","targetHints":{"allow":["GET"]}}],"collection":[{"href":"https:\/\/www.meydan.tv\/az\/wp-json\/wp\/v2\/posts"}],"about":[{"href":"https:\/\/www.meydan.tv\/az\/wp-json\/wp\/v2\/types\/post"}],"author":[{"embeddable":true,"href":"https:\/\/www.meydan.tv\/az\/wp-json\/wp\/v2\/users\/21"}],"replies":[{"embeddable":true,"href":"https:\/\/www.meydan.tv\/az\/wp-json\/wp\/v2\/comments?post=291418"}],"version-history":[{"count":3,"href":"https:\/\/www.meydan.tv\/az\/wp-json\/wp\/v2\/posts\/291418\/revisions"}],"predecessor-version":[{"id":291425,"href":"https:\/\/www.meydan.tv\/az\/wp-json\/wp\/v2\/posts\/291418\/revisions\/291425"}],"wp:featuredmedia":[{"embeddable":true,"href":"https:\/\/www.meydan.tv\/az\/wp-json\/wp\/v2\/media\/291123"}],"wp:attachment":[{"href":"https:\/\/www.meydan.tv\/az\/wp-json\/wp\/v2\/media?parent=291418"}],"wp:term":[{"taxonomy":"category","embeddable":true,"href":"https:\/\/www.meydan.tv\/az\/wp-json\/wp\/v2\/categories?post=291418"},{"taxonomy":"post_tag","embeddable":true,"href":"https:\/\/www.meydan.tv\/az\/wp-json\/wp\/v2\/tags?post=291418"}],"curies":[{"name":"wp","href":"https:\/\/api.w.org\/{rel}","templated":true}]}}