{"id":291392,"date":"2023-11-24T08:10:34","date_gmt":"2023-11-24T04:10:34","guid":{"rendered":"https:\/\/www.meydan.tv\/?p=291392"},"modified":"2023-11-24T08:10:37","modified_gmt":"2023-11-24T04:10:37","slug":"ulvi-hesenlinin-heyat-yoldasi-ve-daha-iki-jurnalist-polise-cagirilib","status":"publish","type":"post","link":"https:\/\/www.meydan.tv\/az\/article\/ulvi-hesenlinin-heyat-yoldasi-ve-daha-iki-jurnalist-polise-cagirilib\/","title":{"rendered":"\u00dclvi H\u0259s\u0259nlinin h\u0259yat yolda\u015f\u0131 v\u0259 daha iki jurnalist polis\u0259 \u00e7a\u011f\u0131r\u0131l\u0131b"},"content":{"rendered":"\n<p><\/p>\n\n\n\n<p><strong><em>Onlar\u0131n \u015fahid qismind\u0259 dindiril\u0259c\u0259yi g\u00f6zl\u0259nilir<\/em><\/strong><\/p>\n\n\n\n<p>Jurnalistl\u0259r Mina \u018flyarl\u0131 v\u0259 Elnar\u0259 Qas\u0131mova &#8220;AbzasMedia&#8221;n\u0131n direktoru \u00dclvi H\u0259s\u0259nli v\u0259 ba\u015f redaktoru Sevinc Vaqifq\u0131z\u0131na qar\u015f\u0131 a\u00e7\u0131lan cinay\u0259t i\u015fi il\u0259 ba\u011fl\u0131 Bak\u0131 \u015e\u0259h\u0259r Ba\u015f Polis \u0130dar\u0259sin\u0259 (B\u015eBP\u0130) \u00e7a\u011f\u0131r\u0131l\u0131blar.<\/p>\n\n\n\n<p>Onlar\u0131n istintaqa \u015fahid qismind\u0259 \u00e7a\u011f\u0131r\u0131ld\u0131\u011f\u0131 bildirilir.<\/p>\n\n\n\n<p>Eyni i\u015fl\u0259 ba\u011fl\u0131 \u00f6t\u0259n g\u00fcn jurnalistl\u0259r Sahil\u0259 Aslanova v\u0259 N\u0259rgiz Absalamova da B\u015eBP\u0130-y\u0259 \u00e7a\u011f\u0131r\u0131lm\u0131\u015fd\u0131lar.<\/p>\n\n\n\n<p>Bundan ba\u015fqa, &#8220;AbzasMedia&#8221;n\u0131n direktoru \u00dclvi H\u0259s\u0259nlinin h\u0259yat yolda\u015f\u0131 R\u00fcbab\u0259 Quliyeva da noyabr\u0131n 24-d\u0259 B\u015eBP\u0130-y\u0259 \u00e7a\u011f\u0131r\u0131l\u0131b.<\/p>\n\n\n\n<p>Onun da \u00dclvi H\u0259s\u0259nli v\u0259 &#8220;AbzasMedia&#8221;n\u0131n ba\u015f redaktoru Sevinc Vaqifq\u0131z\u0131na qar\u015f\u0131 a\u00e7\u0131lan cinay\u0259t i\u015fi il\u0259 ba\u011fl\u0131 \u015fahid qismind\u0259 \u00e7a\u011f\u0131r\u0131ld\u0131\u011f\u0131 ehtimal edilir.<\/p>\n\n\n\n<p><strong><em>N\u0259 ba\u015f verir?<\/em><\/strong><\/p>\n\n\n\n<p>\u00dclvi H\u0259s\u0259nli noyabr\u0131n 20-d\u0259 s\u0259h\u0259r saat 5 rad\u0259l\u0259rind\u0259 evinin qar\u015f\u0131s\u0131nda taksiy\u0259 min\u0259rk\u0259n saxlan\u0131l\u0131b.<\/p>\n\n\n\n<p>Sevinc Vaqifq\u0131z\u0131 noyabr\u0131n 21-n\u0259 ke\u00e7\u0259n gec\u0259 saat 2 rad\u0259l\u0259rind\u0259 \u00f6lk\u0259y\u0259 qay\u0131dark\u0259n Bak\u0131dak\u0131 hava liman\u0131nda t\u0259yyar\u0259 yer\u0259 en\u0259n kimi saxlan\u0131l\u0131b.<\/p>\n\n\n\n<p>Noyabr\u0131n 20-d\u0259 \u201cAbzasMedia\u201dn\u0131n ofisind\u0259 v\u0259 \u00dclvi H\u0259s\u0259nlinin evind\u0259, Sevinc Vaqifq\u0131z\u0131 saxland\u0131qdan d\u0259rhal sonra is\u0259 gec\u0259 saat 3 rad\u0259l\u0259rind\u0259 onun ya\u015fad\u0131\u011f\u0131 m\u0259nzild\u0259 axtar\u0131\u015f apar\u0131l\u0131b.<\/p>\n\n\n\n<p>Sayt\u0131n ofisind\u0259n 40 min avro pul tap\u0131ld\u0131\u011f\u0131 iddia olunub.<\/p>\n\n\n\n<p>\u00dclvi H\u0259s\u0259nli is\u0259 orada pul olmad\u0131\u011f\u0131n\u0131, 40 min avronun ofis\u0259 onu tapd\u0131\u011f\u0131n\u0131 iddia ed\u0259nl\u0259rin \u00f6zl\u0259ri t\u0259r\u0259find\u0259n qoyuldu\u011funu bildirib.<\/p>\n\n\n\n<p>H\u0259m \u00dclvi H\u0259s\u0259nli, h\u0259m d\u0259 Sevinc Vaqifq\u0131z\u0131 onlara qar\u015f\u0131 ir\u0259li s\u00fcr\u00fcl\u0259n ittiham\u0131n absurd oldu\u011funu, \u201cAbzasMedia\u201dn\u0131n f\u0259aliyy\u0259tin\u0259, konkret olaraq, korrupsiya ara\u015fd\u0131rmalar\u0131na g\u00f6r\u0259 h\u0259bs olunduqlar\u0131n\u0131 bildiribl\u0259r.<\/p>\n\n\n\n<p>Noyabr\u0131n 21-d\u0259 X\u0259tai Rayon M\u0259hk\u0259m\u0259sinin q\u0259rar\u0131 il\u0259 &#8220;AbzasMedia&#8221;n\u0131n direktoru \u00dclvi H\u0259s\u0259nliy\u0259 4 ay, ba\u015f redaktoru Sevinc Vaqifq\u0131z\u0131na is\u0259 3 ay 29 g\u00fcn m\u00fcdd\u0259tin\u0259 h\u0259bs q\u0259timkan t\u0259dbiri verilib.<\/p>\n\n\n\n<p>Onlar Cinay\u0259t M\u0259c\u0259ll\u0259sinin 206.3.2 (qa\u00e7aqmal\u00e7\u0131l\u0131q qabaqcadan \u0259lbir olan bir qrup \u015f\u0259xs t\u0259r\u0259find\u0259n t\u00f6r\u0259dildikd\u0259) madd\u0259si il\u0259 ittiham olunur.<\/p>\n\n\n\n<p>\u00dclvi H\u0259s\u0259nli v\u0259 Sevinc Vaqifq\u0131z\u0131 ittihamlar\u0131 q\u0259bul etmir, h\u0259bsl\u0259rinin korrupsiya ara\u015fd\u0131rmalar\u0131 il\u0259 ba\u011fl\u0131 oldu\u011funu bildirir.<\/p>\n\n\n\n<p>Noyabr\u0131n 23-d\u0259 is\u0259 &#8220;AbzasMedia&#8221;n\u0131n direktor m\u00fcavini M\u0259h\u0259mm\u0259d Kekalov bar\u0259sind\u0259 X\u0259tai Rayon M\u0259hk\u0259m\u0259sinin q\u0259rar\u0131 il\u0259 3 ay 27 g\u00fcn h\u0259bs q\u0259timkan t\u0259dbiri se\u00e7ilib.<\/p>\n\n\n\n<p>O da Cinay\u0259t M\u0259c\u0259ll\u0259sinin 206.3.2 (qa\u00e7aqmal\u00e7\u0131l\u0131q qabaqcadan \u0259lbir olan bir qrup \u015f\u0259xs t\u0259r\u0259find\u0259n t\u00f6r\u0259dildikd\u0259) madd\u0259si il\u0259 ittiham olunur<\/p>\n","protected":false},"excerpt":{"rendered":"<p>Onlar\u0131n \u015fahid qismind\u0259 dindiril\u0259c\u0259yi g\u00f6zl\u0259nilir Jurnalistl\u0259r Mina \u018flyarl\u0131 v\u0259 Elnar\u0259 &#8230; <\/p>\n<p class=\"read-more-container\"><a title=\"\u00dclvi H\u0259s\u0259nlinin h\u0259yat yolda\u015f\u0131 v\u0259 daha iki jurnalist polis\u0259 \u00e7a\u011f\u0131r\u0131l\u0131b\" class=\"read-more button\" href=\"https:\/\/www.meydan.tv\/az\/article\/ulvi-hesenlinin-heyat-yoldasi-ve-daha-iki-jurnalist-polise-cagirilib\/#more-291392\" aria-label=\"Read more about \u00dclvi H\u0259s\u0259nlinin h\u0259yat yolda\u015f\u0131 v\u0259 daha iki jurnalist polis\u0259 \u00e7a\u011f\u0131r\u0131l\u0131b\">Davam\u0131<\/a><\/p>\n","protected":false},"author":21,"featured_media":131540,"comment_status":"closed","ping_status":"closed","sticky":false,"template":"","format":"standard","meta":{"_acf_changed":false,"_sitemap_exclude":false,"_sitemap_priority":"","_sitemap_frequency":"","footnotes":""},"categories":[59,56],"tags":[],"class_list":["post-291392","post","type-post","status-publish","format-standard","has-post-thumbnail","hentry","category-siyaset","category-xeberler","infinite-scroll-item","generate-columns","tablet-grid-50","mobile-grid-100","grid-parent","grid-33","no-featured-image-padding"],"acf":[],"yoast_head":"<!-- This site is optimized with the Yoast SEO plugin v27.4 - https:\/\/yoast.com\/product\/yoast-seo-wordpress\/ -->\n<title>\u00dclvi H\u0259s\u0259nlinin h\u0259yat yolda\u015f\u0131 v\u0259 daha iki jurnalist polis\u0259 \u00e7a\u011f\u0131r\u0131l\u0131b - MEYDAN.TV<\/title>\n<meta name=\"robots\" content=\"index, follow, max-snippet:-1, max-image-preview:large, max-video-preview:-1\" \/>\n<link rel=\"canonical\" href=\"https:\/\/www.meydan.tv\/az\/article\/ulvi-hesenlinin-heyat-yoldasi-ve-daha-iki-jurnalist-polise-cagirilib\/\" \/>\n<meta property=\"og:locale\" content=\"az_AZ\" \/>\n<meta property=\"og:type\" content=\"article\" \/>\n<meta property=\"og:title\" content=\"\u00dclvi H\u0259s\u0259nlinin h\u0259yat yolda\u015f\u0131 v\u0259 daha iki jurnalist polis\u0259 \u00e7a\u011f\u0131r\u0131l\u0131b - MEYDAN.TV\" \/>\n<meta property=\"og:description\" content=\"Onlar\u0131n \u015fahid qismind\u0259 dindiril\u0259c\u0259yi g\u00f6zl\u0259nilir Jurnalistl\u0259r Mina \u018flyarl\u0131 v\u0259 Elnar\u0259 ... Davam\u0131\" \/>\n<meta property=\"og:url\" content=\"https:\/\/www.meydan.tv\/az\/article\/ulvi-hesenlinin-heyat-yoldasi-ve-daha-iki-jurnalist-polise-cagirilib\/\" \/>\n<meta property=\"og:site_name\" content=\"MEYDAN.TV\" \/>\n<meta property=\"article:published_time\" content=\"2023-11-24T04:10:34+00:00\" \/>\n<meta property=\"article:modified_time\" content=\"2023-11-24T04:10:37+00:00\" \/>\n<meta property=\"og:image\" content=\"https:\/\/www.meydan.tv\/wp-content\/uploads\/baki_shr_bas_polis_idarsi.jpg\" \/>\n\t<meta property=\"og:image:width\" content=\"1280\" \/>\n\t<meta property=\"og:image:height\" content=\"851\" \/>\n\t<meta property=\"og:image:type\" content=\"image\/jpeg\" \/>\n<meta name=\"author\" content=\"mahmud\" \/>\n<meta name=\"twitter:card\" content=\"summary_large_image\" \/>\n<script type=\"application\/ld+json\" class=\"yoast-schema-graph\">{\"@context\":\"https:\\\/\\\/schema.org\",\"@graph\":[{\"@type\":\"Article\",\"@id\":\"https:\\\/\\\/www.meydan.tv\\\/az\\\/article\\\/ulvi-hesenlinin-heyat-yoldasi-ve-daha-iki-jurnalist-polise-cagirilib\\\/#article\",\"isPartOf\":{\"@id\":\"https:\\\/\\\/www.meydan.tv\\\/az\\\/article\\\/ulvi-hesenlinin-heyat-yoldasi-ve-daha-iki-jurnalist-polise-cagirilib\\\/\"},\"author\":{\"name\":\"mahmud\",\"@id\":\"https:\\\/\\\/www.meydan.tv\\\/az\\\/#\\\/schema\\\/person\\\/09863e516102a829e72bedcf3f84c6b0\"},\"headline\":\"\u00dclvi H\u0259s\u0259nlinin h\u0259yat yolda\u015f\u0131 v\u0259 daha iki jurnalist polis\u0259 \u00e7a\u011f\u0131r\u0131l\u0131b\",\"datePublished\":\"2023-11-24T04:10:34+00:00\",\"dateModified\":\"2023-11-24T04:10:37+00:00\",\"mainEntityOfPage\":{\"@id\":\"https:\\\/\\\/www.meydan.tv\\\/az\\\/article\\\/ulvi-hesenlinin-heyat-yoldasi-ve-daha-iki-jurnalist-polise-cagirilib\\\/\"},\"wordCount\":513,\"publisher\":{\"@id\":\"https:\\\/\\\/www.meydan.tv\\\/az\\\/#organization\"},\"image\":{\"@id\":\"https:\\\/\\\/www.meydan.tv\\\/az\\\/article\\\/ulvi-hesenlinin-heyat-yoldasi-ve-daha-iki-jurnalist-polise-cagirilib\\\/#primaryimage\"},\"thumbnailUrl\":\"https:\\\/\\\/www.meydan.tv\\\/wp-content\\\/uploads\\\/baki_shr_bas_polis_idarsi.jpg\",\"articleSection\":[\"Siyas\u0259t\",\"X\u0259b\u0259rl\u0259r\"],\"inLanguage\":\"az\"},{\"@type\":\"WebPage\",\"@id\":\"https:\\\/\\\/www.meydan.tv\\\/az\\\/article\\\/ulvi-hesenlinin-heyat-yoldasi-ve-daha-iki-jurnalist-polise-cagirilib\\\/\",\"url\":\"https:\\\/\\\/www.meydan.tv\\\/az\\\/article\\\/ulvi-hesenlinin-heyat-yoldasi-ve-daha-iki-jurnalist-polise-cagirilib\\\/\",\"name\":\"\u00dclvi H\u0259s\u0259nlinin h\u0259yat yolda\u015f\u0131 v\u0259 daha iki jurnalist polis\u0259 \u00e7a\u011f\u0131r\u0131l\u0131b - MEYDAN.TV\",\"isPartOf\":{\"@id\":\"https:\\\/\\\/www.meydan.tv\\\/az\\\/#website\"},\"primaryImageOfPage\":{\"@id\":\"https:\\\/\\\/www.meydan.tv\\\/az\\\/article\\\/ulvi-hesenlinin-heyat-yoldasi-ve-daha-iki-jurnalist-polise-cagirilib\\\/#primaryimage\"},\"image\":{\"@id\":\"https:\\\/\\\/www.meydan.tv\\\/az\\\/article\\\/ulvi-hesenlinin-heyat-yoldasi-ve-daha-iki-jurnalist-polise-cagirilib\\\/#primaryimage\"},\"thumbnailUrl\":\"https:\\\/\\\/www.meydan.tv\\\/wp-content\\\/uploads\\\/baki_shr_bas_polis_idarsi.jpg\",\"datePublished\":\"2023-11-24T04:10:34+00:00\",\"dateModified\":\"2023-11-24T04:10:37+00:00\",\"breadcrumb\":{\"@id\":\"https:\\\/\\\/www.meydan.tv\\\/az\\\/article\\\/ulvi-hesenlinin-heyat-yoldasi-ve-daha-iki-jurnalist-polise-cagirilib\\\/#breadcrumb\"},\"inLanguage\":\"az\",\"potentialAction\":[{\"@type\":\"ReadAction\",\"target\":[\"https:\\\/\\\/www.meydan.tv\\\/az\\\/article\\\/ulvi-hesenlinin-heyat-yoldasi-ve-daha-iki-jurnalist-polise-cagirilib\\\/\"]}]},{\"@type\":\"ImageObject\",\"inLanguage\":\"az\",\"@id\":\"https:\\\/\\\/www.meydan.tv\\\/az\\\/article\\\/ulvi-hesenlinin-heyat-yoldasi-ve-daha-iki-jurnalist-polise-cagirilib\\\/#primaryimage\",\"url\":\"https:\\\/\\\/www.meydan.tv\\\/wp-content\\\/uploads\\\/baki_shr_bas_polis_idarsi.jpg\",\"contentUrl\":\"https:\\\/\\\/www.meydan.tv\\\/wp-content\\\/uploads\\\/baki_shr_bas_polis_idarsi.jpg\",\"width\":1280,\"height\":851,\"caption\":\"Foto: Meydan TV\"},{\"@type\":\"BreadcrumbList\",\"@id\":\"https:\\\/\\\/www.meydan.tv\\\/az\\\/article\\\/ulvi-hesenlinin-heyat-yoldasi-ve-daha-iki-jurnalist-polise-cagirilib\\\/#breadcrumb\",\"itemListElement\":[{\"@type\":\"ListItem\",\"position\":1,\"name\":\"Ana s\u0259hif\u0259\",\"item\":\"https:\\\/\\\/www.meydan.tv\\\/az\\\/\"},{\"@type\":\"ListItem\",\"position\":2,\"name\":\"Siyas\u0259t\",\"item\":\"https:\\\/\\\/www.meydan.tv\\\/az\\\/section\\\/siyaset\\\/\"},{\"@type\":\"ListItem\",\"position\":3,\"name\":\"\u00dclvi H\u0259s\u0259nlinin h\u0259yat yolda\u015f\u0131 v\u0259 daha iki jurnalist polis\u0259 \u00e7a\u011f\u0131r\u0131l\u0131b\"}]},{\"@type\":\"WebSite\",\"@id\":\"https:\\\/\\\/www.meydan.tv\\\/az\\\/#website\",\"url\":\"https:\\\/\\\/www.meydan.tv\\\/az\\\/\",\"name\":\"MEYDAN.TV\",\"description\":\"Meydan TV Az\u0259rbaycan\u0131n media m\u0259kan\u0131ndak\u0131 alternativ s\u0259sidir\",\"publisher\":{\"@id\":\"https:\\\/\\\/www.meydan.tv\\\/az\\\/#organization\"},\"potentialAction\":[{\"@type\":\"SearchAction\",\"target\":{\"@type\":\"EntryPoint\",\"urlTemplate\":\"https:\\\/\\\/www.meydan.tv\\\/az\\\/?s={search_term_string}\"},\"query-input\":{\"@type\":\"PropertyValueSpecification\",\"valueRequired\":true,\"valueName\":\"search_term_string\"}}],\"inLanguage\":\"az\"},{\"@type\":\"Organization\",\"@id\":\"https:\\\/\\\/www.meydan.tv\\\/az\\\/#organization\",\"name\":\"Meydan TV\",\"url\":\"https:\\\/\\\/www.meydan.tv\\\/az\\\/\",\"logo\":{\"@type\":\"ImageObject\",\"inLanguage\":\"az\",\"@id\":\"https:\\\/\\\/www.meydan.tv\\\/az\\\/#\\\/schema\\\/logo\\\/image\\\/\",\"url\":\"https:\\\/\\\/www.meydan.tv\\\/wp-content\\\/uploads\\\/2021\\\/07\\\/meydan-logo.svg\",\"contentUrl\":\"https:\\\/\\\/www.meydan.tv\\\/wp-content\\\/uploads\\\/2021\\\/07\\\/meydan-logo.svg\",\"width\":195,\"height\":46,\"caption\":\"Meydan TV\"},\"image\":{\"@id\":\"https:\\\/\\\/www.meydan.tv\\\/az\\\/#\\\/schema\\\/logo\\\/image\\\/\"}},{\"@type\":\"Person\",\"@id\":\"https:\\\/\\\/www.meydan.tv\\\/az\\\/#\\\/schema\\\/person\\\/09863e516102a829e72bedcf3f84c6b0\",\"name\":\"mahmud\"}]}<\/script>\n<!-- \/ Yoast SEO plugin. -->","yoast_head_json":{"title":"\u00dclvi H\u0259s\u0259nlinin h\u0259yat yolda\u015f\u0131 v\u0259 daha iki jurnalist polis\u0259 \u00e7a\u011f\u0131r\u0131l\u0131b - MEYDAN.TV","robots":{"index":"index","follow":"follow","max-snippet":"max-snippet:-1","max-image-preview":"max-image-preview:large","max-video-preview":"max-video-preview:-1"},"canonical":"https:\/\/www.meydan.tv\/az\/article\/ulvi-hesenlinin-heyat-yoldasi-ve-daha-iki-jurnalist-polise-cagirilib\/","og_locale":"az_AZ","og_type":"article","og_title":"\u00dclvi H\u0259s\u0259nlinin h\u0259yat yolda\u015f\u0131 v\u0259 daha iki jurnalist polis\u0259 \u00e7a\u011f\u0131r\u0131l\u0131b - MEYDAN.TV","og_description":"Onlar\u0131n \u015fahid qismind\u0259 dindiril\u0259c\u0259yi g\u00f6zl\u0259nilir Jurnalistl\u0259r Mina \u018flyarl\u0131 v\u0259 Elnar\u0259 ... Davam\u0131","og_url":"https:\/\/www.meydan.tv\/az\/article\/ulvi-hesenlinin-heyat-yoldasi-ve-daha-iki-jurnalist-polise-cagirilib\/","og_site_name":"MEYDAN.TV","article_published_time":"2023-11-24T04:10:34+00:00","article_modified_time":"2023-11-24T04:10:37+00:00","og_image":[{"width":1280,"height":851,"url":"https:\/\/www.meydan.tv\/wp-content\/uploads\/baki_shr_bas_polis_idarsi.jpg","type":"image\/jpeg"}],"author":"mahmud","twitter_card":"summary_large_image","schema":{"@context":"https:\/\/schema.org","@graph":[{"@type":"Article","@id":"https:\/\/www.meydan.tv\/az\/article\/ulvi-hesenlinin-heyat-yoldasi-ve-daha-iki-jurnalist-polise-cagirilib\/#article","isPartOf":{"@id":"https:\/\/www.meydan.tv\/az\/article\/ulvi-hesenlinin-heyat-yoldasi-ve-daha-iki-jurnalist-polise-cagirilib\/"},"author":{"name":"mahmud","@id":"https:\/\/www.meydan.tv\/az\/#\/schema\/person\/09863e516102a829e72bedcf3f84c6b0"},"headline":"\u00dclvi H\u0259s\u0259nlinin h\u0259yat yolda\u015f\u0131 v\u0259 daha iki jurnalist polis\u0259 \u00e7a\u011f\u0131r\u0131l\u0131b","datePublished":"2023-11-24T04:10:34+00:00","dateModified":"2023-11-24T04:10:37+00:00","mainEntityOfPage":{"@id":"https:\/\/www.meydan.tv\/az\/article\/ulvi-hesenlinin-heyat-yoldasi-ve-daha-iki-jurnalist-polise-cagirilib\/"},"wordCount":513,"publisher":{"@id":"https:\/\/www.meydan.tv\/az\/#organization"},"image":{"@id":"https:\/\/www.meydan.tv\/az\/article\/ulvi-hesenlinin-heyat-yoldasi-ve-daha-iki-jurnalist-polise-cagirilib\/#primaryimage"},"thumbnailUrl":"https:\/\/www.meydan.tv\/wp-content\/uploads\/baki_shr_bas_polis_idarsi.jpg","articleSection":["Siyas\u0259t","X\u0259b\u0259rl\u0259r"],"inLanguage":"az"},{"@type":"WebPage","@id":"https:\/\/www.meydan.tv\/az\/article\/ulvi-hesenlinin-heyat-yoldasi-ve-daha-iki-jurnalist-polise-cagirilib\/","url":"https:\/\/www.meydan.tv\/az\/article\/ulvi-hesenlinin-heyat-yoldasi-ve-daha-iki-jurnalist-polise-cagirilib\/","name":"\u00dclvi H\u0259s\u0259nlinin h\u0259yat yolda\u015f\u0131 v\u0259 daha iki jurnalist polis\u0259 \u00e7a\u011f\u0131r\u0131l\u0131b - MEYDAN.TV","isPartOf":{"@id":"https:\/\/www.meydan.tv\/az\/#website"},"primaryImageOfPage":{"@id":"https:\/\/www.meydan.tv\/az\/article\/ulvi-hesenlinin-heyat-yoldasi-ve-daha-iki-jurnalist-polise-cagirilib\/#primaryimage"},"image":{"@id":"https:\/\/www.meydan.tv\/az\/article\/ulvi-hesenlinin-heyat-yoldasi-ve-daha-iki-jurnalist-polise-cagirilib\/#primaryimage"},"thumbnailUrl":"https:\/\/www.meydan.tv\/wp-content\/uploads\/baki_shr_bas_polis_idarsi.jpg","datePublished":"2023-11-24T04:10:34+00:00","dateModified":"2023-11-24T04:10:37+00:00","breadcrumb":{"@id":"https:\/\/www.meydan.tv\/az\/article\/ulvi-hesenlinin-heyat-yoldasi-ve-daha-iki-jurnalist-polise-cagirilib\/#breadcrumb"},"inLanguage":"az","potentialAction":[{"@type":"ReadAction","target":["https:\/\/www.meydan.tv\/az\/article\/ulvi-hesenlinin-heyat-yoldasi-ve-daha-iki-jurnalist-polise-cagirilib\/"]}]},{"@type":"ImageObject","inLanguage":"az","@id":"https:\/\/www.meydan.tv\/az\/article\/ulvi-hesenlinin-heyat-yoldasi-ve-daha-iki-jurnalist-polise-cagirilib\/#primaryimage","url":"https:\/\/www.meydan.tv\/wp-content\/uploads\/baki_shr_bas_polis_idarsi.jpg","contentUrl":"https:\/\/www.meydan.tv\/wp-content\/uploads\/baki_shr_bas_polis_idarsi.jpg","width":1280,"height":851,"caption":"Foto: Meydan TV"},{"@type":"BreadcrumbList","@id":"https:\/\/www.meydan.tv\/az\/article\/ulvi-hesenlinin-heyat-yoldasi-ve-daha-iki-jurnalist-polise-cagirilib\/#breadcrumb","itemListElement":[{"@type":"ListItem","position":1,"name":"Ana s\u0259hif\u0259","item":"https:\/\/www.meydan.tv\/az\/"},{"@type":"ListItem","position":2,"name":"Siyas\u0259t","item":"https:\/\/www.meydan.tv\/az\/section\/siyaset\/"},{"@type":"ListItem","position":3,"name":"\u00dclvi H\u0259s\u0259nlinin h\u0259yat yolda\u015f\u0131 v\u0259 daha iki jurnalist polis\u0259 \u00e7a\u011f\u0131r\u0131l\u0131b"}]},{"@type":"WebSite","@id":"https:\/\/www.meydan.tv\/az\/#website","url":"https:\/\/www.meydan.tv\/az\/","name":"MEYDAN.TV","description":"Meydan TV Az\u0259rbaycan\u0131n media m\u0259kan\u0131ndak\u0131 alternativ s\u0259sidir","publisher":{"@id":"https:\/\/www.meydan.tv\/az\/#organization"},"potentialAction":[{"@type":"SearchAction","target":{"@type":"EntryPoint","urlTemplate":"https:\/\/www.meydan.tv\/az\/?s={search_term_string}"},"query-input":{"@type":"PropertyValueSpecification","valueRequired":true,"valueName":"search_term_string"}}],"inLanguage":"az"},{"@type":"Organization","@id":"https:\/\/www.meydan.tv\/az\/#organization","name":"Meydan TV","url":"https:\/\/www.meydan.tv\/az\/","logo":{"@type":"ImageObject","inLanguage":"az","@id":"https:\/\/www.meydan.tv\/az\/#\/schema\/logo\/image\/","url":"https:\/\/www.meydan.tv\/wp-content\/uploads\/2021\/07\/meydan-logo.svg","contentUrl":"https:\/\/www.meydan.tv\/wp-content\/uploads\/2021\/07\/meydan-logo.svg","width":195,"height":46,"caption":"Meydan TV"},"image":{"@id":"https:\/\/www.meydan.tv\/az\/#\/schema\/logo\/image\/"}},{"@type":"Person","@id":"https:\/\/www.meydan.tv\/az\/#\/schema\/person\/09863e516102a829e72bedcf3f84c6b0","name":"mahmud"}]}},"_links":{"self":[{"href":"https:\/\/www.meydan.tv\/az\/wp-json\/wp\/v2\/posts\/291392","targetHints":{"allow":["GET"]}}],"collection":[{"href":"https:\/\/www.meydan.tv\/az\/wp-json\/wp\/v2\/posts"}],"about":[{"href":"https:\/\/www.meydan.tv\/az\/wp-json\/wp\/v2\/types\/post"}],"author":[{"embeddable":true,"href":"https:\/\/www.meydan.tv\/az\/wp-json\/wp\/v2\/users\/21"}],"replies":[{"embeddable":true,"href":"https:\/\/www.meydan.tv\/az\/wp-json\/wp\/v2\/comments?post=291392"}],"version-history":[{"count":1,"href":"https:\/\/www.meydan.tv\/az\/wp-json\/wp\/v2\/posts\/291392\/revisions"}],"predecessor-version":[{"id":291393,"href":"https:\/\/www.meydan.tv\/az\/wp-json\/wp\/v2\/posts\/291392\/revisions\/291393"}],"wp:featuredmedia":[{"embeddable":true,"href":"https:\/\/www.meydan.tv\/az\/wp-json\/wp\/v2\/media\/131540"}],"wp:attachment":[{"href":"https:\/\/www.meydan.tv\/az\/wp-json\/wp\/v2\/media?parent=291392"}],"wp:term":[{"taxonomy":"category","embeddable":true,"href":"https:\/\/www.meydan.tv\/az\/wp-json\/wp\/v2\/categories?post=291392"},{"taxonomy":"post_tag","embeddable":true,"href":"https:\/\/www.meydan.tv\/az\/wp-json\/wp\/v2\/tags?post=291392"}],"curies":[{"name":"wp","href":"https:\/\/api.w.org\/{rel}","templated":true}]}}