{"id":291386,"date":"2023-11-23T23:08:07","date_gmt":"2023-11-23T19:08:07","guid":{"rendered":"https:\/\/www.meydan.tv\/?p=291386"},"modified":"2023-11-23T23:08:10","modified_gmt":"2023-11-23T19:08:10","slug":"bineqedide-magaza-yanib","status":"publish","type":"post","link":"https:\/\/www.meydan.tv\/az\/article\/bineqedide-magaza-yanib\/","title":{"rendered":"Bin\u0259q\u0259did\u0259 ma\u011faza yan\u0131b"},"content":{"rendered":"\n<p><\/p>\n\n\n\n<p><em><strong>Bir polisin x\u0259sar\u0259t ald\u0131\u011f\u0131 bildirilir<\/strong><\/em><\/p>\n\n\n\n<p>Noyabr\u0131n 23-d\u0259 saat 20 rad\u0259l\u0259rind\u0259 Bak\u0131n\u0131n Bin\u0259q\u0259di rayonu, S\u00fcleyman Sani Axundov k\u00fc\u00e7\u0259sind\u0259 yerl\u0259\u015f\u0259n ticar\u0259t obyektind\u0259 yan\u011f\u0131n ba\u015f verib.<\/p>\n\n\n\n<p>T\u018fB\u0130B-in m\u0259lumat\u0131na g\u00f6r\u0259, Respublika T\u0259cili v\u0259 T\u0259xir\u0259sal\u0131nmaz Tibbi Yard\u0131m M\u0259rk\u0259zin\u0259 Bak\u0131 \u015f\u0259h\u0259ri, Bin\u0259q\u0259di rayonu, S\u00fcleyman Sani Axundov k\u00fc\u00e7\u0259sind\u0259 yerl\u0259\u015f\u0259n obyektd\u0259 yan\u011f\u0131n hadis\u0259si il\u0259 ba\u011fl\u0131 \u00e7a\u011f\u0131r\u0131\u015f daxil olub. Hadis\u0259 yerin\u0259 7 t\u0259cili tibbi yard\u0131m briqadas\u0131 c\u0259lb olunub.<\/p>\n\n\n\n<p>D\u0130N-in m\u0259tbuat xidm\u0259tind\u0259n bildirildi ki, Bin\u0259q\u0259di rayonu, S\u00fcleyman Sani Axundov k\u00fc\u00e7\u0259sind\u0259 obyektd\u0259 yan\u011f\u0131nla \u0259laq\u0259li polis \u0259m\u0259kda\u015flar\u0131 t\u0259r\u0259find\u0259n t\u0259hl\u00fck\u0259sizlik t\u0259dbirl\u0259ri g\u00f6r\u00fcl\u00fcr. \u018fraziy\u0259 \u0259lav\u0259 canl\u0131 q\u00fcvv\u0259 c\u0259lb edilib. Obyektd\u0259 olan \u015f\u0259xsl\u0259r oradan tam t\u0259xliy\u0259 edilibl\u0259r. Xilasetm\u0259d\u0259 i\u015ftirak ed\u0259n bir polis \u0259m\u0259kda\u015f\u0131 x\u0259sar\u0259t al\u0131b.<\/p>\n\n\n\n<p>\u015eahidl\u0259rin dedikl\u0259rin\u0259 g\u00f6r\u0259 \u0259razid\u0259 idman zal\u0131 v\u0259 paltar ma\u011fazas\u0131 olub:<em> \u201cHadis\u0259 g\u00fcnd\u00fcz saatlar\u0131nda olsa faci\u0259 ba\u015f ver\u0259 bil\u0259rdi\u201d.<\/em><\/p>\n","protected":false},"excerpt":{"rendered":"<p>Bir polisin x\u0259sar\u0259t ald\u0131\u011f\u0131 bildirilir Noyabr\u0131n 23-d\u0259 saat 20 rad\u0259l\u0259rind\u0259 &#8230; <\/p>\n<p class=\"read-more-container\"><a title=\"Bin\u0259q\u0259did\u0259 ma\u011faza yan\u0131b\" class=\"read-more button\" href=\"https:\/\/www.meydan.tv\/az\/article\/bineqedide-magaza-yanib\/#more-291386\" aria-label=\"Read more about Bin\u0259q\u0259did\u0259 ma\u011faza yan\u0131b\">Davam\u0131<\/a><\/p>\n","protected":false},"author":8,"featured_media":291387,"comment_status":"closed","ping_status":"closed","sticky":false,"template":"","format":"standard","meta":{"_acf_changed":false,"_sitemap_exclude":false,"_sitemap_priority":"","_sitemap_frequency":"","footnotes":""},"categories":[62,56],"tags":[],"class_list":["post-291386","post","type-post","status-publish","format-standard","has-post-thumbnail","hentry","category-sosial","category-xeberler","infinite-scroll-item","generate-columns","tablet-grid-50","mobile-grid-100","grid-parent","grid-33","no-featured-image-padding"],"acf":[],"yoast_head":"<!-- This site is optimized with the Yoast SEO plugin v27.5 - https:\/\/yoast.com\/product\/yoast-seo-wordpress\/ -->\n<title>Bin\u0259q\u0259did\u0259 ma\u011faza yan\u0131b - MEYDAN.TV<\/title>\n<meta name=\"robots\" content=\"index, follow, max-snippet:-1, max-image-preview:large, max-video-preview:-1\" \/>\n<link rel=\"canonical\" href=\"https:\/\/www.meydan.tv\/az\/article\/bineqedide-magaza-yanib\/\" \/>\n<meta property=\"og:locale\" content=\"az_AZ\" \/>\n<meta property=\"og:type\" content=\"article\" \/>\n<meta property=\"og:title\" content=\"Bin\u0259q\u0259did\u0259 ma\u011faza yan\u0131b - MEYDAN.TV\" \/>\n<meta property=\"og:description\" content=\"Bir polisin x\u0259sar\u0259t ald\u0131\u011f\u0131 bildirilir Noyabr\u0131n 23-d\u0259 saat 20 rad\u0259l\u0259rind\u0259 ... Davam\u0131\" \/>\n<meta property=\"og:url\" content=\"https:\/\/www.meydan.tv\/az\/article\/bineqedide-magaza-yanib\/\" \/>\n<meta property=\"og:site_name\" content=\"MEYDAN.TV\" \/>\n<meta property=\"article:published_time\" content=\"2023-11-23T19:08:07+00:00\" \/>\n<meta property=\"article:modified_time\" content=\"2023-11-23T19:08:10+00:00\" \/>\n<meta property=\"og:image\" content=\"https:\/\/www.meydan.tv\/wp-content\/uploads\/1-22.jpg\" \/>\n\t<meta property=\"og:image:width\" content=\"1920\" \/>\n\t<meta property=\"og:image:height\" content=\"1080\" \/>\n\t<meta property=\"og:image:type\" content=\"image\/jpeg\" \/>\n<meta name=\"author\" content=\"elli\" \/>\n<meta name=\"twitter:card\" content=\"summary_large_image\" \/>\n<meta name=\"twitter:creator\" content=\"@elli\" \/>\n<script type=\"application\/ld+json\" class=\"yoast-schema-graph\">{\"@context\":\"https:\\\/\\\/schema.org\",\"@graph\":[{\"@type\":\"Article\",\"@id\":\"https:\\\/\\\/www.meydan.tv\\\/az\\\/article\\\/bineqedide-magaza-yanib\\\/#article\",\"isPartOf\":{\"@id\":\"https:\\\/\\\/www.meydan.tv\\\/az\\\/article\\\/bineqedide-magaza-yanib\\\/\"},\"author\":{\"name\":\"elli\",\"@id\":\"https:\\\/\\\/www.meydan.tv\\\/az\\\/#\\\/schema\\\/person\\\/9cdbecf90d17180ce1dfbd95b08dcf47\"},\"headline\":\"Bin\u0259q\u0259did\u0259 ma\u011faza yan\u0131b\",\"datePublished\":\"2023-11-23T19:08:07+00:00\",\"dateModified\":\"2023-11-23T19:08:10+00:00\",\"mainEntityOfPage\":{\"@id\":\"https:\\\/\\\/www.meydan.tv\\\/az\\\/article\\\/bineqedide-magaza-yanib\\\/\"},\"wordCount\":205,\"publisher\":{\"@id\":\"https:\\\/\\\/www.meydan.tv\\\/az\\\/#organization\"},\"image\":{\"@id\":\"https:\\\/\\\/www.meydan.tv\\\/az\\\/article\\\/bineqedide-magaza-yanib\\\/#primaryimage\"},\"thumbnailUrl\":\"https:\\\/\\\/www.meydan.tv\\\/wp-content\\\/uploads\\\/1-22.jpg\",\"articleSection\":[\"Sosial\",\"X\u0259b\u0259rl\u0259r\"],\"inLanguage\":\"az\"},{\"@type\":\"WebPage\",\"@id\":\"https:\\\/\\\/www.meydan.tv\\\/az\\\/article\\\/bineqedide-magaza-yanib\\\/\",\"url\":\"https:\\\/\\\/www.meydan.tv\\\/az\\\/article\\\/bineqedide-magaza-yanib\\\/\",\"name\":\"Bin\u0259q\u0259did\u0259 ma\u011faza yan\u0131b - MEYDAN.TV\",\"isPartOf\":{\"@id\":\"https:\\\/\\\/www.meydan.tv\\\/az\\\/#website\"},\"primaryImageOfPage\":{\"@id\":\"https:\\\/\\\/www.meydan.tv\\\/az\\\/article\\\/bineqedide-magaza-yanib\\\/#primaryimage\"},\"image\":{\"@id\":\"https:\\\/\\\/www.meydan.tv\\\/az\\\/article\\\/bineqedide-magaza-yanib\\\/#primaryimage\"},\"thumbnailUrl\":\"https:\\\/\\\/www.meydan.tv\\\/wp-content\\\/uploads\\\/1-22.jpg\",\"datePublished\":\"2023-11-23T19:08:07+00:00\",\"dateModified\":\"2023-11-23T19:08:10+00:00\",\"breadcrumb\":{\"@id\":\"https:\\\/\\\/www.meydan.tv\\\/az\\\/article\\\/bineqedide-magaza-yanib\\\/#breadcrumb\"},\"inLanguage\":\"az\",\"potentialAction\":[{\"@type\":\"ReadAction\",\"target\":[\"https:\\\/\\\/www.meydan.tv\\\/az\\\/article\\\/bineqedide-magaza-yanib\\\/\"]}]},{\"@type\":\"ImageObject\",\"inLanguage\":\"az\",\"@id\":\"https:\\\/\\\/www.meydan.tv\\\/az\\\/article\\\/bineqedide-magaza-yanib\\\/#primaryimage\",\"url\":\"https:\\\/\\\/www.meydan.tv\\\/wp-content\\\/uploads\\\/1-22.jpg\",\"contentUrl\":\"https:\\\/\\\/www.meydan.tv\\\/wp-content\\\/uploads\\\/1-22.jpg\",\"width\":1920,\"height\":1080,\"caption\":\"Foto: D\u0130N\"},{\"@type\":\"BreadcrumbList\",\"@id\":\"https:\\\/\\\/www.meydan.tv\\\/az\\\/article\\\/bineqedide-magaza-yanib\\\/#breadcrumb\",\"itemListElement\":[{\"@type\":\"ListItem\",\"position\":1,\"name\":\"Ana s\u0259hif\u0259\",\"item\":\"https:\\\/\\\/www.meydan.tv\\\/az\\\/\"},{\"@type\":\"ListItem\",\"position\":2,\"name\":\"Sosial\",\"item\":\"https:\\\/\\\/www.meydan.tv\\\/az\\\/section\\\/sosial\\\/\"},{\"@type\":\"ListItem\",\"position\":3,\"name\":\"Bin\u0259q\u0259did\u0259 ma\u011faza yan\u0131b\"}]},{\"@type\":\"WebSite\",\"@id\":\"https:\\\/\\\/www.meydan.tv\\\/az\\\/#website\",\"url\":\"https:\\\/\\\/www.meydan.tv\\\/az\\\/\",\"name\":\"MEYDAN.TV\",\"description\":\"Meydan TV Az\u0259rbaycan\u0131n media m\u0259kan\u0131ndak\u0131 alternativ s\u0259sidir\",\"publisher\":{\"@id\":\"https:\\\/\\\/www.meydan.tv\\\/az\\\/#organization\"},\"potentialAction\":[{\"@type\":\"SearchAction\",\"target\":{\"@type\":\"EntryPoint\",\"urlTemplate\":\"https:\\\/\\\/www.meydan.tv\\\/az\\\/?s={search_term_string}\"},\"query-input\":{\"@type\":\"PropertyValueSpecification\",\"valueRequired\":true,\"valueName\":\"search_term_string\"}}],\"inLanguage\":\"az\"},{\"@type\":\"Organization\",\"@id\":\"https:\\\/\\\/www.meydan.tv\\\/az\\\/#organization\",\"name\":\"Meydan TV\",\"url\":\"https:\\\/\\\/www.meydan.tv\\\/az\\\/\",\"logo\":{\"@type\":\"ImageObject\",\"inLanguage\":\"az\",\"@id\":\"https:\\\/\\\/www.meydan.tv\\\/az\\\/#\\\/schema\\\/logo\\\/image\\\/\",\"url\":\"https:\\\/\\\/www.meydan.tv\\\/wp-content\\\/uploads\\\/2021\\\/07\\\/meydan-logo.svg\",\"contentUrl\":\"https:\\\/\\\/www.meydan.tv\\\/wp-content\\\/uploads\\\/2021\\\/07\\\/meydan-logo.svg\",\"width\":195,\"height\":46,\"caption\":\"Meydan TV\"},\"image\":{\"@id\":\"https:\\\/\\\/www.meydan.tv\\\/az\\\/#\\\/schema\\\/logo\\\/image\\\/\"}},{\"@type\":\"Person\",\"@id\":\"https:\\\/\\\/www.meydan.tv\\\/az\\\/#\\\/schema\\\/person\\\/9cdbecf90d17180ce1dfbd95b08dcf47\",\"name\":\"elli\",\"sameAs\":[\"https:\\\/\\\/x.com\\\/elli\"]}]}<\/script>\n<!-- \/ Yoast SEO plugin. -->","yoast_head_json":{"title":"Bin\u0259q\u0259did\u0259 ma\u011faza yan\u0131b - MEYDAN.TV","robots":{"index":"index","follow":"follow","max-snippet":"max-snippet:-1","max-image-preview":"max-image-preview:large","max-video-preview":"max-video-preview:-1"},"canonical":"https:\/\/www.meydan.tv\/az\/article\/bineqedide-magaza-yanib\/","og_locale":"az_AZ","og_type":"article","og_title":"Bin\u0259q\u0259did\u0259 ma\u011faza yan\u0131b - MEYDAN.TV","og_description":"Bir polisin x\u0259sar\u0259t ald\u0131\u011f\u0131 bildirilir Noyabr\u0131n 23-d\u0259 saat 20 rad\u0259l\u0259rind\u0259 ... Davam\u0131","og_url":"https:\/\/www.meydan.tv\/az\/article\/bineqedide-magaza-yanib\/","og_site_name":"MEYDAN.TV","article_published_time":"2023-11-23T19:08:07+00:00","article_modified_time":"2023-11-23T19:08:10+00:00","og_image":[{"width":1920,"height":1080,"url":"https:\/\/www.meydan.tv\/wp-content\/uploads\/1-22.jpg","type":"image\/jpeg"}],"author":"elli","twitter_card":"summary_large_image","twitter_creator":"@elli","schema":{"@context":"https:\/\/schema.org","@graph":[{"@type":"Article","@id":"https:\/\/www.meydan.tv\/az\/article\/bineqedide-magaza-yanib\/#article","isPartOf":{"@id":"https:\/\/www.meydan.tv\/az\/article\/bineqedide-magaza-yanib\/"},"author":{"name":"elli","@id":"https:\/\/www.meydan.tv\/az\/#\/schema\/person\/9cdbecf90d17180ce1dfbd95b08dcf47"},"headline":"Bin\u0259q\u0259did\u0259 ma\u011faza yan\u0131b","datePublished":"2023-11-23T19:08:07+00:00","dateModified":"2023-11-23T19:08:10+00:00","mainEntityOfPage":{"@id":"https:\/\/www.meydan.tv\/az\/article\/bineqedide-magaza-yanib\/"},"wordCount":205,"publisher":{"@id":"https:\/\/www.meydan.tv\/az\/#organization"},"image":{"@id":"https:\/\/www.meydan.tv\/az\/article\/bineqedide-magaza-yanib\/#primaryimage"},"thumbnailUrl":"https:\/\/www.meydan.tv\/wp-content\/uploads\/1-22.jpg","articleSection":["Sosial","X\u0259b\u0259rl\u0259r"],"inLanguage":"az"},{"@type":"WebPage","@id":"https:\/\/www.meydan.tv\/az\/article\/bineqedide-magaza-yanib\/","url":"https:\/\/www.meydan.tv\/az\/article\/bineqedide-magaza-yanib\/","name":"Bin\u0259q\u0259did\u0259 ma\u011faza yan\u0131b - MEYDAN.TV","isPartOf":{"@id":"https:\/\/www.meydan.tv\/az\/#website"},"primaryImageOfPage":{"@id":"https:\/\/www.meydan.tv\/az\/article\/bineqedide-magaza-yanib\/#primaryimage"},"image":{"@id":"https:\/\/www.meydan.tv\/az\/article\/bineqedide-magaza-yanib\/#primaryimage"},"thumbnailUrl":"https:\/\/www.meydan.tv\/wp-content\/uploads\/1-22.jpg","datePublished":"2023-11-23T19:08:07+00:00","dateModified":"2023-11-23T19:08:10+00:00","breadcrumb":{"@id":"https:\/\/www.meydan.tv\/az\/article\/bineqedide-magaza-yanib\/#breadcrumb"},"inLanguage":"az","potentialAction":[{"@type":"ReadAction","target":["https:\/\/www.meydan.tv\/az\/article\/bineqedide-magaza-yanib\/"]}]},{"@type":"ImageObject","inLanguage":"az","@id":"https:\/\/www.meydan.tv\/az\/article\/bineqedide-magaza-yanib\/#primaryimage","url":"https:\/\/www.meydan.tv\/wp-content\/uploads\/1-22.jpg","contentUrl":"https:\/\/www.meydan.tv\/wp-content\/uploads\/1-22.jpg","width":1920,"height":1080,"caption":"Foto: D\u0130N"},{"@type":"BreadcrumbList","@id":"https:\/\/www.meydan.tv\/az\/article\/bineqedide-magaza-yanib\/#breadcrumb","itemListElement":[{"@type":"ListItem","position":1,"name":"Ana s\u0259hif\u0259","item":"https:\/\/www.meydan.tv\/az\/"},{"@type":"ListItem","position":2,"name":"Sosial","item":"https:\/\/www.meydan.tv\/az\/section\/sosial\/"},{"@type":"ListItem","position":3,"name":"Bin\u0259q\u0259did\u0259 ma\u011faza yan\u0131b"}]},{"@type":"WebSite","@id":"https:\/\/www.meydan.tv\/az\/#website","url":"https:\/\/www.meydan.tv\/az\/","name":"MEYDAN.TV","description":"Meydan TV Az\u0259rbaycan\u0131n media m\u0259kan\u0131ndak\u0131 alternativ s\u0259sidir","publisher":{"@id":"https:\/\/www.meydan.tv\/az\/#organization"},"potentialAction":[{"@type":"SearchAction","target":{"@type":"EntryPoint","urlTemplate":"https:\/\/www.meydan.tv\/az\/?s={search_term_string}"},"query-input":{"@type":"PropertyValueSpecification","valueRequired":true,"valueName":"search_term_string"}}],"inLanguage":"az"},{"@type":"Organization","@id":"https:\/\/www.meydan.tv\/az\/#organization","name":"Meydan TV","url":"https:\/\/www.meydan.tv\/az\/","logo":{"@type":"ImageObject","inLanguage":"az","@id":"https:\/\/www.meydan.tv\/az\/#\/schema\/logo\/image\/","url":"https:\/\/www.meydan.tv\/wp-content\/uploads\/2021\/07\/meydan-logo.svg","contentUrl":"https:\/\/www.meydan.tv\/wp-content\/uploads\/2021\/07\/meydan-logo.svg","width":195,"height":46,"caption":"Meydan TV"},"image":{"@id":"https:\/\/www.meydan.tv\/az\/#\/schema\/logo\/image\/"}},{"@type":"Person","@id":"https:\/\/www.meydan.tv\/az\/#\/schema\/person\/9cdbecf90d17180ce1dfbd95b08dcf47","name":"elli","sameAs":["https:\/\/x.com\/elli"]}]}},"_links":{"self":[{"href":"https:\/\/www.meydan.tv\/az\/wp-json\/wp\/v2\/posts\/291386","targetHints":{"allow":["GET"]}}],"collection":[{"href":"https:\/\/www.meydan.tv\/az\/wp-json\/wp\/v2\/posts"}],"about":[{"href":"https:\/\/www.meydan.tv\/az\/wp-json\/wp\/v2\/types\/post"}],"author":[{"embeddable":true,"href":"https:\/\/www.meydan.tv\/az\/wp-json\/wp\/v2\/users\/8"}],"replies":[{"embeddable":true,"href":"https:\/\/www.meydan.tv\/az\/wp-json\/wp\/v2\/comments?post=291386"}],"version-history":[{"count":2,"href":"https:\/\/www.meydan.tv\/az\/wp-json\/wp\/v2\/posts\/291386\/revisions"}],"predecessor-version":[{"id":291391,"href":"https:\/\/www.meydan.tv\/az\/wp-json\/wp\/v2\/posts\/291386\/revisions\/291391"}],"wp:featuredmedia":[{"embeddable":true,"href":"https:\/\/www.meydan.tv\/az\/wp-json\/wp\/v2\/media\/291387"}],"wp:attachment":[{"href":"https:\/\/www.meydan.tv\/az\/wp-json\/wp\/v2\/media?parent=291386"}],"wp:term":[{"taxonomy":"category","embeddable":true,"href":"https:\/\/www.meydan.tv\/az\/wp-json\/wp\/v2\/categories?post=291386"},{"taxonomy":"post_tag","embeddable":true,"href":"https:\/\/www.meydan.tv\/az\/wp-json\/wp\/v2\/tags?post=291386"}],"curies":[{"name":"wp","href":"https:\/\/api.w.org\/{rel}","templated":true}]}}